{"id":669212,"date":"2026-04-24T06:00:52","date_gmt":"2026-04-24T04:00:52","guid":{"rendered":"https:\/\/kohenavocats.com\/tribunal-judiciaire-de-marseille-le-11-decembre-2025-n21-15685\/"},"modified":"2026-04-24T06:00:52","modified_gmt":"2026-04-24T04:00:52","slug":"tribunal-judiciaire-de-marseille-le-11-decembre-2025-n21-15685","status":"publish","type":"post","link":"https:\/\/kohenavocats.com\/en\/tribunal-judiciaire-de-marseille-le-11-decembre-2025-n21-15685\/","title":{"rendered":"Tribunal judiciaire de Marseille, le 11 d\u00e9cembre 2025, n\u00b021\/15685"},"content":{"rendered":"<div class=\"article-content\">\n<p>Le tribunal judiciaire de Marseille, le 11 d\u00e9cembre 2025, a statu\u00e9 sur une action en contestation de refus d&#8217;enregistrement d&#8217;une d\u00e9claration de nationalit\u00e9 fran\u00e7aise. Un individu, n\u00e9 en France de parents \u00e9trangers, avait souscrit une d\u00e9claration sur le fondement de l&#8217;article 21-11 du code civil. L&#8217;administration ayant refus\u00e9 cet enregistrement pour d\u00e9faut de preuve d&#8217;une r\u00e9sidence habituelle de cinq ans, le requ\u00e9rant a saisi le juge. Le tribunal a rejet\u00e9 sa demande, estimant que les conditions l\u00e9gales n&#8217;\u00e9taient pas \u00e9tablies, et a jug\u00e9 qu&#8217;il n&#8217;\u00e9tait pas fran\u00e7ais.<\/p>\n<p>Le contr\u00f4le de la r\u00e9gularit\u00e9 proc\u00e9durale du refus<\/p>\n<p>Le juge v\u00e9rifie d&#8217;abord le respect des d\u00e9lais l\u00e9gaux encadrant la d\u00e9cision administrative. Le texte impose que la d\u00e9cision de refus intervienne dans un d\u00e9lai de six mois \u00e0 compter de la d\u00e9livrance d&#8217;un r\u00e9c\u00e9piss\u00e9. &#8220;La d\u00e9cision de refus d&#8217;enregistrement doit intervenir six mois au plus apr\u00e8s la date \u00e0 laquelle a \u00e9t\u00e9 d\u00e9livr\u00e9 au d\u00e9clarant le r\u00e9c\u00e9piss\u00e9&#8221; (Tribunal judiciaire de Marseille, le 11 d\u00e9cembre 2025, n\u00b024\/11699). En l&#8217;absence de preuve sur la date de remise de ce r\u00e9c\u00e9piss\u00e9, le tribunal utilise la date de souscription de la d\u00e9claration comme point de r\u00e9f\u00e9rence. Il constate que le refus a \u00e9t\u00e9 notifi\u00e9 moins de six mois apr\u00e8s cette souscription, rendant la d\u00e9cision administrative proc\u00e9duralement r\u00e9guli\u00e8re. Cette approche pragmatique assure la s\u00e9curit\u00e9 juridique en validant un acte dont la r\u00e9gularit\u00e9 temporelle n&#8217;est pas contest\u00e9e. Elle \u00e9vite aussi de rejeter une requ\u00eate sur un simple vice de forme non d\u00e9nonc\u00e9.<\/p>\n<p>La charge de la preuve concernant les conditions de fond repose ensuite int\u00e9gralement sur le d\u00e9clarant. Le tribunal rappelle que c&#8217;est \u00e0 la personne qui r\u00e9clame la nationalit\u00e9 fran\u00e7aise de d\u00e9montrer qu&#8217;elle satisfait aux exigences l\u00e9gales. Cette r\u00e9partition de l&#8217;obligation probatoire est classique en mati\u00e8re d&#8217;acquisition de nationalit\u00e9 par d\u00e9claration. Elle place le fardeau de la d\u00e9monstration sur le b\u00e9n\u00e9ficiaire potentiel du droit, conform\u00e9ment au principe selon lequel l&#8217;administration statue sur pi\u00e8ces. Le requ\u00e9rant doit ainsi apporter des \u00e9l\u00e9ments probants et incontestables pour \u00e9tayer sa demande, sous peine de voir celle-ci rejet\u00e9e.<\/p>\n<p>L&#8217;appr\u00e9ciation stricte de la preuve de la r\u00e9sidence habituelle<\/p>\n<p>Le c\u0153ur du litige concerne la preuve de la r\u00e9sidence habituelle en France pendant cinq ans depuis l&#8217;\u00e2ge de onze ans. Le tribunal proc\u00e8de \u00e0 un examen minutieux et exigeant des pi\u00e8ces vers\u00e9es aux d\u00e9bats. Il rel\u00e8ve que le requ\u00e9rant all\u00e8gue une pr\u00e9sence totale de cinq ans, deux mois et dix-neuf jours sur le territoire. Cependant, les justificatifs produits ne permettent d&#8217;\u00e9tablir avec certitude qu&#8217;environ trois ans de r\u00e9sidence. Les documents concernant des s\u00e9jours ponctuels sont jug\u00e9s insuffisants pour caract\u00e9riser une r\u00e9sidence habituelle. Une attestation sur l&#8217;honneur produite en photocopie est \u00e9cart\u00e9e, \u00e9tant &#8220;d\u00e9nu\u00e9e de toute garantie d&#8217;int\u00e9grit\u00e9 et d&#8217;authenticit\u00e9 et donc de force probante&#8221;. Cette s\u00e9v\u00e9rit\u00e9 t\u00e9moigne d&#8217;une application rigoureuse des r\u00e8gles probatoires.<\/p>\n<p>Le juge refuse ainsi de compenser les p\u00e9riodes non justifi\u00e9es par de simples all\u00e9gations ou des documents fragiles. Cette solution affirme une exigence de preuve certaine et incontestable en mati\u00e8re d&#8217;\u00e9tat des personnes. La nationalit\u00e9 \u00e9tant un attribut fondamental de la personnalit\u00e9, son acquisition ne peut reposer sur des pr\u00e9somptions ou des \u00e9l\u00e9ments douteux. Le tribunal rappelle que &#8220;nul ne peut se voir attribuer la nationalit\u00e9 fran\u00e7aise \u00e0 quelque titre que ce soit s\u2019il ne justifie pas de fa\u00e7on certaine de son \u00e9tat civil&#8221;. Cette rigueur prot\u00e8ge l&#8217;int\u00e9grit\u00e9 des r\u00e8gles d&#8217;acquisition de la nationalit\u00e9 et la valeur de celle-ci.<\/p>\n<p>Le rejet des moyens alternatifs fond\u00e9s sur un autre article<\/p>\n<p>Le requ\u00e9rant invoquait \u00e9galement l&#8217;article 21-12 du code civil, relatif aux enfants confi\u00e9s \u00e0 l&#8217;aide sociale \u00e0 l&#8217;enfance. Le tribunal \u00e9carte ce moyen en soulignant une condition proc\u00e9durale imp\u00e9rative. L&#8217;acquisition sur ce fondement est &#8220;subordonn\u00e9e \u00e0 la souscription pr\u00e9alable d&#8217;une d\u00e9claration&#8221;. Or, aucune preuve d&#8217;une telle d\u00e9claration sp\u00e9cifique n&#8217;est apport\u00e9e. Le juge pr\u00e9cise que la souscription d&#8217;une d\u00e9claration sur un autre fondement, comme l&#8217;article 21-11, &#8220;ne pallie pas l&#8217;absence de souscription d&#8217;une d\u00e9claration sur le fondement de l&#8217;article 21-12&#8221;. Cette analyse isole strictement les diff\u00e9rentes voies d&#8217;acquisition de la nationalit\u00e9.<\/p>\n<p>Chaque fondement juridique constitue un chemin distinct, avec ses propres conditions de forme et de fond. Le requ\u00e9rant ne peut pas combiner les \u00e9l\u00e9ments de l&#8217;un pour suppl\u00e9er aux carences de l&#8217;autre. Cette interpr\u00e9tation garantit la clart\u00e9 et la pr\u00e9visibilit\u00e9 du droit de la nationalit\u00e9. Elle emp\u00eache toute confusion entre des r\u00e9gimes juridiques pourtant proches mais autonomes. La d\u00e9cision rappelle ainsi l&#8217;importance du formalisme requis pour des actes aussi graves que l&#8217;acquisition d&#8217;une nationalit\u00e9.<\/p>\n<\/div>\n","protected":false},"excerpt":{"rendered":"<p>Le tribunal judiciaire de Marseille, le 11 d\u00e9cembre 2025, a statu\u00e9 sur une action en contestation de refus d&#8217;enregistrement d&#8217;une d\u00e9claration de nationalit\u00e9 &#8230;<\/p>\n","protected":false},"author":232070755,"featured_media":9580,"comment_status":"open","ping_status":"open","sticky":false,"template":"","format":"standard","meta":{"_crdt_document":"","_jetpack_newsletter_access":"","_jetpack_dont_email_post_to_subs":false,"_jetpack_newsletter_tier_id":0,"_jetpack_memberships_contains_paywalled_content":false,"_jetpack_memberships_contains_paid_content":false,"footnotes":"","jetpack_post_was_ever_published":false},"categories":[7597],"tags":[],"class_list":["post-669212","post","type-post","status-publish","format-standard","has-post-thumbnail","hentry","category-jurisprudence"],"yoast_head":"<!-- This site is optimized with the Yoast SEO Premium plugin v27.4 (Yoast SEO v27.4) - https:\/\/yoast.com\/product\/yoast-seo-premium-wordpress\/ -->\n<title>Tribunal judiciaire de Marseille, le 11 d\u00e9cembre 2025, n\u00b021\/15685 - Ma\u00eetre Hassan Kohen, avocat en droit p\u00e9nal \u00e0 Paris<\/title>\n<meta name=\"description\" content=\"Le tribunal judiciaire de Marseille, le 11 d\u00e9cembre 2025, a statu\u00e9 sur une action en contestation de refus d&#039;enregistrement d&#039;une d\u00e9claration de nationalit\u00e9 ...\" \/>\n<meta name=\"robots\" content=\"index, follow, max-snippet:-1, max-image-preview:large, max-video-preview:-1\" \/>\n<link rel=\"canonical\" href=\"https:\/\/kohenavocats.com\/en\/tribunal-judiciaire-de-marseille-le-11-decembre-2025-n21-15685\/\" \/>\n<meta property=\"og:locale\" content=\"en_US\" \/>\n<meta property=\"og:type\" content=\"article\" \/>\n<meta property=\"og:title\" content=\"Tribunal judiciaire de Marseille, le 11 d\u00e9cembre 2025, n\u00b021\/15685\" \/>\n<meta property=\"og:description\" content=\"Le tribunal judiciaire de Marseille, le 11 d\u00e9cembre 2025, a statu\u00e9 sur une action en contestation de refus d&#039;enregistrement d&#039;une d\u00e9claration de nationalit\u00e9 ...\" \/>\n<meta property=\"og:url\" content=\"https:\/\/kohenavocats.com\/en\/tribunal-judiciaire-de-marseille-le-11-decembre-2025-n21-15685\/\" \/>\n<meta property=\"og:site_name\" content=\"Ma\u00eetre Hassan Kohen, avocat en droit p\u00e9nal \u00e0 Paris\" \/>\n<meta property=\"article:published_time\" content=\"2026-04-24T04:00:52+00:00\" \/>\n<meta property=\"og:image\" content=\"https:\/\/kohenavocats.com\/wp-content\/uploads\/2024\/11\/getty-images-btf-2n_Kcgw-unsplash.webp\" \/>\n\t<meta property=\"og:image:width\" content=\"4000\" \/>\n\t<meta property=\"og:image:height\" content=\"3000\" \/>\n\t<meta property=\"og:image:type\" content=\"image\/webp\" \/>\n<meta name=\"author\" content=\"Kohen\" \/>\n<meta name=\"twitter:card\" content=\"summary_large_image\" \/>\n<meta name=\"twitter:label1\" content=\"Written by\" \/>\n\t<meta name=\"twitter:data1\" content=\"Kohen\" \/>\n\t<meta name=\"twitter:label2\" content=\"Est. reading time\" \/>\n\t<meta name=\"twitter:data2\" content=\"4 minutes\" \/>\n<script type=\"application\/ld+json\" class=\"yoast-schema-graph\">{\"@context\":\"https:\\\/\\\/schema.org\",\"@graph\":[{\"@type\":\"Article\",\"@id\":\"https:\\\/\\\/kohenavocats.com\\\/en\\\/tribunal-judiciaire-de-marseille-le-11-decembre-2025-n21-15685\\\/#article\",\"isPartOf\":{\"@id\":\"https:\\\/\\\/kohenavocats.com\\\/en\\\/tribunal-judiciaire-de-marseille-le-11-decembre-2025-n21-15685\\\/\"},\"author\":{\"name\":\"Kohen\",\"@id\":\"https:\\\/\\\/kohenavocats.com\\\/en\\\/#\\\/schema\\\/person\\\/761c9ba54fa1ca84d405cef0831ff751\"},\"headline\":\"Tribunal judiciaire de Marseille, le 11 d\u00e9cembre 2025, n\u00b021\\\/15685\",\"datePublished\":\"2026-04-24T04:00:52+00:00\",\"mainEntityOfPage\":{\"@id\":\"https:\\\/\\\/kohenavocats.com\\\/en\\\/tribunal-judiciaire-de-marseille-le-11-decembre-2025-n21-15685\\\/\"},\"wordCount\":893,\"commentCount\":0,\"publisher\":{\"@id\":\"https:\\\/\\\/kohenavocats.com\\\/en\\\/#organization\"},\"image\":{\"@id\":\"https:\\\/\\\/kohenavocats.com\\\/en\\\/tribunal-judiciaire-de-marseille-le-11-decembre-2025-n21-15685\\\/#primaryimage\"},\"thumbnailUrl\":\"https:\\\/\\\/kohenavocats.com\\\/wp-content\\\/uploads\\\/2024\\\/11\\\/getty-images-btf-2n_Kcgw-unsplash.webp\",\"articleSection\":[\"Jurisprudence\"],\"inLanguage\":\"en-US\",\"potentialAction\":[{\"@type\":\"CommentAction\",\"name\":\"Comment\",\"target\":[\"https:\\\/\\\/kohenavocats.com\\\/en\\\/tribunal-judiciaire-de-marseille-le-11-decembre-2025-n21-15685\\\/#respond\"]}],\"citation\":\"Tribunal judiciaire de Marseille, le 11 d\u00e9cembre 2025, n\u00b021\\\/15685\",\"about\":[{\"@type\":\"Thing\",\"name\":\"Jurisprudence\"}],\"dateModified\":\"2026-04-24T04:00:52+00:00\",\"speakable\":{\"@type\":\"SpeakableSpecification\",\"cssSelector\":[\".article-content > p:first-of-type\"]}},{\"@type\":\"WebPage\",\"@id\":\"https:\\\/\\\/kohenavocats.com\\\/en\\\/tribunal-judiciaire-de-marseille-le-11-decembre-2025-n21-15685\\\/\",\"url\":\"https:\\\/\\\/kohenavocats.com\\\/en\\\/tribunal-judiciaire-de-marseille-le-11-decembre-2025-n21-15685\\\/\",\"name\":\"Tribunal judiciaire de Marseille, le 11 d\u00e9cembre 2025, n\u00b021\\\/15685 - Ma\u00eetre Hassan Kohen, avocat en droit p\u00e9nal \u00e0 Paris\",\"isPartOf\":{\"@id\":\"https:\\\/\\\/kohenavocats.com\\\/en\\\/#website\"},\"primaryImageOfPage\":{\"@id\":\"https:\\\/\\\/kohenavocats.com\\\/en\\\/tribunal-judiciaire-de-marseille-le-11-decembre-2025-n21-15685\\\/#primaryimage\"},\"image\":{\"@id\":\"https:\\\/\\\/kohenavocats.com\\\/en\\\/tribunal-judiciaire-de-marseille-le-11-decembre-2025-n21-15685\\\/#primaryimage\"},\"thumbnailUrl\":\"https:\\\/\\\/kohenavocats.com\\\/wp-content\\\/uploads\\\/2024\\\/11\\\/getty-images-btf-2n_Kcgw-unsplash.webp\",\"datePublished\":\"2026-04-24T04:00:52+00:00\",\"description\":\"Le tribunal judiciaire de Marseille, le 11 d\u00e9cembre 2025, a statu\u00e9 sur une action en contestation de refus d'enregistrement d'une d\u00e9claration de nationalit\u00e9 ...\",\"breadcrumb\":{\"@id\":\"https:\\\/\\\/kohenavocats.com\\\/en\\\/tribunal-judiciaire-de-marseille-le-11-decembre-2025-n21-15685\\\/#breadcrumb\"},\"inLanguage\":\"en-US\",\"potentialAction\":[{\"@type\":\"ReadAction\",\"target\":[\"https:\\\/\\\/kohenavocats.com\\\/en\\\/tribunal-judiciaire-de-marseille-le-11-decembre-2025-n21-15685\\\/\"]}]},{\"@type\":\"ImageObject\",\"inLanguage\":\"en-US\",\"@id\":\"https:\\\/\\\/kohenavocats.com\\\/en\\\/tribunal-judiciaire-de-marseille-le-11-decembre-2025-n21-15685\\\/#primaryimage\",\"url\":\"https:\\\/\\\/kohenavocats.com\\\/wp-content\\\/uploads\\\/2024\\\/11\\\/getty-images-btf-2n_Kcgw-unsplash.webp\",\"contentUrl\":\"https:\\\/\\\/kohenavocats.com\\\/wp-content\\\/uploads\\\/2024\\\/11\\\/getty-images-btf-2n_Kcgw-unsplash.webp\",\"width\":4000,\"height\":3000},{\"@type\":\"BreadcrumbList\",\"@id\":\"https:\\\/\\\/kohenavocats.com\\\/en\\\/tribunal-judiciaire-de-marseille-le-11-decembre-2025-n21-15685\\\/#breadcrumb\",\"itemListElement\":[{\"@type\":\"ListItem\",\"position\":1,\"name\":\"Home\",\"item\":\"https:\\\/\\\/kohenavocats.com\\\/en\\\/criminal-law-attorneys-in-paris-counsel-and-strategic-defense\\\/\"},{\"@type\":\"ListItem\",\"position\":2,\"name\":\"Tribunal judiciaire de Marseille, le 11 d\u00e9cembre 2025, n\u00b021\\\/15685\"}]},{\"@type\":\"WebSite\",\"@id\":\"https:\\\/\\\/kohenavocats.com\\\/en\\\/#website\",\"url\":\"https:\\\/\\\/kohenavocats.com\\\/en\\\/\",\"name\":\"Kohen Avocats\",\"description\":\"Ma\u00eetre Hassan Kohen, avocat p\u00e9naliste \u00e0 Paris, intervient exclusivement en droit p\u00e9nal pour la d\u00e9fense des particuliers, notamment en mati\u00e8re d\u2019accusations de viol. Il assure un accompagnement rigoureux d\u00e8s la garde \u00e0 vue jusqu\u2019\u00e0 la Cour d\u2019assises, veillant au strict respect des garanties proc\u00e9durales.\",\"publisher\":{\"@id\":\"https:\\\/\\\/kohenavocats.com\\\/en\\\/#organization\"},\"potentialAction\":[{\"@type\":\"SearchAction\",\"target\":{\"@type\":\"EntryPoint\",\"urlTemplate\":\"https:\\\/\\\/kohenavocats.com\\\/en\\\/?s={search_term_string}\"},\"query-input\":{\"@type\":\"PropertyValueSpecification\",\"valueRequired\":true,\"valueName\":\"search_term_string\"}}],\"inLanguage\":\"en-US\"},{\"@type\":\"Organization\",\"@id\":\"https:\\\/\\\/kohenavocats.com\\\/en\\\/#organization\",\"name\":\"Kohen Avocats\",\"url\":\"https:\\\/\\\/kohenavocats.com\\\/en\\\/\",\"logo\":{\"@type\":\"ImageObject\",\"inLanguage\":\"en-US\",\"@id\":\"https:\\\/\\\/kohenavocats.com\\\/en\\\/#\\\/schema\\\/logo\\\/image\\\/\",\"url\":\"https:\\\/\\\/kohenavocats.com\\\/wp-content\\\/uploads\\\/2026\\\/01\\\/Logo-2-1.webp\",\"contentUrl\":\"https:\\\/\\\/kohenavocats.com\\\/wp-content\\\/uploads\\\/2026\\\/01\\\/Logo-2-1.webp\",\"width\":2114,\"height\":1253,\"caption\":\"Kohen Avocats\"},\"image\":{\"@id\":\"https:\\\/\\\/kohenavocats.com\\\/en\\\/#\\\/schema\\\/logo\\\/image\\\/\"}},{\"@type\":\"Person\",\"@id\":\"https:\\\/\\\/kohenavocats.com\\\/en\\\/#\\\/schema\\\/person\\\/761c9ba54fa1ca84d405cef0831ff751\",\"name\":\"Kohen\",\"image\":{\"@type\":\"ImageObject\",\"inLanguage\":\"en-US\",\"@id\":\"https:\\\/\\\/secure.gravatar.com\\\/avatar\\\/1c5e76ef76bbbfdd2b4da984e2bf2fa4056fd51a27d25ce2c332047f1dfd6e00?s=96&d=identicon&r=g\",\"url\":\"https:\\\/\\\/secure.gravatar.com\\\/avatar\\\/1c5e76ef76bbbfdd2b4da984e2bf2fa4056fd51a27d25ce2c332047f1dfd6e00?s=96&d=identicon&r=g\",\"contentUrl\":\"https:\\\/\\\/secure.gravatar.com\\\/avatar\\\/1c5e76ef76bbbfdd2b4da984e2bf2fa4056fd51a27d25ce2c332047f1dfd6e00?s=96&d=identicon&r=g\",\"caption\":\"Kohen\"},\"sameAs\":[\"https:\\\/\\\/www.linkedin.com\\\/in\\\/hassan-kohen-448548192\\\/\",\"https:\\\/\\\/www.youtube.com\\\/@Kohen-Avocats\"],\"url\":\"https:\\\/\\\/kohenavocats.com\\\/en\\\/author\\\/kohenmlk\\\/\"}]}<\/script>\n<!-- \/ Yoast SEO Premium plugin. -->","yoast_head_json":{"title":"Tribunal judiciaire de Marseille, le 11 d\u00e9cembre 2025, n\u00b021\/15685 - Ma\u00eetre Hassan Kohen, avocat en droit p\u00e9nal \u00e0 Paris","description":"Le tribunal judiciaire de Marseille, le 11 d\u00e9cembre 2025, a statu\u00e9 sur une action en contestation de refus d'enregistrement d'une d\u00e9claration de nationalit\u00e9 ...","robots":{"index":"index","follow":"follow","max-snippet":"max-snippet:-1","max-image-preview":"max-image-preview:large","max-video-preview":"max-video-preview:-1"},"canonical":"https:\/\/kohenavocats.com\/en\/tribunal-judiciaire-de-marseille-le-11-decembre-2025-n21-15685\/","og_locale":"en_US","og_type":"article","og_title":"Tribunal judiciaire de Marseille, le 11 d\u00e9cembre 2025, n\u00b021\/15685","og_description":"Le tribunal judiciaire de Marseille, le 11 d\u00e9cembre 2025, a statu\u00e9 sur une action en contestation de refus d'enregistrement d'une d\u00e9claration de nationalit\u00e9 ...","og_url":"https:\/\/kohenavocats.com\/en\/tribunal-judiciaire-de-marseille-le-11-decembre-2025-n21-15685\/","og_site_name":"Ma\u00eetre Hassan Kohen, avocat en droit p\u00e9nal \u00e0 Paris","article_published_time":"2026-04-24T04:00:52+00:00","og_image":[{"width":4000,"height":3000,"url":"https:\/\/kohenavocats.com\/wp-content\/uploads\/2024\/11\/getty-images-btf-2n_Kcgw-unsplash.webp","type":"image\/webp"}],"author":"Kohen","twitter_card":"summary_large_image","twitter_misc":{"Written by":"Kohen","Est. reading time":"4 minutes"},"schema":{"@context":"https:\/\/schema.org","@graph":[{"@type":"Article","@id":"https:\/\/kohenavocats.com\/en\/tribunal-judiciaire-de-marseille-le-11-decembre-2025-n21-15685\/#article","isPartOf":{"@id":"https:\/\/kohenavocats.com\/en\/tribunal-judiciaire-de-marseille-le-11-decembre-2025-n21-15685\/"},"author":{"name":"Kohen","@id":"https:\/\/kohenavocats.com\/en\/#\/schema\/person\/761c9ba54fa1ca84d405cef0831ff751"},"headline":"Tribunal judiciaire de Marseille, le 11 d\u00e9cembre 2025, n\u00b021\/15685","datePublished":"2026-04-24T04:00:52+00:00","mainEntityOfPage":{"@id":"https:\/\/kohenavocats.com\/en\/tribunal-judiciaire-de-marseille-le-11-decembre-2025-n21-15685\/"},"wordCount":893,"commentCount":0,"publisher":{"@id":"https:\/\/kohenavocats.com\/en\/#organization"},"image":{"@id":"https:\/\/kohenavocats.com\/en\/tribunal-judiciaire-de-marseille-le-11-decembre-2025-n21-15685\/#primaryimage"},"thumbnailUrl":"https:\/\/kohenavocats.com\/wp-content\/uploads\/2024\/11\/getty-images-btf-2n_Kcgw-unsplash.webp","articleSection":["Jurisprudence"],"inLanguage":"en-US","potentialAction":[{"@type":"CommentAction","name":"Comment","target":["https:\/\/kohenavocats.com\/en\/tribunal-judiciaire-de-marseille-le-11-decembre-2025-n21-15685\/#respond"]}],"citation":"Tribunal judiciaire de Marseille, le 11 d\u00e9cembre 2025, n\u00b021\/15685","about":[{"@type":"Thing","name":"Jurisprudence"}],"dateModified":"2026-04-24T04:00:52+00:00","speakable":{"@type":"SpeakableSpecification","cssSelector":[".article-content > p:first-of-type"]}},{"@type":"WebPage","@id":"https:\/\/kohenavocats.com\/en\/tribunal-judiciaire-de-marseille-le-11-decembre-2025-n21-15685\/","url":"https:\/\/kohenavocats.com\/en\/tribunal-judiciaire-de-marseille-le-11-decembre-2025-n21-15685\/","name":"Tribunal judiciaire de Marseille, le 11 d\u00e9cembre 2025, n\u00b021\/15685 - Ma\u00eetre Hassan Kohen, avocat en droit p\u00e9nal \u00e0 Paris","isPartOf":{"@id":"https:\/\/kohenavocats.com\/en\/#website"},"primaryImageOfPage":{"@id":"https:\/\/kohenavocats.com\/en\/tribunal-judiciaire-de-marseille-le-11-decembre-2025-n21-15685\/#primaryimage"},"image":{"@id":"https:\/\/kohenavocats.com\/en\/tribunal-judiciaire-de-marseille-le-11-decembre-2025-n21-15685\/#primaryimage"},"thumbnailUrl":"https:\/\/kohenavocats.com\/wp-content\/uploads\/2024\/11\/getty-images-btf-2n_Kcgw-unsplash.webp","datePublished":"2026-04-24T04:00:52+00:00","description":"Le tribunal judiciaire de Marseille, le 11 d\u00e9cembre 2025, a statu\u00e9 sur une action en contestation de refus d'enregistrement d'une d\u00e9claration de nationalit\u00e9 ...","breadcrumb":{"@id":"https:\/\/kohenavocats.com\/en\/tribunal-judiciaire-de-marseille-le-11-decembre-2025-n21-15685\/#breadcrumb"},"inLanguage":"en-US","potentialAction":[{"@type":"ReadAction","target":["https:\/\/kohenavocats.com\/en\/tribunal-judiciaire-de-marseille-le-11-decembre-2025-n21-15685\/"]}]},{"@type":"ImageObject","inLanguage":"en-US","@id":"https:\/\/kohenavocats.com\/en\/tribunal-judiciaire-de-marseille-le-11-decembre-2025-n21-15685\/#primaryimage","url":"https:\/\/kohenavocats.com\/wp-content\/uploads\/2024\/11\/getty-images-btf-2n_Kcgw-unsplash.webp","contentUrl":"https:\/\/kohenavocats.com\/wp-content\/uploads\/2024\/11\/getty-images-btf-2n_Kcgw-unsplash.webp","width":4000,"height":3000},{"@type":"BreadcrumbList","@id":"https:\/\/kohenavocats.com\/en\/tribunal-judiciaire-de-marseille-le-11-decembre-2025-n21-15685\/#breadcrumb","itemListElement":[{"@type":"ListItem","position":1,"name":"Home","item":"https:\/\/kohenavocats.com\/en\/criminal-law-attorneys-in-paris-counsel-and-strategic-defense\/"},{"@type":"ListItem","position":2,"name":"Tribunal judiciaire de Marseille, le 11 d\u00e9cembre 2025, n\u00b021\/15685"}]},{"@type":"WebSite","@id":"https:\/\/kohenavocats.com\/en\/#website","url":"https:\/\/kohenavocats.com\/en\/","name":"Kohen Avocats","description":"Ma\u00eetre Hassan Kohen, avocat p\u00e9naliste \u00e0 Paris, intervient exclusivement en droit p\u00e9nal pour la d\u00e9fense des particuliers, notamment en mati\u00e8re d\u2019accusations de viol. Il assure un accompagnement rigoureux d\u00e8s la garde \u00e0 vue jusqu\u2019\u00e0 la Cour d\u2019assises, veillant au strict respect des garanties proc\u00e9durales.","publisher":{"@id":"https:\/\/kohenavocats.com\/en\/#organization"},"potentialAction":[{"@type":"SearchAction","target":{"@type":"EntryPoint","urlTemplate":"https:\/\/kohenavocats.com\/en\/?s={search_term_string}"},"query-input":{"@type":"PropertyValueSpecification","valueRequired":true,"valueName":"search_term_string"}}],"inLanguage":"en-US"},{"@type":"Organization","@id":"https:\/\/kohenavocats.com\/en\/#organization","name":"Kohen Avocats","url":"https:\/\/kohenavocats.com\/en\/","logo":{"@type":"ImageObject","inLanguage":"en-US","@id":"https:\/\/kohenavocats.com\/en\/#\/schema\/logo\/image\/","url":"https:\/\/kohenavocats.com\/wp-content\/uploads\/2026\/01\/Logo-2-1.webp","contentUrl":"https:\/\/kohenavocats.com\/wp-content\/uploads\/2026\/01\/Logo-2-1.webp","width":2114,"height":1253,"caption":"Kohen Avocats"},"image":{"@id":"https:\/\/kohenavocats.com\/en\/#\/schema\/logo\/image\/"}},{"@type":"Person","@id":"https:\/\/kohenavocats.com\/en\/#\/schema\/person\/761c9ba54fa1ca84d405cef0831ff751","name":"Kohen","image":{"@type":"ImageObject","inLanguage":"en-US","@id":"https:\/\/secure.gravatar.com\/avatar\/1c5e76ef76bbbfdd2b4da984e2bf2fa4056fd51a27d25ce2c332047f1dfd6e00?s=96&d=identicon&r=g","url":"https:\/\/secure.gravatar.com\/avatar\/1c5e76ef76bbbfdd2b4da984e2bf2fa4056fd51a27d25ce2c332047f1dfd6e00?s=96&d=identicon&r=g","contentUrl":"https:\/\/secure.gravatar.com\/avatar\/1c5e76ef76bbbfdd2b4da984e2bf2fa4056fd51a27d25ce2c332047f1dfd6e00?s=96&d=identicon&r=g","caption":"Kohen"},"sameAs":["https:\/\/www.linkedin.com\/in\/hassan-kohen-448548192\/","https:\/\/www.youtube.com\/@Kohen-Avocats"],"url":"https:\/\/kohenavocats.com\/en\/author\/kohenmlk\/"}]}},"jetpack_featured_media_url":"https:\/\/kohenavocats.com\/wp-content\/uploads\/2024\/11\/getty-images-btf-2n_Kcgw-unsplash.webp","jetpack_likes_enabled":false,"jetpack_shortlink":"https:\/\/wp.me\/peCrII-2O5K","jetpack-related-posts":[{"id":472314,"url":"https:\/\/kohenavocats.com\/en\/tribunal-judiciaire-de-marseille-le-11-decembre-2024-n24-11699\/","url_meta":{"origin":669212,"position":0},"title":"Tribunal judiciaire de Marseille, le 11 d\u00e9cembre 2024, n\u00b024\/11699","author":"Kohen","date":"7 April 2026","format":false,"excerpt":"Le tribunal judiciaire de Marseille, statuant en premi\u00e8re chambre civile le 11 d\u00e9cembre 2024, a examin\u00e9 une demande de certificat de nationalit\u00e9 fran\u00e7aise. L...","rel":"","context":"In &quot;Jurisprudence&quot;","block_context":{"text":"Jurisprudence","link":"https:\/\/kohenavocats.com\/category\/jurisprudence\/"},"img":{"alt_text":"","src":"https:\/\/i0.wp.com\/kohenavocats.com\/wp-content\/uploads\/2024\/11\/n-c-gNefKC_WWXM-unsplash.webp?resize=350%2C200&ssl=1","width":350,"height":200,"srcset":"https:\/\/i0.wp.com\/kohenavocats.com\/wp-content\/uploads\/2024\/11\/n-c-gNefKC_WWXM-unsplash.webp?resize=350%2C200&ssl=1 1x, https:\/\/i0.wp.com\/kohenavocats.com\/wp-content\/uploads\/2024\/11\/n-c-gNefKC_WWXM-unsplash.webp?resize=525%2C300&ssl=1 1.5x, https:\/\/i0.wp.com\/kohenavocats.com\/wp-content\/uploads\/2024\/11\/n-c-gNefKC_WWXM-unsplash.webp?resize=700%2C400&ssl=1 2x, https:\/\/i0.wp.com\/kohenavocats.com\/wp-content\/uploads\/2024\/11\/n-c-gNefKC_WWXM-unsplash.webp?resize=1050%2C600&ssl=1 3x, https:\/\/i0.wp.com\/kohenavocats.com\/wp-content\/uploads\/2024\/11\/n-c-gNefKC_WWXM-unsplash.webp?resize=1400%2C800&ssl=1 4x"},"classes":[]},{"id":470403,"url":"https:\/\/kohenavocats.com\/en\/tribunal-judiciaire-de-marseille-le-11-decembre-2025-n24-01286\/","url_meta":{"origin":669212,"position":1},"title":"Tribunal judiciaire de Marseille, le 11 d\u00e9cembre 2025, n\u00b024\/01286","author":"Kohen","date":"7 April 2026","format":false,"excerpt":"Le tribunal judiciaire de Marseille, premi\u00e8re chambre civile, a statu\u00e9 le 11 d\u00e9cembre 2025 sur une demande d'enregistrement d'une d\u00e9claration de nationalit\u00e9 ...","rel":"","context":"In &quot;Jurisprudence&quot;","block_context":{"text":"Jurisprudence","link":"https:\/\/kohenavocats.com\/category\/jurisprudence\/"},"img":{"alt_text":"","src":"https:\/\/i0.wp.com\/kohenavocats.com\/wp-content\/uploads\/2024\/11\/pawel-czerwinski-5bDy-13w_Nc-unsplash.webp?resize=350%2C200&ssl=1","width":350,"height":200,"srcset":"https:\/\/i0.wp.com\/kohenavocats.com\/wp-content\/uploads\/2024\/11\/pawel-czerwinski-5bDy-13w_Nc-unsplash.webp?resize=350%2C200&ssl=1 1x, https:\/\/i0.wp.com\/kohenavocats.com\/wp-content\/uploads\/2024\/11\/pawel-czerwinski-5bDy-13w_Nc-unsplash.webp?resize=525%2C300&ssl=1 1.5x, https:\/\/i0.wp.com\/kohenavocats.com\/wp-content\/uploads\/2024\/11\/pawel-czerwinski-5bDy-13w_Nc-unsplash.webp?resize=700%2C400&ssl=1 2x, https:\/\/i0.wp.com\/kohenavocats.com\/wp-content\/uploads\/2024\/11\/pawel-czerwinski-5bDy-13w_Nc-unsplash.webp?resize=1050%2C600&ssl=1 3x, https:\/\/i0.wp.com\/kohenavocats.com\/wp-content\/uploads\/2024\/11\/pawel-czerwinski-5bDy-13w_Nc-unsplash.webp?resize=1400%2C800&ssl=1 4x"},"classes":[]},{"id":468859,"url":"https:\/\/kohenavocats.com\/en\/caa-caa-de-marseille-21-03-2025-n-23ma02684\/","url_meta":{"origin":669212,"position":2},"title":"CAA \u2013 CAA de MARSEILLE \u2013 21\/03\/2025 \u2013 n\u00b0 23MA02684","author":"Kohen","date":"7 April 2026","format":false,"excerpt":"La Cour administrative d'appel de Marseille, par une d\u00e9cision du 21 mars 2025, a tranch\u00e9 un litige relatif \u00e0 la l\u00e9galit\u00e9 d'une mesure d'\u00e9loignement. Un...","rel":"","context":"In &quot;Juridictions administratives&quot;","block_context":{"text":"Juridictions administratives","link":"https:\/\/kohenavocats.com\/category\/juridictions-administratives\/"},"img":{"alt_text":"","src":"https:\/\/i0.wp.com\/kohenavocats.com\/wp-content\/uploads\/2024\/11\/mohamed-nohassi-vGTXy8FS7b0-unsplash.webp?resize=350%2C200&ssl=1","width":350,"height":200,"srcset":"https:\/\/i0.wp.com\/kohenavocats.com\/wp-content\/uploads\/2024\/11\/mohamed-nohassi-vGTXy8FS7b0-unsplash.webp?resize=350%2C200&ssl=1 1x, https:\/\/i0.wp.com\/kohenavocats.com\/wp-content\/uploads\/2024\/11\/mohamed-nohassi-vGTXy8FS7b0-unsplash.webp?resize=525%2C300&ssl=1 1.5x, https:\/\/i0.wp.com\/kohenavocats.com\/wp-content\/uploads\/2024\/11\/mohamed-nohassi-vGTXy8FS7b0-unsplash.webp?resize=700%2C400&ssl=1 2x, https:\/\/i0.wp.com\/kohenavocats.com\/wp-content\/uploads\/2024\/11\/mohamed-nohassi-vGTXy8FS7b0-unsplash.webp?resize=1050%2C600&ssl=1 3x, https:\/\/i0.wp.com\/kohenavocats.com\/wp-content\/uploads\/2024\/11\/mohamed-nohassi-vGTXy8FS7b0-unsplash.webp?resize=1400%2C800&ssl=1 4x"},"classes":[]},{"id":225417,"url":"https:\/\/kohenavocats.com\/en\/cour-dappel-administrative-de-marseille-le-21-mars-2025-n23ma02684\/","url_meta":{"origin":669212,"position":3},"title":"Cour d&#8217;appel administrative de Marseille, le 21 mars 2025, n\u00b023MA02684","author":"Kohen","date":"26 December 2025","format":false,"excerpt":"La Cour administrative d'appel de Marseille, par une d\u00e9cision du 21 mars 2025, a tranch\u00e9 un litige relatif \u00e0 la l\u00e9galit\u00e9 d'une mesure d'\u00e9loignement. Un ressortissant \u00e9tranger a contest\u00e9 un arr\u00eat\u00e9 pr\u00e9fectoral portant obligation de quitter le territoire fran\u00e7ais apr\u00e8s le rejet d\u00e9finitif de sa demande d'asile politique. Le tribunal\u2026","rel":"","context":"In &quot;Cour administrative d'appel&quot;","block_context":{"text":"Cour administrative d'appel","link":"https:\/\/kohenavocats.com\/category\/cour-administrative-dappel\/"},"img":{"alt_text":"","src":"https:\/\/i0.wp.com\/kohenavocats.com\/wp-content\/uploads\/2024\/08\/camille-brodard-tJSToBa5cwc-unsplash.webp?resize=350%2C200&ssl=1","width":350,"height":200,"srcset":"https:\/\/i0.wp.com\/kohenavocats.com\/wp-content\/uploads\/2024\/08\/camille-brodard-tJSToBa5cwc-unsplash.webp?resize=350%2C200&ssl=1 1x, https:\/\/i0.wp.com\/kohenavocats.com\/wp-content\/uploads\/2024\/08\/camille-brodard-tJSToBa5cwc-unsplash.webp?resize=525%2C300&ssl=1 1.5x, https:\/\/i0.wp.com\/kohenavocats.com\/wp-content\/uploads\/2024\/08\/camille-brodard-tJSToBa5cwc-unsplash.webp?resize=700%2C400&ssl=1 2x, https:\/\/i0.wp.com\/kohenavocats.com\/wp-content\/uploads\/2024\/08\/camille-brodard-tJSToBa5cwc-unsplash.webp?resize=1050%2C600&ssl=1 3x, https:\/\/i0.wp.com\/kohenavocats.com\/wp-content\/uploads\/2024\/08\/camille-brodard-tJSToBa5cwc-unsplash.webp?resize=1400%2C800&ssl=1 4x"},"classes":[]},{"id":472914,"url":"https:\/\/kohenavocats.com\/en\/tribunal-judiciaire-de-marseille-le-11-decembre-2025-n24-10287\/","url_meta":{"origin":669212,"position":4},"title":"Tribunal judiciaire de Marseille, le 11 d\u00e9cembre 2025, n\u00b024\/10287","author":"Kohen","date":"7 April 2026","format":false,"excerpt":"Le tribunal judiciaire de Marseille, le 11 d\u00e9cembre 2025, annule l'enregistrement d'une d\u00e9claration de nationalit\u00e9 fond\u00e9e sur le mariage. L'administration co...","rel":"","context":"In &quot;Jurisprudence&quot;","block_context":{"text":"Jurisprudence","link":"https:\/\/kohenavocats.com\/category\/jurisprudence\/"},"img":{"alt_text":"","src":"https:\/\/i0.wp.com\/kohenavocats.com\/wp-content\/uploads\/2024\/08\/adam-ling-qmEbuqzB6L0-unsplash.webp?resize=350%2C200&ssl=1","width":350,"height":200,"srcset":"https:\/\/i0.wp.com\/kohenavocats.com\/wp-content\/uploads\/2024\/08\/adam-ling-qmEbuqzB6L0-unsplash.webp?resize=350%2C200&ssl=1 1x, https:\/\/i0.wp.com\/kohenavocats.com\/wp-content\/uploads\/2024\/08\/adam-ling-qmEbuqzB6L0-unsplash.webp?resize=525%2C300&ssl=1 1.5x, https:\/\/i0.wp.com\/kohenavocats.com\/wp-content\/uploads\/2024\/08\/adam-ling-qmEbuqzB6L0-unsplash.webp?resize=700%2C400&ssl=1 2x, https:\/\/i0.wp.com\/kohenavocats.com\/wp-content\/uploads\/2024\/08\/adam-ling-qmEbuqzB6L0-unsplash.webp?resize=1050%2C600&ssl=1 3x, https:\/\/i0.wp.com\/kohenavocats.com\/wp-content\/uploads\/2024\/08\/adam-ling-qmEbuqzB6L0-unsplash.webp?resize=1400%2C800&ssl=1 4x"},"classes":[]},{"id":462703,"url":"https:\/\/kohenavocats.com\/en\/caa-caa-de-marseille-20-01-2025-n-23ma01959\/","url_meta":{"origin":669212,"position":5},"title":"CAA \u2013 CAA de MARSEILLE \u2013 20\/01\/2025 \u2013 n\u00b0 23MA01959","author":"Kohen","date":"7 April 2026","format":false,"excerpt":"Par un arr\u00eat rendu le 20 janvier 2025, la Cour administrative d'appel de Marseille a pr\u00e9cis\u00e9 les contours de la proc\u00e9dure d'enregistrement des meubl\u00e9s de...","rel":"","context":"In &quot;Juridictions administratives&quot;","block_context":{"text":"Juridictions administratives","link":"https:\/\/kohenavocats.com\/category\/juridictions-administratives\/"},"img":{"alt_text":"","src":"https:\/\/i0.wp.com\/kohenavocats.com\/wp-content\/uploads\/2024\/11\/kevin-delval-JCjXLkyk6Kw-unsplash.webp?resize=350%2C200&ssl=1","width":350,"height":200,"srcset":"https:\/\/i0.wp.com\/kohenavocats.com\/wp-content\/uploads\/2024\/11\/kevin-delval-JCjXLkyk6Kw-unsplash.webp?resize=350%2C200&ssl=1 1x, https:\/\/i0.wp.com\/kohenavocats.com\/wp-content\/uploads\/2024\/11\/kevin-delval-JCjXLkyk6Kw-unsplash.webp?resize=525%2C300&ssl=1 1.5x, https:\/\/i0.wp.com\/kohenavocats.com\/wp-content\/uploads\/2024\/11\/kevin-delval-JCjXLkyk6Kw-unsplash.webp?resize=700%2C400&ssl=1 2x, https:\/\/i0.wp.com\/kohenavocats.com\/wp-content\/uploads\/2024\/11\/kevin-delval-JCjXLkyk6Kw-unsplash.webp?resize=1050%2C600&ssl=1 3x, https:\/\/i0.wp.com\/kohenavocats.com\/wp-content\/uploads\/2024\/11\/kevin-delval-JCjXLkyk6Kw-unsplash.webp?resize=1400%2C800&ssl=1 4x"},"classes":[]}],"jetpack_sharing_enabled":true,"_links":{"self":[{"href":"https:\/\/kohenavocats.com\/en\/wp-json\/wp\/v2\/posts\/669212","targetHints":{"allow":["GET"]}}],"collection":[{"href":"https:\/\/kohenavocats.com\/en\/wp-json\/wp\/v2\/posts"}],"about":[{"href":"https:\/\/kohenavocats.com\/en\/wp-json\/wp\/v2\/types\/post"}],"author":[{"embeddable":true,"href":"https:\/\/kohenavocats.com\/en\/wp-json\/wp\/v2\/users\/232070755"}],"replies":[{"embeddable":true,"href":"https:\/\/kohenavocats.com\/en\/wp-json\/wp\/v2\/comments?post=669212"}],"version-history":[{"count":0,"href":"https:\/\/kohenavocats.com\/en\/wp-json\/wp\/v2\/posts\/669212\/revisions"}],"wp:featuredmedia":[{"embeddable":true,"href":"https:\/\/kohenavocats.com\/en\/wp-json\/wp\/v2\/media\/9580"}],"wp:attachment":[{"href":"https:\/\/kohenavocats.com\/en\/wp-json\/wp\/v2\/media?parent=669212"}],"wp:term":[{"taxonomy":"category","embeddable":true,"href":"https:\/\/kohenavocats.com\/en\/wp-json\/wp\/v2\/categories?post=669212"},{"taxonomy":"post_tag","embeddable":true,"href":"https:\/\/kohenavocats.com\/en\/wp-json\/wp\/v2\/tags?post=669212"}],"curies":[{"name":"wp","href":"https:\/\/api.w.org\/{rel}","templated":true}]}}