{"id":670093,"date":"2026-04-24T07:17:31","date_gmt":"2026-04-24T05:17:31","guid":{"rendered":"https:\/\/kohenavocats.com\/tribunal-judiciaire-de-bobigny-le-19-janvier-2026-n25-04744\/"},"modified":"2026-04-24T07:17:31","modified_gmt":"2026-04-24T05:17:31","slug":"tribunal-judiciaire-de-bobigny-le-19-janvier-2026-n25-04744","status":"publish","type":"post","link":"https:\/\/kohenavocats.com\/en\/tribunal-judiciaire-de-bobigny-le-19-janvier-2026-n25-04744\/","title":{"rendered":"Tribunal judiciaire de Bobigny, le 19 janvier 2026, n\u00b025\/04744"},"content":{"rendered":"<div class=\"article-content\">\n<p>Le tribunal judiciaire de Bobigny, statuant le 19 janvier 2026, a examin\u00e9 une demande de d\u00e9lais avant expulsion. Le juge de l&#8217;ex\u00e9cution, saisi par l&#8217;occupant, a accord\u00e9 un d\u00e9lai de douze mois sous condition. La d\u00e9cision pr\u00e9cise les modalit\u00e9s de cette suspension et son extinction en cas de d\u00e9faillance.<\/p>\n<p>L&#8217;encadrement l\u00e9gal des d\u00e9lais d&#8217;expulsion<\/p>\n<p>Le juge fonde sa d\u00e9cision sur le r\u00e9gime d\u00e9rogatoire de l&#8217;article L. 412-3 du code des proc\u00e9dures civiles d&#8217;ex\u00e9cution. Ce texte autorise l&#8217;octroi de d\u00e9lais renouvelables lorsque le relogement ne peut s&#8217;effectuer dans des conditions normales. Le dispositif est strictement encadr\u00e9 pour concilier les droits antagonistes. La dur\u00e9e l\u00e9gale des d\u00e9lais est rappel\u00e9e avec pr\u00e9cision par la juridiction. &#8220;La dur\u00e9e des d\u00e9lais pr\u00e9vus \u00e0 l&#8217;article L. 412-3 ne peut, en aucun cas, \u00eatre inf\u00e9rieure \u00e0 un mois ni sup\u00e9rieure \u00e0 un an&#8221; (Motifs de la d\u00e9cision). Ce cadre imp\u00e9ratif limite le pouvoir d&#8217;appr\u00e9ciation du juge de l&#8217;ex\u00e9cution. La fixation du d\u00e9lai maximal de douze mois respecte ainsi le plafond l\u00e9gal. La jurisprudence du Tribunal judiciaire de N\u00eemes confirme cette lecture stricte des textes. &#8220;Aux termes de l&#8217;article L. 412-3 du code des proc\u00e9dures civiles d&#8217;ex\u00e9cution : \u00ab Le juge peut accorder des d\u00e9lais renouvelables (&#8230;) chaque fois que le relogement des int\u00e9ress\u00e9s ne peut avoir lieu dans des conditions normales&#8221; (Tribunal judiciaire de N\u00eemes, le 23 mai 2025, n\u00b025\/01604). La d\u00e9cision comment\u00e9e s&#8217;inscrit dans cette application rigoureuse.<\/p>\n<p>La pond\u00e9ration des int\u00e9r\u00eats en pr\u00e9sence<\/p>\n<p>Le juge op\u00e8re une conciliation pratique entre la protection de l&#8217;occupant et les droits du propri\u00e9taire. L&#8217;accord des parties sur la dur\u00e9e du d\u00e9lai est un \u00e9l\u00e9ment d\u00e9terminant de la motivation. Le juge subordonne cependant le b\u00e9n\u00e9fice du d\u00e9lai au paiement d&#8217;une indemnit\u00e9 d&#8217;occupation. &#8220;Afin de ne pas p\u00e9naliser excessivement le propri\u00e9taire, ces d\u00e9lais seront subordonn\u00e9s au paiement r\u00e9gulier de l&#8217;indemnit\u00e9 d&#8217;occupation courante&#8221; (Motifs de la d\u00e9cision). Cette condition vise \u00e0 \u00e9quilibrer les situations respectives pendant la p\u00e9riode transitoire. Le dispositif organise une sanction claire en cas de manquement. La perte du b\u00e9n\u00e9fice du d\u00e9lai est automatique apr\u00e8s une mise en demeure infructueuse. Cette solution est conforme \u00e0 la jurisprudence r\u00e9cente sur l&#8217;\u00e9quilibre des droits. &#8220;Afin de ne pas p\u00e9naliser excessivement le propri\u00e9taire, les d\u00e9lais accord\u00e9s seront subordonn\u00e9s au paiement r\u00e9gulier de l&#8217;indemnit\u00e9 d&#8217;occupation courante&#8221; (Tribunal judiciaire de Bobigny, le 19 janvier 2026, n\u00b025\/08767). La d\u00e9cision renforce ainsi la s\u00e9curit\u00e9 juridique du bailleur. Elle garantit une ex\u00e9cution effective de l&#8217;obligation financi\u00e8re de l&#8217;occupant.<\/p>\n<\/div>\n","protected":false},"excerpt":{"rendered":"<p>Le tribunal judiciaire de Bobigny, statuant le 19 janvier 2026, a examin\u00e9 une demande de d\u00e9lais avant expulsion. Le juge de l&#8217;ex\u00e9cution, saisi par l&#8217;occupant&#8230;<\/p>\n","protected":false},"author":232070755,"featured_media":9629,"comment_status":"open","ping_status":"open","sticky":false,"template":"","format":"standard","meta":{"_crdt_document":"","_jetpack_newsletter_access":"","_jetpack_dont_email_post_to_subs":false,"_jetpack_newsletter_tier_id":0,"_jetpack_memberships_contains_paywalled_content":false,"_jetpack_memberships_contains_paid_content":false,"footnotes":"","jetpack_post_was_ever_published":false},"categories":[35583,7597],"tags":[],"class_list":["post-670093","post","type-post","status-publish","format-standard","has-post-thumbnail","hentry","category-immobilier","category-jurisprudence"],"yoast_head":"<!-- This site is optimized with the Yoast SEO Premium plugin v27.4 (Yoast SEO v27.4) - https:\/\/yoast.com\/product\/yoast-seo-premium-wordpress\/ -->\n<title>Tribunal judiciaire de Bobigny, le 19 janvier 2026, n\u00b025\/04744 - Ma\u00eetre Hassan Kohen, avocat en droit p\u00e9nal \u00e0 Paris<\/title>\n<meta name=\"description\" content=\"Le tribunal judiciaire de Bobigny, statuant le 19 janvier 2026, a examin\u00e9 une demande de d\u00e9lais avant expulsion. Le juge de l&#039;ex\u00e9cution, saisi par l&#039;occupant...\" \/>\n<meta name=\"robots\" content=\"index, follow, max-snippet:-1, max-image-preview:large, max-video-preview:-1\" \/>\n<link rel=\"canonical\" href=\"https:\/\/kohenavocats.com\/en\/tribunal-judiciaire-de-bobigny-le-19-janvier-2026-n25-04744\/\" \/>\n<meta property=\"og:locale\" content=\"en_US\" \/>\n<meta property=\"og:type\" content=\"article\" \/>\n<meta property=\"og:title\" content=\"Tribunal judiciaire de Bobigny, le 19 janvier 2026, n\u00b025\/04744\" \/>\n<meta property=\"og:description\" content=\"Le tribunal judiciaire de Bobigny, statuant le 19 janvier 2026, a examin\u00e9 une demande de d\u00e9lais avant expulsion. Le juge de l&#039;ex\u00e9cution, saisi par l&#039;occupant...\" \/>\n<meta property=\"og:url\" content=\"https:\/\/kohenavocats.com\/en\/tribunal-judiciaire-de-bobigny-le-19-janvier-2026-n25-04744\/\" \/>\n<meta property=\"og:site_name\" content=\"Ma\u00eetre Hassan Kohen, avocat en droit p\u00e9nal \u00e0 Paris\" \/>\n<meta property=\"article:published_time\" content=\"2026-04-24T05:17:31+00:00\" \/>\n<meta property=\"og:image\" content=\"https:\/\/kohenavocats.com\/wp-content\/uploads\/2024\/11\/etienne-girardet-ALIEN0anXKg-unsplash.webp\" \/>\n\t<meta property=\"og:image:width\" content=\"5472\" \/>\n\t<meta property=\"og:image:height\" content=\"3648\" \/>\n\t<meta property=\"og:image:type\" content=\"image\/webp\" \/>\n<meta name=\"author\" content=\"Kohen\" \/>\n<meta name=\"twitter:card\" content=\"summary_large_image\" \/>\n<meta name=\"twitter:label1\" content=\"Written by\" \/>\n\t<meta name=\"twitter:data1\" content=\"Kohen\" \/>\n\t<meta name=\"twitter:label2\" content=\"Est. reading time\" \/>\n\t<meta name=\"twitter:data2\" content=\"2 minutes\" \/>\n<script type=\"application\/ld+json\" class=\"yoast-schema-graph\">{\"@context\":\"https:\\\/\\\/schema.org\",\"@graph\":[{\"@type\":\"Article\",\"@id\":\"https:\\\/\\\/kohenavocats.com\\\/en\\\/tribunal-judiciaire-de-bobigny-le-19-janvier-2026-n25-04744\\\/#article\",\"isPartOf\":{\"@id\":\"https:\\\/\\\/kohenavocats.com\\\/en\\\/tribunal-judiciaire-de-bobigny-le-19-janvier-2026-n25-04744\\\/\"},\"author\":{\"name\":\"Kohen\",\"@id\":\"https:\\\/\\\/kohenavocats.com\\\/en\\\/#\\\/schema\\\/person\\\/761c9ba54fa1ca84d405cef0831ff751\"},\"headline\":\"Tribunal judiciaire de Bobigny, le 19 janvier 2026, n\u00b025\\\/04744\",\"datePublished\":\"2026-04-24T05:17:31+00:00\",\"mainEntityOfPage\":{\"@id\":\"https:\\\/\\\/kohenavocats.com\\\/en\\\/tribunal-judiciaire-de-bobigny-le-19-janvier-2026-n25-04744\\\/\"},\"wordCount\":493,\"commentCount\":0,\"publisher\":{\"@id\":\"https:\\\/\\\/kohenavocats.com\\\/en\\\/#organization\"},\"image\":{\"@id\":\"https:\\\/\\\/kohenavocats.com\\\/en\\\/tribunal-judiciaire-de-bobigny-le-19-janvier-2026-n25-04744\\\/#primaryimage\"},\"thumbnailUrl\":\"https:\\\/\\\/kohenavocats.com\\\/wp-content\\\/uploads\\\/2024\\\/11\\\/etienne-girardet-ALIEN0anXKg-unsplash.webp\",\"articleSection\":[\"Immobilier\",\"Jurisprudence\"],\"inLanguage\":\"en-US\",\"potentialAction\":[{\"@type\":\"CommentAction\",\"name\":\"Comment\",\"target\":[\"https:\\\/\\\/kohenavocats.com\\\/en\\\/tribunal-judiciaire-de-bobigny-le-19-janvier-2026-n25-04744\\\/#respond\"]}],\"citation\":\"Tribunal judiciaire de Bobigny, le 19 janvier 2026, n\u00b025\\\/04744\",\"about\":[{\"@type\":\"Thing\",\"name\":\"Immobilier\"},{\"@type\":\"Thing\",\"name\":\"Jurisprudence\"}],\"dateModified\":\"2026-04-24T05:17:31+00:00\",\"speakable\":{\"@type\":\"SpeakableSpecification\",\"cssSelector\":[\".article-content > p:first-of-type\"]}},{\"@type\":\"WebPage\",\"@id\":\"https:\\\/\\\/kohenavocats.com\\\/en\\\/tribunal-judiciaire-de-bobigny-le-19-janvier-2026-n25-04744\\\/\",\"url\":\"https:\\\/\\\/kohenavocats.com\\\/en\\\/tribunal-judiciaire-de-bobigny-le-19-janvier-2026-n25-04744\\\/\",\"name\":\"Tribunal judiciaire de Bobigny, le 19 janvier 2026, n\u00b025\\\/04744 - Ma\u00eetre Hassan Kohen, avocat en droit p\u00e9nal \u00e0 Paris\",\"isPartOf\":{\"@id\":\"https:\\\/\\\/kohenavocats.com\\\/en\\\/#website\"},\"primaryImageOfPage\":{\"@id\":\"https:\\\/\\\/kohenavocats.com\\\/en\\\/tribunal-judiciaire-de-bobigny-le-19-janvier-2026-n25-04744\\\/#primaryimage\"},\"image\":{\"@id\":\"https:\\\/\\\/kohenavocats.com\\\/en\\\/tribunal-judiciaire-de-bobigny-le-19-janvier-2026-n25-04744\\\/#primaryimage\"},\"thumbnailUrl\":\"https:\\\/\\\/kohenavocats.com\\\/wp-content\\\/uploads\\\/2024\\\/11\\\/etienne-girardet-ALIEN0anXKg-unsplash.webp\",\"datePublished\":\"2026-04-24T05:17:31+00:00\",\"description\":\"Le tribunal judiciaire de Bobigny, statuant le 19 janvier 2026, a examin\u00e9 une demande de d\u00e9lais avant expulsion. Le juge de l'ex\u00e9cution, saisi par l'occupant...\",\"breadcrumb\":{\"@id\":\"https:\\\/\\\/kohenavocats.com\\\/en\\\/tribunal-judiciaire-de-bobigny-le-19-janvier-2026-n25-04744\\\/#breadcrumb\"},\"inLanguage\":\"en-US\",\"potentialAction\":[{\"@type\":\"ReadAction\",\"target\":[\"https:\\\/\\\/kohenavocats.com\\\/en\\\/tribunal-judiciaire-de-bobigny-le-19-janvier-2026-n25-04744\\\/\"]}]},{\"@type\":\"ImageObject\",\"inLanguage\":\"en-US\",\"@id\":\"https:\\\/\\\/kohenavocats.com\\\/en\\\/tribunal-judiciaire-de-bobigny-le-19-janvier-2026-n25-04744\\\/#primaryimage\",\"url\":\"https:\\\/\\\/kohenavocats.com\\\/wp-content\\\/uploads\\\/2024\\\/11\\\/etienne-girardet-ALIEN0anXKg-unsplash.webp\",\"contentUrl\":\"https:\\\/\\\/kohenavocats.com\\\/wp-content\\\/uploads\\\/2024\\\/11\\\/etienne-girardet-ALIEN0anXKg-unsplash.webp\",\"width\":5472,\"height\":3648},{\"@type\":\"BreadcrumbList\",\"@id\":\"https:\\\/\\\/kohenavocats.com\\\/en\\\/tribunal-judiciaire-de-bobigny-le-19-janvier-2026-n25-04744\\\/#breadcrumb\",\"itemListElement\":[{\"@type\":\"ListItem\",\"position\":1,\"name\":\"Home\",\"item\":\"https:\\\/\\\/kohenavocats.com\\\/en\\\/criminal-law-attorneys-in-paris-counsel-and-strategic-defense\\\/\"},{\"@type\":\"ListItem\",\"position\":2,\"name\":\"Tribunal judiciaire de Bobigny, le 19 janvier 2026, n\u00b025\\\/04744\"}]},{\"@type\":\"WebSite\",\"@id\":\"https:\\\/\\\/kohenavocats.com\\\/en\\\/#website\",\"url\":\"https:\\\/\\\/kohenavocats.com\\\/en\\\/\",\"name\":\"Kohen Avocats\",\"description\":\"Ma\u00eetre Hassan Kohen, avocat p\u00e9naliste \u00e0 Paris, intervient exclusivement en droit p\u00e9nal pour la d\u00e9fense des particuliers, notamment en mati\u00e8re d\u2019accusations de viol. Il assure un accompagnement rigoureux d\u00e8s la garde \u00e0 vue jusqu\u2019\u00e0 la Cour d\u2019assises, veillant au strict respect des garanties proc\u00e9durales.\",\"publisher\":{\"@id\":\"https:\\\/\\\/kohenavocats.com\\\/en\\\/#organization\"},\"potentialAction\":[{\"@type\":\"SearchAction\",\"target\":{\"@type\":\"EntryPoint\",\"urlTemplate\":\"https:\\\/\\\/kohenavocats.com\\\/en\\\/?s={search_term_string}\"},\"query-input\":{\"@type\":\"PropertyValueSpecification\",\"valueRequired\":true,\"valueName\":\"search_term_string\"}}],\"inLanguage\":\"en-US\"},{\"@type\":\"Organization\",\"@id\":\"https:\\\/\\\/kohenavocats.com\\\/en\\\/#organization\",\"name\":\"Kohen Avocats\",\"url\":\"https:\\\/\\\/kohenavocats.com\\\/en\\\/\",\"logo\":{\"@type\":\"ImageObject\",\"inLanguage\":\"en-US\",\"@id\":\"https:\\\/\\\/kohenavocats.com\\\/en\\\/#\\\/schema\\\/logo\\\/image\\\/\",\"url\":\"https:\\\/\\\/kohenavocats.com\\\/wp-content\\\/uploads\\\/2026\\\/01\\\/Logo-2-1.webp\",\"contentUrl\":\"https:\\\/\\\/kohenavocats.com\\\/wp-content\\\/uploads\\\/2026\\\/01\\\/Logo-2-1.webp\",\"width\":2114,\"height\":1253,\"caption\":\"Kohen Avocats\"},\"image\":{\"@id\":\"https:\\\/\\\/kohenavocats.com\\\/en\\\/#\\\/schema\\\/logo\\\/image\\\/\"}},{\"@type\":\"Person\",\"@id\":\"https:\\\/\\\/kohenavocats.com\\\/en\\\/#\\\/schema\\\/person\\\/761c9ba54fa1ca84d405cef0831ff751\",\"name\":\"Kohen\",\"image\":{\"@type\":\"ImageObject\",\"inLanguage\":\"en-US\",\"@id\":\"https:\\\/\\\/secure.gravatar.com\\\/avatar\\\/1c5e76ef76bbbfdd2b4da984e2bf2fa4056fd51a27d25ce2c332047f1dfd6e00?s=96&d=identicon&r=g\",\"url\":\"https:\\\/\\\/secure.gravatar.com\\\/avatar\\\/1c5e76ef76bbbfdd2b4da984e2bf2fa4056fd51a27d25ce2c332047f1dfd6e00?s=96&d=identicon&r=g\",\"contentUrl\":\"https:\\\/\\\/secure.gravatar.com\\\/avatar\\\/1c5e76ef76bbbfdd2b4da984e2bf2fa4056fd51a27d25ce2c332047f1dfd6e00?s=96&d=identicon&r=g\",\"caption\":\"Kohen\"},\"sameAs\":[\"https:\\\/\\\/www.linkedin.com\\\/in\\\/hassan-kohen-448548192\\\/\",\"https:\\\/\\\/www.youtube.com\\\/@Kohen-Avocats\"],\"url\":\"https:\\\/\\\/kohenavocats.com\\\/en\\\/author\\\/kohenmlk\\\/\"}]}<\/script>\n<!-- \/ Yoast SEO Premium plugin. -->","yoast_head_json":{"title":"Tribunal judiciaire de Bobigny, le 19 janvier 2026, n\u00b025\/04744 - Ma\u00eetre Hassan Kohen, avocat en droit p\u00e9nal \u00e0 Paris","description":"Le tribunal judiciaire de Bobigny, statuant le 19 janvier 2026, a examin\u00e9 une demande de d\u00e9lais avant expulsion. Le juge de l'ex\u00e9cution, saisi par l'occupant...","robots":{"index":"index","follow":"follow","max-snippet":"max-snippet:-1","max-image-preview":"max-image-preview:large","max-video-preview":"max-video-preview:-1"},"canonical":"https:\/\/kohenavocats.com\/en\/tribunal-judiciaire-de-bobigny-le-19-janvier-2026-n25-04744\/","og_locale":"en_US","og_type":"article","og_title":"Tribunal judiciaire de Bobigny, le 19 janvier 2026, n\u00b025\/04744","og_description":"Le tribunal judiciaire de Bobigny, statuant le 19 janvier 2026, a examin\u00e9 une demande de d\u00e9lais avant expulsion. Le juge de l'ex\u00e9cution, saisi par l'occupant...","og_url":"https:\/\/kohenavocats.com\/en\/tribunal-judiciaire-de-bobigny-le-19-janvier-2026-n25-04744\/","og_site_name":"Ma\u00eetre Hassan Kohen, avocat en droit p\u00e9nal \u00e0 Paris","article_published_time":"2026-04-24T05:17:31+00:00","og_image":[{"width":5472,"height":3648,"url":"https:\/\/kohenavocats.com\/wp-content\/uploads\/2024\/11\/etienne-girardet-ALIEN0anXKg-unsplash.webp","type":"image\/webp"}],"author":"Kohen","twitter_card":"summary_large_image","twitter_misc":{"Written by":"Kohen","Est. reading time":"2 minutes"},"schema":{"@context":"https:\/\/schema.org","@graph":[{"@type":"Article","@id":"https:\/\/kohenavocats.com\/en\/tribunal-judiciaire-de-bobigny-le-19-janvier-2026-n25-04744\/#article","isPartOf":{"@id":"https:\/\/kohenavocats.com\/en\/tribunal-judiciaire-de-bobigny-le-19-janvier-2026-n25-04744\/"},"author":{"name":"Kohen","@id":"https:\/\/kohenavocats.com\/en\/#\/schema\/person\/761c9ba54fa1ca84d405cef0831ff751"},"headline":"Tribunal judiciaire de Bobigny, le 19 janvier 2026, n\u00b025\/04744","datePublished":"2026-04-24T05:17:31+00:00","mainEntityOfPage":{"@id":"https:\/\/kohenavocats.com\/en\/tribunal-judiciaire-de-bobigny-le-19-janvier-2026-n25-04744\/"},"wordCount":493,"commentCount":0,"publisher":{"@id":"https:\/\/kohenavocats.com\/en\/#organization"},"image":{"@id":"https:\/\/kohenavocats.com\/en\/tribunal-judiciaire-de-bobigny-le-19-janvier-2026-n25-04744\/#primaryimage"},"thumbnailUrl":"https:\/\/kohenavocats.com\/wp-content\/uploads\/2024\/11\/etienne-girardet-ALIEN0anXKg-unsplash.webp","articleSection":["Immobilier","Jurisprudence"],"inLanguage":"en-US","potentialAction":[{"@type":"CommentAction","name":"Comment","target":["https:\/\/kohenavocats.com\/en\/tribunal-judiciaire-de-bobigny-le-19-janvier-2026-n25-04744\/#respond"]}],"citation":"Tribunal judiciaire de Bobigny, le 19 janvier 2026, n\u00b025\/04744","about":[{"@type":"Thing","name":"Immobilier"},{"@type":"Thing","name":"Jurisprudence"}],"dateModified":"2026-04-24T05:17:31+00:00","speakable":{"@type":"SpeakableSpecification","cssSelector":[".article-content > p:first-of-type"]}},{"@type":"WebPage","@id":"https:\/\/kohenavocats.com\/en\/tribunal-judiciaire-de-bobigny-le-19-janvier-2026-n25-04744\/","url":"https:\/\/kohenavocats.com\/en\/tribunal-judiciaire-de-bobigny-le-19-janvier-2026-n25-04744\/","name":"Tribunal judiciaire de Bobigny, le 19 janvier 2026, n\u00b025\/04744 - Ma\u00eetre Hassan Kohen, avocat en droit p\u00e9nal \u00e0 Paris","isPartOf":{"@id":"https:\/\/kohenavocats.com\/en\/#website"},"primaryImageOfPage":{"@id":"https:\/\/kohenavocats.com\/en\/tribunal-judiciaire-de-bobigny-le-19-janvier-2026-n25-04744\/#primaryimage"},"image":{"@id":"https:\/\/kohenavocats.com\/en\/tribunal-judiciaire-de-bobigny-le-19-janvier-2026-n25-04744\/#primaryimage"},"thumbnailUrl":"https:\/\/kohenavocats.com\/wp-content\/uploads\/2024\/11\/etienne-girardet-ALIEN0anXKg-unsplash.webp","datePublished":"2026-04-24T05:17:31+00:00","description":"Le tribunal judiciaire de Bobigny, statuant le 19 janvier 2026, a examin\u00e9 une demande de d\u00e9lais avant expulsion. Le juge de l'ex\u00e9cution, saisi par l'occupant...","breadcrumb":{"@id":"https:\/\/kohenavocats.com\/en\/tribunal-judiciaire-de-bobigny-le-19-janvier-2026-n25-04744\/#breadcrumb"},"inLanguage":"en-US","potentialAction":[{"@type":"ReadAction","target":["https:\/\/kohenavocats.com\/en\/tribunal-judiciaire-de-bobigny-le-19-janvier-2026-n25-04744\/"]}]},{"@type":"ImageObject","inLanguage":"en-US","@id":"https:\/\/kohenavocats.com\/en\/tribunal-judiciaire-de-bobigny-le-19-janvier-2026-n25-04744\/#primaryimage","url":"https:\/\/kohenavocats.com\/wp-content\/uploads\/2024\/11\/etienne-girardet-ALIEN0anXKg-unsplash.webp","contentUrl":"https:\/\/kohenavocats.com\/wp-content\/uploads\/2024\/11\/etienne-girardet-ALIEN0anXKg-unsplash.webp","width":5472,"height":3648},{"@type":"BreadcrumbList","@id":"https:\/\/kohenavocats.com\/en\/tribunal-judiciaire-de-bobigny-le-19-janvier-2026-n25-04744\/#breadcrumb","itemListElement":[{"@type":"ListItem","position":1,"name":"Home","item":"https:\/\/kohenavocats.com\/en\/criminal-law-attorneys-in-paris-counsel-and-strategic-defense\/"},{"@type":"ListItem","position":2,"name":"Tribunal judiciaire de Bobigny, le 19 janvier 2026, n\u00b025\/04744"}]},{"@type":"WebSite","@id":"https:\/\/kohenavocats.com\/en\/#website","url":"https:\/\/kohenavocats.com\/en\/","name":"Kohen Avocats","description":"Ma\u00eetre Hassan Kohen, avocat p\u00e9naliste \u00e0 Paris, intervient exclusivement en droit p\u00e9nal pour la d\u00e9fense des particuliers, notamment en mati\u00e8re d\u2019accusations de viol. Il assure un accompagnement rigoureux d\u00e8s la garde \u00e0 vue jusqu\u2019\u00e0 la Cour d\u2019assises, veillant au strict respect des garanties proc\u00e9durales.","publisher":{"@id":"https:\/\/kohenavocats.com\/en\/#organization"},"potentialAction":[{"@type":"SearchAction","target":{"@type":"EntryPoint","urlTemplate":"https:\/\/kohenavocats.com\/en\/?s={search_term_string}"},"query-input":{"@type":"PropertyValueSpecification","valueRequired":true,"valueName":"search_term_string"}}],"inLanguage":"en-US"},{"@type":"Organization","@id":"https:\/\/kohenavocats.com\/en\/#organization","name":"Kohen Avocats","url":"https:\/\/kohenavocats.com\/en\/","logo":{"@type":"ImageObject","inLanguage":"en-US","@id":"https:\/\/kohenavocats.com\/en\/#\/schema\/logo\/image\/","url":"https:\/\/kohenavocats.com\/wp-content\/uploads\/2026\/01\/Logo-2-1.webp","contentUrl":"https:\/\/kohenavocats.com\/wp-content\/uploads\/2026\/01\/Logo-2-1.webp","width":2114,"height":1253,"caption":"Kohen Avocats"},"image":{"@id":"https:\/\/kohenavocats.com\/en\/#\/schema\/logo\/image\/"}},{"@type":"Person","@id":"https:\/\/kohenavocats.com\/en\/#\/schema\/person\/761c9ba54fa1ca84d405cef0831ff751","name":"Kohen","image":{"@type":"ImageObject","inLanguage":"en-US","@id":"https:\/\/secure.gravatar.com\/avatar\/1c5e76ef76bbbfdd2b4da984e2bf2fa4056fd51a27d25ce2c332047f1dfd6e00?s=96&d=identicon&r=g","url":"https:\/\/secure.gravatar.com\/avatar\/1c5e76ef76bbbfdd2b4da984e2bf2fa4056fd51a27d25ce2c332047f1dfd6e00?s=96&d=identicon&r=g","contentUrl":"https:\/\/secure.gravatar.com\/avatar\/1c5e76ef76bbbfdd2b4da984e2bf2fa4056fd51a27d25ce2c332047f1dfd6e00?s=96&d=identicon&r=g","caption":"Kohen"},"sameAs":["https:\/\/www.linkedin.com\/in\/hassan-kohen-448548192\/","https:\/\/www.youtube.com\/@Kohen-Avocats"],"url":"https:\/\/kohenavocats.com\/en\/author\/kohenmlk\/"}]}},"jetpack_featured_media_url":"https:\/\/kohenavocats.com\/wp-content\/uploads\/2024\/11\/etienne-girardet-ALIEN0anXKg-unsplash.webp","jetpack_likes_enabled":false,"jetpack_shortlink":"https:\/\/wp.me\/peCrII-2OjX","jetpack-related-posts":[{"id":241940,"url":"https:\/\/kohenavocats.com\/en\/tribunal-judiciaire-de-bobigny-le-19-juin-2025-n25-02365\/","url_meta":{"origin":670093,"position":0},"title":"Tribunal judiciaire de Bobigny, le 19 juin 2025, n\u00b025\/02365","author":"Kohen","date":"3 January 2026","format":false,"excerpt":"Rendu par le juge de l\u2019ex\u00e9cution de Bobigny le 19 juin 2025, ce jugement statue sur une demande de d\u00e9lais de gr\u00e2ce fond\u00e9e sur les articles L.412-3 et L.412-4 du code des proc\u00e9dures civiles d\u2019ex\u00e9cution, apr\u00e8s qu\u2019une ordonnance de 2016 a ordonn\u00e9 l\u2019expulsion de l\u2019occupante. La mesure est sollicit\u00e9e par\u2026","rel":"","context":"In &quot;D\u00e9cisions juridiques&quot;","block_context":{"text":"D\u00e9cisions juridiques","link":"https:\/\/kohenavocats.com\/category\/decisions-juridiques\/"},"img":{"alt_text":"","src":"https:\/\/i0.wp.com\/kohenavocats.com\/wp-content\/uploads\/2024\/11\/getty-images-RvXjV3spXFA-unsplash.webp?resize=350%2C200&ssl=1","width":350,"height":200,"srcset":"https:\/\/i0.wp.com\/kohenavocats.com\/wp-content\/uploads\/2024\/11\/getty-images-RvXjV3spXFA-unsplash.webp?resize=350%2C200&ssl=1 1x, https:\/\/i0.wp.com\/kohenavocats.com\/wp-content\/uploads\/2024\/11\/getty-images-RvXjV3spXFA-unsplash.webp?resize=525%2C300&ssl=1 1.5x, https:\/\/i0.wp.com\/kohenavocats.com\/wp-content\/uploads\/2024\/11\/getty-images-RvXjV3spXFA-unsplash.webp?resize=700%2C400&ssl=1 2x, https:\/\/i0.wp.com\/kohenavocats.com\/wp-content\/uploads\/2024\/11\/getty-images-RvXjV3spXFA-unsplash.webp?resize=1050%2C600&ssl=1 3x, https:\/\/i0.wp.com\/kohenavocats.com\/wp-content\/uploads\/2024\/11\/getty-images-RvXjV3spXFA-unsplash.webp?resize=1400%2C800&ssl=1 4x"},"classes":[]},{"id":467485,"url":"https:\/\/kohenavocats.com\/en\/tribunal-judiciaire-de-bobigny-2025-12-08-n25-01800\/","url_meta":{"origin":670093,"position":1},"title":"Tribunal judiciaire de Bobigny &#8211; 2025-12-08 &#8211; n\u00b025\/01800","author":"Kohen","date":"7 April 2026","format":false,"excerpt":"Le juge de l'ex\u00e9cution du tribunal judiciaire de Bobigny, statuant le 8 d\u00e9cembre 2025, se prononce sur les demandes d'une locataire en situation d'expulsion....","rel":"","context":"In &quot;Jurisprudence&quot;","block_context":{"text":"Jurisprudence","link":"https:\/\/kohenavocats.com\/category\/jurisprudence\/"},"img":{"alt_text":"","src":"https:\/\/i0.wp.com\/kohenavocats.com\/wp-content\/uploads\/2024\/08\/tomas-williams-0i38SCsSxJc-unsplash.webp?resize=350%2C200&ssl=1","width":350,"height":200,"srcset":"https:\/\/i0.wp.com\/kohenavocats.com\/wp-content\/uploads\/2024\/08\/tomas-williams-0i38SCsSxJc-unsplash.webp?resize=350%2C200&ssl=1 1x, https:\/\/i0.wp.com\/kohenavocats.com\/wp-content\/uploads\/2024\/08\/tomas-williams-0i38SCsSxJc-unsplash.webp?resize=525%2C300&ssl=1 1.5x, https:\/\/i0.wp.com\/kohenavocats.com\/wp-content\/uploads\/2024\/08\/tomas-williams-0i38SCsSxJc-unsplash.webp?resize=700%2C400&ssl=1 2x, https:\/\/i0.wp.com\/kohenavocats.com\/wp-content\/uploads\/2024\/08\/tomas-williams-0i38SCsSxJc-unsplash.webp?resize=1050%2C600&ssl=1 3x, https:\/\/i0.wp.com\/kohenavocats.com\/wp-content\/uploads\/2024\/08\/tomas-williams-0i38SCsSxJc-unsplash.webp?resize=1400%2C800&ssl=1 4x"},"classes":[]},{"id":230206,"url":"https:\/\/kohenavocats.com\/en\/tribunal-judiciaire-de-bobigny-le-16-juin-2025-n25-01674\/","url_meta":{"origin":670093,"position":2},"title":"Tribunal judiciaire de Bobigny, le 16 juin 2025, n\u00b025\/01674","author":"Kohen","date":"27 December 2025","format":false,"excerpt":"Now using node v22.15.1 (npm v10.8.2)Utilisation de Node.js v20.19.4 et npm 10.8.2Codex est d\u00e9j\u00e0 install\u00e9.Lancement de Codex...Rendue par le juge de l\u2019ex\u00e9cution du tribunal judiciaire de Bobigny le 16 juin 2025, la d\u00e9cision commente l\u2019octroi d\u2019un d\u00e9lai pour quitter des lieux. Elle intervient \u00e0 la suite d\u2019un jugement d\u2019adjudication signifi\u00e9\u2026","rel":"","context":"In &quot;D\u00e9cisions juridiques&quot;","block_context":{"text":"D\u00e9cisions juridiques","link":"https:\/\/kohenavocats.com\/category\/decisions-juridiques\/"},"img":{"alt_text":"","src":"https:\/\/i0.wp.com\/kohenavocats.com\/wp-content\/uploads\/2024\/11\/planet-volumes-gJ9Y6Ip-X4o-unsplash.webp?resize=350%2C200&ssl=1","width":350,"height":200,"srcset":"https:\/\/i0.wp.com\/kohenavocats.com\/wp-content\/uploads\/2024\/11\/planet-volumes-gJ9Y6Ip-X4o-unsplash.webp?resize=350%2C200&ssl=1 1x, https:\/\/i0.wp.com\/kohenavocats.com\/wp-content\/uploads\/2024\/11\/planet-volumes-gJ9Y6Ip-X4o-unsplash.webp?resize=525%2C300&ssl=1 1.5x, https:\/\/i0.wp.com\/kohenavocats.com\/wp-content\/uploads\/2024\/11\/planet-volumes-gJ9Y6Ip-X4o-unsplash.webp?resize=700%2C400&ssl=1 2x, https:\/\/i0.wp.com\/kohenavocats.com\/wp-content\/uploads\/2024\/11\/planet-volumes-gJ9Y6Ip-X4o-unsplash.webp?resize=1050%2C600&ssl=1 3x, https:\/\/i0.wp.com\/kohenavocats.com\/wp-content\/uploads\/2024\/11\/planet-volumes-gJ9Y6Ip-X4o-unsplash.webp?resize=1400%2C800&ssl=1 4x"},"classes":[]},{"id":269142,"url":"https:\/\/kohenavocats.com\/en\/tribunal-judiciaire-de-bobigny-le-1-juillet-2025-n25-04752\/","url_meta":{"origin":670093,"position":3},"title":"Tribunal judiciaire de Bobigny, le 1 juillet 2025, n\u00b025\/04752","author":"Kohen","date":"11 January 2026","format":false,"excerpt":"Le tribunal judiciaire de Bobigny, juge de l\u2019ex\u00e9cution, 1er juillet 2025, statue sur une demande de d\u00e9lais fond\u00e9e sur les articles L. 412-3 et L. 412-4 du code des proc\u00e9dures civiles d\u2019ex\u00e9cution. Un jugement ant\u00e9rieur du 2 juillet 2024, rendu par le juge des contentieux de la protection du m\u00eame\u2026","rel":"","context":"In &quot;D\u00e9cisions juridiques&quot;","block_context":{"text":"D\u00e9cisions juridiques","link":"https:\/\/kohenavocats.com\/category\/decisions-juridiques\/"},"img":{"alt_text":"","src":"https:\/\/i0.wp.com\/kohenavocats.com\/wp-content\/uploads\/2024\/11\/lala-azizli-oAaj82io-2k-unsplash-1.webp?resize=350%2C200&ssl=1","width":350,"height":200,"srcset":"https:\/\/i0.wp.com\/kohenavocats.com\/wp-content\/uploads\/2024\/11\/lala-azizli-oAaj82io-2k-unsplash-1.webp?resize=350%2C200&ssl=1 1x, https:\/\/i0.wp.com\/kohenavocats.com\/wp-content\/uploads\/2024\/11\/lala-azizli-oAaj82io-2k-unsplash-1.webp?resize=525%2C300&ssl=1 1.5x, https:\/\/i0.wp.com\/kohenavocats.com\/wp-content\/uploads\/2024\/11\/lala-azizli-oAaj82io-2k-unsplash-1.webp?resize=700%2C400&ssl=1 2x, https:\/\/i0.wp.com\/kohenavocats.com\/wp-content\/uploads\/2024\/11\/lala-azizli-oAaj82io-2k-unsplash-1.webp?resize=1050%2C600&ssl=1 3x, https:\/\/i0.wp.com\/kohenavocats.com\/wp-content\/uploads\/2024\/11\/lala-azizli-oAaj82io-2k-unsplash-1.webp?resize=1400%2C800&ssl=1 4x"},"classes":[]},{"id":613478,"url":"https:\/\/kohenavocats.com\/en\/tribunal-judiciaire-de-bobigny-le-29-octobre-2025-n25-05695\/","url_meta":{"origin":670093,"position":4},"title":"Tribunal judiciaire de Bobigny, le 29 octobre 2025, n\u00b025\/05695","author":"Kohen","date":"19 April 2026","format":false,"excerpt":"Le tribunal judiciaire de Bobigny, si\u00e9geant en tant que juge de l'ex\u00e9cution, statue le 29 octobre 2025 sur une demande de d\u00e9lais avant expulsion. L'occupante...","rel":"","context":"In &quot;Jurisprudence&quot;","block_context":{"text":"Jurisprudence","link":"https:\/\/kohenavocats.com\/category\/jurisprudence\/"},"img":{"alt_text":"","src":"https:\/\/i0.wp.com\/kohenavocats.com\/wp-content\/uploads\/2024\/11\/laura-adai-hNQAWN4t99A-unsplash.webp?resize=350%2C200&ssl=1","width":350,"height":200,"srcset":"https:\/\/i0.wp.com\/kohenavocats.com\/wp-content\/uploads\/2024\/11\/laura-adai-hNQAWN4t99A-unsplash.webp?resize=350%2C200&ssl=1 1x, https:\/\/i0.wp.com\/kohenavocats.com\/wp-content\/uploads\/2024\/11\/laura-adai-hNQAWN4t99A-unsplash.webp?resize=525%2C300&ssl=1 1.5x, https:\/\/i0.wp.com\/kohenavocats.com\/wp-content\/uploads\/2024\/11\/laura-adai-hNQAWN4t99A-unsplash.webp?resize=700%2C400&ssl=1 2x, https:\/\/i0.wp.com\/kohenavocats.com\/wp-content\/uploads\/2024\/11\/laura-adai-hNQAWN4t99A-unsplash.webp?resize=1050%2C600&ssl=1 3x, https:\/\/i0.wp.com\/kohenavocats.com\/wp-content\/uploads\/2024\/11\/laura-adai-hNQAWN4t99A-unsplash.webp?resize=1400%2C800&ssl=1 4x"},"classes":[]},{"id":479238,"url":"https:\/\/kohenavocats.com\/en\/tribunal-judiciaire-de-bobigny-le-29-octobre-2025-n25-07190\/","url_meta":{"origin":670093,"position":5},"title":"Tribunal judiciaire de Bobigny, le 29 octobre 2025, n\u00b025\/07190","author":"Kohen","date":"7 April 2026","format":false,"excerpt":"Le juge de l'ex\u00e9cution de Bobigny, le 29 octobre 2025, statue sur une demande de sursis \u00e0 expulsion. L'occupant sollicite des d\u00e9lais pour quitter les lieux s...","rel":"","context":"In &quot;Jurisprudence&quot;","block_context":{"text":"Jurisprudence","link":"https:\/\/kohenavocats.com\/category\/jurisprudence\/"},"img":{"alt_text":"","src":"https:\/\/i0.wp.com\/kohenavocats.com\/wp-content\/uploads\/2024\/08\/jad-limcaco-NT1mJPgni6A-unsplash.webp?resize=350%2C200&ssl=1","width":350,"height":200,"srcset":"https:\/\/i0.wp.com\/kohenavocats.com\/wp-content\/uploads\/2024\/08\/jad-limcaco-NT1mJPgni6A-unsplash.webp?resize=350%2C200&ssl=1 1x, https:\/\/i0.wp.com\/kohenavocats.com\/wp-content\/uploads\/2024\/08\/jad-limcaco-NT1mJPgni6A-unsplash.webp?resize=525%2C300&ssl=1 1.5x, https:\/\/i0.wp.com\/kohenavocats.com\/wp-content\/uploads\/2024\/08\/jad-limcaco-NT1mJPgni6A-unsplash.webp?resize=700%2C400&ssl=1 2x, https:\/\/i0.wp.com\/kohenavocats.com\/wp-content\/uploads\/2024\/08\/jad-limcaco-NT1mJPgni6A-unsplash.webp?resize=1050%2C600&ssl=1 3x, https:\/\/i0.wp.com\/kohenavocats.com\/wp-content\/uploads\/2024\/08\/jad-limcaco-NT1mJPgni6A-unsplash.webp?resize=1400%2C800&ssl=1 4x"},"classes":[]}],"jetpack_sharing_enabled":true,"_links":{"self":[{"href":"https:\/\/kohenavocats.com\/en\/wp-json\/wp\/v2\/posts\/670093","targetHints":{"allow":["GET"]}}],"collection":[{"href":"https:\/\/kohenavocats.com\/en\/wp-json\/wp\/v2\/posts"}],"about":[{"href":"https:\/\/kohenavocats.com\/en\/wp-json\/wp\/v2\/types\/post"}],"author":[{"embeddable":true,"href":"https:\/\/kohenavocats.com\/en\/wp-json\/wp\/v2\/users\/232070755"}],"replies":[{"embeddable":true,"href":"https:\/\/kohenavocats.com\/en\/wp-json\/wp\/v2\/comments?post=670093"}],"version-history":[{"count":0,"href":"https:\/\/kohenavocats.com\/en\/wp-json\/wp\/v2\/posts\/670093\/revisions"}],"wp:featuredmedia":[{"embeddable":true,"href":"https:\/\/kohenavocats.com\/en\/wp-json\/wp\/v2\/media\/9629"}],"wp:attachment":[{"href":"https:\/\/kohenavocats.com\/en\/wp-json\/wp\/v2\/media?parent=670093"}],"wp:term":[{"taxonomy":"category","embeddable":true,"href":"https:\/\/kohenavocats.com\/en\/wp-json\/wp\/v2\/categories?post=670093"},{"taxonomy":"post_tag","embeddable":true,"href":"https:\/\/kohenavocats.com\/en\/wp-json\/wp\/v2\/tags?post=670093"}],"curies":[{"name":"wp","href":"https:\/\/api.w.org\/{rel}","templated":true}]}}