{"id":670209,"date":"2026-04-24T07:26:23","date_gmt":"2026-04-24T05:26:23","guid":{"rendered":"https:\/\/kohenavocats.com\/tribunal-judiciaire-de-saint-brieuc-le-18-septembre-2025-n25-00278\/"},"modified":"2026-04-24T07:26:23","modified_gmt":"2026-04-24T05:26:23","slug":"tribunal-judiciaire-de-saint-brieuc-le-18-septembre-2025-n25-00278","status":"publish","type":"post","link":"https:\/\/kohenavocats.com\/en\/tribunal-judiciaire-de-saint-brieuc-le-18-septembre-2025-n25-00278\/","title":{"rendered":"Tribunal judiciaire de Saint-Brieuc, le 18 septembre 2025, n\u00b025\/00278"},"content":{"rendered":"<div class=\"article-content\">\n<p>Le tribunal judiciaire de Saint-Brieuc, statuant en la forme des r\u00e9f\u00e9r\u00e9s le 18 septembre 2025, se prononce sur plusieurs demandes incidentes dans le cadre d\u2019une expertise judiciaire. Des acqu\u00e9reurs d\u2019un v\u00e9hicule de loisirs sollicitent l\u2019extension de l\u2019expertise \u00e0 leur vendeur initial, ainsi que diverses mesures proc\u00e9durales. Le juge des r\u00e9f\u00e9r\u00e9s d\u00e9clare recevable l\u2019intervention des demandeurs initiaux \u00e0 l\u2019expertise. Il rejette la demande de jonction, estimant l\u2019instance initiale \u00e9teinte. Il accueille la demande d\u2019extension de l\u2019expertise au vendeur, mais rejette les autres pr\u00e9tentions, notamment sur la charge des frais et le lieu de l\u2019expertise.<\/p>\n<p>L\u2019encadrement proc\u00e9dural des mesures d\u2019instruction en r\u00e9f\u00e9r\u00e9<\/p>\n<p>Le juge admet l\u2019intervention volontaire des initiateurs de l\u2019expertise. Il consid\u00e8re qu\u2019ils ont un int\u00e9r\u00eat l\u00e9gitime \u00e0 intervenir dans l\u2019instance incidente. Cette solution rappelle que l\u2019intervention est subordonn\u00e9e \u00e0 la d\u00e9monstration d\u2019un int\u00e9r\u00eat au succ\u00e8s ou au rejet d\u2019une pr\u00e9tention. Le tribunal \u00e9carte en revanche la demande de jonction avec la proc\u00e9dure initiale. Il estime que cette derni\u00e8re a pris fin avec l\u2019ordonnance d\u00e9signant l\u2019expert. Cette analyse souligne le caract\u00e8re autonome de l\u2019instance en r\u00e9f\u00e9r\u00e9 sur le fondement de l\u2019article 145 du code de proc\u00e9dure civile. Elle distingue la proc\u00e9dure sur le fond de la mesure d\u2019instruction ordonn\u00e9e provisoirement.<\/p>\n<p>Le juge des r\u00e9f\u00e9r\u00e9s pr\u00e9cise les conditions de l\u2019extension d\u2019une expertise. Il se fonde sur les articles 145 et 834 du code de proc\u00e9dure civile. &#8220;Le juge des r\u00e9f\u00e9r\u00e9s, avant tout proc\u00e8s au fond, peut non seulement ordonner une mesure d&#8217;instruction l\u00e9galement admissible pour l&#8217;\u00e9tablissement de faits dont peut d\u00e9pendre la solution d&#8217;un litige mais \u00e9galement \u00e9tendre la mesure d&#8217;expertise d\u00e9j\u00e0 ordonn\u00e9e \u00e0 d&#8217;autres parties ou d&#8217;autres d\u00e9sordres, d\u00e8s lors que le requ\u00e9rant justifie d&#8217;un int\u00e9r\u00eat l\u00e9gitime&#8221; (Motifs). Cette disposition permet une gestion efficiente du litige avant l\u2019examen au fond. Elle \u00e9vite la multiplication d\u2019expertises contradictoires sur les m\u00eames faits. La jurisprudence confirme cette approche, indiquant qu\u2019il faut &#8220;un motif l\u00e9gitime de rendre l&#8217;expertise commune \u00e0 d&#8217;autres parties&#8221; (Tribunal judiciaire, le 19 d\u00e9cembre 2025, n\u00b025\/00506). L\u2019int\u00e9r\u00eat l\u00e9gitime des requ\u00e9rants est ici \u00e9tabli par la note de l\u2019expert. Celui-ci souligne le caract\u00e8re primordial des documents de transaction pour dater l\u2019origine des d\u00e9sordres.<\/p>\n<p>La recherche d\u2019une bonne administration de la justice devant le juge des r\u00e9f\u00e9r\u00e9s<\/p>\n<p>Le tribunal op\u00e8re un contr\u00f4le strict des demandes compl\u00e9mentaires. Il rejette la requ\u00eate pour un compl\u00e9ment de mission de l\u2019expert. Il constate que l\u2019ordonnance initiale comprend d\u00e9j\u00e0 un chef de mission \u00e9quivalent. Le juge refuse \u00e9galement d\u2019imposer un lieu d\u2019expertise en dehors des \u00e9tablissements du vendeur. Il rel\u00e8ve l\u2019absence de d\u00e9monstration d\u2019un conflit d\u2019int\u00e9r\u00eat li\u00e9 au simple entreposage. Il laisse cette appr\u00e9ciation \u00e0 l\u2019expert et aux demandeurs initiaux, qui supportent les frais. Ces d\u00e9cisions illustrent le pouvoir d\u2019appr\u00e9ciation du juge des r\u00e9f\u00e9r\u00e9s. Elles visent \u00e0 \u00e9viter les mesures inutiles ou disproportionn\u00e9es dans le cadre de l\u2019instruction.<\/p>\n<p>Le juge statue sur la charge financi\u00e8re et les demandes accessoires. Il refuse de mettre \u00e0 la charge des requ\u00e9rants un compl\u00e9ment de provision pour l\u2019expert. Il rappelle que l\u2019expertise a \u00e9t\u00e9 initi\u00e9e dans le seul int\u00e9r\u00eat des intervenants volontaires. Concernant une demande de garantie g\u00e9n\u00e9rique contre le vendeur, il la rejette. Il note d\u2019abord que l\u2019instance principale est \u00e9teinte, privant la demande de son objet. Il ajoute qu\u2019une &#8220;demande de garantie g\u00e9n\u00e9rique n\u2019a pas vocation \u00e0 prosp\u00e9rer&#8221; (Motifs). Enfin, il laisse les d\u00e9pens \u00e0 la charge des requ\u00e9rants, parties demanderesses \u00e0 l\u2019incident. Ces solutions confirment le r\u00f4le du juge des r\u00e9f\u00e9r\u00e9s. Il veille \u00e0 l\u2019\u00e9conomie proc\u00e9durale et \u00e9vite de pr\u00e9juger des questions relevant du fond du litige.<\/p>\n<p>Cette ordonnance d\u00e9limite avec pr\u00e9cision le champ d\u2019intervention du juge des r\u00e9f\u00e9r\u00e9s en mati\u00e8re d\u2019expertise. Elle affirme sa comp\u00e9tence pour \u00e9tendre une mesure d\u2019instruction \u00e0 une nouvelle partie, d\u00e8s lors qu\u2019un int\u00e9r\u00eat l\u00e9gitime est justifi\u00e9. Cette facult\u00e9 sert l\u2019imp\u00e9ratif de bonne administration de la justice. Elle permet une instruction compl\u00e8te et contradictoire avant le proc\u00e8s au fond. Dans le m\u00eame temps, le juge exerce un contr\u00f4le rigoureux sur les demandes annexes. Il \u00e9carte celles qui sont redondantes, infond\u00e9es ou qui exc\u00e8dent le cadre de l\u2019urgence. Cette d\u00e9cision assure ainsi un \u00e9quilibre entre l\u2019efficacit\u00e9 de l\u2019instruction et les droits de la d\u00e9fense. Elle pr\u00e9pare sereinement le futur d\u00e9bat sur le fond, sans l\u2019anticiper.<\/p>\n<\/div>\n","protected":false},"excerpt":{"rendered":"<p>Le tribunal judiciaire de Saint-Brieuc, statuant en la forme des r\u00e9f\u00e9r\u00e9s le 18 septembre 2025, se prononce sur plusieurs demandes incidentes dans le cadre d\u2019&#8230;<\/p>\n","protected":false},"author":232070755,"featured_media":9625,"comment_status":"open","ping_status":"open","sticky":false,"template":"","format":"standard","meta":{"_crdt_document":"","_jetpack_newsletter_access":"","_jetpack_dont_email_post_to_subs":false,"_jetpack_newsletter_tier_id":0,"_jetpack_memberships_contains_paywalled_content":false,"_kj_source_type":"","_kj_official_id":"","_kj_official_url":"","_kj_judilibre_id":"","_kj_jur":"","_kj_lieu":"","_kj_chambre":"","_kj_rg":"","_kj_date":"","_jetpack_memberships_contains_paid_content":false,"footnotes":"","jetpack_post_was_ever_published":false},"categories":[7597],"tags":[],"class_list":["post-670209","post","type-post","status-publish","format-standard","has-post-thumbnail","hentry","category-jurisprudence"],"yoast_head":"<!-- This site is optimized with the Yoast SEO Premium plugin v27.5 (Yoast SEO v27.5) - https:\/\/yoast.com\/product\/yoast-seo-premium-wordpress\/ -->\n<title>Tribunal judiciaire de Saint-Brieuc, le 18 septembre 2025, n\u00b025\/00278 - Ma\u00eetre Hassan Kohen, avocat en droit p\u00e9nal \u00e0 Paris<\/title>\n<meta name=\"description\" content=\"Le tribunal judiciaire de Saint-Brieuc, statuant en la forme des r\u00e9f\u00e9r\u00e9s le 18 septembre 2025, se prononce sur plusieurs demandes incidentes dans le cadre d\u2019...\" \/>\n<meta name=\"robots\" content=\"index, follow, max-snippet:-1, max-image-preview:large, max-video-preview:-1\" \/>\n<link rel=\"canonical\" href=\"https:\/\/kohenavocats.com\/en\/tribunal-judiciaire-de-saint-brieuc-le-18-septembre-2025-n25-00278\/\" \/>\n<meta property=\"og:locale\" content=\"en_US\" \/>\n<meta property=\"og:type\" content=\"article\" \/>\n<meta property=\"og:title\" content=\"Tribunal judiciaire de Saint-Brieuc, le 18 septembre 2025, n\u00b025\/00278\" \/>\n<meta property=\"og:description\" content=\"Le tribunal judiciaire de Saint-Brieuc, statuant en la forme des r\u00e9f\u00e9r\u00e9s le 18 septembre 2025, se prononce sur plusieurs demandes incidentes dans le cadre d\u2019...\" \/>\n<meta property=\"og:url\" content=\"https:\/\/kohenavocats.com\/en\/tribunal-judiciaire-de-saint-brieuc-le-18-septembre-2025-n25-00278\/\" \/>\n<meta property=\"og:site_name\" content=\"Ma\u00eetre Hassan Kohen, avocat en droit p\u00e9nal \u00e0 Paris\" \/>\n<meta property=\"article:published_time\" content=\"2026-04-24T05:26:23+00:00\" \/>\n<meta property=\"og:image\" content=\"https:\/\/kohenavocats.com\/wp-content\/uploads\/2024\/11\/mohamed-nohassi-eDW8N5peT58-unsplash.webp\" \/>\n\t<meta property=\"og:image:width\" content=\"6996\" \/>\n\t<meta property=\"og:image:height\" content=\"4102\" \/>\n\t<meta property=\"og:image:type\" content=\"image\/webp\" \/>\n<meta name=\"author\" content=\"Kohen\" \/>\n<meta name=\"twitter:card\" content=\"summary_large_image\" \/>\n<meta name=\"twitter:label1\" content=\"Written by\" \/>\n\t<meta name=\"twitter:data1\" content=\"Kohen\" \/>\n\t<meta name=\"twitter:label2\" content=\"Est. reading time\" \/>\n\t<meta name=\"twitter:data2\" content=\"4 minutes\" \/>\n<script type=\"application\/ld+json\" class=\"yoast-schema-graph\">{\"@context\":\"https:\\\/\\\/schema.org\",\"@graph\":[{\"@type\":\"Article\",\"@id\":\"https:\\\/\\\/kohenavocats.com\\\/en\\\/tribunal-judiciaire-de-saint-brieuc-le-18-septembre-2025-n25-00278\\\/#article\",\"isPartOf\":{\"@id\":\"https:\\\/\\\/kohenavocats.com\\\/en\\\/tribunal-judiciaire-de-saint-brieuc-le-18-septembre-2025-n25-00278\\\/\"},\"author\":{\"name\":\"Kohen\",\"@id\":\"https:\\\/\\\/kohenavocats.com\\\/en\\\/#\\\/schema\\\/person\\\/761c9ba54fa1ca84d405cef0831ff751\"},\"headline\":\"Tribunal judiciaire de Saint-Brieuc, le 18 septembre 2025, n\u00b025\\\/00278\",\"datePublished\":\"2026-04-24T05:26:23+00:00\",\"mainEntityOfPage\":{\"@id\":\"https:\\\/\\\/kohenavocats.com\\\/en\\\/tribunal-judiciaire-de-saint-brieuc-le-18-septembre-2025-n25-00278\\\/\"},\"wordCount\":866,\"commentCount\":0,\"publisher\":{\"@id\":\"https:\\\/\\\/kohenavocats.com\\\/en\\\/#organization\"},\"image\":{\"@id\":\"https:\\\/\\\/kohenavocats.com\\\/en\\\/tribunal-judiciaire-de-saint-brieuc-le-18-septembre-2025-n25-00278\\\/#primaryimage\"},\"thumbnailUrl\":\"https:\\\/\\\/kohenavocats.com\\\/wp-content\\\/uploads\\\/2024\\\/11\\\/mohamed-nohassi-eDW8N5peT58-unsplash.webp\",\"articleSection\":[\"Jurisprudence\"],\"inLanguage\":\"en-US\",\"potentialAction\":[{\"@type\":\"CommentAction\",\"name\":\"Comment\",\"target\":[\"https:\\\/\\\/kohenavocats.com\\\/en\\\/tribunal-judiciaire-de-saint-brieuc-le-18-septembre-2025-n25-00278\\\/#respond\"]}],\"citation\":\"Tribunal judiciaire de Saint-Brieuc, le 18 septembre 2025, n\u00b025\\\/00278\",\"about\":[{\"@type\":\"Thing\",\"name\":\"Jurisprudence\"}],\"dateModified\":\"2026-04-24T05:26:23+00:00\",\"speakable\":{\"@type\":\"SpeakableSpecification\",\"cssSelector\":[\".article-content > p:first-of-type\"]}},{\"@type\":\"WebPage\",\"@id\":\"https:\\\/\\\/kohenavocats.com\\\/en\\\/tribunal-judiciaire-de-saint-brieuc-le-18-septembre-2025-n25-00278\\\/\",\"url\":\"https:\\\/\\\/kohenavocats.com\\\/en\\\/tribunal-judiciaire-de-saint-brieuc-le-18-septembre-2025-n25-00278\\\/\",\"name\":\"Tribunal judiciaire de Saint-Brieuc, le 18 septembre 2025, n\u00b025\\\/00278 - Ma\u00eetre Hassan Kohen, avocat en droit p\u00e9nal \u00e0 Paris\",\"isPartOf\":{\"@id\":\"https:\\\/\\\/kohenavocats.com\\\/en\\\/#website\"},\"primaryImageOfPage\":{\"@id\":\"https:\\\/\\\/kohenavocats.com\\\/en\\\/tribunal-judiciaire-de-saint-brieuc-le-18-septembre-2025-n25-00278\\\/#primaryimage\"},\"image\":{\"@id\":\"https:\\\/\\\/kohenavocats.com\\\/en\\\/tribunal-judiciaire-de-saint-brieuc-le-18-septembre-2025-n25-00278\\\/#primaryimage\"},\"thumbnailUrl\":\"https:\\\/\\\/kohenavocats.com\\\/wp-content\\\/uploads\\\/2024\\\/11\\\/mohamed-nohassi-eDW8N5peT58-unsplash.webp\",\"datePublished\":\"2026-04-24T05:26:23+00:00\",\"description\":\"Le tribunal judiciaire de Saint-Brieuc, statuant en la forme des r\u00e9f\u00e9r\u00e9s le 18 septembre 2025, se prononce sur plusieurs demandes incidentes dans le cadre d\u2019...\",\"breadcrumb\":{\"@id\":\"https:\\\/\\\/kohenavocats.com\\\/en\\\/tribunal-judiciaire-de-saint-brieuc-le-18-septembre-2025-n25-00278\\\/#breadcrumb\"},\"inLanguage\":\"en-US\",\"potentialAction\":[{\"@type\":\"ReadAction\",\"target\":[\"https:\\\/\\\/kohenavocats.com\\\/en\\\/tribunal-judiciaire-de-saint-brieuc-le-18-septembre-2025-n25-00278\\\/\"]}]},{\"@type\":\"ImageObject\",\"inLanguage\":\"en-US\",\"@id\":\"https:\\\/\\\/kohenavocats.com\\\/en\\\/tribunal-judiciaire-de-saint-brieuc-le-18-septembre-2025-n25-00278\\\/#primaryimage\",\"url\":\"https:\\\/\\\/kohenavocats.com\\\/wp-content\\\/uploads\\\/2024\\\/11\\\/mohamed-nohassi-eDW8N5peT58-unsplash.webp\",\"contentUrl\":\"https:\\\/\\\/kohenavocats.com\\\/wp-content\\\/uploads\\\/2024\\\/11\\\/mohamed-nohassi-eDW8N5peT58-unsplash.webp\",\"width\":6996,\"height\":4102},{\"@type\":\"BreadcrumbList\",\"@id\":\"https:\\\/\\\/kohenavocats.com\\\/en\\\/tribunal-judiciaire-de-saint-brieuc-le-18-septembre-2025-n25-00278\\\/#breadcrumb\",\"itemListElement\":[{\"@type\":\"ListItem\",\"position\":1,\"name\":\"Home\",\"item\":\"https:\\\/\\\/kohenavocats.com\\\/en\\\/criminal-law-attorneys-in-paris-counsel-and-strategic-defense\\\/\"},{\"@type\":\"ListItem\",\"position\":2,\"name\":\"Tribunal judiciaire de Saint-Brieuc, le 18 septembre 2025, n\u00b025\\\/00278\"}]},{\"@type\":\"WebSite\",\"@id\":\"https:\\\/\\\/kohenavocats.com\\\/en\\\/#website\",\"url\":\"https:\\\/\\\/kohenavocats.com\\\/en\\\/\",\"name\":\"Kohen Avocats\",\"description\":\"Ma\u00eetre Hassan Kohen, avocat p\u00e9naliste \u00e0 Paris, intervient exclusivement en droit p\u00e9nal pour la d\u00e9fense des particuliers, notamment en mati\u00e8re d\u2019accusations de viol. Il assure un accompagnement rigoureux d\u00e8s la garde \u00e0 vue jusqu\u2019\u00e0 la Cour d\u2019assises, veillant au strict respect des garanties proc\u00e9durales.\",\"publisher\":{\"@id\":\"https:\\\/\\\/kohenavocats.com\\\/en\\\/#organization\"},\"potentialAction\":[{\"@type\":\"SearchAction\",\"target\":{\"@type\":\"EntryPoint\",\"urlTemplate\":\"https:\\\/\\\/kohenavocats.com\\\/en\\\/?s={search_term_string}\"},\"query-input\":{\"@type\":\"PropertyValueSpecification\",\"valueRequired\":true,\"valueName\":\"search_term_string\"}}],\"inLanguage\":\"en-US\"},{\"@type\":\"Organization\",\"@id\":\"https:\\\/\\\/kohenavocats.com\\\/en\\\/#organization\",\"name\":\"Kohen Avocats\",\"url\":\"https:\\\/\\\/kohenavocats.com\\\/en\\\/\",\"logo\":{\"@type\":\"ImageObject\",\"inLanguage\":\"en-US\",\"@id\":\"https:\\\/\\\/kohenavocats.com\\\/en\\\/#\\\/schema\\\/logo\\\/image\\\/\",\"url\":\"https:\\\/\\\/kohenavocats.com\\\/wp-content\\\/uploads\\\/2026\\\/01\\\/Logo-2-1.webp\",\"contentUrl\":\"https:\\\/\\\/kohenavocats.com\\\/wp-content\\\/uploads\\\/2026\\\/01\\\/Logo-2-1.webp\",\"width\":2114,\"height\":1253,\"caption\":\"Kohen Avocats\"},\"image\":{\"@id\":\"https:\\\/\\\/kohenavocats.com\\\/en\\\/#\\\/schema\\\/logo\\\/image\\\/\"}},{\"@type\":\"Person\",\"@id\":\"https:\\\/\\\/kohenavocats.com\\\/en\\\/#\\\/schema\\\/person\\\/761c9ba54fa1ca84d405cef0831ff751\",\"name\":\"Kohen\",\"image\":{\"@type\":\"ImageObject\",\"inLanguage\":\"en-US\",\"@id\":\"https:\\\/\\\/secure.gravatar.com\\\/avatar\\\/1c5e76ef76bbbfdd2b4da984e2bf2fa4056fd51a27d25ce2c332047f1dfd6e00?s=96&d=identicon&r=g\",\"url\":\"https:\\\/\\\/secure.gravatar.com\\\/avatar\\\/1c5e76ef76bbbfdd2b4da984e2bf2fa4056fd51a27d25ce2c332047f1dfd6e00?s=96&d=identicon&r=g\",\"contentUrl\":\"https:\\\/\\\/secure.gravatar.com\\\/avatar\\\/1c5e76ef76bbbfdd2b4da984e2bf2fa4056fd51a27d25ce2c332047f1dfd6e00?s=96&d=identicon&r=g\",\"caption\":\"Kohen\"},\"sameAs\":[\"https:\\\/\\\/www.linkedin.com\\\/in\\\/hassan-kohen-448548192\\\/\",\"https:\\\/\\\/www.youtube.com\\\/@Kohen-Avocats\"],\"url\":\"https:\\\/\\\/kohenavocats.com\\\/en\\\/author\\\/kohenmlk\\\/\"}]}<\/script>\n<!-- \/ Yoast SEO Premium plugin. -->","yoast_head_json":{"title":"Tribunal judiciaire de Saint-Brieuc, le 18 septembre 2025, n\u00b025\/00278 - Ma\u00eetre Hassan Kohen, avocat en droit p\u00e9nal \u00e0 Paris","description":"Le tribunal judiciaire de Saint-Brieuc, statuant en la forme des r\u00e9f\u00e9r\u00e9s le 18 septembre 2025, se prononce sur plusieurs demandes incidentes dans le cadre d\u2019...","robots":{"index":"index","follow":"follow","max-snippet":"max-snippet:-1","max-image-preview":"max-image-preview:large","max-video-preview":"max-video-preview:-1"},"canonical":"https:\/\/kohenavocats.com\/en\/tribunal-judiciaire-de-saint-brieuc-le-18-septembre-2025-n25-00278\/","og_locale":"en_US","og_type":"article","og_title":"Tribunal judiciaire de Saint-Brieuc, le 18 septembre 2025, n\u00b025\/00278","og_description":"Le tribunal judiciaire de Saint-Brieuc, statuant en la forme des r\u00e9f\u00e9r\u00e9s le 18 septembre 2025, se prononce sur plusieurs demandes incidentes dans le cadre d\u2019...","og_url":"https:\/\/kohenavocats.com\/en\/tribunal-judiciaire-de-saint-brieuc-le-18-septembre-2025-n25-00278\/","og_site_name":"Ma\u00eetre Hassan Kohen, avocat en droit p\u00e9nal \u00e0 Paris","article_published_time":"2026-04-24T05:26:23+00:00","og_image":[{"width":6996,"height":4102,"url":"https:\/\/kohenavocats.com\/wp-content\/uploads\/2024\/11\/mohamed-nohassi-eDW8N5peT58-unsplash.webp","type":"image\/webp"}],"author":"Kohen","twitter_card":"summary_large_image","twitter_misc":{"Written by":"Kohen","Est. reading time":"4 minutes"},"schema":{"@context":"https:\/\/schema.org","@graph":[{"@type":"Article","@id":"https:\/\/kohenavocats.com\/en\/tribunal-judiciaire-de-saint-brieuc-le-18-septembre-2025-n25-00278\/#article","isPartOf":{"@id":"https:\/\/kohenavocats.com\/en\/tribunal-judiciaire-de-saint-brieuc-le-18-septembre-2025-n25-00278\/"},"author":{"name":"Kohen","@id":"https:\/\/kohenavocats.com\/en\/#\/schema\/person\/761c9ba54fa1ca84d405cef0831ff751"},"headline":"Tribunal judiciaire de Saint-Brieuc, le 18 septembre 2025, n\u00b025\/00278","datePublished":"2026-04-24T05:26:23+00:00","mainEntityOfPage":{"@id":"https:\/\/kohenavocats.com\/en\/tribunal-judiciaire-de-saint-brieuc-le-18-septembre-2025-n25-00278\/"},"wordCount":866,"commentCount":0,"publisher":{"@id":"https:\/\/kohenavocats.com\/en\/#organization"},"image":{"@id":"https:\/\/kohenavocats.com\/en\/tribunal-judiciaire-de-saint-brieuc-le-18-septembre-2025-n25-00278\/#primaryimage"},"thumbnailUrl":"https:\/\/kohenavocats.com\/wp-content\/uploads\/2024\/11\/mohamed-nohassi-eDW8N5peT58-unsplash.webp","articleSection":["Jurisprudence"],"inLanguage":"en-US","potentialAction":[{"@type":"CommentAction","name":"Comment","target":["https:\/\/kohenavocats.com\/en\/tribunal-judiciaire-de-saint-brieuc-le-18-septembre-2025-n25-00278\/#respond"]}],"citation":"Tribunal judiciaire de Saint-Brieuc, le 18 septembre 2025, n\u00b025\/00278","about":[{"@type":"Thing","name":"Jurisprudence"}],"dateModified":"2026-04-24T05:26:23+00:00","speakable":{"@type":"SpeakableSpecification","cssSelector":[".article-content > p:first-of-type"]}},{"@type":"WebPage","@id":"https:\/\/kohenavocats.com\/en\/tribunal-judiciaire-de-saint-brieuc-le-18-septembre-2025-n25-00278\/","url":"https:\/\/kohenavocats.com\/en\/tribunal-judiciaire-de-saint-brieuc-le-18-septembre-2025-n25-00278\/","name":"Tribunal judiciaire de Saint-Brieuc, le 18 septembre 2025, n\u00b025\/00278 - Ma\u00eetre Hassan Kohen, avocat en droit p\u00e9nal \u00e0 Paris","isPartOf":{"@id":"https:\/\/kohenavocats.com\/en\/#website"},"primaryImageOfPage":{"@id":"https:\/\/kohenavocats.com\/en\/tribunal-judiciaire-de-saint-brieuc-le-18-septembre-2025-n25-00278\/#primaryimage"},"image":{"@id":"https:\/\/kohenavocats.com\/en\/tribunal-judiciaire-de-saint-brieuc-le-18-septembre-2025-n25-00278\/#primaryimage"},"thumbnailUrl":"https:\/\/kohenavocats.com\/wp-content\/uploads\/2024\/11\/mohamed-nohassi-eDW8N5peT58-unsplash.webp","datePublished":"2026-04-24T05:26:23+00:00","description":"Le tribunal judiciaire de Saint-Brieuc, statuant en la forme des r\u00e9f\u00e9r\u00e9s le 18 septembre 2025, se prononce sur plusieurs demandes incidentes dans le cadre d\u2019...","breadcrumb":{"@id":"https:\/\/kohenavocats.com\/en\/tribunal-judiciaire-de-saint-brieuc-le-18-septembre-2025-n25-00278\/#breadcrumb"},"inLanguage":"en-US","potentialAction":[{"@type":"ReadAction","target":["https:\/\/kohenavocats.com\/en\/tribunal-judiciaire-de-saint-brieuc-le-18-septembre-2025-n25-00278\/"]}]},{"@type":"ImageObject","inLanguage":"en-US","@id":"https:\/\/kohenavocats.com\/en\/tribunal-judiciaire-de-saint-brieuc-le-18-septembre-2025-n25-00278\/#primaryimage","url":"https:\/\/kohenavocats.com\/wp-content\/uploads\/2024\/11\/mohamed-nohassi-eDW8N5peT58-unsplash.webp","contentUrl":"https:\/\/kohenavocats.com\/wp-content\/uploads\/2024\/11\/mohamed-nohassi-eDW8N5peT58-unsplash.webp","width":6996,"height":4102},{"@type":"BreadcrumbList","@id":"https:\/\/kohenavocats.com\/en\/tribunal-judiciaire-de-saint-brieuc-le-18-septembre-2025-n25-00278\/#breadcrumb","itemListElement":[{"@type":"ListItem","position":1,"name":"Home","item":"https:\/\/kohenavocats.com\/en\/criminal-law-attorneys-in-paris-counsel-and-strategic-defense\/"},{"@type":"ListItem","position":2,"name":"Tribunal judiciaire de Saint-Brieuc, le 18 septembre 2025, n\u00b025\/00278"}]},{"@type":"WebSite","@id":"https:\/\/kohenavocats.com\/en\/#website","url":"https:\/\/kohenavocats.com\/en\/","name":"Kohen Avocats","description":"Ma\u00eetre Hassan Kohen, avocat p\u00e9naliste \u00e0 Paris, intervient exclusivement en droit p\u00e9nal pour la d\u00e9fense des particuliers, notamment en mati\u00e8re d\u2019accusations de viol. Il assure un accompagnement rigoureux d\u00e8s la garde \u00e0 vue jusqu\u2019\u00e0 la Cour d\u2019assises, veillant au strict respect des garanties proc\u00e9durales.","publisher":{"@id":"https:\/\/kohenavocats.com\/en\/#organization"},"potentialAction":[{"@type":"SearchAction","target":{"@type":"EntryPoint","urlTemplate":"https:\/\/kohenavocats.com\/en\/?s={search_term_string}"},"query-input":{"@type":"PropertyValueSpecification","valueRequired":true,"valueName":"search_term_string"}}],"inLanguage":"en-US"},{"@type":"Organization","@id":"https:\/\/kohenavocats.com\/en\/#organization","name":"Kohen Avocats","url":"https:\/\/kohenavocats.com\/en\/","logo":{"@type":"ImageObject","inLanguage":"en-US","@id":"https:\/\/kohenavocats.com\/en\/#\/schema\/logo\/image\/","url":"https:\/\/kohenavocats.com\/wp-content\/uploads\/2026\/01\/Logo-2-1.webp","contentUrl":"https:\/\/kohenavocats.com\/wp-content\/uploads\/2026\/01\/Logo-2-1.webp","width":2114,"height":1253,"caption":"Kohen Avocats"},"image":{"@id":"https:\/\/kohenavocats.com\/en\/#\/schema\/logo\/image\/"}},{"@type":"Person","@id":"https:\/\/kohenavocats.com\/en\/#\/schema\/person\/761c9ba54fa1ca84d405cef0831ff751","name":"Kohen","image":{"@type":"ImageObject","inLanguage":"en-US","@id":"https:\/\/secure.gravatar.com\/avatar\/1c5e76ef76bbbfdd2b4da984e2bf2fa4056fd51a27d25ce2c332047f1dfd6e00?s=96&d=identicon&r=g","url":"https:\/\/secure.gravatar.com\/avatar\/1c5e76ef76bbbfdd2b4da984e2bf2fa4056fd51a27d25ce2c332047f1dfd6e00?s=96&d=identicon&r=g","contentUrl":"https:\/\/secure.gravatar.com\/avatar\/1c5e76ef76bbbfdd2b4da984e2bf2fa4056fd51a27d25ce2c332047f1dfd6e00?s=96&d=identicon&r=g","caption":"Kohen"},"sameAs":["https:\/\/www.linkedin.com\/in\/hassan-kohen-448548192\/","https:\/\/www.youtube.com\/@Kohen-Avocats"],"url":"https:\/\/kohenavocats.com\/en\/author\/kohenmlk\/"}]}},"jetpack_featured_media_url":"https:\/\/kohenavocats.com\/wp-content\/uploads\/2024\/11\/mohamed-nohassi-eDW8N5peT58-unsplash.webp","jetpack_likes_enabled":false,"jetpack_shortlink":"https:\/\/wp.me\/peCrII-2OlP","jetpack-related-posts":[{"id":302993,"url":"https:\/\/kohenavocats.com\/en\/tribunal-judiciaire-de-saint-brieuc-le-17-juillet-2025-n25-00175\/","url_meta":{"origin":670209,"position":0},"title":"Tribunal judiciaire de Saint-Brieuc, le 17 juillet 2025, n\u00b025\/00175","author":"Kohen","date":"5 February 2026","format":false,"excerpt":"La pr\u00e9sente ordonance statue sur une demande d\u2019extension d\u2019une mesure d\u2019expertise judiciaire. Des copropri\u00e9taires souhaitent \u00e9tendre une expertise d\u00e9j\u00e0 ordonn\u00e9e \u00e0 de nouveaux intervenants. Le juge des r\u00e9f\u00e9r\u00e9s accueille cette demande pour l\u2019essentiel. Il d\u00e9clare l\u2019expertise commune \u00e0 plusieurs soci\u00e9t\u00e9s dont le contr\u00f4leur technique et son assureur. La solution retenue\u2026","rel":"","context":"In &quot;D\u00e9cisions juridiques&quot;","block_context":{"text":"D\u00e9cisions juridiques","link":"https:\/\/kohenavocats.com\/category\/decisions-juridiques\/"},"img":{"alt_text":"","src":"https:\/\/i0.wp.com\/kohenavocats.com\/wp-content\/uploads\/2024\/11\/getty-images-J7MPbX1-XzA-unsplash.webp?resize=350%2C200&ssl=1","width":350,"height":200,"srcset":"https:\/\/i0.wp.com\/kohenavocats.com\/wp-content\/uploads\/2024\/11\/getty-images-J7MPbX1-XzA-unsplash.webp?resize=350%2C200&ssl=1 1x, https:\/\/i0.wp.com\/kohenavocats.com\/wp-content\/uploads\/2024\/11\/getty-images-J7MPbX1-XzA-unsplash.webp?resize=525%2C300&ssl=1 1.5x, https:\/\/i0.wp.com\/kohenavocats.com\/wp-content\/uploads\/2024\/11\/getty-images-J7MPbX1-XzA-unsplash.webp?resize=700%2C400&ssl=1 2x, https:\/\/i0.wp.com\/kohenavocats.com\/wp-content\/uploads\/2024\/11\/getty-images-J7MPbX1-XzA-unsplash.webp?resize=1050%2C600&ssl=1 3x, https:\/\/i0.wp.com\/kohenavocats.com\/wp-content\/uploads\/2024\/11\/getty-images-J7MPbX1-XzA-unsplash.webp?resize=1400%2C800&ssl=1 4x"},"classes":[]},{"id":307816,"url":"https:\/\/kohenavocats.com\/en\/tribunal-judiciaire-de-saint-brieuc-le-17-juillet-2025-n25-00184\/","url_meta":{"origin":670209,"position":1},"title":"Tribunal judiciaire de Saint-Brieuc, le 17 juillet 2025, n\u00b025\/00184","author":"Kohen","date":"6 February 2026","format":false,"excerpt":"Le juge des r\u00e9f\u00e9r\u00e9s, saisi d\u2019une demande d\u2019extension d\u2019une mesure d\u2019expertise, statue sur son opportunit\u00e9. Il rappelle le cadre l\u00e9gal de l\u2019article 145 du code de proc\u00e9dure civile. Le juge peut ordonner toute mesure utile pour \u00e9clairer la solution d\u2019un litige. L\u2019extension d\u2019une mission existante est possible. Elle requiert la\u2026","rel":"","context":"In &quot;D\u00e9cisions juridiques&quot;","block_context":{"text":"D\u00e9cisions juridiques","link":"https:\/\/kohenavocats.com\/category\/decisions-juridiques\/"},"img":{"alt_text":"","src":"https:\/\/i0.wp.com\/kohenavocats.com\/wp-content\/uploads\/2024\/08\/dillon-t-lHQ7gU7SgdM-unsplash.webp?resize=350%2C200&ssl=1","width":350,"height":200,"srcset":"https:\/\/i0.wp.com\/kohenavocats.com\/wp-content\/uploads\/2024\/08\/dillon-t-lHQ7gU7SgdM-unsplash.webp?resize=350%2C200&ssl=1 1x, https:\/\/i0.wp.com\/kohenavocats.com\/wp-content\/uploads\/2024\/08\/dillon-t-lHQ7gU7SgdM-unsplash.webp?resize=525%2C300&ssl=1 1.5x, https:\/\/i0.wp.com\/kohenavocats.com\/wp-content\/uploads\/2024\/08\/dillon-t-lHQ7gU7SgdM-unsplash.webp?resize=700%2C400&ssl=1 2x, https:\/\/i0.wp.com\/kohenavocats.com\/wp-content\/uploads\/2024\/08\/dillon-t-lHQ7gU7SgdM-unsplash.webp?resize=1050%2C600&ssl=1 3x, https:\/\/i0.wp.com\/kohenavocats.com\/wp-content\/uploads\/2024\/08\/dillon-t-lHQ7gU7SgdM-unsplash.webp?resize=1400%2C800&ssl=1 4x"},"classes":[]},{"id":228872,"url":"https:\/\/kohenavocats.com\/en\/cour-dappel-de-agen-le-9-septembre-2025-n25-00110\/","url_meta":{"origin":670209,"position":2},"title":"Cour d&#8217;appel de Agen, le 9 septembre 2025, n\u00b025\/00110","author":"Kohen","date":"27 December 2025","format":false,"excerpt":"Now using node v22.15.1 (npm v10.8.2)Utilisation de Node.js v20.19.4 et npm 10.8.2Codex est d\u00e9j\u00e0 install\u00e9.Lancement de Codex\u2026Par un arr\u00eat de la Cour d\u2019appel d\u2019Agen, chambre sociale, du 9 septembre 2025, la juridiction tranche un contentieux de l\u2019inaptitude m\u00e9dicale apr\u00e8s r\u00e9ouverture d\u2019un centre de formation. La question touche au contr\u00f4le de\u2026","rel":"","context":"In &quot;Cour d'appel&quot;","block_context":{"text":"Cour d'appel","link":"https:\/\/kohenavocats.com\/category\/cour-dappel\/"},"img":{"alt_text":"","src":"https:\/\/i0.wp.com\/kohenavocats.com\/wp-content\/uploads\/2024\/08\/susan-q-yin-YQhhlCS9Hto-unsplash-1.webp?resize=350%2C200&ssl=1","width":350,"height":200,"srcset":"https:\/\/i0.wp.com\/kohenavocats.com\/wp-content\/uploads\/2024\/08\/susan-q-yin-YQhhlCS9Hto-unsplash-1.webp?resize=350%2C200&ssl=1 1x, https:\/\/i0.wp.com\/kohenavocats.com\/wp-content\/uploads\/2024\/08\/susan-q-yin-YQhhlCS9Hto-unsplash-1.webp?resize=525%2C300&ssl=1 1.5x, https:\/\/i0.wp.com\/kohenavocats.com\/wp-content\/uploads\/2024\/08\/susan-q-yin-YQhhlCS9Hto-unsplash-1.webp?resize=700%2C400&ssl=1 2x, https:\/\/i0.wp.com\/kohenavocats.com\/wp-content\/uploads\/2024\/08\/susan-q-yin-YQhhlCS9Hto-unsplash-1.webp?resize=1050%2C600&ssl=1 3x, https:\/\/i0.wp.com\/kohenavocats.com\/wp-content\/uploads\/2024\/08\/susan-q-yin-YQhhlCS9Hto-unsplash-1.webp?resize=1400%2C800&ssl=1 4x"},"classes":[]},{"id":304528,"url":"https:\/\/kohenavocats.com\/en\/tribunal-judiciaire-de-saint-brieuc-le-17-juillet-2025-n25-00213\/","url_meta":{"origin":670209,"position":3},"title":"Tribunal judiciaire de Saint-Brieuc, le 17 juillet 2025, n\u00b025\/00213","author":"Kohen","date":"5 February 2026","format":false,"excerpt":"La pr\u00e9sente ordonnance de r\u00e9f\u00e9r\u00e9 statue sur une demande d\u2019expertise judiciaire fond\u00e9e sur l\u2019article 145 du code de proc\u00e9dure civile. Le juge ordonne une mesure d\u2019instruction afin d\u2019\u00e9tablir les pr\u00e9judices r\u00e9sultant d\u2019un accident de la circulation. La d\u00e9cision pr\u00e9cise les conditions de cette expertise et r\u00e8gle la question des d\u00e9pens.**I.\u2026","rel":"","context":"In &quot;D\u00e9cisions juridiques&quot;","block_context":{"text":"D\u00e9cisions juridiques","link":"https:\/\/kohenavocats.com\/category\/decisions-juridiques\/"},"img":{"alt_text":"","src":"https:\/\/i0.wp.com\/kohenavocats.com\/wp-content\/uploads\/2024\/08\/pierre-antona-ir9dYEOvx5s-unsplash-1.webp?resize=350%2C200&ssl=1","width":350,"height":200,"srcset":"https:\/\/i0.wp.com\/kohenavocats.com\/wp-content\/uploads\/2024\/08\/pierre-antona-ir9dYEOvx5s-unsplash-1.webp?resize=350%2C200&ssl=1 1x, https:\/\/i0.wp.com\/kohenavocats.com\/wp-content\/uploads\/2024\/08\/pierre-antona-ir9dYEOvx5s-unsplash-1.webp?resize=525%2C300&ssl=1 1.5x, https:\/\/i0.wp.com\/kohenavocats.com\/wp-content\/uploads\/2024\/08\/pierre-antona-ir9dYEOvx5s-unsplash-1.webp?resize=700%2C400&ssl=1 2x, https:\/\/i0.wp.com\/kohenavocats.com\/wp-content\/uploads\/2024\/08\/pierre-antona-ir9dYEOvx5s-unsplash-1.webp?resize=1050%2C600&ssl=1 3x, https:\/\/i0.wp.com\/kohenavocats.com\/wp-content\/uploads\/2024\/08\/pierre-antona-ir9dYEOvx5s-unsplash-1.webp?resize=1400%2C800&ssl=1 4x"},"classes":[]},{"id":303194,"url":"https:\/\/kohenavocats.com\/en\/tribunal-judiciaire-de-saint-etienne-le-17-juillet-2025-n25-00346\/","url_meta":{"origin":670209,"position":4},"title":"Tribunal judiciaire de Saint-Etienne, le 17 juillet 2025, n\u00b025\/00346","author":"Kohen","date":"5 February 2026","format":false,"excerpt":"Le juge des r\u00e9f\u00e9r\u00e9s a \u00e9t\u00e9 saisi sur le fondement de l\u2019article 145 du code de proc\u00e9dure civile. Il devait appr\u00e9cier la l\u00e9gitimit\u00e9 d\u2019appels en cause form\u00e9s apr\u00e8s une ordonnance d\u2019expertise. La d\u00e9cision retient le bien-fond\u00e9 de ces appels et les d\u00e9clare communs aux soci\u00e9t\u00e9s mises en cause. Elle condamne\u2026","rel":"","context":"In &quot;D\u00e9cisions juridiques&quot;","block_context":{"text":"D\u00e9cisions juridiques","link":"https:\/\/kohenavocats.com\/category\/decisions-juridiques\/"},"img":{"alt_text":"","src":"https:\/\/i0.wp.com\/kohenavocats.com\/wp-content\/uploads\/2024\/11\/gabriella-clare-marino-Sv8mgd51JZ4-unsplash.webp?resize=350%2C200&ssl=1","width":350,"height":200,"srcset":"https:\/\/i0.wp.com\/kohenavocats.com\/wp-content\/uploads\/2024\/11\/gabriella-clare-marino-Sv8mgd51JZ4-unsplash.webp?resize=350%2C200&ssl=1 1x, https:\/\/i0.wp.com\/kohenavocats.com\/wp-content\/uploads\/2024\/11\/gabriella-clare-marino-Sv8mgd51JZ4-unsplash.webp?resize=525%2C300&ssl=1 1.5x, https:\/\/i0.wp.com\/kohenavocats.com\/wp-content\/uploads\/2024\/11\/gabriella-clare-marino-Sv8mgd51JZ4-unsplash.webp?resize=700%2C400&ssl=1 2x, https:\/\/i0.wp.com\/kohenavocats.com\/wp-content\/uploads\/2024\/11\/gabriella-clare-marino-Sv8mgd51JZ4-unsplash.webp?resize=1050%2C600&ssl=1 3x, https:\/\/i0.wp.com\/kohenavocats.com\/wp-content\/uploads\/2024\/11\/gabriella-clare-marino-Sv8mgd51JZ4-unsplash.webp?resize=1400%2C800&ssl=1 4x"},"classes":[]},{"id":304896,"url":"https:\/\/kohenavocats.com\/en\/tribunal-judiciaire-de-marseille-le-18-juillet-2025-n25-00835\/","url_meta":{"origin":670209,"position":5},"title":"Tribunal judiciaire de Marseille, le 18 juillet 2025, n\u00b025\/00835","author":"Kohen","date":"5 February 2026","format":false,"excerpt":"Le juge des r\u00e9f\u00e9r\u00e9s statue sur une demande d\u2019extension de mission d\u2019expertise. Il se prononce \u00e9galement sur l\u2019intervention d\u2019une soci\u00e9t\u00e9 et une demande de mise hors de cause. L\u2019ordonnance retient une solution \u00e9quilibr\u00e9e respectant les exigences du contradictoire.**I. Une r\u00e9gularisation de la composition des parties refus\u00e9e pour pr\u00e9server la proc\u00e9dure**La\u2026","rel":"","context":"In &quot;D\u00e9cisions juridiques&quot;","block_context":{"text":"D\u00e9cisions juridiques","link":"https:\/\/kohenavocats.com\/category\/decisions-juridiques\/"},"img":{"alt_text":"","src":"https:\/\/i0.wp.com\/kohenavocats.com\/wp-content\/uploads\/2024\/11\/pawel-czerwinski-lH8vmlCC1JU-unsplash.webp?resize=350%2C200&ssl=1","width":350,"height":200,"srcset":"https:\/\/i0.wp.com\/kohenavocats.com\/wp-content\/uploads\/2024\/11\/pawel-czerwinski-lH8vmlCC1JU-unsplash.webp?resize=350%2C200&ssl=1 1x, https:\/\/i0.wp.com\/kohenavocats.com\/wp-content\/uploads\/2024\/11\/pawel-czerwinski-lH8vmlCC1JU-unsplash.webp?resize=525%2C300&ssl=1 1.5x, https:\/\/i0.wp.com\/kohenavocats.com\/wp-content\/uploads\/2024\/11\/pawel-czerwinski-lH8vmlCC1JU-unsplash.webp?resize=700%2C400&ssl=1 2x, https:\/\/i0.wp.com\/kohenavocats.com\/wp-content\/uploads\/2024\/11\/pawel-czerwinski-lH8vmlCC1JU-unsplash.webp?resize=1050%2C600&ssl=1 3x, https:\/\/i0.wp.com\/kohenavocats.com\/wp-content\/uploads\/2024\/11\/pawel-czerwinski-lH8vmlCC1JU-unsplash.webp?resize=1400%2C800&ssl=1 4x"},"classes":[]}],"jetpack_sharing_enabled":true,"_links":{"self":[{"href":"https:\/\/kohenavocats.com\/en\/wp-json\/wp\/v2\/posts\/670209","targetHints":{"allow":["GET"]}}],"collection":[{"href":"https:\/\/kohenavocats.com\/en\/wp-json\/wp\/v2\/posts"}],"about":[{"href":"https:\/\/kohenavocats.com\/en\/wp-json\/wp\/v2\/types\/post"}],"author":[{"embeddable":true,"href":"https:\/\/kohenavocats.com\/en\/wp-json\/wp\/v2\/users\/232070755"}],"replies":[{"embeddable":true,"href":"https:\/\/kohenavocats.com\/en\/wp-json\/wp\/v2\/comments?post=670209"}],"version-history":[{"count":0,"href":"https:\/\/kohenavocats.com\/en\/wp-json\/wp\/v2\/posts\/670209\/revisions"}],"wp:featuredmedia":[{"embeddable":true,"href":"https:\/\/kohenavocats.com\/en\/wp-json\/wp\/v2\/media\/9625"}],"wp:attachment":[{"href":"https:\/\/kohenavocats.com\/en\/wp-json\/wp\/v2\/media?parent=670209"}],"wp:term":[{"taxonomy":"category","embeddable":true,"href":"https:\/\/kohenavocats.com\/en\/wp-json\/wp\/v2\/categories?post=670209"},{"taxonomy":"post_tag","embeddable":true,"href":"https:\/\/kohenavocats.com\/en\/wp-json\/wp\/v2\/tags?post=670209"}],"curies":[{"name":"wp","href":"https:\/\/api.w.org\/{rel}","templated":true}]}}