{"id":670212,"date":"2026-04-24T07:27:25","date_gmt":"2026-04-24T05:27:25","guid":{"rendered":"https:\/\/kohenavocats.com\/tribunal-judiciaire-de-angers-le-19-mai-2025-n25-00373\/"},"modified":"2026-04-26T16:33:36","modified_gmt":"2026-04-26T14:33:36","slug":"tribunal-judiciaire-de-angers-le-19-mai-2025-n25-00373","status":"publish","type":"post","link":"https:\/\/kohenavocats.com\/en\/tribunal-judiciaire-de-angers-le-19-mai-2025-n25-00373\/","title":{"rendered":"Tribunal judiciaire de Angers, le 19 mai 2025, n\u00b025\/00373"},"content":{"rendered":"<div class=\"article-content\">\n<p>Le juge des contentieux de la protection, statuant en premier ressort, a rendu une d\u00e9cision le 19 mai 2025. Un bailleur public a engag\u00e9 une action en r\u00e9siliation de bail pour impay\u00e9s contre son locataire. La juridiction a examin\u00e9 la recevabilit\u00e9 de la demande et le bien-fond\u00e9 des conclusions. Elle a constat\u00e9 la r\u00e9siliation du bail, ordonn\u00e9 l&#8217;expulsion et condamn\u00e9 le locataire au paiement des sommes dues.<\/p>\n<p>La r\u00e9gularit\u00e9 proc\u00e9durale de la demande en r\u00e9siliation<\/p>\n<p>La saisine pr\u00e9alable de la commission d\u00e9di\u00e9e constitue une condition de recevabilit\u00e9 imp\u00e9rative. Conform\u00e9ment \u00e0 l\u2019article 24-II de la loi du 6 juillet 1989, le bailleur public ne peut assigner son locataire qu&#8217;apr\u00e8s un d\u00e9lai de deux mois suivant la saisine de la Commission de coordination des actions pr\u00e9vention des expulsions locatives. Cette formalit\u00e9 est exig\u00e9e pour les demandes fond\u00e9es sur les impay\u00e9s de loyer. La d\u00e9cision rappelle que &#8220;cette saisine est r\u00e9put\u00e9e constitu\u00e9e d\u00e8s lors que persiste une situation d&#8217;impay\u00e9s pr\u00e9alablement signal\u00e9e&#8221; (Motifs de la d\u00e9cision). Le bailleur a justifi\u00e9 de cette saisine par courrier recommand\u00e9, rendant son action recevable. Cette analyse confirme une application stricte des conditions de forme destin\u00e9es \u00e0 favoriser le maintien dans les lieux. Elle souligne l&#8217;importance du respect des voies de recours amiable avant toute saisine judiciaire pour impay\u00e9s.<\/p>\n<p>La notification de l&#8217;assignation \u00e0 l&#8217;autorit\u00e9 pr\u00e9fectorale est \u00e9galement une formalit\u00e9 substantielle. L&#8217;article 24-III de la m\u00eame loi impose qu&#8217;une copie de l&#8217;assignation soit notifi\u00e9e \u00e0 la pr\u00e9fecture par voie \u00e9lectronique plus de six semaines avant l&#8217;audience. Le bailleur a proc\u00e9d\u00e9 \u00e0 cette notification en temps utile, respectant ainsi la proc\u00e9dure issue de la loi du 27 juillet 2023. Ce formalisme assure une information des services de l&#8217;\u00c9tat susceptibles d&#8217;intervenir pour pr\u00e9venir l&#8217;expulsion. La d\u00e9cision valide ainsi la parfaite r\u00e9gularit\u00e9 de la proc\u00e9dure introduite par le bailleur, \u00e9cartant tout vice de forme.<\/p>\n<p>L&#8217;appr\u00e9ciation du d\u00e9lai de la <a href=\"https:\/\/kohenavocats.fr\/avocat-resiliation-bail-paris\/\" target=\"_blank\" title=\"clause r\u00e9solutoire\">clause r\u00e9solutoire<\/a> et son effet<\/p>\n<p>La d\u00e9termination du d\u00e9lai applicable au <a href=\"https:\/\/kohenavocats.fr\/avocat-recouvrement-loyers-paris\/\" target=\"_blank\" title=\"commandement de payer\">commandement de payer<\/a> est une question centrale. Le bail contenait une clause r\u00e9solutoire pr\u00e9voyant son effet deux mois apr\u00e8s un commandement rest\u00e9 infructueux. La loi du 27 juillet 2023 a r\u00e9duit ce d\u00e9lai l\u00e9gal \u00e0 six semaines. La juridiction a d\u00fb d\u00e9terminer la loi applicable au commandement d\u00e9livr\u00e9 en avril 2024. Elle a jug\u00e9 que &#8220;la loi du 27 juillet 2023 ne comprend pas de disposition d\u00e9rogeant \u00e0 l&#8217;article 2 du code civil, selon lequel la loi ne dispose que pour l&#8217;avenir&#8221; (Motifs de la d\u00e9cision). Le principe de non-r\u00e9troactivit\u00e9 de la loi nouvelle a donc \u00e9t\u00e9 strictement appliqu\u00e9. Le d\u00e9lai de deux mois stipul\u00e9 au contrat, conforme \u00e0 la loi ancienne, demeurait applicable. Cette solution pr\u00e9serve la s\u00e9curit\u00e9 juridique et les droits acquis des parties au contrat.<\/p>\n<p>Les conditions d&#8217;acquisition de la clause r\u00e9solutoire sont d\u00e8s lors r\u00e9unies. Le locataire n&#8217;ayant pas apur\u00e9 sa dette dans le d\u00e9lai de deux mois suivant le commandement, la clause a produit son effet de plein droit \u00e0 l&#8217;expiration de ce d\u00e9lai. La r\u00e9siliation du bail est ainsi constat\u00e9e r\u00e9troactivement \u00e0 cette date. Le locataire devient alors occupant sans droit ni titre, justifiant la condamnation \u00e0 une indemnit\u00e9 d&#8217;occupation. La d\u00e9cision \u00e9carte enfin l&#8217;octroi de d\u00e9lais de paiement, le locataire n&#8217;ayant pas repris le paiement des loyers courants. Cette application rigoureuse consacre l&#8217;effet automatique de la clause r\u00e9solutoire d\u00e8s lors que ses conditions contractuelles et l\u00e9gales sont satisfaites.<\/p>\n<\/div>\n","protected":false},"excerpt":{"rendered":"<p>Le juge des contentieux de la protection, statuant en premier ressort, a rendu une d\u00e9cision le 19 mai 2025. Un bailleur public a engag\u00e9 une action en r\u00e9silia&#8230;<\/p>\n","protected":false},"author":232070755,"featured_media":4913,"comment_status":"open","ping_status":"open","sticky":false,"template":"","format":"standard","meta":{"_crdt_document":"","_jetpack_newsletter_access":"","_jetpack_dont_email_post_to_subs":false,"_jetpack_newsletter_tier_id":0,"_jetpack_memberships_contains_paywalled_content":false,"_kj_source_type":"","_kj_official_id":"","_kj_official_url":"","_kj_judilibre_id":"","_kj_jur":"","_kj_lieu":"","_kj_chambre":"","_kj_rg":"","_kj_date":"","_jetpack_memberships_contains_paid_content":false,"footnotes":"","jetpack_post_was_ever_published":false},"categories":[7096,35583,7597],"tags":[],"class_list":["post-670212","post","type-post","status-publish","format-standard","has-post-thumbnail","hentry","category-code-des-assurances","category-immobilier","category-jurisprudence"],"yoast_head":"<!-- This site is optimized with the Yoast SEO Premium plugin v27.4 (Yoast SEO v27.4) - https:\/\/yoast.com\/product\/yoast-seo-premium-wordpress\/ -->\n<title>Tribunal judiciaire de Angers, le 19 mai 2025, n\u00b025\/00373 - Ma\u00eetre Hassan Kohen, avocat en droit p\u00e9nal \u00e0 Paris<\/title>\n<meta name=\"description\" content=\"Le juge des contentieux de la protection, statuant en premier ressort, a rendu une d\u00e9cision le 19 mai 2025. Un bailleur public a engag\u00e9 une action en r\u00e9silia...\" \/>\n<meta name=\"robots\" content=\"index, follow, max-snippet:-1, max-image-preview:large, max-video-preview:-1\" \/>\n<link rel=\"canonical\" href=\"https:\/\/kohenavocats.com\/en\/tribunal-judiciaire-de-angers-le-19-mai-2025-n25-00373\/\" \/>\n<meta property=\"og:locale\" content=\"en_US\" \/>\n<meta property=\"og:type\" content=\"article\" \/>\n<meta property=\"og:title\" content=\"Tribunal judiciaire de Angers, le 19 mai 2025, n\u00b025\/00373\" \/>\n<meta property=\"og:description\" content=\"Le juge des contentieux de la protection, statuant en premier ressort, a rendu une d\u00e9cision le 19 mai 2025. Un bailleur public a engag\u00e9 une action en r\u00e9silia...\" \/>\n<meta property=\"og:url\" content=\"https:\/\/kohenavocats.com\/en\/tribunal-judiciaire-de-angers-le-19-mai-2025-n25-00373\/\" \/>\n<meta property=\"og:site_name\" content=\"Ma\u00eetre Hassan Kohen, avocat en droit p\u00e9nal \u00e0 Paris\" \/>\n<meta property=\"article:published_time\" content=\"2026-04-24T05:27:25+00:00\" \/>\n<meta property=\"article:modified_time\" content=\"2026-04-26T14:33:36+00:00\" \/>\n<meta property=\"og:image\" content=\"https:\/\/kohenavocats.com\/wp-content\/uploads\/2024\/08\/judith-ekedi-jangwa-fyfmXbDaR14-unsplash.webp\" \/>\n\t<meta property=\"og:image:width\" content=\"6000\" \/>\n\t<meta property=\"og:image:height\" content=\"4000\" \/>\n\t<meta property=\"og:image:type\" content=\"image\/webp\" \/>\n<meta name=\"author\" content=\"Kohen\" \/>\n<meta name=\"twitter:card\" content=\"summary_large_image\" \/>\n<meta name=\"twitter:label1\" content=\"Written by\" \/>\n\t<meta name=\"twitter:data1\" content=\"Kohen\" \/>\n\t<meta name=\"twitter:label2\" content=\"Est. reading time\" \/>\n\t<meta name=\"twitter:data2\" content=\"3 minutes\" \/>\n<script type=\"application\/ld+json\" class=\"yoast-schema-graph\">{\"@context\":\"https:\\\/\\\/schema.org\",\"@graph\":[{\"@type\":\"Article\",\"@id\":\"https:\\\/\\\/kohenavocats.com\\\/en\\\/tribunal-judiciaire-de-angers-le-19-mai-2025-n25-00373\\\/#article\",\"isPartOf\":{\"@id\":\"https:\\\/\\\/kohenavocats.com\\\/en\\\/tribunal-judiciaire-de-angers-le-19-mai-2025-n25-00373\\\/\"},\"author\":{\"name\":\"Kohen\",\"@id\":\"https:\\\/\\\/kohenavocats.com\\\/en\\\/#\\\/schema\\\/person\\\/761c9ba54fa1ca84d405cef0831ff751\"},\"headline\":\"Tribunal judiciaire de Angers, le 19 mai 2025, n\u00b025\\\/00373\",\"datePublished\":\"2026-04-24T05:27:25+00:00\",\"dateModified\":\"2026-04-26T14:33:36+00:00\",\"mainEntityOfPage\":{\"@id\":\"https:\\\/\\\/kohenavocats.com\\\/en\\\/tribunal-judiciaire-de-angers-le-19-mai-2025-n25-00373\\\/\"},\"wordCount\":632,\"commentCount\":0,\"publisher\":{\"@id\":\"https:\\\/\\\/kohenavocats.com\\\/en\\\/#organization\"},\"image\":{\"@id\":\"https:\\\/\\\/kohenavocats.com\\\/en\\\/tribunal-judiciaire-de-angers-le-19-mai-2025-n25-00373\\\/#primaryimage\"},\"thumbnailUrl\":\"https:\\\/\\\/kohenavocats.com\\\/wp-content\\\/uploads\\\/2024\\\/08\\\/judith-ekedi-jangwa-fyfmXbDaR14-unsplash.webp\",\"articleSection\":[\"Code des assurances\",\"Immobilier\",\"Jurisprudence\"],\"inLanguage\":\"en-US\",\"potentialAction\":[{\"@type\":\"CommentAction\",\"name\":\"Comment\",\"target\":[\"https:\\\/\\\/kohenavocats.com\\\/en\\\/tribunal-judiciaire-de-angers-le-19-mai-2025-n25-00373\\\/#respond\"]}],\"citation\":\"Tribunal judiciaire de Angers, le 19 mai 2025, n\u00b025\\\/00373\",\"about\":[{\"@type\":\"Thing\",\"name\":\"Code des assurances\"},{\"@type\":\"Thing\",\"name\":\"Immobilier\"},{\"@type\":\"Thing\",\"name\":\"Jurisprudence\"}],\"speakable\":{\"@type\":\"SpeakableSpecification\",\"cssSelector\":[\".article-content > p:first-of-type\"]}},{\"@type\":\"WebPage\",\"@id\":\"https:\\\/\\\/kohenavocats.com\\\/en\\\/tribunal-judiciaire-de-angers-le-19-mai-2025-n25-00373\\\/\",\"url\":\"https:\\\/\\\/kohenavocats.com\\\/en\\\/tribunal-judiciaire-de-angers-le-19-mai-2025-n25-00373\\\/\",\"name\":\"Tribunal judiciaire de Angers, le 19 mai 2025, n\u00b025\\\/00373 - Ma\u00eetre Hassan Kohen, avocat en droit p\u00e9nal \u00e0 Paris\",\"isPartOf\":{\"@id\":\"https:\\\/\\\/kohenavocats.com\\\/en\\\/#website\"},\"primaryImageOfPage\":{\"@id\":\"https:\\\/\\\/kohenavocats.com\\\/en\\\/tribunal-judiciaire-de-angers-le-19-mai-2025-n25-00373\\\/#primaryimage\"},\"image\":{\"@id\":\"https:\\\/\\\/kohenavocats.com\\\/en\\\/tribunal-judiciaire-de-angers-le-19-mai-2025-n25-00373\\\/#primaryimage\"},\"thumbnailUrl\":\"https:\\\/\\\/kohenavocats.com\\\/wp-content\\\/uploads\\\/2024\\\/08\\\/judith-ekedi-jangwa-fyfmXbDaR14-unsplash.webp\",\"datePublished\":\"2026-04-24T05:27:25+00:00\",\"dateModified\":\"2026-04-26T14:33:36+00:00\",\"description\":\"Le juge des contentieux de la protection, statuant en premier ressort, a rendu une d\u00e9cision le 19 mai 2025. Un bailleur public a engag\u00e9 une action en r\u00e9silia...\",\"breadcrumb\":{\"@id\":\"https:\\\/\\\/kohenavocats.com\\\/en\\\/tribunal-judiciaire-de-angers-le-19-mai-2025-n25-00373\\\/#breadcrumb\"},\"inLanguage\":\"en-US\",\"potentialAction\":[{\"@type\":\"ReadAction\",\"target\":[\"https:\\\/\\\/kohenavocats.com\\\/en\\\/tribunal-judiciaire-de-angers-le-19-mai-2025-n25-00373\\\/\"]}]},{\"@type\":\"ImageObject\",\"inLanguage\":\"en-US\",\"@id\":\"https:\\\/\\\/kohenavocats.com\\\/en\\\/tribunal-judiciaire-de-angers-le-19-mai-2025-n25-00373\\\/#primaryimage\",\"url\":\"https:\\\/\\\/kohenavocats.com\\\/wp-content\\\/uploads\\\/2024\\\/08\\\/judith-ekedi-jangwa-fyfmXbDaR14-unsplash.webp\",\"contentUrl\":\"https:\\\/\\\/kohenavocats.com\\\/wp-content\\\/uploads\\\/2024\\\/08\\\/judith-ekedi-jangwa-fyfmXbDaR14-unsplash.webp\",\"width\":6000,\"height\":4000},{\"@type\":\"BreadcrumbList\",\"@id\":\"https:\\\/\\\/kohenavocats.com\\\/en\\\/tribunal-judiciaire-de-angers-le-19-mai-2025-n25-00373\\\/#breadcrumb\",\"itemListElement\":[{\"@type\":\"ListItem\",\"position\":1,\"name\":\"Home\",\"item\":\"https:\\\/\\\/kohenavocats.com\\\/en\\\/criminal-law-attorneys-in-paris-counsel-and-strategic-defense\\\/\"},{\"@type\":\"ListItem\",\"position\":2,\"name\":\"Tribunal judiciaire de Angers, le 19 mai 2025, n\u00b025\\\/00373\"}]},{\"@type\":\"WebSite\",\"@id\":\"https:\\\/\\\/kohenavocats.com\\\/en\\\/#website\",\"url\":\"https:\\\/\\\/kohenavocats.com\\\/en\\\/\",\"name\":\"Kohen Avocats\",\"description\":\"Ma\u00eetre Hassan Kohen, avocat p\u00e9naliste \u00e0 Paris, intervient exclusivement en droit p\u00e9nal pour la d\u00e9fense des particuliers, notamment en mati\u00e8re d\u2019accusations de viol. Il assure un accompagnement rigoureux d\u00e8s la garde \u00e0 vue jusqu\u2019\u00e0 la Cour d\u2019assises, veillant au strict respect des garanties proc\u00e9durales.\",\"publisher\":{\"@id\":\"https:\\\/\\\/kohenavocats.com\\\/en\\\/#organization\"},\"potentialAction\":[{\"@type\":\"SearchAction\",\"target\":{\"@type\":\"EntryPoint\",\"urlTemplate\":\"https:\\\/\\\/kohenavocats.com\\\/en\\\/?s={search_term_string}\"},\"query-input\":{\"@type\":\"PropertyValueSpecification\",\"valueRequired\":true,\"valueName\":\"search_term_string\"}}],\"inLanguage\":\"en-US\"},{\"@type\":\"Organization\",\"@id\":\"https:\\\/\\\/kohenavocats.com\\\/en\\\/#organization\",\"name\":\"Kohen Avocats\",\"url\":\"https:\\\/\\\/kohenavocats.com\\\/en\\\/\",\"logo\":{\"@type\":\"ImageObject\",\"inLanguage\":\"en-US\",\"@id\":\"https:\\\/\\\/kohenavocats.com\\\/en\\\/#\\\/schema\\\/logo\\\/image\\\/\",\"url\":\"https:\\\/\\\/kohenavocats.com\\\/wp-content\\\/uploads\\\/2026\\\/01\\\/Logo-2-1.webp\",\"contentUrl\":\"https:\\\/\\\/kohenavocats.com\\\/wp-content\\\/uploads\\\/2026\\\/01\\\/Logo-2-1.webp\",\"width\":2114,\"height\":1253,\"caption\":\"Kohen Avocats\"},\"image\":{\"@id\":\"https:\\\/\\\/kohenavocats.com\\\/en\\\/#\\\/schema\\\/logo\\\/image\\\/\"}},{\"@type\":\"Person\",\"@id\":\"https:\\\/\\\/kohenavocats.com\\\/en\\\/#\\\/schema\\\/person\\\/761c9ba54fa1ca84d405cef0831ff751\",\"name\":\"Kohen\",\"image\":{\"@type\":\"ImageObject\",\"inLanguage\":\"en-US\",\"@id\":\"https:\\\/\\\/secure.gravatar.com\\\/avatar\\\/1c5e76ef76bbbfdd2b4da984e2bf2fa4056fd51a27d25ce2c332047f1dfd6e00?s=96&d=identicon&r=g\",\"url\":\"https:\\\/\\\/secure.gravatar.com\\\/avatar\\\/1c5e76ef76bbbfdd2b4da984e2bf2fa4056fd51a27d25ce2c332047f1dfd6e00?s=96&d=identicon&r=g\",\"contentUrl\":\"https:\\\/\\\/secure.gravatar.com\\\/avatar\\\/1c5e76ef76bbbfdd2b4da984e2bf2fa4056fd51a27d25ce2c332047f1dfd6e00?s=96&d=identicon&r=g\",\"caption\":\"Kohen\"},\"sameAs\":[\"https:\\\/\\\/www.linkedin.com\\\/in\\\/hassan-kohen-448548192\\\/\",\"https:\\\/\\\/www.youtube.com\\\/@Kohen-Avocats\"],\"url\":\"https:\\\/\\\/kohenavocats.com\\\/en\\\/author\\\/kohenmlk\\\/\"}]}<\/script>\n<!-- \/ Yoast SEO Premium plugin. -->","yoast_head_json":{"title":"Tribunal judiciaire de Angers, le 19 mai 2025, n\u00b025\/00373 - Ma\u00eetre Hassan Kohen, avocat en droit p\u00e9nal \u00e0 Paris","description":"Le juge des contentieux de la protection, statuant en premier ressort, a rendu une d\u00e9cision le 19 mai 2025. Un bailleur public a engag\u00e9 une action en r\u00e9silia...","robots":{"index":"index","follow":"follow","max-snippet":"max-snippet:-1","max-image-preview":"max-image-preview:large","max-video-preview":"max-video-preview:-1"},"canonical":"https:\/\/kohenavocats.com\/en\/tribunal-judiciaire-de-angers-le-19-mai-2025-n25-00373\/","og_locale":"en_US","og_type":"article","og_title":"Tribunal judiciaire de Angers, le 19 mai 2025, n\u00b025\/00373","og_description":"Le juge des contentieux de la protection, statuant en premier ressort, a rendu une d\u00e9cision le 19 mai 2025. Un bailleur public a engag\u00e9 une action en r\u00e9silia...","og_url":"https:\/\/kohenavocats.com\/en\/tribunal-judiciaire-de-angers-le-19-mai-2025-n25-00373\/","og_site_name":"Ma\u00eetre Hassan Kohen, avocat en droit p\u00e9nal \u00e0 Paris","article_published_time":"2026-04-24T05:27:25+00:00","article_modified_time":"2026-04-26T14:33:36+00:00","og_image":[{"width":6000,"height":4000,"url":"https:\/\/kohenavocats.com\/wp-content\/uploads\/2024\/08\/judith-ekedi-jangwa-fyfmXbDaR14-unsplash.webp","type":"image\/webp"}],"author":"Kohen","twitter_card":"summary_large_image","twitter_misc":{"Written by":"Kohen","Est. reading time":"3 minutes"},"schema":{"@context":"https:\/\/schema.org","@graph":[{"@type":"Article","@id":"https:\/\/kohenavocats.com\/en\/tribunal-judiciaire-de-angers-le-19-mai-2025-n25-00373\/#article","isPartOf":{"@id":"https:\/\/kohenavocats.com\/en\/tribunal-judiciaire-de-angers-le-19-mai-2025-n25-00373\/"},"author":{"name":"Kohen","@id":"https:\/\/kohenavocats.com\/en\/#\/schema\/person\/761c9ba54fa1ca84d405cef0831ff751"},"headline":"Tribunal judiciaire de Angers, le 19 mai 2025, n\u00b025\/00373","datePublished":"2026-04-24T05:27:25+00:00","dateModified":"2026-04-26T14:33:36+00:00","mainEntityOfPage":{"@id":"https:\/\/kohenavocats.com\/en\/tribunal-judiciaire-de-angers-le-19-mai-2025-n25-00373\/"},"wordCount":632,"commentCount":0,"publisher":{"@id":"https:\/\/kohenavocats.com\/en\/#organization"},"image":{"@id":"https:\/\/kohenavocats.com\/en\/tribunal-judiciaire-de-angers-le-19-mai-2025-n25-00373\/#primaryimage"},"thumbnailUrl":"https:\/\/kohenavocats.com\/wp-content\/uploads\/2024\/08\/judith-ekedi-jangwa-fyfmXbDaR14-unsplash.webp","articleSection":["Code des assurances","Immobilier","Jurisprudence"],"inLanguage":"en-US","potentialAction":[{"@type":"CommentAction","name":"Comment","target":["https:\/\/kohenavocats.com\/en\/tribunal-judiciaire-de-angers-le-19-mai-2025-n25-00373\/#respond"]}],"citation":"Tribunal judiciaire de Angers, le 19 mai 2025, n\u00b025\/00373","about":[{"@type":"Thing","name":"Code des assurances"},{"@type":"Thing","name":"Immobilier"},{"@type":"Thing","name":"Jurisprudence"}],"speakable":{"@type":"SpeakableSpecification","cssSelector":[".article-content > p:first-of-type"]}},{"@type":"WebPage","@id":"https:\/\/kohenavocats.com\/en\/tribunal-judiciaire-de-angers-le-19-mai-2025-n25-00373\/","url":"https:\/\/kohenavocats.com\/en\/tribunal-judiciaire-de-angers-le-19-mai-2025-n25-00373\/","name":"Tribunal judiciaire de Angers, le 19 mai 2025, n\u00b025\/00373 - Ma\u00eetre Hassan Kohen, avocat en droit p\u00e9nal \u00e0 Paris","isPartOf":{"@id":"https:\/\/kohenavocats.com\/en\/#website"},"primaryImageOfPage":{"@id":"https:\/\/kohenavocats.com\/en\/tribunal-judiciaire-de-angers-le-19-mai-2025-n25-00373\/#primaryimage"},"image":{"@id":"https:\/\/kohenavocats.com\/en\/tribunal-judiciaire-de-angers-le-19-mai-2025-n25-00373\/#primaryimage"},"thumbnailUrl":"https:\/\/kohenavocats.com\/wp-content\/uploads\/2024\/08\/judith-ekedi-jangwa-fyfmXbDaR14-unsplash.webp","datePublished":"2026-04-24T05:27:25+00:00","dateModified":"2026-04-26T14:33:36+00:00","description":"Le juge des contentieux de la protection, statuant en premier ressort, a rendu une d\u00e9cision le 19 mai 2025. Un bailleur public a engag\u00e9 une action en r\u00e9silia...","breadcrumb":{"@id":"https:\/\/kohenavocats.com\/en\/tribunal-judiciaire-de-angers-le-19-mai-2025-n25-00373\/#breadcrumb"},"inLanguage":"en-US","potentialAction":[{"@type":"ReadAction","target":["https:\/\/kohenavocats.com\/en\/tribunal-judiciaire-de-angers-le-19-mai-2025-n25-00373\/"]}]},{"@type":"ImageObject","inLanguage":"en-US","@id":"https:\/\/kohenavocats.com\/en\/tribunal-judiciaire-de-angers-le-19-mai-2025-n25-00373\/#primaryimage","url":"https:\/\/kohenavocats.com\/wp-content\/uploads\/2024\/08\/judith-ekedi-jangwa-fyfmXbDaR14-unsplash.webp","contentUrl":"https:\/\/kohenavocats.com\/wp-content\/uploads\/2024\/08\/judith-ekedi-jangwa-fyfmXbDaR14-unsplash.webp","width":6000,"height":4000},{"@type":"BreadcrumbList","@id":"https:\/\/kohenavocats.com\/en\/tribunal-judiciaire-de-angers-le-19-mai-2025-n25-00373\/#breadcrumb","itemListElement":[{"@type":"ListItem","position":1,"name":"Home","item":"https:\/\/kohenavocats.com\/en\/criminal-law-attorneys-in-paris-counsel-and-strategic-defense\/"},{"@type":"ListItem","position":2,"name":"Tribunal judiciaire de Angers, le 19 mai 2025, n\u00b025\/00373"}]},{"@type":"WebSite","@id":"https:\/\/kohenavocats.com\/en\/#website","url":"https:\/\/kohenavocats.com\/en\/","name":"Kohen Avocats","description":"Ma\u00eetre Hassan Kohen, avocat p\u00e9naliste \u00e0 Paris, intervient exclusivement en droit p\u00e9nal pour la d\u00e9fense des particuliers, notamment en mati\u00e8re d\u2019accusations de viol. Il assure un accompagnement rigoureux d\u00e8s la garde \u00e0 vue jusqu\u2019\u00e0 la Cour d\u2019assises, veillant au strict respect des garanties proc\u00e9durales.","publisher":{"@id":"https:\/\/kohenavocats.com\/en\/#organization"},"potentialAction":[{"@type":"SearchAction","target":{"@type":"EntryPoint","urlTemplate":"https:\/\/kohenavocats.com\/en\/?s={search_term_string}"},"query-input":{"@type":"PropertyValueSpecification","valueRequired":true,"valueName":"search_term_string"}}],"inLanguage":"en-US"},{"@type":"Organization","@id":"https:\/\/kohenavocats.com\/en\/#organization","name":"Kohen Avocats","url":"https:\/\/kohenavocats.com\/en\/","logo":{"@type":"ImageObject","inLanguage":"en-US","@id":"https:\/\/kohenavocats.com\/en\/#\/schema\/logo\/image\/","url":"https:\/\/kohenavocats.com\/wp-content\/uploads\/2026\/01\/Logo-2-1.webp","contentUrl":"https:\/\/kohenavocats.com\/wp-content\/uploads\/2026\/01\/Logo-2-1.webp","width":2114,"height":1253,"caption":"Kohen Avocats"},"image":{"@id":"https:\/\/kohenavocats.com\/en\/#\/schema\/logo\/image\/"}},{"@type":"Person","@id":"https:\/\/kohenavocats.com\/en\/#\/schema\/person\/761c9ba54fa1ca84d405cef0831ff751","name":"Kohen","image":{"@type":"ImageObject","inLanguage":"en-US","@id":"https:\/\/secure.gravatar.com\/avatar\/1c5e76ef76bbbfdd2b4da984e2bf2fa4056fd51a27d25ce2c332047f1dfd6e00?s=96&d=identicon&r=g","url":"https:\/\/secure.gravatar.com\/avatar\/1c5e76ef76bbbfdd2b4da984e2bf2fa4056fd51a27d25ce2c332047f1dfd6e00?s=96&d=identicon&r=g","contentUrl":"https:\/\/secure.gravatar.com\/avatar\/1c5e76ef76bbbfdd2b4da984e2bf2fa4056fd51a27d25ce2c332047f1dfd6e00?s=96&d=identicon&r=g","caption":"Kohen"},"sameAs":["https:\/\/www.linkedin.com\/in\/hassan-kohen-448548192\/","https:\/\/www.youtube.com\/@Kohen-Avocats"],"url":"https:\/\/kohenavocats.com\/en\/author\/kohenmlk\/"}]}},"jetpack_featured_media_url":"https:\/\/kohenavocats.com\/wp-content\/uploads\/2024\/08\/judith-ekedi-jangwa-fyfmXbDaR14-unsplash.webp","jetpack_likes_enabled":false,"jetpack_shortlink":"https:\/\/wp.me\/peCrII-2OlS","jetpack-related-posts":[{"id":682267,"url":"https:\/\/kohenavocats.com\/en\/tribunal-judiciaire-de-angers-le-19-mai-2025-n25-00523\/","url_meta":{"origin":670212,"position":0},"title":"Tribunal judiciaire de Angers, le 19 mai 2025, n\u00b025\/00523","author":"Kohen","date":"25 April 2026","format":false,"excerpt":"Le tribunal judiciaire, statuant en mati\u00e8re de contentieux de la protection, a rendu une d\u00e9cision le 19 mai 2025. Un organisme public de logement social a en...","rel":"","context":"In &quot;Jurisprudence&quot;","block_context":{"text":"Jurisprudence","link":"https:\/\/kohenavocats.com\/category\/jurisprudence\/"},"img":{"alt_text":"","src":"https:\/\/i0.wp.com\/kohenavocats.com\/wp-content\/uploads\/2024\/11\/allison-saeng-HoeAHyJKj6o-unsplash.webp?resize=350%2C200&ssl=1","width":350,"height":200,"srcset":"https:\/\/i0.wp.com\/kohenavocats.com\/wp-content\/uploads\/2024\/11\/allison-saeng-HoeAHyJKj6o-unsplash.webp?resize=350%2C200&ssl=1 1x, https:\/\/i0.wp.com\/kohenavocats.com\/wp-content\/uploads\/2024\/11\/allison-saeng-HoeAHyJKj6o-unsplash.webp?resize=525%2C300&ssl=1 1.5x, https:\/\/i0.wp.com\/kohenavocats.com\/wp-content\/uploads\/2024\/11\/allison-saeng-HoeAHyJKj6o-unsplash.webp?resize=700%2C400&ssl=1 2x, https:\/\/i0.wp.com\/kohenavocats.com\/wp-content\/uploads\/2024\/11\/allison-saeng-HoeAHyJKj6o-unsplash.webp?resize=1050%2C600&ssl=1 3x, https:\/\/i0.wp.com\/kohenavocats.com\/wp-content\/uploads\/2024\/11\/allison-saeng-HoeAHyJKj6o-unsplash.webp?resize=1400%2C800&ssl=1 4x"},"classes":[]},{"id":493487,"url":"https:\/\/kohenavocats.com\/en\/tribunal-judiciaire-de-marseille-le-13-novembre-2025-n25-04949\/","url_meta":{"origin":670212,"position":1},"title":"Tribunal judiciaire de Marseille, le 13 novembre 2025, n\u00b025\/04949","author":"Kohen","date":"8 April 2026","format":false,"excerpt":"Le tribunal judiciaire de Marseille, statuant en r\u00e9f\u00e9r\u00e9 par le juge des contentieux de la protection, a rendu une ordonnance le 13 novembre 2025. Le bailleur...","rel":"","context":"In &quot;Jurisprudence&quot;","block_context":{"text":"Jurisprudence","link":"https:\/\/kohenavocats.com\/category\/jurisprudence\/"},"img":{"alt_text":"","src":"https:\/\/i0.wp.com\/kohenavocats.com\/wp-content\/uploads\/2024\/07\/henry-be-Pg63JThyCg-unsplash.webp?resize=350%2C200&ssl=1","width":350,"height":200,"srcset":"https:\/\/i0.wp.com\/kohenavocats.com\/wp-content\/uploads\/2024\/07\/henry-be-Pg63JThyCg-unsplash.webp?resize=350%2C200&ssl=1 1x, https:\/\/i0.wp.com\/kohenavocats.com\/wp-content\/uploads\/2024\/07\/henry-be-Pg63JThyCg-unsplash.webp?resize=525%2C300&ssl=1 1.5x, https:\/\/i0.wp.com\/kohenavocats.com\/wp-content\/uploads\/2024\/07\/henry-be-Pg63JThyCg-unsplash.webp?resize=700%2C400&ssl=1 2x, https:\/\/i0.wp.com\/kohenavocats.com\/wp-content\/uploads\/2024\/07\/henry-be-Pg63JThyCg-unsplash.webp?resize=1050%2C600&ssl=1 3x, https:\/\/i0.wp.com\/kohenavocats.com\/wp-content\/uploads\/2024\/07\/henry-be-Pg63JThyCg-unsplash.webp?resize=1400%2C800&ssl=1 4x"},"classes":[]},{"id":480132,"url":"https:\/\/kohenavocats.com\/en\/tribunal-judiciaire-de-vannes-le-6-novembre-2025-n25-00469\/","url_meta":{"origin":670212,"position":2},"title":"Tribunal judiciaire de Vannes, le 6 novembre 2025, n\u00b025\/00469","author":"Kohen","date":"7 April 2026","format":false,"excerpt":"Le juge des contentieux de la protection, statuant par jugement r\u00e9put\u00e9 contradictoire le 6 novembre 2025, examine une demande en constatation de r\u00e9siliation ...","rel":"","context":"In &quot;Jurisprudence&quot;","block_context":{"text":"Jurisprudence","link":"https:\/\/kohenavocats.com\/category\/jurisprudence\/"},"img":{"alt_text":"","src":"https:\/\/i0.wp.com\/kohenavocats.com\/wp-content\/uploads\/2024\/08\/rosilaine-alves-674oH-T1wNo-unsplash-1.webp?resize=350%2C200&ssl=1","width":350,"height":200,"srcset":"https:\/\/i0.wp.com\/kohenavocats.com\/wp-content\/uploads\/2024\/08\/rosilaine-alves-674oH-T1wNo-unsplash-1.webp?resize=350%2C200&ssl=1 1x, https:\/\/i0.wp.com\/kohenavocats.com\/wp-content\/uploads\/2024\/08\/rosilaine-alves-674oH-T1wNo-unsplash-1.webp?resize=525%2C300&ssl=1 1.5x, https:\/\/i0.wp.com\/kohenavocats.com\/wp-content\/uploads\/2024\/08\/rosilaine-alves-674oH-T1wNo-unsplash-1.webp?resize=700%2C400&ssl=1 2x, https:\/\/i0.wp.com\/kohenavocats.com\/wp-content\/uploads\/2024\/08\/rosilaine-alves-674oH-T1wNo-unsplash-1.webp?resize=1050%2C600&ssl=1 3x, https:\/\/i0.wp.com\/kohenavocats.com\/wp-content\/uploads\/2024\/08\/rosilaine-alves-674oH-T1wNo-unsplash-1.webp?resize=1400%2C800&ssl=1 4x"},"classes":[]},{"id":486269,"url":"https:\/\/kohenavocats.com\/en\/cour-dappel-de-douai-le-28-novembre-2025-n25-00112\/","url_meta":{"origin":670212,"position":3},"title":"Cour d&#8217;appel de Douai, le 28 novembre 2025, n\u00b025\/00112","author":"Kohen","date":"8 April 2026","format":false,"excerpt":"La Cour d\u2019appel de Douai, le 28 novembre 2025, statue sur une action en constat de r\u00e9siliation d\u2019un bail. Le bailleur public assigne le locataire devant le j...","rel":"","context":"In &quot;Jurisprudence&quot;","block_context":{"text":"Jurisprudence","link":"https:\/\/kohenavocats.com\/category\/jurisprudence\/"},"img":{"alt_text":"","src":"https:\/\/i0.wp.com\/kohenavocats.com\/wp-content\/uploads\/2024\/11\/alex-shuper-VUyzsIViXQ0-unsplash-1.webp?resize=350%2C200&ssl=1","width":350,"height":200,"srcset":"https:\/\/i0.wp.com\/kohenavocats.com\/wp-content\/uploads\/2024\/11\/alex-shuper-VUyzsIViXQ0-unsplash-1.webp?resize=350%2C200&ssl=1 1x, https:\/\/i0.wp.com\/kohenavocats.com\/wp-content\/uploads\/2024\/11\/alex-shuper-VUyzsIViXQ0-unsplash-1.webp?resize=525%2C300&ssl=1 1.5x, https:\/\/i0.wp.com\/kohenavocats.com\/wp-content\/uploads\/2024\/11\/alex-shuper-VUyzsIViXQ0-unsplash-1.webp?resize=700%2C400&ssl=1 2x, https:\/\/i0.wp.com\/kohenavocats.com\/wp-content\/uploads\/2024\/11\/alex-shuper-VUyzsIViXQ0-unsplash-1.webp?resize=1050%2C600&ssl=1 3x, https:\/\/i0.wp.com\/kohenavocats.com\/wp-content\/uploads\/2024\/11\/alex-shuper-VUyzsIViXQ0-unsplash-1.webp?resize=1400%2C800&ssl=1 4x"},"classes":[]},{"id":611179,"url":"https:\/\/kohenavocats.com\/en\/tribunal-judiciaire-de-saint-quentin-le-31-octobre-2025-n25-00220\/","url_meta":{"origin":670212,"position":4},"title":"Tribunal judiciaire de Saint-Quentin, le 31 octobre 2025, n\u00b025\/00220","author":"Kohen","date":"19 April 2026","format":false,"excerpt":"Le tribunal judiciaire de Saint-Quentin, statuant par jugement du 31 octobre 2025, examine une action en r\u00e9siliation de bail pour impay\u00e9s. L'instance oppose ...","rel":"","context":"In &quot;Jurisprudence&quot;","block_context":{"text":"Jurisprudence","link":"https:\/\/kohenavocats.com\/category\/jurisprudence\/"},"img":{"alt_text":"","src":"https:\/\/i0.wp.com\/kohenavocats.com\/wp-content\/uploads\/2024\/11\/getty-images-Q3a9uErAXXo-unsplash.webp?resize=350%2C200&ssl=1","width":350,"height":200,"srcset":"https:\/\/i0.wp.com\/kohenavocats.com\/wp-content\/uploads\/2024\/11\/getty-images-Q3a9uErAXXo-unsplash.webp?resize=350%2C200&ssl=1 1x, https:\/\/i0.wp.com\/kohenavocats.com\/wp-content\/uploads\/2024\/11\/getty-images-Q3a9uErAXXo-unsplash.webp?resize=525%2C300&ssl=1 1.5x, https:\/\/i0.wp.com\/kohenavocats.com\/wp-content\/uploads\/2024\/11\/getty-images-Q3a9uErAXXo-unsplash.webp?resize=700%2C400&ssl=1 2x, https:\/\/i0.wp.com\/kohenavocats.com\/wp-content\/uploads\/2024\/11\/getty-images-Q3a9uErAXXo-unsplash.webp?resize=1050%2C600&ssl=1 3x, https:\/\/i0.wp.com\/kohenavocats.com\/wp-content\/uploads\/2024\/11\/getty-images-Q3a9uErAXXo-unsplash.webp?resize=1400%2C800&ssl=1 4x"},"classes":[]},{"id":670210,"url":"https:\/\/kohenavocats.com\/en\/tribunal-judiciaire-de-angers-le-19-mai-2025-n25-00525\/","url_meta":{"origin":670212,"position":5},"title":"Tribunal judiciaire de Angers, le 19 mai 2025, n\u00b025\/00525","author":"Kohen","date":"24 April 2026","format":false,"excerpt":"Le tribunal judiciaire, statuant en mati\u00e8re de contentieux de la protection, a rendu une d\u00e9cision le 19 mai 2025. Un organisme public du logement a engag\u00e9 un...","rel":"","context":"In &quot;Immobilier&quot;","block_context":{"text":"Immobilier","link":"https:\/\/kohenavocats.com\/category\/immobilier\/"},"img":{"alt_text":"","src":"https:\/\/i0.wp.com\/kohenavocats.com\/wp-content\/uploads\/2024\/11\/alesia-kazantceva-RTiVDW3h5s8-unsplash.webp?resize=350%2C200&ssl=1","width":350,"height":200,"srcset":"https:\/\/i0.wp.com\/kohenavocats.com\/wp-content\/uploads\/2024\/11\/alesia-kazantceva-RTiVDW3h5s8-unsplash.webp?resize=350%2C200&ssl=1 1x, https:\/\/i0.wp.com\/kohenavocats.com\/wp-content\/uploads\/2024\/11\/alesia-kazantceva-RTiVDW3h5s8-unsplash.webp?resize=525%2C300&ssl=1 1.5x, https:\/\/i0.wp.com\/kohenavocats.com\/wp-content\/uploads\/2024\/11\/alesia-kazantceva-RTiVDW3h5s8-unsplash.webp?resize=700%2C400&ssl=1 2x, https:\/\/i0.wp.com\/kohenavocats.com\/wp-content\/uploads\/2024\/11\/alesia-kazantceva-RTiVDW3h5s8-unsplash.webp?resize=1050%2C600&ssl=1 3x, https:\/\/i0.wp.com\/kohenavocats.com\/wp-content\/uploads\/2024\/11\/alesia-kazantceva-RTiVDW3h5s8-unsplash.webp?resize=1400%2C800&ssl=1 4x"},"classes":[]}],"jetpack_sharing_enabled":true,"_links":{"self":[{"href":"https:\/\/kohenavocats.com\/en\/wp-json\/wp\/v2\/posts\/670212","targetHints":{"allow":["GET"]}}],"collection":[{"href":"https:\/\/kohenavocats.com\/en\/wp-json\/wp\/v2\/posts"}],"about":[{"href":"https:\/\/kohenavocats.com\/en\/wp-json\/wp\/v2\/types\/post"}],"author":[{"embeddable":true,"href":"https:\/\/kohenavocats.com\/en\/wp-json\/wp\/v2\/users\/232070755"}],"replies":[{"embeddable":true,"href":"https:\/\/kohenavocats.com\/en\/wp-json\/wp\/v2\/comments?post=670212"}],"version-history":[{"count":1,"href":"https:\/\/kohenavocats.com\/en\/wp-json\/wp\/v2\/posts\/670212\/revisions"}],"predecessor-version":[{"id":694433,"href":"https:\/\/kohenavocats.com\/en\/wp-json\/wp\/v2\/posts\/670212\/revisions\/694433"}],"wp:featuredmedia":[{"embeddable":true,"href":"https:\/\/kohenavocats.com\/en\/wp-json\/wp\/v2\/media\/4913"}],"wp:attachment":[{"href":"https:\/\/kohenavocats.com\/en\/wp-json\/wp\/v2\/media?parent=670212"}],"wp:term":[{"taxonomy":"category","embeddable":true,"href":"https:\/\/kohenavocats.com\/en\/wp-json\/wp\/v2\/categories?post=670212"},{"taxonomy":"post_tag","embeddable":true,"href":"https:\/\/kohenavocats.com\/en\/wp-json\/wp\/v2\/tags?post=670212"}],"curies":[{"name":"wp","href":"https:\/\/api.w.org\/{rel}","templated":true}]}}