{"id":674187,"date":"2026-04-24T18:22:52","date_gmt":"2026-04-24T16:22:52","guid":{"rendered":"https:\/\/kohenavocats.com\/clause-non-concurrence-rupture-conventionnelle-renonciation-delai-indemnite\/"},"modified":"2026-04-26T17:26:02","modified_gmt":"2026-04-26T15:26:02","slug":"clause-non-concurrence-rupture-conventionnelle-renonciation-delai-indemnite","status":"publish","type":"post","link":"https:\/\/kohenavocats.com\/en\/clause-non-concurrence-rupture-conventionnelle-renonciation-delai-indemnite\/","title":{"rendered":"Clause de non-concurrence et rupture conventionnelle : renonciation, d\u00e9lai, indemnit\u00e9 et preuves"},"content":{"rendered":"<p>La rupture conventionnelle ne fait pas dispara\u00eetre automatiquement la clause de non-concurrence. C&#8217;est souvent le pi\u00e8ge : le salari\u00e9 signe le Cerfa, quitte l&#8217;entreprise, pense \u00eatre libre, puis d\u00e9couvre que l&#8217;ancien employeur lui interdit de rejoindre un concurrent. \u00c0 l&#8217;inverse, l&#8217;employeur croit parfois qu&#8217;une formule g\u00e9n\u00e9rale de solde de tout compte ou de renonciation aux droits suffit \u00e0 neutraliser la clause. En pratique, c&#8217;est rarement suffisant.<\/p>\n<p>Le bon r\u00e9flexe consiste \u00e0 traiter la clause de non-concurrence comme un sujet autonome de la rupture conventionnelle : validit\u00e9 de la clause, date de rupture, d\u00e9lai de renonciation, paiement de la contrepartie financi\u00e8re, preuve de la notification et risque prud&#8217;homal. Si l&#8217;un de ces points est mal r\u00e9dig\u00e9, le co\u00fbt peut \u00eatre lourd : plusieurs mois d&#8217;indemnit\u00e9 de non-concurrence pour l&#8217;employeur, ou une interdiction de travailler mal comprise pour le salari\u00e9.<\/p>\n<h2>Ce qu&#8217;il faut v\u00e9rifier d\u00e8s la n\u00e9gociation<\/h2>\n<p>Avant de signer une rupture conventionnelle, il faut relire le contrat de travail, ses avenants et la convention collective applicable. Une clause de non-concurrence n&#8217;est valable que si elle prot\u00e8ge un int\u00e9r\u00eat l\u00e9gitime de l&#8217;entreprise, reste limit\u00e9e dans le temps et dans l&#8217;espace, tient compte de l&#8217;emploi du salari\u00e9 et pr\u00e9voit une contrepartie financi\u00e8re. Une clause trop g\u00e9n\u00e9rale, sans territoire pr\u00e9cis ou sans paiement, peut \u00eatre contest\u00e9e.<\/p>\n<p>La rupture conventionnelle ajoute une difficult\u00e9 : elle fixe une date de rupture d&#8217;un commun accord. Cette date devient centrale pour savoir jusqu&#8217;\u00e0 quand l&#8217;employeur peut lever la clause. Quand l&#8217;employeur veut renoncer \u00e0 la clause pour ne pas payer l&#8217;indemnit\u00e9, il doit le faire clairement, dans les formes pr\u00e9vues par le contrat ou la convention collective, et sans laisser le salari\u00e9 dans l&#8217;incertitude.<\/p>\n<p>Dans un dossier concret, il faut donc isoler quatre questions :<\/p>\n<ul>\n<li>la clause est-elle valable au regard du poste, du secteur, de la zone g\u00e9ographique et de la dur\u00e9e ?<\/li>\n<li>l&#8217;employeur a-t-il le droit de renoncer seul \u00e0 la clause ?<\/li>\n<li>la renonciation a-t-elle \u00e9t\u00e9 notifi\u00e9e dans le bon d\u00e9lai et avec une preuve solide ?<\/li>\n<li>si la clause n&#8217;est pas lev\u00e9e, comment calculer et r\u00e9clamer la contrepartie financi\u00e8re ?<\/li>\n<\/ul>\n<h2>La renonciation ne se pr\u00e9sume pas<\/h2>\n<p>Une phrase g\u00e9n\u00e9rale dans la rupture conventionnelle ne suffit pas toujours. Le fait d&#8217;\u00e9crire que les parties sont remplies de leurs droits ou qu&#8217;elles n&#8217;ont plus de r\u00e9clamation ne d\u00e9montre pas n\u00e9cessairement que l&#8217;employeur renonce \u00e0 la clause de non-concurrence. La renonciation doit \u00eatre claire, expresse et rattach\u00e9e \u00e0 cette clause.<\/p>\n<p>Le risque est simple : si l&#8217;employeur n&#8217;a pas lev\u00e9 la clause correctement, le salari\u00e9 peut soutenir qu&#8217;il est rest\u00e9 tenu par une interdiction de concurrence et r\u00e9clamer la contrepartie financi\u00e8re pr\u00e9vue. Peu importe, dans de nombreux dossiers, que le salari\u00e9 ait finalement retrouv\u00e9 un emploi non concurrent ou qu&#8217;il n&#8217;ait pas d\u00e9montr\u00e9 un pr\u00e9judice autonome. Le d\u00e9bat porte d&#8217;abord sur l&#8217;ex\u00e9cution de la clause et sur la validit\u00e9 de la renonciation.<\/p>\n<p>La Cour de cassation a rappel\u00e9 que la violation de la clause par le salari\u00e9 peut le priver de la contrepartie financi\u00e8re, m\u00eame apr\u00e8s la cessation de cette violation : voir <a href=\"https:\/\/www.courdecassation.fr\/decision\/65b0b6068d0ccf000877e238\">Cass. soc., 24 janvier 2024, n\u00b0 22-20.926<\/a>. Cette d\u00e9cision montre l&#8217;autre versant du risque : si le salari\u00e9 rejoint un concurrent alors que la clause est valable et non lev\u00e9e, il peut perdre l&#8217;indemnit\u00e9 et s&#8217;exposer \u00e0 une demande de l&#8217;ancien employeur.<\/p>\n<h2>Le d\u00e9lai de lev\u00e9e doit \u00eatre trait\u00e9 avant la date de rupture<\/h2>\n<p>En mati\u00e8re de rupture conventionnelle, le moment de la renonciation est d\u00e9terminant. Lorsque le contrat ou la convention collective pr\u00e9voit une renonciation dans la convention de rupture, il est dangereux d&#8217;attendre un courrier post\u00e9rieur, surtout si la date de rupture approche ou est d\u00e9j\u00e0 pass\u00e9e.<\/p>\n<p>La jurisprudence r\u00e9cente des cours d&#8217;appel illustre ce point. Dans une affaire jug\u00e9e par la cour d&#8217;appel de Versailles le 25 janvier 2024, la clause et la convention collective pr\u00e9voyaient une lev\u00e9e par mention expresse dans la convention de rupture conventionnelle ; une lev\u00e9e adress\u00e9e ensuite par courrier a \u00e9t\u00e9 discut\u00e9e comme tardive : <a href=\"https:\/\/www.courdecassation.fr\/decision\/65b36f838c0355000835f851\">CA Versailles, 25 janvier 2024, n\u00b0 21\/02040<\/a>. Dans une autre affaire, la cour d&#8217;appel de Besan\u00e7on a retenu le risque d&#8217;une renonciation tardive lorsque l&#8217;employeur ne respecte pas le d\u00e9lai applicable : <a href=\"https:\/\/www.courdecassation.fr\/decision\/68524d6584a234d8fd3496ee\">CA Besan\u00e7on, 17 juin 2025, n\u00b0 24\/01273<\/a>.<\/p>\n<p>Le point op\u00e9rationnel est le suivant : l&#8217;employeur doit \u00e9viter toute ambigu\u00eft\u00e9. Si la clause est lev\u00e9e, la rupture conventionnelle doit contenir une clause sp\u00e9cifique, par exemple : &#8220;L&#8217;employeur renonce express\u00e9ment \u00e0 l&#8217;application de la clause de non-concurrence pr\u00e9vue \u00e0 l&#8217;article X du contrat de travail ; le salari\u00e9 est libre de toute obligation de non-concurrence \u00e0 compter de la rupture effective du contrat.&#8221; La formulation doit ensuite \u00eatre coh\u00e9rente avec la convention collective.<\/p>\n<h2>Que doit faire le salari\u00e9 avant de signer ?<\/h2>\n<p>Le salari\u00e9 doit demander une position \u00e9crite. Il ne doit pas se contenter d&#8217;une promesse orale faite pendant l&#8217;entretien de rupture conventionnelle. Si l&#8217;employeur affirme qu&#8217;il l\u00e8vera la clause, cette lev\u00e9e doit \u00eatre ins\u00e9r\u00e9e dans la convention ou notifi\u00e9e selon les modalit\u00e9s contractuelles. Si l&#8217;employeur maintient la clause, le salari\u00e9 doit chiffrer la contrepartie et v\u00e9rifier si le montant pr\u00e9vu est s\u00e9rieux.<\/p>\n<p>Il faut aussi anticiper le projet professionnel. Si le salari\u00e9 a d\u00e9j\u00e0 une offre d&#8217;emploi dans le m\u00eame secteur, il doit comparer le futur poste avec le p\u00e9rim\u00e8tre exact de la clause : activit\u00e9 concurrente ou non, territoire, client\u00e8le vis\u00e9e, fonctions exerc\u00e9es, dur\u00e9e restante. Le litige ne se joue pas seulement sur l&#8217;intitul\u00e9 du poste. Il se joue sur la r\u00e9alit\u00e9 de l&#8217;activit\u00e9 exerc\u00e9e.<\/p>\n<p>Dans les dossiers \u00e0 risque, les pi\u00e8ces utiles sont les suivantes :<\/p>\n<ul>\n<li>contrat de travail et avenants ;<\/li>\n<li>convention collective applicable ;<\/li>\n<li>projet de rupture conventionnelle et \u00e9changes de n\u00e9gociation ;<\/li>\n<li>courrier ou courriel de lev\u00e9e de clause ;<\/li>\n<li>accus\u00e9 de r\u00e9ception ou preuve de remise ;<\/li>\n<li>promesse d&#8217;embauche ou fiche de poste du nouvel employeur ;<\/li>\n<li>bulletins de salaire servant au calcul de l&#8217;indemnit\u00e9.<\/li>\n<\/ul>\n<h2>Que doit faire l&#8217;employeur pour \u00e9viter le contentieux ?<\/h2>\n<p>L&#8217;employeur doit choisir clairement entre deux options. Premi\u00e8re option : maintenir la clause et payer la contrepartie financi\u00e8re pendant la dur\u00e9e pr\u00e9vue. Deuxi\u00e8me option : renoncer \u00e0 la clause dans les formes et d\u00e9lais applicables. La pire situation est l&#8217;entre-deux : une clause non lev\u00e9e, une convention silencieuse, puis un refus de payer au motif que &#8220;tout \u00e9tait compris&#8221; dans l&#8217;indemnit\u00e9 de rupture conventionnelle.<\/p>\n<p>La r\u00e9daction doit \u00eatre pr\u00e9cise. Il faut identifier l&#8217;article du contrat, la convention collective si elle encadre la renonciation, la date d&#8217;effet de la lev\u00e9e et la libert\u00e9 donn\u00e9e au salari\u00e9. Si la lev\u00e9e est faite par courrier s\u00e9par\u00e9, il faut s\u00e9curiser la preuve de r\u00e9ception. Un simple courriel non accus\u00e9, un courrier envoy\u00e9 trop tard ou une mention vague dans le solde de tout compte exposent l&#8217;entreprise.<\/p>\n<p>L&#8217;employeur doit \u00e9galement v\u00e9rifier que la clause n&#8217;est pas abusive. Maintenir une clause trop large peut cr\u00e9er un litige inutile. Une interdiction nationale pour un poste local, une dur\u00e9e excessive, une contrepartie d\u00e9risoire ou une clause sans lien avec les int\u00e9r\u00eats r\u00e9els de l&#8217;entreprise fragilisent le dossier.<\/p>\n<h2>Comment calculer l&#8217;indemnit\u00e9 de non-concurrence ?<\/h2>\n<p>Le calcul d\u00e9pend du contrat et de la convention collective. La clause peut pr\u00e9voir un pourcentage du salaire moyen, un montant mensuel fixe ou une r\u00e9f\u00e9rence conventionnelle. Il faut v\u00e9rifier l&#8217;assiette : salaire brut de base, r\u00e9mun\u00e9ration variable, primes, moyenne des derniers mois, cong\u00e9s pay\u00e9s aff\u00e9rents selon le cas.<\/p>\n<p>Le paiement est en principe d\u00fb apr\u00e8s la rupture, pendant la p\u00e9riode d&#8217;application de la clause. Si la clause pr\u00e9voit douze mois et que l&#8217;employeur ne l&#8217;a pas lev\u00e9e correctement, le salari\u00e9 peut r\u00e9clamer les mensualit\u00e9s pr\u00e9vues. Si l&#8217;employeur pr\u00e9tend que le salari\u00e9 a viol\u00e9 la clause, c&#8217;est \u00e0 lui de r\u00e9unir des preuves s\u00e9rieuses : contrat avec un concurrent, missions effectu\u00e9es, d\u00e9marchage de client\u00e8le, activit\u00e9 r\u00e9ellement concurrentielle.<\/p>\n<p>La cour d&#8217;appel de Grenoble a rappel\u00e9, dans une affaire du 14 janvier 2025, qu&#8217;une lev\u00e9e tardive ne produit pas n\u00e9cessairement les effets attendus par l&#8217;employeur et peut conduire au paiement de la contrepartie : <a href=\"https:\/\/www.courdecassation.fr\/decision\/6788a3ca05b7378c3f0c52b0\">CA Grenoble, 14 janvier 2025, n\u00b0 22\/03424<\/a>. Le dossier se gagne donc souvent sur la chronologie et les preuves.<\/p>\n<h2>Les cinq erreurs fr\u00e9quentes<\/h2>\n<p>Premi\u00e8re erreur : signer la rupture conventionnelle sans relire la clause de non-concurrence. Le sujet doit \u00eatre trait\u00e9 avant la signature, pas apr\u00e8s l&#8217;homologation.<\/p>\n<p>Deuxi\u00e8me erreur : croire que le formulaire Cerfa r\u00e8gle tout. La rupture conventionnelle fixe la rupture, mais les clauses post-contractuelles doivent \u00eatre r\u00e9dig\u00e9es avec pr\u00e9cision.<\/p>\n<p>Troisi\u00e8me erreur : confondre renonciation et transaction. La rupture conventionnelle n&#8217;est pas, par elle-m\u00eame, une transaction g\u00e9n\u00e9rale sur toutes les cons\u00e9quences du contrat.<\/p>\n<p>Quatri\u00e8me erreur : attendre le solde de tout compte. Le re\u00e7u pour solde de tout compte n&#8217;est pas l&#8217;outil adapt\u00e9 pour lever proprement une clause de non-concurrence.<\/p>\n<p>Cinqui\u00e8me erreur : accepter ou refuser un nouvel emploi sans comparer pr\u00e9cis\u00e9ment les missions avec le p\u00e9rim\u00e8tre de la clause. Une analyse rapide peut \u00e9viter un contentieux co\u00fbteux.<\/p>\n<h2>Quel recours en cas de d\u00e9saccord ?<\/h2>\n<p>Si l&#8217;employeur refuse de payer l&#8217;indemnit\u00e9, le salari\u00e9 peut saisir le conseil de prud&#8217;hommes pour demander la contrepartie financi\u00e8re, les cong\u00e9s pay\u00e9s aff\u00e9rents si le fondement le permet, et parfois des dommages-int\u00e9r\u00eats. Si l&#8217;employeur estime que le salari\u00e9 viole la clause, il peut demander la cessation de l&#8217;activit\u00e9 concurrente, l&#8217;application d&#8217;une <a href=\"https:\/\/kohenavocats.fr\/elementor-60\/avocats-droit-immobilier-paris\/avocat-compromis-vente-immobilier-paris\/\" target=\"_blank\" title=\"clause p\u00e9nale\">clause p\u00e9nale<\/a> ou des dommages-int\u00e9r\u00eats, \u00e0 condition de prouver la validit\u00e9 de la clause et la concurrence r\u00e9elle.<\/p>\n<p>Le calendrier doit \u00eatre ma\u00eetris\u00e9. Il faut agir vite si le salari\u00e9 est bloqu\u00e9 dans sa reprise d&#8217;emploi ou si l&#8217;employeur menace d&#8217;engager une proc\u00e9dure. Dans certains dossiers, une mise en demeure argument\u00e9e suffit \u00e0 obtenir une lev\u00e9e \u00e9crite ou un paiement. Dans d&#8217;autres, la saisine prud&#8217;homale devient n\u00e9cessaire.<\/p>\n<p>Pour un accompagnement plus large en droit du travail, vous pouvez consulter notre page d\u00e9di\u00e9e aux <a href=\"https:\/\/kohenavocats.com\/avocats-droit-social-paris\/\">avocats en droit social \u00e0 Paris<\/a>. Pour la d\u00e9clinaison locale, voir aussi l&#8217;article satellite sur la <a href=\"https:\/\/kohenavocats.fr\/2026\/04\/24\/clause-non-concurrence-rupture-conventionnelle-paris-ile-de-france-prudhommes\/\">clause de non-concurrence apr\u00e8s rupture conventionnelle \u00e0 Paris et en \u00cele-de-France<\/a>.<\/p>\n<h2>Besoin d&#8217;un avis rapide sur votre dossier.<\/h2>\n<p>Vous avez sign\u00e9 ou n\u00e9gociez une rupture conventionnelle avec une clause de non-concurrence. Le cabinet peut relire la clause, v\u00e9rifier le d\u00e9lai de renonciation et chiffrer l&#8217;indemnit\u00e9 r\u00e9clamable.<\/p>\n<p>Consultation t\u00e9l\u00e9phonique en 48 heures avec un avocat du cabinet.<\/p>\n<p>Appelez le <a href=\"tel:+33689113445\">06 89 11 34 45<\/a> ou utilisez notre <a href=\"https:\/\/kohenavocats.com\/contactez-nous\/\">formulaire de contact<\/a>.<\/p>\n","protected":false},"excerpt":{"rendered":"<p>Rupture conventionnelle et clause de non-concurrence : d\u00e9lai de renonciation, indemnit\u00e9, preuves \u00e0 r\u00e9unir et recours prud&#8217;homal.<\/p>\n","protected":false},"author":232070755,"featured_media":4858,"comment_status":"open","ping_status":"open","sticky":false,"template":"","format":"standard","meta":{"_crdt_document":"","_jetpack_newsletter_access":"","_jetpack_dont_email_post_to_subs":false,"_jetpack_newsletter_tier_id":0,"_jetpack_memberships_contains_paywalled_content":false,"_kj_source_type":"","_kj_official_id":"","_kj_official_url":"","_kj_judilibre_id":"","_kj_jur":"","_kj_lieu":"","_kj_chambre":"","_kj_rg":"","_kj_date":"","_jetpack_memberships_contains_paid_content":false,"footnotes":"","jetpack_post_was_ever_published":false},"categories":[7096,6995,35581,7123,6580,6718,6992],"tags":[],"class_list":["post-674187","post","type-post","status-publish","format-standard","has-post-thumbnail","hentry","category-code-des-assurances","category-decryptage","category-droit-des-affaires","category-droit-du-travail","category-droit-social","category-social","category-travail"],"yoast_head":"<!-- This site is optimized with the Yoast SEO Premium plugin v27.4 (Yoast SEO v27.4) - https:\/\/yoast.com\/product\/yoast-seo-premium-wordpress\/ -->\n<title>Clause de non-concurrence et rupture conventionnelle : renonciation, d\u00e9lai, indemnit\u00e9 et preuves - Ma\u00eetre Hassan Kohen, avocat en droit p\u00e9nal \u00e0 Paris<\/title>\n<meta name=\"robots\" content=\"index, follow, max-snippet:-1, max-image-preview:large, max-video-preview:-1\" \/>\n<link rel=\"canonical\" href=\"https:\/\/kohenavocats.com\/en\/clause-non-concurrence-rupture-conventionnelle-renonciation-delai-indemnite\/\" \/>\n<meta property=\"og:locale\" content=\"en_US\" \/>\n<meta property=\"og:type\" content=\"article\" \/>\n<meta property=\"og:title\" content=\"Clause de non-concurrence et rupture conventionnelle : renonciation, d\u00e9lai, indemnit\u00e9 et preuves\" \/>\n<meta property=\"og:description\" content=\"Rupture conventionnelle et clause de non-concurrence : d\u00e9lai de renonciation, indemnit\u00e9, preuves \u00e0 r\u00e9unir et recours prud&#039;homal.\" \/>\n<meta property=\"og:url\" content=\"https:\/\/kohenavocats.com\/en\/clause-non-concurrence-rupture-conventionnelle-renonciation-delai-indemnite\/\" \/>\n<meta property=\"og:site_name\" content=\"Ma\u00eetre Hassan Kohen, avocat en droit p\u00e9nal \u00e0 Paris\" \/>\n<meta property=\"article:published_time\" content=\"2026-04-24T16:22:52+00:00\" \/>\n<meta property=\"article:modified_time\" content=\"2026-04-26T15:26:02+00:00\" \/>\n<meta property=\"og:image\" content=\"https:\/\/kohenavocats.com\/wp-content\/uploads\/2024\/08\/kreshen-lNs2Bg103_g-unsplash.webp\" \/>\n\t<meta property=\"og:image:width\" content=\"5040\" \/>\n\t<meta property=\"og:image:height\" content=\"3730\" \/>\n\t<meta property=\"og:image:type\" content=\"image\/webp\" \/>\n<meta name=\"author\" content=\"Kohen\" \/>\n<meta name=\"twitter:card\" content=\"summary_large_image\" \/>\n<meta name=\"twitter:label1\" content=\"Written by\" \/>\n\t<meta name=\"twitter:data1\" content=\"Kohen\" \/>\n\t<meta name=\"twitter:label2\" content=\"Est. reading time\" \/>\n\t<meta name=\"twitter:data2\" content=\"9 minutes\" \/>\n<script type=\"application\/ld+json\" class=\"yoast-schema-graph\">{\"@context\":\"https:\\\/\\\/schema.org\",\"@graph\":[{\"@type\":\"Article\",\"@id\":\"https:\\\/\\\/kohenavocats.com\\\/en\\\/clause-non-concurrence-rupture-conventionnelle-renonciation-delai-indemnite\\\/#article\",\"isPartOf\":{\"@id\":\"https:\\\/\\\/kohenavocats.com\\\/en\\\/clause-non-concurrence-rupture-conventionnelle-renonciation-delai-indemnite\\\/\"},\"author\":{\"name\":\"Kohen\",\"@id\":\"https:\\\/\\\/kohenavocats.com\\\/en\\\/#\\\/schema\\\/person\\\/761c9ba54fa1ca84d405cef0831ff751\"},\"headline\":\"Clause de non-concurrence et rupture conventionnelle : renonciation, d\u00e9lai, indemnit\u00e9 et preuves\",\"datePublished\":\"2026-04-24T16:22:52+00:00\",\"dateModified\":\"2026-04-26T15:26:02+00:00\",\"mainEntityOfPage\":{\"@id\":\"https:\\\/\\\/kohenavocats.com\\\/en\\\/clause-non-concurrence-rupture-conventionnelle-renonciation-delai-indemnite\\\/\"},\"wordCount\":1917,\"commentCount\":0,\"publisher\":{\"@id\":\"https:\\\/\\\/kohenavocats.com\\\/en\\\/#organization\"},\"image\":{\"@id\":\"https:\\\/\\\/kohenavocats.com\\\/en\\\/clause-non-concurrence-rupture-conventionnelle-renonciation-delai-indemnite\\\/#primaryimage\"},\"thumbnailUrl\":\"https:\\\/\\\/kohenavocats.com\\\/wp-content\\\/uploads\\\/2024\\\/08\\\/kreshen-lNs2Bg103_g-unsplash.webp\",\"articleSection\":[\"Code des assurances\",\"D\u00e9cryptage\",\"Droit des affaires\",\"Droit du travail\",\"Droit Social\",\"Social\",\"Travail\"],\"inLanguage\":\"en-US\",\"potentialAction\":[{\"@type\":\"CommentAction\",\"name\":\"Comment\",\"target\":[\"https:\\\/\\\/kohenavocats.com\\\/en\\\/clause-non-concurrence-rupture-conventionnelle-renonciation-delai-indemnite\\\/#respond\"]}],\"citation\":\"Clause de non-concurrence et rupture conventionnelle : renonciation, d\u00e9lai, indemnit\u00e9 et preuves\",\"about\":[{\"@type\":\"Thing\",\"name\":\"Code des assurances\"},{\"@type\":\"Thing\",\"name\":\"D\u00e9cryptage\"},{\"@type\":\"Thing\",\"name\":\"Droit des affaires\"},{\"@type\":\"Thing\",\"name\":\"Droit du travail\"},{\"@type\":\"Thing\",\"name\":\"Droit Social\"},{\"@type\":\"Thing\",\"name\":\"Social\"},{\"@type\":\"Thing\",\"name\":\"Travail\"}],\"speakable\":{\"@type\":\"SpeakableSpecification\",\"cssSelector\":[\".article-content > p:first-of-type\"]}},{\"@type\":\"WebPage\",\"@id\":\"https:\\\/\\\/kohenavocats.com\\\/en\\\/clause-non-concurrence-rupture-conventionnelle-renonciation-delai-indemnite\\\/\",\"url\":\"https:\\\/\\\/kohenavocats.com\\\/en\\\/clause-non-concurrence-rupture-conventionnelle-renonciation-delai-indemnite\\\/\",\"name\":\"Clause de non-concurrence et rupture conventionnelle : renonciation, d\u00e9lai, indemnit\u00e9 et preuves - Ma\u00eetre Hassan Kohen, avocat en droit p\u00e9nal \u00e0 Paris\",\"isPartOf\":{\"@id\":\"https:\\\/\\\/kohenavocats.com\\\/en\\\/#website\"},\"primaryImageOfPage\":{\"@id\":\"https:\\\/\\\/kohenavocats.com\\\/en\\\/clause-non-concurrence-rupture-conventionnelle-renonciation-delai-indemnite\\\/#primaryimage\"},\"image\":{\"@id\":\"https:\\\/\\\/kohenavocats.com\\\/en\\\/clause-non-concurrence-rupture-conventionnelle-renonciation-delai-indemnite\\\/#primaryimage\"},\"thumbnailUrl\":\"https:\\\/\\\/kohenavocats.com\\\/wp-content\\\/uploads\\\/2024\\\/08\\\/kreshen-lNs2Bg103_g-unsplash.webp\",\"datePublished\":\"2026-04-24T16:22:52+00:00\",\"dateModified\":\"2026-04-26T15:26:02+00:00\",\"breadcrumb\":{\"@id\":\"https:\\\/\\\/kohenavocats.com\\\/en\\\/clause-non-concurrence-rupture-conventionnelle-renonciation-delai-indemnite\\\/#breadcrumb\"},\"inLanguage\":\"en-US\",\"potentialAction\":[{\"@type\":\"ReadAction\",\"target\":[\"https:\\\/\\\/kohenavocats.com\\\/en\\\/clause-non-concurrence-rupture-conventionnelle-renonciation-delai-indemnite\\\/\"]}]},{\"@type\":\"ImageObject\",\"inLanguage\":\"en-US\",\"@id\":\"https:\\\/\\\/kohenavocats.com\\\/en\\\/clause-non-concurrence-rupture-conventionnelle-renonciation-delai-indemnite\\\/#primaryimage\",\"url\":\"https:\\\/\\\/kohenavocats.com\\\/wp-content\\\/uploads\\\/2024\\\/08\\\/kreshen-lNs2Bg103_g-unsplash.webp\",\"contentUrl\":\"https:\\\/\\\/kohenavocats.com\\\/wp-content\\\/uploads\\\/2024\\\/08\\\/kreshen-lNs2Bg103_g-unsplash.webp\",\"width\":5040,\"height\":3730},{\"@type\":\"BreadcrumbList\",\"@id\":\"https:\\\/\\\/kohenavocats.com\\\/en\\\/clause-non-concurrence-rupture-conventionnelle-renonciation-delai-indemnite\\\/#breadcrumb\",\"itemListElement\":[{\"@type\":\"ListItem\",\"position\":1,\"name\":\"Home\",\"item\":\"https:\\\/\\\/kohenavocats.com\\\/en\\\/criminal-law-attorneys-in-paris-counsel-and-strategic-defense\\\/\"},{\"@type\":\"ListItem\",\"position\":2,\"name\":\"Clause de non-concurrence et rupture conventionnelle : renonciation, d\u00e9lai, indemnit\u00e9 et preuves\"}]},{\"@type\":\"WebSite\",\"@id\":\"https:\\\/\\\/kohenavocats.com\\\/en\\\/#website\",\"url\":\"https:\\\/\\\/kohenavocats.com\\\/en\\\/\",\"name\":\"Kohen Avocats\",\"description\":\"Ma\u00eetre Hassan Kohen, avocat p\u00e9naliste \u00e0 Paris, intervient exclusivement en droit p\u00e9nal pour la d\u00e9fense des particuliers, notamment en mati\u00e8re d\u2019accusations de viol. Il assure un accompagnement rigoureux d\u00e8s la garde \u00e0 vue jusqu\u2019\u00e0 la Cour d\u2019assises, veillant au strict respect des garanties proc\u00e9durales.\",\"publisher\":{\"@id\":\"https:\\\/\\\/kohenavocats.com\\\/en\\\/#organization\"},\"potentialAction\":[{\"@type\":\"SearchAction\",\"target\":{\"@type\":\"EntryPoint\",\"urlTemplate\":\"https:\\\/\\\/kohenavocats.com\\\/en\\\/?s={search_term_string}\"},\"query-input\":{\"@type\":\"PropertyValueSpecification\",\"valueRequired\":true,\"valueName\":\"search_term_string\"}}],\"inLanguage\":\"en-US\"},{\"@type\":\"Organization\",\"@id\":\"https:\\\/\\\/kohenavocats.com\\\/en\\\/#organization\",\"name\":\"Kohen Avocats\",\"url\":\"https:\\\/\\\/kohenavocats.com\\\/en\\\/\",\"logo\":{\"@type\":\"ImageObject\",\"inLanguage\":\"en-US\",\"@id\":\"https:\\\/\\\/kohenavocats.com\\\/en\\\/#\\\/schema\\\/logo\\\/image\\\/\",\"url\":\"https:\\\/\\\/kohenavocats.com\\\/wp-content\\\/uploads\\\/2026\\\/01\\\/Logo-2-1.webp\",\"contentUrl\":\"https:\\\/\\\/kohenavocats.com\\\/wp-content\\\/uploads\\\/2026\\\/01\\\/Logo-2-1.webp\",\"width\":2114,\"height\":1253,\"caption\":\"Kohen Avocats\"},\"image\":{\"@id\":\"https:\\\/\\\/kohenavocats.com\\\/en\\\/#\\\/schema\\\/logo\\\/image\\\/\"}},{\"@type\":\"Person\",\"@id\":\"https:\\\/\\\/kohenavocats.com\\\/en\\\/#\\\/schema\\\/person\\\/761c9ba54fa1ca84d405cef0831ff751\",\"name\":\"Kohen\",\"image\":{\"@type\":\"ImageObject\",\"inLanguage\":\"en-US\",\"@id\":\"https:\\\/\\\/secure.gravatar.com\\\/avatar\\\/1c5e76ef76bbbfdd2b4da984e2bf2fa4056fd51a27d25ce2c332047f1dfd6e00?s=96&d=identicon&r=g\",\"url\":\"https:\\\/\\\/secure.gravatar.com\\\/avatar\\\/1c5e76ef76bbbfdd2b4da984e2bf2fa4056fd51a27d25ce2c332047f1dfd6e00?s=96&d=identicon&r=g\",\"contentUrl\":\"https:\\\/\\\/secure.gravatar.com\\\/avatar\\\/1c5e76ef76bbbfdd2b4da984e2bf2fa4056fd51a27d25ce2c332047f1dfd6e00?s=96&d=identicon&r=g\",\"caption\":\"Kohen\"},\"sameAs\":[\"https:\\\/\\\/www.linkedin.com\\\/in\\\/hassan-kohen-448548192\\\/\",\"https:\\\/\\\/www.youtube.com\\\/@Kohen-Avocats\"],\"url\":\"https:\\\/\\\/kohenavocats.com\\\/en\\\/author\\\/kohenmlk\\\/\"}]}<\/script>\n<!-- \/ Yoast SEO Premium plugin. -->","yoast_head_json":{"title":"Clause de non-concurrence et rupture conventionnelle : renonciation, d\u00e9lai, indemnit\u00e9 et preuves - Ma\u00eetre Hassan Kohen, avocat en droit p\u00e9nal \u00e0 Paris","robots":{"index":"index","follow":"follow","max-snippet":"max-snippet:-1","max-image-preview":"max-image-preview:large","max-video-preview":"max-video-preview:-1"},"canonical":"https:\/\/kohenavocats.com\/en\/clause-non-concurrence-rupture-conventionnelle-renonciation-delai-indemnite\/","og_locale":"en_US","og_type":"article","og_title":"Clause de non-concurrence et rupture conventionnelle : renonciation, d\u00e9lai, indemnit\u00e9 et preuves","og_description":"Rupture conventionnelle et clause de non-concurrence : d\u00e9lai de renonciation, indemnit\u00e9, preuves \u00e0 r\u00e9unir et recours prud'homal.","og_url":"https:\/\/kohenavocats.com\/en\/clause-non-concurrence-rupture-conventionnelle-renonciation-delai-indemnite\/","og_site_name":"Ma\u00eetre Hassan Kohen, avocat en droit p\u00e9nal \u00e0 Paris","article_published_time":"2026-04-24T16:22:52+00:00","article_modified_time":"2026-04-26T15:26:02+00:00","og_image":[{"width":5040,"height":3730,"url":"https:\/\/kohenavocats.com\/wp-content\/uploads\/2024\/08\/kreshen-lNs2Bg103_g-unsplash.webp","type":"image\/webp"}],"author":"Kohen","twitter_card":"summary_large_image","twitter_misc":{"Written by":"Kohen","Est. reading time":"9 minutes"},"schema":{"@context":"https:\/\/schema.org","@graph":[{"@type":"Article","@id":"https:\/\/kohenavocats.com\/en\/clause-non-concurrence-rupture-conventionnelle-renonciation-delai-indemnite\/#article","isPartOf":{"@id":"https:\/\/kohenavocats.com\/en\/clause-non-concurrence-rupture-conventionnelle-renonciation-delai-indemnite\/"},"author":{"name":"Kohen","@id":"https:\/\/kohenavocats.com\/en\/#\/schema\/person\/761c9ba54fa1ca84d405cef0831ff751"},"headline":"Clause de non-concurrence et rupture conventionnelle : renonciation, d\u00e9lai, indemnit\u00e9 et preuves","datePublished":"2026-04-24T16:22:52+00:00","dateModified":"2026-04-26T15:26:02+00:00","mainEntityOfPage":{"@id":"https:\/\/kohenavocats.com\/en\/clause-non-concurrence-rupture-conventionnelle-renonciation-delai-indemnite\/"},"wordCount":1917,"commentCount":0,"publisher":{"@id":"https:\/\/kohenavocats.com\/en\/#organization"},"image":{"@id":"https:\/\/kohenavocats.com\/en\/clause-non-concurrence-rupture-conventionnelle-renonciation-delai-indemnite\/#primaryimage"},"thumbnailUrl":"https:\/\/kohenavocats.com\/wp-content\/uploads\/2024\/08\/kreshen-lNs2Bg103_g-unsplash.webp","articleSection":["Code des assurances","D\u00e9cryptage","Droit des affaires","Droit du travail","Droit Social","Social","Travail"],"inLanguage":"en-US","potentialAction":[{"@type":"CommentAction","name":"Comment","target":["https:\/\/kohenavocats.com\/en\/clause-non-concurrence-rupture-conventionnelle-renonciation-delai-indemnite\/#respond"]}],"citation":"Clause de non-concurrence et rupture conventionnelle : renonciation, d\u00e9lai, indemnit\u00e9 et preuves","about":[{"@type":"Thing","name":"Code des assurances"},{"@type":"Thing","name":"D\u00e9cryptage"},{"@type":"Thing","name":"Droit des affaires"},{"@type":"Thing","name":"Droit du travail"},{"@type":"Thing","name":"Droit Social"},{"@type":"Thing","name":"Social"},{"@type":"Thing","name":"Travail"}],"speakable":{"@type":"SpeakableSpecification","cssSelector":[".article-content > p:first-of-type"]}},{"@type":"WebPage","@id":"https:\/\/kohenavocats.com\/en\/clause-non-concurrence-rupture-conventionnelle-renonciation-delai-indemnite\/","url":"https:\/\/kohenavocats.com\/en\/clause-non-concurrence-rupture-conventionnelle-renonciation-delai-indemnite\/","name":"Clause de non-concurrence et rupture conventionnelle : renonciation, d\u00e9lai, indemnit\u00e9 et preuves - Ma\u00eetre Hassan Kohen, avocat en droit p\u00e9nal \u00e0 Paris","isPartOf":{"@id":"https:\/\/kohenavocats.com\/en\/#website"},"primaryImageOfPage":{"@id":"https:\/\/kohenavocats.com\/en\/clause-non-concurrence-rupture-conventionnelle-renonciation-delai-indemnite\/#primaryimage"},"image":{"@id":"https:\/\/kohenavocats.com\/en\/clause-non-concurrence-rupture-conventionnelle-renonciation-delai-indemnite\/#primaryimage"},"thumbnailUrl":"https:\/\/kohenavocats.com\/wp-content\/uploads\/2024\/08\/kreshen-lNs2Bg103_g-unsplash.webp","datePublished":"2026-04-24T16:22:52+00:00","dateModified":"2026-04-26T15:26:02+00:00","breadcrumb":{"@id":"https:\/\/kohenavocats.com\/en\/clause-non-concurrence-rupture-conventionnelle-renonciation-delai-indemnite\/#breadcrumb"},"inLanguage":"en-US","potentialAction":[{"@type":"ReadAction","target":["https:\/\/kohenavocats.com\/en\/clause-non-concurrence-rupture-conventionnelle-renonciation-delai-indemnite\/"]}]},{"@type":"ImageObject","inLanguage":"en-US","@id":"https:\/\/kohenavocats.com\/en\/clause-non-concurrence-rupture-conventionnelle-renonciation-delai-indemnite\/#primaryimage","url":"https:\/\/kohenavocats.com\/wp-content\/uploads\/2024\/08\/kreshen-lNs2Bg103_g-unsplash.webp","contentUrl":"https:\/\/kohenavocats.com\/wp-content\/uploads\/2024\/08\/kreshen-lNs2Bg103_g-unsplash.webp","width":5040,"height":3730},{"@type":"BreadcrumbList","@id":"https:\/\/kohenavocats.com\/en\/clause-non-concurrence-rupture-conventionnelle-renonciation-delai-indemnite\/#breadcrumb","itemListElement":[{"@type":"ListItem","position":1,"name":"Home","item":"https:\/\/kohenavocats.com\/en\/criminal-law-attorneys-in-paris-counsel-and-strategic-defense\/"},{"@type":"ListItem","position":2,"name":"Clause de non-concurrence et rupture conventionnelle : renonciation, d\u00e9lai, indemnit\u00e9 et preuves"}]},{"@type":"WebSite","@id":"https:\/\/kohenavocats.com\/en\/#website","url":"https:\/\/kohenavocats.com\/en\/","name":"Kohen Avocats","description":"Ma\u00eetre Hassan Kohen, avocat p\u00e9naliste \u00e0 Paris, intervient exclusivement en droit p\u00e9nal pour la d\u00e9fense des particuliers, notamment en mati\u00e8re d\u2019accusations de viol. Il assure un accompagnement rigoureux d\u00e8s la garde \u00e0 vue jusqu\u2019\u00e0 la Cour d\u2019assises, veillant au strict respect des garanties proc\u00e9durales.","publisher":{"@id":"https:\/\/kohenavocats.com\/en\/#organization"},"potentialAction":[{"@type":"SearchAction","target":{"@type":"EntryPoint","urlTemplate":"https:\/\/kohenavocats.com\/en\/?s={search_term_string}"},"query-input":{"@type":"PropertyValueSpecification","valueRequired":true,"valueName":"search_term_string"}}],"inLanguage":"en-US"},{"@type":"Organization","@id":"https:\/\/kohenavocats.com\/en\/#organization","name":"Kohen Avocats","url":"https:\/\/kohenavocats.com\/en\/","logo":{"@type":"ImageObject","inLanguage":"en-US","@id":"https:\/\/kohenavocats.com\/en\/#\/schema\/logo\/image\/","url":"https:\/\/kohenavocats.com\/wp-content\/uploads\/2026\/01\/Logo-2-1.webp","contentUrl":"https:\/\/kohenavocats.com\/wp-content\/uploads\/2026\/01\/Logo-2-1.webp","width":2114,"height":1253,"caption":"Kohen Avocats"},"image":{"@id":"https:\/\/kohenavocats.com\/en\/#\/schema\/logo\/image\/"}},{"@type":"Person","@id":"https:\/\/kohenavocats.com\/en\/#\/schema\/person\/761c9ba54fa1ca84d405cef0831ff751","name":"Kohen","image":{"@type":"ImageObject","inLanguage":"en-US","@id":"https:\/\/secure.gravatar.com\/avatar\/1c5e76ef76bbbfdd2b4da984e2bf2fa4056fd51a27d25ce2c332047f1dfd6e00?s=96&d=identicon&r=g","url":"https:\/\/secure.gravatar.com\/avatar\/1c5e76ef76bbbfdd2b4da984e2bf2fa4056fd51a27d25ce2c332047f1dfd6e00?s=96&d=identicon&r=g","contentUrl":"https:\/\/secure.gravatar.com\/avatar\/1c5e76ef76bbbfdd2b4da984e2bf2fa4056fd51a27d25ce2c332047f1dfd6e00?s=96&d=identicon&r=g","caption":"Kohen"},"sameAs":["https:\/\/www.linkedin.com\/in\/hassan-kohen-448548192\/","https:\/\/www.youtube.com\/@Kohen-Avocats"],"url":"https:\/\/kohenavocats.com\/en\/author\/kohenmlk\/"}]}},"jetpack_featured_media_url":"https:\/\/kohenavocats.com\/wp-content\/uploads\/2024\/08\/kreshen-lNs2Bg103_g-unsplash.webp","jetpack_likes_enabled":false,"jetpack_shortlink":"https:\/\/wp.me\/peCrII-2PnZ","jetpack-related-posts":[{"id":56206,"url":"https:\/\/kohenavocats.com\/en\/cour-dappel-de-besancon-le-17-juin-2025-n24-01273\/","url_meta":{"origin":674187,"position":0},"title":"Cour d&#8217;appel de Besan\u00e7on, le 17 juin 2025, n\u00b024\/01273","author":"Kohen","date":"8 November 2025","format":false,"excerpt":"La Cour d'appel de Besan\u00e7on, chambre sociale, le 17 juin 2025, statue sur un litige post\u00e9rieur \u00e0 une d\u00e9mission concernant la clause de non-concurrence et la r\u00e9mun\u00e9ration variable d\u2019un technico-commercial. L\u2019affaire oppose un salari\u00e9 \u00e0 son ancien employeur autour de retenues de commissions, d\u2019une indemnit\u00e9 de non-concurrence et d\u2019accessoires salariaux,\u2026","rel":"","context":"In &quot;Cour d'appel&quot;","block_context":{"text":"Cour d'appel","link":"https:\/\/kohenavocats.com\/category\/cour-dappel\/"},"img":{"alt_text":"","src":"https:\/\/i0.wp.com\/kohenavocats.com\/wp-content\/uploads\/2024\/11\/85gb-photo-DKP0bwBFP9I-unsplash.webp?resize=350%2C200&ssl=1","width":350,"height":200,"srcset":"https:\/\/i0.wp.com\/kohenavocats.com\/wp-content\/uploads\/2024\/11\/85gb-photo-DKP0bwBFP9I-unsplash.webp?resize=350%2C200&ssl=1 1x, https:\/\/i0.wp.com\/kohenavocats.com\/wp-content\/uploads\/2024\/11\/85gb-photo-DKP0bwBFP9I-unsplash.webp?resize=525%2C300&ssl=1 1.5x, https:\/\/i0.wp.com\/kohenavocats.com\/wp-content\/uploads\/2024\/11\/85gb-photo-DKP0bwBFP9I-unsplash.webp?resize=700%2C400&ssl=1 2x, https:\/\/i0.wp.com\/kohenavocats.com\/wp-content\/uploads\/2024\/11\/85gb-photo-DKP0bwBFP9I-unsplash.webp?resize=1050%2C600&ssl=1 3x, https:\/\/i0.wp.com\/kohenavocats.com\/wp-content\/uploads\/2024\/11\/85gb-photo-DKP0bwBFP9I-unsplash.webp?resize=1400%2C800&ssl=1 4x"},"classes":[]},{"id":228909,"url":"https:\/\/kohenavocats.com\/en\/cour-dappel-de-lyon-le-2-juillet-2025-n21-04809\/","url_meta":{"origin":674187,"position":1},"title":"Cour d&#8217;appel de Lyon, le 2 juillet 2025, n\u00b021\/04809","author":"Kohen","date":"27 December 2025","format":false,"excerpt":"Now using node v22.15.1 (npm v10.8.2)Utilisation de Node.js v20.19.4 et npm 10.8.2Codex est d\u00e9j\u00e0 install\u00e9.Lancement de Codex\u2026La Cour d\u2019appel de Lyon, chambre sociale A, 2 juillet 2025, se prononce \u00e0 propos d\u2019un encha\u00eenement contractuel entre deux soci\u00e9t\u00e9s d\u2019un m\u00eame groupe, d\u2019une rupture conventionnelle contest\u00e9e et d\u2019une clause de non\u2011concurrence. La\u2026","rel":"","context":"In &quot;Cour d'appel&quot;","block_context":{"text":"Cour d'appel","link":"https:\/\/kohenavocats.com\/category\/cour-dappel\/"},"img":{"alt_text":"","src":"https:\/\/i0.wp.com\/kohenavocats.com\/wp-content\/uploads\/2024\/11\/jerome-maas-qrCOmWOMdbk-unsplash.webp?resize=350%2C200&ssl=1","width":350,"height":200,"srcset":"https:\/\/i0.wp.com\/kohenavocats.com\/wp-content\/uploads\/2024\/11\/jerome-maas-qrCOmWOMdbk-unsplash.webp?resize=350%2C200&ssl=1 1x, https:\/\/i0.wp.com\/kohenavocats.com\/wp-content\/uploads\/2024\/11\/jerome-maas-qrCOmWOMdbk-unsplash.webp?resize=525%2C300&ssl=1 1.5x, https:\/\/i0.wp.com\/kohenavocats.com\/wp-content\/uploads\/2024\/11\/jerome-maas-qrCOmWOMdbk-unsplash.webp?resize=700%2C400&ssl=1 2x, https:\/\/i0.wp.com\/kohenavocats.com\/wp-content\/uploads\/2024\/11\/jerome-maas-qrCOmWOMdbk-unsplash.webp?resize=1050%2C600&ssl=1 3x, https:\/\/i0.wp.com\/kohenavocats.com\/wp-content\/uploads\/2024\/11\/jerome-maas-qrCOmWOMdbk-unsplash.webp?resize=1400%2C800&ssl=1 4x"},"classes":[]},{"id":419695,"url":"https:\/\/kohenavocats.com\/en\/cour-dappel-de-lyon-le-25-janvier-2012-n10-05411\/","url_meta":{"origin":674187,"position":2},"title":"Cour d&#8217;appel de Lyon, le 25 janvier 2012, n\u00b010\/05411","author":"Kohen","date":"22 March 2026","format":false,"excerpt":"La Cour d\u2019appel de Lyon, chambre sociale B, le 25 janvier 2012, statue sur un litige n\u00e9 de la rupture d\u2019un contrat de travail. Un salari\u00e9 engag\u00e9 initialement en qualit\u00e9 de d\u00e9l\u00e9gu\u00e9 commercial avait vu ses fonctions \u00e9voluer vers une direction commerciale avant d\u2019\u00eatre r\u00e9trograd\u00e9 \u00e0 des t\u00e2ches de suppl\u00e9ance.\u2026","rel":"","context":"In &quot;Cour d'appel&quot;","block_context":{"text":"Cour d'appel","link":"https:\/\/kohenavocats.com\/category\/cour-dappel\/"},"img":{"alt_text":"","src":"https:\/\/i0.wp.com\/kohenavocats.com\/wp-content\/uploads\/2024\/08\/sylvia-yang-_ar2ENzmqb0-unsplash.webp?resize=350%2C200&ssl=1","width":350,"height":200,"srcset":"https:\/\/i0.wp.com\/kohenavocats.com\/wp-content\/uploads\/2024\/08\/sylvia-yang-_ar2ENzmqb0-unsplash.webp?resize=350%2C200&ssl=1 1x, https:\/\/i0.wp.com\/kohenavocats.com\/wp-content\/uploads\/2024\/08\/sylvia-yang-_ar2ENzmqb0-unsplash.webp?resize=525%2C300&ssl=1 1.5x, https:\/\/i0.wp.com\/kohenavocats.com\/wp-content\/uploads\/2024\/08\/sylvia-yang-_ar2ENzmqb0-unsplash.webp?resize=700%2C400&ssl=1 2x, https:\/\/i0.wp.com\/kohenavocats.com\/wp-content\/uploads\/2024\/08\/sylvia-yang-_ar2ENzmqb0-unsplash.webp?resize=1050%2C600&ssl=1 3x, https:\/\/i0.wp.com\/kohenavocats.com\/wp-content\/uploads\/2024\/08\/sylvia-yang-_ar2ENzmqb0-unsplash.webp?resize=1400%2C800&ssl=1 4x"},"classes":[]},{"id":237243,"url":"https:\/\/kohenavocats.com\/en\/cour-dappel-de-lyon-le-31-juillet-2025-n22-02506\/","url_meta":{"origin":674187,"position":3},"title":"Cour d&#8217;appel de Lyon, le 31 juillet 2025, n\u00b022\/02506","author":"Kohen","date":"30 December 2025","format":false,"excerpt":"La d\u00e9mission est un acte unilat\u00e9ral par lequel le salari\u00e9 manifeste sa volont\u00e9 claire et non \u00e9quivoque de mettre fin au contrat de travail. Sa date de prise d'effet conditionne le calcul de nombreux d\u00e9lais, notamment celui permettant \u00e0 l'employeur de renoncer \u00e0 une clause de non concurrence. La Cour\u2026","rel":"","context":"In &quot;Cour d'appel&quot;","block_context":{"text":"Cour d'appel","link":"https:\/\/kohenavocats.com\/category\/cour-dappel\/"},"img":{"alt_text":"","src":"https:\/\/i0.wp.com\/kohenavocats.com\/wp-content\/uploads\/2024\/08\/mathias-reding-Fv_rvhKNXN0-unsplash.webp?resize=350%2C200&ssl=1","width":350,"height":200,"srcset":"https:\/\/i0.wp.com\/kohenavocats.com\/wp-content\/uploads\/2024\/08\/mathias-reding-Fv_rvhKNXN0-unsplash.webp?resize=350%2C200&ssl=1 1x, https:\/\/i0.wp.com\/kohenavocats.com\/wp-content\/uploads\/2024\/08\/mathias-reding-Fv_rvhKNXN0-unsplash.webp?resize=525%2C300&ssl=1 1.5x, https:\/\/i0.wp.com\/kohenavocats.com\/wp-content\/uploads\/2024\/08\/mathias-reding-Fv_rvhKNXN0-unsplash.webp?resize=700%2C400&ssl=1 2x, https:\/\/i0.wp.com\/kohenavocats.com\/wp-content\/uploads\/2024\/08\/mathias-reding-Fv_rvhKNXN0-unsplash.webp?resize=1050%2C600&ssl=1 3x, https:\/\/i0.wp.com\/kohenavocats.com\/wp-content\/uploads\/2024\/08\/mathias-reding-Fv_rvhKNXN0-unsplash.webp?resize=1400%2C800&ssl=1 4x"},"classes":[]},{"id":416092,"url":"https:\/\/kohenavocats.com\/en\/cour-dappel-de-lyon-le-11-mai-2012-n11-06928\/","url_meta":{"origin":674187,"position":4},"title":"Cour d&#8217;appel de Lyon, le 11 mai 2012, n\u00b011\/06928","author":"Kohen","date":"22 March 2026","format":false,"excerpt":"L\u2019arr\u00eat rendu par la Cour d\u2019appel de Lyon, chambre sociale, le 11 mai 2012, statue sur les effets de clauses de non-concurrence ins\u00e9r\u00e9es dans deux contrats de travail successifs. Un salari\u00e9 avait \u00e9t\u00e9 engag\u00e9 par une premi\u00e8re soci\u00e9t\u00e9, li\u00e9e par une clause de non-concurrence. Apr\u00e8s une rupture conventionnelle, il fut\u2026","rel":"","context":"In &quot;Cour d'appel&quot;","block_context":{"text":"Cour d'appel","link":"https:\/\/kohenavocats.com\/category\/cour-dappel\/"},"img":{"alt_text":"","src":"https:\/\/i0.wp.com\/kohenavocats.com\/wp-content\/uploads\/2024\/08\/marius-badstuber-wFHqJCuGB1g-unsplash.webp?resize=350%2C200&ssl=1","width":350,"height":200,"srcset":"https:\/\/i0.wp.com\/kohenavocats.com\/wp-content\/uploads\/2024\/08\/marius-badstuber-wFHqJCuGB1g-unsplash.webp?resize=350%2C200&ssl=1 1x, https:\/\/i0.wp.com\/kohenavocats.com\/wp-content\/uploads\/2024\/08\/marius-badstuber-wFHqJCuGB1g-unsplash.webp?resize=525%2C300&ssl=1 1.5x, https:\/\/i0.wp.com\/kohenavocats.com\/wp-content\/uploads\/2024\/08\/marius-badstuber-wFHqJCuGB1g-unsplash.webp?resize=700%2C400&ssl=1 2x, https:\/\/i0.wp.com\/kohenavocats.com\/wp-content\/uploads\/2024\/08\/marius-badstuber-wFHqJCuGB1g-unsplash.webp?resize=1050%2C600&ssl=1 3x, https:\/\/i0.wp.com\/kohenavocats.com\/wp-content\/uploads\/2024\/08\/marius-badstuber-wFHqJCuGB1g-unsplash.webp?resize=1400%2C800&ssl=1 4x"},"classes":[]}],"jetpack_sharing_enabled":true,"_links":{"self":[{"href":"https:\/\/kohenavocats.com\/en\/wp-json\/wp\/v2\/posts\/674187","targetHints":{"allow":["GET"]}}],"collection":[{"href":"https:\/\/kohenavocats.com\/en\/wp-json\/wp\/v2\/posts"}],"about":[{"href":"https:\/\/kohenavocats.com\/en\/wp-json\/wp\/v2\/types\/post"}],"author":[{"embeddable":true,"href":"https:\/\/kohenavocats.com\/en\/wp-json\/wp\/v2\/users\/232070755"}],"replies":[{"embeddable":true,"href":"https:\/\/kohenavocats.com\/en\/wp-json\/wp\/v2\/comments?post=674187"}],"version-history":[{"count":1,"href":"https:\/\/kohenavocats.com\/en\/wp-json\/wp\/v2\/posts\/674187\/revisions"}],"predecessor-version":[{"id":694955,"href":"https:\/\/kohenavocats.com\/en\/wp-json\/wp\/v2\/posts\/674187\/revisions\/694955"}],"wp:featuredmedia":[{"embeddable":true,"href":"https:\/\/kohenavocats.com\/en\/wp-json\/wp\/v2\/media\/4858"}],"wp:attachment":[{"href":"https:\/\/kohenavocats.com\/en\/wp-json\/wp\/v2\/media?parent=674187"}],"wp:term":[{"taxonomy":"category","embeddable":true,"href":"https:\/\/kohenavocats.com\/en\/wp-json\/wp\/v2\/categories?post=674187"},{"taxonomy":"post_tag","embeddable":true,"href":"https:\/\/kohenavocats.com\/en\/wp-json\/wp\/v2\/tags?post=674187"}],"curies":[{"name":"wp","href":"https:\/\/api.w.org\/{rel}","templated":true}]}}