{"id":678347,"date":"2026-04-25T06:07:30","date_gmt":"2026-04-25T04:07:30","guid":{"rendered":"https:\/\/kohenavocats.com\/amenagement-peine-prison-ferme-bracelet-electronique-jap-pieces\/"},"modified":"2026-04-26T17:26:37","modified_gmt":"2026-04-26T15:26:37","slug":"amenagement-peine-prison-ferme-bracelet-electronique-jap-pieces","status":"publish","type":"post","link":"https:\/\/kohenavocats.com\/en\/amenagement-peine-prison-ferme-bracelet-electronique-jap-pieces\/","title":{"rendered":"Am\u00e9nagement de peine apr\u00e8s prison ferme : bracelet \u00e9lectronique, JAP, conditions et pi\u00e8ces \u00e0 pr\u00e9parer"},"content":{"rendered":"<p>Vous venez d&#8217;\u00eatre condamn\u00e9 \u00e0 une peine de prison ferme, ou vous recevez une convocation devant le juge de l&#8217;application des peines. La question est imm\u00e9diate : faut-il aller en d\u00e9tention, peut-on demander un bracelet \u00e9lectronique, une semi-libert\u00e9, un placement ext\u00e9rieur ou une lib\u00e9ration conditionnelle ?<\/p>\n<p>La r\u00e9ponse d\u00e9pend moins du nom donn\u00e9 \u00e0 la mesure que du dossier pr\u00e9sent\u00e9 au juge. Un am\u00e9nagement de peine n&#8217;est pas un simple formulaire. C&#8217;est une demande judiciaire qui doit d\u00e9montrer que l&#8217;ex\u00e9cution hors d\u00e9tention est possible, contr\u00f4lable et utile \u00e0 la r\u00e9insertion, sans m\u00e9conna\u00eetre les droits de la victime ni le risque de r\u00e9cidive.<\/p>\n<p>Le sujet est souvent mal compris. Une peine ferme ne signifie pas toujours incarc\u00e9ration imm\u00e9diate. \u00c0 l&#8217;inverse, une peine courte ne garantit pas automatiquement le bracelet \u00e9lectronique. La difficult\u00e9 consiste \u00e0 identifier le bon cadre : am\u00e9nagement d\u00e9cid\u00e9 par le tribunal correctionnel, convocation devant le JAP, demande apr\u00e8s incarc\u00e9ration, ou urgence permettant au parquet de mettre la peine \u00e0 ex\u00e9cution.<\/p>\n<h2>Le r\u00e9flexe utile : distinguer la peine prononc\u00e9e, la peine \u00e0 ex\u00e9cuter et le mandat<\/h2>\n<p>Apr\u00e8s une <a href=\"https:\/\/kohenavocats.com\/avocats-en-droit-penal-a-paris-conseil-et-defense-strategique\/avocats-tribunal-correctionnel-paris\/\" target=\"_blank\" title=\"audience correctionnelle\">audience correctionnelle<\/a>, trois questions doivent \u00eatre s\u00e9par\u00e9es.<\/p>\n<p>Premi\u00e8re question : quelle est la peine ferme r\u00e9ellement prononc\u00e9e ? Il peut s&#8217;agir de six mois ferme, d&#8217;un an ferme, d&#8217;une peine mixte avec une partie assortie du sursis probatoire, ou d&#8217;un reliquat apr\u00e8s <a href=\"https:\/\/kohenavocats.com\/avocats-en-droit-penal-a-paris-conseil-et-defense-strategique\/avocats-detention-provisoire-paris\/\" target=\"_blank\" title=\"d\u00e9tention provisoire\">d\u00e9tention provisoire<\/a>.<\/p>\n<p>Deuxi\u00e8me question : existe-t-il un mandat de d\u00e9p\u00f4t, un mandat de d\u00e9p\u00f4t \u00e0 effet diff\u00e9r\u00e9 ou une convocation devant le juge de l&#8217;application des peines ? La situation n&#8217;est pas la m\u00eame selon que la personne repart libre, re\u00e7oit une date d&#8217;incarc\u00e9ration, ou doit d&#8217;abord rencontrer le JAP et le SPIP.<\/p>\n<p>Troisi\u00e8me question : que peut-on prouver maintenant ? Un emploi, une formation, un h\u00e9bergement stable, un suivi m\u00e9dical, des soins, une indemnisation de la victime, un projet familial ou professionnel pr\u00e9cis ne se plaident pas de mani\u00e8re abstraite. Ils se documentent.<\/p>\n<p>Si vous \u00eates aussi concern\u00e9 par une convocation devant le tribunal correctionnel, lisez notre article sur la <a href=\"https:\/\/kohenavocats.com\/convocation-devant-le-tribunal-correctionnel-que-se-passe-t-il-et-que-faire-avant-laudience\/\">convocation devant le tribunal correctionnel<\/a>. Ici, le sujet commence apr\u00e8s la condamnation ou au moment o\u00f9 l&#8217;ex\u00e9cution de la peine se d\u00e9cide.<\/p>\n<h2>Ce que dit le cadre l\u00e9gal sur les peines courtes<\/h2>\n<p>L&#8217;<a href=\"https:\/\/www.legifrance.gouv.fr\/loda\/article_lc\/LEGIARTI000038313371\/\">article 132-25 du Code p\u00e9nal<\/a> pr\u00e9voit que, lorsque la juridiction prononce une peine d&#8217;emprisonnement inf\u00e9rieure ou \u00e9gale \u00e0 six mois, ou une peine mixte dont la partie ferme est inf\u00e9rieure ou \u00e9gale \u00e0 six mois, elle doit, sauf impossibilit\u00e9 tenant \u00e0 la personnalit\u00e9 ou \u00e0 la situation du condamn\u00e9, ordonner une ex\u00e9cution sous d\u00e9tention \u00e0 domicile sous surveillance \u00e9lectronique, semi-libert\u00e9 ou placement \u00e0 l&#8217;ext\u00e9rieur.<\/p>\n<p>Cette r\u00e8gle est importante, mais elle ne doit pas \u00eatre d\u00e9form\u00e9e. Elle ne veut pas dire que le bracelet est toujours automatique. Elle signifie que le juge doit rechercher une modalit\u00e9 d&#8217;ex\u00e9cution adapt\u00e9e, sauf impossibilit\u00e9. Or l&#8217;impossibilit\u00e9 peut venir d&#8217;un logement inadapt\u00e9, d&#8217;une absence de garanties, d&#8217;un risque de contact avec la victime, d&#8217;un comportement incompatible avec la mesure, ou d&#8217;un dossier vide.<\/p>\n<p>L&#8217;<a href=\"https:\/\/www.legifrance.gouv.fr\/loda\/article_lc\/LEGIARTI000038313366\/\">article 132-26 du Code p\u00e9nal<\/a> rappelle aussi que ces modalit\u00e9s emportent des obligations : r\u00e9pondre aux convocations, respecter les horaires et les interdictions, se soumettre au cadre fix\u00e9 par le juge. Un am\u00e9nagement n&#8217;efface donc pas la peine. Il en organise l&#8217;ex\u00e9cution autrement.<\/p>\n<h2>Quand le condamn\u00e9 est libre : le r\u00f4le central de l&#8217;article 723-15 CPP<\/h2>\n<p>Lorsque la personne condamn\u00e9e n&#8217;est pas incarc\u00e9r\u00e9e, l&#8217;<a href=\"https:\/\/www.legifrance.gouv.fr\/codes\/section_lc\/LEGITEXT000006071154\/LEGISCTA000021331795\/\">article 723-15 du Code de proc\u00e9dure p\u00e9nale<\/a> organise le passage devant le juge de l&#8217;application des peines dans les cas qu&#8217;il vise, notamment pour les peines ou reliquats inf\u00e9rieurs ou \u00e9gaux \u00e0 un an.<\/p>\n<p>Le texte pr\u00e9voit que le condamn\u00e9 peut b\u00e9n\u00e9ficier, si sa personnalit\u00e9 et sa situation le permettent, d&#8217;une semi-libert\u00e9, d&#8217;un placement \u00e0 l&#8217;ext\u00e9rieur, d&#8217;une d\u00e9tention \u00e0 domicile sous surveillance \u00e9lectronique, d&#8217;un fractionnement ou d&#8217;une suspension de peine, d&#8217;une lib\u00e9ration conditionnelle ou d&#8217;une conversion.<\/p>\n<p>Ce m\u00eame article pr\u00e9voit des d\u00e9lais de convocation apr\u00e8s information du JAP par le parquet. En pratique, il faut utiliser ce temps pour pr\u00e9parer le dossier, pas pour attendre. La convocation devant le JAP arrive parfois vite. Elle peut aussi arriver apr\u00e8s plusieurs semaines. Dans les deux cas, le dossier se construit avant l&#8217;audience d&#8217;application des peines.<\/p>\n<p>Le point le plus dangereux est l&#8217;absence \u00e0 convocation. L&#8217;article 723-15-2 du m\u00eame code pr\u00e9voit que si la personne ne se pr\u00e9sente pas, sauf motif l\u00e9gitime ou exercice des recours, le JAP en informe le minist\u00e8re public, qui peut ramener la peine \u00e0 ex\u00e9cution. Une absence non justifi\u00e9e peut donc transformer un dossier am\u00e9nageable en incarc\u00e9ration.<\/p>\n<h2>Bracelet \u00e9lectronique : ce qu&#8217;il faut vraiment d\u00e9montrer<\/h2>\n<p>La d\u00e9tention \u00e0 domicile sous surveillance \u00e9lectronique, souvent appel\u00e9e bracelet \u00e9lectronique, suppose un lieu stable et v\u00e9rifiable.<\/p>\n<p>Il faut g\u00e9n\u00e9ralement pouvoir produire :<\/p>\n<ul>\n<li>un justificatif d&#8217;identit\u00e9 ;<\/li>\n<li>un justificatif de domicile r\u00e9cent ;<\/li>\n<li>une attestation d&#8217;h\u00e9bergement si le logement n&#8217;est pas au nom du condamn\u00e9 ;<\/li>\n<li>l&#8217;accord de l&#8217;h\u00e9bergeant ou du titulaire du bail lorsque cela est n\u00e9cessaire ;<\/li>\n<li>les coordonn\u00e9es exactes du lieu d&#8217;assignation ;<\/li>\n<li>les contraintes professionnelles ou familiales qui justifient les horaires de sortie ;<\/li>\n<li>les pi\u00e8ces m\u00e9dicales ou de soins si elles expliquent un besoin de d\u00e9placement ;<\/li>\n<li>les justificatifs d&#8217;indemnisation ou de d\u00e9marches envers la victime.<\/li>\n<\/ul>\n<p>Le juge ne statue pas seulement sur une adresse. Il appr\u00e9cie si la mesure est r\u00e9aliste. Un logement instable, un conflit avec l&#8217;h\u00e9bergeant, une adresse proche de la victime, des horaires impossibles \u00e0 contr\u00f4ler ou une absence de projet peuvent fragiliser la demande.<\/p>\n<p>Le bracelet ne se r\u00e9sume pas \u00e0 rester chez soi. C&#8217;est une peine sous contr\u00f4le. Les horaires doivent \u00eatre compatibles avec le travail, les soins, la formation ou les obligations familiales. Toute sortie non autoris\u00e9e peut d\u00e9clencher un incident.<\/p>\n<h2>Semi-libert\u00e9, placement ext\u00e9rieur, fractionnement : choisir la bonne mesure<\/h2>\n<p>Le bracelet \u00e9lectronique n&#8217;est pas toujours la meilleure solution.<\/p>\n<p>La semi-libert\u00e9 peut convenir lorsque le condamn\u00e9 doit sortir chaque jour pour travailler, suivre une formation ou effectuer des d\u00e9marches, tout en r\u00e9int\u00e9grant un \u00e9tablissement ou une structure selon les horaires fix\u00e9s.<\/p>\n<p>Le placement ext\u00e9rieur peut \u00eatre utile lorsque l&#8217;ex\u00e9cution de la peine doit s&#8217;articuler avec une prise en charge par une association, un employeur, une structure d&#8217;insertion ou un dispositif encadr\u00e9.<\/p>\n<p>Le fractionnement ou la suspension de peine r\u00e9pond \u00e0 d&#8217;autres logiques, notamment quand une contrainte de sant\u00e9, familiale ou professionnelle rend l&#8217;ex\u00e9cution continue particuli\u00e8rement difficile.<\/p>\n<p>La lib\u00e9ration conditionnelle suppose encore une autre analyse. Elle intervient dans un cadre d&#8217;ex\u00e9cution de peine et exige un projet s\u00e9rieux, souvent plus construit qu&#8217;une simple promesse de reprise en main.<\/p>\n<p>L&#8217;erreur fr\u00e9quente consiste \u00e0 demander &#8220;un bracelet&#8221; parce que c&#8217;est le mot connu. La bonne demande est celle qui correspond au dossier. Le juge peut refuser une mesure mal choisie alors qu&#8217;une autre modalit\u00e9 aurait \u00e9t\u00e9 plus d\u00e9fendable.<\/p>\n<h2>Le d\u00e9bat devant le JAP : une audience \u00e0 pr\u00e9parer<\/h2>\n<p>L&#8217;<a href=\"https:\/\/www.legifrance.gouv.fr\/loda\/article_lc\/LEGIARTI000042779829\/2021-10-29\">article 712-6 du Code de proc\u00e9dure p\u00e9nale<\/a> pr\u00e9voit que les jugements portant notamment sur la d\u00e9tention \u00e0 domicile sous surveillance \u00e9lectronique, la semi-libert\u00e9, le placement \u00e0 l&#8217;ext\u00e9rieur et la lib\u00e9ration conditionnelle sont rendus apr\u00e8s d\u00e9bat contradictoire, en chambre du conseil, avec les r\u00e9quisitions du minist\u00e8re public et les observations du condamn\u00e9 et, le cas \u00e9ch\u00e9ant, de son avocat.<\/p>\n<p>Le terme &#8220;d\u00e9bat&#8221; est important. Le JAP ne re\u00e7oit pas seulement un dossier administratif. Il entend une personne, examine une situation, v\u00e9rifie les garanties, et peut \u00eatre saisi d&#8217;observations du parquet.<\/p>\n<p>Il faut donc pr\u00e9parer trois niveaux.<\/p>\n<p>Le premier niveau est factuel : domicile, emploi, revenus, famille, sant\u00e9, indemnisation, absence d&#8217;incident, comportement depuis l&#8217;audience.<\/p>\n<p>Le deuxi\u00e8me niveau est juridique : peine prononc\u00e9e, quantum ferme, reliquat, recours \u00e9ventuel, mandat, r\u00e9gime applicable, mesure sollicit\u00e9e.<\/p>\n<p>Le troisi\u00e8me niveau est strat\u00e9gique : pourquoi cette mesure est-elle plus adapt\u00e9e que l&#8217;incarc\u00e9ration ? Quelles obligations peuvent \u00eatre accept\u00e9es ? Quels horaires sont r\u00e9alistes ? Quelles garanties emp\u00eachent le contact avec la victime ou la r\u00e9p\u00e9tition des faits ?<\/p>\n<p>Une demande vague donne au juge peu de prises. Une demande document\u00e9e permet de statuer.<\/p>\n<h2>Les pi\u00e8ces qui font souvent la diff\u00e9rence<\/h2>\n<p>Un dossier d&#8217;am\u00e9nagement de peine doit \u00eatre lisible. Il ne sert \u00e0 rien de d\u00e9poser cinquante pi\u00e8ces sans ordre. Le juge doit comprendre vite.<\/p>\n<p>Pr\u00e9parez une premi\u00e8re partie sur la d\u00e9cision : jugement, convocation JAP, casier si demand\u00e9, preuve d&#8217;appel ou d&#8217;absence d&#8217;appel, justificatifs de d\u00e9tention provisoire s&#8217;il y en a eu.<\/p>\n<p>Pr\u00e9parez une deuxi\u00e8me partie sur le lieu d&#8217;ex\u00e9cution : bail, quittance, facture, attestation d&#8217;h\u00e9bergement, pi\u00e8ce d&#8217;identit\u00e9 de l&#8217;h\u00e9bergeant, accord \u00e9crit, plan simple des contraintes si le logement est partag\u00e9.<\/p>\n<p>Pr\u00e9parez une troisi\u00e8me partie sur l&#8217;activit\u00e9 : contrat de travail, attestation employeur, bulletins de paie, horaires, promesse d&#8217;embauche, inscription en formation, Kbis ou justificatifs d&#8217;activit\u00e9 ind\u00e9pendante.<\/p>\n<p>Pr\u00e9parez une quatri\u00e8me partie sur les obligations : suivi de soins, rendez-vous m\u00e9dicaux, d\u00e9marches addictologiques, indemnisation, \u00e9ch\u00e9ancier, justificatifs de paiement, interdictions accept\u00e9es, \u00e9loignement de la victime.<\/p>\n<p>Enfin, pr\u00e9parez une note courte. Une page suffit souvent. Elle doit exposer la peine, la mesure demand\u00e9e, le lieu, les horaires, les garanties et les pi\u00e8ces jointes.<\/p>\n<h2>Les erreurs qui conduisent \u00e0 un refus<\/h2>\n<p>La premi\u00e8re erreur est de confondre am\u00e9nagement et faveur. Le juge doit pouvoir motiver une d\u00e9cision. Il lui faut des \u00e9l\u00e9ments.<\/p>\n<p>La deuxi\u00e8me erreur est de promettre un emploi sans pi\u00e8ce. Une promesse orale n&#8217;a pas le m\u00eame poids qu&#8217;une attestation dat\u00e9e, sign\u00e9e, avec horaires et coordonn\u00e9es v\u00e9rifiables.<\/p>\n<p>La troisi\u00e8me erreur est de minimiser les faits au stade de l&#8217;ex\u00e9cution. L&#8217;audience d&#8217;application des peines n&#8217;est pas un second proc\u00e8s. Si l&#8217;appel n&#8217;est pas en cours ou si la condamnation est d\u00e9finitive, la discussion porte sur l&#8217;ex\u00e9cution et les garanties.<\/p>\n<p>La quatri\u00e8me erreur est d&#8217;ignorer la victime. Lorsqu&#8217;il existe une interdiction de contact, une proximit\u00e9 g\u00e9ographique, des dommages et int\u00e9r\u00eats ou un risque de pression, le dossier doit montrer comment la mesure prot\u00e8ge aussi la tranquillit\u00e9 de la victime.<\/p>\n<p>La cinqui\u00e8me erreur est d&#8217;arriver sans horaires pr\u00e9cis. Un bracelet \u00e9lectronique exige des plages de pr\u00e9sence et de sortie. Des horaires flous fragilisent la faisabilit\u00e9.<\/p>\n<p>La sixi\u00e8me erreur est de ne pas anticiper l&#8217;incident. Si le condamn\u00e9 sait d\u00e9j\u00e0 qu&#8217;il aura des d\u00e9placements professionnels variables, des soins hebdomadaires, des enfants \u00e0 r\u00e9cup\u00e9rer ou des astreintes, il faut le dire avant, pi\u00e8ces \u00e0 l&#8217;appui.<\/p>\n<h2>Que faire si l&#8217;am\u00e9nagement est refus\u00e9 ?<\/h2>\n<p>Un refus n&#8217;a pas toujours la m\u00eame port\u00e9e.<\/p>\n<p>Il peut signifier que le dossier n&#8217;\u00e9tait pas suffisamment document\u00e9. Il peut aussi r\u00e9sulter d&#8217;une impossibilit\u00e9 mat\u00e9rielle, d&#8217;un risque identifi\u00e9, d&#8217;un avis d\u00e9favorable, d&#8217;une absence \u00e0 convocation ou d&#8217;un incident.<\/p>\n<p>Selon le cas, il faut analyser la d\u00e9cision, les voies de recours, la possibilit\u00e9 de pr\u00e9senter une nouvelle demande apr\u00e8s \u00e9volution de la situation, ou la pr\u00e9paration d&#8217;une ex\u00e9cution en d\u00e9tention avec demande ult\u00e9rieure.<\/p>\n<p>L&#8217;<a href=\"https:\/\/www.legifrance.gouv.fr\/codes\/article_lc\/LEGIARTI000043342517\">article 707 du Code de proc\u00e9dure p\u00e9nale<\/a> fixe l&#8217;orientation g\u00e9n\u00e9rale de l&#8217;ex\u00e9cution des peines : ex\u00e9cution effective, mais r\u00e9gime adapt\u00e9 \u00e0 l&#8217;\u00e9volution de la personnalit\u00e9 et de la situation mat\u00e9rielle, familiale et sociale, avec l&#8217;objectif de pr\u00e9parer la r\u00e9insertion et d&#8217;\u00e9viter de nouvelles infractions. Cette logique permet parfois de retravailler un dossier refus\u00e9, \u00e0 condition de produire des \u00e9l\u00e9ments nouveaux.<\/p>\n<h2>L&#8217;urgence : condamnation r\u00e9cente, convocation re\u00e7ue, date proche<\/h2>\n<p>Si la condamnation vient d&#8217;\u00eatre prononc\u00e9e, il faut d&#8217;abord v\u00e9rifier les d\u00e9lais de recours et l&#8217;existence d&#8217;un mandat. Ne laissez pas passer un d\u00e9lai d&#8217;appel ou d&#8217;opposition en pensant que l&#8217;am\u00e9nagement r\u00e9glera tout.<\/p>\n<p>Si la convocation JAP est re\u00e7ue, il faut r\u00e9pondre, pr\u00e9parer les pi\u00e8ces et pr\u00e9venir en cas d&#8217;impossibilit\u00e9 r\u00e9elle. Une absence sans motif peut co\u00fbter cher.<\/p>\n<p>Si une date d&#8217;incarc\u00e9ration est fix\u00e9e, il faut examiner imm\u00e9diatement si elle r\u00e9sulte d&#8217;un refus, d&#8217;une absence, d&#8217;une urgence pr\u00e9vue par l&#8217;<a href=\"https:\/\/www.legifrance.gouv.fr\/codes\/section_lc\/LEGITEXT000006071154\/LEGISCTA000021331795\/\">article 723-16 du Code de proc\u00e9dure p\u00e9nale<\/a>, ou d&#8217;une d\u00e9cision du juge.<\/p>\n<p>Si vous \u00eates chef d&#8217;entreprise, salari\u00e9 expos\u00e9, parent isol\u00e9 ou professionnel r\u00e9glement\u00e9, il faut aussi mesurer les cons\u00e9quences indirectes : contrat de travail, mandat social, autorisation administrative, <a href=\"https:\/\/kohenavocats.com\/avocats-droit-famille-paris\/avocats-residence-enfant-paris\/\" target=\"_blank\" title=\"garde des enfants\">garde des enfants<\/a>, cr\u00e9dit, bail, soins, r\u00e9putation. L&#8217;ex\u00e9cution de la peine peut d\u00e9sorganiser tout un environnement. C&#8217;est pr\u00e9cis\u00e9ment pour cela que le dossier doit \u00eatre concret.<\/p>\n<h2>En synth\u00e8se<\/h2>\n<p>Un am\u00e9nagement de peine se pr\u00e9pare avant l&#8217;audience devant le JAP. Le bracelet \u00e9lectronique n&#8217;est pas un droit automatique, mais il peut \u00eatre obtenu si le dossier d\u00e9montre une ex\u00e9cution s\u00e9rieuse, contr\u00f4lable et compatible avec la situation du condamn\u00e9.<\/p>\n<p>Les points d\u00e9cisifs sont simples : peine r\u00e9ellement am\u00e9nageable, absence de mandat bloquant, domicile stable, horaires pr\u00e9cis, emploi ou projet justifi\u00e9, indemnisation ou garanties envers la victime, pr\u00e9sence aux convocations, dossier ordonn\u00e9.<\/p>\n<p>Le juge n&#8217;a pas besoin d&#8217;une promesse. Il a besoin d&#8217;un plan d&#8217;ex\u00e9cution.<\/p>\n<p>Dans la partie pi\u00e8ces \u00e0 pr\u00e9parer, ajoutez un lien vers le guide employeur, horaires et justificatifs. <a href=\"https:\/\/kohenavocats.com\/bracelet-electronique-employeur-horaires-travail-justificatifs\/\">justificatifs employeur pour le bracelet \u00e9lectronique<\/a>.<\/p>\n<h2>Besoin d&#8217;un avis rapide sur votre dossier.<\/h2>\n<p>Vous venez d&#8217;\u00eatre condamn\u00e9 \u00e0 une peine de prison ferme, vous avez re\u00e7u une convocation devant le JAP ou vous souhaitez demander un bracelet \u00e9lectronique.<br \/>\nLe cabinet peut organiser une consultation t\u00e9l\u00e9phonique sous 48 heures avec un avocat afin d&#8217;analyser le jugement, v\u00e9rifier les d\u00e9lais, pr\u00e9parer les pi\u00e8ces et choisir la mesure d&#8217;am\u00e9nagement la plus d\u00e9fendable.<\/p>\n<p>Appelez le <a href=\"tel:+33689113445\">06 89 11 34 45<\/a> ou utilisez le <a href=\"https:\/\/kohenavocats.com\/contactez-nous\/\">formulaire de contact du cabinet<\/a>.<\/p>\n<p>Nous intervenons \u00e0 Paris et en \u00cele-de-France devant les juridictions p\u00e9nales et les juridictions de l&#8217;application des peines.<\/p>\n","protected":false},"excerpt":{"rendered":"<p>Peine de prison ferme, convocation devant le JAP, bracelet \u00e9lectronique, semi-libert\u00e9 : les conditions, pi\u00e8ces et erreurs \u00e0 \u00e9viter pour demander un am\u00e9nagement de peine.<\/p>\n","protected":false},"author":232070755,"featured_media":9645,"comment_status":"open","ping_status":"open","sticky":false,"template":"","format":"standard","meta":{"_crdt_document":"","_jetpack_newsletter_access":"","_jetpack_dont_email_post_to_subs":false,"_jetpack_newsletter_tier_id":0,"_jetpack_memberships_contains_paywalled_content":false,"_kj_source_type":"","_kj_official_id":"","_kj_official_url":"","_kj_judilibre_id":"","_kj_jur":"","_kj_lieu":"","_kj_chambre":"","_kj_rg":"","_kj_date":"","_jetpack_memberships_contains_paid_content":false,"footnotes":"","jetpack_post_was_ever_published":false},"categories":[6995,7123,6708,6580,6364,6991,6718,6992],"tags":[],"class_list":["post-678347","post","type-post","status-publish","format-standard","has-post-thumbnail","hentry","category-decryptage","category-droit-du-travail","category-droit-penal","category-droit-social","category-penal","category-penal-2","category-social","category-travail"],"yoast_head":"<!-- This site is optimized with the Yoast SEO Premium plugin v27.5 (Yoast SEO v27.5) - https:\/\/yoast.com\/product\/yoast-seo-premium-wordpress\/ -->\n<title>Am\u00e9nagement de peine apr\u00e8s prison ferme : bracelet \u00e9lectronique, JAP, conditions et pi\u00e8ces \u00e0 pr\u00e9parer - Ma\u00eetre Hassan Kohen, avocat en droit p\u00e9nal \u00e0 Paris<\/title>\n<meta name=\"robots\" content=\"index, follow, max-snippet:-1, max-image-preview:large, max-video-preview:-1\" \/>\n<link rel=\"canonical\" href=\"https:\/\/kohenavocats.com\/en\/amenagement-peine-prison-ferme-bracelet-electronique-jap-pieces\/\" \/>\n<meta property=\"og:locale\" content=\"en_US\" \/>\n<meta property=\"og:type\" content=\"article\" \/>\n<meta property=\"og:title\" content=\"Am\u00e9nagement de peine apr\u00e8s prison ferme : bracelet \u00e9lectronique, JAP, conditions et pi\u00e8ces \u00e0 pr\u00e9parer\" \/>\n<meta property=\"og:description\" content=\"Peine de prison ferme, convocation devant le JAP, bracelet \u00e9lectronique, semi-libert\u00e9 : les conditions, pi\u00e8ces et erreurs \u00e0 \u00e9viter pour demander un am\u00e9nagement de peine.\" \/>\n<meta property=\"og:url\" content=\"https:\/\/kohenavocats.com\/en\/amenagement-peine-prison-ferme-bracelet-electronique-jap-pieces\/\" \/>\n<meta property=\"og:site_name\" content=\"Ma\u00eetre Hassan Kohen, avocat en droit p\u00e9nal \u00e0 Paris\" \/>\n<meta property=\"article:published_time\" content=\"2026-04-25T04:07:30+00:00\" \/>\n<meta property=\"article:modified_time\" content=\"2026-04-26T15:26:37+00:00\" \/>\n<meta property=\"og:image\" content=\"https:\/\/kohenavocats.com\/wp-content\/uploads\/2024\/11\/getty-images-RvXjV3spXFA-unsplash.webp\" \/>\n\t<meta property=\"og:image:width\" content=\"5616\" \/>\n\t<meta property=\"og:image:height\" content=\"3744\" \/>\n\t<meta property=\"og:image:type\" content=\"image\/webp\" \/>\n<meta name=\"author\" content=\"Kohen\" \/>\n<meta name=\"twitter:card\" content=\"summary_large_image\" \/>\n<meta name=\"twitter:label1\" content=\"Written by\" \/>\n\t<meta name=\"twitter:data1\" content=\"Kohen\" \/>\n\t<meta name=\"twitter:label2\" content=\"Est. reading time\" \/>\n\t<meta name=\"twitter:data2\" content=\"12 minutes\" \/>\n<script type=\"application\/ld+json\" class=\"yoast-schema-graph\">{\"@context\":\"https:\\\/\\\/schema.org\",\"@graph\":[{\"@type\":\"Article\",\"@id\":\"https:\\\/\\\/kohenavocats.com\\\/en\\\/amenagement-peine-prison-ferme-bracelet-electronique-jap-pieces\\\/#article\",\"isPartOf\":{\"@id\":\"https:\\\/\\\/kohenavocats.com\\\/en\\\/amenagement-peine-prison-ferme-bracelet-electronique-jap-pieces\\\/\"},\"author\":{\"name\":\"Kohen\",\"@id\":\"https:\\\/\\\/kohenavocats.com\\\/en\\\/#\\\/schema\\\/person\\\/761c9ba54fa1ca84d405cef0831ff751\"},\"headline\":\"Am\u00e9nagement de peine apr\u00e8s prison ferme : bracelet \u00e9lectronique, JAP, conditions et pi\u00e8ces \u00e0 pr\u00e9parer\",\"datePublished\":\"2026-04-25T04:07:30+00:00\",\"dateModified\":\"2026-04-26T15:26:37+00:00\",\"mainEntityOfPage\":{\"@id\":\"https:\\\/\\\/kohenavocats.com\\\/en\\\/amenagement-peine-prison-ferme-bracelet-electronique-jap-pieces\\\/\"},\"wordCount\":2544,\"commentCount\":0,\"publisher\":{\"@id\":\"https:\\\/\\\/kohenavocats.com\\\/en\\\/#organization\"},\"image\":{\"@id\":\"https:\\\/\\\/kohenavocats.com\\\/en\\\/amenagement-peine-prison-ferme-bracelet-electronique-jap-pieces\\\/#primaryimage\"},\"thumbnailUrl\":\"https:\\\/\\\/kohenavocats.com\\\/wp-content\\\/uploads\\\/2024\\\/11\\\/getty-images-RvXjV3spXFA-unsplash.webp\",\"articleSection\":[\"D\u00e9cryptage\",\"Droit du travail\",\"Droit P\u00e9nal\",\"Droit Social\",\"P\u00e9nal\",\"Penal\",\"Social\",\"Travail\"],\"inLanguage\":\"en-US\",\"potentialAction\":[{\"@type\":\"CommentAction\",\"name\":\"Comment\",\"target\":[\"https:\\\/\\\/kohenavocats.com\\\/en\\\/amenagement-peine-prison-ferme-bracelet-electronique-jap-pieces\\\/#respond\"]}],\"citation\":\"Am\u00e9nagement de peine apr\u00e8s prison ferme : bracelet \u00e9lectronique, JAP, conditions et pi\u00e8ces \u00e0 pr\u00e9parer\",\"about\":[{\"@type\":\"Thing\",\"name\":\"D\u00e9cryptage\"},{\"@type\":\"Thing\",\"name\":\"Droit du travail\"},{\"@type\":\"Thing\",\"name\":\"Droit P\u00e9nal\"},{\"@type\":\"Thing\",\"name\":\"Droit Social\"},{\"@type\":\"Thing\",\"name\":\"P\u00e9nal\"},{\"@type\":\"Thing\",\"name\":\"Penal\"},{\"@type\":\"Thing\",\"name\":\"Social\"},{\"@type\":\"Thing\",\"name\":\"Travail\"}],\"speakable\":{\"@type\":\"SpeakableSpecification\",\"cssSelector\":[\".article-content > p:first-of-type\"]}},{\"@type\":\"WebPage\",\"@id\":\"https:\\\/\\\/kohenavocats.com\\\/en\\\/amenagement-peine-prison-ferme-bracelet-electronique-jap-pieces\\\/\",\"url\":\"https:\\\/\\\/kohenavocats.com\\\/en\\\/amenagement-peine-prison-ferme-bracelet-electronique-jap-pieces\\\/\",\"name\":\"Am\u00e9nagement de peine apr\u00e8s prison ferme : bracelet \u00e9lectronique, JAP, conditions et pi\u00e8ces \u00e0 pr\u00e9parer - Ma\u00eetre Hassan Kohen, avocat en droit p\u00e9nal \u00e0 Paris\",\"isPartOf\":{\"@id\":\"https:\\\/\\\/kohenavocats.com\\\/en\\\/#website\"},\"primaryImageOfPage\":{\"@id\":\"https:\\\/\\\/kohenavocats.com\\\/en\\\/amenagement-peine-prison-ferme-bracelet-electronique-jap-pieces\\\/#primaryimage\"},\"image\":{\"@id\":\"https:\\\/\\\/kohenavocats.com\\\/en\\\/amenagement-peine-prison-ferme-bracelet-electronique-jap-pieces\\\/#primaryimage\"},\"thumbnailUrl\":\"https:\\\/\\\/kohenavocats.com\\\/wp-content\\\/uploads\\\/2024\\\/11\\\/getty-images-RvXjV3spXFA-unsplash.webp\",\"datePublished\":\"2026-04-25T04:07:30+00:00\",\"dateModified\":\"2026-04-26T15:26:37+00:00\",\"breadcrumb\":{\"@id\":\"https:\\\/\\\/kohenavocats.com\\\/en\\\/amenagement-peine-prison-ferme-bracelet-electronique-jap-pieces\\\/#breadcrumb\"},\"inLanguage\":\"en-US\",\"potentialAction\":[{\"@type\":\"ReadAction\",\"target\":[\"https:\\\/\\\/kohenavocats.com\\\/en\\\/amenagement-peine-prison-ferme-bracelet-electronique-jap-pieces\\\/\"]}]},{\"@type\":\"ImageObject\",\"inLanguage\":\"en-US\",\"@id\":\"https:\\\/\\\/kohenavocats.com\\\/en\\\/amenagement-peine-prison-ferme-bracelet-electronique-jap-pieces\\\/#primaryimage\",\"url\":\"https:\\\/\\\/kohenavocats.com\\\/wp-content\\\/uploads\\\/2024\\\/11\\\/getty-images-RvXjV3spXFA-unsplash.webp\",\"contentUrl\":\"https:\\\/\\\/kohenavocats.com\\\/wp-content\\\/uploads\\\/2024\\\/11\\\/getty-images-RvXjV3spXFA-unsplash.webp\",\"width\":5616,\"height\":3744},{\"@type\":\"BreadcrumbList\",\"@id\":\"https:\\\/\\\/kohenavocats.com\\\/en\\\/amenagement-peine-prison-ferme-bracelet-electronique-jap-pieces\\\/#breadcrumb\",\"itemListElement\":[{\"@type\":\"ListItem\",\"position\":1,\"name\":\"Home\",\"item\":\"https:\\\/\\\/kohenavocats.com\\\/en\\\/criminal-law-attorneys-in-paris-counsel-and-strategic-defense\\\/\"},{\"@type\":\"ListItem\",\"position\":2,\"name\":\"Am\u00e9nagement de peine apr\u00e8s prison ferme : bracelet \u00e9lectronique, JAP, conditions et pi\u00e8ces \u00e0 pr\u00e9parer\"}]},{\"@type\":\"WebSite\",\"@id\":\"https:\\\/\\\/kohenavocats.com\\\/en\\\/#website\",\"url\":\"https:\\\/\\\/kohenavocats.com\\\/en\\\/\",\"name\":\"Kohen Avocats\",\"description\":\"Ma\u00eetre Hassan Kohen, avocat p\u00e9naliste \u00e0 Paris, intervient exclusivement en droit p\u00e9nal pour la d\u00e9fense des particuliers, notamment en mati\u00e8re d\u2019accusations de viol. Il assure un accompagnement rigoureux d\u00e8s la garde \u00e0 vue jusqu\u2019\u00e0 la Cour d\u2019assises, veillant au strict respect des garanties proc\u00e9durales.\",\"publisher\":{\"@id\":\"https:\\\/\\\/kohenavocats.com\\\/en\\\/#organization\"},\"potentialAction\":[{\"@type\":\"SearchAction\",\"target\":{\"@type\":\"EntryPoint\",\"urlTemplate\":\"https:\\\/\\\/kohenavocats.com\\\/en\\\/?s={search_term_string}\"},\"query-input\":{\"@type\":\"PropertyValueSpecification\",\"valueRequired\":true,\"valueName\":\"search_term_string\"}}],\"inLanguage\":\"en-US\"},{\"@type\":\"Organization\",\"@id\":\"https:\\\/\\\/kohenavocats.com\\\/en\\\/#organization\",\"name\":\"Kohen Avocats\",\"url\":\"https:\\\/\\\/kohenavocats.com\\\/en\\\/\",\"logo\":{\"@type\":\"ImageObject\",\"inLanguage\":\"en-US\",\"@id\":\"https:\\\/\\\/kohenavocats.com\\\/en\\\/#\\\/schema\\\/logo\\\/image\\\/\",\"url\":\"https:\\\/\\\/kohenavocats.com\\\/wp-content\\\/uploads\\\/2026\\\/01\\\/Logo-2-1.webp\",\"contentUrl\":\"https:\\\/\\\/kohenavocats.com\\\/wp-content\\\/uploads\\\/2026\\\/01\\\/Logo-2-1.webp\",\"width\":2114,\"height\":1253,\"caption\":\"Kohen Avocats\"},\"image\":{\"@id\":\"https:\\\/\\\/kohenavocats.com\\\/en\\\/#\\\/schema\\\/logo\\\/image\\\/\"}},{\"@type\":\"Person\",\"@id\":\"https:\\\/\\\/kohenavocats.com\\\/en\\\/#\\\/schema\\\/person\\\/761c9ba54fa1ca84d405cef0831ff751\",\"name\":\"Kohen\",\"image\":{\"@type\":\"ImageObject\",\"inLanguage\":\"en-US\",\"@id\":\"https:\\\/\\\/secure.gravatar.com\\\/avatar\\\/1c5e76ef76bbbfdd2b4da984e2bf2fa4056fd51a27d25ce2c332047f1dfd6e00?s=96&d=identicon&r=g\",\"url\":\"https:\\\/\\\/secure.gravatar.com\\\/avatar\\\/1c5e76ef76bbbfdd2b4da984e2bf2fa4056fd51a27d25ce2c332047f1dfd6e00?s=96&d=identicon&r=g\",\"contentUrl\":\"https:\\\/\\\/secure.gravatar.com\\\/avatar\\\/1c5e76ef76bbbfdd2b4da984e2bf2fa4056fd51a27d25ce2c332047f1dfd6e00?s=96&d=identicon&r=g\",\"caption\":\"Kohen\"},\"sameAs\":[\"https:\\\/\\\/www.linkedin.com\\\/in\\\/hassan-kohen-448548192\\\/\",\"https:\\\/\\\/www.youtube.com\\\/@Kohen-Avocats\"],\"url\":\"https:\\\/\\\/kohenavocats.com\\\/en\\\/author\\\/kohenmlk\\\/\"}]}<\/script>\n<!-- \/ Yoast SEO Premium plugin. -->","yoast_head_json":{"title":"Am\u00e9nagement de peine apr\u00e8s prison ferme : bracelet \u00e9lectronique, JAP, conditions et pi\u00e8ces \u00e0 pr\u00e9parer - Ma\u00eetre Hassan Kohen, avocat en droit p\u00e9nal \u00e0 Paris","robots":{"index":"index","follow":"follow","max-snippet":"max-snippet:-1","max-image-preview":"max-image-preview:large","max-video-preview":"max-video-preview:-1"},"canonical":"https:\/\/kohenavocats.com\/en\/amenagement-peine-prison-ferme-bracelet-electronique-jap-pieces\/","og_locale":"en_US","og_type":"article","og_title":"Am\u00e9nagement de peine apr\u00e8s prison ferme : bracelet \u00e9lectronique, JAP, conditions et pi\u00e8ces \u00e0 pr\u00e9parer","og_description":"Peine de prison ferme, convocation devant le JAP, bracelet \u00e9lectronique, semi-libert\u00e9 : les conditions, pi\u00e8ces et erreurs \u00e0 \u00e9viter pour demander un am\u00e9nagement de peine.","og_url":"https:\/\/kohenavocats.com\/en\/amenagement-peine-prison-ferme-bracelet-electronique-jap-pieces\/","og_site_name":"Ma\u00eetre Hassan Kohen, avocat en droit p\u00e9nal \u00e0 Paris","article_published_time":"2026-04-25T04:07:30+00:00","article_modified_time":"2026-04-26T15:26:37+00:00","og_image":[{"width":5616,"height":3744,"url":"https:\/\/kohenavocats.com\/wp-content\/uploads\/2024\/11\/getty-images-RvXjV3spXFA-unsplash.webp","type":"image\/webp"}],"author":"Kohen","twitter_card":"summary_large_image","twitter_misc":{"Written by":"Kohen","Est. reading time":"12 minutes"},"schema":{"@context":"https:\/\/schema.org","@graph":[{"@type":"Article","@id":"https:\/\/kohenavocats.com\/en\/amenagement-peine-prison-ferme-bracelet-electronique-jap-pieces\/#article","isPartOf":{"@id":"https:\/\/kohenavocats.com\/en\/amenagement-peine-prison-ferme-bracelet-electronique-jap-pieces\/"},"author":{"name":"Kohen","@id":"https:\/\/kohenavocats.com\/en\/#\/schema\/person\/761c9ba54fa1ca84d405cef0831ff751"},"headline":"Am\u00e9nagement de peine apr\u00e8s prison ferme : bracelet \u00e9lectronique, JAP, conditions et pi\u00e8ces \u00e0 pr\u00e9parer","datePublished":"2026-04-25T04:07:30+00:00","dateModified":"2026-04-26T15:26:37+00:00","mainEntityOfPage":{"@id":"https:\/\/kohenavocats.com\/en\/amenagement-peine-prison-ferme-bracelet-electronique-jap-pieces\/"},"wordCount":2544,"commentCount":0,"publisher":{"@id":"https:\/\/kohenavocats.com\/en\/#organization"},"image":{"@id":"https:\/\/kohenavocats.com\/en\/amenagement-peine-prison-ferme-bracelet-electronique-jap-pieces\/#primaryimage"},"thumbnailUrl":"https:\/\/kohenavocats.com\/wp-content\/uploads\/2024\/11\/getty-images-RvXjV3spXFA-unsplash.webp","articleSection":["D\u00e9cryptage","Droit du travail","Droit P\u00e9nal","Droit Social","P\u00e9nal","Penal","Social","Travail"],"inLanguage":"en-US","potentialAction":[{"@type":"CommentAction","name":"Comment","target":["https:\/\/kohenavocats.com\/en\/amenagement-peine-prison-ferme-bracelet-electronique-jap-pieces\/#respond"]}],"citation":"Am\u00e9nagement de peine apr\u00e8s prison ferme : bracelet \u00e9lectronique, JAP, conditions et pi\u00e8ces \u00e0 pr\u00e9parer","about":[{"@type":"Thing","name":"D\u00e9cryptage"},{"@type":"Thing","name":"Droit du travail"},{"@type":"Thing","name":"Droit P\u00e9nal"},{"@type":"Thing","name":"Droit Social"},{"@type":"Thing","name":"P\u00e9nal"},{"@type":"Thing","name":"Penal"},{"@type":"Thing","name":"Social"},{"@type":"Thing","name":"Travail"}],"speakable":{"@type":"SpeakableSpecification","cssSelector":[".article-content > p:first-of-type"]}},{"@type":"WebPage","@id":"https:\/\/kohenavocats.com\/en\/amenagement-peine-prison-ferme-bracelet-electronique-jap-pieces\/","url":"https:\/\/kohenavocats.com\/en\/amenagement-peine-prison-ferme-bracelet-electronique-jap-pieces\/","name":"Am\u00e9nagement de peine apr\u00e8s prison ferme : bracelet \u00e9lectronique, JAP, conditions et pi\u00e8ces \u00e0 pr\u00e9parer - Ma\u00eetre Hassan Kohen, avocat en droit p\u00e9nal \u00e0 Paris","isPartOf":{"@id":"https:\/\/kohenavocats.com\/en\/#website"},"primaryImageOfPage":{"@id":"https:\/\/kohenavocats.com\/en\/amenagement-peine-prison-ferme-bracelet-electronique-jap-pieces\/#primaryimage"},"image":{"@id":"https:\/\/kohenavocats.com\/en\/amenagement-peine-prison-ferme-bracelet-electronique-jap-pieces\/#primaryimage"},"thumbnailUrl":"https:\/\/kohenavocats.com\/wp-content\/uploads\/2024\/11\/getty-images-RvXjV3spXFA-unsplash.webp","datePublished":"2026-04-25T04:07:30+00:00","dateModified":"2026-04-26T15:26:37+00:00","breadcrumb":{"@id":"https:\/\/kohenavocats.com\/en\/amenagement-peine-prison-ferme-bracelet-electronique-jap-pieces\/#breadcrumb"},"inLanguage":"en-US","potentialAction":[{"@type":"ReadAction","target":["https:\/\/kohenavocats.com\/en\/amenagement-peine-prison-ferme-bracelet-electronique-jap-pieces\/"]}]},{"@type":"ImageObject","inLanguage":"en-US","@id":"https:\/\/kohenavocats.com\/en\/amenagement-peine-prison-ferme-bracelet-electronique-jap-pieces\/#primaryimage","url":"https:\/\/kohenavocats.com\/wp-content\/uploads\/2024\/11\/getty-images-RvXjV3spXFA-unsplash.webp","contentUrl":"https:\/\/kohenavocats.com\/wp-content\/uploads\/2024\/11\/getty-images-RvXjV3spXFA-unsplash.webp","width":5616,"height":3744},{"@type":"BreadcrumbList","@id":"https:\/\/kohenavocats.com\/en\/amenagement-peine-prison-ferme-bracelet-electronique-jap-pieces\/#breadcrumb","itemListElement":[{"@type":"ListItem","position":1,"name":"Home","item":"https:\/\/kohenavocats.com\/en\/criminal-law-attorneys-in-paris-counsel-and-strategic-defense\/"},{"@type":"ListItem","position":2,"name":"Am\u00e9nagement de peine apr\u00e8s prison ferme : bracelet \u00e9lectronique, JAP, conditions et pi\u00e8ces \u00e0 pr\u00e9parer"}]},{"@type":"WebSite","@id":"https:\/\/kohenavocats.com\/en\/#website","url":"https:\/\/kohenavocats.com\/en\/","name":"Kohen Avocats","description":"Ma\u00eetre Hassan Kohen, avocat p\u00e9naliste \u00e0 Paris, intervient exclusivement en droit p\u00e9nal pour la d\u00e9fense des particuliers, notamment en mati\u00e8re d\u2019accusations de viol. Il assure un accompagnement rigoureux d\u00e8s la garde \u00e0 vue jusqu\u2019\u00e0 la Cour d\u2019assises, veillant au strict respect des garanties proc\u00e9durales.","publisher":{"@id":"https:\/\/kohenavocats.com\/en\/#organization"},"potentialAction":[{"@type":"SearchAction","target":{"@type":"EntryPoint","urlTemplate":"https:\/\/kohenavocats.com\/en\/?s={search_term_string}"},"query-input":{"@type":"PropertyValueSpecification","valueRequired":true,"valueName":"search_term_string"}}],"inLanguage":"en-US"},{"@type":"Organization","@id":"https:\/\/kohenavocats.com\/en\/#organization","name":"Kohen Avocats","url":"https:\/\/kohenavocats.com\/en\/","logo":{"@type":"ImageObject","inLanguage":"en-US","@id":"https:\/\/kohenavocats.com\/en\/#\/schema\/logo\/image\/","url":"https:\/\/kohenavocats.com\/wp-content\/uploads\/2026\/01\/Logo-2-1.webp","contentUrl":"https:\/\/kohenavocats.com\/wp-content\/uploads\/2026\/01\/Logo-2-1.webp","width":2114,"height":1253,"caption":"Kohen Avocats"},"image":{"@id":"https:\/\/kohenavocats.com\/en\/#\/schema\/logo\/image\/"}},{"@type":"Person","@id":"https:\/\/kohenavocats.com\/en\/#\/schema\/person\/761c9ba54fa1ca84d405cef0831ff751","name":"Kohen","image":{"@type":"ImageObject","inLanguage":"en-US","@id":"https:\/\/secure.gravatar.com\/avatar\/1c5e76ef76bbbfdd2b4da984e2bf2fa4056fd51a27d25ce2c332047f1dfd6e00?s=96&d=identicon&r=g","url":"https:\/\/secure.gravatar.com\/avatar\/1c5e76ef76bbbfdd2b4da984e2bf2fa4056fd51a27d25ce2c332047f1dfd6e00?s=96&d=identicon&r=g","contentUrl":"https:\/\/secure.gravatar.com\/avatar\/1c5e76ef76bbbfdd2b4da984e2bf2fa4056fd51a27d25ce2c332047f1dfd6e00?s=96&d=identicon&r=g","caption":"Kohen"},"sameAs":["https:\/\/www.linkedin.com\/in\/hassan-kohen-448548192\/","https:\/\/www.youtube.com\/@Kohen-Avocats"],"url":"https:\/\/kohenavocats.com\/en\/author\/kohenmlk\/"}]}},"jetpack_featured_media_url":"https:\/\/kohenavocats.com\/wp-content\/uploads\/2024\/11\/getty-images-RvXjV3spXFA-unsplash.webp","jetpack_likes_enabled":false,"jetpack_shortlink":"https:\/\/wp.me\/peCrII-2Qt5","jetpack-related-posts":[{"id":234251,"url":"https:\/\/kohenavocats.com\/en\/peine-de-prison-ferme\/","url_meta":{"origin":678347,"position":0},"title":"Peine de prison ferme","author":"Kohen","date":"4 April 2026","format":false,"excerpt":"Information : Cette fiche presente les regles generales applicables. Votre situation personnelle peut necessiter une analyse specifique. Contactez notre cabinet pour un accompagnement personnalise. La personne condamn\u00e9e \u00e0 une peine de prison ferme est-elle forc\u00e9ment emprisonn\u00e9e ? En cas de condamnation \u00e0 une peine de prison ferme, le condamn\u00e9 peut\u2026","rel":"","context":"In &quot;Sanctions penales&quot;","block_context":{"text":"Sanctions penales","link":"https:\/\/kohenavocats.com\/category\/penal\/sanctions-penales\/"},"img":{"alt_text":"","src":"https:\/\/i0.wp.com\/kohenavocats.com\/wp-content\/uploads\/2024\/08\/mediamodifier-En1_jJx6UDU-unsplash.webp?resize=350%2C200&ssl=1","width":350,"height":200,"srcset":"https:\/\/i0.wp.com\/kohenavocats.com\/wp-content\/uploads\/2024\/08\/mediamodifier-En1_jJx6UDU-unsplash.webp?resize=350%2C200&ssl=1 1x, https:\/\/i0.wp.com\/kohenavocats.com\/wp-content\/uploads\/2024\/08\/mediamodifier-En1_jJx6UDU-unsplash.webp?resize=525%2C300&ssl=1 1.5x, https:\/\/i0.wp.com\/kohenavocats.com\/wp-content\/uploads\/2024\/08\/mediamodifier-En1_jJx6UDU-unsplash.webp?resize=700%2C400&ssl=1 2x, https:\/\/i0.wp.com\/kohenavocats.com\/wp-content\/uploads\/2024\/08\/mediamodifier-En1_jJx6UDU-unsplash.webp?resize=1050%2C600&ssl=1 3x, https:\/\/i0.wp.com\/kohenavocats.com\/wp-content\/uploads\/2024\/08\/mediamodifier-En1_jJx6UDU-unsplash.webp?resize=1400%2C800&ssl=1 4x"},"classes":[]},{"id":642366,"url":"https:\/\/kohenavocats.com\/en\/bracelet-electronique-que-risque-t-on-en-cas-de-retard-coupure-de-batterie-ou-sortie-non-autorisee\/","url_meta":{"origin":678347,"position":1},"title":"Bracelet \u00e9lectronique : que risque-t-on en cas de retard, coupure de batterie ou sortie non autoris\u00e9e ?","author":"Kohen","date":"22 April 2026","format":false,"excerpt":"ARSE, DDSE, retard, batterie vide, sortie non autoris\u00e9e, retrait de mesure ou prison : ce qu'un incident de bracelet \u00e9lectronique peut vraiment d\u00e9clencher.","rel":"","context":"In &quot;D\u00e9cryptage&quot;","block_context":{"text":"D\u00e9cryptage","link":"https:\/\/kohenavocats.com\/category\/decryptage\/"},"img":{"alt_text":"","src":"https:\/\/i0.wp.com\/kohenavocats.com\/wp-content\/uploads\/2024\/08\/adam-ling-qmEbuqzB6L0-unsplash.webp?resize=350%2C200&ssl=1","width":350,"height":200,"srcset":"https:\/\/i0.wp.com\/kohenavocats.com\/wp-content\/uploads\/2024\/08\/adam-ling-qmEbuqzB6L0-unsplash.webp?resize=350%2C200&ssl=1 1x, https:\/\/i0.wp.com\/kohenavocats.com\/wp-content\/uploads\/2024\/08\/adam-ling-qmEbuqzB6L0-unsplash.webp?resize=525%2C300&ssl=1 1.5x, https:\/\/i0.wp.com\/kohenavocats.com\/wp-content\/uploads\/2024\/08\/adam-ling-qmEbuqzB6L0-unsplash.webp?resize=700%2C400&ssl=1 2x, https:\/\/i0.wp.com\/kohenavocats.com\/wp-content\/uploads\/2024\/08\/adam-ling-qmEbuqzB6L0-unsplash.webp?resize=1050%2C600&ssl=1 3x, https:\/\/i0.wp.com\/kohenavocats.com\/wp-content\/uploads\/2024\/08\/adam-ling-qmEbuqzB6L0-unsplash.webp?resize=1400%2C800&ssl=1 4x"},"classes":[]},{"id":658824,"url":"https:\/\/kohenavocats.com\/en\/bracelet-electronique-refuse-motifs-recours-appel\/","url_meta":{"origin":678347,"position":2},"title":"Bracelet \u00e9lectronique refus\u00e9 : quels motifs, quel recours et peut-on faire appel ?","author":"Kohen","date":"23 April 2026","format":false,"excerpt":"Refus de bracelet \u00e9lectronique : motifs retenus, dossier insuffisant, recours utiles, appel et pi\u00e8ces \u00e0 r\u00e9unir imm\u00e9diatement.","rel":"","context":"In &quot;D\u00e9cryptage&quot;","block_context":{"text":"D\u00e9cryptage","link":"https:\/\/kohenavocats.com\/category\/decryptage\/"},"img":{"alt_text":"","src":"https:\/\/i0.wp.com\/kohenavocats.com\/wp-content\/uploads\/2024\/11\/getty-images-AofcIDFaraI-unsplash.webp?resize=350%2C200&ssl=1","width":350,"height":200,"srcset":"https:\/\/i0.wp.com\/kohenavocats.com\/wp-content\/uploads\/2024\/11\/getty-images-AofcIDFaraI-unsplash.webp?resize=350%2C200&ssl=1 1x, https:\/\/i0.wp.com\/kohenavocats.com\/wp-content\/uploads\/2024\/11\/getty-images-AofcIDFaraI-unsplash.webp?resize=525%2C300&ssl=1 1.5x, https:\/\/i0.wp.com\/kohenavocats.com\/wp-content\/uploads\/2024\/11\/getty-images-AofcIDFaraI-unsplash.webp?resize=700%2C400&ssl=1 2x, https:\/\/i0.wp.com\/kohenavocats.com\/wp-content\/uploads\/2024\/11\/getty-images-AofcIDFaraI-unsplash.webp?resize=1050%2C600&ssl=1 3x, https:\/\/i0.wp.com\/kohenavocats.com\/wp-content\/uploads\/2024\/11\/getty-images-AofcIDFaraI-unsplash.webp?resize=1400%2C800&ssl=1 4x"},"classes":[]},{"id":660003,"url":"https:\/\/kohenavocats.com\/en\/convocation-jap-que-faire-documents-risques-absence\/","url_meta":{"origin":678347,"position":3},"title":"Convocation devant le juge de l&#8217;application des peines (JAP) : faut-il y aller, quels documents apporter et que risque-t-on en cas d&#8217;absence ?","author":"Kohen","date":"23 April 2026","format":false,"excerpt":"Convocation JAP : d\u00e9lai de vingt jours, documents utiles, r\u00f4le du SPIP, risques en cas d'absence et strat\u00e9gie apr\u00e8s l'audience correctionnelle.","rel":"","context":"In &quot;Non cat\u00e9goris\u00e9&quot;","block_context":{"text":"Non cat\u00e9goris\u00e9","link":"https:\/\/kohenavocats.com\/category\/non-categorise\/"},"img":{"alt_text":"","src":"https:\/\/i0.wp.com\/kohenavocats.com\/wp-content\/uploads\/2024\/11\/getty-images-p7RqAdKO-s-unsplash.webp?resize=350%2C200&ssl=1","width":350,"height":200,"srcset":"https:\/\/i0.wp.com\/kohenavocats.com\/wp-content\/uploads\/2024\/11\/getty-images-p7RqAdKO-s-unsplash.webp?resize=350%2C200&ssl=1 1x, https:\/\/i0.wp.com\/kohenavocats.com\/wp-content\/uploads\/2024\/11\/getty-images-p7RqAdKO-s-unsplash.webp?resize=525%2C300&ssl=1 1.5x, https:\/\/i0.wp.com\/kohenavocats.com\/wp-content\/uploads\/2024\/11\/getty-images-p7RqAdKO-s-unsplash.webp?resize=700%2C400&ssl=1 2x, https:\/\/i0.wp.com\/kohenavocats.com\/wp-content\/uploads\/2024\/11\/getty-images-p7RqAdKO-s-unsplash.webp?resize=1050%2C600&ssl=1 3x, https:\/\/i0.wp.com\/kohenavocats.com\/wp-content\/uploads\/2024\/11\/getty-images-p7RqAdKO-s-unsplash.webp?resize=1400%2C800&ssl=1 4x"},"classes":[]},{"id":662720,"url":"https:\/\/kohenavocats.com\/en\/amenagement-peine-prison-ferme-correctionnel-eviter-jap-semi-liberte-ddse\/","url_meta":{"origin":678347,"position":4},"title":"Am\u00e9nagement de peine apr\u00e8s condamnation correctionnelle : comment \u00e9viter la prison ferme, qui d\u00e9cide, et dans quel d\u00e9lai","author":"Kohen","date":"23 April 2026","format":false,"excerpt":"Am\u00e9nagement de peine ab initio, DDSE, semi-libert\u00e9, placement \u00e0 l'ext\u00e9rieur, obligations du tribunal correctionnel et recours devant le juge de l'application des peines.","rel":"","context":"In &quot;Non cat\u00e9goris\u00e9&quot;","block_context":{"text":"Non cat\u00e9goris\u00e9","link":"https:\/\/kohenavocats.com\/category\/non-categorise\/"},"img":{"alt_text":"","src":"https:\/\/i0.wp.com\/kohenavocats.com\/wp-content\/uploads\/2024\/11\/xhiliana-CfCB8S-7RM4-unsplash.webp?resize=350%2C200&ssl=1","width":350,"height":200,"srcset":"https:\/\/i0.wp.com\/kohenavocats.com\/wp-content\/uploads\/2024\/11\/xhiliana-CfCB8S-7RM4-unsplash.webp?resize=350%2C200&ssl=1 1x, https:\/\/i0.wp.com\/kohenavocats.com\/wp-content\/uploads\/2024\/11\/xhiliana-CfCB8S-7RM4-unsplash.webp?resize=525%2C300&ssl=1 1.5x, https:\/\/i0.wp.com\/kohenavocats.com\/wp-content\/uploads\/2024\/11\/xhiliana-CfCB8S-7RM4-unsplash.webp?resize=700%2C400&ssl=1 2x, https:\/\/i0.wp.com\/kohenavocats.com\/wp-content\/uploads\/2024\/11\/xhiliana-CfCB8S-7RM4-unsplash.webp?resize=1050%2C600&ssl=1 3x, https:\/\/i0.wp.com\/kohenavocats.com\/wp-content\/uploads\/2024\/11\/xhiliana-CfCB8S-7RM4-unsplash.webp?resize=1400%2C800&ssl=1 4x"},"classes":[]},{"id":234221,"url":"https:\/\/kohenavocats.com\/en\/bracelet-electronique-lors-d-une-assignation-a-residence\/","url_meta":{"origin":678347,"position":5},"title":"Bracelet \u00e9lectronique lors d&#8217;une assignation \u00e0 r\u00e9sidence","author":"Kohen","date":"4 April 2026","format":false,"excerpt":"Information : Cette fiche presente les regles generales applicables. Votre situation personnelle peut necessiter une analyse specifique. Contactez notre cabinet pour un accompagnement personnalise. L'assignation \u00e0 r\u00e9sidence avec surveillance \u00e9lectronique (ARSE), souvent appel\u00e9e \"bracelet \u00e9lectronique\", est une solution alternative \u00e0 la . Le tribunal peut contraindre la personne \u00e0 demeurer\u2026","rel":"","context":"In &quot;Droit penal&quot;","block_context":{"text":"Droit penal","link":"https:\/\/kohenavocats.com\/category\/droit-penal\/"},"img":{"alt_text":"","src":"https:\/\/i0.wp.com\/kohenavocats.com\/wp-content\/uploads\/2024\/11\/getty-images-tv21aoxFzwY-unsplash.webp?resize=350%2C200&ssl=1","width":350,"height":200,"srcset":"https:\/\/i0.wp.com\/kohenavocats.com\/wp-content\/uploads\/2024\/11\/getty-images-tv21aoxFzwY-unsplash.webp?resize=350%2C200&ssl=1 1x, https:\/\/i0.wp.com\/kohenavocats.com\/wp-content\/uploads\/2024\/11\/getty-images-tv21aoxFzwY-unsplash.webp?resize=525%2C300&ssl=1 1.5x, https:\/\/i0.wp.com\/kohenavocats.com\/wp-content\/uploads\/2024\/11\/getty-images-tv21aoxFzwY-unsplash.webp?resize=700%2C400&ssl=1 2x, https:\/\/i0.wp.com\/kohenavocats.com\/wp-content\/uploads\/2024\/11\/getty-images-tv21aoxFzwY-unsplash.webp?resize=1050%2C600&ssl=1 3x, https:\/\/i0.wp.com\/kohenavocats.com\/wp-content\/uploads\/2024\/11\/getty-images-tv21aoxFzwY-unsplash.webp?resize=1400%2C800&ssl=1 4x"},"classes":[]}],"jetpack_sharing_enabled":true,"_links":{"self":[{"href":"https:\/\/kohenavocats.com\/en\/wp-json\/wp\/v2\/posts\/678347","targetHints":{"allow":["GET"]}}],"collection":[{"href":"https:\/\/kohenavocats.com\/en\/wp-json\/wp\/v2\/posts"}],"about":[{"href":"https:\/\/kohenavocats.com\/en\/wp-json\/wp\/v2\/types\/post"}],"author":[{"embeddable":true,"href":"https:\/\/kohenavocats.com\/en\/wp-json\/wp\/v2\/users\/232070755"}],"replies":[{"embeddable":true,"href":"https:\/\/kohenavocats.com\/en\/wp-json\/wp\/v2\/comments?post=678347"}],"version-history":[{"count":2,"href":"https:\/\/kohenavocats.com\/en\/wp-json\/wp\/v2\/posts\/678347\/revisions"}],"predecessor-version":[{"id":694978,"href":"https:\/\/kohenavocats.com\/en\/wp-json\/wp\/v2\/posts\/678347\/revisions\/694978"}],"wp:featuredmedia":[{"embeddable":true,"href":"https:\/\/kohenavocats.com\/en\/wp-json\/wp\/v2\/media\/9645"}],"wp:attachment":[{"href":"https:\/\/kohenavocats.com\/en\/wp-json\/wp\/v2\/media?parent=678347"}],"wp:term":[{"taxonomy":"category","embeddable":true,"href":"https:\/\/kohenavocats.com\/en\/wp-json\/wp\/v2\/categories?post=678347"},{"taxonomy":"post_tag","embeddable":true,"href":"https:\/\/kohenavocats.com\/en\/wp-json\/wp\/v2\/tags?post=678347"}],"curies":[{"name":"wp","href":"https:\/\/api.w.org\/{rel}","templated":true}]}}