{"id":679728,"date":"2026-04-25T10:24:46","date_gmt":"2026-04-25T08:24:46","guid":{"rendered":"https:\/\/kohenavocats.com\/convocation-sanction-disciplinaire-arret-maladie-droits-report-recours\/"},"modified":"2026-04-26T17:26:48","modified_gmt":"2026-04-26T15:26:48","slug":"convocation-sanction-disciplinaire-arret-maladie-droits-report-recours","status":"publish","type":"post","link":"https:\/\/kohenavocats.com\/en\/convocation-sanction-disciplinaire-arret-maladie-droits-report-recours\/","title":{"rendered":"Convocation \u00e0 sanction disciplinaire pendant arr\u00eat maladie : faut-il y aller, demander un report ou contester ?"},"content":{"rendered":"<p>Recevoir une convocation \u00e0 entretien pr\u00e9alable pendant un arr\u00eat maladie cr\u00e9e souvent une confusion imm\u00e9diate. Le salari\u00e9 est dispens\u00e9 de travailler, mais il re\u00e7oit une lettre recommand\u00e9e. L&#8217;employeur vise une sanction, parfois un licenciement. La date tombe pendant les heures de sortie autoris\u00e9es, pendant une hospitalisation, ou alors que le m\u00e9decin a prescrit un repos strict.<\/p>\n<p>La premi\u00e8re erreur consiste \u00e0 croire que l&#8217;arr\u00eat maladie bloque automatiquement la proc\u00e9dure disciplinaire ou le licenciement. Ce n&#8217;est pas le cas. La seconde consiste \u00e0 se pr\u00e9senter sans pr\u00e9paration, sans demander les griefs, sans assistant, sans trace \u00e9crite de l&#8217;\u00e9tat de sant\u00e9 ni de la demande de report.<\/p>\n<p>L&#8217;enjeu est simple : l&#8217;entretien pr\u00e9alable est une garantie de d\u00e9fense. Si le salari\u00e9 ne peut pas s&#8217;y rendre, il doit le prouver, demander un report utile et transmettre des observations \u00e9crites. Si l&#8217;employeur maintient la convocation, la contestation se pr\u00e9pare d\u00e8s ce moment.<\/p>\n<h2>L&#8217;arr\u00eat maladie ne bloque pas automatiquement la convocation<\/h2>\n<p>L&#8217;employeur qui envisage un licenciement doit convoquer le salari\u00e9 \u00e0 un entretien pr\u00e9alable avant toute d\u00e9cision. L&#8217;article <a href=\"https:\/\/www.legifrance.gouv.fr\/codes\/article_lc\/LEGIARTI000006901000\">L. 1232-2 du Code du travail<\/a> impose un d\u00e9lai minimal de cinq jours ouvrables entre la pr\u00e9sentation de la convocation et la date de l&#8217;entretien.<\/p>\n<p>En mati\u00e8re disciplinaire, l&#8217;article <a href=\"https:\/\/www.legifrance.gouv.fr\/codes\/article_lc\/LEGIARTI000025560074\">L. 1332-2 du Code du travail<\/a> pr\u00e9voit aussi une convocation lorsque la sanction envisag\u00e9e a une incidence sur la pr\u00e9sence dans l&#8217;entreprise, la fonction, la carri\u00e8re ou la r\u00e9mun\u00e9ration du salari\u00e9. Pendant l&#8217;entretien, l&#8217;employeur doit indiquer le motif de la sanction envisag\u00e9e et recueillir les explications du salari\u00e9.<\/p>\n<p>Ces textes ne pr\u00e9voient pas que l&#8217;arr\u00eat maladie suspende la convocation. La Cour de cassation l&#8217;a rappel\u00e9 dans un arr\u00eat du 6 avril 2016, n\u00b0 14-28.815 : lorsque le salari\u00e9 a \u00e9t\u00e9 convoqu\u00e9 conform\u00e9ment \u00e0 l&#8217;article L. 1232-2 et que la convention collective n&#8217;oblige pas l&#8217;employeur \u00e0 accepter une nouvelle convocation, le refus de report ne suffit pas, \u00e0 lui seul, \u00e0 rendre le licenciement sans cause r\u00e9elle et s\u00e9rieuse.<\/p>\n<p>Cela ne signifie pas que l&#8217;employeur peut tout faire. Cela signifie seulement que l&#8217;arr\u00eat maladie n&#8217;est pas un bouclier automatique contre la proc\u00e9dure.<\/p>\n<h2>La question d\u00e9cisive : maladie simple, accident du travail ou <a href=\"https:\/\/kohenavocats.com\/avocats-droit-social-paris\/avocats-maladie-professionnelle-paris\/\" target=\"_blank\" title=\"maladie professionnelle\">maladie professionnelle<\/a><\/h2>\n<p>Il faut d&#8217;abord identifier la nature de l&#8217;arr\u00eat.<\/p>\n<p>En cas d&#8217;arr\u00eat maladie non professionnel, l&#8217;employeur ne peut pas sanctionner ou licencier le salari\u00e9 en raison de son \u00e9tat de sant\u00e9. L&#8217;article <a href=\"https:\/\/www.legifrance.gouv.fr\/codes\/article_lc\/LEGIARTI000042026716\">L. 1132-1 du Code du travail<\/a> interdit les mesures d\u00e9favorables fond\u00e9es sur l&#8217;\u00e9tat de sant\u00e9 ou le handicap. Un licenciement motiv\u00e9, directement ou indirectement, par la maladie peut \u00eatre nul.<\/p>\n<p>En revanche, l&#8217;employeur peut poursuivre une proc\u00e9dure pour un motif \u00e9tranger \u00e0 la maladie : faute ant\u00e9rieure, insuffisance professionnelle, d\u00e9sorganisation de l&#8217;entreprise sous conditions, impossibilit\u00e9 objective de maintenir le contrat dans certains cas, ou motif \u00e9conomique.<\/p>\n<p>En cas d&#8217;accident du travail ou de maladie professionnelle, la protection est plus forte. L&#8217;article <a href=\"https:\/\/www.legifrance.gouv.fr\/codes\/article_lc\/LEGIARTI000006900975\">L. 1226-9 du Code du travail<\/a> pr\u00e9voit que, pendant la suspension du contrat, l&#8217;employeur ne peut rompre le contrat que s&#8217;il justifie soit d&#8217;une faute grave, soit de son impossibilit\u00e9 de maintenir le contrat pour un motif \u00e9tranger \u00e0 l&#8217;accident ou \u00e0 la maladie.<\/p>\n<p>Cette distinction change toute la strat\u00e9gie. Une convocation pendant une grippe, une d\u00e9pression non reconnue comme professionnelle, un accident du travail ou une maladie professionnelle ne se traite pas de la m\u00eame mani\u00e8re.<\/p>\n<h2>Faut-il se rendre \u00e0 l&#8217;entretien ?<\/h2>\n<p>Le salari\u00e9 n&#8217;est pas oblig\u00e9 de se pr\u00e9senter \u00e0 l&#8217;entretien. L&#8217;entretien est une garantie offerte au salari\u00e9, pas une prestation de travail.<\/p>\n<p>Mais ne pas y aller sans rien \u00e9crire est rarement une bonne strat\u00e9gie. L&#8217;employeur pourra poursuivre la proc\u00e9dure, tenir l&#8217;entretien en l&#8217;absence du salari\u00e9, puis notifier la sanction ou le licenciement. Le salari\u00e9 aura perdu une occasion de demander les griefs, de r\u00e9pondre, de signaler une difficult\u00e9 m\u00e9dicale et de constituer une trace.<\/p>\n<p>Trois options existent.<\/p>\n<p>Premi\u00e8re option : se pr\u00e9senter, si l&#8217;\u00e9tat de sant\u00e9 le permet. Dans ce cas, il faut venir avec un assistant lorsque c&#8217;est possible, demander \u00e0 l&#8217;employeur d&#8217;\u00e9noncer les griefs, rester factuel, ne signer aucune reconnaissance de faute et garder une trace de ce qui a \u00e9t\u00e9 dit.<\/p>\n<p>Deuxi\u00e8me option : demander un report. La demande doit \u00eatre \u00e9crite, dat\u00e9e et justifi\u00e9e. Elle doit expliquer concr\u00e8tement pourquoi le salari\u00e9 ne peut pas assister \u00e0 l&#8217;entretien \u00e0 la date pr\u00e9vue : hospitalisation, interdiction m\u00e9dicale de d\u00e9placement, horaire incompatible avec les sorties autoris\u00e9es, \u00e9tat psychique emp\u00eachant un entretien contradictoire, convocation re\u00e7ue trop tard pour organiser une assistance.<\/p>\n<p>Troisi\u00e8me option : ne pas se pr\u00e9senter mais transmettre des observations \u00e9crites. C&#8217;est souvent la voie minimale lorsque l&#8217;employeur refuse le report ou lorsque le salari\u00e9 ne peut pas se d\u00e9placer. Le courrier doit rappeler que l&#8217;absence \u00e0 l&#8217;entretien ne vaut ni reconnaissance des faits ni renonciation \u00e0 contester la sanction.<\/p>\n<h2>Comment demander un report utile<\/h2>\n<p>Une demande de report efficace ne se limite pas \u00e0 \u00e9crire : &#8220;je suis en arr\u00eat maladie&#8221;.<\/p>\n<p>Elle doit contenir quatre \u00e9l\u00e9ments.<\/p>\n<p>D&#8217;abord, la date de r\u00e9ception de la convocation et la date pr\u00e9vue de l&#8217;entretien. Ces dates permettent de v\u00e9rifier le d\u00e9lai de cinq jours ouvrables en cas de licenciement, ou la chronologie disciplinaire en cas de sanction.<\/p>\n<p>Ensuite, la raison pr\u00e9cise de l&#8217;impossibilit\u00e9. Le salari\u00e9 n&#8217;a pas \u00e0 livrer tout son dossier m\u00e9dical. Il peut produire un certificat m\u00e9dical indiquant que son \u00e9tat ne permet pas d&#8217;assister \u00e0 un entretien \u00e0 la date pr\u00e9vue, sans entrer dans le d\u00e9tail du diagnostic.<\/p>\n<p>Puis une proposition de nouvelle date ou une demande d&#8217;entretien \u00e0 distance si cela est compatible avec la situation et si l&#8217;employeur l&#8217;accepte. L&#8217;employeur n&#8217;est pas tenu d&#8217;organiser une visioconf\u00e9rence, mais la proposition prouve que le salari\u00e9 ne cherche pas \u00e0 fuir le d\u00e9bat.<\/p>\n<p>Enfin, une demande de communication des \u00e9l\u00e9ments utiles : nature exacte de la mesure envisag\u00e9e, griefs principaux, possibilit\u00e9 d&#8217;assistance, coordonn\u00e9es du conseiller du salari\u00e9 si l&#8217;entreprise n&#8217;a pas de repr\u00e9sentants du personnel.<\/p>\n<p>Si l&#8217;employeur refuse, ce refus n&#8217;est pas automatiquement ill\u00e9gal. Mais il deviendra une pi\u00e8ce utile si le salari\u00e9 d\u00e9montre qu&#8217;il \u00e9tait r\u00e9ellement emp\u00each\u00e9 et que l&#8217;employeur a organis\u00e9 un entretien purement formel.<\/p>\n<h2>Assistance : coll\u00e8gue, repr\u00e9sentant ou conseiller du salari\u00e9<\/h2>\n<p>L&#8217;assistance d\u00e9pend du type de proc\u00e9dure.<\/p>\n<p>Pour un entretien pr\u00e9alable au licenciement, l&#8217;article <a href=\"https:\/\/www.legifrance.gouv.fr\/codes\/article_lc\/LEGIARTI000006901002\">L. 1232-4 du Code du travail<\/a> permet au salari\u00e9 de se faire assister par une personne de son choix appartenant au personnel de l&#8217;entreprise. S&#8217;il n&#8217;existe pas d&#8217;institutions repr\u00e9sentatives du personnel dans l&#8217;entreprise, il peut aussi recourir \u00e0 un conseiller du salari\u00e9 inscrit sur une liste administrative. La convocation doit mentionner cette possibilit\u00e9 et indiquer o\u00f9 consulter la liste.<\/p>\n<p>Pour une sanction disciplinaire ne constituant pas un licenciement, l&#8217;article L. 1332-2 pr\u00e9voit l&#8217;assistance par une personne de son choix appartenant au personnel de l&#8217;entreprise. Le conseiller du salari\u00e9 ext\u00e9rieur n&#8217;est pas pr\u00e9vu pour toutes les sanctions disciplinaires.<\/p>\n<p>En pratique, il faut \u00e9viter de venir seul lorsque la relation est d\u00e9j\u00e0 d\u00e9grad\u00e9e. Un assistant peut prendre des notes, reformuler les griefs et attester du d\u00e9roulement de l&#8217;entretien. Il ne remplace pas le salari\u00e9, mais il r\u00e9duit le risque d&#8217;un entretien \u00e0 sens unique.<\/p>\n<p>Si le salari\u00e9 est trop malade pour se pr\u00e9senter, il peut demander \u00e0 l&#8217;employeur d&#8217;accepter des observations \u00e9crites ou un report permettant la pr\u00e9sence d&#8217;un assistant. L\u00e0 encore, il faut \u00e9crire.<\/p>\n<h2>Ce que l&#8217;employeur peut faire apr\u00e8s l&#8217;entretien<\/h2>\n<p>Apr\u00e8s un entretien disciplinaire, la sanction ne peut pas \u00eatre notifi\u00e9e moins de deux jours ouvrables apr\u00e8s l&#8217;entretien. Elle ne peut pas non plus intervenir plus d&#8217;un mois apr\u00e8s le jour fix\u00e9 pour l&#8217;entretien. La sanction doit \u00eatre motiv\u00e9e et notifi\u00e9e par \u00e9crit.<\/p>\n<p>Ces d\u00e9lais comptent m\u00eame si le salari\u00e9 ne se pr\u00e9sente pas.<\/p>\n<p>Si l&#8217;employeur prononce un <a href=\"https:\/\/kohenavocats.com\/avocats-droit-social-paris\/avocats-licenciement-faute-paris\/\" target=\"_blank\" title=\"licenciement disciplinaire\">licenciement disciplinaire<\/a>, la lettre de licenciement fixe les limites du litige. Il faut donc comparer la convocation, les faits \u00e9voqu\u00e9s pendant l&#8217;entretien, les observations \u00e9crites du salari\u00e9, puis la lettre de licenciement.<\/p>\n<p>Plusieurs irr\u00e9gularit\u00e9s peuvent \u00eatre exploit\u00e9es :<\/p>\n<ul>\n<li>convocation remise sans respect du d\u00e9lai minimal ;<\/li>\n<li>absence de mention utile sur l&#8217;assistance ;<\/li>\n<li>sanction notifi\u00e9e hors d\u00e9lai ;<\/li>\n<li>griefs impr\u00e9cis ou changeants ;<\/li>\n<li>motif li\u00e9 \u00e0 l&#8217;\u00e9tat de sant\u00e9 ;<\/li>\n<li>confusion entre absence justifi\u00e9e par arr\u00eat maladie et absence injustifi\u00e9e ;<\/li>\n<li>refus de report alors que le salari\u00e9 justifiait d&#8217;une impossibilit\u00e9 s\u00e9rieuse d&#8217;\u00eatre entendu.<\/li>\n<\/ul>\n<p>Le salari\u00e9 doit aussi v\u00e9rifier si la convention collective contient une garantie suppl\u00e9mentaire : entretien devant une commission, proc\u00e9dure interne, possibilit\u00e9 de report, d\u00e9lai plus favorable, exigence d&#8217;une information pr\u00e9cise. Certaines garanties conventionnelles peuvent peser lourd dans le contentieux.<\/p>\n<h2>Cas particulier : arr\u00eat maladie pour accident du travail<\/h2>\n<p>L&#8217;accident du travail impose une vigilance particuli\u00e8re.<\/p>\n<p>Pendant la suspension du contrat, l&#8217;employeur peut convoquer le salari\u00e9. Mais rompre le contrat est beaucoup plus encadr\u00e9. Il doit \u00e9tablir une faute grave ou une impossibilit\u00e9 de maintenir le contrat pour un motif \u00e9tranger \u00e0 l&#8217;accident.<\/p>\n<p>Si la lettre de licenciement reproche en r\u00e9alit\u00e9 l&#8217;absence li\u00e9e \u00e0 l&#8217;accident, la rupture est contestable. Si l&#8217;employeur vise des faits ant\u00e9rieurs \u00e0 l&#8217;accident, il devra d\u00e9montrer leur r\u00e9alit\u00e9, leur gravit\u00e9 et le respect de la proc\u00e9dure.<\/p>\n<p>Le salari\u00e9 doit donc conserver :<\/p>\n<ul>\n<li>la d\u00e9claration d&#8217;accident du travail ;<\/li>\n<li>les certificats m\u00e9dicaux ;<\/li>\n<li>les \u00e9changes avec la CPAM ;<\/li>\n<li>la convocation ;<\/li>\n<li>la demande de report ;<\/li>\n<li>la r\u00e9ponse de l&#8217;employeur ;<\/li>\n<li>les \u00e9l\u00e9ments montrant que le reproche est li\u00e9 \u00e0 l&#8217;arr\u00eat ou \u00e0 l&#8217;accident.<\/li>\n<\/ul>\n<p>Un salari\u00e9 dans cette situation peut aussi relire notre article sur les cas o\u00f9 un <a href=\"https:\/\/kohenavocats.com\/accident-du-travail-licenciement-cas-possible-rupture-nulle-recours\/\">accident du travail peut ou non justifier un licenciement<\/a>.<\/p>\n<h2>Que faire dans les 48 heures apr\u00e8s la convocation<\/h2>\n<p>Il faut agir rapidement.<\/p>\n<p>Le premier r\u00e9flexe est de scanner la convocation. Il faut v\u00e9rifier la date de pr\u00e9sentation du recommand\u00e9, la date de l&#8217;entretien, l&#8217;objet de la convocation, la sanction envisag\u00e9e, les mentions d&#8217;assistance, le lieu, l&#8217;horaire et la signature.<\/p>\n<p>Le deuxi\u00e8me r\u00e9flexe est de qualifier l&#8217;arr\u00eat : maladie simple, accident du travail, maladie professionnelle, rechute, arr\u00eat li\u00e9 \u00e0 une situation de harc\u00e8lement ou de discrimination. Si l&#8217;arr\u00eat est li\u00e9 \u00e0 un signalement ou \u00e0 un conflit au travail, il faut le documenter.<\/p>\n<p>Le troisi\u00e8me r\u00e9flexe est de d\u00e9cider entre pr\u00e9sence, report ou observations \u00e9crites. Cette d\u00e9cision doit \u00eatre coh\u00e9rente avec le certificat m\u00e9dical. Si le m\u00e9decin estime que le salari\u00e9 ne peut pas se d\u00e9placer ou soutenir un entretien contradictoire, il faut demander un certificat adapt\u00e9.<\/p>\n<p>Le quatri\u00e8me r\u00e9flexe est de pr\u00e9parer un courrier court. Il doit contester toute interpr\u00e9tation de l&#8217;arr\u00eat maladie comme une absence fautive, demander le report si n\u00e9cessaire, annoncer que le salari\u00e9 reste disponible pour r\u00e9pondre par \u00e9crit, et r\u00e9server express\u00e9ment ses droits.<\/p>\n<p>Le cinqui\u00e8me r\u00e9flexe est de pr\u00e9parer la suite. Si le licenciement tombe, le d\u00e9lai prud&#8217;homal court. La contestation devra alors porter sur le motif, la proc\u00e9dure, le lien \u00e9ventuel avec l&#8217;\u00e9tat de sant\u00e9 et les cons\u00e9quences indemnitaires.<\/p>\n<p>Pour pr\u00e9parer l&#8217;entretien lui-m\u00eame, l&#8217;article sur <a href=\"https:\/\/kohenavocats.com\/entretien-prealable-licenciement-que-dire-ne-pas-dire-pieces-preparation\/\">ce qu&#8217;il faut dire et ne pas dire pendant un entretien pr\u00e9alable<\/a> compl\u00e8te utilement cette analyse. Pour les hypoth\u00e8ses o\u00f9 la date change \u00e0 l&#8217;initiative de l&#8217;employeur, voir aussi notre point sur le <a href=\"https:\/\/kohenavocats.com\/report-entretien-prealable-employeur-nouvelle-convocation-delai-recours\/\">report de l&#8217;entretien pr\u00e9alable par l&#8217;employeur<\/a>.<\/p>\n<p>Lorsque la convocation s&#8217;inscrit dans une rupture d\u00e9j\u00e0 probable, l&#8217;accompagnement par un avocat en <a href=\"https:\/\/kohenavocats.com\/avocats-droit-social-paris\/\">droit du travail<\/a> permet de choisir rapidement entre r\u00e9ponse \u00e9crite, pr\u00e9sence assist\u00e9e, demande de report et pr\u00e9paration d&#8217;une contestation prud&#8217;homale.<\/p>\n<h2>Quel recours devant les prud&#8217;hommes ?<\/h2>\n<p>Si la sanction est notifi\u00e9e, le salari\u00e9 peut saisir le conseil de prud&#8217;hommes pour demander son annulation, un <a href=\"https:\/\/kohenavocats.com\/avocats-droit-social-paris\/avocats-heures-supplementaires-paris\/\" target=\"_blank\" title=\"rappel de salaire\">rappel de salaire<\/a>, des dommages-int\u00e9r\u00eats ou la remise en \u00e9tat de sa situation.<\/p>\n<p>Si un licenciement est notifi\u00e9, la contestation peut viser l&#8217;irr\u00e9gularit\u00e9 de proc\u00e9dure, l&#8217;absence de cause r\u00e9elle et s\u00e9rieuse, la nullit\u00e9 en cas de discrimination li\u00e9e \u00e0 l&#8217;\u00e9tat de sant\u00e9, ou la violation de la protection accident du travail \/ maladie professionnelle.<\/p>\n<p>La preuve se construit avec des documents simples : convocation, enveloppe du recommand\u00e9, arr\u00eat de travail, certificat m\u00e9dical de contre-indication \u00e0 l&#8217;entretien, demande de report, r\u00e9ponse de l&#8217;employeur, notes de l&#8217;assistant, lettre de sanction ou de licenciement, bulletin de paie, \u00e9changes internes.<\/p>\n<p>\u00c0 Paris et en \u00cele-de-France, la comp\u00e9tence prud&#8217;homale d\u00e9pend en principe du lieu de l&#8217;\u00e9tablissement o\u00f9 le travail est accompli, du domicile du salari\u00e9 lorsque le travail est r\u00e9alis\u00e9 hors \u00e9tablissement ou \u00e0 domicile, ou du lieu o\u00f9 l&#8217;engagement a \u00e9t\u00e9 contract\u00e9. Une d\u00e9clinaison locale existe d\u00e9j\u00e0 sur l&#8217;<a href=\"https:\/\/kohenavocats.fr\/2026\/04\/23\/entretien-prealable-arret-maladie-paris-ile-de-france-prudhommes-delais-pieces\/\">entretien pr\u00e9alable pendant arr\u00eat maladie \u00e0 Paris et en \u00cele-de-France<\/a>.<\/p>\n<p>Le point central reste le m\u00eame : ne pas laisser l&#8217;employeur transformer l&#8217;absence \u00e0 l&#8217;entretien en silence. Le salari\u00e9 doit r\u00e9pondre par \u00e9crit, garder la preuve de son \u00e9tat, et contester vite si la sanction ou le licenciement tombe.<\/p>\n<h2>Besoin d&#8217;un avis rapide sur votre dossier.<\/h2>\n<p>Vous avez re\u00e7u une convocation pendant un arr\u00eat maladie, un accident du travail ou une p\u00e9riode de fragilit\u00e9 m\u00e9dicale.<\/p>\n<p>Le cabinet peut examiner la convocation, la demande de report, les pi\u00e8ces m\u00e9dicales communicables et la strat\u00e9gie de r\u00e9ponse en consultation t\u00e9l\u00e9phonique sous 48 heures avec un avocat.<\/p>\n<p>Appelez le <a href=\"tel:+33689113445\">06 89 11 34 45<\/a> ou utilisez le <a href=\"https:\/\/kohenavocats.com\/contactez-nous\/\">formulaire de contact du cabinet<\/a>.<\/p>\n","protected":false},"excerpt":{"rendered":"<p>Vous avez re\u00e7u une convocation \u00e0 sanction ou licenciement pendant un arr\u00eat maladie ? Voici quand demander un report, comment r\u00e9pondre et quels recours pr\u00e9parer.<\/p>\n","protected":false},"author":232070755,"featured_media":9572,"comment_status":"open","ping_status":"open","sticky":false,"template":"","format":"standard","meta":{"_crdt_document":"","_jetpack_newsletter_access":"","_jetpack_dont_email_post_to_subs":false,"_jetpack_newsletter_tier_id":0,"_jetpack_memberships_contains_paywalled_content":false,"_kj_source_type":"","_kj_official_id":"","_kj_official_url":"","_kj_judilibre_id":"","_kj_jur":"","_kj_lieu":"","_kj_chambre":"","_kj_rg":"","_kj_date":"","_jetpack_memberships_contains_paid_content":false,"footnotes":"","jetpack_post_was_ever_published":false},"categories":[6995,7123,6580,6718,6992],"tags":[],"class_list":["post-679728","post","type-post","status-publish","format-standard","has-post-thumbnail","hentry","category-decryptage","category-droit-du-travail","category-droit-social","category-social","category-travail"],"yoast_head":"<!-- This site is optimized with the Yoast SEO Premium plugin v27.5 (Yoast SEO v27.5) - https:\/\/yoast.com\/product\/yoast-seo-premium-wordpress\/ -->\n<title>Convocation \u00e0 sanction disciplinaire pendant arr\u00eat maladie : faut-il y aller, demander un report ou contester ? - Ma\u00eetre Hassan Kohen, avocat en droit p\u00e9nal \u00e0 Paris<\/title>\n<meta name=\"robots\" content=\"index, follow, max-snippet:-1, max-image-preview:large, max-video-preview:-1\" \/>\n<link rel=\"canonical\" href=\"https:\/\/kohenavocats.com\/en\/convocation-sanction-disciplinaire-arret-maladie-droits-report-recours\/\" \/>\n<meta property=\"og:locale\" content=\"en_US\" \/>\n<meta property=\"og:type\" content=\"article\" \/>\n<meta property=\"og:title\" content=\"Convocation \u00e0 sanction disciplinaire pendant arr\u00eat maladie : faut-il y aller, demander un report ou contester ?\" \/>\n<meta property=\"og:description\" content=\"Vous avez re\u00e7u une convocation \u00e0 sanction ou licenciement pendant un arr\u00eat maladie ? Voici quand demander un report, comment r\u00e9pondre et quels recours pr\u00e9parer.\" \/>\n<meta property=\"og:url\" content=\"https:\/\/kohenavocats.com\/en\/convocation-sanction-disciplinaire-arret-maladie-droits-report-recours\/\" \/>\n<meta property=\"og:site_name\" content=\"Ma\u00eetre Hassan Kohen, avocat en droit p\u00e9nal \u00e0 Paris\" \/>\n<meta property=\"article:published_time\" content=\"2026-04-25T08:24:46+00:00\" \/>\n<meta property=\"article:modified_time\" content=\"2026-04-26T15:26:48+00:00\" \/>\n<meta property=\"og:image\" content=\"https:\/\/kohenavocats.com\/wp-content\/uploads\/2024\/11\/ave-calvar-clKiaVaiROM-unsplash.webp\" \/>\n\t<meta property=\"og:image:width\" content=\"3927\" \/>\n\t<meta property=\"og:image:height\" content=\"6291\" \/>\n\t<meta property=\"og:image:type\" content=\"image\/webp\" \/>\n<meta name=\"author\" content=\"Kohen\" \/>\n<meta name=\"twitter:card\" content=\"summary_large_image\" \/>\n<meta name=\"twitter:label1\" content=\"Written by\" \/>\n\t<meta name=\"twitter:data1\" content=\"Kohen\" \/>\n\t<meta name=\"twitter:label2\" content=\"Est. reading time\" \/>\n\t<meta name=\"twitter:data2\" content=\"11 minutes\" \/>\n<script type=\"application\/ld+json\" class=\"yoast-schema-graph\">{\"@context\":\"https:\\\/\\\/schema.org\",\"@graph\":[{\"@type\":\"Article\",\"@id\":\"https:\\\/\\\/kohenavocats.com\\\/en\\\/convocation-sanction-disciplinaire-arret-maladie-droits-report-recours\\\/#article\",\"isPartOf\":{\"@id\":\"https:\\\/\\\/kohenavocats.com\\\/en\\\/convocation-sanction-disciplinaire-arret-maladie-droits-report-recours\\\/\"},\"author\":{\"name\":\"Kohen\",\"@id\":\"https:\\\/\\\/kohenavocats.com\\\/en\\\/#\\\/schema\\\/person\\\/761c9ba54fa1ca84d405cef0831ff751\"},\"headline\":\"Convocation \u00e0 sanction disciplinaire pendant arr\u00eat maladie : faut-il y aller, demander un report ou contester ?\",\"datePublished\":\"2026-04-25T08:24:46+00:00\",\"dateModified\":\"2026-04-26T15:26:48+00:00\",\"mainEntityOfPage\":{\"@id\":\"https:\\\/\\\/kohenavocats.com\\\/en\\\/convocation-sanction-disciplinaire-arret-maladie-droits-report-recours\\\/\"},\"wordCount\":2436,\"commentCount\":0,\"publisher\":{\"@id\":\"https:\\\/\\\/kohenavocats.com\\\/en\\\/#organization\"},\"image\":{\"@id\":\"https:\\\/\\\/kohenavocats.com\\\/en\\\/convocation-sanction-disciplinaire-arret-maladie-droits-report-recours\\\/#primaryimage\"},\"thumbnailUrl\":\"https:\\\/\\\/kohenavocats.com\\\/wp-content\\\/uploads\\\/2024\\\/11\\\/ave-calvar-clKiaVaiROM-unsplash.webp\",\"articleSection\":[\"D\u00e9cryptage\",\"Droit du travail\",\"Droit Social\",\"Social\",\"Travail\"],\"inLanguage\":\"en-US\",\"potentialAction\":[{\"@type\":\"CommentAction\",\"name\":\"Comment\",\"target\":[\"https:\\\/\\\/kohenavocats.com\\\/en\\\/convocation-sanction-disciplinaire-arret-maladie-droits-report-recours\\\/#respond\"]}],\"citation\":\"Convocation \u00e0 sanction disciplinaire pendant arr\u00eat maladie : faut-il y aller, demander un report ou contester ?\",\"about\":[{\"@type\":\"Thing\",\"name\":\"D\u00e9cryptage\"},{\"@type\":\"Thing\",\"name\":\"Droit du travail\"},{\"@type\":\"Thing\",\"name\":\"Droit Social\"},{\"@type\":\"Thing\",\"name\":\"Social\"},{\"@type\":\"Thing\",\"name\":\"Travail\"}],\"speakable\":{\"@type\":\"SpeakableSpecification\",\"cssSelector\":[\".article-content > p:first-of-type\"]}},{\"@type\":\"WebPage\",\"@id\":\"https:\\\/\\\/kohenavocats.com\\\/en\\\/convocation-sanction-disciplinaire-arret-maladie-droits-report-recours\\\/\",\"url\":\"https:\\\/\\\/kohenavocats.com\\\/en\\\/convocation-sanction-disciplinaire-arret-maladie-droits-report-recours\\\/\",\"name\":\"Convocation \u00e0 sanction disciplinaire pendant arr\u00eat maladie : faut-il y aller, demander un report ou contester ? - Ma\u00eetre Hassan Kohen, avocat en droit p\u00e9nal \u00e0 Paris\",\"isPartOf\":{\"@id\":\"https:\\\/\\\/kohenavocats.com\\\/en\\\/#website\"},\"primaryImageOfPage\":{\"@id\":\"https:\\\/\\\/kohenavocats.com\\\/en\\\/convocation-sanction-disciplinaire-arret-maladie-droits-report-recours\\\/#primaryimage\"},\"image\":{\"@id\":\"https:\\\/\\\/kohenavocats.com\\\/en\\\/convocation-sanction-disciplinaire-arret-maladie-droits-report-recours\\\/#primaryimage\"},\"thumbnailUrl\":\"https:\\\/\\\/kohenavocats.com\\\/wp-content\\\/uploads\\\/2024\\\/11\\\/ave-calvar-clKiaVaiROM-unsplash.webp\",\"datePublished\":\"2026-04-25T08:24:46+00:00\",\"dateModified\":\"2026-04-26T15:26:48+00:00\",\"breadcrumb\":{\"@id\":\"https:\\\/\\\/kohenavocats.com\\\/en\\\/convocation-sanction-disciplinaire-arret-maladie-droits-report-recours\\\/#breadcrumb\"},\"inLanguage\":\"en-US\",\"potentialAction\":[{\"@type\":\"ReadAction\",\"target\":[\"https:\\\/\\\/kohenavocats.com\\\/en\\\/convocation-sanction-disciplinaire-arret-maladie-droits-report-recours\\\/\"]}]},{\"@type\":\"ImageObject\",\"inLanguage\":\"en-US\",\"@id\":\"https:\\\/\\\/kohenavocats.com\\\/en\\\/convocation-sanction-disciplinaire-arret-maladie-droits-report-recours\\\/#primaryimage\",\"url\":\"https:\\\/\\\/kohenavocats.com\\\/wp-content\\\/uploads\\\/2024\\\/11\\\/ave-calvar-clKiaVaiROM-unsplash.webp\",\"contentUrl\":\"https:\\\/\\\/kohenavocats.com\\\/wp-content\\\/uploads\\\/2024\\\/11\\\/ave-calvar-clKiaVaiROM-unsplash.webp\",\"width\":3927,\"height\":6291},{\"@type\":\"BreadcrumbList\",\"@id\":\"https:\\\/\\\/kohenavocats.com\\\/en\\\/convocation-sanction-disciplinaire-arret-maladie-droits-report-recours\\\/#breadcrumb\",\"itemListElement\":[{\"@type\":\"ListItem\",\"position\":1,\"name\":\"Home\",\"item\":\"https:\\\/\\\/kohenavocats.com\\\/en\\\/criminal-law-attorneys-in-paris-counsel-and-strategic-defense\\\/\"},{\"@type\":\"ListItem\",\"position\":2,\"name\":\"Convocation \u00e0 sanction disciplinaire pendant arr\u00eat maladie : faut-il y aller, demander un report ou contester ?\"}]},{\"@type\":\"WebSite\",\"@id\":\"https:\\\/\\\/kohenavocats.com\\\/en\\\/#website\",\"url\":\"https:\\\/\\\/kohenavocats.com\\\/en\\\/\",\"name\":\"Kohen Avocats\",\"description\":\"Ma\u00eetre Hassan Kohen, avocat p\u00e9naliste \u00e0 Paris, intervient exclusivement en droit p\u00e9nal pour la d\u00e9fense des particuliers, notamment en mati\u00e8re d\u2019accusations de viol. Il assure un accompagnement rigoureux d\u00e8s la garde \u00e0 vue jusqu\u2019\u00e0 la Cour d\u2019assises, veillant au strict respect des garanties proc\u00e9durales.\",\"publisher\":{\"@id\":\"https:\\\/\\\/kohenavocats.com\\\/en\\\/#organization\"},\"potentialAction\":[{\"@type\":\"SearchAction\",\"target\":{\"@type\":\"EntryPoint\",\"urlTemplate\":\"https:\\\/\\\/kohenavocats.com\\\/en\\\/?s={search_term_string}\"},\"query-input\":{\"@type\":\"PropertyValueSpecification\",\"valueRequired\":true,\"valueName\":\"search_term_string\"}}],\"inLanguage\":\"en-US\"},{\"@type\":\"Organization\",\"@id\":\"https:\\\/\\\/kohenavocats.com\\\/en\\\/#organization\",\"name\":\"Kohen Avocats\",\"url\":\"https:\\\/\\\/kohenavocats.com\\\/en\\\/\",\"logo\":{\"@type\":\"ImageObject\",\"inLanguage\":\"en-US\",\"@id\":\"https:\\\/\\\/kohenavocats.com\\\/en\\\/#\\\/schema\\\/logo\\\/image\\\/\",\"url\":\"https:\\\/\\\/kohenavocats.com\\\/wp-content\\\/uploads\\\/2026\\\/01\\\/Logo-2-1.webp\",\"contentUrl\":\"https:\\\/\\\/kohenavocats.com\\\/wp-content\\\/uploads\\\/2026\\\/01\\\/Logo-2-1.webp\",\"width\":2114,\"height\":1253,\"caption\":\"Kohen Avocats\"},\"image\":{\"@id\":\"https:\\\/\\\/kohenavocats.com\\\/en\\\/#\\\/schema\\\/logo\\\/image\\\/\"}},{\"@type\":\"Person\",\"@id\":\"https:\\\/\\\/kohenavocats.com\\\/en\\\/#\\\/schema\\\/person\\\/761c9ba54fa1ca84d405cef0831ff751\",\"name\":\"Kohen\",\"image\":{\"@type\":\"ImageObject\",\"inLanguage\":\"en-US\",\"@id\":\"https:\\\/\\\/secure.gravatar.com\\\/avatar\\\/1c5e76ef76bbbfdd2b4da984e2bf2fa4056fd51a27d25ce2c332047f1dfd6e00?s=96&d=identicon&r=g\",\"url\":\"https:\\\/\\\/secure.gravatar.com\\\/avatar\\\/1c5e76ef76bbbfdd2b4da984e2bf2fa4056fd51a27d25ce2c332047f1dfd6e00?s=96&d=identicon&r=g\",\"contentUrl\":\"https:\\\/\\\/secure.gravatar.com\\\/avatar\\\/1c5e76ef76bbbfdd2b4da984e2bf2fa4056fd51a27d25ce2c332047f1dfd6e00?s=96&d=identicon&r=g\",\"caption\":\"Kohen\"},\"sameAs\":[\"https:\\\/\\\/www.linkedin.com\\\/in\\\/hassan-kohen-448548192\\\/\",\"https:\\\/\\\/www.youtube.com\\\/@Kohen-Avocats\"],\"url\":\"https:\\\/\\\/kohenavocats.com\\\/en\\\/author\\\/kohenmlk\\\/\"}]}<\/script>\n<!-- \/ Yoast SEO Premium plugin. -->","yoast_head_json":{"title":"Convocation \u00e0 sanction disciplinaire pendant arr\u00eat maladie : faut-il y aller, demander un report ou contester ? - Ma\u00eetre Hassan Kohen, avocat en droit p\u00e9nal \u00e0 Paris","robots":{"index":"index","follow":"follow","max-snippet":"max-snippet:-1","max-image-preview":"max-image-preview:large","max-video-preview":"max-video-preview:-1"},"canonical":"https:\/\/kohenavocats.com\/en\/convocation-sanction-disciplinaire-arret-maladie-droits-report-recours\/","og_locale":"en_US","og_type":"article","og_title":"Convocation \u00e0 sanction disciplinaire pendant arr\u00eat maladie : faut-il y aller, demander un report ou contester ?","og_description":"Vous avez re\u00e7u une convocation \u00e0 sanction ou licenciement pendant un arr\u00eat maladie ? Voici quand demander un report, comment r\u00e9pondre et quels recours pr\u00e9parer.","og_url":"https:\/\/kohenavocats.com\/en\/convocation-sanction-disciplinaire-arret-maladie-droits-report-recours\/","og_site_name":"Ma\u00eetre Hassan Kohen, avocat en droit p\u00e9nal \u00e0 Paris","article_published_time":"2026-04-25T08:24:46+00:00","article_modified_time":"2026-04-26T15:26:48+00:00","og_image":[{"width":3927,"height":6291,"url":"https:\/\/kohenavocats.com\/wp-content\/uploads\/2024\/11\/ave-calvar-clKiaVaiROM-unsplash.webp","type":"image\/webp"}],"author":"Kohen","twitter_card":"summary_large_image","twitter_misc":{"Written by":"Kohen","Est. reading time":"11 minutes"},"schema":{"@context":"https:\/\/schema.org","@graph":[{"@type":"Article","@id":"https:\/\/kohenavocats.com\/en\/convocation-sanction-disciplinaire-arret-maladie-droits-report-recours\/#article","isPartOf":{"@id":"https:\/\/kohenavocats.com\/en\/convocation-sanction-disciplinaire-arret-maladie-droits-report-recours\/"},"author":{"name":"Kohen","@id":"https:\/\/kohenavocats.com\/en\/#\/schema\/person\/761c9ba54fa1ca84d405cef0831ff751"},"headline":"Convocation \u00e0 sanction disciplinaire pendant arr\u00eat maladie : faut-il y aller, demander un report ou contester ?","datePublished":"2026-04-25T08:24:46+00:00","dateModified":"2026-04-26T15:26:48+00:00","mainEntityOfPage":{"@id":"https:\/\/kohenavocats.com\/en\/convocation-sanction-disciplinaire-arret-maladie-droits-report-recours\/"},"wordCount":2436,"commentCount":0,"publisher":{"@id":"https:\/\/kohenavocats.com\/en\/#organization"},"image":{"@id":"https:\/\/kohenavocats.com\/en\/convocation-sanction-disciplinaire-arret-maladie-droits-report-recours\/#primaryimage"},"thumbnailUrl":"https:\/\/kohenavocats.com\/wp-content\/uploads\/2024\/11\/ave-calvar-clKiaVaiROM-unsplash.webp","articleSection":["D\u00e9cryptage","Droit du travail","Droit Social","Social","Travail"],"inLanguage":"en-US","potentialAction":[{"@type":"CommentAction","name":"Comment","target":["https:\/\/kohenavocats.com\/en\/convocation-sanction-disciplinaire-arret-maladie-droits-report-recours\/#respond"]}],"citation":"Convocation \u00e0 sanction disciplinaire pendant arr\u00eat maladie : faut-il y aller, demander un report ou contester ?","about":[{"@type":"Thing","name":"D\u00e9cryptage"},{"@type":"Thing","name":"Droit du travail"},{"@type":"Thing","name":"Droit Social"},{"@type":"Thing","name":"Social"},{"@type":"Thing","name":"Travail"}],"speakable":{"@type":"SpeakableSpecification","cssSelector":[".article-content > p:first-of-type"]}},{"@type":"WebPage","@id":"https:\/\/kohenavocats.com\/en\/convocation-sanction-disciplinaire-arret-maladie-droits-report-recours\/","url":"https:\/\/kohenavocats.com\/en\/convocation-sanction-disciplinaire-arret-maladie-droits-report-recours\/","name":"Convocation \u00e0 sanction disciplinaire pendant arr\u00eat maladie : faut-il y aller, demander un report ou contester ? - Ma\u00eetre Hassan Kohen, avocat en droit p\u00e9nal \u00e0 Paris","isPartOf":{"@id":"https:\/\/kohenavocats.com\/en\/#website"},"primaryImageOfPage":{"@id":"https:\/\/kohenavocats.com\/en\/convocation-sanction-disciplinaire-arret-maladie-droits-report-recours\/#primaryimage"},"image":{"@id":"https:\/\/kohenavocats.com\/en\/convocation-sanction-disciplinaire-arret-maladie-droits-report-recours\/#primaryimage"},"thumbnailUrl":"https:\/\/kohenavocats.com\/wp-content\/uploads\/2024\/11\/ave-calvar-clKiaVaiROM-unsplash.webp","datePublished":"2026-04-25T08:24:46+00:00","dateModified":"2026-04-26T15:26:48+00:00","breadcrumb":{"@id":"https:\/\/kohenavocats.com\/en\/convocation-sanction-disciplinaire-arret-maladie-droits-report-recours\/#breadcrumb"},"inLanguage":"en-US","potentialAction":[{"@type":"ReadAction","target":["https:\/\/kohenavocats.com\/en\/convocation-sanction-disciplinaire-arret-maladie-droits-report-recours\/"]}]},{"@type":"ImageObject","inLanguage":"en-US","@id":"https:\/\/kohenavocats.com\/en\/convocation-sanction-disciplinaire-arret-maladie-droits-report-recours\/#primaryimage","url":"https:\/\/kohenavocats.com\/wp-content\/uploads\/2024\/11\/ave-calvar-clKiaVaiROM-unsplash.webp","contentUrl":"https:\/\/kohenavocats.com\/wp-content\/uploads\/2024\/11\/ave-calvar-clKiaVaiROM-unsplash.webp","width":3927,"height":6291},{"@type":"BreadcrumbList","@id":"https:\/\/kohenavocats.com\/en\/convocation-sanction-disciplinaire-arret-maladie-droits-report-recours\/#breadcrumb","itemListElement":[{"@type":"ListItem","position":1,"name":"Home","item":"https:\/\/kohenavocats.com\/en\/criminal-law-attorneys-in-paris-counsel-and-strategic-defense\/"},{"@type":"ListItem","position":2,"name":"Convocation \u00e0 sanction disciplinaire pendant arr\u00eat maladie : faut-il y aller, demander un report ou contester ?"}]},{"@type":"WebSite","@id":"https:\/\/kohenavocats.com\/en\/#website","url":"https:\/\/kohenavocats.com\/en\/","name":"Kohen Avocats","description":"Ma\u00eetre Hassan Kohen, avocat p\u00e9naliste \u00e0 Paris, intervient exclusivement en droit p\u00e9nal pour la d\u00e9fense des particuliers, notamment en mati\u00e8re d\u2019accusations de viol. Il assure un accompagnement rigoureux d\u00e8s la garde \u00e0 vue jusqu\u2019\u00e0 la Cour d\u2019assises, veillant au strict respect des garanties proc\u00e9durales.","publisher":{"@id":"https:\/\/kohenavocats.com\/en\/#organization"},"potentialAction":[{"@type":"SearchAction","target":{"@type":"EntryPoint","urlTemplate":"https:\/\/kohenavocats.com\/en\/?s={search_term_string}"},"query-input":{"@type":"PropertyValueSpecification","valueRequired":true,"valueName":"search_term_string"}}],"inLanguage":"en-US"},{"@type":"Organization","@id":"https:\/\/kohenavocats.com\/en\/#organization","name":"Kohen Avocats","url":"https:\/\/kohenavocats.com\/en\/","logo":{"@type":"ImageObject","inLanguage":"en-US","@id":"https:\/\/kohenavocats.com\/en\/#\/schema\/logo\/image\/","url":"https:\/\/kohenavocats.com\/wp-content\/uploads\/2026\/01\/Logo-2-1.webp","contentUrl":"https:\/\/kohenavocats.com\/wp-content\/uploads\/2026\/01\/Logo-2-1.webp","width":2114,"height":1253,"caption":"Kohen Avocats"},"image":{"@id":"https:\/\/kohenavocats.com\/en\/#\/schema\/logo\/image\/"}},{"@type":"Person","@id":"https:\/\/kohenavocats.com\/en\/#\/schema\/person\/761c9ba54fa1ca84d405cef0831ff751","name":"Kohen","image":{"@type":"ImageObject","inLanguage":"en-US","@id":"https:\/\/secure.gravatar.com\/avatar\/1c5e76ef76bbbfdd2b4da984e2bf2fa4056fd51a27d25ce2c332047f1dfd6e00?s=96&d=identicon&r=g","url":"https:\/\/secure.gravatar.com\/avatar\/1c5e76ef76bbbfdd2b4da984e2bf2fa4056fd51a27d25ce2c332047f1dfd6e00?s=96&d=identicon&r=g","contentUrl":"https:\/\/secure.gravatar.com\/avatar\/1c5e76ef76bbbfdd2b4da984e2bf2fa4056fd51a27d25ce2c332047f1dfd6e00?s=96&d=identicon&r=g","caption":"Kohen"},"sameAs":["https:\/\/www.linkedin.com\/in\/hassan-kohen-448548192\/","https:\/\/www.youtube.com\/@Kohen-Avocats"],"url":"https:\/\/kohenavocats.com\/en\/author\/kohenmlk\/"}]}},"jetpack_featured_media_url":"https:\/\/kohenavocats.com\/wp-content\/uploads\/2024\/11\/ave-calvar-clKiaVaiROM-unsplash.webp","jetpack_likes_enabled":false,"jetpack_shortlink":"https:\/\/wp.me\/peCrII-2QPm","jetpack-related-posts":[{"id":654409,"url":"https:\/\/kohenavocats.com\/en\/entretien-prealable-pendant-arret-maladie-convocation-report-heures-sortie-recours\/","url_meta":{"origin":679728,"position":0},"title":"Entretien pr\u00e9alable pendant un arr\u00eat maladie : convocation, report, heures de sortie et recours","author":"Kohen","date":"23 April 2026","format":false,"excerpt":"Arr\u00eat maladie et entretien pr\u00e9alable : l'employeur peut-il vous convoquer, faut-il demander un report, que se passe-t-il si vous ne venez pas et quels recours engager ?","rel":"","context":"In &quot;Non cat\u00e9goris\u00e9&quot;","block_context":{"text":"Non cat\u00e9goris\u00e9","link":"https:\/\/kohenavocats.com\/category\/non-categorise\/"},"img":{"alt_text":"","src":"https:\/\/i0.wp.com\/kohenavocats.com\/wp-content\/uploads\/2024\/11\/allison-saeng-otvLRPkYfIo-unsplash.webp?resize=350%2C200&ssl=1","width":350,"height":200,"srcset":"https:\/\/i0.wp.com\/kohenavocats.com\/wp-content\/uploads\/2024\/11\/allison-saeng-otvLRPkYfIo-unsplash.webp?resize=350%2C200&ssl=1 1x, https:\/\/i0.wp.com\/kohenavocats.com\/wp-content\/uploads\/2024\/11\/allison-saeng-otvLRPkYfIo-unsplash.webp?resize=525%2C300&ssl=1 1.5x, https:\/\/i0.wp.com\/kohenavocats.com\/wp-content\/uploads\/2024\/11\/allison-saeng-otvLRPkYfIo-unsplash.webp?resize=700%2C400&ssl=1 2x, https:\/\/i0.wp.com\/kohenavocats.com\/wp-content\/uploads\/2024\/11\/allison-saeng-otvLRPkYfIo-unsplash.webp?resize=1050%2C600&ssl=1 3x, https:\/\/i0.wp.com\/kohenavocats.com\/wp-content\/uploads\/2024\/11\/allison-saeng-otvLRPkYfIo-unsplash.webp?resize=1400%2C800&ssl=1 4x"},"classes":[]},{"id":662441,"url":"https:\/\/kohenavocats.com\/en\/arret-maladie-pendant-mise-a-pied-conservatoire-salaire-procedure-recours\/","url_meta":{"origin":679728,"position":1},"title":"Arr\u00eat maladie pendant une mise \u00e0 pied conservatoire : salaire, proc\u00e9dure disciplinaire et recours","author":"Kohen","date":"23 April 2026","format":false,"excerpt":"Arr\u00eat maladie et mise \u00e0 pied conservatoire : salaire, IJSS, entretien pr\u00e9alable, licenciement, accident du travail et recours prud'homal.","rel":"","context":"In &quot;D\u00e9cryptage&quot;","block_context":{"text":"D\u00e9cryptage","link":"https:\/\/kohenavocats.com\/category\/decryptage\/"},"img":{"alt_text":"","src":"https:\/\/i0.wp.com\/kohenavocats.com\/wp-content\/uploads\/2024\/08\/diane-picchiottino-PeF-Q-zRVSA-unsplash.webp?resize=350%2C200&ssl=1","width":350,"height":200,"srcset":"https:\/\/i0.wp.com\/kohenavocats.com\/wp-content\/uploads\/2024\/08\/diane-picchiottino-PeF-Q-zRVSA-unsplash.webp?resize=350%2C200&ssl=1 1x, https:\/\/i0.wp.com\/kohenavocats.com\/wp-content\/uploads\/2024\/08\/diane-picchiottino-PeF-Q-zRVSA-unsplash.webp?resize=525%2C300&ssl=1 1.5x, https:\/\/i0.wp.com\/kohenavocats.com\/wp-content\/uploads\/2024\/08\/diane-picchiottino-PeF-Q-zRVSA-unsplash.webp?resize=700%2C400&ssl=1 2x, https:\/\/i0.wp.com\/kohenavocats.com\/wp-content\/uploads\/2024\/08\/diane-picchiottino-PeF-Q-zRVSA-unsplash.webp?resize=1050%2C600&ssl=1 3x, https:\/\/i0.wp.com\/kohenavocats.com\/wp-content\/uploads\/2024\/08\/diane-picchiottino-PeF-Q-zRVSA-unsplash.webp?resize=1400%2C800&ssl=1 4x"},"classes":[]},{"id":666413,"url":"https:\/\/kohenavocats.com\/en\/convocation-entretien-sans-motif-licenciement-droits-recours\/","url_meta":{"origin":679728,"position":2},"title":"Convocation \u00e0 un entretien sans motif : droits du salari\u00e9, pi\u00e8ges \u00e0 \u00e9viter et recours","author":"Kohen","date":"24 April 2026","format":false,"excerpt":"Que faire lorsqu'un salari\u00e9 re\u00e7oit une convocation \u00e0 un entretien sans motif pr\u00e9cis : droits, assistance, d\u00e9lai, preuves et recours prud'homaux.","rel":"","context":"In &quot;Droit du travail&quot;","block_context":{"text":"Droit du travail","link":"https:\/\/kohenavocats.com\/category\/droit-du-travail\/"},"img":{"alt_text":"","src":"https:\/\/i0.wp.com\/kohenavocats.com\/wp-content\/uploads\/2024\/08\/nicolas-hippert-xcIwC9TZnL4-unsplash.webp?resize=350%2C200&ssl=1","width":350,"height":200,"srcset":"https:\/\/i0.wp.com\/kohenavocats.com\/wp-content\/uploads\/2024\/08\/nicolas-hippert-xcIwC9TZnL4-unsplash.webp?resize=350%2C200&ssl=1 1x, https:\/\/i0.wp.com\/kohenavocats.com\/wp-content\/uploads\/2024\/08\/nicolas-hippert-xcIwC9TZnL4-unsplash.webp?resize=525%2C300&ssl=1 1.5x, https:\/\/i0.wp.com\/kohenavocats.com\/wp-content\/uploads\/2024\/08\/nicolas-hippert-xcIwC9TZnL4-unsplash.webp?resize=700%2C400&ssl=1 2x, https:\/\/i0.wp.com\/kohenavocats.com\/wp-content\/uploads\/2024\/08\/nicolas-hippert-xcIwC9TZnL4-unsplash.webp?resize=1050%2C600&ssl=1 3x, https:\/\/i0.wp.com\/kohenavocats.com\/wp-content\/uploads\/2024\/08\/nicolas-hippert-xcIwC9TZnL4-unsplash.webp?resize=1400%2C800&ssl=1 4x"},"classes":[]},{"id":664339,"url":"https:\/\/kohenavocats.com\/en\/entretien-prealable-licenciement-que-dire-ne-pas-dire-pieces-preparation\/","url_meta":{"origin":679728,"position":3},"title":"Entretien pr\u00e9alable au licenciement : que dire, que ne pas dire, quelles pi\u00e8ces apporter et comment se pr\u00e9parer ?","author":"Kohen","date":"23 April 2026","format":false,"excerpt":"Entretien pr\u00e9alable au licenciement : que dire, que ne pas dire, quelles questions poser, quelles pi\u00e8ces apporter et comment pr\u00e9parer sa d\u00e9fense avant un \u00e9ventuel prud'homme.","rel":"","context":"In &quot;D\u00e9cryptage&quot;","block_context":{"text":"D\u00e9cryptage","link":"https:\/\/kohenavocats.com\/category\/decryptage\/"},"img":{"alt_text":"","src":"https:\/\/i0.wp.com\/kohenavocats.com\/wp-content\/uploads\/2024\/07\/annie-spratt-GWCvnsMtiBg-unsplash.webp?resize=350%2C200&ssl=1","width":350,"height":200,"srcset":"https:\/\/i0.wp.com\/kohenavocats.com\/wp-content\/uploads\/2024\/07\/annie-spratt-GWCvnsMtiBg-unsplash.webp?resize=350%2C200&ssl=1 1x, https:\/\/i0.wp.com\/kohenavocats.com\/wp-content\/uploads\/2024\/07\/annie-spratt-GWCvnsMtiBg-unsplash.webp?resize=525%2C300&ssl=1 1.5x, https:\/\/i0.wp.com\/kohenavocats.com\/wp-content\/uploads\/2024\/07\/annie-spratt-GWCvnsMtiBg-unsplash.webp?resize=700%2C400&ssl=1 2x, https:\/\/i0.wp.com\/kohenavocats.com\/wp-content\/uploads\/2024\/07\/annie-spratt-GWCvnsMtiBg-unsplash.webp?resize=1050%2C600&ssl=1 3x, https:\/\/i0.wp.com\/kohenavocats.com\/wp-content\/uploads\/2024\/07\/annie-spratt-GWCvnsMtiBg-unsplash.webp?resize=1400%2C800&ssl=1 4x"},"classes":[]},{"id":663837,"url":"https:\/\/kohenavocats.com\/en\/report-entretien-prealable-employeur-nouvelle-convocation-delai-recours\/","url_meta":{"origin":679728,"position":4},"title":"Report de l&#8217;entretien pr\u00e9alable par l&#8217;employeur : nouvelle convocation, d\u00e9lai de 5 jours, salaire et recours du salari\u00e9","author":"Kohen","date":"23 April 2026","format":false,"excerpt":"Report de l'entretien pr\u00e9alable par l'employeur : nouvelle convocation, d\u00e9lai de 5 jours, preuve, sanction disciplinaire, licenciement et recours prud'homal du salari\u00e9.","rel":"","context":"In &quot;D\u00e9cryptage&quot;","block_context":{"text":"D\u00e9cryptage","link":"https:\/\/kohenavocats.com\/category\/decryptage\/"},"img":{"alt_text":"","src":"https:\/\/i0.wp.com\/kohenavocats.com\/wp-content\/uploads\/2024\/08\/anthony-delanoix-fVm02RclkKc-unsplash.webp?resize=350%2C200&ssl=1","width":350,"height":200,"srcset":"https:\/\/i0.wp.com\/kohenavocats.com\/wp-content\/uploads\/2024\/08\/anthony-delanoix-fVm02RclkKc-unsplash.webp?resize=350%2C200&ssl=1 1x, https:\/\/i0.wp.com\/kohenavocats.com\/wp-content\/uploads\/2024\/08\/anthony-delanoix-fVm02RclkKc-unsplash.webp?resize=525%2C300&ssl=1 1.5x, https:\/\/i0.wp.com\/kohenavocats.com\/wp-content\/uploads\/2024\/08\/anthony-delanoix-fVm02RclkKc-unsplash.webp?resize=700%2C400&ssl=1 2x, https:\/\/i0.wp.com\/kohenavocats.com\/wp-content\/uploads\/2024\/08\/anthony-delanoix-fVm02RclkKc-unsplash.webp?resize=1050%2C600&ssl=1 3x, https:\/\/i0.wp.com\/kohenavocats.com\/wp-content\/uploads\/2024\/08\/anthony-delanoix-fVm02RclkKc-unsplash.webp?resize=1400%2C800&ssl=1 4x"},"classes":[]},{"id":661054,"url":"https:\/\/kohenavocats.com\/en\/delai-entre-mise-a-pied-conservatoire-et-licenciement-procedure\/","url_meta":{"origin":679728,"position":5},"title":"D\u00e9lai entre mise \u00e0 pied conservatoire et licenciement : l&#8217;employeur peut-il faire tra\u00eener la proc\u00e9dure ?","author":"Kohen","date":"23 April 2026","format":false,"excerpt":"Combien de temps peut durer une mise \u00e0 pied conservatoire avant convocation, entretien et licenciement ? D\u00e9lai raisonnable, salaire, arr\u00eat maladie et recours.","rel":"","context":"In &quot;D\u00e9cryptage&quot;","block_context":{"text":"D\u00e9cryptage","link":"https:\/\/kohenavocats.com\/category\/decryptage\/"},"img":{"alt_text":"","src":"https:\/\/i0.wp.com\/kohenavocats.com\/wp-content\/uploads\/2024\/11\/getty-images-hURFShgggjI-unsplash.webp?resize=350%2C200&ssl=1","width":350,"height":200,"srcset":"https:\/\/i0.wp.com\/kohenavocats.com\/wp-content\/uploads\/2024\/11\/getty-images-hURFShgggjI-unsplash.webp?resize=350%2C200&ssl=1 1x, https:\/\/i0.wp.com\/kohenavocats.com\/wp-content\/uploads\/2024\/11\/getty-images-hURFShgggjI-unsplash.webp?resize=525%2C300&ssl=1 1.5x, https:\/\/i0.wp.com\/kohenavocats.com\/wp-content\/uploads\/2024\/11\/getty-images-hURFShgggjI-unsplash.webp?resize=700%2C400&ssl=1 2x, https:\/\/i0.wp.com\/kohenavocats.com\/wp-content\/uploads\/2024\/11\/getty-images-hURFShgggjI-unsplash.webp?resize=1050%2C600&ssl=1 3x, https:\/\/i0.wp.com\/kohenavocats.com\/wp-content\/uploads\/2024\/11\/getty-images-hURFShgggjI-unsplash.webp?resize=1400%2C800&ssl=1 4x"},"classes":[]}],"jetpack_sharing_enabled":true,"_links":{"self":[{"href":"https:\/\/kohenavocats.com\/en\/wp-json\/wp\/v2\/posts\/679728","targetHints":{"allow":["GET"]}}],"collection":[{"href":"https:\/\/kohenavocats.com\/en\/wp-json\/wp\/v2\/posts"}],"about":[{"href":"https:\/\/kohenavocats.com\/en\/wp-json\/wp\/v2\/types\/post"}],"author":[{"embeddable":true,"href":"https:\/\/kohenavocats.com\/en\/wp-json\/wp\/v2\/users\/232070755"}],"replies":[{"embeddable":true,"href":"https:\/\/kohenavocats.com\/en\/wp-json\/wp\/v2\/comments?post=679728"}],"version-history":[{"count":1,"href":"https:\/\/kohenavocats.com\/en\/wp-json\/wp\/v2\/posts\/679728\/revisions"}],"predecessor-version":[{"id":694986,"href":"https:\/\/kohenavocats.com\/en\/wp-json\/wp\/v2\/posts\/679728\/revisions\/694986"}],"wp:featuredmedia":[{"embeddable":true,"href":"https:\/\/kohenavocats.com\/en\/wp-json\/wp\/v2\/media\/9572"}],"wp:attachment":[{"href":"https:\/\/kohenavocats.com\/en\/wp-json\/wp\/v2\/media?parent=679728"}],"wp:term":[{"taxonomy":"category","embeddable":true,"href":"https:\/\/kohenavocats.com\/en\/wp-json\/wp\/v2\/categories?post=679728"},{"taxonomy":"post_tag","embeddable":true,"href":"https:\/\/kohenavocats.com\/en\/wp-json\/wp\/v2\/tags?post=679728"}],"curies":[{"name":"wp","href":"https:\/\/api.w.org\/{rel}","templated":true}]}}