{"id":683838,"date":"2026-04-25T19:06:01","date_gmt":"2026-04-25T17:06:01","guid":{"rendered":"https:\/\/kohenavocats.com\/tribunal-judiciaire-le-25-octobre-2023-n24-01617\/"},"modified":"2026-04-25T19:06:01","modified_gmt":"2026-04-25T17:06:01","slug":"tribunal-judiciaire-le-25-octobre-2023-n24-01617","status":"publish","type":"post","link":"https:\/\/kohenavocats.com\/en\/tribunal-judiciaire-le-25-octobre-2023-n24-01617\/","title":{"rendered":"Tribunal judiciaire, le 25 octobre 2023, n\u00b024\/01617"},"content":{"rendered":"<div class=\"article-content\">\n<p>Pr\u00e9sident du tribunal judiciaire de Bordeaux, 16 juin 2025, statuant selon la proc\u00e9dure acc\u00e9l\u00e9r\u00e9e au fond. Le litige oppose un syndicat des copropri\u00e9taires \u00e0 une copropri\u00e9taire au sujet d\u2019un arri\u00e9r\u00e9 de charges et de frais accessoires, \u00e0 la suite d\u2019\u00e9changes ant\u00e9rieurs li\u00e9s \u00e0 des recherches de fuite. Deux lettres recommand\u00e9es des 3 ao\u00fbt et 2 septembre 2023 ont rappel\u00e9 l\u2019exigibilit\u00e9 des charges, puis un commandement de payer a \u00e9t\u00e9 d\u00e9livr\u00e9 le 25 octobre 2023. Des paiements partiels sont intervenus, tandis qu\u2019une pr\u00e9c\u00e9dente proc\u00e9dure d\u2019injonction de payer a \u00e9t\u00e9 d\u00e9clar\u00e9e caduque.<\/p>\n<p>Assignation a \u00e9t\u00e9 d\u00e9livr\u00e9e le 26 juillet 2024. Le syndicat a demand\u00e9 le paiement des charges arr\u00eat\u00e9es au 2 juillet 2024, l\u2019imputation de frais de recouvrement, des dommages et int\u00e9r\u00eats, et une indemnit\u00e9 au titre de l\u2019article 700 du code de proc\u00e9dure civile. La d\u00e9fenderesse a soulev\u00e9 l\u2019irrecevabilit\u00e9 de l\u2019action pour d\u00e9faut de tentative amiable pr\u00e9alable, a contest\u00e9 la comp\u00e9tence du pr\u00e9sident statuant selon la proc\u00e9dure acc\u00e9l\u00e9r\u00e9e au fond, puis a discut\u00e9 le quantum, la nature et l\u2019imputabilit\u00e9 de diff\u00e9rents frais.<\/p>\n<p>La question pos\u00e9e \u00e9tait double. D\u2019une part, l\u2019action encourait\u2011elle l\u2019irrecevabilit\u00e9 en l\u2019absence de tentative amiable au sens de l\u2019article 750\u20111 du code de proc\u00e9dure civile\u2009? D\u2019autre part, les lettres des 3 ao\u00fbt et 2 septembre 2023 constituaient\u2011elles des mises en demeure au sens de l\u2019article 19\u20112 de la loi du 10 juillet 1965, justifiant la comp\u00e9tence du pr\u00e9sident et l\u2019exigibilit\u00e9 imm\u00e9diate des sommes r\u00e9clam\u00e9es\u2009?<\/p>\n<p>La d\u00e9cision admet la recevabilit\u00e9 de l\u2019action, retient la comp\u00e9tence du pr\u00e9sident statuant selon la proc\u00e9dure acc\u00e9l\u00e9r\u00e9e au fond et condamne la copropri\u00e9taire au paiement de 1\u2009179,94 euros d\u2019arri\u00e9r\u00e9 de charges, avec int\u00e9r\u00eats au taux l\u00e9gal \u00e0 compter du 3 ao\u00fbt 2023 et capitalisation. Elle impute 364,08 euros de frais de recouvrement sur le fondement de l\u2019article 10\u20111 de la loi de 1965, alloue 400 euros de dommages et int\u00e9r\u00eats, et 800 euros au titre de l\u2019article 700 du code de proc\u00e9dure civile, tout en excluant des frais non imputables, notamment ceux aff\u00e9rents \u00e0 l\u2019injonction de payer caduque.<\/p>\n<p>I \u2013 Le cadrage proc\u00e9dural et l\u2019exigibilit\u00e9 des charges<\/p>\n<p>L\u2019exigence pr\u00e9alable de tentative amiable et ses temp\u00e9raments<\/p>\n<p>La d\u00e9cision rappelle le principe d\u2019irrecevabilit\u00e9 de l\u2019article 750\u20111 du code de proc\u00e9dure civile pour les demandes n\u2019exc\u00e9dant pas 5\u2009000 euros. Elle constate toutefois qu\u2019une conciliation ant\u00e9rieure a eu lieu, portant sur les fuites \u00e0 l\u2019origine de contestations de frais connexes. Le juge indique que \u00ab\u2009il est patent que les deux litiges sont li\u00e9s\u2009\u00bb, ce qui permet d\u2019adosser la tentative amiable pass\u00e9e \u00e0 l\u2019objet actuel du recouvrement.<\/p>\n<p>Le juge retient encore que \u00ab\u2009le contexte litigieux entre les parties peut \u00eatre consid\u00e9r\u00e9 comme un motif l\u00e9gitime au sens du 3\u00b0 de l\u2019article 750\u20111\u2009\u00bb, rendant impossible une nouvelle tentative. \u00c0 cette justification s\u2019ajoute une appr\u00e9ciation souple des courriers recommand\u00e9s, lesquels, en invitant \u00e0 un contact en cas de difficult\u00e9 \u2014 \u00ab\u2009en cas de difficult\u00e9s, nous vous remercions de prendre contact rapidement avec nos services\u2009\u00bb \u2014 \u00ab\u2009peut s\u2019interpr\u00e9ter comme une proposition d\u2019arrangement amiable\u2009\u00bb. L\u2019irrecevabilit\u00e9 ne s\u2019impose donc pas.<\/p>\n<p>La qualification de mise en demeure et la comp\u00e9tence du pr\u00e9sident<\/p>\n<p>La d\u00e9fenderesse soutenait que les lettres des 3 ao\u00fbt et 2 septembre 2023 ne valaient pas mises en demeure. Le juge reproduit leur teneur prescriptive, notamment l\u2019exigibilit\u00e9 rappel\u00e9e, le d\u00e9lai usuel de paiement trimestriel, et la demande de r\u00e8glement imm\u00e9diat. Il en d\u00e9duit que ces courriers \u00ab\u2009constituent bien des mises en demeure au sens de l\u2019article 19\u20112 de la loi\u2009\u00bb.<\/p>\n<p>\u00c0 d\u00e9faut de r\u00e8glement dans les trente jours, l\u2019article 19\u20112 rend imm\u00e9diatement exigibles les provisions \u00e0 venir et les sommes ant\u00e9rieures approuv\u00e9es. Le pr\u00e9sident, apr\u00e8s constat des approbations n\u00e9cessaires et de la d\u00e9faillance, \u00ab\u2009condamne [le copropri\u00e9taire] au paiement des provisions ou sommes exigibles\u2009\u00bb. La comp\u00e9tence selon la proc\u00e9dure acc\u00e9l\u00e9r\u00e9e au fond est ainsi fond\u00e9e, ind\u00e9pendamment d\u2019un paiement intervenu dans le d\u00e9lai suivant un commandement post\u00e9rieur.<\/p>\n<p>II \u2013 Valeur et port\u00e9e de la solution<\/p>\n<p>Une interpr\u00e9tation pragmatique de l\u2019article 750\u20111 du code de proc\u00e9dure civile<\/p>\n<p>La d\u00e9cision agr\u00e8ge trois fondements pour neutraliser l\u2019irrecevabilit\u00e9 : conciliation ant\u00e9rieure li\u00e9e, motif l\u00e9gitime et indices d\u2019une ouverture amiable dans les courriers. La formule selon laquelle l\u2019invitation \u00e0 prendre contact \u00ab\u2009peut s\u2019interpr\u00e9ter comme une proposition d\u2019arrangement amiable\u2009\u00bb fait pr\u00e9valoir la finalit\u00e9 de l\u2019article 750\u20111 sur un formalisme rigide.<\/p>\n<p>Cette souplesse appelle mesure. Isol\u00e9e, elle pourrait fragiliser l\u2019exigence d\u2019un v\u00e9ritable processus amiable. Combin\u00e9e avec le lien objectif des litiges et le motif l\u00e9gitime, elle m\u00e9nage l\u2019objectif de d\u00e9sengorgement sans sacrifier le droit au juge. La solution demeure ainsi fid\u00e8le \u00e0 l\u2019\u00e9conomie du texte, dans un contentieux de proximit\u00e9 aux enjeux pratiques pressants.<\/p>\n<p>Les enseignements en mati\u00e8re de charges et de frais de recouvrement<\/p>\n<p>La qualification de mise en demeure repose sur des \u00e9l\u00e9ments concrets : indication d\u2019un solde pr\u00e9cis, rappel de l\u2019exigibilit\u00e9, demande de r\u00e8glement \u00ab\u2009dans les meilleurs d\u00e9lais\u2009\u00bb. Leur reproduction dans les lettres justifie la solution, qui s\u00e9curise l\u2019usage de l\u2019article 19\u20112 et la comp\u00e9tence du pr\u00e9sident pour des arri\u00e9r\u00e9s et provisions exigibles.<\/p>\n<p>La d\u00e9cision op\u00e8re une s\u00e9lection des postes r\u00e9clam\u00e9s. Sont \u00e9cart\u00e9s les frais non imputables, notamment ceux li\u00e9s \u00e0 une injonction de payer devenue caduque. En revanche, \u00ab\u2009les frais n\u00e9cessaires expos\u00e9s par le syndicat pour le recouvrement de sa cr\u00e9ance\u2009\u00bb trouvent place \u00e0 hauteur de 364,08 euros sur le fondement de l\u2019article 10\u20111. Le pr\u00e9judice collectif de gestion est caract\u00e9ris\u00e9 par un attendu clair : \u00ab\u2009La copropri\u00e9t\u00e9 ne dispose pas d\u2019autre tr\u00e9sorerie que les fonds dus par les copropri\u00e9taires\u2009\u00bb, ce qui justifie 400 euros de dommages et int\u00e9r\u00eats.<\/p>\n<p>La port\u00e9e est double. D\u2019une part, la r\u00e9daction et la conservation de courriers structur\u00e9s deviennent d\u00e9cisives pour caract\u00e9riser la mise en demeure et d\u00e9clencher l\u2019exigibilit\u00e9 renforc\u00e9e. D\u2019autre part, la ligne trac\u00e9e sur les frais distingue nettement recouvrement n\u00e9cessaire et incidents proc\u00e9duraux non translatifs, contribuant \u00e0 la pr\u00e9visibilit\u00e9 des condamnations accessoires et \u00e0 la discipline budg\u00e9taire des copropri\u00e9t\u00e9s.<\/p>\n<\/div>\n","protected":false},"excerpt":{"rendered":"<p>Pr\u00e9sident du tribunal judiciaire de Bordeaux, 16 juin 2025, statuant selon la proc\u00e9dure acc\u00e9l\u00e9r\u00e9e au fond. Le litige oppose un syndicat des copropri\u00e9taires \u00e0&#8230;<\/p>\n","protected":false},"author":232070755,"featured_media":9607,"comment_status":"open","ping_status":"open","sticky":false,"template":"","format":"standard","meta":{"_crdt_document":"","_jetpack_newsletter_access":"","_jetpack_dont_email_post_to_subs":false,"_jetpack_newsletter_tier_id":0,"_jetpack_memberships_contains_paywalled_content":false,"_kj_source_type":"judilibre","_kj_official_id":"68505d0d2208eb4aca79c979","_kj_official_url":"https:\/\/www.courdecassation.fr\/decision\/68505d0d2208eb4aca79c979","_kj_judilibre_id":"68505d0d2208eb4aca79c979","_kj_jur":"Tribunal judiciaire","_kj_lieu":"Bordeaux","_kj_chambre":"REFERES 1\u00e8re Section","_kj_rg":"24\/01617","_kj_date":"2025-06-16","_jetpack_memberships_contains_paid_content":false,"footnotes":"","jetpack_post_was_ever_published":false},"categories":[7597],"tags":[],"class_list":["post-683838","post","type-post","status-publish","format-standard","has-post-thumbnail","hentry","category-jurisprudence"],"yoast_head":"<!-- This site is optimized with the Yoast SEO Premium plugin v27.5 (Yoast SEO v27.5) - https:\/\/yoast.com\/product\/yoast-seo-premium-wordpress\/ -->\n<title>Tribunal judiciaire, le 25 octobre 2023, n\u00b024\/01617 - Ma\u00eetre Hassan Kohen, avocat en droit p\u00e9nal \u00e0 Paris<\/title>\n<meta name=\"description\" content=\"Pr\u00e9sident du tribunal judiciaire de Bordeaux, 16 juin 2025, statuant selon la proc\u00e9dure acc\u00e9l\u00e9r\u00e9e au fond. Le litige oppose un syndicat des copropri\u00e9taires \u00e0...\" \/>\n<meta name=\"robots\" content=\"index, follow, max-snippet:-1, max-image-preview:large, max-video-preview:-1\" \/>\n<link rel=\"canonical\" href=\"https:\/\/kohenavocats.com\/en\/tribunal-judiciaire-le-25-octobre-2023-n24-01617\/\" \/>\n<meta property=\"og:locale\" content=\"en_US\" \/>\n<meta property=\"og:type\" content=\"article\" \/>\n<meta property=\"og:title\" content=\"Tribunal judiciaire, le 25 octobre 2023, n\u00b024\/01617\" \/>\n<meta property=\"og:description\" content=\"Pr\u00e9sident du tribunal judiciaire de Bordeaux, 16 juin 2025, statuant selon la proc\u00e9dure acc\u00e9l\u00e9r\u00e9e au fond. Le litige oppose un syndicat des copropri\u00e9taires \u00e0...\" \/>\n<meta property=\"og:url\" content=\"https:\/\/kohenavocats.com\/en\/tribunal-judiciaire-le-25-octobre-2023-n24-01617\/\" \/>\n<meta property=\"og:site_name\" content=\"Ma\u00eetre Hassan Kohen, avocat en droit p\u00e9nal \u00e0 Paris\" \/>\n<meta property=\"article:published_time\" content=\"2026-04-25T17:06:01+00:00\" \/>\n<meta property=\"og:image\" content=\"https:\/\/kohenavocats.com\/wp-content\/uploads\/2024\/11\/margaret-jaszowska-iJ4qhyNQEjE-unsplash.webp\" \/>\n\t<meta property=\"og:image:width\" content=\"4288\" \/>\n\t<meta property=\"og:image:height\" content=\"2848\" \/>\n\t<meta property=\"og:image:type\" content=\"image\/webp\" \/>\n<meta name=\"author\" content=\"Kohen\" \/>\n<meta name=\"twitter:card\" content=\"summary_large_image\" \/>\n<meta name=\"twitter:label1\" content=\"Written by\" \/>\n\t<meta name=\"twitter:data1\" content=\"Kohen\" \/>\n\t<meta name=\"twitter:label2\" content=\"Est. reading time\" \/>\n\t<meta name=\"twitter:data2\" content=\"6 minutes\" \/>\n<script type=\"application\/ld+json\" class=\"yoast-schema-graph\">{\"@context\":\"https:\\\/\\\/schema.org\",\"@graph\":[{\"@type\":\"Article\",\"@id\":\"https:\\\/\\\/kohenavocats.com\\\/en\\\/tribunal-judiciaire-le-25-octobre-2023-n24-01617\\\/#article\",\"isPartOf\":{\"@id\":\"https:\\\/\\\/kohenavocats.com\\\/en\\\/tribunal-judiciaire-le-25-octobre-2023-n24-01617\\\/\"},\"author\":{\"name\":\"Kohen\",\"@id\":\"https:\\\/\\\/kohenavocats.com\\\/en\\\/#\\\/schema\\\/person\\\/761c9ba54fa1ca84d405cef0831ff751\"},\"headline\":\"Tribunal judiciaire, le 25 octobre 2023, n\u00b024\\\/01617\",\"datePublished\":\"2026-04-25T17:06:01+00:00\",\"mainEntityOfPage\":{\"@id\":\"https:\\\/\\\/kohenavocats.com\\\/en\\\/tribunal-judiciaire-le-25-octobre-2023-n24-01617\\\/\"},\"wordCount\":1120,\"commentCount\":0,\"publisher\":{\"@id\":\"https:\\\/\\\/kohenavocats.com\\\/en\\\/#organization\"},\"image\":{\"@id\":\"https:\\\/\\\/kohenavocats.com\\\/en\\\/tribunal-judiciaire-le-25-octobre-2023-n24-01617\\\/#primaryimage\"},\"thumbnailUrl\":\"https:\\\/\\\/kohenavocats.com\\\/wp-content\\\/uploads\\\/2024\\\/11\\\/margaret-jaszowska-iJ4qhyNQEjE-unsplash.webp\",\"articleSection\":[\"Jurisprudence\"],\"inLanguage\":\"en-US\",\"potentialAction\":[{\"@type\":\"CommentAction\",\"name\":\"Comment\",\"target\":[\"https:\\\/\\\/kohenavocats.com\\\/en\\\/tribunal-judiciaire-le-25-octobre-2023-n24-01617\\\/#respond\"]}],\"citation\":\"Tribunal judiciaire, le 25 octobre 2023, n\u00b024\\\/01617\",\"about\":[{\"@type\":\"Thing\",\"name\":\"Jurisprudence\"}],\"dateModified\":\"2026-04-25T17:06:01+00:00\",\"speakable\":{\"@type\":\"SpeakableSpecification\",\"cssSelector\":[\".article-content > p:first-of-type\"]}},{\"@type\":\"WebPage\",\"@id\":\"https:\\\/\\\/kohenavocats.com\\\/en\\\/tribunal-judiciaire-le-25-octobre-2023-n24-01617\\\/\",\"url\":\"https:\\\/\\\/kohenavocats.com\\\/en\\\/tribunal-judiciaire-le-25-octobre-2023-n24-01617\\\/\",\"name\":\"Tribunal judiciaire, le 25 octobre 2023, n\u00b024\\\/01617 - Ma\u00eetre Hassan Kohen, avocat en droit p\u00e9nal \u00e0 Paris\",\"isPartOf\":{\"@id\":\"https:\\\/\\\/kohenavocats.com\\\/en\\\/#website\"},\"primaryImageOfPage\":{\"@id\":\"https:\\\/\\\/kohenavocats.com\\\/en\\\/tribunal-judiciaire-le-25-octobre-2023-n24-01617\\\/#primaryimage\"},\"image\":{\"@id\":\"https:\\\/\\\/kohenavocats.com\\\/en\\\/tribunal-judiciaire-le-25-octobre-2023-n24-01617\\\/#primaryimage\"},\"thumbnailUrl\":\"https:\\\/\\\/kohenavocats.com\\\/wp-content\\\/uploads\\\/2024\\\/11\\\/margaret-jaszowska-iJ4qhyNQEjE-unsplash.webp\",\"datePublished\":\"2026-04-25T17:06:01+00:00\",\"description\":\"Pr\u00e9sident du tribunal judiciaire de Bordeaux, 16 juin 2025, statuant selon la proc\u00e9dure acc\u00e9l\u00e9r\u00e9e au fond. Le litige oppose un syndicat des copropri\u00e9taires \u00e0...\",\"breadcrumb\":{\"@id\":\"https:\\\/\\\/kohenavocats.com\\\/en\\\/tribunal-judiciaire-le-25-octobre-2023-n24-01617\\\/#breadcrumb\"},\"inLanguage\":\"en-US\",\"potentialAction\":[{\"@type\":\"ReadAction\",\"target\":[\"https:\\\/\\\/kohenavocats.com\\\/en\\\/tribunal-judiciaire-le-25-octobre-2023-n24-01617\\\/\"]}]},{\"@type\":\"ImageObject\",\"inLanguage\":\"en-US\",\"@id\":\"https:\\\/\\\/kohenavocats.com\\\/en\\\/tribunal-judiciaire-le-25-octobre-2023-n24-01617\\\/#primaryimage\",\"url\":\"https:\\\/\\\/kohenavocats.com\\\/wp-content\\\/uploads\\\/2024\\\/11\\\/margaret-jaszowska-iJ4qhyNQEjE-unsplash.webp\",\"contentUrl\":\"https:\\\/\\\/kohenavocats.com\\\/wp-content\\\/uploads\\\/2024\\\/11\\\/margaret-jaszowska-iJ4qhyNQEjE-unsplash.webp\",\"width\":4288,\"height\":2848},{\"@type\":\"BreadcrumbList\",\"@id\":\"https:\\\/\\\/kohenavocats.com\\\/en\\\/tribunal-judiciaire-le-25-octobre-2023-n24-01617\\\/#breadcrumb\",\"itemListElement\":[{\"@type\":\"ListItem\",\"position\":1,\"name\":\"Home\",\"item\":\"https:\\\/\\\/kohenavocats.com\\\/en\\\/criminal-law-attorneys-in-paris-counsel-and-strategic-defense\\\/\"},{\"@type\":\"ListItem\",\"position\":2,\"name\":\"Tribunal judiciaire, le 25 octobre 2023, n\u00b024\\\/01617\"}]},{\"@type\":\"WebSite\",\"@id\":\"https:\\\/\\\/kohenavocats.com\\\/en\\\/#website\",\"url\":\"https:\\\/\\\/kohenavocats.com\\\/en\\\/\",\"name\":\"Kohen Avocats\",\"description\":\"Ma\u00eetre Hassan Kohen, avocat p\u00e9naliste \u00e0 Paris, intervient exclusivement en droit p\u00e9nal pour la d\u00e9fense des particuliers, notamment en mati\u00e8re d\u2019accusations de viol. Il assure un accompagnement rigoureux d\u00e8s la garde \u00e0 vue jusqu\u2019\u00e0 la Cour d\u2019assises, veillant au strict respect des garanties proc\u00e9durales.\",\"publisher\":{\"@id\":\"https:\\\/\\\/kohenavocats.com\\\/en\\\/#organization\"},\"potentialAction\":[{\"@type\":\"SearchAction\",\"target\":{\"@type\":\"EntryPoint\",\"urlTemplate\":\"https:\\\/\\\/kohenavocats.com\\\/en\\\/?s={search_term_string}\"},\"query-input\":{\"@type\":\"PropertyValueSpecification\",\"valueRequired\":true,\"valueName\":\"search_term_string\"}}],\"inLanguage\":\"en-US\"},{\"@type\":\"Organization\",\"@id\":\"https:\\\/\\\/kohenavocats.com\\\/en\\\/#organization\",\"name\":\"Kohen Avocats\",\"url\":\"https:\\\/\\\/kohenavocats.com\\\/en\\\/\",\"logo\":{\"@type\":\"ImageObject\",\"inLanguage\":\"en-US\",\"@id\":\"https:\\\/\\\/kohenavocats.com\\\/en\\\/#\\\/schema\\\/logo\\\/image\\\/\",\"url\":\"https:\\\/\\\/kohenavocats.com\\\/wp-content\\\/uploads\\\/2026\\\/01\\\/Logo-2-1.webp\",\"contentUrl\":\"https:\\\/\\\/kohenavocats.com\\\/wp-content\\\/uploads\\\/2026\\\/01\\\/Logo-2-1.webp\",\"width\":2114,\"height\":1253,\"caption\":\"Kohen Avocats\"},\"image\":{\"@id\":\"https:\\\/\\\/kohenavocats.com\\\/en\\\/#\\\/schema\\\/logo\\\/image\\\/\"}},{\"@type\":\"Person\",\"@id\":\"https:\\\/\\\/kohenavocats.com\\\/en\\\/#\\\/schema\\\/person\\\/761c9ba54fa1ca84d405cef0831ff751\",\"name\":\"Kohen\",\"image\":{\"@type\":\"ImageObject\",\"inLanguage\":\"en-US\",\"@id\":\"https:\\\/\\\/secure.gravatar.com\\\/avatar\\\/1c5e76ef76bbbfdd2b4da984e2bf2fa4056fd51a27d25ce2c332047f1dfd6e00?s=96&d=identicon&r=g\",\"url\":\"https:\\\/\\\/secure.gravatar.com\\\/avatar\\\/1c5e76ef76bbbfdd2b4da984e2bf2fa4056fd51a27d25ce2c332047f1dfd6e00?s=96&d=identicon&r=g\",\"contentUrl\":\"https:\\\/\\\/secure.gravatar.com\\\/avatar\\\/1c5e76ef76bbbfdd2b4da984e2bf2fa4056fd51a27d25ce2c332047f1dfd6e00?s=96&d=identicon&r=g\",\"caption\":\"Kohen\"},\"sameAs\":[\"https:\\\/\\\/www.linkedin.com\\\/in\\\/hassan-kohen-448548192\\\/\",\"https:\\\/\\\/www.youtube.com\\\/@Kohen-Avocats\"],\"url\":\"https:\\\/\\\/kohenavocats.com\\\/en\\\/author\\\/kohenmlk\\\/\"}]}<\/script>\n<!-- \/ Yoast SEO Premium plugin. -->","yoast_head_json":{"title":"Tribunal judiciaire, le 25 octobre 2023, n\u00b024\/01617 - Ma\u00eetre Hassan Kohen, avocat en droit p\u00e9nal \u00e0 Paris","description":"Pr\u00e9sident du tribunal judiciaire de Bordeaux, 16 juin 2025, statuant selon la proc\u00e9dure acc\u00e9l\u00e9r\u00e9e au fond. Le litige oppose un syndicat des copropri\u00e9taires \u00e0...","robots":{"index":"index","follow":"follow","max-snippet":"max-snippet:-1","max-image-preview":"max-image-preview:large","max-video-preview":"max-video-preview:-1"},"canonical":"https:\/\/kohenavocats.com\/en\/tribunal-judiciaire-le-25-octobre-2023-n24-01617\/","og_locale":"en_US","og_type":"article","og_title":"Tribunal judiciaire, le 25 octobre 2023, n\u00b024\/01617","og_description":"Pr\u00e9sident du tribunal judiciaire de Bordeaux, 16 juin 2025, statuant selon la proc\u00e9dure acc\u00e9l\u00e9r\u00e9e au fond. Le litige oppose un syndicat des copropri\u00e9taires \u00e0...","og_url":"https:\/\/kohenavocats.com\/en\/tribunal-judiciaire-le-25-octobre-2023-n24-01617\/","og_site_name":"Ma\u00eetre Hassan Kohen, avocat en droit p\u00e9nal \u00e0 Paris","article_published_time":"2026-04-25T17:06:01+00:00","og_image":[{"width":4288,"height":2848,"url":"https:\/\/kohenavocats.com\/wp-content\/uploads\/2024\/11\/margaret-jaszowska-iJ4qhyNQEjE-unsplash.webp","type":"image\/webp"}],"author":"Kohen","twitter_card":"summary_large_image","twitter_misc":{"Written by":"Kohen","Est. reading time":"6 minutes"},"schema":{"@context":"https:\/\/schema.org","@graph":[{"@type":"Article","@id":"https:\/\/kohenavocats.com\/en\/tribunal-judiciaire-le-25-octobre-2023-n24-01617\/#article","isPartOf":{"@id":"https:\/\/kohenavocats.com\/en\/tribunal-judiciaire-le-25-octobre-2023-n24-01617\/"},"author":{"name":"Kohen","@id":"https:\/\/kohenavocats.com\/en\/#\/schema\/person\/761c9ba54fa1ca84d405cef0831ff751"},"headline":"Tribunal judiciaire, le 25 octobre 2023, n\u00b024\/01617","datePublished":"2026-04-25T17:06:01+00:00","mainEntityOfPage":{"@id":"https:\/\/kohenavocats.com\/en\/tribunal-judiciaire-le-25-octobre-2023-n24-01617\/"},"wordCount":1120,"commentCount":0,"publisher":{"@id":"https:\/\/kohenavocats.com\/en\/#organization"},"image":{"@id":"https:\/\/kohenavocats.com\/en\/tribunal-judiciaire-le-25-octobre-2023-n24-01617\/#primaryimage"},"thumbnailUrl":"https:\/\/kohenavocats.com\/wp-content\/uploads\/2024\/11\/margaret-jaszowska-iJ4qhyNQEjE-unsplash.webp","articleSection":["Jurisprudence"],"inLanguage":"en-US","potentialAction":[{"@type":"CommentAction","name":"Comment","target":["https:\/\/kohenavocats.com\/en\/tribunal-judiciaire-le-25-octobre-2023-n24-01617\/#respond"]}],"citation":"Tribunal judiciaire, le 25 octobre 2023, n\u00b024\/01617","about":[{"@type":"Thing","name":"Jurisprudence"}],"dateModified":"2026-04-25T17:06:01+00:00","speakable":{"@type":"SpeakableSpecification","cssSelector":[".article-content > p:first-of-type"]}},{"@type":"WebPage","@id":"https:\/\/kohenavocats.com\/en\/tribunal-judiciaire-le-25-octobre-2023-n24-01617\/","url":"https:\/\/kohenavocats.com\/en\/tribunal-judiciaire-le-25-octobre-2023-n24-01617\/","name":"Tribunal judiciaire, le 25 octobre 2023, n\u00b024\/01617 - Ma\u00eetre Hassan Kohen, avocat en droit p\u00e9nal \u00e0 Paris","isPartOf":{"@id":"https:\/\/kohenavocats.com\/en\/#website"},"primaryImageOfPage":{"@id":"https:\/\/kohenavocats.com\/en\/tribunal-judiciaire-le-25-octobre-2023-n24-01617\/#primaryimage"},"image":{"@id":"https:\/\/kohenavocats.com\/en\/tribunal-judiciaire-le-25-octobre-2023-n24-01617\/#primaryimage"},"thumbnailUrl":"https:\/\/kohenavocats.com\/wp-content\/uploads\/2024\/11\/margaret-jaszowska-iJ4qhyNQEjE-unsplash.webp","datePublished":"2026-04-25T17:06:01+00:00","description":"Pr\u00e9sident du tribunal judiciaire de Bordeaux, 16 juin 2025, statuant selon la proc\u00e9dure acc\u00e9l\u00e9r\u00e9e au fond. Le litige oppose un syndicat des copropri\u00e9taires \u00e0...","breadcrumb":{"@id":"https:\/\/kohenavocats.com\/en\/tribunal-judiciaire-le-25-octobre-2023-n24-01617\/#breadcrumb"},"inLanguage":"en-US","potentialAction":[{"@type":"ReadAction","target":["https:\/\/kohenavocats.com\/en\/tribunal-judiciaire-le-25-octobre-2023-n24-01617\/"]}]},{"@type":"ImageObject","inLanguage":"en-US","@id":"https:\/\/kohenavocats.com\/en\/tribunal-judiciaire-le-25-octobre-2023-n24-01617\/#primaryimage","url":"https:\/\/kohenavocats.com\/wp-content\/uploads\/2024\/11\/margaret-jaszowska-iJ4qhyNQEjE-unsplash.webp","contentUrl":"https:\/\/kohenavocats.com\/wp-content\/uploads\/2024\/11\/margaret-jaszowska-iJ4qhyNQEjE-unsplash.webp","width":4288,"height":2848},{"@type":"BreadcrumbList","@id":"https:\/\/kohenavocats.com\/en\/tribunal-judiciaire-le-25-octobre-2023-n24-01617\/#breadcrumb","itemListElement":[{"@type":"ListItem","position":1,"name":"Home","item":"https:\/\/kohenavocats.com\/en\/criminal-law-attorneys-in-paris-counsel-and-strategic-defense\/"},{"@type":"ListItem","position":2,"name":"Tribunal judiciaire, le 25 octobre 2023, n\u00b024\/01617"}]},{"@type":"WebSite","@id":"https:\/\/kohenavocats.com\/en\/#website","url":"https:\/\/kohenavocats.com\/en\/","name":"Kohen Avocats","description":"Ma\u00eetre Hassan Kohen, avocat p\u00e9naliste \u00e0 Paris, intervient exclusivement en droit p\u00e9nal pour la d\u00e9fense des particuliers, notamment en mati\u00e8re d\u2019accusations de viol. Il assure un accompagnement rigoureux d\u00e8s la garde \u00e0 vue jusqu\u2019\u00e0 la Cour d\u2019assises, veillant au strict respect des garanties proc\u00e9durales.","publisher":{"@id":"https:\/\/kohenavocats.com\/en\/#organization"},"potentialAction":[{"@type":"SearchAction","target":{"@type":"EntryPoint","urlTemplate":"https:\/\/kohenavocats.com\/en\/?s={search_term_string}"},"query-input":{"@type":"PropertyValueSpecification","valueRequired":true,"valueName":"search_term_string"}}],"inLanguage":"en-US"},{"@type":"Organization","@id":"https:\/\/kohenavocats.com\/en\/#organization","name":"Kohen Avocats","url":"https:\/\/kohenavocats.com\/en\/","logo":{"@type":"ImageObject","inLanguage":"en-US","@id":"https:\/\/kohenavocats.com\/en\/#\/schema\/logo\/image\/","url":"https:\/\/kohenavocats.com\/wp-content\/uploads\/2026\/01\/Logo-2-1.webp","contentUrl":"https:\/\/kohenavocats.com\/wp-content\/uploads\/2026\/01\/Logo-2-1.webp","width":2114,"height":1253,"caption":"Kohen Avocats"},"image":{"@id":"https:\/\/kohenavocats.com\/en\/#\/schema\/logo\/image\/"}},{"@type":"Person","@id":"https:\/\/kohenavocats.com\/en\/#\/schema\/person\/761c9ba54fa1ca84d405cef0831ff751","name":"Kohen","image":{"@type":"ImageObject","inLanguage":"en-US","@id":"https:\/\/secure.gravatar.com\/avatar\/1c5e76ef76bbbfdd2b4da984e2bf2fa4056fd51a27d25ce2c332047f1dfd6e00?s=96&d=identicon&r=g","url":"https:\/\/secure.gravatar.com\/avatar\/1c5e76ef76bbbfdd2b4da984e2bf2fa4056fd51a27d25ce2c332047f1dfd6e00?s=96&d=identicon&r=g","contentUrl":"https:\/\/secure.gravatar.com\/avatar\/1c5e76ef76bbbfdd2b4da984e2bf2fa4056fd51a27d25ce2c332047f1dfd6e00?s=96&d=identicon&r=g","caption":"Kohen"},"sameAs":["https:\/\/www.linkedin.com\/in\/hassan-kohen-448548192\/","https:\/\/www.youtube.com\/@Kohen-Avocats"],"url":"https:\/\/kohenavocats.com\/en\/author\/kohenmlk\/"}]}},"jetpack_featured_media_url":"https:\/\/kohenavocats.com\/wp-content\/uploads\/2024\/11\/margaret-jaszowska-iJ4qhyNQEjE-unsplash.webp","jetpack_likes_enabled":false,"jetpack_shortlink":"https:\/\/wp.me\/peCrII-2RTE","jetpack-related-posts":[{"id":483654,"url":"https:\/\/kohenavocats.com\/en\/tribunal-judiciaire-de-marseille-le-29-octobre-2024-n24-07092\/","url_meta":{"origin":683838,"position":0},"title":"Tribunal judiciaire de Marseille, le 29 octobre 2024, n\u00b024\/07092","author":"Kohen","date":"8 April 2026","format":false,"excerpt":"Le juge des contentieux de la protection a rendu un jugement r\u00e9put\u00e9 contradictoire le 29 octobre 2024. Le syndicat des copropri\u00e9taires poursuivait le recouvr...","rel":"","context":"In &quot;Jurisprudence&quot;","block_context":{"text":"Jurisprudence","link":"https:\/\/kohenavocats.com\/category\/jurisprudence\/"},"img":{"alt_text":"","src":"https:\/\/i0.wp.com\/kohenavocats.com\/wp-content\/uploads\/2024\/11\/ph-m-nh-t-mvZ5PsuW1lk-unsplash.webp?resize=350%2C200&ssl=1","width":350,"height":200,"srcset":"https:\/\/i0.wp.com\/kohenavocats.com\/wp-content\/uploads\/2024\/11\/ph-m-nh-t-mvZ5PsuW1lk-unsplash.webp?resize=350%2C200&ssl=1 1x, https:\/\/i0.wp.com\/kohenavocats.com\/wp-content\/uploads\/2024\/11\/ph-m-nh-t-mvZ5PsuW1lk-unsplash.webp?resize=525%2C300&ssl=1 1.5x, https:\/\/i0.wp.com\/kohenavocats.com\/wp-content\/uploads\/2024\/11\/ph-m-nh-t-mvZ5PsuW1lk-unsplash.webp?resize=700%2C400&ssl=1 2x, https:\/\/i0.wp.com\/kohenavocats.com\/wp-content\/uploads\/2024\/11\/ph-m-nh-t-mvZ5PsuW1lk-unsplash.webp?resize=1050%2C600&ssl=1 3x, https:\/\/i0.wp.com\/kohenavocats.com\/wp-content\/uploads\/2024\/11\/ph-m-nh-t-mvZ5PsuW1lk-unsplash.webp?resize=1400%2C800&ssl=1 4x"},"classes":[]},{"id":452843,"url":"https:\/\/kohenavocats.com\/en\/tribunal-judiciaire-le-12-aout-2025-n25-00464\/","url_meta":{"origin":683838,"position":1},"title":"Tribunal judiciaire, le 12 ao\u00fbt 2025, n\u00b025\/00464","author":"Kohen","date":"6 April 2026","format":false,"excerpt":"Le Tribunal judiciaire de Thionville, statuant le 12 ao\u00fbt 2025, a \u00e9t\u00e9 saisi par le syndicat des copropri\u00e9taires d\u2019un immeuble en vue d\u2019obtenir le paiement...","rel":"","context":"In &quot;D\u00e9cisions juridiques&quot;","block_context":{"text":"D\u00e9cisions juridiques","link":"https:\/\/kohenavocats.com\/category\/decisions-juridiques\/"},"img":{"alt_text":"","src":"https:\/\/i0.wp.com\/kohenavocats.com\/wp-content\/uploads\/2024\/07\/dmitrij-paskevic-YjVa-F9P9kk-unsplash.webp?resize=350%2C200&ssl=1","width":350,"height":200,"srcset":"https:\/\/i0.wp.com\/kohenavocats.com\/wp-content\/uploads\/2024\/07\/dmitrij-paskevic-YjVa-F9P9kk-unsplash.webp?resize=350%2C200&ssl=1 1x, https:\/\/i0.wp.com\/kohenavocats.com\/wp-content\/uploads\/2024\/07\/dmitrij-paskevic-YjVa-F9P9kk-unsplash.webp?resize=525%2C300&ssl=1 1.5x, https:\/\/i0.wp.com\/kohenavocats.com\/wp-content\/uploads\/2024\/07\/dmitrij-paskevic-YjVa-F9P9kk-unsplash.webp?resize=700%2C400&ssl=1 2x, https:\/\/i0.wp.com\/kohenavocats.com\/wp-content\/uploads\/2024\/07\/dmitrij-paskevic-YjVa-F9P9kk-unsplash.webp?resize=1050%2C600&ssl=1 3x, https:\/\/i0.wp.com\/kohenavocats.com\/wp-content\/uploads\/2024\/07\/dmitrij-paskevic-YjVa-F9P9kk-unsplash.webp?resize=1400%2C800&ssl=1 4x"},"classes":[]},{"id":479073,"url":"https:\/\/kohenavocats.com\/en\/tribunal-judiciaire-le-28-octobre-2025-n25-06520\/","url_meta":{"origin":683838,"position":2},"title":"Tribunal judiciaire, le 28 octobre 2025, n\u00b025\/06520","author":"Kohen","date":"7 April 2026","format":false,"excerpt":"Le tribunal judiciaire, statuant par jugement r\u00e9put\u00e9 contradictoire, a \u00e9t\u00e9 saisi d\u2019une demande en paiement de charges de copropri\u00e9t\u00e9 impay\u00e9es. Le syndicat de...","rel":"","context":"In &quot;Jurisprudence&quot;","block_context":{"text":"Jurisprudence","link":"https:\/\/kohenavocats.com\/category\/jurisprudence\/"},"img":{"alt_text":"","src":"https:\/\/i0.wp.com\/kohenavocats.com\/wp-content\/uploads\/2024\/07\/wesley-tingey-kjXbfNTPMHY-unsplash.webp?resize=350%2C200&ssl=1","width":350,"height":200,"srcset":"https:\/\/i0.wp.com\/kohenavocats.com\/wp-content\/uploads\/2024\/07\/wesley-tingey-kjXbfNTPMHY-unsplash.webp?resize=350%2C200&ssl=1 1x, https:\/\/i0.wp.com\/kohenavocats.com\/wp-content\/uploads\/2024\/07\/wesley-tingey-kjXbfNTPMHY-unsplash.webp?resize=525%2C300&ssl=1 1.5x, https:\/\/i0.wp.com\/kohenavocats.com\/wp-content\/uploads\/2024\/07\/wesley-tingey-kjXbfNTPMHY-unsplash.webp?resize=700%2C400&ssl=1 2x, https:\/\/i0.wp.com\/kohenavocats.com\/wp-content\/uploads\/2024\/07\/wesley-tingey-kjXbfNTPMHY-unsplash.webp?resize=1050%2C600&ssl=1 3x, https:\/\/i0.wp.com\/kohenavocats.com\/wp-content\/uploads\/2024\/07\/wesley-tingey-kjXbfNTPMHY-unsplash.webp?resize=1400%2C800&ssl=1 4x"},"classes":[]},{"id":686074,"url":"https:\/\/kohenavocats.com\/en\/cour-dappel-de-aix-en-provence-le-26-juin-2025-n24-09277\/","url_meta":{"origin":683838,"position":3},"title":"Cour d&#8217;appel de Aix-en-Provence, le 26 juin 2025, n\u00b024\/09277","author":"Kohen","date":"25 April 2026","format":false,"excerpt":"Par arr\u00eat du 26 juin 2025, Cour d\u2019appel d\u2019Aix-en-Provence, la juridiction a tranch\u00e9 un contentieux de charges de copropri\u00e9t\u00e9 opposant un copropri\u00e9taire perso...","rel":"","context":"In &quot;Jurisprudence&quot;","block_context":{"text":"Jurisprudence","link":"https:\/\/kohenavocats.com\/category\/jurisprudence\/"},"img":{"alt_text":"","src":"https:\/\/i0.wp.com\/kohenavocats.com\/wp-content\/uploads\/2024\/08\/patrick-robert-doyle-OvXht_wi5Ew-unsplash.webp?resize=350%2C200&ssl=1","width":350,"height":200,"srcset":"https:\/\/i0.wp.com\/kohenavocats.com\/wp-content\/uploads\/2024\/08\/patrick-robert-doyle-OvXht_wi5Ew-unsplash.webp?resize=350%2C200&ssl=1 1x, https:\/\/i0.wp.com\/kohenavocats.com\/wp-content\/uploads\/2024\/08\/patrick-robert-doyle-OvXht_wi5Ew-unsplash.webp?resize=525%2C300&ssl=1 1.5x, https:\/\/i0.wp.com\/kohenavocats.com\/wp-content\/uploads\/2024\/08\/patrick-robert-doyle-OvXht_wi5Ew-unsplash.webp?resize=700%2C400&ssl=1 2x, https:\/\/i0.wp.com\/kohenavocats.com\/wp-content\/uploads\/2024\/08\/patrick-robert-doyle-OvXht_wi5Ew-unsplash.webp?resize=1050%2C600&ssl=1 3x, https:\/\/i0.wp.com\/kohenavocats.com\/wp-content\/uploads\/2024\/08\/patrick-robert-doyle-OvXht_wi5Ew-unsplash.webp?resize=1400%2C800&ssl=1 4x"},"classes":[]},{"id":670721,"url":"https:\/\/kohenavocats.com\/en\/tribunal-judiciaire-de-grenoble-le-10-octobre-2025-n25-01150\/","url_meta":{"origin":683838,"position":4},"title":"Tribunal judiciaire de Grenoble, le 10 octobre 2025, n\u00b025\/01150","author":"Kohen","date":"24 April 2026","format":false,"excerpt":"Le tribunal judiciaire, statuant le 10 octobre 2025, a examin\u00e9 une action en recouvrement de charges de copropri\u00e9t\u00e9. Le syndicat demandait le paiement d\u2019arri...","rel":"","context":"In &quot;Code des assurances&quot;","block_context":{"text":"Code des assurances","link":"https:\/\/kohenavocats.com\/category\/code-des-assurances\/"},"img":{"alt_text":"","src":"https:\/\/i0.wp.com\/kohenavocats.com\/wp-content\/uploads\/2024\/11\/laura-adai-QMJsqsUvCmA-unsplash.webp?resize=350%2C200&ssl=1","width":350,"height":200,"srcset":"https:\/\/i0.wp.com\/kohenavocats.com\/wp-content\/uploads\/2024\/11\/laura-adai-QMJsqsUvCmA-unsplash.webp?resize=350%2C200&ssl=1 1x, https:\/\/i0.wp.com\/kohenavocats.com\/wp-content\/uploads\/2024\/11\/laura-adai-QMJsqsUvCmA-unsplash.webp?resize=525%2C300&ssl=1 1.5x, https:\/\/i0.wp.com\/kohenavocats.com\/wp-content\/uploads\/2024\/11\/laura-adai-QMJsqsUvCmA-unsplash.webp?resize=700%2C400&ssl=1 2x, https:\/\/i0.wp.com\/kohenavocats.com\/wp-content\/uploads\/2024\/11\/laura-adai-QMJsqsUvCmA-unsplash.webp?resize=1050%2C600&ssl=1 3x, https:\/\/i0.wp.com\/kohenavocats.com\/wp-content\/uploads\/2024\/11\/laura-adai-QMJsqsUvCmA-unsplash.webp?resize=1400%2C800&ssl=1 4x"},"classes":[]},{"id":634707,"url":"https:\/\/kohenavocats.com\/en\/tribunal-judiciaire-de-versailles-le-29-octobre-2024-n25-00523\/","url_meta":{"origin":683838,"position":5},"title":"Tribunal judiciaire de Versailles, le 29 octobre 2024, n\u00b025\/00523","author":"Kohen","date":"21 April 2026","format":false,"excerpt":"Le tribunal de proximit\u00e9, par jugement du 29 octobre 2024, statue sur un recouvrement de charges de copropri\u00e9t\u00e9. Le syndicat demande le paiement des sommes d...","rel":"","context":"In &quot;Jurisprudence&quot;","block_context":{"text":"Jurisprudence","link":"https:\/\/kohenavocats.com\/category\/jurisprudence\/"},"img":{"alt_text":"","src":"https:\/\/i0.wp.com\/kohenavocats.com\/wp-content\/uploads\/2024\/11\/kateryna-hliznitsova-jkHkBZJGYx0-unsplash.webp?resize=350%2C200&ssl=1","width":350,"height":200,"srcset":"https:\/\/i0.wp.com\/kohenavocats.com\/wp-content\/uploads\/2024\/11\/kateryna-hliznitsova-jkHkBZJGYx0-unsplash.webp?resize=350%2C200&ssl=1 1x, https:\/\/i0.wp.com\/kohenavocats.com\/wp-content\/uploads\/2024\/11\/kateryna-hliznitsova-jkHkBZJGYx0-unsplash.webp?resize=525%2C300&ssl=1 1.5x, https:\/\/i0.wp.com\/kohenavocats.com\/wp-content\/uploads\/2024\/11\/kateryna-hliznitsova-jkHkBZJGYx0-unsplash.webp?resize=700%2C400&ssl=1 2x, https:\/\/i0.wp.com\/kohenavocats.com\/wp-content\/uploads\/2024\/11\/kateryna-hliznitsova-jkHkBZJGYx0-unsplash.webp?resize=1050%2C600&ssl=1 3x, https:\/\/i0.wp.com\/kohenavocats.com\/wp-content\/uploads\/2024\/11\/kateryna-hliznitsova-jkHkBZJGYx0-unsplash.webp?resize=1400%2C800&ssl=1 4x"},"classes":[]}],"jetpack_sharing_enabled":true,"_links":{"self":[{"href":"https:\/\/kohenavocats.com\/en\/wp-json\/wp\/v2\/posts\/683838","targetHints":{"allow":["GET"]}}],"collection":[{"href":"https:\/\/kohenavocats.com\/en\/wp-json\/wp\/v2\/posts"}],"about":[{"href":"https:\/\/kohenavocats.com\/en\/wp-json\/wp\/v2\/types\/post"}],"author":[{"embeddable":true,"href":"https:\/\/kohenavocats.com\/en\/wp-json\/wp\/v2\/users\/232070755"}],"replies":[{"embeddable":true,"href":"https:\/\/kohenavocats.com\/en\/wp-json\/wp\/v2\/comments?post=683838"}],"version-history":[{"count":0,"href":"https:\/\/kohenavocats.com\/en\/wp-json\/wp\/v2\/posts\/683838\/revisions"}],"wp:featuredmedia":[{"embeddable":true,"href":"https:\/\/kohenavocats.com\/en\/wp-json\/wp\/v2\/media\/9607"}],"wp:attachment":[{"href":"https:\/\/kohenavocats.com\/en\/wp-json\/wp\/v2\/media?parent=683838"}],"wp:term":[{"taxonomy":"category","embeddable":true,"href":"https:\/\/kohenavocats.com\/en\/wp-json\/wp\/v2\/categories?post=683838"},{"taxonomy":"post_tag","embeddable":true,"href":"https:\/\/kohenavocats.com\/en\/wp-json\/wp\/v2\/tags?post=683838"}],"curies":[{"name":"wp","href":"https:\/\/api.w.org\/{rel}","templated":true}]}}