{"id":684407,"date":"2026-04-25T19:36:47","date_gmt":"2026-04-25T17:36:47","guid":{"rendered":"https:\/\/kohenavocats.com\/cour-dappel-de-paris-le-5-septembre-2025-n23-13105\/"},"modified":"2026-04-25T19:36:47","modified_gmt":"2026-04-25T17:36:47","slug":"cour-dappel-de-paris-le-5-septembre-2025-n23-13105","status":"publish","type":"post","link":"https:\/\/kohenavocats.com\/en\/cour-dappel-de-paris-le-5-septembre-2025-n23-13105\/","title":{"rendered":"Cour d&#8217;appel de Paris, le 5 septembre 2025, n\u00b023\/13105"},"content":{"rendered":"<div class=\"article-content\">\n<p>La Cour d&#8217;appel de Paris, 5 septembre 2025, P\u00f4le 4 \u2013 Chambre 1, statue sur les effets d\u2019une condition suspensive d\u2019obtention de pr\u00eat stipul\u00e9e dans une promesse unilat\u00e9rale de vente portant sur des locaux \u00e0 usage d\u2019activit\u00e9s. L\u2019arr\u00eat confronte l\u2019articulation entre libert\u00e9 contractuelle, charge de la preuve pesant sur le b\u00e9n\u00e9ficiaire, et sort de l\u2019indemnit\u00e9 d\u2019immobilisation en cas de d\u00e9faillance imputable.<\/p>\n<p>Les faits tiennent en une promesse conclue d\u00e9but 2020, assortie d\u2019une condition suspensive d\u2019obtention d\u2019au moins une offre de pr\u00eat conforme, et d\u2019une obligation de d\u00e9p\u00f4t des demandes dans un d\u00e9lai de quinze jours. Une indemnit\u00e9 d\u2019immobilisation de 110 000 euros \u00e9tait convenue, dont 55 000 euros vers\u00e9s en s\u00e9questre. Les d\u00e9lais ont \u00e9t\u00e9 prorog\u00e9s, puis des refus bancaires sont intervenus post\u00e9rieurement, tandis qu\u2019une mise en demeure de payer l\u2019indemnit\u00e9 a \u00e9t\u00e9 adress\u00e9e.<\/p>\n<p>La proc\u00e9dure a conduit le tribunal judiciaire de Paris, le 24 mai 2023, \u00e0 condamner le b\u00e9n\u00e9ficiaire au paiement de l\u2019indemnit\u00e9 et \u00e0 autoriser la lib\u00e9ration de la somme s\u00e9questr\u00e9e. En appel, le b\u00e9n\u00e9ficiaire demandait la restitution de l\u2019indemnit\u00e9 en invoquant notamment l\u2019ordre public du cr\u00e9dit immobilier et la facult\u00e9 de substitution, tandis que le promettant sollicitait la confirmation et, subsidiairement, des dommages et int\u00e9r\u00eats.<\/p>\n<p>La question \u00e9tait de savoir si, au regard des stipulations contractuelles et du droit commun des conditions, la condition suspensive devait \u00eatre r\u00e9put\u00e9e accomplie faute de diligences et de demandes de pr\u00eat conformes et opportunes, et si l\u2019indemnit\u00e9 pouvait \u00eatre conserv\u00e9e sans que la mise en demeure contractuelle soit un pr\u00e9alable obligatoire. La cour confirme la condamnation, juge inop\u00e9rant le r\u00e9gime consum\u00e9riste, retient une exigence probatoire stricte, et admet la conservation de l\u2019indemnit\u00e9 sur le fondement du droit commun.<\/p>\n<p>I. La d\u00e9limitation du cadre contractuel et probatoire<\/p>\n<p>A. L\u2019inapplicabilit\u00e9 du r\u00e9gime consum\u00e9riste et la primaut\u00e9 de la libert\u00e9 contractuelle<\/p>\n<p>La cour commence par fixer le socle normatif en rappelant que \u00ab Il r\u00e9sulte des articles 1103, 1104 et 1193 du code civil que les contrats l\u00e9galement form\u00e9s tiennent lieu de loi \u00e0 ceux qui les ont faits, qu&#8217;ils doivent \u00eatre n\u00e9goci\u00e9s, form\u00e9s et ex\u00e9cut\u00e9s de bonne foi et ne peuvent \u00eatre modifi\u00e9s ou r\u00e9voqu\u00e9s que du consentement mutuel des parties ou pour les causes que la loi autorise. \u00bb La qualification du bien, \u00e0 usage d\u2019activit\u00e9s, exclut l\u2019application des dispositions du code de la consommation relatives au cr\u00e9dit immobilier.<\/p>\n<p>Dans ce cadre, la cour souligne que \u00ab Il s&#8217;ensuit que les parties avaient la possibilit\u00e9 de pr\u00e9voir, au titre des diligences \u00e0 accomplir par le b\u00e9n\u00e9ficiaire, qu&#8217;il doive d\u00e9poser la ou les demandes de pr\u00eats dans les quinze jours calendaires de la promesse de vente, soit avant le 21 f\u00e9vrier 2020. \u00bb La stipulation d\u2019un d\u00e9lai bref de d\u00e9p\u00f4t des demandes entre alors dans la libre organisation contractuelle des diligences n\u00e9cessaires \u00e0 la r\u00e9alisation de la condition.<\/p>\n<p>Cette approche \u00e9carte l\u2019argument tir\u00e9 de l\u2019ordre public consum\u00e9riste, inadapt\u00e9 \u00e0 une op\u00e9ration non r\u00e9sidentielle, et r\u00e9affirme la force obligatoire d\u2019un calendrier probatoire pr\u00e9cis. Elle inscrit aussi l\u2019analyse dans la logique de bonne foi d\u2019ex\u00e9cution, sans d\u00e9naturer l\u2019\u00e9conomie de l\u2019avant-contrat.<\/p>\n<p>B. La charge de la preuve et l\u2019exigence de stricte conformit\u00e9 des demandes<\/p>\n<p>La cour rappelle ensuite une r\u00e8gle ferme, d\u00e9j\u00e0 \u00e9prouv\u00e9e par la jurisprudence civile: \u00ab Il incombe au b\u00e9n\u00e9ficiaire d&#8217;une promesse de vente oblig\u00e9 sous condition suspensive de l&#8217;obtention d&#8217;un pr\u00eat de d\u00e9montrer qu&#8217;il a sollicit\u00e9 un pr\u00eat conforme aux caract\u00e9ristiques pr\u00e9vues dans la promesse de vente. \u00bb Faute d\u2019une telle d\u00e9monstration, la sanction est claire: \u00ab La condition est r\u00e9put\u00e9e accomplie si le b\u00e9n\u00e9ficiaire ne rapporte pas cette preuve. \u00bb<\/p>\n<p>Le contr\u00f4le porte sur l\u2019ad\u00e9quation exacte aux param\u00e8tres contractuels (montant, dur\u00e9e, taux), ainsi que sur la diligence de pr\u00e9sentation. La motivation insiste: \u00ab Ainsi, les documents produits par le b\u00e9n\u00e9ficiaire doivent mettre en exergue une demande de financement exactement conforme aux pr\u00e9visions de la promesse, la premi\u00e8re diligence attendue du b\u00e9n\u00e9ficiaire \u00e9tant de solliciter un ou des pr\u00eats conformes aux conditions pr\u00e9vues dans le contrat, qu&#8217;il s&#8217;agisse du montant, de la dur\u00e9e ou du taux. \u00bb Les pi\u00e8ces produites, tardives et incompl\u00e8tement document\u00e9es, ne satisfaisaient pas ce standard.<\/p>\n<p>La cour ajoute que l\u2019\u00e9ventuelle substitution, m\u00eame admise en principe, n\u2019exon\u00e8re pas de la preuve du d\u00e9p\u00f4t, dans les d\u00e9lais, de demandes conformes aux caract\u00e9ristiques convenues. La solution s\u2019inscrit dans la ligne de la premi\u00e8re chambre civile (Civ. 1re, 13 f\u00e9vr. 2001, n\u00b0 98-17.881; Civ. 1re, 7 mai 2002, n\u00b0 99-17.520), qui rattache l\u2019issue de la condition \u00e0 la rigueur probatoire du b\u00e9n\u00e9ficiaire. La condition est d\u00e8s lors r\u00e9put\u00e9e accomplie en application de l\u2019article 1304-3, dont la cour rappelle l\u2019\u00e9nonc\u00e9: \u00ab Par ailleurs, en application des dispositions de l&#8217;article 1304-3 du m\u00eame code, la condition suspensive est r\u00e9put\u00e9e accomplie si celui qui y avait int\u00e9r\u00eat en a emp\u00each\u00e9 l&#8217;accomplissement. \u00bb<\/p>\n<p>II. La port\u00e9e de la solution et ses enseignements pratiques<\/p>\n<p>A. L\u2019articulation entre droit commun des conditions et clause de mise en demeure<\/p>\n<p>La cour clarifie le statut de la mise en demeure pr\u00e9vue par l\u2019avant-contrat. Elle juge que la stipulation d\u2019une proc\u00e9dure unilat\u00e9rale de constatation de la d\u00e9faillance, laiss\u00e9e \u00e0 la discr\u00e9tion du cr\u00e9ancier, ne prive pas ce dernier de la possibilit\u00e9 de se placer sur le terrain du droit commun lorsque le manquement du b\u00e9n\u00e9ficiaire est \u00e9tabli. La mise en demeure qualifi\u00e9e de \u00ab facult\u00e9 \u00bb n\u2019est pas un pr\u00e9alable n\u00e9cessaire \u00e0 la conservation de l\u2019indemnit\u00e9.<\/p>\n<p>Cette position renforce la coh\u00e9rence du r\u00e9gime: la sanction d\u00e9coule d\u2019abord de la d\u00e9faillance imputable et de l\u2019accomplissement r\u00e9put\u00e9 de la condition, non d\u2019un formalisme additionnel \u00e9rig\u00e9 en condition de validit\u00e9. Elle s\u00e9curise la pr\u00e9visibilit\u00e9 du sort de l\u2019indemnit\u00e9 d\u2019immobilisation lorsque la preuve des diligences conformes fait d\u00e9faut. Le risque en contrepartie tient \u00e0 une moindre modulation des effets lorsque les refus bancaires existent mais ne sont pas suffisamment document\u00e9s.<\/p>\n<p>La solution demeure pourtant mesur\u00e9e: elle n\u2019\u00e9carte pas les clauses proc\u00e9durales utiles, elle refuse seulement d\u2019en faire un verrou obligatoire lorsque la d\u00e9faillance ressort du dossier. Elle \u00e9vite aussi de d\u00e9naturer l\u2019\u00e9conomie du contrat en superposant un formalisme qui ne figurait pas comme condition imp\u00e9rative \u00e0 la conservation de l\u2019indemnit\u00e9.<\/p>\n<p>B. Substitution, documentation du financement et indemnit\u00e9 d\u2019immobilisation<\/p>\n<p>L\u2019arr\u00eat livre des enseignements op\u00e9rationnels. La facult\u00e9 de substitution ne suffit pas \u00e0 elle seule: elle appelle une tra\u00e7abilit\u00e9 probante des demandes de pr\u00eat, rigoureusement align\u00e9es sur les param\u00e8tres convenus, et d\u00e9pos\u00e9es dans les d\u00e9lais. \u00c0 d\u00e9faut, l\u2019argument tir\u00e9 de la substitution ne pallie ni l\u2019insuffisance des pi\u00e8ces, ni l\u2019approximation des caract\u00e9ristiques financi\u00e8res pr\u00e9sent\u00e9es.<\/p>\n<p>S\u2019agissant de l\u2019indemnit\u00e9, la cons\u00e9quence est directe. Quand la condition est r\u00e9put\u00e9e accomplie en raison des manquements du b\u00e9n\u00e9ficiaire, l\u2019indemnit\u00e9 d\u2019immobilisation demeure acquise au promettant. L\u2019intervention du s\u00e9questre s\u2019inscrit alors dans l\u2019ex\u00e9cution des stipulations contractuelles et de la d\u00e9cision de justice. La port\u00e9e pratique est nette: les b\u00e9n\u00e9ficiaires doivent constituer et conserver des dossiers bancaires complets, r\u00e9capitulant montant, dur\u00e9e et taux, et \u00e9tablir la chronologie de leurs d\u00e9marches.<\/p>\n<p>L\u2019arr\u00eat promeut un standard probatoire \u00e9lev\u00e9, adapt\u00e9 aux op\u00e9rations professionnelles et conforme \u00e0 l\u2019id\u00e9e de s\u00e9curit\u00e9 contractuelle. Il incite \u00e0 un calibrage pr\u00e9cis des clauses de condition suspensive, \u00e0 une organisation documentaire soigneuse, et \u00e0 un usage avis\u00e9 des facult\u00e9s pr\u00e9vues par l\u2019avant-contrat, sans escompter une protection consum\u00e9riste hors de son champ. En d\u00e9finitive, la rigueur exig\u00e9e quant aux diligences et au contenu des demandes de pr\u00eat gouverne le sort de la condition et de l\u2019indemnit\u00e9.<\/p>\n<\/div>\n","protected":false},"excerpt":{"rendered":"<p>La Cour d&#8217;appel de Paris, 5 septembre 2025, P\u00f4le 4 \u2013 Chambre 1, statue sur les effets d\u2019une condition suspensive d\u2019obtention de pr\u00eat stipul\u00e9e dans une promes&#8230;<\/p>\n","protected":false},"author":232070755,"featured_media":4696,"comment_status":"open","ping_status":"open","sticky":false,"template":"","format":"standard","meta":{"_crdt_document":"","_jetpack_newsletter_access":"","_jetpack_dont_email_post_to_subs":false,"_jetpack_newsletter_tier_id":0,"_jetpack_memberships_contains_paywalled_content":false,"_kj_source_type":"","_kj_official_id":"","_kj_official_url":"","_kj_judilibre_id":"","_kj_jur":"","_kj_lieu":"","_kj_chambre":"","_kj_rg":"","_kj_date":"","_jetpack_memberships_contains_paid_content":false,"footnotes":"","jetpack_post_was_ever_published":false},"categories":[7597],"tags":[],"class_list":["post-684407","post","type-post","status-publish","format-standard","has-post-thumbnail","hentry","category-jurisprudence"],"yoast_head":"<!-- This site is optimized with the Yoast SEO Premium plugin v27.4 (Yoast SEO v27.4) - https:\/\/yoast.com\/product\/yoast-seo-premium-wordpress\/ -->\n<title>Cour d&#039;appel de Paris, le 5 septembre 2025, n\u00b023\/13105 - Ma\u00eetre Hassan Kohen, avocat en droit p\u00e9nal \u00e0 Paris<\/title>\n<meta name=\"description\" content=\"La Cour d&#039;appel de Paris, 5 septembre 2025, P\u00f4le 4 \u2013 Chambre 1, statue sur les effets d\u2019une condition suspensive d\u2019obtention de pr\u00eat stipul\u00e9e dans une promes...\" \/>\n<meta name=\"robots\" content=\"index, follow, max-snippet:-1, max-image-preview:large, max-video-preview:-1\" \/>\n<link rel=\"canonical\" href=\"https:\/\/kohenavocats.com\/en\/cour-dappel-de-paris-le-5-septembre-2025-n23-13105\/\" \/>\n<meta property=\"og:locale\" content=\"en_US\" \/>\n<meta property=\"og:type\" content=\"article\" \/>\n<meta property=\"og:title\" content=\"Cour d&#039;appel de Paris, le 5 septembre 2025, n\u00b023\/13105\" \/>\n<meta property=\"og:description\" content=\"La Cour d&#039;appel de Paris, 5 septembre 2025, P\u00f4le 4 \u2013 Chambre 1, statue sur les effets d\u2019une condition suspensive d\u2019obtention de pr\u00eat stipul\u00e9e dans une promes...\" \/>\n<meta property=\"og:url\" content=\"https:\/\/kohenavocats.com\/en\/cour-dappel-de-paris-le-5-septembre-2025-n23-13105\/\" \/>\n<meta property=\"og:site_name\" content=\"Ma\u00eetre Hassan Kohen, avocat en droit p\u00e9nal \u00e0 Paris\" \/>\n<meta property=\"article:published_time\" content=\"2026-04-25T17:36:47+00:00\" \/>\n<meta property=\"og:image\" content=\"https:\/\/kohenavocats.com\/wp-content\/uploads\/2024\/08\/peter-ivey-hansen-K3qrgjT7N2M-unsplash.webp\" \/>\n\t<meta property=\"og:image:width\" content=\"5257\" \/>\n\t<meta property=\"og:image:height\" content=\"3755\" \/>\n\t<meta property=\"og:image:type\" content=\"image\/webp\" \/>\n<meta name=\"author\" content=\"Kohen\" \/>\n<meta name=\"twitter:card\" content=\"summary_large_image\" \/>\n<meta name=\"twitter:label1\" content=\"Written by\" \/>\n\t<meta name=\"twitter:data1\" content=\"Kohen\" \/>\n\t<meta name=\"twitter:label2\" content=\"Est. reading time\" \/>\n\t<meta name=\"twitter:data2\" content=\"7 minutes\" \/>\n<script type=\"application\/ld+json\" class=\"yoast-schema-graph\">{\"@context\":\"https:\\\/\\\/schema.org\",\"@graph\":[{\"@type\":\"Article\",\"@id\":\"https:\\\/\\\/kohenavocats.com\\\/en\\\/cour-dappel-de-paris-le-5-septembre-2025-n23-13105\\\/#article\",\"isPartOf\":{\"@id\":\"https:\\\/\\\/kohenavocats.com\\\/en\\\/cour-dappel-de-paris-le-5-septembre-2025-n23-13105\\\/\"},\"author\":{\"name\":\"Kohen\",\"@id\":\"https:\\\/\\\/kohenavocats.com\\\/en\\\/#\\\/schema\\\/person\\\/761c9ba54fa1ca84d405cef0831ff751\"},\"headline\":\"Cour d&#8217;appel de Paris, le 5 septembre 2025, n\u00b023\\\/13105\",\"datePublished\":\"2026-04-25T17:36:47+00:00\",\"mainEntityOfPage\":{\"@id\":\"https:\\\/\\\/kohenavocats.com\\\/en\\\/cour-dappel-de-paris-le-5-septembre-2025-n23-13105\\\/\"},\"wordCount\":1437,\"commentCount\":0,\"publisher\":{\"@id\":\"https:\\\/\\\/kohenavocats.com\\\/en\\\/#organization\"},\"image\":{\"@id\":\"https:\\\/\\\/kohenavocats.com\\\/en\\\/cour-dappel-de-paris-le-5-septembre-2025-n23-13105\\\/#primaryimage\"},\"thumbnailUrl\":\"https:\\\/\\\/kohenavocats.com\\\/wp-content\\\/uploads\\\/2024\\\/08\\\/peter-ivey-hansen-K3qrgjT7N2M-unsplash.webp\",\"articleSection\":[\"Jurisprudence\"],\"inLanguage\":\"en-US\",\"potentialAction\":[{\"@type\":\"CommentAction\",\"name\":\"Comment\",\"target\":[\"https:\\\/\\\/kohenavocats.com\\\/en\\\/cour-dappel-de-paris-le-5-septembre-2025-n23-13105\\\/#respond\"]}],\"citation\":\"Cour d&#8217;appel de Paris, le 5 septembre 2025, n\u00b023\\\/13105\",\"about\":[{\"@type\":\"Thing\",\"name\":\"Jurisprudence\"}],\"dateModified\":\"2026-04-25T17:36:47+00:00\",\"speakable\":{\"@type\":\"SpeakableSpecification\",\"cssSelector\":[\".article-content > p:first-of-type\"]}},{\"@type\":\"WebPage\",\"@id\":\"https:\\\/\\\/kohenavocats.com\\\/en\\\/cour-dappel-de-paris-le-5-septembre-2025-n23-13105\\\/\",\"url\":\"https:\\\/\\\/kohenavocats.com\\\/en\\\/cour-dappel-de-paris-le-5-septembre-2025-n23-13105\\\/\",\"name\":\"Cour d'appel de Paris, le 5 septembre 2025, n\u00b023\\\/13105 - Ma\u00eetre Hassan Kohen, avocat en droit p\u00e9nal \u00e0 Paris\",\"isPartOf\":{\"@id\":\"https:\\\/\\\/kohenavocats.com\\\/en\\\/#website\"},\"primaryImageOfPage\":{\"@id\":\"https:\\\/\\\/kohenavocats.com\\\/en\\\/cour-dappel-de-paris-le-5-septembre-2025-n23-13105\\\/#primaryimage\"},\"image\":{\"@id\":\"https:\\\/\\\/kohenavocats.com\\\/en\\\/cour-dappel-de-paris-le-5-septembre-2025-n23-13105\\\/#primaryimage\"},\"thumbnailUrl\":\"https:\\\/\\\/kohenavocats.com\\\/wp-content\\\/uploads\\\/2024\\\/08\\\/peter-ivey-hansen-K3qrgjT7N2M-unsplash.webp\",\"datePublished\":\"2026-04-25T17:36:47+00:00\",\"description\":\"La Cour d'appel de Paris, 5 septembre 2025, P\u00f4le 4 \u2013 Chambre 1, statue sur les effets d\u2019une condition suspensive d\u2019obtention de pr\u00eat stipul\u00e9e dans une promes...\",\"breadcrumb\":{\"@id\":\"https:\\\/\\\/kohenavocats.com\\\/en\\\/cour-dappel-de-paris-le-5-septembre-2025-n23-13105\\\/#breadcrumb\"},\"inLanguage\":\"en-US\",\"potentialAction\":[{\"@type\":\"ReadAction\",\"target\":[\"https:\\\/\\\/kohenavocats.com\\\/en\\\/cour-dappel-de-paris-le-5-septembre-2025-n23-13105\\\/\"]}]},{\"@type\":\"ImageObject\",\"inLanguage\":\"en-US\",\"@id\":\"https:\\\/\\\/kohenavocats.com\\\/en\\\/cour-dappel-de-paris-le-5-septembre-2025-n23-13105\\\/#primaryimage\",\"url\":\"https:\\\/\\\/kohenavocats.com\\\/wp-content\\\/uploads\\\/2024\\\/08\\\/peter-ivey-hansen-K3qrgjT7N2M-unsplash.webp\",\"contentUrl\":\"https:\\\/\\\/kohenavocats.com\\\/wp-content\\\/uploads\\\/2024\\\/08\\\/peter-ivey-hansen-K3qrgjT7N2M-unsplash.webp\",\"width\":5257,\"height\":3755},{\"@type\":\"BreadcrumbList\",\"@id\":\"https:\\\/\\\/kohenavocats.com\\\/en\\\/cour-dappel-de-paris-le-5-septembre-2025-n23-13105\\\/#breadcrumb\",\"itemListElement\":[{\"@type\":\"ListItem\",\"position\":1,\"name\":\"Home\",\"item\":\"https:\\\/\\\/kohenavocats.com\\\/en\\\/criminal-law-attorneys-in-paris-counsel-and-strategic-defense\\\/\"},{\"@type\":\"ListItem\",\"position\":2,\"name\":\"Cour d&rsquo;appel de Paris, le 5 septembre 2025, n\u00b023\\\/13105\"}]},{\"@type\":\"WebSite\",\"@id\":\"https:\\\/\\\/kohenavocats.com\\\/en\\\/#website\",\"url\":\"https:\\\/\\\/kohenavocats.com\\\/en\\\/\",\"name\":\"Kohen Avocats\",\"description\":\"Ma\u00eetre Hassan Kohen, avocat p\u00e9naliste \u00e0 Paris, intervient exclusivement en droit p\u00e9nal pour la d\u00e9fense des particuliers, notamment en mati\u00e8re d\u2019accusations de viol. Il assure un accompagnement rigoureux d\u00e8s la garde \u00e0 vue jusqu\u2019\u00e0 la Cour d\u2019assises, veillant au strict respect des garanties proc\u00e9durales.\",\"publisher\":{\"@id\":\"https:\\\/\\\/kohenavocats.com\\\/en\\\/#organization\"},\"potentialAction\":[{\"@type\":\"SearchAction\",\"target\":{\"@type\":\"EntryPoint\",\"urlTemplate\":\"https:\\\/\\\/kohenavocats.com\\\/en\\\/?s={search_term_string}\"},\"query-input\":{\"@type\":\"PropertyValueSpecification\",\"valueRequired\":true,\"valueName\":\"search_term_string\"}}],\"inLanguage\":\"en-US\"},{\"@type\":\"Organization\",\"@id\":\"https:\\\/\\\/kohenavocats.com\\\/en\\\/#organization\",\"name\":\"Kohen Avocats\",\"url\":\"https:\\\/\\\/kohenavocats.com\\\/en\\\/\",\"logo\":{\"@type\":\"ImageObject\",\"inLanguage\":\"en-US\",\"@id\":\"https:\\\/\\\/kohenavocats.com\\\/en\\\/#\\\/schema\\\/logo\\\/image\\\/\",\"url\":\"https:\\\/\\\/kohenavocats.com\\\/wp-content\\\/uploads\\\/2026\\\/01\\\/Logo-2-1.webp\",\"contentUrl\":\"https:\\\/\\\/kohenavocats.com\\\/wp-content\\\/uploads\\\/2026\\\/01\\\/Logo-2-1.webp\",\"width\":2114,\"height\":1253,\"caption\":\"Kohen Avocats\"},\"image\":{\"@id\":\"https:\\\/\\\/kohenavocats.com\\\/en\\\/#\\\/schema\\\/logo\\\/image\\\/\"}},{\"@type\":\"Person\",\"@id\":\"https:\\\/\\\/kohenavocats.com\\\/en\\\/#\\\/schema\\\/person\\\/761c9ba54fa1ca84d405cef0831ff751\",\"name\":\"Kohen\",\"image\":{\"@type\":\"ImageObject\",\"inLanguage\":\"en-US\",\"@id\":\"https:\\\/\\\/secure.gravatar.com\\\/avatar\\\/1c5e76ef76bbbfdd2b4da984e2bf2fa4056fd51a27d25ce2c332047f1dfd6e00?s=96&d=identicon&r=g\",\"url\":\"https:\\\/\\\/secure.gravatar.com\\\/avatar\\\/1c5e76ef76bbbfdd2b4da984e2bf2fa4056fd51a27d25ce2c332047f1dfd6e00?s=96&d=identicon&r=g\",\"contentUrl\":\"https:\\\/\\\/secure.gravatar.com\\\/avatar\\\/1c5e76ef76bbbfdd2b4da984e2bf2fa4056fd51a27d25ce2c332047f1dfd6e00?s=96&d=identicon&r=g\",\"caption\":\"Kohen\"},\"sameAs\":[\"https:\\\/\\\/www.linkedin.com\\\/in\\\/hassan-kohen-448548192\\\/\",\"https:\\\/\\\/www.youtube.com\\\/@Kohen-Avocats\"],\"url\":\"https:\\\/\\\/kohenavocats.com\\\/en\\\/author\\\/kohenmlk\\\/\"}]}<\/script>\n<!-- \/ Yoast SEO Premium plugin. -->","yoast_head_json":{"title":"Cour d'appel de Paris, le 5 septembre 2025, n\u00b023\/13105 - Ma\u00eetre Hassan Kohen, avocat en droit p\u00e9nal \u00e0 Paris","description":"La Cour d'appel de Paris, 5 septembre 2025, P\u00f4le 4 \u2013 Chambre 1, statue sur les effets d\u2019une condition suspensive d\u2019obtention de pr\u00eat stipul\u00e9e dans une promes...","robots":{"index":"index","follow":"follow","max-snippet":"max-snippet:-1","max-image-preview":"max-image-preview:large","max-video-preview":"max-video-preview:-1"},"canonical":"https:\/\/kohenavocats.com\/en\/cour-dappel-de-paris-le-5-septembre-2025-n23-13105\/","og_locale":"en_US","og_type":"article","og_title":"Cour d'appel de Paris, le 5 septembre 2025, n\u00b023\/13105","og_description":"La Cour d'appel de Paris, 5 septembre 2025, P\u00f4le 4 \u2013 Chambre 1, statue sur les effets d\u2019une condition suspensive d\u2019obtention de pr\u00eat stipul\u00e9e dans une promes...","og_url":"https:\/\/kohenavocats.com\/en\/cour-dappel-de-paris-le-5-septembre-2025-n23-13105\/","og_site_name":"Ma\u00eetre Hassan Kohen, avocat en droit p\u00e9nal \u00e0 Paris","article_published_time":"2026-04-25T17:36:47+00:00","og_image":[{"width":5257,"height":3755,"url":"https:\/\/kohenavocats.com\/wp-content\/uploads\/2024\/08\/peter-ivey-hansen-K3qrgjT7N2M-unsplash.webp","type":"image\/webp"}],"author":"Kohen","twitter_card":"summary_large_image","twitter_misc":{"Written by":"Kohen","Est. reading time":"7 minutes"},"schema":{"@context":"https:\/\/schema.org","@graph":[{"@type":"Article","@id":"https:\/\/kohenavocats.com\/en\/cour-dappel-de-paris-le-5-septembre-2025-n23-13105\/#article","isPartOf":{"@id":"https:\/\/kohenavocats.com\/en\/cour-dappel-de-paris-le-5-septembre-2025-n23-13105\/"},"author":{"name":"Kohen","@id":"https:\/\/kohenavocats.com\/en\/#\/schema\/person\/761c9ba54fa1ca84d405cef0831ff751"},"headline":"Cour d&#8217;appel de Paris, le 5 septembre 2025, n\u00b023\/13105","datePublished":"2026-04-25T17:36:47+00:00","mainEntityOfPage":{"@id":"https:\/\/kohenavocats.com\/en\/cour-dappel-de-paris-le-5-septembre-2025-n23-13105\/"},"wordCount":1437,"commentCount":0,"publisher":{"@id":"https:\/\/kohenavocats.com\/en\/#organization"},"image":{"@id":"https:\/\/kohenavocats.com\/en\/cour-dappel-de-paris-le-5-septembre-2025-n23-13105\/#primaryimage"},"thumbnailUrl":"https:\/\/kohenavocats.com\/wp-content\/uploads\/2024\/08\/peter-ivey-hansen-K3qrgjT7N2M-unsplash.webp","articleSection":["Jurisprudence"],"inLanguage":"en-US","potentialAction":[{"@type":"CommentAction","name":"Comment","target":["https:\/\/kohenavocats.com\/en\/cour-dappel-de-paris-le-5-septembre-2025-n23-13105\/#respond"]}],"citation":"Cour d&#8217;appel de Paris, le 5 septembre 2025, n\u00b023\/13105","about":[{"@type":"Thing","name":"Jurisprudence"}],"dateModified":"2026-04-25T17:36:47+00:00","speakable":{"@type":"SpeakableSpecification","cssSelector":[".article-content > p:first-of-type"]}},{"@type":"WebPage","@id":"https:\/\/kohenavocats.com\/en\/cour-dappel-de-paris-le-5-septembre-2025-n23-13105\/","url":"https:\/\/kohenavocats.com\/en\/cour-dappel-de-paris-le-5-septembre-2025-n23-13105\/","name":"Cour d'appel de Paris, le 5 septembre 2025, n\u00b023\/13105 - Ma\u00eetre Hassan Kohen, avocat en droit p\u00e9nal \u00e0 Paris","isPartOf":{"@id":"https:\/\/kohenavocats.com\/en\/#website"},"primaryImageOfPage":{"@id":"https:\/\/kohenavocats.com\/en\/cour-dappel-de-paris-le-5-septembre-2025-n23-13105\/#primaryimage"},"image":{"@id":"https:\/\/kohenavocats.com\/en\/cour-dappel-de-paris-le-5-septembre-2025-n23-13105\/#primaryimage"},"thumbnailUrl":"https:\/\/kohenavocats.com\/wp-content\/uploads\/2024\/08\/peter-ivey-hansen-K3qrgjT7N2M-unsplash.webp","datePublished":"2026-04-25T17:36:47+00:00","description":"La Cour d'appel de Paris, 5 septembre 2025, P\u00f4le 4 \u2013 Chambre 1, statue sur les effets d\u2019une condition suspensive d\u2019obtention de pr\u00eat stipul\u00e9e dans une promes...","breadcrumb":{"@id":"https:\/\/kohenavocats.com\/en\/cour-dappel-de-paris-le-5-septembre-2025-n23-13105\/#breadcrumb"},"inLanguage":"en-US","potentialAction":[{"@type":"ReadAction","target":["https:\/\/kohenavocats.com\/en\/cour-dappel-de-paris-le-5-septembre-2025-n23-13105\/"]}]},{"@type":"ImageObject","inLanguage":"en-US","@id":"https:\/\/kohenavocats.com\/en\/cour-dappel-de-paris-le-5-septembre-2025-n23-13105\/#primaryimage","url":"https:\/\/kohenavocats.com\/wp-content\/uploads\/2024\/08\/peter-ivey-hansen-K3qrgjT7N2M-unsplash.webp","contentUrl":"https:\/\/kohenavocats.com\/wp-content\/uploads\/2024\/08\/peter-ivey-hansen-K3qrgjT7N2M-unsplash.webp","width":5257,"height":3755},{"@type":"BreadcrumbList","@id":"https:\/\/kohenavocats.com\/en\/cour-dappel-de-paris-le-5-septembre-2025-n23-13105\/#breadcrumb","itemListElement":[{"@type":"ListItem","position":1,"name":"Home","item":"https:\/\/kohenavocats.com\/en\/criminal-law-attorneys-in-paris-counsel-and-strategic-defense\/"},{"@type":"ListItem","position":2,"name":"Cour d&rsquo;appel de Paris, le 5 septembre 2025, n\u00b023\/13105"}]},{"@type":"WebSite","@id":"https:\/\/kohenavocats.com\/en\/#website","url":"https:\/\/kohenavocats.com\/en\/","name":"Kohen Avocats","description":"Ma\u00eetre Hassan Kohen, avocat p\u00e9naliste \u00e0 Paris, intervient exclusivement en droit p\u00e9nal pour la d\u00e9fense des particuliers, notamment en mati\u00e8re d\u2019accusations de viol. Il assure un accompagnement rigoureux d\u00e8s la garde \u00e0 vue jusqu\u2019\u00e0 la Cour d\u2019assises, veillant au strict respect des garanties proc\u00e9durales.","publisher":{"@id":"https:\/\/kohenavocats.com\/en\/#organization"},"potentialAction":[{"@type":"SearchAction","target":{"@type":"EntryPoint","urlTemplate":"https:\/\/kohenavocats.com\/en\/?s={search_term_string}"},"query-input":{"@type":"PropertyValueSpecification","valueRequired":true,"valueName":"search_term_string"}}],"inLanguage":"en-US"},{"@type":"Organization","@id":"https:\/\/kohenavocats.com\/en\/#organization","name":"Kohen Avocats","url":"https:\/\/kohenavocats.com\/en\/","logo":{"@type":"ImageObject","inLanguage":"en-US","@id":"https:\/\/kohenavocats.com\/en\/#\/schema\/logo\/image\/","url":"https:\/\/kohenavocats.com\/wp-content\/uploads\/2026\/01\/Logo-2-1.webp","contentUrl":"https:\/\/kohenavocats.com\/wp-content\/uploads\/2026\/01\/Logo-2-1.webp","width":2114,"height":1253,"caption":"Kohen Avocats"},"image":{"@id":"https:\/\/kohenavocats.com\/en\/#\/schema\/logo\/image\/"}},{"@type":"Person","@id":"https:\/\/kohenavocats.com\/en\/#\/schema\/person\/761c9ba54fa1ca84d405cef0831ff751","name":"Kohen","image":{"@type":"ImageObject","inLanguage":"en-US","@id":"https:\/\/secure.gravatar.com\/avatar\/1c5e76ef76bbbfdd2b4da984e2bf2fa4056fd51a27d25ce2c332047f1dfd6e00?s=96&d=identicon&r=g","url":"https:\/\/secure.gravatar.com\/avatar\/1c5e76ef76bbbfdd2b4da984e2bf2fa4056fd51a27d25ce2c332047f1dfd6e00?s=96&d=identicon&r=g","contentUrl":"https:\/\/secure.gravatar.com\/avatar\/1c5e76ef76bbbfdd2b4da984e2bf2fa4056fd51a27d25ce2c332047f1dfd6e00?s=96&d=identicon&r=g","caption":"Kohen"},"sameAs":["https:\/\/www.linkedin.com\/in\/hassan-kohen-448548192\/","https:\/\/www.youtube.com\/@Kohen-Avocats"],"url":"https:\/\/kohenavocats.com\/en\/author\/kohenmlk\/"}]}},"jetpack_featured_media_url":"https:\/\/kohenavocats.com\/wp-content\/uploads\/2024\/08\/peter-ivey-hansen-K3qrgjT7N2M-unsplash.webp","jetpack_likes_enabled":false,"jetpack_shortlink":"https:\/\/wp.me\/peCrII-2S2P","jetpack-related-posts":[{"id":717986,"url":"https:\/\/kohenavocats.com\/en\/tribunal-judiciaire-de-tours-le-22-janvier-2026-n22-03924\/","url_meta":{"origin":684407,"position":0},"title":"Tribunal judiciaire de Tours, le 22 janvier 2026, n\u00b022\/03924","author":"Kohen","date":"28 April 2026","format":false,"excerpt":"Le tribunal judiciaire de Tours, dans un jugement du 22 janvier 2026, a statu\u00e9 sur le sort d'une indemnit\u00e9 d'immobilisation. Des acqu\u00e9reurs avaient sign\u00e9 une...","rel":"","context":"In &quot;Jurisprudence&quot;","block_context":{"text":"Jurisprudence","link":"https:\/\/kohenavocats.com\/category\/jurisprudence\/"},"img":{"alt_text":"","src":"https:\/\/i0.wp.com\/kohenavocats.com\/wp-content\/uploads\/2024\/08\/julio-wolf-_eilSGpKYlY-unsplash.webp?resize=350%2C200&ssl=1","width":350,"height":200,"srcset":"https:\/\/i0.wp.com\/kohenavocats.com\/wp-content\/uploads\/2024\/08\/julio-wolf-_eilSGpKYlY-unsplash.webp?resize=350%2C200&ssl=1 1x, https:\/\/i0.wp.com\/kohenavocats.com\/wp-content\/uploads\/2024\/08\/julio-wolf-_eilSGpKYlY-unsplash.webp?resize=525%2C300&ssl=1 1.5x, https:\/\/i0.wp.com\/kohenavocats.com\/wp-content\/uploads\/2024\/08\/julio-wolf-_eilSGpKYlY-unsplash.webp?resize=700%2C400&ssl=1 2x, https:\/\/i0.wp.com\/kohenavocats.com\/wp-content\/uploads\/2024\/08\/julio-wolf-_eilSGpKYlY-unsplash.webp?resize=1050%2C600&ssl=1 3x, https:\/\/i0.wp.com\/kohenavocats.com\/wp-content\/uploads\/2024\/08\/julio-wolf-_eilSGpKYlY-unsplash.webp?resize=1400%2C800&ssl=1 4x"},"classes":[]},{"id":708054,"url":"https:\/\/kohenavocats.com\/en\/tribunal-judiciaire-de-paris-le-11-decembre-2025-n23-00489\/","url_meta":{"origin":684407,"position":1},"title":"Tribunal judiciaire de Paris, le 11 d\u00e9cembre 2025, n\u00b023\/00489","author":"Kohen","date":"27 April 2026","format":false,"excerpt":"Le tribunal judiciaire de Paris, dans un jugement du 11 d\u00e9cembre 2025, a statu\u00e9 sur le sort d'une indemnit\u00e9 d'immobilisation apr\u00e8s la caducit\u00e9 d'une promesse...","rel":"","context":"In &quot;Jurisprudence&quot;","block_context":{"text":"Jurisprudence","link":"https:\/\/kohenavocats.com\/category\/jurisprudence\/"},"img":{"alt_text":"","src":"https:\/\/i0.wp.com\/kohenavocats.com\/wp-content\/uploads\/2024\/08\/asa-rodger-QTbiwll3e68-unsplash.webp?resize=350%2C200&ssl=1","width":350,"height":200,"srcset":"https:\/\/i0.wp.com\/kohenavocats.com\/wp-content\/uploads\/2024\/08\/asa-rodger-QTbiwll3e68-unsplash.webp?resize=350%2C200&ssl=1 1x, https:\/\/i0.wp.com\/kohenavocats.com\/wp-content\/uploads\/2024\/08\/asa-rodger-QTbiwll3e68-unsplash.webp?resize=525%2C300&ssl=1 1.5x, https:\/\/i0.wp.com\/kohenavocats.com\/wp-content\/uploads\/2024\/08\/asa-rodger-QTbiwll3e68-unsplash.webp?resize=700%2C400&ssl=1 2x, https:\/\/i0.wp.com\/kohenavocats.com\/wp-content\/uploads\/2024\/08\/asa-rodger-QTbiwll3e68-unsplash.webp?resize=1050%2C600&ssl=1 3x, https:\/\/i0.wp.com\/kohenavocats.com\/wp-content\/uploads\/2024\/08\/asa-rodger-QTbiwll3e68-unsplash.webp?resize=1400%2C800&ssl=1 4x"},"classes":[]},{"id":718422,"url":"https:\/\/kohenavocats.com\/en\/tribunal-judiciaire-de-grasse-le-26-janvier-2026-n25-00146\/","url_meta":{"origin":684407,"position":2},"title":"Tribunal judiciaire de Grasse, le 26 janvier 2026, n\u00b025\/00146","author":"Kohen","date":"28 April 2026","format":false,"excerpt":"Le tribunal judiciaire de Grasse, dans un jugement du 26 janvier 2026, a statu\u00e9 sur le sort d\u2019une indemnit\u00e9 d\u2019immobilisation vers\u00e9e dans le cadre d\u2019une prome...","rel":"","context":"In &quot;Jurisprudence&quot;","block_context":{"text":"Jurisprudence","link":"https:\/\/kohenavocats.com\/category\/jurisprudence\/"},"img":{"alt_text":"","src":"https:\/\/i0.wp.com\/kohenavocats.com\/wp-content\/uploads\/2024\/08\/pierre-antona-ir9dYEOvx5s-unsplash-1.webp?resize=350%2C200&ssl=1","width":350,"height":200,"srcset":"https:\/\/i0.wp.com\/kohenavocats.com\/wp-content\/uploads\/2024\/08\/pierre-antona-ir9dYEOvx5s-unsplash-1.webp?resize=350%2C200&ssl=1 1x, https:\/\/i0.wp.com\/kohenavocats.com\/wp-content\/uploads\/2024\/08\/pierre-antona-ir9dYEOvx5s-unsplash-1.webp?resize=525%2C300&ssl=1 1.5x, https:\/\/i0.wp.com\/kohenavocats.com\/wp-content\/uploads\/2024\/08\/pierre-antona-ir9dYEOvx5s-unsplash-1.webp?resize=700%2C400&ssl=1 2x, https:\/\/i0.wp.com\/kohenavocats.com\/wp-content\/uploads\/2024\/08\/pierre-antona-ir9dYEOvx5s-unsplash-1.webp?resize=1050%2C600&ssl=1 3x, https:\/\/i0.wp.com\/kohenavocats.com\/wp-content\/uploads\/2024\/08\/pierre-antona-ir9dYEOvx5s-unsplash-1.webp?resize=1400%2C800&ssl=1 4x"},"classes":[]},{"id":716791,"url":"https:\/\/kohenavocats.com\/en\/tribunal-judiciaire-de-saint-quentin-le-19-janvier-2026-n24-01128\/","url_meta":{"origin":684407,"position":3},"title":"Tribunal judiciaire de Saint-Quentin, le 19 janvier 2026, n\u00b024\/01128","author":"Kohen","date":"28 April 2026","format":false,"excerpt":"Le Tribunal judiciaire de Saint-Quentin, dans un jugement du 19 janvier 2026, a condamn\u00e9 une soci\u00e9t\u00e9 b\u00e9n\u00e9ficiaire d\u2019une promesse unilat\u00e9rale de vente \u00e0 payer...","rel":"","context":"In &quot;Jurisprudence&quot;","block_context":{"text":"Jurisprudence","link":"https:\/\/kohenavocats.com\/category\/jurisprudence\/"},"img":{"alt_text":"","src":"https:\/\/i0.wp.com\/kohenavocats.com\/wp-content\/uploads\/2024\/11\/mohamed-nohassi-6QR1fxoLiDQ-unsplash.webp?resize=350%2C200&ssl=1","width":350,"height":200,"srcset":"https:\/\/i0.wp.com\/kohenavocats.com\/wp-content\/uploads\/2024\/11\/mohamed-nohassi-6QR1fxoLiDQ-unsplash.webp?resize=350%2C200&ssl=1 1x, https:\/\/i0.wp.com\/kohenavocats.com\/wp-content\/uploads\/2024\/11\/mohamed-nohassi-6QR1fxoLiDQ-unsplash.webp?resize=525%2C300&ssl=1 1.5x, https:\/\/i0.wp.com\/kohenavocats.com\/wp-content\/uploads\/2024\/11\/mohamed-nohassi-6QR1fxoLiDQ-unsplash.webp?resize=700%2C400&ssl=1 2x, https:\/\/i0.wp.com\/kohenavocats.com\/wp-content\/uploads\/2024\/11\/mohamed-nohassi-6QR1fxoLiDQ-unsplash.webp?resize=1050%2C600&ssl=1 3x, https:\/\/i0.wp.com\/kohenavocats.com\/wp-content\/uploads\/2024\/11\/mohamed-nohassi-6QR1fxoLiDQ-unsplash.webp?resize=1400%2C800&ssl=1 4x"},"classes":[]},{"id":718005,"url":"https:\/\/kohenavocats.com\/en\/tribunal-judiciaire-de-grenoble-le-22-janvier-2026-n22-04856\/","url_meta":{"origin":684407,"position":4},"title":"Tribunal judiciaire de Grenoble, le 22 janvier 2026, n\u00b022\/04856","author":"Kohen","date":"28 April 2026","format":false,"excerpt":"Le tribunal judiciaire de Grenoble, dans un jugement du 22 janvier 2026, a rejet\u00e9 la demande d\u2019ex\u00e9cution forc\u00e9e d\u2019une promesse de vente immobili\u00e8re. Une soci...","rel":"","context":"In &quot;Jurisprudence&quot;","block_context":{"text":"Jurisprudence","link":"https:\/\/kohenavocats.com\/category\/jurisprudence\/"},"img":{"alt_text":"","src":"https:\/\/i0.wp.com\/kohenavocats.com\/wp-content\/uploads\/2024\/08\/jonathan-velasquez-eUSpDPSFdKU-unsplash-1.webp?resize=350%2C200&ssl=1","width":350,"height":200,"srcset":"https:\/\/i0.wp.com\/kohenavocats.com\/wp-content\/uploads\/2024\/08\/jonathan-velasquez-eUSpDPSFdKU-unsplash-1.webp?resize=350%2C200&ssl=1 1x, https:\/\/i0.wp.com\/kohenavocats.com\/wp-content\/uploads\/2024\/08\/jonathan-velasquez-eUSpDPSFdKU-unsplash-1.webp?resize=525%2C300&ssl=1 1.5x, https:\/\/i0.wp.com\/kohenavocats.com\/wp-content\/uploads\/2024\/08\/jonathan-velasquez-eUSpDPSFdKU-unsplash-1.webp?resize=700%2C400&ssl=1 2x, https:\/\/i0.wp.com\/kohenavocats.com\/wp-content\/uploads\/2024\/08\/jonathan-velasquez-eUSpDPSFdKU-unsplash-1.webp?resize=1050%2C600&ssl=1 3x, https:\/\/i0.wp.com\/kohenavocats.com\/wp-content\/uploads\/2024\/08\/jonathan-velasquez-eUSpDPSFdKU-unsplash-1.webp?resize=1400%2C800&ssl=1 4x"},"classes":[]},{"id":708657,"url":"https:\/\/kohenavocats.com\/en\/cour-dappel-de-angers-le-16-decembre-2025-n21-00920\/","url_meta":{"origin":684407,"position":5},"title":"Cour d&#8217;appel de Angers, le 16 d\u00e9cembre 2025, n\u00b021\/00920","author":"Kohen","date":"27 April 2026","format":false,"excerpt":"La cour d\u2019appel d\u2019Angers, dans un arr\u00eat du 16 d\u00e9cembre 2025, s\u2019est prononc\u00e9e sur l\u2019ex\u00e9cution d\u2019une condition suspensive et la responsabilit\u00e9 d\u2019un notaire. De...","rel":"","context":"In &quot;Jurisprudence&quot;","block_context":{"text":"Jurisprudence","link":"https:\/\/kohenavocats.com\/category\/jurisprudence\/"},"img":{"alt_text":"","src":"https:\/\/i0.wp.com\/kohenavocats.com\/wp-content\/uploads\/2024\/11\/ave-calvar-JCzi4IDosxM-unsplash.webp?resize=350%2C200&ssl=1","width":350,"height":200,"srcset":"https:\/\/i0.wp.com\/kohenavocats.com\/wp-content\/uploads\/2024\/11\/ave-calvar-JCzi4IDosxM-unsplash.webp?resize=350%2C200&ssl=1 1x, https:\/\/i0.wp.com\/kohenavocats.com\/wp-content\/uploads\/2024\/11\/ave-calvar-JCzi4IDosxM-unsplash.webp?resize=525%2C300&ssl=1 1.5x, https:\/\/i0.wp.com\/kohenavocats.com\/wp-content\/uploads\/2024\/11\/ave-calvar-JCzi4IDosxM-unsplash.webp?resize=700%2C400&ssl=1 2x, https:\/\/i0.wp.com\/kohenavocats.com\/wp-content\/uploads\/2024\/11\/ave-calvar-JCzi4IDosxM-unsplash.webp?resize=1050%2C600&ssl=1 3x, https:\/\/i0.wp.com\/kohenavocats.com\/wp-content\/uploads\/2024\/11\/ave-calvar-JCzi4IDosxM-unsplash.webp?resize=1400%2C800&ssl=1 4x"},"classes":[]}],"jetpack_sharing_enabled":true,"_links":{"self":[{"href":"https:\/\/kohenavocats.com\/en\/wp-json\/wp\/v2\/posts\/684407","targetHints":{"allow":["GET"]}}],"collection":[{"href":"https:\/\/kohenavocats.com\/en\/wp-json\/wp\/v2\/posts"}],"about":[{"href":"https:\/\/kohenavocats.com\/en\/wp-json\/wp\/v2\/types\/post"}],"author":[{"embeddable":true,"href":"https:\/\/kohenavocats.com\/en\/wp-json\/wp\/v2\/users\/232070755"}],"replies":[{"embeddable":true,"href":"https:\/\/kohenavocats.com\/en\/wp-json\/wp\/v2\/comments?post=684407"}],"version-history":[{"count":0,"href":"https:\/\/kohenavocats.com\/en\/wp-json\/wp\/v2\/posts\/684407\/revisions"}],"wp:featuredmedia":[{"embeddable":true,"href":"https:\/\/kohenavocats.com\/en\/wp-json\/wp\/v2\/media\/4696"}],"wp:attachment":[{"href":"https:\/\/kohenavocats.com\/en\/wp-json\/wp\/v2\/media?parent=684407"}],"wp:term":[{"taxonomy":"category","embeddable":true,"href":"https:\/\/kohenavocats.com\/en\/wp-json\/wp\/v2\/categories?post=684407"},{"taxonomy":"post_tag","embeddable":true,"href":"https:\/\/kohenavocats.com\/en\/wp-json\/wp\/v2\/tags?post=684407"}],"curies":[{"name":"wp","href":"https:\/\/api.w.org\/{rel}","templated":true}]}}