{"id":684795,"date":"2026-04-25T20:00:30","date_gmt":"2026-04-25T18:00:30","guid":{"rendered":"https:\/\/kohenavocats.com\/cour-dappel-de-paris-le-18-juin-2025-n24-11-494\/"},"modified":"2026-04-25T20:00:30","modified_gmt":"2026-04-25T18:00:30","slug":"cour-dappel-de-paris-le-18-juin-2025-n24-11-494","status":"publish","type":"post","link":"https:\/\/kohenavocats.com\/en\/cour-dappel-de-paris-le-18-juin-2025-n24-11-494\/","title":{"rendered":"Cour d&#8217;appel de Paris, le 18 juin 2025, n\u00b024-11.494"},"content":{"rendered":"<div class=\"article-content\">\n<p>La Cour de cassation, premi\u00e8re chambre civile, le 18 juin 2025, rejette un pourvoi contre l&#8217;arr\u00eat de la cour d&#8217;appel de Paris du 10 octobre 2023. Le litige opposait la demanderesse au minist\u00e8re public et \u00e0 un organisme public, dans le cadre d&#8217;une proc\u00e9dure civile dont l&#8217;objet pr\u00e9cis n&#8217;est pas rappel\u00e9. Devant la haute juridiction, un d\u00e9sistement partiel du pourvoi est act\u00e9 \u00e0 l&#8217;\u00e9gard de ce dernier.<\/p>\n<p>L&#8217;arr\u00eat de Paris du 10 octobre 2023 est contest\u00e9 pour des motifs que le pourvoi qualifie de violations de la r\u00e8gle de droit. Les d\u00e9fendeurs sollicitent le rejet, invoquant l&#8217;absence de grief pertinent et la nature inop\u00e9rante ou irrecevable des moyens invoqu\u00e9s. La question pos\u00e9e tient \u00e0 la possibilit\u00e9 de rejeter le pourvoi par une motivation br\u00e8ve fond\u00e9e sur l&#8217;article 1014, en pr\u00e9sence d&#8217;un moyen manifestement infond\u00e9. La Cour \u00e9nonce que \u00ab Le moyen de cassation, qui est invoqu\u00e9 \u00e0 l&#8217;encontre de la d\u00e9cision attaqu\u00e9e, n&#8217;est manifestement pas de nature \u00e0 entra\u00eener la cassation \u00bb. Puis: \u00ab En application de l&#8217;article 1014, alin\u00e9a 1er, du code de proc\u00e9dure civile, il n&#8217;y a donc pas lieu de statuer par une d\u00e9cision sp\u00e9cialement motiv\u00e9e sur ce pourvoi \u00bb. Le dispositif en tire les cons\u00e9quences, en ces termes: \u00ab REJETTE le pourvoi ; \u00bb et \u00ab En application de l&#8217;article 700 du code de proc\u00e9dure civile, rejette la demande ; \u00bb. L&#8217;analyse exige d&#8217;abord d&#8217;\u00e9clairer le m\u00e9canisme et la logique de ce rejet non sp\u00e9cialement motiv\u00e9, puis d&#8217;en appr\u00e9cier la valeur et la port\u00e9e.<\/p>\n<p>I. Le cadre et la logique du rejet non sp\u00e9cialement motiv\u00e9<\/p>\n<p>A. Fondement et conditions de l&#8217;article 1014 du code de proc\u00e9dure civile<\/p>\n<p>L&#8217;article 1014 du code de proc\u00e9dure civile autorise la Cour de cassation \u00e0 rejeter un pourvoi sans motivation sp\u00e9ciale lorsque le ou les moyens sont manifestement infond\u00e9s. La formule l\u00e9gale encadre un contr\u00f4le de droit limit\u00e9, qui \u00e9carte d&#8217;embl\u00e9e les griefs inop\u00e9rants, irrecevables, d\u00e9pourvus de port\u00e9e normative, ou visant une appr\u00e9ciation souveraine des faits. Le rejet ainsi prononc\u00e9 tranche le litige au stade de la cassation et conf\u00e8re autorit\u00e9 \u00e0 l&#8217;arr\u00eat attaqu\u00e9, sans renvoi ni exposition d\u00e9taill\u00e9e des motifs de rejet.<\/p>\n<p>B. Mise en \u0153uvre dans l&#8217;esp\u00e8ce et port\u00e9e implicite<\/p>\n<p>La d\u00e9cision comment\u00e9e commence par constater un d\u00e9sistement partiel du pourvoi \u00e0 l&#8217;encontre d&#8217;un d\u00e9fendeur public, ce qui circonscrit l&#8217;office de la Cour aux seules pr\u00e9tentions restantes. Elle statue ensuite en usant de la clause de filtrage, et retient que le moyen invoqu\u00e9 n&#8217;est pas de nature \u00e0 entra\u00eener la censure de l&#8217;arr\u00eat parisien. Cette formulation implique que la r\u00e8gle de droit appliqu\u00e9e par la cour d&#8217;appel de Paris demeure valide pour l&#8217;esp\u00e8ce, les critiques n&#8217;ayant r\u00e9v\u00e9l\u00e9 aucune erreur de droit pertinente. Le dispositif en tire des cons\u00e9quences proc\u00e9durales classiques, comprenant la condamnation aux d\u00e9pens et le rejet de la demande fond\u00e9e sur l&#8217;article 700 du code de proc\u00e9dure civile.<\/p>\n<p>II. Valeur et port\u00e9e de la motivation br\u00e8ve au regard des garanties proc\u00e9durales<\/p>\n<p>A. Exigences de motivation et compatibilit\u00e9 avec le droit \u00e0 un proc\u00e8s \u00e9quitable<\/p>\n<p>Le principe de motivation des d\u00e9cisions judiciaires commande une justification intelligible des solutions, mais n&#8217;exige pas une r\u00e9ponse exhaustive \u00e0 chaque argument, surtout au stade du contr\u00f4le de droit. La formule de l&#8217;article 1014 du code de proc\u00e9dure civile pr\u00e9serve la lisibilit\u00e9 du contr\u00f4le, en distinguant les pourvois non s\u00e9rieux des litiges soulevant une v\u00e9ritable question de droit. En rappelant que \u00ab il n&#8217;y a donc pas lieu de statuer par une d\u00e9cision sp\u00e9cialement motiv\u00e9e \u00bb, la Cour signale au justiciable l&#8217;absence d&#8217;atteinte plausible \u00e0 la r\u00e8gle de droit applicable. Cette motivation, quoique br\u00e8ve, satisfait aux exigences d&#8217;intelligibilit\u00e9 d\u00e8s lors que les d\u00e9bats et les motifs de l&#8217;arr\u00eat attaqu\u00e9 demeurent accessibles et que le contr\u00f4le exerc\u00e9 se borne \u00e0 la l\u00e9galit\u00e9.<\/p>\n<p>B. Cons\u00e9quences pratiques, s\u00e9curit\u00e9 juridique et limites de l&#8217;outil<\/p>\n<p>L&#8217;usage de l&#8217;article 1014 favorise une gestion raisonnable du flux des pourvois, concentre les ressources judiciaires sur les moyens s\u00e9rieux et renforce la pr\u00e9visibilit\u00e9 des solutions de droit \u00e9tablies. Il incite les praticiens \u00e0 formuler des moyens pr\u00e9cis, articul\u00e9s autour d&#8217;un texte, d&#8217;une qualification et d&#8217;une erreur d\u00e9termin\u00e9e, faute de quoi l&#8217;examen sommaire emporte un rejet rapide. L&#8217;inconv\u00e9nient principal tient \u00e0 l&#8217;absence d&#8217;enseignement jurisprudentiel d\u00e9taill\u00e9, qui limite la diffusion de motifs directeurs et peut entretenir l&#8217;incertitude sur la cause exacte de l&#8217;\u00e9chec du moyen. Cet \u00e9quilibre demeure toutefois compatible avec la s\u00e9curit\u00e9 juridique, d\u00e8s lors que la cour d&#8217;appel de Paris, 10 octobre 2023, fournit les motifs de fond qui conservent leur autorit\u00e9.<\/p>\n<\/div>\n","protected":false},"excerpt":{"rendered":"<p>La Cour de cassation, premi\u00e8re chambre civile, le 18 juin 2025, rejette un pourvoi contre l&#8217;arr\u00eat de la cour d&#8217;appel de Paris du 10 octobre 2023. Le litige o&#8230;<\/p>\n","protected":false},"author":232070755,"featured_media":9482,"comment_status":"open","ping_status":"open","sticky":false,"template":"","format":"standard","meta":{"_crdt_document":"","_jetpack_newsletter_access":"","_jetpack_dont_email_post_to_subs":false,"_jetpack_newsletter_tier_id":0,"_jetpack_memberships_contains_paywalled_content":false,"_kj_source_type":"judilibre","_kj_official_id":"68525137a7fdae5a8046f313","_kj_official_url":"https:\/\/www.courdecassation.fr\/decision\/68525137a7fdae5a8046f313","_kj_judilibre_id":"68525137a7fdae5a8046f313","_kj_jur":"Cour de cassation","_kj_lieu":"","_kj_chambre":"Premi\u00e8re chambre civile","_kj_rg":"24-11.494","_kj_date":"2025-06-18","_jetpack_memberships_contains_paid_content":false,"footnotes":"","jetpack_post_was_ever_published":false},"categories":[7597],"tags":[],"class_list":["post-684795","post","type-post","status-publish","format-standard","has-post-thumbnail","hentry","category-jurisprudence"],"yoast_head":"<!-- This site is optimized with the Yoast SEO Premium plugin v27.5 (Yoast SEO v27.5) - https:\/\/yoast.com\/product\/yoast-seo-premium-wordpress\/ -->\n<title>Cour d&#039;appel de Paris, le 18 juin 2025, n\u00b024-11.494 - Ma\u00eetre Hassan Kohen, avocat en droit p\u00e9nal \u00e0 Paris<\/title>\n<meta name=\"description\" content=\"La Cour de cassation, premi\u00e8re chambre civile, le 18 juin 2025, rejette un pourvoi contre l&#039;arr\u00eat de la cour d&#039;appel de Paris du 10 octobre 2023. Le litige o...\" \/>\n<meta name=\"robots\" content=\"index, follow, max-snippet:-1, max-image-preview:large, max-video-preview:-1\" \/>\n<link rel=\"canonical\" href=\"https:\/\/kohenavocats.com\/en\/cour-dappel-de-paris-le-18-juin-2025-n24-11-494\/\" \/>\n<meta property=\"og:locale\" content=\"en_US\" \/>\n<meta property=\"og:type\" content=\"article\" \/>\n<meta property=\"og:title\" content=\"Cour d&#039;appel de Paris, le 18 juin 2025, n\u00b024-11.494\" \/>\n<meta property=\"og:description\" content=\"La Cour de cassation, premi\u00e8re chambre civile, le 18 juin 2025, rejette un pourvoi contre l&#039;arr\u00eat de la cour d&#039;appel de Paris du 10 octobre 2023. Le litige o...\" \/>\n<meta property=\"og:url\" content=\"https:\/\/kohenavocats.com\/en\/cour-dappel-de-paris-le-18-juin-2025-n24-11-494\/\" \/>\n<meta property=\"og:site_name\" content=\"Ma\u00eetre Hassan Kohen, avocat en droit p\u00e9nal \u00e0 Paris\" \/>\n<meta property=\"article:published_time\" content=\"2026-04-25T18:00:30+00:00\" \/>\n<meta property=\"og:image\" content=\"https:\/\/kohenavocats.com\/wp-content\/uploads\/2024\/11\/mohamed-nohassi-kZiOPpjVuEg-unsplash.webp\" \/>\n\t<meta property=\"og:image:width\" content=\"6528\" \/>\n\t<meta property=\"og:image:height\" content=\"5499\" \/>\n\t<meta property=\"og:image:type\" content=\"image\/webp\" \/>\n<meta name=\"author\" content=\"Kohen\" \/>\n<meta name=\"twitter:card\" content=\"summary_large_image\" \/>\n<meta name=\"twitter:label1\" content=\"Written by\" \/>\n\t<meta name=\"twitter:data1\" content=\"Kohen\" \/>\n\t<meta name=\"twitter:label2\" content=\"Est. reading time\" \/>\n\t<meta name=\"twitter:data2\" content=\"4 minutes\" \/>\n<script type=\"application\/ld+json\" class=\"yoast-schema-graph\">{\"@context\":\"https:\\\/\\\/schema.org\",\"@graph\":[{\"@type\":\"Article\",\"@id\":\"https:\\\/\\\/kohenavocats.com\\\/en\\\/cour-dappel-de-paris-le-18-juin-2025-n24-11-494\\\/#article\",\"isPartOf\":{\"@id\":\"https:\\\/\\\/kohenavocats.com\\\/en\\\/cour-dappel-de-paris-le-18-juin-2025-n24-11-494\\\/\"},\"author\":{\"name\":\"Kohen\",\"@id\":\"https:\\\/\\\/kohenavocats.com\\\/en\\\/#\\\/schema\\\/person\\\/761c9ba54fa1ca84d405cef0831ff751\"},\"headline\":\"Cour d&#8217;appel de Paris, le 18 juin 2025, n\u00b024-11.494\",\"datePublished\":\"2026-04-25T18:00:30+00:00\",\"mainEntityOfPage\":{\"@id\":\"https:\\\/\\\/kohenavocats.com\\\/en\\\/cour-dappel-de-paris-le-18-juin-2025-n24-11-494\\\/\"},\"wordCount\":857,\"commentCount\":0,\"publisher\":{\"@id\":\"https:\\\/\\\/kohenavocats.com\\\/en\\\/#organization\"},\"image\":{\"@id\":\"https:\\\/\\\/kohenavocats.com\\\/en\\\/cour-dappel-de-paris-le-18-juin-2025-n24-11-494\\\/#primaryimage\"},\"thumbnailUrl\":\"https:\\\/\\\/kohenavocats.com\\\/wp-content\\\/uploads\\\/2024\\\/11\\\/mohamed-nohassi-kZiOPpjVuEg-unsplash.webp\",\"articleSection\":[\"Jurisprudence\"],\"inLanguage\":\"en-US\",\"potentialAction\":[{\"@type\":\"CommentAction\",\"name\":\"Comment\",\"target\":[\"https:\\\/\\\/kohenavocats.com\\\/en\\\/cour-dappel-de-paris-le-18-juin-2025-n24-11-494\\\/#respond\"]}],\"citation\":\"Cour d&#8217;appel de Paris, le 18 juin 2025, n\u00b024-11.494\",\"about\":[{\"@type\":\"Thing\",\"name\":\"Jurisprudence\"}],\"dateModified\":\"2026-04-25T18:00:30+00:00\",\"speakable\":{\"@type\":\"SpeakableSpecification\",\"cssSelector\":[\".article-content > p:first-of-type\"]}},{\"@type\":\"WebPage\",\"@id\":\"https:\\\/\\\/kohenavocats.com\\\/en\\\/cour-dappel-de-paris-le-18-juin-2025-n24-11-494\\\/\",\"url\":\"https:\\\/\\\/kohenavocats.com\\\/en\\\/cour-dappel-de-paris-le-18-juin-2025-n24-11-494\\\/\",\"name\":\"Cour d'appel de Paris, le 18 juin 2025, n\u00b024-11.494 - Ma\u00eetre Hassan Kohen, avocat en droit p\u00e9nal \u00e0 Paris\",\"isPartOf\":{\"@id\":\"https:\\\/\\\/kohenavocats.com\\\/en\\\/#website\"},\"primaryImageOfPage\":{\"@id\":\"https:\\\/\\\/kohenavocats.com\\\/en\\\/cour-dappel-de-paris-le-18-juin-2025-n24-11-494\\\/#primaryimage\"},\"image\":{\"@id\":\"https:\\\/\\\/kohenavocats.com\\\/en\\\/cour-dappel-de-paris-le-18-juin-2025-n24-11-494\\\/#primaryimage\"},\"thumbnailUrl\":\"https:\\\/\\\/kohenavocats.com\\\/wp-content\\\/uploads\\\/2024\\\/11\\\/mohamed-nohassi-kZiOPpjVuEg-unsplash.webp\",\"datePublished\":\"2026-04-25T18:00:30+00:00\",\"description\":\"La Cour de cassation, premi\u00e8re chambre civile, le 18 juin 2025, rejette un pourvoi contre l'arr\u00eat de la cour d'appel de Paris du 10 octobre 2023. Le litige o...\",\"breadcrumb\":{\"@id\":\"https:\\\/\\\/kohenavocats.com\\\/en\\\/cour-dappel-de-paris-le-18-juin-2025-n24-11-494\\\/#breadcrumb\"},\"inLanguage\":\"en-US\",\"potentialAction\":[{\"@type\":\"ReadAction\",\"target\":[\"https:\\\/\\\/kohenavocats.com\\\/en\\\/cour-dappel-de-paris-le-18-juin-2025-n24-11-494\\\/\"]}]},{\"@type\":\"ImageObject\",\"inLanguage\":\"en-US\",\"@id\":\"https:\\\/\\\/kohenavocats.com\\\/en\\\/cour-dappel-de-paris-le-18-juin-2025-n24-11-494\\\/#primaryimage\",\"url\":\"https:\\\/\\\/kohenavocats.com\\\/wp-content\\\/uploads\\\/2024\\\/11\\\/mohamed-nohassi-kZiOPpjVuEg-unsplash.webp\",\"contentUrl\":\"https:\\\/\\\/kohenavocats.com\\\/wp-content\\\/uploads\\\/2024\\\/11\\\/mohamed-nohassi-kZiOPpjVuEg-unsplash.webp\",\"width\":6528,\"height\":5499},{\"@type\":\"BreadcrumbList\",\"@id\":\"https:\\\/\\\/kohenavocats.com\\\/en\\\/cour-dappel-de-paris-le-18-juin-2025-n24-11-494\\\/#breadcrumb\",\"itemListElement\":[{\"@type\":\"ListItem\",\"position\":1,\"name\":\"Home\",\"item\":\"https:\\\/\\\/kohenavocats.com\\\/en\\\/criminal-law-attorneys-in-paris-counsel-and-strategic-defense\\\/\"},{\"@type\":\"ListItem\",\"position\":2,\"name\":\"Cour d&rsquo;appel de Paris, le 18 juin 2025, n\u00b024-11.494\"}]},{\"@type\":\"WebSite\",\"@id\":\"https:\\\/\\\/kohenavocats.com\\\/en\\\/#website\",\"url\":\"https:\\\/\\\/kohenavocats.com\\\/en\\\/\",\"name\":\"Kohen Avocats\",\"description\":\"Ma\u00eetre Hassan Kohen, avocat p\u00e9naliste \u00e0 Paris, intervient exclusivement en droit p\u00e9nal pour la d\u00e9fense des particuliers, notamment en mati\u00e8re d\u2019accusations de viol. Il assure un accompagnement rigoureux d\u00e8s la garde \u00e0 vue jusqu\u2019\u00e0 la Cour d\u2019assises, veillant au strict respect des garanties proc\u00e9durales.\",\"publisher\":{\"@id\":\"https:\\\/\\\/kohenavocats.com\\\/en\\\/#organization\"},\"potentialAction\":[{\"@type\":\"SearchAction\",\"target\":{\"@type\":\"EntryPoint\",\"urlTemplate\":\"https:\\\/\\\/kohenavocats.com\\\/en\\\/?s={search_term_string}\"},\"query-input\":{\"@type\":\"PropertyValueSpecification\",\"valueRequired\":true,\"valueName\":\"search_term_string\"}}],\"inLanguage\":\"en-US\"},{\"@type\":\"Organization\",\"@id\":\"https:\\\/\\\/kohenavocats.com\\\/en\\\/#organization\",\"name\":\"Kohen Avocats\",\"url\":\"https:\\\/\\\/kohenavocats.com\\\/en\\\/\",\"logo\":{\"@type\":\"ImageObject\",\"inLanguage\":\"en-US\",\"@id\":\"https:\\\/\\\/kohenavocats.com\\\/en\\\/#\\\/schema\\\/logo\\\/image\\\/\",\"url\":\"https:\\\/\\\/kohenavocats.com\\\/wp-content\\\/uploads\\\/2026\\\/01\\\/Logo-2-1.webp\",\"contentUrl\":\"https:\\\/\\\/kohenavocats.com\\\/wp-content\\\/uploads\\\/2026\\\/01\\\/Logo-2-1.webp\",\"width\":2114,\"height\":1253,\"caption\":\"Kohen Avocats\"},\"image\":{\"@id\":\"https:\\\/\\\/kohenavocats.com\\\/en\\\/#\\\/schema\\\/logo\\\/image\\\/\"}},{\"@type\":\"Person\",\"@id\":\"https:\\\/\\\/kohenavocats.com\\\/en\\\/#\\\/schema\\\/person\\\/761c9ba54fa1ca84d405cef0831ff751\",\"name\":\"Kohen\",\"image\":{\"@type\":\"ImageObject\",\"inLanguage\":\"en-US\",\"@id\":\"https:\\\/\\\/secure.gravatar.com\\\/avatar\\\/1c5e76ef76bbbfdd2b4da984e2bf2fa4056fd51a27d25ce2c332047f1dfd6e00?s=96&d=identicon&r=g\",\"url\":\"https:\\\/\\\/secure.gravatar.com\\\/avatar\\\/1c5e76ef76bbbfdd2b4da984e2bf2fa4056fd51a27d25ce2c332047f1dfd6e00?s=96&d=identicon&r=g\",\"contentUrl\":\"https:\\\/\\\/secure.gravatar.com\\\/avatar\\\/1c5e76ef76bbbfdd2b4da984e2bf2fa4056fd51a27d25ce2c332047f1dfd6e00?s=96&d=identicon&r=g\",\"caption\":\"Kohen\"},\"sameAs\":[\"https:\\\/\\\/www.linkedin.com\\\/in\\\/hassan-kohen-448548192\\\/\",\"https:\\\/\\\/www.youtube.com\\\/@Kohen-Avocats\"],\"url\":\"https:\\\/\\\/kohenavocats.com\\\/en\\\/author\\\/kohenmlk\\\/\"}]}<\/script>\n<!-- \/ Yoast SEO Premium plugin. -->","yoast_head_json":{"title":"Cour d'appel de Paris, le 18 juin 2025, n\u00b024-11.494 - Ma\u00eetre Hassan Kohen, avocat en droit p\u00e9nal \u00e0 Paris","description":"La Cour de cassation, premi\u00e8re chambre civile, le 18 juin 2025, rejette un pourvoi contre l'arr\u00eat de la cour d'appel de Paris du 10 octobre 2023. Le litige o...","robots":{"index":"index","follow":"follow","max-snippet":"max-snippet:-1","max-image-preview":"max-image-preview:large","max-video-preview":"max-video-preview:-1"},"canonical":"https:\/\/kohenavocats.com\/en\/cour-dappel-de-paris-le-18-juin-2025-n24-11-494\/","og_locale":"en_US","og_type":"article","og_title":"Cour d'appel de Paris, le 18 juin 2025, n\u00b024-11.494","og_description":"La Cour de cassation, premi\u00e8re chambre civile, le 18 juin 2025, rejette un pourvoi contre l'arr\u00eat de la cour d'appel de Paris du 10 octobre 2023. Le litige o...","og_url":"https:\/\/kohenavocats.com\/en\/cour-dappel-de-paris-le-18-juin-2025-n24-11-494\/","og_site_name":"Ma\u00eetre Hassan Kohen, avocat en droit p\u00e9nal \u00e0 Paris","article_published_time":"2026-04-25T18:00:30+00:00","og_image":[{"width":6528,"height":5499,"url":"https:\/\/kohenavocats.com\/wp-content\/uploads\/2024\/11\/mohamed-nohassi-kZiOPpjVuEg-unsplash.webp","type":"image\/webp"}],"author":"Kohen","twitter_card":"summary_large_image","twitter_misc":{"Written by":"Kohen","Est. reading time":"4 minutes"},"schema":{"@context":"https:\/\/schema.org","@graph":[{"@type":"Article","@id":"https:\/\/kohenavocats.com\/en\/cour-dappel-de-paris-le-18-juin-2025-n24-11-494\/#article","isPartOf":{"@id":"https:\/\/kohenavocats.com\/en\/cour-dappel-de-paris-le-18-juin-2025-n24-11-494\/"},"author":{"name":"Kohen","@id":"https:\/\/kohenavocats.com\/en\/#\/schema\/person\/761c9ba54fa1ca84d405cef0831ff751"},"headline":"Cour d&#8217;appel de Paris, le 18 juin 2025, n\u00b024-11.494","datePublished":"2026-04-25T18:00:30+00:00","mainEntityOfPage":{"@id":"https:\/\/kohenavocats.com\/en\/cour-dappel-de-paris-le-18-juin-2025-n24-11-494\/"},"wordCount":857,"commentCount":0,"publisher":{"@id":"https:\/\/kohenavocats.com\/en\/#organization"},"image":{"@id":"https:\/\/kohenavocats.com\/en\/cour-dappel-de-paris-le-18-juin-2025-n24-11-494\/#primaryimage"},"thumbnailUrl":"https:\/\/kohenavocats.com\/wp-content\/uploads\/2024\/11\/mohamed-nohassi-kZiOPpjVuEg-unsplash.webp","articleSection":["Jurisprudence"],"inLanguage":"en-US","potentialAction":[{"@type":"CommentAction","name":"Comment","target":["https:\/\/kohenavocats.com\/en\/cour-dappel-de-paris-le-18-juin-2025-n24-11-494\/#respond"]}],"citation":"Cour d&#8217;appel de Paris, le 18 juin 2025, n\u00b024-11.494","about":[{"@type":"Thing","name":"Jurisprudence"}],"dateModified":"2026-04-25T18:00:30+00:00","speakable":{"@type":"SpeakableSpecification","cssSelector":[".article-content > p:first-of-type"]}},{"@type":"WebPage","@id":"https:\/\/kohenavocats.com\/en\/cour-dappel-de-paris-le-18-juin-2025-n24-11-494\/","url":"https:\/\/kohenavocats.com\/en\/cour-dappel-de-paris-le-18-juin-2025-n24-11-494\/","name":"Cour d'appel de Paris, le 18 juin 2025, n\u00b024-11.494 - Ma\u00eetre Hassan Kohen, avocat en droit p\u00e9nal \u00e0 Paris","isPartOf":{"@id":"https:\/\/kohenavocats.com\/en\/#website"},"primaryImageOfPage":{"@id":"https:\/\/kohenavocats.com\/en\/cour-dappel-de-paris-le-18-juin-2025-n24-11-494\/#primaryimage"},"image":{"@id":"https:\/\/kohenavocats.com\/en\/cour-dappel-de-paris-le-18-juin-2025-n24-11-494\/#primaryimage"},"thumbnailUrl":"https:\/\/kohenavocats.com\/wp-content\/uploads\/2024\/11\/mohamed-nohassi-kZiOPpjVuEg-unsplash.webp","datePublished":"2026-04-25T18:00:30+00:00","description":"La Cour de cassation, premi\u00e8re chambre civile, le 18 juin 2025, rejette un pourvoi contre l'arr\u00eat de la cour d'appel de Paris du 10 octobre 2023. Le litige o...","breadcrumb":{"@id":"https:\/\/kohenavocats.com\/en\/cour-dappel-de-paris-le-18-juin-2025-n24-11-494\/#breadcrumb"},"inLanguage":"en-US","potentialAction":[{"@type":"ReadAction","target":["https:\/\/kohenavocats.com\/en\/cour-dappel-de-paris-le-18-juin-2025-n24-11-494\/"]}]},{"@type":"ImageObject","inLanguage":"en-US","@id":"https:\/\/kohenavocats.com\/en\/cour-dappel-de-paris-le-18-juin-2025-n24-11-494\/#primaryimage","url":"https:\/\/kohenavocats.com\/wp-content\/uploads\/2024\/11\/mohamed-nohassi-kZiOPpjVuEg-unsplash.webp","contentUrl":"https:\/\/kohenavocats.com\/wp-content\/uploads\/2024\/11\/mohamed-nohassi-kZiOPpjVuEg-unsplash.webp","width":6528,"height":5499},{"@type":"BreadcrumbList","@id":"https:\/\/kohenavocats.com\/en\/cour-dappel-de-paris-le-18-juin-2025-n24-11-494\/#breadcrumb","itemListElement":[{"@type":"ListItem","position":1,"name":"Home","item":"https:\/\/kohenavocats.com\/en\/criminal-law-attorneys-in-paris-counsel-and-strategic-defense\/"},{"@type":"ListItem","position":2,"name":"Cour d&rsquo;appel de Paris, le 18 juin 2025, n\u00b024-11.494"}]},{"@type":"WebSite","@id":"https:\/\/kohenavocats.com\/en\/#website","url":"https:\/\/kohenavocats.com\/en\/","name":"Kohen Avocats","description":"Ma\u00eetre Hassan Kohen, avocat p\u00e9naliste \u00e0 Paris, intervient exclusivement en droit p\u00e9nal pour la d\u00e9fense des particuliers, notamment en mati\u00e8re d\u2019accusations de viol. Il assure un accompagnement rigoureux d\u00e8s la garde \u00e0 vue jusqu\u2019\u00e0 la Cour d\u2019assises, veillant au strict respect des garanties proc\u00e9durales.","publisher":{"@id":"https:\/\/kohenavocats.com\/en\/#organization"},"potentialAction":[{"@type":"SearchAction","target":{"@type":"EntryPoint","urlTemplate":"https:\/\/kohenavocats.com\/en\/?s={search_term_string}"},"query-input":{"@type":"PropertyValueSpecification","valueRequired":true,"valueName":"search_term_string"}}],"inLanguage":"en-US"},{"@type":"Organization","@id":"https:\/\/kohenavocats.com\/en\/#organization","name":"Kohen Avocats","url":"https:\/\/kohenavocats.com\/en\/","logo":{"@type":"ImageObject","inLanguage":"en-US","@id":"https:\/\/kohenavocats.com\/en\/#\/schema\/logo\/image\/","url":"https:\/\/kohenavocats.com\/wp-content\/uploads\/2026\/01\/Logo-2-1.webp","contentUrl":"https:\/\/kohenavocats.com\/wp-content\/uploads\/2026\/01\/Logo-2-1.webp","width":2114,"height":1253,"caption":"Kohen Avocats"},"image":{"@id":"https:\/\/kohenavocats.com\/en\/#\/schema\/logo\/image\/"}},{"@type":"Person","@id":"https:\/\/kohenavocats.com\/en\/#\/schema\/person\/761c9ba54fa1ca84d405cef0831ff751","name":"Kohen","image":{"@type":"ImageObject","inLanguage":"en-US","@id":"https:\/\/secure.gravatar.com\/avatar\/1c5e76ef76bbbfdd2b4da984e2bf2fa4056fd51a27d25ce2c332047f1dfd6e00?s=96&d=identicon&r=g","url":"https:\/\/secure.gravatar.com\/avatar\/1c5e76ef76bbbfdd2b4da984e2bf2fa4056fd51a27d25ce2c332047f1dfd6e00?s=96&d=identicon&r=g","contentUrl":"https:\/\/secure.gravatar.com\/avatar\/1c5e76ef76bbbfdd2b4da984e2bf2fa4056fd51a27d25ce2c332047f1dfd6e00?s=96&d=identicon&r=g","caption":"Kohen"},"sameAs":["https:\/\/www.linkedin.com\/in\/hassan-kohen-448548192\/","https:\/\/www.youtube.com\/@Kohen-Avocats"],"url":"https:\/\/kohenavocats.com\/en\/author\/kohenmlk\/"}]}},"jetpack_featured_media_url":"https:\/\/kohenavocats.com\/wp-content\/uploads\/2024\/11\/mohamed-nohassi-kZiOPpjVuEg-unsplash.webp","jetpack_likes_enabled":false,"jetpack_shortlink":"https:\/\/wp.me\/peCrII-2S95","jetpack-related-posts":[{"id":684324,"url":"https:\/\/kohenavocats.com\/en\/cour-dappel-de-paris-le-17-octobre-2023-n24-12-819\/","url_meta":{"origin":684795,"position":0},"title":"Cour d&#8217;appel de Paris, le 17 octobre 2023, n\u00b024-12.819","author":"Kohen","date":"25 April 2026","format":false,"excerpt":"La Cour de cassation, troisi\u00e8me chambre civile, 19 juin 2025, n\u00b0 E 24-12.819, statue par un rejet non sp\u00e9cialement motiv\u00e9 au visa de l\u2019article 1014. La Cour ...","rel":"","context":"In &quot;Jurisprudence&quot;","block_context":{"text":"Jurisprudence","link":"https:\/\/kohenavocats.com\/category\/jurisprudence\/"},"img":{"alt_text":"","src":"https:\/\/i0.wp.com\/kohenavocats.com\/wp-content\/uploads\/2024\/11\/zyanya-citlalli-rHPdKZUQqv4-unsplash.webp?resize=350%2C200&ssl=1","width":350,"height":200,"srcset":"https:\/\/i0.wp.com\/kohenavocats.com\/wp-content\/uploads\/2024\/11\/zyanya-citlalli-rHPdKZUQqv4-unsplash.webp?resize=350%2C200&ssl=1 1x, https:\/\/i0.wp.com\/kohenavocats.com\/wp-content\/uploads\/2024\/11\/zyanya-citlalli-rHPdKZUQqv4-unsplash.webp?resize=525%2C300&ssl=1 1.5x, https:\/\/i0.wp.com\/kohenavocats.com\/wp-content\/uploads\/2024\/11\/zyanya-citlalli-rHPdKZUQqv4-unsplash.webp?resize=700%2C400&ssl=1 2x, https:\/\/i0.wp.com\/kohenavocats.com\/wp-content\/uploads\/2024\/11\/zyanya-citlalli-rHPdKZUQqv4-unsplash.webp?resize=1050%2C600&ssl=1 3x, https:\/\/i0.wp.com\/kohenavocats.com\/wp-content\/uploads\/2024\/11\/zyanya-citlalli-rHPdKZUQqv4-unsplash.webp?resize=1400%2C800&ssl=1 4x"},"classes":[]},{"id":616564,"url":"https:\/\/kohenavocats.com\/en\/cour-dappel-de-paris-le-8-octobre-2025-n24-11450\/","url_meta":{"origin":684795,"position":1},"title":"Cour d&#8217;appel de Paris, le 8 octobre 2025, n\u00b024\/11450","author":"Kohen","date":"20 April 2026","format":false,"excerpt":"La cour d\u2019appel de Paris, dans un arr\u00eat du 8 octobre 2025, a \u00e9t\u00e9 saisie d\u2019un pourvoi form\u00e9 contre un jugement ayant ouvert une proc\u00e9dure de liquidation judic...","rel":"","context":"In &quot;Jurisprudence&quot;","block_context":{"text":"Jurisprudence","link":"https:\/\/kohenavocats.com\/category\/jurisprudence\/"},"img":{"alt_text":"","src":"https:\/\/i0.wp.com\/kohenavocats.com\/wp-content\/uploads\/2024\/08\/pierre-blache-uMKBGyH8hCk-unsplash.webp?resize=350%2C200&ssl=1","width":350,"height":200,"srcset":"https:\/\/i0.wp.com\/kohenavocats.com\/wp-content\/uploads\/2024\/08\/pierre-blache-uMKBGyH8hCk-unsplash.webp?resize=350%2C200&ssl=1 1x, https:\/\/i0.wp.com\/kohenavocats.com\/wp-content\/uploads\/2024\/08\/pierre-blache-uMKBGyH8hCk-unsplash.webp?resize=525%2C300&ssl=1 1.5x, https:\/\/i0.wp.com\/kohenavocats.com\/wp-content\/uploads\/2024\/08\/pierre-blache-uMKBGyH8hCk-unsplash.webp?resize=700%2C400&ssl=1 2x, https:\/\/i0.wp.com\/kohenavocats.com\/wp-content\/uploads\/2024\/08\/pierre-blache-uMKBGyH8hCk-unsplash.webp?resize=1050%2C600&ssl=1 3x, https:\/\/i0.wp.com\/kohenavocats.com\/wp-content\/uploads\/2024\/08\/pierre-blache-uMKBGyH8hCk-unsplash.webp?resize=1400%2C800&ssl=1 4x"},"classes":[]},{"id":683232,"url":"https:\/\/kohenavocats.com\/en\/cour-dappel-de-paris-le-19-juin-2025-n23-22-897\/","url_meta":{"origin":684795,"position":2},"title":"Cour d&#8217;appel de Paris, le 19 juin 2025, n\u00b023-22.897","author":"Kohen","date":"25 April 2026","format":false,"excerpt":"Rendue par la Cour de cassation, deuxi\u00e8me chambre civile, le 19 juin 2025, la d\u00e9cision rejette un pourvoi dirig\u00e9 contre un arr\u00eat de la Cour d\u2019appel de Paris ...","rel":"","context":"In &quot;Jurisprudence&quot;","block_context":{"text":"Jurisprudence","link":"https:\/\/kohenavocats.com\/category\/jurisprudence\/"},"img":{"alt_text":"","src":"https:\/\/i0.wp.com\/kohenavocats.com\/wp-content\/uploads\/2024\/11\/steve-johnson-Zc8yTDRagWY-unsplash.webp?resize=350%2C200&ssl=1","width":350,"height":200,"srcset":"https:\/\/i0.wp.com\/kohenavocats.com\/wp-content\/uploads\/2024\/11\/steve-johnson-Zc8yTDRagWY-unsplash.webp?resize=350%2C200&ssl=1 1x, https:\/\/i0.wp.com\/kohenavocats.com\/wp-content\/uploads\/2024\/11\/steve-johnson-Zc8yTDRagWY-unsplash.webp?resize=525%2C300&ssl=1 1.5x, https:\/\/i0.wp.com\/kohenavocats.com\/wp-content\/uploads\/2024\/11\/steve-johnson-Zc8yTDRagWY-unsplash.webp?resize=700%2C400&ssl=1 2x, https:\/\/i0.wp.com\/kohenavocats.com\/wp-content\/uploads\/2024\/11\/steve-johnson-Zc8yTDRagWY-unsplash.webp?resize=1050%2C600&ssl=1 3x, https:\/\/i0.wp.com\/kohenavocats.com\/wp-content\/uploads\/2024\/11\/steve-johnson-Zc8yTDRagWY-unsplash.webp?resize=1400%2C800&ssl=1 4x"},"classes":[]},{"id":685564,"url":"https:\/\/kohenavocats.com\/en\/cour-dappel-de-metz-le-17-octobre-2023-n24-12-631\/","url_meta":{"origin":684795,"position":3},"title":"Cour d&#8217;appel de Metz, le 17 octobre 2023, n\u00b024-12.631","author":"Kohen","date":"25 April 2026","format":false,"excerpt":"Le 19 juin 2025, la Cour de cassation, troisi\u00e8me chambre civile, rejette un pourvoi contre un arr\u00eat de la cour d'appel de Metz du 17 octobre 2023. La d\u00e9cisio...","rel":"","context":"In &quot;Jurisprudence&quot;","block_context":{"text":"Jurisprudence","link":"https:\/\/kohenavocats.com\/category\/jurisprudence\/"},"img":{"alt_text":"","src":"https:\/\/i0.wp.com\/kohenavocats.com\/wp-content\/uploads\/2024\/08\/rebe-adelaida-fEMM4-A0SP0-unsplash.webp?resize=350%2C200&ssl=1","width":350,"height":200,"srcset":"https:\/\/i0.wp.com\/kohenavocats.com\/wp-content\/uploads\/2024\/08\/rebe-adelaida-fEMM4-A0SP0-unsplash.webp?resize=350%2C200&ssl=1 1x, https:\/\/i0.wp.com\/kohenavocats.com\/wp-content\/uploads\/2024\/08\/rebe-adelaida-fEMM4-A0SP0-unsplash.webp?resize=525%2C300&ssl=1 1.5x, https:\/\/i0.wp.com\/kohenavocats.com\/wp-content\/uploads\/2024\/08\/rebe-adelaida-fEMM4-A0SP0-unsplash.webp?resize=700%2C400&ssl=1 2x, https:\/\/i0.wp.com\/kohenavocats.com\/wp-content\/uploads\/2024\/08\/rebe-adelaida-fEMM4-A0SP0-unsplash.webp?resize=1050%2C600&ssl=1 3x, https:\/\/i0.wp.com\/kohenavocats.com\/wp-content\/uploads\/2024\/08\/rebe-adelaida-fEMM4-A0SP0-unsplash.webp?resize=1400%2C800&ssl=1 4x"},"classes":[]},{"id":48746,"url":"https:\/\/kohenavocats.com\/en\/chambre-commerciale-financiere-et-economique-de-la-cour-de-cassation-le-18-juin-2025-n23-23-208\/","url_meta":{"origin":684795,"position":4},"title":"Chambre commerciale financi\u00e8re et \u00e9conomique de la Cour de cassation, le 18 juin 2025, n\u00b023-23.208","author":"Kohen","date":"7 November 2025","format":false,"excerpt":"Par un arr\u00eat du 18 juin 2025, la Cour de cassation, chambre commerciale, rejette un pourvoi dirig\u00e9 contre un arr\u00eat de la cour d\u2019appel de Paris du 14 septembre 2023. L\u2019affaire na\u00eet d\u2019une cession, le 28 octobre 2016, de la totalit\u00e9 des actions d\u2019une soci\u00e9t\u00e9. Le cessionnaire, estimant la valeur\u2026","rel":"","context":"In &quot;6908&quot;","block_context":{"text":"6908","link":"https:\/\/kohenavocats.com\/category\/6908\/"},"img":{"alt_text":"","src":"https:\/\/i0.wp.com\/kohenavocats.com\/wp-content\/uploads\/2024\/11\/alex-shuper-O3uK7nvrxdI-unsplash.webp?resize=350%2C200&ssl=1","width":350,"height":200,"srcset":"https:\/\/i0.wp.com\/kohenavocats.com\/wp-content\/uploads\/2024\/11\/alex-shuper-O3uK7nvrxdI-unsplash.webp?resize=350%2C200&ssl=1 1x, https:\/\/i0.wp.com\/kohenavocats.com\/wp-content\/uploads\/2024\/11\/alex-shuper-O3uK7nvrxdI-unsplash.webp?resize=525%2C300&ssl=1 1.5x, https:\/\/i0.wp.com\/kohenavocats.com\/wp-content\/uploads\/2024\/11\/alex-shuper-O3uK7nvrxdI-unsplash.webp?resize=700%2C400&ssl=1 2x, https:\/\/i0.wp.com\/kohenavocats.com\/wp-content\/uploads\/2024\/11\/alex-shuper-O3uK7nvrxdI-unsplash.webp?resize=1050%2C600&ssl=1 3x, https:\/\/i0.wp.com\/kohenavocats.com\/wp-content\/uploads\/2024\/11\/alex-shuper-O3uK7nvrxdI-unsplash.webp?resize=1400%2C800&ssl=1 4x"},"classes":[]},{"id":686295,"url":"https:\/\/kohenavocats.com\/en\/cour-dappel-de-paris-le-18-juin-2025-n24-15-577\/","url_meta":{"origin":684795,"position":5},"title":"Cour d&#8217;appel de Paris, le 18 juin 2025, n\u00b024-15.577","author":"Kohen","date":"25 April 2026","format":false,"excerpt":"Par une d\u00e9cision du 18 juin 2025, la Cour de cassation, premi\u00e8re chambre civile, rejette un pourvoi dirig\u00e9 contre un arr\u00eat parisien du 19 mars 2024. Saisi so...","rel":"","context":"In &quot;Jurisprudence&quot;","block_context":{"text":"Jurisprudence","link":"https:\/\/kohenavocats.com\/category\/jurisprudence\/"},"img":{"alt_text":"","src":"https:\/\/i0.wp.com\/kohenavocats.com\/wp-content\/uploads\/2024\/11\/victor-V67qmAIxyvI-unsplash.webp?resize=350%2C200&ssl=1","width":350,"height":200,"srcset":"https:\/\/i0.wp.com\/kohenavocats.com\/wp-content\/uploads\/2024\/11\/victor-V67qmAIxyvI-unsplash.webp?resize=350%2C200&ssl=1 1x, https:\/\/i0.wp.com\/kohenavocats.com\/wp-content\/uploads\/2024\/11\/victor-V67qmAIxyvI-unsplash.webp?resize=525%2C300&ssl=1 1.5x, https:\/\/i0.wp.com\/kohenavocats.com\/wp-content\/uploads\/2024\/11\/victor-V67qmAIxyvI-unsplash.webp?resize=700%2C400&ssl=1 2x, https:\/\/i0.wp.com\/kohenavocats.com\/wp-content\/uploads\/2024\/11\/victor-V67qmAIxyvI-unsplash.webp?resize=1050%2C600&ssl=1 3x, https:\/\/i0.wp.com\/kohenavocats.com\/wp-content\/uploads\/2024\/11\/victor-V67qmAIxyvI-unsplash.webp?resize=1400%2C800&ssl=1 4x"},"classes":[]}],"jetpack_sharing_enabled":true,"_links":{"self":[{"href":"https:\/\/kohenavocats.com\/en\/wp-json\/wp\/v2\/posts\/684795","targetHints":{"allow":["GET"]}}],"collection":[{"href":"https:\/\/kohenavocats.com\/en\/wp-json\/wp\/v2\/posts"}],"about":[{"href":"https:\/\/kohenavocats.com\/en\/wp-json\/wp\/v2\/types\/post"}],"author":[{"embeddable":true,"href":"https:\/\/kohenavocats.com\/en\/wp-json\/wp\/v2\/users\/232070755"}],"replies":[{"embeddable":true,"href":"https:\/\/kohenavocats.com\/en\/wp-json\/wp\/v2\/comments?post=684795"}],"version-history":[{"count":0,"href":"https:\/\/kohenavocats.com\/en\/wp-json\/wp\/v2\/posts\/684795\/revisions"}],"wp:featuredmedia":[{"embeddable":true,"href":"https:\/\/kohenavocats.com\/en\/wp-json\/wp\/v2\/media\/9482"}],"wp:attachment":[{"href":"https:\/\/kohenavocats.com\/en\/wp-json\/wp\/v2\/media?parent=684795"}],"wp:term":[{"taxonomy":"category","embeddable":true,"href":"https:\/\/kohenavocats.com\/en\/wp-json\/wp\/v2\/categories?post=684795"},{"taxonomy":"post_tag","embeddable":true,"href":"https:\/\/kohenavocats.com\/en\/wp-json\/wp\/v2\/tags?post=684795"}],"curies":[{"name":"wp","href":"https:\/\/api.w.org\/{rel}","templated":true}]}}