{"id":684857,"date":"2026-04-25T20:05:02","date_gmt":"2026-04-25T18:05:02","guid":{"rendered":"https:\/\/kohenavocats.com\/tribunal-de-commerce-le-27-mars-1992-n22-12787\/"},"modified":"2026-04-25T20:05:02","modified_gmt":"2026-04-25T18:05:02","slug":"tribunal-de-commerce-le-27-mars-1992-n22-12787","status":"publish","type":"post","link":"https:\/\/kohenavocats.com\/en\/tribunal-de-commerce-le-27-mars-1992-n22-12787\/","title":{"rendered":"Tribunal de commerce, le 27 mars 1992, n\u00b022\/12787"},"content":{"rendered":"<div class=\"article-content\">\n<p>Cour d&#8217;appel de Paris, 4 juillet 2025. Un litige oppose deux enseignes de la grande distribution au sujet de 374 spots t\u00e9l\u00e9vis\u00e9s diffus\u00e9s entre 2017 et 2023. L\u2019appelante imputait \u00e0 sa concurrente des op\u00e9rations commerciales de promotion prohib\u00e9es par le d\u00e9cret du 27 mars 1992, des pratiques commerciales trompeuses, et des actes de concurrence d\u00e9loyale. Le tribunal de commerce avait rejet\u00e9 l\u2019ensemble des pr\u00e9tentions. La juridiction d\u2019appel, saisie de l\u2019entier litige y compris les faits post\u00e9rieurs, accueille \u00e9galement une demande de protection du secret des affaires sur un document financier. La question pos\u00e9e portait sur la qualification des spots au regard de l\u2019article 8 du d\u00e9cret pr\u00e9cit\u00e9, l\u2019appr\u00e9ciation de la tromperie au sens du code de la consommation, ainsi que la m\u00e9thode de r\u00e9paration du d\u00e9s\u00e9quilibre concurrentiel. L\u2019arr\u00eat retient l\u2019illic\u00e9it\u00e9 des publicit\u00e9s, caract\u00e9rise la tromperie, constate la concurrence d\u00e9loyale et fixe l\u2019indemnisation via une campagne miroir, tout en pronon\u00e7ant des injonctions et publications.<\/p>\n<p>I \u2014 La prohibition des op\u00e9rations promotionnelles r\u00e9affirm\u00e9e et la tromperie caract\u00e9ris\u00e9e<\/p>\n<p>A \u2014 La disponibilit\u00e9 garantie dans tous les points de vente pratiquant l\u2019offre comme crit\u00e8re d\u00e9cisif<br \/>\nLe c\u0153ur de la solution r\u00e9side dans la qualification d\u2019\u00ab op\u00e9ration commerciale de promotion \u00bb au sens du d\u00e9cret de 1992. La cour rappelle que \u00ab La publicit\u00e9 t\u00e9l\u00e9vis\u00e9e dans le secteur de la distribution est ainsi autoris\u00e9e, \u00e0 l\u2019exclusion des op\u00e9rations commerciales de promotion. Toute offre temporaire, limit\u00e9e dans le temps est inversement proscrite \u00bb. Elle pr\u00e9cise surtout que \u00ab Le caract\u00e8re occasionnel ou saisonnier d&#8217;une offre s&#8217;appr\u00e9cie au regard de son d\u00e9ploiement sur le terrain et non par r\u00e9f\u00e9rence au contenu du message publicitaire susceptible de la promouvoir \u00bb. Ce d\u00e9placement du regard vers les conditions r\u00e9elles de commercialisation fonde l\u2019exigence d\u2019une disponibilit\u00e9 garantie.<\/p>\n<p>La r\u00e8gle op\u00e9rationnelle est formul\u00e9e sans ambigu\u00eft\u00e9: \u00ab il faut, pour que cette offre \u00e9chappe \u00e0 la qualification d\u2019 &#8220;op\u00e9ration commerciale de promotion&#8221;, que tous les magasins qui vendent les produits aux conditions de l&#8217;offre, qu&#8217;ils figurent ou non sur la liste \u00e0 laquelle renvoient les publicit\u00e9s t\u00e9l\u00e9vis\u00e9es, garantissent leur disponibilit\u00e9 pendant une dur\u00e9e suffisante. A d\u00e9faut, la publicit\u00e9 t\u00e9l\u00e9vis\u00e9e d&#8217;une telle offre est interdite \u00bb (Com., 4 juin 2025, n\u00b0 23-23.419). L\u2019argument tir\u00e9 d\u2019une absence de preuve d\u2019indisponibilit\u00e9 hors magasins list\u00e9s est jug\u00e9 inop\u00e9rant, faute de garantie ex ante. L\u2019avis de diffusion favorable de l\u2019organisme d\u2019autor\u00e9gulation n\u2019a \u00ab pas de force contraignante \u00bb et \u00ab ne [peut] exon\u00e9rer l\u2019annonceur de sa responsabilit\u00e9 \u00bb.<\/p>\n<p>B \u2014 L\u2019insuffisance de la mention restrictive et l\u2019alt\u00e9ration du comportement<br \/>\nL\u2019analyse du caract\u00e8re trompeur s\u2019appuie sur la forme et l\u2019effet de l\u2019information. La cour constate que \u00ab cette mention ne figure pas dans les publicit\u00e9s de fa\u00e7on tr\u00e8s apparente, dans la mesure o\u00f9 elle n&#8217;appara\u00eet sur l&#8217;\u00e9cran que l&#8217;espace de quelques secondes, en petits caract\u00e8res, et tout en bas, \u00e0 droite de l&#8217;\u00e9cran \u00bb. Les \u00e9tudes produites montrent un d\u00e9faut de m\u00e9morisation significatif, une compr\u00e9hension erron\u00e9e de l\u2019\u00e9tendue de l\u2019offre et une incitation \u00e0 la visite.<\/p>\n<p>La formulation retenue consacre l\u2019insuffisance informationnelle au regard des articles L. 121-2 et L. 121-3 du code de la consommation: \u00ab La Cour dira, en cons\u00e9quence, que l&#8217;information selon laquelle les produits ne sont disponibles que dans certains magasins, selon une dur\u00e9e suffisante, ne figure pas en termes suffisamment clairs et intelligibles, et que les spots t\u00e9l\u00e9vis\u00e9s sont ainsi de nature \u00e0 induire en erreur le consommateur \u00bb. La mention n\u2019emp\u00eache donc pas l\u2019alt\u00e9ration substantielle du comportement \u00e9conomique d\u2019un consommateur normalement inform\u00e9 et raisonnablement attentif.<\/p>\n<p>II \u2014 La r\u00e9paration du d\u00e9s\u00e9quilibre concurrentiel et ses modalit\u00e9s<\/p>\n<p>A \u2014 La pr\u00e9somption de dommage et la validation de la campagne miroir<br \/>\nLe lien entre l\u2019illic\u00e9it\u00e9 et le dommage concurrentiel est admis dans le droit positif. L\u2019arr\u00eat cite la solution constante selon laquelle \u00ab Il s&#8217;inf\u00e8re n\u00e9cessairement un pr\u00e9judice, f\u00fbt-il seulement moral, d&#8217;un acte de concurrence d\u00e9loyale \u00bb (Com., 22 octobre 1985, n\u00b0 83-15.096; Com., 12 f\u00e9vrier 2020, n\u00b0 17-31.614). La preuve de l\u2019\u00e9tendue demeure requise. La m\u00e9thode contrefactuelle est \u00e9cart\u00e9e car elle agr\u00e8ge des d\u00e9terminants strat\u00e9giques h\u00e9t\u00e9rog\u00e8nes, rendant l\u2019impact pr\u00e9cis des spots difficile \u00e0 isoler.<\/p>\n<p>La \u00ab campagne miroir \u00bb est jug\u00e9e plus ad\u00e9quate au cas d\u2019esp\u00e8ce. Le quantum retient le co\u00fbt brut des investissements t\u00e9l\u00e9vis\u00e9s adverses rapport\u00e9 \u00e0 la part de march\u00e9 de la victime, puis major\u00e9 d\u2019un tiers pour l\u2019effet fid\u00e9lisant des publicit\u00e9s illicites. Le montant est ensuite net d\u2019usage, par application d\u2019un taux de remise sectoriel. L\u2019argument d\u2019un enrichissement indu est repouss\u00e9 par un rappel de principe: \u00ab La victime est, en tout \u00e9tat de cause, libre de disposer des dommages et int\u00e9r\u00eats qui lui sont allou\u00e9s \u00bb. La condamnation \u00e0 43.364.409 euros s\u2019aligne sur cette construction m\u00e9thodique et proportionn\u00e9e.<\/p>\n<p>B \u2014 Injonctions, publications et port\u00e9e normative<br \/>\nLa cessation des pratiques illicites compl\u00e8te la r\u00e9paration. L\u2019arr\u00eat rappelle que l\u2019article 1240 et le principe de r\u00e9paration int\u00e9grale \u00ab permettent \u00e0 la juridiction saisie d&#8217;ordonner \u00e0 l&#8217;auteur des faits la cessation de son comportement fautif \u00bb. L\u2019injonction de garantir une disponibilit\u00e9 de quinze semaines dans l\u2019ensemble du r\u00e9seau, sous astreinte, s\u2019inscrit dans la logique du crit\u00e8re de disponibilit\u00e9 g\u00e9n\u00e9ralis\u00e9e pos\u00e9 plus haut.<\/p>\n<p>La port\u00e9e pratique d\u00e9passe l\u2019esp\u00e8ce. L\u2019avis pr\u00e9alable de l\u2019autor\u00e9gulation ne constitue pas un bouclier, car \u00ab d\u00e9pourvu de force contraignante \u00bb. La publicit\u00e9 du dispositif sur les supports num\u00e9riques de l\u2019annonceur r\u00e9tablit l\u2019information, sans disproportion. L\u2019admission d\u2019une protection cibl\u00e9e du secret des affaires concilie droit \u00e0 la preuve et confidentialit\u00e9 utile. L\u2019ensemble trace une ligne claire: pour \u00e9viter la qualification promotionnelle prohib\u00e9e, l\u2019annonceur qui diffuse \u00e0 la t\u00e9l\u00e9vision doit garantir, dans tous les points de vente concern\u00e9s par l\u2019offre, une disponibilit\u00e9 suffisante dans la dur\u00e9e; \u00e0 d\u00e9faut, l\u2019information restrictive, m\u00eame pr\u00e9sente, n\u2019emp\u00eache ni la tromperie, ni la sanction concurrentielle.<\/p>\n<\/div>\n","protected":false},"excerpt":{"rendered":"<p>Cour d&#8217;appel de Paris, 4 juillet 2025. Un litige oppose deux enseignes de la grande distribution au sujet de 374 spots t\u00e9l\u00e9vis\u00e9s diffus\u00e9s entre 2017 et 2023&#8230;.<\/p>\n","protected":false},"author":232070755,"featured_media":3920,"comment_status":"open","ping_status":"open","sticky":false,"template":"","format":"standard","meta":{"_crdt_document":"","_jetpack_newsletter_access":"","_jetpack_dont_email_post_to_subs":false,"_jetpack_newsletter_tier_id":0,"_jetpack_memberships_contains_paywalled_content":false,"_kj_source_type":"judilibre","_kj_official_id":"6868b37775a2d196dbc19155","_kj_official_url":"https:\/\/www.courdecassation.fr\/decision\/6868b37775a2d196dbc19155","_kj_judilibre_id":"6868b37775a2d196dbc19155","_kj_jur":"Cour d'appel","_kj_lieu":"Paris","_kj_chambre":"P\u00f4le 5 - Chambre 11","_kj_rg":"22\/12787","_kj_date":"2025-07-04","_jetpack_memberships_contains_paid_content":false,"footnotes":"","jetpack_post_was_ever_published":false},"categories":[7597],"tags":[],"class_list":["post-684857","post","type-post","status-publish","format-standard","has-post-thumbnail","hentry","category-jurisprudence"],"yoast_head":"<!-- This site is optimized with the Yoast SEO Premium plugin v27.5 (Yoast SEO v27.5) - https:\/\/yoast.com\/product\/yoast-seo-premium-wordpress\/ -->\n<title>Tribunal de commerce, le 27 mars 1992, n\u00b022\/12787 - Ma\u00eetre Hassan Kohen, avocat en droit p\u00e9nal \u00e0 Paris<\/title>\n<meta name=\"description\" content=\"Cour d&#039;appel de Paris, 4 juillet 2025. Un litige oppose deux enseignes de la grande distribution au sujet de 374 spots t\u00e9l\u00e9vis\u00e9s diffus\u00e9s entre 2017 et 2023....\" \/>\n<meta name=\"robots\" content=\"index, follow, max-snippet:-1, max-image-preview:large, max-video-preview:-1\" \/>\n<link rel=\"canonical\" href=\"https:\/\/kohenavocats.com\/en\/tribunal-de-commerce-le-27-mars-1992-n22-12787\/\" \/>\n<meta property=\"og:locale\" content=\"en_US\" \/>\n<meta property=\"og:type\" content=\"article\" \/>\n<meta property=\"og:title\" content=\"Tribunal de commerce, le 27 mars 1992, n\u00b022\/12787\" \/>\n<meta property=\"og:description\" content=\"Cour d&#039;appel de Paris, 4 juillet 2025. Un litige oppose deux enseignes de la grande distribution au sujet de 374 spots t\u00e9l\u00e9vis\u00e9s diffus\u00e9s entre 2017 et 2023....\" \/>\n<meta property=\"og:url\" content=\"https:\/\/kohenavocats.com\/en\/tribunal-de-commerce-le-27-mars-1992-n22-12787\/\" \/>\n<meta property=\"og:site_name\" content=\"Ma\u00eetre Hassan Kohen, avocat en droit p\u00e9nal \u00e0 Paris\" \/>\n<meta property=\"article:published_time\" content=\"2026-04-25T18:05:02+00:00\" \/>\n<meta property=\"og:image\" content=\"https:\/\/kohenavocats.com\/wp-content\/uploads\/2024\/07\/valentino-mazzariello-Ndm1hhIcwHc-unsplash.webp\" \/>\n\t<meta property=\"og:image:width\" content=\"4182\" \/>\n\t<meta property=\"og:image:height\" content=\"2778\" \/>\n\t<meta property=\"og:image:type\" content=\"image\/webp\" \/>\n<meta name=\"author\" content=\"Kohen\" \/>\n<meta name=\"twitter:card\" content=\"summary_large_image\" \/>\n<meta name=\"twitter:label1\" content=\"Written by\" \/>\n\t<meta name=\"twitter:data1\" content=\"Kohen\" \/>\n\t<meta name=\"twitter:label2\" content=\"Est. reading time\" \/>\n\t<meta name=\"twitter:data2\" content=\"5 minutes\" \/>\n<script type=\"application\/ld+json\" class=\"yoast-schema-graph\">{\"@context\":\"https:\\\/\\\/schema.org\",\"@graph\":[{\"@type\":\"Article\",\"@id\":\"https:\\\/\\\/kohenavocats.com\\\/en\\\/tribunal-de-commerce-le-27-mars-1992-n22-12787\\\/#article\",\"isPartOf\":{\"@id\":\"https:\\\/\\\/kohenavocats.com\\\/en\\\/tribunal-de-commerce-le-27-mars-1992-n22-12787\\\/\"},\"author\":{\"name\":\"Kohen\",\"@id\":\"https:\\\/\\\/kohenavocats.com\\\/en\\\/#\\\/schema\\\/person\\\/761c9ba54fa1ca84d405cef0831ff751\"},\"headline\":\"Tribunal de commerce, le 27 mars 1992, n\u00b022\\\/12787\",\"datePublished\":\"2026-04-25T18:05:02+00:00\",\"mainEntityOfPage\":{\"@id\":\"https:\\\/\\\/kohenavocats.com\\\/en\\\/tribunal-de-commerce-le-27-mars-1992-n22-12787\\\/\"},\"wordCount\":1107,\"commentCount\":0,\"publisher\":{\"@id\":\"https:\\\/\\\/kohenavocats.com\\\/en\\\/#organization\"},\"image\":{\"@id\":\"https:\\\/\\\/kohenavocats.com\\\/en\\\/tribunal-de-commerce-le-27-mars-1992-n22-12787\\\/#primaryimage\"},\"thumbnailUrl\":\"https:\\\/\\\/kohenavocats.com\\\/wp-content\\\/uploads\\\/2024\\\/07\\\/valentino-mazzariello-Ndm1hhIcwHc-unsplash.webp\",\"articleSection\":[\"Jurisprudence\"],\"inLanguage\":\"en-US\",\"potentialAction\":[{\"@type\":\"CommentAction\",\"name\":\"Comment\",\"target\":[\"https:\\\/\\\/kohenavocats.com\\\/en\\\/tribunal-de-commerce-le-27-mars-1992-n22-12787\\\/#respond\"]}],\"citation\":\"Tribunal de commerce, le 27 mars 1992, n\u00b022\\\/12787\",\"about\":[{\"@type\":\"Thing\",\"name\":\"Jurisprudence\"}],\"dateModified\":\"2026-04-25T18:05:02+00:00\",\"speakable\":{\"@type\":\"SpeakableSpecification\",\"cssSelector\":[\".article-content > p:first-of-type\"]}},{\"@type\":\"WebPage\",\"@id\":\"https:\\\/\\\/kohenavocats.com\\\/en\\\/tribunal-de-commerce-le-27-mars-1992-n22-12787\\\/\",\"url\":\"https:\\\/\\\/kohenavocats.com\\\/en\\\/tribunal-de-commerce-le-27-mars-1992-n22-12787\\\/\",\"name\":\"Tribunal de commerce, le 27 mars 1992, n\u00b022\\\/12787 - Ma\u00eetre Hassan Kohen, avocat en droit p\u00e9nal \u00e0 Paris\",\"isPartOf\":{\"@id\":\"https:\\\/\\\/kohenavocats.com\\\/en\\\/#website\"},\"primaryImageOfPage\":{\"@id\":\"https:\\\/\\\/kohenavocats.com\\\/en\\\/tribunal-de-commerce-le-27-mars-1992-n22-12787\\\/#primaryimage\"},\"image\":{\"@id\":\"https:\\\/\\\/kohenavocats.com\\\/en\\\/tribunal-de-commerce-le-27-mars-1992-n22-12787\\\/#primaryimage\"},\"thumbnailUrl\":\"https:\\\/\\\/kohenavocats.com\\\/wp-content\\\/uploads\\\/2024\\\/07\\\/valentino-mazzariello-Ndm1hhIcwHc-unsplash.webp\",\"datePublished\":\"2026-04-25T18:05:02+00:00\",\"description\":\"Cour d'appel de Paris, 4 juillet 2025. Un litige oppose deux enseignes de la grande distribution au sujet de 374 spots t\u00e9l\u00e9vis\u00e9s diffus\u00e9s entre 2017 et 2023....\",\"breadcrumb\":{\"@id\":\"https:\\\/\\\/kohenavocats.com\\\/en\\\/tribunal-de-commerce-le-27-mars-1992-n22-12787\\\/#breadcrumb\"},\"inLanguage\":\"en-US\",\"potentialAction\":[{\"@type\":\"ReadAction\",\"target\":[\"https:\\\/\\\/kohenavocats.com\\\/en\\\/tribunal-de-commerce-le-27-mars-1992-n22-12787\\\/\"]}]},{\"@type\":\"ImageObject\",\"inLanguage\":\"en-US\",\"@id\":\"https:\\\/\\\/kohenavocats.com\\\/en\\\/tribunal-de-commerce-le-27-mars-1992-n22-12787\\\/#primaryimage\",\"url\":\"https:\\\/\\\/kohenavocats.com\\\/wp-content\\\/uploads\\\/2024\\\/07\\\/valentino-mazzariello-Ndm1hhIcwHc-unsplash.webp\",\"contentUrl\":\"https:\\\/\\\/kohenavocats.com\\\/wp-content\\\/uploads\\\/2024\\\/07\\\/valentino-mazzariello-Ndm1hhIcwHc-unsplash.webp\",\"width\":4182,\"height\":2778},{\"@type\":\"BreadcrumbList\",\"@id\":\"https:\\\/\\\/kohenavocats.com\\\/en\\\/tribunal-de-commerce-le-27-mars-1992-n22-12787\\\/#breadcrumb\",\"itemListElement\":[{\"@type\":\"ListItem\",\"position\":1,\"name\":\"Home\",\"item\":\"https:\\\/\\\/kohenavocats.com\\\/en\\\/criminal-law-attorneys-in-paris-counsel-and-strategic-defense\\\/\"},{\"@type\":\"ListItem\",\"position\":2,\"name\":\"Tribunal de commerce, le 27 mars 1992, n\u00b022\\\/12787\"}]},{\"@type\":\"WebSite\",\"@id\":\"https:\\\/\\\/kohenavocats.com\\\/en\\\/#website\",\"url\":\"https:\\\/\\\/kohenavocats.com\\\/en\\\/\",\"name\":\"Kohen Avocats\",\"description\":\"Ma\u00eetre Hassan Kohen, avocat p\u00e9naliste \u00e0 Paris, intervient exclusivement en droit p\u00e9nal pour la d\u00e9fense des particuliers, notamment en mati\u00e8re d\u2019accusations de viol. Il assure un accompagnement rigoureux d\u00e8s la garde \u00e0 vue jusqu\u2019\u00e0 la Cour d\u2019assises, veillant au strict respect des garanties proc\u00e9durales.\",\"publisher\":{\"@id\":\"https:\\\/\\\/kohenavocats.com\\\/en\\\/#organization\"},\"potentialAction\":[{\"@type\":\"SearchAction\",\"target\":{\"@type\":\"EntryPoint\",\"urlTemplate\":\"https:\\\/\\\/kohenavocats.com\\\/en\\\/?s={search_term_string}\"},\"query-input\":{\"@type\":\"PropertyValueSpecification\",\"valueRequired\":true,\"valueName\":\"search_term_string\"}}],\"inLanguage\":\"en-US\"},{\"@type\":\"Organization\",\"@id\":\"https:\\\/\\\/kohenavocats.com\\\/en\\\/#organization\",\"name\":\"Kohen Avocats\",\"url\":\"https:\\\/\\\/kohenavocats.com\\\/en\\\/\",\"logo\":{\"@type\":\"ImageObject\",\"inLanguage\":\"en-US\",\"@id\":\"https:\\\/\\\/kohenavocats.com\\\/en\\\/#\\\/schema\\\/logo\\\/image\\\/\",\"url\":\"https:\\\/\\\/kohenavocats.com\\\/wp-content\\\/uploads\\\/2026\\\/01\\\/Logo-2-1.webp\",\"contentUrl\":\"https:\\\/\\\/kohenavocats.com\\\/wp-content\\\/uploads\\\/2026\\\/01\\\/Logo-2-1.webp\",\"width\":2114,\"height\":1253,\"caption\":\"Kohen Avocats\"},\"image\":{\"@id\":\"https:\\\/\\\/kohenavocats.com\\\/en\\\/#\\\/schema\\\/logo\\\/image\\\/\"}},{\"@type\":\"Person\",\"@id\":\"https:\\\/\\\/kohenavocats.com\\\/en\\\/#\\\/schema\\\/person\\\/761c9ba54fa1ca84d405cef0831ff751\",\"name\":\"Kohen\",\"image\":{\"@type\":\"ImageObject\",\"inLanguage\":\"en-US\",\"@id\":\"https:\\\/\\\/secure.gravatar.com\\\/avatar\\\/1c5e76ef76bbbfdd2b4da984e2bf2fa4056fd51a27d25ce2c332047f1dfd6e00?s=96&d=identicon&r=g\",\"url\":\"https:\\\/\\\/secure.gravatar.com\\\/avatar\\\/1c5e76ef76bbbfdd2b4da984e2bf2fa4056fd51a27d25ce2c332047f1dfd6e00?s=96&d=identicon&r=g\",\"contentUrl\":\"https:\\\/\\\/secure.gravatar.com\\\/avatar\\\/1c5e76ef76bbbfdd2b4da984e2bf2fa4056fd51a27d25ce2c332047f1dfd6e00?s=96&d=identicon&r=g\",\"caption\":\"Kohen\"},\"sameAs\":[\"https:\\\/\\\/www.linkedin.com\\\/in\\\/hassan-kohen-448548192\\\/\",\"https:\\\/\\\/www.youtube.com\\\/@Kohen-Avocats\"],\"url\":\"https:\\\/\\\/kohenavocats.com\\\/en\\\/author\\\/kohenmlk\\\/\"}]}<\/script>\n<!-- \/ Yoast SEO Premium plugin. -->","yoast_head_json":{"title":"Tribunal de commerce, le 27 mars 1992, n\u00b022\/12787 - Ma\u00eetre Hassan Kohen, avocat en droit p\u00e9nal \u00e0 Paris","description":"Cour d'appel de Paris, 4 juillet 2025. Un litige oppose deux enseignes de la grande distribution au sujet de 374 spots t\u00e9l\u00e9vis\u00e9s diffus\u00e9s entre 2017 et 2023....","robots":{"index":"index","follow":"follow","max-snippet":"max-snippet:-1","max-image-preview":"max-image-preview:large","max-video-preview":"max-video-preview:-1"},"canonical":"https:\/\/kohenavocats.com\/en\/tribunal-de-commerce-le-27-mars-1992-n22-12787\/","og_locale":"en_US","og_type":"article","og_title":"Tribunal de commerce, le 27 mars 1992, n\u00b022\/12787","og_description":"Cour d'appel de Paris, 4 juillet 2025. Un litige oppose deux enseignes de la grande distribution au sujet de 374 spots t\u00e9l\u00e9vis\u00e9s diffus\u00e9s entre 2017 et 2023....","og_url":"https:\/\/kohenavocats.com\/en\/tribunal-de-commerce-le-27-mars-1992-n22-12787\/","og_site_name":"Ma\u00eetre Hassan Kohen, avocat en droit p\u00e9nal \u00e0 Paris","article_published_time":"2026-04-25T18:05:02+00:00","og_image":[{"width":4182,"height":2778,"url":"https:\/\/kohenavocats.com\/wp-content\/uploads\/2024\/07\/valentino-mazzariello-Ndm1hhIcwHc-unsplash.webp","type":"image\/webp"}],"author":"Kohen","twitter_card":"summary_large_image","twitter_misc":{"Written by":"Kohen","Est. reading time":"5 minutes"},"schema":{"@context":"https:\/\/schema.org","@graph":[{"@type":"Article","@id":"https:\/\/kohenavocats.com\/en\/tribunal-de-commerce-le-27-mars-1992-n22-12787\/#article","isPartOf":{"@id":"https:\/\/kohenavocats.com\/en\/tribunal-de-commerce-le-27-mars-1992-n22-12787\/"},"author":{"name":"Kohen","@id":"https:\/\/kohenavocats.com\/en\/#\/schema\/person\/761c9ba54fa1ca84d405cef0831ff751"},"headline":"Tribunal de commerce, le 27 mars 1992, n\u00b022\/12787","datePublished":"2026-04-25T18:05:02+00:00","mainEntityOfPage":{"@id":"https:\/\/kohenavocats.com\/en\/tribunal-de-commerce-le-27-mars-1992-n22-12787\/"},"wordCount":1107,"commentCount":0,"publisher":{"@id":"https:\/\/kohenavocats.com\/en\/#organization"},"image":{"@id":"https:\/\/kohenavocats.com\/en\/tribunal-de-commerce-le-27-mars-1992-n22-12787\/#primaryimage"},"thumbnailUrl":"https:\/\/kohenavocats.com\/wp-content\/uploads\/2024\/07\/valentino-mazzariello-Ndm1hhIcwHc-unsplash.webp","articleSection":["Jurisprudence"],"inLanguage":"en-US","potentialAction":[{"@type":"CommentAction","name":"Comment","target":["https:\/\/kohenavocats.com\/en\/tribunal-de-commerce-le-27-mars-1992-n22-12787\/#respond"]}],"citation":"Tribunal de commerce, le 27 mars 1992, n\u00b022\/12787","about":[{"@type":"Thing","name":"Jurisprudence"}],"dateModified":"2026-04-25T18:05:02+00:00","speakable":{"@type":"SpeakableSpecification","cssSelector":[".article-content > p:first-of-type"]}},{"@type":"WebPage","@id":"https:\/\/kohenavocats.com\/en\/tribunal-de-commerce-le-27-mars-1992-n22-12787\/","url":"https:\/\/kohenavocats.com\/en\/tribunal-de-commerce-le-27-mars-1992-n22-12787\/","name":"Tribunal de commerce, le 27 mars 1992, n\u00b022\/12787 - Ma\u00eetre Hassan Kohen, avocat en droit p\u00e9nal \u00e0 Paris","isPartOf":{"@id":"https:\/\/kohenavocats.com\/en\/#website"},"primaryImageOfPage":{"@id":"https:\/\/kohenavocats.com\/en\/tribunal-de-commerce-le-27-mars-1992-n22-12787\/#primaryimage"},"image":{"@id":"https:\/\/kohenavocats.com\/en\/tribunal-de-commerce-le-27-mars-1992-n22-12787\/#primaryimage"},"thumbnailUrl":"https:\/\/kohenavocats.com\/wp-content\/uploads\/2024\/07\/valentino-mazzariello-Ndm1hhIcwHc-unsplash.webp","datePublished":"2026-04-25T18:05:02+00:00","description":"Cour d'appel de Paris, 4 juillet 2025. Un litige oppose deux enseignes de la grande distribution au sujet de 374 spots t\u00e9l\u00e9vis\u00e9s diffus\u00e9s entre 2017 et 2023....","breadcrumb":{"@id":"https:\/\/kohenavocats.com\/en\/tribunal-de-commerce-le-27-mars-1992-n22-12787\/#breadcrumb"},"inLanguage":"en-US","potentialAction":[{"@type":"ReadAction","target":["https:\/\/kohenavocats.com\/en\/tribunal-de-commerce-le-27-mars-1992-n22-12787\/"]}]},{"@type":"ImageObject","inLanguage":"en-US","@id":"https:\/\/kohenavocats.com\/en\/tribunal-de-commerce-le-27-mars-1992-n22-12787\/#primaryimage","url":"https:\/\/kohenavocats.com\/wp-content\/uploads\/2024\/07\/valentino-mazzariello-Ndm1hhIcwHc-unsplash.webp","contentUrl":"https:\/\/kohenavocats.com\/wp-content\/uploads\/2024\/07\/valentino-mazzariello-Ndm1hhIcwHc-unsplash.webp","width":4182,"height":2778},{"@type":"BreadcrumbList","@id":"https:\/\/kohenavocats.com\/en\/tribunal-de-commerce-le-27-mars-1992-n22-12787\/#breadcrumb","itemListElement":[{"@type":"ListItem","position":1,"name":"Home","item":"https:\/\/kohenavocats.com\/en\/criminal-law-attorneys-in-paris-counsel-and-strategic-defense\/"},{"@type":"ListItem","position":2,"name":"Tribunal de commerce, le 27 mars 1992, n\u00b022\/12787"}]},{"@type":"WebSite","@id":"https:\/\/kohenavocats.com\/en\/#website","url":"https:\/\/kohenavocats.com\/en\/","name":"Kohen Avocats","description":"Ma\u00eetre Hassan Kohen, avocat p\u00e9naliste \u00e0 Paris, intervient exclusivement en droit p\u00e9nal pour la d\u00e9fense des particuliers, notamment en mati\u00e8re d\u2019accusations de viol. Il assure un accompagnement rigoureux d\u00e8s la garde \u00e0 vue jusqu\u2019\u00e0 la Cour d\u2019assises, veillant au strict respect des garanties proc\u00e9durales.","publisher":{"@id":"https:\/\/kohenavocats.com\/en\/#organization"},"potentialAction":[{"@type":"SearchAction","target":{"@type":"EntryPoint","urlTemplate":"https:\/\/kohenavocats.com\/en\/?s={search_term_string}"},"query-input":{"@type":"PropertyValueSpecification","valueRequired":true,"valueName":"search_term_string"}}],"inLanguage":"en-US"},{"@type":"Organization","@id":"https:\/\/kohenavocats.com\/en\/#organization","name":"Kohen Avocats","url":"https:\/\/kohenavocats.com\/en\/","logo":{"@type":"ImageObject","inLanguage":"en-US","@id":"https:\/\/kohenavocats.com\/en\/#\/schema\/logo\/image\/","url":"https:\/\/kohenavocats.com\/wp-content\/uploads\/2026\/01\/Logo-2-1.webp","contentUrl":"https:\/\/kohenavocats.com\/wp-content\/uploads\/2026\/01\/Logo-2-1.webp","width":2114,"height":1253,"caption":"Kohen Avocats"},"image":{"@id":"https:\/\/kohenavocats.com\/en\/#\/schema\/logo\/image\/"}},{"@type":"Person","@id":"https:\/\/kohenavocats.com\/en\/#\/schema\/person\/761c9ba54fa1ca84d405cef0831ff751","name":"Kohen","image":{"@type":"ImageObject","inLanguage":"en-US","@id":"https:\/\/secure.gravatar.com\/avatar\/1c5e76ef76bbbfdd2b4da984e2bf2fa4056fd51a27d25ce2c332047f1dfd6e00?s=96&d=identicon&r=g","url":"https:\/\/secure.gravatar.com\/avatar\/1c5e76ef76bbbfdd2b4da984e2bf2fa4056fd51a27d25ce2c332047f1dfd6e00?s=96&d=identicon&r=g","contentUrl":"https:\/\/secure.gravatar.com\/avatar\/1c5e76ef76bbbfdd2b4da984e2bf2fa4056fd51a27d25ce2c332047f1dfd6e00?s=96&d=identicon&r=g","caption":"Kohen"},"sameAs":["https:\/\/www.linkedin.com\/in\/hassan-kohen-448548192\/","https:\/\/www.youtube.com\/@Kohen-Avocats"],"url":"https:\/\/kohenavocats.com\/en\/author\/kohenmlk\/"}]}},"jetpack_featured_media_url":"https:\/\/kohenavocats.com\/wp-content\/uploads\/2024\/07\/valentino-mazzariello-Ndm1hhIcwHc-unsplash.webp","jetpack_likes_enabled":false,"jetpack_shortlink":"https:\/\/wp.me\/peCrII-2Sa5","jetpack-related-posts":[{"id":181385,"url":"https:\/\/kohenavocats.com\/en\/affaire-schweizerische-radio-und-fernsehgesellschaft-et-publisuisse-sa-c-suisse\/","url_meta":{"origin":684857,"position":0},"title":"AFFAIRE SCHWEIZERISCHE RADIO- UND FERNSEHGESELLSCHAFT ET PUBLISUISSE SA c. SUISSE","author":"Kohen","date":"11 December 2025","format":false,"excerpt":"Par un arr\u00eat du 22 d\u00e9cembre 2020, la Cour europ\u00e9enne des droits de l\u2019homme a pr\u00e9cis\u00e9 les contours de la libert\u00e9 d\u2019expression d\u2019un organisme de radiodiffusion de service public, lorsque celui-ci est contraint de diffuser un message publicitaire critiquant sa propre activit\u00e9. En l\u2019esp\u00e8ce, une association de protection des animaux\u2026","rel":"","context":"In &quot;Cour europeenne des droits de l'homme&quot;","block_context":{"text":"Cour europeenne des droits de l'homme","link":"https:\/\/kohenavocats.com\/category\/cour-europeenne-des-droits-de-lhomme\/"},"img":{"alt_text":"","src":"https:\/\/i0.wp.com\/kohenavocats.com\/wp-content\/uploads\/2024\/08\/venus-major-dRu-1z24xCw-unsplash.webp?resize=350%2C200&ssl=1","width":350,"height":200,"srcset":"https:\/\/i0.wp.com\/kohenavocats.com\/wp-content\/uploads\/2024\/08\/venus-major-dRu-1z24xCw-unsplash.webp?resize=350%2C200&ssl=1 1x, https:\/\/i0.wp.com\/kohenavocats.com\/wp-content\/uploads\/2024\/08\/venus-major-dRu-1z24xCw-unsplash.webp?resize=525%2C300&ssl=1 1.5x, https:\/\/i0.wp.com\/kohenavocats.com\/wp-content\/uploads\/2024\/08\/venus-major-dRu-1z24xCw-unsplash.webp?resize=700%2C400&ssl=1 2x, https:\/\/i0.wp.com\/kohenavocats.com\/wp-content\/uploads\/2024\/08\/venus-major-dRu-1z24xCw-unsplash.webp?resize=1050%2C600&ssl=1 3x, https:\/\/i0.wp.com\/kohenavocats.com\/wp-content\/uploads\/2024\/08\/venus-major-dRu-1z24xCw-unsplash.webp?resize=1400%2C800&ssl=1 4x"},"classes":[]},{"id":544136,"url":"https:\/\/kohenavocats.com\/en\/cour-dappel-de-paris-le-24-septembre-2025-n22-18781\/","url_meta":{"origin":684857,"position":1},"title":"Cour d&#8217;appel de Paris, le 24 septembre 2025, n\u00b022\/18781","author":"Kohen","date":"9 April 2026","format":false,"excerpt":"Cour d'appel de Paris, le 6 juin 2024, n\u00b021\/21871. La cour statue sur une action en responsabilit\u00e9 pour rupture brutale de relations commerciales...","rel":"","context":"In &quot;Cour d'appel&quot;","block_context":{"text":"Cour d'appel","link":"https:\/\/kohenavocats.com\/category\/cour-dappel\/"},"img":{"alt_text":"","src":"https:\/\/i0.wp.com\/kohenavocats.com\/wp-content\/uploads\/2024\/08\/philippe-oursel-pWhx6q22d_I-unsplash.webp?resize=350%2C200&ssl=1","width":350,"height":200,"srcset":"https:\/\/i0.wp.com\/kohenavocats.com\/wp-content\/uploads\/2024\/08\/philippe-oursel-pWhx6q22d_I-unsplash.webp?resize=350%2C200&ssl=1 1x, https:\/\/i0.wp.com\/kohenavocats.com\/wp-content\/uploads\/2024\/08\/philippe-oursel-pWhx6q22d_I-unsplash.webp?resize=525%2C300&ssl=1 1.5x, https:\/\/i0.wp.com\/kohenavocats.com\/wp-content\/uploads\/2024\/08\/philippe-oursel-pWhx6q22d_I-unsplash.webp?resize=700%2C400&ssl=1 2x, https:\/\/i0.wp.com\/kohenavocats.com\/wp-content\/uploads\/2024\/08\/philippe-oursel-pWhx6q22d_I-unsplash.webp?resize=1050%2C600&ssl=1 3x, https:\/\/i0.wp.com\/kohenavocats.com\/wp-content\/uploads\/2024\/08\/philippe-oursel-pWhx6q22d_I-unsplash.webp?resize=1400%2C800&ssl=1 4x"},"classes":[]},{"id":775280,"url":"https:\/\/kohenavocats.com\/en\/cour-dappel-de-besancon-le-6-janvier-2026-n25-00769\/","url_meta":{"origin":684857,"position":2},"title":"Cour d&#8217;appel de Besan\u00e7on, le 6 janvier 2026, n\u00b025\/00769","author":"Kohen","date":"30 April 2026","format":false,"excerpt":"La cour d'appel de Besan\u00e7on, dans son arr\u00eat du 6 janvier 2026, statue sur la liquidation d'une astreinte provisoire ordonn\u00e9e par le juge de la mise en \u00e9tat. ...","rel":"","context":"In &quot;Jurisprudence&quot;","block_context":{"text":"Jurisprudence","link":"https:\/\/kohenavocats.com\/category\/jurisprudence\/"},"img":{"alt_text":"","src":"https:\/\/i0.wp.com\/kohenavocats.com\/wp-content\/uploads\/2024\/11\/virginia-marinova-xqo5V5aU09g-unsplash.webp?resize=350%2C200&ssl=1","width":350,"height":200,"srcset":"https:\/\/i0.wp.com\/kohenavocats.com\/wp-content\/uploads\/2024\/11\/virginia-marinova-xqo5V5aU09g-unsplash.webp?resize=350%2C200&ssl=1 1x, https:\/\/i0.wp.com\/kohenavocats.com\/wp-content\/uploads\/2024\/11\/virginia-marinova-xqo5V5aU09g-unsplash.webp?resize=525%2C300&ssl=1 1.5x, https:\/\/i0.wp.com\/kohenavocats.com\/wp-content\/uploads\/2024\/11\/virginia-marinova-xqo5V5aU09g-unsplash.webp?resize=700%2C400&ssl=1 2x, https:\/\/i0.wp.com\/kohenavocats.com\/wp-content\/uploads\/2024\/11\/virginia-marinova-xqo5V5aU09g-unsplash.webp?resize=1050%2C600&ssl=1 3x, https:\/\/i0.wp.com\/kohenavocats.com\/wp-content\/uploads\/2024\/11\/virginia-marinova-xqo5V5aU09g-unsplash.webp?resize=1400%2C800&ssl=1 4x"},"classes":[]},{"id":547781,"url":"https:\/\/kohenavocats.com\/en\/tribunal-de-commerce-de-nice-le-17-septembre-2025-n2024f00610\/","url_meta":{"origin":684857,"position":3},"title":"Tribunal de commerce de Nice, le 17 septembre 2025, n\u00b02024F00610","author":"Kohen","date":"9 April 2026","format":false,"excerpt":"Le tribunal judiciaire de Nice, statuant en premier ressort, a rendu un jugement le 5 d\u00e9cembre 2024. Une soci\u00e9t\u00e9 de travail temporaire poursuivait un club...","rel":"","context":"In &quot;D\u00e9cisions juridiques&quot;","block_context":{"text":"D\u00e9cisions juridiques","link":"https:\/\/kohenavocats.com\/category\/decisions-juridiques\/"},"img":{"alt_text":"","src":"https:\/\/i0.wp.com\/kohenavocats.com\/wp-content\/uploads\/2024\/11\/osarugue-igbinoba-GtkcrFqc5hE-unsplash.webp?resize=350%2C200&ssl=1","width":350,"height":200,"srcset":"https:\/\/i0.wp.com\/kohenavocats.com\/wp-content\/uploads\/2024\/11\/osarugue-igbinoba-GtkcrFqc5hE-unsplash.webp?resize=350%2C200&ssl=1 1x, https:\/\/i0.wp.com\/kohenavocats.com\/wp-content\/uploads\/2024\/11\/osarugue-igbinoba-GtkcrFqc5hE-unsplash.webp?resize=525%2C300&ssl=1 1.5x, https:\/\/i0.wp.com\/kohenavocats.com\/wp-content\/uploads\/2024\/11\/osarugue-igbinoba-GtkcrFqc5hE-unsplash.webp?resize=700%2C400&ssl=1 2x, https:\/\/i0.wp.com\/kohenavocats.com\/wp-content\/uploads\/2024\/11\/osarugue-igbinoba-GtkcrFqc5hE-unsplash.webp?resize=1050%2C600&ssl=1 3x, https:\/\/i0.wp.com\/kohenavocats.com\/wp-content\/uploads\/2024\/11\/osarugue-igbinoba-GtkcrFqc5hE-unsplash.webp?resize=1400%2C800&ssl=1 4x"},"classes":[]},{"id":184319,"url":"https:\/\/kohenavocats.com\/en\/arret-de-la-cour-deuxieme-chambre-du-19-mars-1992-procedure-penale-contre-jose-antonio-batista-morais-demande-de-decision-prejudicielle-tribunal-de-relacao-de-lisboa-portugal-libre-circu\/","url_meta":{"origin":684857,"position":4},"title":"Arr\u00eat de la Cour (deuxi\u00e8me chambre) du 19 mars 1992. &#8211; Proc\u00e9dure p\u00e9nale contre Jos\u00e9 Ant\u00f3nio Batista Morais. &#8211; Demande de d\u00e9cision pr\u00e9judicielle: Tribunal de Rela\u00e7\u00e3o de Lisboa &#8211; Portugal. &#8211; Libre circulation des personnes et des services &#8211; Situation purement interne &#8211; Permis de conduire communautaire &#8211; Harmonisation. &#8211; Affaire C-60\/91.","author":"Kohen","date":"14 December 2025","format":false,"excerpt":"Par un arr\u00eat en date du 16 juillet 1992, la Cour de justice des Communaut\u00e9s europ\u00e9ennes a pr\u00e9cis\u00e9 les limites de l\u2019application du droit communautaire \u00e0 une r\u00e9glementation nationale encadrant l\u2019activit\u00e9 des \u00e9coles de conduite automobile. En l\u2019esp\u00e8ce, un moniteur d\u2019une auto-\u00e9cole \u00e9tablie au Portugal avait fait l\u2019objet de poursuites\u2026","rel":"","context":"In &quot;Cour de justice de l'Union europeenne&quot;","block_context":{"text":"Cour de justice de l'Union europeenne","link":"https:\/\/kohenavocats.com\/category\/cour-de-justice-de-lunion-europeenne\/"},"img":{"alt_text":"","src":"https:\/\/i0.wp.com\/kohenavocats.com\/wp-content\/uploads\/2024\/11\/haut-risque-JoyJpFZM-ZE-unsplash.webp?resize=350%2C200&ssl=1","width":350,"height":200,"srcset":"https:\/\/i0.wp.com\/kohenavocats.com\/wp-content\/uploads\/2024\/11\/haut-risque-JoyJpFZM-ZE-unsplash.webp?resize=350%2C200&ssl=1 1x, https:\/\/i0.wp.com\/kohenavocats.com\/wp-content\/uploads\/2024\/11\/haut-risque-JoyJpFZM-ZE-unsplash.webp?resize=525%2C300&ssl=1 1.5x, https:\/\/i0.wp.com\/kohenavocats.com\/wp-content\/uploads\/2024\/11\/haut-risque-JoyJpFZM-ZE-unsplash.webp?resize=700%2C400&ssl=1 2x, https:\/\/i0.wp.com\/kohenavocats.com\/wp-content\/uploads\/2024\/11\/haut-risque-JoyJpFZM-ZE-unsplash.webp?resize=1050%2C600&ssl=1 3x, https:\/\/i0.wp.com\/kohenavocats.com\/wp-content\/uploads\/2024\/11\/haut-risque-JoyJpFZM-ZE-unsplash.webp?resize=1400%2C800&ssl=1 4x"},"classes":[]},{"id":475259,"url":"https:\/\/kohenavocats.com\/en\/cour-dappel-de-paris-le-15-janvier-2025-n24-08029\/","url_meta":{"origin":684857,"position":5},"title":"Cour d&#8217;appel de Paris, le 15 janvier 2025, n\u00b024\/08029","author":"Kohen","date":"7 April 2026","format":false,"excerpt":"La Cour d'appel de Paris, dans un arr\u00eat du 15 janvier 2025, a \u00e9t\u00e9 saisie d'un litige opposant un fournisseur de boissons \u00e0 son client distributeur. Le fourni...","rel":"","context":"In &quot;Jurisprudence&quot;","block_context":{"text":"Jurisprudence","link":"https:\/\/kohenavocats.com\/category\/jurisprudence\/"},"img":{"alt_text":"","src":"https:\/\/i0.wp.com\/kohenavocats.com\/wp-content\/uploads\/2024\/11\/getty-images-ya49u1qljBI-unsplash.webp?resize=350%2C200&ssl=1","width":350,"height":200,"srcset":"https:\/\/i0.wp.com\/kohenavocats.com\/wp-content\/uploads\/2024\/11\/getty-images-ya49u1qljBI-unsplash.webp?resize=350%2C200&ssl=1 1x, https:\/\/i0.wp.com\/kohenavocats.com\/wp-content\/uploads\/2024\/11\/getty-images-ya49u1qljBI-unsplash.webp?resize=525%2C300&ssl=1 1.5x, https:\/\/i0.wp.com\/kohenavocats.com\/wp-content\/uploads\/2024\/11\/getty-images-ya49u1qljBI-unsplash.webp?resize=700%2C400&ssl=1 2x, https:\/\/i0.wp.com\/kohenavocats.com\/wp-content\/uploads\/2024\/11\/getty-images-ya49u1qljBI-unsplash.webp?resize=1050%2C600&ssl=1 3x, https:\/\/i0.wp.com\/kohenavocats.com\/wp-content\/uploads\/2024\/11\/getty-images-ya49u1qljBI-unsplash.webp?resize=1400%2C800&ssl=1 4x"},"classes":[]}],"jetpack_sharing_enabled":true,"_links":{"self":[{"href":"https:\/\/kohenavocats.com\/en\/wp-json\/wp\/v2\/posts\/684857","targetHints":{"allow":["GET"]}}],"collection":[{"href":"https:\/\/kohenavocats.com\/en\/wp-json\/wp\/v2\/posts"}],"about":[{"href":"https:\/\/kohenavocats.com\/en\/wp-json\/wp\/v2\/types\/post"}],"author":[{"embeddable":true,"href":"https:\/\/kohenavocats.com\/en\/wp-json\/wp\/v2\/users\/232070755"}],"replies":[{"embeddable":true,"href":"https:\/\/kohenavocats.com\/en\/wp-json\/wp\/v2\/comments?post=684857"}],"version-history":[{"count":0,"href":"https:\/\/kohenavocats.com\/en\/wp-json\/wp\/v2\/posts\/684857\/revisions"}],"wp:featuredmedia":[{"embeddable":true,"href":"https:\/\/kohenavocats.com\/en\/wp-json\/wp\/v2\/media\/3920"}],"wp:attachment":[{"href":"https:\/\/kohenavocats.com\/en\/wp-json\/wp\/v2\/media?parent=684857"}],"wp:term":[{"taxonomy":"category","embeddable":true,"href":"https:\/\/kohenavocats.com\/en\/wp-json\/wp\/v2\/categories?post=684857"},{"taxonomy":"post_tag","embeddable":true,"href":"https:\/\/kohenavocats.com\/en\/wp-json\/wp\/v2\/tags?post=684857"}],"curies":[{"name":"wp","href":"https:\/\/api.w.org\/{rel}","templated":true}]}}