{"id":684997,"date":"2026-04-25T20:12:08","date_gmt":"2026-04-25T18:12:08","guid":{"rendered":"https:\/\/kohenavocats.com\/cour-dappel-de-montpellier-le-17-juin-2025-n24-06244\/"},"modified":"2026-04-25T20:12:08","modified_gmt":"2026-04-25T18:12:08","slug":"cour-dappel-de-montpellier-le-17-juin-2025-n24-06244","status":"publish","type":"post","link":"https:\/\/kohenavocats.com\/en\/cour-dappel-de-montpellier-le-17-juin-2025-n24-06244\/","title":{"rendered":"Cour d&#8217;appel de Montpellier, le 17 juin 2025, n\u00b024\/06244"},"content":{"rendered":"<div class=\"article-content\">\n<p>Rendue par la cour d&#8217;appel de Montpellier le 17 juin 2025, la d\u00e9cision tranche un d\u00e9f\u00e9r\u00e9 contestant l&#8217;irrecevabilit\u00e9 de conclusions intim\u00e9es dans une proc\u00e9dure fix\u00e9e \u00e0 bref d\u00e9lai. Le litige d\u2019origine portait sur l\u2019ex\u00e9cution des pr\u00e9rogatives d\u2019un comit\u00e9 social et \u00e9conomique, mais le d\u00e9bat soumis au d\u00e9f\u00e9r\u00e9 est exclusivement proc\u00e9dural et concerne les d\u00e9lais de l\u2019ancien article 905-2 du code de proc\u00e9dure civile.<\/p>\n<p>Apr\u00e8s une ordonnance de r\u00e9f\u00e9r\u00e9 du 12 juillet 2024 et un appel form\u00e9 le 30 juillet 2024, l\u2019affaire a \u00e9t\u00e9 fix\u00e9e \u00e0 bref d\u00e9lai le 3 septembre 2024. Les appelants ont conclu le 5 octobre 2024, tandis que l\u2019intim\u00e9e a d\u00e9pos\u00e9 des conclusions le 18 novembre 2024. Par ordonnance du 5 d\u00e9cembre 2024, les conclusions intim\u00e9es ont \u00e9t\u00e9 d\u00e9clar\u00e9es irrecevables pour tardivet\u00e9. L\u2019intim\u00e9e a saisi la cour par d\u00e9f\u00e9r\u00e9, les appelants n\u2019ayant pas conclu.<\/p>\n<p>L\u2019intim\u00e9e soutenait que l\u2019avis de fixation, incomplet sur le d\u00e9lai qui lui \u00e9tait imparti, m\u00e9connaissait l\u2019article 6 \u00a7 1 de la Convention, en cr\u00e9ant un d\u00e9s\u00e9quilibre proc\u00e9dural au d\u00e9triment de la d\u00e9fense. Elle invoquait un formalisme excessif, au regard du temps restant avant la cl\u00f4ture et de la possibilit\u00e9 pour les appelants de r\u00e9pliquer utilement.<\/p>\n<p>La question pos\u00e9e consistait \u00e0 d\u00e9terminer si, en proc\u00e9dure \u00e0 bref d\u00e9lai, l\u2019irrecevabilit\u00e9 des conclusions de l\u2019intim\u00e9e d\u00e9pos\u00e9es au-del\u00e0 du mois suivant les conclusions adverses, nonobstant un avis de fixation silencieux sur ce d\u00e9lai, portait atteinte au droit \u00e0 un proc\u00e8s \u00e9quitable.<\/p>\n<p>La cour confirme l\u2019ordonnance. Elle rel\u00e8ve d\u2019abord que &#8220;l&#8217;intim\u00e9e ne conteste pas avoir \u00e9t\u00e9 destinataire le 3 septembre 2024 de l&#8217;avis de fixation de l&#8217;affaire \u00e0 bref d\u00e9lai&#8221;. Elle constate ensuite que &#8220;l&#8217;association a conclu le 18 novembre 2024, alors que l&#8217;article 905-2 ancien du code de proc\u00e9dure civile lui imposait de conclure dans le d\u00e9lai d&#8217;un mois \u00e0 compter des conclusions de l&#8217;appelant du 5 octobre 2024&#8221;. Enfin, la sanction n\u2019est pas disproportionn\u00e9e au sens de la Convention, le but de c\u00e9l\u00e9rit\u00e9 justifiant l\u2019exigence de rigueur.<\/p>\n<p><strong>I. Le d\u00e9lai imp\u00e9ratif de l\u2019ancien article 905-2 et sa sanction<\/strong><\/p>\n<p>Le cadre l\u00e9gal de la proc\u00e9dure \u00e0 bref d\u00e9lai organise une cadence contrainte, assignant \u00e0 l\u2019intim\u00e9 un mois pour conclure \u00e0 compter des \u00e9critures d\u2019appel. L\u2019office du juge de la mise en \u00e9tat s\u2019exerce dans un r\u00e9f\u00e9rentiel formalis\u00e9, pr\u00e9cis\u00e9ment en vue d\u2019assurer le traitement acc\u00e9l\u00e9r\u00e9 des appels avec repr\u00e9sentation obligatoire. La cour rappelle, dans le sillage de cette logique, que la connaissance de l\u2019avis de fixation suffit \u00e0 enclencher les effets des textes, m\u00eame si l\u2019avis ne reproduit pas tous les d\u00e9lais. Ce point ressort nettement de l\u2019\u00e9nonc\u00e9 selon lequel &#8220;ce dernier [d\u00e9lai] est destin\u00e9 in fine \u00e0 s&#8217;adresser aux justiciables non constitu\u00e9s, et non \u00e0 la partie repr\u00e9sent\u00e9e par un professionnel du droit&#8221;.<\/p>\n<p>L\u2019application au cas d\u2019esp\u00e8ce ne souffrait gu\u00e8re d\u2019ambigu\u00eft\u00e9. La cour constate la r\u00e9ception de l\u2019avis le 3 septembre 2024, puis la communication des conclusions adverses le 5 octobre 2024, de sorte que le d\u00e9lai butoir tombait un mois plus tard. Les conclusions intim\u00e9es du 18 novembre 2024 \u00e9taient donc hors d\u00e9lai. La d\u00e9cision ancre la sanction dans la finalit\u00e9 de c\u00e9l\u00e9rit\u00e9 et d\u2019efficacit\u00e9 attach\u00e9e \u00e0 ce circuit. La motivation est explicite lorsqu\u2019elle \u00e9nonce que &#8220;la sanction de l&#8217;article 905-2 ancien du code de proc\u00e9dure civile pr\u00e9voyant l&#8217;irrecevabilit\u00e9 des conclusions de l&#8217;intim\u00e9e ne constitue pas une sanction disproportionn\u00e9e au sens de l&#8217;article 6 \u00a7 1&#8221;.<\/p>\n<p><strong>II. Le contr\u00f4le du formalisme au regard de l\u2019article 6 \u00a7 1 et l\u2019\u00e9galit\u00e9 des armes<\/strong><\/p>\n<p>L\u2019argument de formalisme excessif se heurte ici au contr\u00f4le de proportionnalit\u00e9. La cour souligne que l\u2019objectif d\u2019acc\u00e9l\u00e9ration commande une discipline stricte des d\u00e9lais, sp\u00e9cialement pour les parties assist\u00e9es d\u2019un conseil. Le grief tir\u00e9 du silence de l\u2019avis sur le d\u00e9lai de l\u2019intim\u00e9 est \u00e9cart\u00e9, la d\u00e9cision privil\u00e9giant la pr\u00e9visibilit\u00e9 des r\u00e8gles proc\u00e9durales sur le contenu variable des avis. Le raisonnement articule la finalit\u00e9 l\u00e9gitime poursuivie et l\u2019ad\u00e9quation de la sanction \u00e0 cette finalit\u00e9, sans m\u00e9conna\u00eetre l\u2019exigence d\u2019un proc\u00e8s \u00e9quitable.<\/p>\n<p>L\u2019\u00e9galit\u00e9 des armes est \u00e9galement appr\u00e9ci\u00e9e au regard du comportement des parties. La cour souligne \u00e0 juste titre que les appelants ont conclu dans le d\u00e9lai. Accorder une latitude suppl\u00e9mentaire \u00e0 l\u2019intim\u00e9e alt\u00e9rerait l\u2019\u00e9quilibre du contradictoire et l\u2019\u00e9conomie du bref d\u00e9lai. La formule retenue en synth\u00e9tise l\u2019enjeu : &#8220;c&#8217;est accorder un d\u00e9lai suppl\u00e9mentaire \u00e0 l&#8217;intim\u00e9e, au gr\u00e9 de cette derni\u00e8re, [&#8230;] qui reviendrait \u00e0 cr\u00e9er un d\u00e9s\u00e9quilibre au profit de cette derni\u00e8re au pr\u00e9judice des appelants&#8221;. La solution confirme ainsi une ligne jurisprudentielle constante, qui r\u00e9serve l\u2019assouplissement aux cas d\u2019atteinte caract\u00e9ris\u00e9e aux droits de la d\u00e9fense, ce que l\u2019esp\u00e8ce ne r\u00e9v\u00e9lait pas.<\/p>\n<\/div>\n","protected":false},"excerpt":{"rendered":"<p>Rendue par la cour d&#8217;appel de Montpellier le 17 juin 2025, la d\u00e9cision tranche un d\u00e9f\u00e9r\u00e9 contestant l&#8217;irrecevabilit\u00e9 de conclusions intim\u00e9es dans une proc\u00e9du&#8230;<\/p>\n","protected":false},"author":232070755,"featured_media":4728,"comment_status":"open","ping_status":"open","sticky":false,"template":"","format":"standard","meta":{"_crdt_document":"","_jetpack_newsletter_access":"","_jetpack_dont_email_post_to_subs":false,"_jetpack_newsletter_tier_id":0,"_jetpack_memberships_contains_paywalled_content":false,"_kj_source_type":"judilibre","_kj_official_id":"68524b5d57c4e2b05573a204","_kj_official_url":"https:\/\/www.courdecassation.fr\/decision\/68524b5d57c4e2b05573a204","_kj_judilibre_id":"68524b5d57c4e2b05573a204","_kj_jur":"Cour d'appel","_kj_lieu":"Montpellier","_kj_chambre":"Chambre commerciale","_kj_rg":"24\/06244","_kj_date":"2025-06-17","_jetpack_memberships_contains_paid_content":false,"footnotes":"","jetpack_post_was_ever_published":false},"categories":[7597],"tags":[],"class_list":["post-684997","post","type-post","status-publish","format-standard","has-post-thumbnail","hentry","category-jurisprudence"],"yoast_head":"<!-- This site is optimized with the Yoast SEO Premium plugin v27.5 (Yoast SEO v27.5) - https:\/\/yoast.com\/product\/yoast-seo-premium-wordpress\/ -->\n<title>Cour d&#039;appel de Montpellier, le 17 juin 2025, n\u00b024\/06244 - Ma\u00eetre Hassan Kohen, avocat en droit p\u00e9nal \u00e0 Paris<\/title>\n<meta name=\"description\" content=\"Rendue par la cour d&#039;appel de Montpellier le 17 juin 2025, la d\u00e9cision tranche un d\u00e9f\u00e9r\u00e9 contestant l&#039;irrecevabilit\u00e9 de conclusions intim\u00e9es dans une proc\u00e9du...\" \/>\n<meta name=\"robots\" content=\"index, follow, max-snippet:-1, max-image-preview:large, max-video-preview:-1\" \/>\n<link rel=\"canonical\" href=\"https:\/\/kohenavocats.com\/en\/cour-dappel-de-montpellier-le-17-juin-2025-n24-06244\/\" \/>\n<meta property=\"og:locale\" content=\"en_US\" \/>\n<meta property=\"og:type\" content=\"article\" \/>\n<meta property=\"og:title\" content=\"Cour d&#039;appel de Montpellier, le 17 juin 2025, n\u00b024\/06244\" \/>\n<meta property=\"og:description\" content=\"Rendue par la cour d&#039;appel de Montpellier le 17 juin 2025, la d\u00e9cision tranche un d\u00e9f\u00e9r\u00e9 contestant l&#039;irrecevabilit\u00e9 de conclusions intim\u00e9es dans une proc\u00e9du...\" \/>\n<meta property=\"og:url\" content=\"https:\/\/kohenavocats.com\/en\/cour-dappel-de-montpellier-le-17-juin-2025-n24-06244\/\" \/>\n<meta property=\"og:site_name\" content=\"Ma\u00eetre Hassan Kohen, avocat en droit p\u00e9nal \u00e0 Paris\" \/>\n<meta property=\"article:published_time\" content=\"2026-04-25T18:12:08+00:00\" \/>\n<meta property=\"og:image\" content=\"https:\/\/kohenavocats.com\/wp-content\/uploads\/2024\/08\/frances-gunn-c9z9RlCh0Zo-unsplash.webp\" \/>\n\t<meta property=\"og:image:width\" content=\"2048\" \/>\n\t<meta property=\"og:image:height\" content=\"1365\" \/>\n\t<meta property=\"og:image:type\" content=\"image\/webp\" \/>\n<meta name=\"author\" content=\"Kohen\" \/>\n<meta name=\"twitter:card\" content=\"summary_large_image\" \/>\n<meta name=\"twitter:label1\" content=\"Written by\" \/>\n\t<meta name=\"twitter:data1\" content=\"Kohen\" \/>\n\t<meta name=\"twitter:label2\" content=\"Est. reading time\" \/>\n\t<meta name=\"twitter:data2\" content=\"4 minutes\" \/>\n<script type=\"application\/ld+json\" class=\"yoast-schema-graph\">{\"@context\":\"https:\\\/\\\/schema.org\",\"@graph\":[{\"@type\":\"Article\",\"@id\":\"https:\\\/\\\/kohenavocats.com\\\/en\\\/cour-dappel-de-montpellier-le-17-juin-2025-n24-06244\\\/#article\",\"isPartOf\":{\"@id\":\"https:\\\/\\\/kohenavocats.com\\\/en\\\/cour-dappel-de-montpellier-le-17-juin-2025-n24-06244\\\/\"},\"author\":{\"name\":\"Kohen\",\"@id\":\"https:\\\/\\\/kohenavocats.com\\\/en\\\/#\\\/schema\\\/person\\\/761c9ba54fa1ca84d405cef0831ff751\"},\"headline\":\"Cour d&#8217;appel de Montpellier, le 17 juin 2025, n\u00b024\\\/06244\",\"datePublished\":\"2026-04-25T18:12:08+00:00\",\"mainEntityOfPage\":{\"@id\":\"https:\\\/\\\/kohenavocats.com\\\/en\\\/cour-dappel-de-montpellier-le-17-juin-2025-n24-06244\\\/\"},\"wordCount\":898,\"commentCount\":0,\"publisher\":{\"@id\":\"https:\\\/\\\/kohenavocats.com\\\/en\\\/#organization\"},\"image\":{\"@id\":\"https:\\\/\\\/kohenavocats.com\\\/en\\\/cour-dappel-de-montpellier-le-17-juin-2025-n24-06244\\\/#primaryimage\"},\"thumbnailUrl\":\"https:\\\/\\\/kohenavocats.com\\\/wp-content\\\/uploads\\\/2024\\\/08\\\/frances-gunn-c9z9RlCh0Zo-unsplash.webp\",\"articleSection\":[\"Jurisprudence\"],\"inLanguage\":\"en-US\",\"potentialAction\":[{\"@type\":\"CommentAction\",\"name\":\"Comment\",\"target\":[\"https:\\\/\\\/kohenavocats.com\\\/en\\\/cour-dappel-de-montpellier-le-17-juin-2025-n24-06244\\\/#respond\"]}],\"citation\":\"Cour d&#8217;appel de Montpellier, le 17 juin 2025, n\u00b024\\\/06244\",\"about\":[{\"@type\":\"Thing\",\"name\":\"Jurisprudence\"}],\"dateModified\":\"2026-04-25T18:12:08+00:00\",\"speakable\":{\"@type\":\"SpeakableSpecification\",\"cssSelector\":[\".article-content > p:first-of-type\"]}},{\"@type\":\"WebPage\",\"@id\":\"https:\\\/\\\/kohenavocats.com\\\/en\\\/cour-dappel-de-montpellier-le-17-juin-2025-n24-06244\\\/\",\"url\":\"https:\\\/\\\/kohenavocats.com\\\/en\\\/cour-dappel-de-montpellier-le-17-juin-2025-n24-06244\\\/\",\"name\":\"Cour d'appel de Montpellier, le 17 juin 2025, n\u00b024\\\/06244 - Ma\u00eetre Hassan Kohen, avocat en droit p\u00e9nal \u00e0 Paris\",\"isPartOf\":{\"@id\":\"https:\\\/\\\/kohenavocats.com\\\/en\\\/#website\"},\"primaryImageOfPage\":{\"@id\":\"https:\\\/\\\/kohenavocats.com\\\/en\\\/cour-dappel-de-montpellier-le-17-juin-2025-n24-06244\\\/#primaryimage\"},\"image\":{\"@id\":\"https:\\\/\\\/kohenavocats.com\\\/en\\\/cour-dappel-de-montpellier-le-17-juin-2025-n24-06244\\\/#primaryimage\"},\"thumbnailUrl\":\"https:\\\/\\\/kohenavocats.com\\\/wp-content\\\/uploads\\\/2024\\\/08\\\/frances-gunn-c9z9RlCh0Zo-unsplash.webp\",\"datePublished\":\"2026-04-25T18:12:08+00:00\",\"description\":\"Rendue par la cour d'appel de Montpellier le 17 juin 2025, la d\u00e9cision tranche un d\u00e9f\u00e9r\u00e9 contestant l'irrecevabilit\u00e9 de conclusions intim\u00e9es dans une proc\u00e9du...\",\"breadcrumb\":{\"@id\":\"https:\\\/\\\/kohenavocats.com\\\/en\\\/cour-dappel-de-montpellier-le-17-juin-2025-n24-06244\\\/#breadcrumb\"},\"inLanguage\":\"en-US\",\"potentialAction\":[{\"@type\":\"ReadAction\",\"target\":[\"https:\\\/\\\/kohenavocats.com\\\/en\\\/cour-dappel-de-montpellier-le-17-juin-2025-n24-06244\\\/\"]}]},{\"@type\":\"ImageObject\",\"inLanguage\":\"en-US\",\"@id\":\"https:\\\/\\\/kohenavocats.com\\\/en\\\/cour-dappel-de-montpellier-le-17-juin-2025-n24-06244\\\/#primaryimage\",\"url\":\"https:\\\/\\\/kohenavocats.com\\\/wp-content\\\/uploads\\\/2024\\\/08\\\/frances-gunn-c9z9RlCh0Zo-unsplash.webp\",\"contentUrl\":\"https:\\\/\\\/kohenavocats.com\\\/wp-content\\\/uploads\\\/2024\\\/08\\\/frances-gunn-c9z9RlCh0Zo-unsplash.webp\",\"width\":2048,\"height\":1365},{\"@type\":\"BreadcrumbList\",\"@id\":\"https:\\\/\\\/kohenavocats.com\\\/en\\\/cour-dappel-de-montpellier-le-17-juin-2025-n24-06244\\\/#breadcrumb\",\"itemListElement\":[{\"@type\":\"ListItem\",\"position\":1,\"name\":\"Home\",\"item\":\"https:\\\/\\\/kohenavocats.com\\\/en\\\/criminal-law-attorneys-in-paris-counsel-and-strategic-defense\\\/\"},{\"@type\":\"ListItem\",\"position\":2,\"name\":\"Cour d&rsquo;appel de Montpellier, le 17 juin 2025, n\u00b024\\\/06244\"}]},{\"@type\":\"WebSite\",\"@id\":\"https:\\\/\\\/kohenavocats.com\\\/en\\\/#website\",\"url\":\"https:\\\/\\\/kohenavocats.com\\\/en\\\/\",\"name\":\"Kohen Avocats\",\"description\":\"Ma\u00eetre Hassan Kohen, avocat p\u00e9naliste \u00e0 Paris, intervient exclusivement en droit p\u00e9nal pour la d\u00e9fense des particuliers, notamment en mati\u00e8re d\u2019accusations de viol. Il assure un accompagnement rigoureux d\u00e8s la garde \u00e0 vue jusqu\u2019\u00e0 la Cour d\u2019assises, veillant au strict respect des garanties proc\u00e9durales.\",\"publisher\":{\"@id\":\"https:\\\/\\\/kohenavocats.com\\\/en\\\/#organization\"},\"potentialAction\":[{\"@type\":\"SearchAction\",\"target\":{\"@type\":\"EntryPoint\",\"urlTemplate\":\"https:\\\/\\\/kohenavocats.com\\\/en\\\/?s={search_term_string}\"},\"query-input\":{\"@type\":\"PropertyValueSpecification\",\"valueRequired\":true,\"valueName\":\"search_term_string\"}}],\"inLanguage\":\"en-US\"},{\"@type\":\"Organization\",\"@id\":\"https:\\\/\\\/kohenavocats.com\\\/en\\\/#organization\",\"name\":\"Kohen Avocats\",\"url\":\"https:\\\/\\\/kohenavocats.com\\\/en\\\/\",\"logo\":{\"@type\":\"ImageObject\",\"inLanguage\":\"en-US\",\"@id\":\"https:\\\/\\\/kohenavocats.com\\\/en\\\/#\\\/schema\\\/logo\\\/image\\\/\",\"url\":\"https:\\\/\\\/kohenavocats.com\\\/wp-content\\\/uploads\\\/2026\\\/01\\\/Logo-2-1.webp\",\"contentUrl\":\"https:\\\/\\\/kohenavocats.com\\\/wp-content\\\/uploads\\\/2026\\\/01\\\/Logo-2-1.webp\",\"width\":2114,\"height\":1253,\"caption\":\"Kohen Avocats\"},\"image\":{\"@id\":\"https:\\\/\\\/kohenavocats.com\\\/en\\\/#\\\/schema\\\/logo\\\/image\\\/\"}},{\"@type\":\"Person\",\"@id\":\"https:\\\/\\\/kohenavocats.com\\\/en\\\/#\\\/schema\\\/person\\\/761c9ba54fa1ca84d405cef0831ff751\",\"name\":\"Kohen\",\"image\":{\"@type\":\"ImageObject\",\"inLanguage\":\"en-US\",\"@id\":\"https:\\\/\\\/secure.gravatar.com\\\/avatar\\\/1c5e76ef76bbbfdd2b4da984e2bf2fa4056fd51a27d25ce2c332047f1dfd6e00?s=96&d=identicon&r=g\",\"url\":\"https:\\\/\\\/secure.gravatar.com\\\/avatar\\\/1c5e76ef76bbbfdd2b4da984e2bf2fa4056fd51a27d25ce2c332047f1dfd6e00?s=96&d=identicon&r=g\",\"contentUrl\":\"https:\\\/\\\/secure.gravatar.com\\\/avatar\\\/1c5e76ef76bbbfdd2b4da984e2bf2fa4056fd51a27d25ce2c332047f1dfd6e00?s=96&d=identicon&r=g\",\"caption\":\"Kohen\"},\"sameAs\":[\"https:\\\/\\\/www.linkedin.com\\\/in\\\/hassan-kohen-448548192\\\/\",\"https:\\\/\\\/www.youtube.com\\\/@Kohen-Avocats\"],\"url\":\"https:\\\/\\\/kohenavocats.com\\\/en\\\/author\\\/kohenmlk\\\/\"}]}<\/script>\n<!-- \/ Yoast SEO Premium plugin. -->","yoast_head_json":{"title":"Cour d'appel de Montpellier, le 17 juin 2025, n\u00b024\/06244 - Ma\u00eetre Hassan Kohen, avocat en droit p\u00e9nal \u00e0 Paris","description":"Rendue par la cour d'appel de Montpellier le 17 juin 2025, la d\u00e9cision tranche un d\u00e9f\u00e9r\u00e9 contestant l'irrecevabilit\u00e9 de conclusions intim\u00e9es dans une proc\u00e9du...","robots":{"index":"index","follow":"follow","max-snippet":"max-snippet:-1","max-image-preview":"max-image-preview:large","max-video-preview":"max-video-preview:-1"},"canonical":"https:\/\/kohenavocats.com\/en\/cour-dappel-de-montpellier-le-17-juin-2025-n24-06244\/","og_locale":"en_US","og_type":"article","og_title":"Cour d'appel de Montpellier, le 17 juin 2025, n\u00b024\/06244","og_description":"Rendue par la cour d'appel de Montpellier le 17 juin 2025, la d\u00e9cision tranche un d\u00e9f\u00e9r\u00e9 contestant l'irrecevabilit\u00e9 de conclusions intim\u00e9es dans une proc\u00e9du...","og_url":"https:\/\/kohenavocats.com\/en\/cour-dappel-de-montpellier-le-17-juin-2025-n24-06244\/","og_site_name":"Ma\u00eetre Hassan Kohen, avocat en droit p\u00e9nal \u00e0 Paris","article_published_time":"2026-04-25T18:12:08+00:00","og_image":[{"width":2048,"height":1365,"url":"https:\/\/kohenavocats.com\/wp-content\/uploads\/2024\/08\/frances-gunn-c9z9RlCh0Zo-unsplash.webp","type":"image\/webp"}],"author":"Kohen","twitter_card":"summary_large_image","twitter_misc":{"Written by":"Kohen","Est. reading time":"4 minutes"},"schema":{"@context":"https:\/\/schema.org","@graph":[{"@type":"Article","@id":"https:\/\/kohenavocats.com\/en\/cour-dappel-de-montpellier-le-17-juin-2025-n24-06244\/#article","isPartOf":{"@id":"https:\/\/kohenavocats.com\/en\/cour-dappel-de-montpellier-le-17-juin-2025-n24-06244\/"},"author":{"name":"Kohen","@id":"https:\/\/kohenavocats.com\/en\/#\/schema\/person\/761c9ba54fa1ca84d405cef0831ff751"},"headline":"Cour d&#8217;appel de Montpellier, le 17 juin 2025, n\u00b024\/06244","datePublished":"2026-04-25T18:12:08+00:00","mainEntityOfPage":{"@id":"https:\/\/kohenavocats.com\/en\/cour-dappel-de-montpellier-le-17-juin-2025-n24-06244\/"},"wordCount":898,"commentCount":0,"publisher":{"@id":"https:\/\/kohenavocats.com\/en\/#organization"},"image":{"@id":"https:\/\/kohenavocats.com\/en\/cour-dappel-de-montpellier-le-17-juin-2025-n24-06244\/#primaryimage"},"thumbnailUrl":"https:\/\/kohenavocats.com\/wp-content\/uploads\/2024\/08\/frances-gunn-c9z9RlCh0Zo-unsplash.webp","articleSection":["Jurisprudence"],"inLanguage":"en-US","potentialAction":[{"@type":"CommentAction","name":"Comment","target":["https:\/\/kohenavocats.com\/en\/cour-dappel-de-montpellier-le-17-juin-2025-n24-06244\/#respond"]}],"citation":"Cour d&#8217;appel de Montpellier, le 17 juin 2025, n\u00b024\/06244","about":[{"@type":"Thing","name":"Jurisprudence"}],"dateModified":"2026-04-25T18:12:08+00:00","speakable":{"@type":"SpeakableSpecification","cssSelector":[".article-content > p:first-of-type"]}},{"@type":"WebPage","@id":"https:\/\/kohenavocats.com\/en\/cour-dappel-de-montpellier-le-17-juin-2025-n24-06244\/","url":"https:\/\/kohenavocats.com\/en\/cour-dappel-de-montpellier-le-17-juin-2025-n24-06244\/","name":"Cour d'appel de Montpellier, le 17 juin 2025, n\u00b024\/06244 - Ma\u00eetre Hassan Kohen, avocat en droit p\u00e9nal \u00e0 Paris","isPartOf":{"@id":"https:\/\/kohenavocats.com\/en\/#website"},"primaryImageOfPage":{"@id":"https:\/\/kohenavocats.com\/en\/cour-dappel-de-montpellier-le-17-juin-2025-n24-06244\/#primaryimage"},"image":{"@id":"https:\/\/kohenavocats.com\/en\/cour-dappel-de-montpellier-le-17-juin-2025-n24-06244\/#primaryimage"},"thumbnailUrl":"https:\/\/kohenavocats.com\/wp-content\/uploads\/2024\/08\/frances-gunn-c9z9RlCh0Zo-unsplash.webp","datePublished":"2026-04-25T18:12:08+00:00","description":"Rendue par la cour d'appel de Montpellier le 17 juin 2025, la d\u00e9cision tranche un d\u00e9f\u00e9r\u00e9 contestant l'irrecevabilit\u00e9 de conclusions intim\u00e9es dans une proc\u00e9du...","breadcrumb":{"@id":"https:\/\/kohenavocats.com\/en\/cour-dappel-de-montpellier-le-17-juin-2025-n24-06244\/#breadcrumb"},"inLanguage":"en-US","potentialAction":[{"@type":"ReadAction","target":["https:\/\/kohenavocats.com\/en\/cour-dappel-de-montpellier-le-17-juin-2025-n24-06244\/"]}]},{"@type":"ImageObject","inLanguage":"en-US","@id":"https:\/\/kohenavocats.com\/en\/cour-dappel-de-montpellier-le-17-juin-2025-n24-06244\/#primaryimage","url":"https:\/\/kohenavocats.com\/wp-content\/uploads\/2024\/08\/frances-gunn-c9z9RlCh0Zo-unsplash.webp","contentUrl":"https:\/\/kohenavocats.com\/wp-content\/uploads\/2024\/08\/frances-gunn-c9z9RlCh0Zo-unsplash.webp","width":2048,"height":1365},{"@type":"BreadcrumbList","@id":"https:\/\/kohenavocats.com\/en\/cour-dappel-de-montpellier-le-17-juin-2025-n24-06244\/#breadcrumb","itemListElement":[{"@type":"ListItem","position":1,"name":"Home","item":"https:\/\/kohenavocats.com\/en\/criminal-law-attorneys-in-paris-counsel-and-strategic-defense\/"},{"@type":"ListItem","position":2,"name":"Cour d&rsquo;appel de Montpellier, le 17 juin 2025, n\u00b024\/06244"}]},{"@type":"WebSite","@id":"https:\/\/kohenavocats.com\/en\/#website","url":"https:\/\/kohenavocats.com\/en\/","name":"Kohen Avocats","description":"Ma\u00eetre Hassan Kohen, avocat p\u00e9naliste \u00e0 Paris, intervient exclusivement en droit p\u00e9nal pour la d\u00e9fense des particuliers, notamment en mati\u00e8re d\u2019accusations de viol. Il assure un accompagnement rigoureux d\u00e8s la garde \u00e0 vue jusqu\u2019\u00e0 la Cour d\u2019assises, veillant au strict respect des garanties proc\u00e9durales.","publisher":{"@id":"https:\/\/kohenavocats.com\/en\/#organization"},"potentialAction":[{"@type":"SearchAction","target":{"@type":"EntryPoint","urlTemplate":"https:\/\/kohenavocats.com\/en\/?s={search_term_string}"},"query-input":{"@type":"PropertyValueSpecification","valueRequired":true,"valueName":"search_term_string"}}],"inLanguage":"en-US"},{"@type":"Organization","@id":"https:\/\/kohenavocats.com\/en\/#organization","name":"Kohen Avocats","url":"https:\/\/kohenavocats.com\/en\/","logo":{"@type":"ImageObject","inLanguage":"en-US","@id":"https:\/\/kohenavocats.com\/en\/#\/schema\/logo\/image\/","url":"https:\/\/kohenavocats.com\/wp-content\/uploads\/2026\/01\/Logo-2-1.webp","contentUrl":"https:\/\/kohenavocats.com\/wp-content\/uploads\/2026\/01\/Logo-2-1.webp","width":2114,"height":1253,"caption":"Kohen Avocats"},"image":{"@id":"https:\/\/kohenavocats.com\/en\/#\/schema\/logo\/image\/"}},{"@type":"Person","@id":"https:\/\/kohenavocats.com\/en\/#\/schema\/person\/761c9ba54fa1ca84d405cef0831ff751","name":"Kohen","image":{"@type":"ImageObject","inLanguage":"en-US","@id":"https:\/\/secure.gravatar.com\/avatar\/1c5e76ef76bbbfdd2b4da984e2bf2fa4056fd51a27d25ce2c332047f1dfd6e00?s=96&d=identicon&r=g","url":"https:\/\/secure.gravatar.com\/avatar\/1c5e76ef76bbbfdd2b4da984e2bf2fa4056fd51a27d25ce2c332047f1dfd6e00?s=96&d=identicon&r=g","contentUrl":"https:\/\/secure.gravatar.com\/avatar\/1c5e76ef76bbbfdd2b4da984e2bf2fa4056fd51a27d25ce2c332047f1dfd6e00?s=96&d=identicon&r=g","caption":"Kohen"},"sameAs":["https:\/\/www.linkedin.com\/in\/hassan-kohen-448548192\/","https:\/\/www.youtube.com\/@Kohen-Avocats"],"url":"https:\/\/kohenavocats.com\/en\/author\/kohenmlk\/"}]}},"jetpack_featured_media_url":"https:\/\/kohenavocats.com\/wp-content\/uploads\/2024\/08\/frances-gunn-c9z9RlCh0Zo-unsplash.webp","jetpack_likes_enabled":false,"jetpack_shortlink":"https:\/\/wp.me\/peCrII-2Scl","jetpack-related-posts":[{"id":89977,"url":"https:\/\/kohenavocats.com\/en\/cour-dappel-de-paris-le-26-juin-2025-n25-06140\/","url_meta":{"origin":684997,"position":0},"title":"Cour d&#8217;appel de Paris, le 26 juin 2025, n\u00b025\/06140","author":"Kohen","date":"10 November 2025","format":false,"excerpt":"Rendue par la Cour d'appel de Paris, P\u00f4le 1 - Chambre 10, le 26 juin 2025, la d\u00e9cision tranche un d\u00e9f\u00e9r\u00e9 dirig\u00e9 contre une ordonnance ayant refus\u00e9 de prononcer l'irrecevabilit\u00e9 des conclusions de l'intim\u00e9e, domicili\u00e9e \u00e0 l'\u00e9tranger, dans une proc\u00e9dure \u00e0 bref d\u00e9lai. L'appel fait suite \u00e0 un jugement du\u2026","rel":"","context":"In &quot;Cour d'appel&quot;","block_context":{"text":"Cour d'appel","link":"https:\/\/kohenavocats.com\/category\/cour-dappel\/"},"img":{"alt_text":"","src":"https:\/\/i0.wp.com\/kohenavocats.com\/wp-content\/uploads\/2024\/11\/lala-azizli-WACE8feA8SQ-unsplash-1.webp?resize=350%2C200&ssl=1","width":350,"height":200,"srcset":"https:\/\/i0.wp.com\/kohenavocats.com\/wp-content\/uploads\/2024\/11\/lala-azizli-WACE8feA8SQ-unsplash-1.webp?resize=350%2C200&ssl=1 1x, https:\/\/i0.wp.com\/kohenavocats.com\/wp-content\/uploads\/2024\/11\/lala-azizli-WACE8feA8SQ-unsplash-1.webp?resize=525%2C300&ssl=1 1.5x, https:\/\/i0.wp.com\/kohenavocats.com\/wp-content\/uploads\/2024\/11\/lala-azizli-WACE8feA8SQ-unsplash-1.webp?resize=700%2C400&ssl=1 2x, https:\/\/i0.wp.com\/kohenavocats.com\/wp-content\/uploads\/2024\/11\/lala-azizli-WACE8feA8SQ-unsplash-1.webp?resize=1050%2C600&ssl=1 3x, https:\/\/i0.wp.com\/kohenavocats.com\/wp-content\/uploads\/2024\/11\/lala-azizli-WACE8feA8SQ-unsplash-1.webp?resize=1400%2C800&ssl=1 4x"},"classes":[]},{"id":47328,"url":"https:\/\/kohenavocats.com\/en\/cour-dappel-de-paris-le-10-juillet-2025-n25-00230\/","url_meta":{"origin":684997,"position":1},"title":"Cour d&#8217;appel de Paris, le 10 juillet 2025, n\u00b025\/00230","author":"Kohen","date":"7 November 2025","format":false,"excerpt":"Par un arr\u00eat du 10 juillet 2025, la Cour d'appel de Paris statue sur un d\u00e9f\u00e9r\u00e9. L'ordonnance attaqu\u00e9e \u00e9mane du conseiller de la mise en \u00e9tat du p\u00f4le 4, chambre 9 A. Le litige porte sur l'irrecevabilit\u00e9 \u00e0 conclure de l'intim\u00e9e au regard du d\u00e9lai de l'article 909 du code\u2026","rel":"","context":"In &quot;Cour d'appel&quot;","block_context":{"text":"Cour d'appel","link":"https:\/\/kohenavocats.com\/category\/cour-dappel\/"},"img":{"alt_text":"","src":"https:\/\/i0.wp.com\/kohenavocats.com\/wp-content\/uploads\/2024\/11\/kevin-delval-JCjXLkyk6Kw-unsplash.webp?resize=350%2C200&ssl=1","width":350,"height":200,"srcset":"https:\/\/i0.wp.com\/kohenavocats.com\/wp-content\/uploads\/2024\/11\/kevin-delval-JCjXLkyk6Kw-unsplash.webp?resize=350%2C200&ssl=1 1x, https:\/\/i0.wp.com\/kohenavocats.com\/wp-content\/uploads\/2024\/11\/kevin-delval-JCjXLkyk6Kw-unsplash.webp?resize=525%2C300&ssl=1 1.5x, https:\/\/i0.wp.com\/kohenavocats.com\/wp-content\/uploads\/2024\/11\/kevin-delval-JCjXLkyk6Kw-unsplash.webp?resize=700%2C400&ssl=1 2x, https:\/\/i0.wp.com\/kohenavocats.com\/wp-content\/uploads\/2024\/11\/kevin-delval-JCjXLkyk6Kw-unsplash.webp?resize=1050%2C600&ssl=1 3x, https:\/\/i0.wp.com\/kohenavocats.com\/wp-content\/uploads\/2024\/11\/kevin-delval-JCjXLkyk6Kw-unsplash.webp?resize=1400%2C800&ssl=1 4x"},"classes":[]},{"id":239249,"url":"https:\/\/kohenavocats.com\/en\/cour-dappel-de-basse-terre-le-26-juin-2025-n24-00949\/","url_meta":{"origin":684997,"position":2},"title":"Cour d&#8217;appel de Basse-Terre, le 26 juin 2025, n\u00b024\/00949","author":"Kohen","date":"1 January 2026","format":false,"excerpt":"La proc\u00e9dure civile d'appel r\u00e9serve parfois des questions techniques dont la r\u00e9solution conditionne l'acc\u00e8s au juge du second degr\u00e9. L'arr\u00eat rendu par la cour d'appel de Basse-Terre le 26 juin 2025 illustre la confrontation entre le formalisme attach\u00e9 au paiement du timbre fiscal et les garanties proc\u00e9durales offertes aux parties\u2026","rel":"","context":"In &quot;Cour d'appel&quot;","block_context":{"text":"Cour d'appel","link":"https:\/\/kohenavocats.com\/category\/cour-dappel\/"},"img":{"alt_text":"","src":"https:\/\/i0.wp.com\/kohenavocats.com\/wp-content\/uploads\/2024\/11\/anita-austvika-c3a-Tr6CM1Q-unsplash-1.webp?resize=350%2C200&ssl=1","width":350,"height":200,"srcset":"https:\/\/i0.wp.com\/kohenavocats.com\/wp-content\/uploads\/2024\/11\/anita-austvika-c3a-Tr6CM1Q-unsplash-1.webp?resize=350%2C200&ssl=1 1x, https:\/\/i0.wp.com\/kohenavocats.com\/wp-content\/uploads\/2024\/11\/anita-austvika-c3a-Tr6CM1Q-unsplash-1.webp?resize=525%2C300&ssl=1 1.5x, https:\/\/i0.wp.com\/kohenavocats.com\/wp-content\/uploads\/2024\/11\/anita-austvika-c3a-Tr6CM1Q-unsplash-1.webp?resize=700%2C400&ssl=1 2x, https:\/\/i0.wp.com\/kohenavocats.com\/wp-content\/uploads\/2024\/11\/anita-austvika-c3a-Tr6CM1Q-unsplash-1.webp?resize=1050%2C600&ssl=1 3x, https:\/\/i0.wp.com\/kohenavocats.com\/wp-content\/uploads\/2024\/11\/anita-austvika-c3a-Tr6CM1Q-unsplash-1.webp?resize=1400%2C800&ssl=1 4x"},"classes":[]},{"id":482385,"url":"https:\/\/kohenavocats.com\/en\/cour-dappel-de-pau-le-27-mars-2025-n25-00244\/","url_meta":{"origin":684997,"position":3},"title":"Cour d&#8217;appel de Pau, le 27 mars 2025, n\u00b025\/00244","author":"Kohen","date":"8 April 2026","format":false,"excerpt":"La Cour d'appel de Pau, statuant en d\u00e9f\u00e9r\u00e9 le 27 mars 2025, a examin\u00e9 un incident de proc\u00e9dure relatif \u00e0 la caducit\u00e9 d'un appel. L'intim\u00e9e soutenait que la d...","rel":"","context":"In &quot;Jurisprudence&quot;","block_context":{"text":"Jurisprudence","link":"https:\/\/kohenavocats.com\/category\/jurisprudence\/"},"img":{"alt_text":"","src":"https:\/\/i0.wp.com\/kohenavocats.com\/wp-content\/uploads\/2024\/08\/sylvia-yang-_ar2ENzmqb0-unsplash.webp?resize=350%2C200&ssl=1","width":350,"height":200,"srcset":"https:\/\/i0.wp.com\/kohenavocats.com\/wp-content\/uploads\/2024\/08\/sylvia-yang-_ar2ENzmqb0-unsplash.webp?resize=350%2C200&ssl=1 1x, https:\/\/i0.wp.com\/kohenavocats.com\/wp-content\/uploads\/2024\/08\/sylvia-yang-_ar2ENzmqb0-unsplash.webp?resize=525%2C300&ssl=1 1.5x, https:\/\/i0.wp.com\/kohenavocats.com\/wp-content\/uploads\/2024\/08\/sylvia-yang-_ar2ENzmqb0-unsplash.webp?resize=700%2C400&ssl=1 2x, https:\/\/i0.wp.com\/kohenavocats.com\/wp-content\/uploads\/2024\/08\/sylvia-yang-_ar2ENzmqb0-unsplash.webp?resize=1050%2C600&ssl=1 3x, https:\/\/i0.wp.com\/kohenavocats.com\/wp-content\/uploads\/2024\/08\/sylvia-yang-_ar2ENzmqb0-unsplash.webp?resize=1400%2C800&ssl=1 4x"},"classes":[]},{"id":683475,"url":"https:\/\/kohenavocats.com\/en\/cour-dappel-de-paris-le-15-octobre-2024-n24-17564\/","url_meta":{"origin":684997,"position":4},"title":"Cour d&#8217;appel de Paris, le 15 octobre 2024, n\u00b024\/17564","author":"Kohen","date":"25 April 2026","format":false,"excerpt":"La Cour d'appel de Paris, 17 juin 2025, statue en d\u00e9f\u00e9r\u00e9 sur une ordonnance du 15 octobre 2024 ayant prononc\u00e9 la caducit\u00e9 d\u2019une d\u00e9claration d\u2019appel. Les appe...","rel":"","context":"In &quot;Jurisprudence&quot;","block_context":{"text":"Jurisprudence","link":"https:\/\/kohenavocats.com\/category\/jurisprudence\/"},"img":{"alt_text":"","src":"https:\/\/i0.wp.com\/kohenavocats.com\/wp-content\/uploads\/2024\/08\/chelms-varthoumlien-4lTf2N6pHZw-unsplash.webp?resize=350%2C200&ssl=1","width":350,"height":200,"srcset":"https:\/\/i0.wp.com\/kohenavocats.com\/wp-content\/uploads\/2024\/08\/chelms-varthoumlien-4lTf2N6pHZw-unsplash.webp?resize=350%2C200&ssl=1 1x, https:\/\/i0.wp.com\/kohenavocats.com\/wp-content\/uploads\/2024\/08\/chelms-varthoumlien-4lTf2N6pHZw-unsplash.webp?resize=525%2C300&ssl=1 1.5x, https:\/\/i0.wp.com\/kohenavocats.com\/wp-content\/uploads\/2024\/08\/chelms-varthoumlien-4lTf2N6pHZw-unsplash.webp?resize=700%2C400&ssl=1 2x, https:\/\/i0.wp.com\/kohenavocats.com\/wp-content\/uploads\/2024\/08\/chelms-varthoumlien-4lTf2N6pHZw-unsplash.webp?resize=1050%2C600&ssl=1 3x, https:\/\/i0.wp.com\/kohenavocats.com\/wp-content\/uploads\/2024\/08\/chelms-varthoumlien-4lTf2N6pHZw-unsplash.webp?resize=1400%2C800&ssl=1 4x"},"classes":[]},{"id":78043,"url":"https:\/\/kohenavocats.com\/en\/cour-dappel-de-versailles-le-25-juin-2025-n24-02908\/","url_meta":{"origin":684997,"position":5},"title":"Cour d&#8217;appel de Versailles, le 25 juin 2025, n\u00b024\/02908","author":"Kohen","date":"10 November 2025","format":false,"excerpt":"Par un arr\u00eat de la cour d'appel de Versailles du 25 juin 2025, la juridiction statue sur un d\u00e9f\u00e9r\u00e9 form\u00e9 contre une ordonnance de caducit\u00e9 d\u2019une d\u00e9claration d\u2019appel. L\u2019affaire na\u00eet d\u2019un jugement du 12 mars 2024 du conseil de prud\u2019hommes de Montmorency ayant retenu une faute grave et d\u00e9bout\u00e9 le\u2026","rel":"","context":"In &quot;Cour d'appel&quot;","block_context":{"text":"Cour d'appel","link":"https:\/\/kohenavocats.com\/category\/cour-dappel\/"},"img":{"alt_text":"","src":"https:\/\/i0.wp.com\/kohenavocats.com\/wp-content\/uploads\/2024\/11\/allec-gomes-Dk73Vli6eCs-unsplash.webp?resize=350%2C200&ssl=1","width":350,"height":200,"srcset":"https:\/\/i0.wp.com\/kohenavocats.com\/wp-content\/uploads\/2024\/11\/allec-gomes-Dk73Vli6eCs-unsplash.webp?resize=350%2C200&ssl=1 1x, https:\/\/i0.wp.com\/kohenavocats.com\/wp-content\/uploads\/2024\/11\/allec-gomes-Dk73Vli6eCs-unsplash.webp?resize=525%2C300&ssl=1 1.5x, https:\/\/i0.wp.com\/kohenavocats.com\/wp-content\/uploads\/2024\/11\/allec-gomes-Dk73Vli6eCs-unsplash.webp?resize=700%2C400&ssl=1 2x, https:\/\/i0.wp.com\/kohenavocats.com\/wp-content\/uploads\/2024\/11\/allec-gomes-Dk73Vli6eCs-unsplash.webp?resize=1050%2C600&ssl=1 3x, https:\/\/i0.wp.com\/kohenavocats.com\/wp-content\/uploads\/2024\/11\/allec-gomes-Dk73Vli6eCs-unsplash.webp?resize=1400%2C800&ssl=1 4x"},"classes":[]}],"jetpack_sharing_enabled":true,"_links":{"self":[{"href":"https:\/\/kohenavocats.com\/en\/wp-json\/wp\/v2\/posts\/684997","targetHints":{"allow":["GET"]}}],"collection":[{"href":"https:\/\/kohenavocats.com\/en\/wp-json\/wp\/v2\/posts"}],"about":[{"href":"https:\/\/kohenavocats.com\/en\/wp-json\/wp\/v2\/types\/post"}],"author":[{"embeddable":true,"href":"https:\/\/kohenavocats.com\/en\/wp-json\/wp\/v2\/users\/232070755"}],"replies":[{"embeddable":true,"href":"https:\/\/kohenavocats.com\/en\/wp-json\/wp\/v2\/comments?post=684997"}],"version-history":[{"count":0,"href":"https:\/\/kohenavocats.com\/en\/wp-json\/wp\/v2\/posts\/684997\/revisions"}],"wp:featuredmedia":[{"embeddable":true,"href":"https:\/\/kohenavocats.com\/en\/wp-json\/wp\/v2\/media\/4728"}],"wp:attachment":[{"href":"https:\/\/kohenavocats.com\/en\/wp-json\/wp\/v2\/media?parent=684997"}],"wp:term":[{"taxonomy":"category","embeddable":true,"href":"https:\/\/kohenavocats.com\/en\/wp-json\/wp\/v2\/categories?post=684997"},{"taxonomy":"post_tag","embeddable":true,"href":"https:\/\/kohenavocats.com\/en\/wp-json\/wp\/v2\/tags?post=684997"}],"curies":[{"name":"wp","href":"https:\/\/api.w.org\/{rel}","templated":true}]}}