{"id":741041,"date":"2026-04-29T00:47:40","date_gmt":"2026-04-28T22:47:40","guid":{"rendered":"https:\/\/kohenavocats.com\/tribunal-de-commerce-de-pontoise-le-26-janvier-2026-n2025r00045\/"},"modified":"2026-04-29T00:47:40","modified_gmt":"2026-04-28T22:47:40","slug":"tribunal-de-commerce-de-pontoise-le-26-janvier-2026-n2025r00045","status":"publish","type":"post","link":"https:\/\/kohenavocats.com\/en\/tribunal-de-commerce-de-pontoise-le-26-janvier-2026-n2025r00045\/","title":{"rendered":"Tribunal de commerce de Pontoise, le 26 janvier 2026, n\u00b02025R00045"},"content":{"rendered":"<div class='article-content'>\n<p>Le Tribunal de commerce de Pontoise, statuant en r\u00e9f\u00e9r\u00e9 le 26 janvier 2026, \u00e9tait saisi d&#8217;une contestation relative \u00e0 l&#8217;ex\u00e9cution d&#8217;une mesure d&#8217;instruction. Un ancien salari\u00e9 et la soci\u00e9t\u00e9 qu&#8217;il a cr\u00e9\u00e9e contestaient la remise des pi\u00e8ces saisies par le commissaire de justice. Ils demandaient un report des d\u00e9lais de tri et un sursis \u00e0 statuer dans l&#8217;attente de l&#8217;appel pendent.<\/p>\n<p>La question de droit portait sur la possibilit\u00e9 pour le juge des r\u00e9f\u00e9r\u00e9s d&#8217;ordonner un sursis \u00e0 statuer. Le tribunal devait d\u00e9terminer si l&#8217;appel interjet\u00e9 contre l&#8217;ordonnance ayant organis\u00e9 le tri des pi\u00e8ces rendait impossible la poursuite de la proc\u00e9dure. La solution retenue est un sursis \u00e0 statuer jusqu&#8217;\u00e0 la d\u00e9cision de la cour d&#8217;appel.<\/p>\n<p>Le juge affirme que <em>&#8220;la d\u00e9cision que devra rendre la Cour d&#8217;appel de Versailles est essentielle \u00e0 la poursuite de l&#8217;instance&#8221;<\/em> (Motifs). Il souligne que la cour pourrait infirmer l&#8217;ordonnance et <em>&#8220;mettre \u00e0 n\u00e9ant la mesure d&#8217;instruction ordonn\u00e9e&#8221;<\/em> (Motifs). Le sursis \u00e0 statuer s&#8217;impose donc comme une mesure de bonne administration de la justice.<\/p>\n<p>La valeur de cette d\u00e9cision est de reconna\u00eetre le lien de d\u00e9pendance entre la proc\u00e9dure de tri et la validit\u00e9 de la mesure d&#8217;instruction. Le juge des r\u00e9f\u00e9r\u00e9s refuse de se prononcer sur un incident qui pourrait devenir sans objet. Il privil\u00e9gie la s\u00e9curit\u00e9 juridique en attendant que la cour d&#8217;appel se prononce sur le fond du litige.<\/p>\n<p>La port\u00e9e de l&#8217;ordonnance est limit\u00e9e \u00e0 la suspension provisoire de l&#8217;instance jusqu&#8217;\u00e0 l&#8217;arr\u00eat de la cour d&#8217;appel. Le juge rappelle que le sursis peut \u00eatre r\u00e9voqu\u00e9 ou abr\u00e9g\u00e9 selon les circonstances. Cette solution pragmatique \u00e9vite un travail inutile sur le tri des pi\u00e8ces si la mesure initiale \u00e9tait annul\u00e9e.<\/p>\n<\/div>\n","protected":false},"excerpt":{"rendered":"<p>Le Tribunal de commerce de Pontoise, statuant en r\u00e9f\u00e9r\u00e9 le 26 janvier 2026, \u00e9tait saisi d&#8217;une contestation relative \u00e0 l&#8217;ex\u00e9cution d&#8217;une mesure&#8230;<\/p>\n","protected":false},"author":232070755,"featured_media":3886,"comment_status":"open","ping_status":"open","sticky":false,"template":"","format":"standard","meta":{"_crdt_document":"","_jetpack_newsletter_access":"","_jetpack_dont_email_post_to_subs":false,"_jetpack_newsletter_tier_id":0,"_jetpack_memberships_contains_paywalled_content":false,"_kj_source_type":"judilibre","_kj_official_id":"69793a45cdc6046d47e9bfc6","_kj_official_url":"https:\/\/www.courdecassation.fr\/decision\/69793a45cdc6046d47e9bfc6","_kj_judilibre_id":"69793a45cdc6046d47e9bfc6","_kj_jur":"Tribunal de commerce","_kj_lieu":"Pontoise","_kj_chambre":"REFERE","_kj_rg":"2025R00045","_kj_date":"2026-01-26","_jetpack_memberships_contains_paid_content":false,"footnotes":"","jetpack_post_was_ever_published":false},"categories":[6454,7207],"tags":[],"class_list":["post-741041","post","type-post","status-publish","format-standard","has-post-thumbnail","hentry","category-decisions-juridiques","category-tribunal-de-commerce"],"yoast_head":"<!-- This site is optimized with the Yoast SEO Premium plugin v27.5 (Yoast SEO v27.5) - https:\/\/yoast.com\/product\/yoast-seo-premium-wordpress\/ -->\n<title>Tribunal de commerce de Pontoise, le 26 janvier 2026, n\u00b02025R00045 - Ma\u00eetre Hassan Kohen, avocat en droit p\u00e9nal \u00e0 Paris<\/title>\n<meta name=\"description\" content=\"Le Tribunal de commerce de Pontoise, statuant en r\u00e9f\u00e9r\u00e9 le 26 janvier 2026, \u00e9tait saisi d&#039;une contestation relative \u00e0 l&#039;ex\u00e9cution d&#039;une mesure...\" \/>\n<meta name=\"robots\" content=\"index, follow, max-snippet:-1, max-image-preview:large, max-video-preview:-1\" \/>\n<link rel=\"canonical\" href=\"https:\/\/kohenavocats.com\/en\/tribunal-de-commerce-de-pontoise-le-26-janvier-2026-n2025r00045\/\" \/>\n<meta property=\"og:locale\" content=\"en_US\" \/>\n<meta property=\"og:type\" content=\"article\" \/>\n<meta property=\"og:title\" content=\"Tribunal de commerce de Pontoise, le 26 janvier 2026, n\u00b02025R00045\" \/>\n<meta property=\"og:description\" content=\"Le Tribunal de commerce de Pontoise, statuant en r\u00e9f\u00e9r\u00e9 le 26 janvier 2026, \u00e9tait saisi d&#039;une contestation relative \u00e0 l&#039;ex\u00e9cution d&#039;une mesure...\" \/>\n<meta property=\"og:url\" content=\"https:\/\/kohenavocats.com\/en\/tribunal-de-commerce-de-pontoise-le-26-janvier-2026-n2025r00045\/\" \/>\n<meta property=\"og:site_name\" content=\"Ma\u00eetre Hassan Kohen, avocat en droit p\u00e9nal \u00e0 Paris\" \/>\n<meta property=\"article:published_time\" content=\"2026-04-28T22:47:40+00:00\" \/>\n<meta property=\"og:image\" content=\"https:\/\/kohenavocats.com\/wp-content\/uploads\/2024\/07\/aleix-ventayol-yPoM-wmzKMM-unsplash-2.webp\" \/>\n\t<meta property=\"og:image:width\" content=\"7526\" \/>\n\t<meta property=\"og:image:height\" content=\"5020\" \/>\n\t<meta property=\"og:image:type\" content=\"image\/webp\" \/>\n<meta name=\"author\" content=\"Kohen\" \/>\n<meta name=\"twitter:card\" content=\"summary_large_image\" \/>\n<meta name=\"twitter:label1\" content=\"Written by\" \/>\n\t<meta name=\"twitter:data1\" content=\"Kohen\" \/>\n\t<meta name=\"twitter:label2\" content=\"Est. reading time\" \/>\n\t<meta name=\"twitter:data2\" content=\"2 minutes\" \/>\n<script type=\"application\/ld+json\" class=\"yoast-schema-graph\">{\"@context\":\"https:\\\/\\\/schema.org\",\"@graph\":[{\"@type\":\"Article\",\"@id\":\"https:\\\/\\\/kohenavocats.com\\\/en\\\/tribunal-de-commerce-de-pontoise-le-26-janvier-2026-n2025r00045\\\/#article\",\"isPartOf\":{\"@id\":\"https:\\\/\\\/kohenavocats.com\\\/en\\\/tribunal-de-commerce-de-pontoise-le-26-janvier-2026-n2025r00045\\\/\"},\"author\":{\"name\":\"Kohen\",\"@id\":\"https:\\\/\\\/kohenavocats.com\\\/en\\\/#\\\/schema\\\/person\\\/761c9ba54fa1ca84d405cef0831ff751\"},\"headline\":\"Tribunal de commerce de Pontoise, le 26 janvier 2026, n\u00b02025R00045\",\"datePublished\":\"2026-04-28T22:47:40+00:00\",\"mainEntityOfPage\":{\"@id\":\"https:\\\/\\\/kohenavocats.com\\\/en\\\/tribunal-de-commerce-de-pontoise-le-26-janvier-2026-n2025r00045\\\/\"},\"wordCount\":332,\"commentCount\":0,\"publisher\":{\"@id\":\"https:\\\/\\\/kohenavocats.com\\\/en\\\/#organization\"},\"image\":{\"@id\":\"https:\\\/\\\/kohenavocats.com\\\/en\\\/tribunal-de-commerce-de-pontoise-le-26-janvier-2026-n2025r00045\\\/#primaryimage\"},\"thumbnailUrl\":\"https:\\\/\\\/kohenavocats.com\\\/wp-content\\\/uploads\\\/2024\\\/07\\\/aleix-ventayol-yPoM-wmzKMM-unsplash-2.webp\",\"articleSection\":[\"D\u00e9cisions juridiques\",\"Tribunal de commerce\"],\"inLanguage\":\"en-US\",\"potentialAction\":[{\"@type\":\"CommentAction\",\"name\":\"Comment\",\"target\":[\"https:\\\/\\\/kohenavocats.com\\\/en\\\/tribunal-de-commerce-de-pontoise-le-26-janvier-2026-n2025r00045\\\/#respond\"]}],\"citation\":\"Tribunal de commerce de Pontoise, le 26 janvier 2026, n\u00b02025R00045\",\"about\":[{\"@type\":\"Thing\",\"name\":\"D\u00e9cisions juridiques\"},{\"@type\":\"Thing\",\"name\":\"Tribunal de commerce\"}],\"dateModified\":\"2026-04-28T22:47:40+00:00\",\"speakable\":{\"@type\":\"SpeakableSpecification\",\"cssSelector\":[\".article-content > p:first-of-type\"]}},{\"@type\":\"WebPage\",\"@id\":\"https:\\\/\\\/kohenavocats.com\\\/en\\\/tribunal-de-commerce-de-pontoise-le-26-janvier-2026-n2025r00045\\\/\",\"url\":\"https:\\\/\\\/kohenavocats.com\\\/en\\\/tribunal-de-commerce-de-pontoise-le-26-janvier-2026-n2025r00045\\\/\",\"name\":\"Tribunal de commerce de Pontoise, le 26 janvier 2026, n\u00b02025R00045 - Ma\u00eetre Hassan Kohen, avocat en droit p\u00e9nal \u00e0 Paris\",\"isPartOf\":{\"@id\":\"https:\\\/\\\/kohenavocats.com\\\/en\\\/#website\"},\"primaryImageOfPage\":{\"@id\":\"https:\\\/\\\/kohenavocats.com\\\/en\\\/tribunal-de-commerce-de-pontoise-le-26-janvier-2026-n2025r00045\\\/#primaryimage\"},\"image\":{\"@id\":\"https:\\\/\\\/kohenavocats.com\\\/en\\\/tribunal-de-commerce-de-pontoise-le-26-janvier-2026-n2025r00045\\\/#primaryimage\"},\"thumbnailUrl\":\"https:\\\/\\\/kohenavocats.com\\\/wp-content\\\/uploads\\\/2024\\\/07\\\/aleix-ventayol-yPoM-wmzKMM-unsplash-2.webp\",\"datePublished\":\"2026-04-28T22:47:40+00:00\",\"description\":\"Le Tribunal de commerce de Pontoise, statuant en r\u00e9f\u00e9r\u00e9 le 26 janvier 2026, \u00e9tait saisi d'une contestation relative \u00e0 l'ex\u00e9cution d'une mesure...\",\"breadcrumb\":{\"@id\":\"https:\\\/\\\/kohenavocats.com\\\/en\\\/tribunal-de-commerce-de-pontoise-le-26-janvier-2026-n2025r00045\\\/#breadcrumb\"},\"inLanguage\":\"en-US\",\"potentialAction\":[{\"@type\":\"ReadAction\",\"target\":[\"https:\\\/\\\/kohenavocats.com\\\/en\\\/tribunal-de-commerce-de-pontoise-le-26-janvier-2026-n2025r00045\\\/\"]}]},{\"@type\":\"ImageObject\",\"inLanguage\":\"en-US\",\"@id\":\"https:\\\/\\\/kohenavocats.com\\\/en\\\/tribunal-de-commerce-de-pontoise-le-26-janvier-2026-n2025r00045\\\/#primaryimage\",\"url\":\"https:\\\/\\\/kohenavocats.com\\\/wp-content\\\/uploads\\\/2024\\\/07\\\/aleix-ventayol-yPoM-wmzKMM-unsplash-2.webp\",\"contentUrl\":\"https:\\\/\\\/kohenavocats.com\\\/wp-content\\\/uploads\\\/2024\\\/07\\\/aleix-ventayol-yPoM-wmzKMM-unsplash-2.webp\",\"width\":7526,\"height\":5020},{\"@type\":\"BreadcrumbList\",\"@id\":\"https:\\\/\\\/kohenavocats.com\\\/en\\\/tribunal-de-commerce-de-pontoise-le-26-janvier-2026-n2025r00045\\\/#breadcrumb\",\"itemListElement\":[{\"@type\":\"ListItem\",\"position\":1,\"name\":\"Home\",\"item\":\"https:\\\/\\\/kohenavocats.com\\\/en\\\/criminal-law-attorneys-in-paris-counsel-and-strategic-defense\\\/\"},{\"@type\":\"ListItem\",\"position\":2,\"name\":\"Tribunal de commerce de Pontoise, le 26 janvier 2026, n\u00b02025R00045\"}]},{\"@type\":\"WebSite\",\"@id\":\"https:\\\/\\\/kohenavocats.com\\\/en\\\/#website\",\"url\":\"https:\\\/\\\/kohenavocats.com\\\/en\\\/\",\"name\":\"Kohen Avocats\",\"description\":\"Ma\u00eetre Hassan Kohen, avocat p\u00e9naliste \u00e0 Paris, intervient exclusivement en droit p\u00e9nal pour la d\u00e9fense des particuliers, notamment en mati\u00e8re d\u2019accusations de viol. Il assure un accompagnement rigoureux d\u00e8s la garde \u00e0 vue jusqu\u2019\u00e0 la Cour d\u2019assises, veillant au strict respect des garanties proc\u00e9durales.\",\"publisher\":{\"@id\":\"https:\\\/\\\/kohenavocats.com\\\/en\\\/#organization\"},\"potentialAction\":[{\"@type\":\"SearchAction\",\"target\":{\"@type\":\"EntryPoint\",\"urlTemplate\":\"https:\\\/\\\/kohenavocats.com\\\/en\\\/?s={search_term_string}\"},\"query-input\":{\"@type\":\"PropertyValueSpecification\",\"valueRequired\":true,\"valueName\":\"search_term_string\"}}],\"inLanguage\":\"en-US\"},{\"@type\":\"Organization\",\"@id\":\"https:\\\/\\\/kohenavocats.com\\\/en\\\/#organization\",\"name\":\"Kohen Avocats\",\"url\":\"https:\\\/\\\/kohenavocats.com\\\/en\\\/\",\"logo\":{\"@type\":\"ImageObject\",\"inLanguage\":\"en-US\",\"@id\":\"https:\\\/\\\/kohenavocats.com\\\/en\\\/#\\\/schema\\\/logo\\\/image\\\/\",\"url\":\"https:\\\/\\\/kohenavocats.com\\\/wp-content\\\/uploads\\\/2026\\\/01\\\/Logo-2-1.webp\",\"contentUrl\":\"https:\\\/\\\/kohenavocats.com\\\/wp-content\\\/uploads\\\/2026\\\/01\\\/Logo-2-1.webp\",\"width\":2114,\"height\":1253,\"caption\":\"Kohen Avocats\"},\"image\":{\"@id\":\"https:\\\/\\\/kohenavocats.com\\\/en\\\/#\\\/schema\\\/logo\\\/image\\\/\"}},{\"@type\":\"Person\",\"@id\":\"https:\\\/\\\/kohenavocats.com\\\/en\\\/#\\\/schema\\\/person\\\/761c9ba54fa1ca84d405cef0831ff751\",\"name\":\"Kohen\",\"image\":{\"@type\":\"ImageObject\",\"inLanguage\":\"en-US\",\"@id\":\"https:\\\/\\\/secure.gravatar.com\\\/avatar\\\/1c5e76ef76bbbfdd2b4da984e2bf2fa4056fd51a27d25ce2c332047f1dfd6e00?s=96&d=identicon&r=g\",\"url\":\"https:\\\/\\\/secure.gravatar.com\\\/avatar\\\/1c5e76ef76bbbfdd2b4da984e2bf2fa4056fd51a27d25ce2c332047f1dfd6e00?s=96&d=identicon&r=g\",\"contentUrl\":\"https:\\\/\\\/secure.gravatar.com\\\/avatar\\\/1c5e76ef76bbbfdd2b4da984e2bf2fa4056fd51a27d25ce2c332047f1dfd6e00?s=96&d=identicon&r=g\",\"caption\":\"Kohen\"},\"sameAs\":[\"https:\\\/\\\/www.linkedin.com\\\/in\\\/hassan-kohen-448548192\\\/\",\"https:\\\/\\\/www.youtube.com\\\/@Kohen-Avocats\"],\"url\":\"https:\\\/\\\/kohenavocats.com\\\/en\\\/author\\\/kohenmlk\\\/\"}]}<\/script>\n<!-- \/ Yoast SEO Premium plugin. -->","yoast_head_json":{"title":"Tribunal de commerce de Pontoise, le 26 janvier 2026, n\u00b02025R00045 - Ma\u00eetre Hassan Kohen, avocat en droit p\u00e9nal \u00e0 Paris","description":"Le Tribunal de commerce de Pontoise, statuant en r\u00e9f\u00e9r\u00e9 le 26 janvier 2026, \u00e9tait saisi d'une contestation relative \u00e0 l'ex\u00e9cution d'une mesure...","robots":{"index":"index","follow":"follow","max-snippet":"max-snippet:-1","max-image-preview":"max-image-preview:large","max-video-preview":"max-video-preview:-1"},"canonical":"https:\/\/kohenavocats.com\/en\/tribunal-de-commerce-de-pontoise-le-26-janvier-2026-n2025r00045\/","og_locale":"en_US","og_type":"article","og_title":"Tribunal de commerce de Pontoise, le 26 janvier 2026, n\u00b02025R00045","og_description":"Le Tribunal de commerce de Pontoise, statuant en r\u00e9f\u00e9r\u00e9 le 26 janvier 2026, \u00e9tait saisi d'une contestation relative \u00e0 l'ex\u00e9cution d'une mesure...","og_url":"https:\/\/kohenavocats.com\/en\/tribunal-de-commerce-de-pontoise-le-26-janvier-2026-n2025r00045\/","og_site_name":"Ma\u00eetre Hassan Kohen, avocat en droit p\u00e9nal \u00e0 Paris","article_published_time":"2026-04-28T22:47:40+00:00","og_image":[{"width":7526,"height":5020,"url":"https:\/\/kohenavocats.com\/wp-content\/uploads\/2024\/07\/aleix-ventayol-yPoM-wmzKMM-unsplash-2.webp","type":"image\/webp"}],"author":"Kohen","twitter_card":"summary_large_image","twitter_misc":{"Written by":"Kohen","Est. reading time":"2 minutes"},"schema":{"@context":"https:\/\/schema.org","@graph":[{"@type":"Article","@id":"https:\/\/kohenavocats.com\/en\/tribunal-de-commerce-de-pontoise-le-26-janvier-2026-n2025r00045\/#article","isPartOf":{"@id":"https:\/\/kohenavocats.com\/en\/tribunal-de-commerce-de-pontoise-le-26-janvier-2026-n2025r00045\/"},"author":{"name":"Kohen","@id":"https:\/\/kohenavocats.com\/en\/#\/schema\/person\/761c9ba54fa1ca84d405cef0831ff751"},"headline":"Tribunal de commerce de Pontoise, le 26 janvier 2026, n\u00b02025R00045","datePublished":"2026-04-28T22:47:40+00:00","mainEntityOfPage":{"@id":"https:\/\/kohenavocats.com\/en\/tribunal-de-commerce-de-pontoise-le-26-janvier-2026-n2025r00045\/"},"wordCount":332,"commentCount":0,"publisher":{"@id":"https:\/\/kohenavocats.com\/en\/#organization"},"image":{"@id":"https:\/\/kohenavocats.com\/en\/tribunal-de-commerce-de-pontoise-le-26-janvier-2026-n2025r00045\/#primaryimage"},"thumbnailUrl":"https:\/\/kohenavocats.com\/wp-content\/uploads\/2024\/07\/aleix-ventayol-yPoM-wmzKMM-unsplash-2.webp","articleSection":["D\u00e9cisions juridiques","Tribunal de commerce"],"inLanguage":"en-US","potentialAction":[{"@type":"CommentAction","name":"Comment","target":["https:\/\/kohenavocats.com\/en\/tribunal-de-commerce-de-pontoise-le-26-janvier-2026-n2025r00045\/#respond"]}],"citation":"Tribunal de commerce de Pontoise, le 26 janvier 2026, n\u00b02025R00045","about":[{"@type":"Thing","name":"D\u00e9cisions juridiques"},{"@type":"Thing","name":"Tribunal de commerce"}],"dateModified":"2026-04-28T22:47:40+00:00","speakable":{"@type":"SpeakableSpecification","cssSelector":[".article-content > p:first-of-type"]}},{"@type":"WebPage","@id":"https:\/\/kohenavocats.com\/en\/tribunal-de-commerce-de-pontoise-le-26-janvier-2026-n2025r00045\/","url":"https:\/\/kohenavocats.com\/en\/tribunal-de-commerce-de-pontoise-le-26-janvier-2026-n2025r00045\/","name":"Tribunal de commerce de Pontoise, le 26 janvier 2026, n\u00b02025R00045 - Ma\u00eetre Hassan Kohen, avocat en droit p\u00e9nal \u00e0 Paris","isPartOf":{"@id":"https:\/\/kohenavocats.com\/en\/#website"},"primaryImageOfPage":{"@id":"https:\/\/kohenavocats.com\/en\/tribunal-de-commerce-de-pontoise-le-26-janvier-2026-n2025r00045\/#primaryimage"},"image":{"@id":"https:\/\/kohenavocats.com\/en\/tribunal-de-commerce-de-pontoise-le-26-janvier-2026-n2025r00045\/#primaryimage"},"thumbnailUrl":"https:\/\/kohenavocats.com\/wp-content\/uploads\/2024\/07\/aleix-ventayol-yPoM-wmzKMM-unsplash-2.webp","datePublished":"2026-04-28T22:47:40+00:00","description":"Le Tribunal de commerce de Pontoise, statuant en r\u00e9f\u00e9r\u00e9 le 26 janvier 2026, \u00e9tait saisi d'une contestation relative \u00e0 l'ex\u00e9cution d'une mesure...","breadcrumb":{"@id":"https:\/\/kohenavocats.com\/en\/tribunal-de-commerce-de-pontoise-le-26-janvier-2026-n2025r00045\/#breadcrumb"},"inLanguage":"en-US","potentialAction":[{"@type":"ReadAction","target":["https:\/\/kohenavocats.com\/en\/tribunal-de-commerce-de-pontoise-le-26-janvier-2026-n2025r00045\/"]}]},{"@type":"ImageObject","inLanguage":"en-US","@id":"https:\/\/kohenavocats.com\/en\/tribunal-de-commerce-de-pontoise-le-26-janvier-2026-n2025r00045\/#primaryimage","url":"https:\/\/kohenavocats.com\/wp-content\/uploads\/2024\/07\/aleix-ventayol-yPoM-wmzKMM-unsplash-2.webp","contentUrl":"https:\/\/kohenavocats.com\/wp-content\/uploads\/2024\/07\/aleix-ventayol-yPoM-wmzKMM-unsplash-2.webp","width":7526,"height":5020},{"@type":"BreadcrumbList","@id":"https:\/\/kohenavocats.com\/en\/tribunal-de-commerce-de-pontoise-le-26-janvier-2026-n2025r00045\/#breadcrumb","itemListElement":[{"@type":"ListItem","position":1,"name":"Home","item":"https:\/\/kohenavocats.com\/en\/criminal-law-attorneys-in-paris-counsel-and-strategic-defense\/"},{"@type":"ListItem","position":2,"name":"Tribunal de commerce de Pontoise, le 26 janvier 2026, n\u00b02025R00045"}]},{"@type":"WebSite","@id":"https:\/\/kohenavocats.com\/en\/#website","url":"https:\/\/kohenavocats.com\/en\/","name":"Kohen Avocats","description":"Ma\u00eetre Hassan Kohen, avocat p\u00e9naliste \u00e0 Paris, intervient exclusivement en droit p\u00e9nal pour la d\u00e9fense des particuliers, notamment en mati\u00e8re d\u2019accusations de viol. Il assure un accompagnement rigoureux d\u00e8s la garde \u00e0 vue jusqu\u2019\u00e0 la Cour d\u2019assises, veillant au strict respect des garanties proc\u00e9durales.","publisher":{"@id":"https:\/\/kohenavocats.com\/en\/#organization"},"potentialAction":[{"@type":"SearchAction","target":{"@type":"EntryPoint","urlTemplate":"https:\/\/kohenavocats.com\/en\/?s={search_term_string}"},"query-input":{"@type":"PropertyValueSpecification","valueRequired":true,"valueName":"search_term_string"}}],"inLanguage":"en-US"},{"@type":"Organization","@id":"https:\/\/kohenavocats.com\/en\/#organization","name":"Kohen Avocats","url":"https:\/\/kohenavocats.com\/en\/","logo":{"@type":"ImageObject","inLanguage":"en-US","@id":"https:\/\/kohenavocats.com\/en\/#\/schema\/logo\/image\/","url":"https:\/\/kohenavocats.com\/wp-content\/uploads\/2026\/01\/Logo-2-1.webp","contentUrl":"https:\/\/kohenavocats.com\/wp-content\/uploads\/2026\/01\/Logo-2-1.webp","width":2114,"height":1253,"caption":"Kohen Avocats"},"image":{"@id":"https:\/\/kohenavocats.com\/en\/#\/schema\/logo\/image\/"}},{"@type":"Person","@id":"https:\/\/kohenavocats.com\/en\/#\/schema\/person\/761c9ba54fa1ca84d405cef0831ff751","name":"Kohen","image":{"@type":"ImageObject","inLanguage":"en-US","@id":"https:\/\/secure.gravatar.com\/avatar\/1c5e76ef76bbbfdd2b4da984e2bf2fa4056fd51a27d25ce2c332047f1dfd6e00?s=96&d=identicon&r=g","url":"https:\/\/secure.gravatar.com\/avatar\/1c5e76ef76bbbfdd2b4da984e2bf2fa4056fd51a27d25ce2c332047f1dfd6e00?s=96&d=identicon&r=g","contentUrl":"https:\/\/secure.gravatar.com\/avatar\/1c5e76ef76bbbfdd2b4da984e2bf2fa4056fd51a27d25ce2c332047f1dfd6e00?s=96&d=identicon&r=g","caption":"Kohen"},"sameAs":["https:\/\/www.linkedin.com\/in\/hassan-kohen-448548192\/","https:\/\/www.youtube.com\/@Kohen-Avocats"],"url":"https:\/\/kohenavocats.com\/en\/author\/kohenmlk\/"}]}},"jetpack_featured_media_url":"https:\/\/kohenavocats.com\/wp-content\/uploads\/2024\/07\/aleix-ventayol-yPoM-wmzKMM-unsplash-2.webp","jetpack_likes_enabled":false,"jetpack_shortlink":"https:\/\/wp.me\/peCrII-36Mh","jetpack-related-posts":[{"id":666885,"url":"https:\/\/kohenavocats.com\/en\/tribunal-judiciaire-de-pontoise-le-29-janvier-2025-n23-10392\/","url_meta":{"origin":741041,"position":0},"title":"Tribunal judiciaire de Pontoise, le 29 janvier 2025, n\u00b023\/10392","author":"Kohen","date":"24 April 2026","format":false,"excerpt":"Le tribunal judiciaire de Pontoise, statuant en la forme des r\u00e9f\u00e9r\u00e9s, a rendu une ordonnance le 29 janvier 2025. Le litige oppose une soci\u00e9t\u00e9 bancaire \u00e0 des ...","rel":"","context":"In &quot;Jurisprudence&quot;","block_context":{"text":"Jurisprudence","link":"https:\/\/kohenavocats.com\/category\/jurisprudence\/"},"img":{"alt_text":"","src":"https:\/\/i0.wp.com\/kohenavocats.com\/wp-content\/uploads\/2024\/08\/anthony-delanoix-fVm02RclkKc-unsplash.webp?resize=350%2C200&ssl=1","width":350,"height":200,"srcset":"https:\/\/i0.wp.com\/kohenavocats.com\/wp-content\/uploads\/2024\/08\/anthony-delanoix-fVm02RclkKc-unsplash.webp?resize=350%2C200&ssl=1 1x, https:\/\/i0.wp.com\/kohenavocats.com\/wp-content\/uploads\/2024\/08\/anthony-delanoix-fVm02RclkKc-unsplash.webp?resize=525%2C300&ssl=1 1.5x, https:\/\/i0.wp.com\/kohenavocats.com\/wp-content\/uploads\/2024\/08\/anthony-delanoix-fVm02RclkKc-unsplash.webp?resize=700%2C400&ssl=1 2x, https:\/\/i0.wp.com\/kohenavocats.com\/wp-content\/uploads\/2024\/08\/anthony-delanoix-fVm02RclkKc-unsplash.webp?resize=1050%2C600&ssl=1 3x, https:\/\/i0.wp.com\/kohenavocats.com\/wp-content\/uploads\/2024\/08\/anthony-delanoix-fVm02RclkKc-unsplash.webp?resize=1400%2C800&ssl=1 4x"},"classes":[]},{"id":490288,"url":"https:\/\/kohenavocats.com\/en\/tribunal-judiciaire-de-pontoise-le-19-novembre-2025-n25-00475\/","url_meta":{"origin":741041,"position":1},"title":"Tribunal judiciaire de Pontoise, le 19 novembre 2025, n\u00b025\/00475","author":"Kohen","date":"8 April 2026","format":false,"excerpt":"Le tribunal judiciaire de Pontoise, statuant en r\u00e9f\u00e9r\u00e9 le 19 novembre 2025, constate l'acquisition d'une clause r\u00e9solutoire dans un bail commercial. Le...","rel":"","context":"In &quot;D\u00e9cisions juridiques&quot;","block_context":{"text":"D\u00e9cisions juridiques","link":"https:\/\/kohenavocats.com\/category\/decisions-juridiques\/"},"img":{"alt_text":"","src":"https:\/\/i0.wp.com\/kohenavocats.com\/wp-content\/uploads\/2024\/08\/louis-paulin-SYJrwRyI51E-unsplash-1.webp?resize=350%2C200&ssl=1","width":350,"height":200,"srcset":"https:\/\/i0.wp.com\/kohenavocats.com\/wp-content\/uploads\/2024\/08\/louis-paulin-SYJrwRyI51E-unsplash-1.webp?resize=350%2C200&ssl=1 1x, https:\/\/i0.wp.com\/kohenavocats.com\/wp-content\/uploads\/2024\/08\/louis-paulin-SYJrwRyI51E-unsplash-1.webp?resize=525%2C300&ssl=1 1.5x, https:\/\/i0.wp.com\/kohenavocats.com\/wp-content\/uploads\/2024\/08\/louis-paulin-SYJrwRyI51E-unsplash-1.webp?resize=700%2C400&ssl=1 2x, https:\/\/i0.wp.com\/kohenavocats.com\/wp-content\/uploads\/2024\/08\/louis-paulin-SYJrwRyI51E-unsplash-1.webp?resize=1050%2C600&ssl=1 3x, https:\/\/i0.wp.com\/kohenavocats.com\/wp-content\/uploads\/2024\/08\/louis-paulin-SYJrwRyI51E-unsplash-1.webp?resize=1400%2C800&ssl=1 4x"},"classes":[]},{"id":667070,"url":"https:\/\/kohenavocats.com\/en\/tribunal-judiciaire-de-nanterre-le-3-juillet-2025-n23-10341\/","url_meta":{"origin":741041,"position":2},"title":"Tribunal judiciaire de Nanterre, le 3 juillet 2025, n\u00b023\/10341","author":"Kohen","date":"24 April 2026","format":false,"excerpt":"Le juge de la mise en \u00e9tat du tribunal judiciaire de Pontoise, par ordonnance du 3 juillet 2025, statue sur une demande de sursis \u00e0 statuer. Un \u00e9tablissement...","rel":"","context":"In &quot;Droit P\u00e9nal&quot;","block_context":{"text":"Droit P\u00e9nal","link":"https:\/\/kohenavocats.com\/category\/travaux-parlementaires\/droit-penal\/"},"img":{"alt_text":"","src":"https:\/\/i0.wp.com\/kohenavocats.com\/wp-content\/uploads\/2024\/11\/george-dagerotip-kFQshsmdP-M-unsplash.webp?resize=350%2C200&ssl=1","width":350,"height":200,"srcset":"https:\/\/i0.wp.com\/kohenavocats.com\/wp-content\/uploads\/2024\/11\/george-dagerotip-kFQshsmdP-M-unsplash.webp?resize=350%2C200&ssl=1 1x, https:\/\/i0.wp.com\/kohenavocats.com\/wp-content\/uploads\/2024\/11\/george-dagerotip-kFQshsmdP-M-unsplash.webp?resize=525%2C300&ssl=1 1.5x, https:\/\/i0.wp.com\/kohenavocats.com\/wp-content\/uploads\/2024\/11\/george-dagerotip-kFQshsmdP-M-unsplash.webp?resize=700%2C400&ssl=1 2x, https:\/\/i0.wp.com\/kohenavocats.com\/wp-content\/uploads\/2024\/11\/george-dagerotip-kFQshsmdP-M-unsplash.webp?resize=1050%2C600&ssl=1 3x, https:\/\/i0.wp.com\/kohenavocats.com\/wp-content\/uploads\/2024\/11\/george-dagerotip-kFQshsmdP-M-unsplash.webp?resize=1400%2C800&ssl=1 4x"},"classes":[]},{"id":685071,"url":"https:\/\/kohenavocats.com\/en\/tribunal-judiciaire-de-pontoise-le-17-juin-2025-n25-00331\/","url_meta":{"origin":741041,"position":3},"title":"Tribunal judiciaire de Pontoise, le 17 juin 2025, n\u00b025\/00331","author":"Kohen","date":"25 April 2026","format":false,"excerpt":"Par une ordonnance de r\u00e9f\u00e9r\u00e9 rendue le 17 juin 2025 (Tribunal judiciaire de Pontoise, n\u00b0 RG 25\/00331), le juge des r\u00e9f\u00e9r\u00e9s a \u00e9t\u00e9 saisi d\u2019une demande fond\u00e9e s...","rel":"","context":"In &quot;Jurisprudence&quot;","block_context":{"text":"Jurisprudence","link":"https:\/\/kohenavocats.com\/category\/jurisprudence\/"},"img":{"alt_text":"","src":"https:\/\/i0.wp.com\/kohenavocats.com\/wp-content\/uploads\/2024\/11\/85gb-photo-DKP0bwBFP9I-unsplash.webp?resize=350%2C200&ssl=1","width":350,"height":200,"srcset":"https:\/\/i0.wp.com\/kohenavocats.com\/wp-content\/uploads\/2024\/11\/85gb-photo-DKP0bwBFP9I-unsplash.webp?resize=350%2C200&ssl=1 1x, https:\/\/i0.wp.com\/kohenavocats.com\/wp-content\/uploads\/2024\/11\/85gb-photo-DKP0bwBFP9I-unsplash.webp?resize=525%2C300&ssl=1 1.5x, https:\/\/i0.wp.com\/kohenavocats.com\/wp-content\/uploads\/2024\/11\/85gb-photo-DKP0bwBFP9I-unsplash.webp?resize=700%2C400&ssl=1 2x, https:\/\/i0.wp.com\/kohenavocats.com\/wp-content\/uploads\/2024\/11\/85gb-photo-DKP0bwBFP9I-unsplash.webp?resize=1050%2C600&ssl=1 3x, https:\/\/i0.wp.com\/kohenavocats.com\/wp-content\/uploads\/2024\/11\/85gb-photo-DKP0bwBFP9I-unsplash.webp?resize=1400%2C800&ssl=1 4x"},"classes":[]},{"id":670071,"url":"https:\/\/kohenavocats.com\/en\/tribunal-judiciaire-de-pontoise-le-18-septembre-2025-n24-06785\/","url_meta":{"origin":741041,"position":4},"title":"Tribunal judiciaire de Pontoise, le 18 septembre 2025, n\u00b024\/06785","author":"Kohen","date":"24 April 2026","format":false,"excerpt":"Le tribunal judiciaire de Pontoise, le 18 septembre 2025, statue sur une demande de sursis \u00e0 statuer. Un litige civil oppose un propri\u00e9taire \u00e0 son locataire ...","rel":"","context":"In &quot;Immobilier&quot;","block_context":{"text":"Immobilier","link":"https:\/\/kohenavocats.com\/category\/immobilier\/"},"img":{"alt_text":"","src":"https:\/\/i0.wp.com\/kohenavocats.com\/wp-content\/uploads\/2024\/11\/getty-images-imdnMdUDomE-unsplash.webp?resize=350%2C200&ssl=1","width":350,"height":200,"srcset":"https:\/\/i0.wp.com\/kohenavocats.com\/wp-content\/uploads\/2024\/11\/getty-images-imdnMdUDomE-unsplash.webp?resize=350%2C200&ssl=1 1x, https:\/\/i0.wp.com\/kohenavocats.com\/wp-content\/uploads\/2024\/11\/getty-images-imdnMdUDomE-unsplash.webp?resize=525%2C300&ssl=1 1.5x, https:\/\/i0.wp.com\/kohenavocats.com\/wp-content\/uploads\/2024\/11\/getty-images-imdnMdUDomE-unsplash.webp?resize=700%2C400&ssl=1 2x, https:\/\/i0.wp.com\/kohenavocats.com\/wp-content\/uploads\/2024\/11\/getty-images-imdnMdUDomE-unsplash.webp?resize=1050%2C600&ssl=1 3x, https:\/\/i0.wp.com\/kohenavocats.com\/wp-content\/uploads\/2024\/11\/getty-images-imdnMdUDomE-unsplash.webp?resize=1400%2C800&ssl=1 4x"},"classes":[]},{"id":662697,"url":"https:\/\/kohenavocats.com\/en\/tribunal-judiciaire-de-marseille-le-29-janvier-2026-n25-01651\/","url_meta":{"origin":741041,"position":5},"title":"Tribunal judiciaire de Marseille, le 29 janvier 2026, n\u00b025\/01651","author":"Kohen","date":"23 April 2026","format":false,"excerpt":"Le juge des contentieux de la protection, statuant en r\u00e9f\u00e9r\u00e9, a rendu une ordonnance le 29 janvier 2026. Saisi par une soci\u00e9t\u00e9 civile immobili\u00e8re, le juge a ...","rel":"","context":"In &quot;Jurisprudence&quot;","block_context":{"text":"Jurisprudence","link":"https:\/\/kohenavocats.com\/category\/jurisprudence\/"},"img":{"alt_text":"","src":"https:\/\/i0.wp.com\/kohenavocats.com\/wp-content\/uploads\/2024\/11\/planet-volumes-gJ9Y6Ip-X4o-unsplash.webp?resize=350%2C200&ssl=1","width":350,"height":200,"srcset":"https:\/\/i0.wp.com\/kohenavocats.com\/wp-content\/uploads\/2024\/11\/planet-volumes-gJ9Y6Ip-X4o-unsplash.webp?resize=350%2C200&ssl=1 1x, https:\/\/i0.wp.com\/kohenavocats.com\/wp-content\/uploads\/2024\/11\/planet-volumes-gJ9Y6Ip-X4o-unsplash.webp?resize=525%2C300&ssl=1 1.5x, https:\/\/i0.wp.com\/kohenavocats.com\/wp-content\/uploads\/2024\/11\/planet-volumes-gJ9Y6Ip-X4o-unsplash.webp?resize=700%2C400&ssl=1 2x, https:\/\/i0.wp.com\/kohenavocats.com\/wp-content\/uploads\/2024\/11\/planet-volumes-gJ9Y6Ip-X4o-unsplash.webp?resize=1050%2C600&ssl=1 3x, https:\/\/i0.wp.com\/kohenavocats.com\/wp-content\/uploads\/2024\/11\/planet-volumes-gJ9Y6Ip-X4o-unsplash.webp?resize=1400%2C800&ssl=1 4x"},"classes":[]}],"jetpack_sharing_enabled":true,"_links":{"self":[{"href":"https:\/\/kohenavocats.com\/en\/wp-json\/wp\/v2\/posts\/741041","targetHints":{"allow":["GET"]}}],"collection":[{"href":"https:\/\/kohenavocats.com\/en\/wp-json\/wp\/v2\/posts"}],"about":[{"href":"https:\/\/kohenavocats.com\/en\/wp-json\/wp\/v2\/types\/post"}],"author":[{"embeddable":true,"href":"https:\/\/kohenavocats.com\/en\/wp-json\/wp\/v2\/users\/232070755"}],"replies":[{"embeddable":true,"href":"https:\/\/kohenavocats.com\/en\/wp-json\/wp\/v2\/comments?post=741041"}],"version-history":[{"count":0,"href":"https:\/\/kohenavocats.com\/en\/wp-json\/wp\/v2\/posts\/741041\/revisions"}],"wp:featuredmedia":[{"embeddable":true,"href":"https:\/\/kohenavocats.com\/en\/wp-json\/wp\/v2\/media\/3886"}],"wp:attachment":[{"href":"https:\/\/kohenavocats.com\/en\/wp-json\/wp\/v2\/media?parent=741041"}],"wp:term":[{"taxonomy":"category","embeddable":true,"href":"https:\/\/kohenavocats.com\/en\/wp-json\/wp\/v2\/categories?post=741041"},{"taxonomy":"post_tag","embeddable":true,"href":"https:\/\/kohenavocats.com\/en\/wp-json\/wp\/v2\/tags?post=741041"}],"curies":[{"name":"wp","href":"https:\/\/api.w.org\/{rel}","templated":true}]}}