{"id":742684,"date":"2026-04-29T02:47:22","date_gmt":"2026-04-29T00:47:22","guid":{"rendered":"https:\/\/kohenavocats.com\/tribunal-judiciaire-de-lorient-le-23-janvier-2026-n24-00131\/"},"modified":"2026-04-29T02:47:22","modified_gmt":"2026-04-29T00:47:22","slug":"tribunal-judiciaire-de-lorient-le-23-janvier-2026-n24-00131","status":"publish","type":"post","link":"https:\/\/kohenavocats.com\/en\/tribunal-judiciaire-de-lorient-le-23-janvier-2026-n24-00131\/","title":{"rendered":"Tribunal judiciaire de Lorient, le 23 janvier 2026, n\u00b024\/00131"},"content":{"rendered":"<div class=\"article-content\">\n<p>Le tribunal judiciaire de Lorient, juge des contentieux de la protection, a rendu le 23 janvier 2026 un jugement statuant sur la recevabilit\u00e9 d\u2019un recours en contestation de mesures impos\u00e9es par la commission de surendettement.<\/p>\n<p>Une d\u00e9bitrice a contest\u00e9 les mesures de r\u00e9\u00e9chelonnement fix\u00e9es le 30 juillet 2024, invoquant notamment le paiement de certaines dettes par son conjoint. Apr\u00e8s plusieurs renvois d\u2019audience, le juge a relev\u00e9 d\u2019office la tardivet\u00e9 du recours et a invit\u00e9 les parties \u00e0 pr\u00e9senter leurs observations. La question de droit portait sur le respect du d\u00e9lai de trente jours pour former un recours contre les mesures impos\u00e9es. Le juge a d\u00e9clar\u00e9 le recours irrecevable pour cause de tardivet\u00e9 et a renvoy\u00e9 le dossier \u00e0 la commission.<\/p>\n<p>La rigueur du d\u00e9lai de recours en surendettement<\/p>\n<p>Le juge rappelle que le d\u00e9lai de trente jours pour contester les mesures impos\u00e9es est un d\u00e9lai d\u2019ordre public. Il applique strictement les articles L.733-10 et R.733-6 du code de la consommation, qui fixent ce d\u00e9lai imp\u00e9ratif. En l\u2019esp\u00e8ce, la notification a eu lieu le 8 ao\u00fbt 2024, et le recours a \u00e9t\u00e9 form\u00e9 le 13 septembre 2024, soit apr\u00e8s expiration. La solution illustre la rigidit\u00e9 proc\u00e9durale impos\u00e9e au d\u00e9biteur, qui doit agir rapidement sous peine d\u2019irrecevabilit\u00e9.<\/p>\n<p>La valeur de cette d\u00e9cision r\u00e9side dans la protection de la s\u00e9curit\u00e9 juridique des mesures impos\u00e9es par la commission. Le juge ne peut pas assouplir le d\u00e9lai, m\u00eame en pr\u00e9sence de circonstances personnelles comme un emploi au Canada ou une perte d\u2019emploi. La port\u00e9e est claire : le non-respect du d\u00e9lai entra\u00eene automatiquement le rejet du recours, sans examen du fond.<\/p>\n<p>Le contr\u00f4le de la notification et la charge de la preuve<\/p>\n<p>Le juge v\u00e9rifie la date de notification en s\u2019appuyant sur les donn\u00e9es de La Poste, conform\u00e9ment \u00e0 l\u2019article 669 du code de proc\u00e9dure civile. Il constate que la d\u00e9bitrice a re\u00e7u la notification le 8 ao\u00fbt 2024, ce qui fait courir le d\u00e9lai \u00e0 compter de cette date. La d\u00e9bitrice n\u2019a fourni aucune observation sur la tardivet\u00e9 malgr\u00e9 l\u2019invitation du juge, ce qui renforce la rigueur de la d\u00e9cision.<\/p>\n<p>La valeur de ce contr\u00f4le est de garantir que le point de d\u00e9part du d\u00e9lai est objectivement \u00e9tabli, sans contestation possible. En l\u2019absence de preuve contraire apport\u00e9e par la d\u00e9bitrice, le juge applique la r\u00e8gle de l\u2019article 641 du code de proc\u00e9dure civile, excluant le jour de la notification. La port\u00e9e est que le d\u00e9biteur supporte la charge de prouver le respect du d\u00e9lai ou une prorogation l\u00e9gale.<\/p>\n<p>L\u2019irrecevabilit\u00e9 et ses cons\u00e9quences proc\u00e9durales<\/p>\n<p>Le juge d\u00e9clare le recours irrecevable comme tardif, sans examiner les contestations sur le montant des cr\u00e9ances ou la situation de la d\u00e9bitrice. Il renvoie le dossier \u00e0 la commission de surendettement pour poursuivre la proc\u00e9dure initiale, conform\u00e9ment aux mesures impos\u00e9es. Cette solution \u00e9vite un contentieux long et pr\u00e9serve l\u2019efficacit\u00e9 des d\u00e9cisions de la commission.<\/p>\n<p>La valeur de cette irrecevabilit\u00e9 est de sanctionner le non-respect des d\u00e9lais imp\u00e9ratifs, sans possibilit\u00e9 de r\u00e9gularisation. La port\u00e9e est que le d\u00e9biteur perd toute possibilit\u00e9 de contester le fond, m\u00eame si ses arguments sont l\u00e9gitimes. Le jugement rappelle que la proc\u00e9dure de surendettement exige une vigilance imm\u00e9diate du d\u00e9biteur.<\/p>\n<\/div>\n","protected":false},"excerpt":{"rendered":"<p>Le tribunal judiciaire de Lorient, juge des contentieux de la protection, a rendu le 23 janvier 2026 un jugement statuant sur la recevabilit\u00e9 d\u2019un recours en&#8230;<\/p>\n","protected":false},"author":232070755,"featured_media":3905,"comment_status":"open","ping_status":"open","sticky":false,"template":"","format":"standard","meta":{"_crdt_document":"","_jetpack_newsletter_access":"","_jetpack_dont_email_post_to_subs":false,"_jetpack_newsletter_tier_id":0,"_jetpack_memberships_contains_paywalled_content":false,"_kj_source_type":"judilibre","_kj_official_id":"6984130dcdc6046d47f5a187","_kj_official_url":"https:\/\/www.courdecassation.fr\/decision\/6984130dcdc6046d47f5a187","_kj_judilibre_id":"6984130dcdc6046d47f5a187","_kj_jur":"Tribunal judiciaire","_kj_lieu":"Lorient","_kj_chambre":"14CH SURENDETTEMENT","_kj_rg":"24\/00131","_kj_date":"2026-01-23","_jetpack_memberships_contains_paid_content":false,"footnotes":"","jetpack_post_was_ever_published":false},"categories":[7597],"tags":[],"class_list":["post-742684","post","type-post","status-publish","format-standard","has-post-thumbnail","hentry","category-jurisprudence"],"yoast_head":"<!-- This site is optimized with the Yoast SEO Premium plugin v27.5 (Yoast SEO v27.5) - https:\/\/yoast.com\/product\/yoast-seo-premium-wordpress\/ -->\n<title>Tribunal judiciaire de Lorient, le 23 janvier 2026, n\u00b024\/00131 - Ma\u00eetre Hassan Kohen, avocat en droit p\u00e9nal \u00e0 Paris<\/title>\n<meta name=\"description\" content=\"Le tribunal judiciaire de Lorient, juge des contentieux de la protection, a rendu le 23 janvier 2026 un jugement statuant sur la recevabilit\u00e9 d\u2019un recours en...\" \/>\n<meta name=\"robots\" content=\"index, follow, max-snippet:-1, max-image-preview:large, max-video-preview:-1\" \/>\n<link rel=\"canonical\" href=\"https:\/\/kohenavocats.com\/en\/tribunal-judiciaire-de-lorient-le-23-janvier-2026-n24-00131\/\" \/>\n<meta property=\"og:locale\" content=\"en_US\" \/>\n<meta property=\"og:type\" content=\"article\" \/>\n<meta property=\"og:title\" content=\"Tribunal judiciaire de Lorient, le 23 janvier 2026, n\u00b024\/00131\" \/>\n<meta property=\"og:description\" content=\"Le tribunal judiciaire de Lorient, juge des contentieux de la protection, a rendu le 23 janvier 2026 un jugement statuant sur la recevabilit\u00e9 d\u2019un recours en...\" \/>\n<meta property=\"og:url\" content=\"https:\/\/kohenavocats.com\/en\/tribunal-judiciaire-de-lorient-le-23-janvier-2026-n24-00131\/\" \/>\n<meta property=\"og:site_name\" content=\"Ma\u00eetre Hassan Kohen, avocat en droit p\u00e9nal \u00e0 Paris\" \/>\n<meta property=\"article:published_time\" content=\"2026-04-29T00:47:22+00:00\" \/>\n<meta property=\"og:image\" content=\"https:\/\/kohenavocats.com\/wp-content\/uploads\/2024\/07\/inaki-del-olmo-NIJuEQw0RKg-unsplash.webp\" \/>\n\t<meta property=\"og:image:width\" content=\"4744\" \/>\n\t<meta property=\"og:image:height\" content=\"3163\" \/>\n\t<meta property=\"og:image:type\" content=\"image\/webp\" \/>\n<meta name=\"author\" content=\"Kohen\" \/>\n<meta name=\"twitter:card\" content=\"summary_large_image\" \/>\n<meta name=\"twitter:label1\" content=\"Written by\" \/>\n\t<meta name=\"twitter:data1\" content=\"Kohen\" \/>\n\t<meta name=\"twitter:label2\" content=\"Est. reading time\" \/>\n\t<meta name=\"twitter:data2\" content=\"3 minutes\" \/>\n<script type=\"application\/ld+json\" class=\"yoast-schema-graph\">{\"@context\":\"https:\\\/\\\/schema.org\",\"@graph\":[{\"@type\":\"Article\",\"@id\":\"https:\\\/\\\/kohenavocats.com\\\/en\\\/tribunal-judiciaire-de-lorient-le-23-janvier-2026-n24-00131\\\/#article\",\"isPartOf\":{\"@id\":\"https:\\\/\\\/kohenavocats.com\\\/en\\\/tribunal-judiciaire-de-lorient-le-23-janvier-2026-n24-00131\\\/\"},\"author\":{\"name\":\"Kohen\",\"@id\":\"https:\\\/\\\/kohenavocats.com\\\/en\\\/#\\\/schema\\\/person\\\/761c9ba54fa1ca84d405cef0831ff751\"},\"headline\":\"Tribunal judiciaire de Lorient, le 23 janvier 2026, n\u00b024\\\/00131\",\"datePublished\":\"2026-04-29T00:47:22+00:00\",\"mainEntityOfPage\":{\"@id\":\"https:\\\/\\\/kohenavocats.com\\\/en\\\/tribunal-judiciaire-de-lorient-le-23-janvier-2026-n24-00131\\\/\"},\"wordCount\":603,\"commentCount\":0,\"publisher\":{\"@id\":\"https:\\\/\\\/kohenavocats.com\\\/en\\\/#organization\"},\"image\":{\"@id\":\"https:\\\/\\\/kohenavocats.com\\\/en\\\/tribunal-judiciaire-de-lorient-le-23-janvier-2026-n24-00131\\\/#primaryimage\"},\"thumbnailUrl\":\"https:\\\/\\\/kohenavocats.com\\\/wp-content\\\/uploads\\\/2024\\\/07\\\/inaki-del-olmo-NIJuEQw0RKg-unsplash.webp\",\"articleSection\":[\"Jurisprudence\"],\"inLanguage\":\"en-US\",\"potentialAction\":[{\"@type\":\"CommentAction\",\"name\":\"Comment\",\"target\":[\"https:\\\/\\\/kohenavocats.com\\\/en\\\/tribunal-judiciaire-de-lorient-le-23-janvier-2026-n24-00131\\\/#respond\"]}],\"citation\":\"Tribunal judiciaire de Lorient, le 23 janvier 2026, n\u00b024\\\/00131\",\"about\":[{\"@type\":\"Thing\",\"name\":\"Jurisprudence\"}],\"dateModified\":\"2026-04-29T00:47:22+00:00\",\"speakable\":{\"@type\":\"SpeakableSpecification\",\"cssSelector\":[\".article-content > p:first-of-type\"]}},{\"@type\":\"WebPage\",\"@id\":\"https:\\\/\\\/kohenavocats.com\\\/en\\\/tribunal-judiciaire-de-lorient-le-23-janvier-2026-n24-00131\\\/\",\"url\":\"https:\\\/\\\/kohenavocats.com\\\/en\\\/tribunal-judiciaire-de-lorient-le-23-janvier-2026-n24-00131\\\/\",\"name\":\"Tribunal judiciaire de Lorient, le 23 janvier 2026, n\u00b024\\\/00131 - Ma\u00eetre Hassan Kohen, avocat en droit p\u00e9nal \u00e0 Paris\",\"isPartOf\":{\"@id\":\"https:\\\/\\\/kohenavocats.com\\\/en\\\/#website\"},\"primaryImageOfPage\":{\"@id\":\"https:\\\/\\\/kohenavocats.com\\\/en\\\/tribunal-judiciaire-de-lorient-le-23-janvier-2026-n24-00131\\\/#primaryimage\"},\"image\":{\"@id\":\"https:\\\/\\\/kohenavocats.com\\\/en\\\/tribunal-judiciaire-de-lorient-le-23-janvier-2026-n24-00131\\\/#primaryimage\"},\"thumbnailUrl\":\"https:\\\/\\\/kohenavocats.com\\\/wp-content\\\/uploads\\\/2024\\\/07\\\/inaki-del-olmo-NIJuEQw0RKg-unsplash.webp\",\"datePublished\":\"2026-04-29T00:47:22+00:00\",\"description\":\"Le tribunal judiciaire de Lorient, juge des contentieux de la protection, a rendu le 23 janvier 2026 un jugement statuant sur la recevabilit\u00e9 d\u2019un recours en...\",\"breadcrumb\":{\"@id\":\"https:\\\/\\\/kohenavocats.com\\\/en\\\/tribunal-judiciaire-de-lorient-le-23-janvier-2026-n24-00131\\\/#breadcrumb\"},\"inLanguage\":\"en-US\",\"potentialAction\":[{\"@type\":\"ReadAction\",\"target\":[\"https:\\\/\\\/kohenavocats.com\\\/en\\\/tribunal-judiciaire-de-lorient-le-23-janvier-2026-n24-00131\\\/\"]}]},{\"@type\":\"ImageObject\",\"inLanguage\":\"en-US\",\"@id\":\"https:\\\/\\\/kohenavocats.com\\\/en\\\/tribunal-judiciaire-de-lorient-le-23-janvier-2026-n24-00131\\\/#primaryimage\",\"url\":\"https:\\\/\\\/kohenavocats.com\\\/wp-content\\\/uploads\\\/2024\\\/07\\\/inaki-del-olmo-NIJuEQw0RKg-unsplash.webp\",\"contentUrl\":\"https:\\\/\\\/kohenavocats.com\\\/wp-content\\\/uploads\\\/2024\\\/07\\\/inaki-del-olmo-NIJuEQw0RKg-unsplash.webp\",\"width\":4744,\"height\":3163},{\"@type\":\"BreadcrumbList\",\"@id\":\"https:\\\/\\\/kohenavocats.com\\\/en\\\/tribunal-judiciaire-de-lorient-le-23-janvier-2026-n24-00131\\\/#breadcrumb\",\"itemListElement\":[{\"@type\":\"ListItem\",\"position\":1,\"name\":\"Home\",\"item\":\"https:\\\/\\\/kohenavocats.com\\\/en\\\/criminal-law-attorneys-in-paris-counsel-and-strategic-defense\\\/\"},{\"@type\":\"ListItem\",\"position\":2,\"name\":\"Tribunal judiciaire de Lorient, le 23 janvier 2026, n\u00b024\\\/00131\"}]},{\"@type\":\"WebSite\",\"@id\":\"https:\\\/\\\/kohenavocats.com\\\/en\\\/#website\",\"url\":\"https:\\\/\\\/kohenavocats.com\\\/en\\\/\",\"name\":\"Kohen Avocats\",\"description\":\"Ma\u00eetre Hassan Kohen, avocat p\u00e9naliste \u00e0 Paris, intervient exclusivement en droit p\u00e9nal pour la d\u00e9fense des particuliers, notamment en mati\u00e8re d\u2019accusations de viol. Il assure un accompagnement rigoureux d\u00e8s la garde \u00e0 vue jusqu\u2019\u00e0 la Cour d\u2019assises, veillant au strict respect des garanties proc\u00e9durales.\",\"publisher\":{\"@id\":\"https:\\\/\\\/kohenavocats.com\\\/en\\\/#organization\"},\"potentialAction\":[{\"@type\":\"SearchAction\",\"target\":{\"@type\":\"EntryPoint\",\"urlTemplate\":\"https:\\\/\\\/kohenavocats.com\\\/en\\\/?s={search_term_string}\"},\"query-input\":{\"@type\":\"PropertyValueSpecification\",\"valueRequired\":true,\"valueName\":\"search_term_string\"}}],\"inLanguage\":\"en-US\"},{\"@type\":\"Organization\",\"@id\":\"https:\\\/\\\/kohenavocats.com\\\/en\\\/#organization\",\"name\":\"Kohen Avocats\",\"url\":\"https:\\\/\\\/kohenavocats.com\\\/en\\\/\",\"logo\":{\"@type\":\"ImageObject\",\"inLanguage\":\"en-US\",\"@id\":\"https:\\\/\\\/kohenavocats.com\\\/en\\\/#\\\/schema\\\/logo\\\/image\\\/\",\"url\":\"https:\\\/\\\/kohenavocats.com\\\/wp-content\\\/uploads\\\/2026\\\/01\\\/Logo-2-1.webp\",\"contentUrl\":\"https:\\\/\\\/kohenavocats.com\\\/wp-content\\\/uploads\\\/2026\\\/01\\\/Logo-2-1.webp\",\"width\":2114,\"height\":1253,\"caption\":\"Kohen Avocats\"},\"image\":{\"@id\":\"https:\\\/\\\/kohenavocats.com\\\/en\\\/#\\\/schema\\\/logo\\\/image\\\/\"}},{\"@type\":\"Person\",\"@id\":\"https:\\\/\\\/kohenavocats.com\\\/en\\\/#\\\/schema\\\/person\\\/761c9ba54fa1ca84d405cef0831ff751\",\"name\":\"Kohen\",\"image\":{\"@type\":\"ImageObject\",\"inLanguage\":\"en-US\",\"@id\":\"https:\\\/\\\/secure.gravatar.com\\\/avatar\\\/1c5e76ef76bbbfdd2b4da984e2bf2fa4056fd51a27d25ce2c332047f1dfd6e00?s=96&d=identicon&r=g\",\"url\":\"https:\\\/\\\/secure.gravatar.com\\\/avatar\\\/1c5e76ef76bbbfdd2b4da984e2bf2fa4056fd51a27d25ce2c332047f1dfd6e00?s=96&d=identicon&r=g\",\"contentUrl\":\"https:\\\/\\\/secure.gravatar.com\\\/avatar\\\/1c5e76ef76bbbfdd2b4da984e2bf2fa4056fd51a27d25ce2c332047f1dfd6e00?s=96&d=identicon&r=g\",\"caption\":\"Kohen\"},\"sameAs\":[\"https:\\\/\\\/www.linkedin.com\\\/in\\\/hassan-kohen-448548192\\\/\",\"https:\\\/\\\/www.youtube.com\\\/@Kohen-Avocats\"],\"url\":\"https:\\\/\\\/kohenavocats.com\\\/en\\\/author\\\/kohenmlk\\\/\"}]}<\/script>\n<!-- \/ Yoast SEO Premium plugin. -->","yoast_head_json":{"title":"Tribunal judiciaire de Lorient, le 23 janvier 2026, n\u00b024\/00131 - Ma\u00eetre Hassan Kohen, avocat en droit p\u00e9nal \u00e0 Paris","description":"Le tribunal judiciaire de Lorient, juge des contentieux de la protection, a rendu le 23 janvier 2026 un jugement statuant sur la recevabilit\u00e9 d\u2019un recours en...","robots":{"index":"index","follow":"follow","max-snippet":"max-snippet:-1","max-image-preview":"max-image-preview:large","max-video-preview":"max-video-preview:-1"},"canonical":"https:\/\/kohenavocats.com\/en\/tribunal-judiciaire-de-lorient-le-23-janvier-2026-n24-00131\/","og_locale":"en_US","og_type":"article","og_title":"Tribunal judiciaire de Lorient, le 23 janvier 2026, n\u00b024\/00131","og_description":"Le tribunal judiciaire de Lorient, juge des contentieux de la protection, a rendu le 23 janvier 2026 un jugement statuant sur la recevabilit\u00e9 d\u2019un recours en...","og_url":"https:\/\/kohenavocats.com\/en\/tribunal-judiciaire-de-lorient-le-23-janvier-2026-n24-00131\/","og_site_name":"Ma\u00eetre Hassan Kohen, avocat en droit p\u00e9nal \u00e0 Paris","article_published_time":"2026-04-29T00:47:22+00:00","og_image":[{"width":4744,"height":3163,"url":"https:\/\/kohenavocats.com\/wp-content\/uploads\/2024\/07\/inaki-del-olmo-NIJuEQw0RKg-unsplash.webp","type":"image\/webp"}],"author":"Kohen","twitter_card":"summary_large_image","twitter_misc":{"Written by":"Kohen","Est. reading time":"3 minutes"},"schema":{"@context":"https:\/\/schema.org","@graph":[{"@type":"Article","@id":"https:\/\/kohenavocats.com\/en\/tribunal-judiciaire-de-lorient-le-23-janvier-2026-n24-00131\/#article","isPartOf":{"@id":"https:\/\/kohenavocats.com\/en\/tribunal-judiciaire-de-lorient-le-23-janvier-2026-n24-00131\/"},"author":{"name":"Kohen","@id":"https:\/\/kohenavocats.com\/en\/#\/schema\/person\/761c9ba54fa1ca84d405cef0831ff751"},"headline":"Tribunal judiciaire de Lorient, le 23 janvier 2026, n\u00b024\/00131","datePublished":"2026-04-29T00:47:22+00:00","mainEntityOfPage":{"@id":"https:\/\/kohenavocats.com\/en\/tribunal-judiciaire-de-lorient-le-23-janvier-2026-n24-00131\/"},"wordCount":603,"commentCount":0,"publisher":{"@id":"https:\/\/kohenavocats.com\/en\/#organization"},"image":{"@id":"https:\/\/kohenavocats.com\/en\/tribunal-judiciaire-de-lorient-le-23-janvier-2026-n24-00131\/#primaryimage"},"thumbnailUrl":"https:\/\/kohenavocats.com\/wp-content\/uploads\/2024\/07\/inaki-del-olmo-NIJuEQw0RKg-unsplash.webp","articleSection":["Jurisprudence"],"inLanguage":"en-US","potentialAction":[{"@type":"CommentAction","name":"Comment","target":["https:\/\/kohenavocats.com\/en\/tribunal-judiciaire-de-lorient-le-23-janvier-2026-n24-00131\/#respond"]}],"citation":"Tribunal judiciaire de Lorient, le 23 janvier 2026, n\u00b024\/00131","about":[{"@type":"Thing","name":"Jurisprudence"}],"dateModified":"2026-04-29T00:47:22+00:00","speakable":{"@type":"SpeakableSpecification","cssSelector":[".article-content > p:first-of-type"]}},{"@type":"WebPage","@id":"https:\/\/kohenavocats.com\/en\/tribunal-judiciaire-de-lorient-le-23-janvier-2026-n24-00131\/","url":"https:\/\/kohenavocats.com\/en\/tribunal-judiciaire-de-lorient-le-23-janvier-2026-n24-00131\/","name":"Tribunal judiciaire de Lorient, le 23 janvier 2026, n\u00b024\/00131 - Ma\u00eetre Hassan Kohen, avocat en droit p\u00e9nal \u00e0 Paris","isPartOf":{"@id":"https:\/\/kohenavocats.com\/en\/#website"},"primaryImageOfPage":{"@id":"https:\/\/kohenavocats.com\/en\/tribunal-judiciaire-de-lorient-le-23-janvier-2026-n24-00131\/#primaryimage"},"image":{"@id":"https:\/\/kohenavocats.com\/en\/tribunal-judiciaire-de-lorient-le-23-janvier-2026-n24-00131\/#primaryimage"},"thumbnailUrl":"https:\/\/kohenavocats.com\/wp-content\/uploads\/2024\/07\/inaki-del-olmo-NIJuEQw0RKg-unsplash.webp","datePublished":"2026-04-29T00:47:22+00:00","description":"Le tribunal judiciaire de Lorient, juge des contentieux de la protection, a rendu le 23 janvier 2026 un jugement statuant sur la recevabilit\u00e9 d\u2019un recours en...","breadcrumb":{"@id":"https:\/\/kohenavocats.com\/en\/tribunal-judiciaire-de-lorient-le-23-janvier-2026-n24-00131\/#breadcrumb"},"inLanguage":"en-US","potentialAction":[{"@type":"ReadAction","target":["https:\/\/kohenavocats.com\/en\/tribunal-judiciaire-de-lorient-le-23-janvier-2026-n24-00131\/"]}]},{"@type":"ImageObject","inLanguage":"en-US","@id":"https:\/\/kohenavocats.com\/en\/tribunal-judiciaire-de-lorient-le-23-janvier-2026-n24-00131\/#primaryimage","url":"https:\/\/kohenavocats.com\/wp-content\/uploads\/2024\/07\/inaki-del-olmo-NIJuEQw0RKg-unsplash.webp","contentUrl":"https:\/\/kohenavocats.com\/wp-content\/uploads\/2024\/07\/inaki-del-olmo-NIJuEQw0RKg-unsplash.webp","width":4744,"height":3163},{"@type":"BreadcrumbList","@id":"https:\/\/kohenavocats.com\/en\/tribunal-judiciaire-de-lorient-le-23-janvier-2026-n24-00131\/#breadcrumb","itemListElement":[{"@type":"ListItem","position":1,"name":"Home","item":"https:\/\/kohenavocats.com\/en\/criminal-law-attorneys-in-paris-counsel-and-strategic-defense\/"},{"@type":"ListItem","position":2,"name":"Tribunal judiciaire de Lorient, le 23 janvier 2026, n\u00b024\/00131"}]},{"@type":"WebSite","@id":"https:\/\/kohenavocats.com\/en\/#website","url":"https:\/\/kohenavocats.com\/en\/","name":"Kohen Avocats","description":"Ma\u00eetre Hassan Kohen, avocat p\u00e9naliste \u00e0 Paris, intervient exclusivement en droit p\u00e9nal pour la d\u00e9fense des particuliers, notamment en mati\u00e8re d\u2019accusations de viol. Il assure un accompagnement rigoureux d\u00e8s la garde \u00e0 vue jusqu\u2019\u00e0 la Cour d\u2019assises, veillant au strict respect des garanties proc\u00e9durales.","publisher":{"@id":"https:\/\/kohenavocats.com\/en\/#organization"},"potentialAction":[{"@type":"SearchAction","target":{"@type":"EntryPoint","urlTemplate":"https:\/\/kohenavocats.com\/en\/?s={search_term_string}"},"query-input":{"@type":"PropertyValueSpecification","valueRequired":true,"valueName":"search_term_string"}}],"inLanguage":"en-US"},{"@type":"Organization","@id":"https:\/\/kohenavocats.com\/en\/#organization","name":"Kohen Avocats","url":"https:\/\/kohenavocats.com\/en\/","logo":{"@type":"ImageObject","inLanguage":"en-US","@id":"https:\/\/kohenavocats.com\/en\/#\/schema\/logo\/image\/","url":"https:\/\/kohenavocats.com\/wp-content\/uploads\/2026\/01\/Logo-2-1.webp","contentUrl":"https:\/\/kohenavocats.com\/wp-content\/uploads\/2026\/01\/Logo-2-1.webp","width":2114,"height":1253,"caption":"Kohen Avocats"},"image":{"@id":"https:\/\/kohenavocats.com\/en\/#\/schema\/logo\/image\/"}},{"@type":"Person","@id":"https:\/\/kohenavocats.com\/en\/#\/schema\/person\/761c9ba54fa1ca84d405cef0831ff751","name":"Kohen","image":{"@type":"ImageObject","inLanguage":"en-US","@id":"https:\/\/secure.gravatar.com\/avatar\/1c5e76ef76bbbfdd2b4da984e2bf2fa4056fd51a27d25ce2c332047f1dfd6e00?s=96&d=identicon&r=g","url":"https:\/\/secure.gravatar.com\/avatar\/1c5e76ef76bbbfdd2b4da984e2bf2fa4056fd51a27d25ce2c332047f1dfd6e00?s=96&d=identicon&r=g","contentUrl":"https:\/\/secure.gravatar.com\/avatar\/1c5e76ef76bbbfdd2b4da984e2bf2fa4056fd51a27d25ce2c332047f1dfd6e00?s=96&d=identicon&r=g","caption":"Kohen"},"sameAs":["https:\/\/www.linkedin.com\/in\/hassan-kohen-448548192\/","https:\/\/www.youtube.com\/@Kohen-Avocats"],"url":"https:\/\/kohenavocats.com\/en\/author\/kohenmlk\/"}]}},"jetpack_featured_media_url":"https:\/\/kohenavocats.com\/wp-content\/uploads\/2024\/07\/inaki-del-olmo-NIJuEQw0RKg-unsplash.webp","jetpack_likes_enabled":false,"jetpack_shortlink":"https:\/\/wp.me\/peCrII-37cM","jetpack-related-posts":[{"id":466924,"url":"https:\/\/kohenavocats.com\/en\/tribunal-judiciaire-de-lorient-2025-12-05-n25-00051\/","url_meta":{"origin":742684,"position":0},"title":"Tribunal judiciaire de Lorient &#8211; 2025-12-05 &#8211; n\u00b025\/00051","author":"Kohen","date":"7 April 2026","format":false,"excerpt":"Le Juge des contentieux de la protection, statuant par jugement du 5 d\u00e9cembre 2025, examine un recours contre une d\u00e9cision de recevabilit\u00e9. La notification est intervenue le 6 mars 2025 et le recours ...","rel":"","context":"In &quot;Jurisprudence&quot;","block_context":{"text":"Jurisprudence","link":"https:\/\/kohenavocats.com\/category\/jurisprudence\/"},"img":{"alt_text":"","src":"https:\/\/i0.wp.com\/kohenavocats.com\/wp-content\/uploads\/2024\/06\/giammarco-boscaro-OPzWvgL-upY-unsplash.jpg?resize=350%2C200&ssl=1","width":350,"height":200,"srcset":"https:\/\/i0.wp.com\/kohenavocats.com\/wp-content\/uploads\/2024\/06\/giammarco-boscaro-OPzWvgL-upY-unsplash.jpg?resize=350%2C200&ssl=1 1x, https:\/\/i0.wp.com\/kohenavocats.com\/wp-content\/uploads\/2024\/06\/giammarco-boscaro-OPzWvgL-upY-unsplash.jpg?resize=525%2C300&ssl=1 1.5x, https:\/\/i0.wp.com\/kohenavocats.com\/wp-content\/uploads\/2024\/06\/giammarco-boscaro-OPzWvgL-upY-unsplash.jpg?resize=700%2C400&ssl=1 2x, https:\/\/i0.wp.com\/kohenavocats.com\/wp-content\/uploads\/2024\/06\/giammarco-boscaro-OPzWvgL-upY-unsplash.jpg?resize=1050%2C600&ssl=1 3x, https:\/\/i0.wp.com\/kohenavocats.com\/wp-content\/uploads\/2024\/06\/giammarco-boscaro-OPzWvgL-upY-unsplash.jpg?resize=1400%2C800&ssl=1 4x"},"classes":[]},{"id":632317,"url":"https:\/\/kohenavocats.com\/en\/tribunal-judiciaire-de-colmar-le-5-juin-2025-n25-00066\/","url_meta":{"origin":742684,"position":1},"title":"Tribunal judiciaire de Colmar, le 5 juin 2025, n\u00b025\/00066","author":"Kohen","date":"21 April 2026","format":false,"excerpt":"Le Juge des Contentieux de la Protection, statuant en mati\u00e8re de surendettement, a rendu une d\u00e9cision le 5 juin 2025. Cette juridiction \u00e9tait saisie d\u2019un rec...","rel":"","context":"In &quot;Jurisprudence&quot;","block_context":{"text":"Jurisprudence","link":"https:\/\/kohenavocats.com\/category\/jurisprudence\/"},"img":{"alt_text":"","src":"https:\/\/i0.wp.com\/kohenavocats.com\/wp-content\/uploads\/2024\/11\/polina-kuzovkova-sar-Y4BxZDA-unsplash.webp?resize=350%2C200&ssl=1","width":350,"height":200,"srcset":"https:\/\/i0.wp.com\/kohenavocats.com\/wp-content\/uploads\/2024\/11\/polina-kuzovkova-sar-Y4BxZDA-unsplash.webp?resize=350%2C200&ssl=1 1x, https:\/\/i0.wp.com\/kohenavocats.com\/wp-content\/uploads\/2024\/11\/polina-kuzovkova-sar-Y4BxZDA-unsplash.webp?resize=525%2C300&ssl=1 1.5x, https:\/\/i0.wp.com\/kohenavocats.com\/wp-content\/uploads\/2024\/11\/polina-kuzovkova-sar-Y4BxZDA-unsplash.webp?resize=700%2C400&ssl=1 2x, https:\/\/i0.wp.com\/kohenavocats.com\/wp-content\/uploads\/2024\/11\/polina-kuzovkova-sar-Y4BxZDA-unsplash.webp?resize=1050%2C600&ssl=1 3x, https:\/\/i0.wp.com\/kohenavocats.com\/wp-content\/uploads\/2024\/11\/polina-kuzovkova-sar-Y4BxZDA-unsplash.webp?resize=1400%2C800&ssl=1 4x"},"classes":[]},{"id":466731,"url":"https:\/\/kohenavocats.com\/en\/tribunal-judiciaire-de-lorient-2025-12-05-n25-00069\/","url_meta":{"origin":742684,"position":2},"title":"Tribunal judiciaire de Lorient &#8211; 2025-12-05 &#8211; n\u00b025\/00069","author":"Kohen","date":"7 April 2026","format":false,"excerpt":"Le juge des contentieux de la protection, statuant par jugement r\u00e9put\u00e9 contradictoire, a rendu sa d\u00e9cision le 5 mai 2025. Saisi d\u2019un recours contre les mesures impos\u00e9es par une commission de surendett...","rel":"","context":"In &quot;Jurisprudence&quot;","block_context":{"text":"Jurisprudence","link":"https:\/\/kohenavocats.com\/category\/jurisprudence\/"},"img":{"alt_text":"","src":"https:\/\/i0.wp.com\/kohenavocats.com\/wp-content\/uploads\/2024\/07\/zac-nielson-s4vuMuapk4Y-unsplash.webp?resize=350%2C200&ssl=1","width":350,"height":200,"srcset":"https:\/\/i0.wp.com\/kohenavocats.com\/wp-content\/uploads\/2024\/07\/zac-nielson-s4vuMuapk4Y-unsplash.webp?resize=350%2C200&ssl=1 1x, https:\/\/i0.wp.com\/kohenavocats.com\/wp-content\/uploads\/2024\/07\/zac-nielson-s4vuMuapk4Y-unsplash.webp?resize=525%2C300&ssl=1 1.5x, https:\/\/i0.wp.com\/kohenavocats.com\/wp-content\/uploads\/2024\/07\/zac-nielson-s4vuMuapk4Y-unsplash.webp?resize=700%2C400&ssl=1 2x, https:\/\/i0.wp.com\/kohenavocats.com\/wp-content\/uploads\/2024\/07\/zac-nielson-s4vuMuapk4Y-unsplash.webp?resize=1050%2C600&ssl=1 3x, https:\/\/i0.wp.com\/kohenavocats.com\/wp-content\/uploads\/2024\/07\/zac-nielson-s4vuMuapk4Y-unsplash.webp?resize=1400%2C800&ssl=1 4x"},"classes":[]},{"id":452644,"url":"https:\/\/kohenavocats.com\/en\/tribunal-judiciaire-le-13-aout-2025-n2500054\/","url_meta":{"origin":742684,"position":3},"title":"Tribunal judiciaire, le 13 ao\u00fbt 2025, n\u00b025\/00054","author":"Kohen","date":"6 April 2026","format":false,"excerpt":"Le Tribunal judiciaire de Lorient, statuant en mati\u00e8re de surendettement, a rendu un jugement le 13 ao\u00fbt 2025. Les \u00e9poux d\u00e9biteurs avaient saisi la...","rel":"","context":"Similar post","block_context":{"text":"Similar post","link":""},"img":{"alt_text":"","src":"https:\/\/i0.wp.com\/kohenavocats.com\/wp-content\/uploads\/2024\/06\/giammarco-boscaro-OPzWvgL-upY-unsplash.jpg?resize=350%2C200&ssl=1","width":350,"height":200,"srcset":"https:\/\/i0.wp.com\/kohenavocats.com\/wp-content\/uploads\/2024\/06\/giammarco-boscaro-OPzWvgL-upY-unsplash.jpg?resize=350%2C200&ssl=1 1x, https:\/\/i0.wp.com\/kohenavocats.com\/wp-content\/uploads\/2024\/06\/giammarco-boscaro-OPzWvgL-upY-unsplash.jpg?resize=525%2C300&ssl=1 1.5x, https:\/\/i0.wp.com\/kohenavocats.com\/wp-content\/uploads\/2024\/06\/giammarco-boscaro-OPzWvgL-upY-unsplash.jpg?resize=700%2C400&ssl=1 2x, https:\/\/i0.wp.com\/kohenavocats.com\/wp-content\/uploads\/2024\/06\/giammarco-boscaro-OPzWvgL-upY-unsplash.jpg?resize=1050%2C600&ssl=1 3x, https:\/\/i0.wp.com\/kohenavocats.com\/wp-content\/uploads\/2024\/06\/giammarco-boscaro-OPzWvgL-upY-unsplash.jpg?resize=1400%2C800&ssl=1 4x"},"classes":[]},{"id":606030,"url":"https:\/\/kohenavocats.com\/en\/tribunal-judiciaire-de-lorient-le-10-juin-2025-n25-00086\/","url_meta":{"origin":742684,"position":4},"title":"Tribunal judiciaire de Lorient, le 10 juin 2025, n\u00b025\/00086","author":"Kohen","date":"19 April 2026","format":false,"excerpt":"Le juge des contentieux de la protection, statuant en premier ressort, a rendu un jugement le 10 juin 2025. Saisi d\u2019un recours contre des mesures impos\u00e9es pa...","rel":"","context":"In &quot;Jurisprudence&quot;","block_context":{"text":"Jurisprudence","link":"https:\/\/kohenavocats.com\/category\/jurisprudence\/"},"img":{"alt_text":"","src":"https:\/\/i0.wp.com\/kohenavocats.com\/wp-content\/uploads\/2024\/11\/getty-images-Au4I9ldgHKo-unsplash.webp?resize=350%2C200&ssl=1","width":350,"height":200,"srcset":"https:\/\/i0.wp.com\/kohenavocats.com\/wp-content\/uploads\/2024\/11\/getty-images-Au4I9ldgHKo-unsplash.webp?resize=350%2C200&ssl=1 1x, https:\/\/i0.wp.com\/kohenavocats.com\/wp-content\/uploads\/2024\/11\/getty-images-Au4I9ldgHKo-unsplash.webp?resize=525%2C300&ssl=1 1.5x, https:\/\/i0.wp.com\/kohenavocats.com\/wp-content\/uploads\/2024\/11\/getty-images-Au4I9ldgHKo-unsplash.webp?resize=700%2C400&ssl=1 2x, https:\/\/i0.wp.com\/kohenavocats.com\/wp-content\/uploads\/2024\/11\/getty-images-Au4I9ldgHKo-unsplash.webp?resize=1050%2C600&ssl=1 3x, https:\/\/i0.wp.com\/kohenavocats.com\/wp-content\/uploads\/2024\/11\/getty-images-Au4I9ldgHKo-unsplash.webp?resize=1400%2C800&ssl=1 4x"},"classes":[]},{"id":476948,"url":"https:\/\/kohenavocats.com\/en\/tribunal-judiciaire-de-lorient-le-5-decembre-2025-n25-00043\/","url_meta":{"origin":742684,"position":5},"title":"Tribunal judiciaire de Lorient, le 5 d\u00e9cembre 2025, n\u00b025\/00043","author":"Kohen","date":"7 April 2026","format":false,"excerpt":"Le juge des contentieux de la protection, statuant par jugement du 5 d\u00e9cembre 2025, a examin\u00e9 un recours form\u00e9 contre des mesures impos\u00e9es par une commission...","rel":"","context":"In &quot;Jurisprudence&quot;","block_context":{"text":"Jurisprudence","link":"https:\/\/kohenavocats.com\/category\/jurisprudence\/"},"img":{"alt_text":"","src":"https:\/\/i0.wp.com\/kohenavocats.com\/wp-content\/uploads\/2024\/08\/gloria-villa-ByP0PtBXpi0-unsplash.webp?resize=350%2C200&ssl=1","width":350,"height":200,"srcset":"https:\/\/i0.wp.com\/kohenavocats.com\/wp-content\/uploads\/2024\/08\/gloria-villa-ByP0PtBXpi0-unsplash.webp?resize=350%2C200&ssl=1 1x, https:\/\/i0.wp.com\/kohenavocats.com\/wp-content\/uploads\/2024\/08\/gloria-villa-ByP0PtBXpi0-unsplash.webp?resize=525%2C300&ssl=1 1.5x, https:\/\/i0.wp.com\/kohenavocats.com\/wp-content\/uploads\/2024\/08\/gloria-villa-ByP0PtBXpi0-unsplash.webp?resize=700%2C400&ssl=1 2x, https:\/\/i0.wp.com\/kohenavocats.com\/wp-content\/uploads\/2024\/08\/gloria-villa-ByP0PtBXpi0-unsplash.webp?resize=1050%2C600&ssl=1 3x, https:\/\/i0.wp.com\/kohenavocats.com\/wp-content\/uploads\/2024\/08\/gloria-villa-ByP0PtBXpi0-unsplash.webp?resize=1400%2C800&ssl=1 4x"},"classes":[]}],"jetpack_sharing_enabled":true,"_links":{"self":[{"href":"https:\/\/kohenavocats.com\/en\/wp-json\/wp\/v2\/posts\/742684","targetHints":{"allow":["GET"]}}],"collection":[{"href":"https:\/\/kohenavocats.com\/en\/wp-json\/wp\/v2\/posts"}],"about":[{"href":"https:\/\/kohenavocats.com\/en\/wp-json\/wp\/v2\/types\/post"}],"author":[{"embeddable":true,"href":"https:\/\/kohenavocats.com\/en\/wp-json\/wp\/v2\/users\/232070755"}],"replies":[{"embeddable":true,"href":"https:\/\/kohenavocats.com\/en\/wp-json\/wp\/v2\/comments?post=742684"}],"version-history":[{"count":0,"href":"https:\/\/kohenavocats.com\/en\/wp-json\/wp\/v2\/posts\/742684\/revisions"}],"wp:featuredmedia":[{"embeddable":true,"href":"https:\/\/kohenavocats.com\/en\/wp-json\/wp\/v2\/media\/3905"}],"wp:attachment":[{"href":"https:\/\/kohenavocats.com\/en\/wp-json\/wp\/v2\/media?parent=742684"}],"wp:term":[{"taxonomy":"category","embeddable":true,"href":"https:\/\/kohenavocats.com\/en\/wp-json\/wp\/v2\/categories?post=742684"},{"taxonomy":"post_tag","embeddable":true,"href":"https:\/\/kohenavocats.com\/en\/wp-json\/wp\/v2\/tags?post=742684"}],"curies":[{"name":"wp","href":"https:\/\/api.w.org\/{rel}","templated":true}]}}