{"id":747255,"date":"2026-04-29T07:43:16","date_gmt":"2026-04-29T05:43:16","guid":{"rendered":"https:\/\/kohenavocats.com\/tribunal-judiciaire-de-marseille-le-21-janvier-2026-n25-01999\/"},"modified":"2026-04-29T07:43:16","modified_gmt":"2026-04-29T05:43:16","slug":"tribunal-judiciaire-de-marseille-le-21-janvier-2026-n25-01999","status":"publish","type":"post","link":"https:\/\/kohenavocats.com\/en\/tribunal-judiciaire-de-marseille-le-21-janvier-2026-n25-01999\/","title":{"rendered":"Tribunal judiciaire de Marseille, le 21 janvier 2026, n\u00b025\/01999"},"content":{"rendered":"<div class='article-content'>\n<style scoped>.toc-article{background:#f8f9fa;border:1px solid #e2e6ea;border-left:4px solid #2c5f8a;border-radius:6px;padding:20px 24px;margin:0 0 32px;font-size:15px;line-height:1.6}.toc-article p{margin:0 0 10px;font-size:16px;font-weight:600;color:#1a1a1a}.toc-article ul{list-style:none;margin:0;padding:0}.toc-article li.toc-h2{padding:4px 0}.toc-article li.toc-h3{padding:2px 0 2px 20px;font-size:14px}.toc-article a{color:#2c5f8a;text-decoration:none;border-bottom:1px dotted #a0b4c8}.toc-article a:hover{color:#1a3d5c;border-bottom-color:#1a3d5c}<\/style>\n<nav class=\"toc-article\" role=\"navigation\" aria-label=\"Sommaire\">\n<p>Sommaire<\/p>\n<ul>\n<li class=\"toc-h2\"><a href=\"#fondements-juridiques\">Fondements juridiques<\/a><\/li>\n<\/ul>\n<\/nav>\n<p>Le Tribunal Judiciaire de Marseille, dans son jugement du 21 janvier 2026, rejette la demande de compl\u00e9ment d\u2019allocation d\u2019\u00e9ducation de l\u2019enfant handicap\u00e9. Les parents d\u2019un enfant reconnu handicap\u00e9 contestaient le refus de la commission des droits et de l\u2019autonomie des personnes handicap\u00e9es. La question de droit portait sur l\u2019\u00e9ligibilit\u00e9 au compl\u00e9ment d\u2019AEEH au regard des d\u00e9penses expos\u00e9es. La solution retient que les justificatifs produits ne d\u00e9montrent pas le seuil de d\u00e9penses requis.<\/p>\n<p>I. L\u2019exigence probatoire des d\u00e9penses mensuelles minimales<\/p>\n<p>Le tribunal rappelle le cadre l\u00e9gal et la charge de la preuve incombant aux demandeurs. Il pr\u00e9cise que le seuil de d\u00e9penses mensuelles \u00e0 atteindre est fix\u00e9 \u00e0 261,21 euros. Pour le classement en premi\u00e8re cat\u00e9gorie, l\u2019article R. 541-2 du code de la s\u00e9curit\u00e9 sociale exige des d\u00e9penses \u00e9gales ou sup\u00e9rieures \u00e0 un montant fix\u00e9 par arr\u00eat\u00e9. La circulaire du 3 mai 2022 indique que les frais param\u00e9dicaux non pris en charge peuvent \u00eatre consid\u00e9r\u00e9s.<\/p>\n<p>En l\u2019esp\u00e8ce, les seuls devis d\u2019ergoth\u00e9rapie produits ne satisfont pas \u00e0 cette exigence probatoire. Le premier devis, dat\u00e9 d\u2019avril 2023, est ant\u00e9rieur de plus d\u2019un an \u00e0 la demande et ne pr\u00e9cise aucune dur\u00e9e de validit\u00e9. Le second devis, \u00e9tabli en mai 2025, est post\u00e9rieur \u00e0 la d\u00e9cision contest\u00e9e et ne permet pas d\u2019\u00e9tablir des d\u00e9penses mensuelles pr\u00e9visibles suffisantes. Le tribunal estime que les \u00e9l\u00e9ments communiqu\u00e9s ne d\u00e9montrent pas que les d\u00e9penses mensuelles sont sup\u00e9rieures au seuil l\u00e9gal.<\/p>\n<p>II. L\u2019appr\u00e9ciation souveraine des \u00e9l\u00e9ments de preuve par le juge<\/p>\n<p>Le tribunal exerce son pouvoir souverain d\u2019appr\u00e9ciation en se pla\u00e7ant au jour de la demande initiale. Il constate l\u2019insuffisance des justificatifs pour caract\u00e9riser des d\u00e9penses r\u00e9currentes et certaines. La valeur de cette d\u00e9cision est de rappeler le strict respect des conditions l\u00e9gales d\u2019attribution du compl\u00e9ment. La port\u00e9e de l\u2019arr\u00eat souligne l\u2019importance de fournir des preuves contemporaines et concordantes de d\u00e9penses mensuelles.<\/p>\n<p>La solution confirme la d\u00e9cision de la commission et rejette la demande des parents. Le tribunal laisse les d\u00e9pens \u00e0 la charge des demandeurs qui succombent dans leur action. Cette d\u00e9cision r\u00e9affirme que le compl\u00e9ment d\u2019AEEH n\u2019est pas automatique et n\u00e9cessite une d\u00e9monstration rigoureuse.<\/p>\n<\/div>\n<style scoped>.fondements-juridiques{margin:40px 0 0;padding:0}.fondements-juridiques>h2{font-size:22px;color:#1a1a1a;border-bottom:2px solid #2c5f8a;padding-bottom:10px;margin-bottom:20px}.fj-article{background:#fdfdfd;border:1px solid #e8e8e8;border-radius:6px;padding:20px;margin-bottom:16px}.fj-article h3{font-size:17px;color:#2c5f8a;margin:0 0 12px;font-weight:600}.fj-texte{font-size:15px;line-height:1.7;color:#333}.fj-texte p{margin:8px 0}.fj-badge{font-size:11px;padding:2px 8px;border-radius:3px;margin-left:8px;font-weight:500;vertical-align:middle}.fj-en-vigueur{background:#e8f5e9;color:#2e7d32}.fj-abroge{background:#ffebee;color:#c62828}.fj-modifie{background:#fff3e0;color:#e65100}<\/style>\n<section class=\"fondements-juridiques\">\n<h2 id=\"fondements-juridiques\">Fondements juridiques<\/h2>\n<div class=\"fj-article\">\n<h3><a href=\"https:\/\/www.legifrance.gouv.fr\/codes\/article_lc\/LEGIARTI000006750713\" rel=\"nofollow\" target=\"_blank\">Article R. 541-2 du Code de la s\u00e9curit\u00e9 sociale<\/a> <span class=\"fj-badge fj-en-vigueur\">En vigueur<\/span><\/h3>\n<div class=\"fj-texte\">\n<p>Pour la d\u00e9termination du montant du compl\u00e9ment d&#8217;allocation d&#8217;\u00e9ducation de l&#8217;enfant handicap\u00e9, l&#8217;enfant handicap\u00e9 est class\u00e9, par la commission des droits et de l&#8217;autonomie des personnes handicap\u00e9es, au moyen d&#8217;un guide d&#8217;\u00e9valuation d\u00e9fini par arr\u00eat\u00e9, dans une des six cat\u00e9gories pr\u00e9vues ci-dessous. L&#8217;importance du recours \u00e0 une tierce personne pr\u00e9vu \u00e0 l&#8217;article L. 541-1 est appr\u00e9ci\u00e9e par la commission des droits et de l&#8217;autonomie des personnes handicap\u00e9es au regard de la nature ou de la gravit\u00e9 du handicap de l&#8217;enfant en prenant en compte, sur justificatifs produits par les int\u00e9ress\u00e9s, la r\u00e9duction d&#8217;activit\u00e9 professionnelle d&#8217;un ou des parents ou sa cessation ou la renonciation \u00e0 exercer une telle activit\u00e9 et la dur\u00e9e du recours \u00e0 une tierce personne r\u00e9mun\u00e9r\u00e9e : <\/p>\n<\/p>\n<p>1\u00b0 Est class\u00e9 dans la 1re cat\u00e9gorie l&#8217;enfant dont le handicap entra\u00eene, par sa nature ou sa gravit\u00e9, des d\u00e9penses \u00e9gales ou sup\u00e9rieures \u00e0 un montant fix\u00e9 par arr\u00eat\u00e9 conjoint des ministres charg\u00e9s de la s\u00e9curit\u00e9 sociale, du budget et de l&#8217;agriculture ; <\/p>\n<\/p>\n<p>2\u00b0 Est class\u00e9 dans la 2e cat\u00e9gorie l&#8217;enfant dont le handicap contraint l&#8217;un des parents \u00e0 exercer une activit\u00e9 professionnelle \u00e0 temps partiel r\u00e9duite d&#8217;au moins 20 % par rapport \u00e0 une activit\u00e9 \u00e0 temps plein ou exige le recours \u00e0 une tierce personne r\u00e9mun\u00e9r\u00e9e pendant une dur\u00e9e au moins \u00e9quivalente \u00e0 huit heures par semaine ou entra\u00eene des d\u00e9penses \u00e9gales ou sup\u00e9rieures \u00e0 un montant fix\u00e9 par arr\u00eat\u00e9 conjoint des ministres charg\u00e9s de la s\u00e9curit\u00e9 sociale, du budget et de l&#8217;agriculture ; <\/p>\n<\/p>\n<p>3\u00b0 Est class\u00e9 dans la 3e cat\u00e9gorie l&#8217;enfant dont le handicap, soit : <\/p>\n<\/p>\n<p>a) Contraint l&#8217;un des parents \u00e0 exercer une activit\u00e9 professionnelle \u00e0 temps partiel r\u00e9duite d&#8217;au moins 50 % par rapport \u00e0 une activit\u00e9 \u00e0 temps plein ou l&#8217;oblige \u00e0 recourir \u00e0 une tierce personne r\u00e9mun\u00e9r\u00e9e pendant une dur\u00e9e au moins \u00e9quivalente \u00e0 vingt heures par semaine ; <\/p>\n<\/p>\n<p>b) Contraint l&#8217;un des parents \u00e0 exercer une activit\u00e9 professionnelle \u00e0 temps partiel r\u00e9duite d&#8217;au moins 20 % par rapport \u00e0 une activit\u00e9 \u00e0 temps plein ou exige le recours \u00e0 une tierce personne r\u00e9mun\u00e9r\u00e9e pendant une dur\u00e9e au moins \u00e9quivalente \u00e0 huit heures par semaine et entra\u00eene d&#8217;autres d\u00e9penses \u00e9gales ou sup\u00e9rieures \u00e0 un montant fix\u00e9 par arr\u00eat\u00e9 conjoint des ministres charg\u00e9s de la s\u00e9curit\u00e9 sociale, du budget et de l&#8217;agriculture ; <\/p>\n<\/p>\n<p>c) Entra\u00eene, par sa nature ou sa gravit\u00e9, des d\u00e9penses \u00e9gales ou sup\u00e9rieures \u00e0 un montant fix\u00e9 par arr\u00eat\u00e9 conjoint des ministres charg\u00e9s de la s\u00e9curit\u00e9 sociale, du budget et de l&#8217;agriculture ; <\/p>\n<\/p>\n<p>4\u00b0 Est class\u00e9 dans la 4e cat\u00e9gorie l&#8217;enfant dont le handicap, soit : <\/p>\n<\/p>\n<p>a) Contraint l&#8217;un des parents \u00e0 n&#8217;exercer aucune activit\u00e9 professionnelle ou exige le recours \u00e0 une tierce personne r\u00e9mun\u00e9r\u00e9e \u00e0 temps plein ; <\/p>\n<\/p>\n<p>b) D&#8217;une part, contraint l&#8217;un des parents \u00e0 exercer une activit\u00e9 professionnelle \u00e0 temps partiel r\u00e9duite d&#8217;au moins 50 % par rapport \u00e0 une activit\u00e9 \u00e0 temps plein ou exige le recours \u00e0 une tierce personne r\u00e9mun\u00e9r\u00e9e pendant une dur\u00e9e au moins \u00e9quivalente \u00e0 vingt heures par semaine et, d&#8217;autre part, entra\u00eene des d\u00e9penses \u00e9gales ou sup\u00e9rieures \u00e0 un montant fix\u00e9 par arr\u00eat\u00e9 conjoint des ministres charg\u00e9s de la s\u00e9curit\u00e9 sociale, du budget et de l&#8217;agriculture ; <\/p>\n<\/p>\n<p>c) D&#8217;une part, contraint l&#8217;un des parents \u00e0 exercer une activit\u00e9 professionnelle \u00e0 temps partiel r\u00e9duite d&#8217;au moins 20 % par rapport \u00e0 une activit\u00e9 \u00e0 temps plein ou exige le recours \u00e0 une tierce personne r\u00e9mun\u00e9r\u00e9e pendant une dur\u00e9e au moins \u00e9quivalente \u00e0 huit heures par semaine et, d&#8217;autre part, entra\u00eene des d\u00e9penses \u00e9gales ou sup\u00e9rieures \u00e0 un montant fix\u00e9 par arr\u00eat\u00e9 conjoint des ministres charg\u00e9s de la s\u00e9curit\u00e9 sociale, du budget et de l&#8217;agriculture ; <\/p>\n<\/p>\n<p>d) Entra\u00eene, par sa nature ou sa gravit\u00e9, des d\u00e9penses \u00e9gales ou sup\u00e9rieures \u00e0 un montant fix\u00e9 par arr\u00eat\u00e9 conjoint des ministres charg\u00e9s de la s\u00e9curit\u00e9 sociale, du budget et de l&#8217;agriculture ; <\/p>\n<\/p>\n<p>5\u00b0 Est class\u00e9 dans la 5e cat\u00e9gorie l&#8217;enfant dont le handicap contraint l&#8217;un des parents \u00e0 n&#8217;exercer aucune activit\u00e9 professionnelle ou \u00e0 recourir \u00e0 une tierce personne r\u00e9mun\u00e9r\u00e9e \u00e0 temps plein et entra\u00eene des d\u00e9penses \u00e9gales ou sup\u00e9rieures \u00e0 un montant fix\u00e9 par arr\u00eat\u00e9 conjoint des ministres charg\u00e9s de la s\u00e9curit\u00e9 sociale, du budget et de l&#8217;agriculture ; <\/p>\n<\/p>\n<p>6\u00b0 Est class\u00e9 en 6e cat\u00e9gorie l&#8217;enfant dont le handicap, d&#8217;une part, contraint l&#8217;un des parents \u00e0 n&#8217;exercer aucune activit\u00e9 professionnelle ou exige le recours \u00e0 une tierce personne r\u00e9mun\u00e9r\u00e9e \u00e0 temps plein et, d&#8217;autre part, dont l&#8217;\u00e9tat impose des contraintes permanentes de surveillance et de soins \u00e0 la charge de la famille ; en cas notamment de prise en charge de l&#8217;enfant en externat ou en semi-internat par un \u00e9tablissement d&#8217;\u00e9ducation sp\u00e9ciale, la permanence des contraintes de surveillance et de soins \u00e0 la charge de la famille est d\u00e9finie par arr\u00eat\u00e9, en tenant compte des suj\u00e9tions qui p\u00e8sent sur la famille en dehors des heures pass\u00e9es par l&#8217;enfant en \u00e9tablissement. <\/p>\n<\/p>\n<p>Pour l&#8217;application du pr\u00e9sent article, l&#8217;activit\u00e9 \u00e0 temps plein doit \u00eatre entendue comme l&#8217;activit\u00e9 exerc\u00e9e conform\u00e9ment \u00e0 la dur\u00e9e l\u00e9gale ou \u00e0 la dur\u00e9e \u00e9quivalente du travail.<\/p>\n<\/div>\n<\/div>\n<\/section>\n","protected":false},"excerpt":{"rendered":"<p>Le Tribunal Judiciaire de Marseille, dans son jugement du 21 janvier 2026, rejette la demande de compl\u00e9ment d\u2019allocation d\u2019\u00e9ducation de l\u2019enfant&#8230;<\/p>\n","protected":false},"author":232070755,"featured_media":4826,"comment_status":"open","ping_status":"open","sticky":false,"template":"","format":"standard","meta":{"_crdt_document":"","_jetpack_newsletter_access":"","_jetpack_dont_email_post_to_subs":false,"_jetpack_newsletter_tier_id":0,"_jetpack_memberships_contains_paywalled_content":false,"_kj_source_type":"judilibre","_kj_official_id":"69867e3acdc6046d474a3ccf","_kj_official_url":"https:\/\/www.courdecassation.fr\/decision\/69867e3acdc6046d474a3ccf","_kj_judilibre_id":"69867e3acdc6046d474a3ccf","_kj_jur":"Tribunal judiciaire","_kj_lieu":"Marseille","_kj_chambre":"TECH SEC. SOC: HM","_kj_rg":"25\/01999","_kj_date":"2026-01-21","_jetpack_memberships_contains_paid_content":false,"footnotes":"","jetpack_post_was_ever_published":false},"categories":[6454,6440],"tags":[],"class_list":["post-747255","post","type-post","status-publish","format-standard","has-post-thumbnail","hentry","category-decisions-juridiques","category-tribunal-judiciaire"],"yoast_head":"<!-- This site is optimized with the Yoast SEO Premium plugin v27.5 (Yoast SEO v27.5) - https:\/\/yoast.com\/product\/yoast-seo-premium-wordpress\/ -->\n<title>Tribunal judiciaire de Marseille, le 21 janvier 2026, n\u00b025\/01999 - Ma\u00eetre Hassan Kohen, avocat en droit p\u00e9nal \u00e0 Paris<\/title>\n<meta name=\"description\" content=\"Le Tribunal Judiciaire de Marseille, dans son jugement du 21 janvier 2026, rejette la demande de compl\u00e9ment d\u2019allocation d\u2019\u00e9ducation de l\u2019enfant...\" \/>\n<meta name=\"robots\" content=\"index, follow, max-snippet:-1, max-image-preview:large, max-video-preview:-1\" \/>\n<link rel=\"canonical\" href=\"https:\/\/kohenavocats.com\/en\/tribunal-judiciaire-de-marseille-le-21-janvier-2026-n25-01999\/\" \/>\n<meta property=\"og:locale\" content=\"en_US\" \/>\n<meta property=\"og:type\" content=\"article\" \/>\n<meta property=\"og:title\" content=\"Tribunal judiciaire de Marseille, le 21 janvier 2026, n\u00b025\/01999\" \/>\n<meta property=\"og:description\" content=\"Le Tribunal Judiciaire de Marseille, dans son jugement du 21 janvier 2026, rejette la demande de compl\u00e9ment d\u2019allocation d\u2019\u00e9ducation de l\u2019enfant...\" \/>\n<meta property=\"og:url\" content=\"https:\/\/kohenavocats.com\/en\/tribunal-judiciaire-de-marseille-le-21-janvier-2026-n25-01999\/\" \/>\n<meta property=\"og:site_name\" content=\"Ma\u00eetre Hassan Kohen, avocat en droit p\u00e9nal \u00e0 Paris\" \/>\n<meta property=\"article:published_time\" content=\"2026-04-29T05:43:16+00:00\" \/>\n<meta property=\"og:image\" content=\"https:\/\/kohenavocats.com\/wp-content\/uploads\/2024\/08\/andrew-adams-f6xlGzsRC_o-unsplash.webp\" \/>\n\t<meta property=\"og:image:width\" content=\"5743\" \/>\n\t<meta property=\"og:image:height\" content=\"3828\" \/>\n\t<meta property=\"og:image:type\" content=\"image\/webp\" \/>\n<meta name=\"author\" content=\"Kohen\" \/>\n<meta name=\"twitter:card\" content=\"summary_large_image\" \/>\n<meta name=\"twitter:label1\" content=\"Written by\" \/>\n\t<meta name=\"twitter:data1\" content=\"Kohen\" \/>\n\t<meta name=\"twitter:label2\" content=\"Est. reading time\" \/>\n\t<meta name=\"twitter:data2\" content=\"6 minutes\" \/>\n<script type=\"application\/ld+json\" class=\"yoast-schema-graph\">{\"@context\":\"https:\\\/\\\/schema.org\",\"@graph\":[{\"@type\":\"Article\",\"@id\":\"https:\\\/\\\/kohenavocats.com\\\/en\\\/tribunal-judiciaire-de-marseille-le-21-janvier-2026-n25-01999\\\/#article\",\"isPartOf\":{\"@id\":\"https:\\\/\\\/kohenavocats.com\\\/en\\\/tribunal-judiciaire-de-marseille-le-21-janvier-2026-n25-01999\\\/\"},\"author\":{\"name\":\"Kohen\",\"@id\":\"https:\\\/\\\/kohenavocats.com\\\/en\\\/#\\\/schema\\\/person\\\/761c9ba54fa1ca84d405cef0831ff751\"},\"headline\":\"Tribunal judiciaire de Marseille, le 21 janvier 2026, n\u00b025\\\/01999\",\"datePublished\":\"2026-04-29T05:43:16+00:00\",\"mainEntityOfPage\":{\"@id\":\"https:\\\/\\\/kohenavocats.com\\\/en\\\/tribunal-judiciaire-de-marseille-le-21-janvier-2026-n25-01999\\\/\"},\"wordCount\":1354,\"commentCount\":0,\"publisher\":{\"@id\":\"https:\\\/\\\/kohenavocats.com\\\/en\\\/#organization\"},\"image\":{\"@id\":\"https:\\\/\\\/kohenavocats.com\\\/en\\\/tribunal-judiciaire-de-marseille-le-21-janvier-2026-n25-01999\\\/#primaryimage\"},\"thumbnailUrl\":\"https:\\\/\\\/kohenavocats.com\\\/wp-content\\\/uploads\\\/2024\\\/08\\\/andrew-adams-f6xlGzsRC_o-unsplash.webp\",\"articleSection\":[\"D\u00e9cisions juridiques\",\"Tribunal judiciaire\"],\"inLanguage\":\"en-US\",\"potentialAction\":[{\"@type\":\"CommentAction\",\"name\":\"Comment\",\"target\":[\"https:\\\/\\\/kohenavocats.com\\\/en\\\/tribunal-judiciaire-de-marseille-le-21-janvier-2026-n25-01999\\\/#respond\"]}],\"citation\":\"Tribunal judiciaire de Marseille, le 21 janvier 2026, n\u00b025\\\/01999\",\"about\":[{\"@type\":\"Thing\",\"name\":\"D\u00e9cisions juridiques\"},{\"@type\":\"Thing\",\"name\":\"Tribunal judiciaire\"}],\"dateModified\":\"2026-04-29T05:43:16+00:00\",\"speakable\":{\"@type\":\"SpeakableSpecification\",\"cssSelector\":[\".article-content > p:first-of-type\"]}},{\"@type\":\"WebPage\",\"@id\":\"https:\\\/\\\/kohenavocats.com\\\/en\\\/tribunal-judiciaire-de-marseille-le-21-janvier-2026-n25-01999\\\/\",\"url\":\"https:\\\/\\\/kohenavocats.com\\\/en\\\/tribunal-judiciaire-de-marseille-le-21-janvier-2026-n25-01999\\\/\",\"name\":\"Tribunal judiciaire de Marseille, le 21 janvier 2026, n\u00b025\\\/01999 - Ma\u00eetre Hassan Kohen, avocat en droit p\u00e9nal \u00e0 Paris\",\"isPartOf\":{\"@id\":\"https:\\\/\\\/kohenavocats.com\\\/en\\\/#website\"},\"primaryImageOfPage\":{\"@id\":\"https:\\\/\\\/kohenavocats.com\\\/en\\\/tribunal-judiciaire-de-marseille-le-21-janvier-2026-n25-01999\\\/#primaryimage\"},\"image\":{\"@id\":\"https:\\\/\\\/kohenavocats.com\\\/en\\\/tribunal-judiciaire-de-marseille-le-21-janvier-2026-n25-01999\\\/#primaryimage\"},\"thumbnailUrl\":\"https:\\\/\\\/kohenavocats.com\\\/wp-content\\\/uploads\\\/2024\\\/08\\\/andrew-adams-f6xlGzsRC_o-unsplash.webp\",\"datePublished\":\"2026-04-29T05:43:16+00:00\",\"description\":\"Le Tribunal Judiciaire de Marseille, dans son jugement du 21 janvier 2026, rejette la demande de compl\u00e9ment d\u2019allocation d\u2019\u00e9ducation de l\u2019enfant...\",\"breadcrumb\":{\"@id\":\"https:\\\/\\\/kohenavocats.com\\\/en\\\/tribunal-judiciaire-de-marseille-le-21-janvier-2026-n25-01999\\\/#breadcrumb\"},\"inLanguage\":\"en-US\",\"potentialAction\":[{\"@type\":\"ReadAction\",\"target\":[\"https:\\\/\\\/kohenavocats.com\\\/en\\\/tribunal-judiciaire-de-marseille-le-21-janvier-2026-n25-01999\\\/\"]}]},{\"@type\":\"ImageObject\",\"inLanguage\":\"en-US\",\"@id\":\"https:\\\/\\\/kohenavocats.com\\\/en\\\/tribunal-judiciaire-de-marseille-le-21-janvier-2026-n25-01999\\\/#primaryimage\",\"url\":\"https:\\\/\\\/kohenavocats.com\\\/wp-content\\\/uploads\\\/2024\\\/08\\\/andrew-adams-f6xlGzsRC_o-unsplash.webp\",\"contentUrl\":\"https:\\\/\\\/kohenavocats.com\\\/wp-content\\\/uploads\\\/2024\\\/08\\\/andrew-adams-f6xlGzsRC_o-unsplash.webp\",\"width\":5743,\"height\":3828},{\"@type\":\"BreadcrumbList\",\"@id\":\"https:\\\/\\\/kohenavocats.com\\\/en\\\/tribunal-judiciaire-de-marseille-le-21-janvier-2026-n25-01999\\\/#breadcrumb\",\"itemListElement\":[{\"@type\":\"ListItem\",\"position\":1,\"name\":\"Home\",\"item\":\"https:\\\/\\\/kohenavocats.com\\\/en\\\/criminal-law-attorneys-in-paris-counsel-and-strategic-defense\\\/\"},{\"@type\":\"ListItem\",\"position\":2,\"name\":\"Tribunal judiciaire de Marseille, le 21 janvier 2026, n\u00b025\\\/01999\"}]},{\"@type\":\"WebSite\",\"@id\":\"https:\\\/\\\/kohenavocats.com\\\/en\\\/#website\",\"url\":\"https:\\\/\\\/kohenavocats.com\\\/en\\\/\",\"name\":\"Kohen Avocats\",\"description\":\"Ma\u00eetre Hassan Kohen, avocat p\u00e9naliste \u00e0 Paris, intervient exclusivement en droit p\u00e9nal pour la d\u00e9fense des particuliers, notamment en mati\u00e8re d\u2019accusations de viol. Il assure un accompagnement rigoureux d\u00e8s la garde \u00e0 vue jusqu\u2019\u00e0 la Cour d\u2019assises, veillant au strict respect des garanties proc\u00e9durales.\",\"publisher\":{\"@id\":\"https:\\\/\\\/kohenavocats.com\\\/en\\\/#organization\"},\"potentialAction\":[{\"@type\":\"SearchAction\",\"target\":{\"@type\":\"EntryPoint\",\"urlTemplate\":\"https:\\\/\\\/kohenavocats.com\\\/en\\\/?s={search_term_string}\"},\"query-input\":{\"@type\":\"PropertyValueSpecification\",\"valueRequired\":true,\"valueName\":\"search_term_string\"}}],\"inLanguage\":\"en-US\"},{\"@type\":\"Organization\",\"@id\":\"https:\\\/\\\/kohenavocats.com\\\/en\\\/#organization\",\"name\":\"Kohen Avocats\",\"url\":\"https:\\\/\\\/kohenavocats.com\\\/en\\\/\",\"logo\":{\"@type\":\"ImageObject\",\"inLanguage\":\"en-US\",\"@id\":\"https:\\\/\\\/kohenavocats.com\\\/en\\\/#\\\/schema\\\/logo\\\/image\\\/\",\"url\":\"https:\\\/\\\/kohenavocats.com\\\/wp-content\\\/uploads\\\/2026\\\/01\\\/Logo-2-1.webp\",\"contentUrl\":\"https:\\\/\\\/kohenavocats.com\\\/wp-content\\\/uploads\\\/2026\\\/01\\\/Logo-2-1.webp\",\"width\":2114,\"height\":1253,\"caption\":\"Kohen Avocats\"},\"image\":{\"@id\":\"https:\\\/\\\/kohenavocats.com\\\/en\\\/#\\\/schema\\\/logo\\\/image\\\/\"}},{\"@type\":\"Person\",\"@id\":\"https:\\\/\\\/kohenavocats.com\\\/en\\\/#\\\/schema\\\/person\\\/761c9ba54fa1ca84d405cef0831ff751\",\"name\":\"Kohen\",\"image\":{\"@type\":\"ImageObject\",\"inLanguage\":\"en-US\",\"@id\":\"https:\\\/\\\/secure.gravatar.com\\\/avatar\\\/1c5e76ef76bbbfdd2b4da984e2bf2fa4056fd51a27d25ce2c332047f1dfd6e00?s=96&d=identicon&r=g\",\"url\":\"https:\\\/\\\/secure.gravatar.com\\\/avatar\\\/1c5e76ef76bbbfdd2b4da984e2bf2fa4056fd51a27d25ce2c332047f1dfd6e00?s=96&d=identicon&r=g\",\"contentUrl\":\"https:\\\/\\\/secure.gravatar.com\\\/avatar\\\/1c5e76ef76bbbfdd2b4da984e2bf2fa4056fd51a27d25ce2c332047f1dfd6e00?s=96&d=identicon&r=g\",\"caption\":\"Kohen\"},\"sameAs\":[\"https:\\\/\\\/www.linkedin.com\\\/in\\\/hassan-kohen-448548192\\\/\",\"https:\\\/\\\/www.youtube.com\\\/@Kohen-Avocats\"],\"url\":\"https:\\\/\\\/kohenavocats.com\\\/en\\\/author\\\/kohenmlk\\\/\"}]}<\/script>\n<!-- \/ Yoast SEO Premium plugin. -->","yoast_head_json":{"title":"Tribunal judiciaire de Marseille, le 21 janvier 2026, n\u00b025\/01999 - Ma\u00eetre Hassan Kohen, avocat en droit p\u00e9nal \u00e0 Paris","description":"Le Tribunal Judiciaire de Marseille, dans son jugement du 21 janvier 2026, rejette la demande de compl\u00e9ment d\u2019allocation d\u2019\u00e9ducation de l\u2019enfant...","robots":{"index":"index","follow":"follow","max-snippet":"max-snippet:-1","max-image-preview":"max-image-preview:large","max-video-preview":"max-video-preview:-1"},"canonical":"https:\/\/kohenavocats.com\/en\/tribunal-judiciaire-de-marseille-le-21-janvier-2026-n25-01999\/","og_locale":"en_US","og_type":"article","og_title":"Tribunal judiciaire de Marseille, le 21 janvier 2026, n\u00b025\/01999","og_description":"Le Tribunal Judiciaire de Marseille, dans son jugement du 21 janvier 2026, rejette la demande de compl\u00e9ment d\u2019allocation d\u2019\u00e9ducation de l\u2019enfant...","og_url":"https:\/\/kohenavocats.com\/en\/tribunal-judiciaire-de-marseille-le-21-janvier-2026-n25-01999\/","og_site_name":"Ma\u00eetre Hassan Kohen, avocat en droit p\u00e9nal \u00e0 Paris","article_published_time":"2026-04-29T05:43:16+00:00","og_image":[{"width":5743,"height":3828,"url":"https:\/\/kohenavocats.com\/wp-content\/uploads\/2024\/08\/andrew-adams-f6xlGzsRC_o-unsplash.webp","type":"image\/webp"}],"author":"Kohen","twitter_card":"summary_large_image","twitter_misc":{"Written by":"Kohen","Est. reading time":"6 minutes"},"schema":{"@context":"https:\/\/schema.org","@graph":[{"@type":"Article","@id":"https:\/\/kohenavocats.com\/en\/tribunal-judiciaire-de-marseille-le-21-janvier-2026-n25-01999\/#article","isPartOf":{"@id":"https:\/\/kohenavocats.com\/en\/tribunal-judiciaire-de-marseille-le-21-janvier-2026-n25-01999\/"},"author":{"name":"Kohen","@id":"https:\/\/kohenavocats.com\/en\/#\/schema\/person\/761c9ba54fa1ca84d405cef0831ff751"},"headline":"Tribunal judiciaire de Marseille, le 21 janvier 2026, n\u00b025\/01999","datePublished":"2026-04-29T05:43:16+00:00","mainEntityOfPage":{"@id":"https:\/\/kohenavocats.com\/en\/tribunal-judiciaire-de-marseille-le-21-janvier-2026-n25-01999\/"},"wordCount":1354,"commentCount":0,"publisher":{"@id":"https:\/\/kohenavocats.com\/en\/#organization"},"image":{"@id":"https:\/\/kohenavocats.com\/en\/tribunal-judiciaire-de-marseille-le-21-janvier-2026-n25-01999\/#primaryimage"},"thumbnailUrl":"https:\/\/kohenavocats.com\/wp-content\/uploads\/2024\/08\/andrew-adams-f6xlGzsRC_o-unsplash.webp","articleSection":["D\u00e9cisions juridiques","Tribunal judiciaire"],"inLanguage":"en-US","potentialAction":[{"@type":"CommentAction","name":"Comment","target":["https:\/\/kohenavocats.com\/en\/tribunal-judiciaire-de-marseille-le-21-janvier-2026-n25-01999\/#respond"]}],"citation":"Tribunal judiciaire de Marseille, le 21 janvier 2026, n\u00b025\/01999","about":[{"@type":"Thing","name":"D\u00e9cisions juridiques"},{"@type":"Thing","name":"Tribunal judiciaire"}],"dateModified":"2026-04-29T05:43:16+00:00","speakable":{"@type":"SpeakableSpecification","cssSelector":[".article-content > p:first-of-type"]}},{"@type":"WebPage","@id":"https:\/\/kohenavocats.com\/en\/tribunal-judiciaire-de-marseille-le-21-janvier-2026-n25-01999\/","url":"https:\/\/kohenavocats.com\/en\/tribunal-judiciaire-de-marseille-le-21-janvier-2026-n25-01999\/","name":"Tribunal judiciaire de Marseille, le 21 janvier 2026, n\u00b025\/01999 - Ma\u00eetre Hassan Kohen, avocat en droit p\u00e9nal \u00e0 Paris","isPartOf":{"@id":"https:\/\/kohenavocats.com\/en\/#website"},"primaryImageOfPage":{"@id":"https:\/\/kohenavocats.com\/en\/tribunal-judiciaire-de-marseille-le-21-janvier-2026-n25-01999\/#primaryimage"},"image":{"@id":"https:\/\/kohenavocats.com\/en\/tribunal-judiciaire-de-marseille-le-21-janvier-2026-n25-01999\/#primaryimage"},"thumbnailUrl":"https:\/\/kohenavocats.com\/wp-content\/uploads\/2024\/08\/andrew-adams-f6xlGzsRC_o-unsplash.webp","datePublished":"2026-04-29T05:43:16+00:00","description":"Le Tribunal Judiciaire de Marseille, dans son jugement du 21 janvier 2026, rejette la demande de compl\u00e9ment d\u2019allocation d\u2019\u00e9ducation de l\u2019enfant...","breadcrumb":{"@id":"https:\/\/kohenavocats.com\/en\/tribunal-judiciaire-de-marseille-le-21-janvier-2026-n25-01999\/#breadcrumb"},"inLanguage":"en-US","potentialAction":[{"@type":"ReadAction","target":["https:\/\/kohenavocats.com\/en\/tribunal-judiciaire-de-marseille-le-21-janvier-2026-n25-01999\/"]}]},{"@type":"ImageObject","inLanguage":"en-US","@id":"https:\/\/kohenavocats.com\/en\/tribunal-judiciaire-de-marseille-le-21-janvier-2026-n25-01999\/#primaryimage","url":"https:\/\/kohenavocats.com\/wp-content\/uploads\/2024\/08\/andrew-adams-f6xlGzsRC_o-unsplash.webp","contentUrl":"https:\/\/kohenavocats.com\/wp-content\/uploads\/2024\/08\/andrew-adams-f6xlGzsRC_o-unsplash.webp","width":5743,"height":3828},{"@type":"BreadcrumbList","@id":"https:\/\/kohenavocats.com\/en\/tribunal-judiciaire-de-marseille-le-21-janvier-2026-n25-01999\/#breadcrumb","itemListElement":[{"@type":"ListItem","position":1,"name":"Home","item":"https:\/\/kohenavocats.com\/en\/criminal-law-attorneys-in-paris-counsel-and-strategic-defense\/"},{"@type":"ListItem","position":2,"name":"Tribunal judiciaire de Marseille, le 21 janvier 2026, n\u00b025\/01999"}]},{"@type":"WebSite","@id":"https:\/\/kohenavocats.com\/en\/#website","url":"https:\/\/kohenavocats.com\/en\/","name":"Kohen Avocats","description":"Ma\u00eetre Hassan Kohen, avocat p\u00e9naliste \u00e0 Paris, intervient exclusivement en droit p\u00e9nal pour la d\u00e9fense des particuliers, notamment en mati\u00e8re d\u2019accusations de viol. Il assure un accompagnement rigoureux d\u00e8s la garde \u00e0 vue jusqu\u2019\u00e0 la Cour d\u2019assises, veillant au strict respect des garanties proc\u00e9durales.","publisher":{"@id":"https:\/\/kohenavocats.com\/en\/#organization"},"potentialAction":[{"@type":"SearchAction","target":{"@type":"EntryPoint","urlTemplate":"https:\/\/kohenavocats.com\/en\/?s={search_term_string}"},"query-input":{"@type":"PropertyValueSpecification","valueRequired":true,"valueName":"search_term_string"}}],"inLanguage":"en-US"},{"@type":"Organization","@id":"https:\/\/kohenavocats.com\/en\/#organization","name":"Kohen Avocats","url":"https:\/\/kohenavocats.com\/en\/","logo":{"@type":"ImageObject","inLanguage":"en-US","@id":"https:\/\/kohenavocats.com\/en\/#\/schema\/logo\/image\/","url":"https:\/\/kohenavocats.com\/wp-content\/uploads\/2026\/01\/Logo-2-1.webp","contentUrl":"https:\/\/kohenavocats.com\/wp-content\/uploads\/2026\/01\/Logo-2-1.webp","width":2114,"height":1253,"caption":"Kohen Avocats"},"image":{"@id":"https:\/\/kohenavocats.com\/en\/#\/schema\/logo\/image\/"}},{"@type":"Person","@id":"https:\/\/kohenavocats.com\/en\/#\/schema\/person\/761c9ba54fa1ca84d405cef0831ff751","name":"Kohen","image":{"@type":"ImageObject","inLanguage":"en-US","@id":"https:\/\/secure.gravatar.com\/avatar\/1c5e76ef76bbbfdd2b4da984e2bf2fa4056fd51a27d25ce2c332047f1dfd6e00?s=96&d=identicon&r=g","url":"https:\/\/secure.gravatar.com\/avatar\/1c5e76ef76bbbfdd2b4da984e2bf2fa4056fd51a27d25ce2c332047f1dfd6e00?s=96&d=identicon&r=g","contentUrl":"https:\/\/secure.gravatar.com\/avatar\/1c5e76ef76bbbfdd2b4da984e2bf2fa4056fd51a27d25ce2c332047f1dfd6e00?s=96&d=identicon&r=g","caption":"Kohen"},"sameAs":["https:\/\/www.linkedin.com\/in\/hassan-kohen-448548192\/","https:\/\/www.youtube.com\/@Kohen-Avocats"],"url":"https:\/\/kohenavocats.com\/en\/author\/kohenmlk\/"}]}},"jetpack_featured_media_url":"https:\/\/kohenavocats.com\/wp-content\/uploads\/2024\/08\/andrew-adams-f6xlGzsRC_o-unsplash.webp","jetpack_likes_enabled":false,"jetpack_shortlink":"https:\/\/wp.me\/peCrII-38ov","jetpack-related-posts":[{"id":494550,"url":"https:\/\/kohenavocats.com\/en\/tribunal-judiciaire-de-marseille-le-28-octobre-2025-n24-03697\/","url_meta":{"origin":747255,"position":0},"title":"Tribunal judiciaire de Marseille, le 28 octobre 2025, n\u00b024\/03697","author":"Kohen","date":"8 April 2026","format":false,"excerpt":"Le p\u00f4le social du tribunal judiciaire de Marseille, par jugement du 28 octobre 2025, rejette une demande d\u2019allocation aux adultes handicap\u00e9s. La...","rel":"","context":"In &quot;D\u00e9cisions juridiques&quot;","block_context":{"text":"D\u00e9cisions juridiques","link":"https:\/\/kohenavocats.com\/category\/decisions-juridiques\/"},"img":{"alt_text":"","src":"https:\/\/i0.wp.com\/kohenavocats.com\/wp-content\/uploads\/2024\/11\/getty-images-HWIZ10Iyb84-unsplash.webp?resize=350%2C200&ssl=1","width":350,"height":200,"srcset":"https:\/\/i0.wp.com\/kohenavocats.com\/wp-content\/uploads\/2024\/11\/getty-images-HWIZ10Iyb84-unsplash.webp?resize=350%2C200&ssl=1 1x, https:\/\/i0.wp.com\/kohenavocats.com\/wp-content\/uploads\/2024\/11\/getty-images-HWIZ10Iyb84-unsplash.webp?resize=525%2C300&ssl=1 1.5x, https:\/\/i0.wp.com\/kohenavocats.com\/wp-content\/uploads\/2024\/11\/getty-images-HWIZ10Iyb84-unsplash.webp?resize=700%2C400&ssl=1 2x, https:\/\/i0.wp.com\/kohenavocats.com\/wp-content\/uploads\/2024\/11\/getty-images-HWIZ10Iyb84-unsplash.webp?resize=1050%2C600&ssl=1 3x, https:\/\/i0.wp.com\/kohenavocats.com\/wp-content\/uploads\/2024\/11\/getty-images-HWIZ10Iyb84-unsplash.webp?resize=1400%2C800&ssl=1 4x"},"classes":[]},{"id":491081,"url":"https:\/\/kohenavocats.com\/en\/tribunal-judiciaire-de-marseille-le-18-novembre-2025-n24-02890\/","url_meta":{"origin":747255,"position":1},"title":"Tribunal judiciaire de Marseille, le 18 novembre 2025, n\u00b024\/02890","author":"Kohen","date":"8 April 2026","format":false,"excerpt":"Le p\u00f4le social du tribunal judiciaire de Marseille, par jugement du 18 novembre 2025, statue sur un recours concernant l'attribution de l'allocation aux...","rel":"","context":"In &quot;D\u00e9cisions juridiques&quot;","block_context":{"text":"D\u00e9cisions juridiques","link":"https:\/\/kohenavocats.com\/category\/decisions-juridiques\/"},"img":{"alt_text":"","src":"https:\/\/i0.wp.com\/kohenavocats.com\/wp-content\/uploads\/2024\/08\/venus-major-dRu-1z24xCw-unsplash.webp?resize=350%2C200&ssl=1","width":350,"height":200,"srcset":"https:\/\/i0.wp.com\/kohenavocats.com\/wp-content\/uploads\/2024\/08\/venus-major-dRu-1z24xCw-unsplash.webp?resize=350%2C200&ssl=1 1x, https:\/\/i0.wp.com\/kohenavocats.com\/wp-content\/uploads\/2024\/08\/venus-major-dRu-1z24xCw-unsplash.webp?resize=525%2C300&ssl=1 1.5x, https:\/\/i0.wp.com\/kohenavocats.com\/wp-content\/uploads\/2024\/08\/venus-major-dRu-1z24xCw-unsplash.webp?resize=700%2C400&ssl=1 2x, https:\/\/i0.wp.com\/kohenavocats.com\/wp-content\/uploads\/2024\/08\/venus-major-dRu-1z24xCw-unsplash.webp?resize=1050%2C600&ssl=1 3x, https:\/\/i0.wp.com\/kohenavocats.com\/wp-content\/uploads\/2024\/08\/venus-major-dRu-1z24xCw-unsplash.webp?resize=1400%2C800&ssl=1 4x"},"classes":[]},{"id":494819,"url":"https:\/\/kohenavocats.com\/en\/tribunal-judiciaire-de-marseille-le-23-octobre-2025-n24-04325\/","url_meta":{"origin":747255,"position":2},"title":"Tribunal judiciaire de Marseille, le 23 octobre 2025, n\u00b024\/04325","author":"Kohen","date":"8 April 2026","format":false,"excerpt":"Le p\u00f4le social du tribunal judiciaire de Marseille, statuant en premier ressort le 7 f\u00e9vrier 2025, a examin\u00e9 une demande de renouvellement de l\u2019allocation...","rel":"","context":"In &quot;D\u00e9cisions juridiques&quot;","block_context":{"text":"D\u00e9cisions juridiques","link":"https:\/\/kohenavocats.com\/category\/decisions-juridiques\/"},"img":{"alt_text":"","src":"https:\/\/i0.wp.com\/kohenavocats.com\/wp-content\/uploads\/2024\/08\/chris-karidis-QSRSgWlAFCQ-unsplash.webp?resize=350%2C200&ssl=1","width":350,"height":200,"srcset":"https:\/\/i0.wp.com\/kohenavocats.com\/wp-content\/uploads\/2024\/08\/chris-karidis-QSRSgWlAFCQ-unsplash.webp?resize=350%2C200&ssl=1 1x, https:\/\/i0.wp.com\/kohenavocats.com\/wp-content\/uploads\/2024\/08\/chris-karidis-QSRSgWlAFCQ-unsplash.webp?resize=525%2C300&ssl=1 1.5x, https:\/\/i0.wp.com\/kohenavocats.com\/wp-content\/uploads\/2024\/08\/chris-karidis-QSRSgWlAFCQ-unsplash.webp?resize=700%2C400&ssl=1 2x, https:\/\/i0.wp.com\/kohenavocats.com\/wp-content\/uploads\/2024\/08\/chris-karidis-QSRSgWlAFCQ-unsplash.webp?resize=1050%2C600&ssl=1 3x, https:\/\/i0.wp.com\/kohenavocats.com\/wp-content\/uploads\/2024\/08\/chris-karidis-QSRSgWlAFCQ-unsplash.webp?resize=1400%2C800&ssl=1 4x"},"classes":[]},{"id":491097,"url":"https:\/\/kohenavocats.com\/en\/tribunal-judiciaire-de-marseille-le-18-novembre-2025-n24-03393\/","url_meta":{"origin":747255,"position":3},"title":"Tribunal judiciaire de Marseille, le 18 novembre 2025, n\u00b024\/03393","author":"Kohen","date":"8 April 2026","format":false,"excerpt":"Le p\u00f4le social du tribunal judiciaire de Marseille, statuant par jugement le 18 novembre 2025, rejette une demande d'allocation aux adultes handicap\u00e9s. La...","rel":"","context":"In &quot;D\u00e9cisions juridiques&quot;","block_context":{"text":"D\u00e9cisions juridiques","link":"https:\/\/kohenavocats.com\/category\/decisions-juridiques\/"},"img":{"alt_text":"","src":"https:\/\/i0.wp.com\/kohenavocats.com\/wp-content\/uploads\/2024\/07\/alex-block-PdDBTrkGYLo-unsplash-1-1.webp?resize=350%2C200&ssl=1","width":350,"height":200,"srcset":"https:\/\/i0.wp.com\/kohenavocats.com\/wp-content\/uploads\/2024\/07\/alex-block-PdDBTrkGYLo-unsplash-1-1.webp?resize=350%2C200&ssl=1 1x, https:\/\/i0.wp.com\/kohenavocats.com\/wp-content\/uploads\/2024\/07\/alex-block-PdDBTrkGYLo-unsplash-1-1.webp?resize=525%2C300&ssl=1 1.5x, https:\/\/i0.wp.com\/kohenavocats.com\/wp-content\/uploads\/2024\/07\/alex-block-PdDBTrkGYLo-unsplash-1-1.webp?resize=700%2C400&ssl=1 2x, https:\/\/i0.wp.com\/kohenavocats.com\/wp-content\/uploads\/2024\/07\/alex-block-PdDBTrkGYLo-unsplash-1-1.webp?resize=1050%2C600&ssl=1 3x, https:\/\/i0.wp.com\/kohenavocats.com\/wp-content\/uploads\/2024\/07\/alex-block-PdDBTrkGYLo-unsplash-1-1.webp?resize=1400%2C800&ssl=1 4x"},"classes":[]},{"id":496390,"url":"https:\/\/kohenavocats.com\/en\/tribunal-judiciaire-de-marseille-le-1-decembre-2025-n24-03745\/","url_meta":{"origin":747255,"position":4},"title":"Tribunal judiciaire de Marseille, le 1 d\u00e9cembre 2025, n\u00b024\/03745","author":"Kohen","date":"8 April 2026","format":false,"excerpt":"Le p\u00f4le social du tribunal judiciaire de Marseille, par jugement du 3 avril 2025, statue sur une demande de prestation de compensation du handicap. La...","rel":"","context":"In &quot;D\u00e9cisions juridiques&quot;","block_context":{"text":"D\u00e9cisions juridiques","link":"https:\/\/kohenavocats.com\/category\/decisions-juridiques\/"},"img":{"alt_text":"","src":"https:\/\/i0.wp.com\/kohenavocats.com\/wp-content\/uploads\/2024\/11\/resource-database-X0ndGue1HFY-unsplash.webp?resize=350%2C200&ssl=1","width":350,"height":200,"srcset":"https:\/\/i0.wp.com\/kohenavocats.com\/wp-content\/uploads\/2024\/11\/resource-database-X0ndGue1HFY-unsplash.webp?resize=350%2C200&ssl=1 1x, https:\/\/i0.wp.com\/kohenavocats.com\/wp-content\/uploads\/2024\/11\/resource-database-X0ndGue1HFY-unsplash.webp?resize=525%2C300&ssl=1 1.5x, https:\/\/i0.wp.com\/kohenavocats.com\/wp-content\/uploads\/2024\/11\/resource-database-X0ndGue1HFY-unsplash.webp?resize=700%2C400&ssl=1 2x, https:\/\/i0.wp.com\/kohenavocats.com\/wp-content\/uploads\/2024\/11\/resource-database-X0ndGue1HFY-unsplash.webp?resize=1050%2C600&ssl=1 3x, https:\/\/i0.wp.com\/kohenavocats.com\/wp-content\/uploads\/2024\/11\/resource-database-X0ndGue1HFY-unsplash.webp?resize=1400%2C800&ssl=1 4x"},"classes":[]},{"id":489808,"url":"https:\/\/kohenavocats.com\/en\/tribunal-judiciaire-de-marseille-le-20-novembre-2025-n24-04433\/","url_meta":{"origin":747255,"position":5},"title":"Tribunal judiciaire de Marseille, le 20 novembre 2025, n\u00b024\/04433","author":"Kohen","date":"8 April 2026","format":false,"excerpt":"Le tribunal du contentieux de l'incapacit\u00e9, statuant en premier ressort, rejette une demande d'allocation aux adultes handicap\u00e9s. Le requ\u00e9rant, pr\u00e9sentant...","rel":"","context":"In &quot;D\u00e9cisions juridiques&quot;","block_context":{"text":"D\u00e9cisions juridiques","link":"https:\/\/kohenavocats.com\/category\/decisions-juridiques\/"},"img":{"alt_text":"","src":"https:\/\/i0.wp.com\/kohenavocats.com\/wp-content\/uploads\/2024\/11\/getty-images-UdHwfvSivWU-unsplash.webp?resize=350%2C200&ssl=1","width":350,"height":200,"srcset":"https:\/\/i0.wp.com\/kohenavocats.com\/wp-content\/uploads\/2024\/11\/getty-images-UdHwfvSivWU-unsplash.webp?resize=350%2C200&ssl=1 1x, https:\/\/i0.wp.com\/kohenavocats.com\/wp-content\/uploads\/2024\/11\/getty-images-UdHwfvSivWU-unsplash.webp?resize=525%2C300&ssl=1 1.5x, https:\/\/i0.wp.com\/kohenavocats.com\/wp-content\/uploads\/2024\/11\/getty-images-UdHwfvSivWU-unsplash.webp?resize=700%2C400&ssl=1 2x, https:\/\/i0.wp.com\/kohenavocats.com\/wp-content\/uploads\/2024\/11\/getty-images-UdHwfvSivWU-unsplash.webp?resize=1050%2C600&ssl=1 3x, https:\/\/i0.wp.com\/kohenavocats.com\/wp-content\/uploads\/2024\/11\/getty-images-UdHwfvSivWU-unsplash.webp?resize=1400%2C800&ssl=1 4x"},"classes":[]}],"jetpack_sharing_enabled":true,"_links":{"self":[{"href":"https:\/\/kohenavocats.com\/en\/wp-json\/wp\/v2\/posts\/747255","targetHints":{"allow":["GET"]}}],"collection":[{"href":"https:\/\/kohenavocats.com\/en\/wp-json\/wp\/v2\/posts"}],"about":[{"href":"https:\/\/kohenavocats.com\/en\/wp-json\/wp\/v2\/types\/post"}],"author":[{"embeddable":true,"href":"https:\/\/kohenavocats.com\/en\/wp-json\/wp\/v2\/users\/232070755"}],"replies":[{"embeddable":true,"href":"https:\/\/kohenavocats.com\/en\/wp-json\/wp\/v2\/comments?post=747255"}],"version-history":[{"count":0,"href":"https:\/\/kohenavocats.com\/en\/wp-json\/wp\/v2\/posts\/747255\/revisions"}],"wp:featuredmedia":[{"embeddable":true,"href":"https:\/\/kohenavocats.com\/en\/wp-json\/wp\/v2\/media\/4826"}],"wp:attachment":[{"href":"https:\/\/kohenavocats.com\/en\/wp-json\/wp\/v2\/media?parent=747255"}],"wp:term":[{"taxonomy":"category","embeddable":true,"href":"https:\/\/kohenavocats.com\/en\/wp-json\/wp\/v2\/categories?post=747255"},{"taxonomy":"post_tag","embeddable":true,"href":"https:\/\/kohenavocats.com\/en\/wp-json\/wp\/v2\/tags?post=747255"}],"curies":[{"name":"wp","href":"https:\/\/api.w.org\/{rel}","templated":true}]}}