{"id":761108,"date":"2026-04-29T19:59:34","date_gmt":"2026-04-29T17:59:34","guid":{"rendered":"https:\/\/kohenavocats.com\/cour-dappel-de-aix-en-provence-le-14-janvier-2026-n25-10915\/"},"modified":"2026-04-29T19:59:34","modified_gmt":"2026-04-29T17:59:34","slug":"cour-dappel-de-aix-en-provence-le-14-janvier-2026-n25-10915","status":"publish","type":"post","link":"https:\/\/kohenavocats.com\/en\/cour-dappel-de-aix-en-provence-le-14-janvier-2026-n25-10915\/","title":{"rendered":"Cour d&#8217;appel de Aix-en-Provence, le 14 janvier 2026, n\u00b025\/10915"},"content":{"rendered":"<div class=\"article-content\">\n<p>La cour d&#8217;appel d&#8217;Aix-en-Provence, dans son arr\u00eat du 14 janvier 2026, statue sur une requ\u00eate en omission de statuer apr\u00e8s un pr\u00e9c\u00e9dent arr\u00eat du 11 juin 2025. Un emprunteur, gardien de la paix, avait souscrit deux pr\u00eats immobiliers pour un investissement locatif, puis assign\u00e9 la banque en paiement. Le tribunal judiciaire avait prononc\u00e9 la d\u00e9ch\u00e9ance du droit aux int\u00e9r\u00eats et allou\u00e9 des dommages-int\u00e9r\u00eats \u00e0 l&#8217;emprunteur pour manquement au devoir de mise en garde. La question de droit portait sur la validit\u00e9 de la d\u00e9ch\u00e9ance des int\u00e9r\u00eats et la prescription de l&#8217;action en responsabilit\u00e9 de l&#8217;emprunteur. La cour r\u00e9forme le jugement sur la d\u00e9ch\u00e9ance, mais confirme la responsabilit\u00e9 de la banque et fixe l&#8217;indemnisation.<\/p>\n<p>I. L&#8217;absence de fondement l\u00e9gal pour la d\u00e9ch\u00e9ance du droit aux int\u00e9r\u00eats<\/p>\n<p>La cour rappelle que la d\u00e9ch\u00e9ance du droit aux int\u00e9r\u00eats est une sanction pr\u00e9vue par des textes sp\u00e9cifiques du code de la consommation. Elle ne peut \u00eatre prononc\u00e9e qu&#8217;en cas de violation des obligations imp\u00e9ratives li\u00e9es \u00e0 la formation du contrat, comme le stipule l&#8217;article L 312-33 ancien.<br \/>\nEn l&#8217;esp\u00e8ce, l&#8217;emprunteur n&#8217;invoque aucun manquement aux articles L 312-7, L 312-8 ou L 312-14, mais seulement un d\u00e9faut de remise de notice d&#8217;assurance. La cour pr\u00e9cise que cette obligation, pr\u00e9vue \u00e0 l&#8217;article L 312-9, &#8220;n&#8217;avait pas vocation \u00e0 s&#8217;appliquer puisqu&#8217;il avait fait le choix d&#8217;adh\u00e9rer \u00e0 une assurance externe&#8221; (Discussion, Sur la demande principale en paiement).<br \/>\nLa valeur de cette solution est de rappeler le caract\u00e8re exceptionnel de la d\u00e9ch\u00e9ance du droit aux int\u00e9r\u00eats, qui ne saurait sanctionner un manquement g\u00e9n\u00e9ral au devoir de mise en garde. Sa port\u00e9e est de r\u00e9affirmer que le juge ne peut prononcer cette sanction sans un texte pr\u00e9cis, limitant ainsi son pouvoir cr\u00e9ateur.<\/p>\n<p>II. La recevabilit\u00e9 et le bien-fond\u00e9 de l&#8217;action en responsabilit\u00e9<\/p>\n<p>La cour \u00e9carte la fin de non-recevoir tir\u00e9e de la prescription en fixant le point de d\u00e9part au premier incident de paiement. Elle consid\u00e8re que la saisine du tribunal pour obtenir une suspension des \u00e9ch\u00e9ances constitue &#8220;un \u00e9v\u00e9nement caract\u00e9risant la prise de conscience du dommage&#8221; (Discussion, Sur la demande reconventionnelle, Sur la recevabilit\u00e9).<br \/>\nLe d\u00e9lai de cinq ans, expirant le 31 mai 2020, a \u00e9t\u00e9 prorog\u00e9 jusqu&#8217;au 23 ao\u00fbt 2020 par l&#8217;ordonnance du 25 mars 2020, rendant l&#8217;action du 22 juillet 2020 recevable. Sur le fond, la cour retient que l&#8217;emprunteur \u00e9tait un &#8220;emprunteur profane&#8221; et que son taux d&#8217;endettement de 46% imposait un devoir de mise en garde, que la banque n&#8217;a pas rempli.<br \/>\nLa valeur de cette d\u00e9cision r\u00e9side dans la protection de l&#8217;emprunteur non averti, en lui accordant une indemnisation pour perte de chance. Sa port\u00e9e est de pr\u00e9ciser que la prescription de l&#8217;action en responsabilit\u00e9 court \u00e0 compter de la manifestation du dommage, et non de la souscription du pr\u00eat.<\/p>\n<\/div>\n","protected":false},"excerpt":{"rendered":"<p>La cour d&#8217;appel d&#8217;Aix-en-Provence, dans son arr\u00eat du 14 janvier 2026, statue sur une requ\u00eate en omission de statuer apr\u00e8s un pr\u00e9c\u00e9dent arr\u00eat du 11 juin 2025&#8230;.<\/p>\n","protected":false},"author":232070755,"featured_media":4879,"comment_status":"open","ping_status":"open","sticky":false,"template":"","format":"standard","meta":{"_crdt_document":"","_jetpack_newsletter_access":"","_jetpack_dont_email_post_to_subs":false,"_jetpack_newsletter_tier_id":0,"_jetpack_memberships_contains_paywalled_content":false,"_kj_source_type":"judilibre","_kj_official_id":"696923b8cdc6046d476c6c8b","_kj_official_url":"https:\/\/www.courdecassation.fr\/decision\/696923b8cdc6046d476c6c8b","_kj_judilibre_id":"696923b8cdc6046d476c6c8b","_kj_jur":"Cour d'appel","_kj_lieu":"Cour d'appel d'Aix-en-Provence","_kj_chambre":"Chambre 1-8","_kj_rg":"25\/10915","_kj_date":"2026-01-14","_jetpack_memberships_contains_paid_content":false,"footnotes":"","jetpack_post_was_ever_published":false},"categories":[7597],"tags":[],"class_list":["post-761108","post","type-post","status-publish","format-standard","has-post-thumbnail","hentry","category-jurisprudence"],"yoast_head":"<!-- This site is optimized with the Yoast SEO Premium plugin v27.5 (Yoast SEO v27.5) - https:\/\/yoast.com\/product\/yoast-seo-premium-wordpress\/ -->\n<title>Cour d&#039;appel de Aix-en-Provence, le 14 janvier 2026, n\u00b025\/10915 - Ma\u00eetre Hassan Kohen, avocat en droit p\u00e9nal \u00e0 Paris<\/title>\n<meta name=\"description\" content=\"La cour d&#039;appel d&#039;Aix-en-Provence, dans son arr\u00eat du 14 janvier 2026, statue sur une requ\u00eate en omission de statuer apr\u00e8s un pr\u00e9c\u00e9dent arr\u00eat du 11 juin 2025....\" \/>\n<meta name=\"robots\" content=\"index, follow, max-snippet:-1, max-image-preview:large, max-video-preview:-1\" \/>\n<link rel=\"canonical\" href=\"https:\/\/kohenavocats.com\/en\/cour-dappel-de-aix-en-provence-le-14-janvier-2026-n25-10915\/\" \/>\n<meta property=\"og:locale\" content=\"en_US\" \/>\n<meta property=\"og:type\" content=\"article\" \/>\n<meta property=\"og:title\" content=\"Cour d&#039;appel de Aix-en-Provence, le 14 janvier 2026, n\u00b025\/10915\" \/>\n<meta property=\"og:description\" content=\"La cour d&#039;appel d&#039;Aix-en-Provence, dans son arr\u00eat du 14 janvier 2026, statue sur une requ\u00eate en omission de statuer apr\u00e8s un pr\u00e9c\u00e9dent arr\u00eat du 11 juin 2025....\" \/>\n<meta property=\"og:url\" content=\"https:\/\/kohenavocats.com\/en\/cour-dappel-de-aix-en-provence-le-14-janvier-2026-n25-10915\/\" \/>\n<meta property=\"og:site_name\" content=\"Ma\u00eetre Hassan Kohen, avocat en droit p\u00e9nal \u00e0 Paris\" \/>\n<meta property=\"article:published_time\" content=\"2026-04-29T17:59:34+00:00\" \/>\n<meta property=\"og:image\" content=\"https:\/\/kohenavocats.com\/wp-content\/uploads\/2024\/08\/tomas-williams-0i38SCsSxJc-unsplash.webp\" \/>\n\t<meta property=\"og:image:width\" content=\"6000\" \/>\n\t<meta property=\"og:image:height\" content=\"4000\" \/>\n\t<meta property=\"og:image:type\" content=\"image\/webp\" \/>\n<meta name=\"author\" content=\"Kohen\" \/>\n<meta name=\"twitter:card\" content=\"summary_large_image\" \/>\n<meta name=\"twitter:label1\" content=\"Written by\" \/>\n\t<meta name=\"twitter:data1\" content=\"Kohen\" \/>\n\t<meta name=\"twitter:label2\" content=\"Est. reading time\" \/>\n\t<meta name=\"twitter:data2\" content=\"3 minutes\" \/>\n<script type=\"application\/ld+json\" class=\"yoast-schema-graph\">{\"@context\":\"https:\\\/\\\/schema.org\",\"@graph\":[{\"@type\":\"Article\",\"@id\":\"https:\\\/\\\/kohenavocats.com\\\/en\\\/cour-dappel-de-aix-en-provence-le-14-janvier-2026-n25-10915\\\/#article\",\"isPartOf\":{\"@id\":\"https:\\\/\\\/kohenavocats.com\\\/en\\\/cour-dappel-de-aix-en-provence-le-14-janvier-2026-n25-10915\\\/\"},\"author\":{\"name\":\"Kohen\",\"@id\":\"https:\\\/\\\/kohenavocats.com\\\/en\\\/#\\\/schema\\\/person\\\/761c9ba54fa1ca84d405cef0831ff751\"},\"headline\":\"Cour d&#8217;appel de Aix-en-Provence, le 14 janvier 2026, n\u00b025\\\/10915\",\"datePublished\":\"2026-04-29T17:59:34+00:00\",\"mainEntityOfPage\":{\"@id\":\"https:\\\/\\\/kohenavocats.com\\\/en\\\/cour-dappel-de-aix-en-provence-le-14-janvier-2026-n25-10915\\\/\"},\"wordCount\":536,\"commentCount\":0,\"publisher\":{\"@id\":\"https:\\\/\\\/kohenavocats.com\\\/en\\\/#organization\"},\"image\":{\"@id\":\"https:\\\/\\\/kohenavocats.com\\\/en\\\/cour-dappel-de-aix-en-provence-le-14-janvier-2026-n25-10915\\\/#primaryimage\"},\"thumbnailUrl\":\"https:\\\/\\\/kohenavocats.com\\\/wp-content\\\/uploads\\\/2024\\\/08\\\/tomas-williams-0i38SCsSxJc-unsplash.webp\",\"articleSection\":[\"Jurisprudence\"],\"inLanguage\":\"en-US\",\"potentialAction\":[{\"@type\":\"CommentAction\",\"name\":\"Comment\",\"target\":[\"https:\\\/\\\/kohenavocats.com\\\/en\\\/cour-dappel-de-aix-en-provence-le-14-janvier-2026-n25-10915\\\/#respond\"]}],\"citation\":\"Cour d&#8217;appel de Aix-en-Provence, le 14 janvier 2026, n\u00b025\\\/10915\",\"about\":[{\"@type\":\"Thing\",\"name\":\"Jurisprudence\"}],\"dateModified\":\"2026-04-29T17:59:34+00:00\",\"speakable\":{\"@type\":\"SpeakableSpecification\",\"cssSelector\":[\".article-content > p:first-of-type\"]}},{\"@type\":\"WebPage\",\"@id\":\"https:\\\/\\\/kohenavocats.com\\\/en\\\/cour-dappel-de-aix-en-provence-le-14-janvier-2026-n25-10915\\\/\",\"url\":\"https:\\\/\\\/kohenavocats.com\\\/en\\\/cour-dappel-de-aix-en-provence-le-14-janvier-2026-n25-10915\\\/\",\"name\":\"Cour d'appel de Aix-en-Provence, le 14 janvier 2026, n\u00b025\\\/10915 - Ma\u00eetre Hassan Kohen, avocat en droit p\u00e9nal \u00e0 Paris\",\"isPartOf\":{\"@id\":\"https:\\\/\\\/kohenavocats.com\\\/en\\\/#website\"},\"primaryImageOfPage\":{\"@id\":\"https:\\\/\\\/kohenavocats.com\\\/en\\\/cour-dappel-de-aix-en-provence-le-14-janvier-2026-n25-10915\\\/#primaryimage\"},\"image\":{\"@id\":\"https:\\\/\\\/kohenavocats.com\\\/en\\\/cour-dappel-de-aix-en-provence-le-14-janvier-2026-n25-10915\\\/#primaryimage\"},\"thumbnailUrl\":\"https:\\\/\\\/kohenavocats.com\\\/wp-content\\\/uploads\\\/2024\\\/08\\\/tomas-williams-0i38SCsSxJc-unsplash.webp\",\"datePublished\":\"2026-04-29T17:59:34+00:00\",\"description\":\"La cour d'appel d'Aix-en-Provence, dans son arr\u00eat du 14 janvier 2026, statue sur une requ\u00eate en omission de statuer apr\u00e8s un pr\u00e9c\u00e9dent arr\u00eat du 11 juin 2025....\",\"breadcrumb\":{\"@id\":\"https:\\\/\\\/kohenavocats.com\\\/en\\\/cour-dappel-de-aix-en-provence-le-14-janvier-2026-n25-10915\\\/#breadcrumb\"},\"inLanguage\":\"en-US\",\"potentialAction\":[{\"@type\":\"ReadAction\",\"target\":[\"https:\\\/\\\/kohenavocats.com\\\/en\\\/cour-dappel-de-aix-en-provence-le-14-janvier-2026-n25-10915\\\/\"]}]},{\"@type\":\"ImageObject\",\"inLanguage\":\"en-US\",\"@id\":\"https:\\\/\\\/kohenavocats.com\\\/en\\\/cour-dappel-de-aix-en-provence-le-14-janvier-2026-n25-10915\\\/#primaryimage\",\"url\":\"https:\\\/\\\/kohenavocats.com\\\/wp-content\\\/uploads\\\/2024\\\/08\\\/tomas-williams-0i38SCsSxJc-unsplash.webp\",\"contentUrl\":\"https:\\\/\\\/kohenavocats.com\\\/wp-content\\\/uploads\\\/2024\\\/08\\\/tomas-williams-0i38SCsSxJc-unsplash.webp\",\"width\":6000,\"height\":4000},{\"@type\":\"BreadcrumbList\",\"@id\":\"https:\\\/\\\/kohenavocats.com\\\/en\\\/cour-dappel-de-aix-en-provence-le-14-janvier-2026-n25-10915\\\/#breadcrumb\",\"itemListElement\":[{\"@type\":\"ListItem\",\"position\":1,\"name\":\"Home\",\"item\":\"https:\\\/\\\/kohenavocats.com\\\/en\\\/criminal-law-attorneys-in-paris-counsel-and-strategic-defense\\\/\"},{\"@type\":\"ListItem\",\"position\":2,\"name\":\"Cour d&rsquo;appel de Aix-en-Provence, le 14 janvier 2026, n\u00b025\\\/10915\"}]},{\"@type\":\"WebSite\",\"@id\":\"https:\\\/\\\/kohenavocats.com\\\/en\\\/#website\",\"url\":\"https:\\\/\\\/kohenavocats.com\\\/en\\\/\",\"name\":\"Kohen Avocats\",\"description\":\"Ma\u00eetre Hassan Kohen, avocat p\u00e9naliste \u00e0 Paris, intervient exclusivement en droit p\u00e9nal pour la d\u00e9fense des particuliers, notamment en mati\u00e8re d\u2019accusations de viol. Il assure un accompagnement rigoureux d\u00e8s la garde \u00e0 vue jusqu\u2019\u00e0 la Cour d\u2019assises, veillant au strict respect des garanties proc\u00e9durales.\",\"publisher\":{\"@id\":\"https:\\\/\\\/kohenavocats.com\\\/en\\\/#organization\"},\"potentialAction\":[{\"@type\":\"SearchAction\",\"target\":{\"@type\":\"EntryPoint\",\"urlTemplate\":\"https:\\\/\\\/kohenavocats.com\\\/en\\\/?s={search_term_string}\"},\"query-input\":{\"@type\":\"PropertyValueSpecification\",\"valueRequired\":true,\"valueName\":\"search_term_string\"}}],\"inLanguage\":\"en-US\"},{\"@type\":\"Organization\",\"@id\":\"https:\\\/\\\/kohenavocats.com\\\/en\\\/#organization\",\"name\":\"Kohen Avocats\",\"url\":\"https:\\\/\\\/kohenavocats.com\\\/en\\\/\",\"logo\":{\"@type\":\"ImageObject\",\"inLanguage\":\"en-US\",\"@id\":\"https:\\\/\\\/kohenavocats.com\\\/en\\\/#\\\/schema\\\/logo\\\/image\\\/\",\"url\":\"https:\\\/\\\/kohenavocats.com\\\/wp-content\\\/uploads\\\/2026\\\/01\\\/Logo-2-1.webp\",\"contentUrl\":\"https:\\\/\\\/kohenavocats.com\\\/wp-content\\\/uploads\\\/2026\\\/01\\\/Logo-2-1.webp\",\"width\":2114,\"height\":1253,\"caption\":\"Kohen Avocats\"},\"image\":{\"@id\":\"https:\\\/\\\/kohenavocats.com\\\/en\\\/#\\\/schema\\\/logo\\\/image\\\/\"}},{\"@type\":\"Person\",\"@id\":\"https:\\\/\\\/kohenavocats.com\\\/en\\\/#\\\/schema\\\/person\\\/761c9ba54fa1ca84d405cef0831ff751\",\"name\":\"Kohen\",\"image\":{\"@type\":\"ImageObject\",\"inLanguage\":\"en-US\",\"@id\":\"https:\\\/\\\/secure.gravatar.com\\\/avatar\\\/1c5e76ef76bbbfdd2b4da984e2bf2fa4056fd51a27d25ce2c332047f1dfd6e00?s=96&d=identicon&r=g\",\"url\":\"https:\\\/\\\/secure.gravatar.com\\\/avatar\\\/1c5e76ef76bbbfdd2b4da984e2bf2fa4056fd51a27d25ce2c332047f1dfd6e00?s=96&d=identicon&r=g\",\"contentUrl\":\"https:\\\/\\\/secure.gravatar.com\\\/avatar\\\/1c5e76ef76bbbfdd2b4da984e2bf2fa4056fd51a27d25ce2c332047f1dfd6e00?s=96&d=identicon&r=g\",\"caption\":\"Kohen\"},\"sameAs\":[\"https:\\\/\\\/www.linkedin.com\\\/in\\\/hassan-kohen-448548192\\\/\",\"https:\\\/\\\/www.youtube.com\\\/@Kohen-Avocats\"],\"url\":\"https:\\\/\\\/kohenavocats.com\\\/en\\\/author\\\/kohenmlk\\\/\"}]}<\/script>\n<!-- \/ Yoast SEO Premium plugin. -->","yoast_head_json":{"title":"Cour d'appel de Aix-en-Provence, le 14 janvier 2026, n\u00b025\/10915 - Ma\u00eetre Hassan Kohen, avocat en droit p\u00e9nal \u00e0 Paris","description":"La cour d'appel d'Aix-en-Provence, dans son arr\u00eat du 14 janvier 2026, statue sur une requ\u00eate en omission de statuer apr\u00e8s un pr\u00e9c\u00e9dent arr\u00eat du 11 juin 2025....","robots":{"index":"index","follow":"follow","max-snippet":"max-snippet:-1","max-image-preview":"max-image-preview:large","max-video-preview":"max-video-preview:-1"},"canonical":"https:\/\/kohenavocats.com\/en\/cour-dappel-de-aix-en-provence-le-14-janvier-2026-n25-10915\/","og_locale":"en_US","og_type":"article","og_title":"Cour d'appel de Aix-en-Provence, le 14 janvier 2026, n\u00b025\/10915","og_description":"La cour d'appel d'Aix-en-Provence, dans son arr\u00eat du 14 janvier 2026, statue sur une requ\u00eate en omission de statuer apr\u00e8s un pr\u00e9c\u00e9dent arr\u00eat du 11 juin 2025....","og_url":"https:\/\/kohenavocats.com\/en\/cour-dappel-de-aix-en-provence-le-14-janvier-2026-n25-10915\/","og_site_name":"Ma\u00eetre Hassan Kohen, avocat en droit p\u00e9nal \u00e0 Paris","article_published_time":"2026-04-29T17:59:34+00:00","og_image":[{"width":6000,"height":4000,"url":"https:\/\/kohenavocats.com\/wp-content\/uploads\/2024\/08\/tomas-williams-0i38SCsSxJc-unsplash.webp","type":"image\/webp"}],"author":"Kohen","twitter_card":"summary_large_image","twitter_misc":{"Written by":"Kohen","Est. reading time":"3 minutes"},"schema":{"@context":"https:\/\/schema.org","@graph":[{"@type":"Article","@id":"https:\/\/kohenavocats.com\/en\/cour-dappel-de-aix-en-provence-le-14-janvier-2026-n25-10915\/#article","isPartOf":{"@id":"https:\/\/kohenavocats.com\/en\/cour-dappel-de-aix-en-provence-le-14-janvier-2026-n25-10915\/"},"author":{"name":"Kohen","@id":"https:\/\/kohenavocats.com\/en\/#\/schema\/person\/761c9ba54fa1ca84d405cef0831ff751"},"headline":"Cour d&#8217;appel de Aix-en-Provence, le 14 janvier 2026, n\u00b025\/10915","datePublished":"2026-04-29T17:59:34+00:00","mainEntityOfPage":{"@id":"https:\/\/kohenavocats.com\/en\/cour-dappel-de-aix-en-provence-le-14-janvier-2026-n25-10915\/"},"wordCount":536,"commentCount":0,"publisher":{"@id":"https:\/\/kohenavocats.com\/en\/#organization"},"image":{"@id":"https:\/\/kohenavocats.com\/en\/cour-dappel-de-aix-en-provence-le-14-janvier-2026-n25-10915\/#primaryimage"},"thumbnailUrl":"https:\/\/kohenavocats.com\/wp-content\/uploads\/2024\/08\/tomas-williams-0i38SCsSxJc-unsplash.webp","articleSection":["Jurisprudence"],"inLanguage":"en-US","potentialAction":[{"@type":"CommentAction","name":"Comment","target":["https:\/\/kohenavocats.com\/en\/cour-dappel-de-aix-en-provence-le-14-janvier-2026-n25-10915\/#respond"]}],"citation":"Cour d&#8217;appel de Aix-en-Provence, le 14 janvier 2026, n\u00b025\/10915","about":[{"@type":"Thing","name":"Jurisprudence"}],"dateModified":"2026-04-29T17:59:34+00:00","speakable":{"@type":"SpeakableSpecification","cssSelector":[".article-content > p:first-of-type"]}},{"@type":"WebPage","@id":"https:\/\/kohenavocats.com\/en\/cour-dappel-de-aix-en-provence-le-14-janvier-2026-n25-10915\/","url":"https:\/\/kohenavocats.com\/en\/cour-dappel-de-aix-en-provence-le-14-janvier-2026-n25-10915\/","name":"Cour d'appel de Aix-en-Provence, le 14 janvier 2026, n\u00b025\/10915 - Ma\u00eetre Hassan Kohen, avocat en droit p\u00e9nal \u00e0 Paris","isPartOf":{"@id":"https:\/\/kohenavocats.com\/en\/#website"},"primaryImageOfPage":{"@id":"https:\/\/kohenavocats.com\/en\/cour-dappel-de-aix-en-provence-le-14-janvier-2026-n25-10915\/#primaryimage"},"image":{"@id":"https:\/\/kohenavocats.com\/en\/cour-dappel-de-aix-en-provence-le-14-janvier-2026-n25-10915\/#primaryimage"},"thumbnailUrl":"https:\/\/kohenavocats.com\/wp-content\/uploads\/2024\/08\/tomas-williams-0i38SCsSxJc-unsplash.webp","datePublished":"2026-04-29T17:59:34+00:00","description":"La cour d'appel d'Aix-en-Provence, dans son arr\u00eat du 14 janvier 2026, statue sur une requ\u00eate en omission de statuer apr\u00e8s un pr\u00e9c\u00e9dent arr\u00eat du 11 juin 2025....","breadcrumb":{"@id":"https:\/\/kohenavocats.com\/en\/cour-dappel-de-aix-en-provence-le-14-janvier-2026-n25-10915\/#breadcrumb"},"inLanguage":"en-US","potentialAction":[{"@type":"ReadAction","target":["https:\/\/kohenavocats.com\/en\/cour-dappel-de-aix-en-provence-le-14-janvier-2026-n25-10915\/"]}]},{"@type":"ImageObject","inLanguage":"en-US","@id":"https:\/\/kohenavocats.com\/en\/cour-dappel-de-aix-en-provence-le-14-janvier-2026-n25-10915\/#primaryimage","url":"https:\/\/kohenavocats.com\/wp-content\/uploads\/2024\/08\/tomas-williams-0i38SCsSxJc-unsplash.webp","contentUrl":"https:\/\/kohenavocats.com\/wp-content\/uploads\/2024\/08\/tomas-williams-0i38SCsSxJc-unsplash.webp","width":6000,"height":4000},{"@type":"BreadcrumbList","@id":"https:\/\/kohenavocats.com\/en\/cour-dappel-de-aix-en-provence-le-14-janvier-2026-n25-10915\/#breadcrumb","itemListElement":[{"@type":"ListItem","position":1,"name":"Home","item":"https:\/\/kohenavocats.com\/en\/criminal-law-attorneys-in-paris-counsel-and-strategic-defense\/"},{"@type":"ListItem","position":2,"name":"Cour d&rsquo;appel de Aix-en-Provence, le 14 janvier 2026, n\u00b025\/10915"}]},{"@type":"WebSite","@id":"https:\/\/kohenavocats.com\/en\/#website","url":"https:\/\/kohenavocats.com\/en\/","name":"Kohen Avocats","description":"Ma\u00eetre Hassan Kohen, avocat p\u00e9naliste \u00e0 Paris, intervient exclusivement en droit p\u00e9nal pour la d\u00e9fense des particuliers, notamment en mati\u00e8re d\u2019accusations de viol. Il assure un accompagnement rigoureux d\u00e8s la garde \u00e0 vue jusqu\u2019\u00e0 la Cour d\u2019assises, veillant au strict respect des garanties proc\u00e9durales.","publisher":{"@id":"https:\/\/kohenavocats.com\/en\/#organization"},"potentialAction":[{"@type":"SearchAction","target":{"@type":"EntryPoint","urlTemplate":"https:\/\/kohenavocats.com\/en\/?s={search_term_string}"},"query-input":{"@type":"PropertyValueSpecification","valueRequired":true,"valueName":"search_term_string"}}],"inLanguage":"en-US"},{"@type":"Organization","@id":"https:\/\/kohenavocats.com\/en\/#organization","name":"Kohen Avocats","url":"https:\/\/kohenavocats.com\/en\/","logo":{"@type":"ImageObject","inLanguage":"en-US","@id":"https:\/\/kohenavocats.com\/en\/#\/schema\/logo\/image\/","url":"https:\/\/kohenavocats.com\/wp-content\/uploads\/2026\/01\/Logo-2-1.webp","contentUrl":"https:\/\/kohenavocats.com\/wp-content\/uploads\/2026\/01\/Logo-2-1.webp","width":2114,"height":1253,"caption":"Kohen Avocats"},"image":{"@id":"https:\/\/kohenavocats.com\/en\/#\/schema\/logo\/image\/"}},{"@type":"Person","@id":"https:\/\/kohenavocats.com\/en\/#\/schema\/person\/761c9ba54fa1ca84d405cef0831ff751","name":"Kohen","image":{"@type":"ImageObject","inLanguage":"en-US","@id":"https:\/\/secure.gravatar.com\/avatar\/1c5e76ef76bbbfdd2b4da984e2bf2fa4056fd51a27d25ce2c332047f1dfd6e00?s=96&d=identicon&r=g","url":"https:\/\/secure.gravatar.com\/avatar\/1c5e76ef76bbbfdd2b4da984e2bf2fa4056fd51a27d25ce2c332047f1dfd6e00?s=96&d=identicon&r=g","contentUrl":"https:\/\/secure.gravatar.com\/avatar\/1c5e76ef76bbbfdd2b4da984e2bf2fa4056fd51a27d25ce2c332047f1dfd6e00?s=96&d=identicon&r=g","caption":"Kohen"},"sameAs":["https:\/\/www.linkedin.com\/in\/hassan-kohen-448548192\/","https:\/\/www.youtube.com\/@Kohen-Avocats"],"url":"https:\/\/kohenavocats.com\/en\/author\/kohenmlk\/"}]}},"jetpack_featured_media_url":"https:\/\/kohenavocats.com\/wp-content\/uploads\/2024\/08\/tomas-williams-0i38SCsSxJc-unsplash.webp","jetpack_likes_enabled":false,"jetpack_shortlink":"https:\/\/wp.me\/peCrII-3bZW","jetpack-related-posts":[{"id":488723,"url":"https:\/\/kohenavocats.com\/en\/tribunal-judiciaire-de-aix-en-provence-le-13-juin-2023-n23-05139\/","url_meta":{"origin":761108,"position":0},"title":"Tribunal judiciaire de Aix-en-Provence, le 13 juin 2023, n\u00b023\/05139","author":"Kohen","date":"8 April 2026","format":false,"excerpt":"Le tribunal judiciaire d'Aix-en-Provence, statuant en chambre \u00e9conomique et commerciale, a rendu son jugement le 13 juin 2023. L'\u00e9tablissement bancaire deman...","rel":"","context":"In &quot;Jurisprudence&quot;","block_context":{"text":"Jurisprudence","link":"https:\/\/kohenavocats.com\/category\/jurisprudence\/"},"img":{"alt_text":"","src":"https:\/\/i0.wp.com\/kohenavocats.com\/wp-content\/uploads\/2024\/08\/maximilian-zahn-SKf_POUVJnQ-unsplash.webp?resize=350%2C200&ssl=1","width":350,"height":200,"srcset":"https:\/\/i0.wp.com\/kohenavocats.com\/wp-content\/uploads\/2024\/08\/maximilian-zahn-SKf_POUVJnQ-unsplash.webp?resize=350%2C200&ssl=1 1x, https:\/\/i0.wp.com\/kohenavocats.com\/wp-content\/uploads\/2024\/08\/maximilian-zahn-SKf_POUVJnQ-unsplash.webp?resize=525%2C300&ssl=1 1.5x, https:\/\/i0.wp.com\/kohenavocats.com\/wp-content\/uploads\/2024\/08\/maximilian-zahn-SKf_POUVJnQ-unsplash.webp?resize=700%2C400&ssl=1 2x, https:\/\/i0.wp.com\/kohenavocats.com\/wp-content\/uploads\/2024\/08\/maximilian-zahn-SKf_POUVJnQ-unsplash.webp?resize=1050%2C600&ssl=1 3x, https:\/\/i0.wp.com\/kohenavocats.com\/wp-content\/uploads\/2024\/08\/maximilian-zahn-SKf_POUVJnQ-unsplash.webp?resize=1400%2C800&ssl=1 4x"},"classes":[]},{"id":69888,"url":"https:\/\/kohenavocats.com\/en\/cour-dappel-de-aix-en-provence-le-26-juin-2025-n21-00815\/","url_meta":{"origin":761108,"position":1},"title":"Cour d&#8217;appel de Aix-en-Provence, le 26 juin 2025, n\u00b021\/00815","author":"Kohen","date":"9 November 2025","format":false,"excerpt":"La Cour d'appel d'Aix-en-Provence, 26 juin 2025, tranche un contentieux n\u00e9 de quatre cr\u00e9dits octroy\u00e9s en 2015 \u00e0 un emprunteur non averti par un \u00e9tablissement de cr\u00e9dit. Apr\u00e8s un premier jugement rendu par le tribunal judiciaire de Marseille le 4 janvier 2021, la juridiction d'appel confirme le rejet des nullit\u00e9s\u2026","rel":"","context":"In &quot;Cour d'appel&quot;","block_context":{"text":"Cour d'appel","link":"https:\/\/kohenavocats.com\/category\/cour-dappel\/"},"img":{"alt_text":"","src":"https:\/\/i0.wp.com\/kohenavocats.com\/wp-content\/uploads\/2024\/08\/pascal-bernardon-UDzwFLM50Ac-unsplash.webp?resize=350%2C200&ssl=1","width":350,"height":200,"srcset":"https:\/\/i0.wp.com\/kohenavocats.com\/wp-content\/uploads\/2024\/08\/pascal-bernardon-UDzwFLM50Ac-unsplash.webp?resize=350%2C200&ssl=1 1x, https:\/\/i0.wp.com\/kohenavocats.com\/wp-content\/uploads\/2024\/08\/pascal-bernardon-UDzwFLM50Ac-unsplash.webp?resize=525%2C300&ssl=1 1.5x, https:\/\/i0.wp.com\/kohenavocats.com\/wp-content\/uploads\/2024\/08\/pascal-bernardon-UDzwFLM50Ac-unsplash.webp?resize=700%2C400&ssl=1 2x, https:\/\/i0.wp.com\/kohenavocats.com\/wp-content\/uploads\/2024\/08\/pascal-bernardon-UDzwFLM50Ac-unsplash.webp?resize=1050%2C600&ssl=1 3x, https:\/\/i0.wp.com\/kohenavocats.com\/wp-content\/uploads\/2024\/08\/pascal-bernardon-UDzwFLM50Ac-unsplash.webp?resize=1400%2C800&ssl=1 4x"},"classes":[]},{"id":417955,"url":"https:\/\/kohenavocats.com\/en\/cour-dappel-de-aix-en-provence-le-19-fevrier-2026-n22-12047\/","url_meta":{"origin":761108,"position":2},"title":"Cour d&#8217;appel de Aix-en-Provence, le 19 f\u00e9vrier 2026, n\u00b022\/12047","author":"Kohen","date":"22 March 2026","format":false,"excerpt":"Un contrat de cr\u00e9dit renouvelable a \u00e9t\u00e9 consenti en janvier 2014. Deux avenants ont \u00e9t\u00e9 conclus en juillet et septembre 2019. L\u2019\u00e9tablissement financier a ensuite assign\u00e9 l\u2019emprunteur en paiement d\u2019une somme de 10 116,03 euros. Par jugement du 24 juin 2022, le Tribunal de proximit\u00e9 de Marseille a d\u00e9clar\u00e9 irrecevable\u2026","rel":"","context":"In &quot;Cour d'appel&quot;","block_context":{"text":"Cour d'appel","link":"https:\/\/kohenavocats.com\/category\/cour-dappel\/"},"img":{"alt_text":"","src":"https:\/\/i0.wp.com\/kohenavocats.com\/wp-content\/uploads\/2024\/07\/henry-be-Pg63JThyCg-unsplash.webp?resize=350%2C200&ssl=1","width":350,"height":200,"srcset":"https:\/\/i0.wp.com\/kohenavocats.com\/wp-content\/uploads\/2024\/07\/henry-be-Pg63JThyCg-unsplash.webp?resize=350%2C200&ssl=1 1x, https:\/\/i0.wp.com\/kohenavocats.com\/wp-content\/uploads\/2024\/07\/henry-be-Pg63JThyCg-unsplash.webp?resize=525%2C300&ssl=1 1.5x, https:\/\/i0.wp.com\/kohenavocats.com\/wp-content\/uploads\/2024\/07\/henry-be-Pg63JThyCg-unsplash.webp?resize=700%2C400&ssl=1 2x, https:\/\/i0.wp.com\/kohenavocats.com\/wp-content\/uploads\/2024\/07\/henry-be-Pg63JThyCg-unsplash.webp?resize=1050%2C600&ssl=1 3x, https:\/\/i0.wp.com\/kohenavocats.com\/wp-content\/uploads\/2024\/07\/henry-be-Pg63JThyCg-unsplash.webp?resize=1400%2C800&ssl=1 4x"},"classes":[]},{"id":439349,"url":"https:\/\/kohenavocats.com\/en\/cour-dappel-de-aix-en-provence-le-5-fevrier-2010-n07-14919\/","url_meta":{"origin":761108,"position":3},"title":"Cour d&#8217;appel de Aix en Provence, le 5 f\u00e9vrier 2010, n\u00b007\/14919","author":"Kohen","date":"26 March 2026","format":false,"excerpt":"La Cour d\u2019appel d\u2019Aix-en-Provence, dans un arr\u00eat du 5 f\u00e9vrier 2010, a \u00e9t\u00e9 saisie d\u2019un litige opposant un client \u00e0 son \u00e9tablissement bancaire. Ce dernier r\u00e9clamait le paiement des soldes d\u00e9biteurs de deux comptes. Le tribunal d\u2019instance avait accueilli la demande en partie, d\u00e9chue la banque de ses int\u00e9r\u00eats. L\u2019appelant\u2026","rel":"","context":"In &quot;Cour d'appel&quot;","block_context":{"text":"Cour d'appel","link":"https:\/\/kohenavocats.com\/category\/cour-dappel\/"},"img":{"alt_text":"","src":"https:\/\/i0.wp.com\/kohenavocats.com\/wp-content\/uploads\/2024\/08\/linda-pomerantz-zhang-mYckxziRXkk-unsplash.webp?resize=350%2C200&ssl=1","width":350,"height":200,"srcset":"https:\/\/i0.wp.com\/kohenavocats.com\/wp-content\/uploads\/2024\/08\/linda-pomerantz-zhang-mYckxziRXkk-unsplash.webp?resize=350%2C200&ssl=1 1x, https:\/\/i0.wp.com\/kohenavocats.com\/wp-content\/uploads\/2024\/08\/linda-pomerantz-zhang-mYckxziRXkk-unsplash.webp?resize=525%2C300&ssl=1 1.5x, https:\/\/i0.wp.com\/kohenavocats.com\/wp-content\/uploads\/2024\/08\/linda-pomerantz-zhang-mYckxziRXkk-unsplash.webp?resize=700%2C400&ssl=1 2x, https:\/\/i0.wp.com\/kohenavocats.com\/wp-content\/uploads\/2024\/08\/linda-pomerantz-zhang-mYckxziRXkk-unsplash.webp?resize=1050%2C600&ssl=1 3x, https:\/\/i0.wp.com\/kohenavocats.com\/wp-content\/uploads\/2024\/08\/linda-pomerantz-zhang-mYckxziRXkk-unsplash.webp?resize=1400%2C800&ssl=1 4x"},"classes":[]},{"id":99073,"url":"https:\/\/kohenavocats.com\/en\/cour-dappel-de-aix-en-provence-le-11-septembre-2025-n21-11856\/","url_meta":{"origin":761108,"position":4},"title":"Cour d&#8217;appel de Aix-en-Provence, le 11 septembre 2025, n\u00b021\/11856","author":"Kohen","date":"11 November 2025","format":false,"excerpt":"Cour d'appel d'Aix-en-Provence, 11 septembre 2025, confirmant un jugement d\u00e9clarant prescrite l'action d'un emprunteur contestant le taux effectif global d'un pr\u00eat immobilier. Les faits tiennent \u00e0 un pr\u00eat de 2009 de 200 000 euros, remboursable en 180 mois, avec assurance et nantissement sur un contrat d'\u00e9pargne. L'emprunteur invoquait une irr\u00e9gularit\u00e9\u2026","rel":"","context":"In &quot;Cour d'appel&quot;","block_context":{"text":"Cour d'appel","link":"https:\/\/kohenavocats.com\/category\/cour-dappel\/"},"img":{"alt_text":"","src":"https:\/\/i0.wp.com\/kohenavocats.com\/wp-content\/uploads\/2024\/11\/getty-images-KP0uq0vIgI4-unsplash.webp?resize=350%2C200&ssl=1","width":350,"height":200,"srcset":"https:\/\/i0.wp.com\/kohenavocats.com\/wp-content\/uploads\/2024\/11\/getty-images-KP0uq0vIgI4-unsplash.webp?resize=350%2C200&ssl=1 1x, https:\/\/i0.wp.com\/kohenavocats.com\/wp-content\/uploads\/2024\/11\/getty-images-KP0uq0vIgI4-unsplash.webp?resize=525%2C300&ssl=1 1.5x, https:\/\/i0.wp.com\/kohenavocats.com\/wp-content\/uploads\/2024\/11\/getty-images-KP0uq0vIgI4-unsplash.webp?resize=700%2C400&ssl=1 2x, https:\/\/i0.wp.com\/kohenavocats.com\/wp-content\/uploads\/2024\/11\/getty-images-KP0uq0vIgI4-unsplash.webp?resize=1050%2C600&ssl=1 3x, https:\/\/i0.wp.com\/kohenavocats.com\/wp-content\/uploads\/2024\/11\/getty-images-KP0uq0vIgI4-unsplash.webp?resize=1400%2C800&ssl=1 4x"},"classes":[]},{"id":434670,"url":"https:\/\/kohenavocats.com\/en\/cour-dappel-de-aix-en-provence-le-26-fevrier-2026-n23-11200\/","url_meta":{"origin":761108,"position":5},"title":"Cour d&#8217;appel de Aix-en-Provence, le 26 f\u00e9vrier 2026, n\u00b023\/11200","author":"Kohen","date":"25 March 2026","format":false,"excerpt":"La Cour d'appel d'Aix-en-Provence, dans un arr\u00eat du 26 f\u00e9vrier 2026, statue sur l'appel d'un \u00e9tablissement de cr\u00e9dit contre un jugement ayant d\u00e9clar\u00e9 irrecevable son action en paiement. Les intim\u00e9s, co-emprunteurs d\u00e9faillants, ne contestent pas l'existence du pr\u00eat souscrit en 2016. Le tribunal de proximit\u00e9 de Cannes, par un jugement\u2026","rel":"","context":"In &quot;Cour d'appel&quot;","block_context":{"text":"Cour d'appel","link":"https:\/\/kohenavocats.com\/category\/cour-dappel\/"},"img":{"alt_text":"","src":"https:\/\/i0.wp.com\/kohenavocats.com\/wp-content\/uploads\/2024\/11\/allison-saeng-6ptTfZWrRSw-unsplash.webp?resize=350%2C200&ssl=1","width":350,"height":200,"srcset":"https:\/\/i0.wp.com\/kohenavocats.com\/wp-content\/uploads\/2024\/11\/allison-saeng-6ptTfZWrRSw-unsplash.webp?resize=350%2C200&ssl=1 1x, https:\/\/i0.wp.com\/kohenavocats.com\/wp-content\/uploads\/2024\/11\/allison-saeng-6ptTfZWrRSw-unsplash.webp?resize=525%2C300&ssl=1 1.5x, https:\/\/i0.wp.com\/kohenavocats.com\/wp-content\/uploads\/2024\/11\/allison-saeng-6ptTfZWrRSw-unsplash.webp?resize=700%2C400&ssl=1 2x, https:\/\/i0.wp.com\/kohenavocats.com\/wp-content\/uploads\/2024\/11\/allison-saeng-6ptTfZWrRSw-unsplash.webp?resize=1050%2C600&ssl=1 3x, https:\/\/i0.wp.com\/kohenavocats.com\/wp-content\/uploads\/2024\/11\/allison-saeng-6ptTfZWrRSw-unsplash.webp?resize=1400%2C800&ssl=1 4x"},"classes":[]}],"jetpack_sharing_enabled":true,"_links":{"self":[{"href":"https:\/\/kohenavocats.com\/en\/wp-json\/wp\/v2\/posts\/761108","targetHints":{"allow":["GET"]}}],"collection":[{"href":"https:\/\/kohenavocats.com\/en\/wp-json\/wp\/v2\/posts"}],"about":[{"href":"https:\/\/kohenavocats.com\/en\/wp-json\/wp\/v2\/types\/post"}],"author":[{"embeddable":true,"href":"https:\/\/kohenavocats.com\/en\/wp-json\/wp\/v2\/users\/232070755"}],"replies":[{"embeddable":true,"href":"https:\/\/kohenavocats.com\/en\/wp-json\/wp\/v2\/comments?post=761108"}],"version-history":[{"count":0,"href":"https:\/\/kohenavocats.com\/en\/wp-json\/wp\/v2\/posts\/761108\/revisions"}],"wp:featuredmedia":[{"embeddable":true,"href":"https:\/\/kohenavocats.com\/en\/wp-json\/wp\/v2\/media\/4879"}],"wp:attachment":[{"href":"https:\/\/kohenavocats.com\/en\/wp-json\/wp\/v2\/media?parent=761108"}],"wp:term":[{"taxonomy":"category","embeddable":true,"href":"https:\/\/kohenavocats.com\/en\/wp-json\/wp\/v2\/categories?post=761108"},{"taxonomy":"post_tag","embeddable":true,"href":"https:\/\/kohenavocats.com\/en\/wp-json\/wp\/v2\/tags?post=761108"}],"curies":[{"name":"wp","href":"https:\/\/api.w.org\/{rel}","templated":true}]}}