{"id":761672,"date":"2026-04-29T20:30:36","date_gmt":"2026-04-29T18:30:36","guid":{"rendered":"https:\/\/kohenavocats.com\/tribunal-de-commerce-de-dijon-le-13-janvier-2026-n2025010380\/"},"modified":"2026-04-29T20:30:36","modified_gmt":"2026-04-29T18:30:36","slug":"tribunal-de-commerce-de-dijon-le-13-janvier-2026-n2025010380","status":"publish","type":"post","link":"https:\/\/kohenavocats.com\/en\/tribunal-de-commerce-de-dijon-le-13-janvier-2026-n2025010380\/","title":{"rendered":"Tribunal de commerce de Dijon, le 13 janvier 2026, n\u00b02025010380"},"content":{"rendered":"<div class='article-content'>\n<style scoped>.toc-article{background:#f8f9fa;border:1px solid #e2e6ea;border-left:4px solid #2c5f8a;border-radius:6px;padding:20px 24px;margin:0 0 32px;font-size:15px;line-height:1.6}.toc-article p{margin:0 0 10px;font-size:16px;font-weight:600;color:#1a1a1a}.toc-article ul{list-style:none;margin:0;padding:0}.toc-article li.toc-h2{padding:4px 0}.toc-article li.toc-h3{padding:2px 0 2px 20px;font-size:14px}.toc-article a{color:#2c5f8a;text-decoration:none;border-bottom:1px dotted #a0b4c8}.toc-article a:hover{color:#1a3d5c;border-bottom-color:#1a3d5c}<\/style>\n<nav class=\"toc-article\" role=\"navigation\" aria-label=\"Sommaire\">\n<p>Sommaire<\/p>\n<ul>\n<li class=\"toc-h2\"><a href=\"#fondements-juridiques\">Fondements juridiques<\/a><\/li>\n<\/ul>\n<\/nav>\n<p>Le tribunal de commerce de Dijon, dans un jugement du 13 janvier 2026, a ouvert une proc\u00e9dure de redressement judiciaire \u00e0 l&#8217;encontre d&#8217;une soci\u00e9t\u00e9 de restauration rapide. L&#8217;URSSAF de Bourgogne avait assign\u00e9 la d\u00e9bitrice pour voir constater son \u00e9tat de cessation des paiements, celle-ci ne s&#8217;\u00e9tant pas pr\u00e9sent\u00e9e \u00e0 l&#8217;audience. La question de droit portait sur l&#8217;appr\u00e9ciation de cet \u00e9tat au regard des conditions l\u00e9gales du redressement judiciaire. La juridiction a constat\u00e9 la cessation des paiements et prononc\u00e9 l&#8217;ouverture du redressement judiciaire.<\/p>\n<p>I. La caract\u00e9risation de l&#8217;\u00e9tat de cessation des paiements<\/p>\n<p>Le tribunal rappelle que la cessation des paiements r\u00e9sulte de l&#8217;impossibilit\u00e9 de faire face au passif exigible avec l&#8217;actif disponible. Il constate que la soci\u00e9t\u00e9 d\u00e9bitrice <em>&#8220;n&#8217;a pu acquitter, \u00e0 leur date d&#8217;exigibilit\u00e9, les cotisations sociales&#8221;<\/em> pour un montant actualis\u00e9 de 183.431 euros. Cet impay\u00e9 persistant, malgr\u00e9 des actions de recouvrement amiables et forc\u00e9es, d\u00e9montre une insuffisance d&#8217;actif liquide. Le sens de cette d\u00e9cision est d&#8217;appliquer strictement la d\u00e9finition l\u00e9gale de l&#8217;article L. 631-1 du Code de commerce. La valeur de ce motif r\u00e9side dans l&#8217;utilisation d&#8217;une cr\u00e9ance certaine, liquide et exigible, \u00e9manant d&#8217;un organisme public, comme preuve irr\u00e9futable. La port\u00e9e est de rappeler que le non-paiement de cotisations d&#8217;ordre public est un indice grave de cessation des paiements.<\/p>\n<p>II. L&#8217;ouverture d&#8217;une proc\u00e9dure de redressement judiciaire<\/p>\n<p>Le tribunal estime que <em>&#8220;le d\u00e9biteur est en capacit\u00e9 de redresser son entreprise et pourrait b\u00e9n\u00e9ficier d&#8217;un plan de redressement&#8221;<\/em>. Il prononce donc une mesure de redressement judiciaire et non un simple constat de liquidation. Le sens de cette solution est de privil\u00e9gier la poursuite de l&#8217;activit\u00e9 \u00e9conomique et le maintien de l&#8217;emploi. La valeur de cette appr\u00e9ciation est prospective, fond\u00e9e sur une potentialit\u00e9 de redressement et non sur des garanties certaines. La port\u00e9e de l&#8217;arr\u00eat est d&#8217;illustrer la fonction du tribunal, qui doit v\u00e9rifier la viabilit\u00e9 de l&#8217;entreprise avant d&#8217;ouvrir la proc\u00e9dure la moins radicale.<\/p>\n<\/div>\n<style scoped>.fondements-juridiques{margin:40px 0 0;padding:0}.fondements-juridiques>h2{font-size:22px;color:#1a1a1a;border-bottom:2px solid #2c5f8a;padding-bottom:10px;margin-bottom:20px}.fj-article{background:#fdfdfd;border:1px solid #e8e8e8;border-radius:6px;padding:20px;margin-bottom:16px}.fj-article h3{font-size:17px;color:#2c5f8a;margin:0 0 12px;font-weight:600}.fj-texte{font-size:15px;line-height:1.7;color:#333}.fj-texte p{margin:8px 0}.fj-badge{font-size:11px;padding:2px 8px;border-radius:3px;margin-left:8px;font-weight:500;vertical-align:middle}.fj-en-vigueur{background:#e8f5e9;color:#2e7d32}.fj-abroge{background:#ffebee;color:#c62828}.fj-modifie{background:#fff3e0;color:#e65100}<\/style>\n<section class=\"fondements-juridiques\">\n<h2 id=\"fondements-juridiques\">Fondements juridiques<\/h2>\n<div class=\"fj-article\">\n<h3><a href=\"https:\/\/www.legifrance.gouv.fr\/codes\/article_lc\/LEGIARTI000045178110\" rel=\"nofollow\" target=\"_blank\">Article L. 631-1 du Code de commerce<\/a> <span class=\"fj-badge fj-en-vigueur\">En vigueur<\/span><\/h3>\n<div class=\"fj-texte\">\n<p>Il est institu\u00e9 une proc\u00e9dure de redressement judiciaire ouverte \u00e0 tout d\u00e9biteur mentionn\u00e9 aux articles L. 631-2 ou L. 631-3 qui, dans l&#8217;impossibilit\u00e9 de faire face au passif exigible avec son actif disponible, est en cessation des paiements. Le d\u00e9biteur qui \u00e9tablit que les r\u00e9serves de cr\u00e9dit ou les moratoires dont il b\u00e9n\u00e9ficie de la part de ses cr\u00e9anciers lui permettent de faire face au passif exigible avec son actif disponible n&#8217;est pas en cessation des paiements.<\/p>\n<p>Cette condition s&#8217;appr\u00e9cie, s&#8217;il y a lieu, pour le seul patrimoine engag\u00e9 par l&#8217;activit\u00e9 ou les activit\u00e9s professionnelles.<\/p>\n<p>La proc\u00e9dure de redressement judiciaire est destin\u00e9e \u00e0 permettre la poursuite de l&#8217;activit\u00e9 de l&#8217;entreprise, le maintien de l&#8217;emploi et l&#8217;apurement du passif. Elle donne lieu \u00e0 un plan arr\u00eat\u00e9 par jugement \u00e0 l&#8217;issue d&#8217;une p\u00e9riode d&#8217;observation et, le cas \u00e9ch\u00e9ant, \u00e0 la constitution de classes de parties affect\u00e9es, conform\u00e9ment aux dispositions des articles L. 626-29 et L. 626-30. La demande pr\u00e9vue au quatri\u00e8me alin\u00e9a de l&#8217;article L. 626-29 peut \u00eatre form\u00e9e par le d\u00e9biteur ou l&#8217;administrateur judiciaire.<\/p>\n<\/div>\n<\/div>\n<\/section>\n","protected":false},"excerpt":{"rendered":"<p>Le tribunal de commerce de Dijon, dans un jugement du 13 janvier 2026, a ouvert une proc\u00e9dure de redressement judiciaire \u00e0 l&#8217;encontre d&#8217;une soci\u00e9t\u00e9 de&#8230;<\/p>\n","protected":false},"author":232070755,"featured_media":4903,"comment_status":"open","ping_status":"open","sticky":false,"template":"","format":"standard","meta":{"_crdt_document":"","_jetpack_newsletter_access":"","_jetpack_dont_email_post_to_subs":false,"_jetpack_newsletter_tier_id":0,"_jetpack_memberships_contains_paywalled_content":false,"_kj_source_type":"judilibre","_kj_official_id":"69a5b49bcdc6046d47440104","_kj_official_url":"https:\/\/www.courdecassation.fr\/decision\/69a5b49bcdc6046d47440104","_kj_judilibre_id":"69a5b49bcdc6046d47440104","_kj_jur":"Tribunal de commerce","_kj_lieu":"Dijon","_kj_chambre":"PROCEDURE COLLECTIVE","_kj_rg":"2025010380","_kj_date":"2026-01-13","_jetpack_memberships_contains_paid_content":false,"footnotes":"","jetpack_post_was_ever_published":false},"categories":[6454,7207],"tags":[],"class_list":["post-761672","post","type-post","status-publish","format-standard","has-post-thumbnail","hentry","category-decisions-juridiques","category-tribunal-de-commerce"],"yoast_head":"<!-- This site is optimized with the Yoast SEO Premium plugin v27.5 (Yoast SEO v27.5) - https:\/\/yoast.com\/product\/yoast-seo-premium-wordpress\/ -->\n<title>Tribunal de commerce de Dijon, le 13 janvier 2026, n\u00b02025010380 - Ma\u00eetre Hassan Kohen, avocat en droit p\u00e9nal \u00e0 Paris<\/title>\n<meta name=\"description\" content=\"Le tribunal de commerce de Dijon, dans un jugement du 13 janvier 2026, a ouvert une proc\u00e9dure de redressement judiciaire \u00e0 l&#039;encontre d&#039;une soci\u00e9t\u00e9 de...\" \/>\n<meta name=\"robots\" content=\"index, follow, max-snippet:-1, max-image-preview:large, max-video-preview:-1\" \/>\n<link rel=\"canonical\" href=\"https:\/\/kohenavocats.com\/en\/tribunal-de-commerce-de-dijon-le-13-janvier-2026-n2025010380\/\" \/>\n<meta property=\"og:locale\" content=\"en_US\" \/>\n<meta property=\"og:type\" content=\"article\" \/>\n<meta property=\"og:title\" content=\"Tribunal de commerce de Dijon, le 13 janvier 2026, n\u00b02025010380\" \/>\n<meta property=\"og:description\" content=\"Le tribunal de commerce de Dijon, dans un jugement du 13 janvier 2026, a ouvert une proc\u00e9dure de redressement judiciaire \u00e0 l&#039;encontre d&#039;une soci\u00e9t\u00e9 de...\" \/>\n<meta property=\"og:url\" content=\"https:\/\/kohenavocats.com\/en\/tribunal-de-commerce-de-dijon-le-13-janvier-2026-n2025010380\/\" \/>\n<meta property=\"og:site_name\" content=\"Ma\u00eetre Hassan Kohen, avocat en droit p\u00e9nal \u00e0 Paris\" \/>\n<meta property=\"article:published_time\" content=\"2026-04-29T18:30:36+00:00\" \/>\n<meta property=\"og:image\" content=\"https:\/\/kohenavocats.com\/wp-content\/uploads\/2024\/08\/philippe-oursel-pWhx6q22d_I-unsplash.webp\" \/>\n\t<meta property=\"og:image:width\" content=\"4813\" \/>\n\t<meta property=\"og:image:height\" content=\"3209\" \/>\n\t<meta property=\"og:image:type\" content=\"image\/webp\" \/>\n<meta name=\"author\" content=\"Kohen\" \/>\n<meta name=\"twitter:card\" content=\"summary_large_image\" \/>\n<meta name=\"twitter:label1\" content=\"Written by\" \/>\n\t<meta name=\"twitter:data1\" content=\"Kohen\" \/>\n\t<meta name=\"twitter:label2\" content=\"Est. reading time\" \/>\n\t<meta name=\"twitter:data2\" content=\"3 minutes\" \/>\n<script type=\"application\/ld+json\" class=\"yoast-schema-graph\">{\"@context\":\"https:\\\/\\\/schema.org\",\"@graph\":[{\"@type\":\"Article\",\"@id\":\"https:\\\/\\\/kohenavocats.com\\\/en\\\/tribunal-de-commerce-de-dijon-le-13-janvier-2026-n2025010380\\\/#article\",\"isPartOf\":{\"@id\":\"https:\\\/\\\/kohenavocats.com\\\/en\\\/tribunal-de-commerce-de-dijon-le-13-janvier-2026-n2025010380\\\/\"},\"author\":{\"name\":\"Kohen\",\"@id\":\"https:\\\/\\\/kohenavocats.com\\\/en\\\/#\\\/schema\\\/person\\\/761c9ba54fa1ca84d405cef0831ff751\"},\"headline\":\"Tribunal de commerce de Dijon, le 13 janvier 2026, n\u00b02025010380\",\"datePublished\":\"2026-04-29T18:30:36+00:00\",\"mainEntityOfPage\":{\"@id\":\"https:\\\/\\\/kohenavocats.com\\\/en\\\/tribunal-de-commerce-de-dijon-le-13-janvier-2026-n2025010380\\\/\"},\"wordCount\":592,\"commentCount\":0,\"publisher\":{\"@id\":\"https:\\\/\\\/kohenavocats.com\\\/en\\\/#organization\"},\"image\":{\"@id\":\"https:\\\/\\\/kohenavocats.com\\\/en\\\/tribunal-de-commerce-de-dijon-le-13-janvier-2026-n2025010380\\\/#primaryimage\"},\"thumbnailUrl\":\"https:\\\/\\\/kohenavocats.com\\\/wp-content\\\/uploads\\\/2024\\\/08\\\/philippe-oursel-pWhx6q22d_I-unsplash.webp\",\"articleSection\":[\"D\u00e9cisions juridiques\",\"Tribunal de commerce\"],\"inLanguage\":\"en-US\",\"potentialAction\":[{\"@type\":\"CommentAction\",\"name\":\"Comment\",\"target\":[\"https:\\\/\\\/kohenavocats.com\\\/en\\\/tribunal-de-commerce-de-dijon-le-13-janvier-2026-n2025010380\\\/#respond\"]}],\"citation\":\"Tribunal de commerce de Dijon, le 13 janvier 2026, n\u00b02025010380\",\"about\":[{\"@type\":\"Thing\",\"name\":\"D\u00e9cisions juridiques\"},{\"@type\":\"Thing\",\"name\":\"Tribunal de commerce\"}],\"dateModified\":\"2026-04-29T18:30:36+00:00\",\"speakable\":{\"@type\":\"SpeakableSpecification\",\"cssSelector\":[\".article-content > p:first-of-type\"]}},{\"@type\":\"WebPage\",\"@id\":\"https:\\\/\\\/kohenavocats.com\\\/en\\\/tribunal-de-commerce-de-dijon-le-13-janvier-2026-n2025010380\\\/\",\"url\":\"https:\\\/\\\/kohenavocats.com\\\/en\\\/tribunal-de-commerce-de-dijon-le-13-janvier-2026-n2025010380\\\/\",\"name\":\"Tribunal de commerce de Dijon, le 13 janvier 2026, n\u00b02025010380 - Ma\u00eetre Hassan Kohen, avocat en droit p\u00e9nal \u00e0 Paris\",\"isPartOf\":{\"@id\":\"https:\\\/\\\/kohenavocats.com\\\/en\\\/#website\"},\"primaryImageOfPage\":{\"@id\":\"https:\\\/\\\/kohenavocats.com\\\/en\\\/tribunal-de-commerce-de-dijon-le-13-janvier-2026-n2025010380\\\/#primaryimage\"},\"image\":{\"@id\":\"https:\\\/\\\/kohenavocats.com\\\/en\\\/tribunal-de-commerce-de-dijon-le-13-janvier-2026-n2025010380\\\/#primaryimage\"},\"thumbnailUrl\":\"https:\\\/\\\/kohenavocats.com\\\/wp-content\\\/uploads\\\/2024\\\/08\\\/philippe-oursel-pWhx6q22d_I-unsplash.webp\",\"datePublished\":\"2026-04-29T18:30:36+00:00\",\"description\":\"Le tribunal de commerce de Dijon, dans un jugement du 13 janvier 2026, a ouvert une proc\u00e9dure de redressement judiciaire \u00e0 l'encontre d'une soci\u00e9t\u00e9 de...\",\"breadcrumb\":{\"@id\":\"https:\\\/\\\/kohenavocats.com\\\/en\\\/tribunal-de-commerce-de-dijon-le-13-janvier-2026-n2025010380\\\/#breadcrumb\"},\"inLanguage\":\"en-US\",\"potentialAction\":[{\"@type\":\"ReadAction\",\"target\":[\"https:\\\/\\\/kohenavocats.com\\\/en\\\/tribunal-de-commerce-de-dijon-le-13-janvier-2026-n2025010380\\\/\"]}]},{\"@type\":\"ImageObject\",\"inLanguage\":\"en-US\",\"@id\":\"https:\\\/\\\/kohenavocats.com\\\/en\\\/tribunal-de-commerce-de-dijon-le-13-janvier-2026-n2025010380\\\/#primaryimage\",\"url\":\"https:\\\/\\\/kohenavocats.com\\\/wp-content\\\/uploads\\\/2024\\\/08\\\/philippe-oursel-pWhx6q22d_I-unsplash.webp\",\"contentUrl\":\"https:\\\/\\\/kohenavocats.com\\\/wp-content\\\/uploads\\\/2024\\\/08\\\/philippe-oursel-pWhx6q22d_I-unsplash.webp\",\"width\":4813,\"height\":3209},{\"@type\":\"BreadcrumbList\",\"@id\":\"https:\\\/\\\/kohenavocats.com\\\/en\\\/tribunal-de-commerce-de-dijon-le-13-janvier-2026-n2025010380\\\/#breadcrumb\",\"itemListElement\":[{\"@type\":\"ListItem\",\"position\":1,\"name\":\"Home\",\"item\":\"https:\\\/\\\/kohenavocats.com\\\/en\\\/criminal-law-attorneys-in-paris-counsel-and-strategic-defense\\\/\"},{\"@type\":\"ListItem\",\"position\":2,\"name\":\"Tribunal de commerce de Dijon, le 13 janvier 2026, n\u00b02025010380\"}]},{\"@type\":\"WebSite\",\"@id\":\"https:\\\/\\\/kohenavocats.com\\\/en\\\/#website\",\"url\":\"https:\\\/\\\/kohenavocats.com\\\/en\\\/\",\"name\":\"Kohen Avocats\",\"description\":\"Ma\u00eetre Hassan Kohen, avocat p\u00e9naliste \u00e0 Paris, intervient exclusivement en droit p\u00e9nal pour la d\u00e9fense des particuliers, notamment en mati\u00e8re d\u2019accusations de viol. Il assure un accompagnement rigoureux d\u00e8s la garde \u00e0 vue jusqu\u2019\u00e0 la Cour d\u2019assises, veillant au strict respect des garanties proc\u00e9durales.\",\"publisher\":{\"@id\":\"https:\\\/\\\/kohenavocats.com\\\/en\\\/#organization\"},\"potentialAction\":[{\"@type\":\"SearchAction\",\"target\":{\"@type\":\"EntryPoint\",\"urlTemplate\":\"https:\\\/\\\/kohenavocats.com\\\/en\\\/?s={search_term_string}\"},\"query-input\":{\"@type\":\"PropertyValueSpecification\",\"valueRequired\":true,\"valueName\":\"search_term_string\"}}],\"inLanguage\":\"en-US\"},{\"@type\":\"Organization\",\"@id\":\"https:\\\/\\\/kohenavocats.com\\\/en\\\/#organization\",\"name\":\"Kohen Avocats\",\"url\":\"https:\\\/\\\/kohenavocats.com\\\/en\\\/\",\"logo\":{\"@type\":\"ImageObject\",\"inLanguage\":\"en-US\",\"@id\":\"https:\\\/\\\/kohenavocats.com\\\/en\\\/#\\\/schema\\\/logo\\\/image\\\/\",\"url\":\"https:\\\/\\\/kohenavocats.com\\\/wp-content\\\/uploads\\\/2026\\\/01\\\/Logo-2-1.webp\",\"contentUrl\":\"https:\\\/\\\/kohenavocats.com\\\/wp-content\\\/uploads\\\/2026\\\/01\\\/Logo-2-1.webp\",\"width\":2114,\"height\":1253,\"caption\":\"Kohen Avocats\"},\"image\":{\"@id\":\"https:\\\/\\\/kohenavocats.com\\\/en\\\/#\\\/schema\\\/logo\\\/image\\\/\"}},{\"@type\":\"Person\",\"@id\":\"https:\\\/\\\/kohenavocats.com\\\/en\\\/#\\\/schema\\\/person\\\/761c9ba54fa1ca84d405cef0831ff751\",\"name\":\"Kohen\",\"image\":{\"@type\":\"ImageObject\",\"inLanguage\":\"en-US\",\"@id\":\"https:\\\/\\\/secure.gravatar.com\\\/avatar\\\/1c5e76ef76bbbfdd2b4da984e2bf2fa4056fd51a27d25ce2c332047f1dfd6e00?s=96&d=identicon&r=g\",\"url\":\"https:\\\/\\\/secure.gravatar.com\\\/avatar\\\/1c5e76ef76bbbfdd2b4da984e2bf2fa4056fd51a27d25ce2c332047f1dfd6e00?s=96&d=identicon&r=g\",\"contentUrl\":\"https:\\\/\\\/secure.gravatar.com\\\/avatar\\\/1c5e76ef76bbbfdd2b4da984e2bf2fa4056fd51a27d25ce2c332047f1dfd6e00?s=96&d=identicon&r=g\",\"caption\":\"Kohen\"},\"sameAs\":[\"https:\\\/\\\/www.linkedin.com\\\/in\\\/hassan-kohen-448548192\\\/\",\"https:\\\/\\\/www.youtube.com\\\/@Kohen-Avocats\"],\"url\":\"https:\\\/\\\/kohenavocats.com\\\/en\\\/author\\\/kohenmlk\\\/\"}]}<\/script>\n<!-- \/ Yoast SEO Premium plugin. -->","yoast_head_json":{"title":"Tribunal de commerce de Dijon, le 13 janvier 2026, n\u00b02025010380 - Ma\u00eetre Hassan Kohen, avocat en droit p\u00e9nal \u00e0 Paris","description":"Le tribunal de commerce de Dijon, dans un jugement du 13 janvier 2026, a ouvert une proc\u00e9dure de redressement judiciaire \u00e0 l'encontre d'une soci\u00e9t\u00e9 de...","robots":{"index":"index","follow":"follow","max-snippet":"max-snippet:-1","max-image-preview":"max-image-preview:large","max-video-preview":"max-video-preview:-1"},"canonical":"https:\/\/kohenavocats.com\/en\/tribunal-de-commerce-de-dijon-le-13-janvier-2026-n2025010380\/","og_locale":"en_US","og_type":"article","og_title":"Tribunal de commerce de Dijon, le 13 janvier 2026, n\u00b02025010380","og_description":"Le tribunal de commerce de Dijon, dans un jugement du 13 janvier 2026, a ouvert une proc\u00e9dure de redressement judiciaire \u00e0 l'encontre d'une soci\u00e9t\u00e9 de...","og_url":"https:\/\/kohenavocats.com\/en\/tribunal-de-commerce-de-dijon-le-13-janvier-2026-n2025010380\/","og_site_name":"Ma\u00eetre Hassan Kohen, avocat en droit p\u00e9nal \u00e0 Paris","article_published_time":"2026-04-29T18:30:36+00:00","og_image":[{"width":4813,"height":3209,"url":"https:\/\/kohenavocats.com\/wp-content\/uploads\/2024\/08\/philippe-oursel-pWhx6q22d_I-unsplash.webp","type":"image\/webp"}],"author":"Kohen","twitter_card":"summary_large_image","twitter_misc":{"Written by":"Kohen","Est. reading time":"3 minutes"},"schema":{"@context":"https:\/\/schema.org","@graph":[{"@type":"Article","@id":"https:\/\/kohenavocats.com\/en\/tribunal-de-commerce-de-dijon-le-13-janvier-2026-n2025010380\/#article","isPartOf":{"@id":"https:\/\/kohenavocats.com\/en\/tribunal-de-commerce-de-dijon-le-13-janvier-2026-n2025010380\/"},"author":{"name":"Kohen","@id":"https:\/\/kohenavocats.com\/en\/#\/schema\/person\/761c9ba54fa1ca84d405cef0831ff751"},"headline":"Tribunal de commerce de Dijon, le 13 janvier 2026, n\u00b02025010380","datePublished":"2026-04-29T18:30:36+00:00","mainEntityOfPage":{"@id":"https:\/\/kohenavocats.com\/en\/tribunal-de-commerce-de-dijon-le-13-janvier-2026-n2025010380\/"},"wordCount":592,"commentCount":0,"publisher":{"@id":"https:\/\/kohenavocats.com\/en\/#organization"},"image":{"@id":"https:\/\/kohenavocats.com\/en\/tribunal-de-commerce-de-dijon-le-13-janvier-2026-n2025010380\/#primaryimage"},"thumbnailUrl":"https:\/\/kohenavocats.com\/wp-content\/uploads\/2024\/08\/philippe-oursel-pWhx6q22d_I-unsplash.webp","articleSection":["D\u00e9cisions juridiques","Tribunal de commerce"],"inLanguage":"en-US","potentialAction":[{"@type":"CommentAction","name":"Comment","target":["https:\/\/kohenavocats.com\/en\/tribunal-de-commerce-de-dijon-le-13-janvier-2026-n2025010380\/#respond"]}],"citation":"Tribunal de commerce de Dijon, le 13 janvier 2026, n\u00b02025010380","about":[{"@type":"Thing","name":"D\u00e9cisions juridiques"},{"@type":"Thing","name":"Tribunal de commerce"}],"dateModified":"2026-04-29T18:30:36+00:00","speakable":{"@type":"SpeakableSpecification","cssSelector":[".article-content > p:first-of-type"]}},{"@type":"WebPage","@id":"https:\/\/kohenavocats.com\/en\/tribunal-de-commerce-de-dijon-le-13-janvier-2026-n2025010380\/","url":"https:\/\/kohenavocats.com\/en\/tribunal-de-commerce-de-dijon-le-13-janvier-2026-n2025010380\/","name":"Tribunal de commerce de Dijon, le 13 janvier 2026, n\u00b02025010380 - Ma\u00eetre Hassan Kohen, avocat en droit p\u00e9nal \u00e0 Paris","isPartOf":{"@id":"https:\/\/kohenavocats.com\/en\/#website"},"primaryImageOfPage":{"@id":"https:\/\/kohenavocats.com\/en\/tribunal-de-commerce-de-dijon-le-13-janvier-2026-n2025010380\/#primaryimage"},"image":{"@id":"https:\/\/kohenavocats.com\/en\/tribunal-de-commerce-de-dijon-le-13-janvier-2026-n2025010380\/#primaryimage"},"thumbnailUrl":"https:\/\/kohenavocats.com\/wp-content\/uploads\/2024\/08\/philippe-oursel-pWhx6q22d_I-unsplash.webp","datePublished":"2026-04-29T18:30:36+00:00","description":"Le tribunal de commerce de Dijon, dans un jugement du 13 janvier 2026, a ouvert une proc\u00e9dure de redressement judiciaire \u00e0 l'encontre d'une soci\u00e9t\u00e9 de...","breadcrumb":{"@id":"https:\/\/kohenavocats.com\/en\/tribunal-de-commerce-de-dijon-le-13-janvier-2026-n2025010380\/#breadcrumb"},"inLanguage":"en-US","potentialAction":[{"@type":"ReadAction","target":["https:\/\/kohenavocats.com\/en\/tribunal-de-commerce-de-dijon-le-13-janvier-2026-n2025010380\/"]}]},{"@type":"ImageObject","inLanguage":"en-US","@id":"https:\/\/kohenavocats.com\/en\/tribunal-de-commerce-de-dijon-le-13-janvier-2026-n2025010380\/#primaryimage","url":"https:\/\/kohenavocats.com\/wp-content\/uploads\/2024\/08\/philippe-oursel-pWhx6q22d_I-unsplash.webp","contentUrl":"https:\/\/kohenavocats.com\/wp-content\/uploads\/2024\/08\/philippe-oursel-pWhx6q22d_I-unsplash.webp","width":4813,"height":3209},{"@type":"BreadcrumbList","@id":"https:\/\/kohenavocats.com\/en\/tribunal-de-commerce-de-dijon-le-13-janvier-2026-n2025010380\/#breadcrumb","itemListElement":[{"@type":"ListItem","position":1,"name":"Home","item":"https:\/\/kohenavocats.com\/en\/criminal-law-attorneys-in-paris-counsel-and-strategic-defense\/"},{"@type":"ListItem","position":2,"name":"Tribunal de commerce de Dijon, le 13 janvier 2026, n\u00b02025010380"}]},{"@type":"WebSite","@id":"https:\/\/kohenavocats.com\/en\/#website","url":"https:\/\/kohenavocats.com\/en\/","name":"Kohen Avocats","description":"Ma\u00eetre Hassan Kohen, avocat p\u00e9naliste \u00e0 Paris, intervient exclusivement en droit p\u00e9nal pour la d\u00e9fense des particuliers, notamment en mati\u00e8re d\u2019accusations de viol. Il assure un accompagnement rigoureux d\u00e8s la garde \u00e0 vue jusqu\u2019\u00e0 la Cour d\u2019assises, veillant au strict respect des garanties proc\u00e9durales.","publisher":{"@id":"https:\/\/kohenavocats.com\/en\/#organization"},"potentialAction":[{"@type":"SearchAction","target":{"@type":"EntryPoint","urlTemplate":"https:\/\/kohenavocats.com\/en\/?s={search_term_string}"},"query-input":{"@type":"PropertyValueSpecification","valueRequired":true,"valueName":"search_term_string"}}],"inLanguage":"en-US"},{"@type":"Organization","@id":"https:\/\/kohenavocats.com\/en\/#organization","name":"Kohen Avocats","url":"https:\/\/kohenavocats.com\/en\/","logo":{"@type":"ImageObject","inLanguage":"en-US","@id":"https:\/\/kohenavocats.com\/en\/#\/schema\/logo\/image\/","url":"https:\/\/kohenavocats.com\/wp-content\/uploads\/2026\/01\/Logo-2-1.webp","contentUrl":"https:\/\/kohenavocats.com\/wp-content\/uploads\/2026\/01\/Logo-2-1.webp","width":2114,"height":1253,"caption":"Kohen Avocats"},"image":{"@id":"https:\/\/kohenavocats.com\/en\/#\/schema\/logo\/image\/"}},{"@type":"Person","@id":"https:\/\/kohenavocats.com\/en\/#\/schema\/person\/761c9ba54fa1ca84d405cef0831ff751","name":"Kohen","image":{"@type":"ImageObject","inLanguage":"en-US","@id":"https:\/\/secure.gravatar.com\/avatar\/1c5e76ef76bbbfdd2b4da984e2bf2fa4056fd51a27d25ce2c332047f1dfd6e00?s=96&d=identicon&r=g","url":"https:\/\/secure.gravatar.com\/avatar\/1c5e76ef76bbbfdd2b4da984e2bf2fa4056fd51a27d25ce2c332047f1dfd6e00?s=96&d=identicon&r=g","contentUrl":"https:\/\/secure.gravatar.com\/avatar\/1c5e76ef76bbbfdd2b4da984e2bf2fa4056fd51a27d25ce2c332047f1dfd6e00?s=96&d=identicon&r=g","caption":"Kohen"},"sameAs":["https:\/\/www.linkedin.com\/in\/hassan-kohen-448548192\/","https:\/\/www.youtube.com\/@Kohen-Avocats"],"url":"https:\/\/kohenavocats.com\/en\/author\/kohenmlk\/"}]}},"jetpack_featured_media_url":"https:\/\/kohenavocats.com\/wp-content\/uploads\/2024\/08\/philippe-oursel-pWhx6q22d_I-unsplash.webp","jetpack_likes_enabled":false,"jetpack_shortlink":"https:\/\/wp.me\/peCrII-3c92","jetpack-related-posts":[{"id":488729,"url":"https:\/\/kohenavocats.com\/en\/tribunal-de-commerce-de-dijon-le-25-novembre-2025-n2025008405\/","url_meta":{"origin":761672,"position":0},"title":"Tribunal de commerce de Dijon, le 25 novembre 2025, n\u00b02025008405","author":"Kohen","date":"8 April 2026","format":false,"excerpt":"Le tribunal judiciaire de Dijon, statuant le 15 octobre 2025, se prononce sur le sort d\u2019une soci\u00e9t\u00e9 sp\u00e9cialis\u00e9e dans les \u00e9quipements thermiques....","rel":"","context":"In &quot;D\u00e9cisions juridiques&quot;","block_context":{"text":"D\u00e9cisions juridiques","link":"https:\/\/kohenavocats.com\/category\/decisions-juridiques\/"},"img":{"alt_text":"","src":"https:\/\/i0.wp.com\/kohenavocats.com\/wp-content\/uploads\/2024\/07\/inaki-del-olmo-NIJuEQw0RKg-unsplash.webp?resize=350%2C200&ssl=1","width":350,"height":200,"srcset":"https:\/\/i0.wp.com\/kohenavocats.com\/wp-content\/uploads\/2024\/07\/inaki-del-olmo-NIJuEQw0RKg-unsplash.webp?resize=350%2C200&ssl=1 1x, https:\/\/i0.wp.com\/kohenavocats.com\/wp-content\/uploads\/2024\/07\/inaki-del-olmo-NIJuEQw0RKg-unsplash.webp?resize=525%2C300&ssl=1 1.5x, https:\/\/i0.wp.com\/kohenavocats.com\/wp-content\/uploads\/2024\/07\/inaki-del-olmo-NIJuEQw0RKg-unsplash.webp?resize=700%2C400&ssl=1 2x, https:\/\/i0.wp.com\/kohenavocats.com\/wp-content\/uploads\/2024\/07\/inaki-del-olmo-NIJuEQw0RKg-unsplash.webp?resize=1050%2C600&ssl=1 3x, https:\/\/i0.wp.com\/kohenavocats.com\/wp-content\/uploads\/2024\/07\/inaki-del-olmo-NIJuEQw0RKg-unsplash.webp?resize=1400%2C800&ssl=1 4x"},"classes":[]},{"id":489631,"url":"https:\/\/kohenavocats.com\/en\/tribunal-de-commerce-de-dijon-le-20-novembre-2025-n2025005590\/","url_meta":{"origin":761672,"position":1},"title":"Tribunal de commerce de Dijon, le 20 novembre 2025, n\u00b02025005590","author":"Kohen","date":"8 April 2026","format":false,"excerpt":"Le tribunal de commerce de Dijon, statuant le 17 octobre 2025, est saisi d'une demande de constatation de d\u00e9sistement. La soci\u00e9t\u00e9 requ\u00e9rante sollicite la...","rel":"","context":"In &quot;D\u00e9cisions juridiques&quot;","block_context":{"text":"D\u00e9cisions juridiques","link":"https:\/\/kohenavocats.com\/category\/decisions-juridiques\/"},"img":{"alt_text":"","src":"https:\/\/i0.wp.com\/kohenavocats.com\/wp-content\/uploads\/2024\/08\/robert-ruggiero-cIGWrsKV_1I-unsplash.webp?resize=350%2C200&ssl=1","width":350,"height":200,"srcset":"https:\/\/i0.wp.com\/kohenavocats.com\/wp-content\/uploads\/2024\/08\/robert-ruggiero-cIGWrsKV_1I-unsplash.webp?resize=350%2C200&ssl=1 1x, https:\/\/i0.wp.com\/kohenavocats.com\/wp-content\/uploads\/2024\/08\/robert-ruggiero-cIGWrsKV_1I-unsplash.webp?resize=525%2C300&ssl=1 1.5x, https:\/\/i0.wp.com\/kohenavocats.com\/wp-content\/uploads\/2024\/08\/robert-ruggiero-cIGWrsKV_1I-unsplash.webp?resize=700%2C400&ssl=1 2x, https:\/\/i0.wp.com\/kohenavocats.com\/wp-content\/uploads\/2024\/08\/robert-ruggiero-cIGWrsKV_1I-unsplash.webp?resize=1050%2C600&ssl=1 3x, https:\/\/i0.wp.com\/kohenavocats.com\/wp-content\/uploads\/2024\/08\/robert-ruggiero-cIGWrsKV_1I-unsplash.webp?resize=1400%2C800&ssl=1 4x"},"classes":[]},{"id":494066,"url":"https:\/\/kohenavocats.com\/en\/tribunal-de-commerce-de-dijon-le-4-novembre-2025-n2025006693\/","url_meta":{"origin":761672,"position":2},"title":"Tribunal de commerce de Dijon, le 4 novembre 2025, n\u00b02025006693","author":"Kohen","date":"8 April 2026","format":false,"excerpt":"Le tribunal de commerce, statuant le 4 novembre 2025, a examin\u00e9 la situation d\u2019une soci\u00e9t\u00e9 plac\u00e9e en redressement judiciaire. Sur le fondement du rapport...","rel":"","context":"In &quot;D\u00e9cisions juridiques&quot;","block_context":{"text":"D\u00e9cisions juridiques","link":"https:\/\/kohenavocats.com\/category\/decisions-juridiques\/"},"img":{"alt_text":"","src":"https:\/\/i0.wp.com\/kohenavocats.com\/wp-content\/uploads\/2024\/08\/rafael-garcin-ZNmyInkVSl4-unsplash.webp?resize=350%2C200&ssl=1","width":350,"height":200,"srcset":"https:\/\/i0.wp.com\/kohenavocats.com\/wp-content\/uploads\/2024\/08\/rafael-garcin-ZNmyInkVSl4-unsplash.webp?resize=350%2C200&ssl=1 1x, https:\/\/i0.wp.com\/kohenavocats.com\/wp-content\/uploads\/2024\/08\/rafael-garcin-ZNmyInkVSl4-unsplash.webp?resize=525%2C300&ssl=1 1.5x, https:\/\/i0.wp.com\/kohenavocats.com\/wp-content\/uploads\/2024\/08\/rafael-garcin-ZNmyInkVSl4-unsplash.webp?resize=700%2C400&ssl=1 2x, https:\/\/i0.wp.com\/kohenavocats.com\/wp-content\/uploads\/2024\/08\/rafael-garcin-ZNmyInkVSl4-unsplash.webp?resize=1050%2C600&ssl=1 3x, https:\/\/i0.wp.com\/kohenavocats.com\/wp-content\/uploads\/2024\/08\/rafael-garcin-ZNmyInkVSl4-unsplash.webp?resize=1400%2C800&ssl=1 4x"},"classes":[]},{"id":488732,"url":"https:\/\/kohenavocats.com\/en\/tribunal-de-commerce-de-dijon-le-25-novembre-2025-n2025002491\/","url_meta":{"origin":761672,"position":3},"title":"Tribunal de commerce de Dijon, le 25 novembre 2025, n\u00b02025002491","author":"Kohen","date":"8 April 2026","format":false,"excerpt":"Le tribunal de commerce de Dijon, statuant le 7 octobre 2025, homologue un plan de redressement judiciaire. Une soci\u00e9t\u00e9 confront\u00e9e \u00e0 une baisse d\u2019activit\u00e9...","rel":"","context":"In &quot;D\u00e9cisions juridiques&quot;","block_context":{"text":"D\u00e9cisions juridiques","link":"https:\/\/kohenavocats.com\/category\/decisions-juridiques\/"},"img":{"alt_text":"","src":"https:\/\/i0.wp.com\/kohenavocats.com\/wp-content\/uploads\/2024\/11\/allison-saeng-nuZlzGsQ01M-unsplash.webp?resize=350%2C200&ssl=1","width":350,"height":200,"srcset":"https:\/\/i0.wp.com\/kohenavocats.com\/wp-content\/uploads\/2024\/11\/allison-saeng-nuZlzGsQ01M-unsplash.webp?resize=350%2C200&ssl=1 1x, https:\/\/i0.wp.com\/kohenavocats.com\/wp-content\/uploads\/2024\/11\/allison-saeng-nuZlzGsQ01M-unsplash.webp?resize=525%2C300&ssl=1 1.5x, https:\/\/i0.wp.com\/kohenavocats.com\/wp-content\/uploads\/2024\/11\/allison-saeng-nuZlzGsQ01M-unsplash.webp?resize=700%2C400&ssl=1 2x, https:\/\/i0.wp.com\/kohenavocats.com\/wp-content\/uploads\/2024\/11\/allison-saeng-nuZlzGsQ01M-unsplash.webp?resize=1050%2C600&ssl=1 3x, https:\/\/i0.wp.com\/kohenavocats.com\/wp-content\/uploads\/2024\/11\/allison-saeng-nuZlzGsQ01M-unsplash.webp?resize=1400%2C800&ssl=1 4x"},"classes":[]},{"id":493987,"url":"https:\/\/kohenavocats.com\/en\/tribunal-judiciaire-de-dijon-le-5-novembre-2025-n24-00030\/","url_meta":{"origin":761672,"position":4},"title":"Tribunal judiciaire de Dijon, le 5 novembre 2025, n\u00b024\/00030","author":"Kohen","date":"8 April 2026","format":false,"excerpt":"Le Tribunal judiciaire de Dijon, juge de l'ex\u00e9cution, statue le 5 novembre 2025 sur une demande de d\u00e9lai suppl\u00e9mentaire dans le cadre d'une saisie...","rel":"","context":"In &quot;D\u00e9cisions juridiques&quot;","block_context":{"text":"D\u00e9cisions juridiques","link":"https:\/\/kohenavocats.com\/category\/decisions-juridiques\/"},"img":{"alt_text":"","src":"https:\/\/i0.wp.com\/kohenavocats.com\/wp-content\/uploads\/2024\/06\/alex-block-PdDBTrkGYLo-unsplash.jpg?resize=350%2C200&ssl=1","width":350,"height":200,"srcset":"https:\/\/i0.wp.com\/kohenavocats.com\/wp-content\/uploads\/2024\/06\/alex-block-PdDBTrkGYLo-unsplash.jpg?resize=350%2C200&ssl=1 1x, https:\/\/i0.wp.com\/kohenavocats.com\/wp-content\/uploads\/2024\/06\/alex-block-PdDBTrkGYLo-unsplash.jpg?resize=525%2C300&ssl=1 1.5x, https:\/\/i0.wp.com\/kohenavocats.com\/wp-content\/uploads\/2024\/06\/alex-block-PdDBTrkGYLo-unsplash.jpg?resize=700%2C400&ssl=1 2x, https:\/\/i0.wp.com\/kohenavocats.com\/wp-content\/uploads\/2024\/06\/alex-block-PdDBTrkGYLo-unsplash.jpg?resize=1050%2C600&ssl=1 3x, https:\/\/i0.wp.com\/kohenavocats.com\/wp-content\/uploads\/2024\/06\/alex-block-PdDBTrkGYLo-unsplash.jpg?resize=1400%2C800&ssl=1 4x"},"classes":[]},{"id":493877,"url":"https:\/\/kohenavocats.com\/en\/tribunal-de-commerce-de-saint-etienne-le-5-novembre-2025-n2025f01591\/","url_meta":{"origin":761672,"position":5},"title":"Tribunal de commerce de Saint-Etienne, le 5 novembre 2025, n\u00b02025F01591","author":"Kohen","date":"8 April 2026","format":false,"excerpt":"Le tribunal judiciaire de Lille, le 4 novembre 2026, prononce la liquidation judiciaire d'une soci\u00e9t\u00e9 commerciale. La juridiction constate l'\u00e9tat de...","rel":"","context":"In &quot;D\u00e9cisions juridiques&quot;","block_context":{"text":"D\u00e9cisions juridiques","link":"https:\/\/kohenavocats.com\/category\/decisions-juridiques\/"},"img":{"alt_text":"","src":"https:\/\/i0.wp.com\/kohenavocats.com\/wp-content\/uploads\/2024\/11\/planet-volumes-3RB8kCN90q8-unsplash.webp?resize=350%2C200&ssl=1","width":350,"height":200,"srcset":"https:\/\/i0.wp.com\/kohenavocats.com\/wp-content\/uploads\/2024\/11\/planet-volumes-3RB8kCN90q8-unsplash.webp?resize=350%2C200&ssl=1 1x, https:\/\/i0.wp.com\/kohenavocats.com\/wp-content\/uploads\/2024\/11\/planet-volumes-3RB8kCN90q8-unsplash.webp?resize=525%2C300&ssl=1 1.5x, https:\/\/i0.wp.com\/kohenavocats.com\/wp-content\/uploads\/2024\/11\/planet-volumes-3RB8kCN90q8-unsplash.webp?resize=700%2C400&ssl=1 2x, https:\/\/i0.wp.com\/kohenavocats.com\/wp-content\/uploads\/2024\/11\/planet-volumes-3RB8kCN90q8-unsplash.webp?resize=1050%2C600&ssl=1 3x, https:\/\/i0.wp.com\/kohenavocats.com\/wp-content\/uploads\/2024\/11\/planet-volumes-3RB8kCN90q8-unsplash.webp?resize=1400%2C800&ssl=1 4x"},"classes":[]}],"jetpack_sharing_enabled":true,"_links":{"self":[{"href":"https:\/\/kohenavocats.com\/en\/wp-json\/wp\/v2\/posts\/761672","targetHints":{"allow":["GET"]}}],"collection":[{"href":"https:\/\/kohenavocats.com\/en\/wp-json\/wp\/v2\/posts"}],"about":[{"href":"https:\/\/kohenavocats.com\/en\/wp-json\/wp\/v2\/types\/post"}],"author":[{"embeddable":true,"href":"https:\/\/kohenavocats.com\/en\/wp-json\/wp\/v2\/users\/232070755"}],"replies":[{"embeddable":true,"href":"https:\/\/kohenavocats.com\/en\/wp-json\/wp\/v2\/comments?post=761672"}],"version-history":[{"count":0,"href":"https:\/\/kohenavocats.com\/en\/wp-json\/wp\/v2\/posts\/761672\/revisions"}],"wp:featuredmedia":[{"embeddable":true,"href":"https:\/\/kohenavocats.com\/en\/wp-json\/wp\/v2\/media\/4903"}],"wp:attachment":[{"href":"https:\/\/kohenavocats.com\/en\/wp-json\/wp\/v2\/media?parent=761672"}],"wp:term":[{"taxonomy":"category","embeddable":true,"href":"https:\/\/kohenavocats.com\/en\/wp-json\/wp\/v2\/categories?post=761672"},{"taxonomy":"post_tag","embeddable":true,"href":"https:\/\/kohenavocats.com\/en\/wp-json\/wp\/v2\/tags?post=761672"}],"curies":[{"name":"wp","href":"https:\/\/api.w.org\/{rel}","templated":true}]}}