{"id":769460,"date":"2026-04-30T02:35:49","date_gmt":"2026-04-30T00:35:49","guid":{"rendered":"https:\/\/kohenavocats.com\/tribunal-judiciaire-de-marseille-le-8-janvier-2026-n25-00493\/"},"modified":"2026-04-30T02:35:49","modified_gmt":"2026-04-30T00:35:49","slug":"tribunal-judiciaire-de-marseille-le-8-janvier-2026-n25-00493","status":"publish","type":"post","link":"https:\/\/kohenavocats.com\/en\/tribunal-judiciaire-de-marseille-le-8-janvier-2026-n25-00493\/","title":{"rendered":"Tribunal judiciaire de Marseille, le 8 janvier 2026, n\u00b025\/00493"},"content":{"rendered":"<div class='article-content'>\n<p>Le juge des contentieux de la protection du tribunal judiciaire de Marseille a rendu une ordonnance de r\u00e9f\u00e9r\u00e9 le 5 mars 2026. Un bailleur social avait assign\u00e9 ses locataires pour constater l&#8217;acquisition d&#8217;une clause r\u00e9solutoire et obtenir leur expulsion en raison d&#8217;impay\u00e9s locatifs. Les locataires avaient obtenu un plan de surendettement imposant une suspension de l&#8217;exigibilit\u00e9 de la dette locative. La question de droit portait sur la compatibilit\u00e9 entre l&#8217;acquisition de la clause r\u00e9solutoire et les mesures impos\u00e9es par la commission de surendettement. Le juge a d\u00e9clar\u00e9 la demande recevable, constat\u00e9 l&#8217;acquisition de la clause r\u00e9solutoire, mais en a suspendu les effets pour vingt-quatre mois.<\/p>\n<p>L&#8217;office du juge des r\u00e9f\u00e9r\u00e9s face \u00e0 une proc\u00e9dure de surendettement en cours.<\/p>\n<p>Le juge a d&#8217;abord v\u00e9rifi\u00e9 la recevabilit\u00e9 de la demande du bailleur en contr\u00f4lant le respect des notifications pr\u00e9alables. Il a relev\u00e9 que <em>&#8220;la situation d&#8217;impay\u00e9s a \u00e9t\u00e9 signal\u00e9e \u00e0 la CCAPEX le 25 septembre 2024, soit deux mois au moins avant la d\u00e9livrance de l&#8217;assignation le 21 janvier 2025&#8221;<\/em> (Motifs). Cette solution rappelle que le non-respect de ces formalit\u00e9s est une fin de non-recevoir d&#8217;ordre public. La valeur de ce contr\u00f4le est ainsi de garantir la protection pr\u00e9ventive du locataire avant toute action judiciaire. La port\u00e9e est pratique car elle impose au bailleur une rigueur proc\u00e9durale absolue.<\/p>\n<p>Le juge a ensuite constat\u00e9 l&#8217;acquisition de la clause r\u00e9solutoire au 25 novembre 2024, apr\u00e8s l&#8217;expiration du d\u00e9lai de deux mois suivant le commandement. Il a cependant imm\u00e9diatement suspendu ses effets en application de l&#8217;article 24 VI de la loi du 6 juillet 1989. Il a accord\u00e9 un d\u00e9lai de vingt-quatre mois, correspondant \u00e0 la suspension de vingt et un mois impos\u00e9e par la commission, prolong\u00e9e de trois mois. Cette articulation permet de concilier la constatation juridique de la r\u00e9siliation avec la protection sociale du locataire surendett\u00e9. La port\u00e9e est essentielle car elle subordonne le maintien des effets de la clause au paiement du loyer courant.<\/p>\n<p>La condamnation provisionnelle et l&#8217;articulation avec les mesures de surendettement.<\/p>\n<p>Le juge a condamn\u00e9 solidairement les locataires \u00e0 payer une provision de 3 611,71 euros au titre de l&#8217;arri\u00e9r\u00e9 locatif. Il a d\u00e9duit du d\u00e9compte les frais de proc\u00e9dure, estimant que <em>&#8220;le co\u00fbt des actes est inclus dans les d\u00e9pens&#8221;<\/em> (Motifs). Cette pr\u00e9cision rappelle la distinction entre les sommes dues au titre du contrat et les frais accessoires de justice. La valeur de cette solution est de cantonner la provision aux seules obligations contractuelles non s\u00e9rieusement contestables. La port\u00e9e est de prot\u00e9ger le locataire contre une double facturation des frais de justice.<\/p>\n<p>Enfin, le juge a suspendu l&#8217;exigibilit\u00e9 de cette dette locative jusqu&#8217;au 31 ao\u00fbt 2027, conform\u00e9ment au plan de surendettement. Il a assorti cette suspension d&#8217;une clause de d\u00e9ch\u00e9ance du terme en cas de non-paiement du loyer courant. Cette mesure permet au locataire de se maintenir dans les lieux tout en apurant sa dette selon les modalit\u00e9s impos\u00e9es. La valeur de cette d\u00e9cision est de donner plein effet aux d\u00e9cisions de la commission de surendettement. La port\u00e9e est de rappeler que la suspension des effets de la clause r\u00e9solutoire reste conditionn\u00e9e \u00e0 la bonne ex\u00e9cution du plan.<\/p>\n<\/div>\n","protected":false},"excerpt":{"rendered":"<p>Le juge des contentieux de la protection du tribunal judiciaire de Marseille a rendu une ordonnance de r\u00e9f\u00e9r\u00e9 le 5 mars 2026. Un bailleur social avait&#8230;<\/p>\n","protected":false},"author":232070755,"featured_media":4827,"comment_status":"open","ping_status":"open","sticky":false,"template":"","format":"standard","meta":{"_crdt_document":"","_jetpack_newsletter_access":"","_jetpack_dont_email_post_to_subs":false,"_jetpack_newsletter_tier_id":0,"_jetpack_memberships_contains_paywalled_content":false,"_kj_source_type":"judilibre","_kj_official_id":"69af4d19cdc6046d4715987b","_kj_official_url":"https:\/\/www.courdecassation.fr\/decision\/69af4d19cdc6046d4715987b","_kj_judilibre_id":"69af4d19cdc6046d4715987b","_kj_jur":"Tribunal judiciaire","_kj_lieu":"Marseille","_kj_chambre":"0P3 P.Prox.R\u00e9f\u00e9r\u00e9s","_kj_rg":"25\/00493","_kj_date":"2026-01-08","_jetpack_memberships_contains_paid_content":false,"footnotes":"","jetpack_post_was_ever_published":false},"categories":[6454,6440],"tags":[],"class_list":["post-769460","post","type-post","status-publish","format-standard","has-post-thumbnail","hentry","category-decisions-juridiques","category-tribunal-judiciaire"],"yoast_head":"<!-- This site is optimized with the Yoast SEO Premium plugin v27.5 (Yoast SEO v27.5) - https:\/\/yoast.com\/product\/yoast-seo-premium-wordpress\/ -->\n<title>Tribunal judiciaire de Marseille, le 8 janvier 2026, n\u00b025\/00493 - Ma\u00eetre Hassan Kohen, avocat en droit p\u00e9nal \u00e0 Paris<\/title>\n<meta name=\"description\" content=\"Le juge des contentieux de la protection du tribunal judiciaire de Marseille a rendu une ordonnance de r\u00e9f\u00e9r\u00e9 le 5 mars 2026. Un bailleur social avait...\" \/>\n<meta name=\"robots\" content=\"index, follow, max-snippet:-1, max-image-preview:large, max-video-preview:-1\" \/>\n<link rel=\"canonical\" href=\"https:\/\/kohenavocats.com\/en\/tribunal-judiciaire-de-marseille-le-8-janvier-2026-n25-00493\/\" \/>\n<meta property=\"og:locale\" content=\"en_US\" \/>\n<meta property=\"og:type\" content=\"article\" \/>\n<meta property=\"og:title\" content=\"Tribunal judiciaire de Marseille, le 8 janvier 2026, n\u00b025\/00493\" \/>\n<meta property=\"og:description\" content=\"Le juge des contentieux de la protection du tribunal judiciaire de Marseille a rendu une ordonnance de r\u00e9f\u00e9r\u00e9 le 5 mars 2026. Un bailleur social avait...\" \/>\n<meta property=\"og:url\" content=\"https:\/\/kohenavocats.com\/en\/tribunal-judiciaire-de-marseille-le-8-janvier-2026-n25-00493\/\" \/>\n<meta property=\"og:site_name\" content=\"Ma\u00eetre Hassan Kohen, avocat en droit p\u00e9nal \u00e0 Paris\" \/>\n<meta property=\"article:published_time\" content=\"2026-04-30T00:35:49+00:00\" \/>\n<meta property=\"og:image\" content=\"https:\/\/kohenavocats.com\/wp-content\/uploads\/2024\/08\/luke-michael-DUV8TJtD2QY-unsplash-1.webp\" \/>\n\t<meta property=\"og:image:width\" content=\"4928\" \/>\n\t<meta property=\"og:image:height\" content=\"3264\" \/>\n\t<meta property=\"og:image:type\" content=\"image\/webp\" \/>\n<meta name=\"author\" content=\"Kohen\" \/>\n<meta name=\"twitter:card\" content=\"summary_large_image\" \/>\n<meta name=\"twitter:label1\" content=\"Written by\" \/>\n\t<meta name=\"twitter:data1\" content=\"Kohen\" \/>\n\t<meta name=\"twitter:label2\" content=\"Est. reading time\" \/>\n\t<meta name=\"twitter:data2\" content=\"3 minutes\" \/>\n<script type=\"application\/ld+json\" class=\"yoast-schema-graph\">{\"@context\":\"https:\\\/\\\/schema.org\",\"@graph\":[{\"@type\":\"Article\",\"@id\":\"https:\\\/\\\/kohenavocats.com\\\/en\\\/tribunal-judiciaire-de-marseille-le-8-janvier-2026-n25-00493\\\/#article\",\"isPartOf\":{\"@id\":\"https:\\\/\\\/kohenavocats.com\\\/en\\\/tribunal-judiciaire-de-marseille-le-8-janvier-2026-n25-00493\\\/\"},\"author\":{\"name\":\"Kohen\",\"@id\":\"https:\\\/\\\/kohenavocats.com\\\/en\\\/#\\\/schema\\\/person\\\/761c9ba54fa1ca84d405cef0831ff751\"},\"headline\":\"Tribunal judiciaire de Marseille, le 8 janvier 2026, n\u00b025\\\/00493\",\"datePublished\":\"2026-04-30T00:35:49+00:00\",\"mainEntityOfPage\":{\"@id\":\"https:\\\/\\\/kohenavocats.com\\\/en\\\/tribunal-judiciaire-de-marseille-le-8-janvier-2026-n25-00493\\\/\"},\"wordCount\":580,\"commentCount\":0,\"publisher\":{\"@id\":\"https:\\\/\\\/kohenavocats.com\\\/en\\\/#organization\"},\"image\":{\"@id\":\"https:\\\/\\\/kohenavocats.com\\\/en\\\/tribunal-judiciaire-de-marseille-le-8-janvier-2026-n25-00493\\\/#primaryimage\"},\"thumbnailUrl\":\"https:\\\/\\\/kohenavocats.com\\\/wp-content\\\/uploads\\\/2024\\\/08\\\/luke-michael-DUV8TJtD2QY-unsplash-1.webp\",\"articleSection\":[\"D\u00e9cisions juridiques\",\"Tribunal judiciaire\"],\"inLanguage\":\"en-US\",\"potentialAction\":[{\"@type\":\"CommentAction\",\"name\":\"Comment\",\"target\":[\"https:\\\/\\\/kohenavocats.com\\\/en\\\/tribunal-judiciaire-de-marseille-le-8-janvier-2026-n25-00493\\\/#respond\"]}],\"citation\":\"Tribunal judiciaire de Marseille, le 8 janvier 2026, n\u00b025\\\/00493\",\"about\":[{\"@type\":\"Thing\",\"name\":\"D\u00e9cisions juridiques\"},{\"@type\":\"Thing\",\"name\":\"Tribunal judiciaire\"}],\"dateModified\":\"2026-04-30T00:35:49+00:00\",\"speakable\":{\"@type\":\"SpeakableSpecification\",\"cssSelector\":[\".article-content > p:first-of-type\"]}},{\"@type\":\"WebPage\",\"@id\":\"https:\\\/\\\/kohenavocats.com\\\/en\\\/tribunal-judiciaire-de-marseille-le-8-janvier-2026-n25-00493\\\/\",\"url\":\"https:\\\/\\\/kohenavocats.com\\\/en\\\/tribunal-judiciaire-de-marseille-le-8-janvier-2026-n25-00493\\\/\",\"name\":\"Tribunal judiciaire de Marseille, le 8 janvier 2026, n\u00b025\\\/00493 - Ma\u00eetre Hassan Kohen, avocat en droit p\u00e9nal \u00e0 Paris\",\"isPartOf\":{\"@id\":\"https:\\\/\\\/kohenavocats.com\\\/en\\\/#website\"},\"primaryImageOfPage\":{\"@id\":\"https:\\\/\\\/kohenavocats.com\\\/en\\\/tribunal-judiciaire-de-marseille-le-8-janvier-2026-n25-00493\\\/#primaryimage\"},\"image\":{\"@id\":\"https:\\\/\\\/kohenavocats.com\\\/en\\\/tribunal-judiciaire-de-marseille-le-8-janvier-2026-n25-00493\\\/#primaryimage\"},\"thumbnailUrl\":\"https:\\\/\\\/kohenavocats.com\\\/wp-content\\\/uploads\\\/2024\\\/08\\\/luke-michael-DUV8TJtD2QY-unsplash-1.webp\",\"datePublished\":\"2026-04-30T00:35:49+00:00\",\"description\":\"Le juge des contentieux de la protection du tribunal judiciaire de Marseille a rendu une ordonnance de r\u00e9f\u00e9r\u00e9 le 5 mars 2026. Un bailleur social avait...\",\"breadcrumb\":{\"@id\":\"https:\\\/\\\/kohenavocats.com\\\/en\\\/tribunal-judiciaire-de-marseille-le-8-janvier-2026-n25-00493\\\/#breadcrumb\"},\"inLanguage\":\"en-US\",\"potentialAction\":[{\"@type\":\"ReadAction\",\"target\":[\"https:\\\/\\\/kohenavocats.com\\\/en\\\/tribunal-judiciaire-de-marseille-le-8-janvier-2026-n25-00493\\\/\"]}]},{\"@type\":\"ImageObject\",\"inLanguage\":\"en-US\",\"@id\":\"https:\\\/\\\/kohenavocats.com\\\/en\\\/tribunal-judiciaire-de-marseille-le-8-janvier-2026-n25-00493\\\/#primaryimage\",\"url\":\"https:\\\/\\\/kohenavocats.com\\\/wp-content\\\/uploads\\\/2024\\\/08\\\/luke-michael-DUV8TJtD2QY-unsplash-1.webp\",\"contentUrl\":\"https:\\\/\\\/kohenavocats.com\\\/wp-content\\\/uploads\\\/2024\\\/08\\\/luke-michael-DUV8TJtD2QY-unsplash-1.webp\",\"width\":4928,\"height\":3264},{\"@type\":\"BreadcrumbList\",\"@id\":\"https:\\\/\\\/kohenavocats.com\\\/en\\\/tribunal-judiciaire-de-marseille-le-8-janvier-2026-n25-00493\\\/#breadcrumb\",\"itemListElement\":[{\"@type\":\"ListItem\",\"position\":1,\"name\":\"Home\",\"item\":\"https:\\\/\\\/kohenavocats.com\\\/en\\\/criminal-law-attorneys-in-paris-counsel-and-strategic-defense\\\/\"},{\"@type\":\"ListItem\",\"position\":2,\"name\":\"Tribunal judiciaire de Marseille, le 8 janvier 2026, n\u00b025\\\/00493\"}]},{\"@type\":\"WebSite\",\"@id\":\"https:\\\/\\\/kohenavocats.com\\\/en\\\/#website\",\"url\":\"https:\\\/\\\/kohenavocats.com\\\/en\\\/\",\"name\":\"Kohen Avocats\",\"description\":\"Ma\u00eetre Hassan Kohen, avocat p\u00e9naliste \u00e0 Paris, intervient exclusivement en droit p\u00e9nal pour la d\u00e9fense des particuliers, notamment en mati\u00e8re d\u2019accusations de viol. Il assure un accompagnement rigoureux d\u00e8s la garde \u00e0 vue jusqu\u2019\u00e0 la Cour d\u2019assises, veillant au strict respect des garanties proc\u00e9durales.\",\"publisher\":{\"@id\":\"https:\\\/\\\/kohenavocats.com\\\/en\\\/#organization\"},\"potentialAction\":[{\"@type\":\"SearchAction\",\"target\":{\"@type\":\"EntryPoint\",\"urlTemplate\":\"https:\\\/\\\/kohenavocats.com\\\/en\\\/?s={search_term_string}\"},\"query-input\":{\"@type\":\"PropertyValueSpecification\",\"valueRequired\":true,\"valueName\":\"search_term_string\"}}],\"inLanguage\":\"en-US\"},{\"@type\":\"Organization\",\"@id\":\"https:\\\/\\\/kohenavocats.com\\\/en\\\/#organization\",\"name\":\"Kohen Avocats\",\"url\":\"https:\\\/\\\/kohenavocats.com\\\/en\\\/\",\"logo\":{\"@type\":\"ImageObject\",\"inLanguage\":\"en-US\",\"@id\":\"https:\\\/\\\/kohenavocats.com\\\/en\\\/#\\\/schema\\\/logo\\\/image\\\/\",\"url\":\"https:\\\/\\\/kohenavocats.com\\\/wp-content\\\/uploads\\\/2026\\\/01\\\/Logo-2-1.webp\",\"contentUrl\":\"https:\\\/\\\/kohenavocats.com\\\/wp-content\\\/uploads\\\/2026\\\/01\\\/Logo-2-1.webp\",\"width\":2114,\"height\":1253,\"caption\":\"Kohen Avocats\"},\"image\":{\"@id\":\"https:\\\/\\\/kohenavocats.com\\\/en\\\/#\\\/schema\\\/logo\\\/image\\\/\"}},{\"@type\":\"Person\",\"@id\":\"https:\\\/\\\/kohenavocats.com\\\/en\\\/#\\\/schema\\\/person\\\/761c9ba54fa1ca84d405cef0831ff751\",\"name\":\"Kohen\",\"image\":{\"@type\":\"ImageObject\",\"inLanguage\":\"en-US\",\"@id\":\"https:\\\/\\\/secure.gravatar.com\\\/avatar\\\/1c5e76ef76bbbfdd2b4da984e2bf2fa4056fd51a27d25ce2c332047f1dfd6e00?s=96&d=identicon&r=g\",\"url\":\"https:\\\/\\\/secure.gravatar.com\\\/avatar\\\/1c5e76ef76bbbfdd2b4da984e2bf2fa4056fd51a27d25ce2c332047f1dfd6e00?s=96&d=identicon&r=g\",\"contentUrl\":\"https:\\\/\\\/secure.gravatar.com\\\/avatar\\\/1c5e76ef76bbbfdd2b4da984e2bf2fa4056fd51a27d25ce2c332047f1dfd6e00?s=96&d=identicon&r=g\",\"caption\":\"Kohen\"},\"sameAs\":[\"https:\\\/\\\/www.linkedin.com\\\/in\\\/hassan-kohen-448548192\\\/\",\"https:\\\/\\\/www.youtube.com\\\/@Kohen-Avocats\"],\"url\":\"https:\\\/\\\/kohenavocats.com\\\/en\\\/author\\\/kohenmlk\\\/\"}]}<\/script>\n<!-- \/ Yoast SEO Premium plugin. -->","yoast_head_json":{"title":"Tribunal judiciaire de Marseille, le 8 janvier 2026, n\u00b025\/00493 - Ma\u00eetre Hassan Kohen, avocat en droit p\u00e9nal \u00e0 Paris","description":"Le juge des contentieux de la protection du tribunal judiciaire de Marseille a rendu une ordonnance de r\u00e9f\u00e9r\u00e9 le 5 mars 2026. Un bailleur social avait...","robots":{"index":"index","follow":"follow","max-snippet":"max-snippet:-1","max-image-preview":"max-image-preview:large","max-video-preview":"max-video-preview:-1"},"canonical":"https:\/\/kohenavocats.com\/en\/tribunal-judiciaire-de-marseille-le-8-janvier-2026-n25-00493\/","og_locale":"en_US","og_type":"article","og_title":"Tribunal judiciaire de Marseille, le 8 janvier 2026, n\u00b025\/00493","og_description":"Le juge des contentieux de la protection du tribunal judiciaire de Marseille a rendu une ordonnance de r\u00e9f\u00e9r\u00e9 le 5 mars 2026. Un bailleur social avait...","og_url":"https:\/\/kohenavocats.com\/en\/tribunal-judiciaire-de-marseille-le-8-janvier-2026-n25-00493\/","og_site_name":"Ma\u00eetre Hassan Kohen, avocat en droit p\u00e9nal \u00e0 Paris","article_published_time":"2026-04-30T00:35:49+00:00","og_image":[{"width":4928,"height":3264,"url":"https:\/\/kohenavocats.com\/wp-content\/uploads\/2024\/08\/luke-michael-DUV8TJtD2QY-unsplash-1.webp","type":"image\/webp"}],"author":"Kohen","twitter_card":"summary_large_image","twitter_misc":{"Written by":"Kohen","Est. reading time":"3 minutes"},"schema":{"@context":"https:\/\/schema.org","@graph":[{"@type":"Article","@id":"https:\/\/kohenavocats.com\/en\/tribunal-judiciaire-de-marseille-le-8-janvier-2026-n25-00493\/#article","isPartOf":{"@id":"https:\/\/kohenavocats.com\/en\/tribunal-judiciaire-de-marseille-le-8-janvier-2026-n25-00493\/"},"author":{"name":"Kohen","@id":"https:\/\/kohenavocats.com\/en\/#\/schema\/person\/761c9ba54fa1ca84d405cef0831ff751"},"headline":"Tribunal judiciaire de Marseille, le 8 janvier 2026, n\u00b025\/00493","datePublished":"2026-04-30T00:35:49+00:00","mainEntityOfPage":{"@id":"https:\/\/kohenavocats.com\/en\/tribunal-judiciaire-de-marseille-le-8-janvier-2026-n25-00493\/"},"wordCount":580,"commentCount":0,"publisher":{"@id":"https:\/\/kohenavocats.com\/en\/#organization"},"image":{"@id":"https:\/\/kohenavocats.com\/en\/tribunal-judiciaire-de-marseille-le-8-janvier-2026-n25-00493\/#primaryimage"},"thumbnailUrl":"https:\/\/kohenavocats.com\/wp-content\/uploads\/2024\/08\/luke-michael-DUV8TJtD2QY-unsplash-1.webp","articleSection":["D\u00e9cisions juridiques","Tribunal judiciaire"],"inLanguage":"en-US","potentialAction":[{"@type":"CommentAction","name":"Comment","target":["https:\/\/kohenavocats.com\/en\/tribunal-judiciaire-de-marseille-le-8-janvier-2026-n25-00493\/#respond"]}],"citation":"Tribunal judiciaire de Marseille, le 8 janvier 2026, n\u00b025\/00493","about":[{"@type":"Thing","name":"D\u00e9cisions juridiques"},{"@type":"Thing","name":"Tribunal judiciaire"}],"dateModified":"2026-04-30T00:35:49+00:00","speakable":{"@type":"SpeakableSpecification","cssSelector":[".article-content > p:first-of-type"]}},{"@type":"WebPage","@id":"https:\/\/kohenavocats.com\/en\/tribunal-judiciaire-de-marseille-le-8-janvier-2026-n25-00493\/","url":"https:\/\/kohenavocats.com\/en\/tribunal-judiciaire-de-marseille-le-8-janvier-2026-n25-00493\/","name":"Tribunal judiciaire de Marseille, le 8 janvier 2026, n\u00b025\/00493 - Ma\u00eetre Hassan Kohen, avocat en droit p\u00e9nal \u00e0 Paris","isPartOf":{"@id":"https:\/\/kohenavocats.com\/en\/#website"},"primaryImageOfPage":{"@id":"https:\/\/kohenavocats.com\/en\/tribunal-judiciaire-de-marseille-le-8-janvier-2026-n25-00493\/#primaryimage"},"image":{"@id":"https:\/\/kohenavocats.com\/en\/tribunal-judiciaire-de-marseille-le-8-janvier-2026-n25-00493\/#primaryimage"},"thumbnailUrl":"https:\/\/kohenavocats.com\/wp-content\/uploads\/2024\/08\/luke-michael-DUV8TJtD2QY-unsplash-1.webp","datePublished":"2026-04-30T00:35:49+00:00","description":"Le juge des contentieux de la protection du tribunal judiciaire de Marseille a rendu une ordonnance de r\u00e9f\u00e9r\u00e9 le 5 mars 2026. Un bailleur social avait...","breadcrumb":{"@id":"https:\/\/kohenavocats.com\/en\/tribunal-judiciaire-de-marseille-le-8-janvier-2026-n25-00493\/#breadcrumb"},"inLanguage":"en-US","potentialAction":[{"@type":"ReadAction","target":["https:\/\/kohenavocats.com\/en\/tribunal-judiciaire-de-marseille-le-8-janvier-2026-n25-00493\/"]}]},{"@type":"ImageObject","inLanguage":"en-US","@id":"https:\/\/kohenavocats.com\/en\/tribunal-judiciaire-de-marseille-le-8-janvier-2026-n25-00493\/#primaryimage","url":"https:\/\/kohenavocats.com\/wp-content\/uploads\/2024\/08\/luke-michael-DUV8TJtD2QY-unsplash-1.webp","contentUrl":"https:\/\/kohenavocats.com\/wp-content\/uploads\/2024\/08\/luke-michael-DUV8TJtD2QY-unsplash-1.webp","width":4928,"height":3264},{"@type":"BreadcrumbList","@id":"https:\/\/kohenavocats.com\/en\/tribunal-judiciaire-de-marseille-le-8-janvier-2026-n25-00493\/#breadcrumb","itemListElement":[{"@type":"ListItem","position":1,"name":"Home","item":"https:\/\/kohenavocats.com\/en\/criminal-law-attorneys-in-paris-counsel-and-strategic-defense\/"},{"@type":"ListItem","position":2,"name":"Tribunal judiciaire de Marseille, le 8 janvier 2026, n\u00b025\/00493"}]},{"@type":"WebSite","@id":"https:\/\/kohenavocats.com\/en\/#website","url":"https:\/\/kohenavocats.com\/en\/","name":"Kohen Avocats","description":"Ma\u00eetre Hassan Kohen, avocat p\u00e9naliste \u00e0 Paris, intervient exclusivement en droit p\u00e9nal pour la d\u00e9fense des particuliers, notamment en mati\u00e8re d\u2019accusations de viol. Il assure un accompagnement rigoureux d\u00e8s la garde \u00e0 vue jusqu\u2019\u00e0 la Cour d\u2019assises, veillant au strict respect des garanties proc\u00e9durales.","publisher":{"@id":"https:\/\/kohenavocats.com\/en\/#organization"},"potentialAction":[{"@type":"SearchAction","target":{"@type":"EntryPoint","urlTemplate":"https:\/\/kohenavocats.com\/en\/?s={search_term_string}"},"query-input":{"@type":"PropertyValueSpecification","valueRequired":true,"valueName":"search_term_string"}}],"inLanguage":"en-US"},{"@type":"Organization","@id":"https:\/\/kohenavocats.com\/en\/#organization","name":"Kohen Avocats","url":"https:\/\/kohenavocats.com\/en\/","logo":{"@type":"ImageObject","inLanguage":"en-US","@id":"https:\/\/kohenavocats.com\/en\/#\/schema\/logo\/image\/","url":"https:\/\/kohenavocats.com\/wp-content\/uploads\/2026\/01\/Logo-2-1.webp","contentUrl":"https:\/\/kohenavocats.com\/wp-content\/uploads\/2026\/01\/Logo-2-1.webp","width":2114,"height":1253,"caption":"Kohen Avocats"},"image":{"@id":"https:\/\/kohenavocats.com\/en\/#\/schema\/logo\/image\/"}},{"@type":"Person","@id":"https:\/\/kohenavocats.com\/en\/#\/schema\/person\/761c9ba54fa1ca84d405cef0831ff751","name":"Kohen","image":{"@type":"ImageObject","inLanguage":"en-US","@id":"https:\/\/secure.gravatar.com\/avatar\/1c5e76ef76bbbfdd2b4da984e2bf2fa4056fd51a27d25ce2c332047f1dfd6e00?s=96&d=identicon&r=g","url":"https:\/\/secure.gravatar.com\/avatar\/1c5e76ef76bbbfdd2b4da984e2bf2fa4056fd51a27d25ce2c332047f1dfd6e00?s=96&d=identicon&r=g","contentUrl":"https:\/\/secure.gravatar.com\/avatar\/1c5e76ef76bbbfdd2b4da984e2bf2fa4056fd51a27d25ce2c332047f1dfd6e00?s=96&d=identicon&r=g","caption":"Kohen"},"sameAs":["https:\/\/www.linkedin.com\/in\/hassan-kohen-448548192\/","https:\/\/www.youtube.com\/@Kohen-Avocats"],"url":"https:\/\/kohenavocats.com\/en\/author\/kohenmlk\/"}]}},"jetpack_featured_media_url":"https:\/\/kohenavocats.com\/wp-content\/uploads\/2024\/08\/luke-michael-DUV8TJtD2QY-unsplash-1.webp","jetpack_likes_enabled":false,"jetpack_shortlink":"https:\/\/wp.me\/peCrII-3eaE","jetpack-related-posts":[{"id":651842,"url":"https:\/\/kohenavocats.com\/en\/tribunal-judiciaire-de-marseille-le-22-mai-2025-n25-01908\/","url_meta":{"origin":769460,"position":0},"title":"Tribunal judiciaire de Marseille, le 22 mai 2025, n\u00b025\/01908","author":"Kohen","date":"22 April 2026","format":false,"excerpt":"Le juge des contentieux de la protection, statuant en r\u00e9f\u00e9r\u00e9, rend une ordonnance le 22 mai 2025. Il se prononce sur une demande de constatation de r\u00e9siliati...","rel":"","context":"In &quot;Jurisprudence&quot;","block_context":{"text":"Jurisprudence","link":"https:\/\/kohenavocats.com\/category\/jurisprudence\/"},"img":{"alt_text":"","src":"https:\/\/i0.wp.com\/kohenavocats.com\/wp-content\/uploads\/2024\/11\/pawel-czerwinski-ZJk8NX0aR8s-unsplash.webp?resize=350%2C200&ssl=1","width":350,"height":200,"srcset":"https:\/\/i0.wp.com\/kohenavocats.com\/wp-content\/uploads\/2024\/11\/pawel-czerwinski-ZJk8NX0aR8s-unsplash.webp?resize=350%2C200&ssl=1 1x, https:\/\/i0.wp.com\/kohenavocats.com\/wp-content\/uploads\/2024\/11\/pawel-czerwinski-ZJk8NX0aR8s-unsplash.webp?resize=525%2C300&ssl=1 1.5x, https:\/\/i0.wp.com\/kohenavocats.com\/wp-content\/uploads\/2024\/11\/pawel-czerwinski-ZJk8NX0aR8s-unsplash.webp?resize=700%2C400&ssl=1 2x, https:\/\/i0.wp.com\/kohenavocats.com\/wp-content\/uploads\/2024\/11\/pawel-czerwinski-ZJk8NX0aR8s-unsplash.webp?resize=1050%2C600&ssl=1 3x, https:\/\/i0.wp.com\/kohenavocats.com\/wp-content\/uploads\/2024\/11\/pawel-czerwinski-ZJk8NX0aR8s-unsplash.webp?resize=1400%2C800&ssl=1 4x"},"classes":[]},{"id":670779,"url":"https:\/\/kohenavocats.com\/en\/tribunal-judiciaire-de-marseille-le-18-septembre-2025-n25-03540\/","url_meta":{"origin":769460,"position":1},"title":"Tribunal judiciaire de Marseille, le 18 septembre 2025, n\u00b025\/03540","author":"Kohen","date":"24 April 2026","format":false,"excerpt":"Le juge des contentieux de la protection, statuant en r\u00e9f\u00e9r\u00e9, a rendu une ordonnance le 18 septembre 2025. Le bailleur a assign\u00e9 la locataire pour constater ...","rel":"","context":"In &quot;Immobilier&quot;","block_context":{"text":"Immobilier","link":"https:\/\/kohenavocats.com\/category\/immobilier\/"},"img":{"alt_text":"","src":"https:\/\/i0.wp.com\/kohenavocats.com\/wp-content\/uploads\/2024\/11\/virginia-marinova-35wSdu41mac-unsplash.webp?resize=350%2C200&ssl=1","width":350,"height":200,"srcset":"https:\/\/i0.wp.com\/kohenavocats.com\/wp-content\/uploads\/2024\/11\/virginia-marinova-35wSdu41mac-unsplash.webp?resize=350%2C200&ssl=1 1x, https:\/\/i0.wp.com\/kohenavocats.com\/wp-content\/uploads\/2024\/11\/virginia-marinova-35wSdu41mac-unsplash.webp?resize=525%2C300&ssl=1 1.5x, https:\/\/i0.wp.com\/kohenavocats.com\/wp-content\/uploads\/2024\/11\/virginia-marinova-35wSdu41mac-unsplash.webp?resize=700%2C400&ssl=1 2x, https:\/\/i0.wp.com\/kohenavocats.com\/wp-content\/uploads\/2024\/11\/virginia-marinova-35wSdu41mac-unsplash.webp?resize=1050%2C600&ssl=1 3x, https:\/\/i0.wp.com\/kohenavocats.com\/wp-content\/uploads\/2024\/11\/virginia-marinova-35wSdu41mac-unsplash.webp?resize=1400%2C800&ssl=1 4x"},"classes":[]},{"id":626241,"url":"https:\/\/kohenavocats.com\/en\/tribunal-judiciaire-de-marseille-le-16-octobre-2025-n25-03758\/","url_meta":{"origin":769460,"position":2},"title":"Tribunal judiciaire de Marseille, le 16 octobre 2025, n\u00b025\/03758","author":"Kohen","date":"20 April 2026","format":false,"excerpt":"Le juge des contentieux de la protection, statuant en r\u00e9f\u00e9r\u00e9, a rendu une ordonnance le 16 octobre 2025. Un bailleur social a engag\u00e9 une proc\u00e9dure en r\u00e9silia...","rel":"","context":"In &quot;Jurisprudence&quot;","block_context":{"text":"Jurisprudence","link":"https:\/\/kohenavocats.com\/category\/jurisprudence\/"},"img":{"alt_text":"","src":"https:\/\/i0.wp.com\/kohenavocats.com\/wp-content\/uploads\/2024\/08\/nicolas-hippert-xcIwC9TZnL4-unsplash.webp?resize=350%2C200&ssl=1","width":350,"height":200,"srcset":"https:\/\/i0.wp.com\/kohenavocats.com\/wp-content\/uploads\/2024\/08\/nicolas-hippert-xcIwC9TZnL4-unsplash.webp?resize=350%2C200&ssl=1 1x, https:\/\/i0.wp.com\/kohenavocats.com\/wp-content\/uploads\/2024\/08\/nicolas-hippert-xcIwC9TZnL4-unsplash.webp?resize=525%2C300&ssl=1 1.5x, https:\/\/i0.wp.com\/kohenavocats.com\/wp-content\/uploads\/2024\/08\/nicolas-hippert-xcIwC9TZnL4-unsplash.webp?resize=700%2C400&ssl=1 2x, https:\/\/i0.wp.com\/kohenavocats.com\/wp-content\/uploads\/2024\/08\/nicolas-hippert-xcIwC9TZnL4-unsplash.webp?resize=1050%2C600&ssl=1 3x, https:\/\/i0.wp.com\/kohenavocats.com\/wp-content\/uploads\/2024\/08\/nicolas-hippert-xcIwC9TZnL4-unsplash.webp?resize=1400%2C800&ssl=1 4x"},"classes":[]},{"id":290079,"url":"https:\/\/kohenavocats.com\/en\/tribunal-judiciaire-de-marseille-le-26-juin-2025-n24-07127\/","url_meta":{"origin":769460,"position":3},"title":"Tribunal judiciaire de Marseille, le 26 juin 2025, n\u00b024\/07127","author":"Kohen","date":"18 January 2026","format":false,"excerpt":"Le tribunal judiciaire de Marseille, juge des contentieux de la protection statuant en r\u00e9f\u00e9r\u00e9, a rendu le 17 juillet 2025 une ordonnance relative \u00e0 l\u2019articulation entre un plan de surendettement devenu d\u00e9finitif et des demandes d\u2019acquisition de la clause r\u00e9solutoire, d\u2019expulsion et de provision locative. Des bailleurs avaient consenti en\u2026","rel":"","context":"In &quot;D\u00e9cisions juridiques&quot;","block_context":{"text":"D\u00e9cisions juridiques","link":"https:\/\/kohenavocats.com\/category\/decisions-juridiques\/"},"img":{"alt_text":"","src":"https:\/\/i0.wp.com\/kohenavocats.com\/wp-content\/uploads\/2024\/11\/chris-barbalis-r4ytn1RdQas-unsplash.webp?resize=350%2C200&ssl=1","width":350,"height":200,"srcset":"https:\/\/i0.wp.com\/kohenavocats.com\/wp-content\/uploads\/2024\/11\/chris-barbalis-r4ytn1RdQas-unsplash.webp?resize=350%2C200&ssl=1 1x, https:\/\/i0.wp.com\/kohenavocats.com\/wp-content\/uploads\/2024\/11\/chris-barbalis-r4ytn1RdQas-unsplash.webp?resize=525%2C300&ssl=1 1.5x, https:\/\/i0.wp.com\/kohenavocats.com\/wp-content\/uploads\/2024\/11\/chris-barbalis-r4ytn1RdQas-unsplash.webp?resize=700%2C400&ssl=1 2x, https:\/\/i0.wp.com\/kohenavocats.com\/wp-content\/uploads\/2024\/11\/chris-barbalis-r4ytn1RdQas-unsplash.webp?resize=1050%2C600&ssl=1 3x, https:\/\/i0.wp.com\/kohenavocats.com\/wp-content\/uploads\/2024\/11\/chris-barbalis-r4ytn1RdQas-unsplash.webp?resize=1400%2C800&ssl=1 4x"},"classes":[]},{"id":478078,"url":"https:\/\/kohenavocats.com\/en\/tribunal-judiciaire-de-marseille-le-4-decembre-2025-n25-05899\/","url_meta":{"origin":769460,"position":4},"title":"Tribunal judiciaire de Marseille, le 4 d\u00e9cembre 2025, n\u00b025\/05899","author":"Kohen","date":"7 April 2026","format":false,"excerpt":"Le juge des contentieux de la protection, statuant en r\u00e9f\u00e9r\u00e9, a rendu une ordonnance le 4 d\u00e9cembre 2025. Le bailleur social demandait la constatation de la r...","rel":"","context":"In &quot;Jurisprudence&quot;","block_context":{"text":"Jurisprudence","link":"https:\/\/kohenavocats.com\/category\/jurisprudence\/"},"img":{"alt_text":"","src":"https:\/\/i0.wp.com\/kohenavocats.com\/wp-content\/uploads\/2024\/11\/samuel-pujades-3y1FUf7mjFw-unsplash.webp?resize=350%2C200&ssl=1","width":350,"height":200,"srcset":"https:\/\/i0.wp.com\/kohenavocats.com\/wp-content\/uploads\/2024\/11\/samuel-pujades-3y1FUf7mjFw-unsplash.webp?resize=350%2C200&ssl=1 1x, https:\/\/i0.wp.com\/kohenavocats.com\/wp-content\/uploads\/2024\/11\/samuel-pujades-3y1FUf7mjFw-unsplash.webp?resize=525%2C300&ssl=1 1.5x, https:\/\/i0.wp.com\/kohenavocats.com\/wp-content\/uploads\/2024\/11\/samuel-pujades-3y1FUf7mjFw-unsplash.webp?resize=700%2C400&ssl=1 2x, https:\/\/i0.wp.com\/kohenavocats.com\/wp-content\/uploads\/2024\/11\/samuel-pujades-3y1FUf7mjFw-unsplash.webp?resize=1050%2C600&ssl=1 3x, https:\/\/i0.wp.com\/kohenavocats.com\/wp-content\/uploads\/2024\/11\/samuel-pujades-3y1FUf7mjFw-unsplash.webp?resize=1400%2C800&ssl=1 4x"},"classes":[]},{"id":433527,"url":"https:\/\/kohenavocats.com\/en\/cour-dappel-de-aix-en-provence-le-26-fevrier-2026-n25-04437\/","url_meta":{"origin":769460,"position":5},"title":"Cour d&#8217;appel de Aix-en-Provence, le 26 f\u00e9vrier 2026, n\u00b025\/04437","author":"Kohen","date":"24 March 2026","format":false,"excerpt":"La Cour d\u2019appel d\u2019Aix-en-Provence, dans un arr\u00eat du 26 f\u00e9vrier 2026, a \u00e9t\u00e9 saisie d\u2019un litige locatif opposant un bailleur \u00e0 sa locataire. Cette derni\u00e8re, en situation de surendettement, contestait une ordonnance de r\u00e9f\u00e9r\u00e9 ayant constat\u00e9 la r\u00e9siliation du bail pour d\u00e9faut d\u2019assurance et ordonn\u00e9 son expulsion. Le juge des\u2026","rel":"","context":"In &quot;Cour d'appel&quot;","block_context":{"text":"Cour d'appel","link":"https:\/\/kohenavocats.com\/category\/cour-dappel\/"},"img":{"alt_text":"","src":"https:\/\/i0.wp.com\/kohenavocats.com\/wp-content\/uploads\/2024\/07\/claudio-testa-iqeG5xA96M4-unsplash.webp?resize=350%2C200&ssl=1","width":350,"height":200,"srcset":"https:\/\/i0.wp.com\/kohenavocats.com\/wp-content\/uploads\/2024\/07\/claudio-testa-iqeG5xA96M4-unsplash.webp?resize=350%2C200&ssl=1 1x, https:\/\/i0.wp.com\/kohenavocats.com\/wp-content\/uploads\/2024\/07\/claudio-testa-iqeG5xA96M4-unsplash.webp?resize=525%2C300&ssl=1 1.5x, https:\/\/i0.wp.com\/kohenavocats.com\/wp-content\/uploads\/2024\/07\/claudio-testa-iqeG5xA96M4-unsplash.webp?resize=700%2C400&ssl=1 2x, https:\/\/i0.wp.com\/kohenavocats.com\/wp-content\/uploads\/2024\/07\/claudio-testa-iqeG5xA96M4-unsplash.webp?resize=1050%2C600&ssl=1 3x, https:\/\/i0.wp.com\/kohenavocats.com\/wp-content\/uploads\/2024\/07\/claudio-testa-iqeG5xA96M4-unsplash.webp?resize=1400%2C800&ssl=1 4x"},"classes":[]}],"jetpack_sharing_enabled":true,"_links":{"self":[{"href":"https:\/\/kohenavocats.com\/en\/wp-json\/wp\/v2\/posts\/769460","targetHints":{"allow":["GET"]}}],"collection":[{"href":"https:\/\/kohenavocats.com\/en\/wp-json\/wp\/v2\/posts"}],"about":[{"href":"https:\/\/kohenavocats.com\/en\/wp-json\/wp\/v2\/types\/post"}],"author":[{"embeddable":true,"href":"https:\/\/kohenavocats.com\/en\/wp-json\/wp\/v2\/users\/232070755"}],"replies":[{"embeddable":true,"href":"https:\/\/kohenavocats.com\/en\/wp-json\/wp\/v2\/comments?post=769460"}],"version-history":[{"count":0,"href":"https:\/\/kohenavocats.com\/en\/wp-json\/wp\/v2\/posts\/769460\/revisions"}],"wp:featuredmedia":[{"embeddable":true,"href":"https:\/\/kohenavocats.com\/en\/wp-json\/wp\/v2\/media\/4827"}],"wp:attachment":[{"href":"https:\/\/kohenavocats.com\/en\/wp-json\/wp\/v2\/media?parent=769460"}],"wp:term":[{"taxonomy":"category","embeddable":true,"href":"https:\/\/kohenavocats.com\/en\/wp-json\/wp\/v2\/categories?post=769460"},{"taxonomy":"post_tag","embeddable":true,"href":"https:\/\/kohenavocats.com\/en\/wp-json\/wp\/v2\/tags?post=769460"}],"curies":[{"name":"wp","href":"https:\/\/api.w.org\/{rel}","templated":true}]}}