{"id":769560,"date":"2026-04-30T02:43:49","date_gmt":"2026-04-30T00:43:49","guid":{"rendered":"https:\/\/kohenavocats.com\/tribunal-de-commerce-de-commerce-daix-en-provence-le-8-janvier-2026-n2025016039\/"},"modified":"2026-04-30T02:43:49","modified_gmt":"2026-04-30T00:43:49","slug":"tribunal-de-commerce-de-commerce-daix-en-provence-le-8-janvier-2026-n2025016039","status":"publish","type":"post","link":"https:\/\/kohenavocats.com\/en\/tribunal-de-commerce-de-commerce-daix-en-provence-le-8-janvier-2026-n2025016039\/","title":{"rendered":"Tribunal de commerce de commerce d&#8217;Aix-en-Provence, le 8 janvier 2026, n\u00b02025016039"},"content":{"rendered":"<div class='article-content'>\n<style scoped>.toc-article{background:#f8f9fa;border:1px solid #e2e6ea;border-left:4px solid #2c5f8a;border-radius:6px;padding:20px 24px;margin:0 0 32px;font-size:15px;line-height:1.6}.toc-article p{margin:0 0 10px;font-size:16px;font-weight:600;color:#1a1a1a}.toc-article ul{list-style:none;margin:0;padding:0}.toc-article li.toc-h2{padding:4px 0}.toc-article li.toc-h3{padding:2px 0 2px 20px;font-size:14px}.toc-article a{color:#2c5f8a;text-decoration:none;border-bottom:1px dotted #a0b4c8}.toc-article a:hover{color:#1a3d5c;border-bottom-color:#1a3d5c}<\/style>\n<nav class=\"toc-article\" role=\"navigation\" aria-label=\"Sommaire\">\n<p>Sommaire<\/p>\n<ul>\n<li class=\"toc-h2\"><a href=\"#fondements-juridiques\">Fondements juridiques<\/a><\/li>\n<\/ul>\n<\/nav>\n<p>Le tribunal de commerce d\u2019Aix-en-Provence, par un jugement du 8 janvier 2026, a ouvert une liquidation judiciaire simplifi\u00e9e \u00e0 l\u2019encontre d\u2019une soci\u00e9t\u00e9 de conseil cr\u00e9\u00e9e en 2022. La soci\u00e9t\u00e9, d\u00e9bitrice, avait sollicit\u00e9 elle-m\u00eame l\u2019ouverture de cette proc\u00e9dure en raison de son impossibilit\u00e9 de faire face \u00e0 son passif. Elle pr\u00e9sentait un r\u00e9sultat n\u00e9gatif de cent mille euros en 2025 et un passif de quinze mille quatre cent dix-sept euros. La question juridique portait sur la r\u00e9union des conditions l\u00e9gales de la cessation des paiements et de l\u2019impossibilit\u00e9 manifeste de redressement. Le tribunal a constat\u00e9 ces \u00e9l\u00e9ments et prononc\u00e9 l\u2019ouverture de la liquidation judiciaire simplifi\u00e9e.<\/p>\n<p>La caract\u00e9risation de l\u2019\u00e9tat de cessation des paiements est le premier fondement de la d\u00e9cision.<\/p>\n<p>Le juge constate que la soci\u00e9t\u00e9 est dans l\u2019impossibilit\u00e9 de faire face \u00e0 son passif exigible avec son actif disponible. Il rel\u00e8ve que <em>&#8220;la soci\u00e9t\u00e9 se trouve dans l\u2019impossibilit\u00e9 de faire face \u00e0 son passif exigible avec son actif disponible&#8221;<\/em>. Cette appr\u00e9ciation repose sur les chiffres fournis \u00e0 l\u2019audience, notamment un r\u00e9sultat d\u00e9ficitaire et l\u2019absence de tr\u00e9sorerie. La solution est classique et conforme \u00e0 la d\u00e9finition l\u00e9gale de la cessation des paiements. Sa valeur est d\u2019illustrer l\u2019appr\u00e9ciation souveraine du tribunal sur la situation financi\u00e8re concr\u00e8te du d\u00e9biteur. La port\u00e9e de ce constat est de d\u00e9clencher irr\u00e9m\u00e9diablement la phase judiciaire collective.<\/p>\n<p>L\u2019impossibilit\u00e9 manifeste de tout redressement justifie le choix de la liquidation directe sans p\u00e9riode d\u2019observation.<\/p>\n<p>Le tribunal affirme que <em>&#8220;le redressement est manifestement impossible&#8221;<\/em> au vu de la demande et des explications fournies en chambre du conseil. Cette appr\u00e9ciation se fonde sur l\u2019absence de rentabilit\u00e9 depuis la cr\u00e9ation et la perte totale de client\u00e8le. La solution \u00e9carte toute tentative de sauvegarde ou de redressement judiciaire, conform\u00e9ment \u00e0 l\u2019article L.640-1 du code de commerce. Sa valeur est de rappeler que la liquidation peut \u00eatre ouverte d\u2019embl\u00e9e quand le redressement est vou\u00e9 \u00e0 l\u2019\u00e9chec. La port\u00e9e de cette d\u00e9cision est d\u2019\u00e9viter des frais inutiles pour une entreprise sans avenir \u00e9conomique viable.<\/p>\n<p>L\u2019application de la proc\u00e9dure simplifi\u00e9e est conditionn\u00e9e par la r\u00e9union des crit\u00e8res l\u00e9gaux sp\u00e9cifiques.<\/p>\n<p>Le juge consid\u00e8re que <em>&#8220;les conditions des articles L.641-2 et D.641-10 \u00e9tant r\u00e9unies&#8221;<\/em> autorisent le recours \u00e0 la liquidation judiciaire simplifi\u00e9e. Cette solution permet de r\u00e9duire les formalit\u00e9s et les d\u00e9lais de la proc\u00e9dure, ce qui est adapt\u00e9 \u00e0 une petite entreprise. Sa valeur est d\u2019assurer une gestion plus rapide et moins co\u00fbteuse pour un passif modeste. La port\u00e9e pratique est de fixer un d\u00e9lai de six mois pour l\u2019examen de la cl\u00f4ture, all\u00e9geant ainsi la charge du tribunal et du liquidateur.<\/p>\n<\/div>\n<style scoped>.fondements-juridiques{margin:40px 0 0;padding:0}.fondements-juridiques>h2{font-size:22px;color:#1a1a1a;border-bottom:2px solid #2c5f8a;padding-bottom:10px;margin-bottom:20px}.fj-article{background:#fdfdfd;border:1px solid #e8e8e8;border-radius:6px;padding:20px;margin-bottom:16px}.fj-article h3{font-size:17px;color:#2c5f8a;margin:0 0 12px;font-weight:600}.fj-texte{font-size:15px;line-height:1.7;color:#333}.fj-texte p{margin:8px 0}.fj-badge{font-size:11px;padding:2px 8px;border-radius:3px;margin-left:8px;font-weight:500;vertical-align:middle}.fj-en-vigueur{background:#e8f5e9;color:#2e7d32}.fj-abroge{background:#ffebee;color:#c62828}.fj-modifie{background:#fff3e0;color:#e65100}<\/style>\n<section class=\"fondements-juridiques\">\n<h2 id=\"fondements-juridiques\">Fondements juridiques<\/h2>\n<div class=\"fj-article\">\n<h3><a href=\"https:\/\/www.legifrance.gouv.fr\/codes\/article_lc\/LEGIARTI000006238437\" rel=\"nofollow\" target=\"_blank\">Article L. 640-1 du Code de commerce<\/a> <span class=\"fj-badge fj-en-vigueur\">En vigueur<\/span><\/h3>\n<div class=\"fj-texte\">\n<p>   Il est institu\u00e9 une proc\u00e9dure de liquidation judiciaire ouverte \u00e0 tout d\u00e9biteur mentionn\u00e9 \u00e0 l&#8217;article L. 640-2 en cessation des paiements et dont le redressement est manifestement impossible.<\/p>\n<\/p>\n<p>   La proc\u00e9dure de liquidation judiciaire est destin\u00e9e \u00e0 mettre fin \u00e0 l&#8217;activit\u00e9 de l&#8217;entreprise ou \u00e0 r\u00e9aliser le patrimoine du d\u00e9biteur par une cession globale ou s\u00e9par\u00e9e de ses droits et de ses biens.<\/p>\n<\/div>\n<\/div>\n<\/section>\n","protected":false},"excerpt":{"rendered":"<p>Le tribunal de commerce d\u2019Aix-en-Provence, par un jugement du 8 janvier 2026, a ouvert une liquidation judiciaire simplifi\u00e9e \u00e0 l\u2019encontre d\u2019une soci\u00e9t\u00e9 de&#8230;<\/p>\n","protected":false},"author":232070755,"featured_media":9566,"comment_status":"open","ping_status":"open","sticky":false,"template":"","format":"standard","meta":{"_crdt_document":"","_jetpack_newsletter_access":"","_jetpack_dont_email_post_to_subs":false,"_jetpack_newsletter_tier_id":0,"_jetpack_memberships_contains_paywalled_content":false,"_kj_source_type":"judilibre","_kj_official_id":"69a3c11ccdc6046d471b093e","_kj_official_url":"https:\/\/www.courdecassation.fr\/decision\/69a3c11ccdc6046d471b093e","_kj_judilibre_id":"69a3c11ccdc6046d471b093e","_kj_jur":"Tribunal de commerce","_kj_lieu":"Tribunal de commerce d'Aix-en-Provence","_kj_chambre":"CHAMBRE DU CONSEIL (OUVERTURES)","_kj_rg":"2025016039","_kj_date":"2026-01-08","_jetpack_memberships_contains_paid_content":false,"footnotes":"","jetpack_post_was_ever_published":false},"categories":[6454,7207],"tags":[],"class_list":["post-769560","post","type-post","status-publish","format-standard","has-post-thumbnail","hentry","category-decisions-juridiques","category-tribunal-de-commerce"],"yoast_head":"<!-- This site is optimized with the Yoast SEO Premium plugin v27.5 (Yoast SEO v27.5) - https:\/\/yoast.com\/product\/yoast-seo-premium-wordpress\/ -->\n<title>Tribunal de commerce de commerce d&#039;Aix-en-Provence, le 8 janvier 2026, n\u00b02025016039 - Ma\u00eetre Hassan Kohen, avocat en droit p\u00e9nal \u00e0 Paris<\/title>\n<meta name=\"description\" content=\"Le tribunal de commerce d\u2019Aix-en-Provence, par un jugement du 8 janvier 2026, a ouvert une liquidation judiciaire simplifi\u00e9e \u00e0 l\u2019encontre d\u2019une soci\u00e9t\u00e9 de...\" \/>\n<meta name=\"robots\" content=\"index, follow, max-snippet:-1, max-image-preview:large, max-video-preview:-1\" \/>\n<link rel=\"canonical\" href=\"https:\/\/kohenavocats.com\/en\/tribunal-de-commerce-de-commerce-daix-en-provence-le-8-janvier-2026-n2025016039\/\" \/>\n<meta property=\"og:locale\" content=\"en_US\" \/>\n<meta property=\"og:type\" content=\"article\" \/>\n<meta property=\"og:title\" content=\"Tribunal de commerce de commerce d&#039;Aix-en-Provence, le 8 janvier 2026, n\u00b02025016039\" \/>\n<meta property=\"og:description\" content=\"Le tribunal de commerce d\u2019Aix-en-Provence, par un jugement du 8 janvier 2026, a ouvert une liquidation judiciaire simplifi\u00e9e \u00e0 l\u2019encontre d\u2019une soci\u00e9t\u00e9 de...\" \/>\n<meta property=\"og:url\" content=\"https:\/\/kohenavocats.com\/en\/tribunal-de-commerce-de-commerce-daix-en-provence-le-8-janvier-2026-n2025016039\/\" \/>\n<meta property=\"og:site_name\" content=\"Ma\u00eetre Hassan Kohen, avocat en droit p\u00e9nal \u00e0 Paris\" \/>\n<meta property=\"article:published_time\" content=\"2026-04-30T00:43:49+00:00\" \/>\n<meta property=\"og:image\" content=\"https:\/\/kohenavocats.com\/wp-content\/uploads\/2024\/11\/victor-V67qmAIxyvI-unsplash.webp\" \/>\n\t<meta property=\"og:image:width\" content=\"3078\" \/>\n\t<meta property=\"og:image:height\" content=\"3847\" \/>\n\t<meta property=\"og:image:type\" content=\"image\/webp\" \/>\n<meta name=\"author\" content=\"Kohen\" \/>\n<meta name=\"twitter:card\" content=\"summary_large_image\" \/>\n<meta name=\"twitter:label1\" content=\"Written by\" \/>\n\t<meta name=\"twitter:data1\" content=\"Kohen\" \/>\n\t<meta name=\"twitter:label2\" content=\"Est. reading time\" \/>\n\t<meta name=\"twitter:data2\" content=\"3 minutes\" \/>\n<script type=\"application\/ld+json\" class=\"yoast-schema-graph\">{\"@context\":\"https:\\\/\\\/schema.org\",\"@graph\":[{\"@type\":\"Article\",\"@id\":\"https:\\\/\\\/kohenavocats.com\\\/en\\\/tribunal-de-commerce-de-commerce-daix-en-provence-le-8-janvier-2026-n2025016039\\\/#article\",\"isPartOf\":{\"@id\":\"https:\\\/\\\/kohenavocats.com\\\/en\\\/tribunal-de-commerce-de-commerce-daix-en-provence-le-8-janvier-2026-n2025016039\\\/\"},\"author\":{\"name\":\"Kohen\",\"@id\":\"https:\\\/\\\/kohenavocats.com\\\/en\\\/#\\\/schema\\\/person\\\/761c9ba54fa1ca84d405cef0831ff751\"},\"headline\":\"Tribunal de commerce de commerce d&#8217;Aix-en-Provence, le 8 janvier 2026, n\u00b02025016039\",\"datePublished\":\"2026-04-30T00:43:49+00:00\",\"mainEntityOfPage\":{\"@id\":\"https:\\\/\\\/kohenavocats.com\\\/en\\\/tribunal-de-commerce-de-commerce-daix-en-provence-le-8-janvier-2026-n2025016039\\\/\"},\"wordCount\":588,\"commentCount\":0,\"publisher\":{\"@id\":\"https:\\\/\\\/kohenavocats.com\\\/en\\\/#organization\"},\"image\":{\"@id\":\"https:\\\/\\\/kohenavocats.com\\\/en\\\/tribunal-de-commerce-de-commerce-daix-en-provence-le-8-janvier-2026-n2025016039\\\/#primaryimage\"},\"thumbnailUrl\":\"https:\\\/\\\/kohenavocats.com\\\/wp-content\\\/uploads\\\/2024\\\/11\\\/victor-V67qmAIxyvI-unsplash.webp\",\"articleSection\":[\"D\u00e9cisions juridiques\",\"Tribunal de commerce\"],\"inLanguage\":\"en-US\",\"potentialAction\":[{\"@type\":\"CommentAction\",\"name\":\"Comment\",\"target\":[\"https:\\\/\\\/kohenavocats.com\\\/en\\\/tribunal-de-commerce-de-commerce-daix-en-provence-le-8-janvier-2026-n2025016039\\\/#respond\"]}],\"citation\":\"Tribunal de commerce de commerce d&#8217;Aix-en-Provence, le 8 janvier 2026, n\u00b02025016039\",\"about\":[{\"@type\":\"Thing\",\"name\":\"D\u00e9cisions juridiques\"},{\"@type\":\"Thing\",\"name\":\"Tribunal de commerce\"}],\"dateModified\":\"2026-04-30T00:43:49+00:00\",\"speakable\":{\"@type\":\"SpeakableSpecification\",\"cssSelector\":[\".article-content > p:first-of-type\"]}},{\"@type\":\"WebPage\",\"@id\":\"https:\\\/\\\/kohenavocats.com\\\/en\\\/tribunal-de-commerce-de-commerce-daix-en-provence-le-8-janvier-2026-n2025016039\\\/\",\"url\":\"https:\\\/\\\/kohenavocats.com\\\/en\\\/tribunal-de-commerce-de-commerce-daix-en-provence-le-8-janvier-2026-n2025016039\\\/\",\"name\":\"Tribunal de commerce de commerce d'Aix-en-Provence, le 8 janvier 2026, n\u00b02025016039 - Ma\u00eetre Hassan Kohen, avocat en droit p\u00e9nal \u00e0 Paris\",\"isPartOf\":{\"@id\":\"https:\\\/\\\/kohenavocats.com\\\/en\\\/#website\"},\"primaryImageOfPage\":{\"@id\":\"https:\\\/\\\/kohenavocats.com\\\/en\\\/tribunal-de-commerce-de-commerce-daix-en-provence-le-8-janvier-2026-n2025016039\\\/#primaryimage\"},\"image\":{\"@id\":\"https:\\\/\\\/kohenavocats.com\\\/en\\\/tribunal-de-commerce-de-commerce-daix-en-provence-le-8-janvier-2026-n2025016039\\\/#primaryimage\"},\"thumbnailUrl\":\"https:\\\/\\\/kohenavocats.com\\\/wp-content\\\/uploads\\\/2024\\\/11\\\/victor-V67qmAIxyvI-unsplash.webp\",\"datePublished\":\"2026-04-30T00:43:49+00:00\",\"description\":\"Le tribunal de commerce d\u2019Aix-en-Provence, par un jugement du 8 janvier 2026, a ouvert une liquidation judiciaire simplifi\u00e9e \u00e0 l\u2019encontre d\u2019une soci\u00e9t\u00e9 de...\",\"breadcrumb\":{\"@id\":\"https:\\\/\\\/kohenavocats.com\\\/en\\\/tribunal-de-commerce-de-commerce-daix-en-provence-le-8-janvier-2026-n2025016039\\\/#breadcrumb\"},\"inLanguage\":\"en-US\",\"potentialAction\":[{\"@type\":\"ReadAction\",\"target\":[\"https:\\\/\\\/kohenavocats.com\\\/en\\\/tribunal-de-commerce-de-commerce-daix-en-provence-le-8-janvier-2026-n2025016039\\\/\"]}]},{\"@type\":\"ImageObject\",\"inLanguage\":\"en-US\",\"@id\":\"https:\\\/\\\/kohenavocats.com\\\/en\\\/tribunal-de-commerce-de-commerce-daix-en-provence-le-8-janvier-2026-n2025016039\\\/#primaryimage\",\"url\":\"https:\\\/\\\/kohenavocats.com\\\/wp-content\\\/uploads\\\/2024\\\/11\\\/victor-V67qmAIxyvI-unsplash.webp\",\"contentUrl\":\"https:\\\/\\\/kohenavocats.com\\\/wp-content\\\/uploads\\\/2024\\\/11\\\/victor-V67qmAIxyvI-unsplash.webp\",\"width\":3078,\"height\":3847},{\"@type\":\"BreadcrumbList\",\"@id\":\"https:\\\/\\\/kohenavocats.com\\\/en\\\/tribunal-de-commerce-de-commerce-daix-en-provence-le-8-janvier-2026-n2025016039\\\/#breadcrumb\",\"itemListElement\":[{\"@type\":\"ListItem\",\"position\":1,\"name\":\"Home\",\"item\":\"https:\\\/\\\/kohenavocats.com\\\/en\\\/criminal-law-attorneys-in-paris-counsel-and-strategic-defense\\\/\"},{\"@type\":\"ListItem\",\"position\":2,\"name\":\"Tribunal de commerce de commerce d&rsquo;Aix-en-Provence, le 8 janvier 2026, n\u00b02025016039\"}]},{\"@type\":\"WebSite\",\"@id\":\"https:\\\/\\\/kohenavocats.com\\\/en\\\/#website\",\"url\":\"https:\\\/\\\/kohenavocats.com\\\/en\\\/\",\"name\":\"Kohen Avocats\",\"description\":\"Ma\u00eetre Hassan Kohen, avocat p\u00e9naliste \u00e0 Paris, intervient exclusivement en droit p\u00e9nal pour la d\u00e9fense des particuliers, notamment en mati\u00e8re d\u2019accusations de viol. Il assure un accompagnement rigoureux d\u00e8s la garde \u00e0 vue jusqu\u2019\u00e0 la Cour d\u2019assises, veillant au strict respect des garanties proc\u00e9durales.\",\"publisher\":{\"@id\":\"https:\\\/\\\/kohenavocats.com\\\/en\\\/#organization\"},\"potentialAction\":[{\"@type\":\"SearchAction\",\"target\":{\"@type\":\"EntryPoint\",\"urlTemplate\":\"https:\\\/\\\/kohenavocats.com\\\/en\\\/?s={search_term_string}\"},\"query-input\":{\"@type\":\"PropertyValueSpecification\",\"valueRequired\":true,\"valueName\":\"search_term_string\"}}],\"inLanguage\":\"en-US\"},{\"@type\":\"Organization\",\"@id\":\"https:\\\/\\\/kohenavocats.com\\\/en\\\/#organization\",\"name\":\"Kohen Avocats\",\"url\":\"https:\\\/\\\/kohenavocats.com\\\/en\\\/\",\"logo\":{\"@type\":\"ImageObject\",\"inLanguage\":\"en-US\",\"@id\":\"https:\\\/\\\/kohenavocats.com\\\/en\\\/#\\\/schema\\\/logo\\\/image\\\/\",\"url\":\"https:\\\/\\\/kohenavocats.com\\\/wp-content\\\/uploads\\\/2026\\\/01\\\/Logo-2-1.webp\",\"contentUrl\":\"https:\\\/\\\/kohenavocats.com\\\/wp-content\\\/uploads\\\/2026\\\/01\\\/Logo-2-1.webp\",\"width\":2114,\"height\":1253,\"caption\":\"Kohen Avocats\"},\"image\":{\"@id\":\"https:\\\/\\\/kohenavocats.com\\\/en\\\/#\\\/schema\\\/logo\\\/image\\\/\"}},{\"@type\":\"Person\",\"@id\":\"https:\\\/\\\/kohenavocats.com\\\/en\\\/#\\\/schema\\\/person\\\/761c9ba54fa1ca84d405cef0831ff751\",\"name\":\"Kohen\",\"image\":{\"@type\":\"ImageObject\",\"inLanguage\":\"en-US\",\"@id\":\"https:\\\/\\\/secure.gravatar.com\\\/avatar\\\/1c5e76ef76bbbfdd2b4da984e2bf2fa4056fd51a27d25ce2c332047f1dfd6e00?s=96&d=identicon&r=g\",\"url\":\"https:\\\/\\\/secure.gravatar.com\\\/avatar\\\/1c5e76ef76bbbfdd2b4da984e2bf2fa4056fd51a27d25ce2c332047f1dfd6e00?s=96&d=identicon&r=g\",\"contentUrl\":\"https:\\\/\\\/secure.gravatar.com\\\/avatar\\\/1c5e76ef76bbbfdd2b4da984e2bf2fa4056fd51a27d25ce2c332047f1dfd6e00?s=96&d=identicon&r=g\",\"caption\":\"Kohen\"},\"sameAs\":[\"https:\\\/\\\/www.linkedin.com\\\/in\\\/hassan-kohen-448548192\\\/\",\"https:\\\/\\\/www.youtube.com\\\/@Kohen-Avocats\"],\"url\":\"https:\\\/\\\/kohenavocats.com\\\/en\\\/author\\\/kohenmlk\\\/\"}]}<\/script>\n<!-- \/ Yoast SEO Premium plugin. -->","yoast_head_json":{"title":"Tribunal de commerce de commerce d'Aix-en-Provence, le 8 janvier 2026, n\u00b02025016039 - Ma\u00eetre Hassan Kohen, avocat en droit p\u00e9nal \u00e0 Paris","description":"Le tribunal de commerce d\u2019Aix-en-Provence, par un jugement du 8 janvier 2026, a ouvert une liquidation judiciaire simplifi\u00e9e \u00e0 l\u2019encontre d\u2019une soci\u00e9t\u00e9 de...","robots":{"index":"index","follow":"follow","max-snippet":"max-snippet:-1","max-image-preview":"max-image-preview:large","max-video-preview":"max-video-preview:-1"},"canonical":"https:\/\/kohenavocats.com\/en\/tribunal-de-commerce-de-commerce-daix-en-provence-le-8-janvier-2026-n2025016039\/","og_locale":"en_US","og_type":"article","og_title":"Tribunal de commerce de commerce d'Aix-en-Provence, le 8 janvier 2026, n\u00b02025016039","og_description":"Le tribunal de commerce d\u2019Aix-en-Provence, par un jugement du 8 janvier 2026, a ouvert une liquidation judiciaire simplifi\u00e9e \u00e0 l\u2019encontre d\u2019une soci\u00e9t\u00e9 de...","og_url":"https:\/\/kohenavocats.com\/en\/tribunal-de-commerce-de-commerce-daix-en-provence-le-8-janvier-2026-n2025016039\/","og_site_name":"Ma\u00eetre Hassan Kohen, avocat en droit p\u00e9nal \u00e0 Paris","article_published_time":"2026-04-30T00:43:49+00:00","og_image":[{"width":3078,"height":3847,"url":"https:\/\/kohenavocats.com\/wp-content\/uploads\/2024\/11\/victor-V67qmAIxyvI-unsplash.webp","type":"image\/webp"}],"author":"Kohen","twitter_card":"summary_large_image","twitter_misc":{"Written by":"Kohen","Est. reading time":"3 minutes"},"schema":{"@context":"https:\/\/schema.org","@graph":[{"@type":"Article","@id":"https:\/\/kohenavocats.com\/en\/tribunal-de-commerce-de-commerce-daix-en-provence-le-8-janvier-2026-n2025016039\/#article","isPartOf":{"@id":"https:\/\/kohenavocats.com\/en\/tribunal-de-commerce-de-commerce-daix-en-provence-le-8-janvier-2026-n2025016039\/"},"author":{"name":"Kohen","@id":"https:\/\/kohenavocats.com\/en\/#\/schema\/person\/761c9ba54fa1ca84d405cef0831ff751"},"headline":"Tribunal de commerce de commerce d&#8217;Aix-en-Provence, le 8 janvier 2026, n\u00b02025016039","datePublished":"2026-04-30T00:43:49+00:00","mainEntityOfPage":{"@id":"https:\/\/kohenavocats.com\/en\/tribunal-de-commerce-de-commerce-daix-en-provence-le-8-janvier-2026-n2025016039\/"},"wordCount":588,"commentCount":0,"publisher":{"@id":"https:\/\/kohenavocats.com\/en\/#organization"},"image":{"@id":"https:\/\/kohenavocats.com\/en\/tribunal-de-commerce-de-commerce-daix-en-provence-le-8-janvier-2026-n2025016039\/#primaryimage"},"thumbnailUrl":"https:\/\/kohenavocats.com\/wp-content\/uploads\/2024\/11\/victor-V67qmAIxyvI-unsplash.webp","articleSection":["D\u00e9cisions juridiques","Tribunal de commerce"],"inLanguage":"en-US","potentialAction":[{"@type":"CommentAction","name":"Comment","target":["https:\/\/kohenavocats.com\/en\/tribunal-de-commerce-de-commerce-daix-en-provence-le-8-janvier-2026-n2025016039\/#respond"]}],"citation":"Tribunal de commerce de commerce d&#8217;Aix-en-Provence, le 8 janvier 2026, n\u00b02025016039","about":[{"@type":"Thing","name":"D\u00e9cisions juridiques"},{"@type":"Thing","name":"Tribunal de commerce"}],"dateModified":"2026-04-30T00:43:49+00:00","speakable":{"@type":"SpeakableSpecification","cssSelector":[".article-content > p:first-of-type"]}},{"@type":"WebPage","@id":"https:\/\/kohenavocats.com\/en\/tribunal-de-commerce-de-commerce-daix-en-provence-le-8-janvier-2026-n2025016039\/","url":"https:\/\/kohenavocats.com\/en\/tribunal-de-commerce-de-commerce-daix-en-provence-le-8-janvier-2026-n2025016039\/","name":"Tribunal de commerce de commerce d'Aix-en-Provence, le 8 janvier 2026, n\u00b02025016039 - Ma\u00eetre Hassan Kohen, avocat en droit p\u00e9nal \u00e0 Paris","isPartOf":{"@id":"https:\/\/kohenavocats.com\/en\/#website"},"primaryImageOfPage":{"@id":"https:\/\/kohenavocats.com\/en\/tribunal-de-commerce-de-commerce-daix-en-provence-le-8-janvier-2026-n2025016039\/#primaryimage"},"image":{"@id":"https:\/\/kohenavocats.com\/en\/tribunal-de-commerce-de-commerce-daix-en-provence-le-8-janvier-2026-n2025016039\/#primaryimage"},"thumbnailUrl":"https:\/\/kohenavocats.com\/wp-content\/uploads\/2024\/11\/victor-V67qmAIxyvI-unsplash.webp","datePublished":"2026-04-30T00:43:49+00:00","description":"Le tribunal de commerce d\u2019Aix-en-Provence, par un jugement du 8 janvier 2026, a ouvert une liquidation judiciaire simplifi\u00e9e \u00e0 l\u2019encontre d\u2019une soci\u00e9t\u00e9 de...","breadcrumb":{"@id":"https:\/\/kohenavocats.com\/en\/tribunal-de-commerce-de-commerce-daix-en-provence-le-8-janvier-2026-n2025016039\/#breadcrumb"},"inLanguage":"en-US","potentialAction":[{"@type":"ReadAction","target":["https:\/\/kohenavocats.com\/en\/tribunal-de-commerce-de-commerce-daix-en-provence-le-8-janvier-2026-n2025016039\/"]}]},{"@type":"ImageObject","inLanguage":"en-US","@id":"https:\/\/kohenavocats.com\/en\/tribunal-de-commerce-de-commerce-daix-en-provence-le-8-janvier-2026-n2025016039\/#primaryimage","url":"https:\/\/kohenavocats.com\/wp-content\/uploads\/2024\/11\/victor-V67qmAIxyvI-unsplash.webp","contentUrl":"https:\/\/kohenavocats.com\/wp-content\/uploads\/2024\/11\/victor-V67qmAIxyvI-unsplash.webp","width":3078,"height":3847},{"@type":"BreadcrumbList","@id":"https:\/\/kohenavocats.com\/en\/tribunal-de-commerce-de-commerce-daix-en-provence-le-8-janvier-2026-n2025016039\/#breadcrumb","itemListElement":[{"@type":"ListItem","position":1,"name":"Home","item":"https:\/\/kohenavocats.com\/en\/criminal-law-attorneys-in-paris-counsel-and-strategic-defense\/"},{"@type":"ListItem","position":2,"name":"Tribunal de commerce de commerce d&rsquo;Aix-en-Provence, le 8 janvier 2026, n\u00b02025016039"}]},{"@type":"WebSite","@id":"https:\/\/kohenavocats.com\/en\/#website","url":"https:\/\/kohenavocats.com\/en\/","name":"Kohen Avocats","description":"Ma\u00eetre Hassan Kohen, avocat p\u00e9naliste \u00e0 Paris, intervient exclusivement en droit p\u00e9nal pour la d\u00e9fense des particuliers, notamment en mati\u00e8re d\u2019accusations de viol. Il assure un accompagnement rigoureux d\u00e8s la garde \u00e0 vue jusqu\u2019\u00e0 la Cour d\u2019assises, veillant au strict respect des garanties proc\u00e9durales.","publisher":{"@id":"https:\/\/kohenavocats.com\/en\/#organization"},"potentialAction":[{"@type":"SearchAction","target":{"@type":"EntryPoint","urlTemplate":"https:\/\/kohenavocats.com\/en\/?s={search_term_string}"},"query-input":{"@type":"PropertyValueSpecification","valueRequired":true,"valueName":"search_term_string"}}],"inLanguage":"en-US"},{"@type":"Organization","@id":"https:\/\/kohenavocats.com\/en\/#organization","name":"Kohen Avocats","url":"https:\/\/kohenavocats.com\/en\/","logo":{"@type":"ImageObject","inLanguage":"en-US","@id":"https:\/\/kohenavocats.com\/en\/#\/schema\/logo\/image\/","url":"https:\/\/kohenavocats.com\/wp-content\/uploads\/2026\/01\/Logo-2-1.webp","contentUrl":"https:\/\/kohenavocats.com\/wp-content\/uploads\/2026\/01\/Logo-2-1.webp","width":2114,"height":1253,"caption":"Kohen Avocats"},"image":{"@id":"https:\/\/kohenavocats.com\/en\/#\/schema\/logo\/image\/"}},{"@type":"Person","@id":"https:\/\/kohenavocats.com\/en\/#\/schema\/person\/761c9ba54fa1ca84d405cef0831ff751","name":"Kohen","image":{"@type":"ImageObject","inLanguage":"en-US","@id":"https:\/\/secure.gravatar.com\/avatar\/1c5e76ef76bbbfdd2b4da984e2bf2fa4056fd51a27d25ce2c332047f1dfd6e00?s=96&d=identicon&r=g","url":"https:\/\/secure.gravatar.com\/avatar\/1c5e76ef76bbbfdd2b4da984e2bf2fa4056fd51a27d25ce2c332047f1dfd6e00?s=96&d=identicon&r=g","contentUrl":"https:\/\/secure.gravatar.com\/avatar\/1c5e76ef76bbbfdd2b4da984e2bf2fa4056fd51a27d25ce2c332047f1dfd6e00?s=96&d=identicon&r=g","caption":"Kohen"},"sameAs":["https:\/\/www.linkedin.com\/in\/hassan-kohen-448548192\/","https:\/\/www.youtube.com\/@Kohen-Avocats"],"url":"https:\/\/kohenavocats.com\/en\/author\/kohenmlk\/"}]}},"jetpack_featured_media_url":"https:\/\/kohenavocats.com\/wp-content\/uploads\/2024\/11\/victor-V67qmAIxyvI-unsplash.webp","jetpack_likes_enabled":false,"jetpack_shortlink":"https:\/\/wp.me\/peCrII-3ecg","jetpack-related-posts":[{"id":490319,"url":"https:\/\/kohenavocats.com\/en\/cour-dappel-de-aix-en-provence-le-20-novembre-2025-n25-08841\/","url_meta":{"origin":769560,"position":0},"title":"Cour d&#8217;appel de Aix-en-Provence, le 20 novembre 2025, n\u00b025\/08841","author":"Kohen","date":"8 April 2026","format":false,"excerpt":"La cour d'appel d'Aix-en-Provence, statuant en d\u00e9f\u00e9r\u00e9 le 17 juillet 2025, examine la r\u00e9gularit\u00e9 d'une signification. Une soci\u00e9t\u00e9 contestait la nullit\u00e9 de...","rel":"","context":"In &quot;Cour d'appel&quot;","block_context":{"text":"Cour d'appel","link":"https:\/\/kohenavocats.com\/category\/cour-dappel\/"},"img":{"alt_text":"","src":"https:\/\/i0.wp.com\/kohenavocats.com\/wp-content\/uploads\/2024\/08\/philippe-oursel-pWhx6q22d_I-unsplash.webp?resize=350%2C200&ssl=1","width":350,"height":200,"srcset":"https:\/\/i0.wp.com\/kohenavocats.com\/wp-content\/uploads\/2024\/08\/philippe-oursel-pWhx6q22d_I-unsplash.webp?resize=350%2C200&ssl=1 1x, https:\/\/i0.wp.com\/kohenavocats.com\/wp-content\/uploads\/2024\/08\/philippe-oursel-pWhx6q22d_I-unsplash.webp?resize=525%2C300&ssl=1 1.5x, https:\/\/i0.wp.com\/kohenavocats.com\/wp-content\/uploads\/2024\/08\/philippe-oursel-pWhx6q22d_I-unsplash.webp?resize=700%2C400&ssl=1 2x, https:\/\/i0.wp.com\/kohenavocats.com\/wp-content\/uploads\/2024\/08\/philippe-oursel-pWhx6q22d_I-unsplash.webp?resize=1050%2C600&ssl=1 3x, https:\/\/i0.wp.com\/kohenavocats.com\/wp-content\/uploads\/2024\/08\/philippe-oursel-pWhx6q22d_I-unsplash.webp?resize=1400%2C800&ssl=1 4x"},"classes":[]},{"id":499097,"url":"https:\/\/kohenavocats.com\/en\/cour-dappel-de-aix-en-provence-le-27-novembre-2025-n22-03612\/","url_meta":{"origin":769560,"position":1},"title":"Cour d&#8217;appel de Aix-en-Provence, le 27 novembre 2025, n\u00b022\/03612","author":"Kohen","date":"8 April 2026","format":false,"excerpt":"La Cour d'appel d'Aix-en-Provence, statuant par arr\u00eat par d\u00e9faut le 27 novembre 2025, se prononce sur un appel form\u00e9 par un syndicat de copropri\u00e9taires....","rel":"","context":"In &quot;Cour d'appel&quot;","block_context":{"text":"Cour d'appel","link":"https:\/\/kohenavocats.com\/category\/cour-dappel\/"},"img":{"alt_text":"","src":"https:\/\/i0.wp.com\/kohenavocats.com\/wp-content\/uploads\/2024\/11\/allison-saeng-MrtYdShGeQY-unsplash.webp?resize=350%2C200&ssl=1","width":350,"height":200,"srcset":"https:\/\/i0.wp.com\/kohenavocats.com\/wp-content\/uploads\/2024\/11\/allison-saeng-MrtYdShGeQY-unsplash.webp?resize=350%2C200&ssl=1 1x, https:\/\/i0.wp.com\/kohenavocats.com\/wp-content\/uploads\/2024\/11\/allison-saeng-MrtYdShGeQY-unsplash.webp?resize=525%2C300&ssl=1 1.5x, https:\/\/i0.wp.com\/kohenavocats.com\/wp-content\/uploads\/2024\/11\/allison-saeng-MrtYdShGeQY-unsplash.webp?resize=700%2C400&ssl=1 2x, https:\/\/i0.wp.com\/kohenavocats.com\/wp-content\/uploads\/2024\/11\/allison-saeng-MrtYdShGeQY-unsplash.webp?resize=1050%2C600&ssl=1 3x, https:\/\/i0.wp.com\/kohenavocats.com\/wp-content\/uploads\/2024\/11\/allison-saeng-MrtYdShGeQY-unsplash.webp?resize=1400%2C800&ssl=1 4x"},"classes":[]},{"id":499359,"url":"https:\/\/kohenavocats.com\/en\/cour-dappel-de-aix-en-provence-le-27-novembre-2025-n22-05668\/","url_meta":{"origin":769560,"position":2},"title":"Cour d&#8217;appel de Aix-en-Provence, le 27 novembre 2025, n\u00b022\/05668","author":"Kohen","date":"8 April 2026","format":false,"excerpt":"La Cour d'appel de Nice, statuant le 16 janvier 2026, examine un litige relatif \u00e0 des r\u00e9solutions d'assembl\u00e9e g\u00e9n\u00e9rale de copropri\u00e9t\u00e9. Un copropri\u00e9taire...","rel":"","context":"In &quot;Cour d'appel&quot;","block_context":{"text":"Cour d'appel","link":"https:\/\/kohenavocats.com\/category\/cour-dappel\/"},"img":{"alt_text":"","src":"https:\/\/i0.wp.com\/kohenavocats.com\/wp-content\/uploads\/2024\/08\/alexandre-brondino-jCxM7spcAWY-unsplash.webp?resize=350%2C200&ssl=1","width":350,"height":200,"srcset":"https:\/\/i0.wp.com\/kohenavocats.com\/wp-content\/uploads\/2024\/08\/alexandre-brondino-jCxM7spcAWY-unsplash.webp?resize=350%2C200&ssl=1 1x, https:\/\/i0.wp.com\/kohenavocats.com\/wp-content\/uploads\/2024\/08\/alexandre-brondino-jCxM7spcAWY-unsplash.webp?resize=525%2C300&ssl=1 1.5x, https:\/\/i0.wp.com\/kohenavocats.com\/wp-content\/uploads\/2024\/08\/alexandre-brondino-jCxM7spcAWY-unsplash.webp?resize=700%2C400&ssl=1 2x, https:\/\/i0.wp.com\/kohenavocats.com\/wp-content\/uploads\/2024\/08\/alexandre-brondino-jCxM7spcAWY-unsplash.webp?resize=1050%2C600&ssl=1 3x, https:\/\/i0.wp.com\/kohenavocats.com\/wp-content\/uploads\/2024\/08\/alexandre-brondino-jCxM7spcAWY-unsplash.webp?resize=1400%2C800&ssl=1 4x"},"classes":[]},{"id":499361,"url":"https:\/\/kohenavocats.com\/en\/cour-dappel-de-aix-en-provence-le-27-novembre-2025-n22-11150\/","url_meta":{"origin":769560,"position":3},"title":"Cour d&#8217;appel de Aix-en-Provence, le 27 novembre 2025, n\u00b022\/11150","author":"Kohen","date":"8 April 2026","format":false,"excerpt":"La Cour d'appel d'Aix-en-Provence, statuant le 30 septembre 2025, examine un litige opposant un copropri\u00e9taire minoritaire \u00e0 une soci\u00e9t\u00e9 civile...","rel":"","context":"In &quot;Cour d'appel&quot;","block_context":{"text":"Cour d'appel","link":"https:\/\/kohenavocats.com\/category\/cour-dappel\/"},"img":{"alt_text":"","src":"https:\/\/i0.wp.com\/kohenavocats.com\/wp-content\/uploads\/2024\/08\/jean-baptiste-d-1cEU-jXHCuM-unsplash.webp?resize=350%2C200&ssl=1","width":350,"height":200,"srcset":"https:\/\/i0.wp.com\/kohenavocats.com\/wp-content\/uploads\/2024\/08\/jean-baptiste-d-1cEU-jXHCuM-unsplash.webp?resize=350%2C200&ssl=1 1x, https:\/\/i0.wp.com\/kohenavocats.com\/wp-content\/uploads\/2024\/08\/jean-baptiste-d-1cEU-jXHCuM-unsplash.webp?resize=525%2C300&ssl=1 1.5x, https:\/\/i0.wp.com\/kohenavocats.com\/wp-content\/uploads\/2024\/08\/jean-baptiste-d-1cEU-jXHCuM-unsplash.webp?resize=700%2C400&ssl=1 2x, https:\/\/i0.wp.com\/kohenavocats.com\/wp-content\/uploads\/2024\/08\/jean-baptiste-d-1cEU-jXHCuM-unsplash.webp?resize=1050%2C600&ssl=1 3x, https:\/\/i0.wp.com\/kohenavocats.com\/wp-content\/uploads\/2024\/08\/jean-baptiste-d-1cEU-jXHCuM-unsplash.webp?resize=1400%2C800&ssl=1 4x"},"classes":[]},{"id":499367,"url":"https:\/\/kohenavocats.com\/en\/cour-dappel-de-aix-en-provence-le-27-novembre-2025-n22-11152\/","url_meta":{"origin":769560,"position":4},"title":"Cour d&#8217;appel de Aix-en-Provence, le 27 novembre 2025, n\u00b022\/11152","author":"Kohen","date":"8 April 2026","format":false,"excerpt":"La Cour d'appel d'Aix-en-Provence, statuant le 30 septembre 2025, examine un litige opposant un copropri\u00e9taire minoritaire \u00e0 une soci\u00e9t\u00e9 civile...","rel":"","context":"In &quot;Cour d'appel&quot;","block_context":{"text":"Cour d'appel","link":"https:\/\/kohenavocats.com\/category\/cour-dappel\/"},"img":{"alt_text":"","src":"https:\/\/i0.wp.com\/kohenavocats.com\/wp-content\/uploads\/2024\/11\/planet-volumes-2RKetzja9-4-unsplash.webp?resize=350%2C200&ssl=1","width":350,"height":200,"srcset":"https:\/\/i0.wp.com\/kohenavocats.com\/wp-content\/uploads\/2024\/11\/planet-volumes-2RKetzja9-4-unsplash.webp?resize=350%2C200&ssl=1 1x, https:\/\/i0.wp.com\/kohenavocats.com\/wp-content\/uploads\/2024\/11\/planet-volumes-2RKetzja9-4-unsplash.webp?resize=525%2C300&ssl=1 1.5x, https:\/\/i0.wp.com\/kohenavocats.com\/wp-content\/uploads\/2024\/11\/planet-volumes-2RKetzja9-4-unsplash.webp?resize=700%2C400&ssl=1 2x, https:\/\/i0.wp.com\/kohenavocats.com\/wp-content\/uploads\/2024\/11\/planet-volumes-2RKetzja9-4-unsplash.webp?resize=1050%2C600&ssl=1 3x, https:\/\/i0.wp.com\/kohenavocats.com\/wp-content\/uploads\/2024\/11\/planet-volumes-2RKetzja9-4-unsplash.webp?resize=1400%2C800&ssl=1 4x"},"classes":[]},{"id":489552,"url":"https:\/\/kohenavocats.com\/en\/tribunal-de-commerce-de-marseille-le-20-novembre-2025-n2024f01395\/","url_meta":{"origin":769560,"position":5},"title":"Tribunal de commerce de Marseille, le 20 novembre 2025, n\u00b02024F01395","author":"Kohen","date":"8 April 2026","format":false,"excerpt":"Le Tribunal des Activit\u00e9s Economiques de Marseille, statuant le 20 novembre 2025, a \u00e9t\u00e9 saisi par une soci\u00e9t\u00e9 actionnaire. Cette derni\u00e8re poursuivait...","rel":"","context":"In &quot;D\u00e9cisions juridiques&quot;","block_context":{"text":"D\u00e9cisions juridiques","link":"https:\/\/kohenavocats.com\/category\/decisions-juridiques\/"},"img":{"alt_text":"","src":"https:\/\/i0.wp.com\/kohenavocats.com\/wp-content\/uploads\/2024\/11\/virginia-marinova-3UfkjHxVch0-unsplash.webp?resize=350%2C200&ssl=1","width":350,"height":200,"srcset":"https:\/\/i0.wp.com\/kohenavocats.com\/wp-content\/uploads\/2024\/11\/virginia-marinova-3UfkjHxVch0-unsplash.webp?resize=350%2C200&ssl=1 1x, https:\/\/i0.wp.com\/kohenavocats.com\/wp-content\/uploads\/2024\/11\/virginia-marinova-3UfkjHxVch0-unsplash.webp?resize=525%2C300&ssl=1 1.5x, https:\/\/i0.wp.com\/kohenavocats.com\/wp-content\/uploads\/2024\/11\/virginia-marinova-3UfkjHxVch0-unsplash.webp?resize=700%2C400&ssl=1 2x, https:\/\/i0.wp.com\/kohenavocats.com\/wp-content\/uploads\/2024\/11\/virginia-marinova-3UfkjHxVch0-unsplash.webp?resize=1050%2C600&ssl=1 3x, https:\/\/i0.wp.com\/kohenavocats.com\/wp-content\/uploads\/2024\/11\/virginia-marinova-3UfkjHxVch0-unsplash.webp?resize=1400%2C800&ssl=1 4x"},"classes":[]}],"jetpack_sharing_enabled":true,"_links":{"self":[{"href":"https:\/\/kohenavocats.com\/en\/wp-json\/wp\/v2\/posts\/769560","targetHints":{"allow":["GET"]}}],"collection":[{"href":"https:\/\/kohenavocats.com\/en\/wp-json\/wp\/v2\/posts"}],"about":[{"href":"https:\/\/kohenavocats.com\/en\/wp-json\/wp\/v2\/types\/post"}],"author":[{"embeddable":true,"href":"https:\/\/kohenavocats.com\/en\/wp-json\/wp\/v2\/users\/232070755"}],"replies":[{"embeddable":true,"href":"https:\/\/kohenavocats.com\/en\/wp-json\/wp\/v2\/comments?post=769560"}],"version-history":[{"count":0,"href":"https:\/\/kohenavocats.com\/en\/wp-json\/wp\/v2\/posts\/769560\/revisions"}],"wp:featuredmedia":[{"embeddable":true,"href":"https:\/\/kohenavocats.com\/en\/wp-json\/wp\/v2\/media\/9566"}],"wp:attachment":[{"href":"https:\/\/kohenavocats.com\/en\/wp-json\/wp\/v2\/media?parent=769560"}],"wp:term":[{"taxonomy":"category","embeddable":true,"href":"https:\/\/kohenavocats.com\/en\/wp-json\/wp\/v2\/categories?post=769560"},{"taxonomy":"post_tag","embeddable":true,"href":"https:\/\/kohenavocats.com\/en\/wp-json\/wp\/v2\/tags?post=769560"}],"curies":[{"name":"wp","href":"https:\/\/api.w.org\/{rel}","templated":true}]}}