{"id":771634,"date":"2026-04-30T04:31:47","date_gmt":"2026-04-30T02:31:47","guid":{"rendered":"https:\/\/kohenavocats.com\/cour-dappel-de-caen-le-8-janvier-2026-n22-03073\/"},"modified":"2026-04-30T04:31:47","modified_gmt":"2026-04-30T02:31:47","slug":"cour-dappel-de-caen-le-8-janvier-2026-n22-03073","status":"publish","type":"post","link":"https:\/\/kohenavocats.com\/en\/cour-dappel-de-caen-le-8-janvier-2026-n22-03073\/","title":{"rendered":"Cour d&#8217;appel de Caen, le 8 janvier 2026, n\u00b022\/03073"},"content":{"rendered":"<div class=\"article-content\">\n<p>La cour d&#8217;appel de Caen, dans son arr\u00eat du 8 janvier 2026, a ordonn\u00e9 une mesure de m\u00e9diation avant de statuer sur le fond du litige commercial. Une soci\u00e9t\u00e9 distributrice de semence \u00e9quine et la soci\u00e9t\u00e9 propri\u00e9taire d&#8217;un \u00e9talon s&#8217;opposaient sur l&#8217;ex\u00e9cution et la rupture d&#8217;un contrat de location de carri\u00e8re. Le tribunal de commerce avait condamn\u00e9 la distributrice pour diverses fautes contractuelles et post-contractuelles. La question de droit portait sur la l\u00e9gitimit\u00e9 de la r\u00e9solution unilat\u00e9rale du contrat et l&#8217;\u00e9tendue des pr\u00e9judices indemnisables. La solution de la cour consiste \u00e0 surseoir \u00e0 statuer en d\u00e9signant un m\u00e9diateur pour trois mois.<\/p>\n<p>La recevabilit\u00e9 de la m\u00e9diation ordonn\u00e9e par la cour.<\/p>\n<p>La cour exerce son pouvoir souverain d&#8217;ordonner une mesure de m\u00e9diation, m\u00eame en cause d&#8217;appel. Elle constate que &#8220;les parties ayant accept\u00e9 de recourir \u00e0 la m\u00e9diation&#8221; (Motifs), ce qui \u00e9tablit leur consentement. Cette d\u00e9cision est fond\u00e9e sur l&#8217;article 131-1 du code de proc\u00e9dure civile, qui permet au juge de proposer une m\u00e9diation avec l&#8217;accord des parties. La valeur de cette mesure est de privil\u00e9gier une solution amiable pour un conflit complexe aux multiples chefs de pr\u00e9judice. La port\u00e9e est imm\u00e9diatement suspensive de l&#8217;instance d&#8217;appel jusqu&#8217;\u00e0 la date fix\u00e9e pour le prononc\u00e9 de l&#8217;arr\u00eat.<\/p>\n<p>Les conditions et les effets de la mission du m\u00e9diateur d\u00e9sign\u00e9.<\/p>\n<p>La cour fixe pr\u00e9cis\u00e9ment le cadre de la mission, incluant une dur\u00e9e de trois mois et une provision de 1500 euros. Elle dispose que &#8220;la mission du m\u00e9diateur est d&#8217;une dur\u00e9e de trois mois \u00e0 compter du jour o\u00f9 la provision \u00e0 valoir sur sa r\u00e9mun\u00e9ration est vers\u00e9e entre ses mains&#8221; (Dispositif). La valeur de ces dispositions est d&#8217;encadrer strictement la m\u00e9diation pour \u00e9viter toute obstruction dilatoire. La port\u00e9e est que l&#8217;absence de versement de la provision entra\u00eene la caducit\u00e9 de la d\u00e9cision et la reprise de l&#8217;instance, maintenant ainsi la pression proc\u00e9durale sur les parties.<\/p>\n<\/div>\n","protected":false},"excerpt":{"rendered":"<p>La cour d&#8217;appel de Caen, dans son arr\u00eat du 8 janvier 2026, a ordonn\u00e9 une mesure de m\u00e9diation avant de statuer sur le fond du litige commercial. Une soci\u00e9t\u00e9 d&#8230;<\/p>\n","protected":false},"author":232070755,"featured_media":3884,"comment_status":"open","ping_status":"open","sticky":false,"template":"","format":"standard","meta":{"_crdt_document":"","_jetpack_newsletter_access":"","_jetpack_dont_email_post_to_subs":false,"_jetpack_newsletter_tier_id":0,"_jetpack_memberships_contains_paywalled_content":false,"_kj_source_type":"","_kj_official_id":"","_kj_official_url":"","_kj_judilibre_id":"","_kj_jur":"","_kj_lieu":"","_kj_chambre":"","_kj_rg":"","_kj_date":"","_jetpack_memberships_contains_paid_content":false,"footnotes":"","jetpack_post_was_ever_published":false},"categories":[7597],"tags":[],"class_list":["post-771634","post","type-post","status-publish","format-standard","has-post-thumbnail","hentry","category-jurisprudence"],"yoast_head":"<!-- This site is optimized with the Yoast SEO Premium plugin v27.5 (Yoast SEO v27.5) - https:\/\/yoast.com\/product\/yoast-seo-premium-wordpress\/ -->\n<title>Cour d&#039;appel de Caen, le 8 janvier 2026, n\u00b022\/03073 - Ma\u00eetre Hassan Kohen, avocat en droit p\u00e9nal \u00e0 Paris<\/title>\n<meta name=\"description\" content=\"La cour d&#039;appel de Caen, dans son arr\u00eat du 8 janvier 2026, a ordonn\u00e9 une mesure de m\u00e9diation avant de statuer sur le fond du litige commercial. Une soci\u00e9t\u00e9 d...\" \/>\n<meta name=\"robots\" content=\"index, follow, max-snippet:-1, max-image-preview:large, max-video-preview:-1\" \/>\n<link rel=\"canonical\" href=\"https:\/\/kohenavocats.com\/en\/cour-dappel-de-caen-le-8-janvier-2026-n22-03073\/\" \/>\n<meta property=\"og:locale\" content=\"en_US\" \/>\n<meta property=\"og:type\" content=\"article\" \/>\n<meta property=\"og:title\" content=\"Cour d&#039;appel de Caen, le 8 janvier 2026, n\u00b022\/03073\" \/>\n<meta property=\"og:description\" content=\"La cour d&#039;appel de Caen, dans son arr\u00eat du 8 janvier 2026, a ordonn\u00e9 une mesure de m\u00e9diation avant de statuer sur le fond du litige commercial. Une soci\u00e9t\u00e9 d...\" \/>\n<meta property=\"og:url\" content=\"https:\/\/kohenavocats.com\/en\/cour-dappel-de-caen-le-8-janvier-2026-n22-03073\/\" \/>\n<meta property=\"og:site_name\" content=\"Ma\u00eetre Hassan Kohen, avocat en droit p\u00e9nal \u00e0 Paris\" \/>\n<meta property=\"article:published_time\" content=\"2026-04-30T02:31:47+00:00\" \/>\n<meta property=\"og:image\" content=\"https:\/\/kohenavocats.com\/wp-content\/uploads\/2024\/07\/alex-block-PdDBTrkGYLo-unsplash-1.webp\" \/>\n\t<meta property=\"og:image:width\" content=\"4288\" \/>\n\t<meta property=\"og:image:height\" content=\"2848\" \/>\n\t<meta property=\"og:image:type\" content=\"image\/webp\" \/>\n<meta name=\"author\" content=\"Kohen\" \/>\n<meta name=\"twitter:card\" content=\"summary_large_image\" \/>\n<meta name=\"twitter:label1\" content=\"Written by\" \/>\n\t<meta name=\"twitter:data1\" content=\"Kohen\" \/>\n\t<meta name=\"twitter:label2\" content=\"Est. reading time\" \/>\n\t<meta name=\"twitter:data2\" content=\"2 minutes\" \/>\n<script type=\"application\/ld+json\" class=\"yoast-schema-graph\">{\"@context\":\"https:\\\/\\\/schema.org\",\"@graph\":[{\"@type\":\"Article\",\"@id\":\"https:\\\/\\\/kohenavocats.com\\\/en\\\/cour-dappel-de-caen-le-8-janvier-2026-n22-03073\\\/#article\",\"isPartOf\":{\"@id\":\"https:\\\/\\\/kohenavocats.com\\\/en\\\/cour-dappel-de-caen-le-8-janvier-2026-n22-03073\\\/\"},\"author\":{\"name\":\"Kohen\",\"@id\":\"https:\\\/\\\/kohenavocats.com\\\/en\\\/#\\\/schema\\\/person\\\/761c9ba54fa1ca84d405cef0831ff751\"},\"headline\":\"Cour d&#8217;appel de Caen, le 8 janvier 2026, n\u00b022\\\/03073\",\"datePublished\":\"2026-04-30T02:31:47+00:00\",\"mainEntityOfPage\":{\"@id\":\"https:\\\/\\\/kohenavocats.com\\\/en\\\/cour-dappel-de-caen-le-8-janvier-2026-n22-03073\\\/\"},\"wordCount\":371,\"commentCount\":0,\"publisher\":{\"@id\":\"https:\\\/\\\/kohenavocats.com\\\/en\\\/#organization\"},\"image\":{\"@id\":\"https:\\\/\\\/kohenavocats.com\\\/en\\\/cour-dappel-de-caen-le-8-janvier-2026-n22-03073\\\/#primaryimage\"},\"thumbnailUrl\":\"https:\\\/\\\/kohenavocats.com\\\/wp-content\\\/uploads\\\/2024\\\/07\\\/alex-block-PdDBTrkGYLo-unsplash-1.webp\",\"articleSection\":[\"Jurisprudence\"],\"inLanguage\":\"en-US\",\"potentialAction\":[{\"@type\":\"CommentAction\",\"name\":\"Comment\",\"target\":[\"https:\\\/\\\/kohenavocats.com\\\/en\\\/cour-dappel-de-caen-le-8-janvier-2026-n22-03073\\\/#respond\"]}],\"citation\":\"Cour d&#8217;appel de Caen, le 8 janvier 2026, n\u00b022\\\/03073\",\"about\":[{\"@type\":\"Thing\",\"name\":\"Jurisprudence\"}],\"dateModified\":\"2026-04-30T02:31:47+00:00\",\"speakable\":{\"@type\":\"SpeakableSpecification\",\"cssSelector\":[\".article-content > p:first-of-type\"]}},{\"@type\":\"WebPage\",\"@id\":\"https:\\\/\\\/kohenavocats.com\\\/en\\\/cour-dappel-de-caen-le-8-janvier-2026-n22-03073\\\/\",\"url\":\"https:\\\/\\\/kohenavocats.com\\\/en\\\/cour-dappel-de-caen-le-8-janvier-2026-n22-03073\\\/\",\"name\":\"Cour d'appel de Caen, le 8 janvier 2026, n\u00b022\\\/03073 - Ma\u00eetre Hassan Kohen, avocat en droit p\u00e9nal \u00e0 Paris\",\"isPartOf\":{\"@id\":\"https:\\\/\\\/kohenavocats.com\\\/en\\\/#website\"},\"primaryImageOfPage\":{\"@id\":\"https:\\\/\\\/kohenavocats.com\\\/en\\\/cour-dappel-de-caen-le-8-janvier-2026-n22-03073\\\/#primaryimage\"},\"image\":{\"@id\":\"https:\\\/\\\/kohenavocats.com\\\/en\\\/cour-dappel-de-caen-le-8-janvier-2026-n22-03073\\\/#primaryimage\"},\"thumbnailUrl\":\"https:\\\/\\\/kohenavocats.com\\\/wp-content\\\/uploads\\\/2024\\\/07\\\/alex-block-PdDBTrkGYLo-unsplash-1.webp\",\"datePublished\":\"2026-04-30T02:31:47+00:00\",\"description\":\"La cour d'appel de Caen, dans son arr\u00eat du 8 janvier 2026, a ordonn\u00e9 une mesure de m\u00e9diation avant de statuer sur le fond du litige commercial. Une soci\u00e9t\u00e9 d...\",\"breadcrumb\":{\"@id\":\"https:\\\/\\\/kohenavocats.com\\\/en\\\/cour-dappel-de-caen-le-8-janvier-2026-n22-03073\\\/#breadcrumb\"},\"inLanguage\":\"en-US\",\"potentialAction\":[{\"@type\":\"ReadAction\",\"target\":[\"https:\\\/\\\/kohenavocats.com\\\/en\\\/cour-dappel-de-caen-le-8-janvier-2026-n22-03073\\\/\"]}]},{\"@type\":\"ImageObject\",\"inLanguage\":\"en-US\",\"@id\":\"https:\\\/\\\/kohenavocats.com\\\/en\\\/cour-dappel-de-caen-le-8-janvier-2026-n22-03073\\\/#primaryimage\",\"url\":\"https:\\\/\\\/kohenavocats.com\\\/wp-content\\\/uploads\\\/2024\\\/07\\\/alex-block-PdDBTrkGYLo-unsplash-1.webp\",\"contentUrl\":\"https:\\\/\\\/kohenavocats.com\\\/wp-content\\\/uploads\\\/2024\\\/07\\\/alex-block-PdDBTrkGYLo-unsplash-1.webp\",\"width\":4288,\"height\":2848},{\"@type\":\"BreadcrumbList\",\"@id\":\"https:\\\/\\\/kohenavocats.com\\\/en\\\/cour-dappel-de-caen-le-8-janvier-2026-n22-03073\\\/#breadcrumb\",\"itemListElement\":[{\"@type\":\"ListItem\",\"position\":1,\"name\":\"Home\",\"item\":\"https:\\\/\\\/kohenavocats.com\\\/en\\\/criminal-law-attorneys-in-paris-counsel-and-strategic-defense\\\/\"},{\"@type\":\"ListItem\",\"position\":2,\"name\":\"Cour d&rsquo;appel de Caen, le 8 janvier 2026, n\u00b022\\\/03073\"}]},{\"@type\":\"WebSite\",\"@id\":\"https:\\\/\\\/kohenavocats.com\\\/en\\\/#website\",\"url\":\"https:\\\/\\\/kohenavocats.com\\\/en\\\/\",\"name\":\"Kohen Avocats\",\"description\":\"Ma\u00eetre Hassan Kohen, avocat p\u00e9naliste \u00e0 Paris, intervient exclusivement en droit p\u00e9nal pour la d\u00e9fense des particuliers, notamment en mati\u00e8re d\u2019accusations de viol. Il assure un accompagnement rigoureux d\u00e8s la garde \u00e0 vue jusqu\u2019\u00e0 la Cour d\u2019assises, veillant au strict respect des garanties proc\u00e9durales.\",\"publisher\":{\"@id\":\"https:\\\/\\\/kohenavocats.com\\\/en\\\/#organization\"},\"potentialAction\":[{\"@type\":\"SearchAction\",\"target\":{\"@type\":\"EntryPoint\",\"urlTemplate\":\"https:\\\/\\\/kohenavocats.com\\\/en\\\/?s={search_term_string}\"},\"query-input\":{\"@type\":\"PropertyValueSpecification\",\"valueRequired\":true,\"valueName\":\"search_term_string\"}}],\"inLanguage\":\"en-US\"},{\"@type\":\"Organization\",\"@id\":\"https:\\\/\\\/kohenavocats.com\\\/en\\\/#organization\",\"name\":\"Kohen Avocats\",\"url\":\"https:\\\/\\\/kohenavocats.com\\\/en\\\/\",\"logo\":{\"@type\":\"ImageObject\",\"inLanguage\":\"en-US\",\"@id\":\"https:\\\/\\\/kohenavocats.com\\\/en\\\/#\\\/schema\\\/logo\\\/image\\\/\",\"url\":\"https:\\\/\\\/kohenavocats.com\\\/wp-content\\\/uploads\\\/2026\\\/01\\\/Logo-2-1.webp\",\"contentUrl\":\"https:\\\/\\\/kohenavocats.com\\\/wp-content\\\/uploads\\\/2026\\\/01\\\/Logo-2-1.webp\",\"width\":2114,\"height\":1253,\"caption\":\"Kohen Avocats\"},\"image\":{\"@id\":\"https:\\\/\\\/kohenavocats.com\\\/en\\\/#\\\/schema\\\/logo\\\/image\\\/\"}},{\"@type\":\"Person\",\"@id\":\"https:\\\/\\\/kohenavocats.com\\\/en\\\/#\\\/schema\\\/person\\\/761c9ba54fa1ca84d405cef0831ff751\",\"name\":\"Kohen\",\"image\":{\"@type\":\"ImageObject\",\"inLanguage\":\"en-US\",\"@id\":\"https:\\\/\\\/secure.gravatar.com\\\/avatar\\\/1c5e76ef76bbbfdd2b4da984e2bf2fa4056fd51a27d25ce2c332047f1dfd6e00?s=96&d=identicon&r=g\",\"url\":\"https:\\\/\\\/secure.gravatar.com\\\/avatar\\\/1c5e76ef76bbbfdd2b4da984e2bf2fa4056fd51a27d25ce2c332047f1dfd6e00?s=96&d=identicon&r=g\",\"contentUrl\":\"https:\\\/\\\/secure.gravatar.com\\\/avatar\\\/1c5e76ef76bbbfdd2b4da984e2bf2fa4056fd51a27d25ce2c332047f1dfd6e00?s=96&d=identicon&r=g\",\"caption\":\"Kohen\"},\"sameAs\":[\"https:\\\/\\\/www.linkedin.com\\\/in\\\/hassan-kohen-448548192\\\/\",\"https:\\\/\\\/www.youtube.com\\\/@Kohen-Avocats\"],\"url\":\"https:\\\/\\\/kohenavocats.com\\\/en\\\/author\\\/kohenmlk\\\/\"}]}<\/script>\n<!-- \/ Yoast SEO Premium plugin. -->","yoast_head_json":{"title":"Cour d'appel de Caen, le 8 janvier 2026, n\u00b022\/03073 - Ma\u00eetre Hassan Kohen, avocat en droit p\u00e9nal \u00e0 Paris","description":"La cour d'appel de Caen, dans son arr\u00eat du 8 janvier 2026, a ordonn\u00e9 une mesure de m\u00e9diation avant de statuer sur le fond du litige commercial. Une soci\u00e9t\u00e9 d...","robots":{"index":"index","follow":"follow","max-snippet":"max-snippet:-1","max-image-preview":"max-image-preview:large","max-video-preview":"max-video-preview:-1"},"canonical":"https:\/\/kohenavocats.com\/en\/cour-dappel-de-caen-le-8-janvier-2026-n22-03073\/","og_locale":"en_US","og_type":"article","og_title":"Cour d'appel de Caen, le 8 janvier 2026, n\u00b022\/03073","og_description":"La cour d'appel de Caen, dans son arr\u00eat du 8 janvier 2026, a ordonn\u00e9 une mesure de m\u00e9diation avant de statuer sur le fond du litige commercial. Une soci\u00e9t\u00e9 d...","og_url":"https:\/\/kohenavocats.com\/en\/cour-dappel-de-caen-le-8-janvier-2026-n22-03073\/","og_site_name":"Ma\u00eetre Hassan Kohen, avocat en droit p\u00e9nal \u00e0 Paris","article_published_time":"2026-04-30T02:31:47+00:00","og_image":[{"width":4288,"height":2848,"url":"https:\/\/kohenavocats.com\/wp-content\/uploads\/2024\/07\/alex-block-PdDBTrkGYLo-unsplash-1.webp","type":"image\/webp"}],"author":"Kohen","twitter_card":"summary_large_image","twitter_misc":{"Written by":"Kohen","Est. reading time":"2 minutes"},"schema":{"@context":"https:\/\/schema.org","@graph":[{"@type":"Article","@id":"https:\/\/kohenavocats.com\/en\/cour-dappel-de-caen-le-8-janvier-2026-n22-03073\/#article","isPartOf":{"@id":"https:\/\/kohenavocats.com\/en\/cour-dappel-de-caen-le-8-janvier-2026-n22-03073\/"},"author":{"name":"Kohen","@id":"https:\/\/kohenavocats.com\/en\/#\/schema\/person\/761c9ba54fa1ca84d405cef0831ff751"},"headline":"Cour d&#8217;appel de Caen, le 8 janvier 2026, n\u00b022\/03073","datePublished":"2026-04-30T02:31:47+00:00","mainEntityOfPage":{"@id":"https:\/\/kohenavocats.com\/en\/cour-dappel-de-caen-le-8-janvier-2026-n22-03073\/"},"wordCount":371,"commentCount":0,"publisher":{"@id":"https:\/\/kohenavocats.com\/en\/#organization"},"image":{"@id":"https:\/\/kohenavocats.com\/en\/cour-dappel-de-caen-le-8-janvier-2026-n22-03073\/#primaryimage"},"thumbnailUrl":"https:\/\/kohenavocats.com\/wp-content\/uploads\/2024\/07\/alex-block-PdDBTrkGYLo-unsplash-1.webp","articleSection":["Jurisprudence"],"inLanguage":"en-US","potentialAction":[{"@type":"CommentAction","name":"Comment","target":["https:\/\/kohenavocats.com\/en\/cour-dappel-de-caen-le-8-janvier-2026-n22-03073\/#respond"]}],"citation":"Cour d&#8217;appel de Caen, le 8 janvier 2026, n\u00b022\/03073","about":[{"@type":"Thing","name":"Jurisprudence"}],"dateModified":"2026-04-30T02:31:47+00:00","speakable":{"@type":"SpeakableSpecification","cssSelector":[".article-content > p:first-of-type"]}},{"@type":"WebPage","@id":"https:\/\/kohenavocats.com\/en\/cour-dappel-de-caen-le-8-janvier-2026-n22-03073\/","url":"https:\/\/kohenavocats.com\/en\/cour-dappel-de-caen-le-8-janvier-2026-n22-03073\/","name":"Cour d'appel de Caen, le 8 janvier 2026, n\u00b022\/03073 - Ma\u00eetre Hassan Kohen, avocat en droit p\u00e9nal \u00e0 Paris","isPartOf":{"@id":"https:\/\/kohenavocats.com\/en\/#website"},"primaryImageOfPage":{"@id":"https:\/\/kohenavocats.com\/en\/cour-dappel-de-caen-le-8-janvier-2026-n22-03073\/#primaryimage"},"image":{"@id":"https:\/\/kohenavocats.com\/en\/cour-dappel-de-caen-le-8-janvier-2026-n22-03073\/#primaryimage"},"thumbnailUrl":"https:\/\/kohenavocats.com\/wp-content\/uploads\/2024\/07\/alex-block-PdDBTrkGYLo-unsplash-1.webp","datePublished":"2026-04-30T02:31:47+00:00","description":"La cour d'appel de Caen, dans son arr\u00eat du 8 janvier 2026, a ordonn\u00e9 une mesure de m\u00e9diation avant de statuer sur le fond du litige commercial. Une soci\u00e9t\u00e9 d...","breadcrumb":{"@id":"https:\/\/kohenavocats.com\/en\/cour-dappel-de-caen-le-8-janvier-2026-n22-03073\/#breadcrumb"},"inLanguage":"en-US","potentialAction":[{"@type":"ReadAction","target":["https:\/\/kohenavocats.com\/en\/cour-dappel-de-caen-le-8-janvier-2026-n22-03073\/"]}]},{"@type":"ImageObject","inLanguage":"en-US","@id":"https:\/\/kohenavocats.com\/en\/cour-dappel-de-caen-le-8-janvier-2026-n22-03073\/#primaryimage","url":"https:\/\/kohenavocats.com\/wp-content\/uploads\/2024\/07\/alex-block-PdDBTrkGYLo-unsplash-1.webp","contentUrl":"https:\/\/kohenavocats.com\/wp-content\/uploads\/2024\/07\/alex-block-PdDBTrkGYLo-unsplash-1.webp","width":4288,"height":2848},{"@type":"BreadcrumbList","@id":"https:\/\/kohenavocats.com\/en\/cour-dappel-de-caen-le-8-janvier-2026-n22-03073\/#breadcrumb","itemListElement":[{"@type":"ListItem","position":1,"name":"Home","item":"https:\/\/kohenavocats.com\/en\/criminal-law-attorneys-in-paris-counsel-and-strategic-defense\/"},{"@type":"ListItem","position":2,"name":"Cour d&rsquo;appel de Caen, le 8 janvier 2026, n\u00b022\/03073"}]},{"@type":"WebSite","@id":"https:\/\/kohenavocats.com\/en\/#website","url":"https:\/\/kohenavocats.com\/en\/","name":"Kohen Avocats","description":"Ma\u00eetre Hassan Kohen, avocat p\u00e9naliste \u00e0 Paris, intervient exclusivement en droit p\u00e9nal pour la d\u00e9fense des particuliers, notamment en mati\u00e8re d\u2019accusations de viol. Il assure un accompagnement rigoureux d\u00e8s la garde \u00e0 vue jusqu\u2019\u00e0 la Cour d\u2019assises, veillant au strict respect des garanties proc\u00e9durales.","publisher":{"@id":"https:\/\/kohenavocats.com\/en\/#organization"},"potentialAction":[{"@type":"SearchAction","target":{"@type":"EntryPoint","urlTemplate":"https:\/\/kohenavocats.com\/en\/?s={search_term_string}"},"query-input":{"@type":"PropertyValueSpecification","valueRequired":true,"valueName":"search_term_string"}}],"inLanguage":"en-US"},{"@type":"Organization","@id":"https:\/\/kohenavocats.com\/en\/#organization","name":"Kohen Avocats","url":"https:\/\/kohenavocats.com\/en\/","logo":{"@type":"ImageObject","inLanguage":"en-US","@id":"https:\/\/kohenavocats.com\/en\/#\/schema\/logo\/image\/","url":"https:\/\/kohenavocats.com\/wp-content\/uploads\/2026\/01\/Logo-2-1.webp","contentUrl":"https:\/\/kohenavocats.com\/wp-content\/uploads\/2026\/01\/Logo-2-1.webp","width":2114,"height":1253,"caption":"Kohen Avocats"},"image":{"@id":"https:\/\/kohenavocats.com\/en\/#\/schema\/logo\/image\/"}},{"@type":"Person","@id":"https:\/\/kohenavocats.com\/en\/#\/schema\/person\/761c9ba54fa1ca84d405cef0831ff751","name":"Kohen","image":{"@type":"ImageObject","inLanguage":"en-US","@id":"https:\/\/secure.gravatar.com\/avatar\/1c5e76ef76bbbfdd2b4da984e2bf2fa4056fd51a27d25ce2c332047f1dfd6e00?s=96&d=identicon&r=g","url":"https:\/\/secure.gravatar.com\/avatar\/1c5e76ef76bbbfdd2b4da984e2bf2fa4056fd51a27d25ce2c332047f1dfd6e00?s=96&d=identicon&r=g","contentUrl":"https:\/\/secure.gravatar.com\/avatar\/1c5e76ef76bbbfdd2b4da984e2bf2fa4056fd51a27d25ce2c332047f1dfd6e00?s=96&d=identicon&r=g","caption":"Kohen"},"sameAs":["https:\/\/www.linkedin.com\/in\/hassan-kohen-448548192\/","https:\/\/www.youtube.com\/@Kohen-Avocats"],"url":"https:\/\/kohenavocats.com\/en\/author\/kohenmlk\/"}]}},"jetpack_featured_media_url":"https:\/\/kohenavocats.com\/wp-content\/uploads\/2024\/07\/alex-block-PdDBTrkGYLo-unsplash-1.webp","jetpack_likes_enabled":false,"jetpack_shortlink":"https:\/\/wp.me\/peCrII-3eJI","jetpack-related-posts":[{"id":639774,"url":"https:\/\/kohenavocats.com\/en\/tribunal-judiciaire-de-caen-le-8-janvier-2026-n25-00371\/","url_meta":{"origin":771634,"position":0},"title":"Tribunal judiciaire de Caen, le 8 janvier 2026, n\u00b025\/00371","author":"Kohen","date":"21 April 2026","format":false,"excerpt":"Le tribunal judiciaire de Caen, statuant en r\u00e9f\u00e9r\u00e9 le 8 janvier 2026, se prononce sur un diff\u00e9rend entre deux soci\u00e9t\u00e9s. Le juge, estimant une r\u00e9solution amia...","rel":"","context":"In &quot;Jurisprudence&quot;","block_context":{"text":"Jurisprudence","link":"https:\/\/kohenavocats.com\/category\/jurisprudence\/"},"img":{"alt_text":"","src":"https:\/\/i0.wp.com\/kohenavocats.com\/wp-content\/uploads\/2024\/11\/anita-austvika-c3a-Tr6CM1Q-unsplash-1.webp?resize=350%2C200&ssl=1","width":350,"height":200,"srcset":"https:\/\/i0.wp.com\/kohenavocats.com\/wp-content\/uploads\/2024\/11\/anita-austvika-c3a-Tr6CM1Q-unsplash-1.webp?resize=350%2C200&ssl=1 1x, https:\/\/i0.wp.com\/kohenavocats.com\/wp-content\/uploads\/2024\/11\/anita-austvika-c3a-Tr6CM1Q-unsplash-1.webp?resize=525%2C300&ssl=1 1.5x, https:\/\/i0.wp.com\/kohenavocats.com\/wp-content\/uploads\/2024\/11\/anita-austvika-c3a-Tr6CM1Q-unsplash-1.webp?resize=700%2C400&ssl=1 2x, https:\/\/i0.wp.com\/kohenavocats.com\/wp-content\/uploads\/2024\/11\/anita-austvika-c3a-Tr6CM1Q-unsplash-1.webp?resize=1050%2C600&ssl=1 3x, https:\/\/i0.wp.com\/kohenavocats.com\/wp-content\/uploads\/2024\/11\/anita-austvika-c3a-Tr6CM1Q-unsplash-1.webp?resize=1400%2C800&ssl=1 4x"},"classes":[]},{"id":667839,"url":"https:\/\/kohenavocats.com\/en\/cour-dappel-de-caen-le-21-janvier-2026-n21-02950\/","url_meta":{"origin":771634,"position":1},"title":"Cour d&#8217;appel de Caen, le 21 janvier 2026, n\u00b021\/02950","author":"Kohen","date":"24 April 2026","format":false,"excerpt":"La cour d'appel de Caen, statuant avant dire droit le 21 janvier 2026, ordonne une mesure de m\u00e9diation dans le cadre d'un litige successoral complexe. Saisie...","rel":"","context":"In &quot;Jurisprudence&quot;","block_context":{"text":"Jurisprudence","link":"https:\/\/kohenavocats.com\/category\/jurisprudence\/"},"img":{"alt_text":"","src":"https:\/\/i0.wp.com\/kohenavocats.com\/wp-content\/uploads\/2024\/07\/giammarco-boscaro-xLhKkk2tKkA-unsplash.webp?resize=350%2C200&ssl=1","width":350,"height":200,"srcset":"https:\/\/i0.wp.com\/kohenavocats.com\/wp-content\/uploads\/2024\/07\/giammarco-boscaro-xLhKkk2tKkA-unsplash.webp?resize=350%2C200&ssl=1 1x, https:\/\/i0.wp.com\/kohenavocats.com\/wp-content\/uploads\/2024\/07\/giammarco-boscaro-xLhKkk2tKkA-unsplash.webp?resize=525%2C300&ssl=1 1.5x, https:\/\/i0.wp.com\/kohenavocats.com\/wp-content\/uploads\/2024\/07\/giammarco-boscaro-xLhKkk2tKkA-unsplash.webp?resize=700%2C400&ssl=1 2x, https:\/\/i0.wp.com\/kohenavocats.com\/wp-content\/uploads\/2024\/07\/giammarco-boscaro-xLhKkk2tKkA-unsplash.webp?resize=1050%2C600&ssl=1 3x, https:\/\/i0.wp.com\/kohenavocats.com\/wp-content\/uploads\/2024\/07\/giammarco-boscaro-xLhKkk2tKkA-unsplash.webp?resize=1400%2C800&ssl=1 4x"},"classes":[]},{"id":638079,"url":"https:\/\/kohenavocats.com\/en\/tribunal-judiciaire-de-caen-le-8-octobre-2025-n25-00194\/","url_meta":{"origin":771634,"position":2},"title":"Tribunal judiciaire de Caen, le 8 octobre 2025, n\u00b025\/00194","author":"Kohen","date":"21 April 2026","format":false,"excerpt":"Le tribunal judiciaire de Caen, statuant en r\u00e9f\u00e9r\u00e9 le 8 octobre 2025, est saisi d\u2019un litige relatif \u00e0 des d\u00e9sordres immobiliers post\u00e9rieurs \u00e0 une vente. Le j...","rel":"","context":"In &quot;Jurisprudence&quot;","block_context":{"text":"Jurisprudence","link":"https:\/\/kohenavocats.com\/category\/jurisprudence\/"},"img":{"alt_text":"","src":"https:\/\/i0.wp.com\/kohenavocats.com\/wp-content\/uploads\/2024\/08\/jianxiang-wu-TQEfLtojDQA-unsplash.webp?resize=350%2C200&ssl=1","width":350,"height":200,"srcset":"https:\/\/i0.wp.com\/kohenavocats.com\/wp-content\/uploads\/2024\/08\/jianxiang-wu-TQEfLtojDQA-unsplash.webp?resize=350%2C200&ssl=1 1x, https:\/\/i0.wp.com\/kohenavocats.com\/wp-content\/uploads\/2024\/08\/jianxiang-wu-TQEfLtojDQA-unsplash.webp?resize=525%2C300&ssl=1 1.5x, https:\/\/i0.wp.com\/kohenavocats.com\/wp-content\/uploads\/2024\/08\/jianxiang-wu-TQEfLtojDQA-unsplash.webp?resize=700%2C400&ssl=1 2x, https:\/\/i0.wp.com\/kohenavocats.com\/wp-content\/uploads\/2024\/08\/jianxiang-wu-TQEfLtojDQA-unsplash.webp?resize=1050%2C600&ssl=1 3x, https:\/\/i0.wp.com\/kohenavocats.com\/wp-content\/uploads\/2024\/08\/jianxiang-wu-TQEfLtojDQA-unsplash.webp?resize=1400%2C800&ssl=1 4x"},"classes":[]},{"id":477742,"url":"https:\/\/kohenavocats.com\/en\/tribunal-judiciaire-de-caen-le-4-decembre-2025-n25-00488\/","url_meta":{"origin":771634,"position":3},"title":"Tribunal judiciaire de Caen, le 4 d\u00e9cembre 2025, n\u00b025\/00488","author":"Kohen","date":"7 April 2026","format":false,"excerpt":"Le tribunal judiciaire de Caen, statuant en r\u00e9f\u00e9r\u00e9 le 4 d\u00e9cembre 2025, est saisi d'un litige contractuel relatif \u00e0 la vente d'un v\u00e9hicule d'occasion. Apr\u00e8s u...","rel":"","context":"In &quot;Jurisprudence&quot;","block_context":{"text":"Jurisprudence","link":"https:\/\/kohenavocats.com\/category\/jurisprudence\/"},"img":{"alt_text":"","src":"https:\/\/i0.wp.com\/kohenavocats.com\/wp-content\/uploads\/2024\/11\/pramod-tiwari-fcMI6xvRcYE-unsplash.webp?resize=350%2C200&ssl=1","width":350,"height":200,"srcset":"https:\/\/i0.wp.com\/kohenavocats.com\/wp-content\/uploads\/2024\/11\/pramod-tiwari-fcMI6xvRcYE-unsplash.webp?resize=350%2C200&ssl=1 1x, https:\/\/i0.wp.com\/kohenavocats.com\/wp-content\/uploads\/2024\/11\/pramod-tiwari-fcMI6xvRcYE-unsplash.webp?resize=525%2C300&ssl=1 1.5x, https:\/\/i0.wp.com\/kohenavocats.com\/wp-content\/uploads\/2024\/11\/pramod-tiwari-fcMI6xvRcYE-unsplash.webp?resize=700%2C400&ssl=1 2x, https:\/\/i0.wp.com\/kohenavocats.com\/wp-content\/uploads\/2024\/11\/pramod-tiwari-fcMI6xvRcYE-unsplash.webp?resize=1050%2C600&ssl=1 3x, https:\/\/i0.wp.com\/kohenavocats.com\/wp-content\/uploads\/2024\/11\/pramod-tiwari-fcMI6xvRcYE-unsplash.webp?resize=1400%2C800&ssl=1 4x"},"classes":[]},{"id":493582,"url":"https:\/\/kohenavocats.com\/en\/tribunal-judiciaire-de-caen-le-5-fevrier-2026-n25-00266\/","url_meta":{"origin":771634,"position":4},"title":"Tribunal judiciaire de Caen, le 5 f\u00e9vrier 2026, n\u00b025\/00266","author":"Kohen","date":"8 April 2026","format":false,"excerpt":"Le tribunal judiciaire de Caen, statuant en r\u00e9f\u00e9r\u00e9 le 5 f\u00e9vrier 2026, est saisi d'un conflit de voisinage. Le juge, avant de statuer sur le fond, ordonne une...","rel":"","context":"In &quot;Jurisprudence&quot;","block_context":{"text":"Jurisprudence","link":"https:\/\/kohenavocats.com\/category\/jurisprudence\/"},"img":{"alt_text":"","src":"https:\/\/i0.wp.com\/kohenavocats.com\/wp-content\/uploads\/2024\/11\/laura-adai-pK4l4wGVETA-unsplash.webp?resize=350%2C200&ssl=1","width":350,"height":200,"srcset":"https:\/\/i0.wp.com\/kohenavocats.com\/wp-content\/uploads\/2024\/11\/laura-adai-pK4l4wGVETA-unsplash.webp?resize=350%2C200&ssl=1 1x, https:\/\/i0.wp.com\/kohenavocats.com\/wp-content\/uploads\/2024\/11\/laura-adai-pK4l4wGVETA-unsplash.webp?resize=525%2C300&ssl=1 1.5x, https:\/\/i0.wp.com\/kohenavocats.com\/wp-content\/uploads\/2024\/11\/laura-adai-pK4l4wGVETA-unsplash.webp?resize=700%2C400&ssl=1 2x, https:\/\/i0.wp.com\/kohenavocats.com\/wp-content\/uploads\/2024\/11\/laura-adai-pK4l4wGVETA-unsplash.webp?resize=1050%2C600&ssl=1 3x, https:\/\/i0.wp.com\/kohenavocats.com\/wp-content\/uploads\/2024\/11\/laura-adai-pK4l4wGVETA-unsplash.webp?resize=1400%2C800&ssl=1 4x"},"classes":[]},{"id":607069,"url":"https:\/\/kohenavocats.com\/en\/tribunal-judiciaire-de-caen-le-4-decembre-2025-n25-00449\/","url_meta":{"origin":771634,"position":5},"title":"Tribunal judiciaire de Caen, le 4 d\u00e9cembre 2025, n\u00b025\/00449","author":"Kohen","date":"19 April 2026","format":false,"excerpt":"Le tribunal judiciaire de Caen, statuant en r\u00e9f\u00e9r\u00e9 le 4 d\u00e9cembre 2025, est saisi d\u2019un conflit locatif commercial pour impay\u00e9s. Le juge, avant de statuer sur ...","rel":"","context":"In &quot;Jurisprudence&quot;","block_context":{"text":"Jurisprudence","link":"https:\/\/kohenavocats.com\/category\/jurisprudence\/"},"img":{"alt_text":"","src":"https:\/\/i0.wp.com\/kohenavocats.com\/wp-content\/uploads\/2024\/08\/sofia-vila-flor-iX4r2YviN8E-unsplash.webp?resize=350%2C200&ssl=1","width":350,"height":200,"srcset":"https:\/\/i0.wp.com\/kohenavocats.com\/wp-content\/uploads\/2024\/08\/sofia-vila-flor-iX4r2YviN8E-unsplash.webp?resize=350%2C200&ssl=1 1x, https:\/\/i0.wp.com\/kohenavocats.com\/wp-content\/uploads\/2024\/08\/sofia-vila-flor-iX4r2YviN8E-unsplash.webp?resize=525%2C300&ssl=1 1.5x, https:\/\/i0.wp.com\/kohenavocats.com\/wp-content\/uploads\/2024\/08\/sofia-vila-flor-iX4r2YviN8E-unsplash.webp?resize=700%2C400&ssl=1 2x, https:\/\/i0.wp.com\/kohenavocats.com\/wp-content\/uploads\/2024\/08\/sofia-vila-flor-iX4r2YviN8E-unsplash.webp?resize=1050%2C600&ssl=1 3x, https:\/\/i0.wp.com\/kohenavocats.com\/wp-content\/uploads\/2024\/08\/sofia-vila-flor-iX4r2YviN8E-unsplash.webp?resize=1400%2C800&ssl=1 4x"},"classes":[]}],"jetpack_sharing_enabled":true,"_links":{"self":[{"href":"https:\/\/kohenavocats.com\/en\/wp-json\/wp\/v2\/posts\/771634","targetHints":{"allow":["GET"]}}],"collection":[{"href":"https:\/\/kohenavocats.com\/en\/wp-json\/wp\/v2\/posts"}],"about":[{"href":"https:\/\/kohenavocats.com\/en\/wp-json\/wp\/v2\/types\/post"}],"author":[{"embeddable":true,"href":"https:\/\/kohenavocats.com\/en\/wp-json\/wp\/v2\/users\/232070755"}],"replies":[{"embeddable":true,"href":"https:\/\/kohenavocats.com\/en\/wp-json\/wp\/v2\/comments?post=771634"}],"version-history":[{"count":0,"href":"https:\/\/kohenavocats.com\/en\/wp-json\/wp\/v2\/posts\/771634\/revisions"}],"wp:featuredmedia":[{"embeddable":true,"href":"https:\/\/kohenavocats.com\/en\/wp-json\/wp\/v2\/media\/3884"}],"wp:attachment":[{"href":"https:\/\/kohenavocats.com\/en\/wp-json\/wp\/v2\/media?parent=771634"}],"wp:term":[{"taxonomy":"category","embeddable":true,"href":"https:\/\/kohenavocats.com\/en\/wp-json\/wp\/v2\/categories?post=771634"},{"taxonomy":"post_tag","embeddable":true,"href":"https:\/\/kohenavocats.com\/en\/wp-json\/wp\/v2\/tags?post=771634"}],"curies":[{"name":"wp","href":"https:\/\/api.w.org\/{rel}","templated":true}]}}