{"id":623663,"date":"2026-04-20T15:25:40","date_gmt":"2026-04-20T13:25:40","guid":{"rendered":"https:\/\/kohenavocats.com\/tribunal-judiciaire-de-lyon-le-28-mars-2024-n25-01228\/"},"modified":"2026-04-20T15:25:40","modified_gmt":"2026-04-20T13:25:40","slug":"tribunal-judiciaire-de-lyon-le-28-mars-2024-n25-01228","status":"publish","type":"post","link":"https:\/\/kohenavocats.com\/pt-pt\/tribunal-judiciaire-de-lyon-le-28-mars-2024-n25-01228\/","title":{"rendered":"Tribunal judiciaire de Lyon, le 28 mars 2024, n\u00b025\/01228"},"content":{"rendered":"<div class=\"article-content\">\n<p>Le juge des contentieux de la protection, statuant en r\u00e9f\u00e9r\u00e9, a rendu une ordonnance le 28 mars 2024. Il s\u2019agissait d\u2019une demande de provision formul\u00e9e par une locataire all\u00e9guant des d\u00e9sordres persistants. Le bailleur avait pourtant r\u00e9alis\u00e9 des travaux correctifs. La juridiction a d\u00fb examiner le caract\u00e8re s\u00e9rieusement contestable de l\u2019obligation. Elle a finalement d\u00e9bout\u00e9 la requ\u00e9rante de sa demande en r\u00e9f\u00e9r\u00e9.<\/p>\n<p>L\u2019exigence d\u2019une obligation non s\u00e9rieusement contestable<\/p>\n<p>Le cadre l\u00e9gal du r\u00e9f\u00e9r\u00e9-provision est strictement d\u00e9fini. Le juge peut accorder une provision au cr\u00e9ancier dans les cas o\u00f9 l\u2019existence de l\u2019obligation n\u2019est pas s\u00e9rieusement contestable. Cette condition est issue de l\u2019article 835 du Code de proc\u00e9dure civile. Elle constitue un filtre proc\u00e9dural essentiel pour le juge des r\u00e9f\u00e9r\u00e9s. Son appr\u00e9ciation d\u00e9termine l\u2019acc\u00e8s \u00e0 une mesure d\u2019anticipation.<\/p>\n<p>L\u2019application de ce crit\u00e8re requiert une analyse concr\u00e8te des \u00e9l\u00e9ments produits. En l\u2019esp\u00e8ce, le bailleur avait effectu\u00e9 d\u2019importants travaux en 2020. Des travaux de toiture, de peinture et de menuiseries ont \u00e9t\u00e9 entrepris. La cour rel\u00e8ve aussi une intervention sp\u00e9cifique suite \u00e0 une r\u00e9clamation. Une intervention de la soci\u00e9t\u00e9 NOVHA R\u00e9novation a eu lieu le 28 mars 2024. Ces diligences actives sont centrales dans le raisonnement.<\/p>\n<p>La port\u00e9e de cette analyse est significative pour la pratique du r\u00e9f\u00e9r\u00e9. Le sens de la d\u00e9cision est de rappeler le caract\u00e8re exorbitant du r\u00e9f\u00e9r\u00e9-provision. Sa valeur r\u00e9side dans l\u2019exigence d\u2019une preuve tangible et actuelle de l\u2019obligation. La contestation devient s\u00e9rieuse d\u00e8s lors que des actions correctives sont d\u00e9montr\u00e9es. Cela renforce la position du d\u00e9biteur qui agit pour r\u00e9soudre le litige.<\/p>\n<p>La caract\u00e9risation d\u2019une contestation s\u00e9rieuse en l\u2019esp\u00e8ce<\/p>\n<p>Le juge proc\u00e8de \u00e0 une appr\u00e9ciation globale des preuves pour qualifier la contestation. Il constate l\u2019absence d\u2019\u00e9l\u00e9ments probants post\u00e9rieurs \u00e0 l\u2019intervention du bailleur. Aucun \u00e9l\u00e9ment probant post\u00e9rieur \u00e0 cette date n\u2019est produit. Cette carence dans l\u2019administration de la preuve est d\u00e9terminante. Elle emp\u00eache de constituer une certitude sur la persistance du trouble.<\/p>\n<p>La d\u00e9cision en d\u00e9duit directement l\u2019existence d\u2019une contestation s\u00e9rieuse. Il n\u2019existe alors aucune certitude quant \u00e0 la responsabilit\u00e9 du bailleur. Il en r\u00e9sulte une contestation s\u00e9rieuse qui fonde le rejet des demandes. Le lien de causalit\u00e9 entre l\u2019absence de preuve et le rejet est ainsi \u00e9tabli. La demande ne remplit pas le crit\u00e8re l\u00e9gal exig\u00e9.<\/p>\n<p>La port\u00e9e de ce raisonnement est pratique et proc\u00e9durale. Le sens est de souligner que l\u2019all\u00e9gation doit \u00eatre \u00e9tay\u00e9e par des preuves r\u00e9centes. La valeur de l\u2019arr\u00eat est de fixer un standard probatoire exigeant pour le cr\u00e9ancier. La contestation s\u00e9rieuse s\u2019appr\u00e9cie au regard des actions d\u00e9ploy\u00e9es par le d\u00e9biteur. Cela incite \u00e0 une documentation rigoureuse des r\u00e9clamations et des r\u00e9ponses.<\/p>\n<\/div>\n","protected":false},"excerpt":{"rendered":"<p>Le juge des contentieux de la protection, statuant en r\u00e9f\u00e9r\u00e9, a rendu une ordonnance le 28 mars 2024. Il s\u2019agissait d\u2019une demande de provision formul\u00e9e par u&#8230;<\/p>\n","protected":false},"author":232070755,"featured_media":9462,"comment_status":"open","ping_status":"open","sticky":false,"template":"","format":"standard","meta":{"_crdt_document":"","_jetpack_newsletter_access":"","_jetpack_dont_email_post_to_subs":false,"_jetpack_newsletter_tier_id":0,"_jetpack_memberships_contains_paywalled_content":false,"_kj_source_type":"judilibre","_kj_official_id":"68f287f0e97b8c18299552c9","_kj_official_url":"https:\/\/www.courdecassation.fr\/decision\/68f287f0e97b8c18299552c9","_kj_judilibre_id":"68f287f0e97b8c18299552c9","_kj_jur":"Tribunal judiciaire","_kj_lieu":"Tribunal judiciaire de Lyon","_kj_chambre":"PPP P\u00d4LE CIRCUIT COURT","_kj_rg":"25\/01228","_kj_date":"2025-10-17","_jetpack_memberships_contains_paid_content":false,"footnotes":"","jetpack_post_was_ever_published":false},"categories":[7597],"tags":[],"class_list":["post-623663","post","type-post","status-publish","format-standard","has-post-thumbnail","hentry","category-jurisprudence"],"yoast_head":"<!-- This site is optimized with the Yoast SEO Premium plugin v27.5 (Yoast SEO v27.5) - https:\/\/yoast.com\/product\/yoast-seo-premium-wordpress\/ -->\n<title>Tribunal judiciaire de Lyon, le 28 mars 2024, n\u00b025\/01228 - Ma\u00eetre Hassan Kohen, avocat en droit p\u00e9nal \u00e0 Paris<\/title>\n<meta name=\"description\" content=\"Le juge des contentieux de la protection, statuant en r\u00e9f\u00e9r\u00e9, a rendu une ordonnance le 28 mars 2024. Il s\u2019agissait d\u2019une demande de provision formul\u00e9e par u...\" \/>\n<meta name=\"robots\" content=\"index, follow, max-snippet:-1, max-image-preview:large, max-video-preview:-1\" \/>\n<link rel=\"canonical\" href=\"https:\/\/kohenavocats.com\/pt-pt\/tribunal-judiciaire-de-lyon-le-28-mars-2024-n25-01228\/\" \/>\n<meta property=\"og:locale\" content=\"pt_PT\" \/>\n<meta property=\"og:type\" content=\"article\" \/>\n<meta property=\"og:title\" content=\"Tribunal judiciaire de Lyon, le 28 mars 2024, n\u00b025\/01228\" \/>\n<meta property=\"og:description\" content=\"Le juge des contentieux de la protection, statuant en r\u00e9f\u00e9r\u00e9, a rendu une ordonnance le 28 mars 2024. Il s\u2019agissait d\u2019une demande de provision formul\u00e9e par u...\" \/>\n<meta property=\"og:url\" content=\"https:\/\/kohenavocats.com\/pt-pt\/tribunal-judiciaire-de-lyon-le-28-mars-2024-n25-01228\/\" \/>\n<meta property=\"og:site_name\" content=\"Ma\u00eetre Hassan Kohen, avocat en droit p\u00e9nal \u00e0 Paris\" \/>\n<meta property=\"article:published_time\" content=\"2026-04-20T13:25:40+00:00\" \/>\n<meta property=\"og:image\" content=\"https:\/\/kohenavocats.com\/wp-content\/uploads\/2024\/11\/getty-images-Au4I9ldgHKo-unsplash.webp\" \/>\n\t<meta property=\"og:image:width\" content=\"7952\" \/>\n\t<meta property=\"og:image:height\" content=\"5304\" \/>\n\t<meta property=\"og:image:type\" content=\"image\/webp\" \/>\n<meta name=\"author\" content=\"Kohen\" \/>\n<meta name=\"twitter:card\" content=\"summary_large_image\" \/>\n<meta name=\"twitter:label1\" content=\"Escrito por\" \/>\n\t<meta name=\"twitter:data1\" content=\"Kohen\" \/>\n\t<meta name=\"twitter:label2\" content=\"Tempo estimado de leitura\" \/>\n\t<meta name=\"twitter:data2\" content=\"3 minutos\" \/>\n<script type=\"application\/ld+json\" class=\"yoast-schema-graph\">{\"@context\":\"https:\\\/\\\/schema.org\",\"@graph\":[{\"@type\":\"Article\",\"@id\":\"https:\\\/\\\/kohenavocats.com\\\/pt-pt\\\/tribunal-judiciaire-de-lyon-le-28-mars-2024-n25-01228\\\/#article\",\"isPartOf\":{\"@id\":\"https:\\\/\\\/kohenavocats.com\\\/pt-pt\\\/tribunal-judiciaire-de-lyon-le-28-mars-2024-n25-01228\\\/\"},\"author\":{\"name\":\"Kohen\",\"@id\":\"https:\\\/\\\/kohenavocats.com\\\/pt-pt\\\/#\\\/schema\\\/person\\\/761c9ba54fa1ca84d405cef0831ff751\"},\"headline\":\"Tribunal judiciaire de Lyon, le 28 mars 2024, n\u00b025\\\/01228\",\"datePublished\":\"2026-04-20T13:25:40+00:00\",\"mainEntityOfPage\":{\"@id\":\"https:\\\/\\\/kohenavocats.com\\\/pt-pt\\\/tribunal-judiciaire-de-lyon-le-28-mars-2024-n25-01228\\\/\"},\"wordCount\":536,\"commentCount\":0,\"publisher\":{\"@id\":\"https:\\\/\\\/kohenavocats.com\\\/pt-pt\\\/#organization\"},\"image\":{\"@id\":\"https:\\\/\\\/kohenavocats.com\\\/pt-pt\\\/tribunal-judiciaire-de-lyon-le-28-mars-2024-n25-01228\\\/#primaryimage\"},\"thumbnailUrl\":\"https:\\\/\\\/kohenavocats.com\\\/wp-content\\\/uploads\\\/2024\\\/11\\\/getty-images-Au4I9ldgHKo-unsplash.webp\",\"articleSection\":[\"Jurisprudence\"],\"inLanguage\":\"pt-PT\",\"potentialAction\":[{\"@type\":\"CommentAction\",\"name\":\"Comment\",\"target\":[\"https:\\\/\\\/kohenavocats.com\\\/pt-pt\\\/tribunal-judiciaire-de-lyon-le-28-mars-2024-n25-01228\\\/#respond\"]}],\"citation\":\"Tribunal judiciaire de Lyon, le 28 mars 2024, n\u00b025\\\/01228\",\"about\":[{\"@type\":\"Thing\",\"name\":\"Jurisprudence\"}],\"dateModified\":\"2026-04-20T13:25:40+00:00\",\"speakable\":{\"@type\":\"SpeakableSpecification\",\"cssSelector\":[\".article-content > p:first-of-type\"]}},{\"@type\":\"WebPage\",\"@id\":\"https:\\\/\\\/kohenavocats.com\\\/pt-pt\\\/tribunal-judiciaire-de-lyon-le-28-mars-2024-n25-01228\\\/\",\"url\":\"https:\\\/\\\/kohenavocats.com\\\/pt-pt\\\/tribunal-judiciaire-de-lyon-le-28-mars-2024-n25-01228\\\/\",\"name\":\"Tribunal judiciaire de Lyon, le 28 mars 2024, n\u00b025\\\/01228 - Ma\u00eetre Hassan Kohen, avocat en droit p\u00e9nal \u00e0 Paris\",\"isPartOf\":{\"@id\":\"https:\\\/\\\/kohenavocats.com\\\/pt-pt\\\/#website\"},\"primaryImageOfPage\":{\"@id\":\"https:\\\/\\\/kohenavocats.com\\\/pt-pt\\\/tribunal-judiciaire-de-lyon-le-28-mars-2024-n25-01228\\\/#primaryimage\"},\"image\":{\"@id\":\"https:\\\/\\\/kohenavocats.com\\\/pt-pt\\\/tribunal-judiciaire-de-lyon-le-28-mars-2024-n25-01228\\\/#primaryimage\"},\"thumbnailUrl\":\"https:\\\/\\\/kohenavocats.com\\\/wp-content\\\/uploads\\\/2024\\\/11\\\/getty-images-Au4I9ldgHKo-unsplash.webp\",\"datePublished\":\"2026-04-20T13:25:40+00:00\",\"description\":\"Le juge des contentieux de la protection, statuant en r\u00e9f\u00e9r\u00e9, a rendu une ordonnance le 28 mars 2024. Il s\u2019agissait d\u2019une demande de provision formul\u00e9e par u...\",\"breadcrumb\":{\"@id\":\"https:\\\/\\\/kohenavocats.com\\\/pt-pt\\\/tribunal-judiciaire-de-lyon-le-28-mars-2024-n25-01228\\\/#breadcrumb\"},\"inLanguage\":\"pt-PT\",\"potentialAction\":[{\"@type\":\"ReadAction\",\"target\":[\"https:\\\/\\\/kohenavocats.com\\\/pt-pt\\\/tribunal-judiciaire-de-lyon-le-28-mars-2024-n25-01228\\\/\"]}]},{\"@type\":\"ImageObject\",\"inLanguage\":\"pt-PT\",\"@id\":\"https:\\\/\\\/kohenavocats.com\\\/pt-pt\\\/tribunal-judiciaire-de-lyon-le-28-mars-2024-n25-01228\\\/#primaryimage\",\"url\":\"https:\\\/\\\/kohenavocats.com\\\/wp-content\\\/uploads\\\/2024\\\/11\\\/getty-images-Au4I9ldgHKo-unsplash.webp\",\"contentUrl\":\"https:\\\/\\\/kohenavocats.com\\\/wp-content\\\/uploads\\\/2024\\\/11\\\/getty-images-Au4I9ldgHKo-unsplash.webp\",\"width\":7952,\"height\":5304},{\"@type\":\"BreadcrumbList\",\"@id\":\"https:\\\/\\\/kohenavocats.com\\\/pt-pt\\\/tribunal-judiciaire-de-lyon-le-28-mars-2024-n25-01228\\\/#breadcrumb\",\"itemListElement\":[{\"@type\":\"ListItem\",\"position\":1,\"name\":\"Home\",\"item\":\"https:\\\/\\\/kohenavocats.com\\\/pt-pt\\\/avocats-en-droit-penal-a-paris-conseil-et-defense-strategique\\\/\"},{\"@type\":\"ListItem\",\"position\":2,\"name\":\"Tribunal judiciaire de Lyon, le 28 mars 2024, n\u00b025\\\/01228\"}]},{\"@type\":\"WebSite\",\"@id\":\"https:\\\/\\\/kohenavocats.com\\\/pt-pt\\\/#website\",\"url\":\"https:\\\/\\\/kohenavocats.com\\\/pt-pt\\\/\",\"name\":\"Kohen Avocats\",\"description\":\"Ma\u00eetre Hassan Kohen, avocat p\u00e9naliste \u00e0 Paris, intervient exclusivement en droit p\u00e9nal pour la d\u00e9fense des particuliers, notamment en mati\u00e8re d\u2019accusations de viol. Il assure un accompagnement rigoureux d\u00e8s la garde \u00e0 vue jusqu\u2019\u00e0 la Cour d\u2019assises, veillant au strict respect des garanties proc\u00e9durales.\",\"publisher\":{\"@id\":\"https:\\\/\\\/kohenavocats.com\\\/pt-pt\\\/#organization\"},\"potentialAction\":[{\"@type\":\"SearchAction\",\"target\":{\"@type\":\"EntryPoint\",\"urlTemplate\":\"https:\\\/\\\/kohenavocats.com\\\/pt-pt\\\/?s={search_term_string}\"},\"query-input\":{\"@type\":\"PropertyValueSpecification\",\"valueRequired\":true,\"valueName\":\"search_term_string\"}}],\"inLanguage\":\"pt-PT\"},{\"@type\":\"Organization\",\"@id\":\"https:\\\/\\\/kohenavocats.com\\\/pt-pt\\\/#organization\",\"name\":\"Kohen Avocats\",\"url\":\"https:\\\/\\\/kohenavocats.com\\\/pt-pt\\\/\",\"logo\":{\"@type\":\"ImageObject\",\"inLanguage\":\"pt-PT\",\"@id\":\"https:\\\/\\\/kohenavocats.com\\\/pt-pt\\\/#\\\/schema\\\/logo\\\/image\\\/\",\"url\":\"https:\\\/\\\/kohenavocats.com\\\/wp-content\\\/uploads\\\/2026\\\/01\\\/Logo-2-1.webp\",\"contentUrl\":\"https:\\\/\\\/kohenavocats.com\\\/wp-content\\\/uploads\\\/2026\\\/01\\\/Logo-2-1.webp\",\"width\":2114,\"height\":1253,\"caption\":\"Kohen Avocats\"},\"image\":{\"@id\":\"https:\\\/\\\/kohenavocats.com\\\/pt-pt\\\/#\\\/schema\\\/logo\\\/image\\\/\"}},{\"@type\":\"Person\",\"@id\":\"https:\\\/\\\/kohenavocats.com\\\/pt-pt\\\/#\\\/schema\\\/person\\\/761c9ba54fa1ca84d405cef0831ff751\",\"name\":\"Kohen\",\"image\":{\"@type\":\"ImageObject\",\"inLanguage\":\"pt-PT\",\"@id\":\"https:\\\/\\\/secure.gravatar.com\\\/avatar\\\/1c5e76ef76bbbfdd2b4da984e2bf2fa4056fd51a27d25ce2c332047f1dfd6e00?s=96&d=identicon&r=g\",\"url\":\"https:\\\/\\\/secure.gravatar.com\\\/avatar\\\/1c5e76ef76bbbfdd2b4da984e2bf2fa4056fd51a27d25ce2c332047f1dfd6e00?s=96&d=identicon&r=g\",\"contentUrl\":\"https:\\\/\\\/secure.gravatar.com\\\/avatar\\\/1c5e76ef76bbbfdd2b4da984e2bf2fa4056fd51a27d25ce2c332047f1dfd6e00?s=96&d=identicon&r=g\",\"caption\":\"Kohen\"},\"sameAs\":[\"https:\\\/\\\/www.linkedin.com\\\/in\\\/hassan-kohen-448548192\\\/\",\"https:\\\/\\\/www.youtube.com\\\/@Kohen-Avocats\"],\"url\":\"https:\\\/\\\/kohenavocats.com\\\/pt-pt\\\/author\\\/kohenmlk\\\/\"}]}<\/script>\n<!-- \/ Yoast SEO Premium plugin. -->","yoast_head_json":{"title":"Tribunal judiciaire de Lyon, le 28 mars 2024, n\u00b025\/01228 - Ma\u00eetre Hassan Kohen, avocat en droit p\u00e9nal \u00e0 Paris","description":"Le juge des contentieux de la protection, statuant en r\u00e9f\u00e9r\u00e9, a rendu une ordonnance le 28 mars 2024. Il s\u2019agissait d\u2019une demande de provision formul\u00e9e par u...","robots":{"index":"index","follow":"follow","max-snippet":"max-snippet:-1","max-image-preview":"max-image-preview:large","max-video-preview":"max-video-preview:-1"},"canonical":"https:\/\/kohenavocats.com\/pt-pt\/tribunal-judiciaire-de-lyon-le-28-mars-2024-n25-01228\/","og_locale":"pt_PT","og_type":"article","og_title":"Tribunal judiciaire de Lyon, le 28 mars 2024, n\u00b025\/01228","og_description":"Le juge des contentieux de la protection, statuant en r\u00e9f\u00e9r\u00e9, a rendu une ordonnance le 28 mars 2024. Il s\u2019agissait d\u2019une demande de provision formul\u00e9e par u...","og_url":"https:\/\/kohenavocats.com\/pt-pt\/tribunal-judiciaire-de-lyon-le-28-mars-2024-n25-01228\/","og_site_name":"Ma\u00eetre Hassan Kohen, avocat en droit p\u00e9nal \u00e0 Paris","article_published_time":"2026-04-20T13:25:40+00:00","og_image":[{"width":7952,"height":5304,"url":"https:\/\/kohenavocats.com\/wp-content\/uploads\/2024\/11\/getty-images-Au4I9ldgHKo-unsplash.webp","type":"image\/webp"}],"author":"Kohen","twitter_card":"summary_large_image","twitter_misc":{"Escrito por":"Kohen","Tempo estimado de leitura":"3 minutos"},"schema":{"@context":"https:\/\/schema.org","@graph":[{"@type":"Article","@id":"https:\/\/kohenavocats.com\/pt-pt\/tribunal-judiciaire-de-lyon-le-28-mars-2024-n25-01228\/#article","isPartOf":{"@id":"https:\/\/kohenavocats.com\/pt-pt\/tribunal-judiciaire-de-lyon-le-28-mars-2024-n25-01228\/"},"author":{"name":"Kohen","@id":"https:\/\/kohenavocats.com\/pt-pt\/#\/schema\/person\/761c9ba54fa1ca84d405cef0831ff751"},"headline":"Tribunal judiciaire de Lyon, le 28 mars 2024, n\u00b025\/01228","datePublished":"2026-04-20T13:25:40+00:00","mainEntityOfPage":{"@id":"https:\/\/kohenavocats.com\/pt-pt\/tribunal-judiciaire-de-lyon-le-28-mars-2024-n25-01228\/"},"wordCount":536,"commentCount":0,"publisher":{"@id":"https:\/\/kohenavocats.com\/pt-pt\/#organization"},"image":{"@id":"https:\/\/kohenavocats.com\/pt-pt\/tribunal-judiciaire-de-lyon-le-28-mars-2024-n25-01228\/#primaryimage"},"thumbnailUrl":"https:\/\/kohenavocats.com\/wp-content\/uploads\/2024\/11\/getty-images-Au4I9ldgHKo-unsplash.webp","articleSection":["Jurisprudence"],"inLanguage":"pt-PT","potentialAction":[{"@type":"CommentAction","name":"Comment","target":["https:\/\/kohenavocats.com\/pt-pt\/tribunal-judiciaire-de-lyon-le-28-mars-2024-n25-01228\/#respond"]}],"citation":"Tribunal judiciaire de Lyon, le 28 mars 2024, n\u00b025\/01228","about":[{"@type":"Thing","name":"Jurisprudence"}],"dateModified":"2026-04-20T13:25:40+00:00","speakable":{"@type":"SpeakableSpecification","cssSelector":[".article-content > p:first-of-type"]}},{"@type":"WebPage","@id":"https:\/\/kohenavocats.com\/pt-pt\/tribunal-judiciaire-de-lyon-le-28-mars-2024-n25-01228\/","url":"https:\/\/kohenavocats.com\/pt-pt\/tribunal-judiciaire-de-lyon-le-28-mars-2024-n25-01228\/","name":"Tribunal judiciaire de Lyon, le 28 mars 2024, n\u00b025\/01228 - Ma\u00eetre Hassan Kohen, avocat en droit p\u00e9nal \u00e0 Paris","isPartOf":{"@id":"https:\/\/kohenavocats.com\/pt-pt\/#website"},"primaryImageOfPage":{"@id":"https:\/\/kohenavocats.com\/pt-pt\/tribunal-judiciaire-de-lyon-le-28-mars-2024-n25-01228\/#primaryimage"},"image":{"@id":"https:\/\/kohenavocats.com\/pt-pt\/tribunal-judiciaire-de-lyon-le-28-mars-2024-n25-01228\/#primaryimage"},"thumbnailUrl":"https:\/\/kohenavocats.com\/wp-content\/uploads\/2024\/11\/getty-images-Au4I9ldgHKo-unsplash.webp","datePublished":"2026-04-20T13:25:40+00:00","description":"Le juge des contentieux de la protection, statuant en r\u00e9f\u00e9r\u00e9, a rendu une ordonnance le 28 mars 2024. Il s\u2019agissait d\u2019une demande de provision formul\u00e9e par u...","breadcrumb":{"@id":"https:\/\/kohenavocats.com\/pt-pt\/tribunal-judiciaire-de-lyon-le-28-mars-2024-n25-01228\/#breadcrumb"},"inLanguage":"pt-PT","potentialAction":[{"@type":"ReadAction","target":["https:\/\/kohenavocats.com\/pt-pt\/tribunal-judiciaire-de-lyon-le-28-mars-2024-n25-01228\/"]}]},{"@type":"ImageObject","inLanguage":"pt-PT","@id":"https:\/\/kohenavocats.com\/pt-pt\/tribunal-judiciaire-de-lyon-le-28-mars-2024-n25-01228\/#primaryimage","url":"https:\/\/kohenavocats.com\/wp-content\/uploads\/2024\/11\/getty-images-Au4I9ldgHKo-unsplash.webp","contentUrl":"https:\/\/kohenavocats.com\/wp-content\/uploads\/2024\/11\/getty-images-Au4I9ldgHKo-unsplash.webp","width":7952,"height":5304},{"@type":"BreadcrumbList","@id":"https:\/\/kohenavocats.com\/pt-pt\/tribunal-judiciaire-de-lyon-le-28-mars-2024-n25-01228\/#breadcrumb","itemListElement":[{"@type":"ListItem","position":1,"name":"Home","item":"https:\/\/kohenavocats.com\/pt-pt\/avocats-en-droit-penal-a-paris-conseil-et-defense-strategique\/"},{"@type":"ListItem","position":2,"name":"Tribunal judiciaire de Lyon, le 28 mars 2024, n\u00b025\/01228"}]},{"@type":"WebSite","@id":"https:\/\/kohenavocats.com\/pt-pt\/#website","url":"https:\/\/kohenavocats.com\/pt-pt\/","name":"Kohen Avocats","description":"Ma\u00eetre Hassan Kohen, avocat p\u00e9naliste \u00e0 Paris, intervient exclusivement en droit p\u00e9nal pour la d\u00e9fense des particuliers, notamment en mati\u00e8re d\u2019accusations de viol. Il assure un accompagnement rigoureux d\u00e8s la garde \u00e0 vue jusqu\u2019\u00e0 la Cour d\u2019assises, veillant au strict respect des garanties proc\u00e9durales.","publisher":{"@id":"https:\/\/kohenavocats.com\/pt-pt\/#organization"},"potentialAction":[{"@type":"SearchAction","target":{"@type":"EntryPoint","urlTemplate":"https:\/\/kohenavocats.com\/pt-pt\/?s={search_term_string}"},"query-input":{"@type":"PropertyValueSpecification","valueRequired":true,"valueName":"search_term_string"}}],"inLanguage":"pt-PT"},{"@type":"Organization","@id":"https:\/\/kohenavocats.com\/pt-pt\/#organization","name":"Kohen Avocats","url":"https:\/\/kohenavocats.com\/pt-pt\/","logo":{"@type":"ImageObject","inLanguage":"pt-PT","@id":"https:\/\/kohenavocats.com\/pt-pt\/#\/schema\/logo\/image\/","url":"https:\/\/kohenavocats.com\/wp-content\/uploads\/2026\/01\/Logo-2-1.webp","contentUrl":"https:\/\/kohenavocats.com\/wp-content\/uploads\/2026\/01\/Logo-2-1.webp","width":2114,"height":1253,"caption":"Kohen Avocats"},"image":{"@id":"https:\/\/kohenavocats.com\/pt-pt\/#\/schema\/logo\/image\/"}},{"@type":"Person","@id":"https:\/\/kohenavocats.com\/pt-pt\/#\/schema\/person\/761c9ba54fa1ca84d405cef0831ff751","name":"Kohen","image":{"@type":"ImageObject","inLanguage":"pt-PT","@id":"https:\/\/secure.gravatar.com\/avatar\/1c5e76ef76bbbfdd2b4da984e2bf2fa4056fd51a27d25ce2c332047f1dfd6e00?s=96&d=identicon&r=g","url":"https:\/\/secure.gravatar.com\/avatar\/1c5e76ef76bbbfdd2b4da984e2bf2fa4056fd51a27d25ce2c332047f1dfd6e00?s=96&d=identicon&r=g","contentUrl":"https:\/\/secure.gravatar.com\/avatar\/1c5e76ef76bbbfdd2b4da984e2bf2fa4056fd51a27d25ce2c332047f1dfd6e00?s=96&d=identicon&r=g","caption":"Kohen"},"sameAs":["https:\/\/www.linkedin.com\/in\/hassan-kohen-448548192\/","https:\/\/www.youtube.com\/@Kohen-Avocats"],"url":"https:\/\/kohenavocats.com\/pt-pt\/author\/kohenmlk\/"}]}},"jetpack_featured_media_url":"https:\/\/kohenavocats.com\/wp-content\/uploads\/2024\/11\/getty-images-Au4I9ldgHKo-unsplash.webp","jetpack_likes_enabled":false,"jetpack_shortlink":"https:\/\/wp.me\/peCrII-2Cf5","jetpack-related-posts":[{"id":497571,"url":"https:\/\/kohenavocats.com\/pt-pt\/tribunal-judiciaire-de-marseille-le-12-novembre-2025-n25-02415\/","url_meta":{"origin":623663,"position":0},"title":"Tribunal judiciaire de Marseille, le 12 novembre 2025, n\u00b025\/02415","author":"Kohen","date":"8 de Abril, 2026","format":false,"excerpt":"Le tribunal judiciaire de Marseille, statuant en r\u00e9f\u00e9r\u00e9, a rendu une ordonnance le douze novembre 2024. Une victime d\u2019un accident corporel sollicitait une ex...","rel":"","context":"In &quot;Jurisprudence&quot;","block_context":{"text":"Jurisprudence","link":"https:\/\/kohenavocats.com\/category\/jurisprudence\/"},"img":{"alt_text":"","src":"https:\/\/i0.wp.com\/kohenavocats.com\/wp-content\/uploads\/2024\/11\/alex-shuper-EZXV2WaHn_8-unsplash.webp?resize=350%2C200&ssl=1","width":350,"height":200,"srcset":"https:\/\/i0.wp.com\/kohenavocats.com\/wp-content\/uploads\/2024\/11\/alex-shuper-EZXV2WaHn_8-unsplash.webp?resize=350%2C200&ssl=1 1x, https:\/\/i0.wp.com\/kohenavocats.com\/wp-content\/uploads\/2024\/11\/alex-shuper-EZXV2WaHn_8-unsplash.webp?resize=525%2C300&ssl=1 1.5x, https:\/\/i0.wp.com\/kohenavocats.com\/wp-content\/uploads\/2024\/11\/alex-shuper-EZXV2WaHn_8-unsplash.webp?resize=700%2C400&ssl=1 2x, https:\/\/i0.wp.com\/kohenavocats.com\/wp-content\/uploads\/2024\/11\/alex-shuper-EZXV2WaHn_8-unsplash.webp?resize=1050%2C600&ssl=1 3x, https:\/\/i0.wp.com\/kohenavocats.com\/wp-content\/uploads\/2024\/11\/alex-shuper-EZXV2WaHn_8-unsplash.webp?resize=1400%2C800&ssl=1 4x"},"classes":[]},{"id":618851,"url":"https:\/\/kohenavocats.com\/pt-pt\/tribunal-judiciaire-de-toulon-le-19-mars-2024-n25-02016\/","url_meta":{"origin":623663,"position":1},"title":"Tribunal judiciaire de Toulon, le 19 mars 2024, n\u00b025\/02016","author":"Kohen","date":"20 de Abril, 2026","format":false,"excerpt":"Le tribunal judiciaire de Toulon, statuant en r\u00e9f\u00e9r\u00e9, a rendu une ordonnance le 19 mars 2024. Un requ\u00e9rant, victime d\u2019un accident corporel, sollicitait une e...","rel":"","context":"In &quot;Jurisprudence&quot;","block_context":{"text":"Jurisprudence","link":"https:\/\/kohenavocats.com\/category\/jurisprudence\/"},"img":{"alt_text":"","src":"https:\/\/i0.wp.com\/kohenavocats.com\/wp-content\/uploads\/2024\/06\/tingey-injury-law-firm-yCdPU73kGSc-unsplash.jpg?resize=350%2C200&ssl=1","width":350,"height":200,"srcset":"https:\/\/i0.wp.com\/kohenavocats.com\/wp-content\/uploads\/2024\/06\/tingey-injury-law-firm-yCdPU73kGSc-unsplash.jpg?resize=350%2C200&ssl=1 1x, https:\/\/i0.wp.com\/kohenavocats.com\/wp-content\/uploads\/2024\/06\/tingey-injury-law-firm-yCdPU73kGSc-unsplash.jpg?resize=525%2C300&ssl=1 1.5x, https:\/\/i0.wp.com\/kohenavocats.com\/wp-content\/uploads\/2024\/06\/tingey-injury-law-firm-yCdPU73kGSc-unsplash.jpg?resize=700%2C400&ssl=1 2x, https:\/\/i0.wp.com\/kohenavocats.com\/wp-content\/uploads\/2024\/06\/tingey-injury-law-firm-yCdPU73kGSc-unsplash.jpg?resize=1050%2C600&ssl=1 3x, https:\/\/i0.wp.com\/kohenavocats.com\/wp-content\/uploads\/2024\/06\/tingey-injury-law-firm-yCdPU73kGSc-unsplash.jpg?resize=1400%2C800&ssl=1 4x"},"classes":[]},{"id":487149,"url":"https:\/\/kohenavocats.com\/pt-pt\/tribunal-judiciaire-le-13-mars-2024-n24-02336\/","url_meta":{"origin":623663,"position":2},"title":"Tribunal judiciaire, le 13 mars 2024, n\u00b024\/02336","author":"Kohen","date":"8 de Abril, 2026","format":false,"excerpt":"Le tribunal judiciaire statuant en r\u00e9f\u00e9r\u00e9, par ordonnance du 13 mars 2024, examine une demande en provision. Le bailleur fonde sa requ\u00eate sur un d\u00e9faut de pa...","rel":"","context":"In &quot;Jurisprudence&quot;","block_context":{"text":"Jurisprudence","link":"https:\/\/kohenavocats.com\/category\/jurisprudence\/"},"img":{"alt_text":"","src":"https:\/\/i0.wp.com\/kohenavocats.com\/wp-content\/uploads\/2024\/08\/patrick-robert-doyle-OvXht_wi5Ew-unsplash.webp?resize=350%2C200&ssl=1","width":350,"height":200,"srcset":"https:\/\/i0.wp.com\/kohenavocats.com\/wp-content\/uploads\/2024\/08\/patrick-robert-doyle-OvXht_wi5Ew-unsplash.webp?resize=350%2C200&ssl=1 1x, https:\/\/i0.wp.com\/kohenavocats.com\/wp-content\/uploads\/2024\/08\/patrick-robert-doyle-OvXht_wi5Ew-unsplash.webp?resize=525%2C300&ssl=1 1.5x, https:\/\/i0.wp.com\/kohenavocats.com\/wp-content\/uploads\/2024\/08\/patrick-robert-doyle-OvXht_wi5Ew-unsplash.webp?resize=700%2C400&ssl=1 2x, https:\/\/i0.wp.com\/kohenavocats.com\/wp-content\/uploads\/2024\/08\/patrick-robert-doyle-OvXht_wi5Ew-unsplash.webp?resize=1050%2C600&ssl=1 3x, https:\/\/i0.wp.com\/kohenavocats.com\/wp-content\/uploads\/2024\/08\/patrick-robert-doyle-OvXht_wi5Ew-unsplash.webp?resize=1400%2C800&ssl=1 4x"},"classes":[]},{"id":479421,"url":"https:\/\/kohenavocats.com\/pt-pt\/tribunal-judiciaire-de-paris-le-15-mars-2024-n25-00176\/","url_meta":{"origin":623663,"position":3},"title":"Tribunal judiciaire de Paris, le 15 mars 2024, n\u00b025\/00176","author":"Kohen","date":"7 de Abril, 2026","format":false,"excerpt":"Le tribunal judiciaire de Paris, statuant en r\u00e9f\u00e9r\u00e9 le 15 mars 2024, a examin\u00e9 une demande d'ex\u00e9cution de travaux sous astreinte. Le demandeur invoquait un d...","rel":"","context":"In &quot;Jurisprudence&quot;","block_context":{"text":"Jurisprudence","link":"https:\/\/kohenavocats.com\/category\/jurisprudence\/"},"img":{"alt_text":"","src":"https:\/\/i0.wp.com\/kohenavocats.com\/wp-content\/uploads\/2024\/11\/steve-johnson-GMZq7FZRcvc-unsplash.webp?resize=350%2C200&ssl=1","width":350,"height":200,"srcset":"https:\/\/i0.wp.com\/kohenavocats.com\/wp-content\/uploads\/2024\/11\/steve-johnson-GMZq7FZRcvc-unsplash.webp?resize=350%2C200&ssl=1 1x, https:\/\/i0.wp.com\/kohenavocats.com\/wp-content\/uploads\/2024\/11\/steve-johnson-GMZq7FZRcvc-unsplash.webp?resize=525%2C300&ssl=1 1.5x, https:\/\/i0.wp.com\/kohenavocats.com\/wp-content\/uploads\/2024\/11\/steve-johnson-GMZq7FZRcvc-unsplash.webp?resize=700%2C400&ssl=1 2x, https:\/\/i0.wp.com\/kohenavocats.com\/wp-content\/uploads\/2024\/11\/steve-johnson-GMZq7FZRcvc-unsplash.webp?resize=1050%2C600&ssl=1 3x, https:\/\/i0.wp.com\/kohenavocats.com\/wp-content\/uploads\/2024\/11\/steve-johnson-GMZq7FZRcvc-unsplash.webp?resize=1400%2C800&ssl=1 4x"},"classes":[]},{"id":479327,"url":"https:\/\/kohenavocats.com\/pt-pt\/tribunal-judiciaire-le-19-decembre-2024-n25-00300\/","url_meta":{"origin":623663,"position":4},"title":"Tribunal judiciaire, le 19 d\u00e9cembre 2024, n\u00b025\/00300","author":"Kohen","date":"7 de Abril, 2026","format":false,"excerpt":"Le tribunal judiciaire, statuant en r\u00e9f\u00e9r\u00e9, a rendu une ordonnance le 19 d\u00e9cembre 2024. Un conducteur victime d'un accident de la circulation sollicitait une...","rel":"","context":"In &quot;Jurisprudence&quot;","block_context":{"text":"Jurisprudence","link":"https:\/\/kohenavocats.com\/category\/jurisprudence\/"},"img":{"alt_text":"","src":"https:\/\/i0.wp.com\/kohenavocats.com\/wp-content\/uploads\/2024\/08\/robert-bye-6uqWm003xj0-unsplash.webp?resize=350%2C200&ssl=1","width":350,"height":200,"srcset":"https:\/\/i0.wp.com\/kohenavocats.com\/wp-content\/uploads\/2024\/08\/robert-bye-6uqWm003xj0-unsplash.webp?resize=350%2C200&ssl=1 1x, https:\/\/i0.wp.com\/kohenavocats.com\/wp-content\/uploads\/2024\/08\/robert-bye-6uqWm003xj0-unsplash.webp?resize=525%2C300&ssl=1 1.5x, https:\/\/i0.wp.com\/kohenavocats.com\/wp-content\/uploads\/2024\/08\/robert-bye-6uqWm003xj0-unsplash.webp?resize=700%2C400&ssl=1 2x, https:\/\/i0.wp.com\/kohenavocats.com\/wp-content\/uploads\/2024\/08\/robert-bye-6uqWm003xj0-unsplash.webp?resize=1050%2C600&ssl=1 3x, https:\/\/i0.wp.com\/kohenavocats.com\/wp-content\/uploads\/2024\/08\/robert-bye-6uqWm003xj0-unsplash.webp?resize=1400%2C800&ssl=1 4x"},"classes":[]},{"id":479078,"url":"https:\/\/kohenavocats.com\/pt-pt\/tribunal-judiciaire-de-besancon-le-28-octobre-2025-n25-00430\/","url_meta":{"origin":623663,"position":5},"title":"Tribunal judiciaire de Besan\u00e7on, le 28 octobre 2025, n\u00b025\/00430","author":"Kohen","date":"7 de Abril, 2026","format":false,"excerpt":"Le juge des r\u00e9f\u00e9r\u00e9s, statuant sur une demande en r\u00e9f\u00e9r\u00e9, a \u00e9t\u00e9 saisi par une victime d\u2019un accident corporel survenu en mai 2024. La requ\u00e9rante sollicitait un...","rel":"","context":"In &quot;Jurisprudence&quot;","block_context":{"text":"Jurisprudence","link":"https:\/\/kohenavocats.com\/category\/jurisprudence\/"},"img":{"alt_text":"","src":"https:\/\/i0.wp.com\/kohenavocats.com\/wp-content\/uploads\/2024\/08\/jad-limcaco-NT1mJPgni6A-unsplash.webp?resize=350%2C200&ssl=1","width":350,"height":200,"srcset":"https:\/\/i0.wp.com\/kohenavocats.com\/wp-content\/uploads\/2024\/08\/jad-limcaco-NT1mJPgni6A-unsplash.webp?resize=350%2C200&ssl=1 1x, https:\/\/i0.wp.com\/kohenavocats.com\/wp-content\/uploads\/2024\/08\/jad-limcaco-NT1mJPgni6A-unsplash.webp?resize=525%2C300&ssl=1 1.5x, https:\/\/i0.wp.com\/kohenavocats.com\/wp-content\/uploads\/2024\/08\/jad-limcaco-NT1mJPgni6A-unsplash.webp?resize=700%2C400&ssl=1 2x, https:\/\/i0.wp.com\/kohenavocats.com\/wp-content\/uploads\/2024\/08\/jad-limcaco-NT1mJPgni6A-unsplash.webp?resize=1050%2C600&ssl=1 3x, https:\/\/i0.wp.com\/kohenavocats.com\/wp-content\/uploads\/2024\/08\/jad-limcaco-NT1mJPgni6A-unsplash.webp?resize=1400%2C800&ssl=1 4x"},"classes":[]}],"jetpack_sharing_enabled":true,"_links":{"self":[{"href":"https:\/\/kohenavocats.com\/pt-pt\/wp-json\/wp\/v2\/posts\/623663","targetHints":{"allow":["GET"]}}],"collection":[{"href":"https:\/\/kohenavocats.com\/pt-pt\/wp-json\/wp\/v2\/posts"}],"about":[{"href":"https:\/\/kohenavocats.com\/pt-pt\/wp-json\/wp\/v2\/types\/post"}],"author":[{"embeddable":true,"href":"https:\/\/kohenavocats.com\/pt-pt\/wp-json\/wp\/v2\/users\/232070755"}],"replies":[{"embeddable":true,"href":"https:\/\/kohenavocats.com\/pt-pt\/wp-json\/wp\/v2\/comments?post=623663"}],"version-history":[{"count":0,"href":"https:\/\/kohenavocats.com\/pt-pt\/wp-json\/wp\/v2\/posts\/623663\/revisions"}],"wp:featuredmedia":[{"embeddable":true,"href":"https:\/\/kohenavocats.com\/pt-pt\/wp-json\/wp\/v2\/media\/9462"}],"wp:attachment":[{"href":"https:\/\/kohenavocats.com\/pt-pt\/wp-json\/wp\/v2\/media?parent=623663"}],"wp:term":[{"taxonomy":"category","embeddable":true,"href":"https:\/\/kohenavocats.com\/pt-pt\/wp-json\/wp\/v2\/categories?post=623663"},{"taxonomy":"post_tag","embeddable":true,"href":"https:\/\/kohenavocats.com\/pt-pt\/wp-json\/wp\/v2\/tags?post=623663"}],"curies":[{"name":"wp","href":"https:\/\/api.w.org\/{rel}","templated":true}]}}