{"id":633231,"date":"2026-04-21T08:20:18","date_gmt":"2026-04-21T06:20:18","guid":{"rendered":"https:\/\/kohenavocats.com\/tribunal-judiciaire-de-clermont-ferrand-le-25-avril-2025-n24-00911\/"},"modified":"2026-04-21T08:20:18","modified_gmt":"2026-04-21T06:20:18","slug":"tribunal-judiciaire-de-clermont-ferrand-le-25-avril-2025-n24-00911","status":"publish","type":"post","link":"https:\/\/kohenavocats.com\/pt-pt\/tribunal-judiciaire-de-clermont-ferrand-le-25-avril-2025-n24-00911\/","title":{"rendered":"Tribunal judiciaire de Clermont-Ferrand, le 25 avril 2025, n\u00b024\/00911"},"content":{"rendered":"<div class=\"article-content\">\n<p>Le juge des contentieux de la protection de Clermont-Ferrand, statuant le 25 avril 2025, a examin\u00e9 une demande en r\u00e9siliation de bail pour troubles anormaux de voisinage. Le syndicat de copropri\u00e9t\u00e9 invoquait une infestation de nuisibles et des odeurs naus\u00e9abondes provenant d&#8217;un logement. La juridiction a prononc\u00e9 la r\u00e9siliation du bail aux torts de la locataire et l&#8217;a d\u00e9bout\u00e9e de sa demande indemnitaire.<\/p>\n<p>Le manquement grave aux obligations locatives<\/p>\n<p>La caract\u00e9risation d&#8217;un trouble anormal du voisinage.<br \/>\nLe juge rappelle l&#8217;obligation pour le locataire d&#8217;user paisiblement des lieux lou\u00e9s. Il constate la mat\u00e9rialit\u00e9 des troubles par un rapport d&#8217;expertise pr\u00e9cis. Ce document identifie le logement de la locataire comme &#8220;le foyer d\u2019infestation de blatte&#8221; et signale la &#8220;pr\u00e9sence de punaises de lit&#8221; (Motifs, I). L&#8217;absence de preuve d&#8217;un traitement des nuisibles renforce cette qualification.<\/p>\n<p>La gravit\u00e9 suffisante justifiant la r\u00e9siliation.<br \/>\nLe trouble est objectiv\u00e9 par une p\u00e9tition de onze copropri\u00e9taires et un constat d&#8217;huissier. Ce dernier rel\u00e8ve &#8220;une forte odeur naus\u00e9abonde, prenante et agressive&#8221; \u00e0 l&#8217;approche du logement (Motifs, I). La jurisprudence admet que l&#8217;intensit\u00e9 de nuisances olfactives peut caract\u00e9riser une gravit\u00e9 suffisante. &#8220;Par ailleurs, l&#8217;intensit\u00e9 des odeurs qui sont perceptibles depuis plusieurs ann\u00e9es dans les parties communes caract\u00e9risent une gravit\u00e9 suffisante pour prononcer la r\u00e9siliation du bail&#8221; (Tribunal judiciaire de Toulouse, le 24 janvier 2025, n\u00b024\/02446). Le manquement est donc suffisamment grave pour rompre le contrat.<\/p>\n<p>Le rejet des demandes indemnitaires et les cons\u00e9quences proc\u00e9durales<\/p>\n<p>L&#8217;irrecevabilit\u00e9 de l&#8217;action en indemnisation du syndicat.<br \/>\nLe demandeur sollicitait des dommages-int\u00e9r\u00eats pour pr\u00e9judice de jouissance subi par les r\u00e9sidents. Le juge \u00e9carte cette demande au fond. Il rel\u00e8ve que le syndicat, personne morale, n&#8217;est pas directement victime de ce pr\u00e9judice personnel. Seuls les copropri\u00e9taires individuels pourraient l&#8217;invoquer, ce qui n&#8217;a pas \u00e9t\u00e9 fait. La demande est donc jug\u00e9e irrecevable, faute de qualit\u00e9 \u00e0 agir.<\/p>\n<p>Les condamnations accessoires et l&#8217;ex\u00e9cution provisoire.<br \/>\nLa partie perdante est condamn\u00e9e aux d\u00e9pens et \u00e0 une indemnit\u00e9 au titre de l&#8217;article 700 du code de proc\u00e9dure civile. Le jugement ordonne l&#8217;expulsion du logement dans un d\u00e9lai d&#8217;un mois apr\u00e8s sa signification. Il pr\u00e9voit le recours \u00e0 la force publique en cas de r\u00e9sistance. La d\u00e9cision est assortie de l&#8217;ex\u00e9cution provisoire de plein droit, permettant une mise en \u0153uvre imm\u00e9diate malgr\u00e9 un \u00e9ventuel appel.<\/p>\n<\/div>\n","protected":false},"excerpt":{"rendered":"<p>Le juge des contentieux de la protection de Clermont-Ferrand, statuant le 25 avril 2025, a examin\u00e9 une demande en r\u00e9siliation de bail pour troubles anormaux &#8230;<\/p>\n","protected":false},"author":232070755,"featured_media":4670,"comment_status":"open","ping_status":"open","sticky":false,"template":"","format":"standard","meta":{"_crdt_document":"","_jetpack_newsletter_access":"","_jetpack_dont_email_post_to_subs":false,"_jetpack_newsletter_tier_id":0,"_jetpack_memberships_contains_paywalled_content":false,"_kj_source_type":"judilibre","_kj_official_id":"68eeb41322996ce54483c464","_kj_official_url":"https:\/\/www.courdecassation.fr\/decision\/68eeb41322996ce54483c464","_kj_judilibre_id":"68eeb41322996ce54483c464","_kj_jur":"Tribunal judiciaire","_kj_lieu":"Tribunal judiciaire de Clermont-Ferrand","_kj_chambre":"JCP- Juge Ctx Protection","_kj_rg":"24\/00911","_kj_date":"2025-10-14","_jetpack_memberships_contains_paid_content":false,"footnotes":"","jetpack_post_was_ever_published":false},"categories":[7597],"tags":[],"class_list":["post-633231","post","type-post","status-publish","format-standard","has-post-thumbnail","hentry","category-jurisprudence"],"yoast_head":"<!-- This site is optimized with the Yoast SEO Premium plugin v27.5 (Yoast SEO v27.5) - https:\/\/yoast.com\/product\/yoast-seo-premium-wordpress\/ -->\n<title>Tribunal judiciaire de Clermont-Ferrand, le 25 avril 2025, n\u00b024\/00911 - Ma\u00eetre Hassan Kohen, avocat en droit p\u00e9nal \u00e0 Paris<\/title>\n<meta name=\"description\" content=\"Le juge des contentieux de la protection de Clermont-Ferrand, statuant le 25 avril 2025, a examin\u00e9 une demande en r\u00e9siliation de bail pour troubles anormaux ...\" \/>\n<meta name=\"robots\" content=\"index, follow, max-snippet:-1, max-image-preview:large, max-video-preview:-1\" \/>\n<link rel=\"canonical\" href=\"https:\/\/kohenavocats.com\/pt-pt\/tribunal-judiciaire-de-clermont-ferrand-le-25-avril-2025-n24-00911\/\" \/>\n<meta property=\"og:locale\" content=\"pt_PT\" \/>\n<meta property=\"og:type\" content=\"article\" \/>\n<meta property=\"og:title\" content=\"Tribunal judiciaire de Clermont-Ferrand, le 25 avril 2025, n\u00b024\/00911\" \/>\n<meta property=\"og:description\" content=\"Le juge des contentieux de la protection de Clermont-Ferrand, statuant le 25 avril 2025, a examin\u00e9 une demande en r\u00e9siliation de bail pour troubles anormaux ...\" \/>\n<meta property=\"og:url\" content=\"https:\/\/kohenavocats.com\/pt-pt\/tribunal-judiciaire-de-clermont-ferrand-le-25-avril-2025-n24-00911\/\" \/>\n<meta property=\"og:site_name\" content=\"Ma\u00eetre Hassan Kohen, avocat en droit p\u00e9nal \u00e0 Paris\" \/>\n<meta property=\"article:published_time\" content=\"2026-04-21T06:20:18+00:00\" \/>\n<meta property=\"og:image\" content=\"https:\/\/kohenavocats.com\/wp-content\/uploads\/2024\/08\/kylie-paz-cbl1K6yJlDI-unsplash.webp\" \/>\n\t<meta property=\"og:image:width\" content=\"5472\" \/>\n\t<meta property=\"og:image:height\" content=\"3648\" \/>\n\t<meta property=\"og:image:type\" content=\"image\/webp\" \/>\n<meta name=\"author\" content=\"Kohen\" \/>\n<meta name=\"twitter:card\" content=\"summary_large_image\" \/>\n<meta name=\"twitter:label1\" content=\"Escrito por\" \/>\n\t<meta name=\"twitter:data1\" content=\"Kohen\" \/>\n\t<meta name=\"twitter:label2\" content=\"Tempo estimado de leitura\" \/>\n\t<meta name=\"twitter:data2\" content=\"2 minutos\" \/>\n<script type=\"application\/ld+json\" class=\"yoast-schema-graph\">{\"@context\":\"https:\\\/\\\/schema.org\",\"@graph\":[{\"@type\":\"Article\",\"@id\":\"https:\\\/\\\/kohenavocats.com\\\/pt-pt\\\/tribunal-judiciaire-de-clermont-ferrand-le-25-avril-2025-n24-00911\\\/#article\",\"isPartOf\":{\"@id\":\"https:\\\/\\\/kohenavocats.com\\\/pt-pt\\\/tribunal-judiciaire-de-clermont-ferrand-le-25-avril-2025-n24-00911\\\/\"},\"author\":{\"name\":\"Kohen\",\"@id\":\"https:\\\/\\\/kohenavocats.com\\\/pt-pt\\\/#\\\/schema\\\/person\\\/761c9ba54fa1ca84d405cef0831ff751\"},\"headline\":\"Tribunal judiciaire de Clermont-Ferrand, le 25 avril 2025, n\u00b024\\\/00911\",\"datePublished\":\"2026-04-21T06:20:18+00:00\",\"mainEntityOfPage\":{\"@id\":\"https:\\\/\\\/kohenavocats.com\\\/pt-pt\\\/tribunal-judiciaire-de-clermont-ferrand-le-25-avril-2025-n24-00911\\\/\"},\"wordCount\":435,\"commentCount\":0,\"publisher\":{\"@id\":\"https:\\\/\\\/kohenavocats.com\\\/pt-pt\\\/#organization\"},\"image\":{\"@id\":\"https:\\\/\\\/kohenavocats.com\\\/pt-pt\\\/tribunal-judiciaire-de-clermont-ferrand-le-25-avril-2025-n24-00911\\\/#primaryimage\"},\"thumbnailUrl\":\"https:\\\/\\\/kohenavocats.com\\\/wp-content\\\/uploads\\\/2024\\\/08\\\/kylie-paz-cbl1K6yJlDI-unsplash.webp\",\"articleSection\":[\"Jurisprudence\"],\"inLanguage\":\"pt-PT\",\"potentialAction\":[{\"@type\":\"CommentAction\",\"name\":\"Comment\",\"target\":[\"https:\\\/\\\/kohenavocats.com\\\/pt-pt\\\/tribunal-judiciaire-de-clermont-ferrand-le-25-avril-2025-n24-00911\\\/#respond\"]}],\"citation\":\"Tribunal judiciaire de Clermont-Ferrand, le 25 avril 2025, n\u00b024\\\/00911\",\"about\":[{\"@type\":\"Thing\",\"name\":\"Jurisprudence\"}],\"dateModified\":\"2026-04-21T06:20:18+00:00\",\"speakable\":{\"@type\":\"SpeakableSpecification\",\"cssSelector\":[\".article-content > p:first-of-type\"]}},{\"@type\":\"WebPage\",\"@id\":\"https:\\\/\\\/kohenavocats.com\\\/pt-pt\\\/tribunal-judiciaire-de-clermont-ferrand-le-25-avril-2025-n24-00911\\\/\",\"url\":\"https:\\\/\\\/kohenavocats.com\\\/pt-pt\\\/tribunal-judiciaire-de-clermont-ferrand-le-25-avril-2025-n24-00911\\\/\",\"name\":\"Tribunal judiciaire de Clermont-Ferrand, le 25 avril 2025, n\u00b024\\\/00911 - Ma\u00eetre Hassan Kohen, avocat en droit p\u00e9nal \u00e0 Paris\",\"isPartOf\":{\"@id\":\"https:\\\/\\\/kohenavocats.com\\\/pt-pt\\\/#website\"},\"primaryImageOfPage\":{\"@id\":\"https:\\\/\\\/kohenavocats.com\\\/pt-pt\\\/tribunal-judiciaire-de-clermont-ferrand-le-25-avril-2025-n24-00911\\\/#primaryimage\"},\"image\":{\"@id\":\"https:\\\/\\\/kohenavocats.com\\\/pt-pt\\\/tribunal-judiciaire-de-clermont-ferrand-le-25-avril-2025-n24-00911\\\/#primaryimage\"},\"thumbnailUrl\":\"https:\\\/\\\/kohenavocats.com\\\/wp-content\\\/uploads\\\/2024\\\/08\\\/kylie-paz-cbl1K6yJlDI-unsplash.webp\",\"datePublished\":\"2026-04-21T06:20:18+00:00\",\"description\":\"Le juge des contentieux de la protection de Clermont-Ferrand, statuant le 25 avril 2025, a examin\u00e9 une demande en r\u00e9siliation de bail pour troubles anormaux ...\",\"breadcrumb\":{\"@id\":\"https:\\\/\\\/kohenavocats.com\\\/pt-pt\\\/tribunal-judiciaire-de-clermont-ferrand-le-25-avril-2025-n24-00911\\\/#breadcrumb\"},\"inLanguage\":\"pt-PT\",\"potentialAction\":[{\"@type\":\"ReadAction\",\"target\":[\"https:\\\/\\\/kohenavocats.com\\\/pt-pt\\\/tribunal-judiciaire-de-clermont-ferrand-le-25-avril-2025-n24-00911\\\/\"]}]},{\"@type\":\"ImageObject\",\"inLanguage\":\"pt-PT\",\"@id\":\"https:\\\/\\\/kohenavocats.com\\\/pt-pt\\\/tribunal-judiciaire-de-clermont-ferrand-le-25-avril-2025-n24-00911\\\/#primaryimage\",\"url\":\"https:\\\/\\\/kohenavocats.com\\\/wp-content\\\/uploads\\\/2024\\\/08\\\/kylie-paz-cbl1K6yJlDI-unsplash.webp\",\"contentUrl\":\"https:\\\/\\\/kohenavocats.com\\\/wp-content\\\/uploads\\\/2024\\\/08\\\/kylie-paz-cbl1K6yJlDI-unsplash.webp\",\"width\":5472,\"height\":3648},{\"@type\":\"BreadcrumbList\",\"@id\":\"https:\\\/\\\/kohenavocats.com\\\/pt-pt\\\/tribunal-judiciaire-de-clermont-ferrand-le-25-avril-2025-n24-00911\\\/#breadcrumb\",\"itemListElement\":[{\"@type\":\"ListItem\",\"position\":1,\"name\":\"Home\",\"item\":\"https:\\\/\\\/kohenavocats.com\\\/pt-pt\\\/avocats-en-droit-penal-a-paris-conseil-et-defense-strategique\\\/\"},{\"@type\":\"ListItem\",\"position\":2,\"name\":\"Tribunal judiciaire de Clermont-Ferrand, le 25 avril 2025, n\u00b024\\\/00911\"}]},{\"@type\":\"WebSite\",\"@id\":\"https:\\\/\\\/kohenavocats.com\\\/pt-pt\\\/#website\",\"url\":\"https:\\\/\\\/kohenavocats.com\\\/pt-pt\\\/\",\"name\":\"Kohen Avocats\",\"description\":\"Ma\u00eetre Hassan Kohen, avocat p\u00e9naliste \u00e0 Paris, intervient exclusivement en droit p\u00e9nal pour la d\u00e9fense des particuliers, notamment en mati\u00e8re d\u2019accusations de viol. Il assure un accompagnement rigoureux d\u00e8s la garde \u00e0 vue jusqu\u2019\u00e0 la Cour d\u2019assises, veillant au strict respect des garanties proc\u00e9durales.\",\"publisher\":{\"@id\":\"https:\\\/\\\/kohenavocats.com\\\/pt-pt\\\/#organization\"},\"potentialAction\":[{\"@type\":\"SearchAction\",\"target\":{\"@type\":\"EntryPoint\",\"urlTemplate\":\"https:\\\/\\\/kohenavocats.com\\\/pt-pt\\\/?s={search_term_string}\"},\"query-input\":{\"@type\":\"PropertyValueSpecification\",\"valueRequired\":true,\"valueName\":\"search_term_string\"}}],\"inLanguage\":\"pt-PT\"},{\"@type\":\"Organization\",\"@id\":\"https:\\\/\\\/kohenavocats.com\\\/pt-pt\\\/#organization\",\"name\":\"Kohen Avocats\",\"url\":\"https:\\\/\\\/kohenavocats.com\\\/pt-pt\\\/\",\"logo\":{\"@type\":\"ImageObject\",\"inLanguage\":\"pt-PT\",\"@id\":\"https:\\\/\\\/kohenavocats.com\\\/pt-pt\\\/#\\\/schema\\\/logo\\\/image\\\/\",\"url\":\"https:\\\/\\\/kohenavocats.com\\\/wp-content\\\/uploads\\\/2026\\\/01\\\/Logo-2-1.webp\",\"contentUrl\":\"https:\\\/\\\/kohenavocats.com\\\/wp-content\\\/uploads\\\/2026\\\/01\\\/Logo-2-1.webp\",\"width\":2114,\"height\":1253,\"caption\":\"Kohen Avocats\"},\"image\":{\"@id\":\"https:\\\/\\\/kohenavocats.com\\\/pt-pt\\\/#\\\/schema\\\/logo\\\/image\\\/\"}},{\"@type\":\"Person\",\"@id\":\"https:\\\/\\\/kohenavocats.com\\\/pt-pt\\\/#\\\/schema\\\/person\\\/761c9ba54fa1ca84d405cef0831ff751\",\"name\":\"Kohen\",\"image\":{\"@type\":\"ImageObject\",\"inLanguage\":\"pt-PT\",\"@id\":\"https:\\\/\\\/secure.gravatar.com\\\/avatar\\\/1c5e76ef76bbbfdd2b4da984e2bf2fa4056fd51a27d25ce2c332047f1dfd6e00?s=96&d=identicon&r=g\",\"url\":\"https:\\\/\\\/secure.gravatar.com\\\/avatar\\\/1c5e76ef76bbbfdd2b4da984e2bf2fa4056fd51a27d25ce2c332047f1dfd6e00?s=96&d=identicon&r=g\",\"contentUrl\":\"https:\\\/\\\/secure.gravatar.com\\\/avatar\\\/1c5e76ef76bbbfdd2b4da984e2bf2fa4056fd51a27d25ce2c332047f1dfd6e00?s=96&d=identicon&r=g\",\"caption\":\"Kohen\"},\"sameAs\":[\"https:\\\/\\\/www.linkedin.com\\\/in\\\/hassan-kohen-448548192\\\/\",\"https:\\\/\\\/www.youtube.com\\\/@Kohen-Avocats\"],\"url\":\"https:\\\/\\\/kohenavocats.com\\\/pt-pt\\\/author\\\/kohenmlk\\\/\"}]}<\/script>\n<!-- \/ Yoast SEO Premium plugin. -->","yoast_head_json":{"title":"Tribunal judiciaire de Clermont-Ferrand, le 25 avril 2025, n\u00b024\/00911 - Ma\u00eetre Hassan Kohen, avocat en droit p\u00e9nal \u00e0 Paris","description":"Le juge des contentieux de la protection de Clermont-Ferrand, statuant le 25 avril 2025, a examin\u00e9 une demande en r\u00e9siliation de bail pour troubles anormaux ...","robots":{"index":"index","follow":"follow","max-snippet":"max-snippet:-1","max-image-preview":"max-image-preview:large","max-video-preview":"max-video-preview:-1"},"canonical":"https:\/\/kohenavocats.com\/pt-pt\/tribunal-judiciaire-de-clermont-ferrand-le-25-avril-2025-n24-00911\/","og_locale":"pt_PT","og_type":"article","og_title":"Tribunal judiciaire de Clermont-Ferrand, le 25 avril 2025, n\u00b024\/00911","og_description":"Le juge des contentieux de la protection de Clermont-Ferrand, statuant le 25 avril 2025, a examin\u00e9 une demande en r\u00e9siliation de bail pour troubles anormaux ...","og_url":"https:\/\/kohenavocats.com\/pt-pt\/tribunal-judiciaire-de-clermont-ferrand-le-25-avril-2025-n24-00911\/","og_site_name":"Ma\u00eetre Hassan Kohen, avocat en droit p\u00e9nal \u00e0 Paris","article_published_time":"2026-04-21T06:20:18+00:00","og_image":[{"width":5472,"height":3648,"url":"https:\/\/kohenavocats.com\/wp-content\/uploads\/2024\/08\/kylie-paz-cbl1K6yJlDI-unsplash.webp","type":"image\/webp"}],"author":"Kohen","twitter_card":"summary_large_image","twitter_misc":{"Escrito por":"Kohen","Tempo estimado de leitura":"2 minutos"},"schema":{"@context":"https:\/\/schema.org","@graph":[{"@type":"Article","@id":"https:\/\/kohenavocats.com\/pt-pt\/tribunal-judiciaire-de-clermont-ferrand-le-25-avril-2025-n24-00911\/#article","isPartOf":{"@id":"https:\/\/kohenavocats.com\/pt-pt\/tribunal-judiciaire-de-clermont-ferrand-le-25-avril-2025-n24-00911\/"},"author":{"name":"Kohen","@id":"https:\/\/kohenavocats.com\/pt-pt\/#\/schema\/person\/761c9ba54fa1ca84d405cef0831ff751"},"headline":"Tribunal judiciaire de Clermont-Ferrand, le 25 avril 2025, n\u00b024\/00911","datePublished":"2026-04-21T06:20:18+00:00","mainEntityOfPage":{"@id":"https:\/\/kohenavocats.com\/pt-pt\/tribunal-judiciaire-de-clermont-ferrand-le-25-avril-2025-n24-00911\/"},"wordCount":435,"commentCount":0,"publisher":{"@id":"https:\/\/kohenavocats.com\/pt-pt\/#organization"},"image":{"@id":"https:\/\/kohenavocats.com\/pt-pt\/tribunal-judiciaire-de-clermont-ferrand-le-25-avril-2025-n24-00911\/#primaryimage"},"thumbnailUrl":"https:\/\/kohenavocats.com\/wp-content\/uploads\/2024\/08\/kylie-paz-cbl1K6yJlDI-unsplash.webp","articleSection":["Jurisprudence"],"inLanguage":"pt-PT","potentialAction":[{"@type":"CommentAction","name":"Comment","target":["https:\/\/kohenavocats.com\/pt-pt\/tribunal-judiciaire-de-clermont-ferrand-le-25-avril-2025-n24-00911\/#respond"]}],"citation":"Tribunal judiciaire de Clermont-Ferrand, le 25 avril 2025, n\u00b024\/00911","about":[{"@type":"Thing","name":"Jurisprudence"}],"dateModified":"2026-04-21T06:20:18+00:00","speakable":{"@type":"SpeakableSpecification","cssSelector":[".article-content > p:first-of-type"]}},{"@type":"WebPage","@id":"https:\/\/kohenavocats.com\/pt-pt\/tribunal-judiciaire-de-clermont-ferrand-le-25-avril-2025-n24-00911\/","url":"https:\/\/kohenavocats.com\/pt-pt\/tribunal-judiciaire-de-clermont-ferrand-le-25-avril-2025-n24-00911\/","name":"Tribunal judiciaire de Clermont-Ferrand, le 25 avril 2025, n\u00b024\/00911 - Ma\u00eetre Hassan Kohen, avocat en droit p\u00e9nal \u00e0 Paris","isPartOf":{"@id":"https:\/\/kohenavocats.com\/pt-pt\/#website"},"primaryImageOfPage":{"@id":"https:\/\/kohenavocats.com\/pt-pt\/tribunal-judiciaire-de-clermont-ferrand-le-25-avril-2025-n24-00911\/#primaryimage"},"image":{"@id":"https:\/\/kohenavocats.com\/pt-pt\/tribunal-judiciaire-de-clermont-ferrand-le-25-avril-2025-n24-00911\/#primaryimage"},"thumbnailUrl":"https:\/\/kohenavocats.com\/wp-content\/uploads\/2024\/08\/kylie-paz-cbl1K6yJlDI-unsplash.webp","datePublished":"2026-04-21T06:20:18+00:00","description":"Le juge des contentieux de la protection de Clermont-Ferrand, statuant le 25 avril 2025, a examin\u00e9 une demande en r\u00e9siliation de bail pour troubles anormaux ...","breadcrumb":{"@id":"https:\/\/kohenavocats.com\/pt-pt\/tribunal-judiciaire-de-clermont-ferrand-le-25-avril-2025-n24-00911\/#breadcrumb"},"inLanguage":"pt-PT","potentialAction":[{"@type":"ReadAction","target":["https:\/\/kohenavocats.com\/pt-pt\/tribunal-judiciaire-de-clermont-ferrand-le-25-avril-2025-n24-00911\/"]}]},{"@type":"ImageObject","inLanguage":"pt-PT","@id":"https:\/\/kohenavocats.com\/pt-pt\/tribunal-judiciaire-de-clermont-ferrand-le-25-avril-2025-n24-00911\/#primaryimage","url":"https:\/\/kohenavocats.com\/wp-content\/uploads\/2024\/08\/kylie-paz-cbl1K6yJlDI-unsplash.webp","contentUrl":"https:\/\/kohenavocats.com\/wp-content\/uploads\/2024\/08\/kylie-paz-cbl1K6yJlDI-unsplash.webp","width":5472,"height":3648},{"@type":"BreadcrumbList","@id":"https:\/\/kohenavocats.com\/pt-pt\/tribunal-judiciaire-de-clermont-ferrand-le-25-avril-2025-n24-00911\/#breadcrumb","itemListElement":[{"@type":"ListItem","position":1,"name":"Home","item":"https:\/\/kohenavocats.com\/pt-pt\/avocats-en-droit-penal-a-paris-conseil-et-defense-strategique\/"},{"@type":"ListItem","position":2,"name":"Tribunal judiciaire de Clermont-Ferrand, le 25 avril 2025, n\u00b024\/00911"}]},{"@type":"WebSite","@id":"https:\/\/kohenavocats.com\/pt-pt\/#website","url":"https:\/\/kohenavocats.com\/pt-pt\/","name":"Kohen Avocats","description":"Ma\u00eetre Hassan Kohen, avocat p\u00e9naliste \u00e0 Paris, intervient exclusivement en droit p\u00e9nal pour la d\u00e9fense des particuliers, notamment en mati\u00e8re d\u2019accusations de viol. Il assure un accompagnement rigoureux d\u00e8s la garde \u00e0 vue jusqu\u2019\u00e0 la Cour d\u2019assises, veillant au strict respect des garanties proc\u00e9durales.","publisher":{"@id":"https:\/\/kohenavocats.com\/pt-pt\/#organization"},"potentialAction":[{"@type":"SearchAction","target":{"@type":"EntryPoint","urlTemplate":"https:\/\/kohenavocats.com\/pt-pt\/?s={search_term_string}"},"query-input":{"@type":"PropertyValueSpecification","valueRequired":true,"valueName":"search_term_string"}}],"inLanguage":"pt-PT"},{"@type":"Organization","@id":"https:\/\/kohenavocats.com\/pt-pt\/#organization","name":"Kohen Avocats","url":"https:\/\/kohenavocats.com\/pt-pt\/","logo":{"@type":"ImageObject","inLanguage":"pt-PT","@id":"https:\/\/kohenavocats.com\/pt-pt\/#\/schema\/logo\/image\/","url":"https:\/\/kohenavocats.com\/wp-content\/uploads\/2026\/01\/Logo-2-1.webp","contentUrl":"https:\/\/kohenavocats.com\/wp-content\/uploads\/2026\/01\/Logo-2-1.webp","width":2114,"height":1253,"caption":"Kohen Avocats"},"image":{"@id":"https:\/\/kohenavocats.com\/pt-pt\/#\/schema\/logo\/image\/"}},{"@type":"Person","@id":"https:\/\/kohenavocats.com\/pt-pt\/#\/schema\/person\/761c9ba54fa1ca84d405cef0831ff751","name":"Kohen","image":{"@type":"ImageObject","inLanguage":"pt-PT","@id":"https:\/\/secure.gravatar.com\/avatar\/1c5e76ef76bbbfdd2b4da984e2bf2fa4056fd51a27d25ce2c332047f1dfd6e00?s=96&d=identicon&r=g","url":"https:\/\/secure.gravatar.com\/avatar\/1c5e76ef76bbbfdd2b4da984e2bf2fa4056fd51a27d25ce2c332047f1dfd6e00?s=96&d=identicon&r=g","contentUrl":"https:\/\/secure.gravatar.com\/avatar\/1c5e76ef76bbbfdd2b4da984e2bf2fa4056fd51a27d25ce2c332047f1dfd6e00?s=96&d=identicon&r=g","caption":"Kohen"},"sameAs":["https:\/\/www.linkedin.com\/in\/hassan-kohen-448548192\/","https:\/\/www.youtube.com\/@Kohen-Avocats"],"url":"https:\/\/kohenavocats.com\/pt-pt\/author\/kohenmlk\/"}]}},"jetpack_featured_media_url":"https:\/\/kohenavocats.com\/wp-content\/uploads\/2024\/08\/kylie-paz-cbl1K6yJlDI-unsplash.webp","jetpack_likes_enabled":false,"jetpack_shortlink":"https:\/\/wp.me\/peCrII-2EJp","jetpack-related-posts":[{"id":368614,"url":"https:\/\/kohenavocats.com\/pt-pt\/tribunal-judiciaire-de-clermont-ferrand-le-14-octobre-2025-n24-00911\/","url_meta":{"origin":633231,"position":0},"title":"Tribunal judiciaire de Clermont-Ferrand, le 14 octobre 2025, n\u00b024\/00911","author":"Kohen","date":"12 de Fevereiro, 2026","format":false,"excerpt":"Le Tribunal judiciaire de Clermont-Ferrand, statuant en mati\u00e8re de contentieux de la protection, a rendu le 14 octobre 2025 un jugement relatif \u00e0 un...","rel":"","context":"In &quot;D\u00e9cisions juridiques&quot;","block_context":{"text":"D\u00e9cisions juridiques","link":"https:\/\/kohenavocats.com\/category\/decisions-juridiques\/"},"img":{"alt_text":"","src":"https:\/\/i0.wp.com\/kohenavocats.com\/wp-content\/uploads\/2024\/08\/clement-dellandrea-2racULxVpbw-unsplash.webp?resize=350%2C200&ssl=1","width":350,"height":200,"srcset":"https:\/\/i0.wp.com\/kohenavocats.com\/wp-content\/uploads\/2024\/08\/clement-dellandrea-2racULxVpbw-unsplash.webp?resize=350%2C200&ssl=1 1x, https:\/\/i0.wp.com\/kohenavocats.com\/wp-content\/uploads\/2024\/08\/clement-dellandrea-2racULxVpbw-unsplash.webp?resize=525%2C300&ssl=1 1.5x, https:\/\/i0.wp.com\/kohenavocats.com\/wp-content\/uploads\/2024\/08\/clement-dellandrea-2racULxVpbw-unsplash.webp?resize=700%2C400&ssl=1 2x, https:\/\/i0.wp.com\/kohenavocats.com\/wp-content\/uploads\/2024\/08\/clement-dellandrea-2racULxVpbw-unsplash.webp?resize=1050%2C600&ssl=1 3x, https:\/\/i0.wp.com\/kohenavocats.com\/wp-content\/uploads\/2024\/08\/clement-dellandrea-2racULxVpbw-unsplash.webp?resize=1400%2C800&ssl=1 4x"},"classes":[]},{"id":670578,"url":"https:\/\/kohenavocats.com\/pt-pt\/tribunal-judiciaire-de-angers-le-4-mars-2025-n25-00403\/","url_meta":{"origin":633231,"position":1},"title":"Tribunal judiciaire de Angers, le 4 mars 2025, n\u00b025\/00403","author":"Kohen","date":"24 de Abril, 2026","format":false,"excerpt":"Le Juge des contentieux de la protection a rendu une d\u00e9cision le 4 mars 2025. Un bailleur social a engag\u00e9 une action en r\u00e9siliation du bail pour manquements ...","rel":"","context":"In &quot;Code des assurances&quot;","block_context":{"text":"Code des assurances","link":"https:\/\/kohenavocats.com\/category\/code-des-assurances\/"},"img":{"alt_text":"","src":"https:\/\/i0.wp.com\/kohenavocats.com\/wp-content\/uploads\/2024\/11\/alex-shuper-m4kXI_iQmsE-unsplash.webp?resize=350%2C200&ssl=1","width":350,"height":200,"srcset":"https:\/\/i0.wp.com\/kohenavocats.com\/wp-content\/uploads\/2024\/11\/alex-shuper-m4kXI_iQmsE-unsplash.webp?resize=350%2C200&ssl=1 1x, https:\/\/i0.wp.com\/kohenavocats.com\/wp-content\/uploads\/2024\/11\/alex-shuper-m4kXI_iQmsE-unsplash.webp?resize=525%2C300&ssl=1 1.5x, https:\/\/i0.wp.com\/kohenavocats.com\/wp-content\/uploads\/2024\/11\/alex-shuper-m4kXI_iQmsE-unsplash.webp?resize=700%2C400&ssl=1 2x, https:\/\/i0.wp.com\/kohenavocats.com\/wp-content\/uploads\/2024\/11\/alex-shuper-m4kXI_iQmsE-unsplash.webp?resize=1050%2C600&ssl=1 3x, https:\/\/i0.wp.com\/kohenavocats.com\/wp-content\/uploads\/2024\/11\/alex-shuper-m4kXI_iQmsE-unsplash.webp?resize=1400%2C800&ssl=1 4x"},"classes":[]},{"id":670108,"url":"https:\/\/kohenavocats.com\/pt-pt\/tribunal-judiciaire-de-clermont-ferrand-le-26-juin-2025-n25-00468\/","url_meta":{"origin":633231,"position":2},"title":"Tribunal judiciaire de Clermont-Ferrand, le 26 juin 2025, n\u00b025\/00468","author":"Kohen","date":"24 de Abril, 2026","format":false,"excerpt":"Le juge des contentieux de la protection de Clermont-Ferrand, statuant le 26 juin 2025, a examin\u00e9 la demande d'une locataire contre son bailleur social. La r...","rel":"","context":"In &quot;Code des assurances&quot;","block_context":{"text":"Code des assurances","link":"https:\/\/kohenavocats.com\/category\/code-des-assurances\/"},"img":{"alt_text":"","src":"https:\/\/i0.wp.com\/kohenavocats.com\/wp-content\/uploads\/2024\/11\/getty-images-aGTPv7ghZYc-unsplash.webp?resize=350%2C200&ssl=1","width":350,"height":200,"srcset":"https:\/\/i0.wp.com\/kohenavocats.com\/wp-content\/uploads\/2024\/11\/getty-images-aGTPv7ghZYc-unsplash.webp?resize=350%2C200&ssl=1 1x, https:\/\/i0.wp.com\/kohenavocats.com\/wp-content\/uploads\/2024\/11\/getty-images-aGTPv7ghZYc-unsplash.webp?resize=525%2C300&ssl=1 1.5x, https:\/\/i0.wp.com\/kohenavocats.com\/wp-content\/uploads\/2024\/11\/getty-images-aGTPv7ghZYc-unsplash.webp?resize=700%2C400&ssl=1 2x, https:\/\/i0.wp.com\/kohenavocats.com\/wp-content\/uploads\/2024\/11\/getty-images-aGTPv7ghZYc-unsplash.webp?resize=1050%2C600&ssl=1 3x, https:\/\/i0.wp.com\/kohenavocats.com\/wp-content\/uploads\/2024\/11\/getty-images-aGTPv7ghZYc-unsplash.webp?resize=1400%2C800&ssl=1 4x"},"classes":[]},{"id":518615,"url":"https:\/\/kohenavocats.com\/pt-pt\/tribunal-judiciaire-de-clermont-ferrand-le-20-novembre-2025-n25-00288\/","url_meta":{"origin":633231,"position":3},"title":"Tribunal judiciaire de Clermont-Ferrand, le 20 novembre 2025, n\u00b025\/00288","author":"Kohen","date":"8 de Abril, 2026","format":false,"excerpt":"Le juge des contentieux de la protection, statuant par jugement contradictoire, a \u00e9t\u00e9 saisi d\u2019une action en r\u00e9siliation de bail et expulsion introduite par l...","rel":"","context":"In &quot;Jurisprudence&quot;","block_context":{"text":"Jurisprudence","link":"https:\/\/kohenavocats.com\/category\/jurisprudence\/"},"img":{"alt_text":"","src":"https:\/\/i0.wp.com\/kohenavocats.com\/wp-content\/uploads\/2024\/05\/daniele-d-andreti-mGH4FxehE2s-unsplash.webp?resize=350%2C200&ssl=1","width":350,"height":200,"srcset":"https:\/\/i0.wp.com\/kohenavocats.com\/wp-content\/uploads\/2024\/05\/daniele-d-andreti-mGH4FxehE2s-unsplash.webp?resize=350%2C200&ssl=1 1x, https:\/\/i0.wp.com\/kohenavocats.com\/wp-content\/uploads\/2024\/05\/daniele-d-andreti-mGH4FxehE2s-unsplash.webp?resize=525%2C300&ssl=1 1.5x, https:\/\/i0.wp.com\/kohenavocats.com\/wp-content\/uploads\/2024\/05\/daniele-d-andreti-mGH4FxehE2s-unsplash.webp?resize=700%2C400&ssl=1 2x, https:\/\/i0.wp.com\/kohenavocats.com\/wp-content\/uploads\/2024\/05\/daniele-d-andreti-mGH4FxehE2s-unsplash.webp?resize=1050%2C600&ssl=1 3x, https:\/\/i0.wp.com\/kohenavocats.com\/wp-content\/uploads\/2024\/05\/daniele-d-andreti-mGH4FxehE2s-unsplash.webp?resize=1400%2C800&ssl=1 4x"},"classes":[]},{"id":332947,"url":"https:\/\/kohenavocats.com\/pt-pt\/tribunal-judiciaire-de-clermont-ferrand-le-29-aout-2025-n25-00378\/","url_meta":{"origin":633231,"position":4},"title":"Tribunal judiciaire de Clermont-Ferrand, le 29 ao\u00fbt 2025, n\u00b025\/00378","author":"Kohen","date":"10 de Fevereiro, 2026","format":false,"excerpt":"Le Tribunal judiciaire de Clermond-Ferrand, statuant par jugement r\u00e9put\u00e9 contradictoire en date du 29 ao\u00fbt 2025, a \u00e9t\u00e9 saisi par un bailleur aux fins de...","rel":"","context":"In &quot;D\u00e9cisions juridiques&quot;","block_context":{"text":"D\u00e9cisions juridiques","link":"https:\/\/kohenavocats.com\/category\/decisions-juridiques\/"},"img":{"alt_text":"","src":"https:\/\/i0.wp.com\/kohenavocats.com\/wp-content\/uploads\/2024\/08\/cristina-gottardi-GeKoZualPmA-unsplash.webp?resize=350%2C200&ssl=1","width":350,"height":200,"srcset":"https:\/\/i0.wp.com\/kohenavocats.com\/wp-content\/uploads\/2024\/08\/cristina-gottardi-GeKoZualPmA-unsplash.webp?resize=350%2C200&ssl=1 1x, https:\/\/i0.wp.com\/kohenavocats.com\/wp-content\/uploads\/2024\/08\/cristina-gottardi-GeKoZualPmA-unsplash.webp?resize=525%2C300&ssl=1 1.5x, https:\/\/i0.wp.com\/kohenavocats.com\/wp-content\/uploads\/2024\/08\/cristina-gottardi-GeKoZualPmA-unsplash.webp?resize=700%2C400&ssl=1 2x, https:\/\/i0.wp.com\/kohenavocats.com\/wp-content\/uploads\/2024\/08\/cristina-gottardi-GeKoZualPmA-unsplash.webp?resize=1050%2C600&ssl=1 3x, https:\/\/i0.wp.com\/kohenavocats.com\/wp-content\/uploads\/2024\/08\/cristina-gottardi-GeKoZualPmA-unsplash.webp?resize=1400%2C800&ssl=1 4x"},"classes":[]},{"id":331782,"url":"https:\/\/kohenavocats.com\/pt-pt\/tribunal-judiciaire-de-aurillac-le-21-aout-2025-n25-00076\/","url_meta":{"origin":633231,"position":5},"title":"Tribunal judiciaire de Aurillac, le 21 ao\u00fbt 2025, n\u00b025\/00076","author":"Kohen","date":"10 de Fevereiro, 2026","format":false,"excerpt":"Le Tribunal judiciaire d\u2019Aurillac, statuant en mati\u00e8re de contentieux de la protection, a rendu le 21 ao\u00fbt 2025 un jugement pronon\u00e7ant la r\u00e9siliation du...","rel":"","context":"In &quot;D\u00e9cisions juridiques&quot;","block_context":{"text":"D\u00e9cisions juridiques","link":"https:\/\/kohenavocats.com\/category\/decisions-juridiques\/"},"img":{"alt_text":"","src":"https:\/\/i0.wp.com\/kohenavocats.com\/wp-content\/uploads\/2024\/11\/allison-saeng-otvLRPkYfIo-unsplash.webp?resize=350%2C200&ssl=1","width":350,"height":200,"srcset":"https:\/\/i0.wp.com\/kohenavocats.com\/wp-content\/uploads\/2024\/11\/allison-saeng-otvLRPkYfIo-unsplash.webp?resize=350%2C200&ssl=1 1x, https:\/\/i0.wp.com\/kohenavocats.com\/wp-content\/uploads\/2024\/11\/allison-saeng-otvLRPkYfIo-unsplash.webp?resize=525%2C300&ssl=1 1.5x, https:\/\/i0.wp.com\/kohenavocats.com\/wp-content\/uploads\/2024\/11\/allison-saeng-otvLRPkYfIo-unsplash.webp?resize=700%2C400&ssl=1 2x, https:\/\/i0.wp.com\/kohenavocats.com\/wp-content\/uploads\/2024\/11\/allison-saeng-otvLRPkYfIo-unsplash.webp?resize=1050%2C600&ssl=1 3x, https:\/\/i0.wp.com\/kohenavocats.com\/wp-content\/uploads\/2024\/11\/allison-saeng-otvLRPkYfIo-unsplash.webp?resize=1400%2C800&ssl=1 4x"},"classes":[]}],"jetpack_sharing_enabled":true,"_links":{"self":[{"href":"https:\/\/kohenavocats.com\/pt-pt\/wp-json\/wp\/v2\/posts\/633231","targetHints":{"allow":["GET"]}}],"collection":[{"href":"https:\/\/kohenavocats.com\/pt-pt\/wp-json\/wp\/v2\/posts"}],"about":[{"href":"https:\/\/kohenavocats.com\/pt-pt\/wp-json\/wp\/v2\/types\/post"}],"author":[{"embeddable":true,"href":"https:\/\/kohenavocats.com\/pt-pt\/wp-json\/wp\/v2\/users\/232070755"}],"replies":[{"embeddable":true,"href":"https:\/\/kohenavocats.com\/pt-pt\/wp-json\/wp\/v2\/comments?post=633231"}],"version-history":[{"count":0,"href":"https:\/\/kohenavocats.com\/pt-pt\/wp-json\/wp\/v2\/posts\/633231\/revisions"}],"wp:featuredmedia":[{"embeddable":true,"href":"https:\/\/kohenavocats.com\/pt-pt\/wp-json\/wp\/v2\/media\/4670"}],"wp:attachment":[{"href":"https:\/\/kohenavocats.com\/pt-pt\/wp-json\/wp\/v2\/media?parent=633231"}],"wp:term":[{"taxonomy":"category","embeddable":true,"href":"https:\/\/kohenavocats.com\/pt-pt\/wp-json\/wp\/v2\/categories?post=633231"},{"taxonomy":"post_tag","embeddable":true,"href":"https:\/\/kohenavocats.com\/pt-pt\/wp-json\/wp\/v2\/tags?post=633231"}],"curies":[{"name":"wp","href":"https:\/\/api.w.org\/{rel}","templated":true}]}}