{"id":633232,"date":"2026-04-21T08:20:22","date_gmt":"2026-04-21T06:20:22","guid":{"rendered":"https:\/\/kohenavocats.com\/tribunal-judiciaire-de-nanterre-le-5-novembre-2024-n22-00650\/"},"modified":"2026-04-21T08:20:22","modified_gmt":"2026-04-21T06:20:22","slug":"tribunal-judiciaire-de-nanterre-le-5-novembre-2024-n22-00650","status":"publish","type":"post","link":"https:\/\/kohenavocats.com\/pt-pt\/tribunal-judiciaire-de-nanterre-le-5-novembre-2024-n22-00650\/","title":{"rendered":"Tribunal judiciaire de Nanterre, le 5 novembre 2024, n\u00b022\/00650"},"content":{"rendered":"<div class=\"article-content\">\n<p>Le tribunal judiciaire de Nanterre, par jugement du 5 novembre 2024, statue sur les suites d&#8217;une maladie professionnelle. L&#8217;affaire concerne la fixation du taux d&#8217;incapacit\u00e9 permanente partielle et la demande d&#8217;un coefficient socio-professionnel. La juridiction retient les conclusions de l&#8217;expert judiciaire pour fixer le taux \u00e0 vingt pour cent. Elle rejette en revanche la demande de majoration socio-professionnelle pour d\u00e9faut de preuve du lien causal.<\/p>\n<p>La d\u00e9termination objective du taux d&#8217;incapacit\u00e9 permanente<\/p>\n<p>L&#8217;expertise judiciaire constitue le fondement essentiel de l&#8217;\u00e9valuation m\u00e9dicale. Le tribunal suit int\u00e9gralement les conclusions claires et pr\u00e9cises du m\u00e9decin expert. Celui-ci a estim\u00e9 le taux en se basant sur l&#8217;expression fonctionnelle des s\u00e9quelles. &#8220;Les conclusions de l&#8217;expert judiciaire sont claires, pr\u00e9cises et d\u00e9nu\u00e9es d&#8217;ambigu\u00eft\u00e9&#8221; (Sur la fixation du taux d\u2019incapacit\u00e9 permanente partielle). La d\u00e9cision consacre ainsi l&#8217;autorit\u00e9 des constatations expertales non contest\u00e9es.<\/p>\n<p>La m\u00e9thode d&#8217;\u00e9valuation s&#8217;appuie strictement sur les bar\u00e8mes l\u00e9gaux et l&#8217;\u00e9tat clinique objectif. L&#8217;expert a appliqu\u00e9 le bar\u00e8me indicatif d&#8217;invalidit\u00e9 pour les accidents du travail. Il a major\u00e9 le taux ant\u00e9rieur en raison de l&#8217;apparition d&#8217;un d\u00e9ficit moteur objectiv\u00e9. &#8220;Consid\u00e9rant une atteinte lombaire et sciatique, non seulement douloureuse mais avec d\u00e9ficit moteur L5 clinique l\u00e9ger et une objectivation par EMG, il convient de majorer ce taux&#8221; (Sur la fixation du taux d\u2019incapacit\u00e9 permanente partielle). La solution assure une indemnisation conforme \u00e0 l&#8217;\u00e9volution r\u00e9elle de l&#8217;infirmit\u00e9.<\/p>\n<p>L&#8217;exigence probatoire du pr\u00e9judice socio-professionnel<\/p>\n<p>La demande de coefficient socio-professionnel est soumise \u00e0 une condition de causalit\u00e9 certaine. Le requ\u00e9rant doit prouver le lien direct entre la maladie et la perte d&#8217;emploi. La juridiction rappelle le caract\u00e8re strict de cette exigence l\u00e9gale. &#8220;L\u2019attribution d\u2019un correctif socio-professionnel suppose que soit rapport\u00e9e la preuve d\u2019un pr\u00e9judice \u00e9conomique ou d\u2019une perte d\u2019emploi en relation directe et certaine&#8221; (Sur le coefficient socio-professionnel). Cette rigueur prot\u00e8ge le syst\u00e8me contre des demandes indemnitaires non justifi\u00e9es.<\/p>\n<p>En l&#8217;esp\u00e8ce, la preuve de ce lien causal n&#8217;est pas rapport\u00e9e par le requ\u00e9rant. La perte d&#8217;emploi est intervenue avant la rechute de la maladie professionnelle. Les certificats m\u00e9dicaux ne mentionnent pas d&#8217;incapacit\u00e9 totale \u00e0 exercer une activit\u00e9. &#8220;Il r\u00e9sulte donc de tout ceci que [le requ\u00e9rant] \u00e9choue \u00e0 rapporter la preuve que sa rechute a \u00e9t\u00e9 la cause de sa perte d\u2019emploi&#8221; (Sur le coefficient socio-professionnel). Le rejet de la demande souligne l&#8217;importance de la chronologie des faits en la mati\u00e8re.<\/p>\n<p>Cette d\u00e9cision illustre la dissociation entre l&#8217;\u00e9valuation m\u00e9dicale et la r\u00e9paration du pr\u00e9judice \u00e9conomique. Elle rappelle utilement les conditions strictes de l&#8217;indemnisation compl\u00e9mentaire. La rigueur de l&#8217;exigence probatoire garantit la s\u00e9curit\u00e9 juridique des organismes assureurs. Le jugement contribue ainsi \u00e0 une application pr\u00e9visible du droit de la r\u00e9paration.<\/p>\n<\/div>\n","protected":false},"excerpt":{"rendered":"<p>Le tribunal judiciaire de Nanterre, par jugement du 5 novembre 2024, statue sur les suites d&#8217;une maladie professionnelle. L&#8217;affaire concerne la fixation du t&#8230;<\/p>\n","protected":false},"author":232070755,"featured_media":9598,"comment_status":"open","ping_status":"open","sticky":false,"template":"","format":"standard","meta":{"_crdt_document":"","_jetpack_newsletter_access":"","_jetpack_dont_email_post_to_subs":false,"_jetpack_newsletter_tier_id":0,"_jetpack_memberships_contains_paywalled_content":false,"_jetpack_memberships_contains_paid_content":false,"footnotes":"","jetpack_post_was_ever_published":false},"categories":[7597],"tags":[],"class_list":["post-633232","post","type-post","status-publish","format-standard","has-post-thumbnail","hentry","category-jurisprudence"],"yoast_head":"<!-- This site is optimized with the Yoast SEO Premium plugin v27.4 (Yoast SEO v27.4) - https:\/\/yoast.com\/product\/yoast-seo-premium-wordpress\/ -->\n<title>Tribunal judiciaire de Nanterre, le 5 novembre 2024, n\u00b022\/00650 - Ma\u00eetre Hassan Kohen, avocat en droit p\u00e9nal \u00e0 Paris<\/title>\n<meta name=\"description\" content=\"Le tribunal judiciaire de Nanterre, par jugement du 5 novembre 2024, statue sur les suites d&#039;une maladie professionnelle. L&#039;affaire concerne la fixation du t...\" \/>\n<meta name=\"robots\" content=\"index, follow, max-snippet:-1, max-image-preview:large, max-video-preview:-1\" \/>\n<link rel=\"canonical\" href=\"https:\/\/kohenavocats.com\/pt-pt\/tribunal-judiciaire-de-nanterre-le-5-novembre-2024-n22-00650\/\" \/>\n<meta property=\"og:locale\" content=\"pt_PT\" \/>\n<meta property=\"og:type\" content=\"article\" \/>\n<meta property=\"og:title\" content=\"Tribunal judiciaire de Nanterre, le 5 novembre 2024, n\u00b022\/00650\" \/>\n<meta property=\"og:description\" content=\"Le tribunal judiciaire de Nanterre, par jugement du 5 novembre 2024, statue sur les suites d&#039;une maladie professionnelle. L&#039;affaire concerne la fixation du t...\" \/>\n<meta property=\"og:url\" content=\"https:\/\/kohenavocats.com\/pt-pt\/tribunal-judiciaire-de-nanterre-le-5-novembre-2024-n22-00650\/\" \/>\n<meta property=\"og:site_name\" content=\"Ma\u00eetre Hassan Kohen, avocat en droit p\u00e9nal \u00e0 Paris\" \/>\n<meta property=\"article:published_time\" content=\"2026-04-21T06:20:22+00:00\" \/>\n<meta property=\"og:image\" content=\"https:\/\/kohenavocats.com\/wp-content\/uploads\/2024\/11\/getty-images-1zAPNbJuDPI-unsplash.webp\" \/>\n\t<meta property=\"og:image:width\" content=\"4500\" \/>\n\t<meta property=\"og:image:height\" content=\"3000\" \/>\n\t<meta property=\"og:image:type\" content=\"image\/webp\" \/>\n<meta name=\"author\" content=\"Kohen\" \/>\n<meta name=\"twitter:card\" content=\"summary_large_image\" \/>\n<meta name=\"twitter:label1\" content=\"Escrito por\" \/>\n\t<meta name=\"twitter:data1\" content=\"Kohen\" \/>\n\t<meta name=\"twitter:label2\" content=\"Tempo estimado de leitura\" \/>\n\t<meta name=\"twitter:data2\" content=\"2 minutos\" \/>\n<script type=\"application\/ld+json\" class=\"yoast-schema-graph\">{\"@context\":\"https:\\\/\\\/schema.org\",\"@graph\":[{\"@type\":\"Article\",\"@id\":\"https:\\\/\\\/kohenavocats.com\\\/pt-pt\\\/tribunal-judiciaire-de-nanterre-le-5-novembre-2024-n22-00650\\\/#article\",\"isPartOf\":{\"@id\":\"https:\\\/\\\/kohenavocats.com\\\/pt-pt\\\/tribunal-judiciaire-de-nanterre-le-5-novembre-2024-n22-00650\\\/\"},\"author\":{\"name\":\"Kohen\",\"@id\":\"https:\\\/\\\/kohenavocats.com\\\/pt-pt\\\/#\\\/schema\\\/person\\\/761c9ba54fa1ca84d405cef0831ff751\"},\"headline\":\"Tribunal judiciaire de Nanterre, le 5 novembre 2024, n\u00b022\\\/00650\",\"datePublished\":\"2026-04-21T06:20:22+00:00\",\"mainEntityOfPage\":{\"@id\":\"https:\\\/\\\/kohenavocats.com\\\/pt-pt\\\/tribunal-judiciaire-de-nanterre-le-5-novembre-2024-n22-00650\\\/\"},\"wordCount\":514,\"commentCount\":0,\"publisher\":{\"@id\":\"https:\\\/\\\/kohenavocats.com\\\/pt-pt\\\/#organization\"},\"image\":{\"@id\":\"https:\\\/\\\/kohenavocats.com\\\/pt-pt\\\/tribunal-judiciaire-de-nanterre-le-5-novembre-2024-n22-00650\\\/#primaryimage\"},\"thumbnailUrl\":\"https:\\\/\\\/kohenavocats.com\\\/wp-content\\\/uploads\\\/2024\\\/11\\\/getty-images-1zAPNbJuDPI-unsplash.webp\",\"articleSection\":[\"Jurisprudence\"],\"inLanguage\":\"pt-PT\",\"potentialAction\":[{\"@type\":\"CommentAction\",\"name\":\"Comment\",\"target\":[\"https:\\\/\\\/kohenavocats.com\\\/pt-pt\\\/tribunal-judiciaire-de-nanterre-le-5-novembre-2024-n22-00650\\\/#respond\"]}],\"citation\":\"Tribunal judiciaire de Nanterre, le 5 novembre 2024, n\u00b022\\\/00650\",\"about\":[{\"@type\":\"Thing\",\"name\":\"Jurisprudence\"}],\"dateModified\":\"2026-04-21T06:20:22+00:00\",\"speakable\":{\"@type\":\"SpeakableSpecification\",\"cssSelector\":[\".article-content > p:first-of-type\"]}},{\"@type\":\"WebPage\",\"@id\":\"https:\\\/\\\/kohenavocats.com\\\/pt-pt\\\/tribunal-judiciaire-de-nanterre-le-5-novembre-2024-n22-00650\\\/\",\"url\":\"https:\\\/\\\/kohenavocats.com\\\/pt-pt\\\/tribunal-judiciaire-de-nanterre-le-5-novembre-2024-n22-00650\\\/\",\"name\":\"Tribunal judiciaire de Nanterre, le 5 novembre 2024, n\u00b022\\\/00650 - Ma\u00eetre Hassan Kohen, avocat en droit p\u00e9nal \u00e0 Paris\",\"isPartOf\":{\"@id\":\"https:\\\/\\\/kohenavocats.com\\\/pt-pt\\\/#website\"},\"primaryImageOfPage\":{\"@id\":\"https:\\\/\\\/kohenavocats.com\\\/pt-pt\\\/tribunal-judiciaire-de-nanterre-le-5-novembre-2024-n22-00650\\\/#primaryimage\"},\"image\":{\"@id\":\"https:\\\/\\\/kohenavocats.com\\\/pt-pt\\\/tribunal-judiciaire-de-nanterre-le-5-novembre-2024-n22-00650\\\/#primaryimage\"},\"thumbnailUrl\":\"https:\\\/\\\/kohenavocats.com\\\/wp-content\\\/uploads\\\/2024\\\/11\\\/getty-images-1zAPNbJuDPI-unsplash.webp\",\"datePublished\":\"2026-04-21T06:20:22+00:00\",\"description\":\"Le tribunal judiciaire de Nanterre, par jugement du 5 novembre 2024, statue sur les suites d'une maladie professionnelle. L'affaire concerne la fixation du t...\",\"breadcrumb\":{\"@id\":\"https:\\\/\\\/kohenavocats.com\\\/pt-pt\\\/tribunal-judiciaire-de-nanterre-le-5-novembre-2024-n22-00650\\\/#breadcrumb\"},\"inLanguage\":\"pt-PT\",\"potentialAction\":[{\"@type\":\"ReadAction\",\"target\":[\"https:\\\/\\\/kohenavocats.com\\\/pt-pt\\\/tribunal-judiciaire-de-nanterre-le-5-novembre-2024-n22-00650\\\/\"]}]},{\"@type\":\"ImageObject\",\"inLanguage\":\"pt-PT\",\"@id\":\"https:\\\/\\\/kohenavocats.com\\\/pt-pt\\\/tribunal-judiciaire-de-nanterre-le-5-novembre-2024-n22-00650\\\/#primaryimage\",\"url\":\"https:\\\/\\\/kohenavocats.com\\\/wp-content\\\/uploads\\\/2024\\\/11\\\/getty-images-1zAPNbJuDPI-unsplash.webp\",\"contentUrl\":\"https:\\\/\\\/kohenavocats.com\\\/wp-content\\\/uploads\\\/2024\\\/11\\\/getty-images-1zAPNbJuDPI-unsplash.webp\",\"width\":4500,\"height\":3000},{\"@type\":\"BreadcrumbList\",\"@id\":\"https:\\\/\\\/kohenavocats.com\\\/pt-pt\\\/tribunal-judiciaire-de-nanterre-le-5-novembre-2024-n22-00650\\\/#breadcrumb\",\"itemListElement\":[{\"@type\":\"ListItem\",\"position\":1,\"name\":\"Home\",\"item\":\"https:\\\/\\\/kohenavocats.com\\\/pt-pt\\\/avocats-en-droit-penal-a-paris-conseil-et-defense-strategique\\\/\"},{\"@type\":\"ListItem\",\"position\":2,\"name\":\"Tribunal judiciaire de Nanterre, le 5 novembre 2024, n\u00b022\\\/00650\"}]},{\"@type\":\"WebSite\",\"@id\":\"https:\\\/\\\/kohenavocats.com\\\/pt-pt\\\/#website\",\"url\":\"https:\\\/\\\/kohenavocats.com\\\/pt-pt\\\/\",\"name\":\"Kohen Avocats\",\"description\":\"Ma\u00eetre Hassan Kohen, avocat p\u00e9naliste \u00e0 Paris, intervient exclusivement en droit p\u00e9nal pour la d\u00e9fense des particuliers, notamment en mati\u00e8re d\u2019accusations de viol. Il assure un accompagnement rigoureux d\u00e8s la garde \u00e0 vue jusqu\u2019\u00e0 la Cour d\u2019assises, veillant au strict respect des garanties proc\u00e9durales.\",\"publisher\":{\"@id\":\"https:\\\/\\\/kohenavocats.com\\\/pt-pt\\\/#organization\"},\"potentialAction\":[{\"@type\":\"SearchAction\",\"target\":{\"@type\":\"EntryPoint\",\"urlTemplate\":\"https:\\\/\\\/kohenavocats.com\\\/pt-pt\\\/?s={search_term_string}\"},\"query-input\":{\"@type\":\"PropertyValueSpecification\",\"valueRequired\":true,\"valueName\":\"search_term_string\"}}],\"inLanguage\":\"pt-PT\"},{\"@type\":\"Organization\",\"@id\":\"https:\\\/\\\/kohenavocats.com\\\/pt-pt\\\/#organization\",\"name\":\"Kohen Avocats\",\"url\":\"https:\\\/\\\/kohenavocats.com\\\/pt-pt\\\/\",\"logo\":{\"@type\":\"ImageObject\",\"inLanguage\":\"pt-PT\",\"@id\":\"https:\\\/\\\/kohenavocats.com\\\/pt-pt\\\/#\\\/schema\\\/logo\\\/image\\\/\",\"url\":\"https:\\\/\\\/kohenavocats.com\\\/wp-content\\\/uploads\\\/2026\\\/01\\\/Logo-2-1.webp\",\"contentUrl\":\"https:\\\/\\\/kohenavocats.com\\\/wp-content\\\/uploads\\\/2026\\\/01\\\/Logo-2-1.webp\",\"width\":2114,\"height\":1253,\"caption\":\"Kohen Avocats\"},\"image\":{\"@id\":\"https:\\\/\\\/kohenavocats.com\\\/pt-pt\\\/#\\\/schema\\\/logo\\\/image\\\/\"}},{\"@type\":\"Person\",\"@id\":\"https:\\\/\\\/kohenavocats.com\\\/pt-pt\\\/#\\\/schema\\\/person\\\/761c9ba54fa1ca84d405cef0831ff751\",\"name\":\"Kohen\",\"image\":{\"@type\":\"ImageObject\",\"inLanguage\":\"pt-PT\",\"@id\":\"https:\\\/\\\/secure.gravatar.com\\\/avatar\\\/1c5e76ef76bbbfdd2b4da984e2bf2fa4056fd51a27d25ce2c332047f1dfd6e00?s=96&d=identicon&r=g\",\"url\":\"https:\\\/\\\/secure.gravatar.com\\\/avatar\\\/1c5e76ef76bbbfdd2b4da984e2bf2fa4056fd51a27d25ce2c332047f1dfd6e00?s=96&d=identicon&r=g\",\"contentUrl\":\"https:\\\/\\\/secure.gravatar.com\\\/avatar\\\/1c5e76ef76bbbfdd2b4da984e2bf2fa4056fd51a27d25ce2c332047f1dfd6e00?s=96&d=identicon&r=g\",\"caption\":\"Kohen\"},\"sameAs\":[\"https:\\\/\\\/www.linkedin.com\\\/in\\\/hassan-kohen-448548192\\\/\",\"https:\\\/\\\/www.youtube.com\\\/@Kohen-Avocats\"],\"url\":\"https:\\\/\\\/kohenavocats.com\\\/pt-pt\\\/author\\\/kohenmlk\\\/\"}]}<\/script>\n<!-- \/ Yoast SEO Premium plugin. -->","yoast_head_json":{"title":"Tribunal judiciaire de Nanterre, le 5 novembre 2024, n\u00b022\/00650 - Ma\u00eetre Hassan Kohen, avocat en droit p\u00e9nal \u00e0 Paris","description":"Le tribunal judiciaire de Nanterre, par jugement du 5 novembre 2024, statue sur les suites d'une maladie professionnelle. L'affaire concerne la fixation du t...","robots":{"index":"index","follow":"follow","max-snippet":"max-snippet:-1","max-image-preview":"max-image-preview:large","max-video-preview":"max-video-preview:-1"},"canonical":"https:\/\/kohenavocats.com\/pt-pt\/tribunal-judiciaire-de-nanterre-le-5-novembre-2024-n22-00650\/","og_locale":"pt_PT","og_type":"article","og_title":"Tribunal judiciaire de Nanterre, le 5 novembre 2024, n\u00b022\/00650","og_description":"Le tribunal judiciaire de Nanterre, par jugement du 5 novembre 2024, statue sur les suites d'une maladie professionnelle. L'affaire concerne la fixation du t...","og_url":"https:\/\/kohenavocats.com\/pt-pt\/tribunal-judiciaire-de-nanterre-le-5-novembre-2024-n22-00650\/","og_site_name":"Ma\u00eetre Hassan Kohen, avocat en droit p\u00e9nal \u00e0 Paris","article_published_time":"2026-04-21T06:20:22+00:00","og_image":[{"width":4500,"height":3000,"url":"https:\/\/kohenavocats.com\/wp-content\/uploads\/2024\/11\/getty-images-1zAPNbJuDPI-unsplash.webp","type":"image\/webp"}],"author":"Kohen","twitter_card":"summary_large_image","twitter_misc":{"Escrito por":"Kohen","Tempo estimado de leitura":"2 minutos"},"schema":{"@context":"https:\/\/schema.org","@graph":[{"@type":"Article","@id":"https:\/\/kohenavocats.com\/pt-pt\/tribunal-judiciaire-de-nanterre-le-5-novembre-2024-n22-00650\/#article","isPartOf":{"@id":"https:\/\/kohenavocats.com\/pt-pt\/tribunal-judiciaire-de-nanterre-le-5-novembre-2024-n22-00650\/"},"author":{"name":"Kohen","@id":"https:\/\/kohenavocats.com\/pt-pt\/#\/schema\/person\/761c9ba54fa1ca84d405cef0831ff751"},"headline":"Tribunal judiciaire de Nanterre, le 5 novembre 2024, n\u00b022\/00650","datePublished":"2026-04-21T06:20:22+00:00","mainEntityOfPage":{"@id":"https:\/\/kohenavocats.com\/pt-pt\/tribunal-judiciaire-de-nanterre-le-5-novembre-2024-n22-00650\/"},"wordCount":514,"commentCount":0,"publisher":{"@id":"https:\/\/kohenavocats.com\/pt-pt\/#organization"},"image":{"@id":"https:\/\/kohenavocats.com\/pt-pt\/tribunal-judiciaire-de-nanterre-le-5-novembre-2024-n22-00650\/#primaryimage"},"thumbnailUrl":"https:\/\/kohenavocats.com\/wp-content\/uploads\/2024\/11\/getty-images-1zAPNbJuDPI-unsplash.webp","articleSection":["Jurisprudence"],"inLanguage":"pt-PT","potentialAction":[{"@type":"CommentAction","name":"Comment","target":["https:\/\/kohenavocats.com\/pt-pt\/tribunal-judiciaire-de-nanterre-le-5-novembre-2024-n22-00650\/#respond"]}],"citation":"Tribunal judiciaire de Nanterre, le 5 novembre 2024, n\u00b022\/00650","about":[{"@type":"Thing","name":"Jurisprudence"}],"dateModified":"2026-04-21T06:20:22+00:00","speakable":{"@type":"SpeakableSpecification","cssSelector":[".article-content > p:first-of-type"]}},{"@type":"WebPage","@id":"https:\/\/kohenavocats.com\/pt-pt\/tribunal-judiciaire-de-nanterre-le-5-novembre-2024-n22-00650\/","url":"https:\/\/kohenavocats.com\/pt-pt\/tribunal-judiciaire-de-nanterre-le-5-novembre-2024-n22-00650\/","name":"Tribunal judiciaire de Nanterre, le 5 novembre 2024, n\u00b022\/00650 - Ma\u00eetre Hassan Kohen, avocat en droit p\u00e9nal \u00e0 Paris","isPartOf":{"@id":"https:\/\/kohenavocats.com\/pt-pt\/#website"},"primaryImageOfPage":{"@id":"https:\/\/kohenavocats.com\/pt-pt\/tribunal-judiciaire-de-nanterre-le-5-novembre-2024-n22-00650\/#primaryimage"},"image":{"@id":"https:\/\/kohenavocats.com\/pt-pt\/tribunal-judiciaire-de-nanterre-le-5-novembre-2024-n22-00650\/#primaryimage"},"thumbnailUrl":"https:\/\/kohenavocats.com\/wp-content\/uploads\/2024\/11\/getty-images-1zAPNbJuDPI-unsplash.webp","datePublished":"2026-04-21T06:20:22+00:00","description":"Le tribunal judiciaire de Nanterre, par jugement du 5 novembre 2024, statue sur les suites d'une maladie professionnelle. L'affaire concerne la fixation du t...","breadcrumb":{"@id":"https:\/\/kohenavocats.com\/pt-pt\/tribunal-judiciaire-de-nanterre-le-5-novembre-2024-n22-00650\/#breadcrumb"},"inLanguage":"pt-PT","potentialAction":[{"@type":"ReadAction","target":["https:\/\/kohenavocats.com\/pt-pt\/tribunal-judiciaire-de-nanterre-le-5-novembre-2024-n22-00650\/"]}]},{"@type":"ImageObject","inLanguage":"pt-PT","@id":"https:\/\/kohenavocats.com\/pt-pt\/tribunal-judiciaire-de-nanterre-le-5-novembre-2024-n22-00650\/#primaryimage","url":"https:\/\/kohenavocats.com\/wp-content\/uploads\/2024\/11\/getty-images-1zAPNbJuDPI-unsplash.webp","contentUrl":"https:\/\/kohenavocats.com\/wp-content\/uploads\/2024\/11\/getty-images-1zAPNbJuDPI-unsplash.webp","width":4500,"height":3000},{"@type":"BreadcrumbList","@id":"https:\/\/kohenavocats.com\/pt-pt\/tribunal-judiciaire-de-nanterre-le-5-novembre-2024-n22-00650\/#breadcrumb","itemListElement":[{"@type":"ListItem","position":1,"name":"Home","item":"https:\/\/kohenavocats.com\/pt-pt\/avocats-en-droit-penal-a-paris-conseil-et-defense-strategique\/"},{"@type":"ListItem","position":2,"name":"Tribunal judiciaire de Nanterre, le 5 novembre 2024, n\u00b022\/00650"}]},{"@type":"WebSite","@id":"https:\/\/kohenavocats.com\/pt-pt\/#website","url":"https:\/\/kohenavocats.com\/pt-pt\/","name":"Kohen Avocats","description":"Ma\u00eetre Hassan Kohen, avocat p\u00e9naliste \u00e0 Paris, intervient exclusivement en droit p\u00e9nal pour la d\u00e9fense des particuliers, notamment en mati\u00e8re d\u2019accusations de viol. Il assure un accompagnement rigoureux d\u00e8s la garde \u00e0 vue jusqu\u2019\u00e0 la Cour d\u2019assises, veillant au strict respect des garanties proc\u00e9durales.","publisher":{"@id":"https:\/\/kohenavocats.com\/pt-pt\/#organization"},"potentialAction":[{"@type":"SearchAction","target":{"@type":"EntryPoint","urlTemplate":"https:\/\/kohenavocats.com\/pt-pt\/?s={search_term_string}"},"query-input":{"@type":"PropertyValueSpecification","valueRequired":true,"valueName":"search_term_string"}}],"inLanguage":"pt-PT"},{"@type":"Organization","@id":"https:\/\/kohenavocats.com\/pt-pt\/#organization","name":"Kohen Avocats","url":"https:\/\/kohenavocats.com\/pt-pt\/","logo":{"@type":"ImageObject","inLanguage":"pt-PT","@id":"https:\/\/kohenavocats.com\/pt-pt\/#\/schema\/logo\/image\/","url":"https:\/\/kohenavocats.com\/wp-content\/uploads\/2026\/01\/Logo-2-1.webp","contentUrl":"https:\/\/kohenavocats.com\/wp-content\/uploads\/2026\/01\/Logo-2-1.webp","width":2114,"height":1253,"caption":"Kohen Avocats"},"image":{"@id":"https:\/\/kohenavocats.com\/pt-pt\/#\/schema\/logo\/image\/"}},{"@type":"Person","@id":"https:\/\/kohenavocats.com\/pt-pt\/#\/schema\/person\/761c9ba54fa1ca84d405cef0831ff751","name":"Kohen","image":{"@type":"ImageObject","inLanguage":"pt-PT","@id":"https:\/\/secure.gravatar.com\/avatar\/1c5e76ef76bbbfdd2b4da984e2bf2fa4056fd51a27d25ce2c332047f1dfd6e00?s=96&d=identicon&r=g","url":"https:\/\/secure.gravatar.com\/avatar\/1c5e76ef76bbbfdd2b4da984e2bf2fa4056fd51a27d25ce2c332047f1dfd6e00?s=96&d=identicon&r=g","contentUrl":"https:\/\/secure.gravatar.com\/avatar\/1c5e76ef76bbbfdd2b4da984e2bf2fa4056fd51a27d25ce2c332047f1dfd6e00?s=96&d=identicon&r=g","caption":"Kohen"},"sameAs":["https:\/\/www.linkedin.com\/in\/hassan-kohen-448548192\/","https:\/\/www.youtube.com\/@Kohen-Avocats"],"url":"https:\/\/kohenavocats.com\/pt-pt\/author\/kohenmlk\/"}]}},"jetpack_featured_media_url":"https:\/\/kohenavocats.com\/wp-content\/uploads\/2024\/11\/getty-images-1zAPNbJuDPI-unsplash.webp","jetpack_likes_enabled":false,"jetpack_shortlink":"https:\/\/wp.me\/peCrII-2EJq","jetpack-related-posts":[{"id":597751,"url":"https:\/\/kohenavocats.com\/pt-pt\/tribunal-judiciaire-de-paris-le-4-decembre-2025-n19-03611\/","url_meta":{"origin":633232,"position":0},"title":"Tribunal judiciaire de Paris, le 4 d\u00e9cembre 2025, n\u00b019\/03611","author":"Kohen","date":"18 de Abril, 2026","format":false,"excerpt":"Le Tribunal judiciaire de Paris, statuant en mati\u00e8re sociale le 4 d\u00e9cembre 2025, a examin\u00e9 un recours form\u00e9 par un employeur. Cet employeur contestait le tau...","rel":"","context":"In &quot;Jurisprudence&quot;","block_context":{"text":"Jurisprudence","link":"https:\/\/kohenavocats.com\/category\/jurisprudence\/"},"img":{"alt_text":"","src":"https:\/\/i0.wp.com\/kohenavocats.com\/wp-content\/uploads\/2024\/11\/getty-images-ZIgIJuMcKZI-unsplash.webp?resize=350%2C200&ssl=1","width":350,"height":200,"srcset":"https:\/\/i0.wp.com\/kohenavocats.com\/wp-content\/uploads\/2024\/11\/getty-images-ZIgIJuMcKZI-unsplash.webp?resize=350%2C200&ssl=1 1x, https:\/\/i0.wp.com\/kohenavocats.com\/wp-content\/uploads\/2024\/11\/getty-images-ZIgIJuMcKZI-unsplash.webp?resize=525%2C300&ssl=1 1.5x, https:\/\/i0.wp.com\/kohenavocats.com\/wp-content\/uploads\/2024\/11\/getty-images-ZIgIJuMcKZI-unsplash.webp?resize=700%2C400&ssl=1 2x, https:\/\/i0.wp.com\/kohenavocats.com\/wp-content\/uploads\/2024\/11\/getty-images-ZIgIJuMcKZI-unsplash.webp?resize=1050%2C600&ssl=1 3x, https:\/\/i0.wp.com\/kohenavocats.com\/wp-content\/uploads\/2024\/11\/getty-images-ZIgIJuMcKZI-unsplash.webp?resize=1400%2C800&ssl=1 4x"},"classes":[]},{"id":597776,"url":"https:\/\/kohenavocats.com\/pt-pt\/tribunal-judiciaire-de-paris-le-4-decembre-2025-n19-03494\/","url_meta":{"origin":633232,"position":1},"title":"Tribunal judiciaire de Paris, le 4 d\u00e9cembre 2025, n\u00b019\/03494","author":"Kohen","date":"18 de Abril, 2026","format":false,"excerpt":"Le tribunal judiciaire de Paris, statuant en mati\u00e8re sociale le 4 d\u00e9cembre 2025, a examin\u00e9 un recours form\u00e9 par un employeur. Cet employeur contestait le tau...","rel":"","context":"In &quot;Jurisprudence&quot;","block_context":{"text":"Jurisprudence","link":"https:\/\/kohenavocats.com\/category\/jurisprudence\/"},"img":{"alt_text":"","src":"https:\/\/i0.wp.com\/kohenavocats.com\/wp-content\/uploads\/2024\/08\/mahdi-samadzad-8wGLqHdkKbk-unsplash.webp?resize=350%2C200&ssl=1","width":350,"height":200,"srcset":"https:\/\/i0.wp.com\/kohenavocats.com\/wp-content\/uploads\/2024\/08\/mahdi-samadzad-8wGLqHdkKbk-unsplash.webp?resize=350%2C200&ssl=1 1x, https:\/\/i0.wp.com\/kohenavocats.com\/wp-content\/uploads\/2024\/08\/mahdi-samadzad-8wGLqHdkKbk-unsplash.webp?resize=525%2C300&ssl=1 1.5x, https:\/\/i0.wp.com\/kohenavocats.com\/wp-content\/uploads\/2024\/08\/mahdi-samadzad-8wGLqHdkKbk-unsplash.webp?resize=700%2C400&ssl=1 2x, https:\/\/i0.wp.com\/kohenavocats.com\/wp-content\/uploads\/2024\/08\/mahdi-samadzad-8wGLqHdkKbk-unsplash.webp?resize=1050%2C600&ssl=1 3x, https:\/\/i0.wp.com\/kohenavocats.com\/wp-content\/uploads\/2024\/08\/mahdi-samadzad-8wGLqHdkKbk-unsplash.webp?resize=1400%2C800&ssl=1 4x"},"classes":[]},{"id":597760,"url":"https:\/\/kohenavocats.com\/pt-pt\/tribunal-judiciaire-de-nimes-le-4-decembre-2025-n23-00597\/","url_meta":{"origin":633232,"position":2},"title":"Tribunal judiciaire de N\u00eemes, le 4 d\u00e9cembre 2025, n\u00b023\/00597","author":"Kohen","date":"18 de Abril, 2026","format":false,"excerpt":"Le tribunal judiciaire de N\u00eemes, statuant en mati\u00e8re de protection sociale, a rendu un jugement le 4 d\u00e9cembre 2025. Un salari\u00e9 contestait le refus de reconna...","rel":"","context":"In &quot;Jurisprudence&quot;","block_context":{"text":"Jurisprudence","link":"https:\/\/kohenavocats.com\/category\/jurisprudence\/"},"img":{"alt_text":"","src":"https:\/\/i0.wp.com\/kohenavocats.com\/wp-content\/uploads\/2024\/08\/robert-ruggiero-cIGWrsKV_1I-unsplash.webp?resize=350%2C200&ssl=1","width":350,"height":200,"srcset":"https:\/\/i0.wp.com\/kohenavocats.com\/wp-content\/uploads\/2024\/08\/robert-ruggiero-cIGWrsKV_1I-unsplash.webp?resize=350%2C200&ssl=1 1x, https:\/\/i0.wp.com\/kohenavocats.com\/wp-content\/uploads\/2024\/08\/robert-ruggiero-cIGWrsKV_1I-unsplash.webp?resize=525%2C300&ssl=1 1.5x, https:\/\/i0.wp.com\/kohenavocats.com\/wp-content\/uploads\/2024\/08\/robert-ruggiero-cIGWrsKV_1I-unsplash.webp?resize=700%2C400&ssl=1 2x, https:\/\/i0.wp.com\/kohenavocats.com\/wp-content\/uploads\/2024\/08\/robert-ruggiero-cIGWrsKV_1I-unsplash.webp?resize=1050%2C600&ssl=1 3x, https:\/\/i0.wp.com\/kohenavocats.com\/wp-content\/uploads\/2024\/08\/robert-ruggiero-cIGWrsKV_1I-unsplash.webp?resize=1400%2C800&ssl=1 4x"},"classes":[]},{"id":597756,"url":"https:\/\/kohenavocats.com\/pt-pt\/tribunal-judiciaire-de-nanterre-le-4-decembre-2025-n23-10375\/","url_meta":{"origin":633232,"position":3},"title":"Tribunal judiciaire de Nanterre, le 4 d\u00e9cembre 2025, n\u00b023\/10375","author":"Kohen","date":"18 de Abril, 2026","format":false,"excerpt":"Le Tribunal judiciaire de premi\u00e8re instance, statuant le 4 d\u00e9cembre 2025, a \u00e9t\u00e9 saisi d'une demande en indemnisation suite \u00e0 un accident de la circulation su...","rel":"","context":"In &quot;Jurisprudence&quot;","block_context":{"text":"Jurisprudence","link":"https:\/\/kohenavocats.com\/category\/jurisprudence\/"},"img":{"alt_text":"","src":"https:\/\/i0.wp.com\/kohenavocats.com\/wp-content\/uploads\/2024\/08\/chris-linnett-aoJDcEy2tBo-unsplash.webp?resize=350%2C200&ssl=1","width":350,"height":200,"srcset":"https:\/\/i0.wp.com\/kohenavocats.com\/wp-content\/uploads\/2024\/08\/chris-linnett-aoJDcEy2tBo-unsplash.webp?resize=350%2C200&ssl=1 1x, https:\/\/i0.wp.com\/kohenavocats.com\/wp-content\/uploads\/2024\/08\/chris-linnett-aoJDcEy2tBo-unsplash.webp?resize=525%2C300&ssl=1 1.5x, https:\/\/i0.wp.com\/kohenavocats.com\/wp-content\/uploads\/2024\/08\/chris-linnett-aoJDcEy2tBo-unsplash.webp?resize=700%2C400&ssl=1 2x, https:\/\/i0.wp.com\/kohenavocats.com\/wp-content\/uploads\/2024\/08\/chris-linnett-aoJDcEy2tBo-unsplash.webp?resize=1050%2C600&ssl=1 3x, https:\/\/i0.wp.com\/kohenavocats.com\/wp-content\/uploads\/2024\/08\/chris-linnett-aoJDcEy2tBo-unsplash.webp?resize=1400%2C800&ssl=1 4x"},"classes":[]},{"id":597793,"url":"https:\/\/kohenavocats.com\/pt-pt\/tribunal-judiciaire-de-nimes-le-4-decembre-2025-n24-00323\/","url_meta":{"origin":633232,"position":4},"title":"Tribunal judiciaire de N\u00eemes, le 4 d\u00e9cembre 2025, n\u00b024\/00323","author":"Kohen","date":"18 de Abril, 2026","format":false,"excerpt":"Le tribunal judiciaire de N\u00eemes, statuant en mati\u00e8re de protection sociale, a rendu un jugement le 4 d\u00e9cembre 2025. Une soci\u00e9t\u00e9 contestait l\u2019opposabilit\u00e9 de ...","rel":"","context":"In &quot;Jurisprudence&quot;","block_context":{"text":"Jurisprudence","link":"https:\/\/kohenavocats.com\/category\/jurisprudence\/"},"img":{"alt_text":"","src":"https:\/\/i0.wp.com\/kohenavocats.com\/wp-content\/uploads\/2024\/08\/kris-atomic-6xJ9GUbbFEo-unsplash.webp?resize=350%2C200&ssl=1","width":350,"height":200,"srcset":"https:\/\/i0.wp.com\/kohenavocats.com\/wp-content\/uploads\/2024\/08\/kris-atomic-6xJ9GUbbFEo-unsplash.webp?resize=350%2C200&ssl=1 1x, https:\/\/i0.wp.com\/kohenavocats.com\/wp-content\/uploads\/2024\/08\/kris-atomic-6xJ9GUbbFEo-unsplash.webp?resize=525%2C300&ssl=1 1.5x, https:\/\/i0.wp.com\/kohenavocats.com\/wp-content\/uploads\/2024\/08\/kris-atomic-6xJ9GUbbFEo-unsplash.webp?resize=700%2C400&ssl=1 2x, https:\/\/i0.wp.com\/kohenavocats.com\/wp-content\/uploads\/2024\/08\/kris-atomic-6xJ9GUbbFEo-unsplash.webp?resize=1050%2C600&ssl=1 3x, https:\/\/i0.wp.com\/kohenavocats.com\/wp-content\/uploads\/2024\/08\/kris-atomic-6xJ9GUbbFEo-unsplash.webp?resize=1400%2C800&ssl=1 4x"},"classes":[]},{"id":597766,"url":"https:\/\/kohenavocats.com\/pt-pt\/tribunal-judiciaire-de-carcassonne-le-4-decembre-2025-n24-00073\/","url_meta":{"origin":633232,"position":5},"title":"Tribunal judiciaire de Carcassonne, le 4 d\u00e9cembre 2025, n\u00b024\/00073","author":"Kohen","date":"18 de Abril, 2026","format":false,"excerpt":"Le tribunal judiciaire de Carcassonne, statuant le 4 d\u00e9cembre 2025, a examin\u00e9 les demandes d'une acqu\u00e9rere se plaignant de divers d\u00e9sordres affectant un imme...","rel":"","context":"In &quot;Jurisprudence&quot;","block_context":{"text":"Jurisprudence","link":"https:\/\/kohenavocats.com\/category\/jurisprudence\/"},"img":{"alt_text":"","src":"https:\/\/i0.wp.com\/kohenavocats.com\/wp-content\/uploads\/2024\/11\/getty-images-AofcIDFaraI-unsplash.webp?resize=350%2C200&ssl=1","width":350,"height":200,"srcset":"https:\/\/i0.wp.com\/kohenavocats.com\/wp-content\/uploads\/2024\/11\/getty-images-AofcIDFaraI-unsplash.webp?resize=350%2C200&ssl=1 1x, https:\/\/i0.wp.com\/kohenavocats.com\/wp-content\/uploads\/2024\/11\/getty-images-AofcIDFaraI-unsplash.webp?resize=525%2C300&ssl=1 1.5x, https:\/\/i0.wp.com\/kohenavocats.com\/wp-content\/uploads\/2024\/11\/getty-images-AofcIDFaraI-unsplash.webp?resize=700%2C400&ssl=1 2x, https:\/\/i0.wp.com\/kohenavocats.com\/wp-content\/uploads\/2024\/11\/getty-images-AofcIDFaraI-unsplash.webp?resize=1050%2C600&ssl=1 3x, https:\/\/i0.wp.com\/kohenavocats.com\/wp-content\/uploads\/2024\/11\/getty-images-AofcIDFaraI-unsplash.webp?resize=1400%2C800&ssl=1 4x"},"classes":[]}],"jetpack_sharing_enabled":true,"_links":{"self":[{"href":"https:\/\/kohenavocats.com\/pt-pt\/wp-json\/wp\/v2\/posts\/633232","targetHints":{"allow":["GET"]}}],"collection":[{"href":"https:\/\/kohenavocats.com\/pt-pt\/wp-json\/wp\/v2\/posts"}],"about":[{"href":"https:\/\/kohenavocats.com\/pt-pt\/wp-json\/wp\/v2\/types\/post"}],"author":[{"embeddable":true,"href":"https:\/\/kohenavocats.com\/pt-pt\/wp-json\/wp\/v2\/users\/232070755"}],"replies":[{"embeddable":true,"href":"https:\/\/kohenavocats.com\/pt-pt\/wp-json\/wp\/v2\/comments?post=633232"}],"version-history":[{"count":0,"href":"https:\/\/kohenavocats.com\/pt-pt\/wp-json\/wp\/v2\/posts\/633232\/revisions"}],"wp:featuredmedia":[{"embeddable":true,"href":"https:\/\/kohenavocats.com\/pt-pt\/wp-json\/wp\/v2\/media\/9598"}],"wp:attachment":[{"href":"https:\/\/kohenavocats.com\/pt-pt\/wp-json\/wp\/v2\/media?parent=633232"}],"wp:term":[{"taxonomy":"category","embeddable":true,"href":"https:\/\/kohenavocats.com\/pt-pt\/wp-json\/wp\/v2\/categories?post=633232"},{"taxonomy":"post_tag","embeddable":true,"href":"https:\/\/kohenavocats.com\/pt-pt\/wp-json\/wp\/v2\/tags?post=633232"}],"curies":[{"name":"wp","href":"https:\/\/api.w.org\/{rel}","templated":true}]}}