{"id":636165,"date":"2026-04-21T13:51:07","date_gmt":"2026-04-21T11:51:07","guid":{"rendered":"https:\/\/kohenavocats.com\/tribunal-judiciaire-de-dijon-le-19-janvier-2024-n22-00868\/"},"modified":"2026-04-21T13:51:07","modified_gmt":"2026-04-21T11:51:07","slug":"tribunal-judiciaire-de-dijon-le-19-janvier-2024-n22-00868","status":"publish","type":"post","link":"https:\/\/kohenavocats.com\/pt-pt\/tribunal-judiciaire-de-dijon-le-19-janvier-2024-n22-00868\/","title":{"rendered":"Tribunal judiciaire de Dijon, le 19 janvier 2024, n\u00b022\/00868"},"content":{"rendered":"<div class=\"article-content\">\n<p>Le tribunal judiciaire, statuant en mati\u00e8re de partage, a rendu une d\u00e9cision le 19 janvier 2024. Cette d\u00e9cision tranche plusieurs litiges entre h\u00e9ritiers concernant le r\u00e8glement d\u2019une succession agricole complexe. Les principaux points de d\u00e9saccord portaient sur le calcul de cr\u00e9ances de salaire diff\u00e9r\u00e9, la prescription de fermages, le sort de parcelles non attribu\u00e9es et la vente d\u2019un bien immobilier indivis. Le tribunal a partiellement homologu\u00e9 le projet d\u2019\u00e9tat liquidatif du notaire commis et a ordonn\u00e9 des mesures compl\u00e9mentaires pour parvenir au partage d\u00e9finitif.<\/p>\n<p>Le r\u00e9gime juridique des salaires diff\u00e9r\u00e9s en agriculture<\/p>\n<p>Le tribunal a d\u2019abord rappel\u00e9 les conditions d\u2019ouverture du droit au salaire diff\u00e9r\u00e9. Il a appliqu\u00e9 l\u2019article L. 321-13 du code rural, qui institue une pr\u00e9somption l\u00e9gale de contrat de travail \u00e0 salaire diff\u00e9r\u00e9 au profit des descendants collaborateurs. La juridiction a ainsi valid\u00e9 le principe de ces cr\u00e9ances pour deux descendants ayant particip\u00e9 \u00e0 l\u2019exploitation familiale sans r\u00e9mun\u00e9ration directe. Leur droit s\u2019exerce contre la masse successorale, conform\u00e9ment \u00e0 la jurisprudence \u00e9tablie. &#8220;Aux termes du second, le b\u00e9n\u00e9ficiaire d&#8217;un contrat de salaire diff\u00e9r\u00e9 exerce son droit de cr\u00e9ance apr\u00e8s le d\u00e9c\u00e8s de l&#8217;exploitant et au cours du r\u00e8glement de la succession&#8221; (Cass. Premi\u00e8re chambre civile, le 1 d\u00e9cembre 2021, n\u00b020-12.315). Cette solution consacre la nature successorale de la cr\u00e9ance, due par l\u2019ensemble des h\u00e9ritiers.<\/p>\n<p>Concernant la liquidation de ces cr\u00e9ances, le tribunal a adopt\u00e9 une approche pragmatique fond\u00e9e sur les accords partiels. Un h\u00e9ritier contestait la dur\u00e9e retenue par le notaire pour le calcul des ann\u00e9es de collaboration. La juridiction a constat\u00e9 l\u2019absence de preuves contraires produites par le requ\u00e9rant. Elle a surtout not\u00e9 que les autres h\u00e9ritiers ne contestaient pas les dur\u00e9es de neuf ans et neuf ans et demi propos\u00e9es par le notaire. Le tribunal a donc homologu\u00e9 le projet sur ce point, refusant de modifier un calcul accept\u00e9 par la majorit\u00e9 des indivisaires. Cette d\u00e9cision souligne l\u2019importance des accords intervenus en cours de proc\u00e9dure et la volont\u00e9 du juge de favoriser les solutions consensuelles dans le partage.<\/p>\n<p>Les r\u00e8gles proc\u00e9durales et substantielles du partage judiciaire<\/p>\n<p>Le tribunal a ensuite rappel\u00e9 avec rigueur les r\u00e8gles de comp\u00e9tence au sein de la proc\u00e9dure de partage. Un h\u00e9ritier soulevait la prescription quinquennale des fermages impay\u00e9s dus \u00e0 l\u2019indivision. La juridiction a d\u00e9clar\u00e9 ce moyen irrecevable, car constituant une fin de non-recevoir. &#8220;Le tribunal constate que le moyen tir\u00e9 de la prescription de la dette de fermage constitue une fin de non-recevoir, laquelle, pour toutes les assignations d\u00e9livr\u00e9es \u00e0 compter du 1er janvier 2020, rel\u00e8ve de la comp\u00e9tence exclusive du Juge de la mise en \u00e9tat&#8221; (article 789 du Code de proc\u00e9dure civile). Cette application stricte du droit proc\u00e9dural recentr\u00e9 renforce l\u2019autorit\u00e9 du juge de la mise en \u00e9tat et sanctionne l\u2019irr\u00e9gularit\u00e9 de l\u2019invocation tardive de ce moyen.<\/p>\n<p>En mati\u00e8re de composition des lots, le tribunal a r\u00e9affirm\u00e9 le principe du tirage au sort en l\u2019absence d\u2019accord unanime. Face \u00e0 des parcelles rest\u00e9es indivises apr\u00e8s une donation-partage, les h\u00e9ritiers proposaient des attributions sp\u00e9cifiques. Le juge a rappel\u00e9 la solution constante de la Cour de cassation. &#8220;\u00c0 d\u00e9faut d&#8217;entente entre les h\u00e9ritiers, les lots faits en vue d&#8217;un partage doivent \u00eatre obligatoirement tir\u00e9s au sort&#8221; (Civ. 1\u00e8re 17 octobre 2019 : pourvoi n\u00b018-23.689). Il a donc ordonn\u00e9 au notaire de constituer quatre lots et de proc\u00e9der \u00e0 leur tirage au sort. Concernant un bien immobilier que personne ne souhaitait conserver, le tribunal a ordonn\u00e9 sa licitation. Il a rejet\u00e9 la demande d\u2019autorisation de vendre seul form\u00e9e par un h\u00e9ritier, estimant que le p\u00e9ril \u00e0 l\u2019int\u00e9r\u00eat commun n\u2019\u00e9tait pas caract\u00e9ris\u00e9. Ces solutions rappellent la primaut\u00e9 de l\u2019\u00e9galit\u00e9 entre h\u00e9ritiers et le caract\u00e8re exceptionnel des ventes amiablement consenties par un seul.<\/p>\n<\/div>\n","protected":false},"excerpt":{"rendered":"<p>Le tribunal judiciaire, statuant en mati\u00e8re de partage, a rendu une d\u00e9cision le 19 janvier 2024. Cette d\u00e9cision tranche plusieurs litiges entre h\u00e9ritiers con&#8230;<\/p>\n","protected":false},"author":232070755,"featured_media":4774,"comment_status":"open","ping_status":"open","sticky":false,"template":"","format":"standard","meta":{"_crdt_document":"","_jetpack_newsletter_access":"","_jetpack_dont_email_post_to_subs":false,"_jetpack_newsletter_tier_id":0,"_jetpack_memberships_contains_paywalled_content":false,"_jetpack_memberships_contains_paid_content":false,"footnotes":"","jetpack_post_was_ever_published":false},"categories":[7597],"tags":[],"class_list":["post-636165","post","type-post","status-publish","format-standard","has-post-thumbnail","hentry","category-jurisprudence"],"yoast_head":"<!-- This site is optimized with the Yoast SEO Premium plugin v27.4 (Yoast SEO v27.4) - https:\/\/yoast.com\/product\/yoast-seo-premium-wordpress\/ -->\n<title>Tribunal judiciaire de Dijon, le 19 janvier 2024, n\u00b022\/00868 - Ma\u00eetre Hassan Kohen, avocat en droit p\u00e9nal \u00e0 Paris<\/title>\n<meta name=\"description\" content=\"Le tribunal judiciaire, statuant en mati\u00e8re de partage, a rendu une d\u00e9cision le 19 janvier 2024. Cette d\u00e9cision tranche plusieurs litiges entre h\u00e9ritiers con...\" \/>\n<meta name=\"robots\" content=\"index, follow, max-snippet:-1, max-image-preview:large, max-video-preview:-1\" \/>\n<link rel=\"canonical\" href=\"https:\/\/kohenavocats.com\/pt-pt\/tribunal-judiciaire-de-dijon-le-19-janvier-2024-n22-00868\/\" \/>\n<meta property=\"og:locale\" content=\"pt_PT\" \/>\n<meta property=\"og:type\" content=\"article\" \/>\n<meta property=\"og:title\" content=\"Tribunal judiciaire de Dijon, le 19 janvier 2024, n\u00b022\/00868\" \/>\n<meta property=\"og:description\" content=\"Le tribunal judiciaire, statuant en mati\u00e8re de partage, a rendu une d\u00e9cision le 19 janvier 2024. Cette d\u00e9cision tranche plusieurs litiges entre h\u00e9ritiers con...\" \/>\n<meta property=\"og:url\" content=\"https:\/\/kohenavocats.com\/pt-pt\/tribunal-judiciaire-de-dijon-le-19-janvier-2024-n22-00868\/\" \/>\n<meta property=\"og:site_name\" content=\"Ma\u00eetre Hassan Kohen, avocat en droit p\u00e9nal \u00e0 Paris\" \/>\n<meta property=\"article:published_time\" content=\"2026-04-21T11:51:07+00:00\" \/>\n<meta property=\"og:image\" content=\"https:\/\/kohenavocats.com\/wp-content\/uploads\/2024\/08\/eddie-junior-foXddRnxfc-unsplash.webp\" \/>\n\t<meta property=\"og:image:width\" content=\"5472\" \/>\n\t<meta property=\"og:image:height\" content=\"3648\" \/>\n\t<meta property=\"og:image:type\" content=\"image\/webp\" \/>\n<meta name=\"author\" content=\"Kohen\" \/>\n<meta name=\"twitter:card\" content=\"summary_large_image\" \/>\n<meta name=\"twitter:label1\" content=\"Escrito por\" \/>\n\t<meta name=\"twitter:data1\" content=\"Kohen\" \/>\n\t<meta name=\"twitter:label2\" content=\"Tempo estimado de leitura\" \/>\n\t<meta name=\"twitter:data2\" content=\"3 minutos\" \/>\n<script type=\"application\/ld+json\" class=\"yoast-schema-graph\">{\"@context\":\"https:\\\/\\\/schema.org\",\"@graph\":[{\"@type\":\"Article\",\"@id\":\"https:\\\/\\\/kohenavocats.com\\\/pt-pt\\\/tribunal-judiciaire-de-dijon-le-19-janvier-2024-n22-00868\\\/#article\",\"isPartOf\":{\"@id\":\"https:\\\/\\\/kohenavocats.com\\\/pt-pt\\\/tribunal-judiciaire-de-dijon-le-19-janvier-2024-n22-00868\\\/\"},\"author\":{\"name\":\"Kohen\",\"@id\":\"https:\\\/\\\/kohenavocats.com\\\/pt-pt\\\/#\\\/schema\\\/person\\\/761c9ba54fa1ca84d405cef0831ff751\"},\"headline\":\"Tribunal judiciaire de Dijon, le 19 janvier 2024, n\u00b022\\\/00868\",\"datePublished\":\"2026-04-21T11:51:07+00:00\",\"mainEntityOfPage\":{\"@id\":\"https:\\\/\\\/kohenavocats.com\\\/pt-pt\\\/tribunal-judiciaire-de-dijon-le-19-janvier-2024-n22-00868\\\/\"},\"wordCount\":703,\"commentCount\":0,\"publisher\":{\"@id\":\"https:\\\/\\\/kohenavocats.com\\\/pt-pt\\\/#organization\"},\"image\":{\"@id\":\"https:\\\/\\\/kohenavocats.com\\\/pt-pt\\\/tribunal-judiciaire-de-dijon-le-19-janvier-2024-n22-00868\\\/#primaryimage\"},\"thumbnailUrl\":\"https:\\\/\\\/kohenavocats.com\\\/wp-content\\\/uploads\\\/2024\\\/08\\\/eddie-junior-foXddRnxfc-unsplash.webp\",\"articleSection\":[\"Jurisprudence\"],\"inLanguage\":\"pt-PT\",\"potentialAction\":[{\"@type\":\"CommentAction\",\"name\":\"Comment\",\"target\":[\"https:\\\/\\\/kohenavocats.com\\\/pt-pt\\\/tribunal-judiciaire-de-dijon-le-19-janvier-2024-n22-00868\\\/#respond\"]}],\"citation\":\"Tribunal judiciaire de Dijon, le 19 janvier 2024, n\u00b022\\\/00868\",\"about\":[{\"@type\":\"Thing\",\"name\":\"Jurisprudence\"}],\"dateModified\":\"2026-04-21T11:51:07+00:00\",\"speakable\":{\"@type\":\"SpeakableSpecification\",\"cssSelector\":[\".article-content > p:first-of-type\"]}},{\"@type\":\"WebPage\",\"@id\":\"https:\\\/\\\/kohenavocats.com\\\/pt-pt\\\/tribunal-judiciaire-de-dijon-le-19-janvier-2024-n22-00868\\\/\",\"url\":\"https:\\\/\\\/kohenavocats.com\\\/pt-pt\\\/tribunal-judiciaire-de-dijon-le-19-janvier-2024-n22-00868\\\/\",\"name\":\"Tribunal judiciaire de Dijon, le 19 janvier 2024, n\u00b022\\\/00868 - Ma\u00eetre Hassan Kohen, avocat en droit p\u00e9nal \u00e0 Paris\",\"isPartOf\":{\"@id\":\"https:\\\/\\\/kohenavocats.com\\\/pt-pt\\\/#website\"},\"primaryImageOfPage\":{\"@id\":\"https:\\\/\\\/kohenavocats.com\\\/pt-pt\\\/tribunal-judiciaire-de-dijon-le-19-janvier-2024-n22-00868\\\/#primaryimage\"},\"image\":{\"@id\":\"https:\\\/\\\/kohenavocats.com\\\/pt-pt\\\/tribunal-judiciaire-de-dijon-le-19-janvier-2024-n22-00868\\\/#primaryimage\"},\"thumbnailUrl\":\"https:\\\/\\\/kohenavocats.com\\\/wp-content\\\/uploads\\\/2024\\\/08\\\/eddie-junior-foXddRnxfc-unsplash.webp\",\"datePublished\":\"2026-04-21T11:51:07+00:00\",\"description\":\"Le tribunal judiciaire, statuant en mati\u00e8re de partage, a rendu une d\u00e9cision le 19 janvier 2024. Cette d\u00e9cision tranche plusieurs litiges entre h\u00e9ritiers con...\",\"breadcrumb\":{\"@id\":\"https:\\\/\\\/kohenavocats.com\\\/pt-pt\\\/tribunal-judiciaire-de-dijon-le-19-janvier-2024-n22-00868\\\/#breadcrumb\"},\"inLanguage\":\"pt-PT\",\"potentialAction\":[{\"@type\":\"ReadAction\",\"target\":[\"https:\\\/\\\/kohenavocats.com\\\/pt-pt\\\/tribunal-judiciaire-de-dijon-le-19-janvier-2024-n22-00868\\\/\"]}]},{\"@type\":\"ImageObject\",\"inLanguage\":\"pt-PT\",\"@id\":\"https:\\\/\\\/kohenavocats.com\\\/pt-pt\\\/tribunal-judiciaire-de-dijon-le-19-janvier-2024-n22-00868\\\/#primaryimage\",\"url\":\"https:\\\/\\\/kohenavocats.com\\\/wp-content\\\/uploads\\\/2024\\\/08\\\/eddie-junior-foXddRnxfc-unsplash.webp\",\"contentUrl\":\"https:\\\/\\\/kohenavocats.com\\\/wp-content\\\/uploads\\\/2024\\\/08\\\/eddie-junior-foXddRnxfc-unsplash.webp\",\"width\":5472,\"height\":3648},{\"@type\":\"BreadcrumbList\",\"@id\":\"https:\\\/\\\/kohenavocats.com\\\/pt-pt\\\/tribunal-judiciaire-de-dijon-le-19-janvier-2024-n22-00868\\\/#breadcrumb\",\"itemListElement\":[{\"@type\":\"ListItem\",\"position\":1,\"name\":\"Home\",\"item\":\"https:\\\/\\\/kohenavocats.com\\\/pt-pt\\\/avocats-en-droit-penal-a-paris-conseil-et-defense-strategique\\\/\"},{\"@type\":\"ListItem\",\"position\":2,\"name\":\"Tribunal judiciaire de Dijon, le 19 janvier 2024, n\u00b022\\\/00868\"}]},{\"@type\":\"WebSite\",\"@id\":\"https:\\\/\\\/kohenavocats.com\\\/pt-pt\\\/#website\",\"url\":\"https:\\\/\\\/kohenavocats.com\\\/pt-pt\\\/\",\"name\":\"Kohen Avocats\",\"description\":\"Ma\u00eetre Hassan Kohen, avocat p\u00e9naliste \u00e0 Paris, intervient exclusivement en droit p\u00e9nal pour la d\u00e9fense des particuliers, notamment en mati\u00e8re d\u2019accusations de viol. Il assure un accompagnement rigoureux d\u00e8s la garde \u00e0 vue jusqu\u2019\u00e0 la Cour d\u2019assises, veillant au strict respect des garanties proc\u00e9durales.\",\"publisher\":{\"@id\":\"https:\\\/\\\/kohenavocats.com\\\/pt-pt\\\/#organization\"},\"potentialAction\":[{\"@type\":\"SearchAction\",\"target\":{\"@type\":\"EntryPoint\",\"urlTemplate\":\"https:\\\/\\\/kohenavocats.com\\\/pt-pt\\\/?s={search_term_string}\"},\"query-input\":{\"@type\":\"PropertyValueSpecification\",\"valueRequired\":true,\"valueName\":\"search_term_string\"}}],\"inLanguage\":\"pt-PT\"},{\"@type\":\"Organization\",\"@id\":\"https:\\\/\\\/kohenavocats.com\\\/pt-pt\\\/#organization\",\"name\":\"Kohen Avocats\",\"url\":\"https:\\\/\\\/kohenavocats.com\\\/pt-pt\\\/\",\"logo\":{\"@type\":\"ImageObject\",\"inLanguage\":\"pt-PT\",\"@id\":\"https:\\\/\\\/kohenavocats.com\\\/pt-pt\\\/#\\\/schema\\\/logo\\\/image\\\/\",\"url\":\"https:\\\/\\\/kohenavocats.com\\\/wp-content\\\/uploads\\\/2026\\\/01\\\/Logo-2-1.webp\",\"contentUrl\":\"https:\\\/\\\/kohenavocats.com\\\/wp-content\\\/uploads\\\/2026\\\/01\\\/Logo-2-1.webp\",\"width\":2114,\"height\":1253,\"caption\":\"Kohen Avocats\"},\"image\":{\"@id\":\"https:\\\/\\\/kohenavocats.com\\\/pt-pt\\\/#\\\/schema\\\/logo\\\/image\\\/\"}},{\"@type\":\"Person\",\"@id\":\"https:\\\/\\\/kohenavocats.com\\\/pt-pt\\\/#\\\/schema\\\/person\\\/761c9ba54fa1ca84d405cef0831ff751\",\"name\":\"Kohen\",\"image\":{\"@type\":\"ImageObject\",\"inLanguage\":\"pt-PT\",\"@id\":\"https:\\\/\\\/secure.gravatar.com\\\/avatar\\\/1c5e76ef76bbbfdd2b4da984e2bf2fa4056fd51a27d25ce2c332047f1dfd6e00?s=96&d=identicon&r=g\",\"url\":\"https:\\\/\\\/secure.gravatar.com\\\/avatar\\\/1c5e76ef76bbbfdd2b4da984e2bf2fa4056fd51a27d25ce2c332047f1dfd6e00?s=96&d=identicon&r=g\",\"contentUrl\":\"https:\\\/\\\/secure.gravatar.com\\\/avatar\\\/1c5e76ef76bbbfdd2b4da984e2bf2fa4056fd51a27d25ce2c332047f1dfd6e00?s=96&d=identicon&r=g\",\"caption\":\"Kohen\"},\"sameAs\":[\"https:\\\/\\\/www.linkedin.com\\\/in\\\/hassan-kohen-448548192\\\/\",\"https:\\\/\\\/www.youtube.com\\\/@Kohen-Avocats\"],\"url\":\"https:\\\/\\\/kohenavocats.com\\\/pt-pt\\\/author\\\/kohenmlk\\\/\"}]}<\/script>\n<!-- \/ Yoast SEO Premium plugin. -->","yoast_head_json":{"title":"Tribunal judiciaire de Dijon, le 19 janvier 2024, n\u00b022\/00868 - Ma\u00eetre Hassan Kohen, avocat en droit p\u00e9nal \u00e0 Paris","description":"Le tribunal judiciaire, statuant en mati\u00e8re de partage, a rendu une d\u00e9cision le 19 janvier 2024. Cette d\u00e9cision tranche plusieurs litiges entre h\u00e9ritiers con...","robots":{"index":"index","follow":"follow","max-snippet":"max-snippet:-1","max-image-preview":"max-image-preview:large","max-video-preview":"max-video-preview:-1"},"canonical":"https:\/\/kohenavocats.com\/pt-pt\/tribunal-judiciaire-de-dijon-le-19-janvier-2024-n22-00868\/","og_locale":"pt_PT","og_type":"article","og_title":"Tribunal judiciaire de Dijon, le 19 janvier 2024, n\u00b022\/00868","og_description":"Le tribunal judiciaire, statuant en mati\u00e8re de partage, a rendu une d\u00e9cision le 19 janvier 2024. Cette d\u00e9cision tranche plusieurs litiges entre h\u00e9ritiers con...","og_url":"https:\/\/kohenavocats.com\/pt-pt\/tribunal-judiciaire-de-dijon-le-19-janvier-2024-n22-00868\/","og_site_name":"Ma\u00eetre Hassan Kohen, avocat en droit p\u00e9nal \u00e0 Paris","article_published_time":"2026-04-21T11:51:07+00:00","og_image":[{"width":5472,"height":3648,"url":"https:\/\/kohenavocats.com\/wp-content\/uploads\/2024\/08\/eddie-junior-foXddRnxfc-unsplash.webp","type":"image\/webp"}],"author":"Kohen","twitter_card":"summary_large_image","twitter_misc":{"Escrito por":"Kohen","Tempo estimado de leitura":"3 minutos"},"schema":{"@context":"https:\/\/schema.org","@graph":[{"@type":"Article","@id":"https:\/\/kohenavocats.com\/pt-pt\/tribunal-judiciaire-de-dijon-le-19-janvier-2024-n22-00868\/#article","isPartOf":{"@id":"https:\/\/kohenavocats.com\/pt-pt\/tribunal-judiciaire-de-dijon-le-19-janvier-2024-n22-00868\/"},"author":{"name":"Kohen","@id":"https:\/\/kohenavocats.com\/pt-pt\/#\/schema\/person\/761c9ba54fa1ca84d405cef0831ff751"},"headline":"Tribunal judiciaire de Dijon, le 19 janvier 2024, n\u00b022\/00868","datePublished":"2026-04-21T11:51:07+00:00","mainEntityOfPage":{"@id":"https:\/\/kohenavocats.com\/pt-pt\/tribunal-judiciaire-de-dijon-le-19-janvier-2024-n22-00868\/"},"wordCount":703,"commentCount":0,"publisher":{"@id":"https:\/\/kohenavocats.com\/pt-pt\/#organization"},"image":{"@id":"https:\/\/kohenavocats.com\/pt-pt\/tribunal-judiciaire-de-dijon-le-19-janvier-2024-n22-00868\/#primaryimage"},"thumbnailUrl":"https:\/\/kohenavocats.com\/wp-content\/uploads\/2024\/08\/eddie-junior-foXddRnxfc-unsplash.webp","articleSection":["Jurisprudence"],"inLanguage":"pt-PT","potentialAction":[{"@type":"CommentAction","name":"Comment","target":["https:\/\/kohenavocats.com\/pt-pt\/tribunal-judiciaire-de-dijon-le-19-janvier-2024-n22-00868\/#respond"]}],"citation":"Tribunal judiciaire de Dijon, le 19 janvier 2024, n\u00b022\/00868","about":[{"@type":"Thing","name":"Jurisprudence"}],"dateModified":"2026-04-21T11:51:07+00:00","speakable":{"@type":"SpeakableSpecification","cssSelector":[".article-content > p:first-of-type"]}},{"@type":"WebPage","@id":"https:\/\/kohenavocats.com\/pt-pt\/tribunal-judiciaire-de-dijon-le-19-janvier-2024-n22-00868\/","url":"https:\/\/kohenavocats.com\/pt-pt\/tribunal-judiciaire-de-dijon-le-19-janvier-2024-n22-00868\/","name":"Tribunal judiciaire de Dijon, le 19 janvier 2024, n\u00b022\/00868 - Ma\u00eetre Hassan Kohen, avocat en droit p\u00e9nal \u00e0 Paris","isPartOf":{"@id":"https:\/\/kohenavocats.com\/pt-pt\/#website"},"primaryImageOfPage":{"@id":"https:\/\/kohenavocats.com\/pt-pt\/tribunal-judiciaire-de-dijon-le-19-janvier-2024-n22-00868\/#primaryimage"},"image":{"@id":"https:\/\/kohenavocats.com\/pt-pt\/tribunal-judiciaire-de-dijon-le-19-janvier-2024-n22-00868\/#primaryimage"},"thumbnailUrl":"https:\/\/kohenavocats.com\/wp-content\/uploads\/2024\/08\/eddie-junior-foXddRnxfc-unsplash.webp","datePublished":"2026-04-21T11:51:07+00:00","description":"Le tribunal judiciaire, statuant en mati\u00e8re de partage, a rendu une d\u00e9cision le 19 janvier 2024. Cette d\u00e9cision tranche plusieurs litiges entre h\u00e9ritiers con...","breadcrumb":{"@id":"https:\/\/kohenavocats.com\/pt-pt\/tribunal-judiciaire-de-dijon-le-19-janvier-2024-n22-00868\/#breadcrumb"},"inLanguage":"pt-PT","potentialAction":[{"@type":"ReadAction","target":["https:\/\/kohenavocats.com\/pt-pt\/tribunal-judiciaire-de-dijon-le-19-janvier-2024-n22-00868\/"]}]},{"@type":"ImageObject","inLanguage":"pt-PT","@id":"https:\/\/kohenavocats.com\/pt-pt\/tribunal-judiciaire-de-dijon-le-19-janvier-2024-n22-00868\/#primaryimage","url":"https:\/\/kohenavocats.com\/wp-content\/uploads\/2024\/08\/eddie-junior-foXddRnxfc-unsplash.webp","contentUrl":"https:\/\/kohenavocats.com\/wp-content\/uploads\/2024\/08\/eddie-junior-foXddRnxfc-unsplash.webp","width":5472,"height":3648},{"@type":"BreadcrumbList","@id":"https:\/\/kohenavocats.com\/pt-pt\/tribunal-judiciaire-de-dijon-le-19-janvier-2024-n22-00868\/#breadcrumb","itemListElement":[{"@type":"ListItem","position":1,"name":"Home","item":"https:\/\/kohenavocats.com\/pt-pt\/avocats-en-droit-penal-a-paris-conseil-et-defense-strategique\/"},{"@type":"ListItem","position":2,"name":"Tribunal judiciaire de Dijon, le 19 janvier 2024, n\u00b022\/00868"}]},{"@type":"WebSite","@id":"https:\/\/kohenavocats.com\/pt-pt\/#website","url":"https:\/\/kohenavocats.com\/pt-pt\/","name":"Kohen Avocats","description":"Ma\u00eetre Hassan Kohen, avocat p\u00e9naliste \u00e0 Paris, intervient exclusivement en droit p\u00e9nal pour la d\u00e9fense des particuliers, notamment en mati\u00e8re d\u2019accusations de viol. Il assure un accompagnement rigoureux d\u00e8s la garde \u00e0 vue jusqu\u2019\u00e0 la Cour d\u2019assises, veillant au strict respect des garanties proc\u00e9durales.","publisher":{"@id":"https:\/\/kohenavocats.com\/pt-pt\/#organization"},"potentialAction":[{"@type":"SearchAction","target":{"@type":"EntryPoint","urlTemplate":"https:\/\/kohenavocats.com\/pt-pt\/?s={search_term_string}"},"query-input":{"@type":"PropertyValueSpecification","valueRequired":true,"valueName":"search_term_string"}}],"inLanguage":"pt-PT"},{"@type":"Organization","@id":"https:\/\/kohenavocats.com\/pt-pt\/#organization","name":"Kohen Avocats","url":"https:\/\/kohenavocats.com\/pt-pt\/","logo":{"@type":"ImageObject","inLanguage":"pt-PT","@id":"https:\/\/kohenavocats.com\/pt-pt\/#\/schema\/logo\/image\/","url":"https:\/\/kohenavocats.com\/wp-content\/uploads\/2026\/01\/Logo-2-1.webp","contentUrl":"https:\/\/kohenavocats.com\/wp-content\/uploads\/2026\/01\/Logo-2-1.webp","width":2114,"height":1253,"caption":"Kohen Avocats"},"image":{"@id":"https:\/\/kohenavocats.com\/pt-pt\/#\/schema\/logo\/image\/"}},{"@type":"Person","@id":"https:\/\/kohenavocats.com\/pt-pt\/#\/schema\/person\/761c9ba54fa1ca84d405cef0831ff751","name":"Kohen","image":{"@type":"ImageObject","inLanguage":"pt-PT","@id":"https:\/\/secure.gravatar.com\/avatar\/1c5e76ef76bbbfdd2b4da984e2bf2fa4056fd51a27d25ce2c332047f1dfd6e00?s=96&d=identicon&r=g","url":"https:\/\/secure.gravatar.com\/avatar\/1c5e76ef76bbbfdd2b4da984e2bf2fa4056fd51a27d25ce2c332047f1dfd6e00?s=96&d=identicon&r=g","contentUrl":"https:\/\/secure.gravatar.com\/avatar\/1c5e76ef76bbbfdd2b4da984e2bf2fa4056fd51a27d25ce2c332047f1dfd6e00?s=96&d=identicon&r=g","caption":"Kohen"},"sameAs":["https:\/\/www.linkedin.com\/in\/hassan-kohen-448548192\/","https:\/\/www.youtube.com\/@Kohen-Avocats"],"url":"https:\/\/kohenavocats.com\/pt-pt\/author\/kohenmlk\/"}]}},"jetpack_featured_media_url":"https:\/\/kohenavocats.com\/wp-content\/uploads\/2024\/08\/eddie-junior-foXddRnxfc-unsplash.webp","jetpack_likes_enabled":false,"jetpack_shortlink":"https:\/\/wp.me\/peCrII-2FuJ","jetpack-related-posts":[{"id":372144,"url":"https:\/\/kohenavocats.com\/pt-pt\/cour-dappel-de-amiens-le-2-decembre-2025-n23-02323\/","url_meta":{"origin":636165,"position":0},"title":"Cour d&#8217;appel de Amiens, le 2 d\u00e9cembre 2025, n\u00b023\/02323","author":"Kohen","date":"15 de Fevereiro, 2026","format":false,"excerpt":"La Cour d\u2019appel d\u2019Amiens, par un arr\u00eat du 2 d\u00e9cembre 2025, r\u00e9forme un jugement du tribunal judiciaire de Laon du 14 mars 2023 et admet l\u2019existence d\u2019une...","rel":"","context":"In &quot;Cour d'appel&quot;","block_context":{"text":"Cour d'appel","link":"https:\/\/kohenavocats.com\/category\/cour-dappel\/"},"img":{"alt_text":"","src":"https:\/\/i0.wp.com\/kohenavocats.com\/wp-content\/uploads\/2024\/11\/getty-images-23s86SIERuk-unsplash.webp?resize=350%2C200&ssl=1","width":350,"height":200,"srcset":"https:\/\/i0.wp.com\/kohenavocats.com\/wp-content\/uploads\/2024\/11\/getty-images-23s86SIERuk-unsplash.webp?resize=350%2C200&ssl=1 1x, https:\/\/i0.wp.com\/kohenavocats.com\/wp-content\/uploads\/2024\/11\/getty-images-23s86SIERuk-unsplash.webp?resize=525%2C300&ssl=1 1.5x, https:\/\/i0.wp.com\/kohenavocats.com\/wp-content\/uploads\/2024\/11\/getty-images-23s86SIERuk-unsplash.webp?resize=700%2C400&ssl=1 2x, https:\/\/i0.wp.com\/kohenavocats.com\/wp-content\/uploads\/2024\/11\/getty-images-23s86SIERuk-unsplash.webp?resize=1050%2C600&ssl=1 3x, https:\/\/i0.wp.com\/kohenavocats.com\/wp-content\/uploads\/2024\/11\/getty-images-23s86SIERuk-unsplash.webp?resize=1400%2C800&ssl=1 4x"},"classes":[]},{"id":376010,"url":"https:\/\/kohenavocats.com\/pt-pt\/cour-dappel-de-toulouse-le-11-decembre-2025-n23-00976\/","url_meta":{"origin":636165,"position":1},"title":"Cour d&#8217;appel de Toulouse, le 11 d\u00e9cembre 2025, n\u00b023\/00976","author":"Kohen","date":"19 de Fevereiro, 2026","format":false,"excerpt":"La Cour d\u2019appel de Toulouse, dans un arr\u00eat du 11 d\u00e9cembre 2025, a \u00e9t\u00e9 saisie d\u2019un litige successoral complexe opposant les h\u00e9ritiers de M. [C] [HL],...","rel":"","context":"In &quot;Cour d'appel&quot;","block_context":{"text":"Cour d'appel","link":"https:\/\/kohenavocats.com\/category\/cour-dappel\/"},"img":{"alt_text":"","src":"https:\/\/i0.wp.com\/kohenavocats.com\/wp-content\/uploads\/2024\/11\/getty-images-Sk9JF1KDz6M-unsplash.webp?resize=350%2C200&ssl=1","width":350,"height":200,"srcset":"https:\/\/i0.wp.com\/kohenavocats.com\/wp-content\/uploads\/2024\/11\/getty-images-Sk9JF1KDz6M-unsplash.webp?resize=350%2C200&ssl=1 1x, https:\/\/i0.wp.com\/kohenavocats.com\/wp-content\/uploads\/2024\/11\/getty-images-Sk9JF1KDz6M-unsplash.webp?resize=525%2C300&ssl=1 1.5x, https:\/\/i0.wp.com\/kohenavocats.com\/wp-content\/uploads\/2024\/11\/getty-images-Sk9JF1KDz6M-unsplash.webp?resize=700%2C400&ssl=1 2x, https:\/\/i0.wp.com\/kohenavocats.com\/wp-content\/uploads\/2024\/11\/getty-images-Sk9JF1KDz6M-unsplash.webp?resize=1050%2C600&ssl=1 3x, https:\/\/i0.wp.com\/kohenavocats.com\/wp-content\/uploads\/2024\/11\/getty-images-Sk9JF1KDz6M-unsplash.webp?resize=1400%2C800&ssl=1 4x"},"classes":[]},{"id":372107,"url":"https:\/\/kohenavocats.com\/pt-pt\/cour-dappel-de-bordeaux-le-2-decembre-2025-n23-02905\/","url_meta":{"origin":636165,"position":2},"title":"Cour d&#8217;appel de Bordeaux, le 2 d\u00e9cembre 2025, n\u00b023\/02905","author":"Kohen","date":"15 de Fevereiro, 2026","format":false,"excerpt":"La Cour d\u2019appel de Bordeaux, dans un arr\u00eat du 2 d\u00e9cembre 2025, se prononce sur un litige familial portant sur la liquidation d\u2019une succession et la...","rel":"","context":"In &quot;Cour d'appel&quot;","block_context":{"text":"Cour d'appel","link":"https:\/\/kohenavocats.com\/category\/cour-dappel\/"},"img":{"alt_text":"","src":"https:\/\/i0.wp.com\/kohenavocats.com\/wp-content\/uploads\/2024\/11\/getty-images-tv21aoxFzwY-unsplash.webp?resize=350%2C200&ssl=1","width":350,"height":200,"srcset":"https:\/\/i0.wp.com\/kohenavocats.com\/wp-content\/uploads\/2024\/11\/getty-images-tv21aoxFzwY-unsplash.webp?resize=350%2C200&ssl=1 1x, https:\/\/i0.wp.com\/kohenavocats.com\/wp-content\/uploads\/2024\/11\/getty-images-tv21aoxFzwY-unsplash.webp?resize=525%2C300&ssl=1 1.5x, https:\/\/i0.wp.com\/kohenavocats.com\/wp-content\/uploads\/2024\/11\/getty-images-tv21aoxFzwY-unsplash.webp?resize=700%2C400&ssl=1 2x, https:\/\/i0.wp.com\/kohenavocats.com\/wp-content\/uploads\/2024\/11\/getty-images-tv21aoxFzwY-unsplash.webp?resize=1050%2C600&ssl=1 3x, https:\/\/i0.wp.com\/kohenavocats.com\/wp-content\/uploads\/2024\/11\/getty-images-tv21aoxFzwY-unsplash.webp?resize=1400%2C800&ssl=1 4x"},"classes":[]},{"id":269108,"url":"https:\/\/kohenavocats.com\/pt-pt\/tribunal-judiciaire-de-besancon-le-30-juin-2025-n24-02005\/","url_meta":{"origin":636165,"position":3},"title":"Tribunal judiciaire de Besan\u00e7on, le 30 juin 2025, n\u00b024\/02005","author":"Kohen","date":"10 de Janeiro, 2026","format":false,"excerpt":"La d\u00e9cision comment\u00e9e \u00e9mane du Tribunal judiciaire de Besan\u00e7on, juge aux affaires familiales, en date du 30 juin 2025 (RG 24\/02005). Elle intervient dans le cadre d\u2019une demande de partage judiciaire d\u2019une indivision post-conjugale portant sur un immeuble, assortie de pr\u00e9tentions relatives \u00e0 la licitation, aux charges de propri\u00e9t\u00e9 et\u2026","rel":"","context":"In &quot;D\u00e9cisions juridiques&quot;","block_context":{"text":"D\u00e9cisions juridiques","link":"https:\/\/kohenavocats.com\/category\/decisions-juridiques\/"},"img":{"alt_text":"","src":"https:\/\/i0.wp.com\/kohenavocats.com\/wp-content\/uploads\/2024\/11\/getty-images-IixEkPUt3kU-unsplash.webp?resize=350%2C200&ssl=1","width":350,"height":200,"srcset":"https:\/\/i0.wp.com\/kohenavocats.com\/wp-content\/uploads\/2024\/11\/getty-images-IixEkPUt3kU-unsplash.webp?resize=350%2C200&ssl=1 1x, https:\/\/i0.wp.com\/kohenavocats.com\/wp-content\/uploads\/2024\/11\/getty-images-IixEkPUt3kU-unsplash.webp?resize=525%2C300&ssl=1 1.5x, https:\/\/i0.wp.com\/kohenavocats.com\/wp-content\/uploads\/2024\/11\/getty-images-IixEkPUt3kU-unsplash.webp?resize=700%2C400&ssl=1 2x, https:\/\/i0.wp.com\/kohenavocats.com\/wp-content\/uploads\/2024\/11\/getty-images-IixEkPUt3kU-unsplash.webp?resize=1050%2C600&ssl=1 3x, https:\/\/i0.wp.com\/kohenavocats.com\/wp-content\/uploads\/2024\/11\/getty-images-IixEkPUt3kU-unsplash.webp?resize=1400%2C800&ssl=1 4x"},"classes":[]},{"id":265647,"url":"https:\/\/kohenavocats.com\/pt-pt\/tribunal-judiciaire-de-rennes-le-27-juin-2025-n22-09222\/","url_meta":{"origin":636165,"position":4},"title":"Tribunal judiciaire de Rennes, le 27 juin 2025, n\u00b022\/09222","author":"Kohen","date":"10 de Janeiro, 2026","format":false,"excerpt":"Rendu par le Tribunal judiciaire de Rennes, juge aux affaires familiales, le 27 juin 2025, le jugement tranche un divorce contentieux. L\u2019instance a \u00e9t\u00e9 marqu\u00e9e par l\u2019\u00e9tablissement d\u2019un proc\u00e8s-verbal d\u2019acceptation du principe de la rupture, en date du 19 janvier 2023. L\u2019un des \u00e9poux sollicitait le prononc\u00e9 sur le fondement\u2026","rel":"","context":"In &quot;6923&quot;","block_context":{"text":"6923","link":"https:\/\/kohenavocats.com\/category\/6923\/"},"img":{"alt_text":"","src":"https:\/\/i0.wp.com\/kohenavocats.com\/wp-content\/uploads\/2024\/08\/kylie-paz-cbl1K6yJlDI-unsplash.webp?resize=350%2C200&ssl=1","width":350,"height":200,"srcset":"https:\/\/i0.wp.com\/kohenavocats.com\/wp-content\/uploads\/2024\/08\/kylie-paz-cbl1K6yJlDI-unsplash.webp?resize=350%2C200&ssl=1 1x, https:\/\/i0.wp.com\/kohenavocats.com\/wp-content\/uploads\/2024\/08\/kylie-paz-cbl1K6yJlDI-unsplash.webp?resize=525%2C300&ssl=1 1.5x, https:\/\/i0.wp.com\/kohenavocats.com\/wp-content\/uploads\/2024\/08\/kylie-paz-cbl1K6yJlDI-unsplash.webp?resize=700%2C400&ssl=1 2x, https:\/\/i0.wp.com\/kohenavocats.com\/wp-content\/uploads\/2024\/08\/kylie-paz-cbl1K6yJlDI-unsplash.webp?resize=1050%2C600&ssl=1 3x, https:\/\/i0.wp.com\/kohenavocats.com\/wp-content\/uploads\/2024\/08\/kylie-paz-cbl1K6yJlDI-unsplash.webp?resize=1400%2C800&ssl=1 4x"},"classes":[]}],"jetpack_sharing_enabled":true,"_links":{"self":[{"href":"https:\/\/kohenavocats.com\/pt-pt\/wp-json\/wp\/v2\/posts\/636165","targetHints":{"allow":["GET"]}}],"collection":[{"href":"https:\/\/kohenavocats.com\/pt-pt\/wp-json\/wp\/v2\/posts"}],"about":[{"href":"https:\/\/kohenavocats.com\/pt-pt\/wp-json\/wp\/v2\/types\/post"}],"author":[{"embeddable":true,"href":"https:\/\/kohenavocats.com\/pt-pt\/wp-json\/wp\/v2\/users\/232070755"}],"replies":[{"embeddable":true,"href":"https:\/\/kohenavocats.com\/pt-pt\/wp-json\/wp\/v2\/comments?post=636165"}],"version-history":[{"count":0,"href":"https:\/\/kohenavocats.com\/pt-pt\/wp-json\/wp\/v2\/posts\/636165\/revisions"}],"wp:featuredmedia":[{"embeddable":true,"href":"https:\/\/kohenavocats.com\/pt-pt\/wp-json\/wp\/v2\/media\/4774"}],"wp:attachment":[{"href":"https:\/\/kohenavocats.com\/pt-pt\/wp-json\/wp\/v2\/media?parent=636165"}],"wp:term":[{"taxonomy":"category","embeddable":true,"href":"https:\/\/kohenavocats.com\/pt-pt\/wp-json\/wp\/v2\/categories?post=636165"},{"taxonomy":"post_tag","embeddable":true,"href":"https:\/\/kohenavocats.com\/pt-pt\/wp-json\/wp\/v2\/tags?post=636165"}],"curies":[{"name":"wp","href":"https:\/\/api.w.org\/{rel}","templated":true}]}}