{"id":640599,"date":"2026-04-21T21:57:06","date_gmt":"2026-04-21T19:57:06","guid":{"rendered":"https:\/\/kohenavocats.com\/cour-dappel-le-25-fevrier-2025-n24-02444\/"},"modified":"2026-04-21T21:57:06","modified_gmt":"2026-04-21T19:57:06","slug":"cour-dappel-le-25-fevrier-2025-n24-02444","status":"publish","type":"post","link":"https:\/\/kohenavocats.com\/pt-pt\/cour-dappel-le-25-fevrier-2025-n24-02444\/","title":{"rendered":"Cour d&#8217;appel, le 25 f\u00e9vrier 2025, n\u00b024\/02444"},"content":{"rendered":"<div class=\"article-content\">\n<p>La cour d&#8217;appel, statuant le 25 f\u00e9vrier 2025, examine une action en responsabilit\u00e9 contractuelle dirig\u00e9e contre un avocat. La requ\u00e9rante reprochait \u00e0 son conseil plusieurs manquements dans la conduite d&#8217;un litige prud&#8217;homal. La juridiction retient une faute proc\u00e9durale ayant caus\u00e9 une perte de chance et d\u00e9termine l&#8217;indemnisation correspondante apr\u00e8s une reconstitution fictive de l&#8217;appel.<\/p>\n<p>La faute retenue et le pr\u00e9judice indemnisable<br \/>\nLa caract\u00e9risation de la faute professionnelle<br \/>\nL&#8217;avocat est tenu d&#8217;une obligation de diligence et de comp\u00e9tence dans la d\u00e9fense des int\u00e9r\u00eats de son client. Le manquement aux r\u00e8gles proc\u00e9durales \u00e9tablies constitue une faute \u00e0 cet \u00e9gard. La cour constate que le conseil n&#8217;a pas respect\u00e9 le d\u00e9lai l\u00e9gal pour le d\u00e9p\u00f4t des conclusions en appel. &#8220;Ce manquement est constitutif d&#8217;une faute commise par [l&#8217;avocat] qui, en sa qualit\u00e9 de professionnel du droit, ne peut ignorer la proc\u00e9dure et les d\u00e9lais \u00e0 respecter&#8221; (Motifs). Ce manquement a directement entra\u00een\u00e9 la caducit\u00e9 de la d\u00e9claration d&#8217;appel, causant ainsi un pr\u00e9judice certain.<\/p>\n<p>La n\u00e9cessaire d\u00e9monstration d&#8217;un lien de causalit\u00e9<br \/>\nLa responsabilit\u00e9 civile de l&#8217;avocat n&#8217;est engag\u00e9e qu&#8217;en cas de pr\u00e9judice directement caus\u00e9 par la faute. La perte d&#8217;une chance de voir prosp\u00e9rer un recours constitue un tel pr\u00e9judice. La cour pr\u00e9cise que &#8220;le pr\u00e9judice subi par la requ\u00e9rante ne peut \u00eatre constitu\u00e9 que par une perte de chance d&#8217;obtenir une d\u00e9cision plus favorable de la cour d&#8217;appel&#8221; (Motifs). L&#8217;absence de d\u00e9monstration d&#8217;un pr\u00e9judice li\u00e9 \u00e0 d&#8217;autres manquements all\u00e9gu\u00e9s, comme la communication tardive de conclusions adverses, conduit \u00e0 les \u00e9carter.<\/p>\n<p>La m\u00e9thode d&#8217;\u00e9valuation de la perte de chance<br \/>\nLa reconstitution fictive de la proc\u00e9dure perdue<br \/>\nL&#8217;\u00e9valuation de la chance perdue n\u00e9cessite une appr\u00e9ciation in concreto des m\u00e9rites du recours. La cour proc\u00e8de \u00e0 une analyse prospective des arguments qui auraient pu \u00eatre pr\u00e9sent\u00e9s. &#8220;L&#8217;appr\u00e9ciation de la chance perdue n\u00e9cessite de reconstituer fictivement, au vu des conclusions des parties et des pi\u00e8ces produites au d\u00e9bat, la discussion qui aurait pu s&#8217;instaurer&#8221; (Motifs). Cette m\u00e9thode rejoint celle pr\u00e9conis\u00e9e par une jurisprudence ant\u00e9rieure qui indique que &#8220;le juge doit reconstituer la discussion qui aurait eu lieu devant la juridiction concern\u00e9e afin de d\u00e9terminer ses chances de succ\u00e8s&#8221; (Cour d&#8217;appel, le 25 f\u00e9vrier 2025, n\u00b021\/01545).<\/p>\n<p>La quantification proportionnelle de l&#8217;indemnisation<br \/>\nApr\u00e8s examen du fonds du litige, la cour \u00e9value le bien-fond\u00e9 partiel des pr\u00e9tentions initiales. Elle estime le montant hypoth\u00e9tique du gain en appel avant d&#8217;y appliquer un taux de chance. &#8220;La cour \u00e9value \u00e0 10% la perte de chance d&#8217;obtenir gain de cause en appel&#8221; (Motifs). L&#8217;indemnisation finale, fix\u00e9e \u00e0 3 636 euros, repr\u00e9sente donc une fraction du pr\u00e9judice total, conform\u00e9ment au principe selon lequel la r\u00e9paration &#8220;doit \u00eatre mesur\u00e9e \u00e0 la chance perdue sans pouvoir \u00eatre \u00e9gale \u00e0 l&#8217;avantage&#8221; (Motifs). Cette d\u00e9cision rappelle l&#8217;exigence de diligence, un manquement \u00e0 cette obligation engageant clairement la responsabilit\u00e9 du professionnel.<\/p>\n<\/div>\n","protected":false},"excerpt":{"rendered":"<p>La cour d&#8217;appel, statuant le 25 f\u00e9vrier 2025, examine une action en responsabilit\u00e9 contractuelle dirig\u00e9e contre un avocat. La requ\u00e9rante reprochait \u00e0 son con&#8230;<\/p>\n","protected":false},"author":232070755,"featured_media":9705,"comment_status":"open","ping_status":"open","sticky":false,"template":"","format":"standard","meta":{"_crdt_document":"","_jetpack_newsletter_access":"","_jetpack_dont_email_post_to_subs":false,"_jetpack_newsletter_tier_id":0,"_jetpack_memberships_contains_paywalled_content":false,"_kj_source_type":"judilibre","_kj_official_id":"68e897ed6d821fc8a3c655c0","_kj_official_url":"https:\/\/www.courdecassation.fr\/decision\/68e897ed6d821fc8a3c655c0","_kj_judilibre_id":"68e897ed6d821fc8a3c655c0","_kj_jur":"Cour d'appel","_kj_lieu":"Cour d'appel de Douai","_kj_chambre":"TROISIEME CHAMBRE","_kj_rg":"24\/02444","_kj_date":"2025-10-09","_jetpack_memberships_contains_paid_content":false,"footnotes":"","jetpack_post_was_ever_published":false},"categories":[7597],"tags":[],"class_list":["post-640599","post","type-post","status-publish","format-standard","has-post-thumbnail","hentry","category-jurisprudence"],"yoast_head":"<!-- This site is optimized with the Yoast SEO Premium plugin v27.5 (Yoast SEO v27.5) - https:\/\/yoast.com\/product\/yoast-seo-premium-wordpress\/ -->\n<title>Cour d&#039;appel, le 25 f\u00e9vrier 2025, n\u00b024\/02444 - Ma\u00eetre Hassan Kohen, avocat en droit p\u00e9nal \u00e0 Paris<\/title>\n<meta name=\"description\" content=\"La cour d&#039;appel, statuant le 25 f\u00e9vrier 2025, examine une action en responsabilit\u00e9 contractuelle dirig\u00e9e contre un avocat. La requ\u00e9rante reprochait \u00e0 son con...\" \/>\n<meta name=\"robots\" content=\"index, follow, max-snippet:-1, max-image-preview:large, max-video-preview:-1\" \/>\n<link rel=\"canonical\" href=\"https:\/\/kohenavocats.com\/pt-pt\/cour-dappel-le-25-fevrier-2025-n24-02444\/\" \/>\n<meta property=\"og:locale\" content=\"pt_PT\" \/>\n<meta property=\"og:type\" content=\"article\" \/>\n<meta property=\"og:title\" content=\"Cour d&#039;appel, le 25 f\u00e9vrier 2025, n\u00b024\/02444\" \/>\n<meta property=\"og:description\" content=\"La cour d&#039;appel, statuant le 25 f\u00e9vrier 2025, examine une action en responsabilit\u00e9 contractuelle dirig\u00e9e contre un avocat. La requ\u00e9rante reprochait \u00e0 son con...\" \/>\n<meta property=\"og:url\" content=\"https:\/\/kohenavocats.com\/pt-pt\/cour-dappel-le-25-fevrier-2025-n24-02444\/\" \/>\n<meta property=\"og:site_name\" content=\"Ma\u00eetre Hassan Kohen, avocat en droit p\u00e9nal \u00e0 Paris\" \/>\n<meta property=\"article:published_time\" content=\"2026-04-21T19:57:06+00:00\" \/>\n<meta property=\"og:image\" content=\"https:\/\/kohenavocats.com\/wp-content\/uploads\/2024\/11\/sarah-penney-NJk-fi1gyOY-unsplash.webp\" \/>\n\t<meta property=\"og:image:width\" content=\"5508\" \/>\n\t<meta property=\"og:image:height\" content=\"3504\" \/>\n\t<meta property=\"og:image:type\" content=\"image\/webp\" \/>\n<meta name=\"author\" content=\"Kohen\" \/>\n<meta name=\"twitter:card\" content=\"summary_large_image\" \/>\n<meta name=\"twitter:label1\" content=\"Escrito por\" \/>\n\t<meta name=\"twitter:data1\" content=\"Kohen\" \/>\n\t<meta name=\"twitter:label2\" content=\"Tempo estimado de leitura\" \/>\n\t<meta name=\"twitter:data2\" content=\"3 minutos\" \/>\n<script type=\"application\/ld+json\" class=\"yoast-schema-graph\">{\"@context\":\"https:\\\/\\\/schema.org\",\"@graph\":[{\"@type\":\"Article\",\"@id\":\"https:\\\/\\\/kohenavocats.com\\\/pt-pt\\\/cour-dappel-le-25-fevrier-2025-n24-02444\\\/#article\",\"isPartOf\":{\"@id\":\"https:\\\/\\\/kohenavocats.com\\\/pt-pt\\\/cour-dappel-le-25-fevrier-2025-n24-02444\\\/\"},\"author\":{\"name\":\"Kohen\",\"@id\":\"https:\\\/\\\/kohenavocats.com\\\/pt-pt\\\/#\\\/schema\\\/person\\\/761c9ba54fa1ca84d405cef0831ff751\"},\"headline\":\"Cour d&#8217;appel, le 25 f\u00e9vrier 2025, n\u00b024\\\/02444\",\"datePublished\":\"2026-04-21T19:57:06+00:00\",\"mainEntityOfPage\":{\"@id\":\"https:\\\/\\\/kohenavocats.com\\\/pt-pt\\\/cour-dappel-le-25-fevrier-2025-n24-02444\\\/\"},\"wordCount\":550,\"commentCount\":0,\"publisher\":{\"@id\":\"https:\\\/\\\/kohenavocats.com\\\/pt-pt\\\/#organization\"},\"image\":{\"@id\":\"https:\\\/\\\/kohenavocats.com\\\/pt-pt\\\/cour-dappel-le-25-fevrier-2025-n24-02444\\\/#primaryimage\"},\"thumbnailUrl\":\"https:\\\/\\\/kohenavocats.com\\\/wp-content\\\/uploads\\\/2024\\\/11\\\/sarah-penney-NJk-fi1gyOY-unsplash.webp\",\"articleSection\":[\"Jurisprudence\"],\"inLanguage\":\"pt-PT\",\"potentialAction\":[{\"@type\":\"CommentAction\",\"name\":\"Comment\",\"target\":[\"https:\\\/\\\/kohenavocats.com\\\/pt-pt\\\/cour-dappel-le-25-fevrier-2025-n24-02444\\\/#respond\"]}],\"citation\":\"Cour d&#8217;appel, le 25 f\u00e9vrier 2025, n\u00b024\\\/02444\",\"about\":[{\"@type\":\"Thing\",\"name\":\"Jurisprudence\"}],\"dateModified\":\"2026-04-21T19:57:06+00:00\",\"speakable\":{\"@type\":\"SpeakableSpecification\",\"cssSelector\":[\".article-content > p:first-of-type\"]}},{\"@type\":\"WebPage\",\"@id\":\"https:\\\/\\\/kohenavocats.com\\\/pt-pt\\\/cour-dappel-le-25-fevrier-2025-n24-02444\\\/\",\"url\":\"https:\\\/\\\/kohenavocats.com\\\/pt-pt\\\/cour-dappel-le-25-fevrier-2025-n24-02444\\\/\",\"name\":\"Cour d'appel, le 25 f\u00e9vrier 2025, n\u00b024\\\/02444 - Ma\u00eetre Hassan Kohen, avocat en droit p\u00e9nal \u00e0 Paris\",\"isPartOf\":{\"@id\":\"https:\\\/\\\/kohenavocats.com\\\/pt-pt\\\/#website\"},\"primaryImageOfPage\":{\"@id\":\"https:\\\/\\\/kohenavocats.com\\\/pt-pt\\\/cour-dappel-le-25-fevrier-2025-n24-02444\\\/#primaryimage\"},\"image\":{\"@id\":\"https:\\\/\\\/kohenavocats.com\\\/pt-pt\\\/cour-dappel-le-25-fevrier-2025-n24-02444\\\/#primaryimage\"},\"thumbnailUrl\":\"https:\\\/\\\/kohenavocats.com\\\/wp-content\\\/uploads\\\/2024\\\/11\\\/sarah-penney-NJk-fi1gyOY-unsplash.webp\",\"datePublished\":\"2026-04-21T19:57:06+00:00\",\"description\":\"La cour d'appel, statuant le 25 f\u00e9vrier 2025, examine une action en responsabilit\u00e9 contractuelle dirig\u00e9e contre un avocat. La requ\u00e9rante reprochait \u00e0 son con...\",\"breadcrumb\":{\"@id\":\"https:\\\/\\\/kohenavocats.com\\\/pt-pt\\\/cour-dappel-le-25-fevrier-2025-n24-02444\\\/#breadcrumb\"},\"inLanguage\":\"pt-PT\",\"potentialAction\":[{\"@type\":\"ReadAction\",\"target\":[\"https:\\\/\\\/kohenavocats.com\\\/pt-pt\\\/cour-dappel-le-25-fevrier-2025-n24-02444\\\/\"]}]},{\"@type\":\"ImageObject\",\"inLanguage\":\"pt-PT\",\"@id\":\"https:\\\/\\\/kohenavocats.com\\\/pt-pt\\\/cour-dappel-le-25-fevrier-2025-n24-02444\\\/#primaryimage\",\"url\":\"https:\\\/\\\/kohenavocats.com\\\/wp-content\\\/uploads\\\/2024\\\/11\\\/sarah-penney-NJk-fi1gyOY-unsplash.webp\",\"contentUrl\":\"https:\\\/\\\/kohenavocats.com\\\/wp-content\\\/uploads\\\/2024\\\/11\\\/sarah-penney-NJk-fi1gyOY-unsplash.webp\",\"width\":5508,\"height\":3504},{\"@type\":\"BreadcrumbList\",\"@id\":\"https:\\\/\\\/kohenavocats.com\\\/pt-pt\\\/cour-dappel-le-25-fevrier-2025-n24-02444\\\/#breadcrumb\",\"itemListElement\":[{\"@type\":\"ListItem\",\"position\":1,\"name\":\"Home\",\"item\":\"https:\\\/\\\/kohenavocats.com\\\/pt-pt\\\/avocats-en-droit-penal-a-paris-conseil-et-defense-strategique\\\/\"},{\"@type\":\"ListItem\",\"position\":2,\"name\":\"Cour d&rsquo;appel, le 25 f\u00e9vrier 2025, n\u00b024\\\/02444\"}]},{\"@type\":\"WebSite\",\"@id\":\"https:\\\/\\\/kohenavocats.com\\\/pt-pt\\\/#website\",\"url\":\"https:\\\/\\\/kohenavocats.com\\\/pt-pt\\\/\",\"name\":\"Kohen Avocats\",\"description\":\"Ma\u00eetre Hassan Kohen, avocat p\u00e9naliste \u00e0 Paris, intervient exclusivement en droit p\u00e9nal pour la d\u00e9fense des particuliers, notamment en mati\u00e8re d\u2019accusations de viol. Il assure un accompagnement rigoureux d\u00e8s la garde \u00e0 vue jusqu\u2019\u00e0 la Cour d\u2019assises, veillant au strict respect des garanties proc\u00e9durales.\",\"publisher\":{\"@id\":\"https:\\\/\\\/kohenavocats.com\\\/pt-pt\\\/#organization\"},\"potentialAction\":[{\"@type\":\"SearchAction\",\"target\":{\"@type\":\"EntryPoint\",\"urlTemplate\":\"https:\\\/\\\/kohenavocats.com\\\/pt-pt\\\/?s={search_term_string}\"},\"query-input\":{\"@type\":\"PropertyValueSpecification\",\"valueRequired\":true,\"valueName\":\"search_term_string\"}}],\"inLanguage\":\"pt-PT\"},{\"@type\":\"Organization\",\"@id\":\"https:\\\/\\\/kohenavocats.com\\\/pt-pt\\\/#organization\",\"name\":\"Kohen Avocats\",\"url\":\"https:\\\/\\\/kohenavocats.com\\\/pt-pt\\\/\",\"logo\":{\"@type\":\"ImageObject\",\"inLanguage\":\"pt-PT\",\"@id\":\"https:\\\/\\\/kohenavocats.com\\\/pt-pt\\\/#\\\/schema\\\/logo\\\/image\\\/\",\"url\":\"https:\\\/\\\/kohenavocats.com\\\/wp-content\\\/uploads\\\/2026\\\/01\\\/Logo-2-1.webp\",\"contentUrl\":\"https:\\\/\\\/kohenavocats.com\\\/wp-content\\\/uploads\\\/2026\\\/01\\\/Logo-2-1.webp\",\"width\":2114,\"height\":1253,\"caption\":\"Kohen Avocats\"},\"image\":{\"@id\":\"https:\\\/\\\/kohenavocats.com\\\/pt-pt\\\/#\\\/schema\\\/logo\\\/image\\\/\"}},{\"@type\":\"Person\",\"@id\":\"https:\\\/\\\/kohenavocats.com\\\/pt-pt\\\/#\\\/schema\\\/person\\\/761c9ba54fa1ca84d405cef0831ff751\",\"name\":\"Kohen\",\"image\":{\"@type\":\"ImageObject\",\"inLanguage\":\"pt-PT\",\"@id\":\"https:\\\/\\\/secure.gravatar.com\\\/avatar\\\/1c5e76ef76bbbfdd2b4da984e2bf2fa4056fd51a27d25ce2c332047f1dfd6e00?s=96&d=identicon&r=g\",\"url\":\"https:\\\/\\\/secure.gravatar.com\\\/avatar\\\/1c5e76ef76bbbfdd2b4da984e2bf2fa4056fd51a27d25ce2c332047f1dfd6e00?s=96&d=identicon&r=g\",\"contentUrl\":\"https:\\\/\\\/secure.gravatar.com\\\/avatar\\\/1c5e76ef76bbbfdd2b4da984e2bf2fa4056fd51a27d25ce2c332047f1dfd6e00?s=96&d=identicon&r=g\",\"caption\":\"Kohen\"},\"sameAs\":[\"https:\\\/\\\/www.linkedin.com\\\/in\\\/hassan-kohen-448548192\\\/\",\"https:\\\/\\\/www.youtube.com\\\/@Kohen-Avocats\"],\"url\":\"https:\\\/\\\/kohenavocats.com\\\/pt-pt\\\/author\\\/kohenmlk\\\/\"}]}<\/script>\n<!-- \/ Yoast SEO Premium plugin. -->","yoast_head_json":{"title":"Cour d'appel, le 25 f\u00e9vrier 2025, n\u00b024\/02444 - Ma\u00eetre Hassan Kohen, avocat en droit p\u00e9nal \u00e0 Paris","description":"La cour d'appel, statuant le 25 f\u00e9vrier 2025, examine une action en responsabilit\u00e9 contractuelle dirig\u00e9e contre un avocat. La requ\u00e9rante reprochait \u00e0 son con...","robots":{"index":"index","follow":"follow","max-snippet":"max-snippet:-1","max-image-preview":"max-image-preview:large","max-video-preview":"max-video-preview:-1"},"canonical":"https:\/\/kohenavocats.com\/pt-pt\/cour-dappel-le-25-fevrier-2025-n24-02444\/","og_locale":"pt_PT","og_type":"article","og_title":"Cour d'appel, le 25 f\u00e9vrier 2025, n\u00b024\/02444","og_description":"La cour d'appel, statuant le 25 f\u00e9vrier 2025, examine une action en responsabilit\u00e9 contractuelle dirig\u00e9e contre un avocat. La requ\u00e9rante reprochait \u00e0 son con...","og_url":"https:\/\/kohenavocats.com\/pt-pt\/cour-dappel-le-25-fevrier-2025-n24-02444\/","og_site_name":"Ma\u00eetre Hassan Kohen, avocat en droit p\u00e9nal \u00e0 Paris","article_published_time":"2026-04-21T19:57:06+00:00","og_image":[{"width":5508,"height":3504,"url":"https:\/\/kohenavocats.com\/wp-content\/uploads\/2024\/11\/sarah-penney-NJk-fi1gyOY-unsplash.webp","type":"image\/webp"}],"author":"Kohen","twitter_card":"summary_large_image","twitter_misc":{"Escrito por":"Kohen","Tempo estimado de leitura":"3 minutos"},"schema":{"@context":"https:\/\/schema.org","@graph":[{"@type":"Article","@id":"https:\/\/kohenavocats.com\/pt-pt\/cour-dappel-le-25-fevrier-2025-n24-02444\/#article","isPartOf":{"@id":"https:\/\/kohenavocats.com\/pt-pt\/cour-dappel-le-25-fevrier-2025-n24-02444\/"},"author":{"name":"Kohen","@id":"https:\/\/kohenavocats.com\/pt-pt\/#\/schema\/person\/761c9ba54fa1ca84d405cef0831ff751"},"headline":"Cour d&#8217;appel, le 25 f\u00e9vrier 2025, n\u00b024\/02444","datePublished":"2026-04-21T19:57:06+00:00","mainEntityOfPage":{"@id":"https:\/\/kohenavocats.com\/pt-pt\/cour-dappel-le-25-fevrier-2025-n24-02444\/"},"wordCount":550,"commentCount":0,"publisher":{"@id":"https:\/\/kohenavocats.com\/pt-pt\/#organization"},"image":{"@id":"https:\/\/kohenavocats.com\/pt-pt\/cour-dappel-le-25-fevrier-2025-n24-02444\/#primaryimage"},"thumbnailUrl":"https:\/\/kohenavocats.com\/wp-content\/uploads\/2024\/11\/sarah-penney-NJk-fi1gyOY-unsplash.webp","articleSection":["Jurisprudence"],"inLanguage":"pt-PT","potentialAction":[{"@type":"CommentAction","name":"Comment","target":["https:\/\/kohenavocats.com\/pt-pt\/cour-dappel-le-25-fevrier-2025-n24-02444\/#respond"]}],"citation":"Cour d&#8217;appel, le 25 f\u00e9vrier 2025, n\u00b024\/02444","about":[{"@type":"Thing","name":"Jurisprudence"}],"dateModified":"2026-04-21T19:57:06+00:00","speakable":{"@type":"SpeakableSpecification","cssSelector":[".article-content > p:first-of-type"]}},{"@type":"WebPage","@id":"https:\/\/kohenavocats.com\/pt-pt\/cour-dappel-le-25-fevrier-2025-n24-02444\/","url":"https:\/\/kohenavocats.com\/pt-pt\/cour-dappel-le-25-fevrier-2025-n24-02444\/","name":"Cour d'appel, le 25 f\u00e9vrier 2025, n\u00b024\/02444 - Ma\u00eetre Hassan Kohen, avocat en droit p\u00e9nal \u00e0 Paris","isPartOf":{"@id":"https:\/\/kohenavocats.com\/pt-pt\/#website"},"primaryImageOfPage":{"@id":"https:\/\/kohenavocats.com\/pt-pt\/cour-dappel-le-25-fevrier-2025-n24-02444\/#primaryimage"},"image":{"@id":"https:\/\/kohenavocats.com\/pt-pt\/cour-dappel-le-25-fevrier-2025-n24-02444\/#primaryimage"},"thumbnailUrl":"https:\/\/kohenavocats.com\/wp-content\/uploads\/2024\/11\/sarah-penney-NJk-fi1gyOY-unsplash.webp","datePublished":"2026-04-21T19:57:06+00:00","description":"La cour d'appel, statuant le 25 f\u00e9vrier 2025, examine une action en responsabilit\u00e9 contractuelle dirig\u00e9e contre un avocat. La requ\u00e9rante reprochait \u00e0 son con...","breadcrumb":{"@id":"https:\/\/kohenavocats.com\/pt-pt\/cour-dappel-le-25-fevrier-2025-n24-02444\/#breadcrumb"},"inLanguage":"pt-PT","potentialAction":[{"@type":"ReadAction","target":["https:\/\/kohenavocats.com\/pt-pt\/cour-dappel-le-25-fevrier-2025-n24-02444\/"]}]},{"@type":"ImageObject","inLanguage":"pt-PT","@id":"https:\/\/kohenavocats.com\/pt-pt\/cour-dappel-le-25-fevrier-2025-n24-02444\/#primaryimage","url":"https:\/\/kohenavocats.com\/wp-content\/uploads\/2024\/11\/sarah-penney-NJk-fi1gyOY-unsplash.webp","contentUrl":"https:\/\/kohenavocats.com\/wp-content\/uploads\/2024\/11\/sarah-penney-NJk-fi1gyOY-unsplash.webp","width":5508,"height":3504},{"@type":"BreadcrumbList","@id":"https:\/\/kohenavocats.com\/pt-pt\/cour-dappel-le-25-fevrier-2025-n24-02444\/#breadcrumb","itemListElement":[{"@type":"ListItem","position":1,"name":"Home","item":"https:\/\/kohenavocats.com\/pt-pt\/avocats-en-droit-penal-a-paris-conseil-et-defense-strategique\/"},{"@type":"ListItem","position":2,"name":"Cour d&rsquo;appel, le 25 f\u00e9vrier 2025, n\u00b024\/02444"}]},{"@type":"WebSite","@id":"https:\/\/kohenavocats.com\/pt-pt\/#website","url":"https:\/\/kohenavocats.com\/pt-pt\/","name":"Kohen Avocats","description":"Ma\u00eetre Hassan Kohen, avocat p\u00e9naliste \u00e0 Paris, intervient exclusivement en droit p\u00e9nal pour la d\u00e9fense des particuliers, notamment en mati\u00e8re d\u2019accusations de viol. Il assure un accompagnement rigoureux d\u00e8s la garde \u00e0 vue jusqu\u2019\u00e0 la Cour d\u2019assises, veillant au strict respect des garanties proc\u00e9durales.","publisher":{"@id":"https:\/\/kohenavocats.com\/pt-pt\/#organization"},"potentialAction":[{"@type":"SearchAction","target":{"@type":"EntryPoint","urlTemplate":"https:\/\/kohenavocats.com\/pt-pt\/?s={search_term_string}"},"query-input":{"@type":"PropertyValueSpecification","valueRequired":true,"valueName":"search_term_string"}}],"inLanguage":"pt-PT"},{"@type":"Organization","@id":"https:\/\/kohenavocats.com\/pt-pt\/#organization","name":"Kohen Avocats","url":"https:\/\/kohenavocats.com\/pt-pt\/","logo":{"@type":"ImageObject","inLanguage":"pt-PT","@id":"https:\/\/kohenavocats.com\/pt-pt\/#\/schema\/logo\/image\/","url":"https:\/\/kohenavocats.com\/wp-content\/uploads\/2026\/01\/Logo-2-1.webp","contentUrl":"https:\/\/kohenavocats.com\/wp-content\/uploads\/2026\/01\/Logo-2-1.webp","width":2114,"height":1253,"caption":"Kohen Avocats"},"image":{"@id":"https:\/\/kohenavocats.com\/pt-pt\/#\/schema\/logo\/image\/"}},{"@type":"Person","@id":"https:\/\/kohenavocats.com\/pt-pt\/#\/schema\/person\/761c9ba54fa1ca84d405cef0831ff751","name":"Kohen","image":{"@type":"ImageObject","inLanguage":"pt-PT","@id":"https:\/\/secure.gravatar.com\/avatar\/1c5e76ef76bbbfdd2b4da984e2bf2fa4056fd51a27d25ce2c332047f1dfd6e00?s=96&d=identicon&r=g","url":"https:\/\/secure.gravatar.com\/avatar\/1c5e76ef76bbbfdd2b4da984e2bf2fa4056fd51a27d25ce2c332047f1dfd6e00?s=96&d=identicon&r=g","contentUrl":"https:\/\/secure.gravatar.com\/avatar\/1c5e76ef76bbbfdd2b4da984e2bf2fa4056fd51a27d25ce2c332047f1dfd6e00?s=96&d=identicon&r=g","caption":"Kohen"},"sameAs":["https:\/\/www.linkedin.com\/in\/hassan-kohen-448548192\/","https:\/\/www.youtube.com\/@Kohen-Avocats"],"url":"https:\/\/kohenavocats.com\/pt-pt\/author\/kohenmlk\/"}]}},"jetpack_featured_media_url":"https:\/\/kohenavocats.com\/wp-content\/uploads\/2024\/11\/sarah-penney-NJk-fi1gyOY-unsplash.webp","jetpack_likes_enabled":false,"jetpack_shortlink":"https:\/\/wp.me\/peCrII-2GEf","jetpack-related-posts":[{"id":477842,"url":"https:\/\/kohenavocats.com\/pt-pt\/tribunal-judiciaire-le-25-fevrier-2025-n24-01104\/","url_meta":{"origin":640599,"position":0},"title":"Tribunal judiciaire, le 25 f\u00e9vrier 2025, n\u00b024\/01104","author":"Kohen","date":"7 de Abril, 2026","format":false,"excerpt":"Le tribunal judiciaire, dans un jugement du 25 f\u00e9vrier 2025, examine une action en responsabilit\u00e9 dirig\u00e9e contre un avocat pour manquements pr\u00e9sum\u00e9s dans la ...","rel":"","context":"In &quot;Jurisprudence&quot;","block_context":{"text":"Jurisprudence","link":"https:\/\/kohenavocats.com\/category\/jurisprudence\/"},"img":{"alt_text":"","src":"https:\/\/i0.wp.com\/kohenavocats.com\/wp-content\/uploads\/2024\/11\/pawel-czerwinski-lH8vmlCC1JU-unsplash.webp?resize=350%2C200&ssl=1","width":350,"height":200,"srcset":"https:\/\/i0.wp.com\/kohenavocats.com\/wp-content\/uploads\/2024\/11\/pawel-czerwinski-lH8vmlCC1JU-unsplash.webp?resize=350%2C200&ssl=1 1x, https:\/\/i0.wp.com\/kohenavocats.com\/wp-content\/uploads\/2024\/11\/pawel-czerwinski-lH8vmlCC1JU-unsplash.webp?resize=525%2C300&ssl=1 1.5x, https:\/\/i0.wp.com\/kohenavocats.com\/wp-content\/uploads\/2024\/11\/pawel-czerwinski-lH8vmlCC1JU-unsplash.webp?resize=700%2C400&ssl=1 2x, https:\/\/i0.wp.com\/kohenavocats.com\/wp-content\/uploads\/2024\/11\/pawel-czerwinski-lH8vmlCC1JU-unsplash.webp?resize=1050%2C600&ssl=1 3x, https:\/\/i0.wp.com\/kohenavocats.com\/wp-content\/uploads\/2024\/11\/pawel-czerwinski-lH8vmlCC1JU-unsplash.webp?resize=1400%2C800&ssl=1 4x"},"classes":[]},{"id":419072,"url":"https:\/\/kohenavocats.com\/pt-pt\/cour-dappel-de-paris-le-7-fevrier-2012-n10-16262\/","url_meta":{"origin":640599,"position":1},"title":"Cour d&#8217;appel de Paris, le 7 f\u00e9vrier 2012, n\u00b010\/16262","author":"Kohen","date":"22 de Mar\u00e7o, 2026","format":false,"excerpt":"La Cour d\u2019appel de Paris, dans un arr\u00eat du 7 f\u00e9vrier 2012, se prononce sur la responsabilit\u00e9 civile professionnelle d\u2019une soci\u00e9t\u00e9 d\u2019avocats. Un n\u00e9gociant international avait confi\u00e9 le recouvrement de cr\u00e9ances impay\u00e9es \u00e0 cette soci\u00e9t\u00e9. L\u2019avocat n\u2019avait pas engag\u00e9 en temps utile une action contre le transporteur maritime, faute d\u2019avoir\u2026","rel":"","context":"In &quot;Cour d'appel&quot;","block_context":{"text":"Cour d'appel","link":"https:\/\/kohenavocats.com\/category\/cour-dappel\/"},"img":{"alt_text":"","src":"https:\/\/i0.wp.com\/kohenavocats.com\/wp-content\/uploads\/2024\/08\/leyre-Th2MisvdKr0-unsplash.webp?resize=350%2C200&ssl=1","width":350,"height":200,"srcset":"https:\/\/i0.wp.com\/kohenavocats.com\/wp-content\/uploads\/2024\/08\/leyre-Th2MisvdKr0-unsplash.webp?resize=350%2C200&ssl=1 1x, https:\/\/i0.wp.com\/kohenavocats.com\/wp-content\/uploads\/2024\/08\/leyre-Th2MisvdKr0-unsplash.webp?resize=525%2C300&ssl=1 1.5x, https:\/\/i0.wp.com\/kohenavocats.com\/wp-content\/uploads\/2024\/08\/leyre-Th2MisvdKr0-unsplash.webp?resize=700%2C400&ssl=1 2x, https:\/\/i0.wp.com\/kohenavocats.com\/wp-content\/uploads\/2024\/08\/leyre-Th2MisvdKr0-unsplash.webp?resize=1050%2C600&ssl=1 3x, https:\/\/i0.wp.com\/kohenavocats.com\/wp-content\/uploads\/2024\/08\/leyre-Th2MisvdKr0-unsplash.webp?resize=1400%2C800&ssl=1 4x"},"classes":[]},{"id":483829,"url":"https:\/\/kohenavocats.com\/pt-pt\/tribunal-judiciaire-de-poitiers-le-25-novembre-2025-n23-01793\/","url_meta":{"origin":640599,"position":2},"title":"Tribunal judiciaire de Poitiers, le 25 novembre 2025, n\u00b023\/01793","author":"Kohen","date":"8 de Abril, 2026","format":false,"excerpt":"Le tribunal judiciaire de Poitiers, premi\u00e8re chambre civile, le 25 novembre 2025, statue sur une action en responsabilit\u00e9 civile professionnelle intent\u00e9e par...","rel":"","context":"In &quot;Jurisprudence&quot;","block_context":{"text":"Jurisprudence","link":"https:\/\/kohenavocats.com\/category\/jurisprudence\/"},"img":{"alt_text":"","src":"https:\/\/i0.wp.com\/kohenavocats.com\/wp-content\/uploads\/2024\/11\/allison-saeng-kwkyNij4b64-unsplash.webp?resize=350%2C200&ssl=1","width":350,"height":200,"srcset":"https:\/\/i0.wp.com\/kohenavocats.com\/wp-content\/uploads\/2024\/11\/allison-saeng-kwkyNij4b64-unsplash.webp?resize=350%2C200&ssl=1 1x, https:\/\/i0.wp.com\/kohenavocats.com\/wp-content\/uploads\/2024\/11\/allison-saeng-kwkyNij4b64-unsplash.webp?resize=525%2C300&ssl=1 1.5x, https:\/\/i0.wp.com\/kohenavocats.com\/wp-content\/uploads\/2024\/11\/allison-saeng-kwkyNij4b64-unsplash.webp?resize=700%2C400&ssl=1 2x, https:\/\/i0.wp.com\/kohenavocats.com\/wp-content\/uploads\/2024\/11\/allison-saeng-kwkyNij4b64-unsplash.webp?resize=1050%2C600&ssl=1 3x, https:\/\/i0.wp.com\/kohenavocats.com\/wp-content\/uploads\/2024\/11\/allison-saeng-kwkyNij4b64-unsplash.webp?resize=1400%2C800&ssl=1 4x"},"classes":[]},{"id":682222,"url":"https:\/\/kohenavocats.com\/pt-pt\/tribunal-judiciaire-de-mont-de-marsan-le-10-juillet-2025-n22-05090\/","url_meta":{"origin":640599,"position":3},"title":"Tribunal judiciaire de Mont-de-Marsan, le 10 juillet 2025, n\u00b022\/05090","author":"Kohen","date":"25 de Abril, 2026","format":false,"excerpt":"Le tribunal judiciaire de Mont-de-Marsan, statuant le 10 juillet 2025, a examin\u00e9 une action en responsabilit\u00e9 contre un avocat. Le demandeur reprochait \u00e0 son...","rel":"","context":"In &quot;Jurisprudence&quot;","block_context":{"text":"Jurisprudence","link":"https:\/\/kohenavocats.com\/category\/jurisprudence\/"},"img":{"alt_text":"","src":"https:\/\/i0.wp.com\/kohenavocats.com\/wp-content\/uploads\/2024\/11\/chris-barbalis-axkgSXdeD98-unsplash.webp?resize=350%2C200&ssl=1","width":350,"height":200,"srcset":"https:\/\/i0.wp.com\/kohenavocats.com\/wp-content\/uploads\/2024\/11\/chris-barbalis-axkgSXdeD98-unsplash.webp?resize=350%2C200&ssl=1 1x, https:\/\/i0.wp.com\/kohenavocats.com\/wp-content\/uploads\/2024\/11\/chris-barbalis-axkgSXdeD98-unsplash.webp?resize=525%2C300&ssl=1 1.5x, https:\/\/i0.wp.com\/kohenavocats.com\/wp-content\/uploads\/2024\/11\/chris-barbalis-axkgSXdeD98-unsplash.webp?resize=700%2C400&ssl=1 2x, https:\/\/i0.wp.com\/kohenavocats.com\/wp-content\/uploads\/2024\/11\/chris-barbalis-axkgSXdeD98-unsplash.webp?resize=1050%2C600&ssl=1 3x, https:\/\/i0.wp.com\/kohenavocats.com\/wp-content\/uploads\/2024\/11\/chris-barbalis-axkgSXdeD98-unsplash.webp?resize=1400%2C800&ssl=1 4x"},"classes":[]},{"id":488084,"url":"https:\/\/kohenavocats.com\/pt-pt\/tribunal-judiciaire-de-toulouse-le-16-janvier-2024-n24-01779\/","url_meta":{"origin":640599,"position":4},"title":"Tribunal judiciaire de Toulouse, le 16 janvier 2024, n\u00b024\/01779","author":"Kohen","date":"8 de Abril, 2026","format":false,"excerpt":"Le tribunal judiciaire de Toulouse, statuant le 16 janvier 2024, examine la responsabilit\u00e9 d\u2019un avocat pour d\u00e9faut de diligence proc\u00e9durale. L\u2019intim\u00e9, priv\u00e9 ...","rel":"","context":"In &quot;Jurisprudence&quot;","block_context":{"text":"Jurisprudence","link":"https:\/\/kohenavocats.com\/category\/jurisprudence\/"},"img":{"alt_text":"","src":"https:\/\/i0.wp.com\/kohenavocats.com\/wp-content\/uploads\/2024\/11\/nigel-hoare-1YyTewQMpmU-unsplash.webp?resize=350%2C200&ssl=1","width":350,"height":200,"srcset":"https:\/\/i0.wp.com\/kohenavocats.com\/wp-content\/uploads\/2024\/11\/nigel-hoare-1YyTewQMpmU-unsplash.webp?resize=350%2C200&ssl=1 1x, https:\/\/i0.wp.com\/kohenavocats.com\/wp-content\/uploads\/2024\/11\/nigel-hoare-1YyTewQMpmU-unsplash.webp?resize=525%2C300&ssl=1 1.5x, https:\/\/i0.wp.com\/kohenavocats.com\/wp-content\/uploads\/2024\/11\/nigel-hoare-1YyTewQMpmU-unsplash.webp?resize=700%2C400&ssl=1 2x, https:\/\/i0.wp.com\/kohenavocats.com\/wp-content\/uploads\/2024\/11\/nigel-hoare-1YyTewQMpmU-unsplash.webp?resize=1050%2C600&ssl=1 3x, https:\/\/i0.wp.com\/kohenavocats.com\/wp-content\/uploads\/2024\/11\/nigel-hoare-1YyTewQMpmU-unsplash.webp?resize=1400%2C800&ssl=1 4x"},"classes":[]},{"id":434863,"url":"https:\/\/kohenavocats.com\/pt-pt\/cour-dappel-de-paris-le-22-fevrier-2011-n09-221777\/","url_meta":{"origin":640599,"position":5},"title":"Cour d&#8217;appel de Paris, le 22 f\u00e9vrier 2011, n\u00b009\/221777","author":"Kohen","date":"25 de Mar\u00e7o, 2026","format":false,"excerpt":"L\u2019arr\u00eat rendu par la Cour d\u2019appel de Paris le 22 f\u00e9vrier 2011 se prononce sur une action en responsabilit\u00e9 civile professionnelle intent\u00e9e contre un expert-comptable et un avocat. Les appelants estimaient que les manquements de ces professionnels lors d\u2019op\u00e9rations de fusion avaient caus\u00e9 un contr\u00f4le fiscal et des redressements. Ils\u2026","rel":"","context":"In &quot;Cour d'appel&quot;","block_context":{"text":"Cour d'appel","link":"https:\/\/kohenavocats.com\/category\/cour-dappel\/"},"img":{"alt_text":"","src":"https:\/\/i0.wp.com\/kohenavocats.com\/wp-content\/uploads\/2024\/11\/virginia-marinova-CUq6KAqzzNY-unsplash.webp?resize=350%2C200&ssl=1","width":350,"height":200,"srcset":"https:\/\/i0.wp.com\/kohenavocats.com\/wp-content\/uploads\/2024\/11\/virginia-marinova-CUq6KAqzzNY-unsplash.webp?resize=350%2C200&ssl=1 1x, https:\/\/i0.wp.com\/kohenavocats.com\/wp-content\/uploads\/2024\/11\/virginia-marinova-CUq6KAqzzNY-unsplash.webp?resize=525%2C300&ssl=1 1.5x, https:\/\/i0.wp.com\/kohenavocats.com\/wp-content\/uploads\/2024\/11\/virginia-marinova-CUq6KAqzzNY-unsplash.webp?resize=700%2C400&ssl=1 2x, https:\/\/i0.wp.com\/kohenavocats.com\/wp-content\/uploads\/2024\/11\/virginia-marinova-CUq6KAqzzNY-unsplash.webp?resize=1050%2C600&ssl=1 3x, https:\/\/i0.wp.com\/kohenavocats.com\/wp-content\/uploads\/2024\/11\/virginia-marinova-CUq6KAqzzNY-unsplash.webp?resize=1400%2C800&ssl=1 4x"},"classes":[]}],"jetpack_sharing_enabled":true,"_links":{"self":[{"href":"https:\/\/kohenavocats.com\/pt-pt\/wp-json\/wp\/v2\/posts\/640599","targetHints":{"allow":["GET"]}}],"collection":[{"href":"https:\/\/kohenavocats.com\/pt-pt\/wp-json\/wp\/v2\/posts"}],"about":[{"href":"https:\/\/kohenavocats.com\/pt-pt\/wp-json\/wp\/v2\/types\/post"}],"author":[{"embeddable":true,"href":"https:\/\/kohenavocats.com\/pt-pt\/wp-json\/wp\/v2\/users\/232070755"}],"replies":[{"embeddable":true,"href":"https:\/\/kohenavocats.com\/pt-pt\/wp-json\/wp\/v2\/comments?post=640599"}],"version-history":[{"count":0,"href":"https:\/\/kohenavocats.com\/pt-pt\/wp-json\/wp\/v2\/posts\/640599\/revisions"}],"wp:featuredmedia":[{"embeddable":true,"href":"https:\/\/kohenavocats.com\/pt-pt\/wp-json\/wp\/v2\/media\/9705"}],"wp:attachment":[{"href":"https:\/\/kohenavocats.com\/pt-pt\/wp-json\/wp\/v2\/media?parent=640599"}],"wp:term":[{"taxonomy":"category","embeddable":true,"href":"https:\/\/kohenavocats.com\/pt-pt\/wp-json\/wp\/v2\/categories?post=640599"},{"taxonomy":"post_tag","embeddable":true,"href":"https:\/\/kohenavocats.com\/pt-pt\/wp-json\/wp\/v2\/tags?post=640599"}],"curies":[{"name":"wp","href":"https:\/\/api.w.org\/{rel}","templated":true}]}}