{"id":640607,"date":"2026-04-21T21:58:51","date_gmt":"2026-04-21T19:58:51","guid":{"rendered":"https:\/\/kohenavocats.com\/cour-dappel-de-paris-le-18-juin-2025-n24-08395\/"},"modified":"2026-04-21T21:58:51","modified_gmt":"2026-04-21T19:58:51","slug":"cour-dappel-de-paris-le-18-juin-2025-n24-08395","status":"publish","type":"post","link":"https:\/\/kohenavocats.com\/pt-pt\/cour-dappel-de-paris-le-18-juin-2025-n24-08395\/","title":{"rendered":"Cour d&#8217;appel de Paris, le 18 juin 2025, n\u00b024\/08395"},"content":{"rendered":"<div class=\"article-content\">\n<p>La Cour d&#8217;appel de Paris, statuant le 18 juin 2025, examine un litige relatif \u00e0 une promesse unilat\u00e9rale de vente d&#8217;un terrain. L&#8217;acqu\u00e9reur, d\u00e9bout\u00e9e en premi\u00e8re instance d&#8217;une demande d&#8217;expertise probatoire et d&#8217;une provision, forme appel. La juridiction doit se prononcer sur la recevabilit\u00e9 de conclusions tardives, le bien-fond\u00e9 de la demande d&#8217;expertise et la demande de provision. Elle rejette l&#8217;ensemble des demandes de l&#8217;appelante et confirme le jugement d\u00e9f\u00e9r\u00e9.<\/p>\n<p>La sanction d&#8217;une irrecevabilit\u00e9 proc\u00e9durale<\/p>\n<p>Le strict respect des formalit\u00e9s de d\u00e9p\u00f4t. La cour rappelle avec rigueur les conditions de transmission des actes de proc\u00e9dure. Elle souligne l&#8217;obligation de d\u00e9poser les conclusions au greffe, parall\u00e8lement \u00e0 leur notification \u00e0 l&#8217;adversaire. &#8220;Aucun d\u00e9p\u00f4t desdites conclusions n&#8217;a \u00e9t\u00e9 effectu\u00e9 au greffe de la cour par le RPVA en m\u00e9connaissance des dispositions de l&#8217;article 930-1 du code de proc\u00e9dure civile pr\u00e9cit\u00e9.&#8221; (Motifs de la d\u00e9cision). Ce manquement entra\u00eene une irrecevabilit\u00e9 relev\u00e9e d&#8217;office, appliqu\u00e9e \u00e9galement aux pi\u00e8ces communiqu\u00e9es.<\/p>\n<p>La port\u00e9e d&#8217;une exigence substantielle. Cette solution affirme le caract\u00e8re imp\u00e9ratif des r\u00e8gles de proc\u00e9dure \u00e9lectronique. Elle prot\u00e8ge le principe du contradictoire et la s\u00e9curit\u00e9 juridique des d\u00e9bats. L&#8217;irrecevabilit\u00e9 est automatique et s&#8217;\u00e9tend aux pi\u00e8ces, emp\u00eachant toute r\u00e9gularisation ult\u00e9rieure. Cette rigueur proc\u00e9durale garantit l&#8217;\u00e9galit\u00e9 des armes et une administration sereine de la preuve.<\/p>\n<p>Les conditions strictes du r\u00e9f\u00e9r\u00e9 probatoire<\/p>\n<p>L&#8217;exigence d&#8217;un motif l\u00e9gitime et d&#8217;une action future. La cour d\u00e9taille les conditions de l&#8217;article 145 du code de proc\u00e9dure civile. La mesure doit \u00eatre pertinente pour \u00e9tablir une preuve influant sur un litige futur pr\u00e9cis. &#8220;Il suffit qu&#8217;il justifie de la potentialit\u00e9 d&#8217;une action pouvant \u00eatre conduite sur la base d&#8217;un fondement juridique suffisamment d\u00e9termin\u00e9.&#8221; (Motifs de la d\u00e9cision). Le demandeur n&#8217;a pas \u00e0 \u00e9tablir de certitude mais doit d\u00e9montrer la pertinence de sa requ\u00eate.<\/p>\n<p>L&#8217;appr\u00e9ciation restrictive des \u00e9l\u00e9ments produits. En l&#8217;esp\u00e8ce, la cour estime que l&#8217;appelante ne justifie pas d&#8217;un motif l\u00e9gitime. Elle rel\u00e8ve que les documents annex\u00e9s ne cr\u00e9ent pas toutes les obligations all\u00e9gu\u00e9es. Concernant le r\u00e8glement de lotissement, elle constate que &#8220;la promesse de vente et l&#8217;acte de vente vers\u00e9s aux d\u00e9bats mentionnent express\u00e9ment le r\u00e8glement du lotissement.&#8221; (Motifs de la d\u00e9cision). Pour les autres points, elle juge les preuves insuffisantes ou non imputables au vendeur. La demande est donc d\u00e9pourvue d&#8217;utilit\u00e9.<\/p>\n<p>La cons\u00e9quence logique sur la provision ad litem<\/p>\n<p>Le rejet d&#8217;une cr\u00e9ance non \u00e9tablie. Le refus de l&#8217;expertise entra\u00eene m\u00e9caniquement le rejet de la demande de provision. L&#8217;article 835 du code de proc\u00e9dure civile exige une obligation non s\u00e9rieusement contestable. Or, l&#8217;absence de motif l\u00e9gitime pour l&#8217;expertise d\u00e9montre que l&#8217;obligation invoqu\u00e9e est s\u00e9rieusement contest\u00e9e. La cour confirme donc le d\u00e9bout\u00e9 de la demande de provision ad litem, suivant une logique proc\u00e9durale coh\u00e9rente.<\/p>\n<p>Cette d\u00e9cision illustre le contr\u00f4le strict exerc\u00e9 sur les demandes d&#8217;expertise probatoire. Elle rappelle que la simple invocation de documents annexes ne suffit pas \u00e0 les int\u00e9grer automatiquement au contrat. Comme le pr\u00e9cise une jurisprudence r\u00e9cente, &#8220;Ce n&#8217;est donc pas au titre de sa responsabilit\u00e9 pr\u00e9contractuelle mais de sa responsabilit\u00e9 contractuelle que l&#8217;obligation d&#8217;information des vendeurs doit \u00eatre analys\u00e9e \u00e0 l&#8217;aune des clauses de la promesse de vente.&#8221; (Cour d&#8217;appel de Paris, le 14 mars 2025, n\u00b022\/17133). La cour op\u00e8re ici un filtrage rigoureux, exigeant des \u00e9l\u00e9ments probants pr\u00e9cis pour justifier une mesure intrusive avant tout proc\u00e8s au fond.<\/p>\n<\/div>\n","protected":false},"excerpt":{"rendered":"<p>La Cour d&#8217;appel de Paris, statuant le 18 juin 2025, examine un litige relatif \u00e0 une promesse unilat\u00e9rale de vente d&#8217;un terrain. L&#8217;acqu\u00e9reur, d\u00e9bout\u00e9e en prem&#8230;<\/p>\n","protected":false},"author":232070755,"featured_media":4691,"comment_status":"open","ping_status":"open","sticky":false,"template":"","format":"standard","meta":{"_crdt_document":"","_jetpack_newsletter_access":"","_jetpack_dont_email_post_to_subs":false,"_jetpack_newsletter_tier_id":0,"_jetpack_memberships_contains_paywalled_content":false,"_kj_source_type":"","_kj_official_id":"","_kj_official_url":"","_kj_judilibre_id":"","_kj_jur":"","_kj_lieu":"","_kj_chambre":"","_kj_rg":"","_kj_date":"","_jetpack_memberships_contains_paid_content":false,"footnotes":"","jetpack_post_was_ever_published":false},"categories":[7597],"tags":[],"class_list":["post-640607","post","type-post","status-publish","format-standard","has-post-thumbnail","hentry","category-jurisprudence"],"yoast_head":"<!-- This site is optimized with the Yoast SEO Premium plugin v27.5 (Yoast SEO v27.5) - https:\/\/yoast.com\/product\/yoast-seo-premium-wordpress\/ -->\n<title>Cour d&#039;appel de Paris, le 18 juin 2025, n\u00b024\/08395 - Ma\u00eetre Hassan Kohen, avocat en droit p\u00e9nal \u00e0 Paris<\/title>\n<meta name=\"description\" content=\"La Cour d&#039;appel de Paris, statuant le 18 juin 2025, examine un litige relatif \u00e0 une promesse unilat\u00e9rale de vente d&#039;un terrain. L&#039;acqu\u00e9reur, d\u00e9bout\u00e9e en prem...\" \/>\n<meta name=\"robots\" content=\"index, follow, max-snippet:-1, max-image-preview:large, max-video-preview:-1\" \/>\n<link rel=\"canonical\" href=\"https:\/\/kohenavocats.com\/pt-pt\/cour-dappel-de-paris-le-18-juin-2025-n24-08395\/\" \/>\n<meta property=\"og:locale\" content=\"pt_PT\" \/>\n<meta property=\"og:type\" content=\"article\" \/>\n<meta property=\"og:title\" content=\"Cour d&#039;appel de Paris, le 18 juin 2025, n\u00b024\/08395\" \/>\n<meta property=\"og:description\" content=\"La Cour d&#039;appel de Paris, statuant le 18 juin 2025, examine un litige relatif \u00e0 une promesse unilat\u00e9rale de vente d&#039;un terrain. L&#039;acqu\u00e9reur, d\u00e9bout\u00e9e en prem...\" \/>\n<meta property=\"og:url\" content=\"https:\/\/kohenavocats.com\/pt-pt\/cour-dappel-de-paris-le-18-juin-2025-n24-08395\/\" \/>\n<meta property=\"og:site_name\" content=\"Ma\u00eetre Hassan Kohen, avocat en droit p\u00e9nal \u00e0 Paris\" \/>\n<meta property=\"article:published_time\" content=\"2026-04-21T19:58:51+00:00\" \/>\n<meta property=\"og:image\" content=\"https:\/\/kohenavocats.com\/wp-content\/uploads\/2024\/08\/roman-kraft-X1exjxxBho4-unsplash.webp\" \/>\n\t<meta property=\"og:image:width\" content=\"2048\" \/>\n\t<meta property=\"og:image:height\" content=\"1536\" \/>\n\t<meta property=\"og:image:type\" content=\"image\/webp\" \/>\n<meta name=\"author\" content=\"Kohen\" \/>\n<meta name=\"twitter:card\" content=\"summary_large_image\" \/>\n<meta name=\"twitter:label1\" content=\"Escrito por\" \/>\n\t<meta name=\"twitter:data1\" content=\"Kohen\" \/>\n\t<meta name=\"twitter:label2\" content=\"Tempo estimado de leitura\" \/>\n\t<meta name=\"twitter:data2\" content=\"3 minutos\" \/>\n<script type=\"application\/ld+json\" class=\"yoast-schema-graph\">{\"@context\":\"https:\\\/\\\/schema.org\",\"@graph\":[{\"@type\":\"Article\",\"@id\":\"https:\\\/\\\/kohenavocats.com\\\/pt-pt\\\/cour-dappel-de-paris-le-18-juin-2025-n24-08395\\\/#article\",\"isPartOf\":{\"@id\":\"https:\\\/\\\/kohenavocats.com\\\/pt-pt\\\/cour-dappel-de-paris-le-18-juin-2025-n24-08395\\\/\"},\"author\":{\"name\":\"Kohen\",\"@id\":\"https:\\\/\\\/kohenavocats.com\\\/pt-pt\\\/#\\\/schema\\\/person\\\/761c9ba54fa1ca84d405cef0831ff751\"},\"headline\":\"Cour d&#8217;appel de Paris, le 18 juin 2025, n\u00b024\\\/08395\",\"datePublished\":\"2026-04-21T19:58:51+00:00\",\"mainEntityOfPage\":{\"@id\":\"https:\\\/\\\/kohenavocats.com\\\/pt-pt\\\/cour-dappel-de-paris-le-18-juin-2025-n24-08395\\\/\"},\"wordCount\":670,\"commentCount\":0,\"publisher\":{\"@id\":\"https:\\\/\\\/kohenavocats.com\\\/pt-pt\\\/#organization\"},\"image\":{\"@id\":\"https:\\\/\\\/kohenavocats.com\\\/pt-pt\\\/cour-dappel-de-paris-le-18-juin-2025-n24-08395\\\/#primaryimage\"},\"thumbnailUrl\":\"https:\\\/\\\/kohenavocats.com\\\/wp-content\\\/uploads\\\/2024\\\/08\\\/roman-kraft-X1exjxxBho4-unsplash.webp\",\"articleSection\":[\"Jurisprudence\"],\"inLanguage\":\"pt-PT\",\"potentialAction\":[{\"@type\":\"CommentAction\",\"name\":\"Comment\",\"target\":[\"https:\\\/\\\/kohenavocats.com\\\/pt-pt\\\/cour-dappel-de-paris-le-18-juin-2025-n24-08395\\\/#respond\"]}],\"citation\":\"Cour d&#8217;appel de Paris, le 18 juin 2025, n\u00b024\\\/08395\",\"about\":[{\"@type\":\"Thing\",\"name\":\"Jurisprudence\"}],\"dateModified\":\"2026-04-21T19:58:51+00:00\",\"speakable\":{\"@type\":\"SpeakableSpecification\",\"cssSelector\":[\".article-content > p:first-of-type\"]}},{\"@type\":\"WebPage\",\"@id\":\"https:\\\/\\\/kohenavocats.com\\\/pt-pt\\\/cour-dappel-de-paris-le-18-juin-2025-n24-08395\\\/\",\"url\":\"https:\\\/\\\/kohenavocats.com\\\/pt-pt\\\/cour-dappel-de-paris-le-18-juin-2025-n24-08395\\\/\",\"name\":\"Cour d'appel de Paris, le 18 juin 2025, n\u00b024\\\/08395 - Ma\u00eetre Hassan Kohen, avocat en droit p\u00e9nal \u00e0 Paris\",\"isPartOf\":{\"@id\":\"https:\\\/\\\/kohenavocats.com\\\/pt-pt\\\/#website\"},\"primaryImageOfPage\":{\"@id\":\"https:\\\/\\\/kohenavocats.com\\\/pt-pt\\\/cour-dappel-de-paris-le-18-juin-2025-n24-08395\\\/#primaryimage\"},\"image\":{\"@id\":\"https:\\\/\\\/kohenavocats.com\\\/pt-pt\\\/cour-dappel-de-paris-le-18-juin-2025-n24-08395\\\/#primaryimage\"},\"thumbnailUrl\":\"https:\\\/\\\/kohenavocats.com\\\/wp-content\\\/uploads\\\/2024\\\/08\\\/roman-kraft-X1exjxxBho4-unsplash.webp\",\"datePublished\":\"2026-04-21T19:58:51+00:00\",\"description\":\"La Cour d'appel de Paris, statuant le 18 juin 2025, examine un litige relatif \u00e0 une promesse unilat\u00e9rale de vente d'un terrain. L'acqu\u00e9reur, d\u00e9bout\u00e9e en prem...\",\"breadcrumb\":{\"@id\":\"https:\\\/\\\/kohenavocats.com\\\/pt-pt\\\/cour-dappel-de-paris-le-18-juin-2025-n24-08395\\\/#breadcrumb\"},\"inLanguage\":\"pt-PT\",\"potentialAction\":[{\"@type\":\"ReadAction\",\"target\":[\"https:\\\/\\\/kohenavocats.com\\\/pt-pt\\\/cour-dappel-de-paris-le-18-juin-2025-n24-08395\\\/\"]}]},{\"@type\":\"ImageObject\",\"inLanguage\":\"pt-PT\",\"@id\":\"https:\\\/\\\/kohenavocats.com\\\/pt-pt\\\/cour-dappel-de-paris-le-18-juin-2025-n24-08395\\\/#primaryimage\",\"url\":\"https:\\\/\\\/kohenavocats.com\\\/wp-content\\\/uploads\\\/2024\\\/08\\\/roman-kraft-X1exjxxBho4-unsplash.webp\",\"contentUrl\":\"https:\\\/\\\/kohenavocats.com\\\/wp-content\\\/uploads\\\/2024\\\/08\\\/roman-kraft-X1exjxxBho4-unsplash.webp\",\"width\":2048,\"height\":1536},{\"@type\":\"BreadcrumbList\",\"@id\":\"https:\\\/\\\/kohenavocats.com\\\/pt-pt\\\/cour-dappel-de-paris-le-18-juin-2025-n24-08395\\\/#breadcrumb\",\"itemListElement\":[{\"@type\":\"ListItem\",\"position\":1,\"name\":\"Home\",\"item\":\"https:\\\/\\\/kohenavocats.com\\\/pt-pt\\\/avocats-en-droit-penal-a-paris-conseil-et-defense-strategique\\\/\"},{\"@type\":\"ListItem\",\"position\":2,\"name\":\"Cour d&rsquo;appel de Paris, le 18 juin 2025, n\u00b024\\\/08395\"}]},{\"@type\":\"WebSite\",\"@id\":\"https:\\\/\\\/kohenavocats.com\\\/pt-pt\\\/#website\",\"url\":\"https:\\\/\\\/kohenavocats.com\\\/pt-pt\\\/\",\"name\":\"Kohen Avocats\",\"description\":\"Ma\u00eetre Hassan Kohen, avocat p\u00e9naliste \u00e0 Paris, intervient exclusivement en droit p\u00e9nal pour la d\u00e9fense des particuliers, notamment en mati\u00e8re d\u2019accusations de viol. Il assure un accompagnement rigoureux d\u00e8s la garde \u00e0 vue jusqu\u2019\u00e0 la Cour d\u2019assises, veillant au strict respect des garanties proc\u00e9durales.\",\"publisher\":{\"@id\":\"https:\\\/\\\/kohenavocats.com\\\/pt-pt\\\/#organization\"},\"potentialAction\":[{\"@type\":\"SearchAction\",\"target\":{\"@type\":\"EntryPoint\",\"urlTemplate\":\"https:\\\/\\\/kohenavocats.com\\\/pt-pt\\\/?s={search_term_string}\"},\"query-input\":{\"@type\":\"PropertyValueSpecification\",\"valueRequired\":true,\"valueName\":\"search_term_string\"}}],\"inLanguage\":\"pt-PT\"},{\"@type\":\"Organization\",\"@id\":\"https:\\\/\\\/kohenavocats.com\\\/pt-pt\\\/#organization\",\"name\":\"Kohen Avocats\",\"url\":\"https:\\\/\\\/kohenavocats.com\\\/pt-pt\\\/\",\"logo\":{\"@type\":\"ImageObject\",\"inLanguage\":\"pt-PT\",\"@id\":\"https:\\\/\\\/kohenavocats.com\\\/pt-pt\\\/#\\\/schema\\\/logo\\\/image\\\/\",\"url\":\"https:\\\/\\\/kohenavocats.com\\\/wp-content\\\/uploads\\\/2026\\\/01\\\/Logo-2-1.webp\",\"contentUrl\":\"https:\\\/\\\/kohenavocats.com\\\/wp-content\\\/uploads\\\/2026\\\/01\\\/Logo-2-1.webp\",\"width\":2114,\"height\":1253,\"caption\":\"Kohen Avocats\"},\"image\":{\"@id\":\"https:\\\/\\\/kohenavocats.com\\\/pt-pt\\\/#\\\/schema\\\/logo\\\/image\\\/\"}},{\"@type\":\"Person\",\"@id\":\"https:\\\/\\\/kohenavocats.com\\\/pt-pt\\\/#\\\/schema\\\/person\\\/761c9ba54fa1ca84d405cef0831ff751\",\"name\":\"Kohen\",\"image\":{\"@type\":\"ImageObject\",\"inLanguage\":\"pt-PT\",\"@id\":\"https:\\\/\\\/secure.gravatar.com\\\/avatar\\\/1c5e76ef76bbbfdd2b4da984e2bf2fa4056fd51a27d25ce2c332047f1dfd6e00?s=96&d=identicon&r=g\",\"url\":\"https:\\\/\\\/secure.gravatar.com\\\/avatar\\\/1c5e76ef76bbbfdd2b4da984e2bf2fa4056fd51a27d25ce2c332047f1dfd6e00?s=96&d=identicon&r=g\",\"contentUrl\":\"https:\\\/\\\/secure.gravatar.com\\\/avatar\\\/1c5e76ef76bbbfdd2b4da984e2bf2fa4056fd51a27d25ce2c332047f1dfd6e00?s=96&d=identicon&r=g\",\"caption\":\"Kohen\"},\"sameAs\":[\"https:\\\/\\\/www.linkedin.com\\\/in\\\/hassan-kohen-448548192\\\/\",\"https:\\\/\\\/www.youtube.com\\\/@Kohen-Avocats\"],\"url\":\"https:\\\/\\\/kohenavocats.com\\\/pt-pt\\\/author\\\/kohenmlk\\\/\"}]}<\/script>\n<!-- \/ Yoast SEO Premium plugin. -->","yoast_head_json":{"title":"Cour d'appel de Paris, le 18 juin 2025, n\u00b024\/08395 - Ma\u00eetre Hassan Kohen, avocat en droit p\u00e9nal \u00e0 Paris","description":"La Cour d'appel de Paris, statuant le 18 juin 2025, examine un litige relatif \u00e0 une promesse unilat\u00e9rale de vente d'un terrain. L'acqu\u00e9reur, d\u00e9bout\u00e9e en prem...","robots":{"index":"index","follow":"follow","max-snippet":"max-snippet:-1","max-image-preview":"max-image-preview:large","max-video-preview":"max-video-preview:-1"},"canonical":"https:\/\/kohenavocats.com\/pt-pt\/cour-dappel-de-paris-le-18-juin-2025-n24-08395\/","og_locale":"pt_PT","og_type":"article","og_title":"Cour d'appel de Paris, le 18 juin 2025, n\u00b024\/08395","og_description":"La Cour d'appel de Paris, statuant le 18 juin 2025, examine un litige relatif \u00e0 une promesse unilat\u00e9rale de vente d'un terrain. L'acqu\u00e9reur, d\u00e9bout\u00e9e en prem...","og_url":"https:\/\/kohenavocats.com\/pt-pt\/cour-dappel-de-paris-le-18-juin-2025-n24-08395\/","og_site_name":"Ma\u00eetre Hassan Kohen, avocat en droit p\u00e9nal \u00e0 Paris","article_published_time":"2026-04-21T19:58:51+00:00","og_image":[{"width":2048,"height":1536,"url":"https:\/\/kohenavocats.com\/wp-content\/uploads\/2024\/08\/roman-kraft-X1exjxxBho4-unsplash.webp","type":"image\/webp"}],"author":"Kohen","twitter_card":"summary_large_image","twitter_misc":{"Escrito por":"Kohen","Tempo estimado de leitura":"3 minutos"},"schema":{"@context":"https:\/\/schema.org","@graph":[{"@type":"Article","@id":"https:\/\/kohenavocats.com\/pt-pt\/cour-dappel-de-paris-le-18-juin-2025-n24-08395\/#article","isPartOf":{"@id":"https:\/\/kohenavocats.com\/pt-pt\/cour-dappel-de-paris-le-18-juin-2025-n24-08395\/"},"author":{"name":"Kohen","@id":"https:\/\/kohenavocats.com\/pt-pt\/#\/schema\/person\/761c9ba54fa1ca84d405cef0831ff751"},"headline":"Cour d&#8217;appel de Paris, le 18 juin 2025, n\u00b024\/08395","datePublished":"2026-04-21T19:58:51+00:00","mainEntityOfPage":{"@id":"https:\/\/kohenavocats.com\/pt-pt\/cour-dappel-de-paris-le-18-juin-2025-n24-08395\/"},"wordCount":670,"commentCount":0,"publisher":{"@id":"https:\/\/kohenavocats.com\/pt-pt\/#organization"},"image":{"@id":"https:\/\/kohenavocats.com\/pt-pt\/cour-dappel-de-paris-le-18-juin-2025-n24-08395\/#primaryimage"},"thumbnailUrl":"https:\/\/kohenavocats.com\/wp-content\/uploads\/2024\/08\/roman-kraft-X1exjxxBho4-unsplash.webp","articleSection":["Jurisprudence"],"inLanguage":"pt-PT","potentialAction":[{"@type":"CommentAction","name":"Comment","target":["https:\/\/kohenavocats.com\/pt-pt\/cour-dappel-de-paris-le-18-juin-2025-n24-08395\/#respond"]}],"citation":"Cour d&#8217;appel de Paris, le 18 juin 2025, n\u00b024\/08395","about":[{"@type":"Thing","name":"Jurisprudence"}],"dateModified":"2026-04-21T19:58:51+00:00","speakable":{"@type":"SpeakableSpecification","cssSelector":[".article-content > p:first-of-type"]}},{"@type":"WebPage","@id":"https:\/\/kohenavocats.com\/pt-pt\/cour-dappel-de-paris-le-18-juin-2025-n24-08395\/","url":"https:\/\/kohenavocats.com\/pt-pt\/cour-dappel-de-paris-le-18-juin-2025-n24-08395\/","name":"Cour d'appel de Paris, le 18 juin 2025, n\u00b024\/08395 - Ma\u00eetre Hassan Kohen, avocat en droit p\u00e9nal \u00e0 Paris","isPartOf":{"@id":"https:\/\/kohenavocats.com\/pt-pt\/#website"},"primaryImageOfPage":{"@id":"https:\/\/kohenavocats.com\/pt-pt\/cour-dappel-de-paris-le-18-juin-2025-n24-08395\/#primaryimage"},"image":{"@id":"https:\/\/kohenavocats.com\/pt-pt\/cour-dappel-de-paris-le-18-juin-2025-n24-08395\/#primaryimage"},"thumbnailUrl":"https:\/\/kohenavocats.com\/wp-content\/uploads\/2024\/08\/roman-kraft-X1exjxxBho4-unsplash.webp","datePublished":"2026-04-21T19:58:51+00:00","description":"La Cour d'appel de Paris, statuant le 18 juin 2025, examine un litige relatif \u00e0 une promesse unilat\u00e9rale de vente d'un terrain. L'acqu\u00e9reur, d\u00e9bout\u00e9e en prem...","breadcrumb":{"@id":"https:\/\/kohenavocats.com\/pt-pt\/cour-dappel-de-paris-le-18-juin-2025-n24-08395\/#breadcrumb"},"inLanguage":"pt-PT","potentialAction":[{"@type":"ReadAction","target":["https:\/\/kohenavocats.com\/pt-pt\/cour-dappel-de-paris-le-18-juin-2025-n24-08395\/"]}]},{"@type":"ImageObject","inLanguage":"pt-PT","@id":"https:\/\/kohenavocats.com\/pt-pt\/cour-dappel-de-paris-le-18-juin-2025-n24-08395\/#primaryimage","url":"https:\/\/kohenavocats.com\/wp-content\/uploads\/2024\/08\/roman-kraft-X1exjxxBho4-unsplash.webp","contentUrl":"https:\/\/kohenavocats.com\/wp-content\/uploads\/2024\/08\/roman-kraft-X1exjxxBho4-unsplash.webp","width":2048,"height":1536},{"@type":"BreadcrumbList","@id":"https:\/\/kohenavocats.com\/pt-pt\/cour-dappel-de-paris-le-18-juin-2025-n24-08395\/#breadcrumb","itemListElement":[{"@type":"ListItem","position":1,"name":"Home","item":"https:\/\/kohenavocats.com\/pt-pt\/avocats-en-droit-penal-a-paris-conseil-et-defense-strategique\/"},{"@type":"ListItem","position":2,"name":"Cour d&rsquo;appel de Paris, le 18 juin 2025, n\u00b024\/08395"}]},{"@type":"WebSite","@id":"https:\/\/kohenavocats.com\/pt-pt\/#website","url":"https:\/\/kohenavocats.com\/pt-pt\/","name":"Kohen Avocats","description":"Ma\u00eetre Hassan Kohen, avocat p\u00e9naliste \u00e0 Paris, intervient exclusivement en droit p\u00e9nal pour la d\u00e9fense des particuliers, notamment en mati\u00e8re d\u2019accusations de viol. Il assure un accompagnement rigoureux d\u00e8s la garde \u00e0 vue jusqu\u2019\u00e0 la Cour d\u2019assises, veillant au strict respect des garanties proc\u00e9durales.","publisher":{"@id":"https:\/\/kohenavocats.com\/pt-pt\/#organization"},"potentialAction":[{"@type":"SearchAction","target":{"@type":"EntryPoint","urlTemplate":"https:\/\/kohenavocats.com\/pt-pt\/?s={search_term_string}"},"query-input":{"@type":"PropertyValueSpecification","valueRequired":true,"valueName":"search_term_string"}}],"inLanguage":"pt-PT"},{"@type":"Organization","@id":"https:\/\/kohenavocats.com\/pt-pt\/#organization","name":"Kohen Avocats","url":"https:\/\/kohenavocats.com\/pt-pt\/","logo":{"@type":"ImageObject","inLanguage":"pt-PT","@id":"https:\/\/kohenavocats.com\/pt-pt\/#\/schema\/logo\/image\/","url":"https:\/\/kohenavocats.com\/wp-content\/uploads\/2026\/01\/Logo-2-1.webp","contentUrl":"https:\/\/kohenavocats.com\/wp-content\/uploads\/2026\/01\/Logo-2-1.webp","width":2114,"height":1253,"caption":"Kohen Avocats"},"image":{"@id":"https:\/\/kohenavocats.com\/pt-pt\/#\/schema\/logo\/image\/"}},{"@type":"Person","@id":"https:\/\/kohenavocats.com\/pt-pt\/#\/schema\/person\/761c9ba54fa1ca84d405cef0831ff751","name":"Kohen","image":{"@type":"ImageObject","inLanguage":"pt-PT","@id":"https:\/\/secure.gravatar.com\/avatar\/1c5e76ef76bbbfdd2b4da984e2bf2fa4056fd51a27d25ce2c332047f1dfd6e00?s=96&d=identicon&r=g","url":"https:\/\/secure.gravatar.com\/avatar\/1c5e76ef76bbbfdd2b4da984e2bf2fa4056fd51a27d25ce2c332047f1dfd6e00?s=96&d=identicon&r=g","contentUrl":"https:\/\/secure.gravatar.com\/avatar\/1c5e76ef76bbbfdd2b4da984e2bf2fa4056fd51a27d25ce2c332047f1dfd6e00?s=96&d=identicon&r=g","caption":"Kohen"},"sameAs":["https:\/\/www.linkedin.com\/in\/hassan-kohen-448548192\/","https:\/\/www.youtube.com\/@Kohen-Avocats"],"url":"https:\/\/kohenavocats.com\/pt-pt\/author\/kohenmlk\/"}]}},"jetpack_featured_media_url":"https:\/\/kohenavocats.com\/wp-content\/uploads\/2024\/08\/roman-kraft-X1exjxxBho4-unsplash.webp","jetpack_likes_enabled":false,"jetpack_shortlink":"https:\/\/wp.me\/peCrII-2GEn","jetpack-related-posts":[{"id":685754,"url":"https:\/\/kohenavocats.com\/pt-pt\/tribunal-judiciaire-le-16-juin-2025-n24-02629\/","url_meta":{"origin":640607,"position":0},"title":"Tribunal judiciaire, le 16 juin 2025, n\u00b024\/02629","author":"Kohen","date":"25 de Abril, 2026","format":false,"excerpt":"Par ordonnance du 16 juin 2025, le juge des r\u00e9f\u00e9r\u00e9s du tribunal judiciaire de Bordeaux ordonne une expertise et se prononce sur une provision apr\u00e8s un accide...","rel":"","context":"In &quot;Jurisprudence&quot;","block_context":{"text":"Jurisprudence","link":"https:\/\/kohenavocats.com\/category\/jurisprudence\/"},"img":{"alt_text":"","src":"https:\/\/i0.wp.com\/kohenavocats.com\/wp-content\/uploads\/2024\/11\/feyza-yildirim-dFgyns8DMIE-unsplash.webp?resize=350%2C200&ssl=1","width":350,"height":200,"srcset":"https:\/\/i0.wp.com\/kohenavocats.com\/wp-content\/uploads\/2024\/11\/feyza-yildirim-dFgyns8DMIE-unsplash.webp?resize=350%2C200&ssl=1 1x, https:\/\/i0.wp.com\/kohenavocats.com\/wp-content\/uploads\/2024\/11\/feyza-yildirim-dFgyns8DMIE-unsplash.webp?resize=525%2C300&ssl=1 1.5x, https:\/\/i0.wp.com\/kohenavocats.com\/wp-content\/uploads\/2024\/11\/feyza-yildirim-dFgyns8DMIE-unsplash.webp?resize=700%2C400&ssl=1 2x, https:\/\/i0.wp.com\/kohenavocats.com\/wp-content\/uploads\/2024\/11\/feyza-yildirim-dFgyns8DMIE-unsplash.webp?resize=1050%2C600&ssl=1 3x, https:\/\/i0.wp.com\/kohenavocats.com\/wp-content\/uploads\/2024\/11\/feyza-yildirim-dFgyns8DMIE-unsplash.webp?resize=1400%2C800&ssl=1 4x"},"classes":[]},{"id":42183,"url":"https:\/\/kohenavocats.com\/pt-pt\/tribunal-judiciaire-de-marseille-le-20-juin-2025-n24-05465\/","url_meta":{"origin":640607,"position":1},"title":"Tribunal judiciaire de Marseille, le 20 juin 2025, n\u00b024\/05465","author":"Kohen","date":"7 de Novembro, 2025","format":false,"excerpt":"Par ordonnance de r\u00e9f\u00e9r\u00e9 du 20 juin 2025, le tribunal judiciaire de Marseille statue sur des demandes form\u00e9es \u00e0 la suite d\u2019un incendie survenu dans un local commercial. Le sinistre a touch\u00e9 un fonds de boulangerie et s\u2019est propag\u00e9 au voisinage, tandis qu\u2019une intervention de maintenance ant\u00e9rieure avait port\u00e9 sur\u2026","rel":"","context":"In &quot;D\u00e9cisions juridiques&quot;","block_context":{"text":"D\u00e9cisions juridiques","link":"https:\/\/kohenavocats.com\/category\/decisions-juridiques\/"},"img":{"alt_text":"","src":"https:\/\/i0.wp.com\/kohenavocats.com\/wp-content\/uploads\/2024\/11\/manuela-martinez-G7KXRXyFDwQ-unsplash.webp?resize=350%2C200&ssl=1","width":350,"height":200,"srcset":"https:\/\/i0.wp.com\/kohenavocats.com\/wp-content\/uploads\/2024\/11\/manuela-martinez-G7KXRXyFDwQ-unsplash.webp?resize=350%2C200&ssl=1 1x, https:\/\/i0.wp.com\/kohenavocats.com\/wp-content\/uploads\/2024\/11\/manuela-martinez-G7KXRXyFDwQ-unsplash.webp?resize=525%2C300&ssl=1 1.5x, https:\/\/i0.wp.com\/kohenavocats.com\/wp-content\/uploads\/2024\/11\/manuela-martinez-G7KXRXyFDwQ-unsplash.webp?resize=700%2C400&ssl=1 2x, https:\/\/i0.wp.com\/kohenavocats.com\/wp-content\/uploads\/2024\/11\/manuela-martinez-G7KXRXyFDwQ-unsplash.webp?resize=1050%2C600&ssl=1 3x, https:\/\/i0.wp.com\/kohenavocats.com\/wp-content\/uploads\/2024\/11\/manuela-martinez-G7KXRXyFDwQ-unsplash.webp?resize=1400%2C800&ssl=1 4x"},"classes":[]},{"id":667213,"url":"https:\/\/kohenavocats.com\/pt-pt\/tribunal-judiciaire-de-lyon-le-17-juin-2025-n25-01026\/","url_meta":{"origin":640607,"position":2},"title":"Tribunal judiciaire de Lyon, le 17 juin 2025, n\u00b025\/01026","author":"Kohen","date":"24 de Abril, 2026","format":false,"excerpt":"Le tribunal judiciaire, statuant en r\u00e9f\u00e9r\u00e9, a rendu une ordonnance le 17 juin 2025. Suite \u00e0 un accident, une expertise m\u00e9dicale fut ordonn\u00e9e pour \u00e9valuer les...","rel":"","context":"In &quot;Jurisprudence&quot;","block_context":{"text":"Jurisprudence","link":"https:\/\/kohenavocats.com\/category\/jurisprudence\/"},"img":{"alt_text":"","src":"https:\/\/i0.wp.com\/kohenavocats.com\/wp-content\/uploads\/2024\/08\/andre-benz-AiORnUT6sC0-unsplash.webp?resize=350%2C200&ssl=1","width":350,"height":200,"srcset":"https:\/\/i0.wp.com\/kohenavocats.com\/wp-content\/uploads\/2024\/08\/andre-benz-AiORnUT6sC0-unsplash.webp?resize=350%2C200&ssl=1 1x, https:\/\/i0.wp.com\/kohenavocats.com\/wp-content\/uploads\/2024\/08\/andre-benz-AiORnUT6sC0-unsplash.webp?resize=525%2C300&ssl=1 1.5x, https:\/\/i0.wp.com\/kohenavocats.com\/wp-content\/uploads\/2024\/08\/andre-benz-AiORnUT6sC0-unsplash.webp?resize=700%2C400&ssl=1 2x, https:\/\/i0.wp.com\/kohenavocats.com\/wp-content\/uploads\/2024\/08\/andre-benz-AiORnUT6sC0-unsplash.webp?resize=1050%2C600&ssl=1 3x, https:\/\/i0.wp.com\/kohenavocats.com\/wp-content\/uploads\/2024\/08\/andre-benz-AiORnUT6sC0-unsplash.webp?resize=1400%2C800&ssl=1 4x"},"classes":[]},{"id":684620,"url":"https:\/\/kohenavocats.com\/pt-pt\/cour-dappel-de-orleans-le-4-septembre-2025-n25-00477\/","url_meta":{"origin":640607,"position":3},"title":"Cour d&#8217;appel de Orl\u00e9ans, le 4 septembre 2025, n\u00b025\/00477","author":"Kohen","date":"25 de Abril, 2026","format":false,"excerpt":"Par un arr\u00eat du 4 septembre 2025, la Cour d'appel d'Orl\u00e9ans statue sur une requ\u00eate en retranchement visant un pr\u00e9c\u00e9dent arr\u00eat du 20 juin 2024. Deux associ\u00e9s ...","rel":"","context":"In &quot;Jurisprudence&quot;","block_context":{"text":"Jurisprudence","link":"https:\/\/kohenavocats.com\/category\/jurisprudence\/"},"img":{"alt_text":"","src":"https:\/\/i0.wp.com\/kohenavocats.com\/wp-content\/uploads\/2024\/11\/mohamed-nohassi-2UZMc83XJ8I-unsplash.webp?resize=350%2C200&ssl=1","width":350,"height":200,"srcset":"https:\/\/i0.wp.com\/kohenavocats.com\/wp-content\/uploads\/2024\/11\/mohamed-nohassi-2UZMc83XJ8I-unsplash.webp?resize=350%2C200&ssl=1 1x, https:\/\/i0.wp.com\/kohenavocats.com\/wp-content\/uploads\/2024\/11\/mohamed-nohassi-2UZMc83XJ8I-unsplash.webp?resize=525%2C300&ssl=1 1.5x, https:\/\/i0.wp.com\/kohenavocats.com\/wp-content\/uploads\/2024\/11\/mohamed-nohassi-2UZMc83XJ8I-unsplash.webp?resize=700%2C400&ssl=1 2x, https:\/\/i0.wp.com\/kohenavocats.com\/wp-content\/uploads\/2024\/11\/mohamed-nohassi-2UZMc83XJ8I-unsplash.webp?resize=1050%2C600&ssl=1 3x, https:\/\/i0.wp.com\/kohenavocats.com\/wp-content\/uploads\/2024\/11\/mohamed-nohassi-2UZMc83XJ8I-unsplash.webp?resize=1400%2C800&ssl=1 4x"},"classes":[]},{"id":30087,"url":"https:\/\/kohenavocats.com\/pt-pt\/tribunal-judiciaire-de-paris-le-18-juin-2025-n25-52146\/","url_meta":{"origin":640607,"position":4},"title":"Tribunal judiciaire de Paris, le 18 juin 2025, n\u00b025\/52146","author":"Kohen","date":"5 de Novembro, 2025","format":false,"excerpt":"Le Tribunal judiciaire de Paris, par ordonnance de r\u00e9f\u00e9r\u00e9 du 18 juin 2025, statue sur l\u2019extension d\u2019une mesure d\u2019expertise. La d\u00e9cision s\u2019inscrit dans un cadre probatoire pr\u00e9contentieux o\u00f9 la r\u00e9union des parties potentiellement concern\u00e9es est recherch\u00e9e.Un expert avait \u00e9t\u00e9 commis par ordonnance du 22 octobre 2021, sa mission ayant \u00e9t\u00e9\u2026","rel":"","context":"In &quot;D\u00e9cisions juridiques&quot;","block_context":{"text":"D\u00e9cisions juridiques","link":"https:\/\/kohenavocats.com\/category\/decisions-juridiques\/"},"img":{"alt_text":"","src":"https:\/\/i0.wp.com\/kohenavocats.com\/wp-content\/uploads\/2024\/08\/camille-brodard-uZDXjqtVifU-unsplash.webp?resize=350%2C200&ssl=1","width":350,"height":200,"srcset":"https:\/\/i0.wp.com\/kohenavocats.com\/wp-content\/uploads\/2024\/08\/camille-brodard-uZDXjqtVifU-unsplash.webp?resize=350%2C200&ssl=1 1x, https:\/\/i0.wp.com\/kohenavocats.com\/wp-content\/uploads\/2024\/08\/camille-brodard-uZDXjqtVifU-unsplash.webp?resize=525%2C300&ssl=1 1.5x, https:\/\/i0.wp.com\/kohenavocats.com\/wp-content\/uploads\/2024\/08\/camille-brodard-uZDXjqtVifU-unsplash.webp?resize=700%2C400&ssl=1 2x, https:\/\/i0.wp.com\/kohenavocats.com\/wp-content\/uploads\/2024\/08\/camille-brodard-uZDXjqtVifU-unsplash.webp?resize=1050%2C600&ssl=1 3x, https:\/\/i0.wp.com\/kohenavocats.com\/wp-content\/uploads\/2024\/08\/camille-brodard-uZDXjqtVifU-unsplash.webp?resize=1400%2C800&ssl=1 4x"},"classes":[]},{"id":478751,"url":"https:\/\/kohenavocats.com\/pt-pt\/tribunal-judiciaire-de-saint-etienne-le-16-octobre-2025-n24-01862\/","url_meta":{"origin":640607,"position":5},"title":"Tribunal judiciaire de Saint-\u00c9tienne, le 16 octobre 2025, n\u00b024\/01862","author":"Kohen","date":"7 de Abril, 2026","format":false,"excerpt":"Le tribunal judiciaire de Saint-\u00c9tienne, par ordonnance du 16 octobre 2025, statue sur une demande en d\u00e9signation d\u2019expert. Le litige oppose une soci\u00e9t\u00e9 expl...","rel":"","context":"In &quot;Jurisprudence&quot;","block_context":{"text":"Jurisprudence","link":"https:\/\/kohenavocats.com\/category\/jurisprudence\/"},"img":{"alt_text":"","src":"https:\/\/i0.wp.com\/kohenavocats.com\/wp-content\/uploads\/2024\/07\/zac-nielson-s4vuMuapk4Y-unsplash.webp?resize=350%2C200&ssl=1","width":350,"height":200,"srcset":"https:\/\/i0.wp.com\/kohenavocats.com\/wp-content\/uploads\/2024\/07\/zac-nielson-s4vuMuapk4Y-unsplash.webp?resize=350%2C200&ssl=1 1x, https:\/\/i0.wp.com\/kohenavocats.com\/wp-content\/uploads\/2024\/07\/zac-nielson-s4vuMuapk4Y-unsplash.webp?resize=525%2C300&ssl=1 1.5x, https:\/\/i0.wp.com\/kohenavocats.com\/wp-content\/uploads\/2024\/07\/zac-nielson-s4vuMuapk4Y-unsplash.webp?resize=700%2C400&ssl=1 2x, https:\/\/i0.wp.com\/kohenavocats.com\/wp-content\/uploads\/2024\/07\/zac-nielson-s4vuMuapk4Y-unsplash.webp?resize=1050%2C600&ssl=1 3x, https:\/\/i0.wp.com\/kohenavocats.com\/wp-content\/uploads\/2024\/07\/zac-nielson-s4vuMuapk4Y-unsplash.webp?resize=1400%2C800&ssl=1 4x"},"classes":[]}],"jetpack_sharing_enabled":true,"_links":{"self":[{"href":"https:\/\/kohenavocats.com\/pt-pt\/wp-json\/wp\/v2\/posts\/640607","targetHints":{"allow":["GET"]}}],"collection":[{"href":"https:\/\/kohenavocats.com\/pt-pt\/wp-json\/wp\/v2\/posts"}],"about":[{"href":"https:\/\/kohenavocats.com\/pt-pt\/wp-json\/wp\/v2\/types\/post"}],"author":[{"embeddable":true,"href":"https:\/\/kohenavocats.com\/pt-pt\/wp-json\/wp\/v2\/users\/232070755"}],"replies":[{"embeddable":true,"href":"https:\/\/kohenavocats.com\/pt-pt\/wp-json\/wp\/v2\/comments?post=640607"}],"version-history":[{"count":0,"href":"https:\/\/kohenavocats.com\/pt-pt\/wp-json\/wp\/v2\/posts\/640607\/revisions"}],"wp:featuredmedia":[{"embeddable":true,"href":"https:\/\/kohenavocats.com\/pt-pt\/wp-json\/wp\/v2\/media\/4691"}],"wp:attachment":[{"href":"https:\/\/kohenavocats.com\/pt-pt\/wp-json\/wp\/v2\/media?parent=640607"}],"wp:term":[{"taxonomy":"category","embeddable":true,"href":"https:\/\/kohenavocats.com\/pt-pt\/wp-json\/wp\/v2\/categories?post=640607"},{"taxonomy":"post_tag","embeddable":true,"href":"https:\/\/kohenavocats.com\/pt-pt\/wp-json\/wp\/v2\/tags?post=640607"}],"curies":[{"name":"wp","href":"https:\/\/api.w.org\/{rel}","templated":true}]}}