{"id":643000,"date":"2026-04-22T02:38:03","date_gmt":"2026-04-22T00:38:03","guid":{"rendered":"https:\/\/kohenavocats.com\/tribunal-judiciaire-de-mesnil-amelot-le-8-octobre-2025-n25-04007\/"},"modified":"2026-04-22T02:38:03","modified_gmt":"2026-04-22T00:38:03","slug":"tribunal-judiciaire-de-mesnil-amelot-le-8-octobre-2025-n25-04007","status":"publish","type":"post","link":"https:\/\/kohenavocats.com\/pt-pt\/tribunal-judiciaire-de-mesnil-amelot-le-8-octobre-2025-n25-04007\/","title":{"rendered":"Tribunal judiciaire de Mesnil-Amelot, le 8 octobre 2025, n\u00b025\/04007"},"content":{"rendered":"<div class=\"article-content\">\n<p>Le tribunal judiciaire du Mesnil-Amelot, statuant en mati\u00e8re de r\u00e9tention administrative, a rendu une ordonnance le 8 octobre 2025. Le juge a \u00e9t\u00e9 saisi pour une troisi\u00e8me prolongation de la r\u00e9tention d\u2019un \u00e9tranger faisant l\u2019objet d\u2019une mesure d\u2019\u00e9loignement. La question principale \u00e9tait la r\u00e9union des conditions l\u00e9gales pour une telle prolongation exceptionnelle. Le juge a fait droit \u00e0 la requ\u00eate de l\u2019administration et a ordonn\u00e9 la prolongation pour quinze jours.<\/p>\n<p>La comp\u00e9tence et le contr\u00f4le du juge judiciaire<\/p>\n<p>Le juge exerce un contr\u00f4le autonome de la l\u00e9galit\u00e9 de la r\u00e9tention. Il statue en tant que gardien de la libert\u00e9 individuelle ind\u00e9pendamment de tout recours sur le fond de la mesure d\u2019\u00e9loignement. Cette mission sp\u00e9cifique est affirm\u00e9e d\u00e8s le premier motif de la d\u00e9cision. Le juge judiciaire v\u00e9rifie ainsi la r\u00e9gularit\u00e9 proc\u00e9durale de la privation de libert\u00e9.<\/p>\n<p>Son contr\u00f4le se distingue nettement de celui du juge administratif. Ce dernier appr\u00e9cie la l\u00e9galit\u00e9 et l\u2019opportunit\u00e9 de la d\u00e9cision d\u2019\u00e9loignement et de placement en r\u00e9tention. La d\u00e9cision rappelle ce partage des comp\u00e9tences &#8220;en vertu du principe de la s\u00e9paration des pouvoirs&#8221; (Motifs). Cette r\u00e9partition consacre un contr\u00f4le juridictionnel dualiste et sp\u00e9cialis\u00e9 de la r\u00e9tention administrative.<\/p>\n<p>Les conditions strictes de la troisi\u00e8me prolongation<\/p>\n<p>Le cadre l\u00e9gal de la troisi\u00e8me prolongation est interpr\u00e9t\u00e9 de mani\u00e8re restrictive. L\u2019article L. 742-5 du CESEDA \u00e9num\u00e8re des hypoth\u00e8ses exceptionnelles. Le juge rappelle que &#8220;ces conditions ne sont pas cumulatives&#8221; (Motifs). Une seule cause suffit donc \u00e0 justifier la prolongation, ce qui en facilite l\u2019application par l\u2019administration.<\/p>\n<p>En l\u2019esp\u00e8ce, le juge retient l\u2019obstruction volontaire de la personne retenue. Celle-ci a refus\u00e9 &#8220;d\u2019\u00eatre pr\u00e9sent\u00e9e aux autorit\u00e9s consulaires le 30 septembre 2025&#8221; (Motifs). Ce fait, survenu dans les quinze derniers jours, constitue une obstruction \u00e0 l\u2019ex\u00e9cution de la mesure. Cette qualification rejoint la jurisprudence existante sur la notion d\u2019obstruction. &#8220;En l&#8217;esp\u00e8ce, le premier juge a motiv\u00e9 la troisi\u00e8me prolongation de la r\u00e9tention [&#8230;] par les effets de l&#8217;obstruction volontaire de la personne retenue&#8221; (Cour d&#8217;appel de Paris, le 15 ao\u00fbt 2022, n\u00b022\/02593).<\/p>\n<p>La port\u00e9e de la d\u00e9cision et les droits de la personne retenue<\/p>\n<p>La d\u00e9cision consacre une interpr\u00e9tation large de la notion d\u2019obstruction. Un refus isol\u00e9 de coop\u00e9ration, comme une pr\u00e9sentation consulaire, peut suffire. Cette approche est conforme \u00e0 une jurisprudence ant\u00e9rieure de la Cour de cassation. &#8220;6. En statuant ainsi, alors qu&#8217;il r\u00e9sultait de ses propres constatations que [&#8230;] n&#8217;avait pas manifest\u00e9 d&#8217;autre obstruction [&#8230;] que son refus d&#8217;embarquement&#8221; (Cass. Premi\u00e8re chambre civile, le 23 juin 2021, n\u00b020-17.041). L\u2019obstruction n\u2019exige donc pas n\u00e9cessairement un comportement r\u00e9p\u00e9t\u00e9 ou actif.<\/p>\n<p>Le juge \u00e9carte par ailleurs toute alternative \u00e0 la r\u00e9tention. L\u2019assignation \u00e0 r\u00e9sidence est jug\u00e9e impossible en l\u2019absence de passeport remis. Il note que la personne &#8220;n\u2019a pas pr\u00e9alablement remis \u00e0 un service de police [&#8230;] un passeport en cours de validit\u00e9&#8221; (Annexe). Les garanties de repr\u00e9sentation sont ainsi consid\u00e9r\u00e9es comme insuffisantes sans ce document. Cette condition mat\u00e9rielle stricte limite consid\u00e9rablement le recours \u00e0 cette mesure moins coercitive.<\/p>\n<\/div>\n","protected":false},"excerpt":{"rendered":"<p>Le tribunal judiciaire du Mesnil-Amelot, statuant en mati\u00e8re de r\u00e9tention administrative, a rendu une ordonnance le 8 octobre 2025. Le juge a \u00e9t\u00e9 saisi pour &#8230;<\/p>\n","protected":false},"author":232070755,"featured_media":9519,"comment_status":"open","ping_status":"open","sticky":false,"template":"","format":"standard","meta":{"_crdt_document":"","_jetpack_newsletter_access":"","_jetpack_dont_email_post_to_subs":false,"_jetpack_newsletter_tier_id":0,"_jetpack_memberships_contains_paywalled_content":false,"_kj_source_type":"","_kj_official_id":"","_kj_official_url":"","_kj_judilibre_id":"","_kj_jur":"","_kj_lieu":"","_kj_chambre":"","_kj_rg":"","_kj_date":"","_jetpack_memberships_contains_paid_content":false,"footnotes":"","jetpack_post_was_ever_published":false},"categories":[7597],"tags":[],"class_list":["post-643000","post","type-post","status-publish","format-standard","has-post-thumbnail","hentry","category-jurisprudence"],"yoast_head":"<!-- This site is optimized with the Yoast SEO Premium plugin v27.4 (Yoast SEO v27.4) - https:\/\/yoast.com\/product\/yoast-seo-premium-wordpress\/ -->\n<title>Tribunal judiciaire de Mesnil-Amelot, le 8 octobre 2025, n\u00b025\/04007 - Ma\u00eetre Hassan Kohen, avocat en droit p\u00e9nal \u00e0 Paris<\/title>\n<meta name=\"description\" content=\"Le tribunal judiciaire du Mesnil-Amelot, statuant en mati\u00e8re de r\u00e9tention administrative, a rendu une ordonnance le 8 octobre 2025. Le juge a \u00e9t\u00e9 saisi pour ...\" \/>\n<meta name=\"robots\" content=\"index, follow, max-snippet:-1, max-image-preview:large, max-video-preview:-1\" \/>\n<link rel=\"canonical\" href=\"https:\/\/kohenavocats.com\/pt-pt\/tribunal-judiciaire-de-mesnil-amelot-le-8-octobre-2025-n25-04007\/\" \/>\n<meta property=\"og:locale\" content=\"pt_PT\" \/>\n<meta property=\"og:type\" content=\"article\" \/>\n<meta property=\"og:title\" content=\"Tribunal judiciaire de Mesnil-Amelot, le 8 octobre 2025, n\u00b025\/04007\" \/>\n<meta property=\"og:description\" content=\"Le tribunal judiciaire du Mesnil-Amelot, statuant en mati\u00e8re de r\u00e9tention administrative, a rendu une ordonnance le 8 octobre 2025. Le juge a \u00e9t\u00e9 saisi pour ...\" \/>\n<meta property=\"og:url\" content=\"https:\/\/kohenavocats.com\/pt-pt\/tribunal-judiciaire-de-mesnil-amelot-le-8-octobre-2025-n25-04007\/\" \/>\n<meta property=\"og:site_name\" content=\"Ma\u00eetre Hassan Kohen, avocat en droit p\u00e9nal \u00e0 Paris\" \/>\n<meta property=\"article:published_time\" content=\"2026-04-22T00:38:03+00:00\" \/>\n<meta property=\"og:image\" content=\"https:\/\/kohenavocats.com\/wp-content\/uploads\/2024\/11\/getty-images-Sk9JF1KDz6M-unsplash.webp\" \/>\n\t<meta property=\"og:image:width\" content=\"8000\" \/>\n\t<meta property=\"og:image:height\" content=\"5333\" \/>\n\t<meta property=\"og:image:type\" content=\"image\/webp\" \/>\n<meta name=\"author\" content=\"Kohen\" \/>\n<meta name=\"twitter:card\" content=\"summary_large_image\" \/>\n<meta name=\"twitter:label1\" content=\"Escrito por\" \/>\n\t<meta name=\"twitter:data1\" content=\"Kohen\" \/>\n\t<meta name=\"twitter:label2\" content=\"Tempo estimado de leitura\" \/>\n\t<meta name=\"twitter:data2\" content=\"3 minutos\" \/>\n<script type=\"application\/ld+json\" class=\"yoast-schema-graph\">{\"@context\":\"https:\\\/\\\/schema.org\",\"@graph\":[{\"@type\":\"Article\",\"@id\":\"https:\\\/\\\/kohenavocats.com\\\/pt-pt\\\/tribunal-judiciaire-de-mesnil-amelot-le-8-octobre-2025-n25-04007\\\/#article\",\"isPartOf\":{\"@id\":\"https:\\\/\\\/kohenavocats.com\\\/pt-pt\\\/tribunal-judiciaire-de-mesnil-amelot-le-8-octobre-2025-n25-04007\\\/\"},\"author\":{\"name\":\"Kohen\",\"@id\":\"https:\\\/\\\/kohenavocats.com\\\/pt-pt\\\/#\\\/schema\\\/person\\\/761c9ba54fa1ca84d405cef0831ff751\"},\"headline\":\"Tribunal judiciaire de Mesnil-Amelot, le 8 octobre 2025, n\u00b025\\\/04007\",\"datePublished\":\"2026-04-22T00:38:03+00:00\",\"mainEntityOfPage\":{\"@id\":\"https:\\\/\\\/kohenavocats.com\\\/pt-pt\\\/tribunal-judiciaire-de-mesnil-amelot-le-8-octobre-2025-n25-04007\\\/\"},\"wordCount\":571,\"commentCount\":0,\"publisher\":{\"@id\":\"https:\\\/\\\/kohenavocats.com\\\/pt-pt\\\/#organization\"},\"image\":{\"@id\":\"https:\\\/\\\/kohenavocats.com\\\/pt-pt\\\/tribunal-judiciaire-de-mesnil-amelot-le-8-octobre-2025-n25-04007\\\/#primaryimage\"},\"thumbnailUrl\":\"https:\\\/\\\/kohenavocats.com\\\/wp-content\\\/uploads\\\/2024\\\/11\\\/getty-images-Sk9JF1KDz6M-unsplash.webp\",\"articleSection\":[\"Jurisprudence\"],\"inLanguage\":\"pt-PT\",\"potentialAction\":[{\"@type\":\"CommentAction\",\"name\":\"Comment\",\"target\":[\"https:\\\/\\\/kohenavocats.com\\\/pt-pt\\\/tribunal-judiciaire-de-mesnil-amelot-le-8-octobre-2025-n25-04007\\\/#respond\"]}],\"citation\":\"Tribunal judiciaire de Mesnil-Amelot, le 8 octobre 2025, n\u00b025\\\/04007\",\"about\":[{\"@type\":\"Thing\",\"name\":\"Jurisprudence\"}],\"dateModified\":\"2026-04-22T00:38:03+00:00\",\"speakable\":{\"@type\":\"SpeakableSpecification\",\"cssSelector\":[\".article-content > p:first-of-type\"]}},{\"@type\":\"WebPage\",\"@id\":\"https:\\\/\\\/kohenavocats.com\\\/pt-pt\\\/tribunal-judiciaire-de-mesnil-amelot-le-8-octobre-2025-n25-04007\\\/\",\"url\":\"https:\\\/\\\/kohenavocats.com\\\/pt-pt\\\/tribunal-judiciaire-de-mesnil-amelot-le-8-octobre-2025-n25-04007\\\/\",\"name\":\"Tribunal judiciaire de Mesnil-Amelot, le 8 octobre 2025, n\u00b025\\\/04007 - Ma\u00eetre Hassan Kohen, avocat en droit p\u00e9nal \u00e0 Paris\",\"isPartOf\":{\"@id\":\"https:\\\/\\\/kohenavocats.com\\\/pt-pt\\\/#website\"},\"primaryImageOfPage\":{\"@id\":\"https:\\\/\\\/kohenavocats.com\\\/pt-pt\\\/tribunal-judiciaire-de-mesnil-amelot-le-8-octobre-2025-n25-04007\\\/#primaryimage\"},\"image\":{\"@id\":\"https:\\\/\\\/kohenavocats.com\\\/pt-pt\\\/tribunal-judiciaire-de-mesnil-amelot-le-8-octobre-2025-n25-04007\\\/#primaryimage\"},\"thumbnailUrl\":\"https:\\\/\\\/kohenavocats.com\\\/wp-content\\\/uploads\\\/2024\\\/11\\\/getty-images-Sk9JF1KDz6M-unsplash.webp\",\"datePublished\":\"2026-04-22T00:38:03+00:00\",\"description\":\"Le tribunal judiciaire du Mesnil-Amelot, statuant en mati\u00e8re de r\u00e9tention administrative, a rendu une ordonnance le 8 octobre 2025. Le juge a \u00e9t\u00e9 saisi pour ...\",\"breadcrumb\":{\"@id\":\"https:\\\/\\\/kohenavocats.com\\\/pt-pt\\\/tribunal-judiciaire-de-mesnil-amelot-le-8-octobre-2025-n25-04007\\\/#breadcrumb\"},\"inLanguage\":\"pt-PT\",\"potentialAction\":[{\"@type\":\"ReadAction\",\"target\":[\"https:\\\/\\\/kohenavocats.com\\\/pt-pt\\\/tribunal-judiciaire-de-mesnil-amelot-le-8-octobre-2025-n25-04007\\\/\"]}]},{\"@type\":\"ImageObject\",\"inLanguage\":\"pt-PT\",\"@id\":\"https:\\\/\\\/kohenavocats.com\\\/pt-pt\\\/tribunal-judiciaire-de-mesnil-amelot-le-8-octobre-2025-n25-04007\\\/#primaryimage\",\"url\":\"https:\\\/\\\/kohenavocats.com\\\/wp-content\\\/uploads\\\/2024\\\/11\\\/getty-images-Sk9JF1KDz6M-unsplash.webp\",\"contentUrl\":\"https:\\\/\\\/kohenavocats.com\\\/wp-content\\\/uploads\\\/2024\\\/11\\\/getty-images-Sk9JF1KDz6M-unsplash.webp\",\"width\":8000,\"height\":5333},{\"@type\":\"BreadcrumbList\",\"@id\":\"https:\\\/\\\/kohenavocats.com\\\/pt-pt\\\/tribunal-judiciaire-de-mesnil-amelot-le-8-octobre-2025-n25-04007\\\/#breadcrumb\",\"itemListElement\":[{\"@type\":\"ListItem\",\"position\":1,\"name\":\"Home\",\"item\":\"https:\\\/\\\/kohenavocats.com\\\/pt-pt\\\/avocats-en-droit-penal-a-paris-conseil-et-defense-strategique\\\/\"},{\"@type\":\"ListItem\",\"position\":2,\"name\":\"Tribunal judiciaire de Mesnil-Amelot, le 8 octobre 2025, n\u00b025\\\/04007\"}]},{\"@type\":\"WebSite\",\"@id\":\"https:\\\/\\\/kohenavocats.com\\\/pt-pt\\\/#website\",\"url\":\"https:\\\/\\\/kohenavocats.com\\\/pt-pt\\\/\",\"name\":\"Kohen Avocats\",\"description\":\"Ma\u00eetre Hassan Kohen, avocat p\u00e9naliste \u00e0 Paris, intervient exclusivement en droit p\u00e9nal pour la d\u00e9fense des particuliers, notamment en mati\u00e8re d\u2019accusations de viol. Il assure un accompagnement rigoureux d\u00e8s la garde \u00e0 vue jusqu\u2019\u00e0 la Cour d\u2019assises, veillant au strict respect des garanties proc\u00e9durales.\",\"publisher\":{\"@id\":\"https:\\\/\\\/kohenavocats.com\\\/pt-pt\\\/#organization\"},\"potentialAction\":[{\"@type\":\"SearchAction\",\"target\":{\"@type\":\"EntryPoint\",\"urlTemplate\":\"https:\\\/\\\/kohenavocats.com\\\/pt-pt\\\/?s={search_term_string}\"},\"query-input\":{\"@type\":\"PropertyValueSpecification\",\"valueRequired\":true,\"valueName\":\"search_term_string\"}}],\"inLanguage\":\"pt-PT\"},{\"@type\":\"Organization\",\"@id\":\"https:\\\/\\\/kohenavocats.com\\\/pt-pt\\\/#organization\",\"name\":\"Kohen Avocats\",\"url\":\"https:\\\/\\\/kohenavocats.com\\\/pt-pt\\\/\",\"logo\":{\"@type\":\"ImageObject\",\"inLanguage\":\"pt-PT\",\"@id\":\"https:\\\/\\\/kohenavocats.com\\\/pt-pt\\\/#\\\/schema\\\/logo\\\/image\\\/\",\"url\":\"https:\\\/\\\/kohenavocats.com\\\/wp-content\\\/uploads\\\/2026\\\/01\\\/Logo-2-1.webp\",\"contentUrl\":\"https:\\\/\\\/kohenavocats.com\\\/wp-content\\\/uploads\\\/2026\\\/01\\\/Logo-2-1.webp\",\"width\":2114,\"height\":1253,\"caption\":\"Kohen Avocats\"},\"image\":{\"@id\":\"https:\\\/\\\/kohenavocats.com\\\/pt-pt\\\/#\\\/schema\\\/logo\\\/image\\\/\"}},{\"@type\":\"Person\",\"@id\":\"https:\\\/\\\/kohenavocats.com\\\/pt-pt\\\/#\\\/schema\\\/person\\\/761c9ba54fa1ca84d405cef0831ff751\",\"name\":\"Kohen\",\"image\":{\"@type\":\"ImageObject\",\"inLanguage\":\"pt-PT\",\"@id\":\"https:\\\/\\\/secure.gravatar.com\\\/avatar\\\/1c5e76ef76bbbfdd2b4da984e2bf2fa4056fd51a27d25ce2c332047f1dfd6e00?s=96&d=identicon&r=g\",\"url\":\"https:\\\/\\\/secure.gravatar.com\\\/avatar\\\/1c5e76ef76bbbfdd2b4da984e2bf2fa4056fd51a27d25ce2c332047f1dfd6e00?s=96&d=identicon&r=g\",\"contentUrl\":\"https:\\\/\\\/secure.gravatar.com\\\/avatar\\\/1c5e76ef76bbbfdd2b4da984e2bf2fa4056fd51a27d25ce2c332047f1dfd6e00?s=96&d=identicon&r=g\",\"caption\":\"Kohen\"},\"sameAs\":[\"https:\\\/\\\/www.linkedin.com\\\/in\\\/hassan-kohen-448548192\\\/\",\"https:\\\/\\\/www.youtube.com\\\/@Kohen-Avocats\"],\"url\":\"https:\\\/\\\/kohenavocats.com\\\/pt-pt\\\/author\\\/kohenmlk\\\/\"}]}<\/script>\n<!-- \/ Yoast SEO Premium plugin. -->","yoast_head_json":{"title":"Tribunal judiciaire de Mesnil-Amelot, le 8 octobre 2025, n\u00b025\/04007 - Ma\u00eetre Hassan Kohen, avocat en droit p\u00e9nal \u00e0 Paris","description":"Le tribunal judiciaire du Mesnil-Amelot, statuant en mati\u00e8re de r\u00e9tention administrative, a rendu une ordonnance le 8 octobre 2025. Le juge a \u00e9t\u00e9 saisi pour ...","robots":{"index":"index","follow":"follow","max-snippet":"max-snippet:-1","max-image-preview":"max-image-preview:large","max-video-preview":"max-video-preview:-1"},"canonical":"https:\/\/kohenavocats.com\/pt-pt\/tribunal-judiciaire-de-mesnil-amelot-le-8-octobre-2025-n25-04007\/","og_locale":"pt_PT","og_type":"article","og_title":"Tribunal judiciaire de Mesnil-Amelot, le 8 octobre 2025, n\u00b025\/04007","og_description":"Le tribunal judiciaire du Mesnil-Amelot, statuant en mati\u00e8re de r\u00e9tention administrative, a rendu une ordonnance le 8 octobre 2025. Le juge a \u00e9t\u00e9 saisi pour ...","og_url":"https:\/\/kohenavocats.com\/pt-pt\/tribunal-judiciaire-de-mesnil-amelot-le-8-octobre-2025-n25-04007\/","og_site_name":"Ma\u00eetre Hassan Kohen, avocat en droit p\u00e9nal \u00e0 Paris","article_published_time":"2026-04-22T00:38:03+00:00","og_image":[{"width":8000,"height":5333,"url":"https:\/\/kohenavocats.com\/wp-content\/uploads\/2024\/11\/getty-images-Sk9JF1KDz6M-unsplash.webp","type":"image\/webp"}],"author":"Kohen","twitter_card":"summary_large_image","twitter_misc":{"Escrito por":"Kohen","Tempo estimado de leitura":"3 minutos"},"schema":{"@context":"https:\/\/schema.org","@graph":[{"@type":"Article","@id":"https:\/\/kohenavocats.com\/pt-pt\/tribunal-judiciaire-de-mesnil-amelot-le-8-octobre-2025-n25-04007\/#article","isPartOf":{"@id":"https:\/\/kohenavocats.com\/pt-pt\/tribunal-judiciaire-de-mesnil-amelot-le-8-octobre-2025-n25-04007\/"},"author":{"name":"Kohen","@id":"https:\/\/kohenavocats.com\/pt-pt\/#\/schema\/person\/761c9ba54fa1ca84d405cef0831ff751"},"headline":"Tribunal judiciaire de Mesnil-Amelot, le 8 octobre 2025, n\u00b025\/04007","datePublished":"2026-04-22T00:38:03+00:00","mainEntityOfPage":{"@id":"https:\/\/kohenavocats.com\/pt-pt\/tribunal-judiciaire-de-mesnil-amelot-le-8-octobre-2025-n25-04007\/"},"wordCount":571,"commentCount":0,"publisher":{"@id":"https:\/\/kohenavocats.com\/pt-pt\/#organization"},"image":{"@id":"https:\/\/kohenavocats.com\/pt-pt\/tribunal-judiciaire-de-mesnil-amelot-le-8-octobre-2025-n25-04007\/#primaryimage"},"thumbnailUrl":"https:\/\/kohenavocats.com\/wp-content\/uploads\/2024\/11\/getty-images-Sk9JF1KDz6M-unsplash.webp","articleSection":["Jurisprudence"],"inLanguage":"pt-PT","potentialAction":[{"@type":"CommentAction","name":"Comment","target":["https:\/\/kohenavocats.com\/pt-pt\/tribunal-judiciaire-de-mesnil-amelot-le-8-octobre-2025-n25-04007\/#respond"]}],"citation":"Tribunal judiciaire de Mesnil-Amelot, le 8 octobre 2025, n\u00b025\/04007","about":[{"@type":"Thing","name":"Jurisprudence"}],"dateModified":"2026-04-22T00:38:03+00:00","speakable":{"@type":"SpeakableSpecification","cssSelector":[".article-content > p:first-of-type"]}},{"@type":"WebPage","@id":"https:\/\/kohenavocats.com\/pt-pt\/tribunal-judiciaire-de-mesnil-amelot-le-8-octobre-2025-n25-04007\/","url":"https:\/\/kohenavocats.com\/pt-pt\/tribunal-judiciaire-de-mesnil-amelot-le-8-octobre-2025-n25-04007\/","name":"Tribunal judiciaire de Mesnil-Amelot, le 8 octobre 2025, n\u00b025\/04007 - Ma\u00eetre Hassan Kohen, avocat en droit p\u00e9nal \u00e0 Paris","isPartOf":{"@id":"https:\/\/kohenavocats.com\/pt-pt\/#website"},"primaryImageOfPage":{"@id":"https:\/\/kohenavocats.com\/pt-pt\/tribunal-judiciaire-de-mesnil-amelot-le-8-octobre-2025-n25-04007\/#primaryimage"},"image":{"@id":"https:\/\/kohenavocats.com\/pt-pt\/tribunal-judiciaire-de-mesnil-amelot-le-8-octobre-2025-n25-04007\/#primaryimage"},"thumbnailUrl":"https:\/\/kohenavocats.com\/wp-content\/uploads\/2024\/11\/getty-images-Sk9JF1KDz6M-unsplash.webp","datePublished":"2026-04-22T00:38:03+00:00","description":"Le tribunal judiciaire du Mesnil-Amelot, statuant en mati\u00e8re de r\u00e9tention administrative, a rendu une ordonnance le 8 octobre 2025. Le juge a \u00e9t\u00e9 saisi pour ...","breadcrumb":{"@id":"https:\/\/kohenavocats.com\/pt-pt\/tribunal-judiciaire-de-mesnil-amelot-le-8-octobre-2025-n25-04007\/#breadcrumb"},"inLanguage":"pt-PT","potentialAction":[{"@type":"ReadAction","target":["https:\/\/kohenavocats.com\/pt-pt\/tribunal-judiciaire-de-mesnil-amelot-le-8-octobre-2025-n25-04007\/"]}]},{"@type":"ImageObject","inLanguage":"pt-PT","@id":"https:\/\/kohenavocats.com\/pt-pt\/tribunal-judiciaire-de-mesnil-amelot-le-8-octobre-2025-n25-04007\/#primaryimage","url":"https:\/\/kohenavocats.com\/wp-content\/uploads\/2024\/11\/getty-images-Sk9JF1KDz6M-unsplash.webp","contentUrl":"https:\/\/kohenavocats.com\/wp-content\/uploads\/2024\/11\/getty-images-Sk9JF1KDz6M-unsplash.webp","width":8000,"height":5333},{"@type":"BreadcrumbList","@id":"https:\/\/kohenavocats.com\/pt-pt\/tribunal-judiciaire-de-mesnil-amelot-le-8-octobre-2025-n25-04007\/#breadcrumb","itemListElement":[{"@type":"ListItem","position":1,"name":"Home","item":"https:\/\/kohenavocats.com\/pt-pt\/avocats-en-droit-penal-a-paris-conseil-et-defense-strategique\/"},{"@type":"ListItem","position":2,"name":"Tribunal judiciaire de Mesnil-Amelot, le 8 octobre 2025, n\u00b025\/04007"}]},{"@type":"WebSite","@id":"https:\/\/kohenavocats.com\/pt-pt\/#website","url":"https:\/\/kohenavocats.com\/pt-pt\/","name":"Kohen Avocats","description":"Ma\u00eetre Hassan Kohen, avocat p\u00e9naliste \u00e0 Paris, intervient exclusivement en droit p\u00e9nal pour la d\u00e9fense des particuliers, notamment en mati\u00e8re d\u2019accusations de viol. Il assure un accompagnement rigoureux d\u00e8s la garde \u00e0 vue jusqu\u2019\u00e0 la Cour d\u2019assises, veillant au strict respect des garanties proc\u00e9durales.","publisher":{"@id":"https:\/\/kohenavocats.com\/pt-pt\/#organization"},"potentialAction":[{"@type":"SearchAction","target":{"@type":"EntryPoint","urlTemplate":"https:\/\/kohenavocats.com\/pt-pt\/?s={search_term_string}"},"query-input":{"@type":"PropertyValueSpecification","valueRequired":true,"valueName":"search_term_string"}}],"inLanguage":"pt-PT"},{"@type":"Organization","@id":"https:\/\/kohenavocats.com\/pt-pt\/#organization","name":"Kohen Avocats","url":"https:\/\/kohenavocats.com\/pt-pt\/","logo":{"@type":"ImageObject","inLanguage":"pt-PT","@id":"https:\/\/kohenavocats.com\/pt-pt\/#\/schema\/logo\/image\/","url":"https:\/\/kohenavocats.com\/wp-content\/uploads\/2026\/01\/Logo-2-1.webp","contentUrl":"https:\/\/kohenavocats.com\/wp-content\/uploads\/2026\/01\/Logo-2-1.webp","width":2114,"height":1253,"caption":"Kohen Avocats"},"image":{"@id":"https:\/\/kohenavocats.com\/pt-pt\/#\/schema\/logo\/image\/"}},{"@type":"Person","@id":"https:\/\/kohenavocats.com\/pt-pt\/#\/schema\/person\/761c9ba54fa1ca84d405cef0831ff751","name":"Kohen","image":{"@type":"ImageObject","inLanguage":"pt-PT","@id":"https:\/\/secure.gravatar.com\/avatar\/1c5e76ef76bbbfdd2b4da984e2bf2fa4056fd51a27d25ce2c332047f1dfd6e00?s=96&d=identicon&r=g","url":"https:\/\/secure.gravatar.com\/avatar\/1c5e76ef76bbbfdd2b4da984e2bf2fa4056fd51a27d25ce2c332047f1dfd6e00?s=96&d=identicon&r=g","contentUrl":"https:\/\/secure.gravatar.com\/avatar\/1c5e76ef76bbbfdd2b4da984e2bf2fa4056fd51a27d25ce2c332047f1dfd6e00?s=96&d=identicon&r=g","caption":"Kohen"},"sameAs":["https:\/\/www.linkedin.com\/in\/hassan-kohen-448548192\/","https:\/\/www.youtube.com\/@Kohen-Avocats"],"url":"https:\/\/kohenavocats.com\/pt-pt\/author\/kohenmlk\/"}]}},"jetpack_featured_media_url":"https:\/\/kohenavocats.com\/wp-content\/uploads\/2024\/11\/getty-images-Sk9JF1KDz6M-unsplash.webp","jetpack_likes_enabled":false,"jetpack_shortlink":"https:\/\/wp.me\/peCrII-2HgY","jetpack-related-posts":[{"id":635116,"url":"https:\/\/kohenavocats.com\/pt-pt\/tribunal-judiciaire-de-mesnil-amelot-le-11-octobre-2025-n25-04062\/","url_meta":{"origin":643000,"position":0},"title":"Tribunal judiciaire de Mesnil-Amelot, le 11 octobre 2025, n\u00b025\/04062","author":"Kohen","date":"21 de Abril, 2026","format":false,"excerpt":"Le tribunal judiciaire du Mesnil-Amelot, statuant le 11 octobre 2025, examine une requ\u00eate en prolongation de r\u00e9tention administrative. Le juge des libert\u00e9s e...","rel":"","context":"In &quot;Jurisprudence&quot;","block_context":{"text":"Jurisprudence","link":"https:\/\/kohenavocats.com\/category\/jurisprudence\/"},"img":{"alt_text":"","src":"https:\/\/i0.wp.com\/kohenavocats.com\/wp-content\/uploads\/2024\/08\/diane-picchiottino-x5-AOGEbv3c-unsplash.webp?resize=350%2C200&ssl=1","width":350,"height":200,"srcset":"https:\/\/i0.wp.com\/kohenavocats.com\/wp-content\/uploads\/2024\/08\/diane-picchiottino-x5-AOGEbv3c-unsplash.webp?resize=350%2C200&ssl=1 1x, https:\/\/i0.wp.com\/kohenavocats.com\/wp-content\/uploads\/2024\/08\/diane-picchiottino-x5-AOGEbv3c-unsplash.webp?resize=525%2C300&ssl=1 1.5x, https:\/\/i0.wp.com\/kohenavocats.com\/wp-content\/uploads\/2024\/08\/diane-picchiottino-x5-AOGEbv3c-unsplash.webp?resize=700%2C400&ssl=1 2x, https:\/\/i0.wp.com\/kohenavocats.com\/wp-content\/uploads\/2024\/08\/diane-picchiottino-x5-AOGEbv3c-unsplash.webp?resize=1050%2C600&ssl=1 3x, https:\/\/i0.wp.com\/kohenavocats.com\/wp-content\/uploads\/2024\/08\/diane-picchiottino-x5-AOGEbv3c-unsplash.webp?resize=1400%2C800&ssl=1 4x"},"classes":[]},{"id":630654,"url":"https:\/\/kohenavocats.com\/pt-pt\/tribunal-judiciaire-de-mesnil-amelot-le-15-octobre-2025-n25-04146\/","url_meta":{"origin":643000,"position":1},"title":"Tribunal judiciaire de Mesnil-Amelot, le 15 octobre 2025, n\u00b025\/04146","author":"Kohen","date":"21 de Abril, 2026","format":false,"excerpt":"Le tribunal judiciaire du Mesnil-Amelot, le 15 octobre 2025, statue sur un recours contre un placement en r\u00e9tention et une demande de prolongation. L\u2019int\u00e9res...","rel":"","context":"In &quot;Jurisprudence&quot;","block_context":{"text":"Jurisprudence","link":"https:\/\/kohenavocats.com\/category\/jurisprudence\/"},"img":{"alt_text":"","src":"https:\/\/i0.wp.com\/kohenavocats.com\/wp-content\/uploads\/2024\/11\/viktor-forgacs-uWfXBePbvnw-unsplash.webp?resize=350%2C200&ssl=1","width":350,"height":200,"srcset":"https:\/\/i0.wp.com\/kohenavocats.com\/wp-content\/uploads\/2024\/11\/viktor-forgacs-uWfXBePbvnw-unsplash.webp?resize=350%2C200&ssl=1 1x, https:\/\/i0.wp.com\/kohenavocats.com\/wp-content\/uploads\/2024\/11\/viktor-forgacs-uWfXBePbvnw-unsplash.webp?resize=525%2C300&ssl=1 1.5x, https:\/\/i0.wp.com\/kohenavocats.com\/wp-content\/uploads\/2024\/11\/viktor-forgacs-uWfXBePbvnw-unsplash.webp?resize=700%2C400&ssl=1 2x, https:\/\/i0.wp.com\/kohenavocats.com\/wp-content\/uploads\/2024\/11\/viktor-forgacs-uWfXBePbvnw-unsplash.webp?resize=1050%2C600&ssl=1 3x, https:\/\/i0.wp.com\/kohenavocats.com\/wp-content\/uploads\/2024\/11\/viktor-forgacs-uWfXBePbvnw-unsplash.webp?resize=1400%2C800&ssl=1 4x"},"classes":[]},{"id":642999,"url":"https:\/\/kohenavocats.com\/pt-pt\/tribunal-judiciaire-de-mesnil-amelot-le-8-octobre-2025-n25-04004\/","url_meta":{"origin":643000,"position":2},"title":"Tribunal judiciaire de Mesnil-Amelot, le 8 octobre 2025, n\u00b025\/04004","author":"Kohen","date":"22 de Abril, 2026","format":false,"excerpt":"Le tribunal judiciaire du Mesnil-Amelot, le 8 octobre 2025, statue sur une requ\u00eate en prolongation de r\u00e9tention administrative. Le juge des libert\u00e9s et de la...","rel":"","context":"In &quot;Jurisprudence&quot;","block_context":{"text":"Jurisprudence","link":"https:\/\/kohenavocats.com\/category\/jurisprudence\/"},"img":{"alt_text":"","src":"https:\/\/i0.wp.com\/kohenavocats.com\/wp-content\/uploads\/2024\/11\/andrej-lisakov-kuemAVWEwXU-unsplash.webp?resize=350%2C200&ssl=1","width":350,"height":200,"srcset":"https:\/\/i0.wp.com\/kohenavocats.com\/wp-content\/uploads\/2024\/11\/andrej-lisakov-kuemAVWEwXU-unsplash.webp?resize=350%2C200&ssl=1 1x, https:\/\/i0.wp.com\/kohenavocats.com\/wp-content\/uploads\/2024\/11\/andrej-lisakov-kuemAVWEwXU-unsplash.webp?resize=525%2C300&ssl=1 1.5x, https:\/\/i0.wp.com\/kohenavocats.com\/wp-content\/uploads\/2024\/11\/andrej-lisakov-kuemAVWEwXU-unsplash.webp?resize=700%2C400&ssl=1 2x, https:\/\/i0.wp.com\/kohenavocats.com\/wp-content\/uploads\/2024\/11\/andrej-lisakov-kuemAVWEwXU-unsplash.webp?resize=1050%2C600&ssl=1 3x, https:\/\/i0.wp.com\/kohenavocats.com\/wp-content\/uploads\/2024\/11\/andrej-lisakov-kuemAVWEwXU-unsplash.webp?resize=1400%2C800&ssl=1 4x"},"classes":[]},{"id":621484,"url":"https:\/\/kohenavocats.com\/pt-pt\/tribunal-judiciaire-de-mesnil-amelot-le-19-octobre-2025-n25-04191\/","url_meta":{"origin":643000,"position":3},"title":"Tribunal judiciaire de Mesnil-Amelot, le 19 octobre 2025, n\u00b025\/04191","author":"Kohen","date":"20 de Abril, 2026","format":false,"excerpt":"Le tribunal judiciaire du Mesnil-Amelot, statuant le 19 octobre 2025, examine une requ\u00eate en deuxi\u00e8me prolongation de r\u00e9tention administrative. La juridictio...","rel":"","context":"In &quot;Jurisprudence&quot;","block_context":{"text":"Jurisprudence","link":"https:\/\/kohenavocats.com\/category\/jurisprudence\/"},"img":{"alt_text":"","src":"https:\/\/i0.wp.com\/kohenavocats.com\/wp-content\/uploads\/2024\/11\/mohamed-nohassi-6QR1fxoLiDQ-unsplash.webp?resize=350%2C200&ssl=1","width":350,"height":200,"srcset":"https:\/\/i0.wp.com\/kohenavocats.com\/wp-content\/uploads\/2024\/11\/mohamed-nohassi-6QR1fxoLiDQ-unsplash.webp?resize=350%2C200&ssl=1 1x, https:\/\/i0.wp.com\/kohenavocats.com\/wp-content\/uploads\/2024\/11\/mohamed-nohassi-6QR1fxoLiDQ-unsplash.webp?resize=525%2C300&ssl=1 1.5x, https:\/\/i0.wp.com\/kohenavocats.com\/wp-content\/uploads\/2024\/11\/mohamed-nohassi-6QR1fxoLiDQ-unsplash.webp?resize=700%2C400&ssl=1 2x, https:\/\/i0.wp.com\/kohenavocats.com\/wp-content\/uploads\/2024\/11\/mohamed-nohassi-6QR1fxoLiDQ-unsplash.webp?resize=1050%2C600&ssl=1 3x, https:\/\/i0.wp.com\/kohenavocats.com\/wp-content\/uploads\/2024\/11\/mohamed-nohassi-6QR1fxoLiDQ-unsplash.webp?resize=1400%2C800&ssl=1 4x"},"classes":[]},{"id":647432,"url":"https:\/\/kohenavocats.com\/pt-pt\/tribunal-judiciaire-de-mesnil-amelot-le-4-octobre-2025-n25-03939\/","url_meta":{"origin":643000,"position":4},"title":"Tribunal judiciaire de Mesnil-Amelot, le 4 octobre 2025, n\u00b025\/03939","author":"Kohen","date":"22 de Abril, 2026","format":false,"excerpt":"Le tribunal judiciaire du Mesnil-Amelot, statuant le 4 octobre 2025, se prononce sur une requ\u00eate en prolongation de r\u00e9tention administrative. Apr\u00e8s un d\u00e9bat ...","rel":"","context":"In &quot;Jurisprudence&quot;","block_context":{"text":"Jurisprudence","link":"https:\/\/kohenavocats.com\/category\/jurisprudence\/"},"img":{"alt_text":"","src":"https:\/\/i0.wp.com\/kohenavocats.com\/wp-content\/uploads\/2024\/05\/daniele-d-andreti-mGH4FxehE2s-unsplash.webp?resize=350%2C200&ssl=1","width":350,"height":200,"srcset":"https:\/\/i0.wp.com\/kohenavocats.com\/wp-content\/uploads\/2024\/05\/daniele-d-andreti-mGH4FxehE2s-unsplash.webp?resize=350%2C200&ssl=1 1x, https:\/\/i0.wp.com\/kohenavocats.com\/wp-content\/uploads\/2024\/05\/daniele-d-andreti-mGH4FxehE2s-unsplash.webp?resize=525%2C300&ssl=1 1.5x, https:\/\/i0.wp.com\/kohenavocats.com\/wp-content\/uploads\/2024\/05\/daniele-d-andreti-mGH4FxehE2s-unsplash.webp?resize=700%2C400&ssl=1 2x, https:\/\/i0.wp.com\/kohenavocats.com\/wp-content\/uploads\/2024\/05\/daniele-d-andreti-mGH4FxehE2s-unsplash.webp?resize=1050%2C600&ssl=1 3x, https:\/\/i0.wp.com\/kohenavocats.com\/wp-content\/uploads\/2024\/05\/daniele-d-andreti-mGH4FxehE2s-unsplash.webp?resize=1400%2C800&ssl=1 4x"},"classes":[]},{"id":630704,"url":"https:\/\/kohenavocats.com\/pt-pt\/tribunal-judiciaire-de-mesnil-amelot-le-15-octobre-2025-n25-04123\/","url_meta":{"origin":643000,"position":5},"title":"Tribunal judiciaire de Mesnil-Amelot, le 15 octobre 2025, n\u00b025\/04123","author":"Kohen","date":"21 de Abril, 2026","format":false,"excerpt":"Le tribunal judiciaire du Mesnil-Amelot, statuant le 15 octobre 2025, se prononce sur une demande de prolongation de r\u00e9tention administrative. Le juge des li...","rel":"","context":"In &quot;Jurisprudence&quot;","block_context":{"text":"Jurisprudence","link":"https:\/\/kohenavocats.com\/category\/jurisprudence\/"},"img":{"alt_text":"","src":"https:\/\/i0.wp.com\/kohenavocats.com\/wp-content\/uploads\/2024\/11\/ave-calvar-o6Zd8_PweIA-unsplash.webp?resize=350%2C200&ssl=1","width":350,"height":200,"srcset":"https:\/\/i0.wp.com\/kohenavocats.com\/wp-content\/uploads\/2024\/11\/ave-calvar-o6Zd8_PweIA-unsplash.webp?resize=350%2C200&ssl=1 1x, https:\/\/i0.wp.com\/kohenavocats.com\/wp-content\/uploads\/2024\/11\/ave-calvar-o6Zd8_PweIA-unsplash.webp?resize=525%2C300&ssl=1 1.5x, https:\/\/i0.wp.com\/kohenavocats.com\/wp-content\/uploads\/2024\/11\/ave-calvar-o6Zd8_PweIA-unsplash.webp?resize=700%2C400&ssl=1 2x, https:\/\/i0.wp.com\/kohenavocats.com\/wp-content\/uploads\/2024\/11\/ave-calvar-o6Zd8_PweIA-unsplash.webp?resize=1050%2C600&ssl=1 3x, https:\/\/i0.wp.com\/kohenavocats.com\/wp-content\/uploads\/2024\/11\/ave-calvar-o6Zd8_PweIA-unsplash.webp?resize=1400%2C800&ssl=1 4x"},"classes":[]}],"jetpack_sharing_enabled":true,"_links":{"self":[{"href":"https:\/\/kohenavocats.com\/pt-pt\/wp-json\/wp\/v2\/posts\/643000","targetHints":{"allow":["GET"]}}],"collection":[{"href":"https:\/\/kohenavocats.com\/pt-pt\/wp-json\/wp\/v2\/posts"}],"about":[{"href":"https:\/\/kohenavocats.com\/pt-pt\/wp-json\/wp\/v2\/types\/post"}],"author":[{"embeddable":true,"href":"https:\/\/kohenavocats.com\/pt-pt\/wp-json\/wp\/v2\/users\/232070755"}],"replies":[{"embeddable":true,"href":"https:\/\/kohenavocats.com\/pt-pt\/wp-json\/wp\/v2\/comments?post=643000"}],"version-history":[{"count":0,"href":"https:\/\/kohenavocats.com\/pt-pt\/wp-json\/wp\/v2\/posts\/643000\/revisions"}],"wp:featuredmedia":[{"embeddable":true,"href":"https:\/\/kohenavocats.com\/pt-pt\/wp-json\/wp\/v2\/media\/9519"}],"wp:attachment":[{"href":"https:\/\/kohenavocats.com\/pt-pt\/wp-json\/wp\/v2\/media?parent=643000"}],"wp:term":[{"taxonomy":"category","embeddable":true,"href":"https:\/\/kohenavocats.com\/pt-pt\/wp-json\/wp\/v2\/categories?post=643000"},{"taxonomy":"post_tag","embeddable":true,"href":"https:\/\/kohenavocats.com\/pt-pt\/wp-json\/wp\/v2\/tags?post=643000"}],"curies":[{"name":"wp","href":"https:\/\/api.w.org\/{rel}","templated":true}]}}