{"id":647888,"date":"2026-04-22T13:04:41","date_gmt":"2026-04-22T11:04:41","guid":{"rendered":"https:\/\/kohenavocats.com\/tribunal-judiciaire-de-brive-la-gaillarde-le-3-octobre-2025-n25-00484-2\/"},"modified":"2026-04-22T13:04:41","modified_gmt":"2026-04-22T11:04:41","slug":"tribunal-judiciaire-de-brive-la-gaillarde-le-3-octobre-2025-n25-00484-2","status":"publish","type":"post","link":"https:\/\/kohenavocats.com\/pt-pt\/tribunal-judiciaire-de-brive-la-gaillarde-le-3-octobre-2025-n25-00484-2\/","title":{"rendered":"Tribunal judiciaire de Brive la Gaillarde, le 3 octobre 2025, n\u00b025\/00484"},"content":{"rendered":"<div class=\"article-content\">\n<p>Le Tribunal judiciaire de Brive la Gaillarde, statuant en tant que juge de la mise en \u00e9tat, rend le 3 octobre 2025 une ordonnance d\u2019injonction de rencontrer un m\u00e9diateur. Saisi d\u2019un litige entre une soci\u00e9t\u00e9 civile immobili\u00e8re et une soci\u00e9t\u00e9 commerciale, le magistrat estime une r\u00e9solution amiable possible. Il use de son pouvoir pour enjoindre aux parties de participer \u00e0 un rendez-vous d\u2019information sur la m\u00e9diation. La solution consacre une mesure d\u2019administration judiciaire non susceptible de recours.<\/p>\n<p>Le pouvoir d\u2019injonction du juge saisi du litige<\/p>\n<p>Le juge fonde son ordonnance sur l\u2019article 22-1 de la loi du 8 f\u00e9vrier 1995. Ce texte lui conf\u00e8re un pouvoir discr\u00e9tionnaire d\u2019intervention en faveur du r\u00e8glement amiable. &#8220;En tout \u00e9tat de la proc\u00e9dure y compris en r\u00e9f\u00e9r\u00e9, lorsqu\u2019il estime qu&#8217;une r\u00e9solution amiable du litige est possible, le juge peut, s&#8217;il n&#8217;a pas recueilli l&#8217;accord des parties, leur enjoindre de rencontrer un m\u00e9diateur qu&#8217;il d\u00e9signe.&#8221; (Ordonnance, Vu l&#8217;article 22-1). La d\u00e9cision illustre l\u2019application concr\u00e8te de cette facult\u00e9 par le juge de la mise en \u00e9tat. Elle d\u00e9montre que l\u2019appr\u00e9ciation de l\u2019opportunit\u00e9 de la mesure rel\u00e8ve de son intime conviction.<\/p>\n<p>La nature administrative et contraignante de la mesure<\/p>\n<p>Le magistrat qualifie express\u00e9ment sa d\u00e9cision de mesure d\u2019administration judiciaire. Cette qualification en d\u00e9termine le r\u00e9gime proc\u00e9dural et les effets imm\u00e9diats. Le rendez-vous est pr\u00e9sent\u00e9 comme obligatoire pour les parties concern\u00e9es par le litige. &#8220;Rappelons que ce rendez vous est obligatoire et gratuit&#8221; (Ordonnance, Rappelons). La d\u00e9cision impose une d\u00e9marche pr\u00e9alable sans pour autant pr\u00e9juger de la suite \u00e0 donner. Elle instaure une \u00e9tape proc\u00e9durale contraignante mais non d\u00e9finitive dans la r\u00e9solution du diff\u00e9rend.<\/p>\n<p>La port\u00e9e proc\u00e9durale de l\u2019injonction initiale<\/p>\n<p>L\u2019ordonnance organise une phase pr\u00e9alable d\u2019information distincte de la m\u00e9diation proprement dite. Elle cr\u00e9e une s\u00e9quence proc\u00e9durale d\u00e9di\u00e9e \u00e0 l\u2019\u00e9clairage des parties sur les modes amiables. &#8220;Celui-ci informe les parties sur l\u2019objet et le d\u00e9roulement d&#8217;une mesure de m\u00e9diation.&#8221; (Ordonnance, Vu l&#8217;article 22-1). Cette injonction pr\u00e9pare un choix \u00e9clair\u00e9 pour la suite de la proc\u00e9dure. Elle vise \u00e0 lever les \u00e9ventuels obstacles li\u00e9s \u00e0 une m\u00e9connaissance du processus de m\u00e9diation.<\/p>\n<p>Les suites possibles apr\u00e8s le rendez-vous d\u2019information<\/p>\n<p>La d\u00e9cision laisse aux parties une enti\u00e8re libert\u00e9 concernant l\u2019engagement ult\u00e9rieur d\u2019une m\u00e9diation. Elle \u00e9num\u00e8re les options disponibles \u00e0 l\u2019issue de la rencontre avec le m\u00e9diateur d\u00e9sign\u00e9. &#8220;Les parties pourront convenir d&#8217;entrer en m\u00e9diation conventionnelle, ou si elles le pr\u00e9f\u00e8rent, demander au juge d&#8217;ordonner une m\u00e9diation judiciaire ou faire conna\u00eetre qu&#8217;elles ne souhaitent pas entrer en m\u00e9diation.&#8221; (Ordonnance, A l&#8217;issue du rendez-vous). Cette r\u00e9daction souligne le caract\u00e8re purement informatif et pr\u00e9paratoire de l\u2019injonction. Elle garantit ainsi le principe du consentement des parties, essentiel \u00e0 tout processus de m\u00e9diation.<\/p>\n<\/div>\n","protected":false},"excerpt":{"rendered":"<p>Le Tribunal judiciaire de Brive la Gaillarde, statuant en tant que juge de la mise en \u00e9tat, rend le 3 octobre 2025 une ordonnance d\u2019injonction de rencontrer &#8230;<\/p>\n","protected":false},"author":232070755,"featured_media":3902,"comment_status":"open","ping_status":"open","sticky":false,"template":"","format":"standard","meta":{"_crdt_document":"","_jetpack_newsletter_access":"","_jetpack_dont_email_post_to_subs":false,"_jetpack_newsletter_tier_id":0,"_jetpack_memberships_contains_paywalled_content":false,"_jetpack_memberships_contains_paid_content":false,"footnotes":"","jetpack_post_was_ever_published":false},"categories":[7597],"tags":[],"class_list":["post-647888","post","type-post","status-publish","format-standard","has-post-thumbnail","hentry","category-jurisprudence"],"yoast_head":"<!-- This site is optimized with the Yoast SEO Premium plugin v27.4 (Yoast SEO v27.4) - https:\/\/yoast.com\/product\/yoast-seo-premium-wordpress\/ -->\n<title>Tribunal judiciaire de Brive la Gaillarde, le 3 octobre 2025, n\u00b025\/00484 - Ma\u00eetre Hassan Kohen, avocat en droit p\u00e9nal \u00e0 Paris<\/title>\n<meta name=\"description\" content=\"Le Tribunal judiciaire de Brive la Gaillarde, statuant en tant que juge de la mise en \u00e9tat, rend le 3 octobre 2025 une ordonnance d\u2019injonction de rencontrer ...\" \/>\n<meta name=\"robots\" content=\"index, follow, max-snippet:-1, max-image-preview:large, max-video-preview:-1\" \/>\n<link rel=\"canonical\" href=\"https:\/\/kohenavocats.com\/pt-pt\/tribunal-judiciaire-de-brive-la-gaillarde-le-3-octobre-2025-n25-00484-2\/\" \/>\n<meta property=\"og:locale\" content=\"pt_PT\" \/>\n<meta property=\"og:type\" content=\"article\" \/>\n<meta property=\"og:title\" content=\"Tribunal judiciaire de Brive la Gaillarde, le 3 octobre 2025, n\u00b025\/00484\" \/>\n<meta property=\"og:description\" content=\"Le Tribunal judiciaire de Brive la Gaillarde, statuant en tant que juge de la mise en \u00e9tat, rend le 3 octobre 2025 une ordonnance d\u2019injonction de rencontrer ...\" \/>\n<meta property=\"og:url\" content=\"https:\/\/kohenavocats.com\/pt-pt\/tribunal-judiciaire-de-brive-la-gaillarde-le-3-octobre-2025-n25-00484-2\/\" \/>\n<meta property=\"og:site_name\" content=\"Ma\u00eetre Hassan Kohen, avocat en droit p\u00e9nal \u00e0 Paris\" \/>\n<meta property=\"article:published_time\" content=\"2026-04-22T11:04:41+00:00\" \/>\n<meta property=\"og:image\" content=\"https:\/\/kohenavocats.com\/wp-content\/uploads\/2024\/07\/giammarco-boscaro-xLhKkk2tKkA-unsplash.webp\" \/>\n\t<meta property=\"og:image:width\" content=\"5969\" \/>\n\t<meta property=\"og:image:height\" content=\"3979\" \/>\n\t<meta property=\"og:image:type\" content=\"image\/webp\" \/>\n<meta name=\"author\" content=\"Kohen\" \/>\n<meta name=\"twitter:card\" content=\"summary_large_image\" \/>\n<meta name=\"twitter:label1\" content=\"Escrito por\" \/>\n\t<meta name=\"twitter:data1\" content=\"Kohen\" \/>\n\t<meta name=\"twitter:label2\" content=\"Tempo estimado de leitura\" \/>\n\t<meta name=\"twitter:data2\" content=\"3 minutos\" \/>\n<script type=\"application\/ld+json\" class=\"yoast-schema-graph\">{\"@context\":\"https:\\\/\\\/schema.org\",\"@graph\":[{\"@type\":\"Article\",\"@id\":\"https:\\\/\\\/kohenavocats.com\\\/pt-pt\\\/tribunal-judiciaire-de-brive-la-gaillarde-le-3-octobre-2025-n25-00484-2\\\/#article\",\"isPartOf\":{\"@id\":\"https:\\\/\\\/kohenavocats.com\\\/pt-pt\\\/tribunal-judiciaire-de-brive-la-gaillarde-le-3-octobre-2025-n25-00484-2\\\/\"},\"author\":{\"name\":\"Kohen\",\"@id\":\"https:\\\/\\\/kohenavocats.com\\\/pt-pt\\\/#\\\/schema\\\/person\\\/761c9ba54fa1ca84d405cef0831ff751\"},\"headline\":\"Tribunal judiciaire de Brive la Gaillarde, le 3 octobre 2025, n\u00b025\\\/00484\",\"datePublished\":\"2026-04-22T11:04:41+00:00\",\"mainEntityOfPage\":{\"@id\":\"https:\\\/\\\/kohenavocats.com\\\/pt-pt\\\/tribunal-judiciaire-de-brive-la-gaillarde-le-3-octobre-2025-n25-00484-2\\\/\"},\"wordCount\":540,\"commentCount\":0,\"publisher\":{\"@id\":\"https:\\\/\\\/kohenavocats.com\\\/pt-pt\\\/#organization\"},\"image\":{\"@id\":\"https:\\\/\\\/kohenavocats.com\\\/pt-pt\\\/tribunal-judiciaire-de-brive-la-gaillarde-le-3-octobre-2025-n25-00484-2\\\/#primaryimage\"},\"thumbnailUrl\":\"https:\\\/\\\/kohenavocats.com\\\/wp-content\\\/uploads\\\/2024\\\/07\\\/giammarco-boscaro-xLhKkk2tKkA-unsplash.webp\",\"articleSection\":[\"Jurisprudence\"],\"inLanguage\":\"pt-PT\",\"potentialAction\":[{\"@type\":\"CommentAction\",\"name\":\"Comment\",\"target\":[\"https:\\\/\\\/kohenavocats.com\\\/pt-pt\\\/tribunal-judiciaire-de-brive-la-gaillarde-le-3-octobre-2025-n25-00484-2\\\/#respond\"]}],\"citation\":\"Tribunal judiciaire de Brive la Gaillarde, le 3 octobre 2025, n\u00b025\\\/00484\",\"about\":[{\"@type\":\"Thing\",\"name\":\"Jurisprudence\"}],\"dateModified\":\"2026-04-22T11:04:41+00:00\",\"speakable\":{\"@type\":\"SpeakableSpecification\",\"cssSelector\":[\".article-content > p:first-of-type\"]}},{\"@type\":\"WebPage\",\"@id\":\"https:\\\/\\\/kohenavocats.com\\\/pt-pt\\\/tribunal-judiciaire-de-brive-la-gaillarde-le-3-octobre-2025-n25-00484-2\\\/\",\"url\":\"https:\\\/\\\/kohenavocats.com\\\/pt-pt\\\/tribunal-judiciaire-de-brive-la-gaillarde-le-3-octobre-2025-n25-00484-2\\\/\",\"name\":\"Tribunal judiciaire de Brive la Gaillarde, le 3 octobre 2025, n\u00b025\\\/00484 - Ma\u00eetre Hassan Kohen, avocat en droit p\u00e9nal \u00e0 Paris\",\"isPartOf\":{\"@id\":\"https:\\\/\\\/kohenavocats.com\\\/pt-pt\\\/#website\"},\"primaryImageOfPage\":{\"@id\":\"https:\\\/\\\/kohenavocats.com\\\/pt-pt\\\/tribunal-judiciaire-de-brive-la-gaillarde-le-3-octobre-2025-n25-00484-2\\\/#primaryimage\"},\"image\":{\"@id\":\"https:\\\/\\\/kohenavocats.com\\\/pt-pt\\\/tribunal-judiciaire-de-brive-la-gaillarde-le-3-octobre-2025-n25-00484-2\\\/#primaryimage\"},\"thumbnailUrl\":\"https:\\\/\\\/kohenavocats.com\\\/wp-content\\\/uploads\\\/2024\\\/07\\\/giammarco-boscaro-xLhKkk2tKkA-unsplash.webp\",\"datePublished\":\"2026-04-22T11:04:41+00:00\",\"description\":\"Le Tribunal judiciaire de Brive la Gaillarde, statuant en tant que juge de la mise en \u00e9tat, rend le 3 octobre 2025 une ordonnance d\u2019injonction de rencontrer ...\",\"breadcrumb\":{\"@id\":\"https:\\\/\\\/kohenavocats.com\\\/pt-pt\\\/tribunal-judiciaire-de-brive-la-gaillarde-le-3-octobre-2025-n25-00484-2\\\/#breadcrumb\"},\"inLanguage\":\"pt-PT\",\"potentialAction\":[{\"@type\":\"ReadAction\",\"target\":[\"https:\\\/\\\/kohenavocats.com\\\/pt-pt\\\/tribunal-judiciaire-de-brive-la-gaillarde-le-3-octobre-2025-n25-00484-2\\\/\"]}]},{\"@type\":\"ImageObject\",\"inLanguage\":\"pt-PT\",\"@id\":\"https:\\\/\\\/kohenavocats.com\\\/pt-pt\\\/tribunal-judiciaire-de-brive-la-gaillarde-le-3-octobre-2025-n25-00484-2\\\/#primaryimage\",\"url\":\"https:\\\/\\\/kohenavocats.com\\\/wp-content\\\/uploads\\\/2024\\\/07\\\/giammarco-boscaro-xLhKkk2tKkA-unsplash.webp\",\"contentUrl\":\"https:\\\/\\\/kohenavocats.com\\\/wp-content\\\/uploads\\\/2024\\\/07\\\/giammarco-boscaro-xLhKkk2tKkA-unsplash.webp\",\"width\":5969,\"height\":3979},{\"@type\":\"BreadcrumbList\",\"@id\":\"https:\\\/\\\/kohenavocats.com\\\/pt-pt\\\/tribunal-judiciaire-de-brive-la-gaillarde-le-3-octobre-2025-n25-00484-2\\\/#breadcrumb\",\"itemListElement\":[{\"@type\":\"ListItem\",\"position\":1,\"name\":\"Home\",\"item\":\"https:\\\/\\\/kohenavocats.com\\\/pt-pt\\\/avocats-en-droit-penal-a-paris-conseil-et-defense-strategique\\\/\"},{\"@type\":\"ListItem\",\"position\":2,\"name\":\"Tribunal judiciaire de Brive la Gaillarde, le 3 octobre 2025, n\u00b025\\\/00484\"}]},{\"@type\":\"WebSite\",\"@id\":\"https:\\\/\\\/kohenavocats.com\\\/pt-pt\\\/#website\",\"url\":\"https:\\\/\\\/kohenavocats.com\\\/pt-pt\\\/\",\"name\":\"Kohen Avocats\",\"description\":\"Ma\u00eetre Hassan Kohen, avocat p\u00e9naliste \u00e0 Paris, intervient exclusivement en droit p\u00e9nal pour la d\u00e9fense des particuliers, notamment en mati\u00e8re d\u2019accusations de viol. Il assure un accompagnement rigoureux d\u00e8s la garde \u00e0 vue jusqu\u2019\u00e0 la Cour d\u2019assises, veillant au strict respect des garanties proc\u00e9durales.\",\"publisher\":{\"@id\":\"https:\\\/\\\/kohenavocats.com\\\/pt-pt\\\/#organization\"},\"potentialAction\":[{\"@type\":\"SearchAction\",\"target\":{\"@type\":\"EntryPoint\",\"urlTemplate\":\"https:\\\/\\\/kohenavocats.com\\\/pt-pt\\\/?s={search_term_string}\"},\"query-input\":{\"@type\":\"PropertyValueSpecification\",\"valueRequired\":true,\"valueName\":\"search_term_string\"}}],\"inLanguage\":\"pt-PT\"},{\"@type\":\"Organization\",\"@id\":\"https:\\\/\\\/kohenavocats.com\\\/pt-pt\\\/#organization\",\"name\":\"Kohen Avocats\",\"url\":\"https:\\\/\\\/kohenavocats.com\\\/pt-pt\\\/\",\"logo\":{\"@type\":\"ImageObject\",\"inLanguage\":\"pt-PT\",\"@id\":\"https:\\\/\\\/kohenavocats.com\\\/pt-pt\\\/#\\\/schema\\\/logo\\\/image\\\/\",\"url\":\"https:\\\/\\\/kohenavocats.com\\\/wp-content\\\/uploads\\\/2026\\\/01\\\/Logo-2-1.webp\",\"contentUrl\":\"https:\\\/\\\/kohenavocats.com\\\/wp-content\\\/uploads\\\/2026\\\/01\\\/Logo-2-1.webp\",\"width\":2114,\"height\":1253,\"caption\":\"Kohen Avocats\"},\"image\":{\"@id\":\"https:\\\/\\\/kohenavocats.com\\\/pt-pt\\\/#\\\/schema\\\/logo\\\/image\\\/\"}},{\"@type\":\"Person\",\"@id\":\"https:\\\/\\\/kohenavocats.com\\\/pt-pt\\\/#\\\/schema\\\/person\\\/761c9ba54fa1ca84d405cef0831ff751\",\"name\":\"Kohen\",\"image\":{\"@type\":\"ImageObject\",\"inLanguage\":\"pt-PT\",\"@id\":\"https:\\\/\\\/secure.gravatar.com\\\/avatar\\\/1c5e76ef76bbbfdd2b4da984e2bf2fa4056fd51a27d25ce2c332047f1dfd6e00?s=96&d=identicon&r=g\",\"url\":\"https:\\\/\\\/secure.gravatar.com\\\/avatar\\\/1c5e76ef76bbbfdd2b4da984e2bf2fa4056fd51a27d25ce2c332047f1dfd6e00?s=96&d=identicon&r=g\",\"contentUrl\":\"https:\\\/\\\/secure.gravatar.com\\\/avatar\\\/1c5e76ef76bbbfdd2b4da984e2bf2fa4056fd51a27d25ce2c332047f1dfd6e00?s=96&d=identicon&r=g\",\"caption\":\"Kohen\"},\"sameAs\":[\"https:\\\/\\\/www.linkedin.com\\\/in\\\/hassan-kohen-448548192\\\/\",\"https:\\\/\\\/www.youtube.com\\\/@Kohen-Avocats\"],\"url\":\"https:\\\/\\\/kohenavocats.com\\\/pt-pt\\\/author\\\/kohenmlk\\\/\"}]}<\/script>\n<!-- \/ Yoast SEO Premium plugin. -->","yoast_head_json":{"title":"Tribunal judiciaire de Brive la Gaillarde, le 3 octobre 2025, n\u00b025\/00484 - Ma\u00eetre Hassan Kohen, avocat en droit p\u00e9nal \u00e0 Paris","description":"Le Tribunal judiciaire de Brive la Gaillarde, statuant en tant que juge de la mise en \u00e9tat, rend le 3 octobre 2025 une ordonnance d\u2019injonction de rencontrer ...","robots":{"index":"index","follow":"follow","max-snippet":"max-snippet:-1","max-image-preview":"max-image-preview:large","max-video-preview":"max-video-preview:-1"},"canonical":"https:\/\/kohenavocats.com\/pt-pt\/tribunal-judiciaire-de-brive-la-gaillarde-le-3-octobre-2025-n25-00484-2\/","og_locale":"pt_PT","og_type":"article","og_title":"Tribunal judiciaire de Brive la Gaillarde, le 3 octobre 2025, n\u00b025\/00484","og_description":"Le Tribunal judiciaire de Brive la Gaillarde, statuant en tant que juge de la mise en \u00e9tat, rend le 3 octobre 2025 une ordonnance d\u2019injonction de rencontrer ...","og_url":"https:\/\/kohenavocats.com\/pt-pt\/tribunal-judiciaire-de-brive-la-gaillarde-le-3-octobre-2025-n25-00484-2\/","og_site_name":"Ma\u00eetre Hassan Kohen, avocat en droit p\u00e9nal \u00e0 Paris","article_published_time":"2026-04-22T11:04:41+00:00","og_image":[{"width":5969,"height":3979,"url":"https:\/\/kohenavocats.com\/wp-content\/uploads\/2024\/07\/giammarco-boscaro-xLhKkk2tKkA-unsplash.webp","type":"image\/webp"}],"author":"Kohen","twitter_card":"summary_large_image","twitter_misc":{"Escrito por":"Kohen","Tempo estimado de leitura":"3 minutos"},"schema":{"@context":"https:\/\/schema.org","@graph":[{"@type":"Article","@id":"https:\/\/kohenavocats.com\/pt-pt\/tribunal-judiciaire-de-brive-la-gaillarde-le-3-octobre-2025-n25-00484-2\/#article","isPartOf":{"@id":"https:\/\/kohenavocats.com\/pt-pt\/tribunal-judiciaire-de-brive-la-gaillarde-le-3-octobre-2025-n25-00484-2\/"},"author":{"name":"Kohen","@id":"https:\/\/kohenavocats.com\/pt-pt\/#\/schema\/person\/761c9ba54fa1ca84d405cef0831ff751"},"headline":"Tribunal judiciaire de Brive la Gaillarde, le 3 octobre 2025, n\u00b025\/00484","datePublished":"2026-04-22T11:04:41+00:00","mainEntityOfPage":{"@id":"https:\/\/kohenavocats.com\/pt-pt\/tribunal-judiciaire-de-brive-la-gaillarde-le-3-octobre-2025-n25-00484-2\/"},"wordCount":540,"commentCount":0,"publisher":{"@id":"https:\/\/kohenavocats.com\/pt-pt\/#organization"},"image":{"@id":"https:\/\/kohenavocats.com\/pt-pt\/tribunal-judiciaire-de-brive-la-gaillarde-le-3-octobre-2025-n25-00484-2\/#primaryimage"},"thumbnailUrl":"https:\/\/kohenavocats.com\/wp-content\/uploads\/2024\/07\/giammarco-boscaro-xLhKkk2tKkA-unsplash.webp","articleSection":["Jurisprudence"],"inLanguage":"pt-PT","potentialAction":[{"@type":"CommentAction","name":"Comment","target":["https:\/\/kohenavocats.com\/pt-pt\/tribunal-judiciaire-de-brive-la-gaillarde-le-3-octobre-2025-n25-00484-2\/#respond"]}],"citation":"Tribunal judiciaire de Brive la Gaillarde, le 3 octobre 2025, n\u00b025\/00484","about":[{"@type":"Thing","name":"Jurisprudence"}],"dateModified":"2026-04-22T11:04:41+00:00","speakable":{"@type":"SpeakableSpecification","cssSelector":[".article-content > p:first-of-type"]}},{"@type":"WebPage","@id":"https:\/\/kohenavocats.com\/pt-pt\/tribunal-judiciaire-de-brive-la-gaillarde-le-3-octobre-2025-n25-00484-2\/","url":"https:\/\/kohenavocats.com\/pt-pt\/tribunal-judiciaire-de-brive-la-gaillarde-le-3-octobre-2025-n25-00484-2\/","name":"Tribunal judiciaire de Brive la Gaillarde, le 3 octobre 2025, n\u00b025\/00484 - Ma\u00eetre Hassan Kohen, avocat en droit p\u00e9nal \u00e0 Paris","isPartOf":{"@id":"https:\/\/kohenavocats.com\/pt-pt\/#website"},"primaryImageOfPage":{"@id":"https:\/\/kohenavocats.com\/pt-pt\/tribunal-judiciaire-de-brive-la-gaillarde-le-3-octobre-2025-n25-00484-2\/#primaryimage"},"image":{"@id":"https:\/\/kohenavocats.com\/pt-pt\/tribunal-judiciaire-de-brive-la-gaillarde-le-3-octobre-2025-n25-00484-2\/#primaryimage"},"thumbnailUrl":"https:\/\/kohenavocats.com\/wp-content\/uploads\/2024\/07\/giammarco-boscaro-xLhKkk2tKkA-unsplash.webp","datePublished":"2026-04-22T11:04:41+00:00","description":"Le Tribunal judiciaire de Brive la Gaillarde, statuant en tant que juge de la mise en \u00e9tat, rend le 3 octobre 2025 une ordonnance d\u2019injonction de rencontrer ...","breadcrumb":{"@id":"https:\/\/kohenavocats.com\/pt-pt\/tribunal-judiciaire-de-brive-la-gaillarde-le-3-octobre-2025-n25-00484-2\/#breadcrumb"},"inLanguage":"pt-PT","potentialAction":[{"@type":"ReadAction","target":["https:\/\/kohenavocats.com\/pt-pt\/tribunal-judiciaire-de-brive-la-gaillarde-le-3-octobre-2025-n25-00484-2\/"]}]},{"@type":"ImageObject","inLanguage":"pt-PT","@id":"https:\/\/kohenavocats.com\/pt-pt\/tribunal-judiciaire-de-brive-la-gaillarde-le-3-octobre-2025-n25-00484-2\/#primaryimage","url":"https:\/\/kohenavocats.com\/wp-content\/uploads\/2024\/07\/giammarco-boscaro-xLhKkk2tKkA-unsplash.webp","contentUrl":"https:\/\/kohenavocats.com\/wp-content\/uploads\/2024\/07\/giammarco-boscaro-xLhKkk2tKkA-unsplash.webp","width":5969,"height":3979},{"@type":"BreadcrumbList","@id":"https:\/\/kohenavocats.com\/pt-pt\/tribunal-judiciaire-de-brive-la-gaillarde-le-3-octobre-2025-n25-00484-2\/#breadcrumb","itemListElement":[{"@type":"ListItem","position":1,"name":"Home","item":"https:\/\/kohenavocats.com\/pt-pt\/avocats-en-droit-penal-a-paris-conseil-et-defense-strategique\/"},{"@type":"ListItem","position":2,"name":"Tribunal judiciaire de Brive la Gaillarde, le 3 octobre 2025, n\u00b025\/00484"}]},{"@type":"WebSite","@id":"https:\/\/kohenavocats.com\/pt-pt\/#website","url":"https:\/\/kohenavocats.com\/pt-pt\/","name":"Kohen Avocats","description":"Ma\u00eetre Hassan Kohen, avocat p\u00e9naliste \u00e0 Paris, intervient exclusivement en droit p\u00e9nal pour la d\u00e9fense des particuliers, notamment en mati\u00e8re d\u2019accusations de viol. Il assure un accompagnement rigoureux d\u00e8s la garde \u00e0 vue jusqu\u2019\u00e0 la Cour d\u2019assises, veillant au strict respect des garanties proc\u00e9durales.","publisher":{"@id":"https:\/\/kohenavocats.com\/pt-pt\/#organization"},"potentialAction":[{"@type":"SearchAction","target":{"@type":"EntryPoint","urlTemplate":"https:\/\/kohenavocats.com\/pt-pt\/?s={search_term_string}"},"query-input":{"@type":"PropertyValueSpecification","valueRequired":true,"valueName":"search_term_string"}}],"inLanguage":"pt-PT"},{"@type":"Organization","@id":"https:\/\/kohenavocats.com\/pt-pt\/#organization","name":"Kohen Avocats","url":"https:\/\/kohenavocats.com\/pt-pt\/","logo":{"@type":"ImageObject","inLanguage":"pt-PT","@id":"https:\/\/kohenavocats.com\/pt-pt\/#\/schema\/logo\/image\/","url":"https:\/\/kohenavocats.com\/wp-content\/uploads\/2026\/01\/Logo-2-1.webp","contentUrl":"https:\/\/kohenavocats.com\/wp-content\/uploads\/2026\/01\/Logo-2-1.webp","width":2114,"height":1253,"caption":"Kohen Avocats"},"image":{"@id":"https:\/\/kohenavocats.com\/pt-pt\/#\/schema\/logo\/image\/"}},{"@type":"Person","@id":"https:\/\/kohenavocats.com\/pt-pt\/#\/schema\/person\/761c9ba54fa1ca84d405cef0831ff751","name":"Kohen","image":{"@type":"ImageObject","inLanguage":"pt-PT","@id":"https:\/\/secure.gravatar.com\/avatar\/1c5e76ef76bbbfdd2b4da984e2bf2fa4056fd51a27d25ce2c332047f1dfd6e00?s=96&d=identicon&r=g","url":"https:\/\/secure.gravatar.com\/avatar\/1c5e76ef76bbbfdd2b4da984e2bf2fa4056fd51a27d25ce2c332047f1dfd6e00?s=96&d=identicon&r=g","contentUrl":"https:\/\/secure.gravatar.com\/avatar\/1c5e76ef76bbbfdd2b4da984e2bf2fa4056fd51a27d25ce2c332047f1dfd6e00?s=96&d=identicon&r=g","caption":"Kohen"},"sameAs":["https:\/\/www.linkedin.com\/in\/hassan-kohen-448548192\/","https:\/\/www.youtube.com\/@Kohen-Avocats"],"url":"https:\/\/kohenavocats.com\/pt-pt\/author\/kohenmlk\/"}]}},"jetpack_featured_media_url":"https:\/\/kohenavocats.com\/wp-content\/uploads\/2024\/07\/giammarco-boscaro-xLhKkk2tKkA-unsplash.webp","jetpack_likes_enabled":false,"jetpack_shortlink":"https:\/\/wp.me\/peCrII-2IxO","jetpack-related-posts":[{"id":647927,"url":"https:\/\/kohenavocats.com\/pt-pt\/tribunal-judiciaire-de-brive-la-gaillarde-le-3-octobre-2025-n25-00443-2\/","url_meta":{"origin":647888,"position":0},"title":"Tribunal judiciaire de Brive la Gaillarde, le 3 octobre 2025, n\u00b025\/00443","author":"Kohen","date":"22 de Abril, 2026","format":false,"excerpt":"Le Tribunal judiciaire de Brive la Gaillarde, statuant en tant que juge de la mise en \u00e9tat, rend une ordonnance le 3 octobre 2025. Cette d\u00e9cision intervient ...","rel":"","context":"In &quot;Jurisprudence&quot;","block_context":{"text":"Jurisprudence","link":"https:\/\/kohenavocats.com\/category\/jurisprudence\/"},"img":{"alt_text":"","src":"https:\/\/i0.wp.com\/kohenavocats.com\/wp-content\/uploads\/2024\/11\/planet-volumes-69z5zredkrw-unsplash.webp?resize=350%2C200&ssl=1","width":350,"height":200,"srcset":"https:\/\/i0.wp.com\/kohenavocats.com\/wp-content\/uploads\/2024\/11\/planet-volumes-69z5zredkrw-unsplash.webp?resize=350%2C200&ssl=1 1x, https:\/\/i0.wp.com\/kohenavocats.com\/wp-content\/uploads\/2024\/11\/planet-volumes-69z5zredkrw-unsplash.webp?resize=525%2C300&ssl=1 1.5x, https:\/\/i0.wp.com\/kohenavocats.com\/wp-content\/uploads\/2024\/11\/planet-volumes-69z5zredkrw-unsplash.webp?resize=700%2C400&ssl=1 2x, https:\/\/i0.wp.com\/kohenavocats.com\/wp-content\/uploads\/2024\/11\/planet-volumes-69z5zredkrw-unsplash.webp?resize=1050%2C600&ssl=1 3x, https:\/\/i0.wp.com\/kohenavocats.com\/wp-content\/uploads\/2024\/11\/planet-volumes-69z5zredkrw-unsplash.webp?resize=1400%2C800&ssl=1 4x"},"classes":[]},{"id":648290,"url":"https:\/\/kohenavocats.com\/pt-pt\/tribunal-judiciaire-de-brive-la-gaillarde-le-3-octobre-2025-n25-00571-2\/","url_meta":{"origin":647888,"position":1},"title":"Tribunal judiciaire de Brive la Gaillarde, le 3 octobre 2025, n\u00b025\/00571","author":"Kohen","date":"22 de Abril, 2026","format":false,"excerpt":"Le tribunal judiciaire de Brive la Gaillarde, le 3 octobre 2025, statue sur une instance relative \u00e0 un contrat d\u2019assurance. Le juge de la mise en \u00e9tat, const...","rel":"","context":"In &quot;Jurisprudence&quot;","block_context":{"text":"Jurisprudence","link":"https:\/\/kohenavocats.com\/category\/jurisprudence\/"},"img":{"alt_text":"","src":"https:\/\/i0.wp.com\/kohenavocats.com\/wp-content\/uploads\/2024\/08\/chelms-varthoumlien-4lTf2N6pHZw-unsplash.webp?resize=350%2C200&ssl=1","width":350,"height":200,"srcset":"https:\/\/i0.wp.com\/kohenavocats.com\/wp-content\/uploads\/2024\/08\/chelms-varthoumlien-4lTf2N6pHZw-unsplash.webp?resize=350%2C200&ssl=1 1x, https:\/\/i0.wp.com\/kohenavocats.com\/wp-content\/uploads\/2024\/08\/chelms-varthoumlien-4lTf2N6pHZw-unsplash.webp?resize=525%2C300&ssl=1 1.5x, https:\/\/i0.wp.com\/kohenavocats.com\/wp-content\/uploads\/2024\/08\/chelms-varthoumlien-4lTf2N6pHZw-unsplash.webp?resize=700%2C400&ssl=1 2x, https:\/\/i0.wp.com\/kohenavocats.com\/wp-content\/uploads\/2024\/08\/chelms-varthoumlien-4lTf2N6pHZw-unsplash.webp?resize=1050%2C600&ssl=1 3x, https:\/\/i0.wp.com\/kohenavocats.com\/wp-content\/uploads\/2024\/08\/chelms-varthoumlien-4lTf2N6pHZw-unsplash.webp?resize=1400%2C800&ssl=1 4x"},"classes":[]},{"id":647916,"url":"https:\/\/kohenavocats.com\/pt-pt\/tribunal-judiciaire-de-brive-la-gaillarde-le-17-octobre-2025-n25-00595\/","url_meta":{"origin":647888,"position":2},"title":"Tribunal judiciaire de Brive-la-Gaillarde, le 17 octobre 2025, n\u00b025\/00595","author":"Kohen","date":"22 de Abril, 2026","format":false,"excerpt":"La chambre de la mise en \u00e9tat du tribunal judiciaire de Brive la Gaillarde, le 17 octobre 2025, statue sur un litige contractuel entre une soci\u00e9t\u00e9 et deux pa...","rel":"","context":"In &quot;Jurisprudence&quot;","block_context":{"text":"Jurisprudence","link":"https:\/\/kohenavocats.com\/category\/jurisprudence\/"},"img":{"alt_text":"","src":"https:\/\/i0.wp.com\/kohenavocats.com\/wp-content\/uploads\/2024\/11\/mohamed-nohassi-RwwD1cmvyC0-unsplash.webp?resize=350%2C200&ssl=1","width":350,"height":200,"srcset":"https:\/\/i0.wp.com\/kohenavocats.com\/wp-content\/uploads\/2024\/11\/mohamed-nohassi-RwwD1cmvyC0-unsplash.webp?resize=350%2C200&ssl=1 1x, https:\/\/i0.wp.com\/kohenavocats.com\/wp-content\/uploads\/2024\/11\/mohamed-nohassi-RwwD1cmvyC0-unsplash.webp?resize=525%2C300&ssl=1 1.5x, https:\/\/i0.wp.com\/kohenavocats.com\/wp-content\/uploads\/2024\/11\/mohamed-nohassi-RwwD1cmvyC0-unsplash.webp?resize=700%2C400&ssl=1 2x, https:\/\/i0.wp.com\/kohenavocats.com\/wp-content\/uploads\/2024\/11\/mohamed-nohassi-RwwD1cmvyC0-unsplash.webp?resize=1050%2C600&ssl=1 3x, https:\/\/i0.wp.com\/kohenavocats.com\/wp-content\/uploads\/2024\/11\/mohamed-nohassi-RwwD1cmvyC0-unsplash.webp?resize=1400%2C800&ssl=1 4x"},"classes":[]},{"id":648326,"url":"https:\/\/kohenavocats.com\/pt-pt\/tribunal-judiciaire-de-brive-la-gaillarde-le-3-octobre-2025-n25-00439\/","url_meta":{"origin":647888,"position":3},"title":"Tribunal judiciaire de Brive-la-Gaillarde, le 3 octobre 2025, n\u00b025\/00439","author":"Kohen","date":"22 de Abril, 2026","format":false,"excerpt":"La chambre de la mise en \u00e9tat du tribunal judiciaire de Brive la Gaillarde, le 3 octobre 2025, statue sur une demande en mati\u00e8re contractuelle. Le juge, sais...","rel":"","context":"In &quot;Jurisprudence&quot;","block_context":{"text":"Jurisprudence","link":"https:\/\/kohenavocats.com\/category\/jurisprudence\/"},"img":{"alt_text":"","src":"https:\/\/i0.wp.com\/kohenavocats.com\/wp-content\/uploads\/2024\/11\/zyanya-citlalli-bEhnA88B_mA-unsplash.webp?resize=350%2C200&ssl=1","width":350,"height":200,"srcset":"https:\/\/i0.wp.com\/kohenavocats.com\/wp-content\/uploads\/2024\/11\/zyanya-citlalli-bEhnA88B_mA-unsplash.webp?resize=350%2C200&ssl=1 1x, https:\/\/i0.wp.com\/kohenavocats.com\/wp-content\/uploads\/2024\/11\/zyanya-citlalli-bEhnA88B_mA-unsplash.webp?resize=525%2C300&ssl=1 1.5x, https:\/\/i0.wp.com\/kohenavocats.com\/wp-content\/uploads\/2024\/11\/zyanya-citlalli-bEhnA88B_mA-unsplash.webp?resize=700%2C400&ssl=1 2x, https:\/\/i0.wp.com\/kohenavocats.com\/wp-content\/uploads\/2024\/11\/zyanya-citlalli-bEhnA88B_mA-unsplash.webp?resize=1050%2C600&ssl=1 3x, https:\/\/i0.wp.com\/kohenavocats.com\/wp-content\/uploads\/2024\/11\/zyanya-citlalli-bEhnA88B_mA-unsplash.webp?resize=1400%2C800&ssl=1 4x"},"classes":[]},{"id":648625,"url":"https:\/\/kohenavocats.com\/pt-pt\/tribunal-judiciaire-de-brive-la-gaillarde-le-3-octobre-2025-n25-00550-2\/","url_meta":{"origin":647888,"position":4},"title":"Tribunal judiciaire de Brive la Gaillarde, le 3 octobre 2025, n\u00b025\/00550","author":"Kohen","date":"22 de Abril, 2026","format":false,"excerpt":"Le tribunal judiciaire de Brive la Gaillarde, par ordonnance du 3 octobre 2025, statue sur une instance en cours. Le juge de la mise en \u00e9tat, constatant l'\u00e9l...","rel":"","context":"In &quot;Jurisprudence&quot;","block_context":{"text":"Jurisprudence","link":"https:\/\/kohenavocats.com\/category\/jurisprudence\/"},"img":{"alt_text":"","src":"https:\/\/i0.wp.com\/kohenavocats.com\/wp-content\/uploads\/2024\/11\/victor-V67qmAIxyvI-unsplash.webp?resize=350%2C200&ssl=1","width":350,"height":200,"srcset":"https:\/\/i0.wp.com\/kohenavocats.com\/wp-content\/uploads\/2024\/11\/victor-V67qmAIxyvI-unsplash.webp?resize=350%2C200&ssl=1 1x, https:\/\/i0.wp.com\/kohenavocats.com\/wp-content\/uploads\/2024\/11\/victor-V67qmAIxyvI-unsplash.webp?resize=525%2C300&ssl=1 1.5x, https:\/\/i0.wp.com\/kohenavocats.com\/wp-content\/uploads\/2024\/11\/victor-V67qmAIxyvI-unsplash.webp?resize=700%2C400&ssl=1 2x, https:\/\/i0.wp.com\/kohenavocats.com\/wp-content\/uploads\/2024\/11\/victor-V67qmAIxyvI-unsplash.webp?resize=1050%2C600&ssl=1 3x, https:\/\/i0.wp.com\/kohenavocats.com\/wp-content\/uploads\/2024\/11\/victor-V67qmAIxyvI-unsplash.webp?resize=1400%2C800&ssl=1 4x"},"classes":[]},{"id":665930,"url":"https:\/\/kohenavocats.com\/pt-pt\/tribunal-judiciaire-de-brive-la-gaillarde-le-24-septembre-2025-n25-00430-2\/","url_meta":{"origin":647888,"position":5},"title":"Tribunal judiciaire de Brive la Gaillarde, le 24 septembre 2025, n\u00b025\/00430","author":"Kohen","date":"24 de Abril, 2026","format":false,"excerpt":"Le tribunal judiciaire de Brive la Gaillarde, statuant en la forme des r\u00e9f\u00e9r\u00e9s, rend le 24 septembre 2025 une ordonnance d\u2019injonction de rencontrer un m\u00e9diat...","rel":"","context":"In &quot;Jurisprudence&quot;","block_context":{"text":"Jurisprudence","link":"https:\/\/kohenavocats.com\/category\/jurisprudence\/"},"img":{"alt_text":"","src":"https:\/\/i0.wp.com\/kohenavocats.com\/wp-content\/uploads\/2024\/11\/pawel-czerwinski-WVPJ3ISFRZs-unsplash.webp?resize=350%2C200&ssl=1","width":350,"height":200,"srcset":"https:\/\/i0.wp.com\/kohenavocats.com\/wp-content\/uploads\/2024\/11\/pawel-czerwinski-WVPJ3ISFRZs-unsplash.webp?resize=350%2C200&ssl=1 1x, https:\/\/i0.wp.com\/kohenavocats.com\/wp-content\/uploads\/2024\/11\/pawel-czerwinski-WVPJ3ISFRZs-unsplash.webp?resize=525%2C300&ssl=1 1.5x, https:\/\/i0.wp.com\/kohenavocats.com\/wp-content\/uploads\/2024\/11\/pawel-czerwinski-WVPJ3ISFRZs-unsplash.webp?resize=700%2C400&ssl=1 2x, https:\/\/i0.wp.com\/kohenavocats.com\/wp-content\/uploads\/2024\/11\/pawel-czerwinski-WVPJ3ISFRZs-unsplash.webp?resize=1050%2C600&ssl=1 3x, https:\/\/i0.wp.com\/kohenavocats.com\/wp-content\/uploads\/2024\/11\/pawel-czerwinski-WVPJ3ISFRZs-unsplash.webp?resize=1400%2C800&ssl=1 4x"},"classes":[]}],"jetpack_sharing_enabled":true,"_links":{"self":[{"href":"https:\/\/kohenavocats.com\/pt-pt\/wp-json\/wp\/v2\/posts\/647888","targetHints":{"allow":["GET"]}}],"collection":[{"href":"https:\/\/kohenavocats.com\/pt-pt\/wp-json\/wp\/v2\/posts"}],"about":[{"href":"https:\/\/kohenavocats.com\/pt-pt\/wp-json\/wp\/v2\/types\/post"}],"author":[{"embeddable":true,"href":"https:\/\/kohenavocats.com\/pt-pt\/wp-json\/wp\/v2\/users\/232070755"}],"replies":[{"embeddable":true,"href":"https:\/\/kohenavocats.com\/pt-pt\/wp-json\/wp\/v2\/comments?post=647888"}],"version-history":[{"count":0,"href":"https:\/\/kohenavocats.com\/pt-pt\/wp-json\/wp\/v2\/posts\/647888\/revisions"}],"wp:featuredmedia":[{"embeddable":true,"href":"https:\/\/kohenavocats.com\/pt-pt\/wp-json\/wp\/v2\/media\/3902"}],"wp:attachment":[{"href":"https:\/\/kohenavocats.com\/pt-pt\/wp-json\/wp\/v2\/media?parent=647888"}],"wp:term":[{"taxonomy":"category","embeddable":true,"href":"https:\/\/kohenavocats.com\/pt-pt\/wp-json\/wp\/v2\/categories?post=647888"},{"taxonomy":"post_tag","embeddable":true,"href":"https:\/\/kohenavocats.com\/pt-pt\/wp-json\/wp\/v2\/tags?post=647888"}],"curies":[{"name":"wp","href":"https:\/\/api.w.org\/{rel}","templated":true}]}}