{"id":649315,"date":"2026-04-22T15:47:54","date_gmt":"2026-04-22T13:47:54","guid":{"rendered":"https:\/\/kohenavocats.com\/cour-dappel-de-montpellier-le-17-decembre-2025-n24-05478\/"},"modified":"2026-04-22T15:47:54","modified_gmt":"2026-04-22T13:47:54","slug":"cour-dappel-de-montpellier-le-17-decembre-2025-n24-05478","status":"publish","type":"post","link":"https:\/\/kohenavocats.com\/pt-pt\/cour-dappel-de-montpellier-le-17-decembre-2025-n24-05478\/","title":{"rendered":"Cour d&#8217;appel de Montpellier, le 17 d\u00e9cembre 2025, n\u00b024\/05478"},"content":{"rendered":"<div class=\"article-content\">\n<p>La Cour d&#8217;appel de Montpellier, le 17 d\u00e9cembre 2025, statue sur un incident de proc\u00e9dure. L&#8217;appelante avait form\u00e9 un recours contre une ordonnance de cl\u00f4ture rendue en premi\u00e8re instance. Apr\u00e8s la notification de l&#8217;ordonnance de cl\u00f4ture, elle a d\u00e9pos\u00e9 de nouvelles conclusions et pi\u00e8ces. La cour doit examiner la recevabilit\u00e9 de ces actes proc\u00e9duraux tardifs et l&#8217;\u00e9tendue de l&#8217;effet d\u00e9volutif de l&#8217;appel. Elle rejette la demande de r\u00e9vocation de la cl\u00f4ture et d\u00e9clare l&#8217;appel d\u00e9pourvu d&#8217;effet d\u00e9volutif.<\/p>\n<p>La rigueur de la cl\u00f4ture de l&#8217;instruction<\/p>\n<p>L&#8217;ordonnance de cl\u00f4ture marque la fin de la phase d&#8217;instruction et son respect est imp\u00e9ratif. Le code de proc\u00e9dure civile pr\u00e9voit qu&#8217;apr\u00e8s la cl\u00f4ture, aucun acte ne peut \u00eatre d\u00e9pos\u00e9 \u00e0 peine d&#8217;irrecevabilit\u00e9. Sa r\u00e9vocation n&#8217;est possible qu&#8217;en cas de cause grave survenue post\u00e9rieurement. En l&#8217;esp\u00e8ce, la cour constate que les pi\u00e8ces nouvelles produites apr\u00e8s la cl\u00f4ture sont ant\u00e9rieures \u00e0 celle-ci. Elles &#8220;ne sauraient caract\u00e9riser une cause grave r\u00e9v\u00e9l\u00e9e depuis que cette ordonnance cl\u00f4turant l&#8217;instruction de l&#8217;affaire a \u00e9t\u00e9 rendue.&#8221; (Sur l&#8217;incident et la demande de r\u00e9vocation de la cl\u00f4ture) Leur production tardive est donc irrecevable.<\/p>\n<p>Cette solution affirme le caract\u00e8re intangible de la cl\u00f4ture pour garantir la s\u00e9curit\u00e9 juridique. Elle pr\u00e9vient les man\u0153uvres dilatoires et assure l&#8217;\u00e9galit\u00e9 des armes entre les parties. Le juge veille ainsi au bon d\u00e9roulement et \u00e0 la c\u00e9l\u00e9rit\u00e9 de la proc\u00e9dure. Le principe de loyaut\u00e9 des d\u00e9bats justifie l&#8217;\u00e9cartement des \u00e9l\u00e9ments soumis hors d\u00e9lai.<\/p>\n<p>La formalisation renforc\u00e9e de l&#8217;effet d\u00e9volutif<\/p>\n<p>La r\u00e9forme proc\u00e9durale de 2023 a modifi\u00e9 les r\u00e8gles gouvernant l&#8217;effet d\u00e9volutif de l&#8217;appel. D\u00e9sormais, l&#8217;appelant doit express\u00e9ment critiquer les chefs du jugement dans ses conclusions. L&#8217;objet du litige en appel est strictement circonscrit par ces critiques. La cour rappelle que &#8220;l&#8217;effet d\u00e9volutif n&#8217;op\u00e8re [&#8230;] que pour les chefs du jugement express\u00e9ment critiqu\u00e9s.&#8221; (Sur l&#8217;effet d\u00e9volutif et l&#8217;objet de l&#8217;appel) En l&#8217;esp\u00e8ce, l&#8217;appelante a simplement demand\u00e9 l&#8217;infirmation de l&#8217;ordonnance &#8220;en toutes ses dispositions&#8221;.<\/p>\n<p>Cette omission entra\u00eene la privation d&#8217;effet d\u00e9volutif. La port\u00e9e de cette d\u00e9cision est majeure pour la pratique proc\u00e9durale. Elle impose une rigueur accrue dans la r\u00e9daction des conclusions d&#8217;appel. Les avocats doivent d\u00e9sormais identifier avec pr\u00e9cision chaque point contest\u00e9. Cette formalisation vise \u00e0 clarifier le d\u00e9bat et \u00e0 am\u00e9liorer l&#8217;efficacit\u00e9 de la justice.<\/p>\n<p>Les sanctions proc\u00e9durales<\/p>\n<p>Le non-respect des r\u00e8gles de cl\u00f4ture et de formalisation de l&#8217;appel entra\u00eene des sanctions s\u00e9v\u00e8res. Les conclusions et pi\u00e8ces tardives sont d\u00e9clar\u00e9es irrecevables et \u00e9cart\u00e9es des d\u00e9bats. L&#8217;appel est lui-m\u00eame priv\u00e9 de son effet d\u00e9volutif, ce qui \u00e9quivaut \u00e0 un rejet. La cour condamne en outre l&#8217;appelante succombante aux d\u00e9pens et \u00e0 une indemnit\u00e9 au titre de l&#8217;article 700 du code de proc\u00e9dure civile.<\/p>\n<p>Ces sanctions illustrent l&#8217;importance du respect du formalisme proc\u00e9dural. Elles garantissent le principe du contradictoire et la loyaut\u00e9 des d\u00e9bats. La d\u00e9cision assure une application stricte et effective des nouvelles dispositions issues du d\u00e9cret de 2023. Elle rappelle que la proc\u00e9dure est un cadre essentiel \u00e0 la s\u00e9r\u00e9nit\u00e9 du proc\u00e8s.<\/p>\n<\/div>\n","protected":false},"excerpt":{"rendered":"<p>La Cour d&#8217;appel de Montpellier, le 17 d\u00e9cembre 2025, statue sur un incident de proc\u00e9dure. L&#8217;appelante avait form\u00e9 un recours contre une ordonnance de cl\u00f4ture&#8230;<\/p>\n","protected":false},"author":232070755,"featured_media":9696,"comment_status":"open","ping_status":"open","sticky":false,"template":"","format":"standard","meta":{"_crdt_document":"","_jetpack_newsletter_access":"","_jetpack_dont_email_post_to_subs":false,"_jetpack_newsletter_tier_id":0,"_jetpack_memberships_contains_paywalled_content":false,"_kj_source_type":"judilibre","_kj_official_id":"68e1fd1420ac6488494aa63d","_kj_official_url":"https:\/\/www.courdecassation.fr\/decision\/68e1fd1420ac6488494aa63d","_kj_judilibre_id":"68e1fd1420ac6488494aa63d","_kj_jur":"Cour d'appel","_kj_lieu":"Cour d'appel de Montpellier","_kj_chambre":"1re chambre de la famille","_kj_rg":"24\/05478","_kj_date":"2025-10-03","_jetpack_memberships_contains_paid_content":false,"footnotes":"","jetpack_post_was_ever_published":false},"categories":[7597],"tags":[],"class_list":["post-649315","post","type-post","status-publish","format-standard","has-post-thumbnail","hentry","category-jurisprudence"],"yoast_head":"<!-- This site is optimized with the Yoast SEO Premium plugin v27.5 (Yoast SEO v27.5) - https:\/\/yoast.com\/product\/yoast-seo-premium-wordpress\/ -->\n<title>Cour d&#039;appel de Montpellier, le 17 d\u00e9cembre 2025, n\u00b024\/05478 - Ma\u00eetre Hassan Kohen, avocat en droit p\u00e9nal \u00e0 Paris<\/title>\n<meta name=\"description\" content=\"La Cour d&#039;appel de Montpellier, le 17 d\u00e9cembre 2025, statue sur un incident de proc\u00e9dure. L&#039;appelante avait form\u00e9 un recours contre une ordonnance de cl\u00f4ture...\" \/>\n<meta name=\"robots\" content=\"index, follow, max-snippet:-1, max-image-preview:large, max-video-preview:-1\" \/>\n<link rel=\"canonical\" href=\"https:\/\/kohenavocats.com\/pt-pt\/cour-dappel-de-montpellier-le-17-decembre-2025-n24-05478\/\" \/>\n<meta property=\"og:locale\" content=\"pt_PT\" \/>\n<meta property=\"og:type\" content=\"article\" \/>\n<meta property=\"og:title\" content=\"Cour d&#039;appel de Montpellier, le 17 d\u00e9cembre 2025, n\u00b024\/05478\" \/>\n<meta property=\"og:description\" content=\"La Cour d&#039;appel de Montpellier, le 17 d\u00e9cembre 2025, statue sur un incident de proc\u00e9dure. L&#039;appelante avait form\u00e9 un recours contre une ordonnance de cl\u00f4ture...\" \/>\n<meta property=\"og:url\" content=\"https:\/\/kohenavocats.com\/pt-pt\/cour-dappel-de-montpellier-le-17-decembre-2025-n24-05478\/\" \/>\n<meta property=\"og:site_name\" content=\"Ma\u00eetre Hassan Kohen, avocat en droit p\u00e9nal \u00e0 Paris\" \/>\n<meta property=\"article:published_time\" content=\"2026-04-22T13:47:54+00:00\" \/>\n<meta property=\"og:image\" content=\"https:\/\/kohenavocats.com\/wp-content\/uploads\/2024\/11\/jsb-co-sz1m9nwdXKw-unsplash.webp\" \/>\n\t<meta property=\"og:image:width\" content=\"5000\" \/>\n\t<meta property=\"og:image:height\" content=\"3333\" \/>\n\t<meta property=\"og:image:type\" content=\"image\/webp\" \/>\n<meta name=\"author\" content=\"Kohen\" \/>\n<meta name=\"twitter:card\" content=\"summary_large_image\" \/>\n<meta name=\"twitter:label1\" content=\"Escrito por\" \/>\n\t<meta name=\"twitter:data1\" content=\"Kohen\" \/>\n\t<meta name=\"twitter:label2\" content=\"Tempo estimado de leitura\" \/>\n\t<meta name=\"twitter:data2\" content=\"3 minutos\" \/>\n<script type=\"application\/ld+json\" class=\"yoast-schema-graph\">{\"@context\":\"https:\\\/\\\/schema.org\",\"@graph\":[{\"@type\":\"Article\",\"@id\":\"https:\\\/\\\/kohenavocats.com\\\/pt-pt\\\/cour-dappel-de-montpellier-le-17-decembre-2025-n24-05478\\\/#article\",\"isPartOf\":{\"@id\":\"https:\\\/\\\/kohenavocats.com\\\/pt-pt\\\/cour-dappel-de-montpellier-le-17-decembre-2025-n24-05478\\\/\"},\"author\":{\"name\":\"Kohen\",\"@id\":\"https:\\\/\\\/kohenavocats.com\\\/pt-pt\\\/#\\\/schema\\\/person\\\/761c9ba54fa1ca84d405cef0831ff751\"},\"headline\":\"Cour d&#8217;appel de Montpellier, le 17 d\u00e9cembre 2025, n\u00b024\\\/05478\",\"datePublished\":\"2026-04-22T13:47:54+00:00\",\"mainEntityOfPage\":{\"@id\":\"https:\\\/\\\/kohenavocats.com\\\/pt-pt\\\/cour-dappel-de-montpellier-le-17-decembre-2025-n24-05478\\\/\"},\"wordCount\":617,\"commentCount\":0,\"publisher\":{\"@id\":\"https:\\\/\\\/kohenavocats.com\\\/pt-pt\\\/#organization\"},\"image\":{\"@id\":\"https:\\\/\\\/kohenavocats.com\\\/pt-pt\\\/cour-dappel-de-montpellier-le-17-decembre-2025-n24-05478\\\/#primaryimage\"},\"thumbnailUrl\":\"https:\\\/\\\/kohenavocats.com\\\/wp-content\\\/uploads\\\/2024\\\/11\\\/jsb-co-sz1m9nwdXKw-unsplash.webp\",\"articleSection\":[\"Jurisprudence\"],\"inLanguage\":\"pt-PT\",\"potentialAction\":[{\"@type\":\"CommentAction\",\"name\":\"Comment\",\"target\":[\"https:\\\/\\\/kohenavocats.com\\\/pt-pt\\\/cour-dappel-de-montpellier-le-17-decembre-2025-n24-05478\\\/#respond\"]}],\"citation\":\"Cour d&#8217;appel de Montpellier, le 17 d\u00e9cembre 2025, n\u00b024\\\/05478\",\"about\":[{\"@type\":\"Thing\",\"name\":\"Jurisprudence\"}],\"dateModified\":\"2026-04-22T13:47:54+00:00\",\"speakable\":{\"@type\":\"SpeakableSpecification\",\"cssSelector\":[\".article-content > p:first-of-type\"]}},{\"@type\":\"WebPage\",\"@id\":\"https:\\\/\\\/kohenavocats.com\\\/pt-pt\\\/cour-dappel-de-montpellier-le-17-decembre-2025-n24-05478\\\/\",\"url\":\"https:\\\/\\\/kohenavocats.com\\\/pt-pt\\\/cour-dappel-de-montpellier-le-17-decembre-2025-n24-05478\\\/\",\"name\":\"Cour d'appel de Montpellier, le 17 d\u00e9cembre 2025, n\u00b024\\\/05478 - Ma\u00eetre Hassan Kohen, avocat en droit p\u00e9nal \u00e0 Paris\",\"isPartOf\":{\"@id\":\"https:\\\/\\\/kohenavocats.com\\\/pt-pt\\\/#website\"},\"primaryImageOfPage\":{\"@id\":\"https:\\\/\\\/kohenavocats.com\\\/pt-pt\\\/cour-dappel-de-montpellier-le-17-decembre-2025-n24-05478\\\/#primaryimage\"},\"image\":{\"@id\":\"https:\\\/\\\/kohenavocats.com\\\/pt-pt\\\/cour-dappel-de-montpellier-le-17-decembre-2025-n24-05478\\\/#primaryimage\"},\"thumbnailUrl\":\"https:\\\/\\\/kohenavocats.com\\\/wp-content\\\/uploads\\\/2024\\\/11\\\/jsb-co-sz1m9nwdXKw-unsplash.webp\",\"datePublished\":\"2026-04-22T13:47:54+00:00\",\"description\":\"La Cour d'appel de Montpellier, le 17 d\u00e9cembre 2025, statue sur un incident de proc\u00e9dure. L'appelante avait form\u00e9 un recours contre une ordonnance de cl\u00f4ture...\",\"breadcrumb\":{\"@id\":\"https:\\\/\\\/kohenavocats.com\\\/pt-pt\\\/cour-dappel-de-montpellier-le-17-decembre-2025-n24-05478\\\/#breadcrumb\"},\"inLanguage\":\"pt-PT\",\"potentialAction\":[{\"@type\":\"ReadAction\",\"target\":[\"https:\\\/\\\/kohenavocats.com\\\/pt-pt\\\/cour-dappel-de-montpellier-le-17-decembre-2025-n24-05478\\\/\"]}]},{\"@type\":\"ImageObject\",\"inLanguage\":\"pt-PT\",\"@id\":\"https:\\\/\\\/kohenavocats.com\\\/pt-pt\\\/cour-dappel-de-montpellier-le-17-decembre-2025-n24-05478\\\/#primaryimage\",\"url\":\"https:\\\/\\\/kohenavocats.com\\\/wp-content\\\/uploads\\\/2024\\\/11\\\/jsb-co-sz1m9nwdXKw-unsplash.webp\",\"contentUrl\":\"https:\\\/\\\/kohenavocats.com\\\/wp-content\\\/uploads\\\/2024\\\/11\\\/jsb-co-sz1m9nwdXKw-unsplash.webp\",\"width\":5000,\"height\":3333},{\"@type\":\"BreadcrumbList\",\"@id\":\"https:\\\/\\\/kohenavocats.com\\\/pt-pt\\\/cour-dappel-de-montpellier-le-17-decembre-2025-n24-05478\\\/#breadcrumb\",\"itemListElement\":[{\"@type\":\"ListItem\",\"position\":1,\"name\":\"Home\",\"item\":\"https:\\\/\\\/kohenavocats.com\\\/pt-pt\\\/avocats-en-droit-penal-a-paris-conseil-et-defense-strategique\\\/\"},{\"@type\":\"ListItem\",\"position\":2,\"name\":\"Cour d&rsquo;appel de Montpellier, le 17 d\u00e9cembre 2025, n\u00b024\\\/05478\"}]},{\"@type\":\"WebSite\",\"@id\":\"https:\\\/\\\/kohenavocats.com\\\/pt-pt\\\/#website\",\"url\":\"https:\\\/\\\/kohenavocats.com\\\/pt-pt\\\/\",\"name\":\"Kohen Avocats\",\"description\":\"Ma\u00eetre Hassan Kohen, avocat p\u00e9naliste \u00e0 Paris, intervient exclusivement en droit p\u00e9nal pour la d\u00e9fense des particuliers, notamment en mati\u00e8re d\u2019accusations de viol. Il assure un accompagnement rigoureux d\u00e8s la garde \u00e0 vue jusqu\u2019\u00e0 la Cour d\u2019assises, veillant au strict respect des garanties proc\u00e9durales.\",\"publisher\":{\"@id\":\"https:\\\/\\\/kohenavocats.com\\\/pt-pt\\\/#organization\"},\"potentialAction\":[{\"@type\":\"SearchAction\",\"target\":{\"@type\":\"EntryPoint\",\"urlTemplate\":\"https:\\\/\\\/kohenavocats.com\\\/pt-pt\\\/?s={search_term_string}\"},\"query-input\":{\"@type\":\"PropertyValueSpecification\",\"valueRequired\":true,\"valueName\":\"search_term_string\"}}],\"inLanguage\":\"pt-PT\"},{\"@type\":\"Organization\",\"@id\":\"https:\\\/\\\/kohenavocats.com\\\/pt-pt\\\/#organization\",\"name\":\"Kohen Avocats\",\"url\":\"https:\\\/\\\/kohenavocats.com\\\/pt-pt\\\/\",\"logo\":{\"@type\":\"ImageObject\",\"inLanguage\":\"pt-PT\",\"@id\":\"https:\\\/\\\/kohenavocats.com\\\/pt-pt\\\/#\\\/schema\\\/logo\\\/image\\\/\",\"url\":\"https:\\\/\\\/kohenavocats.com\\\/wp-content\\\/uploads\\\/2026\\\/01\\\/Logo-2-1.webp\",\"contentUrl\":\"https:\\\/\\\/kohenavocats.com\\\/wp-content\\\/uploads\\\/2026\\\/01\\\/Logo-2-1.webp\",\"width\":2114,\"height\":1253,\"caption\":\"Kohen Avocats\"},\"image\":{\"@id\":\"https:\\\/\\\/kohenavocats.com\\\/pt-pt\\\/#\\\/schema\\\/logo\\\/image\\\/\"}},{\"@type\":\"Person\",\"@id\":\"https:\\\/\\\/kohenavocats.com\\\/pt-pt\\\/#\\\/schema\\\/person\\\/761c9ba54fa1ca84d405cef0831ff751\",\"name\":\"Kohen\",\"image\":{\"@type\":\"ImageObject\",\"inLanguage\":\"pt-PT\",\"@id\":\"https:\\\/\\\/secure.gravatar.com\\\/avatar\\\/1c5e76ef76bbbfdd2b4da984e2bf2fa4056fd51a27d25ce2c332047f1dfd6e00?s=96&d=identicon&r=g\",\"url\":\"https:\\\/\\\/secure.gravatar.com\\\/avatar\\\/1c5e76ef76bbbfdd2b4da984e2bf2fa4056fd51a27d25ce2c332047f1dfd6e00?s=96&d=identicon&r=g\",\"contentUrl\":\"https:\\\/\\\/secure.gravatar.com\\\/avatar\\\/1c5e76ef76bbbfdd2b4da984e2bf2fa4056fd51a27d25ce2c332047f1dfd6e00?s=96&d=identicon&r=g\",\"caption\":\"Kohen\"},\"sameAs\":[\"https:\\\/\\\/www.linkedin.com\\\/in\\\/hassan-kohen-448548192\\\/\",\"https:\\\/\\\/www.youtube.com\\\/@Kohen-Avocats\"],\"url\":\"https:\\\/\\\/kohenavocats.com\\\/pt-pt\\\/author\\\/kohenmlk\\\/\"}]}<\/script>\n<!-- \/ Yoast SEO Premium plugin. -->","yoast_head_json":{"title":"Cour d'appel de Montpellier, le 17 d\u00e9cembre 2025, n\u00b024\/05478 - Ma\u00eetre Hassan Kohen, avocat en droit p\u00e9nal \u00e0 Paris","description":"La Cour d'appel de Montpellier, le 17 d\u00e9cembre 2025, statue sur un incident de proc\u00e9dure. L'appelante avait form\u00e9 un recours contre une ordonnance de cl\u00f4ture...","robots":{"index":"index","follow":"follow","max-snippet":"max-snippet:-1","max-image-preview":"max-image-preview:large","max-video-preview":"max-video-preview:-1"},"canonical":"https:\/\/kohenavocats.com\/pt-pt\/cour-dappel-de-montpellier-le-17-decembre-2025-n24-05478\/","og_locale":"pt_PT","og_type":"article","og_title":"Cour d'appel de Montpellier, le 17 d\u00e9cembre 2025, n\u00b024\/05478","og_description":"La Cour d'appel de Montpellier, le 17 d\u00e9cembre 2025, statue sur un incident de proc\u00e9dure. L'appelante avait form\u00e9 un recours contre une ordonnance de cl\u00f4ture...","og_url":"https:\/\/kohenavocats.com\/pt-pt\/cour-dappel-de-montpellier-le-17-decembre-2025-n24-05478\/","og_site_name":"Ma\u00eetre Hassan Kohen, avocat en droit p\u00e9nal \u00e0 Paris","article_published_time":"2026-04-22T13:47:54+00:00","og_image":[{"width":5000,"height":3333,"url":"https:\/\/kohenavocats.com\/wp-content\/uploads\/2024\/11\/jsb-co-sz1m9nwdXKw-unsplash.webp","type":"image\/webp"}],"author":"Kohen","twitter_card":"summary_large_image","twitter_misc":{"Escrito por":"Kohen","Tempo estimado de leitura":"3 minutos"},"schema":{"@context":"https:\/\/schema.org","@graph":[{"@type":"Article","@id":"https:\/\/kohenavocats.com\/pt-pt\/cour-dappel-de-montpellier-le-17-decembre-2025-n24-05478\/#article","isPartOf":{"@id":"https:\/\/kohenavocats.com\/pt-pt\/cour-dappel-de-montpellier-le-17-decembre-2025-n24-05478\/"},"author":{"name":"Kohen","@id":"https:\/\/kohenavocats.com\/pt-pt\/#\/schema\/person\/761c9ba54fa1ca84d405cef0831ff751"},"headline":"Cour d&#8217;appel de Montpellier, le 17 d\u00e9cembre 2025, n\u00b024\/05478","datePublished":"2026-04-22T13:47:54+00:00","mainEntityOfPage":{"@id":"https:\/\/kohenavocats.com\/pt-pt\/cour-dappel-de-montpellier-le-17-decembre-2025-n24-05478\/"},"wordCount":617,"commentCount":0,"publisher":{"@id":"https:\/\/kohenavocats.com\/pt-pt\/#organization"},"image":{"@id":"https:\/\/kohenavocats.com\/pt-pt\/cour-dappel-de-montpellier-le-17-decembre-2025-n24-05478\/#primaryimage"},"thumbnailUrl":"https:\/\/kohenavocats.com\/wp-content\/uploads\/2024\/11\/jsb-co-sz1m9nwdXKw-unsplash.webp","articleSection":["Jurisprudence"],"inLanguage":"pt-PT","potentialAction":[{"@type":"CommentAction","name":"Comment","target":["https:\/\/kohenavocats.com\/pt-pt\/cour-dappel-de-montpellier-le-17-decembre-2025-n24-05478\/#respond"]}],"citation":"Cour d&#8217;appel de Montpellier, le 17 d\u00e9cembre 2025, n\u00b024\/05478","about":[{"@type":"Thing","name":"Jurisprudence"}],"dateModified":"2026-04-22T13:47:54+00:00","speakable":{"@type":"SpeakableSpecification","cssSelector":[".article-content > p:first-of-type"]}},{"@type":"WebPage","@id":"https:\/\/kohenavocats.com\/pt-pt\/cour-dappel-de-montpellier-le-17-decembre-2025-n24-05478\/","url":"https:\/\/kohenavocats.com\/pt-pt\/cour-dappel-de-montpellier-le-17-decembre-2025-n24-05478\/","name":"Cour d'appel de Montpellier, le 17 d\u00e9cembre 2025, n\u00b024\/05478 - Ma\u00eetre Hassan Kohen, avocat en droit p\u00e9nal \u00e0 Paris","isPartOf":{"@id":"https:\/\/kohenavocats.com\/pt-pt\/#website"},"primaryImageOfPage":{"@id":"https:\/\/kohenavocats.com\/pt-pt\/cour-dappel-de-montpellier-le-17-decembre-2025-n24-05478\/#primaryimage"},"image":{"@id":"https:\/\/kohenavocats.com\/pt-pt\/cour-dappel-de-montpellier-le-17-decembre-2025-n24-05478\/#primaryimage"},"thumbnailUrl":"https:\/\/kohenavocats.com\/wp-content\/uploads\/2024\/11\/jsb-co-sz1m9nwdXKw-unsplash.webp","datePublished":"2026-04-22T13:47:54+00:00","description":"La Cour d'appel de Montpellier, le 17 d\u00e9cembre 2025, statue sur un incident de proc\u00e9dure. L'appelante avait form\u00e9 un recours contre une ordonnance de cl\u00f4ture...","breadcrumb":{"@id":"https:\/\/kohenavocats.com\/pt-pt\/cour-dappel-de-montpellier-le-17-decembre-2025-n24-05478\/#breadcrumb"},"inLanguage":"pt-PT","potentialAction":[{"@type":"ReadAction","target":["https:\/\/kohenavocats.com\/pt-pt\/cour-dappel-de-montpellier-le-17-decembre-2025-n24-05478\/"]}]},{"@type":"ImageObject","inLanguage":"pt-PT","@id":"https:\/\/kohenavocats.com\/pt-pt\/cour-dappel-de-montpellier-le-17-decembre-2025-n24-05478\/#primaryimage","url":"https:\/\/kohenavocats.com\/wp-content\/uploads\/2024\/11\/jsb-co-sz1m9nwdXKw-unsplash.webp","contentUrl":"https:\/\/kohenavocats.com\/wp-content\/uploads\/2024\/11\/jsb-co-sz1m9nwdXKw-unsplash.webp","width":5000,"height":3333},{"@type":"BreadcrumbList","@id":"https:\/\/kohenavocats.com\/pt-pt\/cour-dappel-de-montpellier-le-17-decembre-2025-n24-05478\/#breadcrumb","itemListElement":[{"@type":"ListItem","position":1,"name":"Home","item":"https:\/\/kohenavocats.com\/pt-pt\/avocats-en-droit-penal-a-paris-conseil-et-defense-strategique\/"},{"@type":"ListItem","position":2,"name":"Cour d&rsquo;appel de Montpellier, le 17 d\u00e9cembre 2025, n\u00b024\/05478"}]},{"@type":"WebSite","@id":"https:\/\/kohenavocats.com\/pt-pt\/#website","url":"https:\/\/kohenavocats.com\/pt-pt\/","name":"Kohen Avocats","description":"Ma\u00eetre Hassan Kohen, avocat p\u00e9naliste \u00e0 Paris, intervient exclusivement en droit p\u00e9nal pour la d\u00e9fense des particuliers, notamment en mati\u00e8re d\u2019accusations de viol. Il assure un accompagnement rigoureux d\u00e8s la garde \u00e0 vue jusqu\u2019\u00e0 la Cour d\u2019assises, veillant au strict respect des garanties proc\u00e9durales.","publisher":{"@id":"https:\/\/kohenavocats.com\/pt-pt\/#organization"},"potentialAction":[{"@type":"SearchAction","target":{"@type":"EntryPoint","urlTemplate":"https:\/\/kohenavocats.com\/pt-pt\/?s={search_term_string}"},"query-input":{"@type":"PropertyValueSpecification","valueRequired":true,"valueName":"search_term_string"}}],"inLanguage":"pt-PT"},{"@type":"Organization","@id":"https:\/\/kohenavocats.com\/pt-pt\/#organization","name":"Kohen Avocats","url":"https:\/\/kohenavocats.com\/pt-pt\/","logo":{"@type":"ImageObject","inLanguage":"pt-PT","@id":"https:\/\/kohenavocats.com\/pt-pt\/#\/schema\/logo\/image\/","url":"https:\/\/kohenavocats.com\/wp-content\/uploads\/2026\/01\/Logo-2-1.webp","contentUrl":"https:\/\/kohenavocats.com\/wp-content\/uploads\/2026\/01\/Logo-2-1.webp","width":2114,"height":1253,"caption":"Kohen Avocats"},"image":{"@id":"https:\/\/kohenavocats.com\/pt-pt\/#\/schema\/logo\/image\/"}},{"@type":"Person","@id":"https:\/\/kohenavocats.com\/pt-pt\/#\/schema\/person\/761c9ba54fa1ca84d405cef0831ff751","name":"Kohen","image":{"@type":"ImageObject","inLanguage":"pt-PT","@id":"https:\/\/secure.gravatar.com\/avatar\/1c5e76ef76bbbfdd2b4da984e2bf2fa4056fd51a27d25ce2c332047f1dfd6e00?s=96&d=identicon&r=g","url":"https:\/\/secure.gravatar.com\/avatar\/1c5e76ef76bbbfdd2b4da984e2bf2fa4056fd51a27d25ce2c332047f1dfd6e00?s=96&d=identicon&r=g","contentUrl":"https:\/\/secure.gravatar.com\/avatar\/1c5e76ef76bbbfdd2b4da984e2bf2fa4056fd51a27d25ce2c332047f1dfd6e00?s=96&d=identicon&r=g","caption":"Kohen"},"sameAs":["https:\/\/www.linkedin.com\/in\/hassan-kohen-448548192\/","https:\/\/www.youtube.com\/@Kohen-Avocats"],"url":"https:\/\/kohenavocats.com\/pt-pt\/author\/kohenmlk\/"}]}},"jetpack_featured_media_url":"https:\/\/kohenavocats.com\/wp-content\/uploads\/2024\/11\/jsb-co-sz1m9nwdXKw-unsplash.webp","jetpack_likes_enabled":false,"jetpack_shortlink":"https:\/\/wp.me\/peCrII-2IUP","jetpack-related-posts":[{"id":478503,"url":"https:\/\/kohenavocats.com\/pt-pt\/cour-dappel-de-paris-le-7-octobre-2025-n25-00954\/","url_meta":{"origin":649315,"position":0},"title":"Cour d&#8217;appel de Paris, le 7 octobre 2025, n\u00b025\/00954","author":"Kohen","date":"7 de Abril, 2026","format":false,"excerpt":"La Cour d\u2019appel de Paris, statuant le 7 octobre 2025, se prononce sur plusieurs incidents de proc\u00e9dure. Elle rejette une demande de r\u00e9vocation d\u2019ordonnance d...","rel":"","context":"In &quot;Jurisprudence&quot;","block_context":{"text":"Jurisprudence","link":"https:\/\/kohenavocats.com\/category\/jurisprudence\/"},"img":{"alt_text":"","src":"https:\/\/i0.wp.com\/kohenavocats.com\/wp-content\/uploads\/2024\/07\/alex-block-PdDBTrkGYLo-unsplash-2.webp?resize=350%2C200&ssl=1","width":350,"height":200,"srcset":"https:\/\/i0.wp.com\/kohenavocats.com\/wp-content\/uploads\/2024\/07\/alex-block-PdDBTrkGYLo-unsplash-2.webp?resize=350%2C200&ssl=1 1x, https:\/\/i0.wp.com\/kohenavocats.com\/wp-content\/uploads\/2024\/07\/alex-block-PdDBTrkGYLo-unsplash-2.webp?resize=525%2C300&ssl=1 1.5x, https:\/\/i0.wp.com\/kohenavocats.com\/wp-content\/uploads\/2024\/07\/alex-block-PdDBTrkGYLo-unsplash-2.webp?resize=700%2C400&ssl=1 2x, https:\/\/i0.wp.com\/kohenavocats.com\/wp-content\/uploads\/2024\/07\/alex-block-PdDBTrkGYLo-unsplash-2.webp?resize=1050%2C600&ssl=1 3x, https:\/\/i0.wp.com\/kohenavocats.com\/wp-content\/uploads\/2024\/07\/alex-block-PdDBTrkGYLo-unsplash-2.webp?resize=1400%2C800&ssl=1 4x"},"classes":[]},{"id":478996,"url":"https:\/\/kohenavocats.com\/pt-pt\/cour-dappel-de-paris-le-5-juin-2025-n23-01337\/","url_meta":{"origin":649315,"position":1},"title":"Cour d&#8217;appel de Paris, le 5 juin 2025, n\u00b023\/01337","author":"Kohen","date":"7 de Abril, 2026","format":false,"excerpt":"La Cour d'appel de Paris, dans un arr\u00eat du 5 juin 2025, statue sur une proc\u00e9dure d'appel. Elle rejette une demande de r\u00e9vocation d'ordonnance de cl\u00f4ture et c...","rel":"","context":"In &quot;Jurisprudence&quot;","block_context":{"text":"Jurisprudence","link":"https:\/\/kohenavocats.com\/category\/jurisprudence\/"},"img":{"alt_text":"","src":"https:\/\/i0.wp.com\/kohenavocats.com\/wp-content\/uploads\/2024\/07\/valdemaras-d-7VPFyhB_j8Y-unsplash.webp?resize=350%2C200&ssl=1","width":350,"height":200,"srcset":"https:\/\/i0.wp.com\/kohenavocats.com\/wp-content\/uploads\/2024\/07\/valdemaras-d-7VPFyhB_j8Y-unsplash.webp?resize=350%2C200&ssl=1 1x, https:\/\/i0.wp.com\/kohenavocats.com\/wp-content\/uploads\/2024\/07\/valdemaras-d-7VPFyhB_j8Y-unsplash.webp?resize=525%2C300&ssl=1 1.5x, https:\/\/i0.wp.com\/kohenavocats.com\/wp-content\/uploads\/2024\/07\/valdemaras-d-7VPFyhB_j8Y-unsplash.webp?resize=700%2C400&ssl=1 2x, https:\/\/i0.wp.com\/kohenavocats.com\/wp-content\/uploads\/2024\/07\/valdemaras-d-7VPFyhB_j8Y-unsplash.webp?resize=1050%2C600&ssl=1 3x, https:\/\/i0.wp.com\/kohenavocats.com\/wp-content\/uploads\/2024\/07\/valdemaras-d-7VPFyhB_j8Y-unsplash.webp?resize=1400%2C800&ssl=1 4x"},"classes":[]},{"id":530032,"url":"https:\/\/kohenavocats.com\/pt-pt\/cour-dappel-de-montpellier-le-3-octobre-2025-n24-05478\/","url_meta":{"origin":649315,"position":2},"title":"Cour d&#8217;appel de Montpellier, le 3 octobre 2025, n\u00b024\/05478","author":"Kohen","date":"9 de Abril, 2026","format":false,"excerpt":"La Cour d'appel de Montpellier, le 17 d\u00e9cembre 2025, statue sur un incident de proc\u00e9dure. L'appelante avait form\u00e9 un recours contre une ordonnance de...","rel":"","context":"In &quot;Cour d'appel&quot;","block_context":{"text":"Cour d'appel","link":"https:\/\/kohenavocats.com\/category\/cour-dappel\/"},"img":{"alt_text":"","src":"https:\/\/i0.wp.com\/kohenavocats.com\/wp-content\/uploads\/2024\/11\/jsb-co-sz1m9nwdXKw-unsplash.webp?resize=350%2C200&ssl=1","width":350,"height":200,"srcset":"https:\/\/i0.wp.com\/kohenavocats.com\/wp-content\/uploads\/2024\/11\/jsb-co-sz1m9nwdXKw-unsplash.webp?resize=350%2C200&ssl=1 1x, https:\/\/i0.wp.com\/kohenavocats.com\/wp-content\/uploads\/2024\/11\/jsb-co-sz1m9nwdXKw-unsplash.webp?resize=525%2C300&ssl=1 1.5x, https:\/\/i0.wp.com\/kohenavocats.com\/wp-content\/uploads\/2024\/11\/jsb-co-sz1m9nwdXKw-unsplash.webp?resize=700%2C400&ssl=1 2x, https:\/\/i0.wp.com\/kohenavocats.com\/wp-content\/uploads\/2024\/11\/jsb-co-sz1m9nwdXKw-unsplash.webp?resize=1050%2C600&ssl=1 3x, https:\/\/i0.wp.com\/kohenavocats.com\/wp-content\/uploads\/2024\/11\/jsb-co-sz1m9nwdXKw-unsplash.webp?resize=1400%2C800&ssl=1 4x"},"classes":[]},{"id":474077,"url":"https:\/\/kohenavocats.com\/pt-pt\/cour-dappel-de-basse-terre-le-11-decembre-2025-n24-00774\/","url_meta":{"origin":649315,"position":3},"title":"Cour d&#8217;appel de Basse-Terre, le 11 d\u00e9cembre 2025, n\u00b024\/00774","author":"Kohen","date":"7 de Abril, 2026","format":false,"excerpt":"La Cour d'appel de Basse-Terre, le 11 d\u00e9cembre 2025, statue sur un appel d'une ordonnance de r\u00e9f\u00e9r\u00e9. L'affaire concerne un litige relatif \u00e0 des travaux de r\u00e9...","rel":"","context":"In &quot;Jurisprudence&quot;","block_context":{"text":"Jurisprudence","link":"https:\/\/kohenavocats.com\/category\/jurisprudence\/"},"img":{"alt_text":"","src":"https:\/\/i0.wp.com\/kohenavocats.com\/wp-content\/uploads\/2024\/08\/mohammed-haashir-2EfVKRpiHn0-unsplash.webp?resize=350%2C200&ssl=1","width":350,"height":200,"srcset":"https:\/\/i0.wp.com\/kohenavocats.com\/wp-content\/uploads\/2024\/08\/mohammed-haashir-2EfVKRpiHn0-unsplash.webp?resize=350%2C200&ssl=1 1x, https:\/\/i0.wp.com\/kohenavocats.com\/wp-content\/uploads\/2024\/08\/mohammed-haashir-2EfVKRpiHn0-unsplash.webp?resize=525%2C300&ssl=1 1.5x, https:\/\/i0.wp.com\/kohenavocats.com\/wp-content\/uploads\/2024\/08\/mohammed-haashir-2EfVKRpiHn0-unsplash.webp?resize=700%2C400&ssl=1 2x, https:\/\/i0.wp.com\/kohenavocats.com\/wp-content\/uploads\/2024\/08\/mohammed-haashir-2EfVKRpiHn0-unsplash.webp?resize=1050%2C600&ssl=1 3x, https:\/\/i0.wp.com\/kohenavocats.com\/wp-content\/uploads\/2024\/08\/mohammed-haashir-2EfVKRpiHn0-unsplash.webp?resize=1400%2C800&ssl=1 4x"},"classes":[]},{"id":456529,"url":"https:\/\/kohenavocats.com\/pt-pt\/cour-dappel-de-rennes-2025-10-02-n22-07413\/","url_meta":{"origin":649315,"position":4},"title":"Cour d&#8217;appel de Rennes &#8211; 2025-10-02 &#8211; n\u00b022\/07413","author":"Kohen","date":"7 de Abril, 2026","format":false,"excerpt":"Cour d'appel de Rennes, statuant en mati\u00e8re sociale, a rendu un arr\u00eat le 16 janvier 2025. Un salari\u00e9 avait pris acte de la rupture de son contrat de travail, invoquant divers manquements de son employ...","rel":"","context":"In &quot;Jurisprudence&quot;","block_context":{"text":"Jurisprudence","link":"https:\/\/kohenavocats.com\/category\/jurisprudence\/"},"img":{"alt_text":"","src":"https:\/\/i0.wp.com\/kohenavocats.com\/wp-content\/uploads\/2024\/06\/the-free-birds-9nGaQJjAAng-unsplash.webp?resize=350%2C200&ssl=1","width":350,"height":200,"srcset":"https:\/\/i0.wp.com\/kohenavocats.com\/wp-content\/uploads\/2024\/06\/the-free-birds-9nGaQJjAAng-unsplash.webp?resize=350%2C200&ssl=1 1x, https:\/\/i0.wp.com\/kohenavocats.com\/wp-content\/uploads\/2024\/06\/the-free-birds-9nGaQJjAAng-unsplash.webp?resize=525%2C300&ssl=1 1.5x, https:\/\/i0.wp.com\/kohenavocats.com\/wp-content\/uploads\/2024\/06\/the-free-birds-9nGaQJjAAng-unsplash.webp?resize=700%2C400&ssl=1 2x, https:\/\/i0.wp.com\/kohenavocats.com\/wp-content\/uploads\/2024\/06\/the-free-birds-9nGaQJjAAng-unsplash.webp?resize=1050%2C600&ssl=1 3x, https:\/\/i0.wp.com\/kohenavocats.com\/wp-content\/uploads\/2024\/06\/the-free-birds-9nGaQJjAAng-unsplash.webp?resize=1400%2C800&ssl=1 4x"},"classes":[]},{"id":477979,"url":"https:\/\/kohenavocats.com\/pt-pt\/tribunal-judiciaire-de-evry-le-4-decembre-2025-n23-03432\/","url_meta":{"origin":649315,"position":5},"title":"Tribunal judiciaire de \u00c9vry, le 4 d\u00e9cembre 2025, n\u00b023\/03432","author":"Kohen","date":"7 de Abril, 2026","format":false,"excerpt":"Le tribunal judiciaire d\u2019\u00c9vry, statuant le 4 d\u00e9cembre 2025, est saisi d\u2019une demande en recours subrogatoire d\u2019une soci\u00e9t\u00e9 caution contre les d\u00e9biteurs princi...","rel":"","context":"In &quot;Jurisprudence&quot;","block_context":{"text":"Jurisprudence","link":"https:\/\/kohenavocats.com\/category\/jurisprudence\/"},"img":{"alt_text":"","src":"https:\/\/i0.wp.com\/kohenavocats.com\/wp-content\/uploads\/2024\/11\/virginia-marinova-3UfkjHxVch0-unsplash.webp?resize=350%2C200&ssl=1","width":350,"height":200,"srcset":"https:\/\/i0.wp.com\/kohenavocats.com\/wp-content\/uploads\/2024\/11\/virginia-marinova-3UfkjHxVch0-unsplash.webp?resize=350%2C200&ssl=1 1x, https:\/\/i0.wp.com\/kohenavocats.com\/wp-content\/uploads\/2024\/11\/virginia-marinova-3UfkjHxVch0-unsplash.webp?resize=525%2C300&ssl=1 1.5x, https:\/\/i0.wp.com\/kohenavocats.com\/wp-content\/uploads\/2024\/11\/virginia-marinova-3UfkjHxVch0-unsplash.webp?resize=700%2C400&ssl=1 2x, https:\/\/i0.wp.com\/kohenavocats.com\/wp-content\/uploads\/2024\/11\/virginia-marinova-3UfkjHxVch0-unsplash.webp?resize=1050%2C600&ssl=1 3x, https:\/\/i0.wp.com\/kohenavocats.com\/wp-content\/uploads\/2024\/11\/virginia-marinova-3UfkjHxVch0-unsplash.webp?resize=1400%2C800&ssl=1 4x"},"classes":[]}],"jetpack_sharing_enabled":true,"_links":{"self":[{"href":"https:\/\/kohenavocats.com\/pt-pt\/wp-json\/wp\/v2\/posts\/649315","targetHints":{"allow":["GET"]}}],"collection":[{"href":"https:\/\/kohenavocats.com\/pt-pt\/wp-json\/wp\/v2\/posts"}],"about":[{"href":"https:\/\/kohenavocats.com\/pt-pt\/wp-json\/wp\/v2\/types\/post"}],"author":[{"embeddable":true,"href":"https:\/\/kohenavocats.com\/pt-pt\/wp-json\/wp\/v2\/users\/232070755"}],"replies":[{"embeddable":true,"href":"https:\/\/kohenavocats.com\/pt-pt\/wp-json\/wp\/v2\/comments?post=649315"}],"version-history":[{"count":0,"href":"https:\/\/kohenavocats.com\/pt-pt\/wp-json\/wp\/v2\/posts\/649315\/revisions"}],"wp:featuredmedia":[{"embeddable":true,"href":"https:\/\/kohenavocats.com\/pt-pt\/wp-json\/wp\/v2\/media\/9696"}],"wp:attachment":[{"href":"https:\/\/kohenavocats.com\/pt-pt\/wp-json\/wp\/v2\/media?parent=649315"}],"wp:term":[{"taxonomy":"category","embeddable":true,"href":"https:\/\/kohenavocats.com\/pt-pt\/wp-json\/wp\/v2\/categories?post=649315"},{"taxonomy":"post_tag","embeddable":true,"href":"https:\/\/kohenavocats.com\/pt-pt\/wp-json\/wp\/v2\/tags?post=649315"}],"curies":[{"name":"wp","href":"https:\/\/api.w.org\/{rel}","templated":true}]}}