{"id":650805,"date":"2026-04-22T19:19:16","date_gmt":"2026-04-22T17:19:16","guid":{"rendered":"https:\/\/kohenavocats.com\/tribunal-judiciaire-de-grasse-le-30-avril-2025-n25-00489\/"},"modified":"2026-04-22T19:19:16","modified_gmt":"2026-04-22T17:19:16","slug":"tribunal-judiciaire-de-grasse-le-30-avril-2025-n25-00489","status":"publish","type":"post","link":"https:\/\/kohenavocats.com\/pt-pt\/tribunal-judiciaire-de-grasse-le-30-avril-2025-n25-00489\/","title":{"rendered":"Tribunal judiciaire de Grasse, le 30 avril 2025, n\u00b025\/00489"},"content":{"rendered":"<div class=\"article-content\">\n<p>Le tribunal judiciaire, statuant en r\u00e9f\u00e9r\u00e9, a rendu une ordonnance le 30 avril 2025. Un requ\u00e9rant victime d&#8217;un accident sollicitait l&#8217;extension d&#8217;une mission d&#8217;expertise. Le juge a d&#8217;abord statu\u00e9 sur l&#8217;intervention volontaire d&#8217;une soci\u00e9t\u00e9 d&#8217;assurances et la mise hors de cause d&#8217;une autre. Il a ensuite partiellement accueilli la demande d&#8217;extension concernant les frais divers. Il a en revanche rejet\u00e9 la demande relative \u00e0 une \u00e9ventuelle infection nosocomiale. La d\u00e9cision pr\u00e9cise enfin la charge des d\u00e9pens proc\u00e9duraux.<\/p>\n<p>L&#8217;encadrement proc\u00e9dural des interventions et des mesures d&#8217;instruction<\/p>\n<p>Le juge rappelle les conditions de recevabilit\u00e9 de l&#8217;intervention volontaire. Celle-ci doit se rattacher aux pr\u00e9tentions des parties par un lien suffisant. &#8220;L\u2019intervention volontaire est principale aux termes de l\u2019article 329 du m\u00eame code lorsqu\u2019elle \u00e9l\u00e8ve une pr\u00e9tention au profit de celui qui la forme&#8221; (Motifs, 1\/). Elle est accessoire lorsqu&#8217;elle appuie les pr\u00e9tentions d&#8217;une partie. En l&#8217;esp\u00e8ce, l&#8217;intervention est jug\u00e9e recevable car la soci\u00e9t\u00e9 justifie \u00eatre le cocontractant de la victime. Cette analyse permet une clarification des r\u00f4les assurantiels d\u00e8s l&#8217;instance pr\u00e9alable. Elle garantit la pr\u00e9sence effective des parties concern\u00e9es par l&#8217;indemnisation future.<\/p>\n<p>Le r\u00e9f\u00e9r\u00e9 probatoire ob\u00e9it \u00e0 un cadre l\u00e9gal strict d\u00e9fini par l&#8217;article 145 du code de proc\u00e9dure civile. Le juge peut ordonner des mesures d&#8217;instruction avant tout proc\u00e8s. Il doit exister un motif l\u00e9gitime de conserver ou d&#8217;\u00e9tablir une preuve. La mesure doit concerner des faits dont pourrait d\u00e9pendre la solution d&#8217;un litige. Le juge use de ce pouvoir pour compl\u00e9ter la mission de l&#8217;expert sur un point pr\u00e9cis. Il ordonne d&#8217;ajouter l&#8217;analyse des frais de tierce personne temporaire aux frais divers. Cette pr\u00e9cision \u00e9vite toute ambigu\u00eft\u00e9 et assure l&#8217;exhaustivit\u00e9 de l&#8217;expertise future.<\/p>\n<p>La d\u00e9limitation du champ de l&#8217;expertise et la sanction du principe du contradictoire<\/p>\n<p>Le juge proc\u00e8de \u00e0 une interpr\u00e9tation constructive de la mission initiale de l&#8217;expert. Il constate que le poste d&#8217;aide temporaire par une tierce personne n&#8217;appara\u00eet pas clairement. &#8220;Il y aura donc lieu de faire droit \u00e0 la demande du requ\u00e9rant et d\u2019\u00e9tendre la mission&#8221; (Motifs, 2\/). L&#8217;extension vise \u00e0 inclure explicitement l&#8217;avis sur les frais de tierce personne temporaire. Cette pr\u00e9cision est essentielle pour une \u00e9valuation compl\u00e8te des pr\u00e9judices patrimoniaux. Elle s\u00e9curise le travail de l&#8217;expert et pr\u00e9vient d&#8217;\u00e9ventuels litiges ult\u00e9rieurs sur ce point.<\/p>\n<p>Le rejet de l&#8217;extension concernant l&#8217;infection nosocomiale est fond\u00e9 sur le respect du principe du contradictoire. Le juge rappelle le r\u00e9gime de responsabilit\u00e9 sans faute des \u00e9tablissements de sant\u00e9. &#8220;Les \u00e9tablissements, services et organismes susmentionn\u00e9s sont responsables des dommages r\u00e9sultant d&#8217;infections nosocomiales&#8221; (Motifs, 2\/). Il souligne que l&#8217;expertise sur ce point pourrait d\u00e9boucher sur la mise en cause d&#8217;un centre hospitalier ou de l&#8217;ONIAM. &#8220;Il est en cons\u00e9quence indispensable que l\u2019extension de l\u2019expertise sollicit\u00e9e puisse se d\u00e9rouler \u00e0 leur contradictoire&#8221; (Motifs, 2\/). Faute d&#8217;avoir appel\u00e9 ces parties, la demande est rejet\u00e9e. Cette rigueur proc\u00e9durale prot\u00e8ge les droits de la d\u00e9fense des potentiels responsables.<\/p>\n<p>La solution illustre l&#8217;\u00e9quilibre entre recherche de la preuve et loyaut\u00e9 de la proc\u00e9dure. Le juge facilite l&#8217;instruction sur les pr\u00e9judices directs li\u00e9s \u00e0 l&#8217;accident. Il refuse en revanche d&#8217;engager une expertise sur des pr\u00e9judices d\u00e9riv\u00e9s sans garantir le contradictoire. Cette position est conforme \u00e0 l&#8217;exigence d&#8217;une instruction loyale et compl\u00e8te. Elle \u00e9vite de priver de d\u00e9fense des tiers dont la responsabilit\u00e9 pourrait \u00eatre ult\u00e9rieurement recherch\u00e9e. La d\u00e9cision rappelle ainsi que l&#8217;article 145 ne saurait contourner les r\u00e8gles fondamentales du proc\u00e8s \u00e9quitable.<\/p>\n<\/div>\n","protected":false},"excerpt":{"rendered":"<p>Le tribunal judiciaire, statuant en r\u00e9f\u00e9r\u00e9, a rendu une ordonnance le 30 avril 2025. Un requ\u00e9rant victime d&#8217;un accident sollicitait l&#8217;extension d&#8217;une mission&#8230;<\/p>\n","protected":false},"author":232070755,"featured_media":9564,"comment_status":"open","ping_status":"open","sticky":false,"template":"","format":"standard","meta":{"_crdt_document":"","_jetpack_newsletter_access":"","_jetpack_dont_email_post_to_subs":false,"_jetpack_newsletter_tier_id":0,"_jetpack_memberships_contains_paywalled_content":false,"_kj_source_type":"","_kj_official_id":"","_kj_official_url":"","_kj_judilibre_id":"","_kj_jur":"","_kj_lieu":"","_kj_chambre":"","_kj_rg":"","_kj_date":"","_jetpack_memberships_contains_paid_content":false,"footnotes":"","jetpack_post_was_ever_published":false},"categories":[7597],"tags":[],"class_list":["post-650805","post","type-post","status-publish","format-standard","has-post-thumbnail","hentry","category-jurisprudence"],"yoast_head":"<!-- This site is optimized with the Yoast SEO Premium plugin v27.5 (Yoast SEO v27.5) - https:\/\/yoast.com\/product\/yoast-seo-premium-wordpress\/ -->\n<title>Tribunal judiciaire de Grasse, le 30 avril 2025, n\u00b025\/00489 - Ma\u00eetre Hassan Kohen, avocat en droit p\u00e9nal \u00e0 Paris<\/title>\n<meta name=\"description\" content=\"Le tribunal judiciaire, statuant en r\u00e9f\u00e9r\u00e9, a rendu une ordonnance le 30 avril 2025. Un requ\u00e9rant victime d&#039;un accident sollicitait l&#039;extension d&#039;une mission...\" \/>\n<meta name=\"robots\" content=\"index, follow, max-snippet:-1, max-image-preview:large, max-video-preview:-1\" \/>\n<link rel=\"canonical\" href=\"https:\/\/kohenavocats.com\/pt-pt\/tribunal-judiciaire-de-grasse-le-30-avril-2025-n25-00489\/\" \/>\n<meta property=\"og:locale\" content=\"pt_PT\" \/>\n<meta property=\"og:type\" content=\"article\" \/>\n<meta property=\"og:title\" content=\"Tribunal judiciaire de Grasse, le 30 avril 2025, n\u00b025\/00489\" \/>\n<meta property=\"og:description\" content=\"Le tribunal judiciaire, statuant en r\u00e9f\u00e9r\u00e9, a rendu une ordonnance le 30 avril 2025. Un requ\u00e9rant victime d&#039;un accident sollicitait l&#039;extension d&#039;une mission...\" \/>\n<meta property=\"og:url\" content=\"https:\/\/kohenavocats.com\/pt-pt\/tribunal-judiciaire-de-grasse-le-30-avril-2025-n25-00489\/\" \/>\n<meta property=\"og:site_name\" content=\"Ma\u00eetre Hassan Kohen, avocat en droit p\u00e9nal \u00e0 Paris\" \/>\n<meta property=\"article:published_time\" content=\"2026-04-22T17:19:16+00:00\" \/>\n<meta property=\"og:image\" content=\"https:\/\/kohenavocats.com\/wp-content\/uploads\/2024\/11\/getty-images-xdphsBoOFvY-unsplash.webp\" \/>\n\t<meta property=\"og:image:width\" content=\"4785\" \/>\n\t<meta property=\"og:image:height\" content=\"3589\" \/>\n\t<meta property=\"og:image:type\" content=\"image\/webp\" \/>\n<meta name=\"author\" content=\"Kohen\" \/>\n<meta name=\"twitter:card\" content=\"summary_large_image\" \/>\n<meta name=\"twitter:label1\" content=\"Escrito por\" \/>\n\t<meta name=\"twitter:data1\" content=\"Kohen\" \/>\n\t<meta name=\"twitter:label2\" content=\"Tempo estimado de leitura\" \/>\n\t<meta name=\"twitter:data2\" content=\"3 minutos\" \/>\n<script type=\"application\/ld+json\" class=\"yoast-schema-graph\">{\"@context\":\"https:\\\/\\\/schema.org\",\"@graph\":[{\"@type\":\"Article\",\"@id\":\"https:\\\/\\\/kohenavocats.com\\\/pt-pt\\\/tribunal-judiciaire-de-grasse-le-30-avril-2025-n25-00489\\\/#article\",\"isPartOf\":{\"@id\":\"https:\\\/\\\/kohenavocats.com\\\/pt-pt\\\/tribunal-judiciaire-de-grasse-le-30-avril-2025-n25-00489\\\/\"},\"author\":{\"name\":\"Kohen\",\"@id\":\"https:\\\/\\\/kohenavocats.com\\\/pt-pt\\\/#\\\/schema\\\/person\\\/761c9ba54fa1ca84d405cef0831ff751\"},\"headline\":\"Tribunal judiciaire de Grasse, le 30 avril 2025, n\u00b025\\\/00489\",\"datePublished\":\"2026-04-22T17:19:16+00:00\",\"mainEntityOfPage\":{\"@id\":\"https:\\\/\\\/kohenavocats.com\\\/pt-pt\\\/tribunal-judiciaire-de-grasse-le-30-avril-2025-n25-00489\\\/\"},\"wordCount\":670,\"commentCount\":0,\"publisher\":{\"@id\":\"https:\\\/\\\/kohenavocats.com\\\/pt-pt\\\/#organization\"},\"image\":{\"@id\":\"https:\\\/\\\/kohenavocats.com\\\/pt-pt\\\/tribunal-judiciaire-de-grasse-le-30-avril-2025-n25-00489\\\/#primaryimage\"},\"thumbnailUrl\":\"https:\\\/\\\/kohenavocats.com\\\/wp-content\\\/uploads\\\/2024\\\/11\\\/getty-images-xdphsBoOFvY-unsplash.webp\",\"articleSection\":[\"Jurisprudence\"],\"inLanguage\":\"pt-PT\",\"potentialAction\":[{\"@type\":\"CommentAction\",\"name\":\"Comment\",\"target\":[\"https:\\\/\\\/kohenavocats.com\\\/pt-pt\\\/tribunal-judiciaire-de-grasse-le-30-avril-2025-n25-00489\\\/#respond\"]}],\"citation\":\"Tribunal judiciaire de Grasse, le 30 avril 2025, n\u00b025\\\/00489\",\"about\":[{\"@type\":\"Thing\",\"name\":\"Jurisprudence\"}],\"dateModified\":\"2026-04-22T17:19:16+00:00\",\"speakable\":{\"@type\":\"SpeakableSpecification\",\"cssSelector\":[\".article-content > p:first-of-type\"]}},{\"@type\":\"WebPage\",\"@id\":\"https:\\\/\\\/kohenavocats.com\\\/pt-pt\\\/tribunal-judiciaire-de-grasse-le-30-avril-2025-n25-00489\\\/\",\"url\":\"https:\\\/\\\/kohenavocats.com\\\/pt-pt\\\/tribunal-judiciaire-de-grasse-le-30-avril-2025-n25-00489\\\/\",\"name\":\"Tribunal judiciaire de Grasse, le 30 avril 2025, n\u00b025\\\/00489 - Ma\u00eetre Hassan Kohen, avocat en droit p\u00e9nal \u00e0 Paris\",\"isPartOf\":{\"@id\":\"https:\\\/\\\/kohenavocats.com\\\/pt-pt\\\/#website\"},\"primaryImageOfPage\":{\"@id\":\"https:\\\/\\\/kohenavocats.com\\\/pt-pt\\\/tribunal-judiciaire-de-grasse-le-30-avril-2025-n25-00489\\\/#primaryimage\"},\"image\":{\"@id\":\"https:\\\/\\\/kohenavocats.com\\\/pt-pt\\\/tribunal-judiciaire-de-grasse-le-30-avril-2025-n25-00489\\\/#primaryimage\"},\"thumbnailUrl\":\"https:\\\/\\\/kohenavocats.com\\\/wp-content\\\/uploads\\\/2024\\\/11\\\/getty-images-xdphsBoOFvY-unsplash.webp\",\"datePublished\":\"2026-04-22T17:19:16+00:00\",\"description\":\"Le tribunal judiciaire, statuant en r\u00e9f\u00e9r\u00e9, a rendu une ordonnance le 30 avril 2025. Un requ\u00e9rant victime d'un accident sollicitait l'extension d'une mission...\",\"breadcrumb\":{\"@id\":\"https:\\\/\\\/kohenavocats.com\\\/pt-pt\\\/tribunal-judiciaire-de-grasse-le-30-avril-2025-n25-00489\\\/#breadcrumb\"},\"inLanguage\":\"pt-PT\",\"potentialAction\":[{\"@type\":\"ReadAction\",\"target\":[\"https:\\\/\\\/kohenavocats.com\\\/pt-pt\\\/tribunal-judiciaire-de-grasse-le-30-avril-2025-n25-00489\\\/\"]}]},{\"@type\":\"ImageObject\",\"inLanguage\":\"pt-PT\",\"@id\":\"https:\\\/\\\/kohenavocats.com\\\/pt-pt\\\/tribunal-judiciaire-de-grasse-le-30-avril-2025-n25-00489\\\/#primaryimage\",\"url\":\"https:\\\/\\\/kohenavocats.com\\\/wp-content\\\/uploads\\\/2024\\\/11\\\/getty-images-xdphsBoOFvY-unsplash.webp\",\"contentUrl\":\"https:\\\/\\\/kohenavocats.com\\\/wp-content\\\/uploads\\\/2024\\\/11\\\/getty-images-xdphsBoOFvY-unsplash.webp\",\"width\":4785,\"height\":3589},{\"@type\":\"BreadcrumbList\",\"@id\":\"https:\\\/\\\/kohenavocats.com\\\/pt-pt\\\/tribunal-judiciaire-de-grasse-le-30-avril-2025-n25-00489\\\/#breadcrumb\",\"itemListElement\":[{\"@type\":\"ListItem\",\"position\":1,\"name\":\"Home\",\"item\":\"https:\\\/\\\/kohenavocats.com\\\/pt-pt\\\/avocats-en-droit-penal-a-paris-conseil-et-defense-strategique\\\/\"},{\"@type\":\"ListItem\",\"position\":2,\"name\":\"Tribunal judiciaire de Grasse, le 30 avril 2025, n\u00b025\\\/00489\"}]},{\"@type\":\"WebSite\",\"@id\":\"https:\\\/\\\/kohenavocats.com\\\/pt-pt\\\/#website\",\"url\":\"https:\\\/\\\/kohenavocats.com\\\/pt-pt\\\/\",\"name\":\"Kohen Avocats\",\"description\":\"Ma\u00eetre Hassan Kohen, avocat p\u00e9naliste \u00e0 Paris, intervient exclusivement en droit p\u00e9nal pour la d\u00e9fense des particuliers, notamment en mati\u00e8re d\u2019accusations de viol. Il assure un accompagnement rigoureux d\u00e8s la garde \u00e0 vue jusqu\u2019\u00e0 la Cour d\u2019assises, veillant au strict respect des garanties proc\u00e9durales.\",\"publisher\":{\"@id\":\"https:\\\/\\\/kohenavocats.com\\\/pt-pt\\\/#organization\"},\"potentialAction\":[{\"@type\":\"SearchAction\",\"target\":{\"@type\":\"EntryPoint\",\"urlTemplate\":\"https:\\\/\\\/kohenavocats.com\\\/pt-pt\\\/?s={search_term_string}\"},\"query-input\":{\"@type\":\"PropertyValueSpecification\",\"valueRequired\":true,\"valueName\":\"search_term_string\"}}],\"inLanguage\":\"pt-PT\"},{\"@type\":\"Organization\",\"@id\":\"https:\\\/\\\/kohenavocats.com\\\/pt-pt\\\/#organization\",\"name\":\"Kohen Avocats\",\"url\":\"https:\\\/\\\/kohenavocats.com\\\/pt-pt\\\/\",\"logo\":{\"@type\":\"ImageObject\",\"inLanguage\":\"pt-PT\",\"@id\":\"https:\\\/\\\/kohenavocats.com\\\/pt-pt\\\/#\\\/schema\\\/logo\\\/image\\\/\",\"url\":\"https:\\\/\\\/kohenavocats.com\\\/wp-content\\\/uploads\\\/2026\\\/01\\\/Logo-2-1.webp\",\"contentUrl\":\"https:\\\/\\\/kohenavocats.com\\\/wp-content\\\/uploads\\\/2026\\\/01\\\/Logo-2-1.webp\",\"width\":2114,\"height\":1253,\"caption\":\"Kohen Avocats\"},\"image\":{\"@id\":\"https:\\\/\\\/kohenavocats.com\\\/pt-pt\\\/#\\\/schema\\\/logo\\\/image\\\/\"}},{\"@type\":\"Person\",\"@id\":\"https:\\\/\\\/kohenavocats.com\\\/pt-pt\\\/#\\\/schema\\\/person\\\/761c9ba54fa1ca84d405cef0831ff751\",\"name\":\"Kohen\",\"image\":{\"@type\":\"ImageObject\",\"inLanguage\":\"pt-PT\",\"@id\":\"https:\\\/\\\/secure.gravatar.com\\\/avatar\\\/1c5e76ef76bbbfdd2b4da984e2bf2fa4056fd51a27d25ce2c332047f1dfd6e00?s=96&d=identicon&r=g\",\"url\":\"https:\\\/\\\/secure.gravatar.com\\\/avatar\\\/1c5e76ef76bbbfdd2b4da984e2bf2fa4056fd51a27d25ce2c332047f1dfd6e00?s=96&d=identicon&r=g\",\"contentUrl\":\"https:\\\/\\\/secure.gravatar.com\\\/avatar\\\/1c5e76ef76bbbfdd2b4da984e2bf2fa4056fd51a27d25ce2c332047f1dfd6e00?s=96&d=identicon&r=g\",\"caption\":\"Kohen\"},\"sameAs\":[\"https:\\\/\\\/www.linkedin.com\\\/in\\\/hassan-kohen-448548192\\\/\",\"https:\\\/\\\/www.youtube.com\\\/@Kohen-Avocats\"],\"url\":\"https:\\\/\\\/kohenavocats.com\\\/pt-pt\\\/author\\\/kohenmlk\\\/\"}]}<\/script>\n<!-- \/ Yoast SEO Premium plugin. -->","yoast_head_json":{"title":"Tribunal judiciaire de Grasse, le 30 avril 2025, n\u00b025\/00489 - Ma\u00eetre Hassan Kohen, avocat en droit p\u00e9nal \u00e0 Paris","description":"Le tribunal judiciaire, statuant en r\u00e9f\u00e9r\u00e9, a rendu une ordonnance le 30 avril 2025. Un requ\u00e9rant victime d'un accident sollicitait l'extension d'une mission...","robots":{"index":"index","follow":"follow","max-snippet":"max-snippet:-1","max-image-preview":"max-image-preview:large","max-video-preview":"max-video-preview:-1"},"canonical":"https:\/\/kohenavocats.com\/pt-pt\/tribunal-judiciaire-de-grasse-le-30-avril-2025-n25-00489\/","og_locale":"pt_PT","og_type":"article","og_title":"Tribunal judiciaire de Grasse, le 30 avril 2025, n\u00b025\/00489","og_description":"Le tribunal judiciaire, statuant en r\u00e9f\u00e9r\u00e9, a rendu une ordonnance le 30 avril 2025. Un requ\u00e9rant victime d'un accident sollicitait l'extension d'une mission...","og_url":"https:\/\/kohenavocats.com\/pt-pt\/tribunal-judiciaire-de-grasse-le-30-avril-2025-n25-00489\/","og_site_name":"Ma\u00eetre Hassan Kohen, avocat en droit p\u00e9nal \u00e0 Paris","article_published_time":"2026-04-22T17:19:16+00:00","og_image":[{"width":4785,"height":3589,"url":"https:\/\/kohenavocats.com\/wp-content\/uploads\/2024\/11\/getty-images-xdphsBoOFvY-unsplash.webp","type":"image\/webp"}],"author":"Kohen","twitter_card":"summary_large_image","twitter_misc":{"Escrito por":"Kohen","Tempo estimado de leitura":"3 minutos"},"schema":{"@context":"https:\/\/schema.org","@graph":[{"@type":"Article","@id":"https:\/\/kohenavocats.com\/pt-pt\/tribunal-judiciaire-de-grasse-le-30-avril-2025-n25-00489\/#article","isPartOf":{"@id":"https:\/\/kohenavocats.com\/pt-pt\/tribunal-judiciaire-de-grasse-le-30-avril-2025-n25-00489\/"},"author":{"name":"Kohen","@id":"https:\/\/kohenavocats.com\/pt-pt\/#\/schema\/person\/761c9ba54fa1ca84d405cef0831ff751"},"headline":"Tribunal judiciaire de Grasse, le 30 avril 2025, n\u00b025\/00489","datePublished":"2026-04-22T17:19:16+00:00","mainEntityOfPage":{"@id":"https:\/\/kohenavocats.com\/pt-pt\/tribunal-judiciaire-de-grasse-le-30-avril-2025-n25-00489\/"},"wordCount":670,"commentCount":0,"publisher":{"@id":"https:\/\/kohenavocats.com\/pt-pt\/#organization"},"image":{"@id":"https:\/\/kohenavocats.com\/pt-pt\/tribunal-judiciaire-de-grasse-le-30-avril-2025-n25-00489\/#primaryimage"},"thumbnailUrl":"https:\/\/kohenavocats.com\/wp-content\/uploads\/2024\/11\/getty-images-xdphsBoOFvY-unsplash.webp","articleSection":["Jurisprudence"],"inLanguage":"pt-PT","potentialAction":[{"@type":"CommentAction","name":"Comment","target":["https:\/\/kohenavocats.com\/pt-pt\/tribunal-judiciaire-de-grasse-le-30-avril-2025-n25-00489\/#respond"]}],"citation":"Tribunal judiciaire de Grasse, le 30 avril 2025, n\u00b025\/00489","about":[{"@type":"Thing","name":"Jurisprudence"}],"dateModified":"2026-04-22T17:19:16+00:00","speakable":{"@type":"SpeakableSpecification","cssSelector":[".article-content > p:first-of-type"]}},{"@type":"WebPage","@id":"https:\/\/kohenavocats.com\/pt-pt\/tribunal-judiciaire-de-grasse-le-30-avril-2025-n25-00489\/","url":"https:\/\/kohenavocats.com\/pt-pt\/tribunal-judiciaire-de-grasse-le-30-avril-2025-n25-00489\/","name":"Tribunal judiciaire de Grasse, le 30 avril 2025, n\u00b025\/00489 - Ma\u00eetre Hassan Kohen, avocat en droit p\u00e9nal \u00e0 Paris","isPartOf":{"@id":"https:\/\/kohenavocats.com\/pt-pt\/#website"},"primaryImageOfPage":{"@id":"https:\/\/kohenavocats.com\/pt-pt\/tribunal-judiciaire-de-grasse-le-30-avril-2025-n25-00489\/#primaryimage"},"image":{"@id":"https:\/\/kohenavocats.com\/pt-pt\/tribunal-judiciaire-de-grasse-le-30-avril-2025-n25-00489\/#primaryimage"},"thumbnailUrl":"https:\/\/kohenavocats.com\/wp-content\/uploads\/2024\/11\/getty-images-xdphsBoOFvY-unsplash.webp","datePublished":"2026-04-22T17:19:16+00:00","description":"Le tribunal judiciaire, statuant en r\u00e9f\u00e9r\u00e9, a rendu une ordonnance le 30 avril 2025. Un requ\u00e9rant victime d'un accident sollicitait l'extension d'une mission...","breadcrumb":{"@id":"https:\/\/kohenavocats.com\/pt-pt\/tribunal-judiciaire-de-grasse-le-30-avril-2025-n25-00489\/#breadcrumb"},"inLanguage":"pt-PT","potentialAction":[{"@type":"ReadAction","target":["https:\/\/kohenavocats.com\/pt-pt\/tribunal-judiciaire-de-grasse-le-30-avril-2025-n25-00489\/"]}]},{"@type":"ImageObject","inLanguage":"pt-PT","@id":"https:\/\/kohenavocats.com\/pt-pt\/tribunal-judiciaire-de-grasse-le-30-avril-2025-n25-00489\/#primaryimage","url":"https:\/\/kohenavocats.com\/wp-content\/uploads\/2024\/11\/getty-images-xdphsBoOFvY-unsplash.webp","contentUrl":"https:\/\/kohenavocats.com\/wp-content\/uploads\/2024\/11\/getty-images-xdphsBoOFvY-unsplash.webp","width":4785,"height":3589},{"@type":"BreadcrumbList","@id":"https:\/\/kohenavocats.com\/pt-pt\/tribunal-judiciaire-de-grasse-le-30-avril-2025-n25-00489\/#breadcrumb","itemListElement":[{"@type":"ListItem","position":1,"name":"Home","item":"https:\/\/kohenavocats.com\/pt-pt\/avocats-en-droit-penal-a-paris-conseil-et-defense-strategique\/"},{"@type":"ListItem","position":2,"name":"Tribunal judiciaire de Grasse, le 30 avril 2025, n\u00b025\/00489"}]},{"@type":"WebSite","@id":"https:\/\/kohenavocats.com\/pt-pt\/#website","url":"https:\/\/kohenavocats.com\/pt-pt\/","name":"Kohen Avocats","description":"Ma\u00eetre Hassan Kohen, avocat p\u00e9naliste \u00e0 Paris, intervient exclusivement en droit p\u00e9nal pour la d\u00e9fense des particuliers, notamment en mati\u00e8re d\u2019accusations de viol. Il assure un accompagnement rigoureux d\u00e8s la garde \u00e0 vue jusqu\u2019\u00e0 la Cour d\u2019assises, veillant au strict respect des garanties proc\u00e9durales.","publisher":{"@id":"https:\/\/kohenavocats.com\/pt-pt\/#organization"},"potentialAction":[{"@type":"SearchAction","target":{"@type":"EntryPoint","urlTemplate":"https:\/\/kohenavocats.com\/pt-pt\/?s={search_term_string}"},"query-input":{"@type":"PropertyValueSpecification","valueRequired":true,"valueName":"search_term_string"}}],"inLanguage":"pt-PT"},{"@type":"Organization","@id":"https:\/\/kohenavocats.com\/pt-pt\/#organization","name":"Kohen Avocats","url":"https:\/\/kohenavocats.com\/pt-pt\/","logo":{"@type":"ImageObject","inLanguage":"pt-PT","@id":"https:\/\/kohenavocats.com\/pt-pt\/#\/schema\/logo\/image\/","url":"https:\/\/kohenavocats.com\/wp-content\/uploads\/2026\/01\/Logo-2-1.webp","contentUrl":"https:\/\/kohenavocats.com\/wp-content\/uploads\/2026\/01\/Logo-2-1.webp","width":2114,"height":1253,"caption":"Kohen Avocats"},"image":{"@id":"https:\/\/kohenavocats.com\/pt-pt\/#\/schema\/logo\/image\/"}},{"@type":"Person","@id":"https:\/\/kohenavocats.com\/pt-pt\/#\/schema\/person\/761c9ba54fa1ca84d405cef0831ff751","name":"Kohen","image":{"@type":"ImageObject","inLanguage":"pt-PT","@id":"https:\/\/secure.gravatar.com\/avatar\/1c5e76ef76bbbfdd2b4da984e2bf2fa4056fd51a27d25ce2c332047f1dfd6e00?s=96&d=identicon&r=g","url":"https:\/\/secure.gravatar.com\/avatar\/1c5e76ef76bbbfdd2b4da984e2bf2fa4056fd51a27d25ce2c332047f1dfd6e00?s=96&d=identicon&r=g","contentUrl":"https:\/\/secure.gravatar.com\/avatar\/1c5e76ef76bbbfdd2b4da984e2bf2fa4056fd51a27d25ce2c332047f1dfd6e00?s=96&d=identicon&r=g","caption":"Kohen"},"sameAs":["https:\/\/www.linkedin.com\/in\/hassan-kohen-448548192\/","https:\/\/www.youtube.com\/@Kohen-Avocats"],"url":"https:\/\/kohenavocats.com\/pt-pt\/author\/kohenmlk\/"}]}},"jetpack_featured_media_url":"https:\/\/kohenavocats.com\/wp-content\/uploads\/2024\/11\/getty-images-xdphsBoOFvY-unsplash.webp","jetpack_likes_enabled":false,"jetpack_shortlink":"https:\/\/wp.me\/peCrII-2JiR","jetpack-related-posts":[{"id":280314,"url":"https:\/\/kohenavocats.com\/pt-pt\/cour-dappel-administrative-de-paris-le-18-decembre-2025-n25pa02233\/","url_meta":{"origin":650805,"position":0},"title":"Cour d&#8217;appel administrative de Paris, le 18 d\u00e9cembre 2025, n\u00b025PA02233","author":"Kohen","date":"12 de Janeiro, 2026","format":false,"excerpt":"La Cour administrative d'appel de Paris a rendu, le 18 d\u00e9cembre 2025, un arr\u00eat relatif \u00e0 la l\u00e9galit\u00e9 d'une obligation de quitter le territoire fran\u00e7ais. Un ressortissant \u00e9tranger, entr\u00e9 en France en 2020, a fait l'objet d'un arr\u00eat\u00e9 pr\u00e9fectoral en octobre 2024 lui imposant un \u00e9loignement imm\u00e9diat. Le tribunal administratif\u2026","rel":"","context":"In &quot;Cour administrative d'appel&quot;","block_context":{"text":"Cour administrative d'appel","link":"https:\/\/kohenavocats.com\/category\/cour-administrative-dappel\/"},"img":{"alt_text":"","src":"https:\/\/i0.wp.com\/kohenavocats.com\/wp-content\/uploads\/2024\/08\/drown_-in_city-Ir1VMSMY3i4-unsplash.webp?resize=350%2C200&ssl=1","width":350,"height":200,"srcset":"https:\/\/i0.wp.com\/kohenavocats.com\/wp-content\/uploads\/2024\/08\/drown_-in_city-Ir1VMSMY3i4-unsplash.webp?resize=350%2C200&ssl=1 1x, https:\/\/i0.wp.com\/kohenavocats.com\/wp-content\/uploads\/2024\/08\/drown_-in_city-Ir1VMSMY3i4-unsplash.webp?resize=525%2C300&ssl=1 1.5x, https:\/\/i0.wp.com\/kohenavocats.com\/wp-content\/uploads\/2024\/08\/drown_-in_city-Ir1VMSMY3i4-unsplash.webp?resize=700%2C400&ssl=1 2x, https:\/\/i0.wp.com\/kohenavocats.com\/wp-content\/uploads\/2024\/08\/drown_-in_city-Ir1VMSMY3i4-unsplash.webp?resize=1050%2C600&ssl=1 3x, https:\/\/i0.wp.com\/kohenavocats.com\/wp-content\/uploads\/2024\/08\/drown_-in_city-Ir1VMSMY3i4-unsplash.webp?resize=1400%2C800&ssl=1 4x"},"classes":[]},{"id":267333,"url":"https:\/\/kohenavocats.com\/pt-pt\/tribunal-judiciaire-de-lille-le-27-juin-2025-n25-00089\/","url_meta":{"origin":650805,"position":1},"title":"Tribunal judiciaire de Lille, le 27 juin 2025, n\u00b025\/00089","author":"Kohen","date":"10 de Janeiro, 2026","format":false,"excerpt":"Le juge de l\u2019ex\u00e9cution du tribunal judiciaire de Lille a statu\u00e9 le 27 juin 2025 sur une demande de d\u00e9lais pour quitter les lieux form\u00e9e apr\u00e8s la mise en \u0153uvre d\u2019une clause r\u00e9solutoire et la signification d\u2019un commandement de quitter. Le litige na\u00eet de deux baux conclus en f\u00e9vrier 2018,\u2026","rel":"","context":"In &quot;6923&quot;","block_context":{"text":"6923","link":"https:\/\/kohenavocats.com\/category\/6923\/"},"img":{"alt_text":"","src":"https:\/\/i0.wp.com\/kohenavocats.com\/wp-content\/uploads\/2024\/11\/mohamed-nohassi-Qi-Qyp5vc3o-unsplash.webp?resize=350%2C200&ssl=1","width":350,"height":200,"srcset":"https:\/\/i0.wp.com\/kohenavocats.com\/wp-content\/uploads\/2024\/11\/mohamed-nohassi-Qi-Qyp5vc3o-unsplash.webp?resize=350%2C200&ssl=1 1x, https:\/\/i0.wp.com\/kohenavocats.com\/wp-content\/uploads\/2024\/11\/mohamed-nohassi-Qi-Qyp5vc3o-unsplash.webp?resize=525%2C300&ssl=1 1.5x, https:\/\/i0.wp.com\/kohenavocats.com\/wp-content\/uploads\/2024\/11\/mohamed-nohassi-Qi-Qyp5vc3o-unsplash.webp?resize=700%2C400&ssl=1 2x, https:\/\/i0.wp.com\/kohenavocats.com\/wp-content\/uploads\/2024\/11\/mohamed-nohassi-Qi-Qyp5vc3o-unsplash.webp?resize=1050%2C600&ssl=1 3x, https:\/\/i0.wp.com\/kohenavocats.com\/wp-content\/uploads\/2024\/11\/mohamed-nohassi-Qi-Qyp5vc3o-unsplash.webp?resize=1400%2C800&ssl=1 4x"},"classes":[]},{"id":268967,"url":"https:\/\/kohenavocats.com\/pt-pt\/tribunal-judiciaire-de-paris-le-30-juin-2025-n25-52979\/","url_meta":{"origin":650805,"position":2},"title":"Tribunal judiciaire de Paris, le 30 juin 2025, n\u00b025\/52979","author":"Kohen","date":"10 de Janeiro, 2026","format":false,"excerpt":"Tribunal judiciaire de Paris, ordonnance de r\u00e9f\u00e9r\u00e9 du 30 juin 2025. Une locataire d\u2019un local professionnel a subi une intoxication au monoxyde de carbone, qu\u2019elle impute au chauffage collectif de l\u2019immeuble. Elle sollicite, avant tout proc\u00e8s, sur le fondement de l\u2019article 145 du code de proc\u00e9dure civile, la communication d\u2019un\u2026","rel":"","context":"In &quot;D\u00e9cisions juridiques&quot;","block_context":{"text":"D\u00e9cisions juridiques","link":"https:\/\/kohenavocats.com\/category\/decisions-juridiques\/"},"img":{"alt_text":"","src":"https:\/\/i0.wp.com\/kohenavocats.com\/wp-content\/uploads\/2024\/11\/mohamed-nohassi-AE9Z7hVNOPE-unsplash.webp?resize=350%2C200&ssl=1","width":350,"height":200,"srcset":"https:\/\/i0.wp.com\/kohenavocats.com\/wp-content\/uploads\/2024\/11\/mohamed-nohassi-AE9Z7hVNOPE-unsplash.webp?resize=350%2C200&ssl=1 1x, https:\/\/i0.wp.com\/kohenavocats.com\/wp-content\/uploads\/2024\/11\/mohamed-nohassi-AE9Z7hVNOPE-unsplash.webp?resize=525%2C300&ssl=1 1.5x, https:\/\/i0.wp.com\/kohenavocats.com\/wp-content\/uploads\/2024\/11\/mohamed-nohassi-AE9Z7hVNOPE-unsplash.webp?resize=700%2C400&ssl=1 2x, https:\/\/i0.wp.com\/kohenavocats.com\/wp-content\/uploads\/2024\/11\/mohamed-nohassi-AE9Z7hVNOPE-unsplash.webp?resize=1050%2C600&ssl=1 3x, https:\/\/i0.wp.com\/kohenavocats.com\/wp-content\/uploads\/2024\/11\/mohamed-nohassi-AE9Z7hVNOPE-unsplash.webp?resize=1400%2C800&ssl=1 4x"},"classes":[]},{"id":263808,"url":"https:\/\/kohenavocats.com\/pt-pt\/tribunal-judiciaire-de-montpellier-le-24-juin-2025-n19-06502\/","url_meta":{"origin":650805,"position":3},"title":"Tribunal judiciaire de Montpellier, le 24 juin 2025, n\u00b019\/06502","author":"Kohen","date":"10 de Janeiro, 2026","format":false,"excerpt":"Rendue par le juge de la mise en \u00e9tat du tribunal judiciaire de Montpellier le 24 juin 2025, l\u2019ordonnance commente une articulation d\u00e9licate entre jonction, disjonction et d\u00e9sistements. Un entrepreneur principal, impay\u00e9, avait assign\u00e9 le ma\u00eetre de l\u2019ouvrage en paiement, puis appel\u00e9 ses sous-traitants et leurs assureurs \u00e0 la proc\u00e9dure\u2026","rel":"","context":"In &quot;D\u00e9cisions juridiques&quot;","block_context":{"text":"D\u00e9cisions juridiques","link":"https:\/\/kohenavocats.com\/category\/decisions-juridiques\/"},"img":{"alt_text":"","src":"https:\/\/i0.wp.com\/kohenavocats.com\/wp-content\/uploads\/2024\/08\/nicole-herrero-ykxJs2HEb_w-unsplash.webp?resize=350%2C200&ssl=1","width":350,"height":200,"srcset":"https:\/\/i0.wp.com\/kohenavocats.com\/wp-content\/uploads\/2024\/08\/nicole-herrero-ykxJs2HEb_w-unsplash.webp?resize=350%2C200&ssl=1 1x, https:\/\/i0.wp.com\/kohenavocats.com\/wp-content\/uploads\/2024\/08\/nicole-herrero-ykxJs2HEb_w-unsplash.webp?resize=525%2C300&ssl=1 1.5x, https:\/\/i0.wp.com\/kohenavocats.com\/wp-content\/uploads\/2024\/08\/nicole-herrero-ykxJs2HEb_w-unsplash.webp?resize=700%2C400&ssl=1 2x, https:\/\/i0.wp.com\/kohenavocats.com\/wp-content\/uploads\/2024\/08\/nicole-herrero-ykxJs2HEb_w-unsplash.webp?resize=1050%2C600&ssl=1 3x, https:\/\/i0.wp.com\/kohenavocats.com\/wp-content\/uploads\/2024\/08\/nicole-herrero-ykxJs2HEb_w-unsplash.webp?resize=1400%2C800&ssl=1 4x"},"classes":[]},{"id":265362,"url":"https:\/\/kohenavocats.com\/pt-pt\/tribunal-judiciaire-de-paris-le-30-juin-2025-n24-07770\/","url_meta":{"origin":650805,"position":4},"title":"Tribunal judiciaire de Paris, le 30 juin 2025, n\u00b024\/07770","author":"Kohen","date":"10 de Janeiro, 2026","format":false,"excerpt":"Le juge des contentieux de la protection du tribunal judiciaire de [Localit\u00e9 4] a statu\u00e9 le 30 juin 2025 sur un litige n\u00e9 d\u2019un bail meubl\u00e9. La locataire, ayant quitt\u00e9 les lieux le 30 juillet 2022, contestait le retard pris par la bailleresse pour restituer le d\u00e9p\u00f4t de garantie. Une\u2026","rel":"","context":"In &quot;D\u00e9cisions juridiques&quot;","block_context":{"text":"D\u00e9cisions juridiques","link":"https:\/\/kohenavocats.com\/category\/decisions-juridiques\/"},"img":{"alt_text":"","src":"https:\/\/i0.wp.com\/kohenavocats.com\/wp-content\/uploads\/2024\/08\/vinh-PzXQ-ycHboI-unsplash.webp?resize=350%2C200&ssl=1","width":350,"height":200,"srcset":"https:\/\/i0.wp.com\/kohenavocats.com\/wp-content\/uploads\/2024\/08\/vinh-PzXQ-ycHboI-unsplash.webp?resize=350%2C200&ssl=1 1x, https:\/\/i0.wp.com\/kohenavocats.com\/wp-content\/uploads\/2024\/08\/vinh-PzXQ-ycHboI-unsplash.webp?resize=525%2C300&ssl=1 1.5x, https:\/\/i0.wp.com\/kohenavocats.com\/wp-content\/uploads\/2024\/08\/vinh-PzXQ-ycHboI-unsplash.webp?resize=700%2C400&ssl=1 2x, https:\/\/i0.wp.com\/kohenavocats.com\/wp-content\/uploads\/2024\/08\/vinh-PzXQ-ycHboI-unsplash.webp?resize=1050%2C600&ssl=1 3x, https:\/\/i0.wp.com\/kohenavocats.com\/wp-content\/uploads\/2024\/08\/vinh-PzXQ-ycHboI-unsplash.webp?resize=1400%2C800&ssl=1 4x"},"classes":[]},{"id":269100,"url":"https:\/\/kohenavocats.com\/pt-pt\/tribunal-judiciaire-de-montpellier-le-30-juin-2025-n25-00091\/","url_meta":{"origin":650805,"position":5},"title":"Tribunal judiciaire de Montpellier, le 30 juin 2025, n\u00b025\/00091","author":"Kohen","date":"10 de Janeiro, 2026","format":false,"excerpt":"Le Tribunal judiciaire de Montpellier, 30 juin 2025, a \u00e9t\u00e9 saisi d\u2019un recours dirig\u00e9 contre la d\u00e9cision de recevabilit\u00e9 d\u2019un dossier de surendettement. La commission avait admis la demande, ouvrant la voie au traitement des dettes du foyer au regard d\u2019un budget d\u00e9ficitaire et d\u2019une situation all\u00e9gu\u00e9e comme irr\u00e9m\u00e9diablement compromise.Les\u2026","rel":"","context":"In &quot;D\u00e9cisions juridiques&quot;","block_context":{"text":"D\u00e9cisions juridiques","link":"https:\/\/kohenavocats.com\/category\/decisions-juridiques\/"},"img":{"alt_text":"","src":"https:\/\/i0.wp.com\/kohenavocats.com\/wp-content\/uploads\/2024\/08\/hieu-vu-minh-He8-FZl-o10-unsplash.webp?resize=350%2C200&ssl=1","width":350,"height":200,"srcset":"https:\/\/i0.wp.com\/kohenavocats.com\/wp-content\/uploads\/2024\/08\/hieu-vu-minh-He8-FZl-o10-unsplash.webp?resize=350%2C200&ssl=1 1x, https:\/\/i0.wp.com\/kohenavocats.com\/wp-content\/uploads\/2024\/08\/hieu-vu-minh-He8-FZl-o10-unsplash.webp?resize=525%2C300&ssl=1 1.5x, https:\/\/i0.wp.com\/kohenavocats.com\/wp-content\/uploads\/2024\/08\/hieu-vu-minh-He8-FZl-o10-unsplash.webp?resize=700%2C400&ssl=1 2x, https:\/\/i0.wp.com\/kohenavocats.com\/wp-content\/uploads\/2024\/08\/hieu-vu-minh-He8-FZl-o10-unsplash.webp?resize=1050%2C600&ssl=1 3x, https:\/\/i0.wp.com\/kohenavocats.com\/wp-content\/uploads\/2024\/08\/hieu-vu-minh-He8-FZl-o10-unsplash.webp?resize=1400%2C800&ssl=1 4x"},"classes":[]}],"jetpack_sharing_enabled":true,"_links":{"self":[{"href":"https:\/\/kohenavocats.com\/pt-pt\/wp-json\/wp\/v2\/posts\/650805","targetHints":{"allow":["GET"]}}],"collection":[{"href":"https:\/\/kohenavocats.com\/pt-pt\/wp-json\/wp\/v2\/posts"}],"about":[{"href":"https:\/\/kohenavocats.com\/pt-pt\/wp-json\/wp\/v2\/types\/post"}],"author":[{"embeddable":true,"href":"https:\/\/kohenavocats.com\/pt-pt\/wp-json\/wp\/v2\/users\/232070755"}],"replies":[{"embeddable":true,"href":"https:\/\/kohenavocats.com\/pt-pt\/wp-json\/wp\/v2\/comments?post=650805"}],"version-history":[{"count":0,"href":"https:\/\/kohenavocats.com\/pt-pt\/wp-json\/wp\/v2\/posts\/650805\/revisions"}],"wp:featuredmedia":[{"embeddable":true,"href":"https:\/\/kohenavocats.com\/pt-pt\/wp-json\/wp\/v2\/media\/9564"}],"wp:attachment":[{"href":"https:\/\/kohenavocats.com\/pt-pt\/wp-json\/wp\/v2\/media?parent=650805"}],"wp:term":[{"taxonomy":"category","embeddable":true,"href":"https:\/\/kohenavocats.com\/pt-pt\/wp-json\/wp\/v2\/categories?post=650805"},{"taxonomy":"post_tag","embeddable":true,"href":"https:\/\/kohenavocats.com\/pt-pt\/wp-json\/wp\/v2\/tags?post=650805"}],"curies":[{"name":"wp","href":"https:\/\/api.w.org\/{rel}","templated":true}]}}