{"id":651705,"date":"2026-04-22T21:36:48","date_gmt":"2026-04-22T19:36:48","guid":{"rendered":"https:\/\/kohenavocats.com\/tribunal-judiciaire-de-compiegne-le-9-juillet-2024-n25-00084\/"},"modified":"2026-04-22T21:36:48","modified_gmt":"2026-04-22T19:36:48","slug":"tribunal-judiciaire-de-compiegne-le-9-juillet-2024-n25-00084","status":"publish","type":"post","link":"https:\/\/kohenavocats.com\/pt-pt\/tribunal-judiciaire-de-compiegne-le-9-juillet-2024-n25-00084\/","title":{"rendered":"Tribunal judiciaire de Compi\u00e8gne, le 9 juillet 2024, n\u00b025\/00084"},"content":{"rendered":"<div class=\"article-content\">\n<p>Le tribunal judiciaire de Compi\u00e8gne, statuant en r\u00e9f\u00e9r\u00e9 le 9 juillet 2024, a \u00e9t\u00e9 saisi d&#8217;une demande d&#8217;extension d&#8217;une expertise. Une ordonnance ant\u00e9rieure avait d\u00e9j\u00e0 d\u00e9sign\u00e9 un expert \u00e0 la demande d&#8217;un couple. La question \u00e9tait de savoir si cette mesure pouvait \u00eatre rendue commune \u00e0 l&#8217;assureur de la soci\u00e9t\u00e9 initialement mise en cause. La juridiction a fait droit \u00e0 cette demande et a rejet\u00e9 les demandes accessoires financi\u00e8res.<\/p>\n<p>Le r\u00e9gime de l&#8217;extension d&#8217;expertise<\/p>\n<p><em>Les conditions de l&#8217;article 145<\/em><br \/>\nLe juge rappelle le fondement l\u00e9gal permettant d&#8217;\u00e9tendre une mesure d&#8217;instruction. &#8220;Il est rappel\u00e9 que la juridiction des r\u00e9f\u00e9r\u00e9s peut sur le fondement de l&#8217;article 145 du code de proc\u00e9dure civile, d\u00e9clarer commune \u00e0 une autre partie une mesure d&#8217;instruction qu&#8217;elle a pr\u00e9c\u00e9demment ordonn\u00e9e en r\u00e9f\u00e9r\u00e9&#8221; (Sur la demande d\u2019ordonnance commune). Cette formulation est conforme \u00e0 une jurisprudence constante sur le sujet. Elle confirme que le juge des r\u00e9f\u00e9r\u00e9s conserve un pouvoir d&#8217;adaptation de sa propre ordonnance. La condition unique est l&#8217;existence d&#8217;un motif l\u00e9gitime justifiant cette extension proc\u00e9durale.<\/p>\n<p><em>L&#8217;appr\u00e9ciation du motif l\u00e9gitime<\/em><br \/>\nLe tribunal d\u00e9finit concr\u00e8tement ce qui constitue un motif l\u00e9gitime en l&#8217;esp\u00e8ce. Les requ\u00e9rants &#8220;justifient d\u2019un motif l\u00e9gitime pour obtenir l&#8217;extension des op\u00e9rations d&#8217;expertise d\u00e8s lors qu\u2019est \u00e9tabli un int\u00e9r\u00eat manifeste \u00e0 pouvoir opposer au d\u00e9fendeur les r\u00e9sultats de l&#8217;expertise d\u00e9j\u00e0 ordonn\u00e9e&#8221; (Sur la demande d\u2019ordonnance commune). Le lien juridique \u00e9tabli par une attestation d&#8217;assurance cr\u00e9e cet int\u00e9r\u00eat. La d\u00e9cision pr\u00e9cise que la soci\u00e9t\u00e9 vis\u00e9e est l&#8217;assureur de la soci\u00e9t\u00e9 dont la responsabilit\u00e9 d\u00e9cennale est engag\u00e9e. Un rapport d&#8217;expertise amiable ant\u00e9rieur attribuant des malfa\u00e7ons \u00e0 cette soci\u00e9t\u00e9 renforce ce lien.<\/p>\n<p>Les cons\u00e9quences proc\u00e9durales de l&#8217;extension<\/p>\n<p><em>L&#8217;int\u00e9gration de la nouvelle partie<\/em><br \/>\nL&#8217;ordonnance produit des effets imm\u00e9diats sur le d\u00e9roulement de l&#8217;expertise. Le tribunal &#8220;Disons que l\u2019expert commis voit sa mission \u00e9tendue pour inclure la soci\u00e9t\u00e9 QBE EUROPE parmi les parties \u00e0 l\u2019expertise&#8221; (PAR CES MOTIFS). L&#8217;expert doit appeler cette nouvelle partie \u00e0 participer d\u00e8s r\u00e9ception de la d\u00e9cision. La poursuite des op\u00e9rations se fera d\u00e9sormais sous le r\u00e9gime de l&#8217;article 169 du code de proc\u00e9dure civile. Cela instaure un cadre contradictoire classique pour la suite de la mesure d&#8217;instruction.<\/p>\n<p><em>Le rejet des demandes indemnitaires<\/em><br \/>\nLa d\u00e9cision \u00e9carte toute cons\u00e9quence financi\u00e8re pour la partie jointe \u00e0 l&#8217;instance. &#8220;La partie d\u00e9fenderesse \u00e0 une demande d\u2019expertise ordonn\u00e9e sur le fondement de l\u2019article 145 du code de proc\u00e9dure civile ne peut \u00eatre consid\u00e9r\u00e9e comme la partie perdante&#8221; (Sur les demandes accessoires). Les \u00e9poux requ\u00e9rants supporteront donc seuls les d\u00e9pens. Il n&#8217;y a pas lieu \u00e0 condamnation au titre de l&#8217;article 700 du m\u00eame code. Cette solution pr\u00e9serve le caract\u00e8re purement instrumental de la proc\u00e9dure d&#8217;extension.<\/p>\n<\/div>\n","protected":false},"excerpt":{"rendered":"<p>Le tribunal judiciaire de Compi\u00e8gne, statuant en r\u00e9f\u00e9r\u00e9 le 9 juillet 2024, a \u00e9t\u00e9 saisi d&#8217;une demande d&#8217;extension d&#8217;une expertise. Une ordonnance ant\u00e9rieure a&#8230;<\/p>\n","protected":false},"author":232070755,"featured_media":4851,"comment_status":"open","ping_status":"open","sticky":false,"template":"","format":"standard","meta":{"_crdt_document":"","_jetpack_newsletter_access":"","_jetpack_dont_email_post_to_subs":false,"_jetpack_newsletter_tier_id":0,"_jetpack_memberships_contains_paywalled_content":false,"_kj_source_type":"judilibre","_kj_official_id":"68dedcce6af9fd1f809657be","_kj_official_url":"https:\/\/www.courdecassation.fr\/decision\/68dedcce6af9fd1f809657be","_kj_judilibre_id":"68dedcce6af9fd1f809657be","_kj_jur":"Tribunal judiciaire","_kj_lieu":"Tribunal judiciaire de Compi\u00e8gne","_kj_chambre":"Chambre 1 Section 6","_kj_rg":"25\/00084","_kj_date":"2025-10-02","_jetpack_memberships_contains_paid_content":false,"footnotes":"","jetpack_post_was_ever_published":false},"categories":[7597],"tags":[],"class_list":["post-651705","post","type-post","status-publish","format-standard","has-post-thumbnail","hentry","category-jurisprudence"],"yoast_head":"<!-- This site is optimized with the Yoast SEO Premium plugin v27.5 (Yoast SEO v27.5) - https:\/\/yoast.com\/product\/yoast-seo-premium-wordpress\/ -->\n<title>Tribunal judiciaire de Compi\u00e8gne, le 9 juillet 2024, n\u00b025\/00084 - Ma\u00eetre Hassan Kohen, avocat en droit p\u00e9nal \u00e0 Paris<\/title>\n<meta name=\"description\" content=\"Le tribunal judiciaire de Compi\u00e8gne, statuant en r\u00e9f\u00e9r\u00e9 le 9 juillet 2024, a \u00e9t\u00e9 saisi d&#039;une demande d&#039;extension d&#039;une expertise. Une ordonnance ant\u00e9rieure a...\" \/>\n<meta name=\"robots\" content=\"index, follow, max-snippet:-1, max-image-preview:large, max-video-preview:-1\" \/>\n<link rel=\"canonical\" href=\"https:\/\/kohenavocats.com\/pt-pt\/tribunal-judiciaire-de-compiegne-le-9-juillet-2024-n25-00084\/\" \/>\n<meta property=\"og:locale\" content=\"pt_PT\" \/>\n<meta property=\"og:type\" content=\"article\" \/>\n<meta property=\"og:title\" content=\"Tribunal judiciaire de Compi\u00e8gne, le 9 juillet 2024, n\u00b025\/00084\" \/>\n<meta property=\"og:description\" content=\"Le tribunal judiciaire de Compi\u00e8gne, statuant en r\u00e9f\u00e9r\u00e9 le 9 juillet 2024, a \u00e9t\u00e9 saisi d&#039;une demande d&#039;extension d&#039;une expertise. Une ordonnance ant\u00e9rieure a...\" \/>\n<meta property=\"og:url\" content=\"https:\/\/kohenavocats.com\/pt-pt\/tribunal-judiciaire-de-compiegne-le-9-juillet-2024-n25-00084\/\" \/>\n<meta property=\"og:site_name\" content=\"Ma\u00eetre Hassan Kohen, avocat en droit p\u00e9nal \u00e0 Paris\" \/>\n<meta property=\"article:published_time\" content=\"2026-04-22T19:36:48+00:00\" \/>\n<meta property=\"og:image\" content=\"https:\/\/kohenavocats.com\/wp-content\/uploads\/2024\/08\/heriberto-murrieta-2RFLn3BzqHA-unsplash.webp\" \/>\n\t<meta property=\"og:image:width\" content=\"7304\" \/>\n\t<meta property=\"og:image:height\" content=\"5217\" \/>\n\t<meta property=\"og:image:type\" content=\"image\/webp\" \/>\n<meta name=\"author\" content=\"Kohen\" \/>\n<meta name=\"twitter:card\" content=\"summary_large_image\" \/>\n<meta name=\"twitter:label1\" content=\"Escrito por\" \/>\n\t<meta name=\"twitter:data1\" content=\"Kohen\" \/>\n\t<meta name=\"twitter:label2\" content=\"Tempo estimado de leitura\" \/>\n\t<meta name=\"twitter:data2\" content=\"3 minutos\" \/>\n<script type=\"application\/ld+json\" class=\"yoast-schema-graph\">{\"@context\":\"https:\\\/\\\/schema.org\",\"@graph\":[{\"@type\":\"Article\",\"@id\":\"https:\\\/\\\/kohenavocats.com\\\/pt-pt\\\/tribunal-judiciaire-de-compiegne-le-9-juillet-2024-n25-00084\\\/#article\",\"isPartOf\":{\"@id\":\"https:\\\/\\\/kohenavocats.com\\\/pt-pt\\\/tribunal-judiciaire-de-compiegne-le-9-juillet-2024-n25-00084\\\/\"},\"author\":{\"name\":\"Kohen\",\"@id\":\"https:\\\/\\\/kohenavocats.com\\\/pt-pt\\\/#\\\/schema\\\/person\\\/761c9ba54fa1ca84d405cef0831ff751\"},\"headline\":\"Tribunal judiciaire de Compi\u00e8gne, le 9 juillet 2024, n\u00b025\\\/00084\",\"datePublished\":\"2026-04-22T19:36:48+00:00\",\"mainEntityOfPage\":{\"@id\":\"https:\\\/\\\/kohenavocats.com\\\/pt-pt\\\/tribunal-judiciaire-de-compiegne-le-9-juillet-2024-n25-00084\\\/\"},\"wordCount\":545,\"commentCount\":0,\"publisher\":{\"@id\":\"https:\\\/\\\/kohenavocats.com\\\/pt-pt\\\/#organization\"},\"image\":{\"@id\":\"https:\\\/\\\/kohenavocats.com\\\/pt-pt\\\/tribunal-judiciaire-de-compiegne-le-9-juillet-2024-n25-00084\\\/#primaryimage\"},\"thumbnailUrl\":\"https:\\\/\\\/kohenavocats.com\\\/wp-content\\\/uploads\\\/2024\\\/08\\\/heriberto-murrieta-2RFLn3BzqHA-unsplash.webp\",\"articleSection\":[\"Jurisprudence\"],\"inLanguage\":\"pt-PT\",\"potentialAction\":[{\"@type\":\"CommentAction\",\"name\":\"Comment\",\"target\":[\"https:\\\/\\\/kohenavocats.com\\\/pt-pt\\\/tribunal-judiciaire-de-compiegne-le-9-juillet-2024-n25-00084\\\/#respond\"]}],\"citation\":\"Tribunal judiciaire de Compi\u00e8gne, le 9 juillet 2024, n\u00b025\\\/00084\",\"about\":[{\"@type\":\"Thing\",\"name\":\"Jurisprudence\"}],\"dateModified\":\"2026-04-22T19:36:48+00:00\",\"speakable\":{\"@type\":\"SpeakableSpecification\",\"cssSelector\":[\".article-content > p:first-of-type\"]}},{\"@type\":\"WebPage\",\"@id\":\"https:\\\/\\\/kohenavocats.com\\\/pt-pt\\\/tribunal-judiciaire-de-compiegne-le-9-juillet-2024-n25-00084\\\/\",\"url\":\"https:\\\/\\\/kohenavocats.com\\\/pt-pt\\\/tribunal-judiciaire-de-compiegne-le-9-juillet-2024-n25-00084\\\/\",\"name\":\"Tribunal judiciaire de Compi\u00e8gne, le 9 juillet 2024, n\u00b025\\\/00084 - Ma\u00eetre Hassan Kohen, avocat en droit p\u00e9nal \u00e0 Paris\",\"isPartOf\":{\"@id\":\"https:\\\/\\\/kohenavocats.com\\\/pt-pt\\\/#website\"},\"primaryImageOfPage\":{\"@id\":\"https:\\\/\\\/kohenavocats.com\\\/pt-pt\\\/tribunal-judiciaire-de-compiegne-le-9-juillet-2024-n25-00084\\\/#primaryimage\"},\"image\":{\"@id\":\"https:\\\/\\\/kohenavocats.com\\\/pt-pt\\\/tribunal-judiciaire-de-compiegne-le-9-juillet-2024-n25-00084\\\/#primaryimage\"},\"thumbnailUrl\":\"https:\\\/\\\/kohenavocats.com\\\/wp-content\\\/uploads\\\/2024\\\/08\\\/heriberto-murrieta-2RFLn3BzqHA-unsplash.webp\",\"datePublished\":\"2026-04-22T19:36:48+00:00\",\"description\":\"Le tribunal judiciaire de Compi\u00e8gne, statuant en r\u00e9f\u00e9r\u00e9 le 9 juillet 2024, a \u00e9t\u00e9 saisi d'une demande d'extension d'une expertise. Une ordonnance ant\u00e9rieure a...\",\"breadcrumb\":{\"@id\":\"https:\\\/\\\/kohenavocats.com\\\/pt-pt\\\/tribunal-judiciaire-de-compiegne-le-9-juillet-2024-n25-00084\\\/#breadcrumb\"},\"inLanguage\":\"pt-PT\",\"potentialAction\":[{\"@type\":\"ReadAction\",\"target\":[\"https:\\\/\\\/kohenavocats.com\\\/pt-pt\\\/tribunal-judiciaire-de-compiegne-le-9-juillet-2024-n25-00084\\\/\"]}]},{\"@type\":\"ImageObject\",\"inLanguage\":\"pt-PT\",\"@id\":\"https:\\\/\\\/kohenavocats.com\\\/pt-pt\\\/tribunal-judiciaire-de-compiegne-le-9-juillet-2024-n25-00084\\\/#primaryimage\",\"url\":\"https:\\\/\\\/kohenavocats.com\\\/wp-content\\\/uploads\\\/2024\\\/08\\\/heriberto-murrieta-2RFLn3BzqHA-unsplash.webp\",\"contentUrl\":\"https:\\\/\\\/kohenavocats.com\\\/wp-content\\\/uploads\\\/2024\\\/08\\\/heriberto-murrieta-2RFLn3BzqHA-unsplash.webp\",\"width\":7304,\"height\":5217},{\"@type\":\"BreadcrumbList\",\"@id\":\"https:\\\/\\\/kohenavocats.com\\\/pt-pt\\\/tribunal-judiciaire-de-compiegne-le-9-juillet-2024-n25-00084\\\/#breadcrumb\",\"itemListElement\":[{\"@type\":\"ListItem\",\"position\":1,\"name\":\"Home\",\"item\":\"https:\\\/\\\/kohenavocats.com\\\/pt-pt\\\/avocats-en-droit-penal-a-paris-conseil-et-defense-strategique\\\/\"},{\"@type\":\"ListItem\",\"position\":2,\"name\":\"Tribunal judiciaire de Compi\u00e8gne, le 9 juillet 2024, n\u00b025\\\/00084\"}]},{\"@type\":\"WebSite\",\"@id\":\"https:\\\/\\\/kohenavocats.com\\\/pt-pt\\\/#website\",\"url\":\"https:\\\/\\\/kohenavocats.com\\\/pt-pt\\\/\",\"name\":\"Kohen Avocats\",\"description\":\"Ma\u00eetre Hassan Kohen, avocat p\u00e9naliste \u00e0 Paris, intervient exclusivement en droit p\u00e9nal pour la d\u00e9fense des particuliers, notamment en mati\u00e8re d\u2019accusations de viol. Il assure un accompagnement rigoureux d\u00e8s la garde \u00e0 vue jusqu\u2019\u00e0 la Cour d\u2019assises, veillant au strict respect des garanties proc\u00e9durales.\",\"publisher\":{\"@id\":\"https:\\\/\\\/kohenavocats.com\\\/pt-pt\\\/#organization\"},\"potentialAction\":[{\"@type\":\"SearchAction\",\"target\":{\"@type\":\"EntryPoint\",\"urlTemplate\":\"https:\\\/\\\/kohenavocats.com\\\/pt-pt\\\/?s={search_term_string}\"},\"query-input\":{\"@type\":\"PropertyValueSpecification\",\"valueRequired\":true,\"valueName\":\"search_term_string\"}}],\"inLanguage\":\"pt-PT\"},{\"@type\":\"Organization\",\"@id\":\"https:\\\/\\\/kohenavocats.com\\\/pt-pt\\\/#organization\",\"name\":\"Kohen Avocats\",\"url\":\"https:\\\/\\\/kohenavocats.com\\\/pt-pt\\\/\",\"logo\":{\"@type\":\"ImageObject\",\"inLanguage\":\"pt-PT\",\"@id\":\"https:\\\/\\\/kohenavocats.com\\\/pt-pt\\\/#\\\/schema\\\/logo\\\/image\\\/\",\"url\":\"https:\\\/\\\/kohenavocats.com\\\/wp-content\\\/uploads\\\/2026\\\/01\\\/Logo-2-1.webp\",\"contentUrl\":\"https:\\\/\\\/kohenavocats.com\\\/wp-content\\\/uploads\\\/2026\\\/01\\\/Logo-2-1.webp\",\"width\":2114,\"height\":1253,\"caption\":\"Kohen Avocats\"},\"image\":{\"@id\":\"https:\\\/\\\/kohenavocats.com\\\/pt-pt\\\/#\\\/schema\\\/logo\\\/image\\\/\"}},{\"@type\":\"Person\",\"@id\":\"https:\\\/\\\/kohenavocats.com\\\/pt-pt\\\/#\\\/schema\\\/person\\\/761c9ba54fa1ca84d405cef0831ff751\",\"name\":\"Kohen\",\"image\":{\"@type\":\"ImageObject\",\"inLanguage\":\"pt-PT\",\"@id\":\"https:\\\/\\\/secure.gravatar.com\\\/avatar\\\/1c5e76ef76bbbfdd2b4da984e2bf2fa4056fd51a27d25ce2c332047f1dfd6e00?s=96&d=identicon&r=g\",\"url\":\"https:\\\/\\\/secure.gravatar.com\\\/avatar\\\/1c5e76ef76bbbfdd2b4da984e2bf2fa4056fd51a27d25ce2c332047f1dfd6e00?s=96&d=identicon&r=g\",\"contentUrl\":\"https:\\\/\\\/secure.gravatar.com\\\/avatar\\\/1c5e76ef76bbbfdd2b4da984e2bf2fa4056fd51a27d25ce2c332047f1dfd6e00?s=96&d=identicon&r=g\",\"caption\":\"Kohen\"},\"sameAs\":[\"https:\\\/\\\/www.linkedin.com\\\/in\\\/hassan-kohen-448548192\\\/\",\"https:\\\/\\\/www.youtube.com\\\/@Kohen-Avocats\"],\"url\":\"https:\\\/\\\/kohenavocats.com\\\/pt-pt\\\/author\\\/kohenmlk\\\/\"}]}<\/script>\n<!-- \/ Yoast SEO Premium plugin. -->","yoast_head_json":{"title":"Tribunal judiciaire de Compi\u00e8gne, le 9 juillet 2024, n\u00b025\/00084 - Ma\u00eetre Hassan Kohen, avocat en droit p\u00e9nal \u00e0 Paris","description":"Le tribunal judiciaire de Compi\u00e8gne, statuant en r\u00e9f\u00e9r\u00e9 le 9 juillet 2024, a \u00e9t\u00e9 saisi d'une demande d'extension d'une expertise. Une ordonnance ant\u00e9rieure a...","robots":{"index":"index","follow":"follow","max-snippet":"max-snippet:-1","max-image-preview":"max-image-preview:large","max-video-preview":"max-video-preview:-1"},"canonical":"https:\/\/kohenavocats.com\/pt-pt\/tribunal-judiciaire-de-compiegne-le-9-juillet-2024-n25-00084\/","og_locale":"pt_PT","og_type":"article","og_title":"Tribunal judiciaire de Compi\u00e8gne, le 9 juillet 2024, n\u00b025\/00084","og_description":"Le tribunal judiciaire de Compi\u00e8gne, statuant en r\u00e9f\u00e9r\u00e9 le 9 juillet 2024, a \u00e9t\u00e9 saisi d'une demande d'extension d'une expertise. Une ordonnance ant\u00e9rieure a...","og_url":"https:\/\/kohenavocats.com\/pt-pt\/tribunal-judiciaire-de-compiegne-le-9-juillet-2024-n25-00084\/","og_site_name":"Ma\u00eetre Hassan Kohen, avocat en droit p\u00e9nal \u00e0 Paris","article_published_time":"2026-04-22T19:36:48+00:00","og_image":[{"width":7304,"height":5217,"url":"https:\/\/kohenavocats.com\/wp-content\/uploads\/2024\/08\/heriberto-murrieta-2RFLn3BzqHA-unsplash.webp","type":"image\/webp"}],"author":"Kohen","twitter_card":"summary_large_image","twitter_misc":{"Escrito por":"Kohen","Tempo estimado de leitura":"3 minutos"},"schema":{"@context":"https:\/\/schema.org","@graph":[{"@type":"Article","@id":"https:\/\/kohenavocats.com\/pt-pt\/tribunal-judiciaire-de-compiegne-le-9-juillet-2024-n25-00084\/#article","isPartOf":{"@id":"https:\/\/kohenavocats.com\/pt-pt\/tribunal-judiciaire-de-compiegne-le-9-juillet-2024-n25-00084\/"},"author":{"name":"Kohen","@id":"https:\/\/kohenavocats.com\/pt-pt\/#\/schema\/person\/761c9ba54fa1ca84d405cef0831ff751"},"headline":"Tribunal judiciaire de Compi\u00e8gne, le 9 juillet 2024, n\u00b025\/00084","datePublished":"2026-04-22T19:36:48+00:00","mainEntityOfPage":{"@id":"https:\/\/kohenavocats.com\/pt-pt\/tribunal-judiciaire-de-compiegne-le-9-juillet-2024-n25-00084\/"},"wordCount":545,"commentCount":0,"publisher":{"@id":"https:\/\/kohenavocats.com\/pt-pt\/#organization"},"image":{"@id":"https:\/\/kohenavocats.com\/pt-pt\/tribunal-judiciaire-de-compiegne-le-9-juillet-2024-n25-00084\/#primaryimage"},"thumbnailUrl":"https:\/\/kohenavocats.com\/wp-content\/uploads\/2024\/08\/heriberto-murrieta-2RFLn3BzqHA-unsplash.webp","articleSection":["Jurisprudence"],"inLanguage":"pt-PT","potentialAction":[{"@type":"CommentAction","name":"Comment","target":["https:\/\/kohenavocats.com\/pt-pt\/tribunal-judiciaire-de-compiegne-le-9-juillet-2024-n25-00084\/#respond"]}],"citation":"Tribunal judiciaire de Compi\u00e8gne, le 9 juillet 2024, n\u00b025\/00084","about":[{"@type":"Thing","name":"Jurisprudence"}],"dateModified":"2026-04-22T19:36:48+00:00","speakable":{"@type":"SpeakableSpecification","cssSelector":[".article-content > p:first-of-type"]}},{"@type":"WebPage","@id":"https:\/\/kohenavocats.com\/pt-pt\/tribunal-judiciaire-de-compiegne-le-9-juillet-2024-n25-00084\/","url":"https:\/\/kohenavocats.com\/pt-pt\/tribunal-judiciaire-de-compiegne-le-9-juillet-2024-n25-00084\/","name":"Tribunal judiciaire de Compi\u00e8gne, le 9 juillet 2024, n\u00b025\/00084 - Ma\u00eetre Hassan Kohen, avocat en droit p\u00e9nal \u00e0 Paris","isPartOf":{"@id":"https:\/\/kohenavocats.com\/pt-pt\/#website"},"primaryImageOfPage":{"@id":"https:\/\/kohenavocats.com\/pt-pt\/tribunal-judiciaire-de-compiegne-le-9-juillet-2024-n25-00084\/#primaryimage"},"image":{"@id":"https:\/\/kohenavocats.com\/pt-pt\/tribunal-judiciaire-de-compiegne-le-9-juillet-2024-n25-00084\/#primaryimage"},"thumbnailUrl":"https:\/\/kohenavocats.com\/wp-content\/uploads\/2024\/08\/heriberto-murrieta-2RFLn3BzqHA-unsplash.webp","datePublished":"2026-04-22T19:36:48+00:00","description":"Le tribunal judiciaire de Compi\u00e8gne, statuant en r\u00e9f\u00e9r\u00e9 le 9 juillet 2024, a \u00e9t\u00e9 saisi d'une demande d'extension d'une expertise. Une ordonnance ant\u00e9rieure a...","breadcrumb":{"@id":"https:\/\/kohenavocats.com\/pt-pt\/tribunal-judiciaire-de-compiegne-le-9-juillet-2024-n25-00084\/#breadcrumb"},"inLanguage":"pt-PT","potentialAction":[{"@type":"ReadAction","target":["https:\/\/kohenavocats.com\/pt-pt\/tribunal-judiciaire-de-compiegne-le-9-juillet-2024-n25-00084\/"]}]},{"@type":"ImageObject","inLanguage":"pt-PT","@id":"https:\/\/kohenavocats.com\/pt-pt\/tribunal-judiciaire-de-compiegne-le-9-juillet-2024-n25-00084\/#primaryimage","url":"https:\/\/kohenavocats.com\/wp-content\/uploads\/2024\/08\/heriberto-murrieta-2RFLn3BzqHA-unsplash.webp","contentUrl":"https:\/\/kohenavocats.com\/wp-content\/uploads\/2024\/08\/heriberto-murrieta-2RFLn3BzqHA-unsplash.webp","width":7304,"height":5217},{"@type":"BreadcrumbList","@id":"https:\/\/kohenavocats.com\/pt-pt\/tribunal-judiciaire-de-compiegne-le-9-juillet-2024-n25-00084\/#breadcrumb","itemListElement":[{"@type":"ListItem","position":1,"name":"Home","item":"https:\/\/kohenavocats.com\/pt-pt\/avocats-en-droit-penal-a-paris-conseil-et-defense-strategique\/"},{"@type":"ListItem","position":2,"name":"Tribunal judiciaire de Compi\u00e8gne, le 9 juillet 2024, n\u00b025\/00084"}]},{"@type":"WebSite","@id":"https:\/\/kohenavocats.com\/pt-pt\/#website","url":"https:\/\/kohenavocats.com\/pt-pt\/","name":"Kohen Avocats","description":"Ma\u00eetre Hassan Kohen, avocat p\u00e9naliste \u00e0 Paris, intervient exclusivement en droit p\u00e9nal pour la d\u00e9fense des particuliers, notamment en mati\u00e8re d\u2019accusations de viol. Il assure un accompagnement rigoureux d\u00e8s la garde \u00e0 vue jusqu\u2019\u00e0 la Cour d\u2019assises, veillant au strict respect des garanties proc\u00e9durales.","publisher":{"@id":"https:\/\/kohenavocats.com\/pt-pt\/#organization"},"potentialAction":[{"@type":"SearchAction","target":{"@type":"EntryPoint","urlTemplate":"https:\/\/kohenavocats.com\/pt-pt\/?s={search_term_string}"},"query-input":{"@type":"PropertyValueSpecification","valueRequired":true,"valueName":"search_term_string"}}],"inLanguage":"pt-PT"},{"@type":"Organization","@id":"https:\/\/kohenavocats.com\/pt-pt\/#organization","name":"Kohen Avocats","url":"https:\/\/kohenavocats.com\/pt-pt\/","logo":{"@type":"ImageObject","inLanguage":"pt-PT","@id":"https:\/\/kohenavocats.com\/pt-pt\/#\/schema\/logo\/image\/","url":"https:\/\/kohenavocats.com\/wp-content\/uploads\/2026\/01\/Logo-2-1.webp","contentUrl":"https:\/\/kohenavocats.com\/wp-content\/uploads\/2026\/01\/Logo-2-1.webp","width":2114,"height":1253,"caption":"Kohen Avocats"},"image":{"@id":"https:\/\/kohenavocats.com\/pt-pt\/#\/schema\/logo\/image\/"}},{"@type":"Person","@id":"https:\/\/kohenavocats.com\/pt-pt\/#\/schema\/person\/761c9ba54fa1ca84d405cef0831ff751","name":"Kohen","image":{"@type":"ImageObject","inLanguage":"pt-PT","@id":"https:\/\/secure.gravatar.com\/avatar\/1c5e76ef76bbbfdd2b4da984e2bf2fa4056fd51a27d25ce2c332047f1dfd6e00?s=96&d=identicon&r=g","url":"https:\/\/secure.gravatar.com\/avatar\/1c5e76ef76bbbfdd2b4da984e2bf2fa4056fd51a27d25ce2c332047f1dfd6e00?s=96&d=identicon&r=g","contentUrl":"https:\/\/secure.gravatar.com\/avatar\/1c5e76ef76bbbfdd2b4da984e2bf2fa4056fd51a27d25ce2c332047f1dfd6e00?s=96&d=identicon&r=g","caption":"Kohen"},"sameAs":["https:\/\/www.linkedin.com\/in\/hassan-kohen-448548192\/","https:\/\/www.youtube.com\/@Kohen-Avocats"],"url":"https:\/\/kohenavocats.com\/pt-pt\/author\/kohenmlk\/"}]}},"jetpack_featured_media_url":"https:\/\/kohenavocats.com\/wp-content\/uploads\/2024\/08\/heriberto-murrieta-2RFLn3BzqHA-unsplash.webp","jetpack_likes_enabled":false,"jetpack_shortlink":"https:\/\/wp.me\/peCrII-2Jxn","jetpack-related-posts":[{"id":498862,"url":"https:\/\/kohenavocats.com\/pt-pt\/tribunal-judiciaire-de-compiegne-le-7-juillet-2025-n25-00173\/","url_meta":{"origin":651705,"position":0},"title":"Tribunal judiciaire de Compi\u00e8gne, le 7 juillet 2025, n\u00b025\/00173","author":"Kohen","date":"8 de Abril, 2026","format":false,"excerpt":"Le tribunal judiciaire de Compi\u00e8gne, statuant en r\u00e9f\u00e9r\u00e9 le 7 juillet 2025, se prononce sur une demande d\u2019extension d\u2019une expertise. Une ordonnance ant\u00e9rieure...","rel":"","context":"In &quot;Jurisprudence&quot;","block_context":{"text":"Jurisprudence","link":"https:\/\/kohenavocats.com\/category\/jurisprudence\/"},"img":{"alt_text":"","src":"https:\/\/i0.wp.com\/kohenavocats.com\/wp-content\/uploads\/2024\/08\/patrick-schneider-cFeRWofFkw8-unsplash.webp?resize=350%2C200&ssl=1","width":350,"height":200,"srcset":"https:\/\/i0.wp.com\/kohenavocats.com\/wp-content\/uploads\/2024\/08\/patrick-schneider-cFeRWofFkw8-unsplash.webp?resize=350%2C200&ssl=1 1x, https:\/\/i0.wp.com\/kohenavocats.com\/wp-content\/uploads\/2024\/08\/patrick-schneider-cFeRWofFkw8-unsplash.webp?resize=525%2C300&ssl=1 1.5x, https:\/\/i0.wp.com\/kohenavocats.com\/wp-content\/uploads\/2024\/08\/patrick-schneider-cFeRWofFkw8-unsplash.webp?resize=700%2C400&ssl=1 2x, https:\/\/i0.wp.com\/kohenavocats.com\/wp-content\/uploads\/2024\/08\/patrick-schneider-cFeRWofFkw8-unsplash.webp?resize=1050%2C600&ssl=1 3x, https:\/\/i0.wp.com\/kohenavocats.com\/wp-content\/uploads\/2024\/08\/patrick-schneider-cFeRWofFkw8-unsplash.webp?resize=1400%2C800&ssl=1 4x"},"classes":[]},{"id":606983,"url":"https:\/\/kohenavocats.com\/pt-pt\/tribunal-judiciaire-de-compiegne-le-11-decembre-2024-n25-00199\/","url_meta":{"origin":651705,"position":1},"title":"Tribunal judiciaire de Compi\u00e8gne, le 11 d\u00e9cembre 2024, n\u00b025\/00199","author":"Kohen","date":"19 de Abril, 2026","format":false,"excerpt":"Le tribunal judiciaire de Compi\u00e8gne, statuant en r\u00e9f\u00e9r\u00e9 le 11 d\u00e9cembre 2024, a examin\u00e9 une demande d'extension d'une mesure d'instruction. Une expertise avai...","rel":"","context":"In &quot;Jurisprudence&quot;","block_context":{"text":"Jurisprudence","link":"https:\/\/kohenavocats.com\/category\/jurisprudence\/"},"img":{"alt_text":"","src":"https:\/\/i0.wp.com\/kohenavocats.com\/wp-content\/uploads\/2024\/11\/zyanya-citlalli-UacA8X7HWwg-unsplash-1.webp?resize=350%2C200&ssl=1","width":350,"height":200,"srcset":"https:\/\/i0.wp.com\/kohenavocats.com\/wp-content\/uploads\/2024\/11\/zyanya-citlalli-UacA8X7HWwg-unsplash-1.webp?resize=350%2C200&ssl=1 1x, https:\/\/i0.wp.com\/kohenavocats.com\/wp-content\/uploads\/2024\/11\/zyanya-citlalli-UacA8X7HWwg-unsplash-1.webp?resize=525%2C300&ssl=1 1.5x, https:\/\/i0.wp.com\/kohenavocats.com\/wp-content\/uploads\/2024\/11\/zyanya-citlalli-UacA8X7HWwg-unsplash-1.webp?resize=700%2C400&ssl=1 2x, https:\/\/i0.wp.com\/kohenavocats.com\/wp-content\/uploads\/2024\/11\/zyanya-citlalli-UacA8X7HWwg-unsplash-1.webp?resize=1050%2C600&ssl=1 3x, https:\/\/i0.wp.com\/kohenavocats.com\/wp-content\/uploads\/2024\/11\/zyanya-citlalli-UacA8X7HWwg-unsplash-1.webp?resize=1400%2C800&ssl=1 4x"},"classes":[]},{"id":291335,"url":"https:\/\/kohenavocats.com\/pt-pt\/tribunal-judiciaire-de-compiegne-le-3-juillet-2025-n25-00091\/","url_meta":{"origin":651705,"position":2},"title":"Tribunal judiciaire de Compiegne, le 3 juillet 2025, n\u00b025\/00091","author":"Kohen","date":"21 de Janeiro, 2026","format":false,"excerpt":"Le Tribunal judiciaire de Compi\u00e8gne, statuant en r\u00e9f\u00e9r\u00e9 le 3 juillet 2025, a \u00e9t\u00e9 saisi d\u2019une demande en d\u00e9signation d\u2019un expert judiciaire. La requ\u00e9rante, propri\u00e9taire d\u2019un terrain, avait confi\u00e9 \u00e0 une soci\u00e9t\u00e9 la construction d\u2019une maison individuelle. All\u00e9guant l\u2019existence de d\u00e9sordres, elle avait pr\u00e9alablement obtenu un rapport d\u2019expertise amiable. La\u2026","rel":"","context":"In &quot;D\u00e9cisions juridiques&quot;","block_context":{"text":"D\u00e9cisions juridiques","link":"https:\/\/kohenavocats.com\/category\/decisions-juridiques\/"},"img":{"alt_text":"","src":"https:\/\/i0.wp.com\/kohenavocats.com\/wp-content\/uploads\/2024\/08\/matthew6910-2uWoi7y2S8E-unsplash.webp?resize=350%2C200&ssl=1","width":350,"height":200,"srcset":"https:\/\/i0.wp.com\/kohenavocats.com\/wp-content\/uploads\/2024\/08\/matthew6910-2uWoi7y2S8E-unsplash.webp?resize=350%2C200&ssl=1 1x, https:\/\/i0.wp.com\/kohenavocats.com\/wp-content\/uploads\/2024\/08\/matthew6910-2uWoi7y2S8E-unsplash.webp?resize=525%2C300&ssl=1 1.5x, https:\/\/i0.wp.com\/kohenavocats.com\/wp-content\/uploads\/2024\/08\/matthew6910-2uWoi7y2S8E-unsplash.webp?resize=700%2C400&ssl=1 2x, https:\/\/i0.wp.com\/kohenavocats.com\/wp-content\/uploads\/2024\/08\/matthew6910-2uWoi7y2S8E-unsplash.webp?resize=1050%2C600&ssl=1 3x, https:\/\/i0.wp.com\/kohenavocats.com\/wp-content\/uploads\/2024\/08\/matthew6910-2uWoi7y2S8E-unsplash.webp?resize=1400%2C800&ssl=1 4x"},"classes":[]},{"id":295959,"url":"https:\/\/kohenavocats.com\/pt-pt\/tribunal-judiciaire-de-compiegne-le-3-juillet-2025-n25-00069\/","url_meta":{"origin":651705,"position":3},"title":"Tribunal judiciaire de Compiegne, le 3 juillet 2025, n\u00b025\/00069","author":"Kohen","date":"30 de Janeiro, 2026","format":false,"excerpt":"Le Tribunal judiciaire de Compi\u00e8gne, statuant en r\u00e9f\u00e9r\u00e9 le 3 juillet 2025, a \u00e9t\u00e9 saisi d\u2019une demande en d\u00e9signation d\u2019un expert judiciaire sur le fondement de l\u2019article 145 du code de proc\u00e9dure civile. Les demandeurs, propri\u00e9taires de terrains ayant fait l\u2019objet de travaux de viabilit\u00e9, invoquent des d\u00e9sordres affectant les\u2026","rel":"","context":"In &quot;D\u00e9cisions juridiques&quot;","block_context":{"text":"D\u00e9cisions juridiques","link":"https:\/\/kohenavocats.com\/category\/decisions-juridiques\/"},"img":{"alt_text":"","src":"https:\/\/i0.wp.com\/kohenavocats.com\/wp-content\/uploads\/2024\/08\/giammarco-boscaro-a_VP5ObtzWk-unsplash-1.webp?resize=350%2C200&ssl=1","width":350,"height":200,"srcset":"https:\/\/i0.wp.com\/kohenavocats.com\/wp-content\/uploads\/2024\/08\/giammarco-boscaro-a_VP5ObtzWk-unsplash-1.webp?resize=350%2C200&ssl=1 1x, https:\/\/i0.wp.com\/kohenavocats.com\/wp-content\/uploads\/2024\/08\/giammarco-boscaro-a_VP5ObtzWk-unsplash-1.webp?resize=525%2C300&ssl=1 1.5x, https:\/\/i0.wp.com\/kohenavocats.com\/wp-content\/uploads\/2024\/08\/giammarco-boscaro-a_VP5ObtzWk-unsplash-1.webp?resize=700%2C400&ssl=1 2x, https:\/\/i0.wp.com\/kohenavocats.com\/wp-content\/uploads\/2024\/08\/giammarco-boscaro-a_VP5ObtzWk-unsplash-1.webp?resize=1050%2C600&ssl=1 3x, https:\/\/i0.wp.com\/kohenavocats.com\/wp-content\/uploads\/2024\/08\/giammarco-boscaro-a_VP5ObtzWk-unsplash-1.webp?resize=1400%2C800&ssl=1 4x"},"classes":[]},{"id":625740,"url":"https:\/\/kohenavocats.com\/pt-pt\/tribunal-judiciaire-de-paris-le-16-octobre-2025-n25-53660\/","url_meta":{"origin":651705,"position":4},"title":"Tribunal judiciaire de Paris, le 16 octobre 2025, n\u00b025\/53660","author":"Kohen","date":"20 de Abril, 2026","format":false,"excerpt":"Le Tribunal judiciaire de Paris, statuant en r\u00e9f\u00e9r\u00e9 le 16 octobre 2025, a \u00e9t\u00e9 saisi par une entreprise de b\u00e2timent. Cette derni\u00e8re avait initialement obtenu ...","rel":"","context":"In &quot;Jurisprudence&quot;","block_context":{"text":"Jurisprudence","link":"https:\/\/kohenavocats.com\/category\/jurisprudence\/"},"img":{"alt_text":"","src":"https:\/\/i0.wp.com\/kohenavocats.com\/wp-content\/uploads\/2024\/11\/declan-sun-JYXbjhOGTCs-unsplash.webp?resize=350%2C200&ssl=1","width":350,"height":200,"srcset":"https:\/\/i0.wp.com\/kohenavocats.com\/wp-content\/uploads\/2024\/11\/declan-sun-JYXbjhOGTCs-unsplash.webp?resize=350%2C200&ssl=1 1x, https:\/\/i0.wp.com\/kohenavocats.com\/wp-content\/uploads\/2024\/11\/declan-sun-JYXbjhOGTCs-unsplash.webp?resize=525%2C300&ssl=1 1.5x, https:\/\/i0.wp.com\/kohenavocats.com\/wp-content\/uploads\/2024\/11\/declan-sun-JYXbjhOGTCs-unsplash.webp?resize=700%2C400&ssl=1 2x, https:\/\/i0.wp.com\/kohenavocats.com\/wp-content\/uploads\/2024\/11\/declan-sun-JYXbjhOGTCs-unsplash.webp?resize=1050%2C600&ssl=1 3x, https:\/\/i0.wp.com\/kohenavocats.com\/wp-content\/uploads\/2024\/11\/declan-sun-JYXbjhOGTCs-unsplash.webp?resize=1400%2C800&ssl=1 4x"},"classes":[]},{"id":650575,"url":"https:\/\/kohenavocats.com\/pt-pt\/tribunal-judiciaire-de-creteil-le-2-octobre-2025-n25-01084\/","url_meta":{"origin":651705,"position":5},"title":"Tribunal judiciaire de Cr\u00e9teil, le 2 octobre 2025, n\u00b025\/01084","author":"Kohen","date":"22 de Abril, 2026","format":false,"excerpt":"Le tribunal judiciaire de Cr\u00e9teil, statuant en r\u00e9f\u00e9r\u00e9 le 2 octobre 2025, se prononce sur une demande d'extension d'une mesure d'expertise d\u00e9j\u00e0 ordonn\u00e9e. Une ...","rel":"","context":"In &quot;Jurisprudence&quot;","block_context":{"text":"Jurisprudence","link":"https:\/\/kohenavocats.com\/category\/jurisprudence\/"},"img":{"alt_text":"","src":"https:\/\/i0.wp.com\/kohenavocats.com\/wp-content\/uploads\/2024\/08\/mana5280-BxTlFRk-FPg-unsplash.webp?resize=350%2C200&ssl=1","width":350,"height":200,"srcset":"https:\/\/i0.wp.com\/kohenavocats.com\/wp-content\/uploads\/2024\/08\/mana5280-BxTlFRk-FPg-unsplash.webp?resize=350%2C200&ssl=1 1x, https:\/\/i0.wp.com\/kohenavocats.com\/wp-content\/uploads\/2024\/08\/mana5280-BxTlFRk-FPg-unsplash.webp?resize=525%2C300&ssl=1 1.5x, https:\/\/i0.wp.com\/kohenavocats.com\/wp-content\/uploads\/2024\/08\/mana5280-BxTlFRk-FPg-unsplash.webp?resize=700%2C400&ssl=1 2x, https:\/\/i0.wp.com\/kohenavocats.com\/wp-content\/uploads\/2024\/08\/mana5280-BxTlFRk-FPg-unsplash.webp?resize=1050%2C600&ssl=1 3x, https:\/\/i0.wp.com\/kohenavocats.com\/wp-content\/uploads\/2024\/08\/mana5280-BxTlFRk-FPg-unsplash.webp?resize=1400%2C800&ssl=1 4x"},"classes":[]}],"jetpack_sharing_enabled":true,"_links":{"self":[{"href":"https:\/\/kohenavocats.com\/pt-pt\/wp-json\/wp\/v2\/posts\/651705","targetHints":{"allow":["GET"]}}],"collection":[{"href":"https:\/\/kohenavocats.com\/pt-pt\/wp-json\/wp\/v2\/posts"}],"about":[{"href":"https:\/\/kohenavocats.com\/pt-pt\/wp-json\/wp\/v2\/types\/post"}],"author":[{"embeddable":true,"href":"https:\/\/kohenavocats.com\/pt-pt\/wp-json\/wp\/v2\/users\/232070755"}],"replies":[{"embeddable":true,"href":"https:\/\/kohenavocats.com\/pt-pt\/wp-json\/wp\/v2\/comments?post=651705"}],"version-history":[{"count":0,"href":"https:\/\/kohenavocats.com\/pt-pt\/wp-json\/wp\/v2\/posts\/651705\/revisions"}],"wp:featuredmedia":[{"embeddable":true,"href":"https:\/\/kohenavocats.com\/pt-pt\/wp-json\/wp\/v2\/media\/4851"}],"wp:attachment":[{"href":"https:\/\/kohenavocats.com\/pt-pt\/wp-json\/wp\/v2\/media?parent=651705"}],"wp:term":[{"taxonomy":"category","embeddable":true,"href":"https:\/\/kohenavocats.com\/pt-pt\/wp-json\/wp\/v2\/categories?post=651705"},{"taxonomy":"post_tag","embeddable":true,"href":"https:\/\/kohenavocats.com\/pt-pt\/wp-json\/wp\/v2\/tags?post=651705"}],"curies":[{"name":"wp","href":"https:\/\/api.w.org\/{rel}","templated":true}]}}