{"id":652958,"date":"2026-04-22T23:43:22","date_gmt":"2026-04-22T21:43:22","guid":{"rendered":"https:\/\/kohenavocats.com\/tribunal-judiciaire-de-paris-le-2-octobre-2025-n25-04852\/"},"modified":"2026-04-22T23:43:22","modified_gmt":"2026-04-22T21:43:22","slug":"tribunal-judiciaire-de-paris-le-2-octobre-2025-n25-04852","status":"publish","type":"post","link":"https:\/\/kohenavocats.com\/pt-pt\/tribunal-judiciaire-de-paris-le-2-octobre-2025-n25-04852\/","title":{"rendered":"Tribunal judiciaire de Paris, le 2 octobre 2025, n\u00b025\/04852"},"content":{"rendered":"<div class=\"article-content\">\n<p>L\u2019injonction de rencontrer un conciliateur : une mesure d\u2019impulsion proc\u00e9durale<\/p>\n<p>Le pouvoir d\u2019injonction du juge constitue le fondement de cette ordonnance. Le magistrat use de son pouvoir d\u2019orientation du proc\u00e8s pour impulser une r\u00e9solution amiable. &#8220;Le juge peut, \u00e0 tout moment de l&#8217;instance, enjoindre aux parties de rencontrer, dans un d\u00e9lai qu&#8217;il d\u00e9termine, un conciliateur de justice&#8221; (article 1533 du code de proc\u00e9dure civile). Cette injonction est rendue obligatoire pour les parties sous peine de sanction p\u00e9cuniaire. La d\u00e9cision rappelle ainsi la dimension autoritaire de l\u2019impulsion donn\u00e9e \u00e0 la conciliation, qui n\u2019est pas laiss\u00e9e \u00e0 la seule initiative des plaideurs.<\/p>\n<p>La rencontre d\u2019information ob\u00e9it \u00e0 un r\u00e9gime proc\u00e9dural sp\u00e9cifique et contraignant. Elle est distincte de la conciliation proprement dite et vise \u00e0 \u00e9clairer les parties sur le processus. Le juge pr\u00e9cise que l\u2019absence \u00e0 cette r\u00e9union peut \u00eatre sanctionn\u00e9e. &#8220;La partie qui, sans motif l\u00e9gitime, ne d\u00e9f\u00e8re pas \u00e0 l&#8217;injonction [&#8230;] peut \u00eatre condamn\u00e9e au paiement d&#8217;une amende civile d&#8217;un maximum de 10 000 euros&#8221; (article 1533-3 du code de proc\u00e9dure civile). Cette sanction renforce l\u2019effectivit\u00e9 de la mesure et souligne la volont\u00e9 du l\u00e9gislateur de promouvoir les modes alternatifs de r\u00e8glement des diff\u00e9rends.<\/p>\n<p>Le cadre juridique de la conciliation ordonn\u00e9e : confidentialit\u00e9 et maintien de la saisine<\/p>\n<p>La d\u00e9cision d\u00e9taille le r\u00e9gime de la conciliation qui sera engag\u00e9e si les parties consentent. Le principe de confidentialit\u00e9 en est une pierre angulaire, prot\u00e9geant les \u00e9changes. &#8220;Sauf accord contraire des parties, tout ce qui est dit, \u00e9crit ou fait au cours de [&#8230;] la conciliation confi\u00e9e \u00e0 un conciliateur de justice est confidentiel&#8221; (article 1528-3 du code de proc\u00e9dure civile). Ce cadre favorise la libert\u00e9 de parole n\u00e9cessaire \u00e0 la recherche d\u2019un accord, \u00e0 l\u2019instar de la m\u00e9diation conventionnelle. &#8220;Les constatations du m\u00e9diateur et les d\u00e9clarations recueillies au cours de la m\u00e9diation ne peuvent \u00eatre divulgu\u00e9es aux tiers ni invoqu\u00e9es ou produites dans le cadre d&#8217;une instance judiciaire ou arbitrale sans l&#8217;accord des parties&#8221; (Tribunal judiciaire de Dijon, le 14 octobre 2025, n\u00b021\/01021).<\/p>\n<p>La conciliation s\u2019inscrit dans une proc\u00e9dure judiciaire en cours sans dessaisir le juge. L\u2019ordonnance rappelle que le magistrat conserve la ma\u00eetrise de l\u2019instance et peut intervenir \u00e0 tout moment. &#8220;En aucun cas la conciliation [&#8230;] ne dessaisit le juge, qui peut prendre \u00e0 tout moment les autres mesures qui lui paraissent n\u00e9cessaires&#8221; (article 1535-3 du code de proc\u00e9dure civile). Ce dispositif assure une s\u00e9curit\u00e9 proc\u00e9durale aux parties, permettant la poursuite du proc\u00e8s en cas d\u2019\u00e9chec. La conciliation appara\u00eet ainsi comme un pr\u00e9alable int\u00e9gr\u00e9 et encadr\u00e9 par la juridiction, visant \u00e0 d\u00e9sengorger les tribunaux tout en respectant les droits de la d\u00e9fense.<\/p>\n<\/div>\n","protected":false},"excerpt":{"rendered":"<p>L\u2019injonction de rencontrer un conciliateur : une mesure d\u2019impulsion proc\u00e9durale<\/p>\n","protected":false},"author":232070755,"featured_media":3386,"comment_status":"open","ping_status":"open","sticky":false,"template":"","format":"standard","meta":{"_crdt_document":"","_jetpack_newsletter_access":"","_jetpack_dont_email_post_to_subs":false,"_jetpack_newsletter_tier_id":0,"_jetpack_memberships_contains_paywalled_content":false,"_kj_source_type":"","_kj_official_id":"","_kj_official_url":"","_kj_judilibre_id":"","_kj_jur":"","_kj_lieu":"","_kj_chambre":"","_kj_rg":"","_kj_date":"","_jetpack_memberships_contains_paid_content":false,"footnotes":"","jetpack_post_was_ever_published":false},"categories":[7597],"tags":[],"class_list":["post-652958","post","type-post","status-publish","format-standard","has-post-thumbnail","hentry","category-jurisprudence"],"yoast_head":"<!-- This site is optimized with the Yoast SEO Premium plugin v27.4 (Yoast SEO v27.4) - https:\/\/yoast.com\/product\/yoast-seo-premium-wordpress\/ -->\n<title>Tribunal judiciaire de Paris, le 2 octobre 2025, n\u00b025\/04852 - Ma\u00eetre Hassan Kohen, avocat en droit p\u00e9nal \u00e0 Paris<\/title>\n<meta name=\"description\" content=\"L\u2019injonction de rencontrer un conciliateur : une mesure d\u2019impulsion proc\u00e9durale\" \/>\n<meta name=\"robots\" content=\"index, follow, max-snippet:-1, max-image-preview:large, max-video-preview:-1\" \/>\n<link rel=\"canonical\" href=\"https:\/\/kohenavocats.com\/pt-pt\/tribunal-judiciaire-de-paris-le-2-octobre-2025-n25-04852\/\" \/>\n<meta property=\"og:locale\" content=\"pt_PT\" \/>\n<meta property=\"og:type\" content=\"article\" \/>\n<meta property=\"og:title\" content=\"Tribunal judiciaire de Paris, le 2 octobre 2025, n\u00b025\/04852\" \/>\n<meta property=\"og:description\" content=\"L\u2019injonction de rencontrer un conciliateur : une mesure d\u2019impulsion proc\u00e9durale\" \/>\n<meta property=\"og:url\" content=\"https:\/\/kohenavocats.com\/pt-pt\/tribunal-judiciaire-de-paris-le-2-octobre-2025-n25-04852\/\" \/>\n<meta property=\"og:site_name\" content=\"Ma\u00eetre Hassan Kohen, avocat en droit p\u00e9nal \u00e0 Paris\" \/>\n<meta property=\"article:published_time\" content=\"2026-04-22T21:43:22+00:00\" \/>\n<meta property=\"og:image\" content=\"https:\/\/kohenavocats.com\/wp-content\/uploads\/2024\/06\/robin-ooode-A5hD0BMzsbo-unsplash.webp\" \/>\n\t<meta property=\"og:image:width\" content=\"5533\" \/>\n\t<meta property=\"og:image:height\" content=\"3778\" \/>\n\t<meta property=\"og:image:type\" content=\"image\/webp\" \/>\n<meta name=\"author\" content=\"Kohen\" \/>\n<meta name=\"twitter:card\" content=\"summary_large_image\" \/>\n<meta name=\"twitter:label1\" content=\"Escrito por\" \/>\n\t<meta name=\"twitter:data1\" content=\"Kohen\" \/>\n\t<meta name=\"twitter:label2\" content=\"Tempo estimado de leitura\" \/>\n\t<meta name=\"twitter:data2\" content=\"2 minutos\" \/>\n<script type=\"application\/ld+json\" class=\"yoast-schema-graph\">{\"@context\":\"https:\\\/\\\/schema.org\",\"@graph\":[{\"@type\":\"Article\",\"@id\":\"https:\\\/\\\/kohenavocats.com\\\/pt-pt\\\/tribunal-judiciaire-de-paris-le-2-octobre-2025-n25-04852\\\/#article\",\"isPartOf\":{\"@id\":\"https:\\\/\\\/kohenavocats.com\\\/pt-pt\\\/tribunal-judiciaire-de-paris-le-2-octobre-2025-n25-04852\\\/\"},\"author\":{\"name\":\"Kohen\",\"@id\":\"https:\\\/\\\/kohenavocats.com\\\/pt-pt\\\/#\\\/schema\\\/person\\\/761c9ba54fa1ca84d405cef0831ff751\"},\"headline\":\"Tribunal judiciaire de Paris, le 2 octobre 2025, n\u00b025\\\/04852\",\"datePublished\":\"2026-04-22T21:43:22+00:00\",\"mainEntityOfPage\":{\"@id\":\"https:\\\/\\\/kohenavocats.com\\\/pt-pt\\\/tribunal-judiciaire-de-paris-le-2-octobre-2025-n25-04852\\\/\"},\"wordCount\":491,\"commentCount\":0,\"publisher\":{\"@id\":\"https:\\\/\\\/kohenavocats.com\\\/pt-pt\\\/#organization\"},\"image\":{\"@id\":\"https:\\\/\\\/kohenavocats.com\\\/pt-pt\\\/tribunal-judiciaire-de-paris-le-2-octobre-2025-n25-04852\\\/#primaryimage\"},\"thumbnailUrl\":\"https:\\\/\\\/kohenavocats.com\\\/wp-content\\\/uploads\\\/2024\\\/06\\\/robin-ooode-A5hD0BMzsbo-unsplash.webp\",\"articleSection\":[\"Jurisprudence\"],\"inLanguage\":\"pt-PT\",\"potentialAction\":[{\"@type\":\"CommentAction\",\"name\":\"Comment\",\"target\":[\"https:\\\/\\\/kohenavocats.com\\\/pt-pt\\\/tribunal-judiciaire-de-paris-le-2-octobre-2025-n25-04852\\\/#respond\"]}],\"citation\":\"Tribunal judiciaire de Paris, le 2 octobre 2025, n\u00b025\\\/04852\",\"about\":[{\"@type\":\"Thing\",\"name\":\"Jurisprudence\"}],\"dateModified\":\"2026-04-22T21:43:22+00:00\",\"speakable\":{\"@type\":\"SpeakableSpecification\",\"cssSelector\":[\".article-content > p:first-of-type\"]}},{\"@type\":\"WebPage\",\"@id\":\"https:\\\/\\\/kohenavocats.com\\\/pt-pt\\\/tribunal-judiciaire-de-paris-le-2-octobre-2025-n25-04852\\\/\",\"url\":\"https:\\\/\\\/kohenavocats.com\\\/pt-pt\\\/tribunal-judiciaire-de-paris-le-2-octobre-2025-n25-04852\\\/\",\"name\":\"Tribunal judiciaire de Paris, le 2 octobre 2025, n\u00b025\\\/04852 - Ma\u00eetre Hassan Kohen, avocat en droit p\u00e9nal \u00e0 Paris\",\"isPartOf\":{\"@id\":\"https:\\\/\\\/kohenavocats.com\\\/pt-pt\\\/#website\"},\"primaryImageOfPage\":{\"@id\":\"https:\\\/\\\/kohenavocats.com\\\/pt-pt\\\/tribunal-judiciaire-de-paris-le-2-octobre-2025-n25-04852\\\/#primaryimage\"},\"image\":{\"@id\":\"https:\\\/\\\/kohenavocats.com\\\/pt-pt\\\/tribunal-judiciaire-de-paris-le-2-octobre-2025-n25-04852\\\/#primaryimage\"},\"thumbnailUrl\":\"https:\\\/\\\/kohenavocats.com\\\/wp-content\\\/uploads\\\/2024\\\/06\\\/robin-ooode-A5hD0BMzsbo-unsplash.webp\",\"datePublished\":\"2026-04-22T21:43:22+00:00\",\"description\":\"L\u2019injonction de rencontrer un conciliateur : une mesure d\u2019impulsion proc\u00e9durale\",\"breadcrumb\":{\"@id\":\"https:\\\/\\\/kohenavocats.com\\\/pt-pt\\\/tribunal-judiciaire-de-paris-le-2-octobre-2025-n25-04852\\\/#breadcrumb\"},\"inLanguage\":\"pt-PT\",\"potentialAction\":[{\"@type\":\"ReadAction\",\"target\":[\"https:\\\/\\\/kohenavocats.com\\\/pt-pt\\\/tribunal-judiciaire-de-paris-le-2-octobre-2025-n25-04852\\\/\"]}]},{\"@type\":\"ImageObject\",\"inLanguage\":\"pt-PT\",\"@id\":\"https:\\\/\\\/kohenavocats.com\\\/pt-pt\\\/tribunal-judiciaire-de-paris-le-2-octobre-2025-n25-04852\\\/#primaryimage\",\"url\":\"https:\\\/\\\/kohenavocats.com\\\/wp-content\\\/uploads\\\/2024\\\/06\\\/robin-ooode-A5hD0BMzsbo-unsplash.webp\",\"contentUrl\":\"https:\\\/\\\/kohenavocats.com\\\/wp-content\\\/uploads\\\/2024\\\/06\\\/robin-ooode-A5hD0BMzsbo-unsplash.webp\",\"width\":5533,\"height\":3778},{\"@type\":\"BreadcrumbList\",\"@id\":\"https:\\\/\\\/kohenavocats.com\\\/pt-pt\\\/tribunal-judiciaire-de-paris-le-2-octobre-2025-n25-04852\\\/#breadcrumb\",\"itemListElement\":[{\"@type\":\"ListItem\",\"position\":1,\"name\":\"Home\",\"item\":\"https:\\\/\\\/kohenavocats.com\\\/pt-pt\\\/avocats-en-droit-penal-a-paris-conseil-et-defense-strategique\\\/\"},{\"@type\":\"ListItem\",\"position\":2,\"name\":\"Tribunal judiciaire de Paris, le 2 octobre 2025, n\u00b025\\\/04852\"}]},{\"@type\":\"WebSite\",\"@id\":\"https:\\\/\\\/kohenavocats.com\\\/pt-pt\\\/#website\",\"url\":\"https:\\\/\\\/kohenavocats.com\\\/pt-pt\\\/\",\"name\":\"Kohen Avocats\",\"description\":\"Ma\u00eetre Hassan Kohen, avocat p\u00e9naliste \u00e0 Paris, intervient exclusivement en droit p\u00e9nal pour la d\u00e9fense des particuliers, notamment en mati\u00e8re d\u2019accusations de viol. Il assure un accompagnement rigoureux d\u00e8s la garde \u00e0 vue jusqu\u2019\u00e0 la Cour d\u2019assises, veillant au strict respect des garanties proc\u00e9durales.\",\"publisher\":{\"@id\":\"https:\\\/\\\/kohenavocats.com\\\/pt-pt\\\/#organization\"},\"potentialAction\":[{\"@type\":\"SearchAction\",\"target\":{\"@type\":\"EntryPoint\",\"urlTemplate\":\"https:\\\/\\\/kohenavocats.com\\\/pt-pt\\\/?s={search_term_string}\"},\"query-input\":{\"@type\":\"PropertyValueSpecification\",\"valueRequired\":true,\"valueName\":\"search_term_string\"}}],\"inLanguage\":\"pt-PT\"},{\"@type\":\"Organization\",\"@id\":\"https:\\\/\\\/kohenavocats.com\\\/pt-pt\\\/#organization\",\"name\":\"Kohen Avocats\",\"url\":\"https:\\\/\\\/kohenavocats.com\\\/pt-pt\\\/\",\"logo\":{\"@type\":\"ImageObject\",\"inLanguage\":\"pt-PT\",\"@id\":\"https:\\\/\\\/kohenavocats.com\\\/pt-pt\\\/#\\\/schema\\\/logo\\\/image\\\/\",\"url\":\"https:\\\/\\\/kohenavocats.com\\\/wp-content\\\/uploads\\\/2026\\\/01\\\/Logo-2-1.webp\",\"contentUrl\":\"https:\\\/\\\/kohenavocats.com\\\/wp-content\\\/uploads\\\/2026\\\/01\\\/Logo-2-1.webp\",\"width\":2114,\"height\":1253,\"caption\":\"Kohen Avocats\"},\"image\":{\"@id\":\"https:\\\/\\\/kohenavocats.com\\\/pt-pt\\\/#\\\/schema\\\/logo\\\/image\\\/\"}},{\"@type\":\"Person\",\"@id\":\"https:\\\/\\\/kohenavocats.com\\\/pt-pt\\\/#\\\/schema\\\/person\\\/761c9ba54fa1ca84d405cef0831ff751\",\"name\":\"Kohen\",\"image\":{\"@type\":\"ImageObject\",\"inLanguage\":\"pt-PT\",\"@id\":\"https:\\\/\\\/secure.gravatar.com\\\/avatar\\\/1c5e76ef76bbbfdd2b4da984e2bf2fa4056fd51a27d25ce2c332047f1dfd6e00?s=96&d=identicon&r=g\",\"url\":\"https:\\\/\\\/secure.gravatar.com\\\/avatar\\\/1c5e76ef76bbbfdd2b4da984e2bf2fa4056fd51a27d25ce2c332047f1dfd6e00?s=96&d=identicon&r=g\",\"contentUrl\":\"https:\\\/\\\/secure.gravatar.com\\\/avatar\\\/1c5e76ef76bbbfdd2b4da984e2bf2fa4056fd51a27d25ce2c332047f1dfd6e00?s=96&d=identicon&r=g\",\"caption\":\"Kohen\"},\"sameAs\":[\"https:\\\/\\\/www.linkedin.com\\\/in\\\/hassan-kohen-448548192\\\/\",\"https:\\\/\\\/www.youtube.com\\\/@Kohen-Avocats\"],\"url\":\"https:\\\/\\\/kohenavocats.com\\\/pt-pt\\\/author\\\/kohenmlk\\\/\"}]}<\/script>\n<!-- \/ Yoast SEO Premium plugin. -->","yoast_head_json":{"title":"Tribunal judiciaire de Paris, le 2 octobre 2025, n\u00b025\/04852 - Ma\u00eetre Hassan Kohen, avocat en droit p\u00e9nal \u00e0 Paris","description":"L\u2019injonction de rencontrer un conciliateur : une mesure d\u2019impulsion proc\u00e9durale","robots":{"index":"index","follow":"follow","max-snippet":"max-snippet:-1","max-image-preview":"max-image-preview:large","max-video-preview":"max-video-preview:-1"},"canonical":"https:\/\/kohenavocats.com\/pt-pt\/tribunal-judiciaire-de-paris-le-2-octobre-2025-n25-04852\/","og_locale":"pt_PT","og_type":"article","og_title":"Tribunal judiciaire de Paris, le 2 octobre 2025, n\u00b025\/04852","og_description":"L\u2019injonction de rencontrer un conciliateur : une mesure d\u2019impulsion proc\u00e9durale","og_url":"https:\/\/kohenavocats.com\/pt-pt\/tribunal-judiciaire-de-paris-le-2-octobre-2025-n25-04852\/","og_site_name":"Ma\u00eetre Hassan Kohen, avocat en droit p\u00e9nal \u00e0 Paris","article_published_time":"2026-04-22T21:43:22+00:00","og_image":[{"width":5533,"height":3778,"url":"https:\/\/kohenavocats.com\/wp-content\/uploads\/2024\/06\/robin-ooode-A5hD0BMzsbo-unsplash.webp","type":"image\/webp"}],"author":"Kohen","twitter_card":"summary_large_image","twitter_misc":{"Escrito por":"Kohen","Tempo estimado de leitura":"2 minutos"},"schema":{"@context":"https:\/\/schema.org","@graph":[{"@type":"Article","@id":"https:\/\/kohenavocats.com\/pt-pt\/tribunal-judiciaire-de-paris-le-2-octobre-2025-n25-04852\/#article","isPartOf":{"@id":"https:\/\/kohenavocats.com\/pt-pt\/tribunal-judiciaire-de-paris-le-2-octobre-2025-n25-04852\/"},"author":{"name":"Kohen","@id":"https:\/\/kohenavocats.com\/pt-pt\/#\/schema\/person\/761c9ba54fa1ca84d405cef0831ff751"},"headline":"Tribunal judiciaire de Paris, le 2 octobre 2025, n\u00b025\/04852","datePublished":"2026-04-22T21:43:22+00:00","mainEntityOfPage":{"@id":"https:\/\/kohenavocats.com\/pt-pt\/tribunal-judiciaire-de-paris-le-2-octobre-2025-n25-04852\/"},"wordCount":491,"commentCount":0,"publisher":{"@id":"https:\/\/kohenavocats.com\/pt-pt\/#organization"},"image":{"@id":"https:\/\/kohenavocats.com\/pt-pt\/tribunal-judiciaire-de-paris-le-2-octobre-2025-n25-04852\/#primaryimage"},"thumbnailUrl":"https:\/\/kohenavocats.com\/wp-content\/uploads\/2024\/06\/robin-ooode-A5hD0BMzsbo-unsplash.webp","articleSection":["Jurisprudence"],"inLanguage":"pt-PT","potentialAction":[{"@type":"CommentAction","name":"Comment","target":["https:\/\/kohenavocats.com\/pt-pt\/tribunal-judiciaire-de-paris-le-2-octobre-2025-n25-04852\/#respond"]}],"citation":"Tribunal judiciaire de Paris, le 2 octobre 2025, n\u00b025\/04852","about":[{"@type":"Thing","name":"Jurisprudence"}],"dateModified":"2026-04-22T21:43:22+00:00","speakable":{"@type":"SpeakableSpecification","cssSelector":[".article-content > p:first-of-type"]}},{"@type":"WebPage","@id":"https:\/\/kohenavocats.com\/pt-pt\/tribunal-judiciaire-de-paris-le-2-octobre-2025-n25-04852\/","url":"https:\/\/kohenavocats.com\/pt-pt\/tribunal-judiciaire-de-paris-le-2-octobre-2025-n25-04852\/","name":"Tribunal judiciaire de Paris, le 2 octobre 2025, n\u00b025\/04852 - Ma\u00eetre Hassan Kohen, avocat en droit p\u00e9nal \u00e0 Paris","isPartOf":{"@id":"https:\/\/kohenavocats.com\/pt-pt\/#website"},"primaryImageOfPage":{"@id":"https:\/\/kohenavocats.com\/pt-pt\/tribunal-judiciaire-de-paris-le-2-octobre-2025-n25-04852\/#primaryimage"},"image":{"@id":"https:\/\/kohenavocats.com\/pt-pt\/tribunal-judiciaire-de-paris-le-2-octobre-2025-n25-04852\/#primaryimage"},"thumbnailUrl":"https:\/\/kohenavocats.com\/wp-content\/uploads\/2024\/06\/robin-ooode-A5hD0BMzsbo-unsplash.webp","datePublished":"2026-04-22T21:43:22+00:00","description":"L\u2019injonction de rencontrer un conciliateur : une mesure d\u2019impulsion proc\u00e9durale","breadcrumb":{"@id":"https:\/\/kohenavocats.com\/pt-pt\/tribunal-judiciaire-de-paris-le-2-octobre-2025-n25-04852\/#breadcrumb"},"inLanguage":"pt-PT","potentialAction":[{"@type":"ReadAction","target":["https:\/\/kohenavocats.com\/pt-pt\/tribunal-judiciaire-de-paris-le-2-octobre-2025-n25-04852\/"]}]},{"@type":"ImageObject","inLanguage":"pt-PT","@id":"https:\/\/kohenavocats.com\/pt-pt\/tribunal-judiciaire-de-paris-le-2-octobre-2025-n25-04852\/#primaryimage","url":"https:\/\/kohenavocats.com\/wp-content\/uploads\/2024\/06\/robin-ooode-A5hD0BMzsbo-unsplash.webp","contentUrl":"https:\/\/kohenavocats.com\/wp-content\/uploads\/2024\/06\/robin-ooode-A5hD0BMzsbo-unsplash.webp","width":5533,"height":3778},{"@type":"BreadcrumbList","@id":"https:\/\/kohenavocats.com\/pt-pt\/tribunal-judiciaire-de-paris-le-2-octobre-2025-n25-04852\/#breadcrumb","itemListElement":[{"@type":"ListItem","position":1,"name":"Home","item":"https:\/\/kohenavocats.com\/pt-pt\/avocats-en-droit-penal-a-paris-conseil-et-defense-strategique\/"},{"@type":"ListItem","position":2,"name":"Tribunal judiciaire de Paris, le 2 octobre 2025, n\u00b025\/04852"}]},{"@type":"WebSite","@id":"https:\/\/kohenavocats.com\/pt-pt\/#website","url":"https:\/\/kohenavocats.com\/pt-pt\/","name":"Kohen Avocats","description":"Ma\u00eetre Hassan Kohen, avocat p\u00e9naliste \u00e0 Paris, intervient exclusivement en droit p\u00e9nal pour la d\u00e9fense des particuliers, notamment en mati\u00e8re d\u2019accusations de viol. Il assure un accompagnement rigoureux d\u00e8s la garde \u00e0 vue jusqu\u2019\u00e0 la Cour d\u2019assises, veillant au strict respect des garanties proc\u00e9durales.","publisher":{"@id":"https:\/\/kohenavocats.com\/pt-pt\/#organization"},"potentialAction":[{"@type":"SearchAction","target":{"@type":"EntryPoint","urlTemplate":"https:\/\/kohenavocats.com\/pt-pt\/?s={search_term_string}"},"query-input":{"@type":"PropertyValueSpecification","valueRequired":true,"valueName":"search_term_string"}}],"inLanguage":"pt-PT"},{"@type":"Organization","@id":"https:\/\/kohenavocats.com\/pt-pt\/#organization","name":"Kohen Avocats","url":"https:\/\/kohenavocats.com\/pt-pt\/","logo":{"@type":"ImageObject","inLanguage":"pt-PT","@id":"https:\/\/kohenavocats.com\/pt-pt\/#\/schema\/logo\/image\/","url":"https:\/\/kohenavocats.com\/wp-content\/uploads\/2026\/01\/Logo-2-1.webp","contentUrl":"https:\/\/kohenavocats.com\/wp-content\/uploads\/2026\/01\/Logo-2-1.webp","width":2114,"height":1253,"caption":"Kohen Avocats"},"image":{"@id":"https:\/\/kohenavocats.com\/pt-pt\/#\/schema\/logo\/image\/"}},{"@type":"Person","@id":"https:\/\/kohenavocats.com\/pt-pt\/#\/schema\/person\/761c9ba54fa1ca84d405cef0831ff751","name":"Kohen","image":{"@type":"ImageObject","inLanguage":"pt-PT","@id":"https:\/\/secure.gravatar.com\/avatar\/1c5e76ef76bbbfdd2b4da984e2bf2fa4056fd51a27d25ce2c332047f1dfd6e00?s=96&d=identicon&r=g","url":"https:\/\/secure.gravatar.com\/avatar\/1c5e76ef76bbbfdd2b4da984e2bf2fa4056fd51a27d25ce2c332047f1dfd6e00?s=96&d=identicon&r=g","contentUrl":"https:\/\/secure.gravatar.com\/avatar\/1c5e76ef76bbbfdd2b4da984e2bf2fa4056fd51a27d25ce2c332047f1dfd6e00?s=96&d=identicon&r=g","caption":"Kohen"},"sameAs":["https:\/\/www.linkedin.com\/in\/hassan-kohen-448548192\/","https:\/\/www.youtube.com\/@Kohen-Avocats"],"url":"https:\/\/kohenavocats.com\/pt-pt\/author\/kohenmlk\/"}]}},"jetpack_featured_media_url":"https:\/\/kohenavocats.com\/wp-content\/uploads\/2024\/06\/robin-ooode-A5hD0BMzsbo-unsplash.webp","jetpack_likes_enabled":false,"jetpack_shortlink":"https:\/\/wp.me\/peCrII-2JRA","jetpack-related-posts":[{"id":644206,"url":"https:\/\/kohenavocats.com\/pt-pt\/tribunal-judiciaire-de-paris-le-19-fevrier-2026-n25-08092\/","url_meta":{"origin":652958,"position":0},"title":"Tribunal judiciaire de Paris, le 19 f\u00e9vrier 2026, n\u00b025\/08092","author":"Kohen","date":"22 de Abril, 2026","format":false,"excerpt":"Le juge des contentieux de la protection, statuant par mesure d\u2019administration judiciaire, a rendu une d\u00e9cision le 19 f\u00e9vrier 2026. Saisi d\u2019un litige locatif...","rel":"","context":"In &quot;Jurisprudence&quot;","block_context":{"text":"Jurisprudence","link":"https:\/\/kohenavocats.com\/category\/jurisprudence\/"},"img":{"alt_text":"","src":"https:\/\/i0.wp.com\/kohenavocats.com\/wp-content\/uploads\/2024\/08\/nikolay-maslov-BFjDJJrCBpM-unsplash.webp?resize=350%2C200&ssl=1","width":350,"height":200,"srcset":"https:\/\/i0.wp.com\/kohenavocats.com\/wp-content\/uploads\/2024\/08\/nikolay-maslov-BFjDJJrCBpM-unsplash.webp?resize=350%2C200&ssl=1 1x, https:\/\/i0.wp.com\/kohenavocats.com\/wp-content\/uploads\/2024\/08\/nikolay-maslov-BFjDJJrCBpM-unsplash.webp?resize=525%2C300&ssl=1 1.5x, https:\/\/i0.wp.com\/kohenavocats.com\/wp-content\/uploads\/2024\/08\/nikolay-maslov-BFjDJJrCBpM-unsplash.webp?resize=700%2C400&ssl=1 2x, https:\/\/i0.wp.com\/kohenavocats.com\/wp-content\/uploads\/2024\/08\/nikolay-maslov-BFjDJJrCBpM-unsplash.webp?resize=1050%2C600&ssl=1 3x, https:\/\/i0.wp.com\/kohenavocats.com\/wp-content\/uploads\/2024\/08\/nikolay-maslov-BFjDJJrCBpM-unsplash.webp?resize=1400%2C800&ssl=1 4x"},"classes":[]},{"id":650740,"url":"https:\/\/kohenavocats.com\/pt-pt\/tribunal-judiciaire-de-paris-le-2-octobre-2025-n25-00304\/","url_meta":{"origin":652958,"position":1},"title":"Tribunal judiciaire de Paris, le 2 octobre 2025, n\u00b025\/00304","author":"Kohen","date":"22 de Abril, 2026","format":false,"excerpt":"Le Tribunal judiciaire de Paris, le 2 octobre 2025, a statu\u00e9 sur une instance opposant un assur\u00e9 \u00e0 sa caisse primaire et un \u00e9tablissement de sant\u00e9. Le juge d...","rel":"","context":"In &quot;Jurisprudence&quot;","block_context":{"text":"Jurisprudence","link":"https:\/\/kohenavocats.com\/category\/jurisprudence\/"},"img":{"alt_text":"","src":"https:\/\/i0.wp.com\/kohenavocats.com\/wp-content\/uploads\/2024\/08\/giammarco-boscaro-a_VP5ObtzWk-unsplash-1.webp?resize=350%2C200&ssl=1","width":350,"height":200,"srcset":"https:\/\/i0.wp.com\/kohenavocats.com\/wp-content\/uploads\/2024\/08\/giammarco-boscaro-a_VP5ObtzWk-unsplash-1.webp?resize=350%2C200&ssl=1 1x, https:\/\/i0.wp.com\/kohenavocats.com\/wp-content\/uploads\/2024\/08\/giammarco-boscaro-a_VP5ObtzWk-unsplash-1.webp?resize=525%2C300&ssl=1 1.5x, https:\/\/i0.wp.com\/kohenavocats.com\/wp-content\/uploads\/2024\/08\/giammarco-boscaro-a_VP5ObtzWk-unsplash-1.webp?resize=700%2C400&ssl=1 2x, https:\/\/i0.wp.com\/kohenavocats.com\/wp-content\/uploads\/2024\/08\/giammarco-boscaro-a_VP5ObtzWk-unsplash-1.webp?resize=1050%2C600&ssl=1 3x, https:\/\/i0.wp.com\/kohenavocats.com\/wp-content\/uploads\/2024\/08\/giammarco-boscaro-a_VP5ObtzWk-unsplash-1.webp?resize=1400%2C800&ssl=1 4x"},"classes":[]},{"id":651997,"url":"https:\/\/kohenavocats.com\/pt-pt\/tribunal-judiciaire-de-paris-le-2-octobre-2025-n25-03338\/","url_meta":{"origin":652958,"position":2},"title":"Tribunal judiciaire de Paris, le 2 octobre 2025, n\u00b025\/03338","author":"Kohen","date":"22 de Abril, 2026","format":false,"excerpt":"Le Tribunal judiciaire, statuant en mati\u00e8re de contentieux de la protection, a rendu une mesure d'administration judiciaire le 2 octobre 2025. Saisi d'un lit...","rel":"","context":"In &quot;Jurisprudence&quot;","block_context":{"text":"Jurisprudence","link":"https:\/\/kohenavocats.com\/category\/jurisprudence\/"},"img":{"alt_text":"","src":"https:\/\/i0.wp.com\/kohenavocats.com\/wp-content\/uploads\/2024\/11\/getty-images-dWqNBrbg25A-unsplash.webp?resize=350%2C200&ssl=1","width":350,"height":200,"srcset":"https:\/\/i0.wp.com\/kohenavocats.com\/wp-content\/uploads\/2024\/11\/getty-images-dWqNBrbg25A-unsplash.webp?resize=350%2C200&ssl=1 1x, https:\/\/i0.wp.com\/kohenavocats.com\/wp-content\/uploads\/2024\/11\/getty-images-dWqNBrbg25A-unsplash.webp?resize=525%2C300&ssl=1 1.5x, https:\/\/i0.wp.com\/kohenavocats.com\/wp-content\/uploads\/2024\/11\/getty-images-dWqNBrbg25A-unsplash.webp?resize=700%2C400&ssl=1 2x, https:\/\/i0.wp.com\/kohenavocats.com\/wp-content\/uploads\/2024\/11\/getty-images-dWqNBrbg25A-unsplash.webp?resize=1050%2C600&ssl=1 3x, https:\/\/i0.wp.com\/kohenavocats.com\/wp-content\/uploads\/2024\/11\/getty-images-dWqNBrbg25A-unsplash.webp?resize=1400%2C800&ssl=1 4x"},"classes":[]},{"id":490056,"url":"https:\/\/kohenavocats.com\/pt-pt\/tribunal-judiciaire-de-ales-le-20-novembre-2025-n25-00341\/","url_meta":{"origin":652958,"position":3},"title":"Tribunal judiciaire de Al\u00e8s, le 20 novembre 2025, n\u00b025\/00341","author":"Kohen","date":"8 de Abril, 2026","format":false,"excerpt":"Le tribunal judiciaire d\u2019Al\u00e8s, statuant en chambre des r\u00e9f\u00e9r\u00e9s, rend le vingt novembre deux mille vingt-cinq une ordonnance d\u2019injonction de rencontrer un...","rel":"","context":"In &quot;D\u00e9cisions juridiques&quot;","block_context":{"text":"D\u00e9cisions juridiques","link":"https:\/\/kohenavocats.com\/category\/decisions-juridiques\/"},"img":{"alt_text":"","src":"https:\/\/i0.wp.com\/kohenavocats.com\/wp-content\/uploads\/2024\/08\/miriam-espacio-nUiCEOe6vvA-unsplash.webp?resize=350%2C200&ssl=1","width":350,"height":200,"srcset":"https:\/\/i0.wp.com\/kohenavocats.com\/wp-content\/uploads\/2024\/08\/miriam-espacio-nUiCEOe6vvA-unsplash.webp?resize=350%2C200&ssl=1 1x, https:\/\/i0.wp.com\/kohenavocats.com\/wp-content\/uploads\/2024\/08\/miriam-espacio-nUiCEOe6vvA-unsplash.webp?resize=525%2C300&ssl=1 1.5x, https:\/\/i0.wp.com\/kohenavocats.com\/wp-content\/uploads\/2024\/08\/miriam-espacio-nUiCEOe6vvA-unsplash.webp?resize=700%2C400&ssl=1 2x, https:\/\/i0.wp.com\/kohenavocats.com\/wp-content\/uploads\/2024\/08\/miriam-espacio-nUiCEOe6vvA-unsplash.webp?resize=1050%2C600&ssl=1 3x, https:\/\/i0.wp.com\/kohenavocats.com\/wp-content\/uploads\/2024\/08\/miriam-espacio-nUiCEOe6vvA-unsplash.webp?resize=1400%2C800&ssl=1 4x"},"classes":[]},{"id":480023,"url":"https:\/\/kohenavocats.com\/pt-pt\/tribunal-judiciaire-de-nantes-le-5-decembre-2025-n25-00814\/","url_meta":{"origin":652958,"position":4},"title":"Tribunal judiciaire de Nantes, le 5 d\u00e9cembre 2025, n\u00b025\/00814","author":"Kohen","date":"7 de Abril, 2026","format":false,"excerpt":"Le juge des r\u00e9f\u00e9r\u00e9s, statuant par ordonnance du 5 d\u00e9cembre 2025, se prononce sur une demande relative \u00e0 un diff\u00e9rend immobilier. Les parties s\u2019opposent sur l...","rel":"","context":"In &quot;Jurisprudence&quot;","block_context":{"text":"Jurisprudence","link":"https:\/\/kohenavocats.com\/category\/jurisprudence\/"},"img":{"alt_text":"","src":"https:\/\/i0.wp.com\/kohenavocats.com\/wp-content\/uploads\/2024\/07\/giammarco-boscaro-xLhKkk2tKkA-unsplash.webp?resize=350%2C200&ssl=1","width":350,"height":200,"srcset":"https:\/\/i0.wp.com\/kohenavocats.com\/wp-content\/uploads\/2024\/07\/giammarco-boscaro-xLhKkk2tKkA-unsplash.webp?resize=350%2C200&ssl=1 1x, https:\/\/i0.wp.com\/kohenavocats.com\/wp-content\/uploads\/2024\/07\/giammarco-boscaro-xLhKkk2tKkA-unsplash.webp?resize=525%2C300&ssl=1 1.5x, https:\/\/i0.wp.com\/kohenavocats.com\/wp-content\/uploads\/2024\/07\/giammarco-boscaro-xLhKkk2tKkA-unsplash.webp?resize=700%2C400&ssl=1 2x, https:\/\/i0.wp.com\/kohenavocats.com\/wp-content\/uploads\/2024\/07\/giammarco-boscaro-xLhKkk2tKkA-unsplash.webp?resize=1050%2C600&ssl=1 3x, https:\/\/i0.wp.com\/kohenavocats.com\/wp-content\/uploads\/2024\/07\/giammarco-boscaro-xLhKkk2tKkA-unsplash.webp?resize=1400%2C800&ssl=1 4x"},"classes":[]},{"id":492580,"url":"https:\/\/kohenavocats.com\/pt-pt\/tribunal-judiciaire-de-grasse-le-13-novembre-2025-n25-00492\/","url_meta":{"origin":652958,"position":5},"title":"Tribunal judiciaire de Grasse, le 13 novembre 2025, n\u00b025\/00492","author":"Kohen","date":"8 de Abril, 2026","format":false,"excerpt":"Le juge des r\u00e9f\u00e9r\u00e9s, statuant par mesure d'administration judiciaire, a rendu une ordonnance le 21 janvier 2026. Il \u00e9tait saisi d\u2019une demande d\u2019expertise...","rel":"","context":"In &quot;D\u00e9cisions juridiques&quot;","block_context":{"text":"D\u00e9cisions juridiques","link":"https:\/\/kohenavocats.com\/category\/decisions-juridiques\/"},"img":{"alt_text":"","src":"https:\/\/i0.wp.com\/kohenavocats.com\/wp-content\/uploads\/2024\/11\/allison-saeng-6ptTfZWrRSw-unsplash.webp?resize=350%2C200&ssl=1","width":350,"height":200,"srcset":"https:\/\/i0.wp.com\/kohenavocats.com\/wp-content\/uploads\/2024\/11\/allison-saeng-6ptTfZWrRSw-unsplash.webp?resize=350%2C200&ssl=1 1x, https:\/\/i0.wp.com\/kohenavocats.com\/wp-content\/uploads\/2024\/11\/allison-saeng-6ptTfZWrRSw-unsplash.webp?resize=525%2C300&ssl=1 1.5x, https:\/\/i0.wp.com\/kohenavocats.com\/wp-content\/uploads\/2024\/11\/allison-saeng-6ptTfZWrRSw-unsplash.webp?resize=700%2C400&ssl=1 2x, https:\/\/i0.wp.com\/kohenavocats.com\/wp-content\/uploads\/2024\/11\/allison-saeng-6ptTfZWrRSw-unsplash.webp?resize=1050%2C600&ssl=1 3x, https:\/\/i0.wp.com\/kohenavocats.com\/wp-content\/uploads\/2024\/11\/allison-saeng-6ptTfZWrRSw-unsplash.webp?resize=1400%2C800&ssl=1 4x"},"classes":[]}],"jetpack_sharing_enabled":true,"_links":{"self":[{"href":"https:\/\/kohenavocats.com\/pt-pt\/wp-json\/wp\/v2\/posts\/652958","targetHints":{"allow":["GET"]}}],"collection":[{"href":"https:\/\/kohenavocats.com\/pt-pt\/wp-json\/wp\/v2\/posts"}],"about":[{"href":"https:\/\/kohenavocats.com\/pt-pt\/wp-json\/wp\/v2\/types\/post"}],"author":[{"embeddable":true,"href":"https:\/\/kohenavocats.com\/pt-pt\/wp-json\/wp\/v2\/users\/232070755"}],"replies":[{"embeddable":true,"href":"https:\/\/kohenavocats.com\/pt-pt\/wp-json\/wp\/v2\/comments?post=652958"}],"version-history":[{"count":0,"href":"https:\/\/kohenavocats.com\/pt-pt\/wp-json\/wp\/v2\/posts\/652958\/revisions"}],"wp:featuredmedia":[{"embeddable":true,"href":"https:\/\/kohenavocats.com\/pt-pt\/wp-json\/wp\/v2\/media\/3386"}],"wp:attachment":[{"href":"https:\/\/kohenavocats.com\/pt-pt\/wp-json\/wp\/v2\/media?parent=652958"}],"wp:term":[{"taxonomy":"category","embeddable":true,"href":"https:\/\/kohenavocats.com\/pt-pt\/wp-json\/wp\/v2\/categories?post=652958"},{"taxonomy":"post_tag","embeddable":true,"href":"https:\/\/kohenavocats.com\/pt-pt\/wp-json\/wp\/v2\/tags?post=652958"}],"curies":[{"name":"wp","href":"https:\/\/api.w.org\/{rel}","templated":true}]}}