{"id":653049,"date":"2026-04-22T23:59:01","date_gmt":"2026-04-22T21:59:01","guid":{"rendered":"https:\/\/kohenavocats.com\/tribunal-judiciaire-de-nantes-le-2-octobre-2025-n25-00807\/"},"modified":"2026-04-22T23:59:01","modified_gmt":"2026-04-22T21:59:01","slug":"tribunal-judiciaire-de-nantes-le-2-octobre-2025-n25-00807","status":"publish","type":"post","link":"https:\/\/kohenavocats.com\/pt-pt\/tribunal-judiciaire-de-nantes-le-2-octobre-2025-n25-00807\/","title":{"rendered":"Tribunal judiciaire de Nantes, le 2 octobre 2025, n\u00b025\/00807"},"content":{"rendered":"<div class=\"article-content\">\n<p>Le tribunal judiciaire de Nantes, statuant en r\u00e9f\u00e9r\u00e9 le 2 octobre 2025, examine une s\u00e9rie de demandes en extension d\u2019expertise. Suite \u00e0 l\u2019installation d\u2019un \u00e9quipement d\u2019assainissement non conforme, une proc\u00e9dure d\u2019expertise fut ordonn\u00e9e. L\u2019entreprise installatrice appelle alors en cause son fournisseur, qui appelle lui-m\u00eame l\u2019assureur du fabricant. Le juge doit se prononcer sur l\u2019extension de l\u2019expertise \u00e0 ces nouveaux intervenants et sur une demande de communication contractuelle. Il accueille la demande d\u2019extension mais rejette la demande de communication devenue sans objet.<\/p>\n<p>L\u2019admission l\u00e9gitime de nouveaux intervenants dans l\u2019expertise<\/p>\n<p>Le juge valide l\u2019appel en cause des acteurs de la cha\u00eene de distribution. Il constate le r\u00f4le de chacun au regard des pi\u00e8ces vers\u00e9es aux d\u00e9bats. Les d\u00e9fenderesses sont identifi\u00e9es comme des parties potentiellement responsables. Le juge motive sa d\u00e9cision en relevant leur lien direct avec le produit litigieux. Il estime ainsi justifi\u00e9 de les associer \u00e0 la mesure d\u2019instruction.<\/p>\n<p>La n\u00e9cessit\u00e9 de l\u2019extension pour la manifestation de la v\u00e9rit\u00e9. Le juge souligne l\u2019utilit\u00e9 proc\u00e9durale de cette int\u00e9gration. Elle permet une discussion compl\u00e8te sur les responsabilit\u00e9s respectives. &#8220;Il est donc l\u00e9gitime d&#8217;\u00e9tendre la mission d&#8217;expertise aux d\u00e9fenderesses, pour qu&#8217;elles soient en mesure de faire valoir leur point de vue sur les responsabilit\u00e9s ou garanties \u00e9ventuelles quant aux d\u00e9sordres.&#8221; (Motifs de la d\u00e9cision). Cette extension assure l\u2019\u00e9galit\u00e9 des armes et la contradiction. Elle garantit une expertise exhaustive et \u00e9quitable pour toutes les parties concern\u00e9es.<\/p>\n<p>Le fondement juridique de l\u2019appel en garantie. Cette solution s\u2019inscrit dans une logique de pr\u00e9vention du risque contentieux. Elle \u00e9vite des actions s\u00e9par\u00e9es futures en regroupant les d\u00e9bats. Une jurisprudence r\u00e9cente confirme cette approche pragmatique du juge des r\u00e9f\u00e9r\u00e9s. &#8220;Il convient d\u00e8s lors d&#8217;\u00e9tendre les op\u00e9rations d&#8217;expertise \u00e0 son \u00e9gard. Il convient \u00e9galement d&#8217;\u00e9tendre les op\u00e9rations d&#8217;expertise \u00e0 la SCP MANDATEAM, liquidateur judiciaire de la SAS BF AUTO, et \u00e0 la compagnie d&#8217;assurance GROUPAMA VAL DE LOIRE, assureur de la SAS BF AUTO, d\u00e9j\u00e0 partie \u00e0 la proc\u00e9dure et dont la responsabilit\u00e9 pourrait \u00eatre engag\u00e9e.&#8221; (Tribunal judiciaire, le 7 mai 2025, n\u00b025\/00123). L\u2019extension vise \u00e0 \u00e9claircir l\u2019ensemble des relations contractuelles en cause.<\/p>\n<p>Le rejet des demandes devenues sans objet<\/p>\n<p>Le juge \u00e9carte les demandes superflues ou satisfaites avant son intervention. La communication des conditions d\u2019assurance \u00e9tait l\u2019une des requ\u00eates. Le d\u00e9fendeur avait produit le document avant l\u2019audience. Le juge constate donc l\u2019absence d\u2019int\u00e9r\u00eat \u00e0 statuer sur ce point. La demande est d\u00e8s lors priv\u00e9e de son objet principal.<\/p>\n<p>La perte d\u2019objet de la demande de communication. Le juge applique le principe d\u2019\u00e9conomie proc\u00e9durale. Il rejette les pr\u00e9tentions devenues inutiles par l\u2019effet des diligences des parties. &#8220;La demande de communication des conditions g\u00e9n\u00e9rales et particuli\u00e8res du contrat d\u2019assurance en cause souscrit par SMVE ayant \u00e9t\u00e9 satisfaite, elle a perdu son objet.&#8221; (Motifs de la d\u00e9cision). Cette solution \u00e9vite de prononcer une injonction ou une astreinte inutile. Elle sanctionne aussi la bonne conduite proc\u00e9durale de la partie qui a communiqu\u00e9 spontan\u00e9ment.<\/p>\n<p>La port\u00e9e d\u2019un rejet pour d\u00e9faut d\u2019int\u00e9r\u00eat. Cette d\u00e9cision rappelle l\u2019exigence d\u2019un int\u00e9r\u00eat actuel pour agir en r\u00e9f\u00e9r\u00e9. Une demande ne peut prosp\u00e9rer si son but est d\u00e9j\u00e0 atteint. Une autre jurisprudence illustre ce raisonnement dans un contexte similaire. &#8220;Monsieur [G] [J] sera en cons\u00e9quence d\u00e9bout\u00e9 de sa demande en communication de pi\u00e8ces.&#8221; (Tribunal judiciaire de Grasse, le 26 janvier 2026, n\u00b024\/01354). Le juge limite son office aux seules questions pr\u00e9sentant un caract\u00e8re conflictuel. Il refuse ainsi d\u2019encombrer la proc\u00e9dure de demandes vid\u00e9es de leur substance.<\/p>\n<\/div>\n","protected":false},"excerpt":{"rendered":"<p>Le tribunal judiciaire de Nantes, statuant en r\u00e9f\u00e9r\u00e9 le 2 octobre 2025, examine une s\u00e9rie de demandes en extension d\u2019expertise. Suite \u00e0 l\u2019installation d\u2019un \u00e9&#8230;<\/p>\n","protected":false},"author":232070755,"featured_media":9425,"comment_status":"open","ping_status":"open","sticky":false,"template":"","format":"standard","meta":{"_crdt_document":"","_jetpack_newsletter_access":"","_jetpack_dont_email_post_to_subs":false,"_jetpack_newsletter_tier_id":0,"_jetpack_memberships_contains_paywalled_content":false,"_kj_source_type":"judilibre","_kj_official_id":"68ded3056af9fd1f8095c4df","_kj_official_url":"https:\/\/www.courdecassation.fr\/decision\/68ded3056af9fd1f8095c4df","_kj_judilibre_id":"68ded3056af9fd1f8095c4df","_kj_jur":"Tribunal judiciaire","_kj_lieu":"Tribunal judiciaire de Nantes","_kj_chambre":"R\u00e9f\u00e9r\u00e9 pr\u00e9sident","_kj_rg":"25\/00807","_kj_date":"2025-10-02","_jetpack_memberships_contains_paid_content":false,"footnotes":"","jetpack_post_was_ever_published":false},"categories":[7597],"tags":[],"class_list":["post-653049","post","type-post","status-publish","format-standard","has-post-thumbnail","hentry","category-jurisprudence"],"yoast_head":"<!-- This site is optimized with the Yoast SEO Premium plugin v27.5 (Yoast SEO v27.5) - https:\/\/yoast.com\/product\/yoast-seo-premium-wordpress\/ -->\n<title>Tribunal judiciaire de Nantes, le 2 octobre 2025, n\u00b025\/00807 - Ma\u00eetre Hassan Kohen, avocat en droit p\u00e9nal \u00e0 Paris<\/title>\n<meta name=\"description\" content=\"Le tribunal judiciaire de Nantes, statuant en r\u00e9f\u00e9r\u00e9 le 2 octobre 2025, examine une s\u00e9rie de demandes en extension d\u2019expertise. Suite \u00e0 l\u2019installation d\u2019un \u00e9...\" \/>\n<meta name=\"robots\" content=\"index, follow, max-snippet:-1, max-image-preview:large, max-video-preview:-1\" \/>\n<link rel=\"canonical\" href=\"https:\/\/kohenavocats.com\/pt-pt\/tribunal-judiciaire-de-nantes-le-2-octobre-2025-n25-00807\/\" \/>\n<meta property=\"og:locale\" content=\"pt_PT\" \/>\n<meta property=\"og:type\" content=\"article\" \/>\n<meta property=\"og:title\" content=\"Tribunal judiciaire de Nantes, le 2 octobre 2025, n\u00b025\/00807\" \/>\n<meta property=\"og:description\" content=\"Le tribunal judiciaire de Nantes, statuant en r\u00e9f\u00e9r\u00e9 le 2 octobre 2025, examine une s\u00e9rie de demandes en extension d\u2019expertise. Suite \u00e0 l\u2019installation d\u2019un \u00e9...\" \/>\n<meta property=\"og:url\" content=\"https:\/\/kohenavocats.com\/pt-pt\/tribunal-judiciaire-de-nantes-le-2-octobre-2025-n25-00807\/\" \/>\n<meta property=\"og:site_name\" content=\"Ma\u00eetre Hassan Kohen, avocat en droit p\u00e9nal \u00e0 Paris\" \/>\n<meta property=\"article:published_time\" content=\"2026-04-22T21:59:01+00:00\" \/>\n<meta property=\"og:image\" content=\"https:\/\/kohenavocats.com\/wp-content\/uploads\/2024\/11\/laura-adai-cc4Z4TqvPOg-unsplash.webp\" \/>\n\t<meta property=\"og:image:width\" content=\"7086\" \/>\n\t<meta property=\"og:image:height\" content=\"4724\" \/>\n\t<meta property=\"og:image:type\" content=\"image\/webp\" \/>\n<meta name=\"author\" content=\"Kohen\" \/>\n<meta name=\"twitter:card\" content=\"summary_large_image\" \/>\n<meta name=\"twitter:label1\" content=\"Escrito por\" \/>\n\t<meta name=\"twitter:data1\" content=\"Kohen\" \/>\n\t<meta name=\"twitter:label2\" content=\"Tempo estimado de leitura\" \/>\n\t<meta name=\"twitter:data2\" content=\"3 minutos\" \/>\n<script type=\"application\/ld+json\" class=\"yoast-schema-graph\">{\"@context\":\"https:\\\/\\\/schema.org\",\"@graph\":[{\"@type\":\"Article\",\"@id\":\"https:\\\/\\\/kohenavocats.com\\\/pt-pt\\\/tribunal-judiciaire-de-nantes-le-2-octobre-2025-n25-00807\\\/#article\",\"isPartOf\":{\"@id\":\"https:\\\/\\\/kohenavocats.com\\\/pt-pt\\\/tribunal-judiciaire-de-nantes-le-2-octobre-2025-n25-00807\\\/\"},\"author\":{\"name\":\"Kohen\",\"@id\":\"https:\\\/\\\/kohenavocats.com\\\/pt-pt\\\/#\\\/schema\\\/person\\\/761c9ba54fa1ca84d405cef0831ff751\"},\"headline\":\"Tribunal judiciaire de Nantes, le 2 octobre 2025, n\u00b025\\\/00807\",\"datePublished\":\"2026-04-22T21:59:01+00:00\",\"mainEntityOfPage\":{\"@id\":\"https:\\\/\\\/kohenavocats.com\\\/pt-pt\\\/tribunal-judiciaire-de-nantes-le-2-octobre-2025-n25-00807\\\/\"},\"wordCount\":674,\"commentCount\":0,\"publisher\":{\"@id\":\"https:\\\/\\\/kohenavocats.com\\\/pt-pt\\\/#organization\"},\"image\":{\"@id\":\"https:\\\/\\\/kohenavocats.com\\\/pt-pt\\\/tribunal-judiciaire-de-nantes-le-2-octobre-2025-n25-00807\\\/#primaryimage\"},\"thumbnailUrl\":\"https:\\\/\\\/kohenavocats.com\\\/wp-content\\\/uploads\\\/2024\\\/11\\\/laura-adai-cc4Z4TqvPOg-unsplash.webp\",\"articleSection\":[\"Jurisprudence\"],\"inLanguage\":\"pt-PT\",\"potentialAction\":[{\"@type\":\"CommentAction\",\"name\":\"Comment\",\"target\":[\"https:\\\/\\\/kohenavocats.com\\\/pt-pt\\\/tribunal-judiciaire-de-nantes-le-2-octobre-2025-n25-00807\\\/#respond\"]}],\"citation\":\"Tribunal judiciaire de Nantes, le 2 octobre 2025, n\u00b025\\\/00807\",\"about\":[{\"@type\":\"Thing\",\"name\":\"Jurisprudence\"}],\"dateModified\":\"2026-04-22T21:59:01+00:00\",\"speakable\":{\"@type\":\"SpeakableSpecification\",\"cssSelector\":[\".article-content > p:first-of-type\"]}},{\"@type\":\"WebPage\",\"@id\":\"https:\\\/\\\/kohenavocats.com\\\/pt-pt\\\/tribunal-judiciaire-de-nantes-le-2-octobre-2025-n25-00807\\\/\",\"url\":\"https:\\\/\\\/kohenavocats.com\\\/pt-pt\\\/tribunal-judiciaire-de-nantes-le-2-octobre-2025-n25-00807\\\/\",\"name\":\"Tribunal judiciaire de Nantes, le 2 octobre 2025, n\u00b025\\\/00807 - Ma\u00eetre Hassan Kohen, avocat en droit p\u00e9nal \u00e0 Paris\",\"isPartOf\":{\"@id\":\"https:\\\/\\\/kohenavocats.com\\\/pt-pt\\\/#website\"},\"primaryImageOfPage\":{\"@id\":\"https:\\\/\\\/kohenavocats.com\\\/pt-pt\\\/tribunal-judiciaire-de-nantes-le-2-octobre-2025-n25-00807\\\/#primaryimage\"},\"image\":{\"@id\":\"https:\\\/\\\/kohenavocats.com\\\/pt-pt\\\/tribunal-judiciaire-de-nantes-le-2-octobre-2025-n25-00807\\\/#primaryimage\"},\"thumbnailUrl\":\"https:\\\/\\\/kohenavocats.com\\\/wp-content\\\/uploads\\\/2024\\\/11\\\/laura-adai-cc4Z4TqvPOg-unsplash.webp\",\"datePublished\":\"2026-04-22T21:59:01+00:00\",\"description\":\"Le tribunal judiciaire de Nantes, statuant en r\u00e9f\u00e9r\u00e9 le 2 octobre 2025, examine une s\u00e9rie de demandes en extension d\u2019expertise. Suite \u00e0 l\u2019installation d\u2019un \u00e9...\",\"breadcrumb\":{\"@id\":\"https:\\\/\\\/kohenavocats.com\\\/pt-pt\\\/tribunal-judiciaire-de-nantes-le-2-octobre-2025-n25-00807\\\/#breadcrumb\"},\"inLanguage\":\"pt-PT\",\"potentialAction\":[{\"@type\":\"ReadAction\",\"target\":[\"https:\\\/\\\/kohenavocats.com\\\/pt-pt\\\/tribunal-judiciaire-de-nantes-le-2-octobre-2025-n25-00807\\\/\"]}]},{\"@type\":\"ImageObject\",\"inLanguage\":\"pt-PT\",\"@id\":\"https:\\\/\\\/kohenavocats.com\\\/pt-pt\\\/tribunal-judiciaire-de-nantes-le-2-octobre-2025-n25-00807\\\/#primaryimage\",\"url\":\"https:\\\/\\\/kohenavocats.com\\\/wp-content\\\/uploads\\\/2024\\\/11\\\/laura-adai-cc4Z4TqvPOg-unsplash.webp\",\"contentUrl\":\"https:\\\/\\\/kohenavocats.com\\\/wp-content\\\/uploads\\\/2024\\\/11\\\/laura-adai-cc4Z4TqvPOg-unsplash.webp\",\"width\":7086,\"height\":4724},{\"@type\":\"BreadcrumbList\",\"@id\":\"https:\\\/\\\/kohenavocats.com\\\/pt-pt\\\/tribunal-judiciaire-de-nantes-le-2-octobre-2025-n25-00807\\\/#breadcrumb\",\"itemListElement\":[{\"@type\":\"ListItem\",\"position\":1,\"name\":\"Home\",\"item\":\"https:\\\/\\\/kohenavocats.com\\\/pt-pt\\\/avocats-en-droit-penal-a-paris-conseil-et-defense-strategique\\\/\"},{\"@type\":\"ListItem\",\"position\":2,\"name\":\"Tribunal judiciaire de Nantes, le 2 octobre 2025, n\u00b025\\\/00807\"}]},{\"@type\":\"WebSite\",\"@id\":\"https:\\\/\\\/kohenavocats.com\\\/pt-pt\\\/#website\",\"url\":\"https:\\\/\\\/kohenavocats.com\\\/pt-pt\\\/\",\"name\":\"Kohen Avocats\",\"description\":\"Ma\u00eetre Hassan Kohen, avocat p\u00e9naliste \u00e0 Paris, intervient exclusivement en droit p\u00e9nal pour la d\u00e9fense des particuliers, notamment en mati\u00e8re d\u2019accusations de viol. Il assure un accompagnement rigoureux d\u00e8s la garde \u00e0 vue jusqu\u2019\u00e0 la Cour d\u2019assises, veillant au strict respect des garanties proc\u00e9durales.\",\"publisher\":{\"@id\":\"https:\\\/\\\/kohenavocats.com\\\/pt-pt\\\/#organization\"},\"potentialAction\":[{\"@type\":\"SearchAction\",\"target\":{\"@type\":\"EntryPoint\",\"urlTemplate\":\"https:\\\/\\\/kohenavocats.com\\\/pt-pt\\\/?s={search_term_string}\"},\"query-input\":{\"@type\":\"PropertyValueSpecification\",\"valueRequired\":true,\"valueName\":\"search_term_string\"}}],\"inLanguage\":\"pt-PT\"},{\"@type\":\"Organization\",\"@id\":\"https:\\\/\\\/kohenavocats.com\\\/pt-pt\\\/#organization\",\"name\":\"Kohen Avocats\",\"url\":\"https:\\\/\\\/kohenavocats.com\\\/pt-pt\\\/\",\"logo\":{\"@type\":\"ImageObject\",\"inLanguage\":\"pt-PT\",\"@id\":\"https:\\\/\\\/kohenavocats.com\\\/pt-pt\\\/#\\\/schema\\\/logo\\\/image\\\/\",\"url\":\"https:\\\/\\\/kohenavocats.com\\\/wp-content\\\/uploads\\\/2026\\\/01\\\/Logo-2-1.webp\",\"contentUrl\":\"https:\\\/\\\/kohenavocats.com\\\/wp-content\\\/uploads\\\/2026\\\/01\\\/Logo-2-1.webp\",\"width\":2114,\"height\":1253,\"caption\":\"Kohen Avocats\"},\"image\":{\"@id\":\"https:\\\/\\\/kohenavocats.com\\\/pt-pt\\\/#\\\/schema\\\/logo\\\/image\\\/\"}},{\"@type\":\"Person\",\"@id\":\"https:\\\/\\\/kohenavocats.com\\\/pt-pt\\\/#\\\/schema\\\/person\\\/761c9ba54fa1ca84d405cef0831ff751\",\"name\":\"Kohen\",\"image\":{\"@type\":\"ImageObject\",\"inLanguage\":\"pt-PT\",\"@id\":\"https:\\\/\\\/secure.gravatar.com\\\/avatar\\\/1c5e76ef76bbbfdd2b4da984e2bf2fa4056fd51a27d25ce2c332047f1dfd6e00?s=96&d=identicon&r=g\",\"url\":\"https:\\\/\\\/secure.gravatar.com\\\/avatar\\\/1c5e76ef76bbbfdd2b4da984e2bf2fa4056fd51a27d25ce2c332047f1dfd6e00?s=96&d=identicon&r=g\",\"contentUrl\":\"https:\\\/\\\/secure.gravatar.com\\\/avatar\\\/1c5e76ef76bbbfdd2b4da984e2bf2fa4056fd51a27d25ce2c332047f1dfd6e00?s=96&d=identicon&r=g\",\"caption\":\"Kohen\"},\"sameAs\":[\"https:\\\/\\\/www.linkedin.com\\\/in\\\/hassan-kohen-448548192\\\/\",\"https:\\\/\\\/www.youtube.com\\\/@Kohen-Avocats\"],\"url\":\"https:\\\/\\\/kohenavocats.com\\\/pt-pt\\\/author\\\/kohenmlk\\\/\"}]}<\/script>\n<!-- \/ Yoast SEO Premium plugin. -->","yoast_head_json":{"title":"Tribunal judiciaire de Nantes, le 2 octobre 2025, n\u00b025\/00807 - Ma\u00eetre Hassan Kohen, avocat en droit p\u00e9nal \u00e0 Paris","description":"Le tribunal judiciaire de Nantes, statuant en r\u00e9f\u00e9r\u00e9 le 2 octobre 2025, examine une s\u00e9rie de demandes en extension d\u2019expertise. Suite \u00e0 l\u2019installation d\u2019un \u00e9...","robots":{"index":"index","follow":"follow","max-snippet":"max-snippet:-1","max-image-preview":"max-image-preview:large","max-video-preview":"max-video-preview:-1"},"canonical":"https:\/\/kohenavocats.com\/pt-pt\/tribunal-judiciaire-de-nantes-le-2-octobre-2025-n25-00807\/","og_locale":"pt_PT","og_type":"article","og_title":"Tribunal judiciaire de Nantes, le 2 octobre 2025, n\u00b025\/00807","og_description":"Le tribunal judiciaire de Nantes, statuant en r\u00e9f\u00e9r\u00e9 le 2 octobre 2025, examine une s\u00e9rie de demandes en extension d\u2019expertise. Suite \u00e0 l\u2019installation d\u2019un \u00e9...","og_url":"https:\/\/kohenavocats.com\/pt-pt\/tribunal-judiciaire-de-nantes-le-2-octobre-2025-n25-00807\/","og_site_name":"Ma\u00eetre Hassan Kohen, avocat en droit p\u00e9nal \u00e0 Paris","article_published_time":"2026-04-22T21:59:01+00:00","og_image":[{"width":7086,"height":4724,"url":"https:\/\/kohenavocats.com\/wp-content\/uploads\/2024\/11\/laura-adai-cc4Z4TqvPOg-unsplash.webp","type":"image\/webp"}],"author":"Kohen","twitter_card":"summary_large_image","twitter_misc":{"Escrito por":"Kohen","Tempo estimado de leitura":"3 minutos"},"schema":{"@context":"https:\/\/schema.org","@graph":[{"@type":"Article","@id":"https:\/\/kohenavocats.com\/pt-pt\/tribunal-judiciaire-de-nantes-le-2-octobre-2025-n25-00807\/#article","isPartOf":{"@id":"https:\/\/kohenavocats.com\/pt-pt\/tribunal-judiciaire-de-nantes-le-2-octobre-2025-n25-00807\/"},"author":{"name":"Kohen","@id":"https:\/\/kohenavocats.com\/pt-pt\/#\/schema\/person\/761c9ba54fa1ca84d405cef0831ff751"},"headline":"Tribunal judiciaire de Nantes, le 2 octobre 2025, n\u00b025\/00807","datePublished":"2026-04-22T21:59:01+00:00","mainEntityOfPage":{"@id":"https:\/\/kohenavocats.com\/pt-pt\/tribunal-judiciaire-de-nantes-le-2-octobre-2025-n25-00807\/"},"wordCount":674,"commentCount":0,"publisher":{"@id":"https:\/\/kohenavocats.com\/pt-pt\/#organization"},"image":{"@id":"https:\/\/kohenavocats.com\/pt-pt\/tribunal-judiciaire-de-nantes-le-2-octobre-2025-n25-00807\/#primaryimage"},"thumbnailUrl":"https:\/\/kohenavocats.com\/wp-content\/uploads\/2024\/11\/laura-adai-cc4Z4TqvPOg-unsplash.webp","articleSection":["Jurisprudence"],"inLanguage":"pt-PT","potentialAction":[{"@type":"CommentAction","name":"Comment","target":["https:\/\/kohenavocats.com\/pt-pt\/tribunal-judiciaire-de-nantes-le-2-octobre-2025-n25-00807\/#respond"]}],"citation":"Tribunal judiciaire de Nantes, le 2 octobre 2025, n\u00b025\/00807","about":[{"@type":"Thing","name":"Jurisprudence"}],"dateModified":"2026-04-22T21:59:01+00:00","speakable":{"@type":"SpeakableSpecification","cssSelector":[".article-content > p:first-of-type"]}},{"@type":"WebPage","@id":"https:\/\/kohenavocats.com\/pt-pt\/tribunal-judiciaire-de-nantes-le-2-octobre-2025-n25-00807\/","url":"https:\/\/kohenavocats.com\/pt-pt\/tribunal-judiciaire-de-nantes-le-2-octobre-2025-n25-00807\/","name":"Tribunal judiciaire de Nantes, le 2 octobre 2025, n\u00b025\/00807 - Ma\u00eetre Hassan Kohen, avocat en droit p\u00e9nal \u00e0 Paris","isPartOf":{"@id":"https:\/\/kohenavocats.com\/pt-pt\/#website"},"primaryImageOfPage":{"@id":"https:\/\/kohenavocats.com\/pt-pt\/tribunal-judiciaire-de-nantes-le-2-octobre-2025-n25-00807\/#primaryimage"},"image":{"@id":"https:\/\/kohenavocats.com\/pt-pt\/tribunal-judiciaire-de-nantes-le-2-octobre-2025-n25-00807\/#primaryimage"},"thumbnailUrl":"https:\/\/kohenavocats.com\/wp-content\/uploads\/2024\/11\/laura-adai-cc4Z4TqvPOg-unsplash.webp","datePublished":"2026-04-22T21:59:01+00:00","description":"Le tribunal judiciaire de Nantes, statuant en r\u00e9f\u00e9r\u00e9 le 2 octobre 2025, examine une s\u00e9rie de demandes en extension d\u2019expertise. Suite \u00e0 l\u2019installation d\u2019un \u00e9...","breadcrumb":{"@id":"https:\/\/kohenavocats.com\/pt-pt\/tribunal-judiciaire-de-nantes-le-2-octobre-2025-n25-00807\/#breadcrumb"},"inLanguage":"pt-PT","potentialAction":[{"@type":"ReadAction","target":["https:\/\/kohenavocats.com\/pt-pt\/tribunal-judiciaire-de-nantes-le-2-octobre-2025-n25-00807\/"]}]},{"@type":"ImageObject","inLanguage":"pt-PT","@id":"https:\/\/kohenavocats.com\/pt-pt\/tribunal-judiciaire-de-nantes-le-2-octobre-2025-n25-00807\/#primaryimage","url":"https:\/\/kohenavocats.com\/wp-content\/uploads\/2024\/11\/laura-adai-cc4Z4TqvPOg-unsplash.webp","contentUrl":"https:\/\/kohenavocats.com\/wp-content\/uploads\/2024\/11\/laura-adai-cc4Z4TqvPOg-unsplash.webp","width":7086,"height":4724},{"@type":"BreadcrumbList","@id":"https:\/\/kohenavocats.com\/pt-pt\/tribunal-judiciaire-de-nantes-le-2-octobre-2025-n25-00807\/#breadcrumb","itemListElement":[{"@type":"ListItem","position":1,"name":"Home","item":"https:\/\/kohenavocats.com\/pt-pt\/avocats-en-droit-penal-a-paris-conseil-et-defense-strategique\/"},{"@type":"ListItem","position":2,"name":"Tribunal judiciaire de Nantes, le 2 octobre 2025, n\u00b025\/00807"}]},{"@type":"WebSite","@id":"https:\/\/kohenavocats.com\/pt-pt\/#website","url":"https:\/\/kohenavocats.com\/pt-pt\/","name":"Kohen Avocats","description":"Ma\u00eetre Hassan Kohen, avocat p\u00e9naliste \u00e0 Paris, intervient exclusivement en droit p\u00e9nal pour la d\u00e9fense des particuliers, notamment en mati\u00e8re d\u2019accusations de viol. Il assure un accompagnement rigoureux d\u00e8s la garde \u00e0 vue jusqu\u2019\u00e0 la Cour d\u2019assises, veillant au strict respect des garanties proc\u00e9durales.","publisher":{"@id":"https:\/\/kohenavocats.com\/pt-pt\/#organization"},"potentialAction":[{"@type":"SearchAction","target":{"@type":"EntryPoint","urlTemplate":"https:\/\/kohenavocats.com\/pt-pt\/?s={search_term_string}"},"query-input":{"@type":"PropertyValueSpecification","valueRequired":true,"valueName":"search_term_string"}}],"inLanguage":"pt-PT"},{"@type":"Organization","@id":"https:\/\/kohenavocats.com\/pt-pt\/#organization","name":"Kohen Avocats","url":"https:\/\/kohenavocats.com\/pt-pt\/","logo":{"@type":"ImageObject","inLanguage":"pt-PT","@id":"https:\/\/kohenavocats.com\/pt-pt\/#\/schema\/logo\/image\/","url":"https:\/\/kohenavocats.com\/wp-content\/uploads\/2026\/01\/Logo-2-1.webp","contentUrl":"https:\/\/kohenavocats.com\/wp-content\/uploads\/2026\/01\/Logo-2-1.webp","width":2114,"height":1253,"caption":"Kohen Avocats"},"image":{"@id":"https:\/\/kohenavocats.com\/pt-pt\/#\/schema\/logo\/image\/"}},{"@type":"Person","@id":"https:\/\/kohenavocats.com\/pt-pt\/#\/schema\/person\/761c9ba54fa1ca84d405cef0831ff751","name":"Kohen","image":{"@type":"ImageObject","inLanguage":"pt-PT","@id":"https:\/\/secure.gravatar.com\/avatar\/1c5e76ef76bbbfdd2b4da984e2bf2fa4056fd51a27d25ce2c332047f1dfd6e00?s=96&d=identicon&r=g","url":"https:\/\/secure.gravatar.com\/avatar\/1c5e76ef76bbbfdd2b4da984e2bf2fa4056fd51a27d25ce2c332047f1dfd6e00?s=96&d=identicon&r=g","contentUrl":"https:\/\/secure.gravatar.com\/avatar\/1c5e76ef76bbbfdd2b4da984e2bf2fa4056fd51a27d25ce2c332047f1dfd6e00?s=96&d=identicon&r=g","caption":"Kohen"},"sameAs":["https:\/\/www.linkedin.com\/in\/hassan-kohen-448548192\/","https:\/\/www.youtube.com\/@Kohen-Avocats"],"url":"https:\/\/kohenavocats.com\/pt-pt\/author\/kohenmlk\/"}]}},"jetpack_featured_media_url":"https:\/\/kohenavocats.com\/wp-content\/uploads\/2024\/11\/laura-adai-cc4Z4TqvPOg-unsplash.webp","jetpack_likes_enabled":false,"jetpack_shortlink":"https:\/\/wp.me\/peCrII-2JT3","jetpack-related-posts":[{"id":484597,"url":"https:\/\/kohenavocats.com\/pt-pt\/tribunal-judiciaire-de-nantes-le-25-octobre-2025-n25-01178\/","url_meta":{"origin":653049,"position":0},"title":"Tribunal judiciaire de Nantes, le 25 octobre 2025, n\u00b025\/01178","author":"Kohen","date":"8 de Abril, 2026","format":false,"excerpt":"Le tribunal judiciaire de Nantes, statuant en r\u00e9f\u00e9r\u00e9 le 25 octobre 2025, se prononce sur une demande d'extension d'une mission d'expertise. Une commune ayant...","rel":"","context":"In &quot;Jurisprudence&quot;","block_context":{"text":"Jurisprudence","link":"https:\/\/kohenavocats.com\/category\/jurisprudence\/"},"img":{"alt_text":"","src":"https:\/\/i0.wp.com\/kohenavocats.com\/wp-content\/uploads\/2024\/07\/beatriz-perez-moya-XN4T2PVUUgk-unsplash.webp?resize=350%2C200&ssl=1","width":350,"height":200,"srcset":"https:\/\/i0.wp.com\/kohenavocats.com\/wp-content\/uploads\/2024\/07\/beatriz-perez-moya-XN4T2PVUUgk-unsplash.webp?resize=350%2C200&ssl=1 1x, https:\/\/i0.wp.com\/kohenavocats.com\/wp-content\/uploads\/2024\/07\/beatriz-perez-moya-XN4T2PVUUgk-unsplash.webp?resize=525%2C300&ssl=1 1.5x, https:\/\/i0.wp.com\/kohenavocats.com\/wp-content\/uploads\/2024\/07\/beatriz-perez-moya-XN4T2PVUUgk-unsplash.webp?resize=700%2C400&ssl=1 2x, https:\/\/i0.wp.com\/kohenavocats.com\/wp-content\/uploads\/2024\/07\/beatriz-perez-moya-XN4T2PVUUgk-unsplash.webp?resize=1050%2C600&ssl=1 3x, https:\/\/i0.wp.com\/kohenavocats.com\/wp-content\/uploads\/2024\/07\/beatriz-perez-moya-XN4T2PVUUgk-unsplash.webp?resize=1400%2C800&ssl=1 4x"},"classes":[]},{"id":651864,"url":"https:\/\/kohenavocats.com\/pt-pt\/tribunal-judiciaire-de-nantes-le-2-octobre-2025-n25-00752\/","url_meta":{"origin":653049,"position":1},"title":"Tribunal judiciaire de Nantes, le 2 octobre 2025, n\u00b025\/00752","author":"Kohen","date":"22 de Abril, 2026","format":false,"excerpt":"Le tribunal judiciaire de Nantes, statuant en r\u00e9f\u00e9r\u00e9 le 2 octobre 2025, se prononce sur une demande d'extension d'expertise. Suite \u00e0 des d\u00e9sordres sur un pro...","rel":"","context":"In &quot;Jurisprudence&quot;","block_context":{"text":"Jurisprudence","link":"https:\/\/kohenavocats.com\/category\/jurisprudence\/"},"img":{"alt_text":"","src":"https:\/\/i0.wp.com\/kohenavocats.com\/wp-content\/uploads\/2024\/11\/virginia-marinova-3UfkjHxVch0-unsplash.webp?resize=350%2C200&ssl=1","width":350,"height":200,"srcset":"https:\/\/i0.wp.com\/kohenavocats.com\/wp-content\/uploads\/2024\/11\/virginia-marinova-3UfkjHxVch0-unsplash.webp?resize=350%2C200&ssl=1 1x, https:\/\/i0.wp.com\/kohenavocats.com\/wp-content\/uploads\/2024\/11\/virginia-marinova-3UfkjHxVch0-unsplash.webp?resize=525%2C300&ssl=1 1.5x, https:\/\/i0.wp.com\/kohenavocats.com\/wp-content\/uploads\/2024\/11\/virginia-marinova-3UfkjHxVch0-unsplash.webp?resize=700%2C400&ssl=1 2x, https:\/\/i0.wp.com\/kohenavocats.com\/wp-content\/uploads\/2024\/11\/virginia-marinova-3UfkjHxVch0-unsplash.webp?resize=1050%2C600&ssl=1 3x, https:\/\/i0.wp.com\/kohenavocats.com\/wp-content\/uploads\/2024\/11\/virginia-marinova-3UfkjHxVch0-unsplash.webp?resize=1400%2C800&ssl=1 4x"},"classes":[]},{"id":651701,"url":"https:\/\/kohenavocats.com\/pt-pt\/tribunal-judiciaire-de-nantes-le-2-octobre-2025-n25-00784\/","url_meta":{"origin":653049,"position":2},"title":"Tribunal judiciaire de Nantes, le 2 octobre 2025, n\u00b025\/00784","author":"Kohen","date":"22 de Abril, 2026","format":false,"excerpt":"Le tribunal judiciaire de Nantes, statuant en r\u00e9f\u00e9r\u00e9 le 2 octobre 2025, se prononce sur une demande d'extension d'une expertise. Suite \u00e0 des d\u00e9sordres sur un...","rel":"","context":"In &quot;Jurisprudence&quot;","block_context":{"text":"Jurisprudence","link":"https:\/\/kohenavocats.com\/category\/jurisprudence\/"},"img":{"alt_text":"","src":"https:\/\/i0.wp.com\/kohenavocats.com\/wp-content\/uploads\/2024\/11\/getty-images-3YlszAwDqLI-unsplash.webp?resize=350%2C200&ssl=1","width":350,"height":200,"srcset":"https:\/\/i0.wp.com\/kohenavocats.com\/wp-content\/uploads\/2024\/11\/getty-images-3YlszAwDqLI-unsplash.webp?resize=350%2C200&ssl=1 1x, https:\/\/i0.wp.com\/kohenavocats.com\/wp-content\/uploads\/2024\/11\/getty-images-3YlszAwDqLI-unsplash.webp?resize=525%2C300&ssl=1 1.5x, https:\/\/i0.wp.com\/kohenavocats.com\/wp-content\/uploads\/2024\/11\/getty-images-3YlszAwDqLI-unsplash.webp?resize=700%2C400&ssl=1 2x, https:\/\/i0.wp.com\/kohenavocats.com\/wp-content\/uploads\/2024\/11\/getty-images-3YlszAwDqLI-unsplash.webp?resize=1050%2C600&ssl=1 3x, https:\/\/i0.wp.com\/kohenavocats.com\/wp-content\/uploads\/2024\/11\/getty-images-3YlszAwDqLI-unsplash.webp?resize=1400%2C800&ssl=1 4x"},"classes":[]},{"id":652275,"url":"https:\/\/kohenavocats.com\/pt-pt\/tribunal-judiciaire-de-bourgoin-jallieu-le-2-octobre-2025-n25-00114\/","url_meta":{"origin":653049,"position":3},"title":"Tribunal judiciaire de Bourgoin-Jallieu, le 2 octobre 2025, n\u00b025\/00114","author":"Kohen","date":"22 de Abril, 2026","format":false,"excerpt":"Le tribunal judiciaire de Bourgoin-Jallieu, statuant en r\u00e9f\u00e9r\u00e9 le 2 octobre 2025, se prononce sur une demande d'extension de mission d'expertise et sur des a...","rel":"","context":"In &quot;Jurisprudence&quot;","block_context":{"text":"Jurisprudence","link":"https:\/\/kohenavocats.com\/category\/jurisprudence\/"},"img":{"alt_text":"","src":"https:\/\/i0.wp.com\/kohenavocats.com\/wp-content\/uploads\/2024\/08\/lisa-IfngoxB5ORA-unsplash-1.webp?resize=350%2C200&ssl=1","width":350,"height":200,"srcset":"https:\/\/i0.wp.com\/kohenavocats.com\/wp-content\/uploads\/2024\/08\/lisa-IfngoxB5ORA-unsplash-1.webp?resize=350%2C200&ssl=1 1x, https:\/\/i0.wp.com\/kohenavocats.com\/wp-content\/uploads\/2024\/08\/lisa-IfngoxB5ORA-unsplash-1.webp?resize=525%2C300&ssl=1 1.5x, https:\/\/i0.wp.com\/kohenavocats.com\/wp-content\/uploads\/2024\/08\/lisa-IfngoxB5ORA-unsplash-1.webp?resize=700%2C400&ssl=1 2x, https:\/\/i0.wp.com\/kohenavocats.com\/wp-content\/uploads\/2024\/08\/lisa-IfngoxB5ORA-unsplash-1.webp?resize=1050%2C600&ssl=1 3x, https:\/\/i0.wp.com\/kohenavocats.com\/wp-content\/uploads\/2024\/08\/lisa-IfngoxB5ORA-unsplash-1.webp?resize=1400%2C800&ssl=1 4x"},"classes":[]},{"id":624529,"url":"https:\/\/kohenavocats.com\/pt-pt\/tribunal-judiciaire-de-nantes-le-16-octobre-2025-n25-01018\/","url_meta":{"origin":653049,"position":4},"title":"Tribunal judiciaire de Nantes, le 16 octobre 2025, n\u00b025\/01018","author":"Kohen","date":"20 de Abril, 2026","format":false,"excerpt":"Le tribunal judiciaire de Nantes, statuant en r\u00e9f\u00e9r\u00e9 le 16 octobre 2025, a examin\u00e9 une demande d\u2019extension d\u2019une mission d\u2019expertise. L\u2019association ma\u00eetre d\u2019...","rel":"","context":"In &quot;Jurisprudence&quot;","block_context":{"text":"Jurisprudence","link":"https:\/\/kohenavocats.com\/category\/jurisprudence\/"},"img":{"alt_text":"","src":"https:\/\/i0.wp.com\/kohenavocats.com\/wp-content\/uploads\/2024\/08\/drown_-in_city-Ir1VMSMY3i4-unsplash.webp?resize=350%2C200&ssl=1","width":350,"height":200,"srcset":"https:\/\/i0.wp.com\/kohenavocats.com\/wp-content\/uploads\/2024\/08\/drown_-in_city-Ir1VMSMY3i4-unsplash.webp?resize=350%2C200&ssl=1 1x, https:\/\/i0.wp.com\/kohenavocats.com\/wp-content\/uploads\/2024\/08\/drown_-in_city-Ir1VMSMY3i4-unsplash.webp?resize=525%2C300&ssl=1 1.5x, https:\/\/i0.wp.com\/kohenavocats.com\/wp-content\/uploads\/2024\/08\/drown_-in_city-Ir1VMSMY3i4-unsplash.webp?resize=700%2C400&ssl=1 2x, https:\/\/i0.wp.com\/kohenavocats.com\/wp-content\/uploads\/2024\/08\/drown_-in_city-Ir1VMSMY3i4-unsplash.webp?resize=1050%2C600&ssl=1 3x, https:\/\/i0.wp.com\/kohenavocats.com\/wp-content\/uploads\/2024\/08\/drown_-in_city-Ir1VMSMY3i4-unsplash.webp?resize=1400%2C800&ssl=1 4x"},"classes":[]},{"id":625960,"url":"https:\/\/kohenavocats.com\/pt-pt\/tribunal-judiciaire-de-nantes-le-16-octobre-2025-n25-00994\/","url_meta":{"origin":653049,"position":5},"title":"Tribunal judiciaire de Nantes, le 16 octobre 2025, n\u00b025\/00994","author":"Kohen","date":"20 de Abril, 2026","format":false,"excerpt":"Le tribunal judiciaire de Nantes, statuant en r\u00e9f\u00e9r\u00e9 le 16 octobre 2025, se prononce sur une demande d'extension d'une mesure d'instruction. Une soci\u00e9t\u00e9 prop...","rel":"","context":"In &quot;Jurisprudence&quot;","block_context":{"text":"Jurisprudence","link":"https:\/\/kohenavocats.com\/category\/jurisprudence\/"},"img":{"alt_text":"","src":"https:\/\/i0.wp.com\/kohenavocats.com\/wp-content\/uploads\/2024\/08\/cristina-gottardi-GeKoZualPmA-unsplash.webp?resize=350%2C200&ssl=1","width":350,"height":200,"srcset":"https:\/\/i0.wp.com\/kohenavocats.com\/wp-content\/uploads\/2024\/08\/cristina-gottardi-GeKoZualPmA-unsplash.webp?resize=350%2C200&ssl=1 1x, https:\/\/i0.wp.com\/kohenavocats.com\/wp-content\/uploads\/2024\/08\/cristina-gottardi-GeKoZualPmA-unsplash.webp?resize=525%2C300&ssl=1 1.5x, https:\/\/i0.wp.com\/kohenavocats.com\/wp-content\/uploads\/2024\/08\/cristina-gottardi-GeKoZualPmA-unsplash.webp?resize=700%2C400&ssl=1 2x, https:\/\/i0.wp.com\/kohenavocats.com\/wp-content\/uploads\/2024\/08\/cristina-gottardi-GeKoZualPmA-unsplash.webp?resize=1050%2C600&ssl=1 3x, https:\/\/i0.wp.com\/kohenavocats.com\/wp-content\/uploads\/2024\/08\/cristina-gottardi-GeKoZualPmA-unsplash.webp?resize=1400%2C800&ssl=1 4x"},"classes":[]}],"jetpack_sharing_enabled":true,"_links":{"self":[{"href":"https:\/\/kohenavocats.com\/pt-pt\/wp-json\/wp\/v2\/posts\/653049","targetHints":{"allow":["GET"]}}],"collection":[{"href":"https:\/\/kohenavocats.com\/pt-pt\/wp-json\/wp\/v2\/posts"}],"about":[{"href":"https:\/\/kohenavocats.com\/pt-pt\/wp-json\/wp\/v2\/types\/post"}],"author":[{"embeddable":true,"href":"https:\/\/kohenavocats.com\/pt-pt\/wp-json\/wp\/v2\/users\/232070755"}],"replies":[{"embeddable":true,"href":"https:\/\/kohenavocats.com\/pt-pt\/wp-json\/wp\/v2\/comments?post=653049"}],"version-history":[{"count":0,"href":"https:\/\/kohenavocats.com\/pt-pt\/wp-json\/wp\/v2\/posts\/653049\/revisions"}],"wp:featuredmedia":[{"embeddable":true,"href":"https:\/\/kohenavocats.com\/pt-pt\/wp-json\/wp\/v2\/media\/9425"}],"wp:attachment":[{"href":"https:\/\/kohenavocats.com\/pt-pt\/wp-json\/wp\/v2\/media?parent=653049"}],"wp:term":[{"taxonomy":"category","embeddable":true,"href":"https:\/\/kohenavocats.com\/pt-pt\/wp-json\/wp\/v2\/categories?post=653049"},{"taxonomy":"post_tag","embeddable":true,"href":"https:\/\/kohenavocats.com\/pt-pt\/wp-json\/wp\/v2\/tags?post=653049"}],"curies":[{"name":"wp","href":"https:\/\/api.w.org\/{rel}","templated":true}]}}