{"id":655444,"date":"2026-04-23T05:26:28","date_gmt":"2026-04-23T03:26:28","guid":{"rendered":"https:\/\/kohenavocats.com\/tribunal-judiciaire-de-lyon-le-30-septembre-2025-n25-00304\/"},"modified":"2026-04-23T05:26:28","modified_gmt":"2026-04-23T03:26:28","slug":"tribunal-judiciaire-de-lyon-le-30-septembre-2025-n25-00304","status":"publish","type":"post","link":"https:\/\/kohenavocats.com\/pt-pt\/tribunal-judiciaire-de-lyon-le-30-septembre-2025-n25-00304\/","title":{"rendered":"Tribunal judiciaire de Lyon, le 30 septembre 2025, n\u00b025\/00304"},"content":{"rendered":"<div class=\"article-content\">\n<p>Le tribunal judiciaire de Lyon, statuant en r\u00e9f\u00e9r\u00e9 le 30 septembre 2025, a examin\u00e9 une demande en intervention volontaire et une requ\u00eate fond\u00e9e sur l\u2019article 145 du code de proc\u00e9dure civile. L\u2019affaire concernait une expertise d\u00e9j\u00e0 engag\u00e9e dans un litige relatif \u00e0 des d\u00e9sordres. Le juge a admis l\u2019intervention de l\u2019assureur d\u2019une soci\u00e9t\u00e9 potentiellement impliqu\u00e9e. Il a \u00e9galement \u00e9tendu l\u2019expertise \u00e0 cet assureur pour pr\u00e9server la preuve des faits litigieux avant un \u00e9ventuel proc\u00e8s.<\/p>\n<p>L\u2019admission de l\u2019intervention volontaire d\u2019un assureur<\/p>\n<p>Le r\u00e9gime proc\u00e9dural de l\u2019intervention volontaire est strictement d\u00e9fini. Le juge rappelle que &#8220;Constitue une intervention la demande dont l&#8217;objet est de rendre un tiers partie au proc\u00e8s engag\u00e9 entre les parties originaires. Lorsque la demande \u00e9mane du tiers, l&#8217;intervention est volontaire&#8221; (Motifs I). Cette application litt\u00e9rale de l\u2019article 66 du code de proc\u00e9dure civile permet d\u2019int\u00e9grer un tiers ayant un int\u00e9r\u00eat direct au litige. En l\u2019esp\u00e8ce, la demande \u00e9manait de la compagnie d\u2019assurance de l\u2019une des soci\u00e9t\u00e9s concern\u00e9es par les d\u00e9sordres. La jurisprudence locale confirme cette approche pour les assureurs, comme l\u2019illustre une d\u00e9cision ant\u00e9rieure qui a admis une intervention similaire. &#8220;Par cons\u00e9quent, il conviendra de recevoir la soci\u00e9t\u00e9 ERGO VERSICHERUNG AKTIENGESELLSCHAFT, en qualit\u00e9 d&#8217;assureur de Monsieur [K] [P], en son intervention volontaire \u00e0 l&#8217;instance&#8221; (Tribunal judiciaire de Lyon, le 24 f\u00e9vrier 2026, n\u00b025\/01231). Cette solution assure l\u2019\u00e9galit\u00e9 des armes et la loyaut\u00e9 du d\u00e9bat contradictoire. L\u2019assureur devient ainsi une partie \u00e0 part enti\u00e8re, li\u00e9e par les d\u00e9cisions rendues dans l\u2019instance.<\/p>\n<p>L\u2019extension de l\u2019expertise pr\u00e9ventive \u00e0 un tiers intervenant<\/p>\n<p>L\u2019article 145 du code de proc\u00e9dure civile permet des mesures d\u2019instruction avant tout proc\u00e8s. Le juge doit v\u00e9rifier l\u2019existence d\u2019un &#8220;motif l\u00e9gitime&#8221; de conserver une preuve. La d\u00e9cision reconna\u00eet ce motif dans &#8220;l&#8217;implication \u00e9ventuelle&#8221; de la soci\u00e9t\u00e9 assur\u00e9e dans les d\u00e9sordres expertis\u00e9s. L\u2019objectif est d\u2019\u00e9tablir la preuve &#8220;\u00e0 leur contradictoire&#8221; des faits concernant ces d\u00e9sordres (Motifs II). Cette analyse \u00e9tend le b\u00e9n\u00e9fice de l\u2019expertise pr\u00e9ventive \u00e0 un intervenant volontaire r\u00e9cemment admis. Elle permet une \u00e9conomie proc\u00e9durale en \u00e9vitant une future expertise distincte. La solution garantit aussi la s\u00e9curit\u00e9 juridique des autres parties, qui pourront appr\u00e9cier l\u2019opportunit\u00e9 d\u2019un proc\u00e8s. Le juge organise les modalit\u00e9s pratiques de cette extension, imposant la communication des pi\u00e8ces et la convocation aux op\u00e9rations futures. Il conditionne toutefois l\u2019effectivit\u00e9 de l\u2019extension au versement d\u2019une provision pour l\u2019expert, sous peine de caducit\u00e9.<\/p>\n<p>La gestion proc\u00e9durale et financi\u00e8re des instances pr\u00e9paratoires<\/p>\n<p>La d\u00e9cision comporte des dispositions importantes sur les frais de l\u2019instance. Elle rappelle une jurisprudence constante de la Cour de cassation. Le d\u00e9fendeur \u00e0 une demande d\u2019expertise sur le fondement de l\u2019article 145 ne peut \u00eatre qualifi\u00e9 de perdant. Par cons\u00e9quent, la soci\u00e9t\u00e9 assur\u00e9e est &#8220;provisoirement condamn\u00e9e aux entiers d\u00e9pens&#8221; (Motifs III). Cette condamnation provisoire est une gestion prudente des frais par le juge des r\u00e9f\u00e9r\u00e9s. Elle laisse au juge du fond le soin de statuer d\u00e9finitivement sur leur allocation. La d\u00e9cision est aussi d\u00e9clar\u00e9e ex\u00e9cutoire \u00e0 titre provisoire de droit, conform\u00e9ment \u00e0 l\u2019article 514 du code de proc\u00e9dure civile. Ces mesures assurent l\u2019efficacit\u00e9 de la mesure d\u2019instruction sans pr\u00e9juger du fond du litige. Elles pr\u00e9servent les droits de toutes les parties tout en permettant la marche rapide de l\u2019expertise.<\/p>\n<\/div>\n","protected":false},"excerpt":{"rendered":"<p>Le tribunal judiciaire de Lyon, statuant en r\u00e9f\u00e9r\u00e9 le 30 septembre 2025, a examin\u00e9 une demande en intervention volontaire et une requ\u00eate fond\u00e9e sur l\u2019article&#8230;<\/p>\n","protected":false},"author":232070755,"featured_media":9453,"comment_status":"open","ping_status":"open","sticky":false,"template":"","format":"standard","meta":{"_crdt_document":"","_jetpack_newsletter_access":"","_jetpack_dont_email_post_to_subs":false,"_jetpack_newsletter_tier_id":0,"_jetpack_memberships_contains_paywalled_content":false,"_kj_source_type":"","_kj_official_id":"","_kj_official_url":"","_kj_judilibre_id":"","_kj_jur":"","_kj_lieu":"","_kj_chambre":"","_kj_rg":"","_kj_date":"","_jetpack_memberships_contains_paid_content":false,"footnotes":"","jetpack_post_was_ever_published":false},"categories":[7597],"tags":[],"class_list":["post-655444","post","type-post","status-publish","format-standard","has-post-thumbnail","hentry","category-jurisprudence"],"yoast_head":"<!-- This site is optimized with the Yoast SEO Premium plugin v27.5 (Yoast SEO v27.5) - https:\/\/yoast.com\/product\/yoast-seo-premium-wordpress\/ -->\n<title>Tribunal judiciaire de Lyon, le 30 septembre 2025, n\u00b025\/00304 - Ma\u00eetre Hassan Kohen, avocat en droit p\u00e9nal \u00e0 Paris<\/title>\n<meta name=\"description\" content=\"Le tribunal judiciaire de Lyon, statuant en r\u00e9f\u00e9r\u00e9 le 30 septembre 2025, a examin\u00e9 une demande en intervention volontaire et une requ\u00eate fond\u00e9e sur l\u2019article...\" \/>\n<meta name=\"robots\" content=\"index, follow, max-snippet:-1, max-image-preview:large, max-video-preview:-1\" \/>\n<link rel=\"canonical\" href=\"https:\/\/kohenavocats.com\/pt-pt\/tribunal-judiciaire-de-lyon-le-30-septembre-2025-n25-00304\/\" \/>\n<meta property=\"og:locale\" content=\"pt_PT\" \/>\n<meta property=\"og:type\" content=\"article\" \/>\n<meta property=\"og:title\" content=\"Tribunal judiciaire de Lyon, le 30 septembre 2025, n\u00b025\/00304\" \/>\n<meta property=\"og:description\" content=\"Le tribunal judiciaire de Lyon, statuant en r\u00e9f\u00e9r\u00e9 le 30 septembre 2025, a examin\u00e9 une demande en intervention volontaire et une requ\u00eate fond\u00e9e sur l\u2019article...\" \/>\n<meta property=\"og:url\" content=\"https:\/\/kohenavocats.com\/pt-pt\/tribunal-judiciaire-de-lyon-le-30-septembre-2025-n25-00304\/\" \/>\n<meta property=\"og:site_name\" content=\"Ma\u00eetre Hassan Kohen, avocat en droit p\u00e9nal \u00e0 Paris\" \/>\n<meta property=\"article:published_time\" content=\"2026-04-23T03:26:28+00:00\" \/>\n<meta property=\"og:image\" content=\"https:\/\/kohenavocats.com\/wp-content\/uploads\/2024\/11\/pawel-czerwinski-plv4_0R9-dc-unsplash.webp\" \/>\n\t<meta property=\"og:image:width\" content=\"7500\" \/>\n\t<meta property=\"og:image:height\" content=\"5000\" \/>\n\t<meta property=\"og:image:type\" content=\"image\/webp\" \/>\n<meta name=\"author\" content=\"Kohen\" \/>\n<meta name=\"twitter:card\" content=\"summary_large_image\" \/>\n<meta name=\"twitter:label1\" content=\"Escrito por\" \/>\n\t<meta name=\"twitter:data1\" content=\"Kohen\" \/>\n\t<meta name=\"twitter:label2\" content=\"Tempo estimado de leitura\" \/>\n\t<meta name=\"twitter:data2\" content=\"3 minutos\" \/>\n<script type=\"application\/ld+json\" class=\"yoast-schema-graph\">{\"@context\":\"https:\\\/\\\/schema.org\",\"@graph\":[{\"@type\":\"Article\",\"@id\":\"https:\\\/\\\/kohenavocats.com\\\/pt-pt\\\/tribunal-judiciaire-de-lyon-le-30-septembre-2025-n25-00304\\\/#article\",\"isPartOf\":{\"@id\":\"https:\\\/\\\/kohenavocats.com\\\/pt-pt\\\/tribunal-judiciaire-de-lyon-le-30-septembre-2025-n25-00304\\\/\"},\"author\":{\"name\":\"Kohen\",\"@id\":\"https:\\\/\\\/kohenavocats.com\\\/pt-pt\\\/#\\\/schema\\\/person\\\/761c9ba54fa1ca84d405cef0831ff751\"},\"headline\":\"Tribunal judiciaire de Lyon, le 30 septembre 2025, n\u00b025\\\/00304\",\"datePublished\":\"2026-04-23T03:26:28+00:00\",\"mainEntityOfPage\":{\"@id\":\"https:\\\/\\\/kohenavocats.com\\\/pt-pt\\\/tribunal-judiciaire-de-lyon-le-30-septembre-2025-n25-00304\\\/\"},\"wordCount\":636,\"commentCount\":0,\"publisher\":{\"@id\":\"https:\\\/\\\/kohenavocats.com\\\/pt-pt\\\/#organization\"},\"image\":{\"@id\":\"https:\\\/\\\/kohenavocats.com\\\/pt-pt\\\/tribunal-judiciaire-de-lyon-le-30-septembre-2025-n25-00304\\\/#primaryimage\"},\"thumbnailUrl\":\"https:\\\/\\\/kohenavocats.com\\\/wp-content\\\/uploads\\\/2024\\\/11\\\/pawel-czerwinski-plv4_0R9-dc-unsplash.webp\",\"articleSection\":[\"Jurisprudence\"],\"inLanguage\":\"pt-PT\",\"potentialAction\":[{\"@type\":\"CommentAction\",\"name\":\"Comment\",\"target\":[\"https:\\\/\\\/kohenavocats.com\\\/pt-pt\\\/tribunal-judiciaire-de-lyon-le-30-septembre-2025-n25-00304\\\/#respond\"]}],\"citation\":\"Tribunal judiciaire de Lyon, le 30 septembre 2025, n\u00b025\\\/00304\",\"about\":[{\"@type\":\"Thing\",\"name\":\"Jurisprudence\"}],\"dateModified\":\"2026-04-23T03:26:28+00:00\",\"speakable\":{\"@type\":\"SpeakableSpecification\",\"cssSelector\":[\".article-content > p:first-of-type\"]}},{\"@type\":\"WebPage\",\"@id\":\"https:\\\/\\\/kohenavocats.com\\\/pt-pt\\\/tribunal-judiciaire-de-lyon-le-30-septembre-2025-n25-00304\\\/\",\"url\":\"https:\\\/\\\/kohenavocats.com\\\/pt-pt\\\/tribunal-judiciaire-de-lyon-le-30-septembre-2025-n25-00304\\\/\",\"name\":\"Tribunal judiciaire de Lyon, le 30 septembre 2025, n\u00b025\\\/00304 - Ma\u00eetre Hassan Kohen, avocat en droit p\u00e9nal \u00e0 Paris\",\"isPartOf\":{\"@id\":\"https:\\\/\\\/kohenavocats.com\\\/pt-pt\\\/#website\"},\"primaryImageOfPage\":{\"@id\":\"https:\\\/\\\/kohenavocats.com\\\/pt-pt\\\/tribunal-judiciaire-de-lyon-le-30-septembre-2025-n25-00304\\\/#primaryimage\"},\"image\":{\"@id\":\"https:\\\/\\\/kohenavocats.com\\\/pt-pt\\\/tribunal-judiciaire-de-lyon-le-30-septembre-2025-n25-00304\\\/#primaryimage\"},\"thumbnailUrl\":\"https:\\\/\\\/kohenavocats.com\\\/wp-content\\\/uploads\\\/2024\\\/11\\\/pawel-czerwinski-plv4_0R9-dc-unsplash.webp\",\"datePublished\":\"2026-04-23T03:26:28+00:00\",\"description\":\"Le tribunal judiciaire de Lyon, statuant en r\u00e9f\u00e9r\u00e9 le 30 septembre 2025, a examin\u00e9 une demande en intervention volontaire et une requ\u00eate fond\u00e9e sur l\u2019article...\",\"breadcrumb\":{\"@id\":\"https:\\\/\\\/kohenavocats.com\\\/pt-pt\\\/tribunal-judiciaire-de-lyon-le-30-septembre-2025-n25-00304\\\/#breadcrumb\"},\"inLanguage\":\"pt-PT\",\"potentialAction\":[{\"@type\":\"ReadAction\",\"target\":[\"https:\\\/\\\/kohenavocats.com\\\/pt-pt\\\/tribunal-judiciaire-de-lyon-le-30-septembre-2025-n25-00304\\\/\"]}]},{\"@type\":\"ImageObject\",\"inLanguage\":\"pt-PT\",\"@id\":\"https:\\\/\\\/kohenavocats.com\\\/pt-pt\\\/tribunal-judiciaire-de-lyon-le-30-septembre-2025-n25-00304\\\/#primaryimage\",\"url\":\"https:\\\/\\\/kohenavocats.com\\\/wp-content\\\/uploads\\\/2024\\\/11\\\/pawel-czerwinski-plv4_0R9-dc-unsplash.webp\",\"contentUrl\":\"https:\\\/\\\/kohenavocats.com\\\/wp-content\\\/uploads\\\/2024\\\/11\\\/pawel-czerwinski-plv4_0R9-dc-unsplash.webp\",\"width\":7500,\"height\":5000},{\"@type\":\"BreadcrumbList\",\"@id\":\"https:\\\/\\\/kohenavocats.com\\\/pt-pt\\\/tribunal-judiciaire-de-lyon-le-30-septembre-2025-n25-00304\\\/#breadcrumb\",\"itemListElement\":[{\"@type\":\"ListItem\",\"position\":1,\"name\":\"Home\",\"item\":\"https:\\\/\\\/kohenavocats.com\\\/pt-pt\\\/avocats-en-droit-penal-a-paris-conseil-et-defense-strategique\\\/\"},{\"@type\":\"ListItem\",\"position\":2,\"name\":\"Tribunal judiciaire de Lyon, le 30 septembre 2025, n\u00b025\\\/00304\"}]},{\"@type\":\"WebSite\",\"@id\":\"https:\\\/\\\/kohenavocats.com\\\/pt-pt\\\/#website\",\"url\":\"https:\\\/\\\/kohenavocats.com\\\/pt-pt\\\/\",\"name\":\"Kohen Avocats\",\"description\":\"Ma\u00eetre Hassan Kohen, avocat p\u00e9naliste \u00e0 Paris, intervient exclusivement en droit p\u00e9nal pour la d\u00e9fense des particuliers, notamment en mati\u00e8re d\u2019accusations de viol. Il assure un accompagnement rigoureux d\u00e8s la garde \u00e0 vue jusqu\u2019\u00e0 la Cour d\u2019assises, veillant au strict respect des garanties proc\u00e9durales.\",\"publisher\":{\"@id\":\"https:\\\/\\\/kohenavocats.com\\\/pt-pt\\\/#organization\"},\"potentialAction\":[{\"@type\":\"SearchAction\",\"target\":{\"@type\":\"EntryPoint\",\"urlTemplate\":\"https:\\\/\\\/kohenavocats.com\\\/pt-pt\\\/?s={search_term_string}\"},\"query-input\":{\"@type\":\"PropertyValueSpecification\",\"valueRequired\":true,\"valueName\":\"search_term_string\"}}],\"inLanguage\":\"pt-PT\"},{\"@type\":\"Organization\",\"@id\":\"https:\\\/\\\/kohenavocats.com\\\/pt-pt\\\/#organization\",\"name\":\"Kohen Avocats\",\"url\":\"https:\\\/\\\/kohenavocats.com\\\/pt-pt\\\/\",\"logo\":{\"@type\":\"ImageObject\",\"inLanguage\":\"pt-PT\",\"@id\":\"https:\\\/\\\/kohenavocats.com\\\/pt-pt\\\/#\\\/schema\\\/logo\\\/image\\\/\",\"url\":\"https:\\\/\\\/kohenavocats.com\\\/wp-content\\\/uploads\\\/2026\\\/01\\\/Logo-2-1.webp\",\"contentUrl\":\"https:\\\/\\\/kohenavocats.com\\\/wp-content\\\/uploads\\\/2026\\\/01\\\/Logo-2-1.webp\",\"width\":2114,\"height\":1253,\"caption\":\"Kohen Avocats\"},\"image\":{\"@id\":\"https:\\\/\\\/kohenavocats.com\\\/pt-pt\\\/#\\\/schema\\\/logo\\\/image\\\/\"}},{\"@type\":\"Person\",\"@id\":\"https:\\\/\\\/kohenavocats.com\\\/pt-pt\\\/#\\\/schema\\\/person\\\/761c9ba54fa1ca84d405cef0831ff751\",\"name\":\"Kohen\",\"image\":{\"@type\":\"ImageObject\",\"inLanguage\":\"pt-PT\",\"@id\":\"https:\\\/\\\/secure.gravatar.com\\\/avatar\\\/1c5e76ef76bbbfdd2b4da984e2bf2fa4056fd51a27d25ce2c332047f1dfd6e00?s=96&d=identicon&r=g\",\"url\":\"https:\\\/\\\/secure.gravatar.com\\\/avatar\\\/1c5e76ef76bbbfdd2b4da984e2bf2fa4056fd51a27d25ce2c332047f1dfd6e00?s=96&d=identicon&r=g\",\"contentUrl\":\"https:\\\/\\\/secure.gravatar.com\\\/avatar\\\/1c5e76ef76bbbfdd2b4da984e2bf2fa4056fd51a27d25ce2c332047f1dfd6e00?s=96&d=identicon&r=g\",\"caption\":\"Kohen\"},\"sameAs\":[\"https:\\\/\\\/www.linkedin.com\\\/in\\\/hassan-kohen-448548192\\\/\",\"https:\\\/\\\/www.youtube.com\\\/@Kohen-Avocats\"],\"url\":\"https:\\\/\\\/kohenavocats.com\\\/pt-pt\\\/author\\\/kohenmlk\\\/\"}]}<\/script>\n<!-- \/ Yoast SEO Premium plugin. -->","yoast_head_json":{"title":"Tribunal judiciaire de Lyon, le 30 septembre 2025, n\u00b025\/00304 - Ma\u00eetre Hassan Kohen, avocat en droit p\u00e9nal \u00e0 Paris","description":"Le tribunal judiciaire de Lyon, statuant en r\u00e9f\u00e9r\u00e9 le 30 septembre 2025, a examin\u00e9 une demande en intervention volontaire et une requ\u00eate fond\u00e9e sur l\u2019article...","robots":{"index":"index","follow":"follow","max-snippet":"max-snippet:-1","max-image-preview":"max-image-preview:large","max-video-preview":"max-video-preview:-1"},"canonical":"https:\/\/kohenavocats.com\/pt-pt\/tribunal-judiciaire-de-lyon-le-30-septembre-2025-n25-00304\/","og_locale":"pt_PT","og_type":"article","og_title":"Tribunal judiciaire de Lyon, le 30 septembre 2025, n\u00b025\/00304","og_description":"Le tribunal judiciaire de Lyon, statuant en r\u00e9f\u00e9r\u00e9 le 30 septembre 2025, a examin\u00e9 une demande en intervention volontaire et une requ\u00eate fond\u00e9e sur l\u2019article...","og_url":"https:\/\/kohenavocats.com\/pt-pt\/tribunal-judiciaire-de-lyon-le-30-septembre-2025-n25-00304\/","og_site_name":"Ma\u00eetre Hassan Kohen, avocat en droit p\u00e9nal \u00e0 Paris","article_published_time":"2026-04-23T03:26:28+00:00","og_image":[{"width":7500,"height":5000,"url":"https:\/\/kohenavocats.com\/wp-content\/uploads\/2024\/11\/pawel-czerwinski-plv4_0R9-dc-unsplash.webp","type":"image\/webp"}],"author":"Kohen","twitter_card":"summary_large_image","twitter_misc":{"Escrito por":"Kohen","Tempo estimado de leitura":"3 minutos"},"schema":{"@context":"https:\/\/schema.org","@graph":[{"@type":"Article","@id":"https:\/\/kohenavocats.com\/pt-pt\/tribunal-judiciaire-de-lyon-le-30-septembre-2025-n25-00304\/#article","isPartOf":{"@id":"https:\/\/kohenavocats.com\/pt-pt\/tribunal-judiciaire-de-lyon-le-30-septembre-2025-n25-00304\/"},"author":{"name":"Kohen","@id":"https:\/\/kohenavocats.com\/pt-pt\/#\/schema\/person\/761c9ba54fa1ca84d405cef0831ff751"},"headline":"Tribunal judiciaire de Lyon, le 30 septembre 2025, n\u00b025\/00304","datePublished":"2026-04-23T03:26:28+00:00","mainEntityOfPage":{"@id":"https:\/\/kohenavocats.com\/pt-pt\/tribunal-judiciaire-de-lyon-le-30-septembre-2025-n25-00304\/"},"wordCount":636,"commentCount":0,"publisher":{"@id":"https:\/\/kohenavocats.com\/pt-pt\/#organization"},"image":{"@id":"https:\/\/kohenavocats.com\/pt-pt\/tribunal-judiciaire-de-lyon-le-30-septembre-2025-n25-00304\/#primaryimage"},"thumbnailUrl":"https:\/\/kohenavocats.com\/wp-content\/uploads\/2024\/11\/pawel-czerwinski-plv4_0R9-dc-unsplash.webp","articleSection":["Jurisprudence"],"inLanguage":"pt-PT","potentialAction":[{"@type":"CommentAction","name":"Comment","target":["https:\/\/kohenavocats.com\/pt-pt\/tribunal-judiciaire-de-lyon-le-30-septembre-2025-n25-00304\/#respond"]}],"citation":"Tribunal judiciaire de Lyon, le 30 septembre 2025, n\u00b025\/00304","about":[{"@type":"Thing","name":"Jurisprudence"}],"dateModified":"2026-04-23T03:26:28+00:00","speakable":{"@type":"SpeakableSpecification","cssSelector":[".article-content > p:first-of-type"]}},{"@type":"WebPage","@id":"https:\/\/kohenavocats.com\/pt-pt\/tribunal-judiciaire-de-lyon-le-30-septembre-2025-n25-00304\/","url":"https:\/\/kohenavocats.com\/pt-pt\/tribunal-judiciaire-de-lyon-le-30-septembre-2025-n25-00304\/","name":"Tribunal judiciaire de Lyon, le 30 septembre 2025, n\u00b025\/00304 - Ma\u00eetre Hassan Kohen, avocat en droit p\u00e9nal \u00e0 Paris","isPartOf":{"@id":"https:\/\/kohenavocats.com\/pt-pt\/#website"},"primaryImageOfPage":{"@id":"https:\/\/kohenavocats.com\/pt-pt\/tribunal-judiciaire-de-lyon-le-30-septembre-2025-n25-00304\/#primaryimage"},"image":{"@id":"https:\/\/kohenavocats.com\/pt-pt\/tribunal-judiciaire-de-lyon-le-30-septembre-2025-n25-00304\/#primaryimage"},"thumbnailUrl":"https:\/\/kohenavocats.com\/wp-content\/uploads\/2024\/11\/pawel-czerwinski-plv4_0R9-dc-unsplash.webp","datePublished":"2026-04-23T03:26:28+00:00","description":"Le tribunal judiciaire de Lyon, statuant en r\u00e9f\u00e9r\u00e9 le 30 septembre 2025, a examin\u00e9 une demande en intervention volontaire et une requ\u00eate fond\u00e9e sur l\u2019article...","breadcrumb":{"@id":"https:\/\/kohenavocats.com\/pt-pt\/tribunal-judiciaire-de-lyon-le-30-septembre-2025-n25-00304\/#breadcrumb"},"inLanguage":"pt-PT","potentialAction":[{"@type":"ReadAction","target":["https:\/\/kohenavocats.com\/pt-pt\/tribunal-judiciaire-de-lyon-le-30-septembre-2025-n25-00304\/"]}]},{"@type":"ImageObject","inLanguage":"pt-PT","@id":"https:\/\/kohenavocats.com\/pt-pt\/tribunal-judiciaire-de-lyon-le-30-septembre-2025-n25-00304\/#primaryimage","url":"https:\/\/kohenavocats.com\/wp-content\/uploads\/2024\/11\/pawel-czerwinski-plv4_0R9-dc-unsplash.webp","contentUrl":"https:\/\/kohenavocats.com\/wp-content\/uploads\/2024\/11\/pawel-czerwinski-plv4_0R9-dc-unsplash.webp","width":7500,"height":5000},{"@type":"BreadcrumbList","@id":"https:\/\/kohenavocats.com\/pt-pt\/tribunal-judiciaire-de-lyon-le-30-septembre-2025-n25-00304\/#breadcrumb","itemListElement":[{"@type":"ListItem","position":1,"name":"Home","item":"https:\/\/kohenavocats.com\/pt-pt\/avocats-en-droit-penal-a-paris-conseil-et-defense-strategique\/"},{"@type":"ListItem","position":2,"name":"Tribunal judiciaire de Lyon, le 30 septembre 2025, n\u00b025\/00304"}]},{"@type":"WebSite","@id":"https:\/\/kohenavocats.com\/pt-pt\/#website","url":"https:\/\/kohenavocats.com\/pt-pt\/","name":"Kohen Avocats","description":"Ma\u00eetre Hassan Kohen, avocat p\u00e9naliste \u00e0 Paris, intervient exclusivement en droit p\u00e9nal pour la d\u00e9fense des particuliers, notamment en mati\u00e8re d\u2019accusations de viol. Il assure un accompagnement rigoureux d\u00e8s la garde \u00e0 vue jusqu\u2019\u00e0 la Cour d\u2019assises, veillant au strict respect des garanties proc\u00e9durales.","publisher":{"@id":"https:\/\/kohenavocats.com\/pt-pt\/#organization"},"potentialAction":[{"@type":"SearchAction","target":{"@type":"EntryPoint","urlTemplate":"https:\/\/kohenavocats.com\/pt-pt\/?s={search_term_string}"},"query-input":{"@type":"PropertyValueSpecification","valueRequired":true,"valueName":"search_term_string"}}],"inLanguage":"pt-PT"},{"@type":"Organization","@id":"https:\/\/kohenavocats.com\/pt-pt\/#organization","name":"Kohen Avocats","url":"https:\/\/kohenavocats.com\/pt-pt\/","logo":{"@type":"ImageObject","inLanguage":"pt-PT","@id":"https:\/\/kohenavocats.com\/pt-pt\/#\/schema\/logo\/image\/","url":"https:\/\/kohenavocats.com\/wp-content\/uploads\/2026\/01\/Logo-2-1.webp","contentUrl":"https:\/\/kohenavocats.com\/wp-content\/uploads\/2026\/01\/Logo-2-1.webp","width":2114,"height":1253,"caption":"Kohen Avocats"},"image":{"@id":"https:\/\/kohenavocats.com\/pt-pt\/#\/schema\/logo\/image\/"}},{"@type":"Person","@id":"https:\/\/kohenavocats.com\/pt-pt\/#\/schema\/person\/761c9ba54fa1ca84d405cef0831ff751","name":"Kohen","image":{"@type":"ImageObject","inLanguage":"pt-PT","@id":"https:\/\/secure.gravatar.com\/avatar\/1c5e76ef76bbbfdd2b4da984e2bf2fa4056fd51a27d25ce2c332047f1dfd6e00?s=96&d=identicon&r=g","url":"https:\/\/secure.gravatar.com\/avatar\/1c5e76ef76bbbfdd2b4da984e2bf2fa4056fd51a27d25ce2c332047f1dfd6e00?s=96&d=identicon&r=g","contentUrl":"https:\/\/secure.gravatar.com\/avatar\/1c5e76ef76bbbfdd2b4da984e2bf2fa4056fd51a27d25ce2c332047f1dfd6e00?s=96&d=identicon&r=g","caption":"Kohen"},"sameAs":["https:\/\/www.linkedin.com\/in\/hassan-kohen-448548192\/","https:\/\/www.youtube.com\/@Kohen-Avocats"],"url":"https:\/\/kohenavocats.com\/pt-pt\/author\/kohenmlk\/"}]}},"jetpack_featured_media_url":"https:\/\/kohenavocats.com\/wp-content\/uploads\/2024\/11\/pawel-czerwinski-plv4_0R9-dc-unsplash.webp","jetpack_likes_enabled":false,"jetpack_shortlink":"https:\/\/wp.me\/peCrII-2KvG","jetpack-related-posts":[{"id":305732,"url":"https:\/\/kohenavocats.com\/pt-pt\/tribunal-judiciaire-de-albertville-le-15-juillet-2025-n25-00193\/","url_meta":{"origin":655444,"position":0},"title":"Tribunal judiciaire de Albertville, le 15 juillet 2025, n\u00b025\/00193","author":"Kohen","date":"5 de Fevereiro, 2026","format":false,"excerpt":"La pr\u00e9sente ordonnance de r\u00e9f\u00e9r\u00e9 statue sur une demande d\u2019extension d\u2019une mesure d\u2019instruction. Le juge se prononce sur la recevabilit\u00e9 d\u2019une intervention volontaire et sur une mise en cause. Il appr\u00e9cie les conditions l\u00e9gales de ces demandes proc\u00e9durales dans le cadre d\u2019une expertise d\u00e9j\u00e0 ordonn\u00e9e.**I. L\u2019admission de l\u2019intervention volontaire fond\u00e9e\u2026","rel":"","context":"In &quot;D\u00e9cisions juridiques&quot;","block_context":{"text":"D\u00e9cisions juridiques","link":"https:\/\/kohenavocats.com\/category\/decisions-juridiques\/"},"img":{"alt_text":"","src":"https:\/\/i0.wp.com\/kohenavocats.com\/wp-content\/uploads\/2024\/07\/prateek-katyal-_YzGQvASeMk-unsplash.webp?resize=350%2C200&ssl=1","width":350,"height":200,"srcset":"https:\/\/i0.wp.com\/kohenavocats.com\/wp-content\/uploads\/2024\/07\/prateek-katyal-_YzGQvASeMk-unsplash.webp?resize=350%2C200&ssl=1 1x, https:\/\/i0.wp.com\/kohenavocats.com\/wp-content\/uploads\/2024\/07\/prateek-katyal-_YzGQvASeMk-unsplash.webp?resize=525%2C300&ssl=1 1.5x, https:\/\/i0.wp.com\/kohenavocats.com\/wp-content\/uploads\/2024\/07\/prateek-katyal-_YzGQvASeMk-unsplash.webp?resize=700%2C400&ssl=1 2x, https:\/\/i0.wp.com\/kohenavocats.com\/wp-content\/uploads\/2024\/07\/prateek-katyal-_YzGQvASeMk-unsplash.webp?resize=1050%2C600&ssl=1 3x, https:\/\/i0.wp.com\/kohenavocats.com\/wp-content\/uploads\/2024\/07\/prateek-katyal-_YzGQvASeMk-unsplash.webp?resize=1400%2C800&ssl=1 4x"},"classes":[]},{"id":304362,"url":"https:\/\/kohenavocats.com\/pt-pt\/tribunal-judiciaire-de-paris-le-15-juillet-2025-n25-53559\/","url_meta":{"origin":655444,"position":1},"title":"Tribunal judiciaire de Paris, le 15 juillet 2025, n\u00b025\/53559","author":"Kohen","date":"5 de Fevereiro, 2026","format":false,"excerpt":"La pr\u00e9sente ordonnance de r\u00e9f\u00e9r\u00e9 statue sur une demande en intervention volontaire et sur des demandes de jonction \u00e0 une expertise. Le juge des r\u00e9f\u00e9r\u00e9s avait pr\u00e9c\u00e9demment ordonn\u00e9 une mesure d\u2019expertise \u00e0 la demande du propri\u00e9taire de l\u2019ouvrage. L\u2019entreprise charg\u00e9e des travaux sollicite \u00e0 son tour la communication de cette\u2026","rel":"","context":"In &quot;D\u00e9cisions juridiques&quot;","block_context":{"text":"D\u00e9cisions juridiques","link":"https:\/\/kohenavocats.com\/category\/decisions-juridiques\/"},"img":{"alt_text":"","src":"https:\/\/i0.wp.com\/kohenavocats.com\/wp-content\/uploads\/2024\/08\/roman-suslov-7jSq1rrpku0-unsplash.webp?resize=350%2C200&ssl=1","width":350,"height":200,"srcset":"https:\/\/i0.wp.com\/kohenavocats.com\/wp-content\/uploads\/2024\/08\/roman-suslov-7jSq1rrpku0-unsplash.webp?resize=350%2C200&ssl=1 1x, https:\/\/i0.wp.com\/kohenavocats.com\/wp-content\/uploads\/2024\/08\/roman-suslov-7jSq1rrpku0-unsplash.webp?resize=525%2C300&ssl=1 1.5x, https:\/\/i0.wp.com\/kohenavocats.com\/wp-content\/uploads\/2024\/08\/roman-suslov-7jSq1rrpku0-unsplash.webp?resize=700%2C400&ssl=1 2x, https:\/\/i0.wp.com\/kohenavocats.com\/wp-content\/uploads\/2024\/08\/roman-suslov-7jSq1rrpku0-unsplash.webp?resize=1050%2C600&ssl=1 3x, https:\/\/i0.wp.com\/kohenavocats.com\/wp-content\/uploads\/2024\/08\/roman-suslov-7jSq1rrpku0-unsplash.webp?resize=1400%2C800&ssl=1 4x"},"classes":[]},{"id":725871,"url":"https:\/\/kohenavocats.com\/pt-pt\/cour-dappel-de-toulouse-le-5-fevrier-2026-n24-03043\/","url_meta":{"origin":655444,"position":2},"title":"Cour d&#8217;appel de Toulouse, le 5 f\u00e9vrier 2026, n\u00b024\/03043","author":"Kohen","date":"28 de Abril, 2026","format":false,"excerpt":"La cour d'appel de Toulouse, dans un arr\u00eat du 5 f\u00e9vrier 2026, s'est prononc\u00e9e sur la comp\u00e9tence du p\u00f4le social et la qualification de l'intervention d'un ass...","rel":"","context":"In &quot;Jurisprudence&quot;","block_context":{"text":"Jurisprudence","link":"https:\/\/kohenavocats.com\/category\/jurisprudence\/"},"img":{"alt_text":"","src":"https:\/\/i0.wp.com\/kohenavocats.com\/wp-content\/uploads\/2024\/08\/giammarco-boscaro-xLhKkk2tKkA-unsplash.webp?resize=350%2C200&ssl=1","width":350,"height":200,"srcset":"https:\/\/i0.wp.com\/kohenavocats.com\/wp-content\/uploads\/2024\/08\/giammarco-boscaro-xLhKkk2tKkA-unsplash.webp?resize=350%2C200&ssl=1 1x, https:\/\/i0.wp.com\/kohenavocats.com\/wp-content\/uploads\/2024\/08\/giammarco-boscaro-xLhKkk2tKkA-unsplash.webp?resize=525%2C300&ssl=1 1.5x, https:\/\/i0.wp.com\/kohenavocats.com\/wp-content\/uploads\/2024\/08\/giammarco-boscaro-xLhKkk2tKkA-unsplash.webp?resize=700%2C400&ssl=1 2x, https:\/\/i0.wp.com\/kohenavocats.com\/wp-content\/uploads\/2024\/08\/giammarco-boscaro-xLhKkk2tKkA-unsplash.webp?resize=1050%2C600&ssl=1 3x, https:\/\/i0.wp.com\/kohenavocats.com\/wp-content\/uploads\/2024\/08\/giammarco-boscaro-xLhKkk2tKkA-unsplash.webp?resize=1400%2C800&ssl=1 4x"},"classes":[]},{"id":715858,"url":"https:\/\/kohenavocats.com\/pt-pt\/cour-dappel-de-paris-le-15-janvier-2026-n24-03928\/","url_meta":{"origin":655444,"position":3},"title":"Cour d&#8217;appel de Paris, le 15 janvier 2026, n\u00b024\/03928","author":"Kohen","date":"28 de Abril, 2026","format":false,"excerpt":"La cour d'appel de Paris, dans son arr\u00eat du 15 janvier 2026, a statu\u00e9 sur la recevabilit\u00e9 d'une intervention volontaire accessoire form\u00e9e par une association...","rel":"","context":"In &quot;Jurisprudence&quot;","block_context":{"text":"Jurisprudence","link":"https:\/\/kohenavocats.com\/category\/jurisprudence\/"},"img":{"alt_text":"","src":"https:\/\/i0.wp.com\/kohenavocats.com\/wp-content\/uploads\/2024\/08\/irina-nakonechnaya-7Dkxd1b9uyE-unsplash.webp?resize=350%2C200&ssl=1","width":350,"height":200,"srcset":"https:\/\/i0.wp.com\/kohenavocats.com\/wp-content\/uploads\/2024\/08\/irina-nakonechnaya-7Dkxd1b9uyE-unsplash.webp?resize=350%2C200&ssl=1 1x, https:\/\/i0.wp.com\/kohenavocats.com\/wp-content\/uploads\/2024\/08\/irina-nakonechnaya-7Dkxd1b9uyE-unsplash.webp?resize=525%2C300&ssl=1 1.5x, https:\/\/i0.wp.com\/kohenavocats.com\/wp-content\/uploads\/2024\/08\/irina-nakonechnaya-7Dkxd1b9uyE-unsplash.webp?resize=700%2C400&ssl=1 2x, https:\/\/i0.wp.com\/kohenavocats.com\/wp-content\/uploads\/2024\/08\/irina-nakonechnaya-7Dkxd1b9uyE-unsplash.webp?resize=1050%2C600&ssl=1 3x, https:\/\/i0.wp.com\/kohenavocats.com\/wp-content\/uploads\/2024\/08\/irina-nakonechnaya-7Dkxd1b9uyE-unsplash.webp?resize=1400%2C800&ssl=1 4x"},"classes":[]},{"id":305104,"url":"https:\/\/kohenavocats.com\/pt-pt\/tribunal-judiciaire-de-boulogne-sur-mer-le-16-juillet-2025-n25-00141\/","url_meta":{"origin":655444,"position":4},"title":"Tribunal judiciaire de Boulogne sur Mer, le 16 juillet 2025, n\u00b025\/00141","author":"Kohen","date":"5 de Fevereiro, 2026","format":false,"excerpt":"L\u2019ordonnance de r\u00e9f\u00e9r\u00e9 du seize juillet deux mil vingt-cinq statue sur une demande d\u2019intervention volontaire et d\u2019extension d\u2019une mesure d\u2019expertise. Le juge admet la demande en se fondant sur l\u2019article 145 du code de proc\u00e9dure civile. Il \u00e9tend l\u2019expertise en cours aux d\u00e9sordres d\u2019un nouvel appartement. La d\u00e9cision illustre le\u2026","rel":"","context":"In &quot;D\u00e9cisions juridiques&quot;","block_context":{"text":"D\u00e9cisions juridiques","link":"https:\/\/kohenavocats.com\/category\/decisions-juridiques\/"},"img":{"alt_text":"","src":"https:\/\/i0.wp.com\/kohenavocats.com\/wp-content\/uploads\/2024\/08\/anthony-mcgee-iOZOydyIw3M-unsplash.webp?resize=350%2C200&ssl=1","width":350,"height":200,"srcset":"https:\/\/i0.wp.com\/kohenavocats.com\/wp-content\/uploads\/2024\/08\/anthony-mcgee-iOZOydyIw3M-unsplash.webp?resize=350%2C200&ssl=1 1x, https:\/\/i0.wp.com\/kohenavocats.com\/wp-content\/uploads\/2024\/08\/anthony-mcgee-iOZOydyIw3M-unsplash.webp?resize=525%2C300&ssl=1 1.5x, https:\/\/i0.wp.com\/kohenavocats.com\/wp-content\/uploads\/2024\/08\/anthony-mcgee-iOZOydyIw3M-unsplash.webp?resize=700%2C400&ssl=1 2x, https:\/\/i0.wp.com\/kohenavocats.com\/wp-content\/uploads\/2024\/08\/anthony-mcgee-iOZOydyIw3M-unsplash.webp?resize=1050%2C600&ssl=1 3x, https:\/\/i0.wp.com\/kohenavocats.com\/wp-content\/uploads\/2024\/08\/anthony-mcgee-iOZOydyIw3M-unsplash.webp?resize=1400%2C800&ssl=1 4x"},"classes":[]},{"id":304547,"url":"https:\/\/kohenavocats.com\/pt-pt\/tribunal-judiciaire-de-paris-le-15-juillet-2025-n25-50631\/","url_meta":{"origin":655444,"position":5},"title":"Tribunal judiciaire de Paris, le 15 juillet 2025, n\u00b025\/50631","author":"Kohen","date":"5 de Fevereiro, 2026","format":false,"excerpt":"Le juge des r\u00e9f\u00e9r\u00e9s a rejet\u00e9 la demande de s\u00e9questre du capital d\u2019une assurance-vie. Il a \u00e9galement d\u00e9clar\u00e9 recevable l\u2019intervention volontaire des b\u00e9n\u00e9ficiaires du contrat. Cette ordonnance pr\u00e9cise les conditions d\u2019intervention du juge des r\u00e9f\u00e9r\u00e9s en mati\u00e8re conservatoire.**I. La recevabilit\u00e9 de l\u2019intervention volontaire des b\u00e9n\u00e9ficiaires**L\u2019intervention volontaire des consorts requiert un\u2026","rel":"","context":"In &quot;D\u00e9cisions juridiques&quot;","block_context":{"text":"D\u00e9cisions juridiques","link":"https:\/\/kohenavocats.com\/category\/decisions-juridiques\/"},"img":{"alt_text":"","src":"https:\/\/i0.wp.com\/kohenavocats.com\/wp-content\/uploads\/2024\/08\/zdenek-machacek-lmZtT6q8tt0-unsplash.webp?resize=350%2C200&ssl=1","width":350,"height":200,"srcset":"https:\/\/i0.wp.com\/kohenavocats.com\/wp-content\/uploads\/2024\/08\/zdenek-machacek-lmZtT6q8tt0-unsplash.webp?resize=350%2C200&ssl=1 1x, https:\/\/i0.wp.com\/kohenavocats.com\/wp-content\/uploads\/2024\/08\/zdenek-machacek-lmZtT6q8tt0-unsplash.webp?resize=525%2C300&ssl=1 1.5x, https:\/\/i0.wp.com\/kohenavocats.com\/wp-content\/uploads\/2024\/08\/zdenek-machacek-lmZtT6q8tt0-unsplash.webp?resize=700%2C400&ssl=1 2x, https:\/\/i0.wp.com\/kohenavocats.com\/wp-content\/uploads\/2024\/08\/zdenek-machacek-lmZtT6q8tt0-unsplash.webp?resize=1050%2C600&ssl=1 3x, https:\/\/i0.wp.com\/kohenavocats.com\/wp-content\/uploads\/2024\/08\/zdenek-machacek-lmZtT6q8tt0-unsplash.webp?resize=1400%2C800&ssl=1 4x"},"classes":[]}],"jetpack_sharing_enabled":true,"_links":{"self":[{"href":"https:\/\/kohenavocats.com\/pt-pt\/wp-json\/wp\/v2\/posts\/655444","targetHints":{"allow":["GET"]}}],"collection":[{"href":"https:\/\/kohenavocats.com\/pt-pt\/wp-json\/wp\/v2\/posts"}],"about":[{"href":"https:\/\/kohenavocats.com\/pt-pt\/wp-json\/wp\/v2\/types\/post"}],"author":[{"embeddable":true,"href":"https:\/\/kohenavocats.com\/pt-pt\/wp-json\/wp\/v2\/users\/232070755"}],"replies":[{"embeddable":true,"href":"https:\/\/kohenavocats.com\/pt-pt\/wp-json\/wp\/v2\/comments?post=655444"}],"version-history":[{"count":0,"href":"https:\/\/kohenavocats.com\/pt-pt\/wp-json\/wp\/v2\/posts\/655444\/revisions"}],"wp:featuredmedia":[{"embeddable":true,"href":"https:\/\/kohenavocats.com\/pt-pt\/wp-json\/wp\/v2\/media\/9453"}],"wp:attachment":[{"href":"https:\/\/kohenavocats.com\/pt-pt\/wp-json\/wp\/v2\/media?parent=655444"}],"wp:term":[{"taxonomy":"category","embeddable":true,"href":"https:\/\/kohenavocats.com\/pt-pt\/wp-json\/wp\/v2\/categories?post=655444"},{"taxonomy":"post_tag","embeddable":true,"href":"https:\/\/kohenavocats.com\/pt-pt\/wp-json\/wp\/v2\/tags?post=655444"}],"curies":[{"name":"wp","href":"https:\/\/api.w.org\/{rel}","templated":true}]}}