{"id":656360,"date":"2026-04-23T07:12:49","date_gmt":"2026-04-23T05:12:49","guid":{"rendered":"https:\/\/kohenavocats.com\/tribunal-judiciaire-de-dijon-le-3-octobre-2025-n24-00028\/"},"modified":"2026-04-23T07:12:49","modified_gmt":"2026-04-23T05:12:49","slug":"tribunal-judiciaire-de-dijon-le-3-octobre-2025-n24-00028","status":"publish","type":"post","link":"https:\/\/kohenavocats.com\/pt-pt\/tribunal-judiciaire-de-dijon-le-3-octobre-2025-n24-00028\/","title":{"rendered":"Tribunal judiciaire de Dijon, le 3 octobre 2025, n\u00b024\/00028"},"content":{"rendered":"<div class=\"article-content\">\n<p>Le tribunal judiciaire de Dijon, le 3 octobre 2025, statue sur un recours contre une contrainte \u00e9mise par un organisme de recouvrement. Une g\u00e9rante majoritaire d&#8217;une SARL, affili\u00e9e au r\u00e9gime des ind\u00e9pendants, conteste le calcul de ses cotisations sociales pour les ann\u00e9es 2016 et 2017. La juridiction examine d&#8217;abord la p\u00e9riode d&#8217;affiliation puis l&#8217;assiette des cotisations dues. Elle d\u00e9clare le recours recevable et sursoit \u00e0 statuer sur la validation de la contrainte. Elle ordonne un nouveau calcul des cotisations pour 2016 sur la base d&#8217;un revenu professionnel rectifi\u00e9.<\/p>\n<p>Le principe de l&#8217;affiliation continue<\/p>\n<p>La d\u00e9cision rappelle les conditions l\u00e9gales de l&#8217;affiliation au r\u00e9gime social des ind\u00e9pendants. Elle souligne le caract\u00e8re obligatoire de cette affiliation pour les g\u00e9rants majoritaires de soci\u00e9t\u00e9s \u00e0 responsabilit\u00e9 limit\u00e9e. Cette obligation persiste tant que la soci\u00e9t\u00e9 conserve son existence juridique, ind\u00e9pendamment de son activit\u00e9 effective. &#8220;Que la cessation d&#8217;activit\u00e9 d&#8217;une entreprise sans disparition juridique n&#8217;est de nature \u00e0 entra\u00eener la radiation du r\u00e9gime des travailleurs ind\u00e9pendants&#8221; (Motifs, Sur le fond, 1.). La radiation n&#8217;intervient qu&#8217;avec la liquidation judiciaire ou la perte de la qualit\u00e9 de g\u00e9rant majoritaire. Ce point confirme une jurisprudence constante sur la permanence de l&#8217;affiliation. La port\u00e9e est essentielle pour la s\u00e9curit\u00e9 juridique des cotisants et des organismes.<\/p>\n<p>La d\u00e9termination de l&#8217;assiette de calcul<\/p>\n<p>Le jugement d\u00e9taille les r\u00e8gles complexes du calcul des cotisations sociales des ind\u00e9pendants. Il distingue les cotisations calcul\u00e9es sur le revenu r\u00e9el et celles soumises \u00e0 une assiette minimale forfaitaire. La juridiction retient que les revenus professionnels d\u00e9clar\u00e9s \u00e0 l&#8217;administration fiscale constituent le point de d\u00e9part de l&#8217;assiette. Elle pr\u00e9cise que &#8220;lorsque les revenus professionnels d\u00e9clar\u00e9s par le travailleur ind\u00e9pendant sont nuls ou inf\u00e9rieurs auxdites assiettes, les cotisations d\u00e9finitives correspondent aux cotisations minimales&#8221; (Motifs, Sur le fond, 2.). Cette application stricte du cadre l\u00e9gal et r\u00e9glementaire assure l&#8217;\u00e9galit\u00e9 de traitement entre les assur\u00e9s. La solution aligne le droit social sur le droit fiscal pour plus de coh\u00e9rence.<\/p>\n<p>Le contr\u00f4le judiciaire des \u00e9l\u00e9ments justificatifs<\/p>\n<p>La d\u00e9cision op\u00e8re un contr\u00f4le concret des pi\u00e8ces produites pour justifier les revenus. Elle \u00e9carte les simples d\u00e9clarations de l&#8217;int\u00e9ress\u00e9e au profit des donn\u00e9es fiscales officielles lorsqu&#8217;elles divergent. La juridiction exige des &#8220;\u00e9l\u00e9ments objectifs, tel un bilan comptable ou tout document de nature \u00e0 justifier de la r\u00e9alit\u00e9 des revenus professionnels&#8221; (Motifs, Sur le fond, 2.). Cette exigence renforce la s\u00e9curit\u00e9 des calculs op\u00e9r\u00e9s par l&#8217;organisme recouvreur. Elle rappelle la charge de preuve qui incombe au cotisant contestataire. La valeur de ce contr\u00f4le est de pr\u00e9venir tout risque de fraude ou d&#8217;erreur manifeste dans la d\u00e9termination de l&#8217;assiette.<\/p>\n<p>La rectification des calculs erron\u00e9s<\/p>\n<p>Enfin, le tribunal proc\u00e8de \u00e0 un r\u00e9examen m\u00e9ticuleux des calculs litigieux pour chaque ann\u00e9e. Il constate une erreur dans l&#8217;assiette retenue pour 2016 et ordonne sa correction. La juridiction &#8220;enjoign[d] l&#8217;URSSAF de Bourgogne de recalculer les cotisations [&#8230;] de l&#8217;ann\u00e9e 2016 sur la base d&#8217;une assiette de 9.820 \u20ac&#8221; (Motifs, Sur le fond, 2.). Cette injonction pr\u00e9cise garantit l&#8217;ex\u00e9cution correcte de la d\u00e9cision. Elle d\u00e9montre le pouvoir de contr\u00f4le en fait et en droit du juge sur les actes de l&#8217;administration. La port\u00e9e est pratique, assurant une r\u00e9solution effective du litige au b\u00e9n\u00e9fice du justiciable.<\/p>\n<\/div>\n","protected":false},"excerpt":{"rendered":"<p>Le tribunal judiciaire de Dijon, le 3 octobre 2025, statue sur un recours contre une contrainte \u00e9mise par un organisme de recouvrement. Une g\u00e9rante majoritai&#8230;<\/p>\n","protected":false},"author":232070755,"featured_media":9694,"comment_status":"open","ping_status":"open","sticky":false,"template":"","format":"standard","meta":{"_crdt_document":"","_jetpack_newsletter_access":"","_jetpack_dont_email_post_to_subs":false,"_jetpack_newsletter_tier_id":0,"_jetpack_memberships_contains_paywalled_content":false,"_kj_source_type":"judilibre","_kj_official_id":"68dc3e06b3454b98788debef","_kj_official_url":"https:\/\/www.courdecassation.fr\/decision\/68dc3e06b3454b98788debef","_kj_judilibre_id":"68dc3e06b3454b98788debef","_kj_jur":"Tribunal judiciaire","_kj_lieu":"Tribunal judiciaire de Dijon","_kj_chambre":"CTX PROTECTION SOCIALE","_kj_rg":"24\/00028","_kj_date":"2025-09-30","_jetpack_memberships_contains_paid_content":false,"footnotes":"","jetpack_post_was_ever_published":false},"categories":[7597],"tags":[],"class_list":["post-656360","post","type-post","status-publish","format-standard","has-post-thumbnail","hentry","category-jurisprudence"],"yoast_head":"<!-- This site is optimized with the Yoast SEO Premium plugin v27.5 (Yoast SEO v27.5) - https:\/\/yoast.com\/product\/yoast-seo-premium-wordpress\/ -->\n<title>Tribunal judiciaire de Dijon, le 3 octobre 2025, n\u00b024\/00028 - Ma\u00eetre Hassan Kohen, avocat en droit p\u00e9nal \u00e0 Paris<\/title>\n<meta name=\"description\" content=\"Le tribunal judiciaire de Dijon, le 3 octobre 2025, statue sur un recours contre une contrainte \u00e9mise par un organisme de recouvrement. Une g\u00e9rante majoritai...\" \/>\n<meta name=\"robots\" content=\"index, follow, max-snippet:-1, max-image-preview:large, max-video-preview:-1\" \/>\n<link rel=\"canonical\" href=\"https:\/\/kohenavocats.com\/pt-pt\/tribunal-judiciaire-de-dijon-le-3-octobre-2025-n24-00028\/\" \/>\n<meta property=\"og:locale\" content=\"pt_PT\" \/>\n<meta property=\"og:type\" content=\"article\" \/>\n<meta property=\"og:title\" content=\"Tribunal judiciaire de Dijon, le 3 octobre 2025, n\u00b024\/00028\" \/>\n<meta property=\"og:description\" content=\"Le tribunal judiciaire de Dijon, le 3 octobre 2025, statue sur un recours contre une contrainte \u00e9mise par un organisme de recouvrement. Une g\u00e9rante majoritai...\" \/>\n<meta property=\"og:url\" content=\"https:\/\/kohenavocats.com\/pt-pt\/tribunal-judiciaire-de-dijon-le-3-octobre-2025-n24-00028\/\" \/>\n<meta property=\"og:site_name\" content=\"Ma\u00eetre Hassan Kohen, avocat en droit p\u00e9nal \u00e0 Paris\" \/>\n<meta property=\"article:published_time\" content=\"2026-04-23T05:12:49+00:00\" \/>\n<meta property=\"og:image\" content=\"https:\/\/kohenavocats.com\/wp-content\/uploads\/2024\/11\/getty-images-TVMKiNPHZTE-unsplash.webp\" \/>\n\t<meta property=\"og:image:width\" content=\"2555\" \/>\n\t<meta property=\"og:image:height\" content=\"3830\" \/>\n\t<meta property=\"og:image:type\" content=\"image\/webp\" \/>\n<meta name=\"author\" content=\"Kohen\" \/>\n<meta name=\"twitter:card\" content=\"summary_large_image\" \/>\n<meta name=\"twitter:label1\" content=\"Escrito por\" \/>\n\t<meta name=\"twitter:data1\" content=\"Kohen\" \/>\n\t<meta name=\"twitter:label2\" content=\"Tempo estimado de leitura\" \/>\n\t<meta name=\"twitter:data2\" content=\"3 minutos\" \/>\n<script type=\"application\/ld+json\" class=\"yoast-schema-graph\">{\"@context\":\"https:\\\/\\\/schema.org\",\"@graph\":[{\"@type\":\"Article\",\"@id\":\"https:\\\/\\\/kohenavocats.com\\\/pt-pt\\\/tribunal-judiciaire-de-dijon-le-3-octobre-2025-n24-00028\\\/#article\",\"isPartOf\":{\"@id\":\"https:\\\/\\\/kohenavocats.com\\\/pt-pt\\\/tribunal-judiciaire-de-dijon-le-3-octobre-2025-n24-00028\\\/\"},\"author\":{\"name\":\"Kohen\",\"@id\":\"https:\\\/\\\/kohenavocats.com\\\/pt-pt\\\/#\\\/schema\\\/person\\\/761c9ba54fa1ca84d405cef0831ff751\"},\"headline\":\"Tribunal judiciaire de Dijon, le 3 octobre 2025, n\u00b024\\\/00028\",\"datePublished\":\"2026-04-23T05:12:49+00:00\",\"mainEntityOfPage\":{\"@id\":\"https:\\\/\\\/kohenavocats.com\\\/pt-pt\\\/tribunal-judiciaire-de-dijon-le-3-octobre-2025-n24-00028\\\/\"},\"wordCount\":613,\"commentCount\":0,\"publisher\":{\"@id\":\"https:\\\/\\\/kohenavocats.com\\\/pt-pt\\\/#organization\"},\"image\":{\"@id\":\"https:\\\/\\\/kohenavocats.com\\\/pt-pt\\\/tribunal-judiciaire-de-dijon-le-3-octobre-2025-n24-00028\\\/#primaryimage\"},\"thumbnailUrl\":\"https:\\\/\\\/kohenavocats.com\\\/wp-content\\\/uploads\\\/2024\\\/11\\\/getty-images-TVMKiNPHZTE-unsplash.webp\",\"articleSection\":[\"Jurisprudence\"],\"inLanguage\":\"pt-PT\",\"potentialAction\":[{\"@type\":\"CommentAction\",\"name\":\"Comment\",\"target\":[\"https:\\\/\\\/kohenavocats.com\\\/pt-pt\\\/tribunal-judiciaire-de-dijon-le-3-octobre-2025-n24-00028\\\/#respond\"]}],\"citation\":\"Tribunal judiciaire de Dijon, le 3 octobre 2025, n\u00b024\\\/00028\",\"about\":[{\"@type\":\"Thing\",\"name\":\"Jurisprudence\"}],\"dateModified\":\"2026-04-23T05:12:49+00:00\",\"speakable\":{\"@type\":\"SpeakableSpecification\",\"cssSelector\":[\".article-content > p:first-of-type\"]}},{\"@type\":\"WebPage\",\"@id\":\"https:\\\/\\\/kohenavocats.com\\\/pt-pt\\\/tribunal-judiciaire-de-dijon-le-3-octobre-2025-n24-00028\\\/\",\"url\":\"https:\\\/\\\/kohenavocats.com\\\/pt-pt\\\/tribunal-judiciaire-de-dijon-le-3-octobre-2025-n24-00028\\\/\",\"name\":\"Tribunal judiciaire de Dijon, le 3 octobre 2025, n\u00b024\\\/00028 - Ma\u00eetre Hassan Kohen, avocat en droit p\u00e9nal \u00e0 Paris\",\"isPartOf\":{\"@id\":\"https:\\\/\\\/kohenavocats.com\\\/pt-pt\\\/#website\"},\"primaryImageOfPage\":{\"@id\":\"https:\\\/\\\/kohenavocats.com\\\/pt-pt\\\/tribunal-judiciaire-de-dijon-le-3-octobre-2025-n24-00028\\\/#primaryimage\"},\"image\":{\"@id\":\"https:\\\/\\\/kohenavocats.com\\\/pt-pt\\\/tribunal-judiciaire-de-dijon-le-3-octobre-2025-n24-00028\\\/#primaryimage\"},\"thumbnailUrl\":\"https:\\\/\\\/kohenavocats.com\\\/wp-content\\\/uploads\\\/2024\\\/11\\\/getty-images-TVMKiNPHZTE-unsplash.webp\",\"datePublished\":\"2026-04-23T05:12:49+00:00\",\"description\":\"Le tribunal judiciaire de Dijon, le 3 octobre 2025, statue sur un recours contre une contrainte \u00e9mise par un organisme de recouvrement. Une g\u00e9rante majoritai...\",\"breadcrumb\":{\"@id\":\"https:\\\/\\\/kohenavocats.com\\\/pt-pt\\\/tribunal-judiciaire-de-dijon-le-3-octobre-2025-n24-00028\\\/#breadcrumb\"},\"inLanguage\":\"pt-PT\",\"potentialAction\":[{\"@type\":\"ReadAction\",\"target\":[\"https:\\\/\\\/kohenavocats.com\\\/pt-pt\\\/tribunal-judiciaire-de-dijon-le-3-octobre-2025-n24-00028\\\/\"]}]},{\"@type\":\"ImageObject\",\"inLanguage\":\"pt-PT\",\"@id\":\"https:\\\/\\\/kohenavocats.com\\\/pt-pt\\\/tribunal-judiciaire-de-dijon-le-3-octobre-2025-n24-00028\\\/#primaryimage\",\"url\":\"https:\\\/\\\/kohenavocats.com\\\/wp-content\\\/uploads\\\/2024\\\/11\\\/getty-images-TVMKiNPHZTE-unsplash.webp\",\"contentUrl\":\"https:\\\/\\\/kohenavocats.com\\\/wp-content\\\/uploads\\\/2024\\\/11\\\/getty-images-TVMKiNPHZTE-unsplash.webp\",\"width\":2555,\"height\":3830},{\"@type\":\"BreadcrumbList\",\"@id\":\"https:\\\/\\\/kohenavocats.com\\\/pt-pt\\\/tribunal-judiciaire-de-dijon-le-3-octobre-2025-n24-00028\\\/#breadcrumb\",\"itemListElement\":[{\"@type\":\"ListItem\",\"position\":1,\"name\":\"Home\",\"item\":\"https:\\\/\\\/kohenavocats.com\\\/pt-pt\\\/avocats-en-droit-penal-a-paris-conseil-et-defense-strategique\\\/\"},{\"@type\":\"ListItem\",\"position\":2,\"name\":\"Tribunal judiciaire de Dijon, le 3 octobre 2025, n\u00b024\\\/00028\"}]},{\"@type\":\"WebSite\",\"@id\":\"https:\\\/\\\/kohenavocats.com\\\/pt-pt\\\/#website\",\"url\":\"https:\\\/\\\/kohenavocats.com\\\/pt-pt\\\/\",\"name\":\"Kohen Avocats\",\"description\":\"Ma\u00eetre Hassan Kohen, avocat p\u00e9naliste \u00e0 Paris, intervient exclusivement en droit p\u00e9nal pour la d\u00e9fense des particuliers, notamment en mati\u00e8re d\u2019accusations de viol. Il assure un accompagnement rigoureux d\u00e8s la garde \u00e0 vue jusqu\u2019\u00e0 la Cour d\u2019assises, veillant au strict respect des garanties proc\u00e9durales.\",\"publisher\":{\"@id\":\"https:\\\/\\\/kohenavocats.com\\\/pt-pt\\\/#organization\"},\"potentialAction\":[{\"@type\":\"SearchAction\",\"target\":{\"@type\":\"EntryPoint\",\"urlTemplate\":\"https:\\\/\\\/kohenavocats.com\\\/pt-pt\\\/?s={search_term_string}\"},\"query-input\":{\"@type\":\"PropertyValueSpecification\",\"valueRequired\":true,\"valueName\":\"search_term_string\"}}],\"inLanguage\":\"pt-PT\"},{\"@type\":\"Organization\",\"@id\":\"https:\\\/\\\/kohenavocats.com\\\/pt-pt\\\/#organization\",\"name\":\"Kohen Avocats\",\"url\":\"https:\\\/\\\/kohenavocats.com\\\/pt-pt\\\/\",\"logo\":{\"@type\":\"ImageObject\",\"inLanguage\":\"pt-PT\",\"@id\":\"https:\\\/\\\/kohenavocats.com\\\/pt-pt\\\/#\\\/schema\\\/logo\\\/image\\\/\",\"url\":\"https:\\\/\\\/kohenavocats.com\\\/wp-content\\\/uploads\\\/2026\\\/01\\\/Logo-2-1.webp\",\"contentUrl\":\"https:\\\/\\\/kohenavocats.com\\\/wp-content\\\/uploads\\\/2026\\\/01\\\/Logo-2-1.webp\",\"width\":2114,\"height\":1253,\"caption\":\"Kohen Avocats\"},\"image\":{\"@id\":\"https:\\\/\\\/kohenavocats.com\\\/pt-pt\\\/#\\\/schema\\\/logo\\\/image\\\/\"}},{\"@type\":\"Person\",\"@id\":\"https:\\\/\\\/kohenavocats.com\\\/pt-pt\\\/#\\\/schema\\\/person\\\/761c9ba54fa1ca84d405cef0831ff751\",\"name\":\"Kohen\",\"image\":{\"@type\":\"ImageObject\",\"inLanguage\":\"pt-PT\",\"@id\":\"https:\\\/\\\/secure.gravatar.com\\\/avatar\\\/1c5e76ef76bbbfdd2b4da984e2bf2fa4056fd51a27d25ce2c332047f1dfd6e00?s=96&d=identicon&r=g\",\"url\":\"https:\\\/\\\/secure.gravatar.com\\\/avatar\\\/1c5e76ef76bbbfdd2b4da984e2bf2fa4056fd51a27d25ce2c332047f1dfd6e00?s=96&d=identicon&r=g\",\"contentUrl\":\"https:\\\/\\\/secure.gravatar.com\\\/avatar\\\/1c5e76ef76bbbfdd2b4da984e2bf2fa4056fd51a27d25ce2c332047f1dfd6e00?s=96&d=identicon&r=g\",\"caption\":\"Kohen\"},\"sameAs\":[\"https:\\\/\\\/www.linkedin.com\\\/in\\\/hassan-kohen-448548192\\\/\",\"https:\\\/\\\/www.youtube.com\\\/@Kohen-Avocats\"],\"url\":\"https:\\\/\\\/kohenavocats.com\\\/pt-pt\\\/author\\\/kohenmlk\\\/\"}]}<\/script>\n<!-- \/ Yoast SEO Premium plugin. -->","yoast_head_json":{"title":"Tribunal judiciaire de Dijon, le 3 octobre 2025, n\u00b024\/00028 - Ma\u00eetre Hassan Kohen, avocat en droit p\u00e9nal \u00e0 Paris","description":"Le tribunal judiciaire de Dijon, le 3 octobre 2025, statue sur un recours contre une contrainte \u00e9mise par un organisme de recouvrement. Une g\u00e9rante majoritai...","robots":{"index":"index","follow":"follow","max-snippet":"max-snippet:-1","max-image-preview":"max-image-preview:large","max-video-preview":"max-video-preview:-1"},"canonical":"https:\/\/kohenavocats.com\/pt-pt\/tribunal-judiciaire-de-dijon-le-3-octobre-2025-n24-00028\/","og_locale":"pt_PT","og_type":"article","og_title":"Tribunal judiciaire de Dijon, le 3 octobre 2025, n\u00b024\/00028","og_description":"Le tribunal judiciaire de Dijon, le 3 octobre 2025, statue sur un recours contre une contrainte \u00e9mise par un organisme de recouvrement. Une g\u00e9rante majoritai...","og_url":"https:\/\/kohenavocats.com\/pt-pt\/tribunal-judiciaire-de-dijon-le-3-octobre-2025-n24-00028\/","og_site_name":"Ma\u00eetre Hassan Kohen, avocat en droit p\u00e9nal \u00e0 Paris","article_published_time":"2026-04-23T05:12:49+00:00","og_image":[{"width":2555,"height":3830,"url":"https:\/\/kohenavocats.com\/wp-content\/uploads\/2024\/11\/getty-images-TVMKiNPHZTE-unsplash.webp","type":"image\/webp"}],"author":"Kohen","twitter_card":"summary_large_image","twitter_misc":{"Escrito por":"Kohen","Tempo estimado de leitura":"3 minutos"},"schema":{"@context":"https:\/\/schema.org","@graph":[{"@type":"Article","@id":"https:\/\/kohenavocats.com\/pt-pt\/tribunal-judiciaire-de-dijon-le-3-octobre-2025-n24-00028\/#article","isPartOf":{"@id":"https:\/\/kohenavocats.com\/pt-pt\/tribunal-judiciaire-de-dijon-le-3-octobre-2025-n24-00028\/"},"author":{"name":"Kohen","@id":"https:\/\/kohenavocats.com\/pt-pt\/#\/schema\/person\/761c9ba54fa1ca84d405cef0831ff751"},"headline":"Tribunal judiciaire de Dijon, le 3 octobre 2025, n\u00b024\/00028","datePublished":"2026-04-23T05:12:49+00:00","mainEntityOfPage":{"@id":"https:\/\/kohenavocats.com\/pt-pt\/tribunal-judiciaire-de-dijon-le-3-octobre-2025-n24-00028\/"},"wordCount":613,"commentCount":0,"publisher":{"@id":"https:\/\/kohenavocats.com\/pt-pt\/#organization"},"image":{"@id":"https:\/\/kohenavocats.com\/pt-pt\/tribunal-judiciaire-de-dijon-le-3-octobre-2025-n24-00028\/#primaryimage"},"thumbnailUrl":"https:\/\/kohenavocats.com\/wp-content\/uploads\/2024\/11\/getty-images-TVMKiNPHZTE-unsplash.webp","articleSection":["Jurisprudence"],"inLanguage":"pt-PT","potentialAction":[{"@type":"CommentAction","name":"Comment","target":["https:\/\/kohenavocats.com\/pt-pt\/tribunal-judiciaire-de-dijon-le-3-octobre-2025-n24-00028\/#respond"]}],"citation":"Tribunal judiciaire de Dijon, le 3 octobre 2025, n\u00b024\/00028","about":[{"@type":"Thing","name":"Jurisprudence"}],"dateModified":"2026-04-23T05:12:49+00:00","speakable":{"@type":"SpeakableSpecification","cssSelector":[".article-content > p:first-of-type"]}},{"@type":"WebPage","@id":"https:\/\/kohenavocats.com\/pt-pt\/tribunal-judiciaire-de-dijon-le-3-octobre-2025-n24-00028\/","url":"https:\/\/kohenavocats.com\/pt-pt\/tribunal-judiciaire-de-dijon-le-3-octobre-2025-n24-00028\/","name":"Tribunal judiciaire de Dijon, le 3 octobre 2025, n\u00b024\/00028 - Ma\u00eetre Hassan Kohen, avocat en droit p\u00e9nal \u00e0 Paris","isPartOf":{"@id":"https:\/\/kohenavocats.com\/pt-pt\/#website"},"primaryImageOfPage":{"@id":"https:\/\/kohenavocats.com\/pt-pt\/tribunal-judiciaire-de-dijon-le-3-octobre-2025-n24-00028\/#primaryimage"},"image":{"@id":"https:\/\/kohenavocats.com\/pt-pt\/tribunal-judiciaire-de-dijon-le-3-octobre-2025-n24-00028\/#primaryimage"},"thumbnailUrl":"https:\/\/kohenavocats.com\/wp-content\/uploads\/2024\/11\/getty-images-TVMKiNPHZTE-unsplash.webp","datePublished":"2026-04-23T05:12:49+00:00","description":"Le tribunal judiciaire de Dijon, le 3 octobre 2025, statue sur un recours contre une contrainte \u00e9mise par un organisme de recouvrement. Une g\u00e9rante majoritai...","breadcrumb":{"@id":"https:\/\/kohenavocats.com\/pt-pt\/tribunal-judiciaire-de-dijon-le-3-octobre-2025-n24-00028\/#breadcrumb"},"inLanguage":"pt-PT","potentialAction":[{"@type":"ReadAction","target":["https:\/\/kohenavocats.com\/pt-pt\/tribunal-judiciaire-de-dijon-le-3-octobre-2025-n24-00028\/"]}]},{"@type":"ImageObject","inLanguage":"pt-PT","@id":"https:\/\/kohenavocats.com\/pt-pt\/tribunal-judiciaire-de-dijon-le-3-octobre-2025-n24-00028\/#primaryimage","url":"https:\/\/kohenavocats.com\/wp-content\/uploads\/2024\/11\/getty-images-TVMKiNPHZTE-unsplash.webp","contentUrl":"https:\/\/kohenavocats.com\/wp-content\/uploads\/2024\/11\/getty-images-TVMKiNPHZTE-unsplash.webp","width":2555,"height":3830},{"@type":"BreadcrumbList","@id":"https:\/\/kohenavocats.com\/pt-pt\/tribunal-judiciaire-de-dijon-le-3-octobre-2025-n24-00028\/#breadcrumb","itemListElement":[{"@type":"ListItem","position":1,"name":"Home","item":"https:\/\/kohenavocats.com\/pt-pt\/avocats-en-droit-penal-a-paris-conseil-et-defense-strategique\/"},{"@type":"ListItem","position":2,"name":"Tribunal judiciaire de Dijon, le 3 octobre 2025, n\u00b024\/00028"}]},{"@type":"WebSite","@id":"https:\/\/kohenavocats.com\/pt-pt\/#website","url":"https:\/\/kohenavocats.com\/pt-pt\/","name":"Kohen Avocats","description":"Ma\u00eetre Hassan Kohen, avocat p\u00e9naliste \u00e0 Paris, intervient exclusivement en droit p\u00e9nal pour la d\u00e9fense des particuliers, notamment en mati\u00e8re d\u2019accusations de viol. Il assure un accompagnement rigoureux d\u00e8s la garde \u00e0 vue jusqu\u2019\u00e0 la Cour d\u2019assises, veillant au strict respect des garanties proc\u00e9durales.","publisher":{"@id":"https:\/\/kohenavocats.com\/pt-pt\/#organization"},"potentialAction":[{"@type":"SearchAction","target":{"@type":"EntryPoint","urlTemplate":"https:\/\/kohenavocats.com\/pt-pt\/?s={search_term_string}"},"query-input":{"@type":"PropertyValueSpecification","valueRequired":true,"valueName":"search_term_string"}}],"inLanguage":"pt-PT"},{"@type":"Organization","@id":"https:\/\/kohenavocats.com\/pt-pt\/#organization","name":"Kohen Avocats","url":"https:\/\/kohenavocats.com\/pt-pt\/","logo":{"@type":"ImageObject","inLanguage":"pt-PT","@id":"https:\/\/kohenavocats.com\/pt-pt\/#\/schema\/logo\/image\/","url":"https:\/\/kohenavocats.com\/wp-content\/uploads\/2026\/01\/Logo-2-1.webp","contentUrl":"https:\/\/kohenavocats.com\/wp-content\/uploads\/2026\/01\/Logo-2-1.webp","width":2114,"height":1253,"caption":"Kohen Avocats"},"image":{"@id":"https:\/\/kohenavocats.com\/pt-pt\/#\/schema\/logo\/image\/"}},{"@type":"Person","@id":"https:\/\/kohenavocats.com\/pt-pt\/#\/schema\/person\/761c9ba54fa1ca84d405cef0831ff751","name":"Kohen","image":{"@type":"ImageObject","inLanguage":"pt-PT","@id":"https:\/\/secure.gravatar.com\/avatar\/1c5e76ef76bbbfdd2b4da984e2bf2fa4056fd51a27d25ce2c332047f1dfd6e00?s=96&d=identicon&r=g","url":"https:\/\/secure.gravatar.com\/avatar\/1c5e76ef76bbbfdd2b4da984e2bf2fa4056fd51a27d25ce2c332047f1dfd6e00?s=96&d=identicon&r=g","contentUrl":"https:\/\/secure.gravatar.com\/avatar\/1c5e76ef76bbbfdd2b4da984e2bf2fa4056fd51a27d25ce2c332047f1dfd6e00?s=96&d=identicon&r=g","caption":"Kohen"},"sameAs":["https:\/\/www.linkedin.com\/in\/hassan-kohen-448548192\/","https:\/\/www.youtube.com\/@Kohen-Avocats"],"url":"https:\/\/kohenavocats.com\/pt-pt\/author\/kohenmlk\/"}]}},"jetpack_featured_media_url":"https:\/\/kohenavocats.com\/wp-content\/uploads\/2024\/11\/getty-images-TVMKiNPHZTE-unsplash.webp","jetpack_likes_enabled":false,"jetpack_shortlink":"https:\/\/wp.me\/peCrII-2KKs","jetpack-related-posts":[{"id":302955,"url":"https:\/\/kohenavocats.com\/pt-pt\/tribunal-judiciaire-de-angers-le-17-juillet-2025-n23-00695\/","url_meta":{"origin":656360,"position":0},"title":"Tribunal judiciaire de Angers, le 17 juillet 2025, n\u00b023\/00695","author":"Kohen","date":"5 de Fevereiro, 2026","format":false,"excerpt":"Le jugement rendu en mati\u00e8re de contentieux de la s\u00e9curit\u00e9 sociale tranche une opposition \u00e0 contrainte. Il valide le recouvrement de cotisations dues par un chirurgien-dentiste associ\u00e9 d\u2019une SELARL. La d\u00e9cision soul\u00e8ve la question de la qualification de l\u2019activit\u00e9 professionnelle. Elle rappelle \u00e9galement l\u2019importance du respect des d\u00e9lais de recours\u2026","rel":"","context":"In &quot;D\u00e9cisions juridiques&quot;","block_context":{"text":"D\u00e9cisions juridiques","link":"https:\/\/kohenavocats.com\/category\/decisions-juridiques\/"},"img":{"alt_text":"","src":"https:\/\/i0.wp.com\/kohenavocats.com\/wp-content\/uploads\/2024\/07\/leonard-cotte-R5scocnOOdM-unsplash.webp?resize=350%2C200&ssl=1","width":350,"height":200,"srcset":"https:\/\/i0.wp.com\/kohenavocats.com\/wp-content\/uploads\/2024\/07\/leonard-cotte-R5scocnOOdM-unsplash.webp?resize=350%2C200&ssl=1 1x, https:\/\/i0.wp.com\/kohenavocats.com\/wp-content\/uploads\/2024\/07\/leonard-cotte-R5scocnOOdM-unsplash.webp?resize=525%2C300&ssl=1 1.5x, https:\/\/i0.wp.com\/kohenavocats.com\/wp-content\/uploads\/2024\/07\/leonard-cotte-R5scocnOOdM-unsplash.webp?resize=700%2C400&ssl=1 2x, https:\/\/i0.wp.com\/kohenavocats.com\/wp-content\/uploads\/2024\/07\/leonard-cotte-R5scocnOOdM-unsplash.webp?resize=1050%2C600&ssl=1 3x, https:\/\/i0.wp.com\/kohenavocats.com\/wp-content\/uploads\/2024\/07\/leonard-cotte-R5scocnOOdM-unsplash.webp?resize=1400%2C800&ssl=1 4x"},"classes":[]},{"id":718808,"url":"https:\/\/kohenavocats.com\/pt-pt\/tribunal-judiciaire-de-reims-le-26-janvier-2026-n25-00267\/","url_meta":{"origin":656360,"position":1},"title":"Tribunal judiciaire de Reims, le 26 janvier 2026, n\u00b025\/00267","author":"Kohen","date":"28 de Abril, 2026","format":false,"excerpt":"Le tribunal judiciaire de Reims, dans son jugement du 26 janvier 2026, statuait sur le recours d\u2019un g\u00e9rant majoritaire contestant des mises en demeure de...","rel":"","context":"In &quot;D\u00e9cisions juridiques&quot;","block_context":{"text":"D\u00e9cisions juridiques","link":"https:\/\/kohenavocats.com\/category\/decisions-juridiques\/"},"img":{"alt_text":"","src":"https:\/\/i0.wp.com\/kohenavocats.com\/wp-content\/uploads\/2024\/11\/zyanya-citlalli-0ITfUIWxi9k-unsplash.webp?resize=350%2C200&ssl=1","width":350,"height":200,"srcset":"https:\/\/i0.wp.com\/kohenavocats.com\/wp-content\/uploads\/2024\/11\/zyanya-citlalli-0ITfUIWxi9k-unsplash.webp?resize=350%2C200&ssl=1 1x, https:\/\/i0.wp.com\/kohenavocats.com\/wp-content\/uploads\/2024\/11\/zyanya-citlalli-0ITfUIWxi9k-unsplash.webp?resize=525%2C300&ssl=1 1.5x, https:\/\/i0.wp.com\/kohenavocats.com\/wp-content\/uploads\/2024\/11\/zyanya-citlalli-0ITfUIWxi9k-unsplash.webp?resize=700%2C400&ssl=1 2x, https:\/\/i0.wp.com\/kohenavocats.com\/wp-content\/uploads\/2024\/11\/zyanya-citlalli-0ITfUIWxi9k-unsplash.webp?resize=1050%2C600&ssl=1 3x, https:\/\/i0.wp.com\/kohenavocats.com\/wp-content\/uploads\/2024\/11\/zyanya-citlalli-0ITfUIWxi9k-unsplash.webp?resize=1400%2C800&ssl=1 4x"},"classes":[]},{"id":719110,"url":"https:\/\/kohenavocats.com\/pt-pt\/tribunal-judiciaire-de-paris-le-28-janvier-2026-n23-03339\/","url_meta":{"origin":656360,"position":2},"title":"Tribunal judiciaire de Paris, le 28 janvier 2026, n\u00b023\/03339","author":"Kohen","date":"28 de Abril, 2026","format":false,"excerpt":"Le tribunal judiciaire de Paris, dans un jugement du 28 janvier 2026, a statu\u00e9 sur l'opposition d'un travailleur lib\u00e9ral \u00e0 une contrainte d\u00e9livr\u00e9e par l'URSS...","rel":"","context":"In &quot;Jurisprudence&quot;","block_context":{"text":"Jurisprudence","link":"https:\/\/kohenavocats.com\/category\/jurisprudence\/"},"img":{"alt_text":"","src":"https:\/\/i0.wp.com\/kohenavocats.com\/wp-content\/uploads\/2024\/11\/laura-adai-jnFyVBtmWtI-unsplash.webp?resize=350%2C200&ssl=1","width":350,"height":200,"srcset":"https:\/\/i0.wp.com\/kohenavocats.com\/wp-content\/uploads\/2024\/11\/laura-adai-jnFyVBtmWtI-unsplash.webp?resize=350%2C200&ssl=1 1x, https:\/\/i0.wp.com\/kohenavocats.com\/wp-content\/uploads\/2024\/11\/laura-adai-jnFyVBtmWtI-unsplash.webp?resize=525%2C300&ssl=1 1.5x, https:\/\/i0.wp.com\/kohenavocats.com\/wp-content\/uploads\/2024\/11\/laura-adai-jnFyVBtmWtI-unsplash.webp?resize=700%2C400&ssl=1 2x, https:\/\/i0.wp.com\/kohenavocats.com\/wp-content\/uploads\/2024\/11\/laura-adai-jnFyVBtmWtI-unsplash.webp?resize=1050%2C600&ssl=1 3x, https:\/\/i0.wp.com\/kohenavocats.com\/wp-content\/uploads\/2024\/11\/laura-adai-jnFyVBtmWtI-unsplash.webp?resize=1400%2C800&ssl=1 4x"},"classes":[]},{"id":304522,"url":"https:\/\/kohenavocats.com\/pt-pt\/tribunal-judiciaire-de-reims-le-11-juillet-2025-n24-00212\/","url_meta":{"origin":656360,"position":3},"title":"Tribunal judiciaire de Reims, le 11 juillet 2025, n\u00b024\/00212","author":"Kohen","date":"5 de Fevereiro, 2026","format":false,"excerpt":"Le jugement rejette l\u2019opposition form\u00e9e contre une contrainte \u00e9mise par un organisme de recouvrement. Le tribunal valide la cr\u00e9ance sociale r\u00e9clam\u00e9e et condamne la cotisante d\u00e9faillante. Cette d\u00e9cision illustre les cons\u00e9quences proc\u00e9durales de la non-comparution et rappelle le r\u00e9gime probatoire propre au contentieux de la contrainte.**I. Le rejet de l\u2019opposition\u2026","rel":"","context":"In &quot;D\u00e9cisions juridiques&quot;","block_context":{"text":"D\u00e9cisions juridiques","link":"https:\/\/kohenavocats.com\/category\/decisions-juridiques\/"},"img":{"alt_text":"","src":"https:\/\/i0.wp.com\/kohenavocats.com\/wp-content\/uploads\/2024\/07\/giammarco-boscaro-xLhKkk2tKkA-unsplash.webp?resize=350%2C200&ssl=1","width":350,"height":200,"srcset":"https:\/\/i0.wp.com\/kohenavocats.com\/wp-content\/uploads\/2024\/07\/giammarco-boscaro-xLhKkk2tKkA-unsplash.webp?resize=350%2C200&ssl=1 1x, https:\/\/i0.wp.com\/kohenavocats.com\/wp-content\/uploads\/2024\/07\/giammarco-boscaro-xLhKkk2tKkA-unsplash.webp?resize=525%2C300&ssl=1 1.5x, https:\/\/i0.wp.com\/kohenavocats.com\/wp-content\/uploads\/2024\/07\/giammarco-boscaro-xLhKkk2tKkA-unsplash.webp?resize=700%2C400&ssl=1 2x, https:\/\/i0.wp.com\/kohenavocats.com\/wp-content\/uploads\/2024\/07\/giammarco-boscaro-xLhKkk2tKkA-unsplash.webp?resize=1050%2C600&ssl=1 3x, https:\/\/i0.wp.com\/kohenavocats.com\/wp-content\/uploads\/2024\/07\/giammarco-boscaro-xLhKkk2tKkA-unsplash.webp?resize=1400%2C800&ssl=1 4x"},"classes":[]},{"id":303560,"url":"https:\/\/kohenavocats.com\/pt-pt\/tribunal-judiciaire-de-angers-le-17-juillet-2025-n23-00697\/","url_meta":{"origin":656360,"position":4},"title":"Tribunal judiciaire de Angers, le 17 juillet 2025, n\u00b023\/00697","author":"Kohen","date":"5 de Fevereiro, 2026","format":false,"excerpt":"Le jugement statue sur une opposition \u00e0 contrainte relative au r\u00e9gime de s\u00e9curit\u00e9 sociale applicable \u00e0 un chirurgien-dentiste. Ce dernier exerce son activit\u00e9 au sein d\u2019une SELARL dont il est associ\u00e9 minoritaire. L\u2019organisme de retraite des professions lib\u00e9rales maintient son affiliation et \u00e9met une contrainte. Le tribunal annule cette contrainte\u2026","rel":"","context":"In &quot;D\u00e9cisions juridiques&quot;","block_context":{"text":"D\u00e9cisions juridiques","link":"https:\/\/kohenavocats.com\/category\/decisions-juridiques\/"},"img":{"alt_text":"","src":"https:\/\/i0.wp.com\/kohenavocats.com\/wp-content\/uploads\/2024\/08\/maxwell-andrews-RHEm0vS4QNE-unsplash.webp?resize=350%2C200&ssl=1","width":350,"height":200,"srcset":"https:\/\/i0.wp.com\/kohenavocats.com\/wp-content\/uploads\/2024\/08\/maxwell-andrews-RHEm0vS4QNE-unsplash.webp?resize=350%2C200&ssl=1 1x, https:\/\/i0.wp.com\/kohenavocats.com\/wp-content\/uploads\/2024\/08\/maxwell-andrews-RHEm0vS4QNE-unsplash.webp?resize=525%2C300&ssl=1 1.5x, https:\/\/i0.wp.com\/kohenavocats.com\/wp-content\/uploads\/2024\/08\/maxwell-andrews-RHEm0vS4QNE-unsplash.webp?resize=700%2C400&ssl=1 2x, https:\/\/i0.wp.com\/kohenavocats.com\/wp-content\/uploads\/2024\/08\/maxwell-andrews-RHEm0vS4QNE-unsplash.webp?resize=1050%2C600&ssl=1 3x, https:\/\/i0.wp.com\/kohenavocats.com\/wp-content\/uploads\/2024\/08\/maxwell-andrews-RHEm0vS4QNE-unsplash.webp?resize=1400%2C800&ssl=1 4x"},"classes":[]},{"id":794193,"url":"https:\/\/kohenavocats.com\/pt-pt\/tribunal-judiciaire-de-marseille-le-11-decembre-2025-n22-02791\/","url_meta":{"origin":656360,"position":5},"title":"Tribunal judiciaire de Marseille, le 11 d\u00e9cembre 2025, n\u00b022\/02791","author":"Kohen","date":"1 de Maio, 2026","format":false,"excerpt":"Le tribunal judiciaire de Marseille, dans son jugement r\u00e9put\u00e9 contradictoire du 11 d\u00e9cembre 2025, statue sur une opposition \u00e0 contrainte \u00e9mise par l'URSSAF. ...","rel":"","context":"In &quot;Jurisprudence&quot;","block_context":{"text":"Jurisprudence","link":"https:\/\/kohenavocats.com\/category\/jurisprudence\/"},"img":{"alt_text":"","src":"https:\/\/i0.wp.com\/kohenavocats.com\/wp-content\/uploads\/2024\/11\/laura-adai-hhsSCQVroM8-unsplash.webp?resize=350%2C200&ssl=1","width":350,"height":200,"srcset":"https:\/\/i0.wp.com\/kohenavocats.com\/wp-content\/uploads\/2024\/11\/laura-adai-hhsSCQVroM8-unsplash.webp?resize=350%2C200&ssl=1 1x, https:\/\/i0.wp.com\/kohenavocats.com\/wp-content\/uploads\/2024\/11\/laura-adai-hhsSCQVroM8-unsplash.webp?resize=525%2C300&ssl=1 1.5x, https:\/\/i0.wp.com\/kohenavocats.com\/wp-content\/uploads\/2024\/11\/laura-adai-hhsSCQVroM8-unsplash.webp?resize=700%2C400&ssl=1 2x, https:\/\/i0.wp.com\/kohenavocats.com\/wp-content\/uploads\/2024\/11\/laura-adai-hhsSCQVroM8-unsplash.webp?resize=1050%2C600&ssl=1 3x, https:\/\/i0.wp.com\/kohenavocats.com\/wp-content\/uploads\/2024\/11\/laura-adai-hhsSCQVroM8-unsplash.webp?resize=1400%2C800&ssl=1 4x"},"classes":[]}],"jetpack_sharing_enabled":true,"_links":{"self":[{"href":"https:\/\/kohenavocats.com\/pt-pt\/wp-json\/wp\/v2\/posts\/656360","targetHints":{"allow":["GET"]}}],"collection":[{"href":"https:\/\/kohenavocats.com\/pt-pt\/wp-json\/wp\/v2\/posts"}],"about":[{"href":"https:\/\/kohenavocats.com\/pt-pt\/wp-json\/wp\/v2\/types\/post"}],"author":[{"embeddable":true,"href":"https:\/\/kohenavocats.com\/pt-pt\/wp-json\/wp\/v2\/users\/232070755"}],"replies":[{"embeddable":true,"href":"https:\/\/kohenavocats.com\/pt-pt\/wp-json\/wp\/v2\/comments?post=656360"}],"version-history":[{"count":0,"href":"https:\/\/kohenavocats.com\/pt-pt\/wp-json\/wp\/v2\/posts\/656360\/revisions"}],"wp:featuredmedia":[{"embeddable":true,"href":"https:\/\/kohenavocats.com\/pt-pt\/wp-json\/wp\/v2\/media\/9694"}],"wp:attachment":[{"href":"https:\/\/kohenavocats.com\/pt-pt\/wp-json\/wp\/v2\/media?parent=656360"}],"wp:term":[{"taxonomy":"category","embeddable":true,"href":"https:\/\/kohenavocats.com\/pt-pt\/wp-json\/wp\/v2\/categories?post=656360"},{"taxonomy":"post_tag","embeddable":true,"href":"https:\/\/kohenavocats.com\/pt-pt\/wp-json\/wp\/v2\/tags?post=656360"}],"curies":[{"name":"wp","href":"https:\/\/api.w.org\/{rel}","templated":true}]}}