{"id":656767,"date":"2026-04-23T07:52:51","date_gmt":"2026-04-23T05:52:51","guid":{"rendered":"https:\/\/kohenavocats.com\/tribunal-judiciaire-de-saint-etienne-le-30-septembre-2025-n25-00567-2\/"},"modified":"2026-04-23T07:52:51","modified_gmt":"2026-04-23T05:52:51","slug":"tribunal-judiciaire-de-saint-etienne-le-30-septembre-2025-n25-00567-2","status":"publish","type":"post","link":"https:\/\/kohenavocats.com\/pt-pt\/tribunal-judiciaire-de-saint-etienne-le-30-septembre-2025-n25-00567-2\/","title":{"rendered":"Tribunal judiciaire de Saint-\u00c9tienne, le 30 septembre 2025, n\u00b025\/00567"},"content":{"rendered":"<div class=\"article-content\">\n<p>Le tribunal judiciaire de Saint-\u00c9tienne, statuant en r\u00e9f\u00e9r\u00e9 le 30 septembre 2025, se prononce sur une demande d\u2019expertise. La demande \u00e9mane d\u2019un propri\u00e9taire confront\u00e9 \u00e0 un arr\u00eat\u00e9 de p\u00e9ril concernant un mur et une passerelle. Ce propri\u00e9taire invoque l\u2019\u00e9tat d\u00e9grad\u00e9 des ouvrages et cherche \u00e0 \u00e9tablir les responsabilit\u00e9s. Le juge accueille la requ\u00eate en ordonnant une mesure d\u2019instruction. Il fixe \u00e9galement les conditions de son d\u00e9roulement et de son financement.<\/p>\n<p>La recevabilit\u00e9 de la demande d\u2019expertise pr\u00e9alable<\/p>\n<p>Le juge v\u00e9rifie d\u2019abord l\u2019existence d\u2019un motif l\u00e9gitime pour la mesure. Le requ\u00e9rant justifie son besoin par un rapport ant\u00e9rieur soulignant des d\u00e9sordres importants. Ce document \u00e9voque des risques de chute et un \u00e9tat de corrosion tr\u00e8s avanc\u00e9. L\u2019existence d\u2019un litige sur la propri\u00e9t\u00e9 du mur et les causes des d\u00e9sordres est \u00e9tablie. Le juge applique donc le principe selon lequel &#8220;s&#8217;il existe un motif l\u00e9gitime de conserver ou d&#8217;\u00e9tablir avant tout proc\u00e8s la preuve de faits dont pourrait d\u00e9pendre la solution d&#8217;un litige, les mesures d&#8217;instruction l\u00e9galement admissibles peuvent \u00eatre ordonn\u00e9es&#8221; (article 145 du code de proc\u00e9dure civile). La demande est ainsi fond\u00e9e sur un int\u00e9r\u00eat l\u00e9gitime \u00e0 \u00e9claircir des faits techniques complexes.<\/p>\n<p>La mission confi\u00e9e \u00e0 l\u2019expert est ensuite d\u00e9taill\u00e9e avec pr\u00e9cision. Elle couvre l\u2019analyse des causes de la d\u00e9stabilisation des murs et de la passerelle. L\u2019expert devra aussi \u00e9valuer la nature et le co\u00fbt des travaux de r\u00e9paration n\u00e9cessaires. Une part essentielle de sa mission consiste \u00e0 recueillir les \u00e9l\u00e9ments utiles pour d\u00e9terminer la propri\u00e9t\u00e9 du mur s\u00e9paratif. Cette question est centrale pour la suite du litige, notamment sur la r\u00e9partition des charges. La jurisprudence rappelle en effet que &#8220;le mur de sout\u00e8nement est pr\u00e9sum\u00e9 appartenir \u00e0 celui dont il soutient les terres et qui en profite&#8221; (Tribunal judiciaire de Strasbourg, le 21 janvier 2026, n\u00b024\/07235). L\u2019expertise vise donc \u00e0 pr\u00e9parer un futur jugement au fond.<\/p>\n<p>L\u2019encadrement proc\u00e9dural et financier de la mesure<\/p>\n<p>Le juge organise m\u00e9ticuleusement le d\u00e9roulement de l\u2019expertise pour garantir son efficacit\u00e9. Il impose un calendrier strict, avec une premi\u00e8re r\u00e9union dans les cinq semaines. L\u2019expert doit fournir un pr\u00e9-rapport et recueillir les observations \u00e9crites des parties. Un magistrat est sp\u00e9cifiquement d\u00e9sign\u00e9 pour contr\u00f4ler l\u2019avancement des op\u00e9rations. Ce cadre proc\u00e9dural rigoureux assure le respect du principe de contradiction. Il permet \u00e9galement de pr\u00e9venir tout retard et de garantir la qualit\u00e9 des conclusions de l\u2019expert. La mesure est ainsi plac\u00e9e sous la surveillance constante de la juridiction.<\/p>\n<p>La question financi\u00e8re est r\u00e9solue au profit de la partie qui b\u00e9n\u00e9ficie de la mesure. Le juge condamne le demandeur \u00e0 supporter l\u2019int\u00e9gralit\u00e9 des d\u00e9pens de l\u2019instance. Il fixe \u00e9galement une provision de quatre mille euros \u00e0 sa charge pour l\u2019avance des frais d\u2019expertise. Cette consignation est une condition de validit\u00e9 de la d\u00e9signation de l\u2019expert. Cette solution s\u2019explique par le fait que la mesure est sollicit\u00e9e et profite principalement au requ\u00e9rant. Elle \u00e9vite ainsi de grever l\u2019autre partie de frais li\u00e9s \u00e0 une initiative qu\u2019elle ne soutient pas. La charge financi\u00e8re est donc corr\u00e9l\u00e9e \u00e0 l\u2019int\u00e9r\u00eat personnel \u00e0 la preuve.<\/p>\n<p>Cette d\u00e9cision illustre la rigueur avec laquelle le juge des r\u00e9f\u00e9r\u00e9s use du pouvoir d\u2019ordonner des mesures d\u2019instruction. Elle conditionne l\u2019expertise \u00e0 un motif l\u00e9gitime et l\u2019encadre strictement pour en garantir l\u2019utilit\u00e9. La r\u00e9partition des frais rappelle que l\u2019avance des co\u00fbts incombe g\u00e9n\u00e9ralement au demandeur. La port\u00e9e de l\u2019arr\u00eat est pratique car elle s\u00e9curise l\u2019acc\u00e8s \u00e0 une preuve technique complexe. Sa valeur r\u00e9side dans l\u2019\u00e9quilibre trouv\u00e9 entre l\u2019efficacit\u00e9 de l\u2019instruction et la protection des int\u00e9r\u00eats de la partie d\u00e9fenderesse.<\/p>\n<\/div>\n","protected":false},"excerpt":{"rendered":"<p>Le tribunal judiciaire de Saint-\u00c9tienne, statuant en r\u00e9f\u00e9r\u00e9 le 30 septembre 2025, se prononce sur une demande d\u2019expertise. La demande \u00e9mane d\u2019un propri\u00e9taire&#8230;<\/p>\n","protected":false},"author":232070755,"featured_media":4874,"comment_status":"open","ping_status":"open","sticky":false,"template":"","format":"standard","meta":{"_crdt_document":"","_jetpack_newsletter_access":"","_jetpack_dont_email_post_to_subs":false,"_jetpack_newsletter_tier_id":0,"_jetpack_memberships_contains_paywalled_content":false,"_jetpack_memberships_contains_paid_content":false,"footnotes":"","jetpack_post_was_ever_published":false},"categories":[7597],"tags":[],"class_list":["post-656767","post","type-post","status-publish","format-standard","has-post-thumbnail","hentry","category-jurisprudence"],"yoast_head":"<!-- This site is optimized with the Yoast SEO Premium plugin v27.4 (Yoast SEO v27.4) - https:\/\/yoast.com\/product\/yoast-seo-premium-wordpress\/ -->\n<title>Tribunal judiciaire de Saint-\u00c9tienne, le 30 septembre 2025, n\u00b025\/00567 - Ma\u00eetre Hassan Kohen, avocat en droit p\u00e9nal \u00e0 Paris<\/title>\n<meta name=\"description\" content=\"Le tribunal judiciaire de Saint-\u00c9tienne, statuant en r\u00e9f\u00e9r\u00e9 le 30 septembre 2025, se prononce sur une demande d\u2019expertise. La demande \u00e9mane d\u2019un propri\u00e9taire...\" \/>\n<meta name=\"robots\" content=\"index, follow, max-snippet:-1, max-image-preview:large, max-video-preview:-1\" \/>\n<link rel=\"canonical\" href=\"https:\/\/kohenavocats.com\/pt-pt\/tribunal-judiciaire-de-saint-etienne-le-30-septembre-2025-n25-00567-2\/\" \/>\n<meta property=\"og:locale\" content=\"pt_PT\" \/>\n<meta property=\"og:type\" content=\"article\" \/>\n<meta property=\"og:title\" content=\"Tribunal judiciaire de Saint-\u00c9tienne, le 30 septembre 2025, n\u00b025\/00567\" \/>\n<meta property=\"og:description\" content=\"Le tribunal judiciaire de Saint-\u00c9tienne, statuant en r\u00e9f\u00e9r\u00e9 le 30 septembre 2025, se prononce sur une demande d\u2019expertise. La demande \u00e9mane d\u2019un propri\u00e9taire...\" \/>\n<meta property=\"og:url\" content=\"https:\/\/kohenavocats.com\/pt-pt\/tribunal-judiciaire-de-saint-etienne-le-30-septembre-2025-n25-00567-2\/\" \/>\n<meta property=\"og:site_name\" content=\"Ma\u00eetre Hassan Kohen, avocat en droit p\u00e9nal \u00e0 Paris\" \/>\n<meta property=\"article:published_time\" content=\"2026-04-23T05:52:51+00:00\" \/>\n<meta property=\"og:image\" content=\"https:\/\/kohenavocats.com\/wp-content\/uploads\/2024\/08\/asa-rodger-QTbiwll3e68-unsplash.webp\" \/>\n\t<meta property=\"og:image:width\" content=\"5172\" \/>\n\t<meta property=\"og:image:height\" content=\"3448\" \/>\n\t<meta property=\"og:image:type\" content=\"image\/webp\" \/>\n<meta name=\"author\" content=\"Kohen\" \/>\n<meta name=\"twitter:card\" content=\"summary_large_image\" \/>\n<meta name=\"twitter:label1\" content=\"Escrito por\" \/>\n\t<meta name=\"twitter:data1\" content=\"Kohen\" \/>\n\t<meta name=\"twitter:label2\" content=\"Tempo estimado de leitura\" \/>\n\t<meta name=\"twitter:data2\" content=\"3 minutos\" \/>\n<script type=\"application\/ld+json\" class=\"yoast-schema-graph\">{\"@context\":\"https:\\\/\\\/schema.org\",\"@graph\":[{\"@type\":\"Article\",\"@id\":\"https:\\\/\\\/kohenavocats.com\\\/pt-pt\\\/tribunal-judiciaire-de-saint-etienne-le-30-septembre-2025-n25-00567-2\\\/#article\",\"isPartOf\":{\"@id\":\"https:\\\/\\\/kohenavocats.com\\\/pt-pt\\\/tribunal-judiciaire-de-saint-etienne-le-30-septembre-2025-n25-00567-2\\\/\"},\"author\":{\"name\":\"Kohen\",\"@id\":\"https:\\\/\\\/kohenavocats.com\\\/pt-pt\\\/#\\\/schema\\\/person\\\/761c9ba54fa1ca84d405cef0831ff751\"},\"headline\":\"Tribunal judiciaire de Saint-\u00c9tienne, le 30 septembre 2025, n\u00b025\\\/00567\",\"datePublished\":\"2026-04-23T05:52:51+00:00\",\"mainEntityOfPage\":{\"@id\":\"https:\\\/\\\/kohenavocats.com\\\/pt-pt\\\/tribunal-judiciaire-de-saint-etienne-le-30-septembre-2025-n25-00567-2\\\/\"},\"wordCount\":702,\"commentCount\":0,\"publisher\":{\"@id\":\"https:\\\/\\\/kohenavocats.com\\\/pt-pt\\\/#organization\"},\"image\":{\"@id\":\"https:\\\/\\\/kohenavocats.com\\\/pt-pt\\\/tribunal-judiciaire-de-saint-etienne-le-30-septembre-2025-n25-00567-2\\\/#primaryimage\"},\"thumbnailUrl\":\"https:\\\/\\\/kohenavocats.com\\\/wp-content\\\/uploads\\\/2024\\\/08\\\/asa-rodger-QTbiwll3e68-unsplash.webp\",\"articleSection\":[\"Jurisprudence\"],\"inLanguage\":\"pt-PT\",\"potentialAction\":[{\"@type\":\"CommentAction\",\"name\":\"Comment\",\"target\":[\"https:\\\/\\\/kohenavocats.com\\\/pt-pt\\\/tribunal-judiciaire-de-saint-etienne-le-30-septembre-2025-n25-00567-2\\\/#respond\"]}],\"citation\":\"Tribunal judiciaire de Saint-\u00c9tienne, le 30 septembre 2025, n\u00b025\\\/00567\",\"about\":[{\"@type\":\"Thing\",\"name\":\"Jurisprudence\"}],\"dateModified\":\"2026-04-23T05:52:51+00:00\",\"speakable\":{\"@type\":\"SpeakableSpecification\",\"cssSelector\":[\".article-content > p:first-of-type\"]}},{\"@type\":\"WebPage\",\"@id\":\"https:\\\/\\\/kohenavocats.com\\\/pt-pt\\\/tribunal-judiciaire-de-saint-etienne-le-30-septembre-2025-n25-00567-2\\\/\",\"url\":\"https:\\\/\\\/kohenavocats.com\\\/pt-pt\\\/tribunal-judiciaire-de-saint-etienne-le-30-septembre-2025-n25-00567-2\\\/\",\"name\":\"Tribunal judiciaire de Saint-\u00c9tienne, le 30 septembre 2025, n\u00b025\\\/00567 - Ma\u00eetre Hassan Kohen, avocat en droit p\u00e9nal \u00e0 Paris\",\"isPartOf\":{\"@id\":\"https:\\\/\\\/kohenavocats.com\\\/pt-pt\\\/#website\"},\"primaryImageOfPage\":{\"@id\":\"https:\\\/\\\/kohenavocats.com\\\/pt-pt\\\/tribunal-judiciaire-de-saint-etienne-le-30-septembre-2025-n25-00567-2\\\/#primaryimage\"},\"image\":{\"@id\":\"https:\\\/\\\/kohenavocats.com\\\/pt-pt\\\/tribunal-judiciaire-de-saint-etienne-le-30-septembre-2025-n25-00567-2\\\/#primaryimage\"},\"thumbnailUrl\":\"https:\\\/\\\/kohenavocats.com\\\/wp-content\\\/uploads\\\/2024\\\/08\\\/asa-rodger-QTbiwll3e68-unsplash.webp\",\"datePublished\":\"2026-04-23T05:52:51+00:00\",\"description\":\"Le tribunal judiciaire de Saint-\u00c9tienne, statuant en r\u00e9f\u00e9r\u00e9 le 30 septembre 2025, se prononce sur une demande d\u2019expertise. La demande \u00e9mane d\u2019un propri\u00e9taire...\",\"breadcrumb\":{\"@id\":\"https:\\\/\\\/kohenavocats.com\\\/pt-pt\\\/tribunal-judiciaire-de-saint-etienne-le-30-septembre-2025-n25-00567-2\\\/#breadcrumb\"},\"inLanguage\":\"pt-PT\",\"potentialAction\":[{\"@type\":\"ReadAction\",\"target\":[\"https:\\\/\\\/kohenavocats.com\\\/pt-pt\\\/tribunal-judiciaire-de-saint-etienne-le-30-septembre-2025-n25-00567-2\\\/\"]}]},{\"@type\":\"ImageObject\",\"inLanguage\":\"pt-PT\",\"@id\":\"https:\\\/\\\/kohenavocats.com\\\/pt-pt\\\/tribunal-judiciaire-de-saint-etienne-le-30-septembre-2025-n25-00567-2\\\/#primaryimage\",\"url\":\"https:\\\/\\\/kohenavocats.com\\\/wp-content\\\/uploads\\\/2024\\\/08\\\/asa-rodger-QTbiwll3e68-unsplash.webp\",\"contentUrl\":\"https:\\\/\\\/kohenavocats.com\\\/wp-content\\\/uploads\\\/2024\\\/08\\\/asa-rodger-QTbiwll3e68-unsplash.webp\",\"width\":5172,\"height\":3448},{\"@type\":\"BreadcrumbList\",\"@id\":\"https:\\\/\\\/kohenavocats.com\\\/pt-pt\\\/tribunal-judiciaire-de-saint-etienne-le-30-septembre-2025-n25-00567-2\\\/#breadcrumb\",\"itemListElement\":[{\"@type\":\"ListItem\",\"position\":1,\"name\":\"Home\",\"item\":\"https:\\\/\\\/kohenavocats.com\\\/pt-pt\\\/avocats-en-droit-penal-a-paris-conseil-et-defense-strategique\\\/\"},{\"@type\":\"ListItem\",\"position\":2,\"name\":\"Tribunal judiciaire de Saint-\u00c9tienne, le 30 septembre 2025, n\u00b025\\\/00567\"}]},{\"@type\":\"WebSite\",\"@id\":\"https:\\\/\\\/kohenavocats.com\\\/pt-pt\\\/#website\",\"url\":\"https:\\\/\\\/kohenavocats.com\\\/pt-pt\\\/\",\"name\":\"Kohen Avocats\",\"description\":\"Ma\u00eetre Hassan Kohen, avocat p\u00e9naliste \u00e0 Paris, intervient exclusivement en droit p\u00e9nal pour la d\u00e9fense des particuliers, notamment en mati\u00e8re d\u2019accusations de viol. Il assure un accompagnement rigoureux d\u00e8s la garde \u00e0 vue jusqu\u2019\u00e0 la Cour d\u2019assises, veillant au strict respect des garanties proc\u00e9durales.\",\"publisher\":{\"@id\":\"https:\\\/\\\/kohenavocats.com\\\/pt-pt\\\/#organization\"},\"potentialAction\":[{\"@type\":\"SearchAction\",\"target\":{\"@type\":\"EntryPoint\",\"urlTemplate\":\"https:\\\/\\\/kohenavocats.com\\\/pt-pt\\\/?s={search_term_string}\"},\"query-input\":{\"@type\":\"PropertyValueSpecification\",\"valueRequired\":true,\"valueName\":\"search_term_string\"}}],\"inLanguage\":\"pt-PT\"},{\"@type\":\"Organization\",\"@id\":\"https:\\\/\\\/kohenavocats.com\\\/pt-pt\\\/#organization\",\"name\":\"Kohen Avocats\",\"url\":\"https:\\\/\\\/kohenavocats.com\\\/pt-pt\\\/\",\"logo\":{\"@type\":\"ImageObject\",\"inLanguage\":\"pt-PT\",\"@id\":\"https:\\\/\\\/kohenavocats.com\\\/pt-pt\\\/#\\\/schema\\\/logo\\\/image\\\/\",\"url\":\"https:\\\/\\\/kohenavocats.com\\\/wp-content\\\/uploads\\\/2026\\\/01\\\/Logo-2-1.webp\",\"contentUrl\":\"https:\\\/\\\/kohenavocats.com\\\/wp-content\\\/uploads\\\/2026\\\/01\\\/Logo-2-1.webp\",\"width\":2114,\"height\":1253,\"caption\":\"Kohen Avocats\"},\"image\":{\"@id\":\"https:\\\/\\\/kohenavocats.com\\\/pt-pt\\\/#\\\/schema\\\/logo\\\/image\\\/\"}},{\"@type\":\"Person\",\"@id\":\"https:\\\/\\\/kohenavocats.com\\\/pt-pt\\\/#\\\/schema\\\/person\\\/761c9ba54fa1ca84d405cef0831ff751\",\"name\":\"Kohen\",\"image\":{\"@type\":\"ImageObject\",\"inLanguage\":\"pt-PT\",\"@id\":\"https:\\\/\\\/secure.gravatar.com\\\/avatar\\\/1c5e76ef76bbbfdd2b4da984e2bf2fa4056fd51a27d25ce2c332047f1dfd6e00?s=96&d=identicon&r=g\",\"url\":\"https:\\\/\\\/secure.gravatar.com\\\/avatar\\\/1c5e76ef76bbbfdd2b4da984e2bf2fa4056fd51a27d25ce2c332047f1dfd6e00?s=96&d=identicon&r=g\",\"contentUrl\":\"https:\\\/\\\/secure.gravatar.com\\\/avatar\\\/1c5e76ef76bbbfdd2b4da984e2bf2fa4056fd51a27d25ce2c332047f1dfd6e00?s=96&d=identicon&r=g\",\"caption\":\"Kohen\"},\"sameAs\":[\"https:\\\/\\\/www.linkedin.com\\\/in\\\/hassan-kohen-448548192\\\/\",\"https:\\\/\\\/www.youtube.com\\\/@Kohen-Avocats\"],\"url\":\"https:\\\/\\\/kohenavocats.com\\\/pt-pt\\\/author\\\/kohenmlk\\\/\"}]}<\/script>\n<!-- \/ Yoast SEO Premium plugin. -->","yoast_head_json":{"title":"Tribunal judiciaire de Saint-\u00c9tienne, le 30 septembre 2025, n\u00b025\/00567 - Ma\u00eetre Hassan Kohen, avocat en droit p\u00e9nal \u00e0 Paris","description":"Le tribunal judiciaire de Saint-\u00c9tienne, statuant en r\u00e9f\u00e9r\u00e9 le 30 septembre 2025, se prononce sur une demande d\u2019expertise. La demande \u00e9mane d\u2019un propri\u00e9taire...","robots":{"index":"index","follow":"follow","max-snippet":"max-snippet:-1","max-image-preview":"max-image-preview:large","max-video-preview":"max-video-preview:-1"},"canonical":"https:\/\/kohenavocats.com\/pt-pt\/tribunal-judiciaire-de-saint-etienne-le-30-septembre-2025-n25-00567-2\/","og_locale":"pt_PT","og_type":"article","og_title":"Tribunal judiciaire de Saint-\u00c9tienne, le 30 septembre 2025, n\u00b025\/00567","og_description":"Le tribunal judiciaire de Saint-\u00c9tienne, statuant en r\u00e9f\u00e9r\u00e9 le 30 septembre 2025, se prononce sur une demande d\u2019expertise. La demande \u00e9mane d\u2019un propri\u00e9taire...","og_url":"https:\/\/kohenavocats.com\/pt-pt\/tribunal-judiciaire-de-saint-etienne-le-30-septembre-2025-n25-00567-2\/","og_site_name":"Ma\u00eetre Hassan Kohen, avocat en droit p\u00e9nal \u00e0 Paris","article_published_time":"2026-04-23T05:52:51+00:00","og_image":[{"width":5172,"height":3448,"url":"https:\/\/kohenavocats.com\/wp-content\/uploads\/2024\/08\/asa-rodger-QTbiwll3e68-unsplash.webp","type":"image\/webp"}],"author":"Kohen","twitter_card":"summary_large_image","twitter_misc":{"Escrito por":"Kohen","Tempo estimado de leitura":"3 minutos"},"schema":{"@context":"https:\/\/schema.org","@graph":[{"@type":"Article","@id":"https:\/\/kohenavocats.com\/pt-pt\/tribunal-judiciaire-de-saint-etienne-le-30-septembre-2025-n25-00567-2\/#article","isPartOf":{"@id":"https:\/\/kohenavocats.com\/pt-pt\/tribunal-judiciaire-de-saint-etienne-le-30-septembre-2025-n25-00567-2\/"},"author":{"name":"Kohen","@id":"https:\/\/kohenavocats.com\/pt-pt\/#\/schema\/person\/761c9ba54fa1ca84d405cef0831ff751"},"headline":"Tribunal judiciaire de Saint-\u00c9tienne, le 30 septembre 2025, n\u00b025\/00567","datePublished":"2026-04-23T05:52:51+00:00","mainEntityOfPage":{"@id":"https:\/\/kohenavocats.com\/pt-pt\/tribunal-judiciaire-de-saint-etienne-le-30-septembre-2025-n25-00567-2\/"},"wordCount":702,"commentCount":0,"publisher":{"@id":"https:\/\/kohenavocats.com\/pt-pt\/#organization"},"image":{"@id":"https:\/\/kohenavocats.com\/pt-pt\/tribunal-judiciaire-de-saint-etienne-le-30-septembre-2025-n25-00567-2\/#primaryimage"},"thumbnailUrl":"https:\/\/kohenavocats.com\/wp-content\/uploads\/2024\/08\/asa-rodger-QTbiwll3e68-unsplash.webp","articleSection":["Jurisprudence"],"inLanguage":"pt-PT","potentialAction":[{"@type":"CommentAction","name":"Comment","target":["https:\/\/kohenavocats.com\/pt-pt\/tribunal-judiciaire-de-saint-etienne-le-30-septembre-2025-n25-00567-2\/#respond"]}],"citation":"Tribunal judiciaire de Saint-\u00c9tienne, le 30 septembre 2025, n\u00b025\/00567","about":[{"@type":"Thing","name":"Jurisprudence"}],"dateModified":"2026-04-23T05:52:51+00:00","speakable":{"@type":"SpeakableSpecification","cssSelector":[".article-content > p:first-of-type"]}},{"@type":"WebPage","@id":"https:\/\/kohenavocats.com\/pt-pt\/tribunal-judiciaire-de-saint-etienne-le-30-septembre-2025-n25-00567-2\/","url":"https:\/\/kohenavocats.com\/pt-pt\/tribunal-judiciaire-de-saint-etienne-le-30-septembre-2025-n25-00567-2\/","name":"Tribunal judiciaire de Saint-\u00c9tienne, le 30 septembre 2025, n\u00b025\/00567 - Ma\u00eetre Hassan Kohen, avocat en droit p\u00e9nal \u00e0 Paris","isPartOf":{"@id":"https:\/\/kohenavocats.com\/pt-pt\/#website"},"primaryImageOfPage":{"@id":"https:\/\/kohenavocats.com\/pt-pt\/tribunal-judiciaire-de-saint-etienne-le-30-septembre-2025-n25-00567-2\/#primaryimage"},"image":{"@id":"https:\/\/kohenavocats.com\/pt-pt\/tribunal-judiciaire-de-saint-etienne-le-30-septembre-2025-n25-00567-2\/#primaryimage"},"thumbnailUrl":"https:\/\/kohenavocats.com\/wp-content\/uploads\/2024\/08\/asa-rodger-QTbiwll3e68-unsplash.webp","datePublished":"2026-04-23T05:52:51+00:00","description":"Le tribunal judiciaire de Saint-\u00c9tienne, statuant en r\u00e9f\u00e9r\u00e9 le 30 septembre 2025, se prononce sur une demande d\u2019expertise. La demande \u00e9mane d\u2019un propri\u00e9taire...","breadcrumb":{"@id":"https:\/\/kohenavocats.com\/pt-pt\/tribunal-judiciaire-de-saint-etienne-le-30-septembre-2025-n25-00567-2\/#breadcrumb"},"inLanguage":"pt-PT","potentialAction":[{"@type":"ReadAction","target":["https:\/\/kohenavocats.com\/pt-pt\/tribunal-judiciaire-de-saint-etienne-le-30-septembre-2025-n25-00567-2\/"]}]},{"@type":"ImageObject","inLanguage":"pt-PT","@id":"https:\/\/kohenavocats.com\/pt-pt\/tribunal-judiciaire-de-saint-etienne-le-30-septembre-2025-n25-00567-2\/#primaryimage","url":"https:\/\/kohenavocats.com\/wp-content\/uploads\/2024\/08\/asa-rodger-QTbiwll3e68-unsplash.webp","contentUrl":"https:\/\/kohenavocats.com\/wp-content\/uploads\/2024\/08\/asa-rodger-QTbiwll3e68-unsplash.webp","width":5172,"height":3448},{"@type":"BreadcrumbList","@id":"https:\/\/kohenavocats.com\/pt-pt\/tribunal-judiciaire-de-saint-etienne-le-30-septembre-2025-n25-00567-2\/#breadcrumb","itemListElement":[{"@type":"ListItem","position":1,"name":"Home","item":"https:\/\/kohenavocats.com\/pt-pt\/avocats-en-droit-penal-a-paris-conseil-et-defense-strategique\/"},{"@type":"ListItem","position":2,"name":"Tribunal judiciaire de Saint-\u00c9tienne, le 30 septembre 2025, n\u00b025\/00567"}]},{"@type":"WebSite","@id":"https:\/\/kohenavocats.com\/pt-pt\/#website","url":"https:\/\/kohenavocats.com\/pt-pt\/","name":"Kohen Avocats","description":"Ma\u00eetre Hassan Kohen, avocat p\u00e9naliste \u00e0 Paris, intervient exclusivement en droit p\u00e9nal pour la d\u00e9fense des particuliers, notamment en mati\u00e8re d\u2019accusations de viol. Il assure un accompagnement rigoureux d\u00e8s la garde \u00e0 vue jusqu\u2019\u00e0 la Cour d\u2019assises, veillant au strict respect des garanties proc\u00e9durales.","publisher":{"@id":"https:\/\/kohenavocats.com\/pt-pt\/#organization"},"potentialAction":[{"@type":"SearchAction","target":{"@type":"EntryPoint","urlTemplate":"https:\/\/kohenavocats.com\/pt-pt\/?s={search_term_string}"},"query-input":{"@type":"PropertyValueSpecification","valueRequired":true,"valueName":"search_term_string"}}],"inLanguage":"pt-PT"},{"@type":"Organization","@id":"https:\/\/kohenavocats.com\/pt-pt\/#organization","name":"Kohen Avocats","url":"https:\/\/kohenavocats.com\/pt-pt\/","logo":{"@type":"ImageObject","inLanguage":"pt-PT","@id":"https:\/\/kohenavocats.com\/pt-pt\/#\/schema\/logo\/image\/","url":"https:\/\/kohenavocats.com\/wp-content\/uploads\/2026\/01\/Logo-2-1.webp","contentUrl":"https:\/\/kohenavocats.com\/wp-content\/uploads\/2026\/01\/Logo-2-1.webp","width":2114,"height":1253,"caption":"Kohen Avocats"},"image":{"@id":"https:\/\/kohenavocats.com\/pt-pt\/#\/schema\/logo\/image\/"}},{"@type":"Person","@id":"https:\/\/kohenavocats.com\/pt-pt\/#\/schema\/person\/761c9ba54fa1ca84d405cef0831ff751","name":"Kohen","image":{"@type":"ImageObject","inLanguage":"pt-PT","@id":"https:\/\/secure.gravatar.com\/avatar\/1c5e76ef76bbbfdd2b4da984e2bf2fa4056fd51a27d25ce2c332047f1dfd6e00?s=96&d=identicon&r=g","url":"https:\/\/secure.gravatar.com\/avatar\/1c5e76ef76bbbfdd2b4da984e2bf2fa4056fd51a27d25ce2c332047f1dfd6e00?s=96&d=identicon&r=g","contentUrl":"https:\/\/secure.gravatar.com\/avatar\/1c5e76ef76bbbfdd2b4da984e2bf2fa4056fd51a27d25ce2c332047f1dfd6e00?s=96&d=identicon&r=g","caption":"Kohen"},"sameAs":["https:\/\/www.linkedin.com\/in\/hassan-kohen-448548192\/","https:\/\/www.youtube.com\/@Kohen-Avocats"],"url":"https:\/\/kohenavocats.com\/pt-pt\/author\/kohenmlk\/"}]}},"jetpack_featured_media_url":"https:\/\/kohenavocats.com\/wp-content\/uploads\/2024\/08\/asa-rodger-QTbiwll3e68-unsplash.webp","jetpack_likes_enabled":false,"jetpack_shortlink":"https:\/\/wp.me\/peCrII-2KR1","jetpack-related-posts":[{"id":263261,"url":"https:\/\/kohenavocats.com\/pt-pt\/tribunal-judiciaire-de-saint-etienne-le-30-juin-2025-n24-00100\/","url_meta":{"origin":656767,"position":0},"title":"Tribunal judiciaire de Saint Etienne, le 30 juin 2025, n\u00b024\/00100","author":"Kohen","date":"9 de Janeiro, 2026","format":false,"excerpt":"Le Tribunal judiciaire de Saint-\u00c9tienne, le 30 juin 2025, a statu\u00e9 en mati\u00e8re de l\u00e9gislation professionnelle sur un incident proc\u00e9dural relatif \u00e0 la prise en charge d\u2019une maladie d\u00e9clar\u00e9e au titre du tableau 57. La juridiction a \u00e9t\u00e9 saisie par l\u2019employeur, lequel contestait l\u2019opposabilit\u00e9 de la d\u00e9cision de prise en\u2026","rel":"","context":"In &quot;D\u00e9cisions juridiques&quot;","block_context":{"text":"D\u00e9cisions juridiques","link":"https:\/\/kohenavocats.com\/category\/decisions-juridiques\/"},"img":{"alt_text":"","src":"https:\/\/i0.wp.com\/kohenavocats.com\/wp-content\/uploads\/2024\/11\/alex-shuper-O3uK7nvrxdI-unsplash.webp?resize=350%2C200&ssl=1","width":350,"height":200,"srcset":"https:\/\/i0.wp.com\/kohenavocats.com\/wp-content\/uploads\/2024\/11\/alex-shuper-O3uK7nvrxdI-unsplash.webp?resize=350%2C200&ssl=1 1x, https:\/\/i0.wp.com\/kohenavocats.com\/wp-content\/uploads\/2024\/11\/alex-shuper-O3uK7nvrxdI-unsplash.webp?resize=525%2C300&ssl=1 1.5x, https:\/\/i0.wp.com\/kohenavocats.com\/wp-content\/uploads\/2024\/11\/alex-shuper-O3uK7nvrxdI-unsplash.webp?resize=700%2C400&ssl=1 2x, https:\/\/i0.wp.com\/kohenavocats.com\/wp-content\/uploads\/2024\/11\/alex-shuper-O3uK7nvrxdI-unsplash.webp?resize=1050%2C600&ssl=1 3x, https:\/\/i0.wp.com\/kohenavocats.com\/wp-content\/uploads\/2024\/11\/alex-shuper-O3uK7nvrxdI-unsplash.webp?resize=1400%2C800&ssl=1 4x"},"classes":[]},{"id":268497,"url":"https:\/\/kohenavocats.com\/pt-pt\/tribunal-judiciaire-de-saint-etienne-le-30-juin-2025-n24-00135\/","url_meta":{"origin":656767,"position":1},"title":"Tribunal judiciaire de Saint Etienne, le 30 juin 2025, n\u00b024\/00135","author":"Kohen","date":"10 de Janeiro, 2026","format":false,"excerpt":"Rendu par le tribunal judiciaire de Saint\u2011\u00c9tienne le 30 juin 2025, le jugement comment\u00e9 tranche un litige relatif \u00e0 la date de consolidation d\u2019un accident du travail. La caisse, apr\u00e8s avis m\u00e9dical, a fix\u00e9 la consolidation au 2 septembre 2023 et attribu\u00e9 un taux d\u2019incapacit\u00e9 permanente de 15 %. L\u2019assur\u00e9\u2026","rel":"","context":"In &quot;D\u00e9cisions juridiques&quot;","block_context":{"text":"D\u00e9cisions juridiques","link":"https:\/\/kohenavocats.com\/category\/decisions-juridiques\/"},"img":{"alt_text":"","src":"https:\/\/i0.wp.com\/kohenavocats.com\/wp-content\/uploads\/2024\/11\/and-machines-W9sXFAZVTMY-unsplash.webp?resize=350%2C200&ssl=1","width":350,"height":200,"srcset":"https:\/\/i0.wp.com\/kohenavocats.com\/wp-content\/uploads\/2024\/11\/and-machines-W9sXFAZVTMY-unsplash.webp?resize=350%2C200&ssl=1 1x, https:\/\/i0.wp.com\/kohenavocats.com\/wp-content\/uploads\/2024\/11\/and-machines-W9sXFAZVTMY-unsplash.webp?resize=525%2C300&ssl=1 1.5x, https:\/\/i0.wp.com\/kohenavocats.com\/wp-content\/uploads\/2024\/11\/and-machines-W9sXFAZVTMY-unsplash.webp?resize=700%2C400&ssl=1 2x, https:\/\/i0.wp.com\/kohenavocats.com\/wp-content\/uploads\/2024\/11\/and-machines-W9sXFAZVTMY-unsplash.webp?resize=1050%2C600&ssl=1 3x, https:\/\/i0.wp.com\/kohenavocats.com\/wp-content\/uploads\/2024\/11\/and-machines-W9sXFAZVTMY-unsplash.webp?resize=1400%2C800&ssl=1 4x"},"classes":[]},{"id":266777,"url":"https:\/\/kohenavocats.com\/pt-pt\/tribunal-judiciaire-de-bobigny-le-30-juin-2025-n24-07119\/","url_meta":{"origin":656767,"position":2},"title":"Tribunal judiciaire de Bobigny, le 30 juin 2025, n\u00b024\/07119","author":"Kohen","date":"10 de Janeiro, 2026","format":false,"excerpt":"Rendu par le tribunal judiciaire de [Localit\u00e9 8] le 30 juin 2025, ce jugement statue sur des troubles anormaux de voisinage n\u00e9s d\u2019un chantier voisin et sur la d\u00e9pose unilat\u00e9rale d\u2019un mur mitoyen. Des propri\u00e9taires se plaignaient de projections, de d\u00e9sordres ponctuels et de la reconstruction en parpaings du mur,\u2026","rel":"","context":"In &quot;D\u00e9cisions juridiques&quot;","block_context":{"text":"D\u00e9cisions juridiques","link":"https:\/\/kohenavocats.com\/category\/decisions-juridiques\/"},"img":{"alt_text":"","src":"https:\/\/i0.wp.com\/kohenavocats.com\/wp-content\/uploads\/2024\/11\/and-machines-6IbHR1pTE0Q-unsplash.webp?resize=350%2C200&ssl=1","width":350,"height":200,"srcset":"https:\/\/i0.wp.com\/kohenavocats.com\/wp-content\/uploads\/2024\/11\/and-machines-6IbHR1pTE0Q-unsplash.webp?resize=350%2C200&ssl=1 1x, https:\/\/i0.wp.com\/kohenavocats.com\/wp-content\/uploads\/2024\/11\/and-machines-6IbHR1pTE0Q-unsplash.webp?resize=525%2C300&ssl=1 1.5x, https:\/\/i0.wp.com\/kohenavocats.com\/wp-content\/uploads\/2024\/11\/and-machines-6IbHR1pTE0Q-unsplash.webp?resize=700%2C400&ssl=1 2x, https:\/\/i0.wp.com\/kohenavocats.com\/wp-content\/uploads\/2024\/11\/and-machines-6IbHR1pTE0Q-unsplash.webp?resize=1050%2C600&ssl=1 3x, https:\/\/i0.wp.com\/kohenavocats.com\/wp-content\/uploads\/2024\/11\/and-machines-6IbHR1pTE0Q-unsplash.webp?resize=1400%2C800&ssl=1 4x"},"classes":[]},{"id":268926,"url":"https:\/\/kohenavocats.com\/pt-pt\/tribunal-judiciaire-de-saint-etienne-le-30-juin-2025-n19-00016\/","url_meta":{"origin":656767,"position":3},"title":"Tribunal judiciaire de Saint Etienne, le 30 juin 2025, n\u00b019\/00016","author":"Kohen","date":"10 de Janeiro, 2026","format":false,"excerpt":"Par un jugement du tribunal judiciaire de Saint-\u00c9tienne du 30 juin 2025, la juridiction tranche un litige d\u2019indemnit\u00e9s journali\u00e8res cons\u00e9cutif \u00e0 un arr\u00eat de travail d\u00e9but\u00e9 le 24 janvier 2017. \u00c0 la suite de d\u00e9signations infructueuses, un expert d\u00e9pose son rapport le 9 f\u00e9vrier 2024. L\u2019audience se tient le 19\u2026","rel":"","context":"In &quot;D\u00e9cisions juridiques&quot;","block_context":{"text":"D\u00e9cisions juridiques","link":"https:\/\/kohenavocats.com\/category\/decisions-juridiques\/"},"img":{"alt_text":"","src":"https:\/\/i0.wp.com\/kohenavocats.com\/wp-content\/uploads\/2024\/08\/heriberto-murrieta-2RFLn3BzqHA-unsplash.webp?resize=350%2C200&ssl=1","width":350,"height":200,"srcset":"https:\/\/i0.wp.com\/kohenavocats.com\/wp-content\/uploads\/2024\/08\/heriberto-murrieta-2RFLn3BzqHA-unsplash.webp?resize=350%2C200&ssl=1 1x, https:\/\/i0.wp.com\/kohenavocats.com\/wp-content\/uploads\/2024\/08\/heriberto-murrieta-2RFLn3BzqHA-unsplash.webp?resize=525%2C300&ssl=1 1.5x, https:\/\/i0.wp.com\/kohenavocats.com\/wp-content\/uploads\/2024\/08\/heriberto-murrieta-2RFLn3BzqHA-unsplash.webp?resize=700%2C400&ssl=1 2x, https:\/\/i0.wp.com\/kohenavocats.com\/wp-content\/uploads\/2024\/08\/heriberto-murrieta-2RFLn3BzqHA-unsplash.webp?resize=1050%2C600&ssl=1 3x, https:\/\/i0.wp.com\/kohenavocats.com\/wp-content\/uploads\/2024\/08\/heriberto-murrieta-2RFLn3BzqHA-unsplash.webp?resize=1400%2C800&ssl=1 4x"},"classes":[]},{"id":263722,"url":"https:\/\/kohenavocats.com\/pt-pt\/tribunal-judiciaire-de-saint-etienne-le-25-juin-2025-n25-00421\/","url_meta":{"origin":656767,"position":4},"title":"Tribunal judiciaire de Saint-Etienne, le 25 juin 2025, n\u00b025\/00421","author":"Kohen","date":"9 de Janeiro, 2026","format":false,"excerpt":"Rendue par le juge des r\u00e9f\u00e9r\u00e9s \u00e0 Saint\u2011\u00c9tienne le 25 juin 2025, l\u2019ordonnance commente l\u2019extension d\u2019une expertise d\u00e9j\u00e0 ouverte \u00e0 un intervenant technique initialement non attrait. La construction d\u2019une maison, r\u00e9ceptionn\u00e9e en 2008 avec r\u00e9serves, a donn\u00e9 lieu \u00e0 une expertise judiciaire ordonn\u00e9e le 15 juillet 2021 contre l\u2019entreprise de\u2026","rel":"","context":"In &quot;D\u00e9cisions juridiques&quot;","block_context":{"text":"D\u00e9cisions juridiques","link":"https:\/\/kohenavocats.com\/category\/decisions-juridiques\/"},"img":{"alt_text":"","src":"https:\/\/i0.wp.com\/kohenavocats.com\/wp-content\/uploads\/2024\/08\/louis-paulin-CJ_Ipj0rYWk-unsplash.webp?resize=350%2C200&ssl=1","width":350,"height":200,"srcset":"https:\/\/i0.wp.com\/kohenavocats.com\/wp-content\/uploads\/2024\/08\/louis-paulin-CJ_Ipj0rYWk-unsplash.webp?resize=350%2C200&ssl=1 1x, https:\/\/i0.wp.com\/kohenavocats.com\/wp-content\/uploads\/2024\/08\/louis-paulin-CJ_Ipj0rYWk-unsplash.webp?resize=525%2C300&ssl=1 1.5x, https:\/\/i0.wp.com\/kohenavocats.com\/wp-content\/uploads\/2024\/08\/louis-paulin-CJ_Ipj0rYWk-unsplash.webp?resize=700%2C400&ssl=1 2x, https:\/\/i0.wp.com\/kohenavocats.com\/wp-content\/uploads\/2024\/08\/louis-paulin-CJ_Ipj0rYWk-unsplash.webp?resize=1050%2C600&ssl=1 3x, https:\/\/i0.wp.com\/kohenavocats.com\/wp-content\/uploads\/2024\/08\/louis-paulin-CJ_Ipj0rYWk-unsplash.webp?resize=1400%2C800&ssl=1 4x"},"classes":[]},{"id":261880,"url":"https:\/\/kohenavocats.com\/pt-pt\/tribunal-judiciaire-de-saint-etienne-le-27-juin-2025-n23-01674\/","url_meta":{"origin":656767,"position":5},"title":"Tribunal judiciaire de Saint-Etienne, le 27 juin 2025, n\u00b023\/01674","author":"Kohen","date":"9 de Janeiro, 2026","format":false,"excerpt":"Rendu par le tribunal judiciaire de Saint-\u00c9tienne le 27 juin 2025, ce jugement organise la rupture d\u2019un couple mari\u00e9 en 2018, parents de deux enfants n\u00e9s en 2020 et 2021. Les \u00e9poux vivent s\u00e9par\u00e9ment depuis septembre 2022, date que le juge retient pour les effets patrimoniaux du divorce. L\u2019instance est\u2026","rel":"","context":"In &quot;D\u00e9cisions juridiques&quot;","block_context":{"text":"D\u00e9cisions juridiques","link":"https:\/\/kohenavocats.com\/category\/decisions-juridiques\/"},"img":{"alt_text":"","src":"https:\/\/i0.wp.com\/kohenavocats.com\/wp-content\/uploads\/2024\/11\/ayush-kumar-lRZ-KmsecQ-unsplash.webp?resize=350%2C200&ssl=1","width":350,"height":200,"srcset":"https:\/\/i0.wp.com\/kohenavocats.com\/wp-content\/uploads\/2024\/11\/ayush-kumar-lRZ-KmsecQ-unsplash.webp?resize=350%2C200&ssl=1 1x, https:\/\/i0.wp.com\/kohenavocats.com\/wp-content\/uploads\/2024\/11\/ayush-kumar-lRZ-KmsecQ-unsplash.webp?resize=525%2C300&ssl=1 1.5x, https:\/\/i0.wp.com\/kohenavocats.com\/wp-content\/uploads\/2024\/11\/ayush-kumar-lRZ-KmsecQ-unsplash.webp?resize=700%2C400&ssl=1 2x, https:\/\/i0.wp.com\/kohenavocats.com\/wp-content\/uploads\/2024\/11\/ayush-kumar-lRZ-KmsecQ-unsplash.webp?resize=1050%2C600&ssl=1 3x, https:\/\/i0.wp.com\/kohenavocats.com\/wp-content\/uploads\/2024\/11\/ayush-kumar-lRZ-KmsecQ-unsplash.webp?resize=1400%2C800&ssl=1 4x"},"classes":[]}],"jetpack_sharing_enabled":true,"_links":{"self":[{"href":"https:\/\/kohenavocats.com\/pt-pt\/wp-json\/wp\/v2\/posts\/656767","targetHints":{"allow":["GET"]}}],"collection":[{"href":"https:\/\/kohenavocats.com\/pt-pt\/wp-json\/wp\/v2\/posts"}],"about":[{"href":"https:\/\/kohenavocats.com\/pt-pt\/wp-json\/wp\/v2\/types\/post"}],"author":[{"embeddable":true,"href":"https:\/\/kohenavocats.com\/pt-pt\/wp-json\/wp\/v2\/users\/232070755"}],"replies":[{"embeddable":true,"href":"https:\/\/kohenavocats.com\/pt-pt\/wp-json\/wp\/v2\/comments?post=656767"}],"version-history":[{"count":0,"href":"https:\/\/kohenavocats.com\/pt-pt\/wp-json\/wp\/v2\/posts\/656767\/revisions"}],"wp:featuredmedia":[{"embeddable":true,"href":"https:\/\/kohenavocats.com\/pt-pt\/wp-json\/wp\/v2\/media\/4874"}],"wp:attachment":[{"href":"https:\/\/kohenavocats.com\/pt-pt\/wp-json\/wp\/v2\/media?parent=656767"}],"wp:term":[{"taxonomy":"category","embeddable":true,"href":"https:\/\/kohenavocats.com\/pt-pt\/wp-json\/wp\/v2\/categories?post=656767"},{"taxonomy":"post_tag","embeddable":true,"href":"https:\/\/kohenavocats.com\/pt-pt\/wp-json\/wp\/v2\/tags?post=656767"}],"curies":[{"name":"wp","href":"https:\/\/api.w.org\/{rel}","templated":true}]}}