{"id":658497,"date":"2026-04-23T11:42:00","date_gmt":"2026-04-23T09:42:00","guid":{"rendered":"https:\/\/kohenavocats.com\/tribunal-judiciaire-de-grenoble-le-25-mars-2025-n23-02038\/"},"modified":"2026-04-23T11:42:00","modified_gmt":"2026-04-23T09:42:00","slug":"tribunal-judiciaire-de-grenoble-le-25-mars-2025-n23-02038","status":"publish","type":"post","link":"https:\/\/kohenavocats.com\/pt-pt\/tribunal-judiciaire-de-grenoble-le-25-mars-2025-n23-02038\/","title":{"rendered":"Tribunal judiciaire de Grenoble, le 25 mars 2025, n\u00b023\/02038"},"content":{"rendered":"<div class=\"article-content\">\n<p>Le juge aux affaires familiales du tribunal judiciaire de Grenoble, statuant par jugement du 25 mars 2025, organise le partage d&#8217;une indivision n\u00e9e de la rupture d&#8217;un concubinage. Il statue sur plusieurs demandes accessoires, dont une indemnit\u00e9 d&#8217;occupation et la prescription de cr\u00e9ances all\u00e9gu\u00e9es. La solution retenue consacre une conception extensive de la jouissance privative et un point de d\u00e9part pr\u00e9cis pour la prescription des cr\u00e9ances entre concubins.<\/p>\n<p>La caract\u00e9risation extensive de l&#8217;occupation privative<\/p>\n<p>Le juge adopte une d\u00e9finition large de la jouissance privative pour fonder l&#8217;indemnit\u00e9 d&#8217;occupation. Il estime que la jouissance privative r\u00e9sulte de l&#8217;impossibilit\u00e9 de droit ou de fait pour les co-indivisaires d&#8217;user de la chose. La circonstance qu&#8217;un seul des indivisaires dispose de la cl\u00e9 pour acc\u00e9der au bien suffit \u00e0 caract\u00e9riser cette impossibilit\u00e9. &#8220;La jouissance privative d\u2019un immeuble indivis r\u00e9sulte de l\u2019impossibilit\u00e9 de droit ou de fait pour les co-indivisaires d\u2019user de la chose&#8221; (Motifs, sur l\u2019indemnit\u00e9 d\u2019occupation). L&#8217;indemnit\u00e9 est ainsi due m\u00eame sans occupation effective d\u00e8s lors que l&#8217;acc\u00e8s est interdit aux autres. Cette analyse se distingue d&#8217;une jurisprudence r\u00e9cente qui exigeait un fait d&#8217;exclusion. &#8220;La circonstance que l\u2019un des titulaires du droit de jouissance indivise occupe seul l\u2019immeuble ne caract\u00e9rise pas en soi une occupation privative d\u00e8s lors qu\u2019il n\u2019est pas \u00e9tabli que par son fait il exclut un autre indivisaire&#8221; (Cour d\u2019appel, le 20 novembre 2025, n\u00b024\/00752). Le pr\u00e9sent jugement \u00e9carte cet \u00e9l\u00e9ment d&#8217;exclusion active pour retenir une simple impossibilit\u00e9 d&#8217;acc\u00e8s.<\/p>\n<p>Le r\u00e9gime des cr\u00e9ances entre concubins et le point de d\u00e9part de la prescription<\/p>\n<p>La d\u00e9cision pr\u00e9cise le r\u00e9gime de la prescription des cr\u00e9ances n\u00e9es pendant le concubinage. Le juge admet que le d\u00e9lai pour agir \u00e9tait suspendu durant la vie commune en application de l&#8217;article 2234 du Code civil. La cr\u00e9anci\u00e8re &#8220;ne pouvait revendiquer une cr\u00e9ance \u00e0 l\u2019encontre de son concubin le temps de la vie commune&#8221; (Motifs, sur les autres cr\u00e9ances all\u00e9gu\u00e9es). Cependant, le point de d\u00e9part du d\u00e9lai de prescription quinquennal est fix\u00e9 au r\u00e8glement de chaque somme litigieuse all\u00e9gu\u00e9e, et non \u00e0 la rupture. La connaissance du droit est pr\u00e9sum\u00e9e \u00e0 cette date ancienne, rendant l&#8217;action prescrite. La suspension prend fin \u00e0 la rupture, laissant un d\u00e9lai r\u00e9siduel pour agir. L&#8217;emp\u00eachement li\u00e9 \u00e0 la vie commune n&#8217;est ni l\u00e9gal, ni conventionnel, ni une force majeure. Cette solution encadre strictement les demandes indemnitaires post-rupture et s\u00e9curise les situations anciennes. Elle \u00e9vite les contentieux prolong\u00e9s sur des faits prescrits, en exigeant une action rapide apr\u00e8s la cessation de la vie commune.<\/p>\n<\/div>\n","protected":false},"excerpt":{"rendered":"<p>Le juge aux affaires familiales du tribunal judiciaire de Grenoble, statuant par jugement du 25 mars 2025, organise le partage d&#8217;une indivision n\u00e9e de la rup&#8230;<\/p>\n","protected":false},"author":232070755,"featured_media":9437,"comment_status":"open","ping_status":"open","sticky":false,"template":"","format":"standard","meta":{"_crdt_document":"","_jetpack_newsletter_access":"","_jetpack_dont_email_post_to_subs":false,"_jetpack_newsletter_tier_id":0,"_jetpack_memberships_contains_paywalled_content":false,"_kj_source_type":"","_kj_official_id":"","_kj_official_url":"","_kj_judilibre_id":"","_kj_jur":"","_kj_lieu":"","_kj_chambre":"","_kj_rg":"","_kj_date":"","_jetpack_memberships_contains_paid_content":false,"footnotes":"","jetpack_post_was_ever_published":false},"categories":[7597],"tags":[],"class_list":["post-658497","post","type-post","status-publish","format-standard","has-post-thumbnail","hentry","category-jurisprudence"],"yoast_head":"<!-- This site is optimized with the Yoast SEO Premium plugin v27.4 (Yoast SEO v27.4) - https:\/\/yoast.com\/product\/yoast-seo-premium-wordpress\/ -->\n<title>Tribunal judiciaire de Grenoble, le 25 mars 2025, n\u00b023\/02038 - Ma\u00eetre Hassan Kohen, avocat en droit p\u00e9nal \u00e0 Paris<\/title>\n<meta name=\"description\" content=\"Le juge aux affaires familiales du tribunal judiciaire de Grenoble, statuant par jugement du 25 mars 2025, organise le partage d&#039;une indivision n\u00e9e de la rup...\" \/>\n<meta name=\"robots\" content=\"index, follow, max-snippet:-1, max-image-preview:large, max-video-preview:-1\" \/>\n<link rel=\"canonical\" href=\"https:\/\/kohenavocats.com\/pt-pt\/tribunal-judiciaire-de-grenoble-le-25-mars-2025-n23-02038\/\" \/>\n<meta property=\"og:locale\" content=\"pt_PT\" \/>\n<meta property=\"og:type\" content=\"article\" \/>\n<meta property=\"og:title\" content=\"Tribunal judiciaire de Grenoble, le 25 mars 2025, n\u00b023\/02038\" \/>\n<meta property=\"og:description\" content=\"Le juge aux affaires familiales du tribunal judiciaire de Grenoble, statuant par jugement du 25 mars 2025, organise le partage d&#039;une indivision n\u00e9e de la rup...\" \/>\n<meta property=\"og:url\" content=\"https:\/\/kohenavocats.com\/pt-pt\/tribunal-judiciaire-de-grenoble-le-25-mars-2025-n23-02038\/\" \/>\n<meta property=\"og:site_name\" content=\"Ma\u00eetre Hassan Kohen, avocat en droit p\u00e9nal \u00e0 Paris\" \/>\n<meta property=\"article:published_time\" content=\"2026-04-23T09:42:00+00:00\" \/>\n<meta property=\"og:image\" content=\"https:\/\/kohenavocats.com\/wp-content\/uploads\/2024\/11\/mohamed-nohassi-AE9Z7hVNOPE-unsplash.webp\" \/>\n\t<meta property=\"og:image:width\" content=\"6528\" \/>\n\t<meta property=\"og:image:height\" content=\"3672\" \/>\n\t<meta property=\"og:image:type\" content=\"image\/webp\" \/>\n<meta name=\"author\" content=\"Kohen\" \/>\n<meta name=\"twitter:card\" content=\"summary_large_image\" \/>\n<meta name=\"twitter:label1\" content=\"Escrito por\" \/>\n\t<meta name=\"twitter:data1\" content=\"Kohen\" \/>\n\t<meta name=\"twitter:label2\" content=\"Tempo estimado de leitura\" \/>\n\t<meta name=\"twitter:data2\" content=\"2 minutos\" \/>\n<script type=\"application\/ld+json\" class=\"yoast-schema-graph\">{\"@context\":\"https:\\\/\\\/schema.org\",\"@graph\":[{\"@type\":\"Article\",\"@id\":\"https:\\\/\\\/kohenavocats.com\\\/pt-pt\\\/tribunal-judiciaire-de-grenoble-le-25-mars-2025-n23-02038\\\/#article\",\"isPartOf\":{\"@id\":\"https:\\\/\\\/kohenavocats.com\\\/pt-pt\\\/tribunal-judiciaire-de-grenoble-le-25-mars-2025-n23-02038\\\/\"},\"author\":{\"name\":\"Kohen\",\"@id\":\"https:\\\/\\\/kohenavocats.com\\\/pt-pt\\\/#\\\/schema\\\/person\\\/761c9ba54fa1ca84d405cef0831ff751\"},\"headline\":\"Tribunal judiciaire de Grenoble, le 25 mars 2025, n\u00b023\\\/02038\",\"datePublished\":\"2026-04-23T09:42:00+00:00\",\"mainEntityOfPage\":{\"@id\":\"https:\\\/\\\/kohenavocats.com\\\/pt-pt\\\/tribunal-judiciaire-de-grenoble-le-25-mars-2025-n23-02038\\\/\"},\"wordCount\":489,\"commentCount\":0,\"publisher\":{\"@id\":\"https:\\\/\\\/kohenavocats.com\\\/pt-pt\\\/#organization\"},\"image\":{\"@id\":\"https:\\\/\\\/kohenavocats.com\\\/pt-pt\\\/tribunal-judiciaire-de-grenoble-le-25-mars-2025-n23-02038\\\/#primaryimage\"},\"thumbnailUrl\":\"https:\\\/\\\/kohenavocats.com\\\/wp-content\\\/uploads\\\/2024\\\/11\\\/mohamed-nohassi-AE9Z7hVNOPE-unsplash.webp\",\"articleSection\":[\"Jurisprudence\"],\"inLanguage\":\"pt-PT\",\"potentialAction\":[{\"@type\":\"CommentAction\",\"name\":\"Comment\",\"target\":[\"https:\\\/\\\/kohenavocats.com\\\/pt-pt\\\/tribunal-judiciaire-de-grenoble-le-25-mars-2025-n23-02038\\\/#respond\"]}],\"citation\":\"Tribunal judiciaire de Grenoble, le 25 mars 2025, n\u00b023\\\/02038\",\"about\":[{\"@type\":\"Thing\",\"name\":\"Jurisprudence\"}],\"dateModified\":\"2026-04-23T09:42:00+00:00\",\"speakable\":{\"@type\":\"SpeakableSpecification\",\"cssSelector\":[\".article-content > p:first-of-type\"]}},{\"@type\":\"WebPage\",\"@id\":\"https:\\\/\\\/kohenavocats.com\\\/pt-pt\\\/tribunal-judiciaire-de-grenoble-le-25-mars-2025-n23-02038\\\/\",\"url\":\"https:\\\/\\\/kohenavocats.com\\\/pt-pt\\\/tribunal-judiciaire-de-grenoble-le-25-mars-2025-n23-02038\\\/\",\"name\":\"Tribunal judiciaire de Grenoble, le 25 mars 2025, n\u00b023\\\/02038 - Ma\u00eetre Hassan Kohen, avocat en droit p\u00e9nal \u00e0 Paris\",\"isPartOf\":{\"@id\":\"https:\\\/\\\/kohenavocats.com\\\/pt-pt\\\/#website\"},\"primaryImageOfPage\":{\"@id\":\"https:\\\/\\\/kohenavocats.com\\\/pt-pt\\\/tribunal-judiciaire-de-grenoble-le-25-mars-2025-n23-02038\\\/#primaryimage\"},\"image\":{\"@id\":\"https:\\\/\\\/kohenavocats.com\\\/pt-pt\\\/tribunal-judiciaire-de-grenoble-le-25-mars-2025-n23-02038\\\/#primaryimage\"},\"thumbnailUrl\":\"https:\\\/\\\/kohenavocats.com\\\/wp-content\\\/uploads\\\/2024\\\/11\\\/mohamed-nohassi-AE9Z7hVNOPE-unsplash.webp\",\"datePublished\":\"2026-04-23T09:42:00+00:00\",\"description\":\"Le juge aux affaires familiales du tribunal judiciaire de Grenoble, statuant par jugement du 25 mars 2025, organise le partage d'une indivision n\u00e9e de la rup...\",\"breadcrumb\":{\"@id\":\"https:\\\/\\\/kohenavocats.com\\\/pt-pt\\\/tribunal-judiciaire-de-grenoble-le-25-mars-2025-n23-02038\\\/#breadcrumb\"},\"inLanguage\":\"pt-PT\",\"potentialAction\":[{\"@type\":\"ReadAction\",\"target\":[\"https:\\\/\\\/kohenavocats.com\\\/pt-pt\\\/tribunal-judiciaire-de-grenoble-le-25-mars-2025-n23-02038\\\/\"]}]},{\"@type\":\"ImageObject\",\"inLanguage\":\"pt-PT\",\"@id\":\"https:\\\/\\\/kohenavocats.com\\\/pt-pt\\\/tribunal-judiciaire-de-grenoble-le-25-mars-2025-n23-02038\\\/#primaryimage\",\"url\":\"https:\\\/\\\/kohenavocats.com\\\/wp-content\\\/uploads\\\/2024\\\/11\\\/mohamed-nohassi-AE9Z7hVNOPE-unsplash.webp\",\"contentUrl\":\"https:\\\/\\\/kohenavocats.com\\\/wp-content\\\/uploads\\\/2024\\\/11\\\/mohamed-nohassi-AE9Z7hVNOPE-unsplash.webp\",\"width\":6528,\"height\":3672},{\"@type\":\"BreadcrumbList\",\"@id\":\"https:\\\/\\\/kohenavocats.com\\\/pt-pt\\\/tribunal-judiciaire-de-grenoble-le-25-mars-2025-n23-02038\\\/#breadcrumb\",\"itemListElement\":[{\"@type\":\"ListItem\",\"position\":1,\"name\":\"Home\",\"item\":\"https:\\\/\\\/kohenavocats.com\\\/pt-pt\\\/avocats-en-droit-penal-a-paris-conseil-et-defense-strategique\\\/\"},{\"@type\":\"ListItem\",\"position\":2,\"name\":\"Tribunal judiciaire de Grenoble, le 25 mars 2025, n\u00b023\\\/02038\"}]},{\"@type\":\"WebSite\",\"@id\":\"https:\\\/\\\/kohenavocats.com\\\/pt-pt\\\/#website\",\"url\":\"https:\\\/\\\/kohenavocats.com\\\/pt-pt\\\/\",\"name\":\"Kohen Avocats\",\"description\":\"Ma\u00eetre Hassan Kohen, avocat p\u00e9naliste \u00e0 Paris, intervient exclusivement en droit p\u00e9nal pour la d\u00e9fense des particuliers, notamment en mati\u00e8re d\u2019accusations de viol. Il assure un accompagnement rigoureux d\u00e8s la garde \u00e0 vue jusqu\u2019\u00e0 la Cour d\u2019assises, veillant au strict respect des garanties proc\u00e9durales.\",\"publisher\":{\"@id\":\"https:\\\/\\\/kohenavocats.com\\\/pt-pt\\\/#organization\"},\"potentialAction\":[{\"@type\":\"SearchAction\",\"target\":{\"@type\":\"EntryPoint\",\"urlTemplate\":\"https:\\\/\\\/kohenavocats.com\\\/pt-pt\\\/?s={search_term_string}\"},\"query-input\":{\"@type\":\"PropertyValueSpecification\",\"valueRequired\":true,\"valueName\":\"search_term_string\"}}],\"inLanguage\":\"pt-PT\"},{\"@type\":\"Organization\",\"@id\":\"https:\\\/\\\/kohenavocats.com\\\/pt-pt\\\/#organization\",\"name\":\"Kohen Avocats\",\"url\":\"https:\\\/\\\/kohenavocats.com\\\/pt-pt\\\/\",\"logo\":{\"@type\":\"ImageObject\",\"inLanguage\":\"pt-PT\",\"@id\":\"https:\\\/\\\/kohenavocats.com\\\/pt-pt\\\/#\\\/schema\\\/logo\\\/image\\\/\",\"url\":\"https:\\\/\\\/kohenavocats.com\\\/wp-content\\\/uploads\\\/2026\\\/01\\\/Logo-2-1.webp\",\"contentUrl\":\"https:\\\/\\\/kohenavocats.com\\\/wp-content\\\/uploads\\\/2026\\\/01\\\/Logo-2-1.webp\",\"width\":2114,\"height\":1253,\"caption\":\"Kohen Avocats\"},\"image\":{\"@id\":\"https:\\\/\\\/kohenavocats.com\\\/pt-pt\\\/#\\\/schema\\\/logo\\\/image\\\/\"}},{\"@type\":\"Person\",\"@id\":\"https:\\\/\\\/kohenavocats.com\\\/pt-pt\\\/#\\\/schema\\\/person\\\/761c9ba54fa1ca84d405cef0831ff751\",\"name\":\"Kohen\",\"image\":{\"@type\":\"ImageObject\",\"inLanguage\":\"pt-PT\",\"@id\":\"https:\\\/\\\/secure.gravatar.com\\\/avatar\\\/1c5e76ef76bbbfdd2b4da984e2bf2fa4056fd51a27d25ce2c332047f1dfd6e00?s=96&d=identicon&r=g\",\"url\":\"https:\\\/\\\/secure.gravatar.com\\\/avatar\\\/1c5e76ef76bbbfdd2b4da984e2bf2fa4056fd51a27d25ce2c332047f1dfd6e00?s=96&d=identicon&r=g\",\"contentUrl\":\"https:\\\/\\\/secure.gravatar.com\\\/avatar\\\/1c5e76ef76bbbfdd2b4da984e2bf2fa4056fd51a27d25ce2c332047f1dfd6e00?s=96&d=identicon&r=g\",\"caption\":\"Kohen\"},\"sameAs\":[\"https:\\\/\\\/www.linkedin.com\\\/in\\\/hassan-kohen-448548192\\\/\",\"https:\\\/\\\/www.youtube.com\\\/@Kohen-Avocats\"],\"url\":\"https:\\\/\\\/kohenavocats.com\\\/pt-pt\\\/author\\\/kohenmlk\\\/\"}]}<\/script>\n<!-- \/ Yoast SEO Premium plugin. -->","yoast_head_json":{"title":"Tribunal judiciaire de Grenoble, le 25 mars 2025, n\u00b023\/02038 - Ma\u00eetre Hassan Kohen, avocat en droit p\u00e9nal \u00e0 Paris","description":"Le juge aux affaires familiales du tribunal judiciaire de Grenoble, statuant par jugement du 25 mars 2025, organise le partage d'une indivision n\u00e9e de la rup...","robots":{"index":"index","follow":"follow","max-snippet":"max-snippet:-1","max-image-preview":"max-image-preview:large","max-video-preview":"max-video-preview:-1"},"canonical":"https:\/\/kohenavocats.com\/pt-pt\/tribunal-judiciaire-de-grenoble-le-25-mars-2025-n23-02038\/","og_locale":"pt_PT","og_type":"article","og_title":"Tribunal judiciaire de Grenoble, le 25 mars 2025, n\u00b023\/02038","og_description":"Le juge aux affaires familiales du tribunal judiciaire de Grenoble, statuant par jugement du 25 mars 2025, organise le partage d'une indivision n\u00e9e de la rup...","og_url":"https:\/\/kohenavocats.com\/pt-pt\/tribunal-judiciaire-de-grenoble-le-25-mars-2025-n23-02038\/","og_site_name":"Ma\u00eetre Hassan Kohen, avocat en droit p\u00e9nal \u00e0 Paris","article_published_time":"2026-04-23T09:42:00+00:00","og_image":[{"width":6528,"height":3672,"url":"https:\/\/kohenavocats.com\/wp-content\/uploads\/2024\/11\/mohamed-nohassi-AE9Z7hVNOPE-unsplash.webp","type":"image\/webp"}],"author":"Kohen","twitter_card":"summary_large_image","twitter_misc":{"Escrito por":"Kohen","Tempo estimado de leitura":"2 minutos"},"schema":{"@context":"https:\/\/schema.org","@graph":[{"@type":"Article","@id":"https:\/\/kohenavocats.com\/pt-pt\/tribunal-judiciaire-de-grenoble-le-25-mars-2025-n23-02038\/#article","isPartOf":{"@id":"https:\/\/kohenavocats.com\/pt-pt\/tribunal-judiciaire-de-grenoble-le-25-mars-2025-n23-02038\/"},"author":{"name":"Kohen","@id":"https:\/\/kohenavocats.com\/pt-pt\/#\/schema\/person\/761c9ba54fa1ca84d405cef0831ff751"},"headline":"Tribunal judiciaire de Grenoble, le 25 mars 2025, n\u00b023\/02038","datePublished":"2026-04-23T09:42:00+00:00","mainEntityOfPage":{"@id":"https:\/\/kohenavocats.com\/pt-pt\/tribunal-judiciaire-de-grenoble-le-25-mars-2025-n23-02038\/"},"wordCount":489,"commentCount":0,"publisher":{"@id":"https:\/\/kohenavocats.com\/pt-pt\/#organization"},"image":{"@id":"https:\/\/kohenavocats.com\/pt-pt\/tribunal-judiciaire-de-grenoble-le-25-mars-2025-n23-02038\/#primaryimage"},"thumbnailUrl":"https:\/\/kohenavocats.com\/wp-content\/uploads\/2024\/11\/mohamed-nohassi-AE9Z7hVNOPE-unsplash.webp","articleSection":["Jurisprudence"],"inLanguage":"pt-PT","potentialAction":[{"@type":"CommentAction","name":"Comment","target":["https:\/\/kohenavocats.com\/pt-pt\/tribunal-judiciaire-de-grenoble-le-25-mars-2025-n23-02038\/#respond"]}],"citation":"Tribunal judiciaire de Grenoble, le 25 mars 2025, n\u00b023\/02038","about":[{"@type":"Thing","name":"Jurisprudence"}],"dateModified":"2026-04-23T09:42:00+00:00","speakable":{"@type":"SpeakableSpecification","cssSelector":[".article-content > p:first-of-type"]}},{"@type":"WebPage","@id":"https:\/\/kohenavocats.com\/pt-pt\/tribunal-judiciaire-de-grenoble-le-25-mars-2025-n23-02038\/","url":"https:\/\/kohenavocats.com\/pt-pt\/tribunal-judiciaire-de-grenoble-le-25-mars-2025-n23-02038\/","name":"Tribunal judiciaire de Grenoble, le 25 mars 2025, n\u00b023\/02038 - Ma\u00eetre Hassan Kohen, avocat en droit p\u00e9nal \u00e0 Paris","isPartOf":{"@id":"https:\/\/kohenavocats.com\/pt-pt\/#website"},"primaryImageOfPage":{"@id":"https:\/\/kohenavocats.com\/pt-pt\/tribunal-judiciaire-de-grenoble-le-25-mars-2025-n23-02038\/#primaryimage"},"image":{"@id":"https:\/\/kohenavocats.com\/pt-pt\/tribunal-judiciaire-de-grenoble-le-25-mars-2025-n23-02038\/#primaryimage"},"thumbnailUrl":"https:\/\/kohenavocats.com\/wp-content\/uploads\/2024\/11\/mohamed-nohassi-AE9Z7hVNOPE-unsplash.webp","datePublished":"2026-04-23T09:42:00+00:00","description":"Le juge aux affaires familiales du tribunal judiciaire de Grenoble, statuant par jugement du 25 mars 2025, organise le partage d'une indivision n\u00e9e de la rup...","breadcrumb":{"@id":"https:\/\/kohenavocats.com\/pt-pt\/tribunal-judiciaire-de-grenoble-le-25-mars-2025-n23-02038\/#breadcrumb"},"inLanguage":"pt-PT","potentialAction":[{"@type":"ReadAction","target":["https:\/\/kohenavocats.com\/pt-pt\/tribunal-judiciaire-de-grenoble-le-25-mars-2025-n23-02038\/"]}]},{"@type":"ImageObject","inLanguage":"pt-PT","@id":"https:\/\/kohenavocats.com\/pt-pt\/tribunal-judiciaire-de-grenoble-le-25-mars-2025-n23-02038\/#primaryimage","url":"https:\/\/kohenavocats.com\/wp-content\/uploads\/2024\/11\/mohamed-nohassi-AE9Z7hVNOPE-unsplash.webp","contentUrl":"https:\/\/kohenavocats.com\/wp-content\/uploads\/2024\/11\/mohamed-nohassi-AE9Z7hVNOPE-unsplash.webp","width":6528,"height":3672},{"@type":"BreadcrumbList","@id":"https:\/\/kohenavocats.com\/pt-pt\/tribunal-judiciaire-de-grenoble-le-25-mars-2025-n23-02038\/#breadcrumb","itemListElement":[{"@type":"ListItem","position":1,"name":"Home","item":"https:\/\/kohenavocats.com\/pt-pt\/avocats-en-droit-penal-a-paris-conseil-et-defense-strategique\/"},{"@type":"ListItem","position":2,"name":"Tribunal judiciaire de Grenoble, le 25 mars 2025, n\u00b023\/02038"}]},{"@type":"WebSite","@id":"https:\/\/kohenavocats.com\/pt-pt\/#website","url":"https:\/\/kohenavocats.com\/pt-pt\/","name":"Kohen Avocats","description":"Ma\u00eetre Hassan Kohen, avocat p\u00e9naliste \u00e0 Paris, intervient exclusivement en droit p\u00e9nal pour la d\u00e9fense des particuliers, notamment en mati\u00e8re d\u2019accusations de viol. Il assure un accompagnement rigoureux d\u00e8s la garde \u00e0 vue jusqu\u2019\u00e0 la Cour d\u2019assises, veillant au strict respect des garanties proc\u00e9durales.","publisher":{"@id":"https:\/\/kohenavocats.com\/pt-pt\/#organization"},"potentialAction":[{"@type":"SearchAction","target":{"@type":"EntryPoint","urlTemplate":"https:\/\/kohenavocats.com\/pt-pt\/?s={search_term_string}"},"query-input":{"@type":"PropertyValueSpecification","valueRequired":true,"valueName":"search_term_string"}}],"inLanguage":"pt-PT"},{"@type":"Organization","@id":"https:\/\/kohenavocats.com\/pt-pt\/#organization","name":"Kohen Avocats","url":"https:\/\/kohenavocats.com\/pt-pt\/","logo":{"@type":"ImageObject","inLanguage":"pt-PT","@id":"https:\/\/kohenavocats.com\/pt-pt\/#\/schema\/logo\/image\/","url":"https:\/\/kohenavocats.com\/wp-content\/uploads\/2026\/01\/Logo-2-1.webp","contentUrl":"https:\/\/kohenavocats.com\/wp-content\/uploads\/2026\/01\/Logo-2-1.webp","width":2114,"height":1253,"caption":"Kohen Avocats"},"image":{"@id":"https:\/\/kohenavocats.com\/pt-pt\/#\/schema\/logo\/image\/"}},{"@type":"Person","@id":"https:\/\/kohenavocats.com\/pt-pt\/#\/schema\/person\/761c9ba54fa1ca84d405cef0831ff751","name":"Kohen","image":{"@type":"ImageObject","inLanguage":"pt-PT","@id":"https:\/\/secure.gravatar.com\/avatar\/1c5e76ef76bbbfdd2b4da984e2bf2fa4056fd51a27d25ce2c332047f1dfd6e00?s=96&d=identicon&r=g","url":"https:\/\/secure.gravatar.com\/avatar\/1c5e76ef76bbbfdd2b4da984e2bf2fa4056fd51a27d25ce2c332047f1dfd6e00?s=96&d=identicon&r=g","contentUrl":"https:\/\/secure.gravatar.com\/avatar\/1c5e76ef76bbbfdd2b4da984e2bf2fa4056fd51a27d25ce2c332047f1dfd6e00?s=96&d=identicon&r=g","caption":"Kohen"},"sameAs":["https:\/\/www.linkedin.com\/in\/hassan-kohen-448548192\/","https:\/\/www.youtube.com\/@Kohen-Avocats"],"url":"https:\/\/kohenavocats.com\/pt-pt\/author\/kohenmlk\/"}]}},"jetpack_featured_media_url":"https:\/\/kohenavocats.com\/wp-content\/uploads\/2024\/11\/mohamed-nohassi-AE9Z7hVNOPE-unsplash.webp","jetpack_likes_enabled":false,"jetpack_shortlink":"https:\/\/wp.me\/peCrII-2LiV","jetpack-related-posts":[{"id":685468,"url":"https:\/\/kohenavocats.com\/pt-pt\/cour-dappel-de-bastia-le-9-juillet-2025-n24-00435\/","url_meta":{"origin":658497,"position":0},"title":"Cour d&#8217;appel de Bastia, le 9 juillet 2025, n\u00b024\/00435","author":"Kohen","date":"25 de Abril, 2026","format":false,"excerpt":"La Cour d'appel de Bastia, le 9 juillet 2025, est saisie d'un litige entre co\u00efndivisaires sur l\u2019indemnit\u00e9 d\u2019occupation d\u2019un appartement et la prescription ap...","rel":"","context":"In &quot;Jurisprudence&quot;","block_context":{"text":"Jurisprudence","link":"https:\/\/kohenavocats.com\/category\/jurisprudence\/"},"img":{"alt_text":"","src":"https:\/\/i0.wp.com\/kohenavocats.com\/wp-content\/uploads\/2024\/11\/viktor-forgacs-DcHqAJ9o6pc-unsplash.webp?resize=350%2C200&ssl=1","width":350,"height":200,"srcset":"https:\/\/i0.wp.com\/kohenavocats.com\/wp-content\/uploads\/2024\/11\/viktor-forgacs-DcHqAJ9o6pc-unsplash.webp?resize=350%2C200&ssl=1 1x, https:\/\/i0.wp.com\/kohenavocats.com\/wp-content\/uploads\/2024\/11\/viktor-forgacs-DcHqAJ9o6pc-unsplash.webp?resize=525%2C300&ssl=1 1.5x, https:\/\/i0.wp.com\/kohenavocats.com\/wp-content\/uploads\/2024\/11\/viktor-forgacs-DcHqAJ9o6pc-unsplash.webp?resize=700%2C400&ssl=1 2x, https:\/\/i0.wp.com\/kohenavocats.com\/wp-content\/uploads\/2024\/11\/viktor-forgacs-DcHqAJ9o6pc-unsplash.webp?resize=1050%2C600&ssl=1 3x, https:\/\/i0.wp.com\/kohenavocats.com\/wp-content\/uploads\/2024\/11\/viktor-forgacs-DcHqAJ9o6pc-unsplash.webp?resize=1400%2C800&ssl=1 4x"},"classes":[]},{"id":228681,"url":"https:\/\/kohenavocats.com\/pt-pt\/cour-dappel-de-grenoble-le-6-aout-2025-n23-03299\/","url_meta":{"origin":658497,"position":1},"title":"Cour d&#8217;appel de Grenoble, le 6 ao\u00fbt 2025, n\u00b023\/03299","author":"Kohen","date":"27 de Dezembro, 2025","format":false,"excerpt":"Now using node v22.15.1 (npm v10.8.2)Utilisation de Node.js v20.19.4 et npm 10.8.2Codex est d\u00e9j\u00e0 install\u00e9.Lancement de Codex\u2026La cour d\u2019appel de Grenoble, 6 ao\u00fbt 2025, statue sur plusieurs difficult\u00e9s n\u00e9es apr\u00e8s un divorce prononc\u00e9 en 2019 et l\u2019homologation d\u2019un changement de r\u00e9gime matrimonial en 1981. Les \u00e9poux avaient acquis avant ce\u2026","rel":"","context":"In &quot;Cour d'appel&quot;","block_context":{"text":"Cour d'appel","link":"https:\/\/kohenavocats.com\/category\/cour-dappel\/"},"img":{"alt_text":"","src":"https:\/\/i0.wp.com\/kohenavocats.com\/wp-content\/uploads\/2024\/11\/allison-saeng-FimlRcXllbw-unsplash.webp?resize=350%2C200&ssl=1","width":350,"height":200,"srcset":"https:\/\/i0.wp.com\/kohenavocats.com\/wp-content\/uploads\/2024\/11\/allison-saeng-FimlRcXllbw-unsplash.webp?resize=350%2C200&ssl=1 1x, https:\/\/i0.wp.com\/kohenavocats.com\/wp-content\/uploads\/2024\/11\/allison-saeng-FimlRcXllbw-unsplash.webp?resize=525%2C300&ssl=1 1.5x, https:\/\/i0.wp.com\/kohenavocats.com\/wp-content\/uploads\/2024\/11\/allison-saeng-FimlRcXllbw-unsplash.webp?resize=700%2C400&ssl=1 2x, https:\/\/i0.wp.com\/kohenavocats.com\/wp-content\/uploads\/2024\/11\/allison-saeng-FimlRcXllbw-unsplash.webp?resize=1050%2C600&ssl=1 3x, https:\/\/i0.wp.com\/kohenavocats.com\/wp-content\/uploads\/2024\/11\/allison-saeng-FimlRcXllbw-unsplash.webp?resize=1400%2C800&ssl=1 4x"},"classes":[]},{"id":606851,"url":"https:\/\/kohenavocats.com\/pt-pt\/cour-dappel-le-27-septembre-2023-n23-00161\/","url_meta":{"origin":658497,"position":2},"title":"Cour d&#8217;appel, le 27 septembre 2023, n\u00b023\/00161","author":"Kohen","date":"19 de Abril, 2026","format":false,"excerpt":"La cour d'appel, statuant en mati\u00e8re civile, a rendu un arr\u00eat le 27 septembre 2023. Cet arr\u00eat tranche un litige successorale opposant des coindivisaires \u00e0 pr...","rel":"","context":"In &quot;Jurisprudence&quot;","block_context":{"text":"Jurisprudence","link":"https:\/\/kohenavocats.com\/category\/jurisprudence\/"},"img":{"alt_text":"","src":"https:\/\/i0.wp.com\/kohenavocats.com\/wp-content\/uploads\/2024\/08\/wei-hunag-0qGqvY7BA2g-unsplash.webp?resize=350%2C200&ssl=1","width":350,"height":200,"srcset":"https:\/\/i0.wp.com\/kohenavocats.com\/wp-content\/uploads\/2024\/08\/wei-hunag-0qGqvY7BA2g-unsplash.webp?resize=350%2C200&ssl=1 1x, https:\/\/i0.wp.com\/kohenavocats.com\/wp-content\/uploads\/2024\/08\/wei-hunag-0qGqvY7BA2g-unsplash.webp?resize=525%2C300&ssl=1 1.5x, https:\/\/i0.wp.com\/kohenavocats.com\/wp-content\/uploads\/2024\/08\/wei-hunag-0qGqvY7BA2g-unsplash.webp?resize=700%2C400&ssl=1 2x, https:\/\/i0.wp.com\/kohenavocats.com\/wp-content\/uploads\/2024\/08\/wei-hunag-0qGqvY7BA2g-unsplash.webp?resize=1050%2C600&ssl=1 3x, https:\/\/i0.wp.com\/kohenavocats.com\/wp-content\/uploads\/2024\/08\/wei-hunag-0qGqvY7BA2g-unsplash.webp?resize=1400%2C800&ssl=1 4x"},"classes":[]},{"id":231385,"url":"https:\/\/kohenavocats.com\/pt-pt\/cour-dappel-de-grenoble-le-18-juin-2025-n23-04123\/","url_meta":{"origin":658497,"position":3},"title":"Cour d&#8217;appel de Grenoble, le 18 juin 2025, n\u00b023\/04123","author":"Kohen","date":"28 de Dezembro, 2025","format":false,"excerpt":"Par un arr\u00eat du 18 juin 2025, la Cour d'appel de Grenoble, chambre des affaires familiales, a statu\u00e9 sur la liquidation du r\u00e9gime matrimonial de deux \u00e9poux divorc\u00e9s depuis 2005. La question centrale portait sur les r\u00e9compenses dues par la communaut\u00e9 \u00e0 chaque \u00e9poux ainsi que sur les comptes d'indivision\u2026","rel":"","context":"In &quot;Cour d'appel&quot;","block_context":{"text":"Cour d'appel","link":"https:\/\/kohenavocats.com\/category\/cour-dappel\/"},"img":{"alt_text":"","src":"https:\/\/i0.wp.com\/kohenavocats.com\/wp-content\/uploads\/2024\/08\/luke-michael-DUV8TJtD2QY-unsplash-1.webp?resize=350%2C200&ssl=1","width":350,"height":200,"srcset":"https:\/\/i0.wp.com\/kohenavocats.com\/wp-content\/uploads\/2024\/08\/luke-michael-DUV8TJtD2QY-unsplash-1.webp?resize=350%2C200&ssl=1 1x, https:\/\/i0.wp.com\/kohenavocats.com\/wp-content\/uploads\/2024\/08\/luke-michael-DUV8TJtD2QY-unsplash-1.webp?resize=525%2C300&ssl=1 1.5x, https:\/\/i0.wp.com\/kohenavocats.com\/wp-content\/uploads\/2024\/08\/luke-michael-DUV8TJtD2QY-unsplash-1.webp?resize=700%2C400&ssl=1 2x, https:\/\/i0.wp.com\/kohenavocats.com\/wp-content\/uploads\/2024\/08\/luke-michael-DUV8TJtD2QY-unsplash-1.webp?resize=1050%2C600&ssl=1 3x, https:\/\/i0.wp.com\/kohenavocats.com\/wp-content\/uploads\/2024\/08\/luke-michael-DUV8TJtD2QY-unsplash-1.webp?resize=1400%2C800&ssl=1 4x"},"classes":[]},{"id":230215,"url":"https:\/\/kohenavocats.com\/pt-pt\/cour-dappel-de-versailles-le-24-juin-2025-n23-03372\/","url_meta":{"origin":658497,"position":4},"title":"Cour d&#8217;appel de Versailles, le 24 juin 2025, n\u00b023\/03372","author":"Kohen","date":"27 de Dezembro, 2025","format":false,"excerpt":"Now using node v22.15.1 (npm v10.8.2)Utilisation de Node.js v20.19.4 et npm 10.8.2Codex est d\u00e9j\u00e0 install\u00e9.Lancement de Codex...La cour d\u2019appel de Versailles, par arr\u00eat du 24 juin 2025, statue sur un contentieux d\u2019indivision portant sur une maison compos\u00e9e de quatre appartements. L\u2019indivision r\u00e9sulte de deux successions successives, la seconde ayant institu\u00e9\u2026","rel":"","context":"In &quot;Cour d'appel&quot;","block_context":{"text":"Cour d'appel","link":"https:\/\/kohenavocats.com\/category\/cour-dappel\/"},"img":{"alt_text":"","src":"https:\/\/i0.wp.com\/kohenavocats.com\/wp-content\/uploads\/2024\/11\/mohamed-nohassi-JRDWIrzOZpI-unsplash.webp?resize=350%2C200&ssl=1","width":350,"height":200,"srcset":"https:\/\/i0.wp.com\/kohenavocats.com\/wp-content\/uploads\/2024\/11\/mohamed-nohassi-JRDWIrzOZpI-unsplash.webp?resize=350%2C200&ssl=1 1x, https:\/\/i0.wp.com\/kohenavocats.com\/wp-content\/uploads\/2024\/11\/mohamed-nohassi-JRDWIrzOZpI-unsplash.webp?resize=525%2C300&ssl=1 1.5x, https:\/\/i0.wp.com\/kohenavocats.com\/wp-content\/uploads\/2024\/11\/mohamed-nohassi-JRDWIrzOZpI-unsplash.webp?resize=700%2C400&ssl=1 2x, https:\/\/i0.wp.com\/kohenavocats.com\/wp-content\/uploads\/2024\/11\/mohamed-nohassi-JRDWIrzOZpI-unsplash.webp?resize=1050%2C600&ssl=1 3x, https:\/\/i0.wp.com\/kohenavocats.com\/wp-content\/uploads\/2024\/11\/mohamed-nohassi-JRDWIrzOZpI-unsplash.webp?resize=1400%2C800&ssl=1 4x"},"classes":[]},{"id":423319,"url":"https:\/\/kohenavocats.com\/pt-pt\/cour-dappel-de-bordeaux-le-24-fevrier-2026-n23-03100\/","url_meta":{"origin":658497,"position":5},"title":"Cour d&#8217;appel de Bordeaux, le 24 f\u00e9vrier 2026, n\u00b023\/03100","author":"Kohen","date":"23 de Mar\u00e7o, 2026","format":false,"excerpt":"L\u2019arr\u00eat rendu par la Cour d\u2019appel de Bordeaux le 24 f\u00e9vrier 2026 statue sur les comptes d\u2019une indivision post\u00e9rieure \u00e0 la rupture d\u2019un concubinage. Les ex-concubins avaient acquis un immeuble en indivision par moiti\u00e9. Apr\u00e8s leur s\u00e9paration, l\u2019un d\u2019eux est rest\u00e9 dans les lieux et a seul support\u00e9 les charges.\u2026","rel":"","context":"In &quot;Cour d'appel&quot;","block_context":{"text":"Cour d'appel","link":"https:\/\/kohenavocats.com\/category\/cour-dappel\/"},"img":{"alt_text":"","src":"https:\/\/i0.wp.com\/kohenavocats.com\/wp-content\/uploads\/2024\/08\/waqar-KY7GFNrxoOY-unsplash-1.webp?resize=350%2C200&ssl=1","width":350,"height":200,"srcset":"https:\/\/i0.wp.com\/kohenavocats.com\/wp-content\/uploads\/2024\/08\/waqar-KY7GFNrxoOY-unsplash-1.webp?resize=350%2C200&ssl=1 1x, https:\/\/i0.wp.com\/kohenavocats.com\/wp-content\/uploads\/2024\/08\/waqar-KY7GFNrxoOY-unsplash-1.webp?resize=525%2C300&ssl=1 1.5x, https:\/\/i0.wp.com\/kohenavocats.com\/wp-content\/uploads\/2024\/08\/waqar-KY7GFNrxoOY-unsplash-1.webp?resize=700%2C400&ssl=1 2x, https:\/\/i0.wp.com\/kohenavocats.com\/wp-content\/uploads\/2024\/08\/waqar-KY7GFNrxoOY-unsplash-1.webp?resize=1050%2C600&ssl=1 3x, https:\/\/i0.wp.com\/kohenavocats.com\/wp-content\/uploads\/2024\/08\/waqar-KY7GFNrxoOY-unsplash-1.webp?resize=1400%2C800&ssl=1 4x"},"classes":[]}],"jetpack_sharing_enabled":true,"_links":{"self":[{"href":"https:\/\/kohenavocats.com\/pt-pt\/wp-json\/wp\/v2\/posts\/658497","targetHints":{"allow":["GET"]}}],"collection":[{"href":"https:\/\/kohenavocats.com\/pt-pt\/wp-json\/wp\/v2\/posts"}],"about":[{"href":"https:\/\/kohenavocats.com\/pt-pt\/wp-json\/wp\/v2\/types\/post"}],"author":[{"embeddable":true,"href":"https:\/\/kohenavocats.com\/pt-pt\/wp-json\/wp\/v2\/users\/232070755"}],"replies":[{"embeddable":true,"href":"https:\/\/kohenavocats.com\/pt-pt\/wp-json\/wp\/v2\/comments?post=658497"}],"version-history":[{"count":0,"href":"https:\/\/kohenavocats.com\/pt-pt\/wp-json\/wp\/v2\/posts\/658497\/revisions"}],"wp:featuredmedia":[{"embeddable":true,"href":"https:\/\/kohenavocats.com\/pt-pt\/wp-json\/wp\/v2\/media\/9437"}],"wp:attachment":[{"href":"https:\/\/kohenavocats.com\/pt-pt\/wp-json\/wp\/v2\/media?parent=658497"}],"wp:term":[{"taxonomy":"category","embeddable":true,"href":"https:\/\/kohenavocats.com\/pt-pt\/wp-json\/wp\/v2\/categories?post=658497"},{"taxonomy":"post_tag","embeddable":true,"href":"https:\/\/kohenavocats.com\/pt-pt\/wp-json\/wp\/v2\/tags?post=658497"}],"curies":[{"name":"wp","href":"https:\/\/api.w.org\/{rel}","templated":true}]}}