{"id":659854,"date":"2026-04-23T14:13:54","date_gmt":"2026-04-23T12:13:54","guid":{"rendered":"https:\/\/kohenavocats.com\/tribunal-judiciaire-de-bordeaux-le-26-septembre-2025-n23-00320\/"},"modified":"2026-04-23T14:13:54","modified_gmt":"2026-04-23T12:13:54","slug":"tribunal-judiciaire-de-bordeaux-le-26-septembre-2025-n23-00320","status":"publish","type":"post","link":"https:\/\/kohenavocats.com\/pt-pt\/tribunal-judiciaire-de-bordeaux-le-26-septembre-2025-n23-00320\/","title":{"rendered":"Tribunal judiciaire de Bordeaux, le 26 septembre 2025, n\u00b023\/00320"},"content":{"rendered":"<div class=\"article-content\">\n<p>Le tribunal judiciaire de Bordeaux, le 26 septembre 2025, statue sur une demande de l&#8217;URSSAF Aquitaine. Une soci\u00e9t\u00e9 avait produit en d\u00e9lib\u00e9r\u00e9 un arr\u00eat de relaxe pour travail dissimul\u00e9. Le tribunal constate que cette communication tardive porte atteinte au principe de la contradiction. Il ordonne donc la r\u00e9ouverture des d\u00e9bats pour permettre un d\u00e9bat contradictoire sur la port\u00e9e de cet arr\u00eat.<\/p>\n<p>Le principe du contradictoire, une obligation proc\u00e9durale fondamentale<\/p>\n<p>Le juge est le garant du respect des droits de la d\u00e9fense. Il doit veiller au strict respect des \u00e9changes entre les parties avant le d\u00e9lib\u00e9r\u00e9. Cette obligation s&#8217;impose \u00e0 lui en toutes circonstances durant la proc\u00e9dure.<\/p>\n<p>Un cadre l\u00e9gal strict pour les \u00e9changes pr\u00e9alables au d\u00e9lib\u00e9r\u00e9<\/p>\n<p>La loi encadre pr\u00e9cis\u00e9ment la communication des moyens et des pi\u00e8ces avant l&#8217;audience. Le juge peut \u00e9carter des d\u00e9bats les \u00e9l\u00e9ments communiqu\u00e9s tardivement sans motif l\u00e9gitime. &#8220;Le juge peut \u00e9carter des d\u00e9bats les pr\u00e9tentions, moyens et pi\u00e8ces communiqu\u00e9s sans motif l\u00e9gitime apr\u00e8s la date fix\u00e9e ou convenue pour les \u00e9changes et dont la tardivet\u00e9 porte atteinte aux droits de la d\u00e9fense&#8221; (Article 446-2 alin\u00e9a 4 du code de proc\u00e9dure civile). Cette disposition prot\u00e8ge l&#8217;\u00e9quilibre du proc\u00e8s et \u00e9vite les surprises en derni\u00e8re minute.<\/p>\n<p>La sanction du non-respect : la r\u00e9ouverture des d\u00e9bats<\/p>\n<p>Face \u00e0 une violation du principe contradictoire, le juge doit r\u00e9tablir l&#8217;\u00e9galit\u00e9 des armes. La solution appropri\u00e9e n&#8217;est pas d&#8217;\u00e9carter l&#8217;\u00e9l\u00e9ment nouveau mais de permettre son examen par toutes les parties. Le tribunal a ainsi estim\u00e9 que la production en d\u00e9lib\u00e9r\u00e9 d&#8217;un arr\u00eat de relaxe cr\u00e9ait un d\u00e9s\u00e9quilibre. Cette situation n\u00e9cessitait de renvoyer l&#8217;affaire \u00e0 une audience ult\u00e9rieure pour un d\u00e9bat serein.<\/p>\n<p>La port\u00e9e pratique d&#8217;une d\u00e9cision de relaxe connexe<\/p>\n<p>L&#8217;enjeu substantiel concernait l&#8217;autorit\u00e9 d&#8217;une d\u00e9cision p\u00e9nale dans une proc\u00e9dure civile. La soci\u00e9t\u00e9 souhaitait invoquer un arr\u00eat de relaxe pour travail dissimul\u00e9 afin de faire \u00e9chec aux demandes de l&#8217;organisme recouvreur. Le tribunal note que les motifs de la relaxe p\u00e9nale, fond\u00e9e sur l&#8217;absence de faute d&#8217;un organe social, pouvaient \u00eatre d\u00e9terminants. Il \u00e9tait donc essentiel que l&#8217;URSSAF puisse en discuter la port\u00e9e juridique contradictoirement.<\/p>\n<p>La valeur proc\u00e9durale du principe de contradiction<\/p>\n<p>Cette d\u00e9cision rappelle la nature imp\u00e9rative du principe du contradictoire. Elle souligne que le juge a le devoir de le faire observer, m\u00eame d&#8217;office, pour garantir un proc\u00e8s \u00e9quitable. Le respect des d\u00e9lais de communication est une condition essentielle de l&#8217;\u00e9galit\u00e9 des armes entre les parties au litige.<\/p>\n<p>L&#8217;administration de la preuve dans un proc\u00e8s \u00e9quitable<\/p>\n<p>L&#8217;arr\u00eat illustre l&#8217;importance du moment de la production des pi\u00e8ces dans le d\u00e9roulement de l&#8217;instance. Une pi\u00e8ce d\u00e9cisive communiqu\u00e9e apr\u00e8s la cl\u00f4ture des d\u00e9bats fausse le dialogue processuel. Le juge doit alors r\u00e9tablir les conditions d&#8217;un d\u00e9bat loyal avant de statuer au fond sur le litige.<\/p>\n<\/div>\n","protected":false},"excerpt":{"rendered":"<p>Le tribunal judiciaire de Bordeaux, le 26 septembre 2025, statue sur une demande de l&#8217;URSSAF Aquitaine. Une soci\u00e9t\u00e9 avait produit en d\u00e9lib\u00e9r\u00e9 un arr\u00eat de rel&#8230;<\/p>\n","protected":false},"author":232070755,"featured_media":3910,"comment_status":"open","ping_status":"open","sticky":false,"template":"","format":"standard","meta":{"_crdt_document":"","_jetpack_newsletter_access":"","_jetpack_dont_email_post_to_subs":false,"_jetpack_newsletter_tier_id":0,"_jetpack_memberships_contains_paywalled_content":false,"_kj_source_type":"","_kj_official_id":"","_kj_official_url":"","_kj_judilibre_id":"","_kj_jur":"","_kj_lieu":"","_kj_chambre":"","_kj_rg":"","_kj_date":"","_jetpack_memberships_contains_paid_content":false,"footnotes":"","jetpack_post_was_ever_published":false},"categories":[7597],"tags":[],"class_list":["post-659854","post","type-post","status-publish","format-standard","has-post-thumbnail","hentry","category-jurisprudence"],"yoast_head":"<!-- This site is optimized with the Yoast SEO Premium plugin v27.5 (Yoast SEO v27.5) - https:\/\/yoast.com\/product\/yoast-seo-premium-wordpress\/ -->\n<title>Tribunal judiciaire de Bordeaux, le 26 septembre 2025, n\u00b023\/00320 - Ma\u00eetre Hassan Kohen, avocat en droit p\u00e9nal \u00e0 Paris<\/title>\n<meta name=\"description\" content=\"Le tribunal judiciaire de Bordeaux, le 26 septembre 2025, statue sur une demande de l&#039;URSSAF Aquitaine. Une soci\u00e9t\u00e9 avait produit en d\u00e9lib\u00e9r\u00e9 un arr\u00eat de rel...\" \/>\n<meta name=\"robots\" content=\"index, follow, max-snippet:-1, max-image-preview:large, max-video-preview:-1\" \/>\n<link rel=\"canonical\" href=\"https:\/\/kohenavocats.com\/pt-pt\/tribunal-judiciaire-de-bordeaux-le-26-septembre-2025-n23-00320\/\" \/>\n<meta property=\"og:locale\" content=\"pt_PT\" \/>\n<meta property=\"og:type\" content=\"article\" \/>\n<meta property=\"og:title\" content=\"Tribunal judiciaire de Bordeaux, le 26 septembre 2025, n\u00b023\/00320\" \/>\n<meta property=\"og:description\" content=\"Le tribunal judiciaire de Bordeaux, le 26 septembre 2025, statue sur une demande de l&#039;URSSAF Aquitaine. Une soci\u00e9t\u00e9 avait produit en d\u00e9lib\u00e9r\u00e9 un arr\u00eat de rel...\" \/>\n<meta property=\"og:url\" content=\"https:\/\/kohenavocats.com\/pt-pt\/tribunal-judiciaire-de-bordeaux-le-26-septembre-2025-n23-00320\/\" \/>\n<meta property=\"og:site_name\" content=\"Ma\u00eetre Hassan Kohen, avocat en droit p\u00e9nal \u00e0 Paris\" \/>\n<meta property=\"article:published_time\" content=\"2026-04-23T12:13:54+00:00\" \/>\n<meta property=\"og:image\" content=\"https:\/\/kohenavocats.com\/wp-content\/uploads\/2024\/07\/lucie-morel-DsWjM4iOmyA-unsplash.webp\" \/>\n\t<meta property=\"og:image:width\" content=\"6000\" \/>\n\t<meta property=\"og:image:height\" content=\"3376\" \/>\n\t<meta property=\"og:image:type\" content=\"image\/webp\" \/>\n<meta name=\"author\" content=\"Kohen\" \/>\n<meta name=\"twitter:card\" content=\"summary_large_image\" \/>\n<meta name=\"twitter:label1\" content=\"Escrito por\" \/>\n\t<meta name=\"twitter:data1\" content=\"Kohen\" \/>\n\t<meta name=\"twitter:label2\" content=\"Tempo estimado de leitura\" \/>\n\t<meta name=\"twitter:data2\" content=\"3 minutos\" \/>\n<script type=\"application\/ld+json\" class=\"yoast-schema-graph\">{\"@context\":\"https:\\\/\\\/schema.org\",\"@graph\":[{\"@type\":\"Article\",\"@id\":\"https:\\\/\\\/kohenavocats.com\\\/pt-pt\\\/tribunal-judiciaire-de-bordeaux-le-26-septembre-2025-n23-00320\\\/#article\",\"isPartOf\":{\"@id\":\"https:\\\/\\\/kohenavocats.com\\\/pt-pt\\\/tribunal-judiciaire-de-bordeaux-le-26-septembre-2025-n23-00320\\\/\"},\"author\":{\"name\":\"Kohen\",\"@id\":\"https:\\\/\\\/kohenavocats.com\\\/pt-pt\\\/#\\\/schema\\\/person\\\/761c9ba54fa1ca84d405cef0831ff751\"},\"headline\":\"Tribunal judiciaire de Bordeaux, le 26 septembre 2025, n\u00b023\\\/00320\",\"datePublished\":\"2026-04-23T12:13:54+00:00\",\"mainEntityOfPage\":{\"@id\":\"https:\\\/\\\/kohenavocats.com\\\/pt-pt\\\/tribunal-judiciaire-de-bordeaux-le-26-septembre-2025-n23-00320\\\/\"},\"wordCount\":558,\"commentCount\":0,\"publisher\":{\"@id\":\"https:\\\/\\\/kohenavocats.com\\\/pt-pt\\\/#organization\"},\"image\":{\"@id\":\"https:\\\/\\\/kohenavocats.com\\\/pt-pt\\\/tribunal-judiciaire-de-bordeaux-le-26-septembre-2025-n23-00320\\\/#primaryimage\"},\"thumbnailUrl\":\"https:\\\/\\\/kohenavocats.com\\\/wp-content\\\/uploads\\\/2024\\\/07\\\/lucie-morel-DsWjM4iOmyA-unsplash.webp\",\"articleSection\":[\"Jurisprudence\"],\"inLanguage\":\"pt-PT\",\"potentialAction\":[{\"@type\":\"CommentAction\",\"name\":\"Comment\",\"target\":[\"https:\\\/\\\/kohenavocats.com\\\/pt-pt\\\/tribunal-judiciaire-de-bordeaux-le-26-septembre-2025-n23-00320\\\/#respond\"]}],\"citation\":\"Tribunal judiciaire de Bordeaux, le 26 septembre 2025, n\u00b023\\\/00320\",\"about\":[{\"@type\":\"Thing\",\"name\":\"Jurisprudence\"}],\"dateModified\":\"2026-04-23T12:13:54+00:00\",\"speakable\":{\"@type\":\"SpeakableSpecification\",\"cssSelector\":[\".article-content > p:first-of-type\"]}},{\"@type\":\"WebPage\",\"@id\":\"https:\\\/\\\/kohenavocats.com\\\/pt-pt\\\/tribunal-judiciaire-de-bordeaux-le-26-septembre-2025-n23-00320\\\/\",\"url\":\"https:\\\/\\\/kohenavocats.com\\\/pt-pt\\\/tribunal-judiciaire-de-bordeaux-le-26-septembre-2025-n23-00320\\\/\",\"name\":\"Tribunal judiciaire de Bordeaux, le 26 septembre 2025, n\u00b023\\\/00320 - Ma\u00eetre Hassan Kohen, avocat en droit p\u00e9nal \u00e0 Paris\",\"isPartOf\":{\"@id\":\"https:\\\/\\\/kohenavocats.com\\\/pt-pt\\\/#website\"},\"primaryImageOfPage\":{\"@id\":\"https:\\\/\\\/kohenavocats.com\\\/pt-pt\\\/tribunal-judiciaire-de-bordeaux-le-26-septembre-2025-n23-00320\\\/#primaryimage\"},\"image\":{\"@id\":\"https:\\\/\\\/kohenavocats.com\\\/pt-pt\\\/tribunal-judiciaire-de-bordeaux-le-26-septembre-2025-n23-00320\\\/#primaryimage\"},\"thumbnailUrl\":\"https:\\\/\\\/kohenavocats.com\\\/wp-content\\\/uploads\\\/2024\\\/07\\\/lucie-morel-DsWjM4iOmyA-unsplash.webp\",\"datePublished\":\"2026-04-23T12:13:54+00:00\",\"description\":\"Le tribunal judiciaire de Bordeaux, le 26 septembre 2025, statue sur une demande de l'URSSAF Aquitaine. Une soci\u00e9t\u00e9 avait produit en d\u00e9lib\u00e9r\u00e9 un arr\u00eat de rel...\",\"breadcrumb\":{\"@id\":\"https:\\\/\\\/kohenavocats.com\\\/pt-pt\\\/tribunal-judiciaire-de-bordeaux-le-26-septembre-2025-n23-00320\\\/#breadcrumb\"},\"inLanguage\":\"pt-PT\",\"potentialAction\":[{\"@type\":\"ReadAction\",\"target\":[\"https:\\\/\\\/kohenavocats.com\\\/pt-pt\\\/tribunal-judiciaire-de-bordeaux-le-26-septembre-2025-n23-00320\\\/\"]}]},{\"@type\":\"ImageObject\",\"inLanguage\":\"pt-PT\",\"@id\":\"https:\\\/\\\/kohenavocats.com\\\/pt-pt\\\/tribunal-judiciaire-de-bordeaux-le-26-septembre-2025-n23-00320\\\/#primaryimage\",\"url\":\"https:\\\/\\\/kohenavocats.com\\\/wp-content\\\/uploads\\\/2024\\\/07\\\/lucie-morel-DsWjM4iOmyA-unsplash.webp\",\"contentUrl\":\"https:\\\/\\\/kohenavocats.com\\\/wp-content\\\/uploads\\\/2024\\\/07\\\/lucie-morel-DsWjM4iOmyA-unsplash.webp\",\"width\":6000,\"height\":3376},{\"@type\":\"BreadcrumbList\",\"@id\":\"https:\\\/\\\/kohenavocats.com\\\/pt-pt\\\/tribunal-judiciaire-de-bordeaux-le-26-septembre-2025-n23-00320\\\/#breadcrumb\",\"itemListElement\":[{\"@type\":\"ListItem\",\"position\":1,\"name\":\"Home\",\"item\":\"https:\\\/\\\/kohenavocats.com\\\/pt-pt\\\/avocats-en-droit-penal-a-paris-conseil-et-defense-strategique\\\/\"},{\"@type\":\"ListItem\",\"position\":2,\"name\":\"Tribunal judiciaire de Bordeaux, le 26 septembre 2025, n\u00b023\\\/00320\"}]},{\"@type\":\"WebSite\",\"@id\":\"https:\\\/\\\/kohenavocats.com\\\/pt-pt\\\/#website\",\"url\":\"https:\\\/\\\/kohenavocats.com\\\/pt-pt\\\/\",\"name\":\"Kohen Avocats\",\"description\":\"Ma\u00eetre Hassan Kohen, avocat p\u00e9naliste \u00e0 Paris, intervient exclusivement en droit p\u00e9nal pour la d\u00e9fense des particuliers, notamment en mati\u00e8re d\u2019accusations de viol. Il assure un accompagnement rigoureux d\u00e8s la garde \u00e0 vue jusqu\u2019\u00e0 la Cour d\u2019assises, veillant au strict respect des garanties proc\u00e9durales.\",\"publisher\":{\"@id\":\"https:\\\/\\\/kohenavocats.com\\\/pt-pt\\\/#organization\"},\"potentialAction\":[{\"@type\":\"SearchAction\",\"target\":{\"@type\":\"EntryPoint\",\"urlTemplate\":\"https:\\\/\\\/kohenavocats.com\\\/pt-pt\\\/?s={search_term_string}\"},\"query-input\":{\"@type\":\"PropertyValueSpecification\",\"valueRequired\":true,\"valueName\":\"search_term_string\"}}],\"inLanguage\":\"pt-PT\"},{\"@type\":\"Organization\",\"@id\":\"https:\\\/\\\/kohenavocats.com\\\/pt-pt\\\/#organization\",\"name\":\"Kohen Avocats\",\"url\":\"https:\\\/\\\/kohenavocats.com\\\/pt-pt\\\/\",\"logo\":{\"@type\":\"ImageObject\",\"inLanguage\":\"pt-PT\",\"@id\":\"https:\\\/\\\/kohenavocats.com\\\/pt-pt\\\/#\\\/schema\\\/logo\\\/image\\\/\",\"url\":\"https:\\\/\\\/kohenavocats.com\\\/wp-content\\\/uploads\\\/2026\\\/01\\\/Logo-2-1.webp\",\"contentUrl\":\"https:\\\/\\\/kohenavocats.com\\\/wp-content\\\/uploads\\\/2026\\\/01\\\/Logo-2-1.webp\",\"width\":2114,\"height\":1253,\"caption\":\"Kohen Avocats\"},\"image\":{\"@id\":\"https:\\\/\\\/kohenavocats.com\\\/pt-pt\\\/#\\\/schema\\\/logo\\\/image\\\/\"}},{\"@type\":\"Person\",\"@id\":\"https:\\\/\\\/kohenavocats.com\\\/pt-pt\\\/#\\\/schema\\\/person\\\/761c9ba54fa1ca84d405cef0831ff751\",\"name\":\"Kohen\",\"image\":{\"@type\":\"ImageObject\",\"inLanguage\":\"pt-PT\",\"@id\":\"https:\\\/\\\/secure.gravatar.com\\\/avatar\\\/1c5e76ef76bbbfdd2b4da984e2bf2fa4056fd51a27d25ce2c332047f1dfd6e00?s=96&d=identicon&r=g\",\"url\":\"https:\\\/\\\/secure.gravatar.com\\\/avatar\\\/1c5e76ef76bbbfdd2b4da984e2bf2fa4056fd51a27d25ce2c332047f1dfd6e00?s=96&d=identicon&r=g\",\"contentUrl\":\"https:\\\/\\\/secure.gravatar.com\\\/avatar\\\/1c5e76ef76bbbfdd2b4da984e2bf2fa4056fd51a27d25ce2c332047f1dfd6e00?s=96&d=identicon&r=g\",\"caption\":\"Kohen\"},\"sameAs\":[\"https:\\\/\\\/www.linkedin.com\\\/in\\\/hassan-kohen-448548192\\\/\",\"https:\\\/\\\/www.youtube.com\\\/@Kohen-Avocats\"],\"url\":\"https:\\\/\\\/kohenavocats.com\\\/pt-pt\\\/author\\\/kohenmlk\\\/\"}]}<\/script>\n<!-- \/ Yoast SEO Premium plugin. -->","yoast_head_json":{"title":"Tribunal judiciaire de Bordeaux, le 26 septembre 2025, n\u00b023\/00320 - Ma\u00eetre Hassan Kohen, avocat en droit p\u00e9nal \u00e0 Paris","description":"Le tribunal judiciaire de Bordeaux, le 26 septembre 2025, statue sur une demande de l'URSSAF Aquitaine. Une soci\u00e9t\u00e9 avait produit en d\u00e9lib\u00e9r\u00e9 un arr\u00eat de rel...","robots":{"index":"index","follow":"follow","max-snippet":"max-snippet:-1","max-image-preview":"max-image-preview:large","max-video-preview":"max-video-preview:-1"},"canonical":"https:\/\/kohenavocats.com\/pt-pt\/tribunal-judiciaire-de-bordeaux-le-26-septembre-2025-n23-00320\/","og_locale":"pt_PT","og_type":"article","og_title":"Tribunal judiciaire de Bordeaux, le 26 septembre 2025, n\u00b023\/00320","og_description":"Le tribunal judiciaire de Bordeaux, le 26 septembre 2025, statue sur une demande de l'URSSAF Aquitaine. Une soci\u00e9t\u00e9 avait produit en d\u00e9lib\u00e9r\u00e9 un arr\u00eat de rel...","og_url":"https:\/\/kohenavocats.com\/pt-pt\/tribunal-judiciaire-de-bordeaux-le-26-septembre-2025-n23-00320\/","og_site_name":"Ma\u00eetre Hassan Kohen, avocat en droit p\u00e9nal \u00e0 Paris","article_published_time":"2026-04-23T12:13:54+00:00","og_image":[{"width":6000,"height":3376,"url":"https:\/\/kohenavocats.com\/wp-content\/uploads\/2024\/07\/lucie-morel-DsWjM4iOmyA-unsplash.webp","type":"image\/webp"}],"author":"Kohen","twitter_card":"summary_large_image","twitter_misc":{"Escrito por":"Kohen","Tempo estimado de leitura":"3 minutos"},"schema":{"@context":"https:\/\/schema.org","@graph":[{"@type":"Article","@id":"https:\/\/kohenavocats.com\/pt-pt\/tribunal-judiciaire-de-bordeaux-le-26-septembre-2025-n23-00320\/#article","isPartOf":{"@id":"https:\/\/kohenavocats.com\/pt-pt\/tribunal-judiciaire-de-bordeaux-le-26-septembre-2025-n23-00320\/"},"author":{"name":"Kohen","@id":"https:\/\/kohenavocats.com\/pt-pt\/#\/schema\/person\/761c9ba54fa1ca84d405cef0831ff751"},"headline":"Tribunal judiciaire de Bordeaux, le 26 septembre 2025, n\u00b023\/00320","datePublished":"2026-04-23T12:13:54+00:00","mainEntityOfPage":{"@id":"https:\/\/kohenavocats.com\/pt-pt\/tribunal-judiciaire-de-bordeaux-le-26-septembre-2025-n23-00320\/"},"wordCount":558,"commentCount":0,"publisher":{"@id":"https:\/\/kohenavocats.com\/pt-pt\/#organization"},"image":{"@id":"https:\/\/kohenavocats.com\/pt-pt\/tribunal-judiciaire-de-bordeaux-le-26-septembre-2025-n23-00320\/#primaryimage"},"thumbnailUrl":"https:\/\/kohenavocats.com\/wp-content\/uploads\/2024\/07\/lucie-morel-DsWjM4iOmyA-unsplash.webp","articleSection":["Jurisprudence"],"inLanguage":"pt-PT","potentialAction":[{"@type":"CommentAction","name":"Comment","target":["https:\/\/kohenavocats.com\/pt-pt\/tribunal-judiciaire-de-bordeaux-le-26-septembre-2025-n23-00320\/#respond"]}],"citation":"Tribunal judiciaire de Bordeaux, le 26 septembre 2025, n\u00b023\/00320","about":[{"@type":"Thing","name":"Jurisprudence"}],"dateModified":"2026-04-23T12:13:54+00:00","speakable":{"@type":"SpeakableSpecification","cssSelector":[".article-content > p:first-of-type"]}},{"@type":"WebPage","@id":"https:\/\/kohenavocats.com\/pt-pt\/tribunal-judiciaire-de-bordeaux-le-26-septembre-2025-n23-00320\/","url":"https:\/\/kohenavocats.com\/pt-pt\/tribunal-judiciaire-de-bordeaux-le-26-septembre-2025-n23-00320\/","name":"Tribunal judiciaire de Bordeaux, le 26 septembre 2025, n\u00b023\/00320 - Ma\u00eetre Hassan Kohen, avocat en droit p\u00e9nal \u00e0 Paris","isPartOf":{"@id":"https:\/\/kohenavocats.com\/pt-pt\/#website"},"primaryImageOfPage":{"@id":"https:\/\/kohenavocats.com\/pt-pt\/tribunal-judiciaire-de-bordeaux-le-26-septembre-2025-n23-00320\/#primaryimage"},"image":{"@id":"https:\/\/kohenavocats.com\/pt-pt\/tribunal-judiciaire-de-bordeaux-le-26-septembre-2025-n23-00320\/#primaryimage"},"thumbnailUrl":"https:\/\/kohenavocats.com\/wp-content\/uploads\/2024\/07\/lucie-morel-DsWjM4iOmyA-unsplash.webp","datePublished":"2026-04-23T12:13:54+00:00","description":"Le tribunal judiciaire de Bordeaux, le 26 septembre 2025, statue sur une demande de l'URSSAF Aquitaine. Une soci\u00e9t\u00e9 avait produit en d\u00e9lib\u00e9r\u00e9 un arr\u00eat de rel...","breadcrumb":{"@id":"https:\/\/kohenavocats.com\/pt-pt\/tribunal-judiciaire-de-bordeaux-le-26-septembre-2025-n23-00320\/#breadcrumb"},"inLanguage":"pt-PT","potentialAction":[{"@type":"ReadAction","target":["https:\/\/kohenavocats.com\/pt-pt\/tribunal-judiciaire-de-bordeaux-le-26-septembre-2025-n23-00320\/"]}]},{"@type":"ImageObject","inLanguage":"pt-PT","@id":"https:\/\/kohenavocats.com\/pt-pt\/tribunal-judiciaire-de-bordeaux-le-26-septembre-2025-n23-00320\/#primaryimage","url":"https:\/\/kohenavocats.com\/wp-content\/uploads\/2024\/07\/lucie-morel-DsWjM4iOmyA-unsplash.webp","contentUrl":"https:\/\/kohenavocats.com\/wp-content\/uploads\/2024\/07\/lucie-morel-DsWjM4iOmyA-unsplash.webp","width":6000,"height":3376},{"@type":"BreadcrumbList","@id":"https:\/\/kohenavocats.com\/pt-pt\/tribunal-judiciaire-de-bordeaux-le-26-septembre-2025-n23-00320\/#breadcrumb","itemListElement":[{"@type":"ListItem","position":1,"name":"Home","item":"https:\/\/kohenavocats.com\/pt-pt\/avocats-en-droit-penal-a-paris-conseil-et-defense-strategique\/"},{"@type":"ListItem","position":2,"name":"Tribunal judiciaire de Bordeaux, le 26 septembre 2025, n\u00b023\/00320"}]},{"@type":"WebSite","@id":"https:\/\/kohenavocats.com\/pt-pt\/#website","url":"https:\/\/kohenavocats.com\/pt-pt\/","name":"Kohen Avocats","description":"Ma\u00eetre Hassan Kohen, avocat p\u00e9naliste \u00e0 Paris, intervient exclusivement en droit p\u00e9nal pour la d\u00e9fense des particuliers, notamment en mati\u00e8re d\u2019accusations de viol. Il assure un accompagnement rigoureux d\u00e8s la garde \u00e0 vue jusqu\u2019\u00e0 la Cour d\u2019assises, veillant au strict respect des garanties proc\u00e9durales.","publisher":{"@id":"https:\/\/kohenavocats.com\/pt-pt\/#organization"},"potentialAction":[{"@type":"SearchAction","target":{"@type":"EntryPoint","urlTemplate":"https:\/\/kohenavocats.com\/pt-pt\/?s={search_term_string}"},"query-input":{"@type":"PropertyValueSpecification","valueRequired":true,"valueName":"search_term_string"}}],"inLanguage":"pt-PT"},{"@type":"Organization","@id":"https:\/\/kohenavocats.com\/pt-pt\/#organization","name":"Kohen Avocats","url":"https:\/\/kohenavocats.com\/pt-pt\/","logo":{"@type":"ImageObject","inLanguage":"pt-PT","@id":"https:\/\/kohenavocats.com\/pt-pt\/#\/schema\/logo\/image\/","url":"https:\/\/kohenavocats.com\/wp-content\/uploads\/2026\/01\/Logo-2-1.webp","contentUrl":"https:\/\/kohenavocats.com\/wp-content\/uploads\/2026\/01\/Logo-2-1.webp","width":2114,"height":1253,"caption":"Kohen Avocats"},"image":{"@id":"https:\/\/kohenavocats.com\/pt-pt\/#\/schema\/logo\/image\/"}},{"@type":"Person","@id":"https:\/\/kohenavocats.com\/pt-pt\/#\/schema\/person\/761c9ba54fa1ca84d405cef0831ff751","name":"Kohen","image":{"@type":"ImageObject","inLanguage":"pt-PT","@id":"https:\/\/secure.gravatar.com\/avatar\/1c5e76ef76bbbfdd2b4da984e2bf2fa4056fd51a27d25ce2c332047f1dfd6e00?s=96&d=identicon&r=g","url":"https:\/\/secure.gravatar.com\/avatar\/1c5e76ef76bbbfdd2b4da984e2bf2fa4056fd51a27d25ce2c332047f1dfd6e00?s=96&d=identicon&r=g","contentUrl":"https:\/\/secure.gravatar.com\/avatar\/1c5e76ef76bbbfdd2b4da984e2bf2fa4056fd51a27d25ce2c332047f1dfd6e00?s=96&d=identicon&r=g","caption":"Kohen"},"sameAs":["https:\/\/www.linkedin.com\/in\/hassan-kohen-448548192\/","https:\/\/www.youtube.com\/@Kohen-Avocats"],"url":"https:\/\/kohenavocats.com\/pt-pt\/author\/kohenmlk\/"}]}},"jetpack_featured_media_url":"https:\/\/kohenavocats.com\/wp-content\/uploads\/2024\/07\/lucie-morel-DsWjM4iOmyA-unsplash.webp","jetpack_likes_enabled":false,"jetpack_shortlink":"https:\/\/wp.me\/peCrII-2LEO","jetpack-related-posts":[{"id":666786,"url":"https:\/\/kohenavocats.com\/pt-pt\/tribunal-judiciaire-de-bergerac-le-23-septembre-2025-n24-00959\/","url_meta":{"origin":659854,"position":0},"title":"Tribunal judiciaire de Bergerac, le 23 septembre 2025, n\u00b024\/00959","author":"Kohen","date":"24 de Abril, 2026","format":false,"excerpt":"Le tribunal judiciaire de Bergerac, statuant le 23 septembre 2025, a examin\u00e9 une opposition \u00e0 une injonction de payer. L'affaire opposait un cabinet d'archit...","rel":"","context":"In &quot;Droit des affaires&quot;","block_context":{"text":"Droit des affaires","link":"https:\/\/kohenavocats.com\/category\/droit-des-affaires\/"},"img":{"alt_text":"","src":"https:\/\/i0.wp.com\/kohenavocats.com\/wp-content\/uploads\/2024\/11\/resource-database-lRwnx8gdAW0-unsplash.webp?resize=350%2C200&ssl=1","width":350,"height":200,"srcset":"https:\/\/i0.wp.com\/kohenavocats.com\/wp-content\/uploads\/2024\/11\/resource-database-lRwnx8gdAW0-unsplash.webp?resize=350%2C200&ssl=1 1x, https:\/\/i0.wp.com\/kohenavocats.com\/wp-content\/uploads\/2024\/11\/resource-database-lRwnx8gdAW0-unsplash.webp?resize=525%2C300&ssl=1 1.5x, https:\/\/i0.wp.com\/kohenavocats.com\/wp-content\/uploads\/2024\/11\/resource-database-lRwnx8gdAW0-unsplash.webp?resize=700%2C400&ssl=1 2x, https:\/\/i0.wp.com\/kohenavocats.com\/wp-content\/uploads\/2024\/11\/resource-database-lRwnx8gdAW0-unsplash.webp?resize=1050%2C600&ssl=1 3x, https:\/\/i0.wp.com\/kohenavocats.com\/wp-content\/uploads\/2024\/11\/resource-database-lRwnx8gdAW0-unsplash.webp?resize=1400%2C800&ssl=1 4x"},"classes":[]},{"id":242685,"url":"https:\/\/kohenavocats.com\/pt-pt\/cour-dappel-administrative-de-bordeaux-le-25-septembre-2025-n23bx01923\/","url_meta":{"origin":659854,"position":1},"title":"Cour d&#8217;appel administrative de Bordeaux, le 25 septembre 2025, n\u00b023BX01923","author":"Kohen","date":"3 de Janeiro, 2026","format":false,"excerpt":"La Cour administrative d'appel de Bordeaux, par un arr\u00eat rendu le 25 septembre 2025, pr\u00e9cise les contours de la proc\u00e9dure disciplinaire devant le Conseil national des activit\u00e9s priv\u00e9es de s\u00e9curit\u00e9. Une dirigeante de soci\u00e9t\u00e9 de s\u00e9curit\u00e9 sollicitait l'annulation d'une sanction consistant en une interdiction d'exercer de douze mois et une\u2026","rel":"","context":"In &quot;Cour administrative d'appel&quot;","block_context":{"text":"Cour administrative d'appel","link":"https:\/\/kohenavocats.com\/category\/cour-administrative-dappel\/"},"img":{"alt_text":"","src":"https:\/\/i0.wp.com\/kohenavocats.com\/wp-content\/uploads\/2024\/07\/wesley-tingey-KJgkqQcdynQ-unsplash.webp?resize=350%2C200&ssl=1","width":350,"height":200,"srcset":"https:\/\/i0.wp.com\/kohenavocats.com\/wp-content\/uploads\/2024\/07\/wesley-tingey-KJgkqQcdynQ-unsplash.webp?resize=350%2C200&ssl=1 1x, https:\/\/i0.wp.com\/kohenavocats.com\/wp-content\/uploads\/2024\/07\/wesley-tingey-KJgkqQcdynQ-unsplash.webp?resize=525%2C300&ssl=1 1.5x, https:\/\/i0.wp.com\/kohenavocats.com\/wp-content\/uploads\/2024\/07\/wesley-tingey-KJgkqQcdynQ-unsplash.webp?resize=700%2C400&ssl=1 2x, https:\/\/i0.wp.com\/kohenavocats.com\/wp-content\/uploads\/2024\/07\/wesley-tingey-KJgkqQcdynQ-unsplash.webp?resize=1050%2C600&ssl=1 3x, https:\/\/i0.wp.com\/kohenavocats.com\/wp-content\/uploads\/2024\/07\/wesley-tingey-KJgkqQcdynQ-unsplash.webp?resize=1400%2C800&ssl=1 4x"},"classes":[]},{"id":462596,"url":"https:\/\/kohenavocats.com\/pt-pt\/caa-caa-de-bordeaux-25-09-2025-n-23bx01923\/","url_meta":{"origin":659854,"position":2},"title":"CAA \u2013 CAA de BORDEAUX \u2013 25\/09\/2025 \u2013 n\u00b0 23BX01923","author":"Kohen","date":"7 de Abril, 2026","format":false,"excerpt":"La Cour administrative d'appel de Bordeaux, par un arr\u00eat rendu le 25 septembre 2025, pr\u00e9cise les contours de la proc\u00e9dure disciplinaire devant le Conseil...","rel":"","context":"In &quot;Juridictions administratives&quot;","block_context":{"text":"Juridictions administratives","link":"https:\/\/kohenavocats.com\/category\/juridictions-administratives\/"},"img":{"alt_text":"","src":"https:\/\/i0.wp.com\/kohenavocats.com\/wp-content\/uploads\/2024\/08\/nathan-cima-y5aFdoCjB5U-unsplash.webp?resize=350%2C200&ssl=1","width":350,"height":200,"srcset":"https:\/\/i0.wp.com\/kohenavocats.com\/wp-content\/uploads\/2024\/08\/nathan-cima-y5aFdoCjB5U-unsplash.webp?resize=350%2C200&ssl=1 1x, https:\/\/i0.wp.com\/kohenavocats.com\/wp-content\/uploads\/2024\/08\/nathan-cima-y5aFdoCjB5U-unsplash.webp?resize=525%2C300&ssl=1 1.5x, https:\/\/i0.wp.com\/kohenavocats.com\/wp-content\/uploads\/2024\/08\/nathan-cima-y5aFdoCjB5U-unsplash.webp?resize=700%2C400&ssl=1 2x, https:\/\/i0.wp.com\/kohenavocats.com\/wp-content\/uploads\/2024\/08\/nathan-cima-y5aFdoCjB5U-unsplash.webp?resize=1050%2C600&ssl=1 3x, https:\/\/i0.wp.com\/kohenavocats.com\/wp-content\/uploads\/2024\/08\/nathan-cima-y5aFdoCjB5U-unsplash.webp?resize=1400%2C800&ssl=1 4x"},"classes":[]},{"id":223287,"url":"https:\/\/kohenavocats.com\/pt-pt\/cour-dappel-de-bordeaux-le-3-juillet-2025-n22-00778\/","url_meta":{"origin":659854,"position":3},"title":"Cour d&#8217;appel de Bordeaux, le 3 juillet 2025, n\u00b022\/00778","author":"Kohen","date":"25 de Dezembro, 2025","format":false,"excerpt":"Rendue par la Cour d\u2019appel de Bordeaux, 2e chambre civile, le 3 juillet 2025, la d\u00e9cision commente un litige de travaux immobiliers. Un entrepreneur, apr\u00e8s divers travaux de r\u00e9novation r\u00e9alis\u00e9s sur un domaine viticole, r\u00e9clame le paiement de factures impay\u00e9es. Le ma\u00eetre d\u2019ouvrage s\u2019y oppose, invoquant des travaux pr\u00e9tendument ex\u00e9cut\u00e9s\u2026","rel":"","context":"In &quot;6920&quot;","block_context":{"text":"6920","link":"https:\/\/kohenavocats.com\/category\/6920\/"},"img":{"alt_text":"","src":"https:\/\/i0.wp.com\/kohenavocats.com\/wp-content\/uploads\/2024\/08\/joshua-woods-hUREQwNYiZQ-unsplash.webp?resize=350%2C200&ssl=1","width":350,"height":200,"srcset":"https:\/\/i0.wp.com\/kohenavocats.com\/wp-content\/uploads\/2024\/08\/joshua-woods-hUREQwNYiZQ-unsplash.webp?resize=350%2C200&ssl=1 1x, https:\/\/i0.wp.com\/kohenavocats.com\/wp-content\/uploads\/2024\/08\/joshua-woods-hUREQwNYiZQ-unsplash.webp?resize=525%2C300&ssl=1 1.5x, https:\/\/i0.wp.com\/kohenavocats.com\/wp-content\/uploads\/2024\/08\/joshua-woods-hUREQwNYiZQ-unsplash.webp?resize=700%2C400&ssl=1 2x, https:\/\/i0.wp.com\/kohenavocats.com\/wp-content\/uploads\/2024\/08\/joshua-woods-hUREQwNYiZQ-unsplash.webp?resize=1050%2C600&ssl=1 3x, https:\/\/i0.wp.com\/kohenavocats.com\/wp-content\/uploads\/2024\/08\/joshua-woods-hUREQwNYiZQ-unsplash.webp?resize=1400%2C800&ssl=1 4x"},"classes":[]},{"id":74718,"url":"https:\/\/kohenavocats.com\/pt-pt\/tribunal-judiciaire-de-bordeaux-le-16-juin-2025-n25-00229\/","url_meta":{"origin":659854,"position":4},"title":"Tribunal judiciaire de Bordeaux, le 16 juin 2025, n\u00b025\/00229","author":"Kohen","date":"9 de Novembro, 2025","format":false,"excerpt":"Par ordonnance de r\u00e9f\u00e9r\u00e9 du 16 juin 2025, le juge des r\u00e9f\u00e9r\u00e9s du tribunal judiciaire de Bordeaux \u00e9tend une expertise ordonn\u00e9e le 30 d\u00e9cembre 2024. La mesure vise une cl\u00f4ture en plaques de b\u00e9ton, et tend \u00e0 rendre communes et opposables les op\u00e9rations au vendeur et au fabricant concern\u00e9s. Apr\u00e8s\u2026","rel":"","context":"In &quot;D\u00e9cisions juridiques&quot;","block_context":{"text":"D\u00e9cisions juridiques","link":"https:\/\/kohenavocats.com\/category\/decisions-juridiques\/"},"img":{"alt_text":"","src":"https:\/\/i0.wp.com\/kohenavocats.com\/wp-content\/uploads\/2024\/11\/allison-saeng-4pbet6vAb9A-unsplash.webp?resize=350%2C200&ssl=1","width":350,"height":200,"srcset":"https:\/\/i0.wp.com\/kohenavocats.com\/wp-content\/uploads\/2024\/11\/allison-saeng-4pbet6vAb9A-unsplash.webp?resize=350%2C200&ssl=1 1x, https:\/\/i0.wp.com\/kohenavocats.com\/wp-content\/uploads\/2024\/11\/allison-saeng-4pbet6vAb9A-unsplash.webp?resize=525%2C300&ssl=1 1.5x, https:\/\/i0.wp.com\/kohenavocats.com\/wp-content\/uploads\/2024\/11\/allison-saeng-4pbet6vAb9A-unsplash.webp?resize=700%2C400&ssl=1 2x, https:\/\/i0.wp.com\/kohenavocats.com\/wp-content\/uploads\/2024\/11\/allison-saeng-4pbet6vAb9A-unsplash.webp?resize=1050%2C600&ssl=1 3x, https:\/\/i0.wp.com\/kohenavocats.com\/wp-content\/uploads\/2024\/11\/allison-saeng-4pbet6vAb9A-unsplash.webp?resize=1400%2C800&ssl=1 4x"},"classes":[]},{"id":656252,"url":"https:\/\/kohenavocats.com\/pt-pt\/tribunal-judiciaire-de-bordeaux-le-30-septembre-2023-n21-00400\/","url_meta":{"origin":659854,"position":5},"title":"Tribunal judiciaire de Bordeaux, le 30 septembre 2023, n\u00b021\/00400","author":"Kohen","date":"23 de Abril, 2026","format":false,"excerpt":"Le tribunal judiciaire de Bordeaux, statuant en premier ressort le 30 septembre 2023, a examin\u00e9 un recours en opposition \u00e0 une contrainte \u00e9mise par un organi...","rel":"","context":"In &quot;Jurisprudence&quot;","block_context":{"text":"Jurisprudence","link":"https:\/\/kohenavocats.com\/category\/jurisprudence\/"},"img":{"alt_text":"","src":"https:\/\/i0.wp.com\/kohenavocats.com\/wp-content\/uploads\/2024\/11\/planet-volumes-QaegYrPWWD4-unsplash.webp?resize=350%2C200&ssl=1","width":350,"height":200,"srcset":"https:\/\/i0.wp.com\/kohenavocats.com\/wp-content\/uploads\/2024\/11\/planet-volumes-QaegYrPWWD4-unsplash.webp?resize=350%2C200&ssl=1 1x, https:\/\/i0.wp.com\/kohenavocats.com\/wp-content\/uploads\/2024\/11\/planet-volumes-QaegYrPWWD4-unsplash.webp?resize=525%2C300&ssl=1 1.5x, https:\/\/i0.wp.com\/kohenavocats.com\/wp-content\/uploads\/2024\/11\/planet-volumes-QaegYrPWWD4-unsplash.webp?resize=700%2C400&ssl=1 2x, https:\/\/i0.wp.com\/kohenavocats.com\/wp-content\/uploads\/2024\/11\/planet-volumes-QaegYrPWWD4-unsplash.webp?resize=1050%2C600&ssl=1 3x, https:\/\/i0.wp.com\/kohenavocats.com\/wp-content\/uploads\/2024\/11\/planet-volumes-QaegYrPWWD4-unsplash.webp?resize=1400%2C800&ssl=1 4x"},"classes":[]}],"jetpack_sharing_enabled":true,"_links":{"self":[{"href":"https:\/\/kohenavocats.com\/pt-pt\/wp-json\/wp\/v2\/posts\/659854","targetHints":{"allow":["GET"]}}],"collection":[{"href":"https:\/\/kohenavocats.com\/pt-pt\/wp-json\/wp\/v2\/posts"}],"about":[{"href":"https:\/\/kohenavocats.com\/pt-pt\/wp-json\/wp\/v2\/types\/post"}],"author":[{"embeddable":true,"href":"https:\/\/kohenavocats.com\/pt-pt\/wp-json\/wp\/v2\/users\/232070755"}],"replies":[{"embeddable":true,"href":"https:\/\/kohenavocats.com\/pt-pt\/wp-json\/wp\/v2\/comments?post=659854"}],"version-history":[{"count":0,"href":"https:\/\/kohenavocats.com\/pt-pt\/wp-json\/wp\/v2\/posts\/659854\/revisions"}],"wp:featuredmedia":[{"embeddable":true,"href":"https:\/\/kohenavocats.com\/pt-pt\/wp-json\/wp\/v2\/media\/3910"}],"wp:attachment":[{"href":"https:\/\/kohenavocats.com\/pt-pt\/wp-json\/wp\/v2\/media?parent=659854"}],"wp:term":[{"taxonomy":"category","embeddable":true,"href":"https:\/\/kohenavocats.com\/pt-pt\/wp-json\/wp\/v2\/categories?post=659854"},{"taxonomy":"post_tag","embeddable":true,"href":"https:\/\/kohenavocats.com\/pt-pt\/wp-json\/wp\/v2\/tags?post=659854"}],"curies":[{"name":"wp","href":"https:\/\/api.w.org\/{rel}","templated":true}]}}