{"id":659926,"date":"2026-04-23T14:20:14","date_gmt":"2026-04-23T12:20:14","guid":{"rendered":"https:\/\/kohenavocats.com\/tribunal-judiciaire-de-evry-le-26-septembre-2025-n25-01039-2\/"},"modified":"2026-04-23T14:20:14","modified_gmt":"2026-04-23T12:20:14","slug":"tribunal-judiciaire-de-evry-le-26-septembre-2025-n25-01039-2","status":"publish","type":"post","link":"https:\/\/kohenavocats.com\/pt-pt\/tribunal-judiciaire-de-evry-le-26-septembre-2025-n25-01039-2\/","title":{"rendered":"Tribunal judiciaire de Evry, le 26 septembre 2025, n\u00b025\/01039"},"content":{"rendered":"<div class=\"article-content\">\n<p>Le tribunal judiciaire d\u2019Evry, statuant en chambre des r\u00e9f\u00e9r\u00e9s, rend une ordonnance le 26 septembre 2025. Cette d\u00e9cision intervient apr\u00e8s une ordonnance du 23 septembre ayant constat\u00e9 la caducit\u00e9 d\u2019une assignation. L\u2019avocat de la demanderesse sollicite le relev\u00e9 de cette caducit\u00e9 par message RPVA le 24 septembre. Le juge examine la demande au regard de l\u2019article 468 du code de proc\u00e9dure civile. Il rel\u00e8ve la caducit\u00e9 et renvoie l\u2019affaire \u00e0 une audience ult\u00e9rieure, r\u00e9int\u00e9grant ainsi la proc\u00e9dure dans le cours normal du proc\u00e8s.<\/p>\n<p>La recevabilit\u00e9 de la demande de rel\u00e8vement<\/p>\n<p>La rapidit\u00e9 de la r\u00e9action proc\u00e9durale<\/p>\n<p>Le juge accueille une demande form\u00e9e par message \u00e9lectronique le jour suivant la d\u00e9cision de caducit\u00e9. Cette c\u00e9l\u00e9rit\u00e9 d\u00e9montre une r\u00e9action imm\u00e9diate de la partie concern\u00e9e face \u00e0 l\u2019extinction de l\u2019instance. La proc\u00e9dure \u00e9lectronique permet ici une r\u00e9activit\u00e9 essentielle pour \u00e9viter toute p\u00e9remption d\u00e9finitive des droits. La rapidit\u00e9 constitue un indice de diligence appr\u00e9ci\u00e9 par le juge pour statuer favorablement.<\/p>\n<p>L\u2019absence d\u2019exigence d\u2019un motif l\u00e9gitime<\/p>\n<p>La d\u00e9cision se fonde uniquement sur l\u2019article 468 du code de proc\u00e9dure civile sans autre justification. Le juge ne mentionne pas l\u2019existence d\u2019un motif l\u00e9gitime pour le rel\u00e8vement, contrairement \u00e0 une interpr\u00e9tation possible du texte. &#8220;L&#8217;article 468 alin\u00e9a 2 du Code de proc\u00e9dure civile \u00e9nonce que la d\u00e9claration de caducit\u00e9 peut \u00eatre rapport\u00e9e si le demandeur fait conna\u00eetre au greffe dans un d\u00e9lai de quinze jours le motif l\u00e9gitime qu&#8217;il n&#8217;aurait pas \u00e9t\u00e9 en mesure d&#8217;invoquer en temps utile.&#8221; (Tribunal judiciaire de Rouen, le 19 mars 2026, n\u00b025\/00285). L\u2019ordonnance comment\u00e9e semble adopter une application souple, privil\u00e9giant la c\u00e9l\u00e9rit\u00e9 de la demande.<\/p>\n<p>Les effets du rel\u00e8vement de caducit\u00e9<\/p>\n<p>La r\u00e9troactivit\u00e9 de la r\u00e9int\u00e9gration proc\u00e9durale<\/p>\n<p>Le rel\u00e8vement efface r\u00e9troactivement les effets de la caducit\u00e9 prononc\u00e9e ant\u00e9rieurement. L\u2019instance est r\u00e9tablie dans son \u00e9tat ant\u00e9rieur comme si la caducit\u00e9 n\u2019avait jamais \u00e9t\u00e9 constat\u00e9e. Cette r\u00e9troactivit\u00e9 est essentielle pour pr\u00e9server la continuit\u00e9 de la proc\u00e9dure et les droits de la d\u00e9fense. Elle \u00e9vite une nouvelle assignation qui aurait pu soulever des questions de prescription ou de d\u00e9lai.<\/p>\n<p>Le renvoi \u00e0 l\u2019audience pour un d\u00e9bat contradictoire<\/p>\n<p>Le juge ordonne un renvoi de l\u2019affaire \u00e0 une audience fix\u00e9e au 24 octobre 2025. Cette mesure permet la reprise du d\u00e9bat judiciaire sur le fond du litige dans un cadre contradictoire. Elle r\u00e9affirme le principe du contradictoire en permettant \u00e0 toutes les parties de se pr\u00e9parer \u00e0 l\u2019audience. Le calendrier proc\u00e9dural est ainsi restaur\u00e9, garantissant une bonne administration de la justice.<\/p>\n<p>Cette ordonnance illustre la souplesse proc\u00e9durale en mati\u00e8re de caducit\u00e9 lorsque le demandeur agit avec c\u00e9l\u00e9rit\u00e9. Elle confirme la volont\u00e9 des juges de ne pas priver une partie de son droit d\u2019agir pour un formalisme excessif. La solution favorise ainsi l\u2019acc\u00e8s effectif au juge et le principe de la contradiction.<\/p>\n<\/div>\n","protected":false},"excerpt":{"rendered":"<p>Le tribunal judiciaire d\u2019Evry, statuant en chambre des r\u00e9f\u00e9r\u00e9s, rend une ordonnance le 26 septembre 2025. Cette d\u00e9cision intervient apr\u00e8s une ordonnance du 2&#8230;<\/p>\n","protected":false},"author":232070755,"featured_media":4695,"comment_status":"open","ping_status":"open","sticky":false,"template":"","format":"standard","meta":{"_crdt_document":"","_jetpack_newsletter_access":"","_jetpack_dont_email_post_to_subs":false,"_jetpack_newsletter_tier_id":0,"_jetpack_memberships_contains_paywalled_content":false,"_kj_source_type":"judilibre","_kj_official_id":"68d6e672d22713eb88c887d0","_kj_official_url":"https:\/\/www.courdecassation.fr\/decision\/68d6e672d22713eb88c887d0","_kj_judilibre_id":"68d6e672d22713eb88c887d0","_kj_jur":"Tribunal judiciaire","_kj_lieu":"Tribunal judiciaire d'\u00c9vry","_kj_chambre":"Chambre des r\u00e9f\u00e9r\u00e9s","_kj_rg":"25\/01039","_kj_date":"2025-09-26","_jetpack_memberships_contains_paid_content":false,"footnotes":"","jetpack_post_was_ever_published":false},"categories":[7597],"tags":[],"class_list":["post-659926","post","type-post","status-publish","format-standard","has-post-thumbnail","hentry","category-jurisprudence"],"yoast_head":"<!-- This site is optimized with the Yoast SEO Premium plugin v27.5 (Yoast SEO v27.5) - https:\/\/yoast.com\/product\/yoast-seo-premium-wordpress\/ -->\n<title>Tribunal judiciaire de Evry, le 26 septembre 2025, n\u00b025\/01039 - Ma\u00eetre Hassan Kohen, avocat en droit p\u00e9nal \u00e0 Paris<\/title>\n<meta name=\"description\" content=\"Le tribunal judiciaire d\u2019Evry, statuant en chambre des r\u00e9f\u00e9r\u00e9s, rend une ordonnance le 26 septembre 2025. Cette d\u00e9cision intervient apr\u00e8s une ordonnance du 2...\" \/>\n<meta name=\"robots\" content=\"index, follow, max-snippet:-1, max-image-preview:large, max-video-preview:-1\" \/>\n<link rel=\"canonical\" href=\"https:\/\/kohenavocats.com\/pt-pt\/tribunal-judiciaire-de-evry-le-26-septembre-2025-n25-01039-2\/\" \/>\n<meta property=\"og:locale\" content=\"pt_PT\" \/>\n<meta property=\"og:type\" content=\"article\" \/>\n<meta property=\"og:title\" content=\"Tribunal judiciaire de Evry, le 26 septembre 2025, n\u00b025\/01039\" \/>\n<meta property=\"og:description\" content=\"Le tribunal judiciaire d\u2019Evry, statuant en chambre des r\u00e9f\u00e9r\u00e9s, rend une ordonnance le 26 septembre 2025. Cette d\u00e9cision intervient apr\u00e8s une ordonnance du 2...\" \/>\n<meta property=\"og:url\" content=\"https:\/\/kohenavocats.com\/pt-pt\/tribunal-judiciaire-de-evry-le-26-septembre-2025-n25-01039-2\/\" \/>\n<meta property=\"og:site_name\" content=\"Ma\u00eetre Hassan Kohen, avocat en droit p\u00e9nal \u00e0 Paris\" \/>\n<meta property=\"article:published_time\" content=\"2026-04-23T12:20:14+00:00\" \/>\n<meta property=\"og:image\" content=\"https:\/\/kohenavocats.com\/wp-content\/uploads\/2024\/08\/mediamodifier-En1_jJx6UDU-unsplash.webp\" \/>\n\t<meta property=\"og:image:width\" content=\"6000\" \/>\n\t<meta property=\"og:image:height\" content=\"4000\" \/>\n\t<meta property=\"og:image:type\" content=\"image\/webp\" \/>\n<meta name=\"author\" content=\"Kohen\" \/>\n<meta name=\"twitter:card\" content=\"summary_large_image\" \/>\n<meta name=\"twitter:label1\" content=\"Escrito por\" \/>\n\t<meta name=\"twitter:data1\" content=\"Kohen\" \/>\n\t<meta name=\"twitter:label2\" content=\"Tempo estimado de leitura\" \/>\n\t<meta name=\"twitter:data2\" content=\"3 minutos\" \/>\n<script type=\"application\/ld+json\" class=\"yoast-schema-graph\">{\"@context\":\"https:\\\/\\\/schema.org\",\"@graph\":[{\"@type\":\"Article\",\"@id\":\"https:\\\/\\\/kohenavocats.com\\\/pt-pt\\\/tribunal-judiciaire-de-evry-le-26-septembre-2025-n25-01039-2\\\/#article\",\"isPartOf\":{\"@id\":\"https:\\\/\\\/kohenavocats.com\\\/pt-pt\\\/tribunal-judiciaire-de-evry-le-26-septembre-2025-n25-01039-2\\\/\"},\"author\":{\"name\":\"Kohen\",\"@id\":\"https:\\\/\\\/kohenavocats.com\\\/pt-pt\\\/#\\\/schema\\\/person\\\/761c9ba54fa1ca84d405cef0831ff751\"},\"headline\":\"Tribunal judiciaire de Evry, le 26 septembre 2025, n\u00b025\\\/01039\",\"datePublished\":\"2026-04-23T12:20:14+00:00\",\"mainEntityOfPage\":{\"@id\":\"https:\\\/\\\/kohenavocats.com\\\/pt-pt\\\/tribunal-judiciaire-de-evry-le-26-septembre-2025-n25-01039-2\\\/\"},\"wordCount\":539,\"commentCount\":0,\"publisher\":{\"@id\":\"https:\\\/\\\/kohenavocats.com\\\/pt-pt\\\/#organization\"},\"image\":{\"@id\":\"https:\\\/\\\/kohenavocats.com\\\/pt-pt\\\/tribunal-judiciaire-de-evry-le-26-septembre-2025-n25-01039-2\\\/#primaryimage\"},\"thumbnailUrl\":\"https:\\\/\\\/kohenavocats.com\\\/wp-content\\\/uploads\\\/2024\\\/08\\\/mediamodifier-En1_jJx6UDU-unsplash.webp\",\"articleSection\":[\"Jurisprudence\"],\"inLanguage\":\"pt-PT\",\"potentialAction\":[{\"@type\":\"CommentAction\",\"name\":\"Comment\",\"target\":[\"https:\\\/\\\/kohenavocats.com\\\/pt-pt\\\/tribunal-judiciaire-de-evry-le-26-septembre-2025-n25-01039-2\\\/#respond\"]}],\"citation\":\"Tribunal judiciaire de Evry, le 26 septembre 2025, n\u00b025\\\/01039\",\"about\":[{\"@type\":\"Thing\",\"name\":\"Jurisprudence\"}],\"dateModified\":\"2026-04-23T12:20:14+00:00\",\"speakable\":{\"@type\":\"SpeakableSpecification\",\"cssSelector\":[\".article-content > p:first-of-type\"]}},{\"@type\":\"WebPage\",\"@id\":\"https:\\\/\\\/kohenavocats.com\\\/pt-pt\\\/tribunal-judiciaire-de-evry-le-26-septembre-2025-n25-01039-2\\\/\",\"url\":\"https:\\\/\\\/kohenavocats.com\\\/pt-pt\\\/tribunal-judiciaire-de-evry-le-26-septembre-2025-n25-01039-2\\\/\",\"name\":\"Tribunal judiciaire de Evry, le 26 septembre 2025, n\u00b025\\\/01039 - Ma\u00eetre Hassan Kohen, avocat en droit p\u00e9nal \u00e0 Paris\",\"isPartOf\":{\"@id\":\"https:\\\/\\\/kohenavocats.com\\\/pt-pt\\\/#website\"},\"primaryImageOfPage\":{\"@id\":\"https:\\\/\\\/kohenavocats.com\\\/pt-pt\\\/tribunal-judiciaire-de-evry-le-26-septembre-2025-n25-01039-2\\\/#primaryimage\"},\"image\":{\"@id\":\"https:\\\/\\\/kohenavocats.com\\\/pt-pt\\\/tribunal-judiciaire-de-evry-le-26-septembre-2025-n25-01039-2\\\/#primaryimage\"},\"thumbnailUrl\":\"https:\\\/\\\/kohenavocats.com\\\/wp-content\\\/uploads\\\/2024\\\/08\\\/mediamodifier-En1_jJx6UDU-unsplash.webp\",\"datePublished\":\"2026-04-23T12:20:14+00:00\",\"description\":\"Le tribunal judiciaire d\u2019Evry, statuant en chambre des r\u00e9f\u00e9r\u00e9s, rend une ordonnance le 26 septembre 2025. Cette d\u00e9cision intervient apr\u00e8s une ordonnance du 2...\",\"breadcrumb\":{\"@id\":\"https:\\\/\\\/kohenavocats.com\\\/pt-pt\\\/tribunal-judiciaire-de-evry-le-26-septembre-2025-n25-01039-2\\\/#breadcrumb\"},\"inLanguage\":\"pt-PT\",\"potentialAction\":[{\"@type\":\"ReadAction\",\"target\":[\"https:\\\/\\\/kohenavocats.com\\\/pt-pt\\\/tribunal-judiciaire-de-evry-le-26-septembre-2025-n25-01039-2\\\/\"]}]},{\"@type\":\"ImageObject\",\"inLanguage\":\"pt-PT\",\"@id\":\"https:\\\/\\\/kohenavocats.com\\\/pt-pt\\\/tribunal-judiciaire-de-evry-le-26-septembre-2025-n25-01039-2\\\/#primaryimage\",\"url\":\"https:\\\/\\\/kohenavocats.com\\\/wp-content\\\/uploads\\\/2024\\\/08\\\/mediamodifier-En1_jJx6UDU-unsplash.webp\",\"contentUrl\":\"https:\\\/\\\/kohenavocats.com\\\/wp-content\\\/uploads\\\/2024\\\/08\\\/mediamodifier-En1_jJx6UDU-unsplash.webp\",\"width\":6000,\"height\":4000},{\"@type\":\"BreadcrumbList\",\"@id\":\"https:\\\/\\\/kohenavocats.com\\\/pt-pt\\\/tribunal-judiciaire-de-evry-le-26-septembre-2025-n25-01039-2\\\/#breadcrumb\",\"itemListElement\":[{\"@type\":\"ListItem\",\"position\":1,\"name\":\"Home\",\"item\":\"https:\\\/\\\/kohenavocats.com\\\/pt-pt\\\/avocats-en-droit-penal-a-paris-conseil-et-defense-strategique\\\/\"},{\"@type\":\"ListItem\",\"position\":2,\"name\":\"Tribunal judiciaire de Evry, le 26 septembre 2025, n\u00b025\\\/01039\"}]},{\"@type\":\"WebSite\",\"@id\":\"https:\\\/\\\/kohenavocats.com\\\/pt-pt\\\/#website\",\"url\":\"https:\\\/\\\/kohenavocats.com\\\/pt-pt\\\/\",\"name\":\"Kohen Avocats\",\"description\":\"Ma\u00eetre Hassan Kohen, avocat p\u00e9naliste \u00e0 Paris, intervient exclusivement en droit p\u00e9nal pour la d\u00e9fense des particuliers, notamment en mati\u00e8re d\u2019accusations de viol. Il assure un accompagnement rigoureux d\u00e8s la garde \u00e0 vue jusqu\u2019\u00e0 la Cour d\u2019assises, veillant au strict respect des garanties proc\u00e9durales.\",\"publisher\":{\"@id\":\"https:\\\/\\\/kohenavocats.com\\\/pt-pt\\\/#organization\"},\"potentialAction\":[{\"@type\":\"SearchAction\",\"target\":{\"@type\":\"EntryPoint\",\"urlTemplate\":\"https:\\\/\\\/kohenavocats.com\\\/pt-pt\\\/?s={search_term_string}\"},\"query-input\":{\"@type\":\"PropertyValueSpecification\",\"valueRequired\":true,\"valueName\":\"search_term_string\"}}],\"inLanguage\":\"pt-PT\"},{\"@type\":\"Organization\",\"@id\":\"https:\\\/\\\/kohenavocats.com\\\/pt-pt\\\/#organization\",\"name\":\"Kohen Avocats\",\"url\":\"https:\\\/\\\/kohenavocats.com\\\/pt-pt\\\/\",\"logo\":{\"@type\":\"ImageObject\",\"inLanguage\":\"pt-PT\",\"@id\":\"https:\\\/\\\/kohenavocats.com\\\/pt-pt\\\/#\\\/schema\\\/logo\\\/image\\\/\",\"url\":\"https:\\\/\\\/kohenavocats.com\\\/wp-content\\\/uploads\\\/2026\\\/01\\\/Logo-2-1.webp\",\"contentUrl\":\"https:\\\/\\\/kohenavocats.com\\\/wp-content\\\/uploads\\\/2026\\\/01\\\/Logo-2-1.webp\",\"width\":2114,\"height\":1253,\"caption\":\"Kohen Avocats\"},\"image\":{\"@id\":\"https:\\\/\\\/kohenavocats.com\\\/pt-pt\\\/#\\\/schema\\\/logo\\\/image\\\/\"}},{\"@type\":\"Person\",\"@id\":\"https:\\\/\\\/kohenavocats.com\\\/pt-pt\\\/#\\\/schema\\\/person\\\/761c9ba54fa1ca84d405cef0831ff751\",\"name\":\"Kohen\",\"image\":{\"@type\":\"ImageObject\",\"inLanguage\":\"pt-PT\",\"@id\":\"https:\\\/\\\/secure.gravatar.com\\\/avatar\\\/1c5e76ef76bbbfdd2b4da984e2bf2fa4056fd51a27d25ce2c332047f1dfd6e00?s=96&d=identicon&r=g\",\"url\":\"https:\\\/\\\/secure.gravatar.com\\\/avatar\\\/1c5e76ef76bbbfdd2b4da984e2bf2fa4056fd51a27d25ce2c332047f1dfd6e00?s=96&d=identicon&r=g\",\"contentUrl\":\"https:\\\/\\\/secure.gravatar.com\\\/avatar\\\/1c5e76ef76bbbfdd2b4da984e2bf2fa4056fd51a27d25ce2c332047f1dfd6e00?s=96&d=identicon&r=g\",\"caption\":\"Kohen\"},\"sameAs\":[\"https:\\\/\\\/www.linkedin.com\\\/in\\\/hassan-kohen-448548192\\\/\",\"https:\\\/\\\/www.youtube.com\\\/@Kohen-Avocats\"],\"url\":\"https:\\\/\\\/kohenavocats.com\\\/pt-pt\\\/author\\\/kohenmlk\\\/\"}]}<\/script>\n<!-- \/ Yoast SEO Premium plugin. -->","yoast_head_json":{"title":"Tribunal judiciaire de Evry, le 26 septembre 2025, n\u00b025\/01039 - Ma\u00eetre Hassan Kohen, avocat en droit p\u00e9nal \u00e0 Paris","description":"Le tribunal judiciaire d\u2019Evry, statuant en chambre des r\u00e9f\u00e9r\u00e9s, rend une ordonnance le 26 septembre 2025. Cette d\u00e9cision intervient apr\u00e8s une ordonnance du 2...","robots":{"index":"index","follow":"follow","max-snippet":"max-snippet:-1","max-image-preview":"max-image-preview:large","max-video-preview":"max-video-preview:-1"},"canonical":"https:\/\/kohenavocats.com\/pt-pt\/tribunal-judiciaire-de-evry-le-26-septembre-2025-n25-01039-2\/","og_locale":"pt_PT","og_type":"article","og_title":"Tribunal judiciaire de Evry, le 26 septembre 2025, n\u00b025\/01039","og_description":"Le tribunal judiciaire d\u2019Evry, statuant en chambre des r\u00e9f\u00e9r\u00e9s, rend une ordonnance le 26 septembre 2025. Cette d\u00e9cision intervient apr\u00e8s une ordonnance du 2...","og_url":"https:\/\/kohenavocats.com\/pt-pt\/tribunal-judiciaire-de-evry-le-26-septembre-2025-n25-01039-2\/","og_site_name":"Ma\u00eetre Hassan Kohen, avocat en droit p\u00e9nal \u00e0 Paris","article_published_time":"2026-04-23T12:20:14+00:00","og_image":[{"width":6000,"height":4000,"url":"https:\/\/kohenavocats.com\/wp-content\/uploads\/2024\/08\/mediamodifier-En1_jJx6UDU-unsplash.webp","type":"image\/webp"}],"author":"Kohen","twitter_card":"summary_large_image","twitter_misc":{"Escrito por":"Kohen","Tempo estimado de leitura":"3 minutos"},"schema":{"@context":"https:\/\/schema.org","@graph":[{"@type":"Article","@id":"https:\/\/kohenavocats.com\/pt-pt\/tribunal-judiciaire-de-evry-le-26-septembre-2025-n25-01039-2\/#article","isPartOf":{"@id":"https:\/\/kohenavocats.com\/pt-pt\/tribunal-judiciaire-de-evry-le-26-septembre-2025-n25-01039-2\/"},"author":{"name":"Kohen","@id":"https:\/\/kohenavocats.com\/pt-pt\/#\/schema\/person\/761c9ba54fa1ca84d405cef0831ff751"},"headline":"Tribunal judiciaire de Evry, le 26 septembre 2025, n\u00b025\/01039","datePublished":"2026-04-23T12:20:14+00:00","mainEntityOfPage":{"@id":"https:\/\/kohenavocats.com\/pt-pt\/tribunal-judiciaire-de-evry-le-26-septembre-2025-n25-01039-2\/"},"wordCount":539,"commentCount":0,"publisher":{"@id":"https:\/\/kohenavocats.com\/pt-pt\/#organization"},"image":{"@id":"https:\/\/kohenavocats.com\/pt-pt\/tribunal-judiciaire-de-evry-le-26-septembre-2025-n25-01039-2\/#primaryimage"},"thumbnailUrl":"https:\/\/kohenavocats.com\/wp-content\/uploads\/2024\/08\/mediamodifier-En1_jJx6UDU-unsplash.webp","articleSection":["Jurisprudence"],"inLanguage":"pt-PT","potentialAction":[{"@type":"CommentAction","name":"Comment","target":["https:\/\/kohenavocats.com\/pt-pt\/tribunal-judiciaire-de-evry-le-26-septembre-2025-n25-01039-2\/#respond"]}],"citation":"Tribunal judiciaire de Evry, le 26 septembre 2025, n\u00b025\/01039","about":[{"@type":"Thing","name":"Jurisprudence"}],"dateModified":"2026-04-23T12:20:14+00:00","speakable":{"@type":"SpeakableSpecification","cssSelector":[".article-content > p:first-of-type"]}},{"@type":"WebPage","@id":"https:\/\/kohenavocats.com\/pt-pt\/tribunal-judiciaire-de-evry-le-26-septembre-2025-n25-01039-2\/","url":"https:\/\/kohenavocats.com\/pt-pt\/tribunal-judiciaire-de-evry-le-26-septembre-2025-n25-01039-2\/","name":"Tribunal judiciaire de Evry, le 26 septembre 2025, n\u00b025\/01039 - Ma\u00eetre Hassan Kohen, avocat en droit p\u00e9nal \u00e0 Paris","isPartOf":{"@id":"https:\/\/kohenavocats.com\/pt-pt\/#website"},"primaryImageOfPage":{"@id":"https:\/\/kohenavocats.com\/pt-pt\/tribunal-judiciaire-de-evry-le-26-septembre-2025-n25-01039-2\/#primaryimage"},"image":{"@id":"https:\/\/kohenavocats.com\/pt-pt\/tribunal-judiciaire-de-evry-le-26-septembre-2025-n25-01039-2\/#primaryimage"},"thumbnailUrl":"https:\/\/kohenavocats.com\/wp-content\/uploads\/2024\/08\/mediamodifier-En1_jJx6UDU-unsplash.webp","datePublished":"2026-04-23T12:20:14+00:00","description":"Le tribunal judiciaire d\u2019Evry, statuant en chambre des r\u00e9f\u00e9r\u00e9s, rend une ordonnance le 26 septembre 2025. Cette d\u00e9cision intervient apr\u00e8s une ordonnance du 2...","breadcrumb":{"@id":"https:\/\/kohenavocats.com\/pt-pt\/tribunal-judiciaire-de-evry-le-26-septembre-2025-n25-01039-2\/#breadcrumb"},"inLanguage":"pt-PT","potentialAction":[{"@type":"ReadAction","target":["https:\/\/kohenavocats.com\/pt-pt\/tribunal-judiciaire-de-evry-le-26-septembre-2025-n25-01039-2\/"]}]},{"@type":"ImageObject","inLanguage":"pt-PT","@id":"https:\/\/kohenavocats.com\/pt-pt\/tribunal-judiciaire-de-evry-le-26-septembre-2025-n25-01039-2\/#primaryimage","url":"https:\/\/kohenavocats.com\/wp-content\/uploads\/2024\/08\/mediamodifier-En1_jJx6UDU-unsplash.webp","contentUrl":"https:\/\/kohenavocats.com\/wp-content\/uploads\/2024\/08\/mediamodifier-En1_jJx6UDU-unsplash.webp","width":6000,"height":4000},{"@type":"BreadcrumbList","@id":"https:\/\/kohenavocats.com\/pt-pt\/tribunal-judiciaire-de-evry-le-26-septembre-2025-n25-01039-2\/#breadcrumb","itemListElement":[{"@type":"ListItem","position":1,"name":"Home","item":"https:\/\/kohenavocats.com\/pt-pt\/avocats-en-droit-penal-a-paris-conseil-et-defense-strategique\/"},{"@type":"ListItem","position":2,"name":"Tribunal judiciaire de Evry, le 26 septembre 2025, n\u00b025\/01039"}]},{"@type":"WebSite","@id":"https:\/\/kohenavocats.com\/pt-pt\/#website","url":"https:\/\/kohenavocats.com\/pt-pt\/","name":"Kohen Avocats","description":"Ma\u00eetre Hassan Kohen, avocat p\u00e9naliste \u00e0 Paris, intervient exclusivement en droit p\u00e9nal pour la d\u00e9fense des particuliers, notamment en mati\u00e8re d\u2019accusations de viol. Il assure un accompagnement rigoureux d\u00e8s la garde \u00e0 vue jusqu\u2019\u00e0 la Cour d\u2019assises, veillant au strict respect des garanties proc\u00e9durales.","publisher":{"@id":"https:\/\/kohenavocats.com\/pt-pt\/#organization"},"potentialAction":[{"@type":"SearchAction","target":{"@type":"EntryPoint","urlTemplate":"https:\/\/kohenavocats.com\/pt-pt\/?s={search_term_string}"},"query-input":{"@type":"PropertyValueSpecification","valueRequired":true,"valueName":"search_term_string"}}],"inLanguage":"pt-PT"},{"@type":"Organization","@id":"https:\/\/kohenavocats.com\/pt-pt\/#organization","name":"Kohen Avocats","url":"https:\/\/kohenavocats.com\/pt-pt\/","logo":{"@type":"ImageObject","inLanguage":"pt-PT","@id":"https:\/\/kohenavocats.com\/pt-pt\/#\/schema\/logo\/image\/","url":"https:\/\/kohenavocats.com\/wp-content\/uploads\/2026\/01\/Logo-2-1.webp","contentUrl":"https:\/\/kohenavocats.com\/wp-content\/uploads\/2026\/01\/Logo-2-1.webp","width":2114,"height":1253,"caption":"Kohen Avocats"},"image":{"@id":"https:\/\/kohenavocats.com\/pt-pt\/#\/schema\/logo\/image\/"}},{"@type":"Person","@id":"https:\/\/kohenavocats.com\/pt-pt\/#\/schema\/person\/761c9ba54fa1ca84d405cef0831ff751","name":"Kohen","image":{"@type":"ImageObject","inLanguage":"pt-PT","@id":"https:\/\/secure.gravatar.com\/avatar\/1c5e76ef76bbbfdd2b4da984e2bf2fa4056fd51a27d25ce2c332047f1dfd6e00?s=96&d=identicon&r=g","url":"https:\/\/secure.gravatar.com\/avatar\/1c5e76ef76bbbfdd2b4da984e2bf2fa4056fd51a27d25ce2c332047f1dfd6e00?s=96&d=identicon&r=g","contentUrl":"https:\/\/secure.gravatar.com\/avatar\/1c5e76ef76bbbfdd2b4da984e2bf2fa4056fd51a27d25ce2c332047f1dfd6e00?s=96&d=identicon&r=g","caption":"Kohen"},"sameAs":["https:\/\/www.linkedin.com\/in\/hassan-kohen-448548192\/","https:\/\/www.youtube.com\/@Kohen-Avocats"],"url":"https:\/\/kohenavocats.com\/pt-pt\/author\/kohenmlk\/"}]}},"jetpack_featured_media_url":"https:\/\/kohenavocats.com\/wp-content\/uploads\/2024\/08\/mediamodifier-En1_jJx6UDU-unsplash.webp","jetpack_likes_enabled":false,"jetpack_shortlink":"https:\/\/wp.me\/peCrII-2LFY","jetpack-related-posts":[{"id":632012,"url":"https:\/\/kohenavocats.com\/pt-pt\/tribunal-judiciaire-de-evry-le-14-octobre-2025-n25-01106-2\/","url_meta":{"origin":659926,"position":0},"title":"Tribunal judiciaire de Evry, le 14 octobre 2025, n\u00b025\/01106","author":"Kohen","date":"21 de Abril, 2026","format":false,"excerpt":"Le tribunal judiciaire d\u2019Evry, statuant en chambre des r\u00e9f\u00e9r\u00e9s, rend une ordonnance le 14 octobre 2025. Une soci\u00e9t\u00e9 demanderesse, repr\u00e9sent\u00e9e par son avocate...","rel":"","context":"In &quot;Jurisprudence&quot;","block_context":{"text":"Jurisprudence","link":"https:\/\/kohenavocats.com\/category\/jurisprudence\/"},"img":{"alt_text":"","src":"https:\/\/i0.wp.com\/kohenavocats.com\/wp-content\/uploads\/2024\/08\/j-venerosy-EitiaUwmD-8-unsplash.webp?resize=350%2C200&ssl=1","width":350,"height":200,"srcset":"https:\/\/i0.wp.com\/kohenavocats.com\/wp-content\/uploads\/2024\/08\/j-venerosy-EitiaUwmD-8-unsplash.webp?resize=350%2C200&ssl=1 1x, https:\/\/i0.wp.com\/kohenavocats.com\/wp-content\/uploads\/2024\/08\/j-venerosy-EitiaUwmD-8-unsplash.webp?resize=525%2C300&ssl=1 1.5x, https:\/\/i0.wp.com\/kohenavocats.com\/wp-content\/uploads\/2024\/08\/j-venerosy-EitiaUwmD-8-unsplash.webp?resize=700%2C400&ssl=1 2x, https:\/\/i0.wp.com\/kohenavocats.com\/wp-content\/uploads\/2024\/08\/j-venerosy-EitiaUwmD-8-unsplash.webp?resize=1050%2C600&ssl=1 3x, https:\/\/i0.wp.com\/kohenavocats.com\/wp-content\/uploads\/2024\/08\/j-venerosy-EitiaUwmD-8-unsplash.webp?resize=1400%2C800&ssl=1 4x"},"classes":[]},{"id":666127,"url":"https:\/\/kohenavocats.com\/pt-pt\/cour-dappel-de-toulouse-le-16-janvier-2025-n23-02835\/","url_meta":{"origin":659926,"position":1},"title":"Cour d&#8217;appel de Toulouse, le 16 janvier 2025, n\u00b023\/02835","author":"Kohen","date":"24 de Abril, 2026","format":false,"excerpt":"La Cour d'appel de Toulouse, statuant le 16 janvier 2025, a examin\u00e9 un pourvoi en mati\u00e8re de proc\u00e9dure civile. Elle a prononc\u00e9 la caducit\u00e9 d'une d\u00e9claration ...","rel":"","context":"In &quot;Jurisprudence&quot;","block_context":{"text":"Jurisprudence","link":"https:\/\/kohenavocats.com\/category\/jurisprudence\/"},"img":{"alt_text":"","src":"https:\/\/i0.wp.com\/kohenavocats.com\/wp-content\/uploads\/2024\/11\/kristijan-arsov-C8ilked7AJ8-unsplash.webp?resize=350%2C200&ssl=1","width":350,"height":200,"srcset":"https:\/\/i0.wp.com\/kohenavocats.com\/wp-content\/uploads\/2024\/11\/kristijan-arsov-C8ilked7AJ8-unsplash.webp?resize=350%2C200&ssl=1 1x, https:\/\/i0.wp.com\/kohenavocats.com\/wp-content\/uploads\/2024\/11\/kristijan-arsov-C8ilked7AJ8-unsplash.webp?resize=525%2C300&ssl=1 1.5x, https:\/\/i0.wp.com\/kohenavocats.com\/wp-content\/uploads\/2024\/11\/kristijan-arsov-C8ilked7AJ8-unsplash.webp?resize=700%2C400&ssl=1 2x, https:\/\/i0.wp.com\/kohenavocats.com\/wp-content\/uploads\/2024\/11\/kristijan-arsov-C8ilked7AJ8-unsplash.webp?resize=1050%2C600&ssl=1 3x, https:\/\/i0.wp.com\/kohenavocats.com\/wp-content\/uploads\/2024\/11\/kristijan-arsov-C8ilked7AJ8-unsplash.webp?resize=1400%2C800&ssl=1 4x"},"classes":[]},{"id":356928,"url":"https:\/\/kohenavocats.com\/pt-pt\/tribunal-judiciaire-de-evry-le-26-septembre-2025-n25-01040\/","url_meta":{"origin":659926,"position":2},"title":"Tribunal judiciaire de \u00c9vry, le 26 septembre 2025, n\u00b025\/01040","author":"Kohen","date":"11 de Fevereiro, 2026","format":false,"excerpt":"Le Tribunal judiciaire d\u2019\u00c9vry, statuant en chambre des r\u00e9f\u00e9r\u00e9s, rend le 26 septembre 2025 une ordonnance de relev\u00e9 de caducit\u00e9. La proc\u00e9dure trouve son...","rel":"","context":"In &quot;D\u00e9cisions juridiques&quot;","block_context":{"text":"D\u00e9cisions juridiques","link":"https:\/\/kohenavocats.com\/category\/decisions-juridiques\/"},"img":{"alt_text":"","src":"https:\/\/i0.wp.com\/kohenavocats.com\/wp-content\/uploads\/2024\/11\/alex-shuper-EpYGXgIeTTQ-unsplash.webp?resize=350%2C200&ssl=1","width":350,"height":200,"srcset":"https:\/\/i0.wp.com\/kohenavocats.com\/wp-content\/uploads\/2024\/11\/alex-shuper-EpYGXgIeTTQ-unsplash.webp?resize=350%2C200&ssl=1 1x, https:\/\/i0.wp.com\/kohenavocats.com\/wp-content\/uploads\/2024\/11\/alex-shuper-EpYGXgIeTTQ-unsplash.webp?resize=525%2C300&ssl=1 1.5x, https:\/\/i0.wp.com\/kohenavocats.com\/wp-content\/uploads\/2024\/11\/alex-shuper-EpYGXgIeTTQ-unsplash.webp?resize=700%2C400&ssl=1 2x, https:\/\/i0.wp.com\/kohenavocats.com\/wp-content\/uploads\/2024\/11\/alex-shuper-EpYGXgIeTTQ-unsplash.webp?resize=1050%2C600&ssl=1 3x, https:\/\/i0.wp.com\/kohenavocats.com\/wp-content\/uploads\/2024\/11\/alex-shuper-EpYGXgIeTTQ-unsplash.webp?resize=1400%2C800&ssl=1 4x"},"classes":[]},{"id":434959,"url":"https:\/\/kohenavocats.com\/pt-pt\/cour-dappel-de-fort-de-france-le-28-septembre-2012-n12-00226\/","url_meta":{"origin":659926,"position":3},"title":"Cour d&#8217;appel de Fort de France, le 28 septembre 2012, n\u00b012\/00226","author":"Kohen","date":"25 de Mar\u00e7o, 2026","format":false,"excerpt":"La Cour d\u2019appel de Fort-de-France, dans un arr\u00eat du 28 septembre 2012, a \u00e9t\u00e9 saisie d\u2019un d\u00e9f\u00e9r\u00e9 contre une ordonnance du conseiller de la mise en \u00e9tat. Cette ordonnance avait prononc\u00e9 la caducit\u00e9 d\u2019une d\u00e9claration d\u2019appel. L\u2019appelant soutenait que son retard \u00e0 conclure \u00e9tait d\u00fb \u00e0 des difficult\u00e9s pour obtenir\u2026","rel":"","context":"In &quot;Cour d'appel&quot;","block_context":{"text":"Cour d'appel","link":"https:\/\/kohenavocats.com\/category\/cour-dappel\/"},"img":{"alt_text":"","src":"https:\/\/i0.wp.com\/kohenavocats.com\/wp-content\/uploads\/2024\/08\/roman-suslov-7jSq1rrpku0-unsplash.webp?resize=350%2C200&ssl=1","width":350,"height":200,"srcset":"https:\/\/i0.wp.com\/kohenavocats.com\/wp-content\/uploads\/2024\/08\/roman-suslov-7jSq1rrpku0-unsplash.webp?resize=350%2C200&ssl=1 1x, https:\/\/i0.wp.com\/kohenavocats.com\/wp-content\/uploads\/2024\/08\/roman-suslov-7jSq1rrpku0-unsplash.webp?resize=525%2C300&ssl=1 1.5x, https:\/\/i0.wp.com\/kohenavocats.com\/wp-content\/uploads\/2024\/08\/roman-suslov-7jSq1rrpku0-unsplash.webp?resize=700%2C400&ssl=1 2x, https:\/\/i0.wp.com\/kohenavocats.com\/wp-content\/uploads\/2024\/08\/roman-suslov-7jSq1rrpku0-unsplash.webp?resize=1050%2C600&ssl=1 3x, https:\/\/i0.wp.com\/kohenavocats.com\/wp-content\/uploads\/2024\/08\/roman-suslov-7jSq1rrpku0-unsplash.webp?resize=1400%2C800&ssl=1 4x"},"classes":[]},{"id":484832,"url":"https:\/\/kohenavocats.com\/pt-pt\/cour-dappel-de-bordeaux-le-28-novembre-2025-n25-04913\/","url_meta":{"origin":659926,"position":4},"title":"Cour d&#8217;appel de Bordeaux, le 28 novembre 2025, n\u00b025\/04913","author":"Kohen","date":"8 de Abril, 2026","format":false,"excerpt":"La Cour d'appel de Bordeaux, deuxi\u00e8me chambre civile, statuant par arr\u00eat du 28 novembre 2025, a examin\u00e9 un d\u00e9f\u00e9r\u00e9 contre une ordonnance de caducit\u00e9. Un jugem...","rel":"","context":"In &quot;Jurisprudence&quot;","block_context":{"text":"Jurisprudence","link":"https:\/\/kohenavocats.com\/category\/jurisprudence\/"},"img":{"alt_text":"","src":"https:\/\/i0.wp.com\/kohenavocats.com\/wp-content\/uploads\/2024\/07\/valentino-mazzariello-Ndm1hhIcwHc-unsplash.webp?resize=350%2C200&ssl=1","width":350,"height":200,"srcset":"https:\/\/i0.wp.com\/kohenavocats.com\/wp-content\/uploads\/2024\/07\/valentino-mazzariello-Ndm1hhIcwHc-unsplash.webp?resize=350%2C200&ssl=1 1x, https:\/\/i0.wp.com\/kohenavocats.com\/wp-content\/uploads\/2024\/07\/valentino-mazzariello-Ndm1hhIcwHc-unsplash.webp?resize=525%2C300&ssl=1 1.5x, https:\/\/i0.wp.com\/kohenavocats.com\/wp-content\/uploads\/2024\/07\/valentino-mazzariello-Ndm1hhIcwHc-unsplash.webp?resize=700%2C400&ssl=1 2x, https:\/\/i0.wp.com\/kohenavocats.com\/wp-content\/uploads\/2024\/07\/valentino-mazzariello-Ndm1hhIcwHc-unsplash.webp?resize=1050%2C600&ssl=1 3x, https:\/\/i0.wp.com\/kohenavocats.com\/wp-content\/uploads\/2024\/07\/valentino-mazzariello-Ndm1hhIcwHc-unsplash.webp?resize=1400%2C800&ssl=1 4x"},"classes":[]},{"id":42950,"url":"https:\/\/kohenavocats.com\/pt-pt\/tribunal-judiciaire-de-evry-le-17-juin-2025-n25-01959\/","url_meta":{"origin":659926,"position":5},"title":"Tribunal judiciaire de \u00c9vry, le 17 juin 2025, n\u00b025\/01959","author":"Kohen","date":"7 de Novembro, 2025","format":false,"excerpt":"Par jugement du juge de l\u2019ex\u00e9cution d\u2019\u00c9vry, 17 juin 2025, la caducit\u00e9 de deux mesures d\u2019ex\u00e9cution est discut\u00e9e, \u00e0 la suite d\u2019une opposition portant sur les d\u00e9lais de d\u00e9nonciation. La proc\u00e9dure prend place apr\u00e8s une condamnation ant\u00e9rieure, puis l\u2019engagement de mesures coercitives \u00e0 l\u2019initiative du cr\u00e9ancier. Une d\u00e9claration d\u2019indisponibilit\u00e9 du\u2026","rel":"","context":"In &quot;D\u00e9cisions juridiques&quot;","block_context":{"text":"D\u00e9cisions juridiques","link":"https:\/\/kohenavocats.com\/category\/decisions-juridiques\/"},"img":{"alt_text":"","src":"https:\/\/i0.wp.com\/kohenavocats.com\/wp-content\/uploads\/2024\/11\/mohamed-nohassi-JRDWIrzOZpI-unsplash.webp?resize=350%2C200&ssl=1","width":350,"height":200,"srcset":"https:\/\/i0.wp.com\/kohenavocats.com\/wp-content\/uploads\/2024\/11\/mohamed-nohassi-JRDWIrzOZpI-unsplash.webp?resize=350%2C200&ssl=1 1x, https:\/\/i0.wp.com\/kohenavocats.com\/wp-content\/uploads\/2024\/11\/mohamed-nohassi-JRDWIrzOZpI-unsplash.webp?resize=525%2C300&ssl=1 1.5x, https:\/\/i0.wp.com\/kohenavocats.com\/wp-content\/uploads\/2024\/11\/mohamed-nohassi-JRDWIrzOZpI-unsplash.webp?resize=700%2C400&ssl=1 2x, https:\/\/i0.wp.com\/kohenavocats.com\/wp-content\/uploads\/2024\/11\/mohamed-nohassi-JRDWIrzOZpI-unsplash.webp?resize=1050%2C600&ssl=1 3x, https:\/\/i0.wp.com\/kohenavocats.com\/wp-content\/uploads\/2024\/11\/mohamed-nohassi-JRDWIrzOZpI-unsplash.webp?resize=1400%2C800&ssl=1 4x"},"classes":[]}],"jetpack_sharing_enabled":true,"_links":{"self":[{"href":"https:\/\/kohenavocats.com\/pt-pt\/wp-json\/wp\/v2\/posts\/659926","targetHints":{"allow":["GET"]}}],"collection":[{"href":"https:\/\/kohenavocats.com\/pt-pt\/wp-json\/wp\/v2\/posts"}],"about":[{"href":"https:\/\/kohenavocats.com\/pt-pt\/wp-json\/wp\/v2\/types\/post"}],"author":[{"embeddable":true,"href":"https:\/\/kohenavocats.com\/pt-pt\/wp-json\/wp\/v2\/users\/232070755"}],"replies":[{"embeddable":true,"href":"https:\/\/kohenavocats.com\/pt-pt\/wp-json\/wp\/v2\/comments?post=659926"}],"version-history":[{"count":0,"href":"https:\/\/kohenavocats.com\/pt-pt\/wp-json\/wp\/v2\/posts\/659926\/revisions"}],"wp:featuredmedia":[{"embeddable":true,"href":"https:\/\/kohenavocats.com\/pt-pt\/wp-json\/wp\/v2\/media\/4695"}],"wp:attachment":[{"href":"https:\/\/kohenavocats.com\/pt-pt\/wp-json\/wp\/v2\/media?parent=659926"}],"wp:term":[{"taxonomy":"category","embeddable":true,"href":"https:\/\/kohenavocats.com\/pt-pt\/wp-json\/wp\/v2\/categories?post=659926"},{"taxonomy":"post_tag","embeddable":true,"href":"https:\/\/kohenavocats.com\/pt-pt\/wp-json\/wp\/v2\/tags?post=659926"}],"curies":[{"name":"wp","href":"https:\/\/api.w.org\/{rel}","templated":true}]}}