{"id":660373,"date":"2026-04-23T15:10:36","date_gmt":"2026-04-23T13:10:36","guid":{"rendered":"https:\/\/kohenavocats.com\/cour-dappel-de-colmar-le-26-septembre-2025-n22-01733\/"},"modified":"2026-04-23T15:10:36","modified_gmt":"2026-04-23T13:10:36","slug":"cour-dappel-de-colmar-le-26-septembre-2025-n22-01733","status":"publish","type":"post","link":"https:\/\/kohenavocats.com\/pt-pt\/cour-dappel-de-colmar-le-26-septembre-2025-n22-01733\/","title":{"rendered":"Cour d&#8217;appel de Colmar, le 26 septembre 2025, n\u00b022\/01733"},"content":{"rendered":"<div class=\"article-content\">\n<p>L&#8217;appr\u00e9ciation souveraine des constatations expertales<\/p>\n<p>La cour consolide l&#8217;autorit\u00e9 du rapport d&#8217;expertise principal. Elle \u00e9carte la demande de nouvelle expertise en soulignant l&#8217;absence de motif l\u00e9gitime s\u00e9rieux. Les griefs concernant l&#8217;impartialit\u00e9 de l&#8217;expert ou la qualit\u00e9 de son travail ne sont pas d\u00e9montr\u00e9s. La cour rel\u00e8ve que l&#8217;expert n&#8217;\u00e9tait pas saisi de la question de la responsabilit\u00e9 du laboratoire. Elle constate surtout que les conclusions des diff\u00e9rents experts convergent sur des points essentiels. &#8220;Il sera relev\u00e9 que l&#8217;expert n&#8217;\u00e9tait nullement saisi de la question de la responsabilit\u00e9 du laboratoire&#8221; (Motifs). Cette convergence fonde la d\u00e9cision de la cour.<\/p>\n<p>La cour op\u00e8re une synth\u00e8se des diff\u00e9rents avis m\u00e9dicaux pour \u00e9tablir le lien de causalit\u00e9. Elle retient que tous les experts reconnaissent un tableau clinique atypique et une discordance entre les dol\u00e9ances et les examens. N\u00e9anmoins, ils admettent tous l&#8217;existence initiale d&#8217;une polytendinopathie li\u00e9e au m\u00e9dicament. La cour en d\u00e9duit que les douleurs chroniques, m\u00eame influenc\u00e9es par la personnalit\u00e9 du patient, trouvent leur origine dans l&#8217;accident iatrog\u00e8ne. &#8220;Le fait que son \u00e9tat de sant\u00e9 actuel soit en lien avec des traits de personnalit\u00e9 n&#8217;est pas de nature \u00e0 exclure ou minorer son droit \u00e0 indemnisation&#8221; (Motifs). Cette analyse permet d&#8217;imputer l&#8217;ensemble du dommage \u00e0 la prise m\u00e9dicamenteuse.<\/p>\n<p>La port\u00e9e de cette approche est significative. Elle affirme que l&#8217;indemnisation n&#8217;est pas subordonn\u00e9e \u00e0 l&#8217;existence de l\u00e9sions objectives apr\u00e8s consolidation. Un \u00e9tat douloureux chronique subjectif, mais jug\u00e9 r\u00e9el et non simul\u00e9 par les experts, peut ouvrir droit \u00e0 r\u00e9paration int\u00e9grale d\u00e8s lors qu&#8217;il trouve son origine dans un fait g\u00e9n\u00e9rateur \u00e9tabli. La cour \u00e9carte ainsi une lecture trop restrictive du lien de causalit\u00e9, qui serait limit\u00e9e aux seules s\u00e9quelles organiques objectivables.<\/p>\n<p>La liquidation compl\u00e8te du pr\u00e9judice et le r\u00f4le de la solidarit\u00e9 nationale<\/p>\n<p>La cour proc\u00e8de \u00e0 une r\u00e9\u00e9valuation minutieuse de chaque chef de pr\u00e9judice. Elle retient une date de consolidation post\u00e9rieure \u00e0 celle avanc\u00e9e par l&#8217;ONIAM, fix\u00e9e au jour d&#8217;un examen clinique d\u00e9taill\u00e9. Sur les pr\u00e9judices patrimoniaux, elle indemnise les d\u00e9penses de sant\u00e9 actuelles, y compris les th\u00e9rapies alternatives jug\u00e9es non d\u00e9raisonnables. Elle admet partiellement les frais d&#8217;assistance par tierce personne et certains frais divers, comme l&#8217;achat d&#8217;un scooter \u00e9lectrique. En revanche, elle \u00e9carte la perte de gains professionnels futurs, estimant que l&#8217;inaptitude n&#8217;est pas d\u00e9montr\u00e9e. Elle accorde une indemnit\u00e9 pour incidence professionnelle.<\/p>\n<p>L&#8217;analyse du d\u00e9ficit fonctionnel permanent illustre la m\u00e9thode de la cour. Elle rejette le taux de 50% propos\u00e9 par un expert, le jugeant excessif au regard des bar\u00e8mes usuels. Elle \u00e9carte \u00e9galement la conclusion d&#8217;un autre expert qui niait toute s\u00e9quelle imputable. La cour fixe souverainement un taux de 20%, indemnisant ainsi la perte de qualit\u00e9 de vie et les souffrances chroniques post-consolidation. &#8220;Les souffrances tant que physiques que morales ressenties apr\u00e8s consolidation [&#8230;] justifient une indemnisation au titre du d\u00e9ficit fonctionnel permanent&#8221; (Motifs). Cette \u00e9valuation composite int\u00e8gre les cons\u00e9quences subjectives mais r\u00e9elles du dommage.<\/p>\n<p>La cour valide la mise en \u0153uvre de la solidarit\u00e9 nationale via l&#8217;ONIAM. Elle rappelle les conditions l\u00e9gales d&#8217;intervention, notamment le seuil de gravit\u00e9. Elle constate que la dur\u00e9e d&#8217;arr\u00eat de travail imputable, retenue par l&#8217;expert, remplit les conditions exig\u00e9es par le code de la sant\u00e9 publique. &#8220;M. [W] est fond\u00e9 \u00e0 demander \u00e0 \u00eatre indemnis\u00e9 par l&#8217;ONIAM \u00e0 hauteur de 70% des montants ci-dessus allou\u00e9s&#8221; (Motifs). Cette d\u00e9cision applique la jurisprudence \u00e9tablie sur les conditions de l&#8217;al\u00e9a th\u00e9rapeutique. &#8220;Pour ouvrir droit \u00e0 r\u00e9paration sur le fondement de la solidarit\u00e9 nationale, l\u2019accident m\u00e9dical doit, d\u2019une part, \u00eatre imputable \u00e0 un acte de soin, d\u2019autre part, avoir caus\u00e9 un dommage aux cons\u00e9quences anormales, enfin avoir engendr\u00e9 des cons\u00e9quences d\u2019une certaine gravit\u00e9&#8221; (Tribunal judiciaire de Rennes, le 3 mars 2025, n\u00b024\/00021). L&#8217;arr\u00eat pr\u00e9cise \u00e9galement que &#8220;les cons\u00e9quences imputables \u00e0 l\u2019al\u00e9a th\u00e9rapeutique doivent rev\u00eatir une certaine gravit\u00e9, dont le caract\u00e8re est fix\u00e9 par le d\u00e9cret n\u00b0 2011-76 du 19 janvier 2011&#8221; (Cour d&#8217;appel de Paris, le 4 avril 2024, n\u00b021\/02066).<\/p>\n<p>La port\u00e9e de cet arr\u00eat est double. D&#8217;une part, il confirme une approche large de la r\u00e9paration du dommage corporel, qui ne se limite pas aux d\u00e9ficits objectifs mais inclut les cons\u00e9quences subjectives et chroniques d&#8217;un accident m\u00e9dical. D&#8217;autre part, il rappelle le r\u00f4le compl\u00e9mentaire de la responsabilit\u00e9 m\u00e9dicale et de la solidarit\u00e9 nationale, assurant une indemnisation compl\u00e8te lorsque les conditions de gravit\u00e9 sont remplies. L&#8217;arr\u00eat sert de guide pour la liquidation de pr\u00e9judices complexes dans les affaires iatrog\u00e8nes, notamment li\u00e9es aux effets secondaires de m\u00e9dicaments.<\/p>\n<\/div>\n","protected":false},"excerpt":{"rendered":"<p>L&#8217;appr\u00e9ciation souveraine des constatations expertales<\/p>\n","protected":false},"author":232070755,"featured_media":4696,"comment_status":"open","ping_status":"open","sticky":false,"template":"","format":"standard","meta":{"_crdt_document":"","_jetpack_newsletter_access":"","_jetpack_dont_email_post_to_subs":false,"_jetpack_newsletter_tier_id":0,"_jetpack_memberships_contains_paywalled_content":false,"_kj_source_type":"","_kj_official_id":"","_kj_official_url":"","_kj_judilibre_id":"","_kj_jur":"","_kj_lieu":"","_kj_chambre":"","_kj_rg":"","_kj_date":"","_jetpack_memberships_contains_paid_content":false,"footnotes":"","jetpack_post_was_ever_published":false},"categories":[7597],"tags":[],"class_list":["post-660373","post","type-post","status-publish","format-standard","has-post-thumbnail","hentry","category-jurisprudence"],"yoast_head":"<!-- This site is optimized with the Yoast SEO Premium plugin v27.5 (Yoast SEO v27.5) - https:\/\/yoast.com\/product\/yoast-seo-premium-wordpress\/ -->\n<title>Cour d&#039;appel de Colmar, le 26 septembre 2025, n\u00b022\/01733 - Ma\u00eetre Hassan Kohen, avocat en droit p\u00e9nal \u00e0 Paris<\/title>\n<meta name=\"description\" content=\"L&#039;appr\u00e9ciation souveraine des constatations expertales\" \/>\n<meta name=\"robots\" content=\"index, follow, max-snippet:-1, max-image-preview:large, max-video-preview:-1\" \/>\n<link rel=\"canonical\" href=\"https:\/\/kohenavocats.com\/pt-pt\/cour-dappel-de-colmar-le-26-septembre-2025-n22-01733\/\" \/>\n<meta property=\"og:locale\" content=\"pt_PT\" \/>\n<meta property=\"og:type\" content=\"article\" \/>\n<meta property=\"og:title\" content=\"Cour d&#039;appel de Colmar, le 26 septembre 2025, n\u00b022\/01733\" \/>\n<meta property=\"og:description\" content=\"L&#039;appr\u00e9ciation souveraine des constatations expertales\" \/>\n<meta property=\"og:url\" content=\"https:\/\/kohenavocats.com\/pt-pt\/cour-dappel-de-colmar-le-26-septembre-2025-n22-01733\/\" \/>\n<meta property=\"og:site_name\" content=\"Ma\u00eetre Hassan Kohen, avocat en droit p\u00e9nal \u00e0 Paris\" \/>\n<meta property=\"article:published_time\" content=\"2026-04-23T13:10:36+00:00\" \/>\n<meta property=\"og:image\" content=\"https:\/\/kohenavocats.com\/wp-content\/uploads\/2024\/08\/peter-ivey-hansen-K3qrgjT7N2M-unsplash.webp\" \/>\n\t<meta property=\"og:image:width\" content=\"5257\" \/>\n\t<meta property=\"og:image:height\" content=\"3755\" \/>\n\t<meta property=\"og:image:type\" content=\"image\/webp\" \/>\n<meta name=\"author\" content=\"Kohen\" \/>\n<meta name=\"twitter:card\" content=\"summary_large_image\" \/>\n<meta name=\"twitter:label1\" content=\"Escrito por\" \/>\n\t<meta name=\"twitter:data1\" content=\"Kohen\" \/>\n\t<meta name=\"twitter:label2\" content=\"Tempo estimado de leitura\" \/>\n\t<meta name=\"twitter:data2\" content=\"4 minutos\" \/>\n<script type=\"application\/ld+json\" class=\"yoast-schema-graph\">{\"@context\":\"https:\\\/\\\/schema.org\",\"@graph\":[{\"@type\":\"Article\",\"@id\":\"https:\\\/\\\/kohenavocats.com\\\/pt-pt\\\/cour-dappel-de-colmar-le-26-septembre-2025-n22-01733\\\/#article\",\"isPartOf\":{\"@id\":\"https:\\\/\\\/kohenavocats.com\\\/pt-pt\\\/cour-dappel-de-colmar-le-26-septembre-2025-n22-01733\\\/\"},\"author\":{\"name\":\"Kohen\",\"@id\":\"https:\\\/\\\/kohenavocats.com\\\/pt-pt\\\/#\\\/schema\\\/person\\\/761c9ba54fa1ca84d405cef0831ff751\"},\"headline\":\"Cour d&#8217;appel de Colmar, le 26 septembre 2025, n\u00b022\\\/01733\",\"datePublished\":\"2026-04-23T13:10:36+00:00\",\"mainEntityOfPage\":{\"@id\":\"https:\\\/\\\/kohenavocats.com\\\/pt-pt\\\/cour-dappel-de-colmar-le-26-septembre-2025-n22-01733\\\/\"},\"wordCount\":853,\"commentCount\":0,\"publisher\":{\"@id\":\"https:\\\/\\\/kohenavocats.com\\\/pt-pt\\\/#organization\"},\"image\":{\"@id\":\"https:\\\/\\\/kohenavocats.com\\\/pt-pt\\\/cour-dappel-de-colmar-le-26-septembre-2025-n22-01733\\\/#primaryimage\"},\"thumbnailUrl\":\"https:\\\/\\\/kohenavocats.com\\\/wp-content\\\/uploads\\\/2024\\\/08\\\/peter-ivey-hansen-K3qrgjT7N2M-unsplash.webp\",\"articleSection\":[\"Jurisprudence\"],\"inLanguage\":\"pt-PT\",\"potentialAction\":[{\"@type\":\"CommentAction\",\"name\":\"Comment\",\"target\":[\"https:\\\/\\\/kohenavocats.com\\\/pt-pt\\\/cour-dappel-de-colmar-le-26-septembre-2025-n22-01733\\\/#respond\"]}],\"citation\":\"Cour d&#8217;appel de Colmar, le 26 septembre 2025, n\u00b022\\\/01733\",\"about\":[{\"@type\":\"Thing\",\"name\":\"Jurisprudence\"}],\"dateModified\":\"2026-04-23T13:10:36+00:00\",\"speakable\":{\"@type\":\"SpeakableSpecification\",\"cssSelector\":[\".article-content > p:first-of-type\"]}},{\"@type\":\"WebPage\",\"@id\":\"https:\\\/\\\/kohenavocats.com\\\/pt-pt\\\/cour-dappel-de-colmar-le-26-septembre-2025-n22-01733\\\/\",\"url\":\"https:\\\/\\\/kohenavocats.com\\\/pt-pt\\\/cour-dappel-de-colmar-le-26-septembre-2025-n22-01733\\\/\",\"name\":\"Cour d'appel de Colmar, le 26 septembre 2025, n\u00b022\\\/01733 - Ma\u00eetre Hassan Kohen, avocat en droit p\u00e9nal \u00e0 Paris\",\"isPartOf\":{\"@id\":\"https:\\\/\\\/kohenavocats.com\\\/pt-pt\\\/#website\"},\"primaryImageOfPage\":{\"@id\":\"https:\\\/\\\/kohenavocats.com\\\/pt-pt\\\/cour-dappel-de-colmar-le-26-septembre-2025-n22-01733\\\/#primaryimage\"},\"image\":{\"@id\":\"https:\\\/\\\/kohenavocats.com\\\/pt-pt\\\/cour-dappel-de-colmar-le-26-septembre-2025-n22-01733\\\/#primaryimage\"},\"thumbnailUrl\":\"https:\\\/\\\/kohenavocats.com\\\/wp-content\\\/uploads\\\/2024\\\/08\\\/peter-ivey-hansen-K3qrgjT7N2M-unsplash.webp\",\"datePublished\":\"2026-04-23T13:10:36+00:00\",\"description\":\"L'appr\u00e9ciation souveraine des constatations expertales\",\"breadcrumb\":{\"@id\":\"https:\\\/\\\/kohenavocats.com\\\/pt-pt\\\/cour-dappel-de-colmar-le-26-septembre-2025-n22-01733\\\/#breadcrumb\"},\"inLanguage\":\"pt-PT\",\"potentialAction\":[{\"@type\":\"ReadAction\",\"target\":[\"https:\\\/\\\/kohenavocats.com\\\/pt-pt\\\/cour-dappel-de-colmar-le-26-septembre-2025-n22-01733\\\/\"]}]},{\"@type\":\"ImageObject\",\"inLanguage\":\"pt-PT\",\"@id\":\"https:\\\/\\\/kohenavocats.com\\\/pt-pt\\\/cour-dappel-de-colmar-le-26-septembre-2025-n22-01733\\\/#primaryimage\",\"url\":\"https:\\\/\\\/kohenavocats.com\\\/wp-content\\\/uploads\\\/2024\\\/08\\\/peter-ivey-hansen-K3qrgjT7N2M-unsplash.webp\",\"contentUrl\":\"https:\\\/\\\/kohenavocats.com\\\/wp-content\\\/uploads\\\/2024\\\/08\\\/peter-ivey-hansen-K3qrgjT7N2M-unsplash.webp\",\"width\":5257,\"height\":3755},{\"@type\":\"BreadcrumbList\",\"@id\":\"https:\\\/\\\/kohenavocats.com\\\/pt-pt\\\/cour-dappel-de-colmar-le-26-septembre-2025-n22-01733\\\/#breadcrumb\",\"itemListElement\":[{\"@type\":\"ListItem\",\"position\":1,\"name\":\"Home\",\"item\":\"https:\\\/\\\/kohenavocats.com\\\/pt-pt\\\/avocats-en-droit-penal-a-paris-conseil-et-defense-strategique\\\/\"},{\"@type\":\"ListItem\",\"position\":2,\"name\":\"Cour d&rsquo;appel de Colmar, le 26 septembre 2025, n\u00b022\\\/01733\"}]},{\"@type\":\"WebSite\",\"@id\":\"https:\\\/\\\/kohenavocats.com\\\/pt-pt\\\/#website\",\"url\":\"https:\\\/\\\/kohenavocats.com\\\/pt-pt\\\/\",\"name\":\"Kohen Avocats\",\"description\":\"Ma\u00eetre Hassan Kohen, avocat p\u00e9naliste \u00e0 Paris, intervient exclusivement en droit p\u00e9nal pour la d\u00e9fense des particuliers, notamment en mati\u00e8re d\u2019accusations de viol. Il assure un accompagnement rigoureux d\u00e8s la garde \u00e0 vue jusqu\u2019\u00e0 la Cour d\u2019assises, veillant au strict respect des garanties proc\u00e9durales.\",\"publisher\":{\"@id\":\"https:\\\/\\\/kohenavocats.com\\\/pt-pt\\\/#organization\"},\"potentialAction\":[{\"@type\":\"SearchAction\",\"target\":{\"@type\":\"EntryPoint\",\"urlTemplate\":\"https:\\\/\\\/kohenavocats.com\\\/pt-pt\\\/?s={search_term_string}\"},\"query-input\":{\"@type\":\"PropertyValueSpecification\",\"valueRequired\":true,\"valueName\":\"search_term_string\"}}],\"inLanguage\":\"pt-PT\"},{\"@type\":\"Organization\",\"@id\":\"https:\\\/\\\/kohenavocats.com\\\/pt-pt\\\/#organization\",\"name\":\"Kohen Avocats\",\"url\":\"https:\\\/\\\/kohenavocats.com\\\/pt-pt\\\/\",\"logo\":{\"@type\":\"ImageObject\",\"inLanguage\":\"pt-PT\",\"@id\":\"https:\\\/\\\/kohenavocats.com\\\/pt-pt\\\/#\\\/schema\\\/logo\\\/image\\\/\",\"url\":\"https:\\\/\\\/kohenavocats.com\\\/wp-content\\\/uploads\\\/2026\\\/01\\\/Logo-2-1.webp\",\"contentUrl\":\"https:\\\/\\\/kohenavocats.com\\\/wp-content\\\/uploads\\\/2026\\\/01\\\/Logo-2-1.webp\",\"width\":2114,\"height\":1253,\"caption\":\"Kohen Avocats\"},\"image\":{\"@id\":\"https:\\\/\\\/kohenavocats.com\\\/pt-pt\\\/#\\\/schema\\\/logo\\\/image\\\/\"}},{\"@type\":\"Person\",\"@id\":\"https:\\\/\\\/kohenavocats.com\\\/pt-pt\\\/#\\\/schema\\\/person\\\/761c9ba54fa1ca84d405cef0831ff751\",\"name\":\"Kohen\",\"image\":{\"@type\":\"ImageObject\",\"inLanguage\":\"pt-PT\",\"@id\":\"https:\\\/\\\/secure.gravatar.com\\\/avatar\\\/1c5e76ef76bbbfdd2b4da984e2bf2fa4056fd51a27d25ce2c332047f1dfd6e00?s=96&d=identicon&r=g\",\"url\":\"https:\\\/\\\/secure.gravatar.com\\\/avatar\\\/1c5e76ef76bbbfdd2b4da984e2bf2fa4056fd51a27d25ce2c332047f1dfd6e00?s=96&d=identicon&r=g\",\"contentUrl\":\"https:\\\/\\\/secure.gravatar.com\\\/avatar\\\/1c5e76ef76bbbfdd2b4da984e2bf2fa4056fd51a27d25ce2c332047f1dfd6e00?s=96&d=identicon&r=g\",\"caption\":\"Kohen\"},\"sameAs\":[\"https:\\\/\\\/www.linkedin.com\\\/in\\\/hassan-kohen-448548192\\\/\",\"https:\\\/\\\/www.youtube.com\\\/@Kohen-Avocats\"],\"url\":\"https:\\\/\\\/kohenavocats.com\\\/pt-pt\\\/author\\\/kohenmlk\\\/\"}]}<\/script>\n<!-- \/ Yoast SEO Premium plugin. -->","yoast_head_json":{"title":"Cour d'appel de Colmar, le 26 septembre 2025, n\u00b022\/01733 - Ma\u00eetre Hassan Kohen, avocat en droit p\u00e9nal \u00e0 Paris","description":"L'appr\u00e9ciation souveraine des constatations expertales","robots":{"index":"index","follow":"follow","max-snippet":"max-snippet:-1","max-image-preview":"max-image-preview:large","max-video-preview":"max-video-preview:-1"},"canonical":"https:\/\/kohenavocats.com\/pt-pt\/cour-dappel-de-colmar-le-26-septembre-2025-n22-01733\/","og_locale":"pt_PT","og_type":"article","og_title":"Cour d'appel de Colmar, le 26 septembre 2025, n\u00b022\/01733","og_description":"L'appr\u00e9ciation souveraine des constatations expertales","og_url":"https:\/\/kohenavocats.com\/pt-pt\/cour-dappel-de-colmar-le-26-septembre-2025-n22-01733\/","og_site_name":"Ma\u00eetre Hassan Kohen, avocat en droit p\u00e9nal \u00e0 Paris","article_published_time":"2026-04-23T13:10:36+00:00","og_image":[{"width":5257,"height":3755,"url":"https:\/\/kohenavocats.com\/wp-content\/uploads\/2024\/08\/peter-ivey-hansen-K3qrgjT7N2M-unsplash.webp","type":"image\/webp"}],"author":"Kohen","twitter_card":"summary_large_image","twitter_misc":{"Escrito por":"Kohen","Tempo estimado de leitura":"4 minutos"},"schema":{"@context":"https:\/\/schema.org","@graph":[{"@type":"Article","@id":"https:\/\/kohenavocats.com\/pt-pt\/cour-dappel-de-colmar-le-26-septembre-2025-n22-01733\/#article","isPartOf":{"@id":"https:\/\/kohenavocats.com\/pt-pt\/cour-dappel-de-colmar-le-26-septembre-2025-n22-01733\/"},"author":{"name":"Kohen","@id":"https:\/\/kohenavocats.com\/pt-pt\/#\/schema\/person\/761c9ba54fa1ca84d405cef0831ff751"},"headline":"Cour d&#8217;appel de Colmar, le 26 septembre 2025, n\u00b022\/01733","datePublished":"2026-04-23T13:10:36+00:00","mainEntityOfPage":{"@id":"https:\/\/kohenavocats.com\/pt-pt\/cour-dappel-de-colmar-le-26-septembre-2025-n22-01733\/"},"wordCount":853,"commentCount":0,"publisher":{"@id":"https:\/\/kohenavocats.com\/pt-pt\/#organization"},"image":{"@id":"https:\/\/kohenavocats.com\/pt-pt\/cour-dappel-de-colmar-le-26-septembre-2025-n22-01733\/#primaryimage"},"thumbnailUrl":"https:\/\/kohenavocats.com\/wp-content\/uploads\/2024\/08\/peter-ivey-hansen-K3qrgjT7N2M-unsplash.webp","articleSection":["Jurisprudence"],"inLanguage":"pt-PT","potentialAction":[{"@type":"CommentAction","name":"Comment","target":["https:\/\/kohenavocats.com\/pt-pt\/cour-dappel-de-colmar-le-26-septembre-2025-n22-01733\/#respond"]}],"citation":"Cour d&#8217;appel de Colmar, le 26 septembre 2025, n\u00b022\/01733","about":[{"@type":"Thing","name":"Jurisprudence"}],"dateModified":"2026-04-23T13:10:36+00:00","speakable":{"@type":"SpeakableSpecification","cssSelector":[".article-content > p:first-of-type"]}},{"@type":"WebPage","@id":"https:\/\/kohenavocats.com\/pt-pt\/cour-dappel-de-colmar-le-26-septembre-2025-n22-01733\/","url":"https:\/\/kohenavocats.com\/pt-pt\/cour-dappel-de-colmar-le-26-septembre-2025-n22-01733\/","name":"Cour d'appel de Colmar, le 26 septembre 2025, n\u00b022\/01733 - Ma\u00eetre Hassan Kohen, avocat en droit p\u00e9nal \u00e0 Paris","isPartOf":{"@id":"https:\/\/kohenavocats.com\/pt-pt\/#website"},"primaryImageOfPage":{"@id":"https:\/\/kohenavocats.com\/pt-pt\/cour-dappel-de-colmar-le-26-septembre-2025-n22-01733\/#primaryimage"},"image":{"@id":"https:\/\/kohenavocats.com\/pt-pt\/cour-dappel-de-colmar-le-26-septembre-2025-n22-01733\/#primaryimage"},"thumbnailUrl":"https:\/\/kohenavocats.com\/wp-content\/uploads\/2024\/08\/peter-ivey-hansen-K3qrgjT7N2M-unsplash.webp","datePublished":"2026-04-23T13:10:36+00:00","description":"L'appr\u00e9ciation souveraine des constatations expertales","breadcrumb":{"@id":"https:\/\/kohenavocats.com\/pt-pt\/cour-dappel-de-colmar-le-26-septembre-2025-n22-01733\/#breadcrumb"},"inLanguage":"pt-PT","potentialAction":[{"@type":"ReadAction","target":["https:\/\/kohenavocats.com\/pt-pt\/cour-dappel-de-colmar-le-26-septembre-2025-n22-01733\/"]}]},{"@type":"ImageObject","inLanguage":"pt-PT","@id":"https:\/\/kohenavocats.com\/pt-pt\/cour-dappel-de-colmar-le-26-septembre-2025-n22-01733\/#primaryimage","url":"https:\/\/kohenavocats.com\/wp-content\/uploads\/2024\/08\/peter-ivey-hansen-K3qrgjT7N2M-unsplash.webp","contentUrl":"https:\/\/kohenavocats.com\/wp-content\/uploads\/2024\/08\/peter-ivey-hansen-K3qrgjT7N2M-unsplash.webp","width":5257,"height":3755},{"@type":"BreadcrumbList","@id":"https:\/\/kohenavocats.com\/pt-pt\/cour-dappel-de-colmar-le-26-septembre-2025-n22-01733\/#breadcrumb","itemListElement":[{"@type":"ListItem","position":1,"name":"Home","item":"https:\/\/kohenavocats.com\/pt-pt\/avocats-en-droit-penal-a-paris-conseil-et-defense-strategique\/"},{"@type":"ListItem","position":2,"name":"Cour d&rsquo;appel de Colmar, le 26 septembre 2025, n\u00b022\/01733"}]},{"@type":"WebSite","@id":"https:\/\/kohenavocats.com\/pt-pt\/#website","url":"https:\/\/kohenavocats.com\/pt-pt\/","name":"Kohen Avocats","description":"Ma\u00eetre Hassan Kohen, avocat p\u00e9naliste \u00e0 Paris, intervient exclusivement en droit p\u00e9nal pour la d\u00e9fense des particuliers, notamment en mati\u00e8re d\u2019accusations de viol. Il assure un accompagnement rigoureux d\u00e8s la garde \u00e0 vue jusqu\u2019\u00e0 la Cour d\u2019assises, veillant au strict respect des garanties proc\u00e9durales.","publisher":{"@id":"https:\/\/kohenavocats.com\/pt-pt\/#organization"},"potentialAction":[{"@type":"SearchAction","target":{"@type":"EntryPoint","urlTemplate":"https:\/\/kohenavocats.com\/pt-pt\/?s={search_term_string}"},"query-input":{"@type":"PropertyValueSpecification","valueRequired":true,"valueName":"search_term_string"}}],"inLanguage":"pt-PT"},{"@type":"Organization","@id":"https:\/\/kohenavocats.com\/pt-pt\/#organization","name":"Kohen Avocats","url":"https:\/\/kohenavocats.com\/pt-pt\/","logo":{"@type":"ImageObject","inLanguage":"pt-PT","@id":"https:\/\/kohenavocats.com\/pt-pt\/#\/schema\/logo\/image\/","url":"https:\/\/kohenavocats.com\/wp-content\/uploads\/2026\/01\/Logo-2-1.webp","contentUrl":"https:\/\/kohenavocats.com\/wp-content\/uploads\/2026\/01\/Logo-2-1.webp","width":2114,"height":1253,"caption":"Kohen Avocats"},"image":{"@id":"https:\/\/kohenavocats.com\/pt-pt\/#\/schema\/logo\/image\/"}},{"@type":"Person","@id":"https:\/\/kohenavocats.com\/pt-pt\/#\/schema\/person\/761c9ba54fa1ca84d405cef0831ff751","name":"Kohen","image":{"@type":"ImageObject","inLanguage":"pt-PT","@id":"https:\/\/secure.gravatar.com\/avatar\/1c5e76ef76bbbfdd2b4da984e2bf2fa4056fd51a27d25ce2c332047f1dfd6e00?s=96&d=identicon&r=g","url":"https:\/\/secure.gravatar.com\/avatar\/1c5e76ef76bbbfdd2b4da984e2bf2fa4056fd51a27d25ce2c332047f1dfd6e00?s=96&d=identicon&r=g","contentUrl":"https:\/\/secure.gravatar.com\/avatar\/1c5e76ef76bbbfdd2b4da984e2bf2fa4056fd51a27d25ce2c332047f1dfd6e00?s=96&d=identicon&r=g","caption":"Kohen"},"sameAs":["https:\/\/www.linkedin.com\/in\/hassan-kohen-448548192\/","https:\/\/www.youtube.com\/@Kohen-Avocats"],"url":"https:\/\/kohenavocats.com\/pt-pt\/author\/kohenmlk\/"}]}},"jetpack_featured_media_url":"https:\/\/kohenavocats.com\/wp-content\/uploads\/2024\/08\/peter-ivey-hansen-K3qrgjT7N2M-unsplash.webp","jetpack_likes_enabled":false,"jetpack_shortlink":"https:\/\/wp.me\/peCrII-2LNb","jetpack-related-posts":[{"id":414052,"url":"https:\/\/kohenavocats.com\/pt-pt\/cour-dappel-de-noumea-le-1-octobre-2012-n11-71\/","url_meta":{"origin":660373,"position":0},"title":"Cour d&#8217;appel de Noum\u00e9a, le 1 octobre 2012, n\u00b011\/71","author":"Kohen","date":"21 de Mar\u00e7o, 2026","format":false,"excerpt":"La Cour d\u2019appel de Noum\u00e9a, par un arr\u00eat du 1er octobre 2012, a statu\u00e9 sur la responsabilit\u00e9 des diff\u00e9rents intervenants \u00e0 la construction d\u2019une station-service ayant subi d\u2019importants d\u00e9sordres. Le ma\u00eetre d\u2019ouvrage, qui assurait \u00e9galement la ma\u00eetrise d\u2019\u0153uvre, avait confi\u00e9 les \u00e9tudes g\u00e9otechniques \u00e0 un laboratoire, les plans d\u2019ex\u00e9cution \u00e0\u2026","rel":"","context":"In &quot;Cour d'appel&quot;","block_context":{"text":"Cour d'appel","link":"https:\/\/kohenavocats.com\/category\/cour-dappel\/"},"img":{"alt_text":"","src":"https:\/\/i0.wp.com\/kohenavocats.com\/wp-content\/uploads\/2024\/11\/mohamed-nohassi-6QR1fxoLiDQ-unsplash.webp?resize=350%2C200&ssl=1","width":350,"height":200,"srcset":"https:\/\/i0.wp.com\/kohenavocats.com\/wp-content\/uploads\/2024\/11\/mohamed-nohassi-6QR1fxoLiDQ-unsplash.webp?resize=350%2C200&ssl=1 1x, https:\/\/i0.wp.com\/kohenavocats.com\/wp-content\/uploads\/2024\/11\/mohamed-nohassi-6QR1fxoLiDQ-unsplash.webp?resize=525%2C300&ssl=1 1.5x, https:\/\/i0.wp.com\/kohenavocats.com\/wp-content\/uploads\/2024\/11\/mohamed-nohassi-6QR1fxoLiDQ-unsplash.webp?resize=700%2C400&ssl=1 2x, https:\/\/i0.wp.com\/kohenavocats.com\/wp-content\/uploads\/2024\/11\/mohamed-nohassi-6QR1fxoLiDQ-unsplash.webp?resize=1050%2C600&ssl=1 3x, https:\/\/i0.wp.com\/kohenavocats.com\/wp-content\/uploads\/2024\/11\/mohamed-nohassi-6QR1fxoLiDQ-unsplash.webp?resize=1400%2C800&ssl=1 4x"},"classes":[]},{"id":616113,"url":"https:\/\/kohenavocats.com\/pt-pt\/cour-dappel-de-paris-le-10-juin-2025-n24-04120\/","url_meta":{"origin":660373,"position":1},"title":"Cour d&#8217;appel de Paris, le 10 juin 2025, n\u00b024\/04120","author":"Kohen","date":"20 de Abril, 2026","format":false,"excerpt":"La cour d'appel de Paris, statuant en formation coll\u00e9giale, rend un arr\u00eat le 10 juin 2025 dans une affaire relative \u00e0 un sinistre survenu lors d'essais sur u...","rel":"","context":"In &quot;Jurisprudence&quot;","block_context":{"text":"Jurisprudence","link":"https:\/\/kohenavocats.com\/category\/jurisprudence\/"},"img":{"alt_text":"","src":"https:\/\/i0.wp.com\/kohenavocats.com\/wp-content\/uploads\/2024\/11\/luke-jones-DaS7IxmJGfw-unsplash.webp?resize=350%2C200&ssl=1","width":350,"height":200,"srcset":"https:\/\/i0.wp.com\/kohenavocats.com\/wp-content\/uploads\/2024\/11\/luke-jones-DaS7IxmJGfw-unsplash.webp?resize=350%2C200&ssl=1 1x, https:\/\/i0.wp.com\/kohenavocats.com\/wp-content\/uploads\/2024\/11\/luke-jones-DaS7IxmJGfw-unsplash.webp?resize=525%2C300&ssl=1 1.5x, https:\/\/i0.wp.com\/kohenavocats.com\/wp-content\/uploads\/2024\/11\/luke-jones-DaS7IxmJGfw-unsplash.webp?resize=700%2C400&ssl=1 2x, https:\/\/i0.wp.com\/kohenavocats.com\/wp-content\/uploads\/2024\/11\/luke-jones-DaS7IxmJGfw-unsplash.webp?resize=1050%2C600&ssl=1 3x, https:\/\/i0.wp.com\/kohenavocats.com\/wp-content\/uploads\/2024\/11\/luke-jones-DaS7IxmJGfw-unsplash.webp?resize=1400%2C800&ssl=1 4x"},"classes":[]},{"id":499070,"url":"https:\/\/kohenavocats.com\/pt-pt\/tribunal-judiciaire-le-6-novembre-2025-n23-03869\/","url_meta":{"origin":660373,"position":2},"title":"Tribunal judiciaire, le 6 novembre 2025, n\u00b023\/03869","author":"Kohen","date":"8 de Abril, 2026","format":false,"excerpt":"Le tribunal judiciaire, dans un jugement du 6 novembre 2025, a \u00e9t\u00e9 saisi d\u2019un litige opposant des riverains \u00e0 une soci\u00e9t\u00e9 exploitant un entrep\u00f4t. Les premier...","rel":"","context":"In &quot;Jurisprudence&quot;","block_context":{"text":"Jurisprudence","link":"https:\/\/kohenavocats.com\/category\/jurisprudence\/"},"img":{"alt_text":"","src":"https:\/\/i0.wp.com\/kohenavocats.com\/wp-content\/uploads\/2024\/08\/viktor-hesse-VYYihHCh2SU-unsplash.webp?resize=350%2C200&ssl=1","width":350,"height":200,"srcset":"https:\/\/i0.wp.com\/kohenavocats.com\/wp-content\/uploads\/2024\/08\/viktor-hesse-VYYihHCh2SU-unsplash.webp?resize=350%2C200&ssl=1 1x, https:\/\/i0.wp.com\/kohenavocats.com\/wp-content\/uploads\/2024\/08\/viktor-hesse-VYYihHCh2SU-unsplash.webp?resize=525%2C300&ssl=1 1.5x, https:\/\/i0.wp.com\/kohenavocats.com\/wp-content\/uploads\/2024\/08\/viktor-hesse-VYYihHCh2SU-unsplash.webp?resize=700%2C400&ssl=1 2x, https:\/\/i0.wp.com\/kohenavocats.com\/wp-content\/uploads\/2024\/08\/viktor-hesse-VYYihHCh2SU-unsplash.webp?resize=1050%2C600&ssl=1 3x, https:\/\/i0.wp.com\/kohenavocats.com\/wp-content\/uploads\/2024\/08\/viktor-hesse-VYYihHCh2SU-unsplash.webp?resize=1400%2C800&ssl=1 4x"},"classes":[]},{"id":243230,"url":"https:\/\/kohenavocats.com\/pt-pt\/tribunal-judiciaire-de-bordeaux-le-25-juin-2025-n23-07283\/","url_meta":{"origin":660373,"position":3},"title":"Tribunal judiciaire de Bordeaux, le 25 juin 2025, n\u00b023\/07283","author":"Kohen","date":"4 de Janeiro, 2026","format":false,"excerpt":"Rendu par le tribunal judiciaire de [Localit\u00e9 7] le 25 juin 2025 (7e chambre civile), l\u2019arr\u00eat tranche un contentieux n\u00e9 \u00e0 la suite de d\u00e9sordres apparus sur une piscine vendue en kit coque polyester et install\u00e9e en 2018. Les acqu\u00e9reurs, apr\u00e8s paiement du prix et mise en service, ont signal\u00e9\u2026","rel":"","context":"In &quot;D\u00e9cisions juridiques&quot;","block_context":{"text":"D\u00e9cisions juridiques","link":"https:\/\/kohenavocats.com\/category\/decisions-juridiques\/"},"img":{"alt_text":"","src":"https:\/\/i0.wp.com\/kohenavocats.com\/wp-content\/uploads\/2024\/11\/kamran-abdullayev-tRrxCpbE1pQ-unsplash.webp?resize=350%2C200&ssl=1","width":350,"height":200,"srcset":"https:\/\/i0.wp.com\/kohenavocats.com\/wp-content\/uploads\/2024\/11\/kamran-abdullayev-tRrxCpbE1pQ-unsplash.webp?resize=350%2C200&ssl=1 1x, https:\/\/i0.wp.com\/kohenavocats.com\/wp-content\/uploads\/2024\/11\/kamran-abdullayev-tRrxCpbE1pQ-unsplash.webp?resize=525%2C300&ssl=1 1.5x, https:\/\/i0.wp.com\/kohenavocats.com\/wp-content\/uploads\/2024\/11\/kamran-abdullayev-tRrxCpbE1pQ-unsplash.webp?resize=700%2C400&ssl=1 2x, https:\/\/i0.wp.com\/kohenavocats.com\/wp-content\/uploads\/2024\/11\/kamran-abdullayev-tRrxCpbE1pQ-unsplash.webp?resize=1050%2C600&ssl=1 3x, https:\/\/i0.wp.com\/kohenavocats.com\/wp-content\/uploads\/2024\/11\/kamran-abdullayev-tRrxCpbE1pQ-unsplash.webp?resize=1400%2C800&ssl=1 4x"},"classes":[]},{"id":423068,"url":"https:\/\/kohenavocats.com\/pt-pt\/cour-dappel-de-pau-le-17-fevrier-2012-n10-04146\/","url_meta":{"origin":660373,"position":4},"title":"Cour d&#8217;appel de Pau, le 17 f\u00e9vrier 2012, n\u00b010\/04146","author":"Kohen","date":"23 de Mar\u00e7o, 2026","format":false,"excerpt":"La Cour d\u2019appel de Pau, dans un arr\u00eat du 17 f\u00e9vrier 2012, a \u00e9t\u00e9 saisie d\u2019un litige relatif \u00e0 la d\u00e9limitation de deux fonds contigus. Le propri\u00e9taire d\u2019une parcelle, h\u00e9rit\u00e9e de son fr\u00e8re, contestait devant les juges du fond la ligne divisoire fix\u00e9e par une expertise judiciaire. Le tribunal d\u2019instance\u2026","rel":"","context":"In &quot;Cour d'appel&quot;","block_context":{"text":"Cour d'appel","link":"https:\/\/kohenavocats.com\/category\/cour-dappel\/"},"img":{"alt_text":"","src":"https:\/\/i0.wp.com\/kohenavocats.com\/wp-content\/uploads\/2024\/08\/robert-bye-Onwjkrjy1kk-unsplash.webp?resize=350%2C200&ssl=1","width":350,"height":200,"srcset":"https:\/\/i0.wp.com\/kohenavocats.com\/wp-content\/uploads\/2024\/08\/robert-bye-Onwjkrjy1kk-unsplash.webp?resize=350%2C200&ssl=1 1x, https:\/\/i0.wp.com\/kohenavocats.com\/wp-content\/uploads\/2024\/08\/robert-bye-Onwjkrjy1kk-unsplash.webp?resize=525%2C300&ssl=1 1.5x, https:\/\/i0.wp.com\/kohenavocats.com\/wp-content\/uploads\/2024\/08\/robert-bye-Onwjkrjy1kk-unsplash.webp?resize=700%2C400&ssl=1 2x, https:\/\/i0.wp.com\/kohenavocats.com\/wp-content\/uploads\/2024\/08\/robert-bye-Onwjkrjy1kk-unsplash.webp?resize=1050%2C600&ssl=1 3x, https:\/\/i0.wp.com\/kohenavocats.com\/wp-content\/uploads\/2024\/08\/robert-bye-Onwjkrjy1kk-unsplash.webp?resize=1400%2C800&ssl=1 4x"},"classes":[]},{"id":231236,"url":"https:\/\/kohenavocats.com\/pt-pt\/tribunal-judiciaire-de-angers-le-16-juin-2025-n24-02613\/","url_meta":{"origin":660373,"position":5},"title":"Tribunal judiciaire de Angers, le 16 juin 2025, n\u00b024\/02613","author":"Kohen","date":"27 de Dezembro, 2025","format":false,"excerpt":"L'action en contestation de paternit\u00e9 constitue l'un des m\u00e9canismes essentiels du droit de la filiation permettant de r\u00e9tablir la v\u00e9rit\u00e9 biologique. Le tribunal judiciaire d'Angers, par un jugement avant dire droit du 16 juin 2025, offre une illustration topique de cette proc\u00e9dure.En l'esp\u00e8ce, une enfant est n\u00e9e le 2016 et\u2026","rel":"","context":"In &quot;D\u00e9cisions juridiques&quot;","block_context":{"text":"D\u00e9cisions juridiques","link":"https:\/\/kohenavocats.com\/category\/decisions-juridiques\/"},"img":{"alt_text":"","src":"https:\/\/i0.wp.com\/kohenavocats.com\/wp-content\/uploads\/2024\/08\/doctor-tinieblas-0HVonrT2MBM-unsplash.webp?resize=350%2C200&ssl=1","width":350,"height":200,"srcset":"https:\/\/i0.wp.com\/kohenavocats.com\/wp-content\/uploads\/2024\/08\/doctor-tinieblas-0HVonrT2MBM-unsplash.webp?resize=350%2C200&ssl=1 1x, https:\/\/i0.wp.com\/kohenavocats.com\/wp-content\/uploads\/2024\/08\/doctor-tinieblas-0HVonrT2MBM-unsplash.webp?resize=525%2C300&ssl=1 1.5x, https:\/\/i0.wp.com\/kohenavocats.com\/wp-content\/uploads\/2024\/08\/doctor-tinieblas-0HVonrT2MBM-unsplash.webp?resize=700%2C400&ssl=1 2x, https:\/\/i0.wp.com\/kohenavocats.com\/wp-content\/uploads\/2024\/08\/doctor-tinieblas-0HVonrT2MBM-unsplash.webp?resize=1050%2C600&ssl=1 3x, https:\/\/i0.wp.com\/kohenavocats.com\/wp-content\/uploads\/2024\/08\/doctor-tinieblas-0HVonrT2MBM-unsplash.webp?resize=1400%2C800&ssl=1 4x"},"classes":[]}],"jetpack_sharing_enabled":true,"_links":{"self":[{"href":"https:\/\/kohenavocats.com\/pt-pt\/wp-json\/wp\/v2\/posts\/660373","targetHints":{"allow":["GET"]}}],"collection":[{"href":"https:\/\/kohenavocats.com\/pt-pt\/wp-json\/wp\/v2\/posts"}],"about":[{"href":"https:\/\/kohenavocats.com\/pt-pt\/wp-json\/wp\/v2\/types\/post"}],"author":[{"embeddable":true,"href":"https:\/\/kohenavocats.com\/pt-pt\/wp-json\/wp\/v2\/users\/232070755"}],"replies":[{"embeddable":true,"href":"https:\/\/kohenavocats.com\/pt-pt\/wp-json\/wp\/v2\/comments?post=660373"}],"version-history":[{"count":0,"href":"https:\/\/kohenavocats.com\/pt-pt\/wp-json\/wp\/v2\/posts\/660373\/revisions"}],"wp:featuredmedia":[{"embeddable":true,"href":"https:\/\/kohenavocats.com\/pt-pt\/wp-json\/wp\/v2\/media\/4696"}],"wp:attachment":[{"href":"https:\/\/kohenavocats.com\/pt-pt\/wp-json\/wp\/v2\/media?parent=660373"}],"wp:term":[{"taxonomy":"category","embeddable":true,"href":"https:\/\/kohenavocats.com\/pt-pt\/wp-json\/wp\/v2\/categories?post=660373"},{"taxonomy":"post_tag","embeddable":true,"href":"https:\/\/kohenavocats.com\/pt-pt\/wp-json\/wp\/v2\/tags?post=660373"}],"curies":[{"name":"wp","href":"https:\/\/api.w.org\/{rel}","templated":true}]}}