{"id":660400,"date":"2026-04-23T15:14:04","date_gmt":"2026-04-23T13:14:04","guid":{"rendered":"https:\/\/kohenavocats.com\/cour-dappel-de-paris-le-11-septembre-2024-n25-00178\/"},"modified":"2026-04-23T15:14:04","modified_gmt":"2026-04-23T13:14:04","slug":"cour-dappel-de-paris-le-11-septembre-2024-n25-00178","status":"publish","type":"post","link":"https:\/\/kohenavocats.com\/pt-pt\/cour-dappel-de-paris-le-11-septembre-2024-n25-00178\/","title":{"rendered":"Cour d&#8217;appel de Paris, le 11 septembre 2024, n\u00b025\/00178"},"content":{"rendered":"<div class=\"article-content\">\n<p>La Cour d&#8217;appel de Paris, statuant en r\u00e9f\u00e9r\u00e9 le 11 septembre 2024, examine une demande en communication de pi\u00e8ces sur le fondement de l&#8217;article 145 du code de proc\u00e9dure civile. Un salari\u00e9, militant syndical, sollicite la production de bulletins de paie de coll\u00e8gues pour \u00e9tablir une pr\u00e9somption de discrimination dans son \u00e9volution de carri\u00e8re. La cour rejette les exceptions de proc\u00e9dure soulev\u00e9es par l&#8217;employeur et infirme l&#8217;ordonnance de premi\u00e8re instance pour ordonner une communication encadr\u00e9e des documents.<\/p>\n<p>La recevabilit\u00e9 des conclusions et pi\u00e8ces nouvelles<\/p>\n<p>La cour \u00e9carte l&#8217;irrecevabilit\u00e9 des conclusions et pi\u00e8ces d\u00e9pos\u00e9es avant l&#8217;ordonnance de cl\u00f4ture. Elle estime que la soci\u00e9t\u00e9 disposait d&#8217;un d\u00e9lai raisonnable pour y r\u00e9pondre. Une pi\u00e8ce litigieuse r\u00e9sultait d&#8217;une demande expresse de la formation de jugement. Ainsi, le principe de la contradiction se trouve respect\u00e9, contrairement \u00e0 des hypoth\u00e8ses o\u00f9 la tardivit\u00e9 emp\u00eacherait une d\u00e9fense utile. &#8220;La tardivit\u00e9 de la communication de ces \u00e9critures et nouvelles pi\u00e8ces, outre qu&#8217;elle est contraire \u00e0 la loyaut\u00e9 des d\u00e9bats, a emp\u00each\u00e9 de respecter le principe de la contradiction&#8221; (Cour d&#8217;appel de Paris, le 11 septembre 2024, n\u00b023\/12057). La solution affirme que le respect des d\u00e9lais proc\u00e9duraux s&#8217;appr\u00e9cie concr\u00e8tement au regard de la loyaut\u00e9 et de l&#8217;effectivit\u00e9 des droits de la d\u00e9fense.<\/p>\n<p>La cour statue donc au vu de l&#8217;ensemble des conclusions \u00e9chang\u00e9es avant la cl\u00f4ture de l&#8217;instruction. Cette approche pragmatique \u00e9vite un formalisme excessif tout en garantissant l&#8217;\u00e9quit\u00e9 du d\u00e9bat. Elle confirme que la violation du principe contradictoire n\u00e9cessite un pr\u00e9judice effectif dans la pr\u00e9paration de la d\u00e9fense. La port\u00e9e de cette d\u00e9cision renforce ainsi la s\u00e9curit\u00e9 juridique des \u00e9changes \u00e9crits en proc\u00e9dure.<\/p>\n<p>L&#8217;encadrement d&#8217;une mesure d&#8217;instruction en mati\u00e8re discriminatoire<\/p>\n<p>Le juge d\u00e9finit pr\u00e9cis\u00e9ment les conditions d&#8217;octroi d&#8217;une mesure d&#8217;instruction sur le fondement de l&#8217;article 145 du code de proc\u00e9dure civile. Il op\u00e8re un rapprochement entre la plausibilit\u00e9 d&#8217;un proc\u00e8s au fond et l&#8217;utilit\u00e9 de la mesure sollicit\u00e9e. En l&#8217;esp\u00e8ce, le salari\u00e9 d\u00e9montre des \u00e9valuations satisfaisantes sans \u00e9volution de coefficient depuis son engagement syndical. La comparaison avec des salari\u00e9s aux profils identiques est donc n\u00e9cessaire pour v\u00e9rifier une pr\u00e9somption de discrimination.<\/p>\n<p>La cour d\u00e9termine un panel pertinent en se fondant sur l&#8217;anciennet\u00e9 et les conditions d&#8217;embauche comparables. Elle rejette les crit\u00e8res avanc\u00e9s par l&#8217;employeur, comme le coefficient initial ou une expatriation. Elle ordonne la communication des bulletins de paie de janvier et avril, jug\u00e9s pertinents pour suivre l&#8217;\u00e9volution des r\u00e9mun\u00e9rations. La cour refuse en revanche l&#8217;anonymisation compl\u00e8te des documents, qui emp\u00eacherait toute v\u00e9rification ult\u00e9rieure.<\/p>\n<p>La conciliation des imp\u00e9ratifs de preuve et de protection des donn\u00e9es<\/p>\n<p>La d\u00e9cision op\u00e8re une conciliation minutieuse entre le droit \u00e0 la preuve et la protection de la vie priv\u00e9e des tiers. La cour applique le principe de minimisation des donn\u00e9es personnelles issu du r\u00e8glement g\u00e9n\u00e9ral sur la protection des donn\u00e9es. Elle sp\u00e9cifie les seules mentions devant rester apparentes sur les bulletins de salaire. &#8220;Il lui incombe de s&#8217;assurer que les mentions, qu&#8217;il sp\u00e9cifiera comme devant \u00eatre laiss\u00e9es apparentes, sont ad\u00e9quates, pertinentes et strictement limit\u00e9es \u00e0 ce qui est indispensable \u00e0 la comparaison&#8221; (Motifs de l&#8217;arr\u00eat).<\/p>\n<p>La cour enjoint \u00e9galement aux parties de n&#8217;utiliser les donn\u00e9es communiqu\u00e9es qu&#8217;aux fins de l&#8217;action en discrimination. Elle rejette la demande d&#8217;un r\u00e9capitulatif synth\u00e9tique, les bulletins suffisant \u00e0 l&#8217;information recherch\u00e9e. Cette solution illustre la mise en \u0153uvre concr\u00e8te du contr\u00f4le de proportionnalit\u00e9 par le juge des r\u00e9f\u00e9r\u00e9s. Elle offre un cadre s\u00e9curis\u00e9 pour l&#8217;administration de la preuve des discriminations syst\u00e9miques, souvent complexes \u00e0 \u00e9tablir.<\/p>\n<\/div>\n","protected":false},"excerpt":{"rendered":"<p>La Cour d&#8217;appel de Paris, statuant en r\u00e9f\u00e9r\u00e9 le 11 septembre 2024, examine une demande en communication de pi\u00e8ces sur le fondement de l&#8217;article 145 du code d&#8230;<\/p>\n","protected":false},"author":232070755,"featured_media":3905,"comment_status":"open","ping_status":"open","sticky":false,"template":"","format":"standard","meta":{"_crdt_document":"","_jetpack_newsletter_access":"","_jetpack_dont_email_post_to_subs":false,"_jetpack_newsletter_tier_id":0,"_jetpack_memberships_contains_paywalled_content":false,"_kj_source_type":"judilibre","_kj_official_id":"68d7734c299e16b8ad3253ae","_kj_official_url":"https:\/\/www.courdecassation.fr\/decision\/68d7734c299e16b8ad3253ae","_kj_judilibre_id":"68d7734c299e16b8ad3253ae","_kj_jur":"Cour d'appel","_kj_lieu":"Cour d'appel d'Aix-en-Provence","_kj_chambre":"Chambre 4-7","_kj_rg":"25\/00178","_kj_date":"2025-09-26","_jetpack_memberships_contains_paid_content":false,"footnotes":"","jetpack_post_was_ever_published":false},"categories":[7597],"tags":[],"class_list":["post-660400","post","type-post","status-publish","format-standard","has-post-thumbnail","hentry","category-jurisprudence"],"yoast_head":"<!-- This site is optimized with the Yoast SEO Premium plugin v27.5 (Yoast SEO v27.5) - https:\/\/yoast.com\/product\/yoast-seo-premium-wordpress\/ -->\n<title>Cour d&#039;appel de Paris, le 11 septembre 2024, n\u00b025\/00178 - Ma\u00eetre Hassan Kohen, avocat en droit p\u00e9nal \u00e0 Paris<\/title>\n<meta name=\"description\" content=\"La Cour d&#039;appel de Paris, statuant en r\u00e9f\u00e9r\u00e9 le 11 septembre 2024, examine une demande en communication de pi\u00e8ces sur le fondement de l&#039;article 145 du code d...\" \/>\n<meta name=\"robots\" content=\"index, follow, max-snippet:-1, max-image-preview:large, max-video-preview:-1\" \/>\n<link rel=\"canonical\" href=\"https:\/\/kohenavocats.com\/pt-pt\/cour-dappel-de-paris-le-11-septembre-2024-n25-00178\/\" \/>\n<meta property=\"og:locale\" content=\"pt_PT\" \/>\n<meta property=\"og:type\" content=\"article\" \/>\n<meta property=\"og:title\" content=\"Cour d&#039;appel de Paris, le 11 septembre 2024, n\u00b025\/00178\" \/>\n<meta property=\"og:description\" content=\"La Cour d&#039;appel de Paris, statuant en r\u00e9f\u00e9r\u00e9 le 11 septembre 2024, examine une demande en communication de pi\u00e8ces sur le fondement de l&#039;article 145 du code d...\" \/>\n<meta property=\"og:url\" content=\"https:\/\/kohenavocats.com\/pt-pt\/cour-dappel-de-paris-le-11-septembre-2024-n25-00178\/\" \/>\n<meta property=\"og:site_name\" content=\"Ma\u00eetre Hassan Kohen, avocat en droit p\u00e9nal \u00e0 Paris\" \/>\n<meta property=\"article:published_time\" content=\"2026-04-23T13:14:04+00:00\" \/>\n<meta property=\"og:image\" content=\"https:\/\/kohenavocats.com\/wp-content\/uploads\/2024\/07\/inaki-del-olmo-NIJuEQw0RKg-unsplash.webp\" \/>\n\t<meta property=\"og:image:width\" content=\"4744\" \/>\n\t<meta property=\"og:image:height\" content=\"3163\" \/>\n\t<meta property=\"og:image:type\" content=\"image\/webp\" \/>\n<meta name=\"author\" content=\"Kohen\" \/>\n<meta name=\"twitter:card\" content=\"summary_large_image\" \/>\n<meta name=\"twitter:label1\" content=\"Escrito por\" \/>\n\t<meta name=\"twitter:data1\" content=\"Kohen\" \/>\n\t<meta name=\"twitter:label2\" content=\"Tempo estimado de leitura\" \/>\n\t<meta name=\"twitter:data2\" content=\"3 minutos\" \/>\n<script type=\"application\/ld+json\" class=\"yoast-schema-graph\">{\"@context\":\"https:\\\/\\\/schema.org\",\"@graph\":[{\"@type\":\"Article\",\"@id\":\"https:\\\/\\\/kohenavocats.com\\\/pt-pt\\\/cour-dappel-de-paris-le-11-septembre-2024-n25-00178\\\/#article\",\"isPartOf\":{\"@id\":\"https:\\\/\\\/kohenavocats.com\\\/pt-pt\\\/cour-dappel-de-paris-le-11-septembre-2024-n25-00178\\\/\"},\"author\":{\"name\":\"Kohen\",\"@id\":\"https:\\\/\\\/kohenavocats.com\\\/pt-pt\\\/#\\\/schema\\\/person\\\/761c9ba54fa1ca84d405cef0831ff751\"},\"headline\":\"Cour d&#8217;appel de Paris, le 11 septembre 2024, n\u00b025\\\/00178\",\"datePublished\":\"2026-04-23T13:14:04+00:00\",\"mainEntityOfPage\":{\"@id\":\"https:\\\/\\\/kohenavocats.com\\\/pt-pt\\\/cour-dappel-de-paris-le-11-septembre-2024-n25-00178\\\/\"},\"wordCount\":695,\"commentCount\":0,\"publisher\":{\"@id\":\"https:\\\/\\\/kohenavocats.com\\\/pt-pt\\\/#organization\"},\"image\":{\"@id\":\"https:\\\/\\\/kohenavocats.com\\\/pt-pt\\\/cour-dappel-de-paris-le-11-septembre-2024-n25-00178\\\/#primaryimage\"},\"thumbnailUrl\":\"https:\\\/\\\/kohenavocats.com\\\/wp-content\\\/uploads\\\/2024\\\/07\\\/inaki-del-olmo-NIJuEQw0RKg-unsplash.webp\",\"articleSection\":[\"Jurisprudence\"],\"inLanguage\":\"pt-PT\",\"potentialAction\":[{\"@type\":\"CommentAction\",\"name\":\"Comment\",\"target\":[\"https:\\\/\\\/kohenavocats.com\\\/pt-pt\\\/cour-dappel-de-paris-le-11-septembre-2024-n25-00178\\\/#respond\"]}],\"citation\":\"Cour d&#8217;appel de Paris, le 11 septembre 2024, n\u00b025\\\/00178\",\"about\":[{\"@type\":\"Thing\",\"name\":\"Jurisprudence\"}],\"dateModified\":\"2026-04-23T13:14:04+00:00\",\"speakable\":{\"@type\":\"SpeakableSpecification\",\"cssSelector\":[\".article-content > p:first-of-type\"]}},{\"@type\":\"WebPage\",\"@id\":\"https:\\\/\\\/kohenavocats.com\\\/pt-pt\\\/cour-dappel-de-paris-le-11-septembre-2024-n25-00178\\\/\",\"url\":\"https:\\\/\\\/kohenavocats.com\\\/pt-pt\\\/cour-dappel-de-paris-le-11-septembre-2024-n25-00178\\\/\",\"name\":\"Cour d'appel de Paris, le 11 septembre 2024, n\u00b025\\\/00178 - Ma\u00eetre Hassan Kohen, avocat en droit p\u00e9nal \u00e0 Paris\",\"isPartOf\":{\"@id\":\"https:\\\/\\\/kohenavocats.com\\\/pt-pt\\\/#website\"},\"primaryImageOfPage\":{\"@id\":\"https:\\\/\\\/kohenavocats.com\\\/pt-pt\\\/cour-dappel-de-paris-le-11-septembre-2024-n25-00178\\\/#primaryimage\"},\"image\":{\"@id\":\"https:\\\/\\\/kohenavocats.com\\\/pt-pt\\\/cour-dappel-de-paris-le-11-septembre-2024-n25-00178\\\/#primaryimage\"},\"thumbnailUrl\":\"https:\\\/\\\/kohenavocats.com\\\/wp-content\\\/uploads\\\/2024\\\/07\\\/inaki-del-olmo-NIJuEQw0RKg-unsplash.webp\",\"datePublished\":\"2026-04-23T13:14:04+00:00\",\"description\":\"La Cour d'appel de Paris, statuant en r\u00e9f\u00e9r\u00e9 le 11 septembre 2024, examine une demande en communication de pi\u00e8ces sur le fondement de l'article 145 du code d...\",\"breadcrumb\":{\"@id\":\"https:\\\/\\\/kohenavocats.com\\\/pt-pt\\\/cour-dappel-de-paris-le-11-septembre-2024-n25-00178\\\/#breadcrumb\"},\"inLanguage\":\"pt-PT\",\"potentialAction\":[{\"@type\":\"ReadAction\",\"target\":[\"https:\\\/\\\/kohenavocats.com\\\/pt-pt\\\/cour-dappel-de-paris-le-11-septembre-2024-n25-00178\\\/\"]}]},{\"@type\":\"ImageObject\",\"inLanguage\":\"pt-PT\",\"@id\":\"https:\\\/\\\/kohenavocats.com\\\/pt-pt\\\/cour-dappel-de-paris-le-11-septembre-2024-n25-00178\\\/#primaryimage\",\"url\":\"https:\\\/\\\/kohenavocats.com\\\/wp-content\\\/uploads\\\/2024\\\/07\\\/inaki-del-olmo-NIJuEQw0RKg-unsplash.webp\",\"contentUrl\":\"https:\\\/\\\/kohenavocats.com\\\/wp-content\\\/uploads\\\/2024\\\/07\\\/inaki-del-olmo-NIJuEQw0RKg-unsplash.webp\",\"width\":4744,\"height\":3163},{\"@type\":\"BreadcrumbList\",\"@id\":\"https:\\\/\\\/kohenavocats.com\\\/pt-pt\\\/cour-dappel-de-paris-le-11-septembre-2024-n25-00178\\\/#breadcrumb\",\"itemListElement\":[{\"@type\":\"ListItem\",\"position\":1,\"name\":\"Home\",\"item\":\"https:\\\/\\\/kohenavocats.com\\\/pt-pt\\\/avocats-en-droit-penal-a-paris-conseil-et-defense-strategique\\\/\"},{\"@type\":\"ListItem\",\"position\":2,\"name\":\"Cour d&rsquo;appel de Paris, le 11 septembre 2024, n\u00b025\\\/00178\"}]},{\"@type\":\"WebSite\",\"@id\":\"https:\\\/\\\/kohenavocats.com\\\/pt-pt\\\/#website\",\"url\":\"https:\\\/\\\/kohenavocats.com\\\/pt-pt\\\/\",\"name\":\"Kohen Avocats\",\"description\":\"Ma\u00eetre Hassan Kohen, avocat p\u00e9naliste \u00e0 Paris, intervient exclusivement en droit p\u00e9nal pour la d\u00e9fense des particuliers, notamment en mati\u00e8re d\u2019accusations de viol. Il assure un accompagnement rigoureux d\u00e8s la garde \u00e0 vue jusqu\u2019\u00e0 la Cour d\u2019assises, veillant au strict respect des garanties proc\u00e9durales.\",\"publisher\":{\"@id\":\"https:\\\/\\\/kohenavocats.com\\\/pt-pt\\\/#organization\"},\"potentialAction\":[{\"@type\":\"SearchAction\",\"target\":{\"@type\":\"EntryPoint\",\"urlTemplate\":\"https:\\\/\\\/kohenavocats.com\\\/pt-pt\\\/?s={search_term_string}\"},\"query-input\":{\"@type\":\"PropertyValueSpecification\",\"valueRequired\":true,\"valueName\":\"search_term_string\"}}],\"inLanguage\":\"pt-PT\"},{\"@type\":\"Organization\",\"@id\":\"https:\\\/\\\/kohenavocats.com\\\/pt-pt\\\/#organization\",\"name\":\"Kohen Avocats\",\"url\":\"https:\\\/\\\/kohenavocats.com\\\/pt-pt\\\/\",\"logo\":{\"@type\":\"ImageObject\",\"inLanguage\":\"pt-PT\",\"@id\":\"https:\\\/\\\/kohenavocats.com\\\/pt-pt\\\/#\\\/schema\\\/logo\\\/image\\\/\",\"url\":\"https:\\\/\\\/kohenavocats.com\\\/wp-content\\\/uploads\\\/2026\\\/01\\\/Logo-2-1.webp\",\"contentUrl\":\"https:\\\/\\\/kohenavocats.com\\\/wp-content\\\/uploads\\\/2026\\\/01\\\/Logo-2-1.webp\",\"width\":2114,\"height\":1253,\"caption\":\"Kohen Avocats\"},\"image\":{\"@id\":\"https:\\\/\\\/kohenavocats.com\\\/pt-pt\\\/#\\\/schema\\\/logo\\\/image\\\/\"}},{\"@type\":\"Person\",\"@id\":\"https:\\\/\\\/kohenavocats.com\\\/pt-pt\\\/#\\\/schema\\\/person\\\/761c9ba54fa1ca84d405cef0831ff751\",\"name\":\"Kohen\",\"image\":{\"@type\":\"ImageObject\",\"inLanguage\":\"pt-PT\",\"@id\":\"https:\\\/\\\/secure.gravatar.com\\\/avatar\\\/1c5e76ef76bbbfdd2b4da984e2bf2fa4056fd51a27d25ce2c332047f1dfd6e00?s=96&d=identicon&r=g\",\"url\":\"https:\\\/\\\/secure.gravatar.com\\\/avatar\\\/1c5e76ef76bbbfdd2b4da984e2bf2fa4056fd51a27d25ce2c332047f1dfd6e00?s=96&d=identicon&r=g\",\"contentUrl\":\"https:\\\/\\\/secure.gravatar.com\\\/avatar\\\/1c5e76ef76bbbfdd2b4da984e2bf2fa4056fd51a27d25ce2c332047f1dfd6e00?s=96&d=identicon&r=g\",\"caption\":\"Kohen\"},\"sameAs\":[\"https:\\\/\\\/www.linkedin.com\\\/in\\\/hassan-kohen-448548192\\\/\",\"https:\\\/\\\/www.youtube.com\\\/@Kohen-Avocats\"],\"url\":\"https:\\\/\\\/kohenavocats.com\\\/pt-pt\\\/author\\\/kohenmlk\\\/\"}]}<\/script>\n<!-- \/ Yoast SEO Premium plugin. -->","yoast_head_json":{"title":"Cour d'appel de Paris, le 11 septembre 2024, n\u00b025\/00178 - Ma\u00eetre Hassan Kohen, avocat en droit p\u00e9nal \u00e0 Paris","description":"La Cour d'appel de Paris, statuant en r\u00e9f\u00e9r\u00e9 le 11 septembre 2024, examine une demande en communication de pi\u00e8ces sur le fondement de l'article 145 du code d...","robots":{"index":"index","follow":"follow","max-snippet":"max-snippet:-1","max-image-preview":"max-image-preview:large","max-video-preview":"max-video-preview:-1"},"canonical":"https:\/\/kohenavocats.com\/pt-pt\/cour-dappel-de-paris-le-11-septembre-2024-n25-00178\/","og_locale":"pt_PT","og_type":"article","og_title":"Cour d'appel de Paris, le 11 septembre 2024, n\u00b025\/00178","og_description":"La Cour d'appel de Paris, statuant en r\u00e9f\u00e9r\u00e9 le 11 septembre 2024, examine une demande en communication de pi\u00e8ces sur le fondement de l'article 145 du code d...","og_url":"https:\/\/kohenavocats.com\/pt-pt\/cour-dappel-de-paris-le-11-septembre-2024-n25-00178\/","og_site_name":"Ma\u00eetre Hassan Kohen, avocat en droit p\u00e9nal \u00e0 Paris","article_published_time":"2026-04-23T13:14:04+00:00","og_image":[{"width":4744,"height":3163,"url":"https:\/\/kohenavocats.com\/wp-content\/uploads\/2024\/07\/inaki-del-olmo-NIJuEQw0RKg-unsplash.webp","type":"image\/webp"}],"author":"Kohen","twitter_card":"summary_large_image","twitter_misc":{"Escrito por":"Kohen","Tempo estimado de leitura":"3 minutos"},"schema":{"@context":"https:\/\/schema.org","@graph":[{"@type":"Article","@id":"https:\/\/kohenavocats.com\/pt-pt\/cour-dappel-de-paris-le-11-septembre-2024-n25-00178\/#article","isPartOf":{"@id":"https:\/\/kohenavocats.com\/pt-pt\/cour-dappel-de-paris-le-11-septembre-2024-n25-00178\/"},"author":{"name":"Kohen","@id":"https:\/\/kohenavocats.com\/pt-pt\/#\/schema\/person\/761c9ba54fa1ca84d405cef0831ff751"},"headline":"Cour d&#8217;appel de Paris, le 11 septembre 2024, n\u00b025\/00178","datePublished":"2026-04-23T13:14:04+00:00","mainEntityOfPage":{"@id":"https:\/\/kohenavocats.com\/pt-pt\/cour-dappel-de-paris-le-11-septembre-2024-n25-00178\/"},"wordCount":695,"commentCount":0,"publisher":{"@id":"https:\/\/kohenavocats.com\/pt-pt\/#organization"},"image":{"@id":"https:\/\/kohenavocats.com\/pt-pt\/cour-dappel-de-paris-le-11-septembre-2024-n25-00178\/#primaryimage"},"thumbnailUrl":"https:\/\/kohenavocats.com\/wp-content\/uploads\/2024\/07\/inaki-del-olmo-NIJuEQw0RKg-unsplash.webp","articleSection":["Jurisprudence"],"inLanguage":"pt-PT","potentialAction":[{"@type":"CommentAction","name":"Comment","target":["https:\/\/kohenavocats.com\/pt-pt\/cour-dappel-de-paris-le-11-septembre-2024-n25-00178\/#respond"]}],"citation":"Cour d&#8217;appel de Paris, le 11 septembre 2024, n\u00b025\/00178","about":[{"@type":"Thing","name":"Jurisprudence"}],"dateModified":"2026-04-23T13:14:04+00:00","speakable":{"@type":"SpeakableSpecification","cssSelector":[".article-content > p:first-of-type"]}},{"@type":"WebPage","@id":"https:\/\/kohenavocats.com\/pt-pt\/cour-dappel-de-paris-le-11-septembre-2024-n25-00178\/","url":"https:\/\/kohenavocats.com\/pt-pt\/cour-dappel-de-paris-le-11-septembre-2024-n25-00178\/","name":"Cour d'appel de Paris, le 11 septembre 2024, n\u00b025\/00178 - Ma\u00eetre Hassan Kohen, avocat en droit p\u00e9nal \u00e0 Paris","isPartOf":{"@id":"https:\/\/kohenavocats.com\/pt-pt\/#website"},"primaryImageOfPage":{"@id":"https:\/\/kohenavocats.com\/pt-pt\/cour-dappel-de-paris-le-11-septembre-2024-n25-00178\/#primaryimage"},"image":{"@id":"https:\/\/kohenavocats.com\/pt-pt\/cour-dappel-de-paris-le-11-septembre-2024-n25-00178\/#primaryimage"},"thumbnailUrl":"https:\/\/kohenavocats.com\/wp-content\/uploads\/2024\/07\/inaki-del-olmo-NIJuEQw0RKg-unsplash.webp","datePublished":"2026-04-23T13:14:04+00:00","description":"La Cour d'appel de Paris, statuant en r\u00e9f\u00e9r\u00e9 le 11 septembre 2024, examine une demande en communication de pi\u00e8ces sur le fondement de l'article 145 du code d...","breadcrumb":{"@id":"https:\/\/kohenavocats.com\/pt-pt\/cour-dappel-de-paris-le-11-septembre-2024-n25-00178\/#breadcrumb"},"inLanguage":"pt-PT","potentialAction":[{"@type":"ReadAction","target":["https:\/\/kohenavocats.com\/pt-pt\/cour-dappel-de-paris-le-11-septembre-2024-n25-00178\/"]}]},{"@type":"ImageObject","inLanguage":"pt-PT","@id":"https:\/\/kohenavocats.com\/pt-pt\/cour-dappel-de-paris-le-11-septembre-2024-n25-00178\/#primaryimage","url":"https:\/\/kohenavocats.com\/wp-content\/uploads\/2024\/07\/inaki-del-olmo-NIJuEQw0RKg-unsplash.webp","contentUrl":"https:\/\/kohenavocats.com\/wp-content\/uploads\/2024\/07\/inaki-del-olmo-NIJuEQw0RKg-unsplash.webp","width":4744,"height":3163},{"@type":"BreadcrumbList","@id":"https:\/\/kohenavocats.com\/pt-pt\/cour-dappel-de-paris-le-11-septembre-2024-n25-00178\/#breadcrumb","itemListElement":[{"@type":"ListItem","position":1,"name":"Home","item":"https:\/\/kohenavocats.com\/pt-pt\/avocats-en-droit-penal-a-paris-conseil-et-defense-strategique\/"},{"@type":"ListItem","position":2,"name":"Cour d&rsquo;appel de Paris, le 11 septembre 2024, n\u00b025\/00178"}]},{"@type":"WebSite","@id":"https:\/\/kohenavocats.com\/pt-pt\/#website","url":"https:\/\/kohenavocats.com\/pt-pt\/","name":"Kohen Avocats","description":"Ma\u00eetre Hassan Kohen, avocat p\u00e9naliste \u00e0 Paris, intervient exclusivement en droit p\u00e9nal pour la d\u00e9fense des particuliers, notamment en mati\u00e8re d\u2019accusations de viol. Il assure un accompagnement rigoureux d\u00e8s la garde \u00e0 vue jusqu\u2019\u00e0 la Cour d\u2019assises, veillant au strict respect des garanties proc\u00e9durales.","publisher":{"@id":"https:\/\/kohenavocats.com\/pt-pt\/#organization"},"potentialAction":[{"@type":"SearchAction","target":{"@type":"EntryPoint","urlTemplate":"https:\/\/kohenavocats.com\/pt-pt\/?s={search_term_string}"},"query-input":{"@type":"PropertyValueSpecification","valueRequired":true,"valueName":"search_term_string"}}],"inLanguage":"pt-PT"},{"@type":"Organization","@id":"https:\/\/kohenavocats.com\/pt-pt\/#organization","name":"Kohen Avocats","url":"https:\/\/kohenavocats.com\/pt-pt\/","logo":{"@type":"ImageObject","inLanguage":"pt-PT","@id":"https:\/\/kohenavocats.com\/pt-pt\/#\/schema\/logo\/image\/","url":"https:\/\/kohenavocats.com\/wp-content\/uploads\/2026\/01\/Logo-2-1.webp","contentUrl":"https:\/\/kohenavocats.com\/wp-content\/uploads\/2026\/01\/Logo-2-1.webp","width":2114,"height":1253,"caption":"Kohen Avocats"},"image":{"@id":"https:\/\/kohenavocats.com\/pt-pt\/#\/schema\/logo\/image\/"}},{"@type":"Person","@id":"https:\/\/kohenavocats.com\/pt-pt\/#\/schema\/person\/761c9ba54fa1ca84d405cef0831ff751","name":"Kohen","image":{"@type":"ImageObject","inLanguage":"pt-PT","@id":"https:\/\/secure.gravatar.com\/avatar\/1c5e76ef76bbbfdd2b4da984e2bf2fa4056fd51a27d25ce2c332047f1dfd6e00?s=96&d=identicon&r=g","url":"https:\/\/secure.gravatar.com\/avatar\/1c5e76ef76bbbfdd2b4da984e2bf2fa4056fd51a27d25ce2c332047f1dfd6e00?s=96&d=identicon&r=g","contentUrl":"https:\/\/secure.gravatar.com\/avatar\/1c5e76ef76bbbfdd2b4da984e2bf2fa4056fd51a27d25ce2c332047f1dfd6e00?s=96&d=identicon&r=g","caption":"Kohen"},"sameAs":["https:\/\/www.linkedin.com\/in\/hassan-kohen-448548192\/","https:\/\/www.youtube.com\/@Kohen-Avocats"],"url":"https:\/\/kohenavocats.com\/pt-pt\/author\/kohenmlk\/"}]}},"jetpack_featured_media_url":"https:\/\/kohenavocats.com\/wp-content\/uploads\/2024\/07\/inaki-del-olmo-NIJuEQw0RKg-unsplash.webp","jetpack_likes_enabled":false,"jetpack_shortlink":"https:\/\/wp.me\/peCrII-2LNC","jetpack-related-posts":[{"id":499233,"url":"https:\/\/kohenavocats.com\/pt-pt\/cour-dappel-de-paris-le-16-septembre-2025-n24-14911\/","url_meta":{"origin":660400,"position":0},"title":"Cour d&#8217;appel de Paris, le 16 septembre 2025, n\u00b024\/14911","author":"Kohen","date":"8 de Abril, 2026","format":false,"excerpt":"La Cour d'appel de Paris, statuant le 16 septembre 2025, examine un litige entre un syndicat de copropri\u00e9taires et deux soci\u00e9t\u00e9s concernant l'usage de partie...","rel":"","context":"In &quot;Jurisprudence&quot;","block_context":{"text":"Jurisprudence","link":"https:\/\/kohenavocats.com\/category\/jurisprudence\/"},"img":{"alt_text":"","src":"https:\/\/i0.wp.com\/kohenavocats.com\/wp-content\/uploads\/2024\/08\/stephanie-leblanc-h5RH0srRrwY-unsplash.webp?resize=350%2C200&ssl=1","width":350,"height":200,"srcset":"https:\/\/i0.wp.com\/kohenavocats.com\/wp-content\/uploads\/2024\/08\/stephanie-leblanc-h5RH0srRrwY-unsplash.webp?resize=350%2C200&ssl=1 1x, https:\/\/i0.wp.com\/kohenavocats.com\/wp-content\/uploads\/2024\/08\/stephanie-leblanc-h5RH0srRrwY-unsplash.webp?resize=525%2C300&ssl=1 1.5x, https:\/\/i0.wp.com\/kohenavocats.com\/wp-content\/uploads\/2024\/08\/stephanie-leblanc-h5RH0srRrwY-unsplash.webp?resize=700%2C400&ssl=1 2x, https:\/\/i0.wp.com\/kohenavocats.com\/wp-content\/uploads\/2024\/08\/stephanie-leblanc-h5RH0srRrwY-unsplash.webp?resize=1050%2C600&ssl=1 3x, https:\/\/i0.wp.com\/kohenavocats.com\/wp-content\/uploads\/2024\/08\/stephanie-leblanc-h5RH0srRrwY-unsplash.webp?resize=1400%2C800&ssl=1 4x"},"classes":[]},{"id":684349,"url":"https:\/\/kohenavocats.com\/pt-pt\/cour-dappel-de-paris-le-13-septembre-2024-n24-18826\/","url_meta":{"origin":660400,"position":1},"title":"Cour d&#8217;appel de Paris, le 13 septembre 2024, n\u00b024\/18826","author":"Kohen","date":"25 de Abril, 2026","format":false,"excerpt":"La Cour d\u2019appel de Paris, 11 septembre 2025, statue sur un appel dirig\u00e9 contre une ordonnance de r\u00e9f\u00e9r\u00e9 du tribunal judiciaire de Paris du 13 septembre 2024....","rel":"","context":"In &quot;Jurisprudence&quot;","block_context":{"text":"Jurisprudence","link":"https:\/\/kohenavocats.com\/category\/jurisprudence\/"},"img":{"alt_text":"","src":"https:\/\/i0.wp.com\/kohenavocats.com\/wp-content\/uploads\/2024\/11\/laura-adai-KfphgU3nUqQ-unsplash.webp?resize=350%2C200&ssl=1","width":350,"height":200,"srcset":"https:\/\/i0.wp.com\/kohenavocats.com\/wp-content\/uploads\/2024\/11\/laura-adai-KfphgU3nUqQ-unsplash.webp?resize=350%2C200&ssl=1 1x, https:\/\/i0.wp.com\/kohenavocats.com\/wp-content\/uploads\/2024\/11\/laura-adai-KfphgU3nUqQ-unsplash.webp?resize=525%2C300&ssl=1 1.5x, https:\/\/i0.wp.com\/kohenavocats.com\/wp-content\/uploads\/2024\/11\/laura-adai-KfphgU3nUqQ-unsplash.webp?resize=700%2C400&ssl=1 2x, https:\/\/i0.wp.com\/kohenavocats.com\/wp-content\/uploads\/2024\/11\/laura-adai-KfphgU3nUqQ-unsplash.webp?resize=1050%2C600&ssl=1 3x, https:\/\/i0.wp.com\/kohenavocats.com\/wp-content\/uploads\/2024\/11\/laura-adai-KfphgU3nUqQ-unsplash.webp?resize=1400%2C800&ssl=1 4x"},"classes":[]},{"id":228966,"url":"https:\/\/kohenavocats.com\/pt-pt\/cour-dappel-de-paris-le-3-septembre-2025-n25-02663\/","url_meta":{"origin":660400,"position":2},"title":"Cour d&#8217;appel de Paris, le 3 septembre 2025, n\u00b025\/02663","author":"Kohen","date":"27 de Dezembro, 2025","format":false,"excerpt":"Now using node v22.15.1 (npm v10.8.2)Utilisation de Node.js v20.19.4 et npm 10.8.2Codex est d\u00e9j\u00e0 install\u00e9.Lancement de Codex\u2026Rendue le 3 septembre 2025, la Cour d\u2019appel de Paris (P\u00f4le 6, chambre 1\u2011A) statue, sur d\u00e9f\u00e9r\u00e9, sur une caducit\u00e9 prononc\u00e9e par le conseiller de la mise en \u00e9tat. Le litige na\u00eet d\u2019un appel\u2026","rel":"","context":"In &quot;Cour d'appel&quot;","block_context":{"text":"Cour d'appel","link":"https:\/\/kohenavocats.com\/category\/cour-dappel\/"},"img":{"alt_text":"","src":"https:\/\/i0.wp.com\/kohenavocats.com\/wp-content\/uploads\/2024\/11\/juliet-furst-LhkovoqKi70-unsplash.webp?resize=350%2C200&ssl=1","width":350,"height":200,"srcset":"https:\/\/i0.wp.com\/kohenavocats.com\/wp-content\/uploads\/2024\/11\/juliet-furst-LhkovoqKi70-unsplash.webp?resize=350%2C200&ssl=1 1x, https:\/\/i0.wp.com\/kohenavocats.com\/wp-content\/uploads\/2024\/11\/juliet-furst-LhkovoqKi70-unsplash.webp?resize=525%2C300&ssl=1 1.5x, https:\/\/i0.wp.com\/kohenavocats.com\/wp-content\/uploads\/2024\/11\/juliet-furst-LhkovoqKi70-unsplash.webp?resize=700%2C400&ssl=1 2x, https:\/\/i0.wp.com\/kohenavocats.com\/wp-content\/uploads\/2024\/11\/juliet-furst-LhkovoqKi70-unsplash.webp?resize=1050%2C600&ssl=1 3x, https:\/\/i0.wp.com\/kohenavocats.com\/wp-content\/uploads\/2024\/11\/juliet-furst-LhkovoqKi70-unsplash.webp?resize=1400%2C800&ssl=1 4x"},"classes":[]},{"id":651372,"url":"https:\/\/kohenavocats.com\/pt-pt\/tribunal-judiciaire-de-paris-le-5-novembre-2024-n21-02709\/","url_meta":{"origin":660400,"position":3},"title":"Tribunal judiciaire de Paris, le 5 novembre 2024, n\u00b021\/02709","author":"Kohen","date":"22 de Abril, 2026","format":false,"excerpt":"Le tribunal judiciaire de Paris, le 5 novembre 2024, statue sur une demande incidente en communication de pi\u00e8ces. Un assureur sollicite la production de poli...","rel":"","context":"In &quot;Jurisprudence&quot;","block_context":{"text":"Jurisprudence","link":"https:\/\/kohenavocats.com\/category\/jurisprudence\/"},"img":{"alt_text":"","src":"https:\/\/i0.wp.com\/kohenavocats.com\/wp-content\/uploads\/2024\/11\/pawel-czerwinski-plv4_0R9-dc-unsplash.webp?resize=350%2C200&ssl=1","width":350,"height":200,"srcset":"https:\/\/i0.wp.com\/kohenavocats.com\/wp-content\/uploads\/2024\/11\/pawel-czerwinski-plv4_0R9-dc-unsplash.webp?resize=350%2C200&ssl=1 1x, https:\/\/i0.wp.com\/kohenavocats.com\/wp-content\/uploads\/2024\/11\/pawel-czerwinski-plv4_0R9-dc-unsplash.webp?resize=525%2C300&ssl=1 1.5x, https:\/\/i0.wp.com\/kohenavocats.com\/wp-content\/uploads\/2024\/11\/pawel-czerwinski-plv4_0R9-dc-unsplash.webp?resize=700%2C400&ssl=1 2x, https:\/\/i0.wp.com\/kohenavocats.com\/wp-content\/uploads\/2024\/11\/pawel-czerwinski-plv4_0R9-dc-unsplash.webp?resize=1050%2C600&ssl=1 3x, https:\/\/i0.wp.com\/kohenavocats.com\/wp-content\/uploads\/2024\/11\/pawel-czerwinski-plv4_0R9-dc-unsplash.webp?resize=1400%2C800&ssl=1 4x"},"classes":[]},{"id":662297,"url":"https:\/\/kohenavocats.com\/pt-pt\/tribunal-judiciaire-de-paris-le-10-octobre-2024-n24-00111\/","url_meta":{"origin":660400,"position":4},"title":"Tribunal judiciaire de Paris, le 10 octobre 2024, n\u00b024\/00111","author":"Kohen","date":"23 de Abril, 2026","format":false,"excerpt":"Le tribunal judiciaire de Paris, le 10 octobre 2024, statue sur une demande incidente de communication de pi\u00e8ces. Une soci\u00e9t\u00e9 sollicite la production d'attes...","rel":"","context":"In &quot;Jurisprudence&quot;","block_context":{"text":"Jurisprudence","link":"https:\/\/kohenavocats.com\/category\/jurisprudence\/"},"img":{"alt_text":"","src":"https:\/\/i0.wp.com\/kohenavocats.com\/wp-content\/uploads\/2024\/11\/feyza-yildirim-dFgyns8DMIE-unsplash.webp?resize=350%2C200&ssl=1","width":350,"height":200,"srcset":"https:\/\/i0.wp.com\/kohenavocats.com\/wp-content\/uploads\/2024\/11\/feyza-yildirim-dFgyns8DMIE-unsplash.webp?resize=350%2C200&ssl=1 1x, https:\/\/i0.wp.com\/kohenavocats.com\/wp-content\/uploads\/2024\/11\/feyza-yildirim-dFgyns8DMIE-unsplash.webp?resize=525%2C300&ssl=1 1.5x, https:\/\/i0.wp.com\/kohenavocats.com\/wp-content\/uploads\/2024\/11\/feyza-yildirim-dFgyns8DMIE-unsplash.webp?resize=700%2C400&ssl=1 2x, https:\/\/i0.wp.com\/kohenavocats.com\/wp-content\/uploads\/2024\/11\/feyza-yildirim-dFgyns8DMIE-unsplash.webp?resize=1050%2C600&ssl=1 3x, https:\/\/i0.wp.com\/kohenavocats.com\/wp-content\/uploads\/2024\/11\/feyza-yildirim-dFgyns8DMIE-unsplash.webp?resize=1400%2C800&ssl=1 4x"},"classes":[]},{"id":429508,"url":"https:\/\/kohenavocats.com\/pt-pt\/cour-dappel-de-paris-le-1-juin-2011-n10-23460\/","url_meta":{"origin":660400,"position":5},"title":"Cour d&#8217;appel de Paris, le 1 juin 2011, n\u00b010\/23460","author":"Kohen","date":"24 de Mar\u00e7o, 2026","format":false,"excerpt":"La Cour d\u2019appel de Paris, dans un arr\u00eat du 1er juin 2011, se prononce sur la validit\u00e9 d\u2019une mesure d\u2019instruction in futurum autoris\u00e9e par ordonnance sur requ\u00eate. Un contrat d\u2019approvisionnement liant deux soci\u00e9t\u00e9s a fait l\u2019objet d\u2019une tentative de rupture. La soci\u00e9t\u00e9 approvisionn\u00e9e a sollicit\u00e9 la d\u00e9signation d\u2019un huissier pour\u2026","rel":"","context":"In &quot;Cour d'appel&quot;","block_context":{"text":"Cour d'appel","link":"https:\/\/kohenavocats.com\/category\/cour-dappel\/"},"img":{"alt_text":"","src":"https:\/\/i0.wp.com\/kohenavocats.com\/wp-content\/uploads\/2024\/11\/allec-gomes-Dk73Vli6eCs-unsplash.webp?resize=350%2C200&ssl=1","width":350,"height":200,"srcset":"https:\/\/i0.wp.com\/kohenavocats.com\/wp-content\/uploads\/2024\/11\/allec-gomes-Dk73Vli6eCs-unsplash.webp?resize=350%2C200&ssl=1 1x, https:\/\/i0.wp.com\/kohenavocats.com\/wp-content\/uploads\/2024\/11\/allec-gomes-Dk73Vli6eCs-unsplash.webp?resize=525%2C300&ssl=1 1.5x, https:\/\/i0.wp.com\/kohenavocats.com\/wp-content\/uploads\/2024\/11\/allec-gomes-Dk73Vli6eCs-unsplash.webp?resize=700%2C400&ssl=1 2x, https:\/\/i0.wp.com\/kohenavocats.com\/wp-content\/uploads\/2024\/11\/allec-gomes-Dk73Vli6eCs-unsplash.webp?resize=1050%2C600&ssl=1 3x, https:\/\/i0.wp.com\/kohenavocats.com\/wp-content\/uploads\/2024\/11\/allec-gomes-Dk73Vli6eCs-unsplash.webp?resize=1400%2C800&ssl=1 4x"},"classes":[]}],"jetpack_sharing_enabled":true,"_links":{"self":[{"href":"https:\/\/kohenavocats.com\/pt-pt\/wp-json\/wp\/v2\/posts\/660400","targetHints":{"allow":["GET"]}}],"collection":[{"href":"https:\/\/kohenavocats.com\/pt-pt\/wp-json\/wp\/v2\/posts"}],"about":[{"href":"https:\/\/kohenavocats.com\/pt-pt\/wp-json\/wp\/v2\/types\/post"}],"author":[{"embeddable":true,"href":"https:\/\/kohenavocats.com\/pt-pt\/wp-json\/wp\/v2\/users\/232070755"}],"replies":[{"embeddable":true,"href":"https:\/\/kohenavocats.com\/pt-pt\/wp-json\/wp\/v2\/comments?post=660400"}],"version-history":[{"count":0,"href":"https:\/\/kohenavocats.com\/pt-pt\/wp-json\/wp\/v2\/posts\/660400\/revisions"}],"wp:featuredmedia":[{"embeddable":true,"href":"https:\/\/kohenavocats.com\/pt-pt\/wp-json\/wp\/v2\/media\/3905"}],"wp:attachment":[{"href":"https:\/\/kohenavocats.com\/pt-pt\/wp-json\/wp\/v2\/media?parent=660400"}],"wp:term":[{"taxonomy":"category","embeddable":true,"href":"https:\/\/kohenavocats.com\/pt-pt\/wp-json\/wp\/v2\/categories?post=660400"},{"taxonomy":"post_tag","embeddable":true,"href":"https:\/\/kohenavocats.com\/pt-pt\/wp-json\/wp\/v2\/tags?post=660400"}],"curies":[{"name":"wp","href":"https:\/\/api.w.org\/{rel}","templated":true}]}}