{"id":660618,"date":"2026-04-23T15:37:10","date_gmt":"2026-04-23T13:37:10","guid":{"rendered":"https:\/\/kohenavocats.com\/cour-dappel-de-paris-le-15-mars-2024-n24-01225\/"},"modified":"2026-04-23T15:37:10","modified_gmt":"2026-04-23T13:37:10","slug":"cour-dappel-de-paris-le-15-mars-2024-n24-01225","status":"publish","type":"post","link":"https:\/\/kohenavocats.com\/pt-pt\/cour-dappel-de-paris-le-15-mars-2024-n24-01225\/","title":{"rendered":"Cour d&#8217;appel de Paris, le 15 mars 2024, n\u00b024\/01225"},"content":{"rendered":"<div class=\"article-content\">\n<p>La Cour d&#8217;appel de Paris, le 15 mars 2024, a examin\u00e9 le recours d&#8217;une salari\u00e9e licenci\u00e9e pour insubordination. Cette derni\u00e8re refusait d&#8217;activer sa cam\u00e9ra lors de visioconf\u00e9rences en t\u00e9l\u00e9travail. Elle invoquait \u00e9galement un harc\u00e8lement moral. La cour a rejet\u00e9 la qualification de harc\u00e8lement mais a jug\u00e9 le licenciement d\u00e9pourvu de cause r\u00e9elle et s\u00e9rieuse. Elle a ainsi accord\u00e9 une indemnit\u00e9 \u00e0 la salari\u00e9e et ordonn\u00e9 le remboursement des allocations ch\u00f4mage.<\/p>\n<p>La difficile caract\u00e9risation du harc\u00e8lement moral<\/p>\n<p>L&#8217;exigence d&#8217;une d\u00e9monstration globale et circonstanci\u00e9e<\/p>\n<p>La cour rappelle que la pr\u00e9somption de harc\u00e8lement moral peut na\u00eetre d&#8217;\u00e9l\u00e9ments factuels multiples. Elle \u00e9num\u00e8re ainsi une mise \u00e0 pied, une visite m\u00e9dicale de contr\u00f4le ou des pressions hi\u00e9rarchiques. &#8220;ces \u00e9l\u00e9ments, pris dans leur ensemble, sont susceptibles de faire pr\u00e9sumer l&#8217;existence d&#8217;un harc\u00e8lement moral&#8221; (Motifs, premier attendu). Cette approche globale respecte la philosophie protectrice du code du travail. Elle \u00e9vite une analyse isol\u00e9e et r\u00e9ductrice des agissements all\u00e9gu\u00e9s par le salari\u00e9.<\/p>\n<p>Le n\u00e9cessaire examen individuel et justificatif des griefs<\/p>\n<p>Toutefois, la cour proc\u00e8de \u00e0 un examen d\u00e9taill\u00e9 et individualis\u00e9 de chaque fait. Elle constate la l\u00e9gitimit\u00e9 de la sanction disciplinaire pour fraude aux avantages. Elle estime aussi non abusive la visite du m\u00e9decin-contr\u00f4le. Concernant le mat\u00e9riel informatique, les \u00e9changes d\u00e9montrent les efforts de l&#8217;employeur. La cour \u00e9carte finalement la qualification de harc\u00e8lement. &#8220;il r\u00e9sulte de l&#8217;ensemble de ces constatations que l&#8217;existence d&#8217;un harc\u00e8lement moral imputable \u00e0 la soci\u00e9t\u00e9 n&#8217;est pas \u00e9tablie&#8221; (Motifs, avant-dernier attendu sur le harc\u00e8lement). Cette analyse rigoureuse prot\u00e8ge l&#8217;employeur contre des all\u00e9gations infond\u00e9es.<\/p>\n<p>Le refus d&#8217;activation de la cam\u00e9ra et la cause du licenciement<\/p>\n<p>L&#8217;absence de base juridique ou contractuelle contraignante<\/p>\n<p>La cour analyse le fondement du licenciement pour insubordination. Elle rel\u00e8ve l&#8217;absence d&#8217;obligation contractuelle explicite pour l&#8217;employeur. Le document interne sur le t\u00e9l\u00e9travail &#8220;ne fait nullement obligation expresse aux salari\u00e9s de brancher leur cam\u00e9ra&#8221; (Motifs, attendu sur l&#8217;article 3.2). Elle note aussi son d\u00e9faut de port\u00e9e \u00e0 connaissance. Le grief repose donc sur un refus de se plier \u00e0 une simple injonction hi\u00e9rarchique. Cette exigence manque ainsi de base l\u00e9gitime pour fonder une sanction disciplinaire s\u00e9rieuse.<\/p>\n<p>Le primat des recommandations de la CNIL et la protection de la vie priv\u00e9e<\/p>\n<p>La cour s&#8217;appuie principalement sur les recommandations de la CNIL en vigueur \u00e0 l&#8217;\u00e9poque. Elle cite la communication qui &#8220;recommande aux employeurs de ne pas imposer l&#8217;activation de leur cam\u00e9ra&#8221; (Motifs, attendu sur la communication CNIL). Elle souligne que l&#8217;employeur n&#8217;a pas justifi\u00e9 la n\u00e9cessit\u00e9 de cette activation. La salari\u00e9e pouvait donc de bonne foi refuser. &#8220;le refus de l&#8217;appelante ne saurait \u00eatre constitutif d&#8217;insubordination&#8221; (Motifs, attendu sur la l\u00e9gitimit\u00e9 du refus). Cette solution prot\u00e8ge la vie priv\u00e9e du salari\u00e9 en t\u00e9l\u00e9travail. Elle rappelle la subordination du pouvoir de direction au respect des libert\u00e9s individuelles.<\/p>\n<p>La port\u00e9e de la d\u00e9cision est significative en p\u00e9riode de t\u00e9l\u00e9travail g\u00e9n\u00e9ralis\u00e9. Elle encadre strictement le pouvoir de contr\u00f4le de l&#8217;employeur. La cour rappelle utilement que la bonne foi du salari\u00e9 peut s&#8217;appuyer sur des recommandations d&#8217;autorit\u00e9s. Cette analyse privil\u00e9gie la protection de la vie priv\u00e9e sur une vision intrusive du lien de subordination. La solution consacre un \u00e9quilibre n\u00e9cessaire dans l&#8217;environnement num\u00e9rique de travail.<\/p>\n<\/div>\n","protected":false},"excerpt":{"rendered":"<p>La Cour d&#8217;appel de Paris, le 15 mars 2024, a examin\u00e9 le recours d&#8217;une salari\u00e9e licenci\u00e9e pour insubordination. Cette derni\u00e8re refusait d&#8217;activer sa cam\u00e9ra lo&#8230;<\/p>\n","protected":false},"author":232070755,"featured_media":4717,"comment_status":"open","ping_status":"open","sticky":false,"template":"","format":"standard","meta":{"_crdt_document":"","_jetpack_newsletter_access":"","_jetpack_dont_email_post_to_subs":false,"_jetpack_newsletter_tier_id":0,"_jetpack_memberships_contains_paywalled_content":false,"_kj_source_type":"judilibre","_kj_official_id":"68e89651f14914fb075ebdfd","_kj_official_url":"https:\/\/www.courdecassation.fr\/decision\/68e89651f14914fb075ebdfd","_kj_judilibre_id":"68e89651f14914fb075ebdfd","_kj_jur":"Cour d'appel","_kj_lieu":"Cour d'appel de Douai","_kj_chambre":"Sociale E salle 4","_kj_rg":"24\/01225","_kj_date":"2025-09-26","_jetpack_memberships_contains_paid_content":false,"footnotes":"","jetpack_post_was_ever_published":false},"categories":[7597],"tags":[],"class_list":["post-660618","post","type-post","status-publish","format-standard","has-post-thumbnail","hentry","category-jurisprudence"],"yoast_head":"<!-- This site is optimized with the Yoast SEO Premium plugin v27.5 (Yoast SEO v27.5) - https:\/\/yoast.com\/product\/yoast-seo-premium-wordpress\/ -->\n<title>Cour d&#039;appel de Paris, le 15 mars 2024, n\u00b024\/01225 - Ma\u00eetre Hassan Kohen, avocat en droit p\u00e9nal \u00e0 Paris<\/title>\n<meta name=\"description\" content=\"La Cour d&#039;appel de Paris, le 15 mars 2024, a examin\u00e9 le recours d&#039;une salari\u00e9e licenci\u00e9e pour insubordination. Cette derni\u00e8re refusait d&#039;activer sa cam\u00e9ra lo...\" \/>\n<meta name=\"robots\" content=\"index, follow, max-snippet:-1, max-image-preview:large, max-video-preview:-1\" \/>\n<link rel=\"canonical\" href=\"https:\/\/kohenavocats.com\/pt-pt\/cour-dappel-de-paris-le-15-mars-2024-n24-01225\/\" \/>\n<meta property=\"og:locale\" content=\"pt_PT\" \/>\n<meta property=\"og:type\" content=\"article\" \/>\n<meta property=\"og:title\" content=\"Cour d&#039;appel de Paris, le 15 mars 2024, n\u00b024\/01225\" \/>\n<meta property=\"og:description\" content=\"La Cour d&#039;appel de Paris, le 15 mars 2024, a examin\u00e9 le recours d&#039;une salari\u00e9e licenci\u00e9e pour insubordination. Cette derni\u00e8re refusait d&#039;activer sa cam\u00e9ra lo...\" \/>\n<meta property=\"og:url\" content=\"https:\/\/kohenavocats.com\/pt-pt\/cour-dappel-de-paris-le-15-mars-2024-n24-01225\/\" \/>\n<meta property=\"og:site_name\" content=\"Ma\u00eetre Hassan Kohen, avocat en droit p\u00e9nal \u00e0 Paris\" \/>\n<meta property=\"article:published_time\" content=\"2026-04-23T13:37:10+00:00\" \/>\n<meta property=\"og:image\" content=\"https:\/\/kohenavocats.com\/wp-content\/uploads\/2024\/08\/giammarco-boscaro-xLhKkk2tKkA-unsplash.webp\" \/>\n\t<meta property=\"og:image:width\" content=\"5969\" \/>\n\t<meta property=\"og:image:height\" content=\"3979\" \/>\n\t<meta property=\"og:image:type\" content=\"image\/webp\" \/>\n<meta name=\"author\" content=\"Kohen\" \/>\n<meta name=\"twitter:card\" content=\"summary_large_image\" \/>\n<meta name=\"twitter:label1\" content=\"Escrito por\" \/>\n\t<meta name=\"twitter:data1\" content=\"Kohen\" \/>\n\t<meta name=\"twitter:label2\" content=\"Tempo estimado de leitura\" \/>\n\t<meta name=\"twitter:data2\" content=\"3 minutos\" \/>\n<script type=\"application\/ld+json\" class=\"yoast-schema-graph\">{\"@context\":\"https:\\\/\\\/schema.org\",\"@graph\":[{\"@type\":\"Article\",\"@id\":\"https:\\\/\\\/kohenavocats.com\\\/pt-pt\\\/cour-dappel-de-paris-le-15-mars-2024-n24-01225\\\/#article\",\"isPartOf\":{\"@id\":\"https:\\\/\\\/kohenavocats.com\\\/pt-pt\\\/cour-dappel-de-paris-le-15-mars-2024-n24-01225\\\/\"},\"author\":{\"name\":\"Kohen\",\"@id\":\"https:\\\/\\\/kohenavocats.com\\\/pt-pt\\\/#\\\/schema\\\/person\\\/761c9ba54fa1ca84d405cef0831ff751\"},\"headline\":\"Cour d&#8217;appel de Paris, le 15 mars 2024, n\u00b024\\\/01225\",\"datePublished\":\"2026-04-23T13:37:10+00:00\",\"mainEntityOfPage\":{\"@id\":\"https:\\\/\\\/kohenavocats.com\\\/pt-pt\\\/cour-dappel-de-paris-le-15-mars-2024-n24-01225\\\/\"},\"wordCount\":629,\"commentCount\":0,\"publisher\":{\"@id\":\"https:\\\/\\\/kohenavocats.com\\\/pt-pt\\\/#organization\"},\"image\":{\"@id\":\"https:\\\/\\\/kohenavocats.com\\\/pt-pt\\\/cour-dappel-de-paris-le-15-mars-2024-n24-01225\\\/#primaryimage\"},\"thumbnailUrl\":\"https:\\\/\\\/kohenavocats.com\\\/wp-content\\\/uploads\\\/2024\\\/08\\\/giammarco-boscaro-xLhKkk2tKkA-unsplash.webp\",\"articleSection\":[\"Jurisprudence\"],\"inLanguage\":\"pt-PT\",\"potentialAction\":[{\"@type\":\"CommentAction\",\"name\":\"Comment\",\"target\":[\"https:\\\/\\\/kohenavocats.com\\\/pt-pt\\\/cour-dappel-de-paris-le-15-mars-2024-n24-01225\\\/#respond\"]}],\"citation\":\"Cour d&#8217;appel de Paris, le 15 mars 2024, n\u00b024\\\/01225\",\"about\":[{\"@type\":\"Thing\",\"name\":\"Jurisprudence\"}],\"dateModified\":\"2026-04-23T13:37:10+00:00\",\"speakable\":{\"@type\":\"SpeakableSpecification\",\"cssSelector\":[\".article-content > p:first-of-type\"]}},{\"@type\":\"WebPage\",\"@id\":\"https:\\\/\\\/kohenavocats.com\\\/pt-pt\\\/cour-dappel-de-paris-le-15-mars-2024-n24-01225\\\/\",\"url\":\"https:\\\/\\\/kohenavocats.com\\\/pt-pt\\\/cour-dappel-de-paris-le-15-mars-2024-n24-01225\\\/\",\"name\":\"Cour d'appel de Paris, le 15 mars 2024, n\u00b024\\\/01225 - Ma\u00eetre Hassan Kohen, avocat en droit p\u00e9nal \u00e0 Paris\",\"isPartOf\":{\"@id\":\"https:\\\/\\\/kohenavocats.com\\\/pt-pt\\\/#website\"},\"primaryImageOfPage\":{\"@id\":\"https:\\\/\\\/kohenavocats.com\\\/pt-pt\\\/cour-dappel-de-paris-le-15-mars-2024-n24-01225\\\/#primaryimage\"},\"image\":{\"@id\":\"https:\\\/\\\/kohenavocats.com\\\/pt-pt\\\/cour-dappel-de-paris-le-15-mars-2024-n24-01225\\\/#primaryimage\"},\"thumbnailUrl\":\"https:\\\/\\\/kohenavocats.com\\\/wp-content\\\/uploads\\\/2024\\\/08\\\/giammarco-boscaro-xLhKkk2tKkA-unsplash.webp\",\"datePublished\":\"2026-04-23T13:37:10+00:00\",\"description\":\"La Cour d'appel de Paris, le 15 mars 2024, a examin\u00e9 le recours d'une salari\u00e9e licenci\u00e9e pour insubordination. Cette derni\u00e8re refusait d'activer sa cam\u00e9ra lo...\",\"breadcrumb\":{\"@id\":\"https:\\\/\\\/kohenavocats.com\\\/pt-pt\\\/cour-dappel-de-paris-le-15-mars-2024-n24-01225\\\/#breadcrumb\"},\"inLanguage\":\"pt-PT\",\"potentialAction\":[{\"@type\":\"ReadAction\",\"target\":[\"https:\\\/\\\/kohenavocats.com\\\/pt-pt\\\/cour-dappel-de-paris-le-15-mars-2024-n24-01225\\\/\"]}]},{\"@type\":\"ImageObject\",\"inLanguage\":\"pt-PT\",\"@id\":\"https:\\\/\\\/kohenavocats.com\\\/pt-pt\\\/cour-dappel-de-paris-le-15-mars-2024-n24-01225\\\/#primaryimage\",\"url\":\"https:\\\/\\\/kohenavocats.com\\\/wp-content\\\/uploads\\\/2024\\\/08\\\/giammarco-boscaro-xLhKkk2tKkA-unsplash.webp\",\"contentUrl\":\"https:\\\/\\\/kohenavocats.com\\\/wp-content\\\/uploads\\\/2024\\\/08\\\/giammarco-boscaro-xLhKkk2tKkA-unsplash.webp\",\"width\":5969,\"height\":3979},{\"@type\":\"BreadcrumbList\",\"@id\":\"https:\\\/\\\/kohenavocats.com\\\/pt-pt\\\/cour-dappel-de-paris-le-15-mars-2024-n24-01225\\\/#breadcrumb\",\"itemListElement\":[{\"@type\":\"ListItem\",\"position\":1,\"name\":\"Home\",\"item\":\"https:\\\/\\\/kohenavocats.com\\\/pt-pt\\\/avocats-en-droit-penal-a-paris-conseil-et-defense-strategique\\\/\"},{\"@type\":\"ListItem\",\"position\":2,\"name\":\"Cour d&rsquo;appel de Paris, le 15 mars 2024, n\u00b024\\\/01225\"}]},{\"@type\":\"WebSite\",\"@id\":\"https:\\\/\\\/kohenavocats.com\\\/pt-pt\\\/#website\",\"url\":\"https:\\\/\\\/kohenavocats.com\\\/pt-pt\\\/\",\"name\":\"Kohen Avocats\",\"description\":\"Ma\u00eetre Hassan Kohen, avocat p\u00e9naliste \u00e0 Paris, intervient exclusivement en droit p\u00e9nal pour la d\u00e9fense des particuliers, notamment en mati\u00e8re d\u2019accusations de viol. Il assure un accompagnement rigoureux d\u00e8s la garde \u00e0 vue jusqu\u2019\u00e0 la Cour d\u2019assises, veillant au strict respect des garanties proc\u00e9durales.\",\"publisher\":{\"@id\":\"https:\\\/\\\/kohenavocats.com\\\/pt-pt\\\/#organization\"},\"potentialAction\":[{\"@type\":\"SearchAction\",\"target\":{\"@type\":\"EntryPoint\",\"urlTemplate\":\"https:\\\/\\\/kohenavocats.com\\\/pt-pt\\\/?s={search_term_string}\"},\"query-input\":{\"@type\":\"PropertyValueSpecification\",\"valueRequired\":true,\"valueName\":\"search_term_string\"}}],\"inLanguage\":\"pt-PT\"},{\"@type\":\"Organization\",\"@id\":\"https:\\\/\\\/kohenavocats.com\\\/pt-pt\\\/#organization\",\"name\":\"Kohen Avocats\",\"url\":\"https:\\\/\\\/kohenavocats.com\\\/pt-pt\\\/\",\"logo\":{\"@type\":\"ImageObject\",\"inLanguage\":\"pt-PT\",\"@id\":\"https:\\\/\\\/kohenavocats.com\\\/pt-pt\\\/#\\\/schema\\\/logo\\\/image\\\/\",\"url\":\"https:\\\/\\\/kohenavocats.com\\\/wp-content\\\/uploads\\\/2026\\\/01\\\/Logo-2-1.webp\",\"contentUrl\":\"https:\\\/\\\/kohenavocats.com\\\/wp-content\\\/uploads\\\/2026\\\/01\\\/Logo-2-1.webp\",\"width\":2114,\"height\":1253,\"caption\":\"Kohen Avocats\"},\"image\":{\"@id\":\"https:\\\/\\\/kohenavocats.com\\\/pt-pt\\\/#\\\/schema\\\/logo\\\/image\\\/\"}},{\"@type\":\"Person\",\"@id\":\"https:\\\/\\\/kohenavocats.com\\\/pt-pt\\\/#\\\/schema\\\/person\\\/761c9ba54fa1ca84d405cef0831ff751\",\"name\":\"Kohen\",\"image\":{\"@type\":\"ImageObject\",\"inLanguage\":\"pt-PT\",\"@id\":\"https:\\\/\\\/secure.gravatar.com\\\/avatar\\\/1c5e76ef76bbbfdd2b4da984e2bf2fa4056fd51a27d25ce2c332047f1dfd6e00?s=96&d=identicon&r=g\",\"url\":\"https:\\\/\\\/secure.gravatar.com\\\/avatar\\\/1c5e76ef76bbbfdd2b4da984e2bf2fa4056fd51a27d25ce2c332047f1dfd6e00?s=96&d=identicon&r=g\",\"contentUrl\":\"https:\\\/\\\/secure.gravatar.com\\\/avatar\\\/1c5e76ef76bbbfdd2b4da984e2bf2fa4056fd51a27d25ce2c332047f1dfd6e00?s=96&d=identicon&r=g\",\"caption\":\"Kohen\"},\"sameAs\":[\"https:\\\/\\\/www.linkedin.com\\\/in\\\/hassan-kohen-448548192\\\/\",\"https:\\\/\\\/www.youtube.com\\\/@Kohen-Avocats\"],\"url\":\"https:\\\/\\\/kohenavocats.com\\\/pt-pt\\\/author\\\/kohenmlk\\\/\"}]}<\/script>\n<!-- \/ Yoast SEO Premium plugin. -->","yoast_head_json":{"title":"Cour d'appel de Paris, le 15 mars 2024, n\u00b024\/01225 - Ma\u00eetre Hassan Kohen, avocat en droit p\u00e9nal \u00e0 Paris","description":"La Cour d'appel de Paris, le 15 mars 2024, a examin\u00e9 le recours d'une salari\u00e9e licenci\u00e9e pour insubordination. Cette derni\u00e8re refusait d'activer sa cam\u00e9ra lo...","robots":{"index":"index","follow":"follow","max-snippet":"max-snippet:-1","max-image-preview":"max-image-preview:large","max-video-preview":"max-video-preview:-1"},"canonical":"https:\/\/kohenavocats.com\/pt-pt\/cour-dappel-de-paris-le-15-mars-2024-n24-01225\/","og_locale":"pt_PT","og_type":"article","og_title":"Cour d'appel de Paris, le 15 mars 2024, n\u00b024\/01225","og_description":"La Cour d'appel de Paris, le 15 mars 2024, a examin\u00e9 le recours d'une salari\u00e9e licenci\u00e9e pour insubordination. Cette derni\u00e8re refusait d'activer sa cam\u00e9ra lo...","og_url":"https:\/\/kohenavocats.com\/pt-pt\/cour-dappel-de-paris-le-15-mars-2024-n24-01225\/","og_site_name":"Ma\u00eetre Hassan Kohen, avocat en droit p\u00e9nal \u00e0 Paris","article_published_time":"2026-04-23T13:37:10+00:00","og_image":[{"width":5969,"height":3979,"url":"https:\/\/kohenavocats.com\/wp-content\/uploads\/2024\/08\/giammarco-boscaro-xLhKkk2tKkA-unsplash.webp","type":"image\/webp"}],"author":"Kohen","twitter_card":"summary_large_image","twitter_misc":{"Escrito por":"Kohen","Tempo estimado de leitura":"3 minutos"},"schema":{"@context":"https:\/\/schema.org","@graph":[{"@type":"Article","@id":"https:\/\/kohenavocats.com\/pt-pt\/cour-dappel-de-paris-le-15-mars-2024-n24-01225\/#article","isPartOf":{"@id":"https:\/\/kohenavocats.com\/pt-pt\/cour-dappel-de-paris-le-15-mars-2024-n24-01225\/"},"author":{"name":"Kohen","@id":"https:\/\/kohenavocats.com\/pt-pt\/#\/schema\/person\/761c9ba54fa1ca84d405cef0831ff751"},"headline":"Cour d&#8217;appel de Paris, le 15 mars 2024, n\u00b024\/01225","datePublished":"2026-04-23T13:37:10+00:00","mainEntityOfPage":{"@id":"https:\/\/kohenavocats.com\/pt-pt\/cour-dappel-de-paris-le-15-mars-2024-n24-01225\/"},"wordCount":629,"commentCount":0,"publisher":{"@id":"https:\/\/kohenavocats.com\/pt-pt\/#organization"},"image":{"@id":"https:\/\/kohenavocats.com\/pt-pt\/cour-dappel-de-paris-le-15-mars-2024-n24-01225\/#primaryimage"},"thumbnailUrl":"https:\/\/kohenavocats.com\/wp-content\/uploads\/2024\/08\/giammarco-boscaro-xLhKkk2tKkA-unsplash.webp","articleSection":["Jurisprudence"],"inLanguage":"pt-PT","potentialAction":[{"@type":"CommentAction","name":"Comment","target":["https:\/\/kohenavocats.com\/pt-pt\/cour-dappel-de-paris-le-15-mars-2024-n24-01225\/#respond"]}],"citation":"Cour d&#8217;appel de Paris, le 15 mars 2024, n\u00b024\/01225","about":[{"@type":"Thing","name":"Jurisprudence"}],"dateModified":"2026-04-23T13:37:10+00:00","speakable":{"@type":"SpeakableSpecification","cssSelector":[".article-content > p:first-of-type"]}},{"@type":"WebPage","@id":"https:\/\/kohenavocats.com\/pt-pt\/cour-dappel-de-paris-le-15-mars-2024-n24-01225\/","url":"https:\/\/kohenavocats.com\/pt-pt\/cour-dappel-de-paris-le-15-mars-2024-n24-01225\/","name":"Cour d'appel de Paris, le 15 mars 2024, n\u00b024\/01225 - Ma\u00eetre Hassan Kohen, avocat en droit p\u00e9nal \u00e0 Paris","isPartOf":{"@id":"https:\/\/kohenavocats.com\/pt-pt\/#website"},"primaryImageOfPage":{"@id":"https:\/\/kohenavocats.com\/pt-pt\/cour-dappel-de-paris-le-15-mars-2024-n24-01225\/#primaryimage"},"image":{"@id":"https:\/\/kohenavocats.com\/pt-pt\/cour-dappel-de-paris-le-15-mars-2024-n24-01225\/#primaryimage"},"thumbnailUrl":"https:\/\/kohenavocats.com\/wp-content\/uploads\/2024\/08\/giammarco-boscaro-xLhKkk2tKkA-unsplash.webp","datePublished":"2026-04-23T13:37:10+00:00","description":"La Cour d'appel de Paris, le 15 mars 2024, a examin\u00e9 le recours d'une salari\u00e9e licenci\u00e9e pour insubordination. Cette derni\u00e8re refusait d'activer sa cam\u00e9ra lo...","breadcrumb":{"@id":"https:\/\/kohenavocats.com\/pt-pt\/cour-dappel-de-paris-le-15-mars-2024-n24-01225\/#breadcrumb"},"inLanguage":"pt-PT","potentialAction":[{"@type":"ReadAction","target":["https:\/\/kohenavocats.com\/pt-pt\/cour-dappel-de-paris-le-15-mars-2024-n24-01225\/"]}]},{"@type":"ImageObject","inLanguage":"pt-PT","@id":"https:\/\/kohenavocats.com\/pt-pt\/cour-dappel-de-paris-le-15-mars-2024-n24-01225\/#primaryimage","url":"https:\/\/kohenavocats.com\/wp-content\/uploads\/2024\/08\/giammarco-boscaro-xLhKkk2tKkA-unsplash.webp","contentUrl":"https:\/\/kohenavocats.com\/wp-content\/uploads\/2024\/08\/giammarco-boscaro-xLhKkk2tKkA-unsplash.webp","width":5969,"height":3979},{"@type":"BreadcrumbList","@id":"https:\/\/kohenavocats.com\/pt-pt\/cour-dappel-de-paris-le-15-mars-2024-n24-01225\/#breadcrumb","itemListElement":[{"@type":"ListItem","position":1,"name":"Home","item":"https:\/\/kohenavocats.com\/pt-pt\/avocats-en-droit-penal-a-paris-conseil-et-defense-strategique\/"},{"@type":"ListItem","position":2,"name":"Cour d&rsquo;appel de Paris, le 15 mars 2024, n\u00b024\/01225"}]},{"@type":"WebSite","@id":"https:\/\/kohenavocats.com\/pt-pt\/#website","url":"https:\/\/kohenavocats.com\/pt-pt\/","name":"Kohen Avocats","description":"Ma\u00eetre Hassan Kohen, avocat p\u00e9naliste \u00e0 Paris, intervient exclusivement en droit p\u00e9nal pour la d\u00e9fense des particuliers, notamment en mati\u00e8re d\u2019accusations de viol. Il assure un accompagnement rigoureux d\u00e8s la garde \u00e0 vue jusqu\u2019\u00e0 la Cour d\u2019assises, veillant au strict respect des garanties proc\u00e9durales.","publisher":{"@id":"https:\/\/kohenavocats.com\/pt-pt\/#organization"},"potentialAction":[{"@type":"SearchAction","target":{"@type":"EntryPoint","urlTemplate":"https:\/\/kohenavocats.com\/pt-pt\/?s={search_term_string}"},"query-input":{"@type":"PropertyValueSpecification","valueRequired":true,"valueName":"search_term_string"}}],"inLanguage":"pt-PT"},{"@type":"Organization","@id":"https:\/\/kohenavocats.com\/pt-pt\/#organization","name":"Kohen Avocats","url":"https:\/\/kohenavocats.com\/pt-pt\/","logo":{"@type":"ImageObject","inLanguage":"pt-PT","@id":"https:\/\/kohenavocats.com\/pt-pt\/#\/schema\/logo\/image\/","url":"https:\/\/kohenavocats.com\/wp-content\/uploads\/2026\/01\/Logo-2-1.webp","contentUrl":"https:\/\/kohenavocats.com\/wp-content\/uploads\/2026\/01\/Logo-2-1.webp","width":2114,"height":1253,"caption":"Kohen Avocats"},"image":{"@id":"https:\/\/kohenavocats.com\/pt-pt\/#\/schema\/logo\/image\/"}},{"@type":"Person","@id":"https:\/\/kohenavocats.com\/pt-pt\/#\/schema\/person\/761c9ba54fa1ca84d405cef0831ff751","name":"Kohen","image":{"@type":"ImageObject","inLanguage":"pt-PT","@id":"https:\/\/secure.gravatar.com\/avatar\/1c5e76ef76bbbfdd2b4da984e2bf2fa4056fd51a27d25ce2c332047f1dfd6e00?s=96&d=identicon&r=g","url":"https:\/\/secure.gravatar.com\/avatar\/1c5e76ef76bbbfdd2b4da984e2bf2fa4056fd51a27d25ce2c332047f1dfd6e00?s=96&d=identicon&r=g","contentUrl":"https:\/\/secure.gravatar.com\/avatar\/1c5e76ef76bbbfdd2b4da984e2bf2fa4056fd51a27d25ce2c332047f1dfd6e00?s=96&d=identicon&r=g","caption":"Kohen"},"sameAs":["https:\/\/www.linkedin.com\/in\/hassan-kohen-448548192\/","https:\/\/www.youtube.com\/@Kohen-Avocats"],"url":"https:\/\/kohenavocats.com\/pt-pt\/author\/kohenmlk\/"}]}},"jetpack_featured_media_url":"https:\/\/kohenavocats.com\/wp-content\/uploads\/2024\/08\/giammarco-boscaro-xLhKkk2tKkA-unsplash.webp","jetpack_likes_enabled":false,"jetpack_shortlink":"https:\/\/wp.me\/peCrII-2LR8","jetpack-related-posts":[{"id":640907,"url":"https:\/\/kohenavocats.com\/pt-pt\/cour-dappel-de-paris-le-12-fevrier-2025-n23-02773\/","url_meta":{"origin":660618,"position":0},"title":"Cour d&#8217;appel de Paris, le 12 f\u00e9vrier 2025, n\u00b023\/02773","author":"Kohen","date":"21 de Abril, 2026","format":false,"excerpt":"La Cour d\u2019appel de Paris, statuant le 12 f\u00e9vrier 2025, a examin\u00e9 un litige opposant une salari\u00e9e \u00e0 son employeur suite \u00e0 son licenciement pour faute grave. L...","rel":"","context":"In &quot;Jurisprudence&quot;","block_context":{"text":"Jurisprudence","link":"https:\/\/kohenavocats.com\/category\/jurisprudence\/"},"img":{"alt_text":"","src":"https:\/\/i0.wp.com\/kohenavocats.com\/wp-content\/uploads\/2024\/08\/daphne-be-frenchie-atTJIQ5kk3E-unsplash.webp?resize=350%2C200&ssl=1","width":350,"height":200,"srcset":"https:\/\/i0.wp.com\/kohenavocats.com\/wp-content\/uploads\/2024\/08\/daphne-be-frenchie-atTJIQ5kk3E-unsplash.webp?resize=350%2C200&ssl=1 1x, https:\/\/i0.wp.com\/kohenavocats.com\/wp-content\/uploads\/2024\/08\/daphne-be-frenchie-atTJIQ5kk3E-unsplash.webp?resize=525%2C300&ssl=1 1.5x, https:\/\/i0.wp.com\/kohenavocats.com\/wp-content\/uploads\/2024\/08\/daphne-be-frenchie-atTJIQ5kk3E-unsplash.webp?resize=700%2C400&ssl=1 2x, https:\/\/i0.wp.com\/kohenavocats.com\/wp-content\/uploads\/2024\/08\/daphne-be-frenchie-atTJIQ5kk3E-unsplash.webp?resize=1050%2C600&ssl=1 3x, https:\/\/i0.wp.com\/kohenavocats.com\/wp-content\/uploads\/2024\/08\/daphne-be-frenchie-atTJIQ5kk3E-unsplash.webp?resize=1400%2C800&ssl=1 4x"},"classes":[]},{"id":640911,"url":"https:\/\/kohenavocats.com\/pt-pt\/cour-dappel-de-lyon-le-15-decembre-2023-n23-01672\/","url_meta":{"origin":660618,"position":1},"title":"Cour d&#8217;appel de Lyon, le 15 d\u00e9cembre 2023, n\u00b023\/01672","author":"Kohen","date":"21 de Abril, 2026","format":false,"excerpt":"La Cour d'appel de Lyon, le 15 d\u00e9cembre 2023, a statu\u00e9 sur le recours d'une responsable administrative et financi\u00e8re. Cette derni\u00e8re avait pris acte de la ru...","rel":"","context":"In &quot;Jurisprudence&quot;","block_context":{"text":"Jurisprudence","link":"https:\/\/kohenavocats.com\/category\/jurisprudence\/"},"img":{"alt_text":"","src":"https:\/\/i0.wp.com\/kohenavocats.com\/wp-content\/uploads\/2024\/11\/kateryna-hliznitsova-mbsL-olOezY-unsplash.webp?resize=350%2C200&ssl=1","width":350,"height":200,"srcset":"https:\/\/i0.wp.com\/kohenavocats.com\/wp-content\/uploads\/2024\/11\/kateryna-hliznitsova-mbsL-olOezY-unsplash.webp?resize=350%2C200&ssl=1 1x, https:\/\/i0.wp.com\/kohenavocats.com\/wp-content\/uploads\/2024\/11\/kateryna-hliznitsova-mbsL-olOezY-unsplash.webp?resize=525%2C300&ssl=1 1.5x, https:\/\/i0.wp.com\/kohenavocats.com\/wp-content\/uploads\/2024\/11\/kateryna-hliznitsova-mbsL-olOezY-unsplash.webp?resize=700%2C400&ssl=1 2x, https:\/\/i0.wp.com\/kohenavocats.com\/wp-content\/uploads\/2024\/11\/kateryna-hliznitsova-mbsL-olOezY-unsplash.webp?resize=1050%2C600&ssl=1 3x, https:\/\/i0.wp.com\/kohenavocats.com\/wp-content\/uploads\/2024\/11\/kateryna-hliznitsova-mbsL-olOezY-unsplash.webp?resize=1400%2C800&ssl=1 4x"},"classes":[]},{"id":640968,"url":"https:\/\/kohenavocats.com\/pt-pt\/cour-dappel-de-rouen-le-28-aout-2025-n24-02744\/","url_meta":{"origin":660618,"position":2},"title":"Cour d&#8217;appel de Rouen, le 28 ao\u00fbt 2025, n\u00b024\/02744","author":"Kohen","date":"21 de Abril, 2026","format":false,"excerpt":"La Cour d'appel de Rouen, statuant le 28 ao\u00fbt 2025, a examin\u00e9 un litige opposant une salari\u00e9e \u00e0 son ancien employeur. La salari\u00e9e demandait la confirmation d...","rel":"","context":"In &quot;Jurisprudence&quot;","block_context":{"text":"Jurisprudence","link":"https:\/\/kohenavocats.com\/category\/jurisprudence\/"},"img":{"alt_text":"","src":"https:\/\/i0.wp.com\/kohenavocats.com\/wp-content\/uploads\/2024\/11\/mourad-saadi-tgP7H6LH4OU-unsplash.webp?resize=350%2C200&ssl=1","width":350,"height":200,"srcset":"https:\/\/i0.wp.com\/kohenavocats.com\/wp-content\/uploads\/2024\/11\/mourad-saadi-tgP7H6LH4OU-unsplash.webp?resize=350%2C200&ssl=1 1x, https:\/\/i0.wp.com\/kohenavocats.com\/wp-content\/uploads\/2024\/11\/mourad-saadi-tgP7H6LH4OU-unsplash.webp?resize=525%2C300&ssl=1 1.5x, https:\/\/i0.wp.com\/kohenavocats.com\/wp-content\/uploads\/2024\/11\/mourad-saadi-tgP7H6LH4OU-unsplash.webp?resize=700%2C400&ssl=1 2x, https:\/\/i0.wp.com\/kohenavocats.com\/wp-content\/uploads\/2024\/11\/mourad-saadi-tgP7H6LH4OU-unsplash.webp?resize=1050%2C600&ssl=1 3x, https:\/\/i0.wp.com\/kohenavocats.com\/wp-content\/uploads\/2024\/11\/mourad-saadi-tgP7H6LH4OU-unsplash.webp?resize=1400%2C800&ssl=1 4x"},"classes":[]},{"id":641008,"url":"https:\/\/kohenavocats.com\/pt-pt\/cour-dappel-de-nancy-le-18-mars-2024-n24-00710\/","url_meta":{"origin":660618,"position":3},"title":"Cour d&#8217;appel de Nancy, le 18 mars 2024, n\u00b024\/00710","author":"Kohen","date":"21 de Abril, 2026","format":false,"excerpt":"La cour d'appel de Nancy, statuant le 18 mars 2024, a examin\u00e9 le recours d'une salari\u00e9e contre son licenciement pour faute grave. La juridiction a d'abord re...","rel":"","context":"In &quot;Jurisprudence&quot;","block_context":{"text":"Jurisprudence","link":"https:\/\/kohenavocats.com\/category\/jurisprudence\/"},"img":{"alt_text":"","src":"https:\/\/i0.wp.com\/kohenavocats.com\/wp-content\/uploads\/2024\/11\/pawel-czerwinski-R7O-jVDFJKU-unsplash.webp?resize=350%2C200&ssl=1","width":350,"height":200,"srcset":"https:\/\/i0.wp.com\/kohenavocats.com\/wp-content\/uploads\/2024\/11\/pawel-czerwinski-R7O-jVDFJKU-unsplash.webp?resize=350%2C200&ssl=1 1x, https:\/\/i0.wp.com\/kohenavocats.com\/wp-content\/uploads\/2024\/11\/pawel-czerwinski-R7O-jVDFJKU-unsplash.webp?resize=525%2C300&ssl=1 1.5x, https:\/\/i0.wp.com\/kohenavocats.com\/wp-content\/uploads\/2024\/11\/pawel-czerwinski-R7O-jVDFJKU-unsplash.webp?resize=700%2C400&ssl=1 2x, https:\/\/i0.wp.com\/kohenavocats.com\/wp-content\/uploads\/2024\/11\/pawel-czerwinski-R7O-jVDFJKU-unsplash.webp?resize=1050%2C600&ssl=1 3x, https:\/\/i0.wp.com\/kohenavocats.com\/wp-content\/uploads\/2024\/11\/pawel-czerwinski-R7O-jVDFJKU-unsplash.webp?resize=1400%2C800&ssl=1 4x"},"classes":[]},{"id":736264,"url":"https:\/\/kohenavocats.com\/pt-pt\/cour-dappel-de-limoges-le-29-janvier-2026-n25-00486\/","url_meta":{"origin":660618,"position":4},"title":"Cour d&#8217;appel de Limoges, le 29 janvier 2026, n\u00b025\/00486","author":"Kohen","date":"28 de Abril, 2026","format":false,"excerpt":"La cour d\u2019appel de Limoges, dans un arr\u00eat du 29 janvier 2026, statue sur le reclassement d\u2019une salari\u00e9e d\u00e9clar\u00e9e inapte et sa mise \u00e0 la r\u00e9forme. Une...","rel":"","context":"In &quot;Cour d'appel&quot;","block_context":{"text":"Cour d'appel","link":"https:\/\/kohenavocats.com\/category\/cour-dappel\/"},"img":{"alt_text":"","src":"https:\/\/i0.wp.com\/kohenavocats.com\/wp-content\/uploads\/2024\/11\/lala-azizli-FwzWgaUqjlc-unsplash.webp?resize=350%2C200&ssl=1","width":350,"height":200,"srcset":"https:\/\/i0.wp.com\/kohenavocats.com\/wp-content\/uploads\/2024\/11\/lala-azizli-FwzWgaUqjlc-unsplash.webp?resize=350%2C200&ssl=1 1x, https:\/\/i0.wp.com\/kohenavocats.com\/wp-content\/uploads\/2024\/11\/lala-azizli-FwzWgaUqjlc-unsplash.webp?resize=525%2C300&ssl=1 1.5x, https:\/\/i0.wp.com\/kohenavocats.com\/wp-content\/uploads\/2024\/11\/lala-azizli-FwzWgaUqjlc-unsplash.webp?resize=700%2C400&ssl=1 2x, https:\/\/i0.wp.com\/kohenavocats.com\/wp-content\/uploads\/2024\/11\/lala-azizli-FwzWgaUqjlc-unsplash.webp?resize=1050%2C600&ssl=1 3x, https:\/\/i0.wp.com\/kohenavocats.com\/wp-content\/uploads\/2024\/11\/lala-azizli-FwzWgaUqjlc-unsplash.webp?resize=1400%2C800&ssl=1 4x"},"classes":[]},{"id":736078,"url":"https:\/\/kohenavocats.com\/pt-pt\/cour-dappel-de-paris-le-29-janvier-2026-n22-04600\/","url_meta":{"origin":660618,"position":5},"title":"Cour d&#8217;appel de Paris, le 29 janvier 2026, n\u00b022\/04600","author":"Kohen","date":"28 de Abril, 2026","format":false,"excerpt":"La cour d\u2019appel de Paris, dans son arr\u00eat du 29 janvier 2026, a infirm\u00e9 le jugement prud\u2019homal pour reconna\u00eetre un harc\u00e8lement moral et la nullit\u00e9 du...","rel":"","context":"In &quot;Cour d'appel&quot;","block_context":{"text":"Cour d'appel","link":"https:\/\/kohenavocats.com\/category\/cour-dappel\/"},"img":{"alt_text":"","src":"https:\/\/i0.wp.com\/kohenavocats.com\/wp-content\/uploads\/2024\/11\/getty-images-uXScU4WS2YM-unsplash.webp?resize=350%2C200&ssl=1","width":350,"height":200,"srcset":"https:\/\/i0.wp.com\/kohenavocats.com\/wp-content\/uploads\/2024\/11\/getty-images-uXScU4WS2YM-unsplash.webp?resize=350%2C200&ssl=1 1x, https:\/\/i0.wp.com\/kohenavocats.com\/wp-content\/uploads\/2024\/11\/getty-images-uXScU4WS2YM-unsplash.webp?resize=525%2C300&ssl=1 1.5x, https:\/\/i0.wp.com\/kohenavocats.com\/wp-content\/uploads\/2024\/11\/getty-images-uXScU4WS2YM-unsplash.webp?resize=700%2C400&ssl=1 2x, https:\/\/i0.wp.com\/kohenavocats.com\/wp-content\/uploads\/2024\/11\/getty-images-uXScU4WS2YM-unsplash.webp?resize=1050%2C600&ssl=1 3x, https:\/\/i0.wp.com\/kohenavocats.com\/wp-content\/uploads\/2024\/11\/getty-images-uXScU4WS2YM-unsplash.webp?resize=1400%2C800&ssl=1 4x"},"classes":[]}],"jetpack_sharing_enabled":true,"_links":{"self":[{"href":"https:\/\/kohenavocats.com\/pt-pt\/wp-json\/wp\/v2\/posts\/660618","targetHints":{"allow":["GET"]}}],"collection":[{"href":"https:\/\/kohenavocats.com\/pt-pt\/wp-json\/wp\/v2\/posts"}],"about":[{"href":"https:\/\/kohenavocats.com\/pt-pt\/wp-json\/wp\/v2\/types\/post"}],"author":[{"embeddable":true,"href":"https:\/\/kohenavocats.com\/pt-pt\/wp-json\/wp\/v2\/users\/232070755"}],"replies":[{"embeddable":true,"href":"https:\/\/kohenavocats.com\/pt-pt\/wp-json\/wp\/v2\/comments?post=660618"}],"version-history":[{"count":0,"href":"https:\/\/kohenavocats.com\/pt-pt\/wp-json\/wp\/v2\/posts\/660618\/revisions"}],"wp:featuredmedia":[{"embeddable":true,"href":"https:\/\/kohenavocats.com\/pt-pt\/wp-json\/wp\/v2\/media\/4717"}],"wp:attachment":[{"href":"https:\/\/kohenavocats.com\/pt-pt\/wp-json\/wp\/v2\/media?parent=660618"}],"wp:term":[{"taxonomy":"category","embeddable":true,"href":"https:\/\/kohenavocats.com\/pt-pt\/wp-json\/wp\/v2\/categories?post=660618"},{"taxonomy":"post_tag","embeddable":true,"href":"https:\/\/kohenavocats.com\/pt-pt\/wp-json\/wp\/v2\/tags?post=660618"}],"curies":[{"name":"wp","href":"https:\/\/api.w.org\/{rel}","templated":true}]}}