{"id":662221,"date":"2026-04-23T18:54:29","date_gmt":"2026-04-23T16:54:29","guid":{"rendered":"https:\/\/kohenavocats.com\/tribunal-judiciaire-de-strasbourg-le-16-septembre-2025-n25-00456\/"},"modified":"2026-04-23T18:54:29","modified_gmt":"2026-04-23T16:54:29","slug":"tribunal-judiciaire-de-strasbourg-le-16-septembre-2025-n25-00456","status":"publish","type":"post","link":"https:\/\/kohenavocats.com\/pt-pt\/tribunal-judiciaire-de-strasbourg-le-16-septembre-2025-n25-00456\/","title":{"rendered":"Tribunal judiciaire de Strasbourg, le 16 septembre 2025, n\u00b025\/00456"},"content":{"rendered":"<div class=\"article-content\">\n<p>Le tribunal judiciaire, statuant en r\u00e9f\u00e9r\u00e9 le 16 septembre 2025, examine une demande d&#8217;expulsion et de provisions. Le bail pr\u00e9voyait une r\u00e9siliation de plein droit pour non-paiement. Un commandement fut d\u00e9livr\u00e9 le 21 janvier 2025, demeur\u00e9 infructueux. Le juge constate la r\u00e9siliation au 21 f\u00e9vrier 2025 et ordonne l&#8217;expulsion. Il condamne \u00e9galement l&#8217;occupant au paiement de provisions. La d\u00e9cision pr\u00e9cise les conditions de l&#8217;\u00e9vacuation et rejette le surplus des demandes.<\/p>\n<p>La r\u00e9gularit\u00e9 de la r\u00e9siliation du bail commercial<\/p>\n<p>Le juge v\u00e9rifie d&#8217;abord le strict respect des conditions contractuelles et l\u00e9gales. La clause r\u00e9solutoire pr\u00e9voyait la r\u00e9siliation un mois apr\u00e8s un commandement infructueux. Le commandement fut r\u00e9guli\u00e8rement d\u00e9livr\u00e9 pour un impay\u00e9 locatif. &#8220;Le juge des r\u00e9f\u00e9r\u00e9s ne peut que constater la r\u00e9siliation du bail \u00e0 la date du 21 f\u00e9vrier 2025.&#8221; Cette date correspond au d\u00e9lai d&#8217;un mois post-commandement. La r\u00e9gularit\u00e9 de la proc\u00e9dure est ainsi \u00e9tablie sans discussion.<\/p>\n<p>La jurisprudence rappelle l&#8217;importance du formalisme requis. &#8220;Aux termes de l&#8217;article L.145-41 du code de commerce toute clause ins\u00e9r\u00e9e dans le bail pr\u00e9voyant la r\u00e9siliation de plein droit ne produit effet qu&#8217;un mois apr\u00e8s un commandement demeur\u00e9 infructueux.&#8221; (Cour d&#8217;appel, le 12 f\u00e9vrier 2025, n\u00b024\/01627) La d\u00e9cision comment\u00e9e applique scrupuleusement ce principe. Elle ancre la r\u00e9siliation dans un cadre l\u00e9gal incontestable, prot\u00e9geant les droits du preneur. La valeur de cette analyse est de s\u00e9curiser les proc\u00e9dures r\u00e9solutoires.<\/p>\n<p>La qualification du trouble manifestement illicite<\/p>\n<p>L&#8217;occupation post-r\u00e9siliation est ensuite qualifi\u00e9e de trouble illicite. Le preneur, demeurant dans les lieux sans titre, cause un pr\u00e9judice certain. &#8220;M. [U] [I] est occupant sans droit des locaux appartenant \u00e0 la Sci Keskin depuis la r\u00e9siliation du bail.&#8221; Cette situation justifie l&#8217;intervention du juge des r\u00e9f\u00e9r\u00e9s. L&#8217;urgence et l&#8217;absence de contestation s\u00e9rieuse fondent son pouvoir d&#8217;ordonner l&#8217;expulsion.<\/p>\n<p>La d\u00e9cision s&#8217;inscrit dans une ligne jurisprudentielle constante. &#8220;Le maintien dans un immeuble, sans droit ni titre du fait de la r\u00e9siliation du bail, constitue un trouble manifestement illicite.&#8221; (Tribunal judiciaire de Cr\u00e9teil, le 16 septembre 2025, n\u00b025\/01053) Le juge reprend cette qualification pour fonder sa d\u00e9cision. La port\u00e9e est de permettre une cessation rapide du trouble. Il \u00e9carte cependant le concours de la force publique et une astreinte, limitant les modalit\u00e9s d&#8217;ex\u00e9cution.<\/p>\n<p>Les mesures provisionnelles et accessoires ordonn\u00e9es<\/p>\n<p>Le juge statue ensuite sur les demandes financi\u00e8res, accordant des provisions. Une provision pour indemnit\u00e9 d&#8217;occupation future est fix\u00e9e \u00e0 840 euros mensuels. Une seconde provision de 45 500 euros est accord\u00e9e pour les loyers arri\u00e9r\u00e9s. &#8220;L&#8217;obligation de verser ces sommes provisionnelles n&#8217;est pas s\u00e9rieusement contestable.&#8221; Le juge rel\u00e8ve des incoh\u00e9rences dans le d\u00e9compte mais estime la cr\u00e9ance probable.<\/p>\n<p>La d\u00e9cision d\u00e9taille enfin les condamnations accessoires. L&#8217;occupant est condamn\u00e9 aux d\u00e9pens et au remboursement du commandement. Une somme de 1 800 euros est allou\u00e9e au titre de l&#8217;article 700 du code de proc\u00e9dure civile. Le juge rappelle le sort des objets mobiliers laiss\u00e9s dans les lieux. Ces mesures compl\u00e8tent le dispositif pour r\u00e9parer int\u00e9gralement le pr\u00e9judice. La solution assure une ex\u00e9cution imm\u00e9diate tout en r\u00e9servant le principal.<\/p>\n<\/div>\n","protected":false},"excerpt":{"rendered":"<p>Le tribunal judiciaire, statuant en r\u00e9f\u00e9r\u00e9 le 16 septembre 2025, examine une demande d&#8217;expulsion et de provisions. Le bail pr\u00e9voyait une r\u00e9siliation de plein&#8230;<\/p>\n","protected":false},"author":232070755,"featured_media":9486,"comment_status":"open","ping_status":"open","sticky":false,"template":"","format":"standard","meta":{"_crdt_document":"","_jetpack_newsletter_access":"","_jetpack_dont_email_post_to_subs":false,"_jetpack_newsletter_tier_id":0,"_jetpack_memberships_contains_paywalled_content":false,"_kj_source_type":"judilibre","_kj_official_id":"68d5b49e876d446c8f4b334f","_kj_official_url":"https:\/\/www.courdecassation.fr\/decision\/68d5b49e876d446c8f4b334f","_kj_judilibre_id":"68d5b49e876d446c8f4b334f","_kj_jur":"Tribunal judiciaire","_kj_lieu":"Tribunal judiciaire de Strasbourg","_kj_chambre":"R\u00e9f\u00e9r\u00e9s Civils Cab. 1","_kj_rg":"25\/00456","_kj_date":"2025-09-25","_jetpack_memberships_contains_paid_content":false,"footnotes":"","jetpack_post_was_ever_published":false},"categories":[7597],"tags":[],"class_list":["post-662221","post","type-post","status-publish","format-standard","has-post-thumbnail","hentry","category-jurisprudence"],"yoast_head":"<!-- This site is optimized with the Yoast SEO Premium plugin v27.5 (Yoast SEO v27.5) - https:\/\/yoast.com\/product\/yoast-seo-premium-wordpress\/ -->\n<title>Tribunal judiciaire de Strasbourg, le 16 septembre 2025, n\u00b025\/00456 - Ma\u00eetre Hassan Kohen, avocat en droit p\u00e9nal \u00e0 Paris<\/title>\n<meta name=\"description\" content=\"Le tribunal judiciaire, statuant en r\u00e9f\u00e9r\u00e9 le 16 septembre 2025, examine une demande d&#039;expulsion et de provisions. Le bail pr\u00e9voyait une r\u00e9siliation de plein...\" \/>\n<meta name=\"robots\" content=\"index, follow, max-snippet:-1, max-image-preview:large, max-video-preview:-1\" \/>\n<link rel=\"canonical\" href=\"https:\/\/kohenavocats.com\/pt-pt\/tribunal-judiciaire-de-strasbourg-le-16-septembre-2025-n25-00456\/\" \/>\n<meta property=\"og:locale\" content=\"pt_PT\" \/>\n<meta property=\"og:type\" content=\"article\" \/>\n<meta property=\"og:title\" content=\"Tribunal judiciaire de Strasbourg, le 16 septembre 2025, n\u00b025\/00456\" \/>\n<meta property=\"og:description\" content=\"Le tribunal judiciaire, statuant en r\u00e9f\u00e9r\u00e9 le 16 septembre 2025, examine une demande d&#039;expulsion et de provisions. Le bail pr\u00e9voyait une r\u00e9siliation de plein...\" \/>\n<meta property=\"og:url\" content=\"https:\/\/kohenavocats.com\/pt-pt\/tribunal-judiciaire-de-strasbourg-le-16-septembre-2025-n25-00456\/\" \/>\n<meta property=\"og:site_name\" content=\"Ma\u00eetre Hassan Kohen, avocat en droit p\u00e9nal \u00e0 Paris\" \/>\n<meta property=\"article:published_time\" content=\"2026-04-23T16:54:29+00:00\" \/>\n<meta property=\"og:image\" content=\"https:\/\/kohenavocats.com\/wp-content\/uploads\/2024\/11\/laura-adai-KfphgU3nUqQ-unsplash.webp\" \/>\n\t<meta property=\"og:image:width\" content=\"7077\" \/>\n\t<meta property=\"og:image:height\" content=\"4724\" \/>\n\t<meta property=\"og:image:type\" content=\"image\/webp\" \/>\n<meta name=\"author\" content=\"Kohen\" \/>\n<meta name=\"twitter:card\" content=\"summary_large_image\" \/>\n<meta name=\"twitter:label1\" content=\"Escrito por\" \/>\n\t<meta name=\"twitter:data1\" content=\"Kohen\" \/>\n\t<meta name=\"twitter:label2\" content=\"Tempo estimado de leitura\" \/>\n\t<meta name=\"twitter:data2\" content=\"3 minutos\" \/>\n<script type=\"application\/ld+json\" class=\"yoast-schema-graph\">{\"@context\":\"https:\\\/\\\/schema.org\",\"@graph\":[{\"@type\":\"Article\",\"@id\":\"https:\\\/\\\/kohenavocats.com\\\/pt-pt\\\/tribunal-judiciaire-de-strasbourg-le-16-septembre-2025-n25-00456\\\/#article\",\"isPartOf\":{\"@id\":\"https:\\\/\\\/kohenavocats.com\\\/pt-pt\\\/tribunal-judiciaire-de-strasbourg-le-16-septembre-2025-n25-00456\\\/\"},\"author\":{\"name\":\"Kohen\",\"@id\":\"https:\\\/\\\/kohenavocats.com\\\/pt-pt\\\/#\\\/schema\\\/person\\\/761c9ba54fa1ca84d405cef0831ff751\"},\"headline\":\"Tribunal judiciaire de Strasbourg, le 16 septembre 2025, n\u00b025\\\/00456\",\"datePublished\":\"2026-04-23T16:54:29+00:00\",\"mainEntityOfPage\":{\"@id\":\"https:\\\/\\\/kohenavocats.com\\\/pt-pt\\\/tribunal-judiciaire-de-strasbourg-le-16-septembre-2025-n25-00456\\\/\"},\"wordCount\":586,\"commentCount\":0,\"publisher\":{\"@id\":\"https:\\\/\\\/kohenavocats.com\\\/pt-pt\\\/#organization\"},\"image\":{\"@id\":\"https:\\\/\\\/kohenavocats.com\\\/pt-pt\\\/tribunal-judiciaire-de-strasbourg-le-16-septembre-2025-n25-00456\\\/#primaryimage\"},\"thumbnailUrl\":\"https:\\\/\\\/kohenavocats.com\\\/wp-content\\\/uploads\\\/2024\\\/11\\\/laura-adai-KfphgU3nUqQ-unsplash.webp\",\"articleSection\":[\"Jurisprudence\"],\"inLanguage\":\"pt-PT\",\"potentialAction\":[{\"@type\":\"CommentAction\",\"name\":\"Comment\",\"target\":[\"https:\\\/\\\/kohenavocats.com\\\/pt-pt\\\/tribunal-judiciaire-de-strasbourg-le-16-septembre-2025-n25-00456\\\/#respond\"]}],\"citation\":\"Tribunal judiciaire de Strasbourg, le 16 septembre 2025, n\u00b025\\\/00456\",\"about\":[{\"@type\":\"Thing\",\"name\":\"Jurisprudence\"}],\"dateModified\":\"2026-04-23T16:54:29+00:00\",\"speakable\":{\"@type\":\"SpeakableSpecification\",\"cssSelector\":[\".article-content > p:first-of-type\"]}},{\"@type\":\"WebPage\",\"@id\":\"https:\\\/\\\/kohenavocats.com\\\/pt-pt\\\/tribunal-judiciaire-de-strasbourg-le-16-septembre-2025-n25-00456\\\/\",\"url\":\"https:\\\/\\\/kohenavocats.com\\\/pt-pt\\\/tribunal-judiciaire-de-strasbourg-le-16-septembre-2025-n25-00456\\\/\",\"name\":\"Tribunal judiciaire de Strasbourg, le 16 septembre 2025, n\u00b025\\\/00456 - Ma\u00eetre Hassan Kohen, avocat en droit p\u00e9nal \u00e0 Paris\",\"isPartOf\":{\"@id\":\"https:\\\/\\\/kohenavocats.com\\\/pt-pt\\\/#website\"},\"primaryImageOfPage\":{\"@id\":\"https:\\\/\\\/kohenavocats.com\\\/pt-pt\\\/tribunal-judiciaire-de-strasbourg-le-16-septembre-2025-n25-00456\\\/#primaryimage\"},\"image\":{\"@id\":\"https:\\\/\\\/kohenavocats.com\\\/pt-pt\\\/tribunal-judiciaire-de-strasbourg-le-16-septembre-2025-n25-00456\\\/#primaryimage\"},\"thumbnailUrl\":\"https:\\\/\\\/kohenavocats.com\\\/wp-content\\\/uploads\\\/2024\\\/11\\\/laura-adai-KfphgU3nUqQ-unsplash.webp\",\"datePublished\":\"2026-04-23T16:54:29+00:00\",\"description\":\"Le tribunal judiciaire, statuant en r\u00e9f\u00e9r\u00e9 le 16 septembre 2025, examine une demande d'expulsion et de provisions. Le bail pr\u00e9voyait une r\u00e9siliation de plein...\",\"breadcrumb\":{\"@id\":\"https:\\\/\\\/kohenavocats.com\\\/pt-pt\\\/tribunal-judiciaire-de-strasbourg-le-16-septembre-2025-n25-00456\\\/#breadcrumb\"},\"inLanguage\":\"pt-PT\",\"potentialAction\":[{\"@type\":\"ReadAction\",\"target\":[\"https:\\\/\\\/kohenavocats.com\\\/pt-pt\\\/tribunal-judiciaire-de-strasbourg-le-16-septembre-2025-n25-00456\\\/\"]}]},{\"@type\":\"ImageObject\",\"inLanguage\":\"pt-PT\",\"@id\":\"https:\\\/\\\/kohenavocats.com\\\/pt-pt\\\/tribunal-judiciaire-de-strasbourg-le-16-septembre-2025-n25-00456\\\/#primaryimage\",\"url\":\"https:\\\/\\\/kohenavocats.com\\\/wp-content\\\/uploads\\\/2024\\\/11\\\/laura-adai-KfphgU3nUqQ-unsplash.webp\",\"contentUrl\":\"https:\\\/\\\/kohenavocats.com\\\/wp-content\\\/uploads\\\/2024\\\/11\\\/laura-adai-KfphgU3nUqQ-unsplash.webp\",\"width\":7077,\"height\":4724},{\"@type\":\"BreadcrumbList\",\"@id\":\"https:\\\/\\\/kohenavocats.com\\\/pt-pt\\\/tribunal-judiciaire-de-strasbourg-le-16-septembre-2025-n25-00456\\\/#breadcrumb\",\"itemListElement\":[{\"@type\":\"ListItem\",\"position\":1,\"name\":\"Home\",\"item\":\"https:\\\/\\\/kohenavocats.com\\\/pt-pt\\\/avocats-en-droit-penal-a-paris-conseil-et-defense-strategique\\\/\"},{\"@type\":\"ListItem\",\"position\":2,\"name\":\"Tribunal judiciaire de Strasbourg, le 16 septembre 2025, n\u00b025\\\/00456\"}]},{\"@type\":\"WebSite\",\"@id\":\"https:\\\/\\\/kohenavocats.com\\\/pt-pt\\\/#website\",\"url\":\"https:\\\/\\\/kohenavocats.com\\\/pt-pt\\\/\",\"name\":\"Kohen Avocats\",\"description\":\"Ma\u00eetre Hassan Kohen, avocat p\u00e9naliste \u00e0 Paris, intervient exclusivement en droit p\u00e9nal pour la d\u00e9fense des particuliers, notamment en mati\u00e8re d\u2019accusations de viol. Il assure un accompagnement rigoureux d\u00e8s la garde \u00e0 vue jusqu\u2019\u00e0 la Cour d\u2019assises, veillant au strict respect des garanties proc\u00e9durales.\",\"publisher\":{\"@id\":\"https:\\\/\\\/kohenavocats.com\\\/pt-pt\\\/#organization\"},\"potentialAction\":[{\"@type\":\"SearchAction\",\"target\":{\"@type\":\"EntryPoint\",\"urlTemplate\":\"https:\\\/\\\/kohenavocats.com\\\/pt-pt\\\/?s={search_term_string}\"},\"query-input\":{\"@type\":\"PropertyValueSpecification\",\"valueRequired\":true,\"valueName\":\"search_term_string\"}}],\"inLanguage\":\"pt-PT\"},{\"@type\":\"Organization\",\"@id\":\"https:\\\/\\\/kohenavocats.com\\\/pt-pt\\\/#organization\",\"name\":\"Kohen Avocats\",\"url\":\"https:\\\/\\\/kohenavocats.com\\\/pt-pt\\\/\",\"logo\":{\"@type\":\"ImageObject\",\"inLanguage\":\"pt-PT\",\"@id\":\"https:\\\/\\\/kohenavocats.com\\\/pt-pt\\\/#\\\/schema\\\/logo\\\/image\\\/\",\"url\":\"https:\\\/\\\/kohenavocats.com\\\/wp-content\\\/uploads\\\/2026\\\/01\\\/Logo-2-1.webp\",\"contentUrl\":\"https:\\\/\\\/kohenavocats.com\\\/wp-content\\\/uploads\\\/2026\\\/01\\\/Logo-2-1.webp\",\"width\":2114,\"height\":1253,\"caption\":\"Kohen Avocats\"},\"image\":{\"@id\":\"https:\\\/\\\/kohenavocats.com\\\/pt-pt\\\/#\\\/schema\\\/logo\\\/image\\\/\"}},{\"@type\":\"Person\",\"@id\":\"https:\\\/\\\/kohenavocats.com\\\/pt-pt\\\/#\\\/schema\\\/person\\\/761c9ba54fa1ca84d405cef0831ff751\",\"name\":\"Kohen\",\"image\":{\"@type\":\"ImageObject\",\"inLanguage\":\"pt-PT\",\"@id\":\"https:\\\/\\\/secure.gravatar.com\\\/avatar\\\/1c5e76ef76bbbfdd2b4da984e2bf2fa4056fd51a27d25ce2c332047f1dfd6e00?s=96&d=identicon&r=g\",\"url\":\"https:\\\/\\\/secure.gravatar.com\\\/avatar\\\/1c5e76ef76bbbfdd2b4da984e2bf2fa4056fd51a27d25ce2c332047f1dfd6e00?s=96&d=identicon&r=g\",\"contentUrl\":\"https:\\\/\\\/secure.gravatar.com\\\/avatar\\\/1c5e76ef76bbbfdd2b4da984e2bf2fa4056fd51a27d25ce2c332047f1dfd6e00?s=96&d=identicon&r=g\",\"caption\":\"Kohen\"},\"sameAs\":[\"https:\\\/\\\/www.linkedin.com\\\/in\\\/hassan-kohen-448548192\\\/\",\"https:\\\/\\\/www.youtube.com\\\/@Kohen-Avocats\"],\"url\":\"https:\\\/\\\/kohenavocats.com\\\/pt-pt\\\/author\\\/kohenmlk\\\/\"}]}<\/script>\n<!-- \/ Yoast SEO Premium plugin. -->","yoast_head_json":{"title":"Tribunal judiciaire de Strasbourg, le 16 septembre 2025, n\u00b025\/00456 - Ma\u00eetre Hassan Kohen, avocat en droit p\u00e9nal \u00e0 Paris","description":"Le tribunal judiciaire, statuant en r\u00e9f\u00e9r\u00e9 le 16 septembre 2025, examine une demande d'expulsion et de provisions. Le bail pr\u00e9voyait une r\u00e9siliation de plein...","robots":{"index":"index","follow":"follow","max-snippet":"max-snippet:-1","max-image-preview":"max-image-preview:large","max-video-preview":"max-video-preview:-1"},"canonical":"https:\/\/kohenavocats.com\/pt-pt\/tribunal-judiciaire-de-strasbourg-le-16-septembre-2025-n25-00456\/","og_locale":"pt_PT","og_type":"article","og_title":"Tribunal judiciaire de Strasbourg, le 16 septembre 2025, n\u00b025\/00456","og_description":"Le tribunal judiciaire, statuant en r\u00e9f\u00e9r\u00e9 le 16 septembre 2025, examine une demande d'expulsion et de provisions. Le bail pr\u00e9voyait une r\u00e9siliation de plein...","og_url":"https:\/\/kohenavocats.com\/pt-pt\/tribunal-judiciaire-de-strasbourg-le-16-septembre-2025-n25-00456\/","og_site_name":"Ma\u00eetre Hassan Kohen, avocat en droit p\u00e9nal \u00e0 Paris","article_published_time":"2026-04-23T16:54:29+00:00","og_image":[{"width":7077,"height":4724,"url":"https:\/\/kohenavocats.com\/wp-content\/uploads\/2024\/11\/laura-adai-KfphgU3nUqQ-unsplash.webp","type":"image\/webp"}],"author":"Kohen","twitter_card":"summary_large_image","twitter_misc":{"Escrito por":"Kohen","Tempo estimado de leitura":"3 minutos"},"schema":{"@context":"https:\/\/schema.org","@graph":[{"@type":"Article","@id":"https:\/\/kohenavocats.com\/pt-pt\/tribunal-judiciaire-de-strasbourg-le-16-septembre-2025-n25-00456\/#article","isPartOf":{"@id":"https:\/\/kohenavocats.com\/pt-pt\/tribunal-judiciaire-de-strasbourg-le-16-septembre-2025-n25-00456\/"},"author":{"name":"Kohen","@id":"https:\/\/kohenavocats.com\/pt-pt\/#\/schema\/person\/761c9ba54fa1ca84d405cef0831ff751"},"headline":"Tribunal judiciaire de Strasbourg, le 16 septembre 2025, n\u00b025\/00456","datePublished":"2026-04-23T16:54:29+00:00","mainEntityOfPage":{"@id":"https:\/\/kohenavocats.com\/pt-pt\/tribunal-judiciaire-de-strasbourg-le-16-septembre-2025-n25-00456\/"},"wordCount":586,"commentCount":0,"publisher":{"@id":"https:\/\/kohenavocats.com\/pt-pt\/#organization"},"image":{"@id":"https:\/\/kohenavocats.com\/pt-pt\/tribunal-judiciaire-de-strasbourg-le-16-septembre-2025-n25-00456\/#primaryimage"},"thumbnailUrl":"https:\/\/kohenavocats.com\/wp-content\/uploads\/2024\/11\/laura-adai-KfphgU3nUqQ-unsplash.webp","articleSection":["Jurisprudence"],"inLanguage":"pt-PT","potentialAction":[{"@type":"CommentAction","name":"Comment","target":["https:\/\/kohenavocats.com\/pt-pt\/tribunal-judiciaire-de-strasbourg-le-16-septembre-2025-n25-00456\/#respond"]}],"citation":"Tribunal judiciaire de Strasbourg, le 16 septembre 2025, n\u00b025\/00456","about":[{"@type":"Thing","name":"Jurisprudence"}],"dateModified":"2026-04-23T16:54:29+00:00","speakable":{"@type":"SpeakableSpecification","cssSelector":[".article-content > p:first-of-type"]}},{"@type":"WebPage","@id":"https:\/\/kohenavocats.com\/pt-pt\/tribunal-judiciaire-de-strasbourg-le-16-septembre-2025-n25-00456\/","url":"https:\/\/kohenavocats.com\/pt-pt\/tribunal-judiciaire-de-strasbourg-le-16-septembre-2025-n25-00456\/","name":"Tribunal judiciaire de Strasbourg, le 16 septembre 2025, n\u00b025\/00456 - Ma\u00eetre Hassan Kohen, avocat en droit p\u00e9nal \u00e0 Paris","isPartOf":{"@id":"https:\/\/kohenavocats.com\/pt-pt\/#website"},"primaryImageOfPage":{"@id":"https:\/\/kohenavocats.com\/pt-pt\/tribunal-judiciaire-de-strasbourg-le-16-septembre-2025-n25-00456\/#primaryimage"},"image":{"@id":"https:\/\/kohenavocats.com\/pt-pt\/tribunal-judiciaire-de-strasbourg-le-16-septembre-2025-n25-00456\/#primaryimage"},"thumbnailUrl":"https:\/\/kohenavocats.com\/wp-content\/uploads\/2024\/11\/laura-adai-KfphgU3nUqQ-unsplash.webp","datePublished":"2026-04-23T16:54:29+00:00","description":"Le tribunal judiciaire, statuant en r\u00e9f\u00e9r\u00e9 le 16 septembre 2025, examine une demande d'expulsion et de provisions. Le bail pr\u00e9voyait une r\u00e9siliation de plein...","breadcrumb":{"@id":"https:\/\/kohenavocats.com\/pt-pt\/tribunal-judiciaire-de-strasbourg-le-16-septembre-2025-n25-00456\/#breadcrumb"},"inLanguage":"pt-PT","potentialAction":[{"@type":"ReadAction","target":["https:\/\/kohenavocats.com\/pt-pt\/tribunal-judiciaire-de-strasbourg-le-16-septembre-2025-n25-00456\/"]}]},{"@type":"ImageObject","inLanguage":"pt-PT","@id":"https:\/\/kohenavocats.com\/pt-pt\/tribunal-judiciaire-de-strasbourg-le-16-septembre-2025-n25-00456\/#primaryimage","url":"https:\/\/kohenavocats.com\/wp-content\/uploads\/2024\/11\/laura-adai-KfphgU3nUqQ-unsplash.webp","contentUrl":"https:\/\/kohenavocats.com\/wp-content\/uploads\/2024\/11\/laura-adai-KfphgU3nUqQ-unsplash.webp","width":7077,"height":4724},{"@type":"BreadcrumbList","@id":"https:\/\/kohenavocats.com\/pt-pt\/tribunal-judiciaire-de-strasbourg-le-16-septembre-2025-n25-00456\/#breadcrumb","itemListElement":[{"@type":"ListItem","position":1,"name":"Home","item":"https:\/\/kohenavocats.com\/pt-pt\/avocats-en-droit-penal-a-paris-conseil-et-defense-strategique\/"},{"@type":"ListItem","position":2,"name":"Tribunal judiciaire de Strasbourg, le 16 septembre 2025, n\u00b025\/00456"}]},{"@type":"WebSite","@id":"https:\/\/kohenavocats.com\/pt-pt\/#website","url":"https:\/\/kohenavocats.com\/pt-pt\/","name":"Kohen Avocats","description":"Ma\u00eetre Hassan Kohen, avocat p\u00e9naliste \u00e0 Paris, intervient exclusivement en droit p\u00e9nal pour la d\u00e9fense des particuliers, notamment en mati\u00e8re d\u2019accusations de viol. Il assure un accompagnement rigoureux d\u00e8s la garde \u00e0 vue jusqu\u2019\u00e0 la Cour d\u2019assises, veillant au strict respect des garanties proc\u00e9durales.","publisher":{"@id":"https:\/\/kohenavocats.com\/pt-pt\/#organization"},"potentialAction":[{"@type":"SearchAction","target":{"@type":"EntryPoint","urlTemplate":"https:\/\/kohenavocats.com\/pt-pt\/?s={search_term_string}"},"query-input":{"@type":"PropertyValueSpecification","valueRequired":true,"valueName":"search_term_string"}}],"inLanguage":"pt-PT"},{"@type":"Organization","@id":"https:\/\/kohenavocats.com\/pt-pt\/#organization","name":"Kohen Avocats","url":"https:\/\/kohenavocats.com\/pt-pt\/","logo":{"@type":"ImageObject","inLanguage":"pt-PT","@id":"https:\/\/kohenavocats.com\/pt-pt\/#\/schema\/logo\/image\/","url":"https:\/\/kohenavocats.com\/wp-content\/uploads\/2026\/01\/Logo-2-1.webp","contentUrl":"https:\/\/kohenavocats.com\/wp-content\/uploads\/2026\/01\/Logo-2-1.webp","width":2114,"height":1253,"caption":"Kohen Avocats"},"image":{"@id":"https:\/\/kohenavocats.com\/pt-pt\/#\/schema\/logo\/image\/"}},{"@type":"Person","@id":"https:\/\/kohenavocats.com\/pt-pt\/#\/schema\/person\/761c9ba54fa1ca84d405cef0831ff751","name":"Kohen","image":{"@type":"ImageObject","inLanguage":"pt-PT","@id":"https:\/\/secure.gravatar.com\/avatar\/1c5e76ef76bbbfdd2b4da984e2bf2fa4056fd51a27d25ce2c332047f1dfd6e00?s=96&d=identicon&r=g","url":"https:\/\/secure.gravatar.com\/avatar\/1c5e76ef76bbbfdd2b4da984e2bf2fa4056fd51a27d25ce2c332047f1dfd6e00?s=96&d=identicon&r=g","contentUrl":"https:\/\/secure.gravatar.com\/avatar\/1c5e76ef76bbbfdd2b4da984e2bf2fa4056fd51a27d25ce2c332047f1dfd6e00?s=96&d=identicon&r=g","caption":"Kohen"},"sameAs":["https:\/\/www.linkedin.com\/in\/hassan-kohen-448548192\/","https:\/\/www.youtube.com\/@Kohen-Avocats"],"url":"https:\/\/kohenavocats.com\/pt-pt\/author\/kohenmlk\/"}]}},"jetpack_featured_media_url":"https:\/\/kohenavocats.com\/wp-content\/uploads\/2024\/11\/laura-adai-KfphgU3nUqQ-unsplash.webp","jetpack_likes_enabled":false,"jetpack_shortlink":"https:\/\/wp.me\/peCrII-2MgZ","jetpack-related-posts":[{"id":670710,"url":"https:\/\/kohenavocats.com\/pt-pt\/tribunal-judiciaire-de-paris-le-10-avril-2025-n25-00641\/","url_meta":{"origin":662221,"position":0},"title":"Tribunal judiciaire de Paris, le 10 avril 2025, n\u00b025\/00641","author":"Kohen","date":"24 de Abril, 2026","format":false,"excerpt":"Le tribunal judiciaire de Paris, statuant en r\u00e9f\u00e9r\u00e9 le 10 avril 2025, examine une demande en expulsion et provision suite \u00e0 un impay\u00e9 locatif. Le bail commer...","rel":"","context":"In &quot;Code des assurances&quot;","block_context":{"text":"Code des assurances","link":"https:\/\/kohenavocats.com\/category\/code-des-assurances\/"},"img":{"alt_text":"","src":"https:\/\/i0.wp.com\/kohenavocats.com\/wp-content\/uploads\/2024\/06\/chesss.webp?resize=350%2C200&ssl=1","width":350,"height":200,"srcset":"https:\/\/i0.wp.com\/kohenavocats.com\/wp-content\/uploads\/2024\/06\/chesss.webp?resize=350%2C200&ssl=1 1x, https:\/\/i0.wp.com\/kohenavocats.com\/wp-content\/uploads\/2024\/06\/chesss.webp?resize=525%2C300&ssl=1 1.5x, https:\/\/i0.wp.com\/kohenavocats.com\/wp-content\/uploads\/2024\/06\/chesss.webp?resize=700%2C400&ssl=1 2x, https:\/\/i0.wp.com\/kohenavocats.com\/wp-content\/uploads\/2024\/06\/chesss.webp?resize=1050%2C600&ssl=1 3x, https:\/\/i0.wp.com\/kohenavocats.com\/wp-content\/uploads\/2024\/06\/chesss.webp?resize=1400%2C800&ssl=1 4x"},"classes":[]},{"id":542303,"url":"https:\/\/kohenavocats.com\/pt-pt\/tribunal-judiciaire-de-strasbourg-le-25-septembre-2025-n25-00456\/","url_meta":{"origin":662221,"position":1},"title":"Tribunal judiciaire de Strasbourg, le 25 septembre 2025, n\u00b025\/00456","author":"Kohen","date":"9 de Abril, 2026","format":false,"excerpt":"Le tribunal judiciaire, statuant en r\u00e9f\u00e9r\u00e9 le 16 septembre 2025, examine une demande d'expulsion et de provisions. Le bail pr\u00e9voyait une r\u00e9siliation de...","rel":"","context":"In &quot;D\u00e9cisions juridiques&quot;","block_context":{"text":"D\u00e9cisions juridiques","link":"https:\/\/kohenavocats.com\/category\/decisions-juridiques\/"},"img":{"alt_text":"","src":"https:\/\/i0.wp.com\/kohenavocats.com\/wp-content\/uploads\/2024\/08\/jonathan-velasquez-eUSpDPSFdKU-unsplash-1.webp?resize=350%2C200&ssl=1","width":350,"height":200,"srcset":"https:\/\/i0.wp.com\/kohenavocats.com\/wp-content\/uploads\/2024\/08\/jonathan-velasquez-eUSpDPSFdKU-unsplash-1.webp?resize=350%2C200&ssl=1 1x, https:\/\/i0.wp.com\/kohenavocats.com\/wp-content\/uploads\/2024\/08\/jonathan-velasquez-eUSpDPSFdKU-unsplash-1.webp?resize=525%2C300&ssl=1 1.5x, https:\/\/i0.wp.com\/kohenavocats.com\/wp-content\/uploads\/2024\/08\/jonathan-velasquez-eUSpDPSFdKU-unsplash-1.webp?resize=700%2C400&ssl=1 2x, https:\/\/i0.wp.com\/kohenavocats.com\/wp-content\/uploads\/2024\/08\/jonathan-velasquez-eUSpDPSFdKU-unsplash-1.webp?resize=1050%2C600&ssl=1 3x, https:\/\/i0.wp.com\/kohenavocats.com\/wp-content\/uploads\/2024\/08\/jonathan-velasquez-eUSpDPSFdKU-unsplash-1.webp?resize=1400%2C800&ssl=1 4x"},"classes":[]},{"id":484016,"url":"https:\/\/kohenavocats.com\/pt-pt\/tribunal-judiciaire-de-bourg-en-bresse-le-3-octobre-2025-n25-00265\/","url_meta":{"origin":662221,"position":2},"title":"Tribunal judiciaire de Bourg-en-Bresse, le 3 octobre 2025, n\u00b025\/00265","author":"Kohen","date":"8 de Abril, 2026","format":false,"excerpt":"Le juge des r\u00e9f\u00e9r\u00e9s, statuant le 3 octobre 2025, examine une demande d'expulsion fond\u00e9e sur une clause r\u00e9solutoire. Le bail commercial pr\u00e9voyait la r\u00e9siliati...","rel":"","context":"In &quot;Jurisprudence&quot;","block_context":{"text":"Jurisprudence","link":"https:\/\/kohenavocats.com\/category\/jurisprudence\/"},"img":{"alt_text":"","src":"https:\/\/i0.wp.com\/kohenavocats.com\/wp-content\/uploads\/2024\/11\/pramod-tiwari-fcMI6xvRcYE-unsplash.webp?resize=350%2C200&ssl=1","width":350,"height":200,"srcset":"https:\/\/i0.wp.com\/kohenavocats.com\/wp-content\/uploads\/2024\/11\/pramod-tiwari-fcMI6xvRcYE-unsplash.webp?resize=350%2C200&ssl=1 1x, https:\/\/i0.wp.com\/kohenavocats.com\/wp-content\/uploads\/2024\/11\/pramod-tiwari-fcMI6xvRcYE-unsplash.webp?resize=525%2C300&ssl=1 1.5x, https:\/\/i0.wp.com\/kohenavocats.com\/wp-content\/uploads\/2024\/11\/pramod-tiwari-fcMI6xvRcYE-unsplash.webp?resize=700%2C400&ssl=1 2x, https:\/\/i0.wp.com\/kohenavocats.com\/wp-content\/uploads\/2024\/11\/pramod-tiwari-fcMI6xvRcYE-unsplash.webp?resize=1050%2C600&ssl=1 3x, https:\/\/i0.wp.com\/kohenavocats.com\/wp-content\/uploads\/2024\/11\/pramod-tiwari-fcMI6xvRcYE-unsplash.webp?resize=1400%2C800&ssl=1 4x"},"classes":[]},{"id":481377,"url":"https:\/\/kohenavocats.com\/pt-pt\/tribunal-judiciaire-de-marseille-le-14-novembre-2025-n25-03267\/","url_meta":{"origin":662221,"position":3},"title":"Tribunal judiciaire de Marseille, le 14 novembre 2025, n\u00b025\/03267","author":"Kohen","date":"7 de Abril, 2026","format":false,"excerpt":"Le juge des r\u00e9f\u00e9r\u00e9s, statuant par ordonnance, a \u00e9t\u00e9 saisi d\u2019une demande d\u2019expulsion et de provisions cons\u00e9cutive \u00e0 l\u2019inex\u00e9cution d\u2019un bail commercial. Apr\u00e8s ...","rel":"","context":"In &quot;Jurisprudence&quot;","block_context":{"text":"Jurisprudence","link":"https:\/\/kohenavocats.com\/category\/jurisprudence\/"},"img":{"alt_text":"","src":"https:\/\/i0.wp.com\/kohenavocats.com\/wp-content\/uploads\/2024\/08\/diane-picchiottino-wQiJxPvRk5U-unsplash.webp?resize=350%2C200&ssl=1","width":350,"height":200,"srcset":"https:\/\/i0.wp.com\/kohenavocats.com\/wp-content\/uploads\/2024\/08\/diane-picchiottino-wQiJxPvRk5U-unsplash.webp?resize=350%2C200&ssl=1 1x, https:\/\/i0.wp.com\/kohenavocats.com\/wp-content\/uploads\/2024\/08\/diane-picchiottino-wQiJxPvRk5U-unsplash.webp?resize=525%2C300&ssl=1 1.5x, https:\/\/i0.wp.com\/kohenavocats.com\/wp-content\/uploads\/2024\/08\/diane-picchiottino-wQiJxPvRk5U-unsplash.webp?resize=700%2C400&ssl=1 2x, https:\/\/i0.wp.com\/kohenavocats.com\/wp-content\/uploads\/2024\/08\/diane-picchiottino-wQiJxPvRk5U-unsplash.webp?resize=1050%2C600&ssl=1 3x, https:\/\/i0.wp.com\/kohenavocats.com\/wp-content\/uploads\/2024\/08\/diane-picchiottino-wQiJxPvRk5U-unsplash.webp?resize=1400%2C800&ssl=1 4x"},"classes":[]},{"id":477689,"url":"https:\/\/kohenavocats.com\/pt-pt\/tribunal-judiciaire-le-4-septembre-2025-n25-01235\/","url_meta":{"origin":662221,"position":4},"title":"Tribunal judiciaire, le 4 septembre 2025, n\u00b025\/01235","author":"Kohen","date":"7 de Abril, 2026","format":false,"excerpt":"Le tribunal judiciaire, statuant en r\u00e9f\u00e9r\u00e9, a rendu une ordonnance le 4 septembre 2025. Le bailleur demandait l'expulsion du locataire commercial et le paiem...","rel":"","context":"In &quot;Jurisprudence&quot;","block_context":{"text":"Jurisprudence","link":"https:\/\/kohenavocats.com\/category\/jurisprudence\/"},"img":{"alt_text":"","src":"https:\/\/i0.wp.com\/kohenavocats.com\/wp-content\/uploads\/2024\/11\/getty-images-d21STWFPkw0-unsplash.webp?resize=350%2C200&ssl=1","width":350,"height":200,"srcset":"https:\/\/i0.wp.com\/kohenavocats.com\/wp-content\/uploads\/2024\/11\/getty-images-d21STWFPkw0-unsplash.webp?resize=350%2C200&ssl=1 1x, https:\/\/i0.wp.com\/kohenavocats.com\/wp-content\/uploads\/2024\/11\/getty-images-d21STWFPkw0-unsplash.webp?resize=525%2C300&ssl=1 1.5x, https:\/\/i0.wp.com\/kohenavocats.com\/wp-content\/uploads\/2024\/11\/getty-images-d21STWFPkw0-unsplash.webp?resize=700%2C400&ssl=1 2x, https:\/\/i0.wp.com\/kohenavocats.com\/wp-content\/uploads\/2024\/11\/getty-images-d21STWFPkw0-unsplash.webp?resize=1050%2C600&ssl=1 3x, https:\/\/i0.wp.com\/kohenavocats.com\/wp-content\/uploads\/2024\/11\/getty-images-d21STWFPkw0-unsplash.webp?resize=1400%2C800&ssl=1 4x"},"classes":[]},{"id":494750,"url":"https:\/\/kohenavocats.com\/pt-pt\/tribunal-judiciaire-de-grasse-le-23-octobre-2025-n25-01086\/","url_meta":{"origin":662221,"position":5},"title":"Tribunal judiciaire de Grasse, le 23 octobre 2025, n\u00b025\/01086","author":"Kohen","date":"8 de Abril, 2026","format":false,"excerpt":"Le tribunal judiciaire statuant en r\u00e9f\u00e9r\u00e9, par ordonnance du dix septembre deux mille vingt-cinq, examine la demande d\u2019une soci\u00e9t\u00e9 bailleuse. Cette...","rel":"","context":"In &quot;D\u00e9cisions juridiques&quot;","block_context":{"text":"D\u00e9cisions juridiques","link":"https:\/\/kohenavocats.com\/category\/decisions-juridiques\/"},"img":{"alt_text":"","src":"https:\/\/i0.wp.com\/kohenavocats.com\/wp-content\/uploads\/2024\/11\/getty-images-3YlszAwDqLI-unsplash.webp?resize=350%2C200&ssl=1","width":350,"height":200,"srcset":"https:\/\/i0.wp.com\/kohenavocats.com\/wp-content\/uploads\/2024\/11\/getty-images-3YlszAwDqLI-unsplash.webp?resize=350%2C200&ssl=1 1x, https:\/\/i0.wp.com\/kohenavocats.com\/wp-content\/uploads\/2024\/11\/getty-images-3YlszAwDqLI-unsplash.webp?resize=525%2C300&ssl=1 1.5x, https:\/\/i0.wp.com\/kohenavocats.com\/wp-content\/uploads\/2024\/11\/getty-images-3YlszAwDqLI-unsplash.webp?resize=700%2C400&ssl=1 2x, https:\/\/i0.wp.com\/kohenavocats.com\/wp-content\/uploads\/2024\/11\/getty-images-3YlszAwDqLI-unsplash.webp?resize=1050%2C600&ssl=1 3x, https:\/\/i0.wp.com\/kohenavocats.com\/wp-content\/uploads\/2024\/11\/getty-images-3YlszAwDqLI-unsplash.webp?resize=1400%2C800&ssl=1 4x"},"classes":[]}],"jetpack_sharing_enabled":true,"_links":{"self":[{"href":"https:\/\/kohenavocats.com\/pt-pt\/wp-json\/wp\/v2\/posts\/662221","targetHints":{"allow":["GET"]}}],"collection":[{"href":"https:\/\/kohenavocats.com\/pt-pt\/wp-json\/wp\/v2\/posts"}],"about":[{"href":"https:\/\/kohenavocats.com\/pt-pt\/wp-json\/wp\/v2\/types\/post"}],"author":[{"embeddable":true,"href":"https:\/\/kohenavocats.com\/pt-pt\/wp-json\/wp\/v2\/users\/232070755"}],"replies":[{"embeddable":true,"href":"https:\/\/kohenavocats.com\/pt-pt\/wp-json\/wp\/v2\/comments?post=662221"}],"version-history":[{"count":0,"href":"https:\/\/kohenavocats.com\/pt-pt\/wp-json\/wp\/v2\/posts\/662221\/revisions"}],"wp:featuredmedia":[{"embeddable":true,"href":"https:\/\/kohenavocats.com\/pt-pt\/wp-json\/wp\/v2\/media\/9486"}],"wp:attachment":[{"href":"https:\/\/kohenavocats.com\/pt-pt\/wp-json\/wp\/v2\/media?parent=662221"}],"wp:term":[{"taxonomy":"category","embeddable":true,"href":"https:\/\/kohenavocats.com\/pt-pt\/wp-json\/wp\/v2\/categories?post=662221"},{"taxonomy":"post_tag","embeddable":true,"href":"https:\/\/kohenavocats.com\/pt-pt\/wp-json\/wp\/v2\/tags?post=662221"}],"curies":[{"name":"wp","href":"https:\/\/api.w.org\/{rel}","templated":true}]}}