{"id":662293,"date":"2026-04-23T19:03:03","date_gmt":"2026-04-23T17:03:03","guid":{"rendered":"https:\/\/kohenavocats.com\/cour-dappel-de-paris-le-15-mars-2024-n24-04159\/"},"modified":"2026-04-23T19:03:03","modified_gmt":"2026-04-23T17:03:03","slug":"cour-dappel-de-paris-le-15-mars-2024-n24-04159","status":"publish","type":"post","link":"https:\/\/kohenavocats.com\/pt-pt\/cour-dappel-de-paris-le-15-mars-2024-n24-04159\/","title":{"rendered":"Cour d&#8217;appel de Paris, le 15 mars 2024, n\u00b024\/04159"},"content":{"rendered":"<div class=\"article-content\">\n<p>La Cour d\u2019appel de Paris, statuant le 15 mars 2024, a \u00e9t\u00e9 saisie d\u2019une exception d\u2019incomp\u00e9tence soulev\u00e9e par une mutuelle. Les demandeurs sollicitaient la communication du d\u00e9tail de calcul de primes d\u2019assurance-emprunteur. La juridiction a rejet\u00e9 l\u2019exception mais a ordonn\u00e9 la transmission du dossier \u00e0 une chambre sp\u00e9cialis\u00e9e du tribunal judiciaire. Elle a pr\u00e9cis\u00e9 les r\u00e8gles de comp\u00e9tence et de repr\u00e9sentation obligatoire en mati\u00e8re de demande ind\u00e9termin\u00e9e. La solution \u00e9carte l\u2019incomp\u00e9tence au profit d\u2019un r\u00e9am\u00e9nagement interne de la proc\u00e9dure.<\/p>\n<p>La d\u00e9limitation des comp\u00e9tences entre formations internes<\/p>\n<p>La r\u00e9forme a unifi\u00e9 les juridictions civiles de premier degr\u00e9. Le tribunal judiciaire est d\u00e9sormais la seule juridiction de droit commun. L\u2019ancienne distinction entre tribunal d\u2019instance et de grande instance est abolie. La d\u00e9cision rappelle que cette unification modifie l\u2019analyse des exceptions. &#8220;Il ne s&#8217;agit pas n\u00e9anmoins d&#8217;une incomp\u00e9tence de la juridiction de c\u00e9ans au sens des articles 75 et suivants du code de proc\u00e9dure civile, d\u00e8s lors que la juridiction saisie, \u00e0 savoir le tribunal judiciaire de Paris, est bien comp\u00e9tente, mais simplement d&#8217;un probl\u00e8me d&#8217;orientation entre chambres au sein dudit tribunal judiciaire&#8221; (Motifs). L\u2019incomp\u00e9tence absolue c\u00e8de la place \u00e0 une question d\u2019attribution interne. Cette pr\u00e9cision est essentielle pour le traitement des exceptions de proc\u00e9dure. Elle \u00e9vite les nullit\u00e9s et les renvois co\u00fbteux vers d\u2019autres juridictions. La port\u00e9e est pratique et vise \u00e0 fluidifier le traitement des litiges apr\u00e8s la r\u00e9forme.<\/p>\n<p>La nature de la demande d\u00e9termine le r\u00e9gime proc\u00e9dural applicable<\/p>\n<p>Le montant ou l\u2019objet de la demande guide le choix de la proc\u00e9dure. La d\u00e9cision analyse pr\u00e9cis\u00e9ment la demande des consommateurs. Elle concerne le d\u00e9tail de calcul de primes apr\u00e8s un remboursement anticip\u00e9. &#8220;Il s\u2019agit ainsi d\u2019une demande ind\u00e9termin\u00e9e, de telle sorte qu&#8217;en application des dispositions susvis\u00e9es, elle rel\u00e8ve de la proc\u00e9dure \u00e9crite avec repr\u00e9sentation obligatoire&#8221; (Motifs). Cette qualification entra\u00eene l\u2019application de l\u2019article 761 du code de proc\u00e9dure civile. Les parties sont alors tenues de constituer avocat devant la chambre comp\u00e9tente. Cette analyse respecte la distinction fondamentale entre proc\u00e9dures orale et \u00e9crite. Elle prot\u00e8ge le principe du contradictoire dans les contentieux techniques. La valeur de l\u2019arr\u00eat est de lier la nature de la pr\u00e9tention \u00e0 son traitement proc\u00e9dural ad\u00e9quat.<\/p>\n<p>La distinction des fonctions entre juge de la mise en \u00e9tat et tribunal<\/p>\n<p>Le juge de la mise en \u00e9tat ne peut pas empi\u00e9ter sur le fond du litige. Son r\u00f4le est de pr\u00e9parer l\u2019affaire pour le jugement. Une jurisprudence r\u00e9cente rappelle cette limite essentielle. &#8220;Conform\u00e9ment aux dispositions de l\u2019article 789 du code de proc\u00e9dure civile, les pouvoirs d\u00e9volus au juge de la mise en \u00e9tat ne lui permettent nullement de se prononcer sur le fond du litige&#8221; (Tribunal judiciaire de Paris, le 30 avril 2024, n\u00b022\/06083). La d\u00e9cision comment\u00e9e op\u00e8re une distinction similaire entre orientation et jugement. En ordonnant la transmission \u00e0 une chambre sp\u00e9cialis\u00e9e, elle respecte cette r\u00e9partition. Le tribunal se d\u00e9clare comp\u00e9tent mais renvoie \u00e0 une formation pour le fond. Cette approche garantit une sp\u00e9cialisation et une proc\u00e9dure adapt\u00e9e. Elle assure une bonne administration de la justice au sein d\u2019une juridiction unifi\u00e9e.<\/p>\n<p>La solution privil\u00e9gie l\u2019efficacit\u00e9 proc\u00e9durale et la s\u00e9curit\u00e9 juridique<\/p>\n<p>Le rejet de l\u2019exception d\u2019incomp\u00e9tence \u00e9vite un renvoi formel. La transmission interne pr\u00e9serve la c\u00e9l\u00e9rit\u00e9 de la proc\u00e9dure engag\u00e9e. La d\u00e9cision rappelle avec force l\u2019obligation de constituer avocat. Elle permet une r\u00e9orientation sans frais ni d\u00e9lais excessifs pour les parties. Cette gestion pragmatique est caract\u00e9ristique de l\u2019esprit de la r\u00e9forme. Elle concilie l\u2019unification des juridictions avec la n\u00e9cessaire sp\u00e9cialisation. La port\u00e9e est significative pour les praticiens et les justiciables. Elle clarifie les cons\u00e9quences proc\u00e9durales d\u2019une demande ind\u00e9termin\u00e9e en mati\u00e8re civile. L\u2019arr\u00eat contribue ainsi \u00e0 la s\u00e9curisation des parcours proc\u00e9duraux apr\u00e8s la fusion des tribunaux.<\/p>\n<\/div>\n","protected":false},"excerpt":{"rendered":"<p>La Cour d\u2019appel de Paris, statuant le 15 mars 2024, a \u00e9t\u00e9 saisie d\u2019une exception d\u2019incomp\u00e9tence soulev\u00e9e par une mutuelle. Les demandeurs sollicitaient la co&#8230;<\/p>\n","protected":false},"author":232070755,"featured_media":9461,"comment_status":"open","ping_status":"open","sticky":false,"template":"","format":"standard","meta":{"_crdt_document":"","_jetpack_newsletter_access":"","_jetpack_dont_email_post_to_subs":false,"_jetpack_newsletter_tier_id":0,"_jetpack_memberships_contains_paywalled_content":false,"_kj_source_type":"judilibre","_kj_official_id":"68d58943876d446c8f4878bf","_kj_official_url":"https:\/\/www.courdecassation.fr\/decision\/68d58943876d446c8f4878bf","_kj_judilibre_id":"68d58943876d446c8f4878bf","_kj_jur":"Tribunal judiciaire","_kj_lieu":"Tribunal judiciaire de Paris","_kj_chambre":"PCP JTJ proxi fond","_kj_rg":"24\/04159","_kj_date":"2025-09-25","_jetpack_memberships_contains_paid_content":false,"footnotes":"","jetpack_post_was_ever_published":false},"categories":[7597],"tags":[],"class_list":["post-662293","post","type-post","status-publish","format-standard","has-post-thumbnail","hentry","category-jurisprudence"],"yoast_head":"<!-- This site is optimized with the Yoast SEO Premium plugin v27.5 (Yoast SEO v27.5) - https:\/\/yoast.com\/product\/yoast-seo-premium-wordpress\/ -->\n<title>Cour d&#039;appel de Paris, le 15 mars 2024, n\u00b024\/04159 - Ma\u00eetre Hassan Kohen, avocat en droit p\u00e9nal \u00e0 Paris<\/title>\n<meta name=\"description\" content=\"La Cour d\u2019appel de Paris, statuant le 15 mars 2024, a \u00e9t\u00e9 saisie d\u2019une exception d\u2019incomp\u00e9tence soulev\u00e9e par une mutuelle. Les demandeurs sollicitaient la co...\" \/>\n<meta name=\"robots\" content=\"index, follow, max-snippet:-1, max-image-preview:large, max-video-preview:-1\" \/>\n<link rel=\"canonical\" href=\"https:\/\/kohenavocats.com\/pt-pt\/cour-dappel-de-paris-le-15-mars-2024-n24-04159\/\" \/>\n<meta property=\"og:locale\" content=\"pt_PT\" \/>\n<meta property=\"og:type\" content=\"article\" \/>\n<meta property=\"og:title\" content=\"Cour d&#039;appel de Paris, le 15 mars 2024, n\u00b024\/04159\" \/>\n<meta property=\"og:description\" content=\"La Cour d\u2019appel de Paris, statuant le 15 mars 2024, a \u00e9t\u00e9 saisie d\u2019une exception d\u2019incomp\u00e9tence soulev\u00e9e par une mutuelle. Les demandeurs sollicitaient la co...\" \/>\n<meta property=\"og:url\" content=\"https:\/\/kohenavocats.com\/pt-pt\/cour-dappel-de-paris-le-15-mars-2024-n24-04159\/\" \/>\n<meta property=\"og:site_name\" content=\"Ma\u00eetre Hassan Kohen, avocat en droit p\u00e9nal \u00e0 Paris\" \/>\n<meta property=\"article:published_time\" content=\"2026-04-23T17:03:03+00:00\" \/>\n<meta property=\"og:image\" content=\"https:\/\/kohenavocats.com\/wp-content\/uploads\/2024\/11\/zyanya-citlalli-gy0ATtkEcZs-unsplash.webp\" \/>\n\t<meta property=\"og:image:width\" content=\"3840\" \/>\n\t<meta property=\"og:image:height\" content=\"2160\" \/>\n\t<meta property=\"og:image:type\" content=\"image\/webp\" \/>\n<meta name=\"author\" content=\"Kohen\" \/>\n<meta name=\"twitter:card\" content=\"summary_large_image\" \/>\n<meta name=\"twitter:label1\" content=\"Escrito por\" \/>\n\t<meta name=\"twitter:data1\" content=\"Kohen\" \/>\n\t<meta name=\"twitter:label2\" content=\"Tempo estimado de leitura\" \/>\n\t<meta name=\"twitter:data2\" content=\"4 minutos\" \/>\n<script type=\"application\/ld+json\" class=\"yoast-schema-graph\">{\"@context\":\"https:\\\/\\\/schema.org\",\"@graph\":[{\"@type\":\"Article\",\"@id\":\"https:\\\/\\\/kohenavocats.com\\\/pt-pt\\\/cour-dappel-de-paris-le-15-mars-2024-n24-04159\\\/#article\",\"isPartOf\":{\"@id\":\"https:\\\/\\\/kohenavocats.com\\\/pt-pt\\\/cour-dappel-de-paris-le-15-mars-2024-n24-04159\\\/\"},\"author\":{\"name\":\"Kohen\",\"@id\":\"https:\\\/\\\/kohenavocats.com\\\/pt-pt\\\/#\\\/schema\\\/person\\\/761c9ba54fa1ca84d405cef0831ff751\"},\"headline\":\"Cour d&#8217;appel de Paris, le 15 mars 2024, n\u00b024\\\/04159\",\"datePublished\":\"2026-04-23T17:03:03+00:00\",\"mainEntityOfPage\":{\"@id\":\"https:\\\/\\\/kohenavocats.com\\\/pt-pt\\\/cour-dappel-de-paris-le-15-mars-2024-n24-04159\\\/\"},\"wordCount\":739,\"commentCount\":0,\"publisher\":{\"@id\":\"https:\\\/\\\/kohenavocats.com\\\/pt-pt\\\/#organization\"},\"image\":{\"@id\":\"https:\\\/\\\/kohenavocats.com\\\/pt-pt\\\/cour-dappel-de-paris-le-15-mars-2024-n24-04159\\\/#primaryimage\"},\"thumbnailUrl\":\"https:\\\/\\\/kohenavocats.com\\\/wp-content\\\/uploads\\\/2024\\\/11\\\/zyanya-citlalli-gy0ATtkEcZs-unsplash.webp\",\"articleSection\":[\"Jurisprudence\"],\"inLanguage\":\"pt-PT\",\"potentialAction\":[{\"@type\":\"CommentAction\",\"name\":\"Comment\",\"target\":[\"https:\\\/\\\/kohenavocats.com\\\/pt-pt\\\/cour-dappel-de-paris-le-15-mars-2024-n24-04159\\\/#respond\"]}],\"citation\":\"Cour d&#8217;appel de Paris, le 15 mars 2024, n\u00b024\\\/04159\",\"about\":[{\"@type\":\"Thing\",\"name\":\"Jurisprudence\"}],\"dateModified\":\"2026-04-23T17:03:03+00:00\",\"speakable\":{\"@type\":\"SpeakableSpecification\",\"cssSelector\":[\".article-content > p:first-of-type\"]}},{\"@type\":\"WebPage\",\"@id\":\"https:\\\/\\\/kohenavocats.com\\\/pt-pt\\\/cour-dappel-de-paris-le-15-mars-2024-n24-04159\\\/\",\"url\":\"https:\\\/\\\/kohenavocats.com\\\/pt-pt\\\/cour-dappel-de-paris-le-15-mars-2024-n24-04159\\\/\",\"name\":\"Cour d'appel de Paris, le 15 mars 2024, n\u00b024\\\/04159 - Ma\u00eetre Hassan Kohen, avocat en droit p\u00e9nal \u00e0 Paris\",\"isPartOf\":{\"@id\":\"https:\\\/\\\/kohenavocats.com\\\/pt-pt\\\/#website\"},\"primaryImageOfPage\":{\"@id\":\"https:\\\/\\\/kohenavocats.com\\\/pt-pt\\\/cour-dappel-de-paris-le-15-mars-2024-n24-04159\\\/#primaryimage\"},\"image\":{\"@id\":\"https:\\\/\\\/kohenavocats.com\\\/pt-pt\\\/cour-dappel-de-paris-le-15-mars-2024-n24-04159\\\/#primaryimage\"},\"thumbnailUrl\":\"https:\\\/\\\/kohenavocats.com\\\/wp-content\\\/uploads\\\/2024\\\/11\\\/zyanya-citlalli-gy0ATtkEcZs-unsplash.webp\",\"datePublished\":\"2026-04-23T17:03:03+00:00\",\"description\":\"La Cour d\u2019appel de Paris, statuant le 15 mars 2024, a \u00e9t\u00e9 saisie d\u2019une exception d\u2019incomp\u00e9tence soulev\u00e9e par une mutuelle. Les demandeurs sollicitaient la co...\",\"breadcrumb\":{\"@id\":\"https:\\\/\\\/kohenavocats.com\\\/pt-pt\\\/cour-dappel-de-paris-le-15-mars-2024-n24-04159\\\/#breadcrumb\"},\"inLanguage\":\"pt-PT\",\"potentialAction\":[{\"@type\":\"ReadAction\",\"target\":[\"https:\\\/\\\/kohenavocats.com\\\/pt-pt\\\/cour-dappel-de-paris-le-15-mars-2024-n24-04159\\\/\"]}]},{\"@type\":\"ImageObject\",\"inLanguage\":\"pt-PT\",\"@id\":\"https:\\\/\\\/kohenavocats.com\\\/pt-pt\\\/cour-dappel-de-paris-le-15-mars-2024-n24-04159\\\/#primaryimage\",\"url\":\"https:\\\/\\\/kohenavocats.com\\\/wp-content\\\/uploads\\\/2024\\\/11\\\/zyanya-citlalli-gy0ATtkEcZs-unsplash.webp\",\"contentUrl\":\"https:\\\/\\\/kohenavocats.com\\\/wp-content\\\/uploads\\\/2024\\\/11\\\/zyanya-citlalli-gy0ATtkEcZs-unsplash.webp\",\"width\":3840,\"height\":2160},{\"@type\":\"BreadcrumbList\",\"@id\":\"https:\\\/\\\/kohenavocats.com\\\/pt-pt\\\/cour-dappel-de-paris-le-15-mars-2024-n24-04159\\\/#breadcrumb\",\"itemListElement\":[{\"@type\":\"ListItem\",\"position\":1,\"name\":\"Home\",\"item\":\"https:\\\/\\\/kohenavocats.com\\\/pt-pt\\\/avocats-en-droit-penal-a-paris-conseil-et-defense-strategique\\\/\"},{\"@type\":\"ListItem\",\"position\":2,\"name\":\"Cour d&rsquo;appel de Paris, le 15 mars 2024, n\u00b024\\\/04159\"}]},{\"@type\":\"WebSite\",\"@id\":\"https:\\\/\\\/kohenavocats.com\\\/pt-pt\\\/#website\",\"url\":\"https:\\\/\\\/kohenavocats.com\\\/pt-pt\\\/\",\"name\":\"Kohen Avocats\",\"description\":\"Ma\u00eetre Hassan Kohen, avocat p\u00e9naliste \u00e0 Paris, intervient exclusivement en droit p\u00e9nal pour la d\u00e9fense des particuliers, notamment en mati\u00e8re d\u2019accusations de viol. Il assure un accompagnement rigoureux d\u00e8s la garde \u00e0 vue jusqu\u2019\u00e0 la Cour d\u2019assises, veillant au strict respect des garanties proc\u00e9durales.\",\"publisher\":{\"@id\":\"https:\\\/\\\/kohenavocats.com\\\/pt-pt\\\/#organization\"},\"potentialAction\":[{\"@type\":\"SearchAction\",\"target\":{\"@type\":\"EntryPoint\",\"urlTemplate\":\"https:\\\/\\\/kohenavocats.com\\\/pt-pt\\\/?s={search_term_string}\"},\"query-input\":{\"@type\":\"PropertyValueSpecification\",\"valueRequired\":true,\"valueName\":\"search_term_string\"}}],\"inLanguage\":\"pt-PT\"},{\"@type\":\"Organization\",\"@id\":\"https:\\\/\\\/kohenavocats.com\\\/pt-pt\\\/#organization\",\"name\":\"Kohen Avocats\",\"url\":\"https:\\\/\\\/kohenavocats.com\\\/pt-pt\\\/\",\"logo\":{\"@type\":\"ImageObject\",\"inLanguage\":\"pt-PT\",\"@id\":\"https:\\\/\\\/kohenavocats.com\\\/pt-pt\\\/#\\\/schema\\\/logo\\\/image\\\/\",\"url\":\"https:\\\/\\\/kohenavocats.com\\\/wp-content\\\/uploads\\\/2026\\\/01\\\/Logo-2-1.webp\",\"contentUrl\":\"https:\\\/\\\/kohenavocats.com\\\/wp-content\\\/uploads\\\/2026\\\/01\\\/Logo-2-1.webp\",\"width\":2114,\"height\":1253,\"caption\":\"Kohen Avocats\"},\"image\":{\"@id\":\"https:\\\/\\\/kohenavocats.com\\\/pt-pt\\\/#\\\/schema\\\/logo\\\/image\\\/\"}},{\"@type\":\"Person\",\"@id\":\"https:\\\/\\\/kohenavocats.com\\\/pt-pt\\\/#\\\/schema\\\/person\\\/761c9ba54fa1ca84d405cef0831ff751\",\"name\":\"Kohen\",\"image\":{\"@type\":\"ImageObject\",\"inLanguage\":\"pt-PT\",\"@id\":\"https:\\\/\\\/secure.gravatar.com\\\/avatar\\\/1c5e76ef76bbbfdd2b4da984e2bf2fa4056fd51a27d25ce2c332047f1dfd6e00?s=96&d=identicon&r=g\",\"url\":\"https:\\\/\\\/secure.gravatar.com\\\/avatar\\\/1c5e76ef76bbbfdd2b4da984e2bf2fa4056fd51a27d25ce2c332047f1dfd6e00?s=96&d=identicon&r=g\",\"contentUrl\":\"https:\\\/\\\/secure.gravatar.com\\\/avatar\\\/1c5e76ef76bbbfdd2b4da984e2bf2fa4056fd51a27d25ce2c332047f1dfd6e00?s=96&d=identicon&r=g\",\"caption\":\"Kohen\"},\"sameAs\":[\"https:\\\/\\\/www.linkedin.com\\\/in\\\/hassan-kohen-448548192\\\/\",\"https:\\\/\\\/www.youtube.com\\\/@Kohen-Avocats\"],\"url\":\"https:\\\/\\\/kohenavocats.com\\\/pt-pt\\\/author\\\/kohenmlk\\\/\"}]}<\/script>\n<!-- \/ Yoast SEO Premium plugin. -->","yoast_head_json":{"title":"Cour d'appel de Paris, le 15 mars 2024, n\u00b024\/04159 - Ma\u00eetre Hassan Kohen, avocat en droit p\u00e9nal \u00e0 Paris","description":"La Cour d\u2019appel de Paris, statuant le 15 mars 2024, a \u00e9t\u00e9 saisie d\u2019une exception d\u2019incomp\u00e9tence soulev\u00e9e par une mutuelle. Les demandeurs sollicitaient la co...","robots":{"index":"index","follow":"follow","max-snippet":"max-snippet:-1","max-image-preview":"max-image-preview:large","max-video-preview":"max-video-preview:-1"},"canonical":"https:\/\/kohenavocats.com\/pt-pt\/cour-dappel-de-paris-le-15-mars-2024-n24-04159\/","og_locale":"pt_PT","og_type":"article","og_title":"Cour d'appel de Paris, le 15 mars 2024, n\u00b024\/04159","og_description":"La Cour d\u2019appel de Paris, statuant le 15 mars 2024, a \u00e9t\u00e9 saisie d\u2019une exception d\u2019incomp\u00e9tence soulev\u00e9e par une mutuelle. Les demandeurs sollicitaient la co...","og_url":"https:\/\/kohenavocats.com\/pt-pt\/cour-dappel-de-paris-le-15-mars-2024-n24-04159\/","og_site_name":"Ma\u00eetre Hassan Kohen, avocat en droit p\u00e9nal \u00e0 Paris","article_published_time":"2026-04-23T17:03:03+00:00","og_image":[{"width":3840,"height":2160,"url":"https:\/\/kohenavocats.com\/wp-content\/uploads\/2024\/11\/zyanya-citlalli-gy0ATtkEcZs-unsplash.webp","type":"image\/webp"}],"author":"Kohen","twitter_card":"summary_large_image","twitter_misc":{"Escrito por":"Kohen","Tempo estimado de leitura":"4 minutos"},"schema":{"@context":"https:\/\/schema.org","@graph":[{"@type":"Article","@id":"https:\/\/kohenavocats.com\/pt-pt\/cour-dappel-de-paris-le-15-mars-2024-n24-04159\/#article","isPartOf":{"@id":"https:\/\/kohenavocats.com\/pt-pt\/cour-dappel-de-paris-le-15-mars-2024-n24-04159\/"},"author":{"name":"Kohen","@id":"https:\/\/kohenavocats.com\/pt-pt\/#\/schema\/person\/761c9ba54fa1ca84d405cef0831ff751"},"headline":"Cour d&#8217;appel de Paris, le 15 mars 2024, n\u00b024\/04159","datePublished":"2026-04-23T17:03:03+00:00","mainEntityOfPage":{"@id":"https:\/\/kohenavocats.com\/pt-pt\/cour-dappel-de-paris-le-15-mars-2024-n24-04159\/"},"wordCount":739,"commentCount":0,"publisher":{"@id":"https:\/\/kohenavocats.com\/pt-pt\/#organization"},"image":{"@id":"https:\/\/kohenavocats.com\/pt-pt\/cour-dappel-de-paris-le-15-mars-2024-n24-04159\/#primaryimage"},"thumbnailUrl":"https:\/\/kohenavocats.com\/wp-content\/uploads\/2024\/11\/zyanya-citlalli-gy0ATtkEcZs-unsplash.webp","articleSection":["Jurisprudence"],"inLanguage":"pt-PT","potentialAction":[{"@type":"CommentAction","name":"Comment","target":["https:\/\/kohenavocats.com\/pt-pt\/cour-dappel-de-paris-le-15-mars-2024-n24-04159\/#respond"]}],"citation":"Cour d&#8217;appel de Paris, le 15 mars 2024, n\u00b024\/04159","about":[{"@type":"Thing","name":"Jurisprudence"}],"dateModified":"2026-04-23T17:03:03+00:00","speakable":{"@type":"SpeakableSpecification","cssSelector":[".article-content > p:first-of-type"]}},{"@type":"WebPage","@id":"https:\/\/kohenavocats.com\/pt-pt\/cour-dappel-de-paris-le-15-mars-2024-n24-04159\/","url":"https:\/\/kohenavocats.com\/pt-pt\/cour-dappel-de-paris-le-15-mars-2024-n24-04159\/","name":"Cour d'appel de Paris, le 15 mars 2024, n\u00b024\/04159 - Ma\u00eetre Hassan Kohen, avocat en droit p\u00e9nal \u00e0 Paris","isPartOf":{"@id":"https:\/\/kohenavocats.com\/pt-pt\/#website"},"primaryImageOfPage":{"@id":"https:\/\/kohenavocats.com\/pt-pt\/cour-dappel-de-paris-le-15-mars-2024-n24-04159\/#primaryimage"},"image":{"@id":"https:\/\/kohenavocats.com\/pt-pt\/cour-dappel-de-paris-le-15-mars-2024-n24-04159\/#primaryimage"},"thumbnailUrl":"https:\/\/kohenavocats.com\/wp-content\/uploads\/2024\/11\/zyanya-citlalli-gy0ATtkEcZs-unsplash.webp","datePublished":"2026-04-23T17:03:03+00:00","description":"La Cour d\u2019appel de Paris, statuant le 15 mars 2024, a \u00e9t\u00e9 saisie d\u2019une exception d\u2019incomp\u00e9tence soulev\u00e9e par une mutuelle. Les demandeurs sollicitaient la co...","breadcrumb":{"@id":"https:\/\/kohenavocats.com\/pt-pt\/cour-dappel-de-paris-le-15-mars-2024-n24-04159\/#breadcrumb"},"inLanguage":"pt-PT","potentialAction":[{"@type":"ReadAction","target":["https:\/\/kohenavocats.com\/pt-pt\/cour-dappel-de-paris-le-15-mars-2024-n24-04159\/"]}]},{"@type":"ImageObject","inLanguage":"pt-PT","@id":"https:\/\/kohenavocats.com\/pt-pt\/cour-dappel-de-paris-le-15-mars-2024-n24-04159\/#primaryimage","url":"https:\/\/kohenavocats.com\/wp-content\/uploads\/2024\/11\/zyanya-citlalli-gy0ATtkEcZs-unsplash.webp","contentUrl":"https:\/\/kohenavocats.com\/wp-content\/uploads\/2024\/11\/zyanya-citlalli-gy0ATtkEcZs-unsplash.webp","width":3840,"height":2160},{"@type":"BreadcrumbList","@id":"https:\/\/kohenavocats.com\/pt-pt\/cour-dappel-de-paris-le-15-mars-2024-n24-04159\/#breadcrumb","itemListElement":[{"@type":"ListItem","position":1,"name":"Home","item":"https:\/\/kohenavocats.com\/pt-pt\/avocats-en-droit-penal-a-paris-conseil-et-defense-strategique\/"},{"@type":"ListItem","position":2,"name":"Cour d&rsquo;appel de Paris, le 15 mars 2024, n\u00b024\/04159"}]},{"@type":"WebSite","@id":"https:\/\/kohenavocats.com\/pt-pt\/#website","url":"https:\/\/kohenavocats.com\/pt-pt\/","name":"Kohen Avocats","description":"Ma\u00eetre Hassan Kohen, avocat p\u00e9naliste \u00e0 Paris, intervient exclusivement en droit p\u00e9nal pour la d\u00e9fense des particuliers, notamment en mati\u00e8re d\u2019accusations de viol. Il assure un accompagnement rigoureux d\u00e8s la garde \u00e0 vue jusqu\u2019\u00e0 la Cour d\u2019assises, veillant au strict respect des garanties proc\u00e9durales.","publisher":{"@id":"https:\/\/kohenavocats.com\/pt-pt\/#organization"},"potentialAction":[{"@type":"SearchAction","target":{"@type":"EntryPoint","urlTemplate":"https:\/\/kohenavocats.com\/pt-pt\/?s={search_term_string}"},"query-input":{"@type":"PropertyValueSpecification","valueRequired":true,"valueName":"search_term_string"}}],"inLanguage":"pt-PT"},{"@type":"Organization","@id":"https:\/\/kohenavocats.com\/pt-pt\/#organization","name":"Kohen Avocats","url":"https:\/\/kohenavocats.com\/pt-pt\/","logo":{"@type":"ImageObject","inLanguage":"pt-PT","@id":"https:\/\/kohenavocats.com\/pt-pt\/#\/schema\/logo\/image\/","url":"https:\/\/kohenavocats.com\/wp-content\/uploads\/2026\/01\/Logo-2-1.webp","contentUrl":"https:\/\/kohenavocats.com\/wp-content\/uploads\/2026\/01\/Logo-2-1.webp","width":2114,"height":1253,"caption":"Kohen Avocats"},"image":{"@id":"https:\/\/kohenavocats.com\/pt-pt\/#\/schema\/logo\/image\/"}},{"@type":"Person","@id":"https:\/\/kohenavocats.com\/pt-pt\/#\/schema\/person\/761c9ba54fa1ca84d405cef0831ff751","name":"Kohen","image":{"@type":"ImageObject","inLanguage":"pt-PT","@id":"https:\/\/secure.gravatar.com\/avatar\/1c5e76ef76bbbfdd2b4da984e2bf2fa4056fd51a27d25ce2c332047f1dfd6e00?s=96&d=identicon&r=g","url":"https:\/\/secure.gravatar.com\/avatar\/1c5e76ef76bbbfdd2b4da984e2bf2fa4056fd51a27d25ce2c332047f1dfd6e00?s=96&d=identicon&r=g","contentUrl":"https:\/\/secure.gravatar.com\/avatar\/1c5e76ef76bbbfdd2b4da984e2bf2fa4056fd51a27d25ce2c332047f1dfd6e00?s=96&d=identicon&r=g","caption":"Kohen"},"sameAs":["https:\/\/www.linkedin.com\/in\/hassan-kohen-448548192\/","https:\/\/www.youtube.com\/@Kohen-Avocats"],"url":"https:\/\/kohenavocats.com\/pt-pt\/author\/kohenmlk\/"}]}},"jetpack_featured_media_url":"https:\/\/kohenavocats.com\/wp-content\/uploads\/2024\/11\/zyanya-citlalli-gy0ATtkEcZs-unsplash.webp","jetpack_likes_enabled":false,"jetpack_shortlink":"https:\/\/wp.me\/peCrII-2Mi9","jetpack-related-posts":[{"id":656164,"url":"https:\/\/kohenavocats.com\/pt-pt\/tribunal-judiciaire-de-paris-le-15-janvier-2024-n24-00964\/","url_meta":{"origin":662293,"position":0},"title":"Tribunal judiciaire de Paris, le 15 janvier 2024, n\u00b024\/00964","author":"Kohen","date":"23 de Abril, 2026","format":false,"excerpt":"Le tribunal judiciaire de Paris, le 15 janvier 2024, a \u00e9t\u00e9 saisi par des consommateurs m\u00e9contents d'une installation photovolta\u00efque. Ils demandaient la nulli...","rel":"","context":"In &quot;Jurisprudence&quot;","block_context":{"text":"Jurisprudence","link":"https:\/\/kohenavocats.com\/category\/jurisprudence\/"},"img":{"alt_text":"","src":"https:\/\/i0.wp.com\/kohenavocats.com\/wp-content\/uploads\/2024\/11\/allison-saeng-D22VPXUIm0o-unsplash.webp?resize=350%2C200&ssl=1","width":350,"height":200,"srcset":"https:\/\/i0.wp.com\/kohenavocats.com\/wp-content\/uploads\/2024\/11\/allison-saeng-D22VPXUIm0o-unsplash.webp?resize=350%2C200&ssl=1 1x, https:\/\/i0.wp.com\/kohenavocats.com\/wp-content\/uploads\/2024\/11\/allison-saeng-D22VPXUIm0o-unsplash.webp?resize=525%2C300&ssl=1 1.5x, https:\/\/i0.wp.com\/kohenavocats.com\/wp-content\/uploads\/2024\/11\/allison-saeng-D22VPXUIm0o-unsplash.webp?resize=700%2C400&ssl=1 2x, https:\/\/i0.wp.com\/kohenavocats.com\/wp-content\/uploads\/2024\/11\/allison-saeng-D22VPXUIm0o-unsplash.webp?resize=1050%2C600&ssl=1 3x, https:\/\/i0.wp.com\/kohenavocats.com\/wp-content\/uploads\/2024\/11\/allison-saeng-D22VPXUIm0o-unsplash.webp?resize=1400%2C800&ssl=1 4x"},"classes":[]},{"id":626185,"url":"https:\/\/kohenavocats.com\/pt-pt\/cour-dappel-de-douai-le-15-mars-2025-n25-00133\/","url_meta":{"origin":662293,"position":1},"title":"Cour d&#8217;appel de Douai, le 15 mars 2025, n\u00b025\/00133","author":"Kohen","date":"20 de Abril, 2026","format":false,"excerpt":"La Cour d\u2019appel de Douai, le 15 mars 2025, statue sur une exception d\u2019incomp\u00e9tence soulev\u00e9e dans un litige locatif. Le tribunal judiciaire avait \u00e9t\u00e9 saisi in...","rel":"","context":"In &quot;Jurisprudence&quot;","block_context":{"text":"Jurisprudence","link":"https:\/\/kohenavocats.com\/category\/jurisprudence\/"},"img":{"alt_text":"","src":"https:\/\/i0.wp.com\/kohenavocats.com\/wp-content\/uploads\/2024\/11\/allison-saeng-4pbet6vAb9A-unsplash.webp?resize=350%2C200&ssl=1","width":350,"height":200,"srcset":"https:\/\/i0.wp.com\/kohenavocats.com\/wp-content\/uploads\/2024\/11\/allison-saeng-4pbet6vAb9A-unsplash.webp?resize=350%2C200&ssl=1 1x, https:\/\/i0.wp.com\/kohenavocats.com\/wp-content\/uploads\/2024\/11\/allison-saeng-4pbet6vAb9A-unsplash.webp?resize=525%2C300&ssl=1 1.5x, https:\/\/i0.wp.com\/kohenavocats.com\/wp-content\/uploads\/2024\/11\/allison-saeng-4pbet6vAb9A-unsplash.webp?resize=700%2C400&ssl=1 2x, https:\/\/i0.wp.com\/kohenavocats.com\/wp-content\/uploads\/2024\/11\/allison-saeng-4pbet6vAb9A-unsplash.webp?resize=1050%2C600&ssl=1 3x, https:\/\/i0.wp.com\/kohenavocats.com\/wp-content\/uploads\/2024\/11\/allison-saeng-4pbet6vAb9A-unsplash.webp?resize=1400%2C800&ssl=1 4x"},"classes":[]},{"id":474936,"url":"https:\/\/kohenavocats.com\/pt-pt\/tribunal-judiciaire-de-marseille-le-10-decembre-2025-n25-03410\/","url_meta":{"origin":662293,"position":2},"title":"Tribunal judiciaire de Marseille, le 10 d\u00e9cembre 2025, n\u00b025\/03410","author":"Kohen","date":"7 de Abril, 2026","format":false,"excerpt":"Le Tribunal judiciaire de Marseille, statuant en r\u00e9f\u00e9r\u00e9 le 10 d\u00e9cembre 2025, a \u00e9t\u00e9 saisi d\u2019une demande de suspension d\u2019une d\u00e9cision disciplinaire interne \u00e0 u...","rel":"","context":"In &quot;Jurisprudence&quot;","block_context":{"text":"Jurisprudence","link":"https:\/\/kohenavocats.com\/category\/jurisprudence\/"},"img":{"alt_text":"","src":"https:\/\/i0.wp.com\/kohenavocats.com\/wp-content\/uploads\/2024\/08\/henrique-ferreira-ZyYsY0ez2D4-unsplash.webp?resize=350%2C200&ssl=1","width":350,"height":200,"srcset":"https:\/\/i0.wp.com\/kohenavocats.com\/wp-content\/uploads\/2024\/08\/henrique-ferreira-ZyYsY0ez2D4-unsplash.webp?resize=350%2C200&ssl=1 1x, https:\/\/i0.wp.com\/kohenavocats.com\/wp-content\/uploads\/2024\/08\/henrique-ferreira-ZyYsY0ez2D4-unsplash.webp?resize=525%2C300&ssl=1 1.5x, https:\/\/i0.wp.com\/kohenavocats.com\/wp-content\/uploads\/2024\/08\/henrique-ferreira-ZyYsY0ez2D4-unsplash.webp?resize=700%2C400&ssl=1 2x, https:\/\/i0.wp.com\/kohenavocats.com\/wp-content\/uploads\/2024\/08\/henrique-ferreira-ZyYsY0ez2D4-unsplash.webp?resize=1050%2C600&ssl=1 3x, https:\/\/i0.wp.com\/kohenavocats.com\/wp-content\/uploads\/2024\/08\/henrique-ferreira-ZyYsY0ez2D4-unsplash.webp?resize=1400%2C800&ssl=1 4x"},"classes":[]},{"id":627301,"url":"https:\/\/kohenavocats.com\/pt-pt\/tribunal-judiciaire-de-paris-le-16-octobre-2025-n24-04971\/","url_meta":{"origin":662293,"position":3},"title":"Tribunal judiciaire de Paris, le 16 octobre 2025, n\u00b024\/04971","author":"Kohen","date":"20 de Abril, 2026","format":false,"excerpt":"Le Tribunal judiciaire de Paris, statuant par ordonnance du juge de la mise en \u00e9tat le 16 octobre 2025, se prononce sur une exception d\u2019incomp\u00e9tence. Un \u00e9pou...","rel":"","context":"In &quot;Jurisprudence&quot;","block_context":{"text":"Jurisprudence","link":"https:\/\/kohenavocats.com\/category\/jurisprudence\/"},"img":{"alt_text":"","src":"https:\/\/i0.wp.com\/kohenavocats.com\/wp-content\/uploads\/2024\/11\/lala-azizli-IdY1J7h1vwQ-unsplash-1.webp?resize=350%2C200&ssl=1","width":350,"height":200,"srcset":"https:\/\/i0.wp.com\/kohenavocats.com\/wp-content\/uploads\/2024\/11\/lala-azizli-IdY1J7h1vwQ-unsplash-1.webp?resize=350%2C200&ssl=1 1x, https:\/\/i0.wp.com\/kohenavocats.com\/wp-content\/uploads\/2024\/11\/lala-azizli-IdY1J7h1vwQ-unsplash-1.webp?resize=525%2C300&ssl=1 1.5x, https:\/\/i0.wp.com\/kohenavocats.com\/wp-content\/uploads\/2024\/11\/lala-azizli-IdY1J7h1vwQ-unsplash-1.webp?resize=700%2C400&ssl=1 2x, https:\/\/i0.wp.com\/kohenavocats.com\/wp-content\/uploads\/2024\/11\/lala-azizli-IdY1J7h1vwQ-unsplash-1.webp?resize=1050%2C600&ssl=1 3x, https:\/\/i0.wp.com\/kohenavocats.com\/wp-content\/uploads\/2024\/11\/lala-azizli-IdY1J7h1vwQ-unsplash-1.webp?resize=1400%2C800&ssl=1 4x"},"classes":[]},{"id":684329,"url":"https:\/\/kohenavocats.com\/pt-pt\/cour-dappel-de-aix-en-provence-le-10-septembre-2025-n24-06222\/","url_meta":{"origin":662293,"position":4},"title":"Cour d&#8217;appel de Aix-en-Provence, le 10 septembre 2025, n\u00b024\/06222","author":"Kohen","date":"25 de Abril, 2026","format":false,"excerpt":"Par un arr\u00eat de renvoi rendu par la Cour d'appel d'Aix-en-Provence le 10 septembre 2025, la juridiction se prononce sur l'appel d'une ordonnance du 11 mars 2...","rel":"","context":"In &quot;Jurisprudence&quot;","block_context":{"text":"Jurisprudence","link":"https:\/\/kohenavocats.com\/category\/jurisprudence\/"},"img":{"alt_text":"","src":"https:\/\/i0.wp.com\/kohenavocats.com\/wp-content\/uploads\/2024\/08\/eddie-junior-foXddRnxfc-unsplash.webp?resize=350%2C200&ssl=1","width":350,"height":200,"srcset":"https:\/\/i0.wp.com\/kohenavocats.com\/wp-content\/uploads\/2024\/08\/eddie-junior-foXddRnxfc-unsplash.webp?resize=350%2C200&ssl=1 1x, https:\/\/i0.wp.com\/kohenavocats.com\/wp-content\/uploads\/2024\/08\/eddie-junior-foXddRnxfc-unsplash.webp?resize=525%2C300&ssl=1 1.5x, https:\/\/i0.wp.com\/kohenavocats.com\/wp-content\/uploads\/2024\/08\/eddie-junior-foXddRnxfc-unsplash.webp?resize=700%2C400&ssl=1 2x, https:\/\/i0.wp.com\/kohenavocats.com\/wp-content\/uploads\/2024\/08\/eddie-junior-foXddRnxfc-unsplash.webp?resize=1050%2C600&ssl=1 3x, https:\/\/i0.wp.com\/kohenavocats.com\/wp-content\/uploads\/2024\/08\/eddie-junior-foXddRnxfc-unsplash.webp?resize=1400%2C800&ssl=1 4x"},"classes":[]},{"id":654242,"url":"https:\/\/kohenavocats.com\/pt-pt\/cour-dappel-de-toulon-le-15-juin-2024-n25-02521\/","url_meta":{"origin":662293,"position":5},"title":"Cour d&#8217;appel de Toulon, le 15 juin 2024, n\u00b025\/02521","author":"Kohen","date":"23 de Abril, 2026","format":false,"excerpt":"La cour d'appel de Toulon, statuant le 15 juin 2024, a \u00e9t\u00e9 saisie d'une demande d'indemnisation pour un pr\u00e9judice corporel. La proc\u00e9dure a soulev\u00e9 une questi...","rel":"","context":"In &quot;Jurisprudence&quot;","block_context":{"text":"Jurisprudence","link":"https:\/\/kohenavocats.com\/category\/jurisprudence\/"},"img":{"alt_text":"","src":"https:\/\/i0.wp.com\/kohenavocats.com\/wp-content\/uploads\/2024\/11\/kamran-abdullayev-KGkwMo7r-kA-unsplash.webp?resize=350%2C200&ssl=1","width":350,"height":200,"srcset":"https:\/\/i0.wp.com\/kohenavocats.com\/wp-content\/uploads\/2024\/11\/kamran-abdullayev-KGkwMo7r-kA-unsplash.webp?resize=350%2C200&ssl=1 1x, https:\/\/i0.wp.com\/kohenavocats.com\/wp-content\/uploads\/2024\/11\/kamran-abdullayev-KGkwMo7r-kA-unsplash.webp?resize=525%2C300&ssl=1 1.5x, https:\/\/i0.wp.com\/kohenavocats.com\/wp-content\/uploads\/2024\/11\/kamran-abdullayev-KGkwMo7r-kA-unsplash.webp?resize=700%2C400&ssl=1 2x, https:\/\/i0.wp.com\/kohenavocats.com\/wp-content\/uploads\/2024\/11\/kamran-abdullayev-KGkwMo7r-kA-unsplash.webp?resize=1050%2C600&ssl=1 3x, https:\/\/i0.wp.com\/kohenavocats.com\/wp-content\/uploads\/2024\/11\/kamran-abdullayev-KGkwMo7r-kA-unsplash.webp?resize=1400%2C800&ssl=1 4x"},"classes":[]}],"jetpack_sharing_enabled":true,"_links":{"self":[{"href":"https:\/\/kohenavocats.com\/pt-pt\/wp-json\/wp\/v2\/posts\/662293","targetHints":{"allow":["GET"]}}],"collection":[{"href":"https:\/\/kohenavocats.com\/pt-pt\/wp-json\/wp\/v2\/posts"}],"about":[{"href":"https:\/\/kohenavocats.com\/pt-pt\/wp-json\/wp\/v2\/types\/post"}],"author":[{"embeddable":true,"href":"https:\/\/kohenavocats.com\/pt-pt\/wp-json\/wp\/v2\/users\/232070755"}],"replies":[{"embeddable":true,"href":"https:\/\/kohenavocats.com\/pt-pt\/wp-json\/wp\/v2\/comments?post=662293"}],"version-history":[{"count":0,"href":"https:\/\/kohenavocats.com\/pt-pt\/wp-json\/wp\/v2\/posts\/662293\/revisions"}],"wp:featuredmedia":[{"embeddable":true,"href":"https:\/\/kohenavocats.com\/pt-pt\/wp-json\/wp\/v2\/media\/9461"}],"wp:attachment":[{"href":"https:\/\/kohenavocats.com\/pt-pt\/wp-json\/wp\/v2\/media?parent=662293"}],"wp:term":[{"taxonomy":"category","embeddable":true,"href":"https:\/\/kohenavocats.com\/pt-pt\/wp-json\/wp\/v2\/categories?post=662293"},{"taxonomy":"post_tag","embeddable":true,"href":"https:\/\/kohenavocats.com\/pt-pt\/wp-json\/wp\/v2\/tags?post=662293"}],"curies":[{"name":"wp","href":"https:\/\/api.w.org\/{rel}","templated":true}]}}