{"id":662295,"date":"2026-04-23T19:03:13","date_gmt":"2026-04-23T17:03:13","guid":{"rendered":"https:\/\/kohenavocats.com\/tribunal-judiciaire-de-paris-le-20-novembre-2025-n24-00058\/"},"modified":"2026-04-23T19:03:13","modified_gmt":"2026-04-23T17:03:13","slug":"tribunal-judiciaire-de-paris-le-20-novembre-2025-n24-00058","status":"publish","type":"post","link":"https:\/\/kohenavocats.com\/pt-pt\/tribunal-judiciaire-de-paris-le-20-novembre-2025-n24-00058\/","title":{"rendered":"Tribunal judiciaire de Paris, le 20 novembre 2025, n\u00b024\/00058"},"content":{"rendered":"<div class=\"article-content\">\n<p>Le Tribunal judiciaire de Paris, statuant en la forme des r\u00e9f\u00e9r\u00e9s, a rendu une ordonnance le 20 novembre 2025. Un justiciable avait engag\u00e9 une action en responsabilit\u00e9 contre l&#8217;assureur de son ancien avocat. L&#8217;assureur soulevait une fin de non-recevoir tir\u00e9e de la prescription quinquennale et de la caducit\u00e9. Le juge de la mise en \u00e9tat devait d\u00e9terminer le point de d\u00e9part du d\u00e9lai de prescription de cette action directe. Il a d\u00e9clar\u00e9 l&#8217;action recevable et rejet\u00e9 les exceptions soulev\u00e9es par l&#8217;assureur.<\/p>\n<p>Le point de d\u00e9part de la prescription de l&#8217;action directe<\/p>\n<p>Le juge pr\u00e9cise d&#8217;abord le r\u00e9gime de la prescription de l&#8217;action contre un avocat. Il rappelle le texte applicable en mati\u00e8re de d\u00e9lai sp\u00e9cial. &#8220;l\u2019action en responsabilit\u00e9 dirig\u00e9e contre les personnes ayant repr\u00e9sent\u00e9 ou assist\u00e9 des parties en justice, y compris \u00e0 raison de la perte ou de la destruction des pi\u00e8ces qui ont \u00e9t\u00e9 confi\u00e9es, se prescrit par cinq ans \u00e0 compter de la fin de leur mission.&#8221; (article 2225 du Code civil). Le sens de cette disposition est d&#8217;offrir une s\u00e9curit\u00e9 juridique aux auxiliaires de justice apr\u00e8s l&#8217;accomplissement de leur mission.<\/p>\n<p>La juridiction en d\u00e9duit ensuite le point de d\u00e9part pr\u00e9cis pour l&#8217;esp\u00e8ce. Elle retient que la mission s&#8217;est termin\u00e9e apr\u00e8s un jugement du 19 d\u00e9cembre 2016. Le d\u00e9lai court donc \u00e0 compter de l&#8217;expiration du d\u00e9lai de recours contre cette d\u00e9cision. Cette solution est conforme \u00e0 la jurisprudence r\u00e9cente de la Cour de cassation. &#8220;Il y a lieu de d\u00e9duire d\u00e9sormais de la combinaison des textes pr\u00e9cit\u00e9s que le d\u00e9lai de prescription de l&#8217;action en responsabilit\u00e9 du client contre son avocat, au titre des fautes commises dans l&#8217;ex\u00e9cution de sa mission, court \u00e0 compter de l&#8217;expiration du d\u00e9lai de recours contre la d\u00e9cision ayant termin\u00e9 l&#8217;instance pour laquelle il avait re\u00e7u mandat&#8221; (Cass. Premi\u00e8re chambre civile, le 14 juin 2023, n\u00b022-17.520). La port\u00e9e est de clarifier un point de droit pratique pour les praticiens.<\/p>\n<p>L&#8217;autonomie de l&#8217;action directe contre l&#8217;assureur<\/p>\n<p>Le juge affirme ensuite l&#8217;ind\u00e9pendance de l&#8217;action de la victime contre l&#8217;assureur. Il reconna\u00eet le fondement l\u00e9gal de cette action particuli\u00e8re. &#8220;le tiers l\u00e9s\u00e9 dispose d\u2019un droit d\u2019action directe \u00e0 l\u2019encontre de l\u2019assureur garantissant la responsabilit\u00e9 civile de la personne responsable.&#8221; (article L124-3 du code des assurances). La valeur de ce droit est de faciliter l&#8217;indemnisation de la victime sans attendre la mise en cause du responsable.<\/p>\n<p>La d\u00e9cision en pr\u00e9cise les cons\u00e9quences sur le r\u00e9gime de la prescription. Elle \u00e9tablit que l&#8217;action directe suit le m\u00eame d\u00e9lai que l&#8217;action contre le responsable. &#8220;l\u2019action directe de la victime se prescrit par le m\u00eame d\u00e9lai que l\u2019action de la victime contre le responsable sachant qu\u2019elle n\u2019est pas subordonn\u00e9e \u00e0 la mise en cause de l\u2019assur\u00e9.&#8221; (Motifs de la d\u00e9cision). Cette solution est coh\u00e9rente avec la jurisprudence de la Cour de cassation. &#8220;Si l&#8217;action de la victime contre l&#8217;assureur de responsabilit\u00e9, institu\u00e9e par le troisi\u00e8me de ces textes, trouve son fondement dans le droit de celle-ci \u00e0 obtenir r\u00e9paration de son pr\u00e9judice et ob\u00e9it, en principe, au m\u00eame d\u00e9lai de prescription que son action contre le responsable&#8221; (Cass. Troisi\u00e8me chambre civile, le 14 septembre 2023, n\u00b022-21.493). La port\u00e9e est de prot\u00e9ger la victime contre les al\u00e9as proc\u00e9duraux concernant le responsable.<\/p>\n<p>Le rejet des incidents dilatoires et des demandes accessoires<\/p>\n<p>La d\u00e9cision \u00e9carte enfin la demande de sanction pour incident dilatoire. Le juge rappelle les conditions strictes de cette condamnation particuli\u00e8re. &#8220;cette demande suppose la d\u00e9monstration, d\u2019une faute, d\u2019un dommage et d\u2019un lien de causalit\u00e9 entre la faute et le dommage&#8221; (Motifs de la d\u00e9cision). La simple erreur dans le calcul d&#8217;un d\u00e9lai ne constitue pas une intention dilatoire. La valeur de cette analyse est de pr\u00e9server le droit de soulever une fin de non-recevoir en tout \u00e9tat de cause.<\/p>\n<p>L&#8217;ordonnance rejette \u00e9galement la demande de provision ad litem pr\u00e9sent\u00e9e par le demandeur. Elle estime que cette demande n&#8217;est pas justifi\u00e9e en l&#8217;esp\u00e8ce. Le juge alloue cependant une somme au titre de l&#8217;article 700 du code de proc\u00e9dure civile. Les assureurs succombants sont condamn\u00e9s in solidum \u00e0 payer deux mille euros. La port\u00e9e pratique est de compenser partiellement les frais expos\u00e9s pour cet incident de proc\u00e9dure.<\/p>\n<\/div>\n","protected":false},"excerpt":{"rendered":"<p>Le Tribunal judiciaire de Paris, statuant en la forme des r\u00e9f\u00e9r\u00e9s, a rendu une ordonnance le 20 novembre 2025. Un justiciable avait engag\u00e9 une action en resp&#8230;<\/p>\n","protected":false},"author":232070755,"featured_media":4910,"comment_status":"open","ping_status":"open","sticky":false,"template":"","format":"standard","meta":{"_crdt_document":"","_jetpack_newsletter_access":"","_jetpack_dont_email_post_to_subs":false,"_jetpack_newsletter_tier_id":0,"_jetpack_memberships_contains_paywalled_content":false,"_kj_source_type":"judilibre","_kj_official_id":"68d5aa11876d446c8f4a8080","_kj_official_url":"https:\/\/www.courdecassation.fr\/decision\/68d5aa11876d446c8f4a8080","_kj_judilibre_id":"68d5aa11876d446c8f4a8080","_kj_jur":"Tribunal judiciaire","_kj_lieu":"Tribunal judiciaire du Mans","_kj_chambre":"Chambre 1","_kj_rg":"24\/00058","_kj_date":"2025-09-25","_jetpack_memberships_contains_paid_content":false,"footnotes":"","jetpack_post_was_ever_published":false},"categories":[7597],"tags":[],"class_list":["post-662295","post","type-post","status-publish","format-standard","has-post-thumbnail","hentry","category-jurisprudence"],"yoast_head":"<!-- This site is optimized with the Yoast SEO Premium plugin v27.5 (Yoast SEO v27.5) - https:\/\/yoast.com\/product\/yoast-seo-premium-wordpress\/ -->\n<title>Tribunal judiciaire de Paris, le 20 novembre 2025, n\u00b024\/00058 - Ma\u00eetre Hassan Kohen, avocat en droit p\u00e9nal \u00e0 Paris<\/title>\n<meta name=\"description\" content=\"Le Tribunal judiciaire de Paris, statuant en la forme des r\u00e9f\u00e9r\u00e9s, a rendu une ordonnance le 20 novembre 2025. Un justiciable avait engag\u00e9 une action en resp...\" \/>\n<meta name=\"robots\" content=\"index, follow, max-snippet:-1, max-image-preview:large, max-video-preview:-1\" \/>\n<link rel=\"canonical\" href=\"https:\/\/kohenavocats.com\/pt-pt\/tribunal-judiciaire-de-paris-le-20-novembre-2025-n24-00058\/\" \/>\n<meta property=\"og:locale\" content=\"pt_PT\" \/>\n<meta property=\"og:type\" content=\"article\" \/>\n<meta property=\"og:title\" content=\"Tribunal judiciaire de Paris, le 20 novembre 2025, n\u00b024\/00058\" \/>\n<meta property=\"og:description\" content=\"Le Tribunal judiciaire de Paris, statuant en la forme des r\u00e9f\u00e9r\u00e9s, a rendu une ordonnance le 20 novembre 2025. Un justiciable avait engag\u00e9 une action en resp...\" \/>\n<meta property=\"og:url\" content=\"https:\/\/kohenavocats.com\/pt-pt\/tribunal-judiciaire-de-paris-le-20-novembre-2025-n24-00058\/\" \/>\n<meta property=\"og:site_name\" content=\"Ma\u00eetre Hassan Kohen, avocat en droit p\u00e9nal \u00e0 Paris\" \/>\n<meta property=\"article:published_time\" content=\"2026-04-23T17:03:13+00:00\" \/>\n<meta property=\"og:image\" content=\"https:\/\/kohenavocats.com\/wp-content\/uploads\/2024\/08\/chris-karidis-QSRSgWlAFCQ-unsplash.webp\" \/>\n\t<meta property=\"og:image:width\" content=\"5858\" \/>\n\t<meta property=\"og:image:height\" content=\"3295\" \/>\n\t<meta property=\"og:image:type\" content=\"image\/webp\" \/>\n<meta name=\"author\" content=\"Kohen\" \/>\n<meta name=\"twitter:card\" content=\"summary_large_image\" \/>\n<meta name=\"twitter:label1\" content=\"Escrito por\" \/>\n\t<meta name=\"twitter:data1\" content=\"Kohen\" \/>\n\t<meta name=\"twitter:label2\" content=\"Tempo estimado de leitura\" \/>\n\t<meta name=\"twitter:data2\" content=\"4 minutos\" \/>\n<script type=\"application\/ld+json\" class=\"yoast-schema-graph\">{\"@context\":\"https:\\\/\\\/schema.org\",\"@graph\":[{\"@type\":\"Article\",\"@id\":\"https:\\\/\\\/kohenavocats.com\\\/pt-pt\\\/tribunal-judiciaire-de-paris-le-20-novembre-2025-n24-00058\\\/#article\",\"isPartOf\":{\"@id\":\"https:\\\/\\\/kohenavocats.com\\\/pt-pt\\\/tribunal-judiciaire-de-paris-le-20-novembre-2025-n24-00058\\\/\"},\"author\":{\"name\":\"Kohen\",\"@id\":\"https:\\\/\\\/kohenavocats.com\\\/pt-pt\\\/#\\\/schema\\\/person\\\/761c9ba54fa1ca84d405cef0831ff751\"},\"headline\":\"Tribunal judiciaire de Paris, le 20 novembre 2025, n\u00b024\\\/00058\",\"datePublished\":\"2026-04-23T17:03:13+00:00\",\"mainEntityOfPage\":{\"@id\":\"https:\\\/\\\/kohenavocats.com\\\/pt-pt\\\/tribunal-judiciaire-de-paris-le-20-novembre-2025-n24-00058\\\/\"},\"wordCount\":809,\"commentCount\":0,\"publisher\":{\"@id\":\"https:\\\/\\\/kohenavocats.com\\\/pt-pt\\\/#organization\"},\"image\":{\"@id\":\"https:\\\/\\\/kohenavocats.com\\\/pt-pt\\\/tribunal-judiciaire-de-paris-le-20-novembre-2025-n24-00058\\\/#primaryimage\"},\"thumbnailUrl\":\"https:\\\/\\\/kohenavocats.com\\\/wp-content\\\/uploads\\\/2024\\\/08\\\/chris-karidis-QSRSgWlAFCQ-unsplash.webp\",\"articleSection\":[\"Jurisprudence\"],\"inLanguage\":\"pt-PT\",\"potentialAction\":[{\"@type\":\"CommentAction\",\"name\":\"Comment\",\"target\":[\"https:\\\/\\\/kohenavocats.com\\\/pt-pt\\\/tribunal-judiciaire-de-paris-le-20-novembre-2025-n24-00058\\\/#respond\"]}],\"citation\":\"Tribunal judiciaire de Paris, le 20 novembre 2025, n\u00b024\\\/00058\",\"about\":[{\"@type\":\"Thing\",\"name\":\"Jurisprudence\"}],\"dateModified\":\"2026-04-23T17:03:13+00:00\",\"speakable\":{\"@type\":\"SpeakableSpecification\",\"cssSelector\":[\".article-content > p:first-of-type\"]}},{\"@type\":\"WebPage\",\"@id\":\"https:\\\/\\\/kohenavocats.com\\\/pt-pt\\\/tribunal-judiciaire-de-paris-le-20-novembre-2025-n24-00058\\\/\",\"url\":\"https:\\\/\\\/kohenavocats.com\\\/pt-pt\\\/tribunal-judiciaire-de-paris-le-20-novembre-2025-n24-00058\\\/\",\"name\":\"Tribunal judiciaire de Paris, le 20 novembre 2025, n\u00b024\\\/00058 - Ma\u00eetre Hassan Kohen, avocat en droit p\u00e9nal \u00e0 Paris\",\"isPartOf\":{\"@id\":\"https:\\\/\\\/kohenavocats.com\\\/pt-pt\\\/#website\"},\"primaryImageOfPage\":{\"@id\":\"https:\\\/\\\/kohenavocats.com\\\/pt-pt\\\/tribunal-judiciaire-de-paris-le-20-novembre-2025-n24-00058\\\/#primaryimage\"},\"image\":{\"@id\":\"https:\\\/\\\/kohenavocats.com\\\/pt-pt\\\/tribunal-judiciaire-de-paris-le-20-novembre-2025-n24-00058\\\/#primaryimage\"},\"thumbnailUrl\":\"https:\\\/\\\/kohenavocats.com\\\/wp-content\\\/uploads\\\/2024\\\/08\\\/chris-karidis-QSRSgWlAFCQ-unsplash.webp\",\"datePublished\":\"2026-04-23T17:03:13+00:00\",\"description\":\"Le Tribunal judiciaire de Paris, statuant en la forme des r\u00e9f\u00e9r\u00e9s, a rendu une ordonnance le 20 novembre 2025. Un justiciable avait engag\u00e9 une action en resp...\",\"breadcrumb\":{\"@id\":\"https:\\\/\\\/kohenavocats.com\\\/pt-pt\\\/tribunal-judiciaire-de-paris-le-20-novembre-2025-n24-00058\\\/#breadcrumb\"},\"inLanguage\":\"pt-PT\",\"potentialAction\":[{\"@type\":\"ReadAction\",\"target\":[\"https:\\\/\\\/kohenavocats.com\\\/pt-pt\\\/tribunal-judiciaire-de-paris-le-20-novembre-2025-n24-00058\\\/\"]}]},{\"@type\":\"ImageObject\",\"inLanguage\":\"pt-PT\",\"@id\":\"https:\\\/\\\/kohenavocats.com\\\/pt-pt\\\/tribunal-judiciaire-de-paris-le-20-novembre-2025-n24-00058\\\/#primaryimage\",\"url\":\"https:\\\/\\\/kohenavocats.com\\\/wp-content\\\/uploads\\\/2024\\\/08\\\/chris-karidis-QSRSgWlAFCQ-unsplash.webp\",\"contentUrl\":\"https:\\\/\\\/kohenavocats.com\\\/wp-content\\\/uploads\\\/2024\\\/08\\\/chris-karidis-QSRSgWlAFCQ-unsplash.webp\",\"width\":5858,\"height\":3295},{\"@type\":\"BreadcrumbList\",\"@id\":\"https:\\\/\\\/kohenavocats.com\\\/pt-pt\\\/tribunal-judiciaire-de-paris-le-20-novembre-2025-n24-00058\\\/#breadcrumb\",\"itemListElement\":[{\"@type\":\"ListItem\",\"position\":1,\"name\":\"Home\",\"item\":\"https:\\\/\\\/kohenavocats.com\\\/pt-pt\\\/avocats-en-droit-penal-a-paris-conseil-et-defense-strategique\\\/\"},{\"@type\":\"ListItem\",\"position\":2,\"name\":\"Tribunal judiciaire de Paris, le 20 novembre 2025, n\u00b024\\\/00058\"}]},{\"@type\":\"WebSite\",\"@id\":\"https:\\\/\\\/kohenavocats.com\\\/pt-pt\\\/#website\",\"url\":\"https:\\\/\\\/kohenavocats.com\\\/pt-pt\\\/\",\"name\":\"Kohen Avocats\",\"description\":\"Ma\u00eetre Hassan Kohen, avocat p\u00e9naliste \u00e0 Paris, intervient exclusivement en droit p\u00e9nal pour la d\u00e9fense des particuliers, notamment en mati\u00e8re d\u2019accusations de viol. Il assure un accompagnement rigoureux d\u00e8s la garde \u00e0 vue jusqu\u2019\u00e0 la Cour d\u2019assises, veillant au strict respect des garanties proc\u00e9durales.\",\"publisher\":{\"@id\":\"https:\\\/\\\/kohenavocats.com\\\/pt-pt\\\/#organization\"},\"potentialAction\":[{\"@type\":\"SearchAction\",\"target\":{\"@type\":\"EntryPoint\",\"urlTemplate\":\"https:\\\/\\\/kohenavocats.com\\\/pt-pt\\\/?s={search_term_string}\"},\"query-input\":{\"@type\":\"PropertyValueSpecification\",\"valueRequired\":true,\"valueName\":\"search_term_string\"}}],\"inLanguage\":\"pt-PT\"},{\"@type\":\"Organization\",\"@id\":\"https:\\\/\\\/kohenavocats.com\\\/pt-pt\\\/#organization\",\"name\":\"Kohen Avocats\",\"url\":\"https:\\\/\\\/kohenavocats.com\\\/pt-pt\\\/\",\"logo\":{\"@type\":\"ImageObject\",\"inLanguage\":\"pt-PT\",\"@id\":\"https:\\\/\\\/kohenavocats.com\\\/pt-pt\\\/#\\\/schema\\\/logo\\\/image\\\/\",\"url\":\"https:\\\/\\\/kohenavocats.com\\\/wp-content\\\/uploads\\\/2026\\\/01\\\/Logo-2-1.webp\",\"contentUrl\":\"https:\\\/\\\/kohenavocats.com\\\/wp-content\\\/uploads\\\/2026\\\/01\\\/Logo-2-1.webp\",\"width\":2114,\"height\":1253,\"caption\":\"Kohen Avocats\"},\"image\":{\"@id\":\"https:\\\/\\\/kohenavocats.com\\\/pt-pt\\\/#\\\/schema\\\/logo\\\/image\\\/\"}},{\"@type\":\"Person\",\"@id\":\"https:\\\/\\\/kohenavocats.com\\\/pt-pt\\\/#\\\/schema\\\/person\\\/761c9ba54fa1ca84d405cef0831ff751\",\"name\":\"Kohen\",\"image\":{\"@type\":\"ImageObject\",\"inLanguage\":\"pt-PT\",\"@id\":\"https:\\\/\\\/secure.gravatar.com\\\/avatar\\\/1c5e76ef76bbbfdd2b4da984e2bf2fa4056fd51a27d25ce2c332047f1dfd6e00?s=96&d=identicon&r=g\",\"url\":\"https:\\\/\\\/secure.gravatar.com\\\/avatar\\\/1c5e76ef76bbbfdd2b4da984e2bf2fa4056fd51a27d25ce2c332047f1dfd6e00?s=96&d=identicon&r=g\",\"contentUrl\":\"https:\\\/\\\/secure.gravatar.com\\\/avatar\\\/1c5e76ef76bbbfdd2b4da984e2bf2fa4056fd51a27d25ce2c332047f1dfd6e00?s=96&d=identicon&r=g\",\"caption\":\"Kohen\"},\"sameAs\":[\"https:\\\/\\\/www.linkedin.com\\\/in\\\/hassan-kohen-448548192\\\/\",\"https:\\\/\\\/www.youtube.com\\\/@Kohen-Avocats\"],\"url\":\"https:\\\/\\\/kohenavocats.com\\\/pt-pt\\\/author\\\/kohenmlk\\\/\"}]}<\/script>\n<!-- \/ Yoast SEO Premium plugin. -->","yoast_head_json":{"title":"Tribunal judiciaire de Paris, le 20 novembre 2025, n\u00b024\/00058 - Ma\u00eetre Hassan Kohen, avocat en droit p\u00e9nal \u00e0 Paris","description":"Le Tribunal judiciaire de Paris, statuant en la forme des r\u00e9f\u00e9r\u00e9s, a rendu une ordonnance le 20 novembre 2025. Un justiciable avait engag\u00e9 une action en resp...","robots":{"index":"index","follow":"follow","max-snippet":"max-snippet:-1","max-image-preview":"max-image-preview:large","max-video-preview":"max-video-preview:-1"},"canonical":"https:\/\/kohenavocats.com\/pt-pt\/tribunal-judiciaire-de-paris-le-20-novembre-2025-n24-00058\/","og_locale":"pt_PT","og_type":"article","og_title":"Tribunal judiciaire de Paris, le 20 novembre 2025, n\u00b024\/00058","og_description":"Le Tribunal judiciaire de Paris, statuant en la forme des r\u00e9f\u00e9r\u00e9s, a rendu une ordonnance le 20 novembre 2025. Un justiciable avait engag\u00e9 une action en resp...","og_url":"https:\/\/kohenavocats.com\/pt-pt\/tribunal-judiciaire-de-paris-le-20-novembre-2025-n24-00058\/","og_site_name":"Ma\u00eetre Hassan Kohen, avocat en droit p\u00e9nal \u00e0 Paris","article_published_time":"2026-04-23T17:03:13+00:00","og_image":[{"width":5858,"height":3295,"url":"https:\/\/kohenavocats.com\/wp-content\/uploads\/2024\/08\/chris-karidis-QSRSgWlAFCQ-unsplash.webp","type":"image\/webp"}],"author":"Kohen","twitter_card":"summary_large_image","twitter_misc":{"Escrito por":"Kohen","Tempo estimado de leitura":"4 minutos"},"schema":{"@context":"https:\/\/schema.org","@graph":[{"@type":"Article","@id":"https:\/\/kohenavocats.com\/pt-pt\/tribunal-judiciaire-de-paris-le-20-novembre-2025-n24-00058\/#article","isPartOf":{"@id":"https:\/\/kohenavocats.com\/pt-pt\/tribunal-judiciaire-de-paris-le-20-novembre-2025-n24-00058\/"},"author":{"name":"Kohen","@id":"https:\/\/kohenavocats.com\/pt-pt\/#\/schema\/person\/761c9ba54fa1ca84d405cef0831ff751"},"headline":"Tribunal judiciaire de Paris, le 20 novembre 2025, n\u00b024\/00058","datePublished":"2026-04-23T17:03:13+00:00","mainEntityOfPage":{"@id":"https:\/\/kohenavocats.com\/pt-pt\/tribunal-judiciaire-de-paris-le-20-novembre-2025-n24-00058\/"},"wordCount":809,"commentCount":0,"publisher":{"@id":"https:\/\/kohenavocats.com\/pt-pt\/#organization"},"image":{"@id":"https:\/\/kohenavocats.com\/pt-pt\/tribunal-judiciaire-de-paris-le-20-novembre-2025-n24-00058\/#primaryimage"},"thumbnailUrl":"https:\/\/kohenavocats.com\/wp-content\/uploads\/2024\/08\/chris-karidis-QSRSgWlAFCQ-unsplash.webp","articleSection":["Jurisprudence"],"inLanguage":"pt-PT","potentialAction":[{"@type":"CommentAction","name":"Comment","target":["https:\/\/kohenavocats.com\/pt-pt\/tribunal-judiciaire-de-paris-le-20-novembre-2025-n24-00058\/#respond"]}],"citation":"Tribunal judiciaire de Paris, le 20 novembre 2025, n\u00b024\/00058","about":[{"@type":"Thing","name":"Jurisprudence"}],"dateModified":"2026-04-23T17:03:13+00:00","speakable":{"@type":"SpeakableSpecification","cssSelector":[".article-content > p:first-of-type"]}},{"@type":"WebPage","@id":"https:\/\/kohenavocats.com\/pt-pt\/tribunal-judiciaire-de-paris-le-20-novembre-2025-n24-00058\/","url":"https:\/\/kohenavocats.com\/pt-pt\/tribunal-judiciaire-de-paris-le-20-novembre-2025-n24-00058\/","name":"Tribunal judiciaire de Paris, le 20 novembre 2025, n\u00b024\/00058 - Ma\u00eetre Hassan Kohen, avocat en droit p\u00e9nal \u00e0 Paris","isPartOf":{"@id":"https:\/\/kohenavocats.com\/pt-pt\/#website"},"primaryImageOfPage":{"@id":"https:\/\/kohenavocats.com\/pt-pt\/tribunal-judiciaire-de-paris-le-20-novembre-2025-n24-00058\/#primaryimage"},"image":{"@id":"https:\/\/kohenavocats.com\/pt-pt\/tribunal-judiciaire-de-paris-le-20-novembre-2025-n24-00058\/#primaryimage"},"thumbnailUrl":"https:\/\/kohenavocats.com\/wp-content\/uploads\/2024\/08\/chris-karidis-QSRSgWlAFCQ-unsplash.webp","datePublished":"2026-04-23T17:03:13+00:00","description":"Le Tribunal judiciaire de Paris, statuant en la forme des r\u00e9f\u00e9r\u00e9s, a rendu une ordonnance le 20 novembre 2025. Un justiciable avait engag\u00e9 une action en resp...","breadcrumb":{"@id":"https:\/\/kohenavocats.com\/pt-pt\/tribunal-judiciaire-de-paris-le-20-novembre-2025-n24-00058\/#breadcrumb"},"inLanguage":"pt-PT","potentialAction":[{"@type":"ReadAction","target":["https:\/\/kohenavocats.com\/pt-pt\/tribunal-judiciaire-de-paris-le-20-novembre-2025-n24-00058\/"]}]},{"@type":"ImageObject","inLanguage":"pt-PT","@id":"https:\/\/kohenavocats.com\/pt-pt\/tribunal-judiciaire-de-paris-le-20-novembre-2025-n24-00058\/#primaryimage","url":"https:\/\/kohenavocats.com\/wp-content\/uploads\/2024\/08\/chris-karidis-QSRSgWlAFCQ-unsplash.webp","contentUrl":"https:\/\/kohenavocats.com\/wp-content\/uploads\/2024\/08\/chris-karidis-QSRSgWlAFCQ-unsplash.webp","width":5858,"height":3295},{"@type":"BreadcrumbList","@id":"https:\/\/kohenavocats.com\/pt-pt\/tribunal-judiciaire-de-paris-le-20-novembre-2025-n24-00058\/#breadcrumb","itemListElement":[{"@type":"ListItem","position":1,"name":"Home","item":"https:\/\/kohenavocats.com\/pt-pt\/avocats-en-droit-penal-a-paris-conseil-et-defense-strategique\/"},{"@type":"ListItem","position":2,"name":"Tribunal judiciaire de Paris, le 20 novembre 2025, n\u00b024\/00058"}]},{"@type":"WebSite","@id":"https:\/\/kohenavocats.com\/pt-pt\/#website","url":"https:\/\/kohenavocats.com\/pt-pt\/","name":"Kohen Avocats","description":"Ma\u00eetre Hassan Kohen, avocat p\u00e9naliste \u00e0 Paris, intervient exclusivement en droit p\u00e9nal pour la d\u00e9fense des particuliers, notamment en mati\u00e8re d\u2019accusations de viol. Il assure un accompagnement rigoureux d\u00e8s la garde \u00e0 vue jusqu\u2019\u00e0 la Cour d\u2019assises, veillant au strict respect des garanties proc\u00e9durales.","publisher":{"@id":"https:\/\/kohenavocats.com\/pt-pt\/#organization"},"potentialAction":[{"@type":"SearchAction","target":{"@type":"EntryPoint","urlTemplate":"https:\/\/kohenavocats.com\/pt-pt\/?s={search_term_string}"},"query-input":{"@type":"PropertyValueSpecification","valueRequired":true,"valueName":"search_term_string"}}],"inLanguage":"pt-PT"},{"@type":"Organization","@id":"https:\/\/kohenavocats.com\/pt-pt\/#organization","name":"Kohen Avocats","url":"https:\/\/kohenavocats.com\/pt-pt\/","logo":{"@type":"ImageObject","inLanguage":"pt-PT","@id":"https:\/\/kohenavocats.com\/pt-pt\/#\/schema\/logo\/image\/","url":"https:\/\/kohenavocats.com\/wp-content\/uploads\/2026\/01\/Logo-2-1.webp","contentUrl":"https:\/\/kohenavocats.com\/wp-content\/uploads\/2026\/01\/Logo-2-1.webp","width":2114,"height":1253,"caption":"Kohen Avocats"},"image":{"@id":"https:\/\/kohenavocats.com\/pt-pt\/#\/schema\/logo\/image\/"}},{"@type":"Person","@id":"https:\/\/kohenavocats.com\/pt-pt\/#\/schema\/person\/761c9ba54fa1ca84d405cef0831ff751","name":"Kohen","image":{"@type":"ImageObject","inLanguage":"pt-PT","@id":"https:\/\/secure.gravatar.com\/avatar\/1c5e76ef76bbbfdd2b4da984e2bf2fa4056fd51a27d25ce2c332047f1dfd6e00?s=96&d=identicon&r=g","url":"https:\/\/secure.gravatar.com\/avatar\/1c5e76ef76bbbfdd2b4da984e2bf2fa4056fd51a27d25ce2c332047f1dfd6e00?s=96&d=identicon&r=g","contentUrl":"https:\/\/secure.gravatar.com\/avatar\/1c5e76ef76bbbfdd2b4da984e2bf2fa4056fd51a27d25ce2c332047f1dfd6e00?s=96&d=identicon&r=g","caption":"Kohen"},"sameAs":["https:\/\/www.linkedin.com\/in\/hassan-kohen-448548192\/","https:\/\/www.youtube.com\/@Kohen-Avocats"],"url":"https:\/\/kohenavocats.com\/pt-pt\/author\/kohenmlk\/"}]}},"jetpack_featured_media_url":"https:\/\/kohenavocats.com\/wp-content\/uploads\/2024\/08\/chris-karidis-QSRSgWlAFCQ-unsplash.webp","jetpack_likes_enabled":false,"jetpack_shortlink":"https:\/\/wp.me\/peCrII-2Mib","jetpack-related-posts":[{"id":86931,"url":"https:\/\/kohenavocats.com\/pt-pt\/cour-dappel-de-paris-le-25-juin-2025-n24-11553\/","url_meta":{"origin":662295,"position":0},"title":"Cour d&#8217;appel de Paris, le 25 juin 2025, n\u00b024\/11553","author":"Kohen","date":"10 de Novembro, 2025","format":false,"excerpt":"Par un arr\u00eat du 25 juin 2025, la Cour d\u2019appel de Paris tranche la prescription applicable \u00e0 l\u2019action directe d\u2019un organisme social contre l\u2019assureur de l\u2019employeur. L\u2019esp\u00e8ce na\u00eet d\u2019un accident du travail survenu en 2005, ayant conduit \u00e0 la reconnaissance d\u2019une faute inexcusable par le tribunal des affaires de s\u00e9curit\u00e9\u2026","rel":"","context":"In &quot;Accident du travail&quot;","block_context":{"text":"Accident du travail","link":"https:\/\/kohenavocats.com\/category\/accident-travail\/"},"img":{"alt_text":"","src":"https:\/\/i0.wp.com\/kohenavocats.com\/wp-content\/uploads\/2024\/08\/yohan-marion-UYA82FGMzFE-unsplash.webp?resize=350%2C200&ssl=1","width":350,"height":200,"srcset":"https:\/\/i0.wp.com\/kohenavocats.com\/wp-content\/uploads\/2024\/08\/yohan-marion-UYA82FGMzFE-unsplash.webp?resize=350%2C200&ssl=1 1x, https:\/\/i0.wp.com\/kohenavocats.com\/wp-content\/uploads\/2024\/08\/yohan-marion-UYA82FGMzFE-unsplash.webp?resize=525%2C300&ssl=1 1.5x, https:\/\/i0.wp.com\/kohenavocats.com\/wp-content\/uploads\/2024\/08\/yohan-marion-UYA82FGMzFE-unsplash.webp?resize=700%2C400&ssl=1 2x, https:\/\/i0.wp.com\/kohenavocats.com\/wp-content\/uploads\/2024\/08\/yohan-marion-UYA82FGMzFE-unsplash.webp?resize=1050%2C600&ssl=1 3x, https:\/\/i0.wp.com\/kohenavocats.com\/wp-content\/uploads\/2024\/08\/yohan-marion-UYA82FGMzFE-unsplash.webp?resize=1400%2C800&ssl=1 4x"},"classes":[]},{"id":55494,"url":"https:\/\/kohenavocats.com\/pt-pt\/cour-dappel-de-paris-le-23-juillet-2025-n24-13152\/","url_meta":{"origin":662295,"position":1},"title":"Cour d&#8217;appel de Paris, le 23 juillet 2025, n\u00b024\/13152","author":"Kohen","date":"8 de Novembro, 2025","format":false,"excerpt":"Rendue par la Cour d\u2019appel de Paris le 23 juillet 2025, la d\u00e9cision tranche deux questions proc\u00e9durales d\u00e9terminantes dans un contentieux d\u2019assurance. Elle concerne la qualit\u00e9 \u00e0 agir d\u2019un liquidateur \u00e9tranger en France et le point de d\u00e9part de la prescription d\u2019une action directe contre l\u2019assureur de responsabilit\u00e9 du mandataire\u2026","rel":"","context":"In &quot;Cour d'appel&quot;","block_context":{"text":"Cour d'appel","link":"https:\/\/kohenavocats.com\/category\/cour-dappel\/"},"img":{"alt_text":"","src":"https:\/\/i0.wp.com\/kohenavocats.com\/wp-content\/uploads\/2024\/11\/laura-adai-XdxxYxeOFUo-unsplash.webp?resize=350%2C200&ssl=1","width":350,"height":200,"srcset":"https:\/\/i0.wp.com\/kohenavocats.com\/wp-content\/uploads\/2024\/11\/laura-adai-XdxxYxeOFUo-unsplash.webp?resize=350%2C200&ssl=1 1x, https:\/\/i0.wp.com\/kohenavocats.com\/wp-content\/uploads\/2024\/11\/laura-adai-XdxxYxeOFUo-unsplash.webp?resize=525%2C300&ssl=1 1.5x, https:\/\/i0.wp.com\/kohenavocats.com\/wp-content\/uploads\/2024\/11\/laura-adai-XdxxYxeOFUo-unsplash.webp?resize=700%2C400&ssl=1 2x, https:\/\/i0.wp.com\/kohenavocats.com\/wp-content\/uploads\/2024\/11\/laura-adai-XdxxYxeOFUo-unsplash.webp?resize=1050%2C600&ssl=1 3x, https:\/\/i0.wp.com\/kohenavocats.com\/wp-content\/uploads\/2024\/11\/laura-adai-XdxxYxeOFUo-unsplash.webp?resize=1400%2C800&ssl=1 4x"},"classes":[]},{"id":415657,"url":"https:\/\/kohenavocats.com\/pt-pt\/cour-dappel-de-paris-le-1-juin-2012-n08-23960\/","url_meta":{"origin":662295,"position":2},"title":"Cour d&#8217;appel de Paris, le 1 juin 2012, n\u00b008\/23960","author":"Kohen","date":"21 de Mar\u00e7o, 2026","format":false,"excerpt":"La Cour d\u2019appel de Paris, dans un arr\u00eat du 1er juin 2012, statue sur des d\u00e9sordres affectant un immeuble de bureaux. Le ma\u00eetre d\u2019ouvrage avait construit puis vendu cet immeuble en VEFA. L\u2019acqu\u00e9reur signala des fissures dans les dalles des circulations ext\u00e9rieures. Ces travaux avaient \u00e9t\u00e9 ex\u00e9cut\u00e9s par une entreprise\u2026","rel":"","context":"In &quot;Cour d'appel&quot;","block_context":{"text":"Cour d'appel","link":"https:\/\/kohenavocats.com\/category\/cour-dappel\/"},"img":{"alt_text":"","src":"https:\/\/i0.wp.com\/kohenavocats.com\/wp-content\/uploads\/2024\/11\/getty-images-wRCxUP603nE-unsplash.webp?resize=350%2C200&ssl=1","width":350,"height":200,"srcset":"https:\/\/i0.wp.com\/kohenavocats.com\/wp-content\/uploads\/2024\/11\/getty-images-wRCxUP603nE-unsplash.webp?resize=350%2C200&ssl=1 1x, https:\/\/i0.wp.com\/kohenavocats.com\/wp-content\/uploads\/2024\/11\/getty-images-wRCxUP603nE-unsplash.webp?resize=525%2C300&ssl=1 1.5x, https:\/\/i0.wp.com\/kohenavocats.com\/wp-content\/uploads\/2024\/11\/getty-images-wRCxUP603nE-unsplash.webp?resize=700%2C400&ssl=1 2x, https:\/\/i0.wp.com\/kohenavocats.com\/wp-content\/uploads\/2024\/11\/getty-images-wRCxUP603nE-unsplash.webp?resize=1050%2C600&ssl=1 3x, https:\/\/i0.wp.com\/kohenavocats.com\/wp-content\/uploads\/2024\/11\/getty-images-wRCxUP603nE-unsplash.webp?resize=1400%2C800&ssl=1 4x"},"classes":[]},{"id":656723,"url":"https:\/\/kohenavocats.com\/pt-pt\/tribunal-judiciaire-de-paris-le-30-septembre-2025-n20-09080\/","url_meta":{"origin":662295,"position":3},"title":"Tribunal judiciaire de Paris, le 30 septembre 2025, n\u00b020\/09080","author":"Kohen","date":"23 de Abril, 2026","format":false,"excerpt":"Le tribunal judiciaire de Paris, statuant le trente septembre deux mille vingt-cinq, se prononce sur une action directe en garantie apr\u00e8s sinistre sur un cha...","rel":"","context":"In &quot;Jurisprudence&quot;","block_context":{"text":"Jurisprudence","link":"https:\/\/kohenavocats.com\/category\/jurisprudence\/"},"img":{"alt_text":"","src":"https:\/\/i0.wp.com\/kohenavocats.com\/wp-content\/uploads\/2024\/08\/jean-baptiste-d-dWvNz4JdkKQ-unsplash.webp?resize=350%2C200&ssl=1","width":350,"height":200,"srcset":"https:\/\/i0.wp.com\/kohenavocats.com\/wp-content\/uploads\/2024\/08\/jean-baptiste-d-dWvNz4JdkKQ-unsplash.webp?resize=350%2C200&ssl=1 1x, https:\/\/i0.wp.com\/kohenavocats.com\/wp-content\/uploads\/2024\/08\/jean-baptiste-d-dWvNz4JdkKQ-unsplash.webp?resize=525%2C300&ssl=1 1.5x, https:\/\/i0.wp.com\/kohenavocats.com\/wp-content\/uploads\/2024\/08\/jean-baptiste-d-dWvNz4JdkKQ-unsplash.webp?resize=700%2C400&ssl=1 2x, https:\/\/i0.wp.com\/kohenavocats.com\/wp-content\/uploads\/2024\/08\/jean-baptiste-d-dWvNz4JdkKQ-unsplash.webp?resize=1050%2C600&ssl=1 3x, https:\/\/i0.wp.com\/kohenavocats.com\/wp-content\/uploads\/2024\/08\/jean-baptiste-d-dWvNz4JdkKQ-unsplash.webp?resize=1400%2C800&ssl=1 4x"},"classes":[]},{"id":665959,"url":"https:\/\/kohenavocats.com\/pt-pt\/cour-dappel-de-paris-le-26-mars-2025-n24-11068\/","url_meta":{"origin":662295,"position":4},"title":"Cour d&#8217;appel de Paris, le 26 mars 2025, n\u00b024\/11068","author":"Kohen","date":"24 de Abril, 2026","format":false,"excerpt":"La Cour d'appel de Paris, dans un arr\u00eat du 26 mars 2025, a statu\u00e9 sur un litige opposant un investisseur \u00e0 l'assureur de son conseil en gestion de patrimoine...","rel":"","context":"In &quot;Code des assurances&quot;","block_context":{"text":"Code des assurances","link":"https:\/\/kohenavocats.com\/category\/code-des-assurances\/"},"img":{"alt_text":"","src":"https:\/\/i0.wp.com\/kohenavocats.com\/wp-content\/uploads\/2024\/08\/venus-major-dRu-1z24xCw-unsplash.webp?resize=350%2C200&ssl=1","width":350,"height":200,"srcset":"https:\/\/i0.wp.com\/kohenavocats.com\/wp-content\/uploads\/2024\/08\/venus-major-dRu-1z24xCw-unsplash.webp?resize=350%2C200&ssl=1 1x, https:\/\/i0.wp.com\/kohenavocats.com\/wp-content\/uploads\/2024\/08\/venus-major-dRu-1z24xCw-unsplash.webp?resize=525%2C300&ssl=1 1.5x, https:\/\/i0.wp.com\/kohenavocats.com\/wp-content\/uploads\/2024\/08\/venus-major-dRu-1z24xCw-unsplash.webp?resize=700%2C400&ssl=1 2x, https:\/\/i0.wp.com\/kohenavocats.com\/wp-content\/uploads\/2024\/08\/venus-major-dRu-1z24xCw-unsplash.webp?resize=1050%2C600&ssl=1 3x, https:\/\/i0.wp.com\/kohenavocats.com\/wp-content\/uploads\/2024\/08\/venus-major-dRu-1z24xCw-unsplash.webp?resize=1400%2C800&ssl=1 4x"},"classes":[]},{"id":478766,"url":"https:\/\/kohenavocats.com\/pt-pt\/tribunal-judiciaire-le-13-fevrier-2024-n24-01910\/","url_meta":{"origin":662295,"position":5},"title":"Tribunal judiciaire, le 13 f\u00e9vrier 2024, n\u00b024\/01910","author":"Kohen","date":"7 de Abril, 2026","format":false,"excerpt":"Le tribunal judiciaire, statuant en juge de la mise en \u00e9tat par ordonnance du 13 f\u00e9vrier 2024, a examin\u00e9 une action directe en indemnisation. Des victimes as...","rel":"","context":"In &quot;Jurisprudence&quot;","block_context":{"text":"Jurisprudence","link":"https:\/\/kohenavocats.com\/category\/jurisprudence\/"},"img":{"alt_text":"","src":"https:\/\/i0.wp.com\/kohenavocats.com\/wp-content\/uploads\/2024\/06\/giammarco-boscaro-eWpBNXRHfTI-unsplash.jpg?resize=350%2C200&ssl=1","width":350,"height":200,"srcset":"https:\/\/i0.wp.com\/kohenavocats.com\/wp-content\/uploads\/2024\/06\/giammarco-boscaro-eWpBNXRHfTI-unsplash.jpg?resize=350%2C200&ssl=1 1x, https:\/\/i0.wp.com\/kohenavocats.com\/wp-content\/uploads\/2024\/06\/giammarco-boscaro-eWpBNXRHfTI-unsplash.jpg?resize=525%2C300&ssl=1 1.5x, https:\/\/i0.wp.com\/kohenavocats.com\/wp-content\/uploads\/2024\/06\/giammarco-boscaro-eWpBNXRHfTI-unsplash.jpg?resize=700%2C400&ssl=1 2x, https:\/\/i0.wp.com\/kohenavocats.com\/wp-content\/uploads\/2024\/06\/giammarco-boscaro-eWpBNXRHfTI-unsplash.jpg?resize=1050%2C600&ssl=1 3x, https:\/\/i0.wp.com\/kohenavocats.com\/wp-content\/uploads\/2024\/06\/giammarco-boscaro-eWpBNXRHfTI-unsplash.jpg?resize=1400%2C800&ssl=1 4x"},"classes":[]}],"jetpack_sharing_enabled":true,"_links":{"self":[{"href":"https:\/\/kohenavocats.com\/pt-pt\/wp-json\/wp\/v2\/posts\/662295","targetHints":{"allow":["GET"]}}],"collection":[{"href":"https:\/\/kohenavocats.com\/pt-pt\/wp-json\/wp\/v2\/posts"}],"about":[{"href":"https:\/\/kohenavocats.com\/pt-pt\/wp-json\/wp\/v2\/types\/post"}],"author":[{"embeddable":true,"href":"https:\/\/kohenavocats.com\/pt-pt\/wp-json\/wp\/v2\/users\/232070755"}],"replies":[{"embeddable":true,"href":"https:\/\/kohenavocats.com\/pt-pt\/wp-json\/wp\/v2\/comments?post=662295"}],"version-history":[{"count":0,"href":"https:\/\/kohenavocats.com\/pt-pt\/wp-json\/wp\/v2\/posts\/662295\/revisions"}],"wp:featuredmedia":[{"embeddable":true,"href":"https:\/\/kohenavocats.com\/pt-pt\/wp-json\/wp\/v2\/media\/4910"}],"wp:attachment":[{"href":"https:\/\/kohenavocats.com\/pt-pt\/wp-json\/wp\/v2\/media?parent=662295"}],"wp:term":[{"taxonomy":"category","embeddable":true,"href":"https:\/\/kohenavocats.com\/pt-pt\/wp-json\/wp\/v2\/categories?post=662295"},{"taxonomy":"post_tag","embeddable":true,"href":"https:\/\/kohenavocats.com\/pt-pt\/wp-json\/wp\/v2\/tags?post=662295"}],"curies":[{"name":"wp","href":"https:\/\/api.w.org\/{rel}","templated":true}]}}