{"id":662296,"date":"2026-04-23T19:04:27","date_gmt":"2026-04-23T17:04:27","guid":{"rendered":"https:\/\/kohenavocats.com\/tribunal-judiciaire-de-mesnil-amelot-le-25-septembre-2025-n25-03815\/"},"modified":"2026-04-23T19:04:27","modified_gmt":"2026-04-23T17:04:27","slug":"tribunal-judiciaire-de-mesnil-amelot-le-25-septembre-2025-n25-03815","status":"publish","type":"post","link":"https:\/\/kohenavocats.com\/pt-pt\/tribunal-judiciaire-de-mesnil-amelot-le-25-septembre-2025-n25-03815\/","title":{"rendered":"Tribunal judiciaire de Mesnil-Amelot, le 25 septembre 2025, n\u00b025\/03815"},"content":{"rendered":"<div class=\"article-content\">\n<p>Le tribunal judiciaire du Mesnil-Amelot, statuant le 25 septembre 2025, examine une demande de mainlev\u00e9e de r\u00e9tention administrative. L&#8217;int\u00e9ress\u00e9, ressortissant \u00e9gyptien titulaire d&#8217;un titre de s\u00e9jour croate, invoque l&#8217;incompatibilit\u00e9 de son \u00e9tat de sant\u00e9 avec la r\u00e9tention et sollicite une assignation \u00e0 r\u00e9sidence. Le juge des libert\u00e9s et de la d\u00e9tention rejette l&#8217;ensemble de ses demandes apr\u00e8s un examen au fond des moyens soulev\u00e9s.<\/p>\n<p>Le contr\u00f4le limit\u00e9 du juge sur la prise en charge m\u00e9dicale<\/p>\n<p>Le juge rappelle le cadre l\u00e9gal garantissant l&#8217;acc\u00e8s aux soins en r\u00e9tention. L&#8217;article L. 744-4 du CESEDA pr\u00e9voit l&#8217;information sur le droit \u00e0 un m\u00e9decin. L&#8217;article R. 744-18 assure l&#8217;h\u00e9bergement, la nourriture et les soins gratuits. La jurisprudence pr\u00e9cise que &#8220;l\u2019incompatibilit\u00e9 m\u00e9dicalement \u00e9tablie de l\u2019\u00e9tat de sant\u00e9 avec la r\u00e9tention ou le maintien en zone d\u2019attente est une circonstance qui autorise le juge judiciaire \u00e0 mettre fin \u00e0 la r\u00e9tention&#8221; (2e Civ., 8 avril 2004, pourvoi n\u00b003-50.014). Le droit effectif aux soins est reconnu d\u00e8s lors que des vacations m\u00e9dicales quotidiennes et une permanence infirmi\u00e8re existent.<\/p>\n<p>Le juge souligne les limites de son pouvoir d&#8217;appr\u00e9ciation en mati\u00e8re m\u00e9dicale. Il affirme qu&#8217;une &#8220;juridiction, pas plus qu&#8217;une association d&#8217;aide aux droits, qui ne dispose d&#8217;aucune comp\u00e9tence m\u00e9dicale, ne saurait se substituer aux instances m\u00e9dicales et administratives&#8221;. Son r\u00f4le se borne \u00e0 v\u00e9rifier le respect des droits \u00e0 partir des \u00e9l\u00e9ments m\u00e9dicaux communiqu\u00e9s. En l&#8217;esp\u00e8ce, les relev\u00e9s d&#8217;analyses produits ne d\u00e9montrent aucune incompatibilit\u00e9. Le juge estime donc que la charge de la preuve n&#8217;est pas remplie, faute de document m\u00e9dical attestant d&#8217;une vuln\u00e9rabilit\u00e9 av\u00e9r\u00e9e.<\/p>\n<p>Le rejet de l&#8217;assignation \u00e0 r\u00e9sidence pour d\u00e9faut de conditions l\u00e9gales<\/p>\n<p>Le juge examine ensuite la demande d&#8217;assignation \u00e0 r\u00e9sidence comme alternative \u00e0 la r\u00e9tention. Il constate un d\u00e9faut de respect des conditions l\u00e9gales imp\u00e9ratives. Le juge motive son refus en relevant que &#8220;le retenu ne remplit pas les conditions d\u2019une assignation \u00e0 r\u00e9sidence, telles que fix\u00e9es par l\u2019article [21] 743-13 du Code de l\u2019entr\u00e9e et du s\u00e9jour des \u00e9trangers et du droit d\u2019asile, en ce sens qu\u2019il n\u2019a pas pr\u00e9alablement remis \u00e0 un service de police ou \u00e0 une unit\u00e9 de gendarmerie un passeport en cours de validit\u00e9&#8221;. Cette condition formelle fait obstacle \u00e0 la mesure.<\/p>\n<p>La d\u00e9cision s&#8217;inscrit dans une jurisprudence constante sur les conditions strictes de l&#8217;assignation. Un autre tribunal a d\u00e9j\u00e0 jug\u00e9 que &#8220;la personne retenue ne remplit pas les conditions d\u2019une assignation \u00e0 r\u00e9sidence [&#8230;] en ce sens qu\u2019elle n\u2019a pas pr\u00e9alablement remis \u00e0 un service de police [&#8230;] un passeport en cours de validit\u00e9, quels que soient les m\u00e9rites de ses garanties de repr\u00e9sentation&#8221; (Tribunal judiciaire de Meaux, le 12 avril 2025, n\u00b025\/01409). Le juge note aussi une contradiction dans les d\u00e9clarations de l&#8217;int\u00e9ress\u00e9 sur son h\u00e9bergement stable en France. L&#8217;absence de passeport remis suffit \u00e0 rejeter la demande sans examen compl\u00e9mentaire.<\/p>\n<p>Cette d\u00e9cision illustre le contr\u00f4le restreint exerc\u00e9 sur les conditions de r\u00e9tention li\u00e9es \u00e0 la sant\u00e9. Le juge refuse de s&#8217;immiscer dans l&#8217;appr\u00e9ciation m\u00e9dicale du traitement ad\u00e9quat, se limitant \u00e0 l&#8217;examen de documents officiels. Elle confirme \u00e9galement une interpr\u00e9tation rigoureuse des conditions de l&#8217;assignation \u00e0 r\u00e9sidence. Le d\u00e9faut de remise d&#8217;un passeport valide constitue un obstacle absolu, ind\u00e9pendamment de l&#8217;\u00e9tat de sant\u00e9 ou des garanties de repr\u00e9sentation. Cette rigueur proc\u00e9durale renforce la pr\u00e9visibilit\u00e9 du droit mais limite les alternatives \u00e0 la r\u00e9tention.<\/p>\n<\/div>\n","protected":false},"excerpt":{"rendered":"<p>Le tribunal judiciaire du Mesnil-Amelot, statuant le 25 septembre 2025, examine une demande de mainlev\u00e9e de r\u00e9tention administrative. L&#8217;int\u00e9ress\u00e9, ressortiss&#8230;<\/p>\n","protected":false},"author":232070755,"featured_media":3910,"comment_status":"open","ping_status":"open","sticky":false,"template":"","format":"standard","meta":{"_crdt_document":"","_jetpack_newsletter_access":"","_jetpack_dont_email_post_to_subs":false,"_jetpack_newsletter_tier_id":0,"_jetpack_memberships_contains_paywalled_content":false,"_kj_source_type":"","_kj_official_id":"","_kj_official_url":"","_kj_judilibre_id":"","_kj_jur":"","_kj_lieu":"","_kj_chambre":"","_kj_rg":"","_kj_date":"","_jetpack_memberships_contains_paid_content":false,"footnotes":"","jetpack_post_was_ever_published":false},"categories":[7597],"tags":[],"class_list":["post-662296","post","type-post","status-publish","format-standard","has-post-thumbnail","hentry","category-jurisprudence"],"yoast_head":"<!-- This site is optimized with the Yoast SEO Premium plugin v27.5 (Yoast SEO v27.5) - https:\/\/yoast.com\/product\/yoast-seo-premium-wordpress\/ -->\n<title>Tribunal judiciaire de Mesnil-Amelot, le 25 septembre 2025, n\u00b025\/03815 - Ma\u00eetre Hassan Kohen, avocat en droit p\u00e9nal \u00e0 Paris<\/title>\n<meta name=\"description\" content=\"Le tribunal judiciaire du Mesnil-Amelot, statuant le 25 septembre 2025, examine une demande de mainlev\u00e9e de r\u00e9tention administrative. L&#039;int\u00e9ress\u00e9, ressortiss...\" \/>\n<meta name=\"robots\" content=\"index, follow, max-snippet:-1, max-image-preview:large, max-video-preview:-1\" \/>\n<link rel=\"canonical\" href=\"https:\/\/kohenavocats.com\/pt-pt\/tribunal-judiciaire-de-mesnil-amelot-le-25-septembre-2025-n25-03815\/\" \/>\n<meta property=\"og:locale\" content=\"pt_PT\" \/>\n<meta property=\"og:type\" content=\"article\" \/>\n<meta property=\"og:title\" content=\"Tribunal judiciaire de Mesnil-Amelot, le 25 septembre 2025, n\u00b025\/03815\" \/>\n<meta property=\"og:description\" content=\"Le tribunal judiciaire du Mesnil-Amelot, statuant le 25 septembre 2025, examine une demande de mainlev\u00e9e de r\u00e9tention administrative. L&#039;int\u00e9ress\u00e9, ressortiss...\" \/>\n<meta property=\"og:url\" content=\"https:\/\/kohenavocats.com\/pt-pt\/tribunal-judiciaire-de-mesnil-amelot-le-25-septembre-2025-n25-03815\/\" \/>\n<meta property=\"og:site_name\" content=\"Ma\u00eetre Hassan Kohen, avocat en droit p\u00e9nal \u00e0 Paris\" \/>\n<meta property=\"article:published_time\" content=\"2026-04-23T17:04:27+00:00\" \/>\n<meta property=\"og:image\" content=\"https:\/\/kohenavocats.com\/wp-content\/uploads\/2024\/07\/lucie-morel-DsWjM4iOmyA-unsplash.webp\" \/>\n\t<meta property=\"og:image:width\" content=\"6000\" \/>\n\t<meta property=\"og:image:height\" content=\"3376\" \/>\n\t<meta property=\"og:image:type\" content=\"image\/webp\" \/>\n<meta name=\"author\" content=\"Kohen\" \/>\n<meta name=\"twitter:card\" content=\"summary_large_image\" \/>\n<meta name=\"twitter:label1\" content=\"Escrito por\" \/>\n\t<meta name=\"twitter:data1\" content=\"Kohen\" \/>\n\t<meta name=\"twitter:label2\" content=\"Tempo estimado de leitura\" \/>\n\t<meta name=\"twitter:data2\" content=\"3 minutos\" \/>\n<script type=\"application\/ld+json\" class=\"yoast-schema-graph\">{\"@context\":\"https:\\\/\\\/schema.org\",\"@graph\":[{\"@type\":\"Article\",\"@id\":\"https:\\\/\\\/kohenavocats.com\\\/pt-pt\\\/tribunal-judiciaire-de-mesnil-amelot-le-25-septembre-2025-n25-03815\\\/#article\",\"isPartOf\":{\"@id\":\"https:\\\/\\\/kohenavocats.com\\\/pt-pt\\\/tribunal-judiciaire-de-mesnil-amelot-le-25-septembre-2025-n25-03815\\\/\"},\"author\":{\"name\":\"Kohen\",\"@id\":\"https:\\\/\\\/kohenavocats.com\\\/pt-pt\\\/#\\\/schema\\\/person\\\/761c9ba54fa1ca84d405cef0831ff751\"},\"headline\":\"Tribunal judiciaire de Mesnil-Amelot, le 25 septembre 2025, n\u00b025\\\/03815\",\"datePublished\":\"2026-04-23T17:04:27+00:00\",\"mainEntityOfPage\":{\"@id\":\"https:\\\/\\\/kohenavocats.com\\\/pt-pt\\\/tribunal-judiciaire-de-mesnil-amelot-le-25-septembre-2025-n25-03815\\\/\"},\"wordCount\":648,\"commentCount\":0,\"publisher\":{\"@id\":\"https:\\\/\\\/kohenavocats.com\\\/pt-pt\\\/#organization\"},\"image\":{\"@id\":\"https:\\\/\\\/kohenavocats.com\\\/pt-pt\\\/tribunal-judiciaire-de-mesnil-amelot-le-25-septembre-2025-n25-03815\\\/#primaryimage\"},\"thumbnailUrl\":\"https:\\\/\\\/kohenavocats.com\\\/wp-content\\\/uploads\\\/2024\\\/07\\\/lucie-morel-DsWjM4iOmyA-unsplash.webp\",\"articleSection\":[\"Jurisprudence\"],\"inLanguage\":\"pt-PT\",\"potentialAction\":[{\"@type\":\"CommentAction\",\"name\":\"Comment\",\"target\":[\"https:\\\/\\\/kohenavocats.com\\\/pt-pt\\\/tribunal-judiciaire-de-mesnil-amelot-le-25-septembre-2025-n25-03815\\\/#respond\"]}],\"citation\":\"Tribunal judiciaire de Mesnil-Amelot, le 25 septembre 2025, n\u00b025\\\/03815\",\"about\":[{\"@type\":\"Thing\",\"name\":\"Jurisprudence\"}],\"dateModified\":\"2026-04-23T17:04:27+00:00\",\"speakable\":{\"@type\":\"SpeakableSpecification\",\"cssSelector\":[\".article-content > p:first-of-type\"]}},{\"@type\":\"WebPage\",\"@id\":\"https:\\\/\\\/kohenavocats.com\\\/pt-pt\\\/tribunal-judiciaire-de-mesnil-amelot-le-25-septembre-2025-n25-03815\\\/\",\"url\":\"https:\\\/\\\/kohenavocats.com\\\/pt-pt\\\/tribunal-judiciaire-de-mesnil-amelot-le-25-septembre-2025-n25-03815\\\/\",\"name\":\"Tribunal judiciaire de Mesnil-Amelot, le 25 septembre 2025, n\u00b025\\\/03815 - Ma\u00eetre Hassan Kohen, avocat en droit p\u00e9nal \u00e0 Paris\",\"isPartOf\":{\"@id\":\"https:\\\/\\\/kohenavocats.com\\\/pt-pt\\\/#website\"},\"primaryImageOfPage\":{\"@id\":\"https:\\\/\\\/kohenavocats.com\\\/pt-pt\\\/tribunal-judiciaire-de-mesnil-amelot-le-25-septembre-2025-n25-03815\\\/#primaryimage\"},\"image\":{\"@id\":\"https:\\\/\\\/kohenavocats.com\\\/pt-pt\\\/tribunal-judiciaire-de-mesnil-amelot-le-25-septembre-2025-n25-03815\\\/#primaryimage\"},\"thumbnailUrl\":\"https:\\\/\\\/kohenavocats.com\\\/wp-content\\\/uploads\\\/2024\\\/07\\\/lucie-morel-DsWjM4iOmyA-unsplash.webp\",\"datePublished\":\"2026-04-23T17:04:27+00:00\",\"description\":\"Le tribunal judiciaire du Mesnil-Amelot, statuant le 25 septembre 2025, examine une demande de mainlev\u00e9e de r\u00e9tention administrative. L'int\u00e9ress\u00e9, ressortiss...\",\"breadcrumb\":{\"@id\":\"https:\\\/\\\/kohenavocats.com\\\/pt-pt\\\/tribunal-judiciaire-de-mesnil-amelot-le-25-septembre-2025-n25-03815\\\/#breadcrumb\"},\"inLanguage\":\"pt-PT\",\"potentialAction\":[{\"@type\":\"ReadAction\",\"target\":[\"https:\\\/\\\/kohenavocats.com\\\/pt-pt\\\/tribunal-judiciaire-de-mesnil-amelot-le-25-septembre-2025-n25-03815\\\/\"]}]},{\"@type\":\"ImageObject\",\"inLanguage\":\"pt-PT\",\"@id\":\"https:\\\/\\\/kohenavocats.com\\\/pt-pt\\\/tribunal-judiciaire-de-mesnil-amelot-le-25-septembre-2025-n25-03815\\\/#primaryimage\",\"url\":\"https:\\\/\\\/kohenavocats.com\\\/wp-content\\\/uploads\\\/2024\\\/07\\\/lucie-morel-DsWjM4iOmyA-unsplash.webp\",\"contentUrl\":\"https:\\\/\\\/kohenavocats.com\\\/wp-content\\\/uploads\\\/2024\\\/07\\\/lucie-morel-DsWjM4iOmyA-unsplash.webp\",\"width\":6000,\"height\":3376},{\"@type\":\"BreadcrumbList\",\"@id\":\"https:\\\/\\\/kohenavocats.com\\\/pt-pt\\\/tribunal-judiciaire-de-mesnil-amelot-le-25-septembre-2025-n25-03815\\\/#breadcrumb\",\"itemListElement\":[{\"@type\":\"ListItem\",\"position\":1,\"name\":\"Home\",\"item\":\"https:\\\/\\\/kohenavocats.com\\\/pt-pt\\\/avocats-en-droit-penal-a-paris-conseil-et-defense-strategique\\\/\"},{\"@type\":\"ListItem\",\"position\":2,\"name\":\"Tribunal judiciaire de Mesnil-Amelot, le 25 septembre 2025, n\u00b025\\\/03815\"}]},{\"@type\":\"WebSite\",\"@id\":\"https:\\\/\\\/kohenavocats.com\\\/pt-pt\\\/#website\",\"url\":\"https:\\\/\\\/kohenavocats.com\\\/pt-pt\\\/\",\"name\":\"Kohen Avocats\",\"description\":\"Ma\u00eetre Hassan Kohen, avocat p\u00e9naliste \u00e0 Paris, intervient exclusivement en droit p\u00e9nal pour la d\u00e9fense des particuliers, notamment en mati\u00e8re d\u2019accusations de viol. Il assure un accompagnement rigoureux d\u00e8s la garde \u00e0 vue jusqu\u2019\u00e0 la Cour d\u2019assises, veillant au strict respect des garanties proc\u00e9durales.\",\"publisher\":{\"@id\":\"https:\\\/\\\/kohenavocats.com\\\/pt-pt\\\/#organization\"},\"potentialAction\":[{\"@type\":\"SearchAction\",\"target\":{\"@type\":\"EntryPoint\",\"urlTemplate\":\"https:\\\/\\\/kohenavocats.com\\\/pt-pt\\\/?s={search_term_string}\"},\"query-input\":{\"@type\":\"PropertyValueSpecification\",\"valueRequired\":true,\"valueName\":\"search_term_string\"}}],\"inLanguage\":\"pt-PT\"},{\"@type\":\"Organization\",\"@id\":\"https:\\\/\\\/kohenavocats.com\\\/pt-pt\\\/#organization\",\"name\":\"Kohen Avocats\",\"url\":\"https:\\\/\\\/kohenavocats.com\\\/pt-pt\\\/\",\"logo\":{\"@type\":\"ImageObject\",\"inLanguage\":\"pt-PT\",\"@id\":\"https:\\\/\\\/kohenavocats.com\\\/pt-pt\\\/#\\\/schema\\\/logo\\\/image\\\/\",\"url\":\"https:\\\/\\\/kohenavocats.com\\\/wp-content\\\/uploads\\\/2026\\\/01\\\/Logo-2-1.webp\",\"contentUrl\":\"https:\\\/\\\/kohenavocats.com\\\/wp-content\\\/uploads\\\/2026\\\/01\\\/Logo-2-1.webp\",\"width\":2114,\"height\":1253,\"caption\":\"Kohen Avocats\"},\"image\":{\"@id\":\"https:\\\/\\\/kohenavocats.com\\\/pt-pt\\\/#\\\/schema\\\/logo\\\/image\\\/\"}},{\"@type\":\"Person\",\"@id\":\"https:\\\/\\\/kohenavocats.com\\\/pt-pt\\\/#\\\/schema\\\/person\\\/761c9ba54fa1ca84d405cef0831ff751\",\"name\":\"Kohen\",\"image\":{\"@type\":\"ImageObject\",\"inLanguage\":\"pt-PT\",\"@id\":\"https:\\\/\\\/secure.gravatar.com\\\/avatar\\\/1c5e76ef76bbbfdd2b4da984e2bf2fa4056fd51a27d25ce2c332047f1dfd6e00?s=96&d=identicon&r=g\",\"url\":\"https:\\\/\\\/secure.gravatar.com\\\/avatar\\\/1c5e76ef76bbbfdd2b4da984e2bf2fa4056fd51a27d25ce2c332047f1dfd6e00?s=96&d=identicon&r=g\",\"contentUrl\":\"https:\\\/\\\/secure.gravatar.com\\\/avatar\\\/1c5e76ef76bbbfdd2b4da984e2bf2fa4056fd51a27d25ce2c332047f1dfd6e00?s=96&d=identicon&r=g\",\"caption\":\"Kohen\"},\"sameAs\":[\"https:\\\/\\\/www.linkedin.com\\\/in\\\/hassan-kohen-448548192\\\/\",\"https:\\\/\\\/www.youtube.com\\\/@Kohen-Avocats\"],\"url\":\"https:\\\/\\\/kohenavocats.com\\\/pt-pt\\\/author\\\/kohenmlk\\\/\"}]}<\/script>\n<!-- \/ Yoast SEO Premium plugin. -->","yoast_head_json":{"title":"Tribunal judiciaire de Mesnil-Amelot, le 25 septembre 2025, n\u00b025\/03815 - Ma\u00eetre Hassan Kohen, avocat en droit p\u00e9nal \u00e0 Paris","description":"Le tribunal judiciaire du Mesnil-Amelot, statuant le 25 septembre 2025, examine une demande de mainlev\u00e9e de r\u00e9tention administrative. L'int\u00e9ress\u00e9, ressortiss...","robots":{"index":"index","follow":"follow","max-snippet":"max-snippet:-1","max-image-preview":"max-image-preview:large","max-video-preview":"max-video-preview:-1"},"canonical":"https:\/\/kohenavocats.com\/pt-pt\/tribunal-judiciaire-de-mesnil-amelot-le-25-septembre-2025-n25-03815\/","og_locale":"pt_PT","og_type":"article","og_title":"Tribunal judiciaire de Mesnil-Amelot, le 25 septembre 2025, n\u00b025\/03815","og_description":"Le tribunal judiciaire du Mesnil-Amelot, statuant le 25 septembre 2025, examine une demande de mainlev\u00e9e de r\u00e9tention administrative. L'int\u00e9ress\u00e9, ressortiss...","og_url":"https:\/\/kohenavocats.com\/pt-pt\/tribunal-judiciaire-de-mesnil-amelot-le-25-septembre-2025-n25-03815\/","og_site_name":"Ma\u00eetre Hassan Kohen, avocat en droit p\u00e9nal \u00e0 Paris","article_published_time":"2026-04-23T17:04:27+00:00","og_image":[{"width":6000,"height":3376,"url":"https:\/\/kohenavocats.com\/wp-content\/uploads\/2024\/07\/lucie-morel-DsWjM4iOmyA-unsplash.webp","type":"image\/webp"}],"author":"Kohen","twitter_card":"summary_large_image","twitter_misc":{"Escrito por":"Kohen","Tempo estimado de leitura":"3 minutos"},"schema":{"@context":"https:\/\/schema.org","@graph":[{"@type":"Article","@id":"https:\/\/kohenavocats.com\/pt-pt\/tribunal-judiciaire-de-mesnil-amelot-le-25-septembre-2025-n25-03815\/#article","isPartOf":{"@id":"https:\/\/kohenavocats.com\/pt-pt\/tribunal-judiciaire-de-mesnil-amelot-le-25-septembre-2025-n25-03815\/"},"author":{"name":"Kohen","@id":"https:\/\/kohenavocats.com\/pt-pt\/#\/schema\/person\/761c9ba54fa1ca84d405cef0831ff751"},"headline":"Tribunal judiciaire de Mesnil-Amelot, le 25 septembre 2025, n\u00b025\/03815","datePublished":"2026-04-23T17:04:27+00:00","mainEntityOfPage":{"@id":"https:\/\/kohenavocats.com\/pt-pt\/tribunal-judiciaire-de-mesnil-amelot-le-25-septembre-2025-n25-03815\/"},"wordCount":648,"commentCount":0,"publisher":{"@id":"https:\/\/kohenavocats.com\/pt-pt\/#organization"},"image":{"@id":"https:\/\/kohenavocats.com\/pt-pt\/tribunal-judiciaire-de-mesnil-amelot-le-25-septembre-2025-n25-03815\/#primaryimage"},"thumbnailUrl":"https:\/\/kohenavocats.com\/wp-content\/uploads\/2024\/07\/lucie-morel-DsWjM4iOmyA-unsplash.webp","articleSection":["Jurisprudence"],"inLanguage":"pt-PT","potentialAction":[{"@type":"CommentAction","name":"Comment","target":["https:\/\/kohenavocats.com\/pt-pt\/tribunal-judiciaire-de-mesnil-amelot-le-25-septembre-2025-n25-03815\/#respond"]}],"citation":"Tribunal judiciaire de Mesnil-Amelot, le 25 septembre 2025, n\u00b025\/03815","about":[{"@type":"Thing","name":"Jurisprudence"}],"dateModified":"2026-04-23T17:04:27+00:00","speakable":{"@type":"SpeakableSpecification","cssSelector":[".article-content > p:first-of-type"]}},{"@type":"WebPage","@id":"https:\/\/kohenavocats.com\/pt-pt\/tribunal-judiciaire-de-mesnil-amelot-le-25-septembre-2025-n25-03815\/","url":"https:\/\/kohenavocats.com\/pt-pt\/tribunal-judiciaire-de-mesnil-amelot-le-25-septembre-2025-n25-03815\/","name":"Tribunal judiciaire de Mesnil-Amelot, le 25 septembre 2025, n\u00b025\/03815 - Ma\u00eetre Hassan Kohen, avocat en droit p\u00e9nal \u00e0 Paris","isPartOf":{"@id":"https:\/\/kohenavocats.com\/pt-pt\/#website"},"primaryImageOfPage":{"@id":"https:\/\/kohenavocats.com\/pt-pt\/tribunal-judiciaire-de-mesnil-amelot-le-25-septembre-2025-n25-03815\/#primaryimage"},"image":{"@id":"https:\/\/kohenavocats.com\/pt-pt\/tribunal-judiciaire-de-mesnil-amelot-le-25-septembre-2025-n25-03815\/#primaryimage"},"thumbnailUrl":"https:\/\/kohenavocats.com\/wp-content\/uploads\/2024\/07\/lucie-morel-DsWjM4iOmyA-unsplash.webp","datePublished":"2026-04-23T17:04:27+00:00","description":"Le tribunal judiciaire du Mesnil-Amelot, statuant le 25 septembre 2025, examine une demande de mainlev\u00e9e de r\u00e9tention administrative. L'int\u00e9ress\u00e9, ressortiss...","breadcrumb":{"@id":"https:\/\/kohenavocats.com\/pt-pt\/tribunal-judiciaire-de-mesnil-amelot-le-25-septembre-2025-n25-03815\/#breadcrumb"},"inLanguage":"pt-PT","potentialAction":[{"@type":"ReadAction","target":["https:\/\/kohenavocats.com\/pt-pt\/tribunal-judiciaire-de-mesnil-amelot-le-25-septembre-2025-n25-03815\/"]}]},{"@type":"ImageObject","inLanguage":"pt-PT","@id":"https:\/\/kohenavocats.com\/pt-pt\/tribunal-judiciaire-de-mesnil-amelot-le-25-septembre-2025-n25-03815\/#primaryimage","url":"https:\/\/kohenavocats.com\/wp-content\/uploads\/2024\/07\/lucie-morel-DsWjM4iOmyA-unsplash.webp","contentUrl":"https:\/\/kohenavocats.com\/wp-content\/uploads\/2024\/07\/lucie-morel-DsWjM4iOmyA-unsplash.webp","width":6000,"height":3376},{"@type":"BreadcrumbList","@id":"https:\/\/kohenavocats.com\/pt-pt\/tribunal-judiciaire-de-mesnil-amelot-le-25-septembre-2025-n25-03815\/#breadcrumb","itemListElement":[{"@type":"ListItem","position":1,"name":"Home","item":"https:\/\/kohenavocats.com\/pt-pt\/avocats-en-droit-penal-a-paris-conseil-et-defense-strategique\/"},{"@type":"ListItem","position":2,"name":"Tribunal judiciaire de Mesnil-Amelot, le 25 septembre 2025, n\u00b025\/03815"}]},{"@type":"WebSite","@id":"https:\/\/kohenavocats.com\/pt-pt\/#website","url":"https:\/\/kohenavocats.com\/pt-pt\/","name":"Kohen Avocats","description":"Ma\u00eetre Hassan Kohen, avocat p\u00e9naliste \u00e0 Paris, intervient exclusivement en droit p\u00e9nal pour la d\u00e9fense des particuliers, notamment en mati\u00e8re d\u2019accusations de viol. Il assure un accompagnement rigoureux d\u00e8s la garde \u00e0 vue jusqu\u2019\u00e0 la Cour d\u2019assises, veillant au strict respect des garanties proc\u00e9durales.","publisher":{"@id":"https:\/\/kohenavocats.com\/pt-pt\/#organization"},"potentialAction":[{"@type":"SearchAction","target":{"@type":"EntryPoint","urlTemplate":"https:\/\/kohenavocats.com\/pt-pt\/?s={search_term_string}"},"query-input":{"@type":"PropertyValueSpecification","valueRequired":true,"valueName":"search_term_string"}}],"inLanguage":"pt-PT"},{"@type":"Organization","@id":"https:\/\/kohenavocats.com\/pt-pt\/#organization","name":"Kohen Avocats","url":"https:\/\/kohenavocats.com\/pt-pt\/","logo":{"@type":"ImageObject","inLanguage":"pt-PT","@id":"https:\/\/kohenavocats.com\/pt-pt\/#\/schema\/logo\/image\/","url":"https:\/\/kohenavocats.com\/wp-content\/uploads\/2026\/01\/Logo-2-1.webp","contentUrl":"https:\/\/kohenavocats.com\/wp-content\/uploads\/2026\/01\/Logo-2-1.webp","width":2114,"height":1253,"caption":"Kohen Avocats"},"image":{"@id":"https:\/\/kohenavocats.com\/pt-pt\/#\/schema\/logo\/image\/"}},{"@type":"Person","@id":"https:\/\/kohenavocats.com\/pt-pt\/#\/schema\/person\/761c9ba54fa1ca84d405cef0831ff751","name":"Kohen","image":{"@type":"ImageObject","inLanguage":"pt-PT","@id":"https:\/\/secure.gravatar.com\/avatar\/1c5e76ef76bbbfdd2b4da984e2bf2fa4056fd51a27d25ce2c332047f1dfd6e00?s=96&d=identicon&r=g","url":"https:\/\/secure.gravatar.com\/avatar\/1c5e76ef76bbbfdd2b4da984e2bf2fa4056fd51a27d25ce2c332047f1dfd6e00?s=96&d=identicon&r=g","contentUrl":"https:\/\/secure.gravatar.com\/avatar\/1c5e76ef76bbbfdd2b4da984e2bf2fa4056fd51a27d25ce2c332047f1dfd6e00?s=96&d=identicon&r=g","caption":"Kohen"},"sameAs":["https:\/\/www.linkedin.com\/in\/hassan-kohen-448548192\/","https:\/\/www.youtube.com\/@Kohen-Avocats"],"url":"https:\/\/kohenavocats.com\/pt-pt\/author\/kohenmlk\/"}]}},"jetpack_featured_media_url":"https:\/\/kohenavocats.com\/wp-content\/uploads\/2024\/07\/lucie-morel-DsWjM4iOmyA-unsplash.webp","jetpack_likes_enabled":false,"jetpack_shortlink":"https:\/\/wp.me\/peCrII-2Mic","jetpack-related-posts":[{"id":525299,"url":"https:\/\/kohenavocats.com\/pt-pt\/tribunal-judiciaire-de-mesnil-amelot-le-17-novembre-2025-n25-04676\/","url_meta":{"origin":662296,"position":0},"title":"Tribunal judiciaire de Mesnil-Amelot, le 17 novembre 2025, n\u00b025\/04676","author":"Kohen","date":"9 de Abril, 2026","format":false,"excerpt":"Le tribunal judiciaire du Mesnil-Amelot, statuant le 17 novembre 2025, rejette une demande de mainlev\u00e9e de r\u00e9tention administrative. L'int\u00e9ress\u00e9 invoquait l'...","rel":"","context":"In &quot;Jurisprudence&quot;","block_context":{"text":"Jurisprudence","link":"https:\/\/kohenavocats.com\/category\/jurisprudence\/"},"img":{"alt_text":"","src":"https:\/\/i0.wp.com\/kohenavocats.com\/wp-content\/uploads\/2024\/11\/mohamed-nohassi-Qi-Qyp5vc3o-unsplash.webp?resize=350%2C200&ssl=1","width":350,"height":200,"srcset":"https:\/\/i0.wp.com\/kohenavocats.com\/wp-content\/uploads\/2024\/11\/mohamed-nohassi-Qi-Qyp5vc3o-unsplash.webp?resize=350%2C200&ssl=1 1x, https:\/\/i0.wp.com\/kohenavocats.com\/wp-content\/uploads\/2024\/11\/mohamed-nohassi-Qi-Qyp5vc3o-unsplash.webp?resize=525%2C300&ssl=1 1.5x, https:\/\/i0.wp.com\/kohenavocats.com\/wp-content\/uploads\/2024\/11\/mohamed-nohassi-Qi-Qyp5vc3o-unsplash.webp?resize=700%2C400&ssl=1 2x, https:\/\/i0.wp.com\/kohenavocats.com\/wp-content\/uploads\/2024\/11\/mohamed-nohassi-Qi-Qyp5vc3o-unsplash.webp?resize=1050%2C600&ssl=1 3x, https:\/\/i0.wp.com\/kohenavocats.com\/wp-content\/uploads\/2024\/11\/mohamed-nohassi-Qi-Qyp5vc3o-unsplash.webp?resize=1400%2C800&ssl=1 4x"},"classes":[]},{"id":506809,"url":"https:\/\/kohenavocats.com\/pt-pt\/tribunal-judiciaire-de-mesnil-amelot-le-29-novembre-2025-n25-04856\/","url_meta":{"origin":662296,"position":1},"title":"Tribunal judiciaire de Mesnil-Amelot, le 29 novembre 2025, n\u00b025\/04856","author":"Kohen","date":"8 de Abril, 2026","format":false,"excerpt":"Le tribunal judiciaire du Mesnil-Amelot, statuant le 29 novembre 2025, examine une demande de troisi\u00e8me prolongation de r\u00e9tention administrative. L\u2019administr...","rel":"","context":"In &quot;Jurisprudence&quot;","block_context":{"text":"Jurisprudence","link":"https:\/\/kohenavocats.com\/category\/jurisprudence\/"},"img":{"alt_text":"","src":"https:\/\/i0.wp.com\/kohenavocats.com\/wp-content\/uploads\/2024\/08\/luca-trassini-OhaRmr5mJYA-unsplash.webp?resize=350%2C200&ssl=1","width":350,"height":200,"srcset":"https:\/\/i0.wp.com\/kohenavocats.com\/wp-content\/uploads\/2024\/08\/luca-trassini-OhaRmr5mJYA-unsplash.webp?resize=350%2C200&ssl=1 1x, https:\/\/i0.wp.com\/kohenavocats.com\/wp-content\/uploads\/2024\/08\/luca-trassini-OhaRmr5mJYA-unsplash.webp?resize=525%2C300&ssl=1 1.5x, https:\/\/i0.wp.com\/kohenavocats.com\/wp-content\/uploads\/2024\/08\/luca-trassini-OhaRmr5mJYA-unsplash.webp?resize=700%2C400&ssl=1 2x, https:\/\/i0.wp.com\/kohenavocats.com\/wp-content\/uploads\/2024\/08\/luca-trassini-OhaRmr5mJYA-unsplash.webp?resize=1050%2C600&ssl=1 3x, https:\/\/i0.wp.com\/kohenavocats.com\/wp-content\/uploads\/2024\/08\/luca-trassini-OhaRmr5mJYA-unsplash.webp?resize=1400%2C800&ssl=1 4x"},"classes":[]},{"id":506835,"url":"https:\/\/kohenavocats.com\/pt-pt\/tribunal-judiciaire-de-mesnil-amelot-le-29-novembre-2025-n25-04859\/","url_meta":{"origin":662296,"position":2},"title":"Tribunal judiciaire de Mesnil-Amelot, le 29 novembre 2025, n\u00b025\/04859","author":"Kohen","date":"8 de Abril, 2026","format":false,"excerpt":"Le tribunal judiciaire du Mesnil-Amelot, statuant le 29 novembre 2025, examine une demande de troisi\u00e8me prolongation de r\u00e9tention administrative. L\u2019impossibi...","rel":"","context":"In &quot;Jurisprudence&quot;","block_context":{"text":"Jurisprudence","link":"https:\/\/kohenavocats.com\/category\/jurisprudence\/"},"img":{"alt_text":"","src":"https:\/\/i0.wp.com\/kohenavocats.com\/wp-content\/uploads\/2024\/08\/maximilian-zahn-SKf_POUVJnQ-unsplash.webp?resize=350%2C200&ssl=1","width":350,"height":200,"srcset":"https:\/\/i0.wp.com\/kohenavocats.com\/wp-content\/uploads\/2024\/08\/maximilian-zahn-SKf_POUVJnQ-unsplash.webp?resize=350%2C200&ssl=1 1x, https:\/\/i0.wp.com\/kohenavocats.com\/wp-content\/uploads\/2024\/08\/maximilian-zahn-SKf_POUVJnQ-unsplash.webp?resize=525%2C300&ssl=1 1.5x, https:\/\/i0.wp.com\/kohenavocats.com\/wp-content\/uploads\/2024\/08\/maximilian-zahn-SKf_POUVJnQ-unsplash.webp?resize=700%2C400&ssl=1 2x, https:\/\/i0.wp.com\/kohenavocats.com\/wp-content\/uploads\/2024\/08\/maximilian-zahn-SKf_POUVJnQ-unsplash.webp?resize=1050%2C600&ssl=1 3x, https:\/\/i0.wp.com\/kohenavocats.com\/wp-content\/uploads\/2024\/08\/maximilian-zahn-SKf_POUVJnQ-unsplash.webp?resize=1400%2C800&ssl=1 4x"},"classes":[]},{"id":507525,"url":"https:\/\/kohenavocats.com\/pt-pt\/tribunal-judiciaire-de-meaux-le-17-novembre-2025-n25-04676\/","url_meta":{"origin":662296,"position":3},"title":"Tribunal judiciaire de Meaux, le 17 novembre 2025, n\u00b025\/04676","author":"Kohen","date":"8 de Abril, 2026","format":false,"excerpt":"Le tribunal judiciaire du Mesnil-Amelot, statuant le 17 novembre 2025, rejette une demande de mainlev\u00e9e de r\u00e9tention administrative. L'int\u00e9ress\u00e9 invoquait...","rel":"","context":"In &quot;D\u00e9cisions juridiques&quot;","block_context":{"text":"D\u00e9cisions juridiques","link":"https:\/\/kohenavocats.com\/category\/decisions-juridiques\/"},"img":{"alt_text":"","src":"https:\/\/i0.wp.com\/kohenavocats.com\/wp-content\/uploads\/2024\/11\/virginia-marinova-xqo5V5aU09g-unsplash.webp?resize=350%2C200&ssl=1","width":350,"height":200,"srcset":"https:\/\/i0.wp.com\/kohenavocats.com\/wp-content\/uploads\/2024\/11\/virginia-marinova-xqo5V5aU09g-unsplash.webp?resize=350%2C200&ssl=1 1x, https:\/\/i0.wp.com\/kohenavocats.com\/wp-content\/uploads\/2024\/11\/virginia-marinova-xqo5V5aU09g-unsplash.webp?resize=525%2C300&ssl=1 1.5x, https:\/\/i0.wp.com\/kohenavocats.com\/wp-content\/uploads\/2024\/11\/virginia-marinova-xqo5V5aU09g-unsplash.webp?resize=700%2C400&ssl=1 2x, https:\/\/i0.wp.com\/kohenavocats.com\/wp-content\/uploads\/2024\/11\/virginia-marinova-xqo5V5aU09g-unsplash.webp?resize=1050%2C600&ssl=1 3x, https:\/\/i0.wp.com\/kohenavocats.com\/wp-content\/uploads\/2024\/11\/virginia-marinova-xqo5V5aU09g-unsplash.webp?resize=1400%2C800&ssl=1 4x"},"classes":[]},{"id":661656,"url":"https:\/\/kohenavocats.com\/pt-pt\/tribunal-judiciaire-de-mesnil-amelot-le-25-septembre-2025-n25-03791\/","url_meta":{"origin":662296,"position":4},"title":"Tribunal judiciaire de Mesnil-Amelot, le 25 septembre 2025, n\u00b025\/03791","author":"Kohen","date":"23 de Abril, 2026","format":false,"excerpt":"Le tribunal judiciaire du Mesnil-Amelot, statuant en r\u00e9f\u00e9r\u00e9 r\u00e9tention le 25 septembre 2025, examine une demande de prolongation de r\u00e9tention et un recours co...","rel":"","context":"In &quot;Jurisprudence&quot;","block_context":{"text":"Jurisprudence","link":"https:\/\/kohenavocats.com\/category\/jurisprudence\/"},"img":{"alt_text":"","src":"https:\/\/i0.wp.com\/kohenavocats.com\/wp-content\/uploads\/2024\/06\/chesss.webp?resize=350%2C200&ssl=1","width":350,"height":200,"srcset":"https:\/\/i0.wp.com\/kohenavocats.com\/wp-content\/uploads\/2024\/06\/chesss.webp?resize=350%2C200&ssl=1 1x, https:\/\/i0.wp.com\/kohenavocats.com\/wp-content\/uploads\/2024\/06\/chesss.webp?resize=525%2C300&ssl=1 1.5x, https:\/\/i0.wp.com\/kohenavocats.com\/wp-content\/uploads\/2024\/06\/chesss.webp?resize=700%2C400&ssl=1 2x, https:\/\/i0.wp.com\/kohenavocats.com\/wp-content\/uploads\/2024\/06\/chesss.webp?resize=1050%2C600&ssl=1 3x, https:\/\/i0.wp.com\/kohenavocats.com\/wp-content\/uploads\/2024\/06\/chesss.webp?resize=1400%2C800&ssl=1 4x"},"classes":[]},{"id":668125,"url":"https:\/\/kohenavocats.com\/pt-pt\/tribunal-judiciaire-de-mesnil-amelot-le-22-septembre-2025-n25-03769\/","url_meta":{"origin":662296,"position":5},"title":"Tribunal judiciaire de Mesnil-Amelot, le 22 septembre 2025, n\u00b025\/03769","author":"Kohen","date":"24 de Abril, 2026","format":false,"excerpt":"Le tribunal judiciaire du Mesnil-Amelot, statuant le 22 septembre 2025, se prononce sur une demande de prolongation de r\u00e9tention administrative. L\u2019administra...","rel":"","context":"In &quot;Jurisprudence&quot;","block_context":{"text":"Jurisprudence","link":"https:\/\/kohenavocats.com\/category\/jurisprudence\/"},"img":{"alt_text":"","src":"https:\/\/i0.wp.com\/kohenavocats.com\/wp-content\/uploads\/2024\/08\/42-north-fhO8zmW5Mpk-unsplash.webp?resize=350%2C200&ssl=1","width":350,"height":200,"srcset":"https:\/\/i0.wp.com\/kohenavocats.com\/wp-content\/uploads\/2024\/08\/42-north-fhO8zmW5Mpk-unsplash.webp?resize=350%2C200&ssl=1 1x, https:\/\/i0.wp.com\/kohenavocats.com\/wp-content\/uploads\/2024\/08\/42-north-fhO8zmW5Mpk-unsplash.webp?resize=525%2C300&ssl=1 1.5x, https:\/\/i0.wp.com\/kohenavocats.com\/wp-content\/uploads\/2024\/08\/42-north-fhO8zmW5Mpk-unsplash.webp?resize=700%2C400&ssl=1 2x, https:\/\/i0.wp.com\/kohenavocats.com\/wp-content\/uploads\/2024\/08\/42-north-fhO8zmW5Mpk-unsplash.webp?resize=1050%2C600&ssl=1 3x, https:\/\/i0.wp.com\/kohenavocats.com\/wp-content\/uploads\/2024\/08\/42-north-fhO8zmW5Mpk-unsplash.webp?resize=1400%2C800&ssl=1 4x"},"classes":[]}],"jetpack_sharing_enabled":true,"_links":{"self":[{"href":"https:\/\/kohenavocats.com\/pt-pt\/wp-json\/wp\/v2\/posts\/662296","targetHints":{"allow":["GET"]}}],"collection":[{"href":"https:\/\/kohenavocats.com\/pt-pt\/wp-json\/wp\/v2\/posts"}],"about":[{"href":"https:\/\/kohenavocats.com\/pt-pt\/wp-json\/wp\/v2\/types\/post"}],"author":[{"embeddable":true,"href":"https:\/\/kohenavocats.com\/pt-pt\/wp-json\/wp\/v2\/users\/232070755"}],"replies":[{"embeddable":true,"href":"https:\/\/kohenavocats.com\/pt-pt\/wp-json\/wp\/v2\/comments?post=662296"}],"version-history":[{"count":0,"href":"https:\/\/kohenavocats.com\/pt-pt\/wp-json\/wp\/v2\/posts\/662296\/revisions"}],"wp:featuredmedia":[{"embeddable":true,"href":"https:\/\/kohenavocats.com\/pt-pt\/wp-json\/wp\/v2\/media\/3910"}],"wp:attachment":[{"href":"https:\/\/kohenavocats.com\/pt-pt\/wp-json\/wp\/v2\/media?parent=662296"}],"wp:term":[{"taxonomy":"category","embeddable":true,"href":"https:\/\/kohenavocats.com\/pt-pt\/wp-json\/wp\/v2\/categories?post=662296"},{"taxonomy":"post_tag","embeddable":true,"href":"https:\/\/kohenavocats.com\/pt-pt\/wp-json\/wp\/v2\/tags?post=662296"}],"curies":[{"name":"wp","href":"https:\/\/api.w.org\/{rel}","templated":true}]}}