{"id":662660,"date":"2026-04-23T19:54:14","date_gmt":"2026-04-23T17:54:14","guid":{"rendered":"https:\/\/kohenavocats.com\/tribunal-judiciaire-de-dunkerque-le-25-septembre-2025-n25-00140\/"},"modified":"2026-04-23T19:54:14","modified_gmt":"2026-04-23T17:54:14","slug":"tribunal-judiciaire-de-dunkerque-le-25-septembre-2025-n25-00140","status":"publish","type":"post","link":"https:\/\/kohenavocats.com\/pt-pt\/tribunal-judiciaire-de-dunkerque-le-25-septembre-2025-n25-00140\/","title":{"rendered":"Tribunal judiciaire de Dunkerque, le 25 septembre 2025, n\u00b025\/00140"},"content":{"rendered":"<div class=\"article-content\">\n<p>Le tribunal judiciaire de Dunkerque, statuant en r\u00e9f\u00e9r\u00e9 le 25 septembre 2025, a examin\u00e9 une demande d\u2019extension de mission d\u2019expertise. Cette demande \u00e9manait de copropri\u00e9taires confront\u00e9s \u00e0 divers d\u00e9sordres dans leur immeuble. Le juge a d\u00fb se prononcer sur l\u2019opportunit\u00e9 d\u2019\u00e9tendre l\u2019expertise \u00e0 de nouveaux d\u00e9sordres et \u00e0 un dysfonctionnement de la ventilation. Il a fait droit \u00e0 la demande en l\u2019autorisant int\u00e9gralement au titre de l\u2019article 145 du code de proc\u00e9dure civile. La d\u00e9cision a \u00e9galement statu\u00e9 sur la charge des d\u00e9pens de l\u2019instance.<\/p>\n<p>Le r\u00e9gime probatoire de l\u2019article 145 du CPC<\/p>\n<p>Le juge des r\u00e9f\u00e9r\u00e9s fonde sa d\u00e9cision sur l\u2019existence d\u2019un motif l\u00e9gitime justifiant la mesure d\u2019instruction. Le texte pr\u00e9voit que les mesures peuvent \u00eatre ordonn\u00e9es &#8220;s&#8217;il existe un motif l\u00e9gitime de conserver ou d&#8217;\u00e9tablir avant tout proc\u00e8s la preuve de faits dont pourrait d\u00e9pendre la solution d&#8217;un litige&#8221;. Cette condition est remplie en l\u2019esp\u00e8ce pour les d\u00e9sordres nouvellement d\u00e9clar\u00e9s. Le juge rel\u00e8ve que l\u2019expertise vise \u00e0 \u00e9tablir des faits techniques complexes essentiels pour un futur proc\u00e8s. La jurisprudence rappelle que &#8220;S&#8217;il existe un motif l\u00e9gitime de conserver ou d&#8217;\u00e9tablir avant tout proc\u00e8s la preuve de faits dont pourrait d\u00e9pendre la solution d&#8217;un litige, les mesures d&#8217;instruction l\u00e9galement admissibles peuvent \u00eatre ordonn\u00e9es&#8221; (Tribunal judiciaire de Marseille, le 14 f\u00e9vrier 2025, n\u00b024\/04282). La d\u00e9cision confirme ainsi la fonction anticipatoire de l\u2019article 145. Elle permet de constituer une preuve technique avant une instance au fond potentielle. Cette analyse garantit l\u2019effectivit\u00e9 du droit \u00e0 la preuve pour les parties.<\/p>\n<p>La dissociation des phases probatoire et d\u00e9cisionnelle<\/p>\n<p>Le juge \u00e9carte l\u2019argument de la forclusion d\u00e9cennale soulev\u00e9 par l\u2019assureur. Il estime que cette question rel\u00e8ve de l\u2019appr\u00e9ciation souveraine du juge du fond. &#8220;Il n\u2019appartient pas davantage au juge des r\u00e9f\u00e9r\u00e9s de se prononcer sur l\u2019existence d\u2019une interruption du d\u00e9lai de garantie d\u00e9cennale&#8221; selon la d\u00e9cision. Le r\u00f4le du r\u00e9f\u00e9r\u00e9 est strictement cantonn\u00e9 \u00e0 l\u2019administration de la preuve. L\u2019expert devra \u00e9tablir la nature et la date d\u2019apparition des d\u00e9sordres. Ces \u00e9l\u00e9ments techniques \u00e9claireront ensuite le juge sur la question de la garantie. Cette dissociation est essentielle pour pr\u00e9server l\u2019office du juge des r\u00e9f\u00e9r\u00e9s. Elle \u00e9vite un empi\u00e8tement sur les attributions du juge du fond. La mesure conservatoire reste ainsi une simple mesure d\u2019instruction pr\u00e9paratoire.<\/p>\n<p>L\u2019extension aux d\u00e9sordres post\u00e9rieurs \u00e0 l\u2019expertise initiale<\/p>\n<p>La premi\u00e8re extension concerne des d\u00e9sordres signal\u00e9s par quatre d\u00e9clarations de sinistre successives. Ces d\u00e9clarations d\u00e9crivent des probl\u00e8mes vari\u00e9s allant de fissures \u00e0 des infiltrations d\u2019eau. Le juge estime que la demande est &#8220;justifi\u00e9e par un motif l\u00e9gitime&#8221;. Les copropri\u00e9taires ont express\u00e9ment indiqu\u00e9 vouloir r\u00e9server leurs demandes \u00e0 l\u2019encontre de l\u2019assureur dommages-ouvrage. Cette pr\u00e9cision \u00e9carte tout risque d\u2019irrecevabilit\u00e9 li\u00e9 \u00e0 la prescription. La jurisprudence admet que &#8220;le juge peut toutefois, dans le cadre du droit \u00e0 la preuve, autoriser la communication de certains documents contractuels&#8221; (Tribunal judiciaire de Bordeaux, le 3 mars 2025, n\u00b024\/01368). L\u2019analogie est forte avec l\u2019acc\u00e8s \u00e0 une preuve technique. L\u2019extension permet une appr\u00e9hension compl\u00e8te et coh\u00e9rente de l\u2019ensemble des d\u00e9sordres. Elle assure l\u2019\u00e9galit\u00e9 des armes dans la future proc\u00e9dure au fond.<\/p>\n<p>L\u2019investigation sur un dysfonctionnement syst\u00e9mique<\/p>\n<p>La seconde extension vise un dysfonctionnement g\u00e9n\u00e9ralis\u00e9 de la ventilation m\u00e9canique contr\u00f4l\u00e9e. L\u2019assureur contestait l\u2019existence m\u00eame de ces d\u00e9sordres et invoquait la forclusion. Le juge rappelle que l\u2019expertise doit pr\u00e9cis\u00e9ment &#8220;d\u00e9terminer la nature, l\u2019origine, la date d\u2019apparition, et l\u2019imputabilit\u00e9 des d\u00e9sordres&#8221;. L\u2019existence du d\u00e9sordre fait donc partie des faits \u00e0 \u00e9tablir. Il serait contradictoire de refuser la mesure au motif que la preuve n\u2019en est pas rapport\u00e9e. Cette analyse consacre une approche pragmatique de l\u2019article 145. La mesure est justifi\u00e9e d\u00e8s lors qu\u2019elle peut \u00e9clairer un point pertinent pour le litige. Elle \u00e9vite une multiplication d\u2019expertises pour des d\u00e9sordres potentiellement li\u00e9s. La d\u00e9cision favorise ainsi une instruction compl\u00e8te et \u00e9conomiquement rationnelle.<\/p>\n<p>La charge sp\u00e9cifique des d\u00e9pens en mati\u00e8re probatoire<\/p>\n<p>La d\u00e9cision applique une solution constante de la Cour de cassation en mati\u00e8re de d\u00e9pens. Elle condamne les demandeurs \u00e0 supporter l\u2019int\u00e9gralit\u00e9 des frais de l\u2019instance de r\u00e9f\u00e9r\u00e9. Le juge rappelle que &#8220;le d\u00e9fendeur \u00e0 une telle demande n&#8217;est pas une partie perdante et n&#8217;a pas \u00e0 supporter les d\u00e9pens&#8221;. Cette r\u00e8gle proc\u00e8de de la nature particuli\u00e8re de la mesure d\u2019instruction. Le d\u00e9fendeur \u00e0 la demande subit une contrainte proc\u00e9durale sans \u00eatre pour autant d\u00e9biteur d\u2019une obligation. La charge des d\u00e9pens est n\u00e9anmoins qualifi\u00e9e de provisionnelle. Elle pourra \u00eatre ult\u00e9rieurement modifi\u00e9e par le juge du fond saisi de l\u2019affaire. Cette solution \u00e9quilibre les int\u00e9r\u00eats des parties dans une phase pr\u00e9contentieuse. Elle pr\u00e9serve la possibilit\u00e9 d\u2019une condamnation d\u00e9finitive adapt\u00e9e au fond du litige.<\/p>\n<p>La port\u00e9e pratique de la d\u00e9cision<\/p>\n<p>Cette ordonnance illustre l\u2019utilit\u00e9 proc\u00e9durale de l\u2019expertise anticip\u00e9e en mati\u00e8re de construction. Elle permet d\u2019investir un expert unique de l\u2019ensemble des d\u00e9sordres survenant dans un immeuble. Cette approche globale est particuli\u00e8rement adapt\u00e9e aux litiges complexes et \u00e9volutifs. La d\u00e9cision s\u00e9curise \u00e9galement la position de l\u2019assureur dommages-ouvrage. L\u2019expertise d\u00e9terminera si les d\u00e9sordres sont couverts par la garantie contractuelle. Enfin, le report du d\u00e9lai de remise du rapport au 31 mars 2026 est notable. Il t\u00e9moigne de la complexit\u00e9 technique accrue par l\u2019extension de mission. Cette prorogation garantit la qualit\u00e9 et l\u2019exhaustivit\u00e9 des investigations de l\u2019expert judiciaire.<\/p>\n<\/div>\n","protected":false},"excerpt":{"rendered":"<p>Le tribunal judiciaire de Dunkerque, statuant en r\u00e9f\u00e9r\u00e9 le 25 septembre 2025, a examin\u00e9 une demande d\u2019extension de mission d\u2019expertise. Cette demande \u00e9manait&#8230;<\/p>\n","protected":false},"author":232070755,"featured_media":9666,"comment_status":"open","ping_status":"open","sticky":false,"template":"","format":"standard","meta":{"_crdt_document":"","_jetpack_newsletter_access":"","_jetpack_dont_email_post_to_subs":false,"_jetpack_newsletter_tier_id":0,"_jetpack_memberships_contains_paywalled_content":false,"_kj_source_type":"","_kj_official_id":"","_kj_official_url":"","_kj_judilibre_id":"","_kj_jur":"","_kj_lieu":"","_kj_chambre":"","_kj_rg":"","_kj_date":"","_jetpack_memberships_contains_paid_content":false,"footnotes":"","jetpack_post_was_ever_published":false},"categories":[7597],"tags":[],"class_list":["post-662660","post","type-post","status-publish","format-standard","has-post-thumbnail","hentry","category-jurisprudence"],"yoast_head":"<!-- This site is optimized with the Yoast SEO Premium plugin v27.5 (Yoast SEO v27.5) - https:\/\/yoast.com\/product\/yoast-seo-premium-wordpress\/ -->\n<title>Tribunal judiciaire de Dunkerque, le 25 septembre 2025, n\u00b025\/00140 - Ma\u00eetre Hassan Kohen, avocat en droit p\u00e9nal \u00e0 Paris<\/title>\n<meta name=\"description\" content=\"Le tribunal judiciaire de Dunkerque, statuant en r\u00e9f\u00e9r\u00e9 le 25 septembre 2025, a examin\u00e9 une demande d\u2019extension de mission d\u2019expertise. Cette demande \u00e9manait...\" \/>\n<meta name=\"robots\" content=\"index, follow, max-snippet:-1, max-image-preview:large, max-video-preview:-1\" \/>\n<link rel=\"canonical\" href=\"https:\/\/kohenavocats.com\/pt-pt\/tribunal-judiciaire-de-dunkerque-le-25-septembre-2025-n25-00140\/\" \/>\n<meta property=\"og:locale\" content=\"pt_PT\" \/>\n<meta property=\"og:type\" content=\"article\" \/>\n<meta property=\"og:title\" content=\"Tribunal judiciaire de Dunkerque, le 25 septembre 2025, n\u00b025\/00140\" \/>\n<meta property=\"og:description\" content=\"Le tribunal judiciaire de Dunkerque, statuant en r\u00e9f\u00e9r\u00e9 le 25 septembre 2025, a examin\u00e9 une demande d\u2019extension de mission d\u2019expertise. Cette demande \u00e9manait...\" \/>\n<meta property=\"og:url\" content=\"https:\/\/kohenavocats.com\/pt-pt\/tribunal-judiciaire-de-dunkerque-le-25-septembre-2025-n25-00140\/\" \/>\n<meta property=\"og:site_name\" content=\"Ma\u00eetre Hassan Kohen, avocat en droit p\u00e9nal \u00e0 Paris\" \/>\n<meta property=\"article:published_time\" content=\"2026-04-23T17:54:14+00:00\" \/>\n<meta property=\"og:image\" content=\"https:\/\/kohenavocats.com\/wp-content\/uploads\/2024\/11\/allison-saeng-ynhGXZEH5gQ-unsplash.webp\" \/>\n\t<meta property=\"og:image:width\" content=\"3000\" \/>\n\t<meta property=\"og:image:height\" content=\"4000\" \/>\n\t<meta property=\"og:image:type\" content=\"image\/webp\" \/>\n<meta name=\"author\" content=\"Kohen\" \/>\n<meta name=\"twitter:card\" content=\"summary_large_image\" \/>\n<meta name=\"twitter:label1\" content=\"Escrito por\" \/>\n\t<meta name=\"twitter:data1\" content=\"Kohen\" \/>\n\t<meta name=\"twitter:label2\" content=\"Tempo estimado de leitura\" \/>\n\t<meta name=\"twitter:data2\" content=\"5 minutos\" \/>\n<script type=\"application\/ld+json\" class=\"yoast-schema-graph\">{\"@context\":\"https:\\\/\\\/schema.org\",\"@graph\":[{\"@type\":\"Article\",\"@id\":\"https:\\\/\\\/kohenavocats.com\\\/pt-pt\\\/tribunal-judiciaire-de-dunkerque-le-25-septembre-2025-n25-00140\\\/#article\",\"isPartOf\":{\"@id\":\"https:\\\/\\\/kohenavocats.com\\\/pt-pt\\\/tribunal-judiciaire-de-dunkerque-le-25-septembre-2025-n25-00140\\\/\"},\"author\":{\"name\":\"Kohen\",\"@id\":\"https:\\\/\\\/kohenavocats.com\\\/pt-pt\\\/#\\\/schema\\\/person\\\/761c9ba54fa1ca84d405cef0831ff751\"},\"headline\":\"Tribunal judiciaire de Dunkerque, le 25 septembre 2025, n\u00b025\\\/00140\",\"datePublished\":\"2026-04-23T17:54:14+00:00\",\"mainEntityOfPage\":{\"@id\":\"https:\\\/\\\/kohenavocats.com\\\/pt-pt\\\/tribunal-judiciaire-de-dunkerque-le-25-septembre-2025-n25-00140\\\/\"},\"wordCount\":1039,\"commentCount\":0,\"publisher\":{\"@id\":\"https:\\\/\\\/kohenavocats.com\\\/pt-pt\\\/#organization\"},\"image\":{\"@id\":\"https:\\\/\\\/kohenavocats.com\\\/pt-pt\\\/tribunal-judiciaire-de-dunkerque-le-25-septembre-2025-n25-00140\\\/#primaryimage\"},\"thumbnailUrl\":\"https:\\\/\\\/kohenavocats.com\\\/wp-content\\\/uploads\\\/2024\\\/11\\\/allison-saeng-ynhGXZEH5gQ-unsplash.webp\",\"articleSection\":[\"Jurisprudence\"],\"inLanguage\":\"pt-PT\",\"potentialAction\":[{\"@type\":\"CommentAction\",\"name\":\"Comment\",\"target\":[\"https:\\\/\\\/kohenavocats.com\\\/pt-pt\\\/tribunal-judiciaire-de-dunkerque-le-25-septembre-2025-n25-00140\\\/#respond\"]}],\"citation\":\"Tribunal judiciaire de Dunkerque, le 25 septembre 2025, n\u00b025\\\/00140\",\"about\":[{\"@type\":\"Thing\",\"name\":\"Jurisprudence\"}],\"dateModified\":\"2026-04-23T17:54:14+00:00\",\"speakable\":{\"@type\":\"SpeakableSpecification\",\"cssSelector\":[\".article-content > p:first-of-type\"]}},{\"@type\":\"WebPage\",\"@id\":\"https:\\\/\\\/kohenavocats.com\\\/pt-pt\\\/tribunal-judiciaire-de-dunkerque-le-25-septembre-2025-n25-00140\\\/\",\"url\":\"https:\\\/\\\/kohenavocats.com\\\/pt-pt\\\/tribunal-judiciaire-de-dunkerque-le-25-septembre-2025-n25-00140\\\/\",\"name\":\"Tribunal judiciaire de Dunkerque, le 25 septembre 2025, n\u00b025\\\/00140 - Ma\u00eetre Hassan Kohen, avocat en droit p\u00e9nal \u00e0 Paris\",\"isPartOf\":{\"@id\":\"https:\\\/\\\/kohenavocats.com\\\/pt-pt\\\/#website\"},\"primaryImageOfPage\":{\"@id\":\"https:\\\/\\\/kohenavocats.com\\\/pt-pt\\\/tribunal-judiciaire-de-dunkerque-le-25-septembre-2025-n25-00140\\\/#primaryimage\"},\"image\":{\"@id\":\"https:\\\/\\\/kohenavocats.com\\\/pt-pt\\\/tribunal-judiciaire-de-dunkerque-le-25-septembre-2025-n25-00140\\\/#primaryimage\"},\"thumbnailUrl\":\"https:\\\/\\\/kohenavocats.com\\\/wp-content\\\/uploads\\\/2024\\\/11\\\/allison-saeng-ynhGXZEH5gQ-unsplash.webp\",\"datePublished\":\"2026-04-23T17:54:14+00:00\",\"description\":\"Le tribunal judiciaire de Dunkerque, statuant en r\u00e9f\u00e9r\u00e9 le 25 septembre 2025, a examin\u00e9 une demande d\u2019extension de mission d\u2019expertise. Cette demande \u00e9manait...\",\"breadcrumb\":{\"@id\":\"https:\\\/\\\/kohenavocats.com\\\/pt-pt\\\/tribunal-judiciaire-de-dunkerque-le-25-septembre-2025-n25-00140\\\/#breadcrumb\"},\"inLanguage\":\"pt-PT\",\"potentialAction\":[{\"@type\":\"ReadAction\",\"target\":[\"https:\\\/\\\/kohenavocats.com\\\/pt-pt\\\/tribunal-judiciaire-de-dunkerque-le-25-septembre-2025-n25-00140\\\/\"]}]},{\"@type\":\"ImageObject\",\"inLanguage\":\"pt-PT\",\"@id\":\"https:\\\/\\\/kohenavocats.com\\\/pt-pt\\\/tribunal-judiciaire-de-dunkerque-le-25-septembre-2025-n25-00140\\\/#primaryimage\",\"url\":\"https:\\\/\\\/kohenavocats.com\\\/wp-content\\\/uploads\\\/2024\\\/11\\\/allison-saeng-ynhGXZEH5gQ-unsplash.webp\",\"contentUrl\":\"https:\\\/\\\/kohenavocats.com\\\/wp-content\\\/uploads\\\/2024\\\/11\\\/allison-saeng-ynhGXZEH5gQ-unsplash.webp\",\"width\":3000,\"height\":4000},{\"@type\":\"BreadcrumbList\",\"@id\":\"https:\\\/\\\/kohenavocats.com\\\/pt-pt\\\/tribunal-judiciaire-de-dunkerque-le-25-septembre-2025-n25-00140\\\/#breadcrumb\",\"itemListElement\":[{\"@type\":\"ListItem\",\"position\":1,\"name\":\"Home\",\"item\":\"https:\\\/\\\/kohenavocats.com\\\/pt-pt\\\/avocats-en-droit-penal-a-paris-conseil-et-defense-strategique\\\/\"},{\"@type\":\"ListItem\",\"position\":2,\"name\":\"Tribunal judiciaire de Dunkerque, le 25 septembre 2025, n\u00b025\\\/00140\"}]},{\"@type\":\"WebSite\",\"@id\":\"https:\\\/\\\/kohenavocats.com\\\/pt-pt\\\/#website\",\"url\":\"https:\\\/\\\/kohenavocats.com\\\/pt-pt\\\/\",\"name\":\"Kohen Avocats\",\"description\":\"Ma\u00eetre Hassan Kohen, avocat p\u00e9naliste \u00e0 Paris, intervient exclusivement en droit p\u00e9nal pour la d\u00e9fense des particuliers, notamment en mati\u00e8re d\u2019accusations de viol. Il assure un accompagnement rigoureux d\u00e8s la garde \u00e0 vue jusqu\u2019\u00e0 la Cour d\u2019assises, veillant au strict respect des garanties proc\u00e9durales.\",\"publisher\":{\"@id\":\"https:\\\/\\\/kohenavocats.com\\\/pt-pt\\\/#organization\"},\"potentialAction\":[{\"@type\":\"SearchAction\",\"target\":{\"@type\":\"EntryPoint\",\"urlTemplate\":\"https:\\\/\\\/kohenavocats.com\\\/pt-pt\\\/?s={search_term_string}\"},\"query-input\":{\"@type\":\"PropertyValueSpecification\",\"valueRequired\":true,\"valueName\":\"search_term_string\"}}],\"inLanguage\":\"pt-PT\"},{\"@type\":\"Organization\",\"@id\":\"https:\\\/\\\/kohenavocats.com\\\/pt-pt\\\/#organization\",\"name\":\"Kohen Avocats\",\"url\":\"https:\\\/\\\/kohenavocats.com\\\/pt-pt\\\/\",\"logo\":{\"@type\":\"ImageObject\",\"inLanguage\":\"pt-PT\",\"@id\":\"https:\\\/\\\/kohenavocats.com\\\/pt-pt\\\/#\\\/schema\\\/logo\\\/image\\\/\",\"url\":\"https:\\\/\\\/kohenavocats.com\\\/wp-content\\\/uploads\\\/2026\\\/01\\\/Logo-2-1.webp\",\"contentUrl\":\"https:\\\/\\\/kohenavocats.com\\\/wp-content\\\/uploads\\\/2026\\\/01\\\/Logo-2-1.webp\",\"width\":2114,\"height\":1253,\"caption\":\"Kohen Avocats\"},\"image\":{\"@id\":\"https:\\\/\\\/kohenavocats.com\\\/pt-pt\\\/#\\\/schema\\\/logo\\\/image\\\/\"}},{\"@type\":\"Person\",\"@id\":\"https:\\\/\\\/kohenavocats.com\\\/pt-pt\\\/#\\\/schema\\\/person\\\/761c9ba54fa1ca84d405cef0831ff751\",\"name\":\"Kohen\",\"image\":{\"@type\":\"ImageObject\",\"inLanguage\":\"pt-PT\",\"@id\":\"https:\\\/\\\/secure.gravatar.com\\\/avatar\\\/1c5e76ef76bbbfdd2b4da984e2bf2fa4056fd51a27d25ce2c332047f1dfd6e00?s=96&d=identicon&r=g\",\"url\":\"https:\\\/\\\/secure.gravatar.com\\\/avatar\\\/1c5e76ef76bbbfdd2b4da984e2bf2fa4056fd51a27d25ce2c332047f1dfd6e00?s=96&d=identicon&r=g\",\"contentUrl\":\"https:\\\/\\\/secure.gravatar.com\\\/avatar\\\/1c5e76ef76bbbfdd2b4da984e2bf2fa4056fd51a27d25ce2c332047f1dfd6e00?s=96&d=identicon&r=g\",\"caption\":\"Kohen\"},\"sameAs\":[\"https:\\\/\\\/www.linkedin.com\\\/in\\\/hassan-kohen-448548192\\\/\",\"https:\\\/\\\/www.youtube.com\\\/@Kohen-Avocats\"],\"url\":\"https:\\\/\\\/kohenavocats.com\\\/pt-pt\\\/author\\\/kohenmlk\\\/\"}]}<\/script>\n<!-- \/ Yoast SEO Premium plugin. -->","yoast_head_json":{"title":"Tribunal judiciaire de Dunkerque, le 25 septembre 2025, n\u00b025\/00140 - Ma\u00eetre Hassan Kohen, avocat en droit p\u00e9nal \u00e0 Paris","description":"Le tribunal judiciaire de Dunkerque, statuant en r\u00e9f\u00e9r\u00e9 le 25 septembre 2025, a examin\u00e9 une demande d\u2019extension de mission d\u2019expertise. Cette demande \u00e9manait...","robots":{"index":"index","follow":"follow","max-snippet":"max-snippet:-1","max-image-preview":"max-image-preview:large","max-video-preview":"max-video-preview:-1"},"canonical":"https:\/\/kohenavocats.com\/pt-pt\/tribunal-judiciaire-de-dunkerque-le-25-septembre-2025-n25-00140\/","og_locale":"pt_PT","og_type":"article","og_title":"Tribunal judiciaire de Dunkerque, le 25 septembre 2025, n\u00b025\/00140","og_description":"Le tribunal judiciaire de Dunkerque, statuant en r\u00e9f\u00e9r\u00e9 le 25 septembre 2025, a examin\u00e9 une demande d\u2019extension de mission d\u2019expertise. Cette demande \u00e9manait...","og_url":"https:\/\/kohenavocats.com\/pt-pt\/tribunal-judiciaire-de-dunkerque-le-25-septembre-2025-n25-00140\/","og_site_name":"Ma\u00eetre Hassan Kohen, avocat en droit p\u00e9nal \u00e0 Paris","article_published_time":"2026-04-23T17:54:14+00:00","og_image":[{"width":3000,"height":4000,"url":"https:\/\/kohenavocats.com\/wp-content\/uploads\/2024\/11\/allison-saeng-ynhGXZEH5gQ-unsplash.webp","type":"image\/webp"}],"author":"Kohen","twitter_card":"summary_large_image","twitter_misc":{"Escrito por":"Kohen","Tempo estimado de leitura":"5 minutos"},"schema":{"@context":"https:\/\/schema.org","@graph":[{"@type":"Article","@id":"https:\/\/kohenavocats.com\/pt-pt\/tribunal-judiciaire-de-dunkerque-le-25-septembre-2025-n25-00140\/#article","isPartOf":{"@id":"https:\/\/kohenavocats.com\/pt-pt\/tribunal-judiciaire-de-dunkerque-le-25-septembre-2025-n25-00140\/"},"author":{"name":"Kohen","@id":"https:\/\/kohenavocats.com\/pt-pt\/#\/schema\/person\/761c9ba54fa1ca84d405cef0831ff751"},"headline":"Tribunal judiciaire de Dunkerque, le 25 septembre 2025, n\u00b025\/00140","datePublished":"2026-04-23T17:54:14+00:00","mainEntityOfPage":{"@id":"https:\/\/kohenavocats.com\/pt-pt\/tribunal-judiciaire-de-dunkerque-le-25-septembre-2025-n25-00140\/"},"wordCount":1039,"commentCount":0,"publisher":{"@id":"https:\/\/kohenavocats.com\/pt-pt\/#organization"},"image":{"@id":"https:\/\/kohenavocats.com\/pt-pt\/tribunal-judiciaire-de-dunkerque-le-25-septembre-2025-n25-00140\/#primaryimage"},"thumbnailUrl":"https:\/\/kohenavocats.com\/wp-content\/uploads\/2024\/11\/allison-saeng-ynhGXZEH5gQ-unsplash.webp","articleSection":["Jurisprudence"],"inLanguage":"pt-PT","potentialAction":[{"@type":"CommentAction","name":"Comment","target":["https:\/\/kohenavocats.com\/pt-pt\/tribunal-judiciaire-de-dunkerque-le-25-septembre-2025-n25-00140\/#respond"]}],"citation":"Tribunal judiciaire de Dunkerque, le 25 septembre 2025, n\u00b025\/00140","about":[{"@type":"Thing","name":"Jurisprudence"}],"dateModified":"2026-04-23T17:54:14+00:00","speakable":{"@type":"SpeakableSpecification","cssSelector":[".article-content > p:first-of-type"]}},{"@type":"WebPage","@id":"https:\/\/kohenavocats.com\/pt-pt\/tribunal-judiciaire-de-dunkerque-le-25-septembre-2025-n25-00140\/","url":"https:\/\/kohenavocats.com\/pt-pt\/tribunal-judiciaire-de-dunkerque-le-25-septembre-2025-n25-00140\/","name":"Tribunal judiciaire de Dunkerque, le 25 septembre 2025, n\u00b025\/00140 - Ma\u00eetre Hassan Kohen, avocat en droit p\u00e9nal \u00e0 Paris","isPartOf":{"@id":"https:\/\/kohenavocats.com\/pt-pt\/#website"},"primaryImageOfPage":{"@id":"https:\/\/kohenavocats.com\/pt-pt\/tribunal-judiciaire-de-dunkerque-le-25-septembre-2025-n25-00140\/#primaryimage"},"image":{"@id":"https:\/\/kohenavocats.com\/pt-pt\/tribunal-judiciaire-de-dunkerque-le-25-septembre-2025-n25-00140\/#primaryimage"},"thumbnailUrl":"https:\/\/kohenavocats.com\/wp-content\/uploads\/2024\/11\/allison-saeng-ynhGXZEH5gQ-unsplash.webp","datePublished":"2026-04-23T17:54:14+00:00","description":"Le tribunal judiciaire de Dunkerque, statuant en r\u00e9f\u00e9r\u00e9 le 25 septembre 2025, a examin\u00e9 une demande d\u2019extension de mission d\u2019expertise. Cette demande \u00e9manait...","breadcrumb":{"@id":"https:\/\/kohenavocats.com\/pt-pt\/tribunal-judiciaire-de-dunkerque-le-25-septembre-2025-n25-00140\/#breadcrumb"},"inLanguage":"pt-PT","potentialAction":[{"@type":"ReadAction","target":["https:\/\/kohenavocats.com\/pt-pt\/tribunal-judiciaire-de-dunkerque-le-25-septembre-2025-n25-00140\/"]}]},{"@type":"ImageObject","inLanguage":"pt-PT","@id":"https:\/\/kohenavocats.com\/pt-pt\/tribunal-judiciaire-de-dunkerque-le-25-septembre-2025-n25-00140\/#primaryimage","url":"https:\/\/kohenavocats.com\/wp-content\/uploads\/2024\/11\/allison-saeng-ynhGXZEH5gQ-unsplash.webp","contentUrl":"https:\/\/kohenavocats.com\/wp-content\/uploads\/2024\/11\/allison-saeng-ynhGXZEH5gQ-unsplash.webp","width":3000,"height":4000},{"@type":"BreadcrumbList","@id":"https:\/\/kohenavocats.com\/pt-pt\/tribunal-judiciaire-de-dunkerque-le-25-septembre-2025-n25-00140\/#breadcrumb","itemListElement":[{"@type":"ListItem","position":1,"name":"Home","item":"https:\/\/kohenavocats.com\/pt-pt\/avocats-en-droit-penal-a-paris-conseil-et-defense-strategique\/"},{"@type":"ListItem","position":2,"name":"Tribunal judiciaire de Dunkerque, le 25 septembre 2025, n\u00b025\/00140"}]},{"@type":"WebSite","@id":"https:\/\/kohenavocats.com\/pt-pt\/#website","url":"https:\/\/kohenavocats.com\/pt-pt\/","name":"Kohen Avocats","description":"Ma\u00eetre Hassan Kohen, avocat p\u00e9naliste \u00e0 Paris, intervient exclusivement en droit p\u00e9nal pour la d\u00e9fense des particuliers, notamment en mati\u00e8re d\u2019accusations de viol. Il assure un accompagnement rigoureux d\u00e8s la garde \u00e0 vue jusqu\u2019\u00e0 la Cour d\u2019assises, veillant au strict respect des garanties proc\u00e9durales.","publisher":{"@id":"https:\/\/kohenavocats.com\/pt-pt\/#organization"},"potentialAction":[{"@type":"SearchAction","target":{"@type":"EntryPoint","urlTemplate":"https:\/\/kohenavocats.com\/pt-pt\/?s={search_term_string}"},"query-input":{"@type":"PropertyValueSpecification","valueRequired":true,"valueName":"search_term_string"}}],"inLanguage":"pt-PT"},{"@type":"Organization","@id":"https:\/\/kohenavocats.com\/pt-pt\/#organization","name":"Kohen Avocats","url":"https:\/\/kohenavocats.com\/pt-pt\/","logo":{"@type":"ImageObject","inLanguage":"pt-PT","@id":"https:\/\/kohenavocats.com\/pt-pt\/#\/schema\/logo\/image\/","url":"https:\/\/kohenavocats.com\/wp-content\/uploads\/2026\/01\/Logo-2-1.webp","contentUrl":"https:\/\/kohenavocats.com\/wp-content\/uploads\/2026\/01\/Logo-2-1.webp","width":2114,"height":1253,"caption":"Kohen Avocats"},"image":{"@id":"https:\/\/kohenavocats.com\/pt-pt\/#\/schema\/logo\/image\/"}},{"@type":"Person","@id":"https:\/\/kohenavocats.com\/pt-pt\/#\/schema\/person\/761c9ba54fa1ca84d405cef0831ff751","name":"Kohen","image":{"@type":"ImageObject","inLanguage":"pt-PT","@id":"https:\/\/secure.gravatar.com\/avatar\/1c5e76ef76bbbfdd2b4da984e2bf2fa4056fd51a27d25ce2c332047f1dfd6e00?s=96&d=identicon&r=g","url":"https:\/\/secure.gravatar.com\/avatar\/1c5e76ef76bbbfdd2b4da984e2bf2fa4056fd51a27d25ce2c332047f1dfd6e00?s=96&d=identicon&r=g","contentUrl":"https:\/\/secure.gravatar.com\/avatar\/1c5e76ef76bbbfdd2b4da984e2bf2fa4056fd51a27d25ce2c332047f1dfd6e00?s=96&d=identicon&r=g","caption":"Kohen"},"sameAs":["https:\/\/www.linkedin.com\/in\/hassan-kohen-448548192\/","https:\/\/www.youtube.com\/@Kohen-Avocats"],"url":"https:\/\/kohenavocats.com\/pt-pt\/author\/kohenmlk\/"}]}},"jetpack_featured_media_url":"https:\/\/kohenavocats.com\/wp-content\/uploads\/2024\/11\/allison-saeng-ynhGXZEH5gQ-unsplash.webp","jetpack_likes_enabled":false,"jetpack_shortlink":"https:\/\/wp.me\/peCrII-2Mo4","jetpack-related-posts":[{"id":662664,"url":"https:\/\/kohenavocats.com\/pt-pt\/tribunal-judiciaire-de-dunkerque-le-25-septembre-2025-n25-00153\/","url_meta":{"origin":662660,"position":0},"title":"Tribunal judiciaire de Dunkerque, le 25 septembre 2025, n\u00b025\/00153","author":"Kohen","date":"23 de Abril, 2026","format":false,"excerpt":"Le tribunal judiciaire de Dunkerque, statuant en r\u00e9f\u00e9r\u00e9 le 25 septembre 2025, a examin\u00e9 une demande d'extension d'une mission d'expertise. Cette demande \u00e9man...","rel":"","context":"In &quot;Jurisprudence&quot;","block_context":{"text":"Jurisprudence","link":"https:\/\/kohenavocats.com\/category\/jurisprudence\/"},"img":{"alt_text":"","src":"https:\/\/i0.wp.com\/kohenavocats.com\/wp-content\/uploads\/2024\/08\/dillon-t-lHQ7gU7SgdM-unsplash.webp?resize=350%2C200&ssl=1","width":350,"height":200,"srcset":"https:\/\/i0.wp.com\/kohenavocats.com\/wp-content\/uploads\/2024\/08\/dillon-t-lHQ7gU7SgdM-unsplash.webp?resize=350%2C200&ssl=1 1x, https:\/\/i0.wp.com\/kohenavocats.com\/wp-content\/uploads\/2024\/08\/dillon-t-lHQ7gU7SgdM-unsplash.webp?resize=525%2C300&ssl=1 1.5x, https:\/\/i0.wp.com\/kohenavocats.com\/wp-content\/uploads\/2024\/08\/dillon-t-lHQ7gU7SgdM-unsplash.webp?resize=700%2C400&ssl=1 2x, https:\/\/i0.wp.com\/kohenavocats.com\/wp-content\/uploads\/2024\/08\/dillon-t-lHQ7gU7SgdM-unsplash.webp?resize=1050%2C600&ssl=1 3x, https:\/\/i0.wp.com\/kohenavocats.com\/wp-content\/uploads\/2024\/08\/dillon-t-lHQ7gU7SgdM-unsplash.webp?resize=1400%2C800&ssl=1 4x"},"classes":[]},{"id":606938,"url":"https:\/\/kohenavocats.com\/pt-pt\/tribunal-judiciaire-de-dunkerque-le-4-decembre-2025-n25-00191\/","url_meta":{"origin":662660,"position":1},"title":"Tribunal judiciaire de Dunkerque, le 4 d\u00e9cembre 2025, n\u00b025\/00191","author":"Kohen","date":"19 de Abril, 2026","format":false,"excerpt":"Le tribunal judiciaire de Dunkerque, statuant en r\u00e9f\u00e9r\u00e9 le 4 d\u00e9cembre 2025, se prononce sur une demande d'extension d'une mission d'expertise diligent\u00e9e en a...","rel":"","context":"In &quot;Jurisprudence&quot;","block_context":{"text":"Jurisprudence","link":"https:\/\/kohenavocats.com\/category\/jurisprudence\/"},"img":{"alt_text":"","src":"https:\/\/i0.wp.com\/kohenavocats.com\/wp-content\/uploads\/2024\/11\/mohamed-nohassi-G58ozVlYgF8-unsplash.webp?resize=350%2C200&ssl=1","width":350,"height":200,"srcset":"https:\/\/i0.wp.com\/kohenavocats.com\/wp-content\/uploads\/2024\/11\/mohamed-nohassi-G58ozVlYgF8-unsplash.webp?resize=350%2C200&ssl=1 1x, https:\/\/i0.wp.com\/kohenavocats.com\/wp-content\/uploads\/2024\/11\/mohamed-nohassi-G58ozVlYgF8-unsplash.webp?resize=525%2C300&ssl=1 1.5x, https:\/\/i0.wp.com\/kohenavocats.com\/wp-content\/uploads\/2024\/11\/mohamed-nohassi-G58ozVlYgF8-unsplash.webp?resize=700%2C400&ssl=1 2x, https:\/\/i0.wp.com\/kohenavocats.com\/wp-content\/uploads\/2024\/11\/mohamed-nohassi-G58ozVlYgF8-unsplash.webp?resize=1050%2C600&ssl=1 3x, https:\/\/i0.wp.com\/kohenavocats.com\/wp-content\/uploads\/2024\/11\/mohamed-nohassi-G58ozVlYgF8-unsplash.webp?resize=1400%2C800&ssl=1 4x"},"classes":[]},{"id":479301,"url":"https:\/\/kohenavocats.com\/pt-pt\/tribunal-judiciaire-de-dunkerque-le-28-octobre-2025-n25-00234\/","url_meta":{"origin":662660,"position":2},"title":"Tribunal judiciaire de Dunkerque, le 28 octobre 2025, n\u00b025\/00234","author":"Kohen","date":"7 de Abril, 2026","format":false,"excerpt":"Le tribunal judiciaire de Dunkerque, statuant en r\u00e9f\u00e9r\u00e9 le 28 octobre 2025, a \u00e9t\u00e9 saisi d'une demande d'expertise pr\u00e9alable \u00e0 des travaux. La soci\u00e9t\u00e9 requ\u00e9ra...","rel":"","context":"In &quot;Jurisprudence&quot;","block_context":{"text":"Jurisprudence","link":"https:\/\/kohenavocats.com\/category\/jurisprudence\/"},"img":{"alt_text":"","src":"https:\/\/i0.wp.com\/kohenavocats.com\/wp-content\/uploads\/2024\/08\/alexey-larionov-S8cOCANSb8g-unsplash.webp?resize=350%2C200&ssl=1","width":350,"height":200,"srcset":"https:\/\/i0.wp.com\/kohenavocats.com\/wp-content\/uploads\/2024\/08\/alexey-larionov-S8cOCANSb8g-unsplash.webp?resize=350%2C200&ssl=1 1x, https:\/\/i0.wp.com\/kohenavocats.com\/wp-content\/uploads\/2024\/08\/alexey-larionov-S8cOCANSb8g-unsplash.webp?resize=525%2C300&ssl=1 1.5x, https:\/\/i0.wp.com\/kohenavocats.com\/wp-content\/uploads\/2024\/08\/alexey-larionov-S8cOCANSb8g-unsplash.webp?resize=700%2C400&ssl=1 2x, https:\/\/i0.wp.com\/kohenavocats.com\/wp-content\/uploads\/2024\/08\/alexey-larionov-S8cOCANSb8g-unsplash.webp?resize=1050%2C600&ssl=1 3x, https:\/\/i0.wp.com\/kohenavocats.com\/wp-content\/uploads\/2024\/08\/alexey-larionov-S8cOCANSb8g-unsplash.webp?resize=1400%2C800&ssl=1 4x"},"classes":[]},{"id":477948,"url":"https:\/\/kohenavocats.com\/pt-pt\/tribunal-judiciaire-de-dunkerque-le-4-decembre-2025-n25-00208\/","url_meta":{"origin":662660,"position":3},"title":"Tribunal judiciaire de Dunkerque, le 4 d\u00e9cembre 2025, n\u00b025\/00208","author":"Kohen","date":"7 de Abril, 2026","format":false,"excerpt":"Le tribunal judiciaire de Dunkerque, statuant en r\u00e9f\u00e9r\u00e9 le 4 d\u00e9cembre 2025, se prononce sur une demande d\u2019extension d\u2019une expertise judiciaire. L\u2019expertise i...","rel":"","context":"In &quot;Jurisprudence&quot;","block_context":{"text":"Jurisprudence","link":"https:\/\/kohenavocats.com\/category\/jurisprudence\/"},"img":{"alt_text":"","src":"https:\/\/i0.wp.com\/kohenavocats.com\/wp-content\/uploads\/2024\/11\/pawel-czerwinski-IJvuvpEtYg4-unsplash.webp?resize=350%2C200&ssl=1","width":350,"height":200,"srcset":"https:\/\/i0.wp.com\/kohenavocats.com\/wp-content\/uploads\/2024\/11\/pawel-czerwinski-IJvuvpEtYg4-unsplash.webp?resize=350%2C200&ssl=1 1x, https:\/\/i0.wp.com\/kohenavocats.com\/wp-content\/uploads\/2024\/11\/pawel-czerwinski-IJvuvpEtYg4-unsplash.webp?resize=525%2C300&ssl=1 1.5x, https:\/\/i0.wp.com\/kohenavocats.com\/wp-content\/uploads\/2024\/11\/pawel-czerwinski-IJvuvpEtYg4-unsplash.webp?resize=700%2C400&ssl=1 2x, https:\/\/i0.wp.com\/kohenavocats.com\/wp-content\/uploads\/2024\/11\/pawel-czerwinski-IJvuvpEtYg4-unsplash.webp?resize=1050%2C600&ssl=1 3x, https:\/\/i0.wp.com\/kohenavocats.com\/wp-content\/uploads\/2024\/11\/pawel-czerwinski-IJvuvpEtYg4-unsplash.webp?resize=1400%2C800&ssl=1 4x"},"classes":[]},{"id":364216,"url":"https:\/\/kohenavocats.com\/pt-pt\/tribunal-judiciaire-de-dunkerque-le-9-octobre-2025-n25-00194\/","url_meta":{"origin":662660,"position":4},"title":"Tribunal judiciaire de Dunkerque, le 9 octobre 2025, n\u00b025\/00194","author":"Kohen","date":"11 de Fevereiro, 2026","format":false,"excerpt":"Le Tribunal judiciaire de Dunkerque, statuant en r\u00e9f\u00e9r\u00e9 le 9 octobre 2025, a \u00e9t\u00e9 saisi par des consommateurs en vue de faire d\u00e9signer un expert judiciaire...","rel":"","context":"In &quot;D\u00e9cisions juridiques&quot;","block_context":{"text":"D\u00e9cisions juridiques","link":"https:\/\/kohenavocats.com\/category\/decisions-juridiques\/"},"img":{"alt_text":"","src":"https:\/\/i0.wp.com\/kohenavocats.com\/wp-content\/uploads\/2024\/11\/virginia-marinova-3UfkjHxVch0-unsplash-1.webp?resize=350%2C200&ssl=1","width":350,"height":200,"srcset":"https:\/\/i0.wp.com\/kohenavocats.com\/wp-content\/uploads\/2024\/11\/virginia-marinova-3UfkjHxVch0-unsplash-1.webp?resize=350%2C200&ssl=1 1x, https:\/\/i0.wp.com\/kohenavocats.com\/wp-content\/uploads\/2024\/11\/virginia-marinova-3UfkjHxVch0-unsplash-1.webp?resize=525%2C300&ssl=1 1.5x, https:\/\/i0.wp.com\/kohenavocats.com\/wp-content\/uploads\/2024\/11\/virginia-marinova-3UfkjHxVch0-unsplash-1.webp?resize=700%2C400&ssl=1 2x, https:\/\/i0.wp.com\/kohenavocats.com\/wp-content\/uploads\/2024\/11\/virginia-marinova-3UfkjHxVch0-unsplash-1.webp?resize=1050%2C600&ssl=1 3x, https:\/\/i0.wp.com\/kohenavocats.com\/wp-content\/uploads\/2024\/11\/virginia-marinova-3UfkjHxVch0-unsplash-1.webp?resize=1400%2C800&ssl=1 4x"},"classes":[]},{"id":520204,"url":"https:\/\/kohenavocats.com\/pt-pt\/tribunal-judiciaire-de-dunkerque-le-20-novembre-2025-n25-00237\/","url_meta":{"origin":662660,"position":5},"title":"Tribunal judiciaire de Dunkerque, le 20 novembre 2025, n\u00b025\/00237","author":"Kohen","date":"8 de Abril, 2026","format":false,"excerpt":"Le tribunal judiciaire de Dunkerque, statuant en r\u00e9f\u00e9r\u00e9 le 20 novembre 2025, se prononce sur une demande d'extension d'une expertise. Des propri\u00e9taires souha...","rel":"","context":"In &quot;Jurisprudence&quot;","block_context":{"text":"Jurisprudence","link":"https:\/\/kohenavocats.com\/category\/jurisprudence\/"},"img":{"alt_text":"","src":"https:\/\/i0.wp.com\/kohenavocats.com\/wp-content\/uploads\/2024\/11\/kateryna-hliznitsova-TQpOu3Bivsc-unsplash.webp?resize=350%2C200&ssl=1","width":350,"height":200,"srcset":"https:\/\/i0.wp.com\/kohenavocats.com\/wp-content\/uploads\/2024\/11\/kateryna-hliznitsova-TQpOu3Bivsc-unsplash.webp?resize=350%2C200&ssl=1 1x, https:\/\/i0.wp.com\/kohenavocats.com\/wp-content\/uploads\/2024\/11\/kateryna-hliznitsova-TQpOu3Bivsc-unsplash.webp?resize=525%2C300&ssl=1 1.5x, https:\/\/i0.wp.com\/kohenavocats.com\/wp-content\/uploads\/2024\/11\/kateryna-hliznitsova-TQpOu3Bivsc-unsplash.webp?resize=700%2C400&ssl=1 2x, https:\/\/i0.wp.com\/kohenavocats.com\/wp-content\/uploads\/2024\/11\/kateryna-hliznitsova-TQpOu3Bivsc-unsplash.webp?resize=1050%2C600&ssl=1 3x, https:\/\/i0.wp.com\/kohenavocats.com\/wp-content\/uploads\/2024\/11\/kateryna-hliznitsova-TQpOu3Bivsc-unsplash.webp?resize=1400%2C800&ssl=1 4x"},"classes":[]}],"jetpack_sharing_enabled":true,"_links":{"self":[{"href":"https:\/\/kohenavocats.com\/pt-pt\/wp-json\/wp\/v2\/posts\/662660","targetHints":{"allow":["GET"]}}],"collection":[{"href":"https:\/\/kohenavocats.com\/pt-pt\/wp-json\/wp\/v2\/posts"}],"about":[{"href":"https:\/\/kohenavocats.com\/pt-pt\/wp-json\/wp\/v2\/types\/post"}],"author":[{"embeddable":true,"href":"https:\/\/kohenavocats.com\/pt-pt\/wp-json\/wp\/v2\/users\/232070755"}],"replies":[{"embeddable":true,"href":"https:\/\/kohenavocats.com\/pt-pt\/wp-json\/wp\/v2\/comments?post=662660"}],"version-history":[{"count":0,"href":"https:\/\/kohenavocats.com\/pt-pt\/wp-json\/wp\/v2\/posts\/662660\/revisions"}],"wp:featuredmedia":[{"embeddable":true,"href":"https:\/\/kohenavocats.com\/pt-pt\/wp-json\/wp\/v2\/media\/9666"}],"wp:attachment":[{"href":"https:\/\/kohenavocats.com\/pt-pt\/wp-json\/wp\/v2\/media?parent=662660"}],"wp:term":[{"taxonomy":"category","embeddable":true,"href":"https:\/\/kohenavocats.com\/pt-pt\/wp-json\/wp\/v2\/categories?post=662660"},{"taxonomy":"post_tag","embeddable":true,"href":"https:\/\/kohenavocats.com\/pt-pt\/wp-json\/wp\/v2\/tags?post=662660"}],"curies":[{"name":"wp","href":"https:\/\/api.w.org\/{rel}","templated":true}]}}