{"id":662664,"date":"2026-04-23T19:54:48","date_gmt":"2026-04-23T17:54:48","guid":{"rendered":"https:\/\/kohenavocats.com\/tribunal-judiciaire-de-dunkerque-le-25-septembre-2025-n25-00153\/"},"modified":"2026-04-23T19:54:48","modified_gmt":"2026-04-23T17:54:48","slug":"tribunal-judiciaire-de-dunkerque-le-25-septembre-2025-n25-00153","status":"publish","type":"post","link":"https:\/\/kohenavocats.com\/pt-pt\/tribunal-judiciaire-de-dunkerque-le-25-septembre-2025-n25-00153\/","title":{"rendered":"Tribunal judiciaire de Dunkerque, le 25 septembre 2025, n\u00b025\/00153"},"content":{"rendered":"<div class=\"article-content\">\n<p>Le tribunal judiciaire de Dunkerque, statuant en r\u00e9f\u00e9r\u00e9 le 25 septembre 2025, a examin\u00e9 une demande d&#8217;extension d&#8217;une mission d&#8217;expertise. Cette demande \u00e9manait de propri\u00e9taires ayant constat\u00e9 de nouveaux d\u00e9sordres sur une dalle de b\u00e9ton dans leur immeuble. Le juge a ordonn\u00e9 l&#8217;extension de l&#8217;expertise en cours et a mis \u00e0 la charge des demandeurs les d\u00e9pens de l&#8217;instance. La d\u00e9cision pr\u00e9cise les conditions et l&#8217;objet de la mission compl\u00e9mentaire confi\u00e9e \u00e0 l&#8217;expert judiciaire.<\/p>\n<p>Le r\u00e9gime juridique de l&#8217;extension d&#8217;expertise en r\u00e9f\u00e9r\u00e9<\/p>\n<p>Le fondement l\u00e9gal de la mesure d&#8217;instruction. Le juge des r\u00e9f\u00e9r\u00e9s fonde sa d\u00e9cision sur l&#8217;article 145 du code de proc\u00e9dure civile. Ce texte permet d&#8217;ordonner des mesures d&#8217;instruction avant tout proc\u00e8s sous certaines conditions. &#8220;les mesures d&#8217;instruction l\u00e9galement admissibles peuvent \u00eatre ordonn\u00e9es en r\u00e9f\u00e9r\u00e9 s&#8217;il existe un motif l\u00e9gitime de conserver ou d&#8217;\u00e9tablir avant tout proc\u00e8s la preuve de faits dont pourrait d\u00e9pendre la solution d&#8217;un litige&#8221; (Motifs de la d\u00e9cision). Cette disposition est rappel\u00e9e par la jurisprudence pour encadrer les demandes pr\u00e9ventives. &#8220;En vertu de l&#8217;article 145 du code de proc\u00e9dure civile, s&#8217;il existe un motif l\u00e9gitime de conserver ou d&#8217;\u00e9tablir avant tout proc\u00e8s la preuve de faits dont pourrait d\u00e9pendre la solution d&#8217;un litige, les mesures d&#8217;instruction l\u00e9galement admissibles peuvent \u00eatre ordonn\u00e9es \u00e0 la demande de tout int\u00e9ress\u00e9, sur requ\u00eate ou en r\u00e9f\u00e9r\u00e9&#8221; (Tribunal judiciaire de Grasse, le 27 novembre 2025, n\u00b025\/00658). La d\u00e9cision s&#8217;inscrit donc dans ce cadre proc\u00e9dural sp\u00e9cifique.<\/p>\n<p>L&#8217;appr\u00e9ciation souveraine du motif l\u00e9gitime. Le juge v\u00e9rifie que la demande est justifi\u00e9e par un motif l\u00e9gitime, condition essentielle de l&#8217;article 145. Il rel\u00e8ve de nombreux d\u00e9sordres techniques list\u00e9s dans un proc\u00e8s-verbal de constat. L&#8217;expert judiciaire initial a lui-m\u00eame estim\u00e9 que la dalle n&#8217;avait pas \u00e9t\u00e9 r\u00e9alis\u00e9e dans les r\u00e8gles de l&#8217;art. &#8220;nous sommes en pr\u00e9sence d\u2019une dalle qui n\u2019a pas \u00e9t\u00e9 r\u00e9alis\u00e9e dans les r\u00e8gles de l\u2019art&#8221; (Motifs de la d\u00e9cision). Il a aussi indiqu\u00e9 ne pas s&#8217;opposer \u00e0 l&#8217;extension de sa mission. Le juge en d\u00e9duit que la demande est fond\u00e9e. &#8220;Au regard de ces \u00e9l\u00e9ments, la demande d&#8217;extension de la mission d&#8217;expertise est justifi\u00e9e par un motif l\u00e9gitime&#8221; (Motifs de la d\u00e9cision). Cette appr\u00e9ciation concr\u00e8te des \u00e9l\u00e9ments techniques justifie la mesure.<\/p>\n<p>Les cons\u00e9quences proc\u00e9durales de la d\u00e9cision d&#8217;extension<\/p>\n<p>L&#8217;encadrement pr\u00e9cis de la mission compl\u00e9mentaire. Le dispositif de l&#8217;ordonnance d\u00e9finit avec d\u00e9tail le nouveau p\u00e9rim\u00e8tre de l&#8217;expertise. La mission est \u00e9tendue aux d\u00e9sordres sp\u00e9cifiques consign\u00e9s dans le constat du 29 janvier 2025. L&#8217;expert doit notamment constater les d\u00e9sordres, en pr\u00e9ciser les causes et l&#8217;origine. Il doit aussi d\u00e9terminer un \u00e9ventuel lien avec les d\u00e9sordres initialement expertis\u00e9s. &#8220;dire si les d\u00e9sordres et malfa\u00e7ons (&#8230;) sont en lien avec les d\u00e9sordres initialement constat\u00e9s&#8221; (Dispositif de la d\u00e9cision). Cette pr\u00e9cision \u00e9vite tout d\u00e9passement de mission et garantit la pertinence de l&#8217;expertise pour un \u00e9ventuel futur litige au fond.<\/p>\n<p>Le traitement sp\u00e9cifique des d\u00e9pens en mati\u00e8re d&#8217;expertise. Le juge statue sur les d\u00e9pens en application de l&#8217;article 491 du code de proc\u00e9dure civile. Il rappelle la r\u00e8gle particuli\u00e8re applicable aux demandes fond\u00e9es sur l&#8217;article 145. &#8220;le d\u00e9fendeur \u00e0 une telle demande n&#8217;est pas une partie perdante et n&#8217;a pas \u00e0 supporter les d\u00e9pens&#8221; (Motifs de la d\u00e9cision). Il cite \u00e0 l&#8217;appui un arr\u00eat de la Cour de cassation du 10 f\u00e9vrier 2011. En cons\u00e9quence, il condamne les demandeurs \u00e0 l&#8217;extension aux d\u00e9pens de l&#8217;instance de r\u00e9f\u00e9r\u00e9. Cette solution est coh\u00e9rente avec la nature pr\u00e9ventive et pr\u00e9paratoire de la mesure. Elle ne pr\u00e9juge pas de l&#8217;issue d&#8217;une \u00e9ventuelle action au fond sur la responsabilit\u00e9.<\/p>\n<\/div>\n","protected":false},"excerpt":{"rendered":"<p>Le tribunal judiciaire de Dunkerque, statuant en r\u00e9f\u00e9r\u00e9 le 25 septembre 2025, a examin\u00e9 une demande d&#8217;extension d&#8217;une mission d&#8217;expertise. Cette demande \u00e9man&#8230;<\/p>\n","protected":false},"author":232070755,"featured_media":4852,"comment_status":"open","ping_status":"open","sticky":false,"template":"","format":"standard","meta":{"_crdt_document":"","_jetpack_newsletter_access":"","_jetpack_dont_email_post_to_subs":false,"_jetpack_newsletter_tier_id":0,"_jetpack_memberships_contains_paywalled_content":false,"_jetpack_memberships_contains_paid_content":false,"footnotes":"","jetpack_post_was_ever_published":false},"categories":[7597],"tags":[],"class_list":["post-662664","post","type-post","status-publish","format-standard","has-post-thumbnail","hentry","category-jurisprudence"],"yoast_head":"<!-- This site is optimized with the Yoast SEO Premium plugin v27.4 (Yoast SEO v27.4) - https:\/\/yoast.com\/product\/yoast-seo-premium-wordpress\/ -->\n<title>Tribunal judiciaire de Dunkerque, le 25 septembre 2025, n\u00b025\/00153 - Ma\u00eetre Hassan Kohen, avocat en droit p\u00e9nal \u00e0 Paris<\/title>\n<meta name=\"description\" content=\"Le tribunal judiciaire de Dunkerque, statuant en r\u00e9f\u00e9r\u00e9 le 25 septembre 2025, a examin\u00e9 une demande d&#039;extension d&#039;une mission d&#039;expertise. Cette demande \u00e9man...\" \/>\n<meta name=\"robots\" content=\"index, follow, max-snippet:-1, max-image-preview:large, max-video-preview:-1\" \/>\n<link rel=\"canonical\" href=\"https:\/\/kohenavocats.com\/pt-pt\/tribunal-judiciaire-de-dunkerque-le-25-septembre-2025-n25-00153\/\" \/>\n<meta property=\"og:locale\" content=\"pt_PT\" \/>\n<meta property=\"og:type\" content=\"article\" \/>\n<meta property=\"og:title\" content=\"Tribunal judiciaire de Dunkerque, le 25 septembre 2025, n\u00b025\/00153\" \/>\n<meta property=\"og:description\" content=\"Le tribunal judiciaire de Dunkerque, statuant en r\u00e9f\u00e9r\u00e9 le 25 septembre 2025, a examin\u00e9 une demande d&#039;extension d&#039;une mission d&#039;expertise. Cette demande \u00e9man...\" \/>\n<meta property=\"og:url\" content=\"https:\/\/kohenavocats.com\/pt-pt\/tribunal-judiciaire-de-dunkerque-le-25-septembre-2025-n25-00153\/\" \/>\n<meta property=\"og:site_name\" content=\"Ma\u00eetre Hassan Kohen, avocat en droit p\u00e9nal \u00e0 Paris\" \/>\n<meta property=\"article:published_time\" content=\"2026-04-23T17:54:48+00:00\" \/>\n<meta property=\"og:image\" content=\"https:\/\/kohenavocats.com\/wp-content\/uploads\/2024\/08\/dillon-t-lHQ7gU7SgdM-unsplash.webp\" \/>\n\t<meta property=\"og:image:width\" content=\"6192\" \/>\n\t<meta property=\"og:image:height\" content=\"4128\" \/>\n\t<meta property=\"og:image:type\" content=\"image\/webp\" \/>\n<meta name=\"author\" content=\"Kohen\" \/>\n<meta name=\"twitter:card\" content=\"summary_large_image\" \/>\n<meta name=\"twitter:label1\" content=\"Escrito por\" \/>\n\t<meta name=\"twitter:data1\" content=\"Kohen\" \/>\n\t<meta name=\"twitter:label2\" content=\"Tempo estimado de leitura\" \/>\n\t<meta name=\"twitter:data2\" content=\"3 minutos\" \/>\n<script type=\"application\/ld+json\" class=\"yoast-schema-graph\">{\"@context\":\"https:\\\/\\\/schema.org\",\"@graph\":[{\"@type\":\"Article\",\"@id\":\"https:\\\/\\\/kohenavocats.com\\\/pt-pt\\\/tribunal-judiciaire-de-dunkerque-le-25-septembre-2025-n25-00153\\\/#article\",\"isPartOf\":{\"@id\":\"https:\\\/\\\/kohenavocats.com\\\/pt-pt\\\/tribunal-judiciaire-de-dunkerque-le-25-septembre-2025-n25-00153\\\/\"},\"author\":{\"name\":\"Kohen\",\"@id\":\"https:\\\/\\\/kohenavocats.com\\\/pt-pt\\\/#\\\/schema\\\/person\\\/761c9ba54fa1ca84d405cef0831ff751\"},\"headline\":\"Tribunal judiciaire de Dunkerque, le 25 septembre 2025, n\u00b025\\\/00153\",\"datePublished\":\"2026-04-23T17:54:48+00:00\",\"mainEntityOfPage\":{\"@id\":\"https:\\\/\\\/kohenavocats.com\\\/pt-pt\\\/tribunal-judiciaire-de-dunkerque-le-25-septembre-2025-n25-00153\\\/\"},\"wordCount\":730,\"commentCount\":0,\"publisher\":{\"@id\":\"https:\\\/\\\/kohenavocats.com\\\/pt-pt\\\/#organization\"},\"image\":{\"@id\":\"https:\\\/\\\/kohenavocats.com\\\/pt-pt\\\/tribunal-judiciaire-de-dunkerque-le-25-septembre-2025-n25-00153\\\/#primaryimage\"},\"thumbnailUrl\":\"https:\\\/\\\/kohenavocats.com\\\/wp-content\\\/uploads\\\/2024\\\/08\\\/dillon-t-lHQ7gU7SgdM-unsplash.webp\",\"articleSection\":[\"Jurisprudence\"],\"inLanguage\":\"pt-PT\",\"potentialAction\":[{\"@type\":\"CommentAction\",\"name\":\"Comment\",\"target\":[\"https:\\\/\\\/kohenavocats.com\\\/pt-pt\\\/tribunal-judiciaire-de-dunkerque-le-25-septembre-2025-n25-00153\\\/#respond\"]}],\"citation\":\"Tribunal judiciaire de Dunkerque, le 25 septembre 2025, n\u00b025\\\/00153\",\"about\":[{\"@type\":\"Thing\",\"name\":\"Jurisprudence\"}],\"dateModified\":\"2026-04-23T17:54:48+00:00\",\"speakable\":{\"@type\":\"SpeakableSpecification\",\"cssSelector\":[\".article-content > p:first-of-type\"]}},{\"@type\":\"WebPage\",\"@id\":\"https:\\\/\\\/kohenavocats.com\\\/pt-pt\\\/tribunal-judiciaire-de-dunkerque-le-25-septembre-2025-n25-00153\\\/\",\"url\":\"https:\\\/\\\/kohenavocats.com\\\/pt-pt\\\/tribunal-judiciaire-de-dunkerque-le-25-septembre-2025-n25-00153\\\/\",\"name\":\"Tribunal judiciaire de Dunkerque, le 25 septembre 2025, n\u00b025\\\/00153 - Ma\u00eetre Hassan Kohen, avocat en droit p\u00e9nal \u00e0 Paris\",\"isPartOf\":{\"@id\":\"https:\\\/\\\/kohenavocats.com\\\/pt-pt\\\/#website\"},\"primaryImageOfPage\":{\"@id\":\"https:\\\/\\\/kohenavocats.com\\\/pt-pt\\\/tribunal-judiciaire-de-dunkerque-le-25-septembre-2025-n25-00153\\\/#primaryimage\"},\"image\":{\"@id\":\"https:\\\/\\\/kohenavocats.com\\\/pt-pt\\\/tribunal-judiciaire-de-dunkerque-le-25-septembre-2025-n25-00153\\\/#primaryimage\"},\"thumbnailUrl\":\"https:\\\/\\\/kohenavocats.com\\\/wp-content\\\/uploads\\\/2024\\\/08\\\/dillon-t-lHQ7gU7SgdM-unsplash.webp\",\"datePublished\":\"2026-04-23T17:54:48+00:00\",\"description\":\"Le tribunal judiciaire de Dunkerque, statuant en r\u00e9f\u00e9r\u00e9 le 25 septembre 2025, a examin\u00e9 une demande d'extension d'une mission d'expertise. Cette demande \u00e9man...\",\"breadcrumb\":{\"@id\":\"https:\\\/\\\/kohenavocats.com\\\/pt-pt\\\/tribunal-judiciaire-de-dunkerque-le-25-septembre-2025-n25-00153\\\/#breadcrumb\"},\"inLanguage\":\"pt-PT\",\"potentialAction\":[{\"@type\":\"ReadAction\",\"target\":[\"https:\\\/\\\/kohenavocats.com\\\/pt-pt\\\/tribunal-judiciaire-de-dunkerque-le-25-septembre-2025-n25-00153\\\/\"]}]},{\"@type\":\"ImageObject\",\"inLanguage\":\"pt-PT\",\"@id\":\"https:\\\/\\\/kohenavocats.com\\\/pt-pt\\\/tribunal-judiciaire-de-dunkerque-le-25-septembre-2025-n25-00153\\\/#primaryimage\",\"url\":\"https:\\\/\\\/kohenavocats.com\\\/wp-content\\\/uploads\\\/2024\\\/08\\\/dillon-t-lHQ7gU7SgdM-unsplash.webp\",\"contentUrl\":\"https:\\\/\\\/kohenavocats.com\\\/wp-content\\\/uploads\\\/2024\\\/08\\\/dillon-t-lHQ7gU7SgdM-unsplash.webp\",\"width\":6192,\"height\":4128},{\"@type\":\"BreadcrumbList\",\"@id\":\"https:\\\/\\\/kohenavocats.com\\\/pt-pt\\\/tribunal-judiciaire-de-dunkerque-le-25-septembre-2025-n25-00153\\\/#breadcrumb\",\"itemListElement\":[{\"@type\":\"ListItem\",\"position\":1,\"name\":\"Home\",\"item\":\"https:\\\/\\\/kohenavocats.com\\\/pt-pt\\\/avocats-en-droit-penal-a-paris-conseil-et-defense-strategique\\\/\"},{\"@type\":\"ListItem\",\"position\":2,\"name\":\"Tribunal judiciaire de Dunkerque, le 25 septembre 2025, n\u00b025\\\/00153\"}]},{\"@type\":\"WebSite\",\"@id\":\"https:\\\/\\\/kohenavocats.com\\\/pt-pt\\\/#website\",\"url\":\"https:\\\/\\\/kohenavocats.com\\\/pt-pt\\\/\",\"name\":\"Kohen Avocats\",\"description\":\"Ma\u00eetre Hassan Kohen, avocat p\u00e9naliste \u00e0 Paris, intervient exclusivement en droit p\u00e9nal pour la d\u00e9fense des particuliers, notamment en mati\u00e8re d\u2019accusations de viol. Il assure un accompagnement rigoureux d\u00e8s la garde \u00e0 vue jusqu\u2019\u00e0 la Cour d\u2019assises, veillant au strict respect des garanties proc\u00e9durales.\",\"publisher\":{\"@id\":\"https:\\\/\\\/kohenavocats.com\\\/pt-pt\\\/#organization\"},\"potentialAction\":[{\"@type\":\"SearchAction\",\"target\":{\"@type\":\"EntryPoint\",\"urlTemplate\":\"https:\\\/\\\/kohenavocats.com\\\/pt-pt\\\/?s={search_term_string}\"},\"query-input\":{\"@type\":\"PropertyValueSpecification\",\"valueRequired\":true,\"valueName\":\"search_term_string\"}}],\"inLanguage\":\"pt-PT\"},{\"@type\":\"Organization\",\"@id\":\"https:\\\/\\\/kohenavocats.com\\\/pt-pt\\\/#organization\",\"name\":\"Kohen Avocats\",\"url\":\"https:\\\/\\\/kohenavocats.com\\\/pt-pt\\\/\",\"logo\":{\"@type\":\"ImageObject\",\"inLanguage\":\"pt-PT\",\"@id\":\"https:\\\/\\\/kohenavocats.com\\\/pt-pt\\\/#\\\/schema\\\/logo\\\/image\\\/\",\"url\":\"https:\\\/\\\/kohenavocats.com\\\/wp-content\\\/uploads\\\/2026\\\/01\\\/Logo-2-1.webp\",\"contentUrl\":\"https:\\\/\\\/kohenavocats.com\\\/wp-content\\\/uploads\\\/2026\\\/01\\\/Logo-2-1.webp\",\"width\":2114,\"height\":1253,\"caption\":\"Kohen Avocats\"},\"image\":{\"@id\":\"https:\\\/\\\/kohenavocats.com\\\/pt-pt\\\/#\\\/schema\\\/logo\\\/image\\\/\"}},{\"@type\":\"Person\",\"@id\":\"https:\\\/\\\/kohenavocats.com\\\/pt-pt\\\/#\\\/schema\\\/person\\\/761c9ba54fa1ca84d405cef0831ff751\",\"name\":\"Kohen\",\"image\":{\"@type\":\"ImageObject\",\"inLanguage\":\"pt-PT\",\"@id\":\"https:\\\/\\\/secure.gravatar.com\\\/avatar\\\/1c5e76ef76bbbfdd2b4da984e2bf2fa4056fd51a27d25ce2c332047f1dfd6e00?s=96&d=identicon&r=g\",\"url\":\"https:\\\/\\\/secure.gravatar.com\\\/avatar\\\/1c5e76ef76bbbfdd2b4da984e2bf2fa4056fd51a27d25ce2c332047f1dfd6e00?s=96&d=identicon&r=g\",\"contentUrl\":\"https:\\\/\\\/secure.gravatar.com\\\/avatar\\\/1c5e76ef76bbbfdd2b4da984e2bf2fa4056fd51a27d25ce2c332047f1dfd6e00?s=96&d=identicon&r=g\",\"caption\":\"Kohen\"},\"sameAs\":[\"https:\\\/\\\/www.linkedin.com\\\/in\\\/hassan-kohen-448548192\\\/\",\"https:\\\/\\\/www.youtube.com\\\/@Kohen-Avocats\"],\"url\":\"https:\\\/\\\/kohenavocats.com\\\/pt-pt\\\/author\\\/kohenmlk\\\/\"}]}<\/script>\n<!-- \/ Yoast SEO Premium plugin. -->","yoast_head_json":{"title":"Tribunal judiciaire de Dunkerque, le 25 septembre 2025, n\u00b025\/00153 - Ma\u00eetre Hassan Kohen, avocat en droit p\u00e9nal \u00e0 Paris","description":"Le tribunal judiciaire de Dunkerque, statuant en r\u00e9f\u00e9r\u00e9 le 25 septembre 2025, a examin\u00e9 une demande d'extension d'une mission d'expertise. Cette demande \u00e9man...","robots":{"index":"index","follow":"follow","max-snippet":"max-snippet:-1","max-image-preview":"max-image-preview:large","max-video-preview":"max-video-preview:-1"},"canonical":"https:\/\/kohenavocats.com\/pt-pt\/tribunal-judiciaire-de-dunkerque-le-25-septembre-2025-n25-00153\/","og_locale":"pt_PT","og_type":"article","og_title":"Tribunal judiciaire de Dunkerque, le 25 septembre 2025, n\u00b025\/00153","og_description":"Le tribunal judiciaire de Dunkerque, statuant en r\u00e9f\u00e9r\u00e9 le 25 septembre 2025, a examin\u00e9 une demande d'extension d'une mission d'expertise. Cette demande \u00e9man...","og_url":"https:\/\/kohenavocats.com\/pt-pt\/tribunal-judiciaire-de-dunkerque-le-25-septembre-2025-n25-00153\/","og_site_name":"Ma\u00eetre Hassan Kohen, avocat en droit p\u00e9nal \u00e0 Paris","article_published_time":"2026-04-23T17:54:48+00:00","og_image":[{"width":6192,"height":4128,"url":"https:\/\/kohenavocats.com\/wp-content\/uploads\/2024\/08\/dillon-t-lHQ7gU7SgdM-unsplash.webp","type":"image\/webp"}],"author":"Kohen","twitter_card":"summary_large_image","twitter_misc":{"Escrito por":"Kohen","Tempo estimado de leitura":"3 minutos"},"schema":{"@context":"https:\/\/schema.org","@graph":[{"@type":"Article","@id":"https:\/\/kohenavocats.com\/pt-pt\/tribunal-judiciaire-de-dunkerque-le-25-septembre-2025-n25-00153\/#article","isPartOf":{"@id":"https:\/\/kohenavocats.com\/pt-pt\/tribunal-judiciaire-de-dunkerque-le-25-septembre-2025-n25-00153\/"},"author":{"name":"Kohen","@id":"https:\/\/kohenavocats.com\/pt-pt\/#\/schema\/person\/761c9ba54fa1ca84d405cef0831ff751"},"headline":"Tribunal judiciaire de Dunkerque, le 25 septembre 2025, n\u00b025\/00153","datePublished":"2026-04-23T17:54:48+00:00","mainEntityOfPage":{"@id":"https:\/\/kohenavocats.com\/pt-pt\/tribunal-judiciaire-de-dunkerque-le-25-septembre-2025-n25-00153\/"},"wordCount":730,"commentCount":0,"publisher":{"@id":"https:\/\/kohenavocats.com\/pt-pt\/#organization"},"image":{"@id":"https:\/\/kohenavocats.com\/pt-pt\/tribunal-judiciaire-de-dunkerque-le-25-septembre-2025-n25-00153\/#primaryimage"},"thumbnailUrl":"https:\/\/kohenavocats.com\/wp-content\/uploads\/2024\/08\/dillon-t-lHQ7gU7SgdM-unsplash.webp","articleSection":["Jurisprudence"],"inLanguage":"pt-PT","potentialAction":[{"@type":"CommentAction","name":"Comment","target":["https:\/\/kohenavocats.com\/pt-pt\/tribunal-judiciaire-de-dunkerque-le-25-septembre-2025-n25-00153\/#respond"]}],"citation":"Tribunal judiciaire de Dunkerque, le 25 septembre 2025, n\u00b025\/00153","about":[{"@type":"Thing","name":"Jurisprudence"}],"dateModified":"2026-04-23T17:54:48+00:00","speakable":{"@type":"SpeakableSpecification","cssSelector":[".article-content > p:first-of-type"]}},{"@type":"WebPage","@id":"https:\/\/kohenavocats.com\/pt-pt\/tribunal-judiciaire-de-dunkerque-le-25-septembre-2025-n25-00153\/","url":"https:\/\/kohenavocats.com\/pt-pt\/tribunal-judiciaire-de-dunkerque-le-25-septembre-2025-n25-00153\/","name":"Tribunal judiciaire de Dunkerque, le 25 septembre 2025, n\u00b025\/00153 - Ma\u00eetre Hassan Kohen, avocat en droit p\u00e9nal \u00e0 Paris","isPartOf":{"@id":"https:\/\/kohenavocats.com\/pt-pt\/#website"},"primaryImageOfPage":{"@id":"https:\/\/kohenavocats.com\/pt-pt\/tribunal-judiciaire-de-dunkerque-le-25-septembre-2025-n25-00153\/#primaryimage"},"image":{"@id":"https:\/\/kohenavocats.com\/pt-pt\/tribunal-judiciaire-de-dunkerque-le-25-septembre-2025-n25-00153\/#primaryimage"},"thumbnailUrl":"https:\/\/kohenavocats.com\/wp-content\/uploads\/2024\/08\/dillon-t-lHQ7gU7SgdM-unsplash.webp","datePublished":"2026-04-23T17:54:48+00:00","description":"Le tribunal judiciaire de Dunkerque, statuant en r\u00e9f\u00e9r\u00e9 le 25 septembre 2025, a examin\u00e9 une demande d'extension d'une mission d'expertise. Cette demande \u00e9man...","breadcrumb":{"@id":"https:\/\/kohenavocats.com\/pt-pt\/tribunal-judiciaire-de-dunkerque-le-25-septembre-2025-n25-00153\/#breadcrumb"},"inLanguage":"pt-PT","potentialAction":[{"@type":"ReadAction","target":["https:\/\/kohenavocats.com\/pt-pt\/tribunal-judiciaire-de-dunkerque-le-25-septembre-2025-n25-00153\/"]}]},{"@type":"ImageObject","inLanguage":"pt-PT","@id":"https:\/\/kohenavocats.com\/pt-pt\/tribunal-judiciaire-de-dunkerque-le-25-septembre-2025-n25-00153\/#primaryimage","url":"https:\/\/kohenavocats.com\/wp-content\/uploads\/2024\/08\/dillon-t-lHQ7gU7SgdM-unsplash.webp","contentUrl":"https:\/\/kohenavocats.com\/wp-content\/uploads\/2024\/08\/dillon-t-lHQ7gU7SgdM-unsplash.webp","width":6192,"height":4128},{"@type":"BreadcrumbList","@id":"https:\/\/kohenavocats.com\/pt-pt\/tribunal-judiciaire-de-dunkerque-le-25-septembre-2025-n25-00153\/#breadcrumb","itemListElement":[{"@type":"ListItem","position":1,"name":"Home","item":"https:\/\/kohenavocats.com\/pt-pt\/avocats-en-droit-penal-a-paris-conseil-et-defense-strategique\/"},{"@type":"ListItem","position":2,"name":"Tribunal judiciaire de Dunkerque, le 25 septembre 2025, n\u00b025\/00153"}]},{"@type":"WebSite","@id":"https:\/\/kohenavocats.com\/pt-pt\/#website","url":"https:\/\/kohenavocats.com\/pt-pt\/","name":"Kohen Avocats","description":"Ma\u00eetre Hassan Kohen, avocat p\u00e9naliste \u00e0 Paris, intervient exclusivement en droit p\u00e9nal pour la d\u00e9fense des particuliers, notamment en mati\u00e8re d\u2019accusations de viol. Il assure un accompagnement rigoureux d\u00e8s la garde \u00e0 vue jusqu\u2019\u00e0 la Cour d\u2019assises, veillant au strict respect des garanties proc\u00e9durales.","publisher":{"@id":"https:\/\/kohenavocats.com\/pt-pt\/#organization"},"potentialAction":[{"@type":"SearchAction","target":{"@type":"EntryPoint","urlTemplate":"https:\/\/kohenavocats.com\/pt-pt\/?s={search_term_string}"},"query-input":{"@type":"PropertyValueSpecification","valueRequired":true,"valueName":"search_term_string"}}],"inLanguage":"pt-PT"},{"@type":"Organization","@id":"https:\/\/kohenavocats.com\/pt-pt\/#organization","name":"Kohen Avocats","url":"https:\/\/kohenavocats.com\/pt-pt\/","logo":{"@type":"ImageObject","inLanguage":"pt-PT","@id":"https:\/\/kohenavocats.com\/pt-pt\/#\/schema\/logo\/image\/","url":"https:\/\/kohenavocats.com\/wp-content\/uploads\/2026\/01\/Logo-2-1.webp","contentUrl":"https:\/\/kohenavocats.com\/wp-content\/uploads\/2026\/01\/Logo-2-1.webp","width":2114,"height":1253,"caption":"Kohen Avocats"},"image":{"@id":"https:\/\/kohenavocats.com\/pt-pt\/#\/schema\/logo\/image\/"}},{"@type":"Person","@id":"https:\/\/kohenavocats.com\/pt-pt\/#\/schema\/person\/761c9ba54fa1ca84d405cef0831ff751","name":"Kohen","image":{"@type":"ImageObject","inLanguage":"pt-PT","@id":"https:\/\/secure.gravatar.com\/avatar\/1c5e76ef76bbbfdd2b4da984e2bf2fa4056fd51a27d25ce2c332047f1dfd6e00?s=96&d=identicon&r=g","url":"https:\/\/secure.gravatar.com\/avatar\/1c5e76ef76bbbfdd2b4da984e2bf2fa4056fd51a27d25ce2c332047f1dfd6e00?s=96&d=identicon&r=g","contentUrl":"https:\/\/secure.gravatar.com\/avatar\/1c5e76ef76bbbfdd2b4da984e2bf2fa4056fd51a27d25ce2c332047f1dfd6e00?s=96&d=identicon&r=g","caption":"Kohen"},"sameAs":["https:\/\/www.linkedin.com\/in\/hassan-kohen-448548192\/","https:\/\/www.youtube.com\/@Kohen-Avocats"],"url":"https:\/\/kohenavocats.com\/pt-pt\/author\/kohenmlk\/"}]}},"jetpack_featured_media_url":"https:\/\/kohenavocats.com\/wp-content\/uploads\/2024\/08\/dillon-t-lHQ7gU7SgdM-unsplash.webp","jetpack_likes_enabled":false,"jetpack_shortlink":"https:\/\/wp.me\/peCrII-2Mo8","jetpack-related-posts":[{"id":662660,"url":"https:\/\/kohenavocats.com\/pt-pt\/tribunal-judiciaire-de-dunkerque-le-25-septembre-2025-n25-00140\/","url_meta":{"origin":662664,"position":0},"title":"Tribunal judiciaire de Dunkerque, le 25 septembre 2025, n\u00b025\/00140","author":"Kohen","date":"23 de Abril, 2026","format":false,"excerpt":"Le tribunal judiciaire de Dunkerque, statuant en r\u00e9f\u00e9r\u00e9 le 25 septembre 2025, a examin\u00e9 une demande d\u2019extension de mission d\u2019expertise. Cette demande \u00e9manait...","rel":"","context":"In &quot;Jurisprudence&quot;","block_context":{"text":"Jurisprudence","link":"https:\/\/kohenavocats.com\/category\/jurisprudence\/"},"img":{"alt_text":"","src":"https:\/\/i0.wp.com\/kohenavocats.com\/wp-content\/uploads\/2024\/11\/allison-saeng-ynhGXZEH5gQ-unsplash.webp?resize=350%2C200&ssl=1","width":350,"height":200,"srcset":"https:\/\/i0.wp.com\/kohenavocats.com\/wp-content\/uploads\/2024\/11\/allison-saeng-ynhGXZEH5gQ-unsplash.webp?resize=350%2C200&ssl=1 1x, https:\/\/i0.wp.com\/kohenavocats.com\/wp-content\/uploads\/2024\/11\/allison-saeng-ynhGXZEH5gQ-unsplash.webp?resize=525%2C300&ssl=1 1.5x, https:\/\/i0.wp.com\/kohenavocats.com\/wp-content\/uploads\/2024\/11\/allison-saeng-ynhGXZEH5gQ-unsplash.webp?resize=700%2C400&ssl=1 2x, https:\/\/i0.wp.com\/kohenavocats.com\/wp-content\/uploads\/2024\/11\/allison-saeng-ynhGXZEH5gQ-unsplash.webp?resize=1050%2C600&ssl=1 3x, https:\/\/i0.wp.com\/kohenavocats.com\/wp-content\/uploads\/2024\/11\/allison-saeng-ynhGXZEH5gQ-unsplash.webp?resize=1400%2C800&ssl=1 4x"},"classes":[]},{"id":477948,"url":"https:\/\/kohenavocats.com\/pt-pt\/tribunal-judiciaire-de-dunkerque-le-4-decembre-2025-n25-00208\/","url_meta":{"origin":662664,"position":1},"title":"Tribunal judiciaire de Dunkerque, le 4 d\u00e9cembre 2025, n\u00b025\/00208","author":"Kohen","date":"7 de Abril, 2026","format":false,"excerpt":"Le tribunal judiciaire de Dunkerque, statuant en r\u00e9f\u00e9r\u00e9 le 4 d\u00e9cembre 2025, se prononce sur une demande d\u2019extension d\u2019une expertise judiciaire. L\u2019expertise i...","rel":"","context":"In &quot;Jurisprudence&quot;","block_context":{"text":"Jurisprudence","link":"https:\/\/kohenavocats.com\/category\/jurisprudence\/"},"img":{"alt_text":"","src":"https:\/\/i0.wp.com\/kohenavocats.com\/wp-content\/uploads\/2024\/11\/pawel-czerwinski-IJvuvpEtYg4-unsplash.webp?resize=350%2C200&ssl=1","width":350,"height":200,"srcset":"https:\/\/i0.wp.com\/kohenavocats.com\/wp-content\/uploads\/2024\/11\/pawel-czerwinski-IJvuvpEtYg4-unsplash.webp?resize=350%2C200&ssl=1 1x, https:\/\/i0.wp.com\/kohenavocats.com\/wp-content\/uploads\/2024\/11\/pawel-czerwinski-IJvuvpEtYg4-unsplash.webp?resize=525%2C300&ssl=1 1.5x, https:\/\/i0.wp.com\/kohenavocats.com\/wp-content\/uploads\/2024\/11\/pawel-czerwinski-IJvuvpEtYg4-unsplash.webp?resize=700%2C400&ssl=1 2x, https:\/\/i0.wp.com\/kohenavocats.com\/wp-content\/uploads\/2024\/11\/pawel-czerwinski-IJvuvpEtYg4-unsplash.webp?resize=1050%2C600&ssl=1 3x, https:\/\/i0.wp.com\/kohenavocats.com\/wp-content\/uploads\/2024\/11\/pawel-czerwinski-IJvuvpEtYg4-unsplash.webp?resize=1400%2C800&ssl=1 4x"},"classes":[]},{"id":606938,"url":"https:\/\/kohenavocats.com\/pt-pt\/tribunal-judiciaire-de-dunkerque-le-4-decembre-2025-n25-00191\/","url_meta":{"origin":662664,"position":2},"title":"Tribunal judiciaire de Dunkerque, le 4 d\u00e9cembre 2025, n\u00b025\/00191","author":"Kohen","date":"19 de Abril, 2026","format":false,"excerpt":"Le tribunal judiciaire de Dunkerque, statuant en r\u00e9f\u00e9r\u00e9 le 4 d\u00e9cembre 2025, se prononce sur une demande d'extension d'une mission d'expertise diligent\u00e9e en a...","rel":"","context":"In &quot;Jurisprudence&quot;","block_context":{"text":"Jurisprudence","link":"https:\/\/kohenavocats.com\/category\/jurisprudence\/"},"img":{"alt_text":"","src":"https:\/\/i0.wp.com\/kohenavocats.com\/wp-content\/uploads\/2024\/11\/mohamed-nohassi-G58ozVlYgF8-unsplash.webp?resize=350%2C200&ssl=1","width":350,"height":200,"srcset":"https:\/\/i0.wp.com\/kohenavocats.com\/wp-content\/uploads\/2024\/11\/mohamed-nohassi-G58ozVlYgF8-unsplash.webp?resize=350%2C200&ssl=1 1x, https:\/\/i0.wp.com\/kohenavocats.com\/wp-content\/uploads\/2024\/11\/mohamed-nohassi-G58ozVlYgF8-unsplash.webp?resize=525%2C300&ssl=1 1.5x, https:\/\/i0.wp.com\/kohenavocats.com\/wp-content\/uploads\/2024\/11\/mohamed-nohassi-G58ozVlYgF8-unsplash.webp?resize=700%2C400&ssl=1 2x, https:\/\/i0.wp.com\/kohenavocats.com\/wp-content\/uploads\/2024\/11\/mohamed-nohassi-G58ozVlYgF8-unsplash.webp?resize=1050%2C600&ssl=1 3x, https:\/\/i0.wp.com\/kohenavocats.com\/wp-content\/uploads\/2024\/11\/mohamed-nohassi-G58ozVlYgF8-unsplash.webp?resize=1400%2C800&ssl=1 4x"},"classes":[]},{"id":607966,"url":"https:\/\/kohenavocats.com\/pt-pt\/tribunal-judiciaire-de-dunkerque-le-4-decembre-2025-n25-00241\/","url_meta":{"origin":662664,"position":3},"title":"Tribunal judiciaire de Dunkerque, le 4 d\u00e9cembre 2025, n\u00b025\/00241","author":"Kohen","date":"19 de Abril, 2026","format":false,"excerpt":"Le tribunal judiciaire de Dunkerque, statuant en r\u00e9f\u00e9r\u00e9 le 4 d\u00e9cembre 2025, a examin\u00e9 une demande d\u2019extension d\u2019une expertise ordonn\u00e9e ant\u00e9rieurement. La req...","rel":"","context":"In &quot;Jurisprudence&quot;","block_context":{"text":"Jurisprudence","link":"https:\/\/kohenavocats.com\/category\/jurisprudence\/"},"img":{"alt_text":"","src":"https:\/\/i0.wp.com\/kohenavocats.com\/wp-content\/uploads\/2024\/11\/mohamed-nohassi-CRktpOMkRIs-unsplash.webp?resize=350%2C200&ssl=1","width":350,"height":200,"srcset":"https:\/\/i0.wp.com\/kohenavocats.com\/wp-content\/uploads\/2024\/11\/mohamed-nohassi-CRktpOMkRIs-unsplash.webp?resize=350%2C200&ssl=1 1x, https:\/\/i0.wp.com\/kohenavocats.com\/wp-content\/uploads\/2024\/11\/mohamed-nohassi-CRktpOMkRIs-unsplash.webp?resize=525%2C300&ssl=1 1.5x, https:\/\/i0.wp.com\/kohenavocats.com\/wp-content\/uploads\/2024\/11\/mohamed-nohassi-CRktpOMkRIs-unsplash.webp?resize=700%2C400&ssl=1 2x, https:\/\/i0.wp.com\/kohenavocats.com\/wp-content\/uploads\/2024\/11\/mohamed-nohassi-CRktpOMkRIs-unsplash.webp?resize=1050%2C600&ssl=1 3x, https:\/\/i0.wp.com\/kohenavocats.com\/wp-content\/uploads\/2024\/11\/mohamed-nohassi-CRktpOMkRIs-unsplash.webp?resize=1400%2C800&ssl=1 4x"},"classes":[]},{"id":479055,"url":"https:\/\/kohenavocats.com\/pt-pt\/tribunal-judiciaire-de-dunkerque-le-28-octobre-2025-n25-00229\/","url_meta":{"origin":662664,"position":4},"title":"Tribunal judiciaire de Dunkerque, le 28 octobre 2025, n\u00b025\/00229","author":"Kohen","date":"7 de Abril, 2026","format":false,"excerpt":"Le tribunal judiciaire de Dunkerque, statuant en r\u00e9f\u00e9r\u00e9 le 28 octobre 2025, a \u00e9t\u00e9 saisi d\u2019une demande d\u2019extension d\u2019une expertise ordonn\u00e9e sur le fondement d...","rel":"","context":"In &quot;Jurisprudence&quot;","block_context":{"text":"Jurisprudence","link":"https:\/\/kohenavocats.com\/category\/jurisprudence\/"},"img":{"alt_text":"","src":"https:\/\/i0.wp.com\/kohenavocats.com\/wp-content\/uploads\/2024\/07\/valentino-mazzariello-Ndm1hhIcwHc-unsplash.webp?resize=350%2C200&ssl=1","width":350,"height":200,"srcset":"https:\/\/i0.wp.com\/kohenavocats.com\/wp-content\/uploads\/2024\/07\/valentino-mazzariello-Ndm1hhIcwHc-unsplash.webp?resize=350%2C200&ssl=1 1x, https:\/\/i0.wp.com\/kohenavocats.com\/wp-content\/uploads\/2024\/07\/valentino-mazzariello-Ndm1hhIcwHc-unsplash.webp?resize=525%2C300&ssl=1 1.5x, https:\/\/i0.wp.com\/kohenavocats.com\/wp-content\/uploads\/2024\/07\/valentino-mazzariello-Ndm1hhIcwHc-unsplash.webp?resize=700%2C400&ssl=1 2x, https:\/\/i0.wp.com\/kohenavocats.com\/wp-content\/uploads\/2024\/07\/valentino-mazzariello-Ndm1hhIcwHc-unsplash.webp?resize=1050%2C600&ssl=1 3x, https:\/\/i0.wp.com\/kohenavocats.com\/wp-content\/uploads\/2024\/07\/valentino-mazzariello-Ndm1hhIcwHc-unsplash.webp?resize=1400%2C800&ssl=1 4x"},"classes":[]},{"id":479301,"url":"https:\/\/kohenavocats.com\/pt-pt\/tribunal-judiciaire-de-dunkerque-le-28-octobre-2025-n25-00234\/","url_meta":{"origin":662664,"position":5},"title":"Tribunal judiciaire de Dunkerque, le 28 octobre 2025, n\u00b025\/00234","author":"Kohen","date":"7 de Abril, 2026","format":false,"excerpt":"Le tribunal judiciaire de Dunkerque, statuant en r\u00e9f\u00e9r\u00e9 le 28 octobre 2025, a \u00e9t\u00e9 saisi d'une demande d'expertise pr\u00e9alable \u00e0 des travaux. La soci\u00e9t\u00e9 requ\u00e9ra...","rel":"","context":"In &quot;Jurisprudence&quot;","block_context":{"text":"Jurisprudence","link":"https:\/\/kohenavocats.com\/category\/jurisprudence\/"},"img":{"alt_text":"","src":"https:\/\/i0.wp.com\/kohenavocats.com\/wp-content\/uploads\/2024\/08\/alexey-larionov-S8cOCANSb8g-unsplash.webp?resize=350%2C200&ssl=1","width":350,"height":200,"srcset":"https:\/\/i0.wp.com\/kohenavocats.com\/wp-content\/uploads\/2024\/08\/alexey-larionov-S8cOCANSb8g-unsplash.webp?resize=350%2C200&ssl=1 1x, https:\/\/i0.wp.com\/kohenavocats.com\/wp-content\/uploads\/2024\/08\/alexey-larionov-S8cOCANSb8g-unsplash.webp?resize=525%2C300&ssl=1 1.5x, https:\/\/i0.wp.com\/kohenavocats.com\/wp-content\/uploads\/2024\/08\/alexey-larionov-S8cOCANSb8g-unsplash.webp?resize=700%2C400&ssl=1 2x, https:\/\/i0.wp.com\/kohenavocats.com\/wp-content\/uploads\/2024\/08\/alexey-larionov-S8cOCANSb8g-unsplash.webp?resize=1050%2C600&ssl=1 3x, https:\/\/i0.wp.com\/kohenavocats.com\/wp-content\/uploads\/2024\/08\/alexey-larionov-S8cOCANSb8g-unsplash.webp?resize=1400%2C800&ssl=1 4x"},"classes":[]}],"jetpack_sharing_enabled":true,"_links":{"self":[{"href":"https:\/\/kohenavocats.com\/pt-pt\/wp-json\/wp\/v2\/posts\/662664","targetHints":{"allow":["GET"]}}],"collection":[{"href":"https:\/\/kohenavocats.com\/pt-pt\/wp-json\/wp\/v2\/posts"}],"about":[{"href":"https:\/\/kohenavocats.com\/pt-pt\/wp-json\/wp\/v2\/types\/post"}],"author":[{"embeddable":true,"href":"https:\/\/kohenavocats.com\/pt-pt\/wp-json\/wp\/v2\/users\/232070755"}],"replies":[{"embeddable":true,"href":"https:\/\/kohenavocats.com\/pt-pt\/wp-json\/wp\/v2\/comments?post=662664"}],"version-history":[{"count":0,"href":"https:\/\/kohenavocats.com\/pt-pt\/wp-json\/wp\/v2\/posts\/662664\/revisions"}],"wp:featuredmedia":[{"embeddable":true,"href":"https:\/\/kohenavocats.com\/pt-pt\/wp-json\/wp\/v2\/media\/4852"}],"wp:attachment":[{"href":"https:\/\/kohenavocats.com\/pt-pt\/wp-json\/wp\/v2\/media?parent=662664"}],"wp:term":[{"taxonomy":"category","embeddable":true,"href":"https:\/\/kohenavocats.com\/pt-pt\/wp-json\/wp\/v2\/categories?post=662664"},{"taxonomy":"post_tag","embeddable":true,"href":"https:\/\/kohenavocats.com\/pt-pt\/wp-json\/wp\/v2\/tags?post=662664"}],"curies":[{"name":"wp","href":"https:\/\/api.w.org\/{rel}","templated":true}]}}