{"id":662665,"date":"2026-04-23T19:54:51","date_gmt":"2026-04-23T17:54:51","guid":{"rendered":"https:\/\/kohenavocats.com\/tribunal-judiciaire-de-grenoble-le-8-mars-2024-n23-01477\/"},"modified":"2026-04-23T19:54:51","modified_gmt":"2026-04-23T17:54:51","slug":"tribunal-judiciaire-de-grenoble-le-8-mars-2024-n23-01477","status":"publish","type":"post","link":"https:\/\/kohenavocats.com\/pt-pt\/tribunal-judiciaire-de-grenoble-le-8-mars-2024-n23-01477\/","title":{"rendered":"Tribunal judiciaire de Grenoble, le 8 mars 2024, n\u00b023\/01477"},"content":{"rendered":"<div class=\"article-content\">\n<p>Le tribunal judiciaire de Grenoble, statuant en mati\u00e8re sociale, a rendu un jugement le 8 mars 2024. Un salari\u00e9 a subi une crise de col\u00e8re suite \u00e0 une altercation avec son sup\u00e9rieur hi\u00e9rarchique sur son lieu de travail. Il a ensuite pr\u00e9sent\u00e9 un tableau d&#8217;anxi\u00e9t\u00e9 g\u00e9n\u00e9ralis\u00e9 constat\u00e9 m\u00e9dicalement le jour m\u00eame. La caisse de s\u00e9curit\u00e9 sociale a refus\u00e9 la reconnaissance de l&#8217;accident du travail. Le tribunal, saisi en recours, a d\u00fb d\u00e9terminer si les conditions l\u00e9gales de l&#8217;accident du travail \u00e9taient r\u00e9unies. Il a infirm\u00e9 la d\u00e9cision de la caisse et reconnu l&#8217;accident du travail, ordonnant la prise en charge.<\/p>\n<p>La caract\u00e9risation objective du fait accidentel<\/p>\n<p>La preuve de l&#8217;\u00e9v\u00e9nement soudain au temps et au lieu du travail.<\/p>\n<p>Le droit exige la survenance d&#8217;un fait accidentel \u00e0 une date certaine par le fait ou \u00e0 l&#8217;occasion du travail. La juridiction rel\u00e8ve que la r\u00e9alit\u00e9 de l&#8217;altercation verbale n&#8217;est pas contest\u00e9e par l&#8217;employeur lui-m\u00eame. Cet \u00e9v\u00e9nement a m\u00eame servi de fondement \u00e0 une sanction disciplinaire ult\u00e9rieure. &#8220;Il est d\u00e9montr\u00e9 que la crise de col\u00e8re, \u00e9v\u00e8nement soudain, survenu \u00e0 M. [X] au temps et lieu du travail, a pour origine ses conditions de travail et un diff\u00e9rend avec un sup\u00e9rieur&#8221; (Motifs, 1\/). La preuve est ainsi rapport\u00e9e par des \u00e9l\u00e9ments objectifs ext\u00e9rieurs aux seules affirmations du salari\u00e9. La d\u00e9cision rappelle utilement que la caract\u00e9risation du fait accidentel est ind\u00e9pendante de la qualification d&#8217;une faute de l&#8217;employeur. La port\u00e9e de cette analyse est de fixer clairement l&#8217;origine professionnelle de l&#8217;\u00e9v\u00e9nement d\u00e9clencheur, malgr\u00e9 un contexte de tensions pr\u00e9existantes.<\/p>\n<p>L&#8217;absence d&#8217;exigence d&#8217;une manifestation ext\u00e9rieure violente.<\/p>\n<p>Le tribunal \u00e9carte l&#8217;argument de la caisse fond\u00e9 sur l&#8217;exercice normal du pouvoir de direction. Il consid\u00e8re que les conditions du d\u00e9roulement de l&#8217;entrevue ne font pas obstacle \u00e0 la survenance d&#8217;une l\u00e9sion. &#8220;Les conditions du d\u00e9roulement de l\u2019entrevue avec le chef de groupe ne font pas obstacle \u00e0 la survenance d\u2019une l\u00e9sion et constituent d\u00e8s lors le fait \u00e0 l\u2019origine de l\u2019accident&#8221; (Motifs, 1\/). Cette approche est essentielle pour les pathologies psychiques. Elle admet qu&#8217;un simple diff\u00e9rend, sans violence manifeste, peut constituer le fait accidentel. La valeur de ce point est d&#8217;adapter le droit des accidents du travail aux r\u00e9alit\u00e9s des risques psychosociaux. Il s&#8217;agit d&#8217;un \u00e9v\u00e9nement identifiable, m\u00eame dans le cadre d&#8217;une relation hi\u00e9rarchique normale.<\/p>\n<p>L&#8217;\u00e9tablissement du lien de causalit\u00e9 direct et certain<\/p>\n<p>L&#8217;application de la pr\u00e9somption d&#8217;imputabilit\u00e9.<\/p>\n<p>Conform\u00e9ment \u00e0 l&#8217;article L.411-1 du code de la s\u00e9curit\u00e9 sociale, la victime b\u00e9n\u00e9ficie d&#8217;une pr\u00e9somption d\u00e8s lors qu&#8217;un fait accidentel est prouv\u00e9. Le certificat m\u00e9dical initial, \u00e9tabli le jour m\u00eame de l&#8217;incident, fait \u00e9tat d&#8217;un &#8220;tableau d&#8217;anxi\u00e9t\u00e9 g\u00e9n\u00e9ralis\u00e9&#8221; et \u00e9tablit le lien. &#8220;Ainsi, la victime peut b\u00e9n\u00e9ficier de la pr\u00e9somption du caract\u00e8re professionnel des l\u00e9sions qu&#8217;elle a subies&#8221; (Motifs, 2\/). La charge de la preuve d&#8217;une cause \u00e9trang\u00e8re incombe alors \u00e0 la caisse. La solution confirme la force de cette pr\u00e9somption protectrice pour le salari\u00e9. Son sens est d&#8217;assurer une protection efficace en inversant la charge de la preuve une fois l&#8217;\u00e9v\u00e9nement professionnel \u00e9tabli.<\/p>\n<p>Le rejet de la cause \u00e9trang\u00e8re fond\u00e9e sur l&#8217;\u00e9volution progressive.<\/p>\n<p>La caisse invoquait l&#8217;existence d&#8217;un contexte de travail tendu pour contester le lien direct. Le tribunal rejette cet argument en relevant l&#8217;absence d&#8217;ant\u00e9c\u00e9dents d&#8217;arr\u00eat pour cause psychologique. &#8220;La l\u00e9sion psychique qui a \u00e9t\u00e9 diagnostiqu\u00e9e le 23 f\u00e9vrier 2023 ne r\u00e9sulte donc pas exclusivement de la situation ant\u00e9rieure&#8221; (Motifs, 2\/). Il pr\u00e9cise que la caisse ne d\u00e9montre pas que la l\u00e9sion &#8220;se serait in\u00e9luctablement r\u00e9v\u00e9l\u00e9e sans la survenance de l\u2019incident&#8221;. Cette analyse se distingue des cas o\u00f9 le trouble est le r\u00e9sultat d&#8217;une d\u00e9gradation lente. &#8220;L&#8217;\u00e9puisement professionnel ne peut r\u00e9sulter d&#8217;un fait accidentel, mais est l&#8217;expression d&#8217;une d\u00e9gradation progressive de l&#8217;\u00e9tat de sant\u00e9&#8221; (Cour d&#8217;appel, le 24 avril 2025, n\u00b023\/01923). Ici, l&#8217;anxi\u00e9t\u00e9 est reli\u00e9e \u00e0 un \u00e9v\u00e9nement soudain et dat\u00e9. La port\u00e9e est de bien d\u00e9limiter l&#8217;accident du travail de la maladie professionnelle ou du processus \u00e9volutif.<\/p>\n<\/div>\n","protected":false},"excerpt":{"rendered":"<p>Le tribunal judiciaire de Grenoble, statuant en mati\u00e8re sociale, a rendu un jugement le 8 mars 2024. Un salari\u00e9 a subi une crise de col\u00e8re suite \u00e0 une alterc&#8230;<\/p>\n","protected":false},"author":232070755,"featured_media":9522,"comment_status":"open","ping_status":"open","sticky":false,"template":"","format":"standard","meta":{"_crdt_document":"","_jetpack_newsletter_access":"","_jetpack_dont_email_post_to_subs":false,"_jetpack_newsletter_tier_id":0,"_jetpack_memberships_contains_paywalled_content":false,"_kj_source_type":"","_kj_official_id":"","_kj_official_url":"","_kj_judilibre_id":"","_kj_jur":"","_kj_lieu":"","_kj_chambre":"","_kj_rg":"","_kj_date":"","_jetpack_memberships_contains_paid_content":false,"footnotes":"","jetpack_post_was_ever_published":false},"categories":[7597],"tags":[],"class_list":["post-662665","post","type-post","status-publish","format-standard","has-post-thumbnail","hentry","category-jurisprudence"],"yoast_head":"<!-- This site is optimized with the Yoast SEO Premium plugin v27.5 (Yoast SEO v27.5) - https:\/\/yoast.com\/product\/yoast-seo-premium-wordpress\/ -->\n<title>Tribunal judiciaire de Grenoble, le 8 mars 2024, n\u00b023\/01477 - Ma\u00eetre Hassan Kohen, avocat en droit p\u00e9nal \u00e0 Paris<\/title>\n<meta name=\"description\" content=\"Le tribunal judiciaire de Grenoble, statuant en mati\u00e8re sociale, a rendu un jugement le 8 mars 2024. Un salari\u00e9 a subi une crise de col\u00e8re suite \u00e0 une alterc...\" \/>\n<meta name=\"robots\" content=\"index, follow, max-snippet:-1, max-image-preview:large, max-video-preview:-1\" \/>\n<link rel=\"canonical\" href=\"https:\/\/kohenavocats.com\/pt-pt\/tribunal-judiciaire-de-grenoble-le-8-mars-2024-n23-01477\/\" \/>\n<meta property=\"og:locale\" content=\"pt_PT\" \/>\n<meta property=\"og:type\" content=\"article\" \/>\n<meta property=\"og:title\" content=\"Tribunal judiciaire de Grenoble, le 8 mars 2024, n\u00b023\/01477\" \/>\n<meta property=\"og:description\" content=\"Le tribunal judiciaire de Grenoble, statuant en mati\u00e8re sociale, a rendu un jugement le 8 mars 2024. Un salari\u00e9 a subi une crise de col\u00e8re suite \u00e0 une alterc...\" \/>\n<meta property=\"og:url\" content=\"https:\/\/kohenavocats.com\/pt-pt\/tribunal-judiciaire-de-grenoble-le-8-mars-2024-n23-01477\/\" \/>\n<meta property=\"og:site_name\" content=\"Ma\u00eetre Hassan Kohen, avocat en droit p\u00e9nal \u00e0 Paris\" \/>\n<meta property=\"article:published_time\" content=\"2026-04-23T17:54:51+00:00\" \/>\n<meta property=\"og:image\" content=\"https:\/\/kohenavocats.com\/wp-content\/uploads\/2024\/11\/allison-saeng-6ptTfZWrRSw-unsplash.webp\" \/>\n\t<meta property=\"og:image:width\" content=\"4000\" \/>\n\t<meta property=\"og:image:height\" content=\"3000\" \/>\n\t<meta property=\"og:image:type\" content=\"image\/webp\" \/>\n<meta name=\"author\" content=\"Kohen\" \/>\n<meta name=\"twitter:card\" content=\"summary_large_image\" \/>\n<meta name=\"twitter:label1\" content=\"Escrito por\" \/>\n\t<meta name=\"twitter:data1\" content=\"Kohen\" \/>\n\t<meta name=\"twitter:label2\" content=\"Tempo estimado de leitura\" \/>\n\t<meta name=\"twitter:data2\" content=\"4 minutos\" \/>\n<script type=\"application\/ld+json\" class=\"yoast-schema-graph\">{\"@context\":\"https:\\\/\\\/schema.org\",\"@graph\":[{\"@type\":\"Article\",\"@id\":\"https:\\\/\\\/kohenavocats.com\\\/pt-pt\\\/tribunal-judiciaire-de-grenoble-le-8-mars-2024-n23-01477\\\/#article\",\"isPartOf\":{\"@id\":\"https:\\\/\\\/kohenavocats.com\\\/pt-pt\\\/tribunal-judiciaire-de-grenoble-le-8-mars-2024-n23-01477\\\/\"},\"author\":{\"name\":\"Kohen\",\"@id\":\"https:\\\/\\\/kohenavocats.com\\\/pt-pt\\\/#\\\/schema\\\/person\\\/761c9ba54fa1ca84d405cef0831ff751\"},\"headline\":\"Tribunal judiciaire de Grenoble, le 8 mars 2024, n\u00b023\\\/01477\",\"datePublished\":\"2026-04-23T17:54:51+00:00\",\"mainEntityOfPage\":{\"@id\":\"https:\\\/\\\/kohenavocats.com\\\/pt-pt\\\/tribunal-judiciaire-de-grenoble-le-8-mars-2024-n23-01477\\\/\"},\"wordCount\":784,\"commentCount\":0,\"publisher\":{\"@id\":\"https:\\\/\\\/kohenavocats.com\\\/pt-pt\\\/#organization\"},\"image\":{\"@id\":\"https:\\\/\\\/kohenavocats.com\\\/pt-pt\\\/tribunal-judiciaire-de-grenoble-le-8-mars-2024-n23-01477\\\/#primaryimage\"},\"thumbnailUrl\":\"https:\\\/\\\/kohenavocats.com\\\/wp-content\\\/uploads\\\/2024\\\/11\\\/allison-saeng-6ptTfZWrRSw-unsplash.webp\",\"articleSection\":[\"Jurisprudence\"],\"inLanguage\":\"pt-PT\",\"potentialAction\":[{\"@type\":\"CommentAction\",\"name\":\"Comment\",\"target\":[\"https:\\\/\\\/kohenavocats.com\\\/pt-pt\\\/tribunal-judiciaire-de-grenoble-le-8-mars-2024-n23-01477\\\/#respond\"]}],\"citation\":\"Tribunal judiciaire de Grenoble, le 8 mars 2024, n\u00b023\\\/01477\",\"about\":[{\"@type\":\"Thing\",\"name\":\"Jurisprudence\"}],\"dateModified\":\"2026-04-23T17:54:51+00:00\",\"speakable\":{\"@type\":\"SpeakableSpecification\",\"cssSelector\":[\".article-content > p:first-of-type\"]}},{\"@type\":\"WebPage\",\"@id\":\"https:\\\/\\\/kohenavocats.com\\\/pt-pt\\\/tribunal-judiciaire-de-grenoble-le-8-mars-2024-n23-01477\\\/\",\"url\":\"https:\\\/\\\/kohenavocats.com\\\/pt-pt\\\/tribunal-judiciaire-de-grenoble-le-8-mars-2024-n23-01477\\\/\",\"name\":\"Tribunal judiciaire de Grenoble, le 8 mars 2024, n\u00b023\\\/01477 - Ma\u00eetre Hassan Kohen, avocat en droit p\u00e9nal \u00e0 Paris\",\"isPartOf\":{\"@id\":\"https:\\\/\\\/kohenavocats.com\\\/pt-pt\\\/#website\"},\"primaryImageOfPage\":{\"@id\":\"https:\\\/\\\/kohenavocats.com\\\/pt-pt\\\/tribunal-judiciaire-de-grenoble-le-8-mars-2024-n23-01477\\\/#primaryimage\"},\"image\":{\"@id\":\"https:\\\/\\\/kohenavocats.com\\\/pt-pt\\\/tribunal-judiciaire-de-grenoble-le-8-mars-2024-n23-01477\\\/#primaryimage\"},\"thumbnailUrl\":\"https:\\\/\\\/kohenavocats.com\\\/wp-content\\\/uploads\\\/2024\\\/11\\\/allison-saeng-6ptTfZWrRSw-unsplash.webp\",\"datePublished\":\"2026-04-23T17:54:51+00:00\",\"description\":\"Le tribunal judiciaire de Grenoble, statuant en mati\u00e8re sociale, a rendu un jugement le 8 mars 2024. Un salari\u00e9 a subi une crise de col\u00e8re suite \u00e0 une alterc...\",\"breadcrumb\":{\"@id\":\"https:\\\/\\\/kohenavocats.com\\\/pt-pt\\\/tribunal-judiciaire-de-grenoble-le-8-mars-2024-n23-01477\\\/#breadcrumb\"},\"inLanguage\":\"pt-PT\",\"potentialAction\":[{\"@type\":\"ReadAction\",\"target\":[\"https:\\\/\\\/kohenavocats.com\\\/pt-pt\\\/tribunal-judiciaire-de-grenoble-le-8-mars-2024-n23-01477\\\/\"]}]},{\"@type\":\"ImageObject\",\"inLanguage\":\"pt-PT\",\"@id\":\"https:\\\/\\\/kohenavocats.com\\\/pt-pt\\\/tribunal-judiciaire-de-grenoble-le-8-mars-2024-n23-01477\\\/#primaryimage\",\"url\":\"https:\\\/\\\/kohenavocats.com\\\/wp-content\\\/uploads\\\/2024\\\/11\\\/allison-saeng-6ptTfZWrRSw-unsplash.webp\",\"contentUrl\":\"https:\\\/\\\/kohenavocats.com\\\/wp-content\\\/uploads\\\/2024\\\/11\\\/allison-saeng-6ptTfZWrRSw-unsplash.webp\",\"width\":4000,\"height\":3000},{\"@type\":\"BreadcrumbList\",\"@id\":\"https:\\\/\\\/kohenavocats.com\\\/pt-pt\\\/tribunal-judiciaire-de-grenoble-le-8-mars-2024-n23-01477\\\/#breadcrumb\",\"itemListElement\":[{\"@type\":\"ListItem\",\"position\":1,\"name\":\"Home\",\"item\":\"https:\\\/\\\/kohenavocats.com\\\/pt-pt\\\/avocats-en-droit-penal-a-paris-conseil-et-defense-strategique\\\/\"},{\"@type\":\"ListItem\",\"position\":2,\"name\":\"Tribunal judiciaire de Grenoble, le 8 mars 2024, n\u00b023\\\/01477\"}]},{\"@type\":\"WebSite\",\"@id\":\"https:\\\/\\\/kohenavocats.com\\\/pt-pt\\\/#website\",\"url\":\"https:\\\/\\\/kohenavocats.com\\\/pt-pt\\\/\",\"name\":\"Kohen Avocats\",\"description\":\"Ma\u00eetre Hassan Kohen, avocat p\u00e9naliste \u00e0 Paris, intervient exclusivement en droit p\u00e9nal pour la d\u00e9fense des particuliers, notamment en mati\u00e8re d\u2019accusations de viol. Il assure un accompagnement rigoureux d\u00e8s la garde \u00e0 vue jusqu\u2019\u00e0 la Cour d\u2019assises, veillant au strict respect des garanties proc\u00e9durales.\",\"publisher\":{\"@id\":\"https:\\\/\\\/kohenavocats.com\\\/pt-pt\\\/#organization\"},\"potentialAction\":[{\"@type\":\"SearchAction\",\"target\":{\"@type\":\"EntryPoint\",\"urlTemplate\":\"https:\\\/\\\/kohenavocats.com\\\/pt-pt\\\/?s={search_term_string}\"},\"query-input\":{\"@type\":\"PropertyValueSpecification\",\"valueRequired\":true,\"valueName\":\"search_term_string\"}}],\"inLanguage\":\"pt-PT\"},{\"@type\":\"Organization\",\"@id\":\"https:\\\/\\\/kohenavocats.com\\\/pt-pt\\\/#organization\",\"name\":\"Kohen Avocats\",\"url\":\"https:\\\/\\\/kohenavocats.com\\\/pt-pt\\\/\",\"logo\":{\"@type\":\"ImageObject\",\"inLanguage\":\"pt-PT\",\"@id\":\"https:\\\/\\\/kohenavocats.com\\\/pt-pt\\\/#\\\/schema\\\/logo\\\/image\\\/\",\"url\":\"https:\\\/\\\/kohenavocats.com\\\/wp-content\\\/uploads\\\/2026\\\/01\\\/Logo-2-1.webp\",\"contentUrl\":\"https:\\\/\\\/kohenavocats.com\\\/wp-content\\\/uploads\\\/2026\\\/01\\\/Logo-2-1.webp\",\"width\":2114,\"height\":1253,\"caption\":\"Kohen Avocats\"},\"image\":{\"@id\":\"https:\\\/\\\/kohenavocats.com\\\/pt-pt\\\/#\\\/schema\\\/logo\\\/image\\\/\"}},{\"@type\":\"Person\",\"@id\":\"https:\\\/\\\/kohenavocats.com\\\/pt-pt\\\/#\\\/schema\\\/person\\\/761c9ba54fa1ca84d405cef0831ff751\",\"name\":\"Kohen\",\"image\":{\"@type\":\"ImageObject\",\"inLanguage\":\"pt-PT\",\"@id\":\"https:\\\/\\\/secure.gravatar.com\\\/avatar\\\/1c5e76ef76bbbfdd2b4da984e2bf2fa4056fd51a27d25ce2c332047f1dfd6e00?s=96&d=identicon&r=g\",\"url\":\"https:\\\/\\\/secure.gravatar.com\\\/avatar\\\/1c5e76ef76bbbfdd2b4da984e2bf2fa4056fd51a27d25ce2c332047f1dfd6e00?s=96&d=identicon&r=g\",\"contentUrl\":\"https:\\\/\\\/secure.gravatar.com\\\/avatar\\\/1c5e76ef76bbbfdd2b4da984e2bf2fa4056fd51a27d25ce2c332047f1dfd6e00?s=96&d=identicon&r=g\",\"caption\":\"Kohen\"},\"sameAs\":[\"https:\\\/\\\/www.linkedin.com\\\/in\\\/hassan-kohen-448548192\\\/\",\"https:\\\/\\\/www.youtube.com\\\/@Kohen-Avocats\"],\"url\":\"https:\\\/\\\/kohenavocats.com\\\/pt-pt\\\/author\\\/kohenmlk\\\/\"}]}<\/script>\n<!-- \/ Yoast SEO Premium plugin. -->","yoast_head_json":{"title":"Tribunal judiciaire de Grenoble, le 8 mars 2024, n\u00b023\/01477 - Ma\u00eetre Hassan Kohen, avocat en droit p\u00e9nal \u00e0 Paris","description":"Le tribunal judiciaire de Grenoble, statuant en mati\u00e8re sociale, a rendu un jugement le 8 mars 2024. Un salari\u00e9 a subi une crise de col\u00e8re suite \u00e0 une alterc...","robots":{"index":"index","follow":"follow","max-snippet":"max-snippet:-1","max-image-preview":"max-image-preview:large","max-video-preview":"max-video-preview:-1"},"canonical":"https:\/\/kohenavocats.com\/pt-pt\/tribunal-judiciaire-de-grenoble-le-8-mars-2024-n23-01477\/","og_locale":"pt_PT","og_type":"article","og_title":"Tribunal judiciaire de Grenoble, le 8 mars 2024, n\u00b023\/01477","og_description":"Le tribunal judiciaire de Grenoble, statuant en mati\u00e8re sociale, a rendu un jugement le 8 mars 2024. Un salari\u00e9 a subi une crise de col\u00e8re suite \u00e0 une alterc...","og_url":"https:\/\/kohenavocats.com\/pt-pt\/tribunal-judiciaire-de-grenoble-le-8-mars-2024-n23-01477\/","og_site_name":"Ma\u00eetre Hassan Kohen, avocat en droit p\u00e9nal \u00e0 Paris","article_published_time":"2026-04-23T17:54:51+00:00","og_image":[{"width":4000,"height":3000,"url":"https:\/\/kohenavocats.com\/wp-content\/uploads\/2024\/11\/allison-saeng-6ptTfZWrRSw-unsplash.webp","type":"image\/webp"}],"author":"Kohen","twitter_card":"summary_large_image","twitter_misc":{"Escrito por":"Kohen","Tempo estimado de leitura":"4 minutos"},"schema":{"@context":"https:\/\/schema.org","@graph":[{"@type":"Article","@id":"https:\/\/kohenavocats.com\/pt-pt\/tribunal-judiciaire-de-grenoble-le-8-mars-2024-n23-01477\/#article","isPartOf":{"@id":"https:\/\/kohenavocats.com\/pt-pt\/tribunal-judiciaire-de-grenoble-le-8-mars-2024-n23-01477\/"},"author":{"name":"Kohen","@id":"https:\/\/kohenavocats.com\/pt-pt\/#\/schema\/person\/761c9ba54fa1ca84d405cef0831ff751"},"headline":"Tribunal judiciaire de Grenoble, le 8 mars 2024, n\u00b023\/01477","datePublished":"2026-04-23T17:54:51+00:00","mainEntityOfPage":{"@id":"https:\/\/kohenavocats.com\/pt-pt\/tribunal-judiciaire-de-grenoble-le-8-mars-2024-n23-01477\/"},"wordCount":784,"commentCount":0,"publisher":{"@id":"https:\/\/kohenavocats.com\/pt-pt\/#organization"},"image":{"@id":"https:\/\/kohenavocats.com\/pt-pt\/tribunal-judiciaire-de-grenoble-le-8-mars-2024-n23-01477\/#primaryimage"},"thumbnailUrl":"https:\/\/kohenavocats.com\/wp-content\/uploads\/2024\/11\/allison-saeng-6ptTfZWrRSw-unsplash.webp","articleSection":["Jurisprudence"],"inLanguage":"pt-PT","potentialAction":[{"@type":"CommentAction","name":"Comment","target":["https:\/\/kohenavocats.com\/pt-pt\/tribunal-judiciaire-de-grenoble-le-8-mars-2024-n23-01477\/#respond"]}],"citation":"Tribunal judiciaire de Grenoble, le 8 mars 2024, n\u00b023\/01477","about":[{"@type":"Thing","name":"Jurisprudence"}],"dateModified":"2026-04-23T17:54:51+00:00","speakable":{"@type":"SpeakableSpecification","cssSelector":[".article-content > p:first-of-type"]}},{"@type":"WebPage","@id":"https:\/\/kohenavocats.com\/pt-pt\/tribunal-judiciaire-de-grenoble-le-8-mars-2024-n23-01477\/","url":"https:\/\/kohenavocats.com\/pt-pt\/tribunal-judiciaire-de-grenoble-le-8-mars-2024-n23-01477\/","name":"Tribunal judiciaire de Grenoble, le 8 mars 2024, n\u00b023\/01477 - Ma\u00eetre Hassan Kohen, avocat en droit p\u00e9nal \u00e0 Paris","isPartOf":{"@id":"https:\/\/kohenavocats.com\/pt-pt\/#website"},"primaryImageOfPage":{"@id":"https:\/\/kohenavocats.com\/pt-pt\/tribunal-judiciaire-de-grenoble-le-8-mars-2024-n23-01477\/#primaryimage"},"image":{"@id":"https:\/\/kohenavocats.com\/pt-pt\/tribunal-judiciaire-de-grenoble-le-8-mars-2024-n23-01477\/#primaryimage"},"thumbnailUrl":"https:\/\/kohenavocats.com\/wp-content\/uploads\/2024\/11\/allison-saeng-6ptTfZWrRSw-unsplash.webp","datePublished":"2026-04-23T17:54:51+00:00","description":"Le tribunal judiciaire de Grenoble, statuant en mati\u00e8re sociale, a rendu un jugement le 8 mars 2024. Un salari\u00e9 a subi une crise de col\u00e8re suite \u00e0 une alterc...","breadcrumb":{"@id":"https:\/\/kohenavocats.com\/pt-pt\/tribunal-judiciaire-de-grenoble-le-8-mars-2024-n23-01477\/#breadcrumb"},"inLanguage":"pt-PT","potentialAction":[{"@type":"ReadAction","target":["https:\/\/kohenavocats.com\/pt-pt\/tribunal-judiciaire-de-grenoble-le-8-mars-2024-n23-01477\/"]}]},{"@type":"ImageObject","inLanguage":"pt-PT","@id":"https:\/\/kohenavocats.com\/pt-pt\/tribunal-judiciaire-de-grenoble-le-8-mars-2024-n23-01477\/#primaryimage","url":"https:\/\/kohenavocats.com\/wp-content\/uploads\/2024\/11\/allison-saeng-6ptTfZWrRSw-unsplash.webp","contentUrl":"https:\/\/kohenavocats.com\/wp-content\/uploads\/2024\/11\/allison-saeng-6ptTfZWrRSw-unsplash.webp","width":4000,"height":3000},{"@type":"BreadcrumbList","@id":"https:\/\/kohenavocats.com\/pt-pt\/tribunal-judiciaire-de-grenoble-le-8-mars-2024-n23-01477\/#breadcrumb","itemListElement":[{"@type":"ListItem","position":1,"name":"Home","item":"https:\/\/kohenavocats.com\/pt-pt\/avocats-en-droit-penal-a-paris-conseil-et-defense-strategique\/"},{"@type":"ListItem","position":2,"name":"Tribunal judiciaire de Grenoble, le 8 mars 2024, n\u00b023\/01477"}]},{"@type":"WebSite","@id":"https:\/\/kohenavocats.com\/pt-pt\/#website","url":"https:\/\/kohenavocats.com\/pt-pt\/","name":"Kohen Avocats","description":"Ma\u00eetre Hassan Kohen, avocat p\u00e9naliste \u00e0 Paris, intervient exclusivement en droit p\u00e9nal pour la d\u00e9fense des particuliers, notamment en mati\u00e8re d\u2019accusations de viol. Il assure un accompagnement rigoureux d\u00e8s la garde \u00e0 vue jusqu\u2019\u00e0 la Cour d\u2019assises, veillant au strict respect des garanties proc\u00e9durales.","publisher":{"@id":"https:\/\/kohenavocats.com\/pt-pt\/#organization"},"potentialAction":[{"@type":"SearchAction","target":{"@type":"EntryPoint","urlTemplate":"https:\/\/kohenavocats.com\/pt-pt\/?s={search_term_string}"},"query-input":{"@type":"PropertyValueSpecification","valueRequired":true,"valueName":"search_term_string"}}],"inLanguage":"pt-PT"},{"@type":"Organization","@id":"https:\/\/kohenavocats.com\/pt-pt\/#organization","name":"Kohen Avocats","url":"https:\/\/kohenavocats.com\/pt-pt\/","logo":{"@type":"ImageObject","inLanguage":"pt-PT","@id":"https:\/\/kohenavocats.com\/pt-pt\/#\/schema\/logo\/image\/","url":"https:\/\/kohenavocats.com\/wp-content\/uploads\/2026\/01\/Logo-2-1.webp","contentUrl":"https:\/\/kohenavocats.com\/wp-content\/uploads\/2026\/01\/Logo-2-1.webp","width":2114,"height":1253,"caption":"Kohen Avocats"},"image":{"@id":"https:\/\/kohenavocats.com\/pt-pt\/#\/schema\/logo\/image\/"}},{"@type":"Person","@id":"https:\/\/kohenavocats.com\/pt-pt\/#\/schema\/person\/761c9ba54fa1ca84d405cef0831ff751","name":"Kohen","image":{"@type":"ImageObject","inLanguage":"pt-PT","@id":"https:\/\/secure.gravatar.com\/avatar\/1c5e76ef76bbbfdd2b4da984e2bf2fa4056fd51a27d25ce2c332047f1dfd6e00?s=96&d=identicon&r=g","url":"https:\/\/secure.gravatar.com\/avatar\/1c5e76ef76bbbfdd2b4da984e2bf2fa4056fd51a27d25ce2c332047f1dfd6e00?s=96&d=identicon&r=g","contentUrl":"https:\/\/secure.gravatar.com\/avatar\/1c5e76ef76bbbfdd2b4da984e2bf2fa4056fd51a27d25ce2c332047f1dfd6e00?s=96&d=identicon&r=g","caption":"Kohen"},"sameAs":["https:\/\/www.linkedin.com\/in\/hassan-kohen-448548192\/","https:\/\/www.youtube.com\/@Kohen-Avocats"],"url":"https:\/\/kohenavocats.com\/pt-pt\/author\/kohenmlk\/"}]}},"jetpack_featured_media_url":"https:\/\/kohenavocats.com\/wp-content\/uploads\/2024\/11\/allison-saeng-6ptTfZWrRSw-unsplash.webp","jetpack_likes_enabled":false,"jetpack_shortlink":"https:\/\/wp.me\/peCrII-2Mo9","jetpack-related-posts":[{"id":233615,"url":"https:\/\/kohenavocats.com\/pt-pt\/cour-dappel-de-grenoble-le-5-septembre-2025-n24-00662\/","url_meta":{"origin":662665,"position":0},"title":"Cour d&#8217;appel de Grenoble, le 5 septembre 2025, n\u00b024\/00662","author":"Kohen","date":"28 de Dezembro, 2025","format":false,"excerpt":"La reconnaissance d\u2019un accident du travail constitue une question centrale du droit de la s\u00e9curit\u00e9 sociale, qui articule protection du salari\u00e9 et pr\u00e9servation des int\u00e9r\u00eats de l\u2019employeur. La Cour d\u2019appel de Grenoble, dans un arr\u00eat rendu le 5 septembre 2025, apporte des pr\u00e9cisions importantes sur les conditions de la preuve\u2026","rel":"","context":"In &quot;Cour d'appel&quot;","block_context":{"text":"Cour d'appel","link":"https:\/\/kohenavocats.com\/category\/cour-dappel\/"},"img":{"alt_text":"","src":"https:\/\/i0.wp.com\/kohenavocats.com\/wp-content\/uploads\/2024\/08\/jonathan-velasquez-eUSpDPSFdKU-unsplash-1.webp?resize=350%2C200&ssl=1","width":350,"height":200,"srcset":"https:\/\/i0.wp.com\/kohenavocats.com\/wp-content\/uploads\/2024\/08\/jonathan-velasquez-eUSpDPSFdKU-unsplash-1.webp?resize=350%2C200&ssl=1 1x, https:\/\/i0.wp.com\/kohenavocats.com\/wp-content\/uploads\/2024\/08\/jonathan-velasquez-eUSpDPSFdKU-unsplash-1.webp?resize=525%2C300&ssl=1 1.5x, https:\/\/i0.wp.com\/kohenavocats.com\/wp-content\/uploads\/2024\/08\/jonathan-velasquez-eUSpDPSFdKU-unsplash-1.webp?resize=700%2C400&ssl=1 2x, https:\/\/i0.wp.com\/kohenavocats.com\/wp-content\/uploads\/2024\/08\/jonathan-velasquez-eUSpDPSFdKU-unsplash-1.webp?resize=1050%2C600&ssl=1 3x, https:\/\/i0.wp.com\/kohenavocats.com\/wp-content\/uploads\/2024\/08\/jonathan-velasquez-eUSpDPSFdKU-unsplash-1.webp?resize=1400%2C800&ssl=1 4x"},"classes":[]},{"id":478554,"url":"https:\/\/kohenavocats.com\/pt-pt\/cour-dappel-de-grenoble-le-12-mars-2025-n24-02553\/","url_meta":{"origin":662665,"position":1},"title":"Cour d&#8217;appel de Grenoble, le 12 mars 2025, n\u00b024\/02553","author":"Kohen","date":"7 de Abril, 2026","format":false,"excerpt":"La Cour d'appel de Grenoble, le 12 mars 2025, statue sur un litige relatif \u00e0 la qualification d'accident du travail. Une salari\u00e9e affirme avoir subi une l\u00e9si...","rel":"","context":"In &quot;Jurisprudence&quot;","block_context":{"text":"Jurisprudence","link":"https:\/\/kohenavocats.com\/category\/jurisprudence\/"},"img":{"alt_text":"","src":"https:\/\/i0.wp.com\/kohenavocats.com\/wp-content\/uploads\/2024\/11\/shubham-dhage-ICCn56-jyuw-unsplash.webp?resize=350%2C200&ssl=1","width":350,"height":200,"srcset":"https:\/\/i0.wp.com\/kohenavocats.com\/wp-content\/uploads\/2024\/11\/shubham-dhage-ICCn56-jyuw-unsplash.webp?resize=350%2C200&ssl=1 1x, https:\/\/i0.wp.com\/kohenavocats.com\/wp-content\/uploads\/2024\/11\/shubham-dhage-ICCn56-jyuw-unsplash.webp?resize=525%2C300&ssl=1 1.5x, https:\/\/i0.wp.com\/kohenavocats.com\/wp-content\/uploads\/2024\/11\/shubham-dhage-ICCn56-jyuw-unsplash.webp?resize=700%2C400&ssl=1 2x, https:\/\/i0.wp.com\/kohenavocats.com\/wp-content\/uploads\/2024\/11\/shubham-dhage-ICCn56-jyuw-unsplash.webp?resize=1050%2C600&ssl=1 3x, https:\/\/i0.wp.com\/kohenavocats.com\/wp-content\/uploads\/2024\/11\/shubham-dhage-ICCn56-jyuw-unsplash.webp?resize=1400%2C800&ssl=1 4x"},"classes":[]},{"id":663093,"url":"https:\/\/kohenavocats.com\/pt-pt\/tribunal-judiciaire-de-grenoble-le-10-juillet-2024-n24-00409\/","url_meta":{"origin":662665,"position":2},"title":"Tribunal judiciaire de Grenoble, le 10 juillet 2024, n\u00b024\/00409","author":"Kohen","date":"23 de Abril, 2026","format":false,"excerpt":"Le Tribunal judiciaire de Grenoble, p\u00f4le social, statuant en premier ressort le 10 juillet 2024, se prononce sur l\u2019inopposabilit\u00e9 d\u2019une d\u00e9cision de prise en ...","rel":"","context":"In &quot;Jurisprudence&quot;","block_context":{"text":"Jurisprudence","link":"https:\/\/kohenavocats.com\/category\/jurisprudence\/"},"img":{"alt_text":"","src":"https:\/\/i0.wp.com\/kohenavocats.com\/wp-content\/uploads\/2024\/08\/deniz-demirci-wrMPwcYTRpc-unsplash.webp?resize=350%2C200&ssl=1","width":350,"height":200,"srcset":"https:\/\/i0.wp.com\/kohenavocats.com\/wp-content\/uploads\/2024\/08\/deniz-demirci-wrMPwcYTRpc-unsplash.webp?resize=350%2C200&ssl=1 1x, https:\/\/i0.wp.com\/kohenavocats.com\/wp-content\/uploads\/2024\/08\/deniz-demirci-wrMPwcYTRpc-unsplash.webp?resize=525%2C300&ssl=1 1.5x, https:\/\/i0.wp.com\/kohenavocats.com\/wp-content\/uploads\/2024\/08\/deniz-demirci-wrMPwcYTRpc-unsplash.webp?resize=700%2C400&ssl=1 2x, https:\/\/i0.wp.com\/kohenavocats.com\/wp-content\/uploads\/2024\/08\/deniz-demirci-wrMPwcYTRpc-unsplash.webp?resize=1050%2C600&ssl=1 3x, https:\/\/i0.wp.com\/kohenavocats.com\/wp-content\/uploads\/2024\/08\/deniz-demirci-wrMPwcYTRpc-unsplash.webp?resize=1400%2C800&ssl=1 4x"},"classes":[]},{"id":663089,"url":"https:\/\/kohenavocats.com\/pt-pt\/tribunal-judiciaire-de-grenoble-le-19-decembre-2024-n24-00285\/","url_meta":{"origin":662665,"position":3},"title":"Tribunal judiciaire de Grenoble, le 19 d\u00e9cembre 2024, n\u00b024\/00285","author":"Kohen","date":"23 de Abril, 2026","format":false,"excerpt":"Le p\u00f4le social du tribunal judiciaire de Grenoble, statuant en premier ressort le 19 d\u00e9cembre 2024, a examin\u00e9 un recours form\u00e9 par un employeur contre une d\u00e9...","rel":"","context":"In &quot;Jurisprudence&quot;","block_context":{"text":"Jurisprudence","link":"https:\/\/kohenavocats.com\/category\/jurisprudence\/"},"img":{"alt_text":"","src":"https:\/\/i0.wp.com\/kohenavocats.com\/wp-content\/uploads\/2024\/08\/vinh-PzXQ-ycHboI-unsplash.webp?resize=350%2C200&ssl=1","width":350,"height":200,"srcset":"https:\/\/i0.wp.com\/kohenavocats.com\/wp-content\/uploads\/2024\/08\/vinh-PzXQ-ycHboI-unsplash.webp?resize=350%2C200&ssl=1 1x, https:\/\/i0.wp.com\/kohenavocats.com\/wp-content\/uploads\/2024\/08\/vinh-PzXQ-ycHboI-unsplash.webp?resize=525%2C300&ssl=1 1.5x, https:\/\/i0.wp.com\/kohenavocats.com\/wp-content\/uploads\/2024\/08\/vinh-PzXQ-ycHboI-unsplash.webp?resize=700%2C400&ssl=1 2x, https:\/\/i0.wp.com\/kohenavocats.com\/wp-content\/uploads\/2024\/08\/vinh-PzXQ-ycHboI-unsplash.webp?resize=1050%2C600&ssl=1 3x, https:\/\/i0.wp.com\/kohenavocats.com\/wp-content\/uploads\/2024\/08\/vinh-PzXQ-ycHboI-unsplash.webp?resize=1400%2C800&ssl=1 4x"},"classes":[]},{"id":658069,"url":"https:\/\/kohenavocats.com\/pt-pt\/tribunal-judiciaire-de-bourg-en-bresse-le-28-juin-2024-n23-00224\/","url_meta":{"origin":662665,"position":4},"title":"Tribunal judiciaire de Bourg-en-Bresse, le 28 juin 2024, n\u00b023\/00224","author":"Kohen","date":"23 de Abril, 2026","format":false,"excerpt":"Le p\u00f4le social du tribunal judiciaire de Bourg-en-Bresse, par jugement du 28 juin 2024, statue sur un recours form\u00e9 contre le rejet d\u2019une d\u00e9claration d\u2019accid...","rel":"","context":"In &quot;Jurisprudence&quot;","block_context":{"text":"Jurisprudence","link":"https:\/\/kohenavocats.com\/category\/jurisprudence\/"},"img":{"alt_text":"","src":"https:\/\/i0.wp.com\/kohenavocats.com\/wp-content\/uploads\/2024\/11\/bhavik-nasit-otN0Zt25rIk-unsplash.webp?resize=350%2C200&ssl=1","width":350,"height":200,"srcset":"https:\/\/i0.wp.com\/kohenavocats.com\/wp-content\/uploads\/2024\/11\/bhavik-nasit-otN0Zt25rIk-unsplash.webp?resize=350%2C200&ssl=1 1x, https:\/\/i0.wp.com\/kohenavocats.com\/wp-content\/uploads\/2024\/11\/bhavik-nasit-otN0Zt25rIk-unsplash.webp?resize=525%2C300&ssl=1 1.5x, https:\/\/i0.wp.com\/kohenavocats.com\/wp-content\/uploads\/2024\/11\/bhavik-nasit-otN0Zt25rIk-unsplash.webp?resize=700%2C400&ssl=1 2x, https:\/\/i0.wp.com\/kohenavocats.com\/wp-content\/uploads\/2024\/11\/bhavik-nasit-otN0Zt25rIk-unsplash.webp?resize=1050%2C600&ssl=1 3x, https:\/\/i0.wp.com\/kohenavocats.com\/wp-content\/uploads\/2024\/11\/bhavik-nasit-otN0Zt25rIk-unsplash.webp?resize=1400%2C800&ssl=1 4x"},"classes":[]},{"id":661371,"url":"https:\/\/kohenavocats.com\/pt-pt\/tribunal-judiciaire-de-grenoble-le-10-juillet-2024-n23-01320\/","url_meta":{"origin":662665,"position":5},"title":"Tribunal judiciaire de Grenoble, le 10 juillet 2024, n\u00b023\/01320","author":"Kohen","date":"23 de Abril, 2026","format":false,"excerpt":"Le Tribunal judiciaire de Grenoble, statuant le 10 juillet 2024, a eu \u00e0 conna\u00eetre d\u2019un litige opposant une salari\u00e9e \u00e0 sa caisse primaire d\u2019assurance maladie....","rel":"","context":"In &quot;Jurisprudence&quot;","block_context":{"text":"Jurisprudence","link":"https:\/\/kohenavocats.com\/category\/jurisprudence\/"},"img":{"alt_text":"","src":"https:\/\/i0.wp.com\/kohenavocats.com\/wp-content\/uploads\/2024\/11\/and-machines-W9sXFAZVTMY-unsplash.webp?resize=350%2C200&ssl=1","width":350,"height":200,"srcset":"https:\/\/i0.wp.com\/kohenavocats.com\/wp-content\/uploads\/2024\/11\/and-machines-W9sXFAZVTMY-unsplash.webp?resize=350%2C200&ssl=1 1x, https:\/\/i0.wp.com\/kohenavocats.com\/wp-content\/uploads\/2024\/11\/and-machines-W9sXFAZVTMY-unsplash.webp?resize=525%2C300&ssl=1 1.5x, https:\/\/i0.wp.com\/kohenavocats.com\/wp-content\/uploads\/2024\/11\/and-machines-W9sXFAZVTMY-unsplash.webp?resize=700%2C400&ssl=1 2x, https:\/\/i0.wp.com\/kohenavocats.com\/wp-content\/uploads\/2024\/11\/and-machines-W9sXFAZVTMY-unsplash.webp?resize=1050%2C600&ssl=1 3x, https:\/\/i0.wp.com\/kohenavocats.com\/wp-content\/uploads\/2024\/11\/and-machines-W9sXFAZVTMY-unsplash.webp?resize=1400%2C800&ssl=1 4x"},"classes":[]}],"jetpack_sharing_enabled":true,"_links":{"self":[{"href":"https:\/\/kohenavocats.com\/pt-pt\/wp-json\/wp\/v2\/posts\/662665","targetHints":{"allow":["GET"]}}],"collection":[{"href":"https:\/\/kohenavocats.com\/pt-pt\/wp-json\/wp\/v2\/posts"}],"about":[{"href":"https:\/\/kohenavocats.com\/pt-pt\/wp-json\/wp\/v2\/types\/post"}],"author":[{"embeddable":true,"href":"https:\/\/kohenavocats.com\/pt-pt\/wp-json\/wp\/v2\/users\/232070755"}],"replies":[{"embeddable":true,"href":"https:\/\/kohenavocats.com\/pt-pt\/wp-json\/wp\/v2\/comments?post=662665"}],"version-history":[{"count":0,"href":"https:\/\/kohenavocats.com\/pt-pt\/wp-json\/wp\/v2\/posts\/662665\/revisions"}],"wp:featuredmedia":[{"embeddable":true,"href":"https:\/\/kohenavocats.com\/pt-pt\/wp-json\/wp\/v2\/media\/9522"}],"wp:attachment":[{"href":"https:\/\/kohenavocats.com\/pt-pt\/wp-json\/wp\/v2\/media?parent=662665"}],"wp:term":[{"taxonomy":"category","embeddable":true,"href":"https:\/\/kohenavocats.com\/pt-pt\/wp-json\/wp\/v2\/categories?post=662665"},{"taxonomy":"post_tag","embeddable":true,"href":"https:\/\/kohenavocats.com\/pt-pt\/wp-json\/wp\/v2\/tags?post=662665"}],"curies":[{"name":"wp","href":"https:\/\/api.w.org\/{rel}","templated":true}]}}