{"id":664516,"date":"2026-04-23T22:50:58","date_gmt":"2026-04-23T20:50:58","guid":{"rendered":"https:\/\/kohenavocats.com\/cour-dappel-de-pau-le-25-septembre-2025-n24-02302\/"},"modified":"2026-04-26T21:21:02","modified_gmt":"2026-04-26T19:21:02","slug":"cour-dappel-de-pau-le-25-septembre-2025-n24-02302","status":"publish","type":"post","link":"https:\/\/kohenavocats.com\/pt-pt\/cour-dappel-de-pau-le-25-septembre-2025-n24-02302\/","title":{"rendered":"Cour d&#8217;appel de Pau, le 25 septembre 2025, n\u00b024\/02302"},"content":{"rendered":"<div class=\"article-content\">\n<p>La Cour d\u2019appel de Pau, le 25 septembre 2025, statue sur un appel form\u00e9 contre une ordonnance de r\u00e9f\u00e9r\u00e9. Cette derni\u00e8re avait constat\u00e9 la r\u00e9siliation d\u2019un bail pour d\u00e9faut de paiement et ordonn\u00e9 l\u2019expulsion. L\u2019appelant, plac\u00e9 sous <a href=\"https:\/\/kohenavocats.com\/avocats-droit-famille-paris\/avocats-tutelle-curatelle-paris\/\" target=\"_blank\" title=\"curatelle renforc\u00e9e\">curatelle renforc\u00e9e<\/a>, avait \u00e9t\u00e9 condamn\u00e9 en qualit\u00e9 de <a href=\"https:\/\/kohenavocats.fr\/avocat-depot-garantie-paris\/\" target=\"_blank\" title=\"caution\">caution<\/a>. Apr\u00e8s un accord avec la bailleresse, il se d\u00e9siste partiellement de son appel. La cour r\u00e9v\u00e8le une usurpation d\u2019identit\u00e9 le concernant et r\u00e9forme en cons\u00e9quence la d\u00e9cision attaqu\u00e9e sur les d\u00e9pens et l\u2019article 700 du code de proc\u00e9dure civile.<\/p>\n<p>La r\u00e9vocation de l\u2019ordonnance de cl\u00f4ture<\/p>\n<p>Le r\u00e9gime de la r\u00e9vocation pour cause grave. L\u2019article 803 du code de proc\u00e9dure civile encadre strictement la r\u00e9vocation d\u2019une ordonnance de cl\u00f4ture. La cour rappelle que cette mesure ne peut \u00eatre remise en cause que pour un fait nouveau et s\u00e9rieux. &#8220;L&#8217;ordonnance de cl\u00f4ture ne peut \u00eatre r\u00e9voqu\u00e9e que s&#8217;il se r\u00e9v\u00e8le une cause grave depuis qu&#8217;elle a \u00e9t\u00e9 rendue&#8221; (Motifs, sur la cl\u00f4ture). Cette interpr\u00e9tation restrictive prot\u00e8ge la s\u00e9curit\u00e9 de la proc\u00e9dure et \u00e9vite les man\u0153uvres dilatoires. Elle rejoint la solution d\u00e9gag\u00e9e par une jurisprudence ant\u00e9rieure sur les conditions de r\u00e9vocation. &#8220;En application de l\u2019article 803 du code de proc\u00e9dure civile, l\u2019ordonnance de cl\u00f4ture ne peut \u00eatre r\u00e9voqu\u00e9e que s\u2019il se r\u00e9v\u00e8le une cause grave depuis qu\u2019elle a \u00e9t\u00e9 rendue&#8221; (Tribunal judiciaire de Paris, le 14 janvier 2025, n\u00b021\/13502). La port\u00e9e de cette r\u00e8gle est ainsi confirm\u00e9e et uniformis\u00e9e.<\/p>\n<p>L\u2019accord post-cl\u00f4ture comme cause grave. En l\u2019esp\u00e8ce, la cour retient que l\u2019accord intervenu entre les parties apr\u00e8s la cl\u00f4ture constitue une telle cause. Cet accord, homologu\u00e9 par le tribunal, modifie fondamentalement l\u2019objet du litige en entra\u00eenant un d\u00e9sistement. La cour estime que cet \u00e9l\u00e9ment nouveau justifie la r\u00e9ouverture des d\u00e9bats. &#8220;L&#8217;accord intervenu entre la bailleresse d&#8217;une part, l&#8217;appelant d&#8217;autre part, post\u00e9rieurement \u00e0 la cl\u00f4ture, lequel a une incidence sur les demandes formul\u00e9es par ce dernier, constitue une cause grave&#8221; (Motifs, sur la cl\u00f4ture). Cette solution assouplit le principe de cl\u00f4ture au nom de l\u2019efficacit\u00e9 proc\u00e9durale. Elle permet d\u2019int\u00e9grer les \u00e9l\u00e9ments susceptibles de mettre un terme au litige et favorise ainsi les solutions conventionnelles.<\/p>\n<p>La r\u00e9gularisation du d\u00e9sistement d\u2019appel<\/p>\n<p>L\u2019admission du d\u00e9sistement unilat\u00e9ral. Sur le fond, la cour examine la r\u00e9gularit\u00e9 du d\u00e9sistement partiel de l\u2019appel. Elle applique les articles 400 et 401 du code de proc\u00e9dure civile. Ces textes pr\u00e9voient que le d\u00e9sistement n\u2019a pas \u00e0 \u00eatre accept\u00e9 par la partie adverse en l\u2019absence d\u2019appel incident. &#8220;Le d\u00e9sistement de l&#8217;appel n&#8217;a besoin d&#8217;\u00eatre accept\u00e9 que s&#8217;il contient des r\u00e9serves ou si la partie \u00e0 l&#8217;\u00e9gard de laquelle il est fait a pr\u00e9alablement form\u00e9 un appel incident&#8221; (Motifs, sur le fond). La solution consacre le caract\u00e8re unilat\u00e9ral de cette renonciation \u00e0 l\u2019instance. Elle simplifie la proc\u00e9dure lorsque l\u2019une des parties souhaite mettre fin \u00e0 ses pr\u00e9tentions. La cour constate donc le d\u00e9sistement \u00e0 l\u2019encontre de la bailleresse, qui n\u2019avait pas constitu\u00e9 avocat.<\/p>\n<p>Les cons\u00e9quences proc\u00e9durales du d\u00e9sistement partiel. Le d\u00e9sistement partiel r\u00e9duit le champ du d\u00e9bat en appel. La cour en d\u00e9duit que seuls les chefs relatifs aux d\u00e9pens et aux frais irr\u00e9p\u00e9tibles restent en discussion. Cette approche permet de concentrer les d\u00e9bats sur les points encore controvers\u00e9s. Elle illustre le principe d\u2019\u00e9conomie proc\u00e9durale. L\u2019instance se poursuit uniquement \u00e0 l\u2019encontre de la locataire principale. La d\u00e9cision attaqu\u00e9e est donc infirm\u00e9e uniquement sur les points concernant l\u2019appelant. Le sort du bail et de l\u2019expulsion n\u2019est plus discut\u00e9 en raison de l\u2019accord intervenu. Cette modularit\u00e9 de l\u2019instance est essentielle pour une justice adaptative.<\/p>\n<p>La sanction d\u2019une usurpation d\u2019identit\u00e9<\/p>\n<p>La preuve de l\u2019usurpation et ses effets juridiques. La cour proc\u00e8de \u00e0 une r\u00e9\u00e9valuation des pi\u00e8ces du dossier concernant l\u2019engagement de l\u2019appelant. Elle rel\u00e8ve des irr\u00e9gularit\u00e9s manifestes dans la signature et la mention manuscrite de la caution. Ces \u00e9l\u00e9ments, corrobor\u00e9s par une plainte p\u00e9nale, \u00e9tablissent l\u2019usurpation d\u2019identit\u00e9. &#8220;Les \u00e9l\u00e9ments produits dans le cadre de la pr\u00e9sente instance corroborent l&#8217;usurpation d&#8217;identit\u00e9 que l&#8217;appelant reproche \u00e0 la locataire&#8221; (Motifs, sur les d\u00e9pens et les frais irr\u00e9p\u00e9tibles). La cour en tire toutes les cons\u00e9quences civiles. Elle \u00e9carte ainsi la responsabilit\u00e9 de l\u2019appelant en sa pr\u00e9tendue qualit\u00e9 de caution. Cette analyse rigoureuse prot\u00e8ge les personnes victimes de falsifications.<\/p>\n<p>La condamnation aux d\u00e9pens et sur le fondement de l\u2019article 700. La d\u00e9cision de premi\u00e8re instance est r\u00e9form\u00e9e sur la r\u00e9partition des d\u00e9pens et l\u2019allocation au titre de l\u2019article 700 du code de proc\u00e9dure civile. La locataire est condamn\u00e9e \u00e0 supporter seule l\u2019int\u00e9gralit\u00e9 des d\u00e9pens des deux degr\u00e9s de juridiction. &#8220;Il convient par cons\u00e9quent de condamner la locataire \u00e0 assumer seule les d\u00e9pens de premi\u00e8re instance et d&#8217;appel&#8221; (Motifs, sur les d\u00e9pens et les frais irr\u00e9p\u00e9tibles). La cour alloue \u00e9galement une somme de 600 euros \u00e0 l\u2019appelant au titre des frais non compris dans les d\u00e9pens. Cette condamnation sanctionne le comportement d\u00e9loyal de la locataire. Elle compense partiellement les frais expos\u00e9s par la victime de l\u2019usurpation pour se d\u00e9fendre.<\/p>\n<\/div>\n","protected":false},"excerpt":{"rendered":"<p>La Cour d\u2019appel de Pau, le 25 septembre 2025, statue sur un appel form\u00e9 contre une ordonnance de r\u00e9f\u00e9r\u00e9. Cette derni\u00e8re avait constat\u00e9 la r\u00e9siliation d\u2019un ba&#8230;<\/p>\n","protected":false},"author":232070755,"featured_media":4815,"comment_status":"open","ping_status":"open","sticky":false,"template":"","format":"standard","meta":{"_crdt_document":"","_jetpack_newsletter_access":"","_jetpack_dont_email_post_to_subs":false,"_jetpack_newsletter_tier_id":0,"_jetpack_memberships_contains_paywalled_content":false,"_kj_source_type":"judilibre","_kj_official_id":"68d62197fd95ebd9ab3854b2","_kj_official_url":"https:\/\/www.courdecassation.fr\/decision\/68d62197fd95ebd9ab3854b2","_kj_judilibre_id":"68d62197fd95ebd9ab3854b2","_kj_jur":"Cour d'appel","_kj_lieu":"Cour d'appel de Pau","_kj_chambre":"2\u00e8me CH - Section 1","_kj_rg":"24\/02302","_kj_date":"2025-09-25","_jetpack_memberships_contains_paid_content":false,"footnotes":"","jetpack_post_was_ever_published":false},"categories":[35583,7597],"tags":[],"class_list":["post-664516","post","type-post","status-publish","format-standard","has-post-thumbnail","hentry","category-immobilier","category-jurisprudence"],"yoast_head":"<!-- This site is optimized with the Yoast SEO Premium plugin v27.5 (Yoast SEO v27.5) - https:\/\/yoast.com\/product\/yoast-seo-premium-wordpress\/ -->\n<title>Cour d&#039;appel de Pau, le 25 septembre 2025, n\u00b024\/02302 - Ma\u00eetre Hassan Kohen, avocat en droit p\u00e9nal \u00e0 Paris<\/title>\n<meta name=\"description\" content=\"La Cour d\u2019appel de Pau, le 25 septembre 2025, statue sur un appel form\u00e9 contre une ordonnance de r\u00e9f\u00e9r\u00e9. Cette derni\u00e8re avait constat\u00e9 la r\u00e9siliation d\u2019un ba...\" \/>\n<meta name=\"robots\" content=\"index, follow, max-snippet:-1, max-image-preview:large, max-video-preview:-1\" \/>\n<link rel=\"canonical\" href=\"https:\/\/kohenavocats.com\/pt-pt\/cour-dappel-de-pau-le-25-septembre-2025-n24-02302\/\" \/>\n<meta property=\"og:locale\" content=\"pt_PT\" \/>\n<meta property=\"og:type\" content=\"article\" \/>\n<meta property=\"og:title\" content=\"Cour d&#039;appel de Pau, le 25 septembre 2025, n\u00b024\/02302\" \/>\n<meta property=\"og:description\" content=\"La Cour d\u2019appel de Pau, le 25 septembre 2025, statue sur un appel form\u00e9 contre une ordonnance de r\u00e9f\u00e9r\u00e9. Cette derni\u00e8re avait constat\u00e9 la r\u00e9siliation d\u2019un ba...\" \/>\n<meta property=\"og:url\" content=\"https:\/\/kohenavocats.com\/pt-pt\/cour-dappel-de-pau-le-25-septembre-2025-n24-02302\/\" \/>\n<meta property=\"og:site_name\" content=\"Ma\u00eetre Hassan Kohen, avocat en droit p\u00e9nal \u00e0 Paris\" \/>\n<meta property=\"article:published_time\" content=\"2026-04-23T20:50:58+00:00\" \/>\n<meta property=\"article:modified_time\" content=\"2026-04-26T19:21:02+00:00\" \/>\n<meta property=\"og:image\" content=\"https:\/\/kohenavocats.com\/wp-content\/uploads\/2024\/08\/alex-h0dEvfM3EU8-unsplash.webp\" \/>\n\t<meta property=\"og:image:width\" content=\"5863\" \/>\n\t<meta property=\"og:image:height\" content=\"3909\" \/>\n\t<meta property=\"og:image:type\" content=\"image\/webp\" \/>\n<meta name=\"author\" content=\"Kohen\" \/>\n<meta name=\"twitter:card\" content=\"summary_large_image\" \/>\n<meta name=\"twitter:label1\" content=\"Escrito por\" \/>\n\t<meta name=\"twitter:data1\" content=\"Kohen\" \/>\n\t<meta name=\"twitter:label2\" content=\"Tempo estimado de leitura\" \/>\n\t<meta name=\"twitter:data2\" content=\"5 minutos\" \/>\n<script type=\"application\/ld+json\" class=\"yoast-schema-graph\">{\"@context\":\"https:\\\/\\\/schema.org\",\"@graph\":[{\"@type\":\"Article\",\"@id\":\"https:\\\/\\\/kohenavocats.com\\\/pt-pt\\\/cour-dappel-de-pau-le-25-septembre-2025-n24-02302\\\/#article\",\"isPartOf\":{\"@id\":\"https:\\\/\\\/kohenavocats.com\\\/pt-pt\\\/cour-dappel-de-pau-le-25-septembre-2025-n24-02302\\\/\"},\"author\":{\"name\":\"Kohen\",\"@id\":\"https:\\\/\\\/kohenavocats.com\\\/pt-pt\\\/#\\\/schema\\\/person\\\/761c9ba54fa1ca84d405cef0831ff751\"},\"headline\":\"Cour d&#8217;appel de Pau, le 25 septembre 2025, n\u00b024\\\/02302\",\"datePublished\":\"2026-04-23T20:50:58+00:00\",\"dateModified\":\"2026-04-26T19:21:02+00:00\",\"mainEntityOfPage\":{\"@id\":\"https:\\\/\\\/kohenavocats.com\\\/pt-pt\\\/cour-dappel-de-pau-le-25-septembre-2025-n24-02302\\\/\"},\"wordCount\":989,\"commentCount\":0,\"publisher\":{\"@id\":\"https:\\\/\\\/kohenavocats.com\\\/pt-pt\\\/#organization\"},\"image\":{\"@id\":\"https:\\\/\\\/kohenavocats.com\\\/pt-pt\\\/cour-dappel-de-pau-le-25-septembre-2025-n24-02302\\\/#primaryimage\"},\"thumbnailUrl\":\"https:\\\/\\\/kohenavocats.com\\\/wp-content\\\/uploads\\\/2024\\\/08\\\/alex-h0dEvfM3EU8-unsplash.webp\",\"articleSection\":[\"Immobilier\",\"Jurisprudence\"],\"inLanguage\":\"pt-PT\",\"potentialAction\":[{\"@type\":\"CommentAction\",\"name\":\"Comment\",\"target\":[\"https:\\\/\\\/kohenavocats.com\\\/pt-pt\\\/cour-dappel-de-pau-le-25-septembre-2025-n24-02302\\\/#respond\"]}],\"citation\":\"Cour d&#8217;appel de Pau, le 25 septembre 2025, n\u00b024\\\/02302\",\"about\":[{\"@type\":\"Thing\",\"name\":\"Immobilier\"},{\"@type\":\"Thing\",\"name\":\"Jurisprudence\"}],\"speakable\":{\"@type\":\"SpeakableSpecification\",\"cssSelector\":[\".article-content > p:first-of-type\"]}},{\"@type\":\"WebPage\",\"@id\":\"https:\\\/\\\/kohenavocats.com\\\/pt-pt\\\/cour-dappel-de-pau-le-25-septembre-2025-n24-02302\\\/\",\"url\":\"https:\\\/\\\/kohenavocats.com\\\/pt-pt\\\/cour-dappel-de-pau-le-25-septembre-2025-n24-02302\\\/\",\"name\":\"Cour d'appel de Pau, le 25 septembre 2025, n\u00b024\\\/02302 - Ma\u00eetre Hassan Kohen, avocat en droit p\u00e9nal \u00e0 Paris\",\"isPartOf\":{\"@id\":\"https:\\\/\\\/kohenavocats.com\\\/pt-pt\\\/#website\"},\"primaryImageOfPage\":{\"@id\":\"https:\\\/\\\/kohenavocats.com\\\/pt-pt\\\/cour-dappel-de-pau-le-25-septembre-2025-n24-02302\\\/#primaryimage\"},\"image\":{\"@id\":\"https:\\\/\\\/kohenavocats.com\\\/pt-pt\\\/cour-dappel-de-pau-le-25-septembre-2025-n24-02302\\\/#primaryimage\"},\"thumbnailUrl\":\"https:\\\/\\\/kohenavocats.com\\\/wp-content\\\/uploads\\\/2024\\\/08\\\/alex-h0dEvfM3EU8-unsplash.webp\",\"datePublished\":\"2026-04-23T20:50:58+00:00\",\"dateModified\":\"2026-04-26T19:21:02+00:00\",\"description\":\"La Cour d\u2019appel de Pau, le 25 septembre 2025, statue sur un appel form\u00e9 contre une ordonnance de r\u00e9f\u00e9r\u00e9. Cette derni\u00e8re avait constat\u00e9 la r\u00e9siliation d\u2019un ba...\",\"breadcrumb\":{\"@id\":\"https:\\\/\\\/kohenavocats.com\\\/pt-pt\\\/cour-dappel-de-pau-le-25-septembre-2025-n24-02302\\\/#breadcrumb\"},\"inLanguage\":\"pt-PT\",\"potentialAction\":[{\"@type\":\"ReadAction\",\"target\":[\"https:\\\/\\\/kohenavocats.com\\\/pt-pt\\\/cour-dappel-de-pau-le-25-septembre-2025-n24-02302\\\/\"]}]},{\"@type\":\"ImageObject\",\"inLanguage\":\"pt-PT\",\"@id\":\"https:\\\/\\\/kohenavocats.com\\\/pt-pt\\\/cour-dappel-de-pau-le-25-septembre-2025-n24-02302\\\/#primaryimage\",\"url\":\"https:\\\/\\\/kohenavocats.com\\\/wp-content\\\/uploads\\\/2024\\\/08\\\/alex-h0dEvfM3EU8-unsplash.webp\",\"contentUrl\":\"https:\\\/\\\/kohenavocats.com\\\/wp-content\\\/uploads\\\/2024\\\/08\\\/alex-h0dEvfM3EU8-unsplash.webp\",\"width\":5863,\"height\":3909},{\"@type\":\"BreadcrumbList\",\"@id\":\"https:\\\/\\\/kohenavocats.com\\\/pt-pt\\\/cour-dappel-de-pau-le-25-septembre-2025-n24-02302\\\/#breadcrumb\",\"itemListElement\":[{\"@type\":\"ListItem\",\"position\":1,\"name\":\"Home\",\"item\":\"https:\\\/\\\/kohenavocats.com\\\/pt-pt\\\/avocats-en-droit-penal-a-paris-conseil-et-defense-strategique\\\/\"},{\"@type\":\"ListItem\",\"position\":2,\"name\":\"Cour d&rsquo;appel de Pau, le 25 septembre 2025, n\u00b024\\\/02302\"}]},{\"@type\":\"WebSite\",\"@id\":\"https:\\\/\\\/kohenavocats.com\\\/pt-pt\\\/#website\",\"url\":\"https:\\\/\\\/kohenavocats.com\\\/pt-pt\\\/\",\"name\":\"Kohen Avocats\",\"description\":\"Ma\u00eetre Hassan Kohen, avocat p\u00e9naliste \u00e0 Paris, intervient exclusivement en droit p\u00e9nal pour la d\u00e9fense des particuliers, notamment en mati\u00e8re d\u2019accusations de viol. Il assure un accompagnement rigoureux d\u00e8s la garde \u00e0 vue jusqu\u2019\u00e0 la Cour d\u2019assises, veillant au strict respect des garanties proc\u00e9durales.\",\"publisher\":{\"@id\":\"https:\\\/\\\/kohenavocats.com\\\/pt-pt\\\/#organization\"},\"potentialAction\":[{\"@type\":\"SearchAction\",\"target\":{\"@type\":\"EntryPoint\",\"urlTemplate\":\"https:\\\/\\\/kohenavocats.com\\\/pt-pt\\\/?s={search_term_string}\"},\"query-input\":{\"@type\":\"PropertyValueSpecification\",\"valueRequired\":true,\"valueName\":\"search_term_string\"}}],\"inLanguage\":\"pt-PT\"},{\"@type\":\"Organization\",\"@id\":\"https:\\\/\\\/kohenavocats.com\\\/pt-pt\\\/#organization\",\"name\":\"Kohen Avocats\",\"url\":\"https:\\\/\\\/kohenavocats.com\\\/pt-pt\\\/\",\"logo\":{\"@type\":\"ImageObject\",\"inLanguage\":\"pt-PT\",\"@id\":\"https:\\\/\\\/kohenavocats.com\\\/pt-pt\\\/#\\\/schema\\\/logo\\\/image\\\/\",\"url\":\"https:\\\/\\\/kohenavocats.com\\\/wp-content\\\/uploads\\\/2026\\\/01\\\/Logo-2-1.webp\",\"contentUrl\":\"https:\\\/\\\/kohenavocats.com\\\/wp-content\\\/uploads\\\/2026\\\/01\\\/Logo-2-1.webp\",\"width\":2114,\"height\":1253,\"caption\":\"Kohen Avocats\"},\"image\":{\"@id\":\"https:\\\/\\\/kohenavocats.com\\\/pt-pt\\\/#\\\/schema\\\/logo\\\/image\\\/\"}},{\"@type\":\"Person\",\"@id\":\"https:\\\/\\\/kohenavocats.com\\\/pt-pt\\\/#\\\/schema\\\/person\\\/761c9ba54fa1ca84d405cef0831ff751\",\"name\":\"Kohen\",\"image\":{\"@type\":\"ImageObject\",\"inLanguage\":\"pt-PT\",\"@id\":\"https:\\\/\\\/secure.gravatar.com\\\/avatar\\\/1c5e76ef76bbbfdd2b4da984e2bf2fa4056fd51a27d25ce2c332047f1dfd6e00?s=96&d=identicon&r=g\",\"url\":\"https:\\\/\\\/secure.gravatar.com\\\/avatar\\\/1c5e76ef76bbbfdd2b4da984e2bf2fa4056fd51a27d25ce2c332047f1dfd6e00?s=96&d=identicon&r=g\",\"contentUrl\":\"https:\\\/\\\/secure.gravatar.com\\\/avatar\\\/1c5e76ef76bbbfdd2b4da984e2bf2fa4056fd51a27d25ce2c332047f1dfd6e00?s=96&d=identicon&r=g\",\"caption\":\"Kohen\"},\"sameAs\":[\"https:\\\/\\\/www.linkedin.com\\\/in\\\/hassan-kohen-448548192\\\/\",\"https:\\\/\\\/www.youtube.com\\\/@Kohen-Avocats\"],\"url\":\"https:\\\/\\\/kohenavocats.com\\\/pt-pt\\\/author\\\/kohenmlk\\\/\"}]}<\/script>\n<!-- \/ Yoast SEO Premium plugin. -->","yoast_head_json":{"title":"Cour d'appel de Pau, le 25 septembre 2025, n\u00b024\/02302 - Ma\u00eetre Hassan Kohen, avocat en droit p\u00e9nal \u00e0 Paris","description":"La Cour d\u2019appel de Pau, le 25 septembre 2025, statue sur un appel form\u00e9 contre une ordonnance de r\u00e9f\u00e9r\u00e9. Cette derni\u00e8re avait constat\u00e9 la r\u00e9siliation d\u2019un ba...","robots":{"index":"index","follow":"follow","max-snippet":"max-snippet:-1","max-image-preview":"max-image-preview:large","max-video-preview":"max-video-preview:-1"},"canonical":"https:\/\/kohenavocats.com\/pt-pt\/cour-dappel-de-pau-le-25-septembre-2025-n24-02302\/","og_locale":"pt_PT","og_type":"article","og_title":"Cour d'appel de Pau, le 25 septembre 2025, n\u00b024\/02302","og_description":"La Cour d\u2019appel de Pau, le 25 septembre 2025, statue sur un appel form\u00e9 contre une ordonnance de r\u00e9f\u00e9r\u00e9. Cette derni\u00e8re avait constat\u00e9 la r\u00e9siliation d\u2019un ba...","og_url":"https:\/\/kohenavocats.com\/pt-pt\/cour-dappel-de-pau-le-25-septembre-2025-n24-02302\/","og_site_name":"Ma\u00eetre Hassan Kohen, avocat en droit p\u00e9nal \u00e0 Paris","article_published_time":"2026-04-23T20:50:58+00:00","article_modified_time":"2026-04-26T19:21:02+00:00","og_image":[{"width":5863,"height":3909,"url":"https:\/\/kohenavocats.com\/wp-content\/uploads\/2024\/08\/alex-h0dEvfM3EU8-unsplash.webp","type":"image\/webp"}],"author":"Kohen","twitter_card":"summary_large_image","twitter_misc":{"Escrito por":"Kohen","Tempo estimado de leitura":"5 minutos"},"schema":{"@context":"https:\/\/schema.org","@graph":[{"@type":"Article","@id":"https:\/\/kohenavocats.com\/pt-pt\/cour-dappel-de-pau-le-25-septembre-2025-n24-02302\/#article","isPartOf":{"@id":"https:\/\/kohenavocats.com\/pt-pt\/cour-dappel-de-pau-le-25-septembre-2025-n24-02302\/"},"author":{"name":"Kohen","@id":"https:\/\/kohenavocats.com\/pt-pt\/#\/schema\/person\/761c9ba54fa1ca84d405cef0831ff751"},"headline":"Cour d&#8217;appel de Pau, le 25 septembre 2025, n\u00b024\/02302","datePublished":"2026-04-23T20:50:58+00:00","dateModified":"2026-04-26T19:21:02+00:00","mainEntityOfPage":{"@id":"https:\/\/kohenavocats.com\/pt-pt\/cour-dappel-de-pau-le-25-septembre-2025-n24-02302\/"},"wordCount":989,"commentCount":0,"publisher":{"@id":"https:\/\/kohenavocats.com\/pt-pt\/#organization"},"image":{"@id":"https:\/\/kohenavocats.com\/pt-pt\/cour-dappel-de-pau-le-25-septembre-2025-n24-02302\/#primaryimage"},"thumbnailUrl":"https:\/\/kohenavocats.com\/wp-content\/uploads\/2024\/08\/alex-h0dEvfM3EU8-unsplash.webp","articleSection":["Immobilier","Jurisprudence"],"inLanguage":"pt-PT","potentialAction":[{"@type":"CommentAction","name":"Comment","target":["https:\/\/kohenavocats.com\/pt-pt\/cour-dappel-de-pau-le-25-septembre-2025-n24-02302\/#respond"]}],"citation":"Cour d&#8217;appel de Pau, le 25 septembre 2025, n\u00b024\/02302","about":[{"@type":"Thing","name":"Immobilier"},{"@type":"Thing","name":"Jurisprudence"}],"speakable":{"@type":"SpeakableSpecification","cssSelector":[".article-content > p:first-of-type"]}},{"@type":"WebPage","@id":"https:\/\/kohenavocats.com\/pt-pt\/cour-dappel-de-pau-le-25-septembre-2025-n24-02302\/","url":"https:\/\/kohenavocats.com\/pt-pt\/cour-dappel-de-pau-le-25-septembre-2025-n24-02302\/","name":"Cour d'appel de Pau, le 25 septembre 2025, n\u00b024\/02302 - Ma\u00eetre Hassan Kohen, avocat en droit p\u00e9nal \u00e0 Paris","isPartOf":{"@id":"https:\/\/kohenavocats.com\/pt-pt\/#website"},"primaryImageOfPage":{"@id":"https:\/\/kohenavocats.com\/pt-pt\/cour-dappel-de-pau-le-25-septembre-2025-n24-02302\/#primaryimage"},"image":{"@id":"https:\/\/kohenavocats.com\/pt-pt\/cour-dappel-de-pau-le-25-septembre-2025-n24-02302\/#primaryimage"},"thumbnailUrl":"https:\/\/kohenavocats.com\/wp-content\/uploads\/2024\/08\/alex-h0dEvfM3EU8-unsplash.webp","datePublished":"2026-04-23T20:50:58+00:00","dateModified":"2026-04-26T19:21:02+00:00","description":"La Cour d\u2019appel de Pau, le 25 septembre 2025, statue sur un appel form\u00e9 contre une ordonnance de r\u00e9f\u00e9r\u00e9. Cette derni\u00e8re avait constat\u00e9 la r\u00e9siliation d\u2019un ba...","breadcrumb":{"@id":"https:\/\/kohenavocats.com\/pt-pt\/cour-dappel-de-pau-le-25-septembre-2025-n24-02302\/#breadcrumb"},"inLanguage":"pt-PT","potentialAction":[{"@type":"ReadAction","target":["https:\/\/kohenavocats.com\/pt-pt\/cour-dappel-de-pau-le-25-septembre-2025-n24-02302\/"]}]},{"@type":"ImageObject","inLanguage":"pt-PT","@id":"https:\/\/kohenavocats.com\/pt-pt\/cour-dappel-de-pau-le-25-septembre-2025-n24-02302\/#primaryimage","url":"https:\/\/kohenavocats.com\/wp-content\/uploads\/2024\/08\/alex-h0dEvfM3EU8-unsplash.webp","contentUrl":"https:\/\/kohenavocats.com\/wp-content\/uploads\/2024\/08\/alex-h0dEvfM3EU8-unsplash.webp","width":5863,"height":3909},{"@type":"BreadcrumbList","@id":"https:\/\/kohenavocats.com\/pt-pt\/cour-dappel-de-pau-le-25-septembre-2025-n24-02302\/#breadcrumb","itemListElement":[{"@type":"ListItem","position":1,"name":"Home","item":"https:\/\/kohenavocats.com\/pt-pt\/avocats-en-droit-penal-a-paris-conseil-et-defense-strategique\/"},{"@type":"ListItem","position":2,"name":"Cour d&rsquo;appel de Pau, le 25 septembre 2025, n\u00b024\/02302"}]},{"@type":"WebSite","@id":"https:\/\/kohenavocats.com\/pt-pt\/#website","url":"https:\/\/kohenavocats.com\/pt-pt\/","name":"Kohen Avocats","description":"Ma\u00eetre Hassan Kohen, avocat p\u00e9naliste \u00e0 Paris, intervient exclusivement en droit p\u00e9nal pour la d\u00e9fense des particuliers, notamment en mati\u00e8re d\u2019accusations de viol. Il assure un accompagnement rigoureux d\u00e8s la garde \u00e0 vue jusqu\u2019\u00e0 la Cour d\u2019assises, veillant au strict respect des garanties proc\u00e9durales.","publisher":{"@id":"https:\/\/kohenavocats.com\/pt-pt\/#organization"},"potentialAction":[{"@type":"SearchAction","target":{"@type":"EntryPoint","urlTemplate":"https:\/\/kohenavocats.com\/pt-pt\/?s={search_term_string}"},"query-input":{"@type":"PropertyValueSpecification","valueRequired":true,"valueName":"search_term_string"}}],"inLanguage":"pt-PT"},{"@type":"Organization","@id":"https:\/\/kohenavocats.com\/pt-pt\/#organization","name":"Kohen Avocats","url":"https:\/\/kohenavocats.com\/pt-pt\/","logo":{"@type":"ImageObject","inLanguage":"pt-PT","@id":"https:\/\/kohenavocats.com\/pt-pt\/#\/schema\/logo\/image\/","url":"https:\/\/kohenavocats.com\/wp-content\/uploads\/2026\/01\/Logo-2-1.webp","contentUrl":"https:\/\/kohenavocats.com\/wp-content\/uploads\/2026\/01\/Logo-2-1.webp","width":2114,"height":1253,"caption":"Kohen Avocats"},"image":{"@id":"https:\/\/kohenavocats.com\/pt-pt\/#\/schema\/logo\/image\/"}},{"@type":"Person","@id":"https:\/\/kohenavocats.com\/pt-pt\/#\/schema\/person\/761c9ba54fa1ca84d405cef0831ff751","name":"Kohen","image":{"@type":"ImageObject","inLanguage":"pt-PT","@id":"https:\/\/secure.gravatar.com\/avatar\/1c5e76ef76bbbfdd2b4da984e2bf2fa4056fd51a27d25ce2c332047f1dfd6e00?s=96&d=identicon&r=g","url":"https:\/\/secure.gravatar.com\/avatar\/1c5e76ef76bbbfdd2b4da984e2bf2fa4056fd51a27d25ce2c332047f1dfd6e00?s=96&d=identicon&r=g","contentUrl":"https:\/\/secure.gravatar.com\/avatar\/1c5e76ef76bbbfdd2b4da984e2bf2fa4056fd51a27d25ce2c332047f1dfd6e00?s=96&d=identicon&r=g","caption":"Kohen"},"sameAs":["https:\/\/www.linkedin.com\/in\/hassan-kohen-448548192\/","https:\/\/www.youtube.com\/@Kohen-Avocats"],"url":"https:\/\/kohenavocats.com\/pt-pt\/author\/kohenmlk\/"}]}},"jetpack_featured_media_url":"https:\/\/kohenavocats.com\/wp-content\/uploads\/2024\/08\/alex-h0dEvfM3EU8-unsplash.webp","jetpack_likes_enabled":false,"jetpack_shortlink":"https:\/\/wp.me\/peCrII-2MS0","jetpack-related-posts":[{"id":479691,"url":"https:\/\/kohenavocats.com\/pt-pt\/tribunal-judiciaire-de-paris-le-16-septembre-2025-n22-04939\/","url_meta":{"origin":664516,"position":0},"title":"Tribunal judiciaire de Paris, le 16 septembre 2025, n\u00b022\/04939","author":"Kohen","date":"7 de Abril, 2026","format":false,"excerpt":"Le tribunal judiciaire de Paris, dans un jugement du 16 septembre 2025, statue sur une instance interrompue par le d\u00e9c\u00e8s d\u2019un demandeur. L\u2019\u00e9pouse et unique h...","rel":"","context":"In &quot;Jurisprudence&quot;","block_context":{"text":"Jurisprudence","link":"https:\/\/kohenavocats.com\/category\/jurisprudence\/"},"img":{"alt_text":"","src":"https:\/\/i0.wp.com\/kohenavocats.com\/wp-content\/uploads\/2024\/08\/heriberto-murrieta-2RFLn3BzqHA-unsplash.webp?resize=350%2C200&ssl=1","width":350,"height":200,"srcset":"https:\/\/i0.wp.com\/kohenavocats.com\/wp-content\/uploads\/2024\/08\/heriberto-murrieta-2RFLn3BzqHA-unsplash.webp?resize=350%2C200&ssl=1 1x, https:\/\/i0.wp.com\/kohenavocats.com\/wp-content\/uploads\/2024\/08\/heriberto-murrieta-2RFLn3BzqHA-unsplash.webp?resize=525%2C300&ssl=1 1.5x, https:\/\/i0.wp.com\/kohenavocats.com\/wp-content\/uploads\/2024\/08\/heriberto-murrieta-2RFLn3BzqHA-unsplash.webp?resize=700%2C400&ssl=1 2x, https:\/\/i0.wp.com\/kohenavocats.com\/wp-content\/uploads\/2024\/08\/heriberto-murrieta-2RFLn3BzqHA-unsplash.webp?resize=1050%2C600&ssl=1 3x, https:\/\/i0.wp.com\/kohenavocats.com\/wp-content\/uploads\/2024\/08\/heriberto-murrieta-2RFLn3BzqHA-unsplash.webp?resize=1400%2C800&ssl=1 4x"},"classes":[]},{"id":663343,"url":"https:\/\/kohenavocats.com\/pt-pt\/cour-dappel-de-pau-le-30-janvier-2025-n23-00903\/","url_meta":{"origin":664516,"position":1},"title":"Cour d&#8217;appel de Pau, le 30 janvier 2025, n\u00b023\/00903","author":"Kohen","date":"23 de Abril, 2026","format":false,"excerpt":"La cour d'appel de Pau, statuant le 30 janvier 2025, a examin\u00e9 un litige opposant une salari\u00e9e cadre \u00e0 son employeur suite \u00e0 son licenciement pour faute grav...","rel":"","context":"In &quot;Jurisprudence&quot;","block_context":{"text":"Jurisprudence","link":"https:\/\/kohenavocats.com\/category\/jurisprudence\/"},"img":{"alt_text":"","src":"https:\/\/i0.wp.com\/kohenavocats.com\/wp-content\/uploads\/2024\/11\/ph-m-nh-t-QLIDNQGghjM-unsplash.webp?resize=350%2C200&ssl=1","width":350,"height":200,"srcset":"https:\/\/i0.wp.com\/kohenavocats.com\/wp-content\/uploads\/2024\/11\/ph-m-nh-t-QLIDNQGghjM-unsplash.webp?resize=350%2C200&ssl=1 1x, https:\/\/i0.wp.com\/kohenavocats.com\/wp-content\/uploads\/2024\/11\/ph-m-nh-t-QLIDNQGghjM-unsplash.webp?resize=525%2C300&ssl=1 1.5x, https:\/\/i0.wp.com\/kohenavocats.com\/wp-content\/uploads\/2024\/11\/ph-m-nh-t-QLIDNQGghjM-unsplash.webp?resize=700%2C400&ssl=1 2x, https:\/\/i0.wp.com\/kohenavocats.com\/wp-content\/uploads\/2024\/11\/ph-m-nh-t-QLIDNQGghjM-unsplash.webp?resize=1050%2C600&ssl=1 3x, https:\/\/i0.wp.com\/kohenavocats.com\/wp-content\/uploads\/2024\/11\/ph-m-nh-t-QLIDNQGghjM-unsplash.webp?resize=1400%2C800&ssl=1 4x"},"classes":[]},{"id":468787,"url":"https:\/\/kohenavocats.com\/pt-pt\/tribunal-judiciaire-de-olonne-2025-12-09-n23-01192\/","url_meta":{"origin":664516,"position":2},"title":"Tribunal judiciaire de Olonne &#8211; 2025-12-09 &#8211; n\u00b023\/01192","author":"Kohen","date":"7 de Abril, 2026","format":false,"excerpt":"Le tribunal judiciaire des Sables-d\u2019Olonne, statuant \u00e0 juge unique le 9 d\u00e9cembre 2025, est saisi d\u2019une instance en cours. Le d\u00e9c\u00e8s de la partie demanderesse ...","rel":"","context":"In &quot;Jurisprudence&quot;","block_context":{"text":"Jurisprudence","link":"https:\/\/kohenavocats.com\/category\/jurisprudence\/"},"img":{"alt_text":"","src":"https:\/\/i0.wp.com\/kohenavocats.com\/wp-content\/uploads\/2024\/11\/virginia-marinova-3UfkjHxVch0-unsplash-2.webp?resize=350%2C200&ssl=1","width":350,"height":200,"srcset":"https:\/\/i0.wp.com\/kohenavocats.com\/wp-content\/uploads\/2024\/11\/virginia-marinova-3UfkjHxVch0-unsplash-2.webp?resize=350%2C200&ssl=1 1x, https:\/\/i0.wp.com\/kohenavocats.com\/wp-content\/uploads\/2024\/11\/virginia-marinova-3UfkjHxVch0-unsplash-2.webp?resize=525%2C300&ssl=1 1.5x, https:\/\/i0.wp.com\/kohenavocats.com\/wp-content\/uploads\/2024\/11\/virginia-marinova-3UfkjHxVch0-unsplash-2.webp?resize=700%2C400&ssl=1 2x, https:\/\/i0.wp.com\/kohenavocats.com\/wp-content\/uploads\/2024\/11\/virginia-marinova-3UfkjHxVch0-unsplash-2.webp?resize=1050%2C600&ssl=1 3x, https:\/\/i0.wp.com\/kohenavocats.com\/wp-content\/uploads\/2024\/11\/virginia-marinova-3UfkjHxVch0-unsplash-2.webp?resize=1400%2C800&ssl=1 4x"},"classes":[]},{"id":686244,"url":"https:\/\/kohenavocats.com\/pt-pt\/cour-dappel-de-pau-le-7-decembre-2021-n24-02740\/","url_meta":{"origin":664516,"position":3},"title":"Cour d&#8217;appel de Pau, le 7 d\u00e9cembre 2021, n\u00b024\/02740","author":"Kohen","date":"25 de Abril, 2026","format":false,"excerpt":"La Cour d'appel de Pau, 17 juin 2025, statue sur l'appel d'une ordonnance de mise en \u00e9tat rendue dans un litige relatif \u00e0 la d\u00e9molition d'une construction et...","rel":"","context":"In &quot;Jurisprudence&quot;","block_context":{"text":"Jurisprudence","link":"https:\/\/kohenavocats.com\/category\/jurisprudence\/"},"img":{"alt_text":"","src":"https:\/\/i0.wp.com\/kohenavocats.com\/wp-content\/uploads\/2024\/11\/alexander-mils-LH6ZMdmq_9Y-unsplash.webp?resize=350%2C200&ssl=1","width":350,"height":200,"srcset":"https:\/\/i0.wp.com\/kohenavocats.com\/wp-content\/uploads\/2024\/11\/alexander-mils-LH6ZMdmq_9Y-unsplash.webp?resize=350%2C200&ssl=1 1x, https:\/\/i0.wp.com\/kohenavocats.com\/wp-content\/uploads\/2024\/11\/alexander-mils-LH6ZMdmq_9Y-unsplash.webp?resize=525%2C300&ssl=1 1.5x, https:\/\/i0.wp.com\/kohenavocats.com\/wp-content\/uploads\/2024\/11\/alexander-mils-LH6ZMdmq_9Y-unsplash.webp?resize=700%2C400&ssl=1 2x, https:\/\/i0.wp.com\/kohenavocats.com\/wp-content\/uploads\/2024\/11\/alexander-mils-LH6ZMdmq_9Y-unsplash.webp?resize=1050%2C600&ssl=1 3x, https:\/\/i0.wp.com\/kohenavocats.com\/wp-content\/uploads\/2024\/11\/alexander-mils-LH6ZMdmq_9Y-unsplash.webp?resize=1400%2C800&ssl=1 4x"},"classes":[]},{"id":498025,"url":"https:\/\/kohenavocats.com\/pt-pt\/tribunal-judiciaire-le-27-juin-2024-n21-00157\/","url_meta":{"origin":664516,"position":4},"title":"Tribunal judiciaire, le 27 juin 2024, n\u00b021\/00157","author":"Kohen","date":"8 de Abril, 2026","format":false,"excerpt":"Le Tribunal judiciaire, statuant en premier ressort, a \u00e9t\u00e9 saisi d'une instance complexe mettant aux prises plusieurs soci\u00e9t\u00e9s et un individu. La proc\u00e9dure, ...","rel":"","context":"In &quot;Jurisprudence&quot;","block_context":{"text":"Jurisprudence","link":"https:\/\/kohenavocats.com\/category\/jurisprudence\/"},"img":{"alt_text":"","src":"https:\/\/i0.wp.com\/kohenavocats.com\/wp-content\/uploads\/2024\/08\/nils-kaEhf0eZme8-unsplash.webp?resize=350%2C200&ssl=1","width":350,"height":200,"srcset":"https:\/\/i0.wp.com\/kohenavocats.com\/wp-content\/uploads\/2024\/08\/nils-kaEhf0eZme8-unsplash.webp?resize=350%2C200&ssl=1 1x, https:\/\/i0.wp.com\/kohenavocats.com\/wp-content\/uploads\/2024\/08\/nils-kaEhf0eZme8-unsplash.webp?resize=525%2C300&ssl=1 1.5x, https:\/\/i0.wp.com\/kohenavocats.com\/wp-content\/uploads\/2024\/08\/nils-kaEhf0eZme8-unsplash.webp?resize=700%2C400&ssl=1 2x, https:\/\/i0.wp.com\/kohenavocats.com\/wp-content\/uploads\/2024\/08\/nils-kaEhf0eZme8-unsplash.webp?resize=1050%2C600&ssl=1 3x, https:\/\/i0.wp.com\/kohenavocats.com\/wp-content\/uploads\/2024\/08\/nils-kaEhf0eZme8-unsplash.webp?resize=1400%2C800&ssl=1 4x"},"classes":[]},{"id":470168,"url":"https:\/\/kohenavocats.com\/pt-pt\/cour-dappel-de-pau-le-17-juin-2025-n24-03304\/","url_meta":{"origin":664516,"position":5},"title":"Cour d&#8217;appel de Pau, le 17 juin 2025, n\u00b024\/03304","author":"Kohen","date":"7 de Abril, 2026","format":false,"excerpt":"La cour d\u2019appel de Pau, statuant le 17 juin 2025, examine un litige relatif \u00e0 une mesure d\u2019instruction ordonn\u00e9e sur requ\u00eate. Des soci\u00e9t\u00e9s suspectant une viol...","rel":"","context":"In &quot;Jurisprudence&quot;","block_context":{"text":"Jurisprudence","link":"https:\/\/kohenavocats.com\/category\/jurisprudence\/"},"img":{"alt_text":"","src":"https:\/\/i0.wp.com\/kohenavocats.com\/wp-content\/uploads\/2024\/06\/robin-ooode-A5hD0BMzsbo-unsplash.webp?resize=350%2C200&ssl=1","width":350,"height":200,"srcset":"https:\/\/i0.wp.com\/kohenavocats.com\/wp-content\/uploads\/2024\/06\/robin-ooode-A5hD0BMzsbo-unsplash.webp?resize=350%2C200&ssl=1 1x, https:\/\/i0.wp.com\/kohenavocats.com\/wp-content\/uploads\/2024\/06\/robin-ooode-A5hD0BMzsbo-unsplash.webp?resize=525%2C300&ssl=1 1.5x, https:\/\/i0.wp.com\/kohenavocats.com\/wp-content\/uploads\/2024\/06\/robin-ooode-A5hD0BMzsbo-unsplash.webp?resize=700%2C400&ssl=1 2x, https:\/\/i0.wp.com\/kohenavocats.com\/wp-content\/uploads\/2024\/06\/robin-ooode-A5hD0BMzsbo-unsplash.webp?resize=1050%2C600&ssl=1 3x, https:\/\/i0.wp.com\/kohenavocats.com\/wp-content\/uploads\/2024\/06\/robin-ooode-A5hD0BMzsbo-unsplash.webp?resize=1400%2C800&ssl=1 4x"},"classes":[]}],"jetpack_sharing_enabled":true,"_links":{"self":[{"href":"https:\/\/kohenavocats.com\/pt-pt\/wp-json\/wp\/v2\/posts\/664516","targetHints":{"allow":["GET"]}}],"collection":[{"href":"https:\/\/kohenavocats.com\/pt-pt\/wp-json\/wp\/v2\/posts"}],"about":[{"href":"https:\/\/kohenavocats.com\/pt-pt\/wp-json\/wp\/v2\/types\/post"}],"author":[{"embeddable":true,"href":"https:\/\/kohenavocats.com\/pt-pt\/wp-json\/wp\/v2\/users\/232070755"}],"replies":[{"embeddable":true,"href":"https:\/\/kohenavocats.com\/pt-pt\/wp-json\/wp\/v2\/comments?post=664516"}],"version-history":[{"count":1,"href":"https:\/\/kohenavocats.com\/pt-pt\/wp-json\/wp\/v2\/posts\/664516\/revisions"}],"predecessor-version":[{"id":697893,"href":"https:\/\/kohenavocats.com\/pt-pt\/wp-json\/wp\/v2\/posts\/664516\/revisions\/697893"}],"wp:featuredmedia":[{"embeddable":true,"href":"https:\/\/kohenavocats.com\/pt-pt\/wp-json\/wp\/v2\/media\/4815"}],"wp:attachment":[{"href":"https:\/\/kohenavocats.com\/pt-pt\/wp-json\/wp\/v2\/media?parent=664516"}],"wp:term":[{"taxonomy":"category","embeddable":true,"href":"https:\/\/kohenavocats.com\/pt-pt\/wp-json\/wp\/v2\/categories?post=664516"},{"taxonomy":"post_tag","embeddable":true,"href":"https:\/\/kohenavocats.com\/pt-pt\/wp-json\/wp\/v2\/tags?post=664516"}],"curies":[{"name":"wp","href":"https:\/\/api.w.org\/{rel}","templated":true}]}}